{"id":8069,"date":"2012-07-09T01:28:05","date_gmt":"2012-07-09T01:28:05","guid":{"rendered":"https:\/\/www.estrategiaconcursos.com.br\/blog\/gestao-de-pessoas-ou-adm-de-recursos-humanos-eis-a-questao-4\/"},"modified":"2013-08-17T16:14:15","modified_gmt":"2013-08-17T16:14:15","slug":"gestao-de-pessoas-ou-adm-de-recursos-humanos-eis-a-questao-4","status":"publish","type":"post","link":"https:\/\/www.estrategiaconcursos.com.br\/blog\/gestao-de-pessoas-ou-adm-de-recursos-humanos-eis-a-questao-4\/","title":{"rendered":"Gest\u00e3o de Pessoas ou Adm. de Recursos Humanos &#8211; Eis a quest\u00e3o."},"content":{"rendered":"<div style=\"text-align: justify\"><b>Afinal de contas: Administra&ccedil;&atilde;o de Recursos Humanos ou Gest&atilde;o de Pessoas?<\/b><br \/>\nMuitos candidatos, com raz&atilde;o, ficam questionando se o correto &eacute; falar Administra&ccedil;&atilde;o de Recursos Humanos ou Gest&atilde;o de Pessoas. Al&eacute;m disso, uma d&uacute;vida constante &eacute; relativa ao conte&uacute;do. Suponhamos que eu lance, na empresa A, um curso chamado Gest&atilde;o de Pessoas e, na empresa B, o mesmo curso (conte&uacute;do), com o nome de Administra&ccedil;&atilde;o de Recursos Humanos. Muita gente vai questionar se estou fazendo a mesma abordagem. <br \/>\nPois bem, vamos resolver essa parada.<br \/>\nAdministra&ccedil;&atilde;o de Recursos Humanos (daqui pr&aacute; frente ARH) e Gest&atilde;o de Pessoas (daqui pr&aacute; frente GP) s&atilde;o dois lados da mesma moeda, ou seja, o conte&uacute;do dessas disciplinas s&atilde;o os mesmos. <br \/>\n<b>U&eacute;, professor, mas ent&atilde;o porque n&atilde;o decidem por um s&oacute; nome?<br \/>\n<\/b>Bem, o fato &eacute; que, embora ARH e GP comportem os mesmos conte&uacute;dos, a varia&ccedil;&atilde;o da nomeclatura &eacute; decorrente das diferentes vis&otilde;es que os doutrinadores lan&ccedil;am sobre as pessoas que trabalham nas organiza&ccedil;&otilde;es. Durante muito tempo as pessoas foram &#8211; na verdade, ainda que em menor escala, ainda s&atilde;o &ndash; vistas como um recurso organizacional, assim como temos recursos financeiros e tecnol&oacute;gicos tamb&eacute;m temos os recursos humanos.<br \/>\nA partir do final do s&eacute;culo passado, as pessoas, para muitos autores, deixaram de serem vistas apenas como mais um recurso da organiza&ccedil;&atilde;o e passaram serem vistas como colaboradores. <br \/>\nAssim, segundo Idalberto Chiaventato, a Gest&atilde;o de Pessoas se baseia em tr&ecirc;s aspectos fundamentais:<br \/>\n<i>1. As pessoas como seres humanos: dotados de personalidade pr&oacute;pria, profundamente diferentes entre si, com uma hist&oacute;ria particular e diferenciada, possuidores de conhecimentos, habilidades, destrezas e capacidades indispens&aacute;veis &agrave; adequada gest&atilde;o dos recursos organizacionais. Pessoas como pessoas e n&atilde;o como meros recursos da organiza&ccedil;&atilde;o.<br \/>\n2. As pessoas como ativadores inteligentes de recursos organizacionais: como elementos impulsionadores da organiza&ccedil;&atilde;o e capazes de dot&aacute;-la de intelig&ecirc;ncia, talento e aprendizados indispens&aacute;veis &agrave; sua constante renova&ccedil;&atilde;o e competitividade em um mundo de mudan&ccedil;as e desafios. As pessoas como fonte de impulso pr&oacute;prio que dinamiza a organiza&ccedil;&atilde;o e n&atilde;o como agentes passivos, inertes e est&aacute;ticos.<br \/>\n3. As pessoas como parceiros da organiza&ccedil;&atilde;o: capazes de conduzi-la &agrave; excel&ecirc;ncia e ao sucesso. Como parceiros, as pessoas fazem investimentos na organiza&ccedil;&atilde;o &mdash; como esfor&ccedil;o, dedica&ccedil;&atilde;o, responsabilidade, comprometimento, riscos etc. &mdash; na expectativa de colher retornos desses investimentos &mdash; como sal&aacute;rios, incentivos financeiros, crescimento profissional, carreira etc. Qualquer investimento somente se justifica quando traz um retorno razo&aacute;vel. Na medida em que o retorno &eacute; bom e sustentado, a tend&ecirc;ncia certamente ser&aacute; a manuten&ccedil;&atilde;o ou aumento do investimento. Da&iacute; o car&aacute;ter de reciprocidade na intera&ccedil;&atilde;o entre pessoas e organiza&ccedil;&otilde;es. E tamb&eacute;m o car&aacute;ter de atividade e autonomia e n&atilde;o mais de passividade e in&eacute;rcia das pessoas. Pessoas como parceiros ativos da organiza&ccedil;&atilde;o e n&atilde;o como meros sujeitos passivos.<br \/>\n.<br \/>\n<\/i>Estamos elaborando um curso de Gest&atilde;o de Pessoas (ou seria de ARH?! rs) que brevemente estar&aacute; dispon&iacute;vel. Fiquem de olho no site!!!<br \/>\nForte abra&ccedil;o.<\/div>\n","protected":false},"excerpt":{"rendered":"<p>Afinal de contas: Administra&ccedil;&atilde;o de Recursos Humanos ou Gest&atilde;o de Pessoas? Muitos candidatos, com raz&atilde;o, ficam questionando se o correto &eacute; falar Administra&ccedil;&atilde;o de Recursos Humanos ou Gest&atilde;o de Pessoas. Al&eacute;m disso, uma d&uacute;vida constante &eacute; relativa ao conte&uacute;do. Suponhamos que eu lance, na empresa A, um curso chamado Gest&atilde;o de Pessoas e, na empresa [&hellip;]<\/p>\n","protected":false},"author":37,"featured_media":0,"comment_status":"open","ping_status":"open","sticky":false,"template":"","format":"standard","meta":{"post_tipo":"article","footnotes":""},"categories":[1],"tags":[],"tax_estado":[],"class_list":["post-8069","post","type-post","status-publish","format-standard","hentry","category-cursos-e-concursos"],"acf":[],"yoast_head":"<!-- This site is optimized with the Yoast SEO Premium plugin v27.2 (Yoast SEO v27.2) - https:\/\/yoast.com\/product\/yoast-seo-premium-wordpress\/ -->\n<title>Gest\u00e3o de Pessoas ou Adm. de Recursos Humanos - Eis a quest\u00e3o.<\/title>\n<meta name=\"robots\" content=\"index, follow, max-snippet:-1, max-image-preview:large, max-video-preview:-1\" \/>\n<link rel=\"canonical\" href=\"https:\/\/www.estrategiaconcursos.com.br\/blog\/gestao-de-pessoas-ou-adm-de-recursos-humanos-eis-a-questao-4\/\" \/>\n<meta property=\"og:locale\" content=\"pt_BR\" \/>\n<meta property=\"og:type\" content=\"article\" \/>\n<meta property=\"og:title\" content=\"Gest\u00e3o de Pessoas ou Adm. de Recursos Humanos - Eis a quest\u00e3o.\" \/>\n<meta property=\"og:description\" content=\"Afinal de contas: Administra&ccedil;&atilde;o de Recursos Humanos ou Gest&atilde;o de Pessoas? Muitos candidatos, com raz&atilde;o, ficam questionando se o correto &eacute; falar Administra&ccedil;&atilde;o de Recursos Humanos ou Gest&atilde;o de Pessoas. Al&eacute;m disso, uma d&uacute;vida constante &eacute; relativa ao conte&uacute;do. Suponhamos que eu lance, na empresa A, um curso chamado Gest&atilde;o de Pessoas e, na empresa [&hellip;]\" \/>\n<meta property=\"og:url\" content=\"https:\/\/www.estrategiaconcursos.com.br\/blog\/gestao-de-pessoas-ou-adm-de-recursos-humanos-eis-a-questao-4\/\" \/>\n<meta property=\"og:site_name\" content=\"Estrat\u00e9gia Concursos\" \/>\n<meta property=\"article:published_time\" content=\"2012-07-09T01:28:05+00:00\" \/>\n<meta property=\"article:modified_time\" content=\"2013-08-17T16:14:15+00:00\" \/>\n<meta name=\"author\" content=\"Wagner Rabello\" \/>\n<meta name=\"twitter:card\" content=\"summary_large_image\" \/>\n<meta name=\"twitter:creator\" content=\"@EstratConcursos\" \/>\n<meta name=\"twitter:site\" content=\"@EstratConcursos\" \/>\n<meta name=\"twitter:label1\" content=\"Escrito por\" \/>\n\t<meta name=\"twitter:data1\" content=\"Wagner Rabello\" \/>\n\t<meta name=\"twitter:label2\" content=\"Est. tempo de leitura\" \/>\n\t<meta name=\"twitter:data2\" content=\"3 minutos\" \/>\n<script type=\"application\/ld+json\" class=\"yoast-schema-graph\">{\"@context\":\"https:\/\/schema.org\",\"@graph\":[{\"@type\":\"NewsArticle\",\"@id\":\"https:\/\/www.estrategiaconcursos.com.br\/blog\/gestao-de-pessoas-ou-adm-de-recursos-humanos-eis-a-questao-4\/#article\",\"isPartOf\":{\"@id\":\"https:\/\/www.estrategiaconcursos.com.br\/blog\/gestao-de-pessoas-ou-adm-de-recursos-humanos-eis-a-questao-4\/\"},\"author\":{\"name\":\"Wagner Rabello\",\"@id\":\"https:\/\/www.estrategiaconcursos.com.br\/blog\/#\/schema\/person\/44ce953951885a731104616edb4a4cce\"},\"headline\":\"Gest\u00e3o de Pessoas ou Adm. de Recursos Humanos &#8211; Eis a quest\u00e3o.\",\"datePublished\":\"2012-07-09T01:28:05+00:00\",\"dateModified\":\"2013-08-17T16:14:15+00:00\",\"mainEntityOfPage\":{\"@id\":\"https:\/\/www.estrategiaconcursos.com.br\/blog\/gestao-de-pessoas-ou-adm-de-recursos-humanos-eis-a-questao-4\/\"},\"wordCount\":648,\"commentCount\":0,\"publisher\":{\"@id\":\"https:\/\/www.estrategiaconcursos.com.br\/blog\/#organization\"},\"articleSection\":[\"Concursos P\u00fablicos\"],\"inLanguage\":\"pt-BR\",\"potentialAction\":[{\"@type\":\"CommentAction\",\"name\":\"Comment\",\"target\":[\"https:\/\/www.estrategiaconcursos.com.br\/blog\/gestao-de-pessoas-ou-adm-de-recursos-humanos-eis-a-questao-4\/#respond\"]}],\"copyrightYear\":\"2012\",\"copyrightHolder\":{\"@id\":\"https:\/\/www.estrategiaconcursos.com.br\/blog\/#organization\"}},{\"@type\":\"WebPage\",\"@id\":\"https:\/\/www.estrategiaconcursos.com.br\/blog\/gestao-de-pessoas-ou-adm-de-recursos-humanos-eis-a-questao-4\/\",\"url\":\"https:\/\/www.estrategiaconcursos.com.br\/blog\/gestao-de-pessoas-ou-adm-de-recursos-humanos-eis-a-questao-4\/\",\"name\":\"Gest\u00e3o de Pessoas ou Adm. de Recursos Humanos - Eis a quest\u00e3o.\",\"isPartOf\":{\"@id\":\"https:\/\/www.estrategiaconcursos.com.br\/blog\/#website\"},\"datePublished\":\"2012-07-09T01:28:05+00:00\",\"dateModified\":\"2013-08-17T16:14:15+00:00\",\"breadcrumb\":{\"@id\":\"https:\/\/www.estrategiaconcursos.com.br\/blog\/gestao-de-pessoas-ou-adm-de-recursos-humanos-eis-a-questao-4\/#breadcrumb\"},\"inLanguage\":\"pt-BR\",\"potentialAction\":[{\"@type\":\"ReadAction\",\"target\":[\"https:\/\/www.estrategiaconcursos.com.br\/blog\/gestao-de-pessoas-ou-adm-de-recursos-humanos-eis-a-questao-4\/\"]}]},{\"@type\":\"BreadcrumbList\",\"@id\":\"https:\/\/www.estrategiaconcursos.com.br\/blog\/gestao-de-pessoas-ou-adm-de-recursos-humanos-eis-a-questao-4\/#breadcrumb\",\"itemListElement\":[{\"@type\":\"ListItem\",\"position\":1,\"name\":\"In\u00edcio\",\"item\":\"https:\/\/www.estrategiaconcursos.com.br\/blog\/\"},{\"@type\":\"ListItem\",\"position\":2,\"name\":\"Gest\u00e3o de Pessoas ou Adm. de Recursos Humanos &#8211; Eis a quest\u00e3o.\"}]},{\"@type\":\"WebSite\",\"@id\":\"https:\/\/www.estrategiaconcursos.com.br\/blog\/#website\",\"url\":\"https:\/\/www.estrategiaconcursos.com.br\/blog\/\",\"name\":\"Estrat\u00e9gia Concursos\",\"description\":\"O blog da Estrat\u00e9gia Concursos traz not\u00edcias sobre concursos e artigos de professores oferecendo cursos para concursos (pdf + videaulas) no site.\",\"publisher\":{\"@id\":\"https:\/\/www.estrategiaconcursos.com.br\/blog\/#organization\"},\"potentialAction\":[{\"@type\":\"SearchAction\",\"target\":{\"@type\":\"EntryPoint\",\"urlTemplate\":\"https:\/\/www.estrategiaconcursos.com.br\/blog\/?s={search_term_string}\"},\"query-input\":{\"@type\":\"PropertyValueSpecification\",\"valueRequired\":true,\"valueName\":\"search_term_string\"}}],\"inLanguage\":\"pt-BR\"},{\"@type\":\"Organization\",\"@id\":\"https:\/\/www.estrategiaconcursos.com.br\/blog\/#organization\",\"name\":\"Estrat\u00e9gia Concursos\",\"url\":\"https:\/\/www.estrategiaconcursos.com.br\/blog\/\",\"logo\":{\"@type\":\"ImageObject\",\"inLanguage\":\"pt-BR\",\"@id\":\"https:\/\/www.estrategiaconcursos.com.br\/blog\/#\/schema\/logo\/image\/\",\"url\":\"https:\/\/dhg1h5j42swfq.cloudfront.net\/2025\/06\/03203428\/logo_concursos-1.jpg\",\"contentUrl\":\"https:\/\/dhg1h5j42swfq.cloudfront.net\/2025\/06\/03203428\/logo_concursos-1.jpg\",\"width\":230,\"height\":60,\"caption\":\"Estrat\u00e9gia Concursos\"},\"image\":{\"@id\":\"https:\/\/www.estrategiaconcursos.com.br\/blog\/#\/schema\/logo\/image\/\"},\"sameAs\":[\"https:\/\/x.com\/EstratConcursos\"]},{\"@type\":\"Person\",\"@id\":\"https:\/\/www.estrategiaconcursos.com.br\/blog\/#\/schema\/person\/44ce953951885a731104616edb4a4cce\",\"name\":\"Wagner Rabello\",\"image\":{\"@type\":\"ImageObject\",\"inLanguage\":\"pt-BR\",\"@id\":\"https:\/\/secure.gravatar.com\/avatar\/67ee173bb9575f2abb177f5df53162b039de1bbd17a22070f8cae31bc2796e61?s=96&d=mm&r=g\",\"url\":\"https:\/\/secure.gravatar.com\/avatar\/67ee173bb9575f2abb177f5df53162b039de1bbd17a22070f8cae31bc2796e61?s=96&d=mm&r=g\",\"contentUrl\":\"https:\/\/secure.gravatar.com\/avatar\/67ee173bb9575f2abb177f5df53162b039de1bbd17a22070f8cae31bc2796e61?s=96&d=mm&r=g\",\"caption\":\"Wagner Rabello\"},\"url\":\"https:\/\/www.estrategiaconcursos.com.br\/blog\/author\/wagnerrabelloestrategiaconcursos-com-br\/\"}]}<\/script>\n<!-- \/ Yoast SEO Premium plugin. -->","yoast_head_json":{"title":"Gest\u00e3o de Pessoas ou Adm. de Recursos Humanos - Eis a quest\u00e3o.","robots":{"index":"index","follow":"follow","max-snippet":"max-snippet:-1","max-image-preview":"max-image-preview:large","max-video-preview":"max-video-preview:-1"},"canonical":"https:\/\/www.estrategiaconcursos.com.br\/blog\/gestao-de-pessoas-ou-adm-de-recursos-humanos-eis-a-questao-4\/","og_locale":"pt_BR","og_type":"article","og_title":"Gest\u00e3o de Pessoas ou Adm. de Recursos Humanos - Eis a quest\u00e3o.","og_description":"Afinal de contas: Administra&ccedil;&atilde;o de Recursos Humanos ou Gest&atilde;o de Pessoas? Muitos candidatos, com raz&atilde;o, ficam questionando se o correto &eacute; falar Administra&ccedil;&atilde;o de Recursos Humanos ou Gest&atilde;o de Pessoas. Al&eacute;m disso, uma d&uacute;vida constante &eacute; relativa ao conte&uacute;do. Suponhamos que eu lance, na empresa A, um curso chamado Gest&atilde;o de Pessoas e, na empresa [&hellip;]","og_url":"https:\/\/www.estrategiaconcursos.com.br\/blog\/gestao-de-pessoas-ou-adm-de-recursos-humanos-eis-a-questao-4\/","og_site_name":"Estrat\u00e9gia Concursos","article_published_time":"2012-07-09T01:28:05+00:00","article_modified_time":"2013-08-17T16:14:15+00:00","author":"Wagner Rabello","twitter_card":"summary_large_image","twitter_creator":"@EstratConcursos","twitter_site":"@EstratConcursos","twitter_misc":{"Escrito por":"Wagner Rabello","Est. tempo de leitura":"3 minutos"},"schema":{"@context":"https:\/\/schema.org","@graph":[{"@type":"NewsArticle","@id":"https:\/\/www.estrategiaconcursos.com.br\/blog\/gestao-de-pessoas-ou-adm-de-recursos-humanos-eis-a-questao-4\/#article","isPartOf":{"@id":"https:\/\/www.estrategiaconcursos.com.br\/blog\/gestao-de-pessoas-ou-adm-de-recursos-humanos-eis-a-questao-4\/"},"author":{"name":"Wagner Rabello","@id":"https:\/\/www.estrategiaconcursos.com.br\/blog\/#\/schema\/person\/44ce953951885a731104616edb4a4cce"},"headline":"Gest\u00e3o de Pessoas ou Adm. de Recursos Humanos &#8211; Eis a quest\u00e3o.","datePublished":"2012-07-09T01:28:05+00:00","dateModified":"2013-08-17T16:14:15+00:00","mainEntityOfPage":{"@id":"https:\/\/www.estrategiaconcursos.com.br\/blog\/gestao-de-pessoas-ou-adm-de-recursos-humanos-eis-a-questao-4\/"},"wordCount":648,"commentCount":0,"publisher":{"@id":"https:\/\/www.estrategiaconcursos.com.br\/blog\/#organization"},"articleSection":["Concursos P\u00fablicos"],"inLanguage":"pt-BR","potentialAction":[{"@type":"CommentAction","name":"Comment","target":["https:\/\/www.estrategiaconcursos.com.br\/blog\/gestao-de-pessoas-ou-adm-de-recursos-humanos-eis-a-questao-4\/#respond"]}],"copyrightYear":"2012","copyrightHolder":{"@id":"https:\/\/www.estrategiaconcursos.com.br\/blog\/#organization"}},{"@type":"WebPage","@id":"https:\/\/www.estrategiaconcursos.com.br\/blog\/gestao-de-pessoas-ou-adm-de-recursos-humanos-eis-a-questao-4\/","url":"https:\/\/www.estrategiaconcursos.com.br\/blog\/gestao-de-pessoas-ou-adm-de-recursos-humanos-eis-a-questao-4\/","name":"Gest\u00e3o de Pessoas ou Adm. de Recursos Humanos - Eis a quest\u00e3o.","isPartOf":{"@id":"https:\/\/www.estrategiaconcursos.com.br\/blog\/#website"},"datePublished":"2012-07-09T01:28:05+00:00","dateModified":"2013-08-17T16:14:15+00:00","breadcrumb":{"@id":"https:\/\/www.estrategiaconcursos.com.br\/blog\/gestao-de-pessoas-ou-adm-de-recursos-humanos-eis-a-questao-4\/#breadcrumb"},"inLanguage":"pt-BR","potentialAction":[{"@type":"ReadAction","target":["https:\/\/www.estrategiaconcursos.com.br\/blog\/gestao-de-pessoas-ou-adm-de-recursos-humanos-eis-a-questao-4\/"]}]},{"@type":"BreadcrumbList","@id":"https:\/\/www.estrategiaconcursos.com.br\/blog\/gestao-de-pessoas-ou-adm-de-recursos-humanos-eis-a-questao-4\/#breadcrumb","itemListElement":[{"@type":"ListItem","position":1,"name":"In\u00edcio","item":"https:\/\/www.estrategiaconcursos.com.br\/blog\/"},{"@type":"ListItem","position":2,"name":"Gest\u00e3o de Pessoas ou Adm. de Recursos Humanos &#8211; Eis a quest\u00e3o."}]},{"@type":"WebSite","@id":"https:\/\/www.estrategiaconcursos.com.br\/blog\/#website","url":"https:\/\/www.estrategiaconcursos.com.br\/blog\/","name":"Estrat\u00e9gia Concursos","description":"O blog da Estrat\u00e9gia Concursos traz not\u00edcias sobre concursos e artigos de professores oferecendo cursos para concursos (pdf + videaulas) no site.","publisher":{"@id":"https:\/\/www.estrategiaconcursos.com.br\/blog\/#organization"},"potentialAction":[{"@type":"SearchAction","target":{"@type":"EntryPoint","urlTemplate":"https:\/\/www.estrategiaconcursos.com.br\/blog\/?s={search_term_string}"},"query-input":{"@type":"PropertyValueSpecification","valueRequired":true,"valueName":"search_term_string"}}],"inLanguage":"pt-BR"},{"@type":"Organization","@id":"https:\/\/www.estrategiaconcursos.com.br\/blog\/#organization","name":"Estrat\u00e9gia Concursos","url":"https:\/\/www.estrategiaconcursos.com.br\/blog\/","logo":{"@type":"ImageObject","inLanguage":"pt-BR","@id":"https:\/\/www.estrategiaconcursos.com.br\/blog\/#\/schema\/logo\/image\/","url":"https:\/\/dhg1h5j42swfq.cloudfront.net\/2025\/06\/03203428\/logo_concursos-1.jpg","contentUrl":"https:\/\/dhg1h5j42swfq.cloudfront.net\/2025\/06\/03203428\/logo_concursos-1.jpg","width":230,"height":60,"caption":"Estrat\u00e9gia Concursos"},"image":{"@id":"https:\/\/www.estrategiaconcursos.com.br\/blog\/#\/schema\/logo\/image\/"},"sameAs":["https:\/\/x.com\/EstratConcursos"]},{"@type":"Person","@id":"https:\/\/www.estrategiaconcursos.com.br\/blog\/#\/schema\/person\/44ce953951885a731104616edb4a4cce","name":"Wagner Rabello","image":{"@type":"ImageObject","inLanguage":"pt-BR","@id":"https:\/\/secure.gravatar.com\/avatar\/67ee173bb9575f2abb177f5df53162b039de1bbd17a22070f8cae31bc2796e61?s=96&d=mm&r=g","url":"https:\/\/secure.gravatar.com\/avatar\/67ee173bb9575f2abb177f5df53162b039de1bbd17a22070f8cae31bc2796e61?s=96&d=mm&r=g","contentUrl":"https:\/\/secure.gravatar.com\/avatar\/67ee173bb9575f2abb177f5df53162b039de1bbd17a22070f8cae31bc2796e61?s=96&d=mm&r=g","caption":"Wagner Rabello"},"url":"https:\/\/www.estrategiaconcursos.com.br\/blog\/author\/wagnerrabelloestrategiaconcursos-com-br\/"}]}},"_links":{"self":[{"href":"https:\/\/www.estrategiaconcursos.com.br\/blog\/wp-json\/wp\/v2\/posts\/8069","targetHints":{"allow":["GET"]}}],"collection":[{"href":"https:\/\/www.estrategiaconcursos.com.br\/blog\/wp-json\/wp\/v2\/posts"}],"about":[{"href":"https:\/\/www.estrategiaconcursos.com.br\/blog\/wp-json\/wp\/v2\/types\/post"}],"author":[{"embeddable":true,"href":"https:\/\/www.estrategiaconcursos.com.br\/blog\/wp-json\/wp\/v2\/users\/37"}],"replies":[{"embeddable":true,"href":"https:\/\/www.estrategiaconcursos.com.br\/blog\/wp-json\/wp\/v2\/comments?post=8069"}],"version-history":[{"count":0,"href":"https:\/\/www.estrategiaconcursos.com.br\/blog\/wp-json\/wp\/v2\/posts\/8069\/revisions"}],"wp:attachment":[{"href":"https:\/\/www.estrategiaconcursos.com.br\/blog\/wp-json\/wp\/v2\/media?parent=8069"}],"wp:term":[{"taxonomy":"category","embeddable":true,"href":"https:\/\/www.estrategiaconcursos.com.br\/blog\/wp-json\/wp\/v2\/categories?post=8069"},{"taxonomy":"post_tag","embeddable":true,"href":"https:\/\/www.estrategiaconcursos.com.br\/blog\/wp-json\/wp\/v2\/tags?post=8069"},{"taxonomy":"tax_estado","embeddable":true,"href":"https:\/\/www.estrategiaconcursos.com.br\/blog\/wp-json\/wp\/v2\/tax_estado?post=8069"}],"curies":[{"name":"wp","href":"https:\/\/api.w.org\/{rel}","templated":true}]}}