{"id":8052,"date":"2012-07-09T01:28:05","date_gmt":"2012-07-09T01:28:05","guid":{"rendered":"https:\/\/www.estrategiaconcursos.com.br\/blog\/reducao-do-prazo-entre-publicacao-de-edital-e-provas-do-concurso-da-pf-4\/"},"modified":"2020-09-11T17:59:35","modified_gmt":"2020-09-11T20:59:35","slug":"reducao-do-prazo-entre-publicacao-de-edital-e-provas-do-concurso-da-pf-4","status":"publish","type":"post","link":"https:\/\/www.estrategiaconcursos.com.br\/blog\/reducao-do-prazo-entre-publicacao-de-edital-e-provas-do-concurso-da-pf-4\/","title":{"rendered":"Redu\u00e7\u00e3o do prazo entre publica\u00e7\u00e3o de edital e provas do concurso da PF"},"content":{"rendered":"<div style=\"text-align: justify;\"><span style=\"font-size: 12px;\"><span style=\"font-size: 12px;\"><span style=\"font-family: Verdana;\">Ol\u00e1 caros(as) amigos(as),<\/span><\/span><\/span><\/p>\n<p>O prazo entre a publica\u00e7\u00e3o do edital e a aplica\u00e7\u00e3o das provas para os <a href=\"https:\/\/www.estrategiaconcursos.com.br\/blog\/concurso-policia-federal\/\">concursos de <b>Agente e Papiloscopista da Pol\u00edcia Federal <\/b><\/a>foi reduzido para apenas\u00a0<span style=\"color: #0000ff;\"><b>45 dias<\/b><\/span>.<\/p>\n<p>Em primeiro lugar, isto significa que a publica\u00e7\u00e3o do edital \u00e9 <b>iminente <\/b>e fica ressaltada a necessidade urgente do \u00f3rg\u00e3o em repor seu quadro de servidores. Em segundo lugar, ap\u00f3s a publica\u00e7\u00e3o do edital, o concursando ter\u00e1 <b>pouco tempo de estudo<\/b>, o que ressalta a import\u00e2ncia de acelerar a prepara\u00e7\u00e3o nestes momentos pr\u00e9-publica\u00e7\u00e3o do t\u00e3o esperado edital.<\/p>\n<p>O <span style=\"color: #0000ff;\"><b>Estrat\u00e9gia Concursos\u00a0<\/b><\/span>est\u00e1 ministrando todas\u00a0as mat\u00e9rias cobradas no \u00faltimo concurso da PF para o cargo de Agente. Al\u00e9m dos cursos avulsos, temos um pacote contendo todas as mat\u00e9rias e onde grande parte das aulas j\u00e1 est\u00e1 imediatamente dispon\u00edvel. Veja em:<\/p>\n<p><a href=\"https:\/\/www.estrategiaconcursos.com.br\/cursosPorConcurso\/policia-federal-agente-141\/\">https:\/\/www.estrategiaconcursos.com.br\/cursosPorConcurso\/policia-federal-agente-141\/<\/a><\/p>\n<p>&#8230;&#8230;&#8230;&#8230;&#8230;&#8230;&#8230;&#8230;&#8230;<\/p>\n<p>GABINETE DO MINISTRO<\/p>\n<p>DESPACHO DO MINISTRO<\/p>\n<p>Em 28 de fevereiro de 2012<\/p>\n<p>N\u00ba 242 &#8211; Ref. Processo n\u00ba 08063.000012\/2012-53. Interessado: Departamento de Pol\u00edcia Federal. Assunto: Redu\u00e7\u00e3o do prazo entre a publica\u00e7\u00e3o do edital e a realiza\u00e7\u00e3o da primeira prova do Concurso P\u00fablico para os cargos de Agente de Pol\u00edcia Federal e Papiloscopista Policial Federal, autorizado pela Portaria MP n\u00ba 559, de 9 de dezembro de 2011.<br \/>\nConsiderando a compet\u00eancia prevista no \u00a72\u00ba do art. 18 do Decreto n\u00ba 6.944, de 21 de agosto de 2009 e a necessidade premente de preencher as vagas autorizadas para atender ao Plano Nacional de Fronteiras do Governo Federal, autorizo a redu\u00e7\u00e3o do prazo previsto no inciso I do art. 18 do Decreto n\u00ba 6.944, de 2009, para quarenta e cinco dias, nos termos do Mem. N.\u00ba 014\/2012 &#8211; COREC\/DGP &#8211; aps, do Departamento de Pol\u00edcia Federal e da NOTA n\u00ba 013\/2012\/CEP\/CONJUR-MJ\/CGU\/AGU, da Consultoria jur\u00eddica, cujas raz\u00f5es de fato e de direito passam a integrar a presente decis\u00e3o.<\/p>\n<p>D\u00ea-se ci\u00eancia ao interessado. Publique-se.<br \/>\nJOS\u00c9 EDUARDO CARDOZO<\/p>\n<p>&#8230;&#8230;&#8230;&#8230;&#8230;&#8230;&#8230;&#8230;&#8230;<\/p>\n<p>Abra\u00e7o a todos e bons estudos!<br \/>\nCoordena\u00e7\u00e3o do Estrat\u00e9gia<\/p>\n<\/div>\n","protected":false},"excerpt":{"rendered":"<p>Ol\u00e1 caros(as) amigos(as), O prazo entre a publica\u00e7\u00e3o do edital e a aplica\u00e7\u00e3o das provas para os concursos de Agente e Papiloscopista da Pol\u00edcia Federal foi reduzido para apenas\u00a045 dias. Em primeiro lugar, isto significa que a publica\u00e7\u00e3o do edital \u00e9 iminente e fica ressaltada a necessidade urgente do \u00f3rg\u00e3o em repor seu quadro de [&hellip;]<\/p>\n","protected":false},"author":48,"featured_media":0,"comment_status":"open","ping_status":"open","sticky":false,"template":"","format":"standard","meta":{"post_tipo":"article","footnotes":""},"categories":[1],"tags":[],"tax_estado":[],"class_list":["post-8052","post","type-post","status-publish","format-standard","hentry","category-cursos-e-concursos"],"acf":[],"yoast_head":"<!-- This site is optimized with the Yoast SEO Premium plugin v27.2 (Yoast SEO v27.2) - https:\/\/yoast.com\/product\/yoast-seo-premium-wordpress\/ -->\n<title>Redu\u00e7\u00e3o do prazo entre publica\u00e7\u00e3o de edital e provas do concurso da PF<\/title>\n<meta name=\"description\" content=\"O prazo entre a publica\u00e7\u00e3o do edital e a aplica\u00e7\u00e3o das provas para os concursos de Agente e Papiloscopista da Pol\u00edcia Federal foi reduzido para apenas\u00a045 dias.\" \/>\n<meta name=\"robots\" content=\"index, follow, max-snippet:-1, max-image-preview:large, max-video-preview:-1\" \/>\n<link rel=\"canonical\" href=\"https:\/\/www.estrategiaconcursos.com.br\/blog\/reducao-do-prazo-entre-publicacao-de-edital-e-provas-do-concurso-da-pf-4\/\" \/>\n<meta property=\"og:locale\" content=\"pt_BR\" \/>\n<meta property=\"og:type\" content=\"article\" \/>\n<meta property=\"og:title\" content=\"Redu\u00e7\u00e3o do prazo entre publica\u00e7\u00e3o de edital e provas do concurso da PF\" \/>\n<meta property=\"og:description\" content=\"O prazo entre a publica\u00e7\u00e3o do edital e a aplica\u00e7\u00e3o das provas para os concursos de Agente e Papiloscopista da Pol\u00edcia Federal foi reduzido para apenas\u00a045 dias.\" \/>\n<meta property=\"og:url\" content=\"https:\/\/www.estrategiaconcursos.com.br\/blog\/reducao-do-prazo-entre-publicacao-de-edital-e-provas-do-concurso-da-pf-4\/\" \/>\n<meta property=\"og:site_name\" content=\"Estrat\u00e9gia Concursos\" \/>\n<meta property=\"article:published_time\" content=\"2012-07-09T01:28:05+00:00\" \/>\n<meta property=\"article:modified_time\" content=\"2020-09-11T20:59:35+00:00\" \/>\n<meta name=\"author\" content=\"Coordena\u00e7\u00e3o\" \/>\n<meta name=\"twitter:card\" content=\"summary_large_image\" \/>\n<meta name=\"twitter:creator\" content=\"@EstratConcursos\" \/>\n<meta name=\"twitter:site\" content=\"@EstratConcursos\" \/>\n<meta name=\"twitter:label1\" content=\"Escrito por\" \/>\n\t<meta name=\"twitter:data1\" content=\"Coordena\u00e7\u00e3o\" \/>\n\t<meta name=\"twitter:label2\" content=\"Est. tempo de leitura\" \/>\n\t<meta name=\"twitter:data2\" content=\"2 minutos\" \/>\n<script type=\"application\/ld+json\" class=\"yoast-schema-graph\">{\"@context\":\"https:\/\/schema.org\",\"@graph\":[{\"@type\":\"NewsArticle\",\"@id\":\"https:\/\/www.estrategiaconcursos.com.br\/blog\/reducao-do-prazo-entre-publicacao-de-edital-e-provas-do-concurso-da-pf-4\/#article\",\"isPartOf\":{\"@id\":\"https:\/\/www.estrategiaconcursos.com.br\/blog\/reducao-do-prazo-entre-publicacao-de-edital-e-provas-do-concurso-da-pf-4\/\"},\"author\":{\"name\":\"Coordena\u00e7\u00e3o\",\"@id\":\"https:\/\/www.estrategiaconcursos.com.br\/blog\/#\/schema\/person\/cdad40b5818eb228a838461fcd656da7\"},\"headline\":\"Redu\u00e7\u00e3o do prazo entre publica\u00e7\u00e3o de edital e provas do concurso da PF\",\"datePublished\":\"2012-07-09T01:28:05+00:00\",\"dateModified\":\"2020-09-11T20:59:35+00:00\",\"mainEntityOfPage\":{\"@id\":\"https:\/\/www.estrategiaconcursos.com.br\/blog\/reducao-do-prazo-entre-publicacao-de-edital-e-provas-do-concurso-da-pf-4\/\"},\"wordCount\":355,\"commentCount\":0,\"publisher\":{\"@id\":\"https:\/\/www.estrategiaconcursos.com.br\/blog\/#organization\"},\"articleSection\":[\"Concursos P\u00fablicos\"],\"inLanguage\":\"pt-BR\",\"potentialAction\":[{\"@type\":\"CommentAction\",\"name\":\"Comment\",\"target\":[\"https:\/\/www.estrategiaconcursos.com.br\/blog\/reducao-do-prazo-entre-publicacao-de-edital-e-provas-do-concurso-da-pf-4\/#respond\"]}],\"copyrightYear\":\"2012\",\"copyrightHolder\":{\"@id\":\"https:\/\/www.estrategiaconcursos.com.br\/blog\/#organization\"}},{\"@type\":\"WebPage\",\"@id\":\"https:\/\/www.estrategiaconcursos.com.br\/blog\/reducao-do-prazo-entre-publicacao-de-edital-e-provas-do-concurso-da-pf-4\/\",\"url\":\"https:\/\/www.estrategiaconcursos.com.br\/blog\/reducao-do-prazo-entre-publicacao-de-edital-e-provas-do-concurso-da-pf-4\/\",\"name\":\"Redu\u00e7\u00e3o do prazo entre publica\u00e7\u00e3o de edital e provas do concurso da PF\",\"isPartOf\":{\"@id\":\"https:\/\/www.estrategiaconcursos.com.br\/blog\/#website\"},\"datePublished\":\"2012-07-09T01:28:05+00:00\",\"dateModified\":\"2020-09-11T20:59:35+00:00\",\"description\":\"O prazo entre a publica\u00e7\u00e3o do edital e a aplica\u00e7\u00e3o das provas para os concursos de Agente e Papiloscopista da Pol\u00edcia Federal foi reduzido para apenas\u00a045 dias.\",\"breadcrumb\":{\"@id\":\"https:\/\/www.estrategiaconcursos.com.br\/blog\/reducao-do-prazo-entre-publicacao-de-edital-e-provas-do-concurso-da-pf-4\/#breadcrumb\"},\"inLanguage\":\"pt-BR\",\"potentialAction\":[{\"@type\":\"ReadAction\",\"target\":[\"https:\/\/www.estrategiaconcursos.com.br\/blog\/reducao-do-prazo-entre-publicacao-de-edital-e-provas-do-concurso-da-pf-4\/\"]}]},{\"@type\":\"BreadcrumbList\",\"@id\":\"https:\/\/www.estrategiaconcursos.com.br\/blog\/reducao-do-prazo-entre-publicacao-de-edital-e-provas-do-concurso-da-pf-4\/#breadcrumb\",\"itemListElement\":[{\"@type\":\"ListItem\",\"position\":1,\"name\":\"In\u00edcio\",\"item\":\"https:\/\/www.estrategiaconcursos.com.br\/blog\/\"},{\"@type\":\"ListItem\",\"position\":2,\"name\":\"Redu\u00e7\u00e3o do prazo entre publica\u00e7\u00e3o de edital e provas do concurso da PF\"}]},{\"@type\":\"WebSite\",\"@id\":\"https:\/\/www.estrategiaconcursos.com.br\/blog\/#website\",\"url\":\"https:\/\/www.estrategiaconcursos.com.br\/blog\/\",\"name\":\"Estrat\u00e9gia Concursos\",\"description\":\"O blog da Estrat\u00e9gia Concursos traz not\u00edcias sobre concursos e artigos de professores oferecendo cursos para concursos (pdf + videaulas) no site.\",\"publisher\":{\"@id\":\"https:\/\/www.estrategiaconcursos.com.br\/blog\/#organization\"},\"potentialAction\":[{\"@type\":\"SearchAction\",\"target\":{\"@type\":\"EntryPoint\",\"urlTemplate\":\"https:\/\/www.estrategiaconcursos.com.br\/blog\/?s={search_term_string}\"},\"query-input\":{\"@type\":\"PropertyValueSpecification\",\"valueRequired\":true,\"valueName\":\"search_term_string\"}}],\"inLanguage\":\"pt-BR\"},{\"@type\":\"Organization\",\"@id\":\"https:\/\/www.estrategiaconcursos.com.br\/blog\/#organization\",\"name\":\"Estrat\u00e9gia Concursos\",\"url\":\"https:\/\/www.estrategiaconcursos.com.br\/blog\/\",\"logo\":{\"@type\":\"ImageObject\",\"inLanguage\":\"pt-BR\",\"@id\":\"https:\/\/www.estrategiaconcursos.com.br\/blog\/#\/schema\/logo\/image\/\",\"url\":\"https:\/\/dhg1h5j42swfq.cloudfront.net\/2025\/06\/03203428\/logo_concursos-1.jpg\",\"contentUrl\":\"https:\/\/dhg1h5j42swfq.cloudfront.net\/2025\/06\/03203428\/logo_concursos-1.jpg\",\"width\":230,\"height\":60,\"caption\":\"Estrat\u00e9gia Concursos\"},\"image\":{\"@id\":\"https:\/\/www.estrategiaconcursos.com.br\/blog\/#\/schema\/logo\/image\/\"},\"sameAs\":[\"https:\/\/x.com\/EstratConcursos\"]},{\"@type\":\"Person\",\"@id\":\"https:\/\/www.estrategiaconcursos.com.br\/blog\/#\/schema\/person\/cdad40b5818eb228a838461fcd656da7\",\"name\":\"Coordena\u00e7\u00e3o\",\"image\":{\"@type\":\"ImageObject\",\"inLanguage\":\"pt-BR\",\"@id\":\"https:\/\/secure.gravatar.com\/avatar\/a413b22da0f5009c634f6c4586a2dbe5207074fd5becd88db5183b8069ef25e4?s=96&d=mm&r=g\",\"url\":\"https:\/\/secure.gravatar.com\/avatar\/a413b22da0f5009c634f6c4586a2dbe5207074fd5becd88db5183b8069ef25e4?s=96&d=mm&r=g\",\"contentUrl\":\"https:\/\/secure.gravatar.com\/avatar\/a413b22da0f5009c634f6c4586a2dbe5207074fd5becd88db5183b8069ef25e4?s=96&d=mm&r=g\",\"caption\":\"Coordena\u00e7\u00e3o\"},\"url\":\"https:\/\/www.estrategiaconcursos.com.br\/blog\/author\/contatoestrategiaconcursos-com-br\/\"}]}<\/script>\n<!-- \/ Yoast SEO Premium plugin. -->","yoast_head_json":{"title":"Redu\u00e7\u00e3o do prazo entre publica\u00e7\u00e3o de edital e provas do concurso da PF","description":"O prazo entre a publica\u00e7\u00e3o do edital e a aplica\u00e7\u00e3o das provas para os concursos de Agente e Papiloscopista da Pol\u00edcia Federal foi reduzido para apenas\u00a045 dias.","robots":{"index":"index","follow":"follow","max-snippet":"max-snippet:-1","max-image-preview":"max-image-preview:large","max-video-preview":"max-video-preview:-1"},"canonical":"https:\/\/www.estrategiaconcursos.com.br\/blog\/reducao-do-prazo-entre-publicacao-de-edital-e-provas-do-concurso-da-pf-4\/","og_locale":"pt_BR","og_type":"article","og_title":"Redu\u00e7\u00e3o do prazo entre publica\u00e7\u00e3o de edital e provas do concurso da PF","og_description":"O prazo entre a publica\u00e7\u00e3o do edital e a aplica\u00e7\u00e3o das provas para os concursos de Agente e Papiloscopista da Pol\u00edcia Federal foi reduzido para apenas\u00a045 dias.","og_url":"https:\/\/www.estrategiaconcursos.com.br\/blog\/reducao-do-prazo-entre-publicacao-de-edital-e-provas-do-concurso-da-pf-4\/","og_site_name":"Estrat\u00e9gia Concursos","article_published_time":"2012-07-09T01:28:05+00:00","article_modified_time":"2020-09-11T20:59:35+00:00","author":"Coordena\u00e7\u00e3o","twitter_card":"summary_large_image","twitter_creator":"@EstratConcursos","twitter_site":"@EstratConcursos","twitter_misc":{"Escrito por":"Coordena\u00e7\u00e3o","Est. tempo de leitura":"2 minutos"},"schema":{"@context":"https:\/\/schema.org","@graph":[{"@type":"NewsArticle","@id":"https:\/\/www.estrategiaconcursos.com.br\/blog\/reducao-do-prazo-entre-publicacao-de-edital-e-provas-do-concurso-da-pf-4\/#article","isPartOf":{"@id":"https:\/\/www.estrategiaconcursos.com.br\/blog\/reducao-do-prazo-entre-publicacao-de-edital-e-provas-do-concurso-da-pf-4\/"},"author":{"name":"Coordena\u00e7\u00e3o","@id":"https:\/\/www.estrategiaconcursos.com.br\/blog\/#\/schema\/person\/cdad40b5818eb228a838461fcd656da7"},"headline":"Redu\u00e7\u00e3o do prazo entre publica\u00e7\u00e3o de edital e provas do concurso da PF","datePublished":"2012-07-09T01:28:05+00:00","dateModified":"2020-09-11T20:59:35+00:00","mainEntityOfPage":{"@id":"https:\/\/www.estrategiaconcursos.com.br\/blog\/reducao-do-prazo-entre-publicacao-de-edital-e-provas-do-concurso-da-pf-4\/"},"wordCount":355,"commentCount":0,"publisher":{"@id":"https:\/\/www.estrategiaconcursos.com.br\/blog\/#organization"},"articleSection":["Concursos P\u00fablicos"],"inLanguage":"pt-BR","potentialAction":[{"@type":"CommentAction","name":"Comment","target":["https:\/\/www.estrategiaconcursos.com.br\/blog\/reducao-do-prazo-entre-publicacao-de-edital-e-provas-do-concurso-da-pf-4\/#respond"]}],"copyrightYear":"2012","copyrightHolder":{"@id":"https:\/\/www.estrategiaconcursos.com.br\/blog\/#organization"}},{"@type":"WebPage","@id":"https:\/\/www.estrategiaconcursos.com.br\/blog\/reducao-do-prazo-entre-publicacao-de-edital-e-provas-do-concurso-da-pf-4\/","url":"https:\/\/www.estrategiaconcursos.com.br\/blog\/reducao-do-prazo-entre-publicacao-de-edital-e-provas-do-concurso-da-pf-4\/","name":"Redu\u00e7\u00e3o do prazo entre publica\u00e7\u00e3o de edital e provas do concurso da PF","isPartOf":{"@id":"https:\/\/www.estrategiaconcursos.com.br\/blog\/#website"},"datePublished":"2012-07-09T01:28:05+00:00","dateModified":"2020-09-11T20:59:35+00:00","description":"O prazo entre a publica\u00e7\u00e3o do edital e a aplica\u00e7\u00e3o das provas para os concursos de Agente e Papiloscopista da Pol\u00edcia Federal foi reduzido para apenas\u00a045 dias.","breadcrumb":{"@id":"https:\/\/www.estrategiaconcursos.com.br\/blog\/reducao-do-prazo-entre-publicacao-de-edital-e-provas-do-concurso-da-pf-4\/#breadcrumb"},"inLanguage":"pt-BR","potentialAction":[{"@type":"ReadAction","target":["https:\/\/www.estrategiaconcursos.com.br\/blog\/reducao-do-prazo-entre-publicacao-de-edital-e-provas-do-concurso-da-pf-4\/"]}]},{"@type":"BreadcrumbList","@id":"https:\/\/www.estrategiaconcursos.com.br\/blog\/reducao-do-prazo-entre-publicacao-de-edital-e-provas-do-concurso-da-pf-4\/#breadcrumb","itemListElement":[{"@type":"ListItem","position":1,"name":"In\u00edcio","item":"https:\/\/www.estrategiaconcursos.com.br\/blog\/"},{"@type":"ListItem","position":2,"name":"Redu\u00e7\u00e3o do prazo entre publica\u00e7\u00e3o de edital e provas do concurso da PF"}]},{"@type":"WebSite","@id":"https:\/\/www.estrategiaconcursos.com.br\/blog\/#website","url":"https:\/\/www.estrategiaconcursos.com.br\/blog\/","name":"Estrat\u00e9gia Concursos","description":"O blog da Estrat\u00e9gia Concursos traz not\u00edcias sobre concursos e artigos de professores oferecendo cursos para concursos (pdf + videaulas) no site.","publisher":{"@id":"https:\/\/www.estrategiaconcursos.com.br\/blog\/#organization"},"potentialAction":[{"@type":"SearchAction","target":{"@type":"EntryPoint","urlTemplate":"https:\/\/www.estrategiaconcursos.com.br\/blog\/?s={search_term_string}"},"query-input":{"@type":"PropertyValueSpecification","valueRequired":true,"valueName":"search_term_string"}}],"inLanguage":"pt-BR"},{"@type":"Organization","@id":"https:\/\/www.estrategiaconcursos.com.br\/blog\/#organization","name":"Estrat\u00e9gia Concursos","url":"https:\/\/www.estrategiaconcursos.com.br\/blog\/","logo":{"@type":"ImageObject","inLanguage":"pt-BR","@id":"https:\/\/www.estrategiaconcursos.com.br\/blog\/#\/schema\/logo\/image\/","url":"https:\/\/dhg1h5j42swfq.cloudfront.net\/2025\/06\/03203428\/logo_concursos-1.jpg","contentUrl":"https:\/\/dhg1h5j42swfq.cloudfront.net\/2025\/06\/03203428\/logo_concursos-1.jpg","width":230,"height":60,"caption":"Estrat\u00e9gia Concursos"},"image":{"@id":"https:\/\/www.estrategiaconcursos.com.br\/blog\/#\/schema\/logo\/image\/"},"sameAs":["https:\/\/x.com\/EstratConcursos"]},{"@type":"Person","@id":"https:\/\/www.estrategiaconcursos.com.br\/blog\/#\/schema\/person\/cdad40b5818eb228a838461fcd656da7","name":"Coordena\u00e7\u00e3o","image":{"@type":"ImageObject","inLanguage":"pt-BR","@id":"https:\/\/secure.gravatar.com\/avatar\/a413b22da0f5009c634f6c4586a2dbe5207074fd5becd88db5183b8069ef25e4?s=96&d=mm&r=g","url":"https:\/\/secure.gravatar.com\/avatar\/a413b22da0f5009c634f6c4586a2dbe5207074fd5becd88db5183b8069ef25e4?s=96&d=mm&r=g","contentUrl":"https:\/\/secure.gravatar.com\/avatar\/a413b22da0f5009c634f6c4586a2dbe5207074fd5becd88db5183b8069ef25e4?s=96&d=mm&r=g","caption":"Coordena\u00e7\u00e3o"},"url":"https:\/\/www.estrategiaconcursos.com.br\/blog\/author\/contatoestrategiaconcursos-com-br\/"}]}},"_links":{"self":[{"href":"https:\/\/www.estrategiaconcursos.com.br\/blog\/wp-json\/wp\/v2\/posts\/8052","targetHints":{"allow":["GET"]}}],"collection":[{"href":"https:\/\/www.estrategiaconcursos.com.br\/blog\/wp-json\/wp\/v2\/posts"}],"about":[{"href":"https:\/\/www.estrategiaconcursos.com.br\/blog\/wp-json\/wp\/v2\/types\/post"}],"author":[{"embeddable":true,"href":"https:\/\/www.estrategiaconcursos.com.br\/blog\/wp-json\/wp\/v2\/users\/48"}],"replies":[{"embeddable":true,"href":"https:\/\/www.estrategiaconcursos.com.br\/blog\/wp-json\/wp\/v2\/comments?post=8052"}],"version-history":[{"count":1,"href":"https:\/\/www.estrategiaconcursos.com.br\/blog\/wp-json\/wp\/v2\/posts\/8052\/revisions"}],"predecessor-version":[{"id":570987,"href":"https:\/\/www.estrategiaconcursos.com.br\/blog\/wp-json\/wp\/v2\/posts\/8052\/revisions\/570987"}],"wp:attachment":[{"href":"https:\/\/www.estrategiaconcursos.com.br\/blog\/wp-json\/wp\/v2\/media?parent=8052"}],"wp:term":[{"taxonomy":"category","embeddable":true,"href":"https:\/\/www.estrategiaconcursos.com.br\/blog\/wp-json\/wp\/v2\/categories?post=8052"},{"taxonomy":"post_tag","embeddable":true,"href":"https:\/\/www.estrategiaconcursos.com.br\/blog\/wp-json\/wp\/v2\/tags?post=8052"},{"taxonomy":"tax_estado","embeddable":true,"href":"https:\/\/www.estrategiaconcursos.com.br\/blog\/wp-json\/wp\/v2\/tax_estado?post=8052"}],"curies":[{"name":"wp","href":"https:\/\/api.w.org\/{rel}","templated":true}]}}