{"id":80097,"date":"2017-07-02T23:45:07","date_gmt":"2017-07-03T02:45:07","guid":{"rendered":"https:\/\/www.estrategiaconcursos.com.br\/blog\/?p=80097"},"modified":"2017-07-02T23:53:49","modified_gmt":"2017-07-03T02:53:49","slug":"questao-discursiva-fgv-comentada","status":"publish","type":"post","link":"https:\/\/www.estrategiaconcursos.com.br\/blog\/questao-discursiva-fgv-comentada\/","title":{"rendered":"Quest\u00e3o Discursiva FGV Comentada"},"content":{"rendered":"<p><img loading=\"lazy\" decoding=\"async\" class=\"alignnone size-medium wp-image-79979\" src=\"https:\/\/dhg1h5j42swfq.cloudfront.net\/2017\/07\/01112159\/download-4.jpg\" alt=\"\" width=\"300\" height=\"150\" srcset=\"https:\/\/dhg1h5j42swfq.cloudfront.net\/2017\/07\/01112159\/download-4.jpg 318w, https:\/\/dhg1h5j42swfq.cloudfront.net\/2017\/07\/01112159\/download-4.jpg 300w\" sizes=\"auto, (max-width: 300px) 100vw, 300px\" \/><\/p>\n<p style=\"text-align: justify\">Queridos alunos!<\/p>\n<p style=\"text-align: justify\">Tenho recebido muitos emails e mensagens nas redes sociais para que eu me manifeste sobre o perfil das discursivas da FGV, bem como sobre o que poder\u00e1 ser cobrado dentro das outras disciplinas de conhecimentos espec\u00edficos que n\u00e3o sejam Direito do Trabalho e Processo do Trabalho.<\/p>\n<p style=\"text-align: justify\">A FGV cobrar\u00e1<span style=\"text-decoration: underline\"> tr\u00eas quest\u00f5es discursivas<\/span> no concurso do TRT-SC. A meu ver, as disciplinas principais das quest\u00f5es ser\u00e3o o Direito do Trabalho e o Processo do Trabalho. Por\u00e9m, considero forte a tend\u00eancia de abordagem de <strong>quest\u00f5es multidisciplinares.<\/strong><\/p>\n<p style=\"text-align: justify\">A FGV abordou em conhecimentos espec\u00edficos: <strong>Direito do Trabalho, Processo do Trabalho,<\/strong> Constitucional, Administrativo, Previdenci\u00e1rio, Empresarial, Penal, Civil e Processo Civil.<\/p>\n<p style=\"text-align: justify\">Para o cargo de Oficial de Justi\u00e7a a FGV inclui, ainda, conhecimentos aplicados ao oficial de Justi\u00e7a Avaliador.<\/p>\n<p style=\"text-align: justify\">H\u00e1 forte tend\u00eancia de que a FGV aborde na prova discursiva do cargo de Oficial de Justi\u00e7a os conhecimentos aplicados ao oficial de Justi\u00e7a.<\/p>\n<p style=\"text-align: justify\">Em rela\u00e7\u00e3o \u00e0s outras disciplinas creio que a FGV ir\u00e1 abordar o tema \u201cacidente de trabalho (Previdenci\u00e1rio) e \u201ccrimes contra a organiza\u00e7\u00e3o do trabalho\u201d (Penal). Ambos, ligados em quest\u00f5es que envolvam o tema Direito do Trabalho.<\/p>\n<p style=\"text-align: justify\"><strong>H\u00e1 forte tend\u00eancia de elabora\u00e7\u00e3o de quest\u00e3o multidisciplinar e de abordagem de S\u00famulas e Orienta\u00e7\u00f5es Jurisprudenciais do TST.<\/strong><\/p>\n<p style=\"text-align: justify\">Aqui, no Estrat\u00e9gia estou com um curso de discursivas FCC &#8211; TRT &#8211; TST, sem resolu\u00e7\u00e3o de quest\u00f5es e resolvi incluir aula extra neste curso com quest\u00f5es comentadas da FGV. Assim quem for prestar o concurso do TRT &#8211; SC ficar\u00e1 preparado para o perfil FGV.<\/p>\n<p><a href=\"https:\/\/www.estrategiaconcursos.com.br\/curso\/discursiva-trt-tst-r-sem-correcao-individual-direito-do-trabalho-e-processo\/\">Confiram curso discursivas <\/a><\/p>\n<p style=\"text-align: justify\"><strong>Observem quest\u00e3o e o perfil FGV:<\/strong><\/p>\n<p style=\"text-align: justify\"><strong>Quest\u00e3o FGV: <\/strong>Jos\u00e9 da Silva foi contratado pela empresa Boa Vista Ltda., que integra grupo econ\u00f4mico com a empresa Boa Esperan\u00e7a Ltda., para exercer a fun\u00e7\u00e3o de vendedor empregado. Durante a mesma jornada de trabalho, ele vendia os produtos comercializados pela Boa Vista Ltda. e pela Boa Esperan\u00e7a Ltda., com a supervis\u00e3o dos gerentes de ambas as empresas. Diante dessa situa\u00e7\u00e3o hipot\u00e9tica, e considerando que a sua CTPS somente foi anotada pela empresa Boa Vista Ltda., responda, de forma fundamentada, \u00e0s indaga\u00e7\u00f5es abaixo \u00e0 luz da jurisprud\u00eancia do Tribunal Superior do Trabalho:<br \/>\na) Qual \u00e9 a natureza da responsabilidade solid\u00e1ria das empresas que integram grupo econ\u00f4mico para efeitos da rela\u00e7\u00e3o de emprego: \u00e9 ativa e\/ou passiva?<br \/>\nb) \u00c9 correto afirmar que Jos\u00e9 da Silva mantinha v\u00ednculos de emprego distintos com as empresas Boa Vista Ltda. e Boa Esperan\u00e7a Ltda.?<\/p>\n<p style=\"text-align: justify\"><strong>Grade de corre\u00e7\u00e3o:<\/strong><br \/>\na) De acordo com a norma prevista no artigo 2\u00ba, \u00a7 2\u00ba, da CLT, sempre que uma ou mais empresas, tendo, embora, cada uma delas, personalidade jur\u00eddica pr\u00f3pria, estiverem sob a dire\u00e7\u00e3o, controle ou administra\u00e7\u00e3o de outra, constituindo grupo industrial, comercial ou de qualquer outra atividade econ\u00f4mica, ser\u00e3o, para os efeitos da rela\u00e7\u00e3o de emprego, solidariamente respons\u00e1veis a empresa principal e cada uma das subordinadas. Desta forma, a solidariedade das empresas que integram grupo econ\u00f4mico \u00e9 ativa e passiva (solidariedade dual): ambas podem exigir de Jos\u00e9 a presta\u00e7\u00e3o de servi\u00e7os, porque integram um grupo econ\u00f4mico empregador (empregador \u00fanico) e s\u00e3o respons\u00e1veis solid\u00e1rias pela satisfa\u00e7\u00e3o dos cr\u00e9ditos trabalhistas de Jos\u00e9.<br \/>\nb) As empresa integrantes de grupo econ\u00f4mico consistem em \u201cempregador \u00fanico\u201d. Deste modo, a presta\u00e7\u00e3o de servi\u00e7os a mais de uma empresa do mesmo grupo econ\u00f4mico, durante a mesma jornada de trabalho, n\u00e3o caracteriza a coexist\u00eancia de mais de um contrato de trabalho, salvo ajuste em contr\u00e1rio, nos moldes da interpreta\u00e7\u00e3o jurisprudencial pac\u00edfica contida na S\u00famula n\u00ba 129 do TST.<\/p>\n<p><a href=\"\/\/www.estrategiaconcursos.com.br\/cursosPorProfessor\/deborah-paiva-3568\/\">Meus Cursos aqui no site<\/a><\/p>\n<p>Estou a disposi\u00e7\u00e3o para quaisquer d\u00favidas ou sugest\u00f5es.<\/p>\n<p>Um forte abra\u00e7o,<\/p>\n<p>D\u00e9borah Paiva<\/p>\n<p>professoradeborahpaiva@hotmail.com<\/p>\n","protected":false},"excerpt":{"rendered":"<p>Queridos alunos! Tenho recebido muitos emails e mensagens nas redes sociais para que eu me manifeste sobre o perfil das discursivas da FGV, bem como sobre o que poder\u00e1 ser cobrado dentro das outras disciplinas de conhecimentos espec\u00edficos que n\u00e3o sejam Direito do Trabalho e Processo do Trabalho. A FGV cobrar\u00e1 tr\u00eas quest\u00f5es discursivas no [&hellip;]<\/p>\n","protected":false},"author":408,"featured_media":0,"comment_status":"open","ping_status":"open","sticky":false,"template":"","format":"standard","meta":{"post_tipo":"article","footnotes":""},"categories":[1,1984],"tags":[],"tax_estado":[],"class_list":["post-80097","post","type-post","status-publish","format-standard","hentry","category-cursos-e-concursos","category-tribunais"],"acf":[],"yoast_head":"<!-- This site is optimized with the Yoast SEO Premium plugin v27.2 (Yoast SEO v27.2) - https:\/\/yoast.com\/product\/yoast-seo-premium-wordpress\/ -->\n<title>Quest\u00e3o Discursiva FGV Comentada<\/title>\n<meta name=\"robots\" content=\"index, follow, max-snippet:-1, max-image-preview:large, max-video-preview:-1\" \/>\n<link rel=\"canonical\" href=\"https:\/\/www.estrategiaconcursos.com.br\/blog\/questao-discursiva-fgv-comentada\/\" \/>\n<meta property=\"og:locale\" content=\"pt_BR\" \/>\n<meta property=\"og:type\" content=\"article\" \/>\n<meta property=\"og:title\" content=\"Quest\u00e3o Discursiva FGV Comentada\" \/>\n<meta property=\"og:description\" content=\"Queridos alunos! Tenho recebido muitos emails e mensagens nas redes sociais para que eu me manifeste sobre o perfil das discursivas da FGV, bem como sobre o que poder\u00e1 ser cobrado dentro das outras disciplinas de conhecimentos espec\u00edficos que n\u00e3o sejam Direito do Trabalho e Processo do Trabalho. A FGV cobrar\u00e1 tr\u00eas quest\u00f5es discursivas no [&hellip;]\" \/>\n<meta property=\"og:url\" content=\"https:\/\/www.estrategiaconcursos.com.br\/blog\/questao-discursiva-fgv-comentada\/\" \/>\n<meta property=\"og:site_name\" content=\"Estrat\u00e9gia Concursos\" \/>\n<meta property=\"article:published_time\" content=\"2017-07-03T02:45:07+00:00\" \/>\n<meta property=\"article:modified_time\" content=\"2017-07-03T02:53:49+00:00\" \/>\n<meta property=\"og:image\" content=\"https:\/\/www.estrategiaconcursos.com.br\/blog\/wp-content\/uploads\/2017\/07\/download-4-300x150.jpg\" \/>\n<meta name=\"author\" content=\"Deborah Paiva\" \/>\n<meta name=\"twitter:card\" content=\"summary_large_image\" \/>\n<meta name=\"twitter:creator\" content=\"@EstratConcursos\" \/>\n<meta name=\"twitter:site\" content=\"@EstratConcursos\" \/>\n<meta name=\"twitter:label1\" content=\"Escrito por\" \/>\n\t<meta name=\"twitter:data1\" content=\"Deborah Paiva\" \/>\n\t<meta name=\"twitter:label2\" content=\"Est. tempo de leitura\" \/>\n\t<meta name=\"twitter:data2\" content=\"3 minutos\" \/>\n<script type=\"application\/ld+json\" class=\"yoast-schema-graph\">{\"@context\":\"https:\/\/schema.org\",\"@graph\":[{\"@type\":\"NewsArticle\",\"@id\":\"https:\/\/www.estrategiaconcursos.com.br\/blog\/questao-discursiva-fgv-comentada\/#article\",\"isPartOf\":{\"@id\":\"https:\/\/www.estrategiaconcursos.com.br\/blog\/questao-discursiva-fgv-comentada\/\"},\"author\":{\"name\":\"Deborah Paiva\",\"@id\":\"https:\/\/www.estrategiaconcursos.com.br\/blog\/#\/schema\/person\/020032288bda52ebb06d54bdf1fec7ee\"},\"headline\":\"Quest\u00e3o Discursiva FGV Comentada\",\"datePublished\":\"2017-07-03T02:45:07+00:00\",\"dateModified\":\"2017-07-03T02:53:49+00:00\",\"mainEntityOfPage\":{\"@id\":\"https:\/\/www.estrategiaconcursos.com.br\/blog\/questao-discursiva-fgv-comentada\/\"},\"wordCount\":665,\"commentCount\":0,\"publisher\":{\"@id\":\"https:\/\/www.estrategiaconcursos.com.br\/blog\/#organization\"},\"image\":{\"@id\":\"https:\/\/www.estrategiaconcursos.com.br\/blog\/questao-discursiva-fgv-comentada\/#primaryimage\"},\"thumbnailUrl\":\"https:\/\/www.estrategiaconcursos.com.br\/blog\/wp-content\/uploads\/2017\/07\/download-4-300x150.jpg\",\"articleSection\":[\"Concursos P\u00fablicos\",\"Tribunais\"],\"inLanguage\":\"pt-BR\",\"potentialAction\":[{\"@type\":\"CommentAction\",\"name\":\"Comment\",\"target\":[\"https:\/\/www.estrategiaconcursos.com.br\/blog\/questao-discursiva-fgv-comentada\/#respond\"]}],\"copyrightYear\":\"2017\",\"copyrightHolder\":{\"@id\":\"https:\/\/www.estrategiaconcursos.com.br\/blog\/#organization\"}},{\"@type\":\"WebPage\",\"@id\":\"https:\/\/www.estrategiaconcursos.com.br\/blog\/questao-discursiva-fgv-comentada\/\",\"url\":\"https:\/\/www.estrategiaconcursos.com.br\/blog\/questao-discursiva-fgv-comentada\/\",\"name\":\"Quest\u00e3o Discursiva FGV Comentada\",\"isPartOf\":{\"@id\":\"https:\/\/www.estrategiaconcursos.com.br\/blog\/#website\"},\"primaryImageOfPage\":{\"@id\":\"https:\/\/www.estrategiaconcursos.com.br\/blog\/questao-discursiva-fgv-comentada\/#primaryimage\"},\"image\":{\"@id\":\"https:\/\/www.estrategiaconcursos.com.br\/blog\/questao-discursiva-fgv-comentada\/#primaryimage\"},\"thumbnailUrl\":\"https:\/\/www.estrategiaconcursos.com.br\/blog\/wp-content\/uploads\/2017\/07\/download-4-300x150.jpg\",\"datePublished\":\"2017-07-03T02:45:07+00:00\",\"dateModified\":\"2017-07-03T02:53:49+00:00\",\"breadcrumb\":{\"@id\":\"https:\/\/www.estrategiaconcursos.com.br\/blog\/questao-discursiva-fgv-comentada\/#breadcrumb\"},\"inLanguage\":\"pt-BR\",\"potentialAction\":[{\"@type\":\"ReadAction\",\"target\":[\"https:\/\/www.estrategiaconcursos.com.br\/blog\/questao-discursiva-fgv-comentada\/\"]}]},{\"@type\":\"ImageObject\",\"inLanguage\":\"pt-BR\",\"@id\":\"https:\/\/www.estrategiaconcursos.com.br\/blog\/questao-discursiva-fgv-comentada\/#primaryimage\",\"url\":\"https:\/\/dhg1h5j42swfq.cloudfront.net\/2017\/07\/01112159\/download-4.jpg\",\"contentUrl\":\"https:\/\/dhg1h5j42swfq.cloudfront.net\/2017\/07\/01112159\/download-4.jpg\",\"width\":318,\"height\":159},{\"@type\":\"BreadcrumbList\",\"@id\":\"https:\/\/www.estrategiaconcursos.com.br\/blog\/questao-discursiva-fgv-comentada\/#breadcrumb\",\"itemListElement\":[{\"@type\":\"ListItem\",\"position\":1,\"name\":\"In\u00edcio\",\"item\":\"https:\/\/www.estrategiaconcursos.com.br\/blog\/\"},{\"@type\":\"ListItem\",\"position\":2,\"name\":\"Quest\u00e3o Discursiva FGV Comentada\"}]},{\"@type\":\"WebSite\",\"@id\":\"https:\/\/www.estrategiaconcursos.com.br\/blog\/#website\",\"url\":\"https:\/\/www.estrategiaconcursos.com.br\/blog\/\",\"name\":\"Estrat\u00e9gia Concursos\",\"description\":\"O blog da Estrat\u00e9gia Concursos traz not\u00edcias sobre concursos e artigos de professores oferecendo cursos para concursos (pdf + videaulas) no site.\",\"publisher\":{\"@id\":\"https:\/\/www.estrategiaconcursos.com.br\/blog\/#organization\"},\"potentialAction\":[{\"@type\":\"SearchAction\",\"target\":{\"@type\":\"EntryPoint\",\"urlTemplate\":\"https:\/\/www.estrategiaconcursos.com.br\/blog\/?s={search_term_string}\"},\"query-input\":{\"@type\":\"PropertyValueSpecification\",\"valueRequired\":true,\"valueName\":\"search_term_string\"}}],\"inLanguage\":\"pt-BR\"},{\"@type\":\"Organization\",\"@id\":\"https:\/\/www.estrategiaconcursos.com.br\/blog\/#organization\",\"name\":\"Estrat\u00e9gia Concursos\",\"url\":\"https:\/\/www.estrategiaconcursos.com.br\/blog\/\",\"logo\":{\"@type\":\"ImageObject\",\"inLanguage\":\"pt-BR\",\"@id\":\"https:\/\/www.estrategiaconcursos.com.br\/blog\/#\/schema\/logo\/image\/\",\"url\":\"https:\/\/dhg1h5j42swfq.cloudfront.net\/2025\/06\/03203428\/logo_concursos-1.jpg\",\"contentUrl\":\"https:\/\/dhg1h5j42swfq.cloudfront.net\/2025\/06\/03203428\/logo_concursos-1.jpg\",\"width\":230,\"height\":60,\"caption\":\"Estrat\u00e9gia Concursos\"},\"image\":{\"@id\":\"https:\/\/www.estrategiaconcursos.com.br\/blog\/#\/schema\/logo\/image\/\"},\"sameAs\":[\"https:\/\/x.com\/EstratConcursos\"]},{\"@type\":\"Person\",\"@id\":\"https:\/\/www.estrategiaconcursos.com.br\/blog\/#\/schema\/person\/020032288bda52ebb06d54bdf1fec7ee\",\"name\":\"Deborah Paiva\",\"image\":{\"@type\":\"ImageObject\",\"inLanguage\":\"pt-BR\",\"@id\":\"https:\/\/secure.gravatar.com\/avatar\/a8272e1eb549c3fc129f06cc1c756a4dd7cf153c3cca338cd23580febd4d9d84?s=96&d=mm&r=g\",\"url\":\"https:\/\/secure.gravatar.com\/avatar\/a8272e1eb549c3fc129f06cc1c756a4dd7cf153c3cca338cd23580febd4d9d84?s=96&d=mm&r=g\",\"contentUrl\":\"https:\/\/secure.gravatar.com\/avatar\/a8272e1eb549c3fc129f06cc1c756a4dd7cf153c3cca338cd23580febd4d9d84?s=96&d=mm&r=g\",\"caption\":\"Deborah Paiva\"},\"url\":\"https:\/\/www.estrategiaconcursos.com.br\/blog\/author\/deborahpaivaestrategiaconcursos-com-br\/\"}]}<\/script>\n<!-- \/ Yoast SEO Premium plugin. -->","yoast_head_json":{"title":"Quest\u00e3o Discursiva FGV Comentada","robots":{"index":"index","follow":"follow","max-snippet":"max-snippet:-1","max-image-preview":"max-image-preview:large","max-video-preview":"max-video-preview:-1"},"canonical":"https:\/\/www.estrategiaconcursos.com.br\/blog\/questao-discursiva-fgv-comentada\/","og_locale":"pt_BR","og_type":"article","og_title":"Quest\u00e3o Discursiva FGV Comentada","og_description":"Queridos alunos! Tenho recebido muitos emails e mensagens nas redes sociais para que eu me manifeste sobre o perfil das discursivas da FGV, bem como sobre o que poder\u00e1 ser cobrado dentro das outras disciplinas de conhecimentos espec\u00edficos que n\u00e3o sejam Direito do Trabalho e Processo do Trabalho. A FGV cobrar\u00e1 tr\u00eas quest\u00f5es discursivas no [&hellip;]","og_url":"https:\/\/www.estrategiaconcursos.com.br\/blog\/questao-discursiva-fgv-comentada\/","og_site_name":"Estrat\u00e9gia Concursos","article_published_time":"2017-07-03T02:45:07+00:00","article_modified_time":"2017-07-03T02:53:49+00:00","og_image":[{"url":"https:\/\/www.estrategiaconcursos.com.br\/blog\/wp-content\/uploads\/2017\/07\/download-4-300x150.jpg","type":"","width":"","height":""}],"author":"Deborah Paiva","twitter_card":"summary_large_image","twitter_creator":"@EstratConcursos","twitter_site":"@EstratConcursos","twitter_misc":{"Escrito por":"Deborah Paiva","Est. tempo de leitura":"3 minutos"},"schema":{"@context":"https:\/\/schema.org","@graph":[{"@type":"NewsArticle","@id":"https:\/\/www.estrategiaconcursos.com.br\/blog\/questao-discursiva-fgv-comentada\/#article","isPartOf":{"@id":"https:\/\/www.estrategiaconcursos.com.br\/blog\/questao-discursiva-fgv-comentada\/"},"author":{"name":"Deborah Paiva","@id":"https:\/\/www.estrategiaconcursos.com.br\/blog\/#\/schema\/person\/020032288bda52ebb06d54bdf1fec7ee"},"headline":"Quest\u00e3o Discursiva FGV Comentada","datePublished":"2017-07-03T02:45:07+00:00","dateModified":"2017-07-03T02:53:49+00:00","mainEntityOfPage":{"@id":"https:\/\/www.estrategiaconcursos.com.br\/blog\/questao-discursiva-fgv-comentada\/"},"wordCount":665,"commentCount":0,"publisher":{"@id":"https:\/\/www.estrategiaconcursos.com.br\/blog\/#organization"},"image":{"@id":"https:\/\/www.estrategiaconcursos.com.br\/blog\/questao-discursiva-fgv-comentada\/#primaryimage"},"thumbnailUrl":"https:\/\/www.estrategiaconcursos.com.br\/blog\/wp-content\/uploads\/2017\/07\/download-4-300x150.jpg","articleSection":["Concursos P\u00fablicos","Tribunais"],"inLanguage":"pt-BR","potentialAction":[{"@type":"CommentAction","name":"Comment","target":["https:\/\/www.estrategiaconcursos.com.br\/blog\/questao-discursiva-fgv-comentada\/#respond"]}],"copyrightYear":"2017","copyrightHolder":{"@id":"https:\/\/www.estrategiaconcursos.com.br\/blog\/#organization"}},{"@type":"WebPage","@id":"https:\/\/www.estrategiaconcursos.com.br\/blog\/questao-discursiva-fgv-comentada\/","url":"https:\/\/www.estrategiaconcursos.com.br\/blog\/questao-discursiva-fgv-comentada\/","name":"Quest\u00e3o Discursiva FGV Comentada","isPartOf":{"@id":"https:\/\/www.estrategiaconcursos.com.br\/blog\/#website"},"primaryImageOfPage":{"@id":"https:\/\/www.estrategiaconcursos.com.br\/blog\/questao-discursiva-fgv-comentada\/#primaryimage"},"image":{"@id":"https:\/\/www.estrategiaconcursos.com.br\/blog\/questao-discursiva-fgv-comentada\/#primaryimage"},"thumbnailUrl":"https:\/\/www.estrategiaconcursos.com.br\/blog\/wp-content\/uploads\/2017\/07\/download-4-300x150.jpg","datePublished":"2017-07-03T02:45:07+00:00","dateModified":"2017-07-03T02:53:49+00:00","breadcrumb":{"@id":"https:\/\/www.estrategiaconcursos.com.br\/blog\/questao-discursiva-fgv-comentada\/#breadcrumb"},"inLanguage":"pt-BR","potentialAction":[{"@type":"ReadAction","target":["https:\/\/www.estrategiaconcursos.com.br\/blog\/questao-discursiva-fgv-comentada\/"]}]},{"@type":"ImageObject","inLanguage":"pt-BR","@id":"https:\/\/www.estrategiaconcursos.com.br\/blog\/questao-discursiva-fgv-comentada\/#primaryimage","url":"https:\/\/dhg1h5j42swfq.cloudfront.net\/2017\/07\/01112159\/download-4.jpg","contentUrl":"https:\/\/dhg1h5j42swfq.cloudfront.net\/2017\/07\/01112159\/download-4.jpg","width":318,"height":159},{"@type":"BreadcrumbList","@id":"https:\/\/www.estrategiaconcursos.com.br\/blog\/questao-discursiva-fgv-comentada\/#breadcrumb","itemListElement":[{"@type":"ListItem","position":1,"name":"In\u00edcio","item":"https:\/\/www.estrategiaconcursos.com.br\/blog\/"},{"@type":"ListItem","position":2,"name":"Quest\u00e3o Discursiva FGV Comentada"}]},{"@type":"WebSite","@id":"https:\/\/www.estrategiaconcursos.com.br\/blog\/#website","url":"https:\/\/www.estrategiaconcursos.com.br\/blog\/","name":"Estrat\u00e9gia Concursos","description":"O blog da Estrat\u00e9gia Concursos traz not\u00edcias sobre concursos e artigos de professores oferecendo cursos para concursos (pdf + videaulas) no site.","publisher":{"@id":"https:\/\/www.estrategiaconcursos.com.br\/blog\/#organization"},"potentialAction":[{"@type":"SearchAction","target":{"@type":"EntryPoint","urlTemplate":"https:\/\/www.estrategiaconcursos.com.br\/blog\/?s={search_term_string}"},"query-input":{"@type":"PropertyValueSpecification","valueRequired":true,"valueName":"search_term_string"}}],"inLanguage":"pt-BR"},{"@type":"Organization","@id":"https:\/\/www.estrategiaconcursos.com.br\/blog\/#organization","name":"Estrat\u00e9gia Concursos","url":"https:\/\/www.estrategiaconcursos.com.br\/blog\/","logo":{"@type":"ImageObject","inLanguage":"pt-BR","@id":"https:\/\/www.estrategiaconcursos.com.br\/blog\/#\/schema\/logo\/image\/","url":"https:\/\/dhg1h5j42swfq.cloudfront.net\/2025\/06\/03203428\/logo_concursos-1.jpg","contentUrl":"https:\/\/dhg1h5j42swfq.cloudfront.net\/2025\/06\/03203428\/logo_concursos-1.jpg","width":230,"height":60,"caption":"Estrat\u00e9gia Concursos"},"image":{"@id":"https:\/\/www.estrategiaconcursos.com.br\/blog\/#\/schema\/logo\/image\/"},"sameAs":["https:\/\/x.com\/EstratConcursos"]},{"@type":"Person","@id":"https:\/\/www.estrategiaconcursos.com.br\/blog\/#\/schema\/person\/020032288bda52ebb06d54bdf1fec7ee","name":"Deborah Paiva","image":{"@type":"ImageObject","inLanguage":"pt-BR","@id":"https:\/\/secure.gravatar.com\/avatar\/a8272e1eb549c3fc129f06cc1c756a4dd7cf153c3cca338cd23580febd4d9d84?s=96&d=mm&r=g","url":"https:\/\/secure.gravatar.com\/avatar\/a8272e1eb549c3fc129f06cc1c756a4dd7cf153c3cca338cd23580febd4d9d84?s=96&d=mm&r=g","contentUrl":"https:\/\/secure.gravatar.com\/avatar\/a8272e1eb549c3fc129f06cc1c756a4dd7cf153c3cca338cd23580febd4d9d84?s=96&d=mm&r=g","caption":"Deborah Paiva"},"url":"https:\/\/www.estrategiaconcursos.com.br\/blog\/author\/deborahpaivaestrategiaconcursos-com-br\/"}]}},"_links":{"self":[{"href":"https:\/\/www.estrategiaconcursos.com.br\/blog\/wp-json\/wp\/v2\/posts\/80097","targetHints":{"allow":["GET"]}}],"collection":[{"href":"https:\/\/www.estrategiaconcursos.com.br\/blog\/wp-json\/wp\/v2\/posts"}],"about":[{"href":"https:\/\/www.estrategiaconcursos.com.br\/blog\/wp-json\/wp\/v2\/types\/post"}],"author":[{"embeddable":true,"href":"https:\/\/www.estrategiaconcursos.com.br\/blog\/wp-json\/wp\/v2\/users\/408"}],"replies":[{"embeddable":true,"href":"https:\/\/www.estrategiaconcursos.com.br\/blog\/wp-json\/wp\/v2\/comments?post=80097"}],"version-history":[{"count":2,"href":"https:\/\/www.estrategiaconcursos.com.br\/blog\/wp-json\/wp\/v2\/posts\/80097\/revisions"}],"predecessor-version":[{"id":80099,"href":"https:\/\/www.estrategiaconcursos.com.br\/blog\/wp-json\/wp\/v2\/posts\/80097\/revisions\/80099"}],"wp:attachment":[{"href":"https:\/\/www.estrategiaconcursos.com.br\/blog\/wp-json\/wp\/v2\/media?parent=80097"}],"wp:term":[{"taxonomy":"category","embeddable":true,"href":"https:\/\/www.estrategiaconcursos.com.br\/blog\/wp-json\/wp\/v2\/categories?post=80097"},{"taxonomy":"post_tag","embeddable":true,"href":"https:\/\/www.estrategiaconcursos.com.br\/blog\/wp-json\/wp\/v2\/tags?post=80097"},{"taxonomy":"tax_estado","embeddable":true,"href":"https:\/\/www.estrategiaconcursos.com.br\/blog\/wp-json\/wp\/v2\/tax_estado?post=80097"}],"curies":[{"name":"wp","href":"https:\/\/api.w.org\/{rel}","templated":true}]}}