{"id":8009,"date":"2012-07-09T01:28:05","date_gmt":"2012-07-09T01:28:05","guid":{"rendered":"https:\/\/www.estrategiaconcursos.com.br\/blog\/comentarios-a-prova-de-direito-constitucional-do-tce-sp-parte-i-4\/"},"modified":"2017-09-20T14:16:42","modified_gmt":"2017-09-20T17:16:42","slug":"comentarios-a-prova-de-direito-constitucional-do-tce-sp-parte-i-4","status":"publish","type":"post","link":"https:\/\/www.estrategiaconcursos.com.br\/blog\/comentarios-a-prova-de-direito-constitucional-do-tce-sp-parte-i-4\/","title":{"rendered":"Coment\u00e1rios Prova TCE-SP de Direito Constitucional (Parte I)"},"content":{"rendered":"<div style=\"text-align: justify;\">\n<p><span style=\"font-size: 12px;\"><span style=\"font-family: Verdana;\">Ol\u00e1, meus amigos!<\/span><\/span><\/p>\n<p>Hoje comentaremos parte da prova de Direito Constitucional do <a href=\"https:\/\/www.estrategiaconcursos.com.br\/blog\/concurso-tce-sp\/\">Concurso TCE-SP<\/a> (cargo de Agente de Fiscaliza\u00e7\u00e3o Financeira). O n\u00edvel de cobran\u00e7a foi bastante elevado, mas quem estudou pelos cursos do Estrat\u00e9gia e do Eu Vou Passar certamente teve um \u00f3timo desempenho.<\/p>\n<p>A FCC inovou ao criar situa\u00e7\u00f5es pr\u00e1ticas para a cobran\u00e7a de conte\u00fados bem espec\u00edficos do Direito Constitucional. Esta e outras provas demonstram que a banca deixou de ser \u201cFunda\u00e7\u00e3o Copia e Cola\u201d, passando a ter um grau maior de sofistica\u00e7\u00e3o na elabora\u00e7\u00e3o de suas quest\u00f5es. Assim, tem havido maior valoriza\u00e7\u00e3o do aluno que realmente sabe a mat\u00e9ria, o que \u00e9 bom para voc\u00eas, que t\u00eam se preparado com os melhores materiais.<\/p>\n<p>Prontos para nossa an\u00e1lise?<\/p>\n<p><b>46. (TCE-SP\/2012\/FCC) Ao analisar as contas anuais da C\u00e2mara de Vereadores de determinado Munic\u00edpio com mais de 36.000 habitantes, o Tribunal de Contas competente efetuou as seguintes constata\u00e7\u00f5es:<\/b><\/p>\n<p>&#8211; foi atendido o percentual determinado pela Constitui\u00e7\u00e3o da Rep\u00fablica, em rela\u00e7\u00e3o a gastos com folha de pagamento;<br \/>\n&#8211; a remunera\u00e7\u00e3o dos agentes pol\u00edticos processou-se regularmente.<\/p>\n<p>Nessa hip\u00f3tese, \u00e9 poss\u00edvel concluir que o \u00f3rg\u00e3o legislativo do Munic\u00edpio em quest\u00e3o:<br \/>\na) N\u00e3o gastou mais de setenta por cento de sua receita com folha de pagamento, inclu\u00eddo o gasto com o subs\u00eddio dos Vereadores, fixado em parcela \u00fanica mensal e de valor correspondente a, no m\u00e1ximo, trinta por cento do subs\u00eddio dos Deputados Estaduais.<br \/>\nb) Teve uma despesa total, inclu\u00eddos os subs\u00eddios dos Vereadores e exclu\u00eddos os gastos com inativos, n\u00e3o superior a cinco por cento do somat\u00f3rio da receita tribut\u00e1ria pr\u00f3pria e das transfer\u00eancias tribut\u00e1rias devidas ao Munic\u00edpio.<br \/>\nc) N\u00e3o gastou mais de trinta por cento de sua receita com folha de pagamento, inclu\u00eddo o gasto com o subs\u00eddio dos Vereadores, fixado em parcela \u00fanica mensal e de valor correspondente a, no m\u00e1ximo, quarenta por cento do subs\u00eddio dos Deputados Estaduais.<br \/>\nd) Teve uma despesa total, inclu\u00eddos os subs\u00eddios dos Vereadores e gastos com inativos, n\u00e3o superior a sete por cento do somat\u00f3rio da receita tribut\u00e1ria pr\u00f3pria e das transfer\u00eancias tribut\u00e1rias devidas ao Munic\u00edpio.<br \/>\ne) N\u00e3o gastou mais de cinquenta por cento de sua receita com folha de pagamento, inclu\u00eddo o gasto com o subs\u00eddio dos Vereadores, fixado em parcela \u00fanica mensal e de valor correspondente a, no m\u00e1ximo, cinquenta por cento do subs\u00eddio dos Deputados Estaduais.<\/p>\n<p><u>Coment\u00e1rios:<\/u><\/p>\n<p>A letra A est\u00e1 correta. Nos Munic\u00edpios com dez mil e um a cinquenta mil habitantes, determina a Constitui\u00e7\u00e3o que o subs\u00eddio m\u00e1ximo dos Vereadores corresponder\u00e1 a trinta por cento do subs\u00eddio dos Deputados Estaduais (art. 29, VI, \u201cb\u201d, da CF\/88). Al\u00e9m disso, estabelece a Carta Magna que a C\u00e2mara Municipal n\u00e3o gastar\u00e1 mais de setenta por cento de sua receita com folha de pagamento, inclu\u00eddo o gasto com o subs\u00eddio de seus Vereadores (art. 29-A, \u00a7 1\u00ba, CF\/88).<\/p>\n<p>A letra B est\u00e1 errada. O art. 29-A, inciso I, da Carta Magna, determina que o total da despesa do Poder Legislativo Municipal, inclu\u00eddos os subs\u00eddios dos Vereadores e exclu\u00eddos os gastos com inativos, n\u00e3o poder\u00e1 ultrapassar 7% (sete por cento) para Munic\u00edpios com popula\u00e7\u00e3o de at\u00e9 100.000 (cem mil) habitantes, relativos ao somat\u00f3rio da receita tribut\u00e1ria pr\u00f3pria e das transfer\u00eancias tribut\u00e1rias a eles devidas. Assim, o Munic\u00edpio poder\u00e1 ter tido despesa total maior que cinco por cento, respeitado o limite de sete por cento previsto na Carta da Rep\u00fablica. A letra B est\u00e1 incorreta.<\/p>\n<p>A letra C est\u00e1 errada. Reza a Carta Magna que a C\u00e2mara Municipal n\u00e3o gastar\u00e1 mais de setenta por cento de sua receita com folha de pagamento, inclu\u00eddo o gasto com o subs\u00eddio de seus Vereadores (art. 29-A, \u00a7 1\u00ba, CF\/88). Assim, o Munic\u00edpio poder\u00e1 ter gasto mais que quarenta por cento de sua receita com folha de pagamento, respeitado o limite de setenta por cento. Al\u00e9m disso, nos Munic\u00edpios com dez mil e um a cinquenta mil habitantes, determina a Constitui\u00e7\u00e3o que o subs\u00eddio m\u00e1ximo dos Vereadores corresponder\u00e1 a trinta por cento do subs\u00eddio dos Deputados Estaduais (art. 29, VI, \u201cb\u201d, da CF\/88), n\u00e3o quarenta, como diz o enunciado.<\/p>\n<p>A letra D est\u00e1 errada. O art. 29-A, inciso I, da Carta Magna, determina que o total da despesa do Poder Legislativo Municipal, inclu\u00eddos os subs\u00eddios dos Vereadores e exclu\u00eddos os gastos com inativos, n\u00e3o poder\u00e1 ultrapassar 7% (sete por cento) para Munic\u00edpios com popula\u00e7\u00e3o de at\u00e9 100.000 (cem mil) habitantes, relativos ao somat\u00f3rio da receita tribut\u00e1ria pr\u00f3pria e das transfer\u00eancias tribut\u00e1rias a eles devidas. Note que o erro da alternativa est\u00e1 no fato de que, no c\u00e1lculo da despesa, excluem-se os gastos com inativos.<\/p>\n<p>A letra E est\u00e1 errada. Estabelece a Carta Magna que a C\u00e2mara Municipal n\u00e3o gastar\u00e1 mais de setenta por cento de sua receita com folha de pagamento, inclu\u00eddo o gasto com o subs\u00eddio de seus Vereadores (art. 29-A, \u00a7 1\u00ba, CF\/88). Assim, o Munic\u00edpio poder\u00e1 ter gasto mais que cinquenta por cento de sua receita com folha de pagamento, respeitado o limite de setenta por cento. Al\u00e9m disso, nos Munic\u00edpios com dez mil e um a cinquenta mil habitantes, determina a Constitui\u00e7\u00e3o que o subs\u00eddio m\u00e1ximo dos Vereadores corresponder\u00e1 a trinta por cento do subs\u00eddio dos Deputados Estaduais (art. 29, VI, \u201cb\u201d, da CF\/88), n\u00e3o cinquenta, como diz o enunciado.<br \/>\nGabarito: letra A.<\/p>\n<p><b>47.\u00a0(TCE-SP\/2012\/FCC) A Lei federal no 11.494, de 20 de junho de 2007, que regulamenta o Fundo de Manuten\u00e7\u00e3o e Desenvolvimento da Educa\u00e7\u00e3o B\u00e1sica e de Valoriza\u00e7\u00e3o dos Profissionais da Educa\u00e7\u00e3o \u2013 FUNDEB, contempla as seguintes previs\u00f5es:<\/b><\/p>\n<p>&#8211; \u00c9 institu\u00eddo, no \u00e2mbito de cada Estado e do Distrito Federal, um Fundo de Manuten\u00e7\u00e3o e Desenvolvimento da Educa\u00e7\u00e3o B\u00e1sica e de Valoriza\u00e7\u00e3o dos Profissionais da Educa\u00e7\u00e3o &#8211; FUNDEB, de natureza cont\u00e1bil;<br \/>\n&#8211; Os Fundos, no \u00e2mbito de cada Estado e do Distrito Federal, s\u00e3o compostos por 20% (vinte por cento) das seguintes fontes de receita, dentre outras que especifica: imposto sobre transmiss\u00e3o causa mortis e doa\u00e7\u00e3o de quaisquer bens ou direitos; parcela do produto da arrecada\u00e7\u00e3o do imposto sobre a propriedade territorial rural, relativamente a im\u00f3veis situados nos Munic\u00edpios; parcela do produto da arrecada\u00e7\u00e3o do imposto sobre produtos industrializados devida aos Estados e ao Distrito Federal;<br \/>\n&#8211; A Uni\u00e3o complementar\u00e1 os recursos dos Fundos sempre que, no \u00e2mbito de cada Estado e no Distrito Federal, o valor m\u00e9dio ponderado por aluno, calculado na forma do Anexo da referida Lei, n\u00e3o alcan\u00e7ar o m\u00ednimo definido nacionalmente;<br \/>\n&#8211; Os recursos dos Fundos, inclusive aqueles oriundos de complementa\u00e7\u00e3o da Uni\u00e3o, ser\u00e3o utilizados pelos Estados, pelo Distrito Federal e pelos Munic\u00edpios, no exerc\u00edcio financeiro em que lhes forem creditados, em a\u00e7\u00f5es consideradas como de manuten\u00e7\u00e3o e desenvolvimento do ensino para a educa\u00e7\u00e3o b\u00e1sica p\u00fablica e poder\u00e3o ser aplicados pelos Estados e Munic\u00edpios indistintamente entre etapas, modalidades e tipos de estabelecimento de ensino da educa\u00e7\u00e3o b\u00e1sica nos seus respectivos \u00e2mbitos de atua\u00e7\u00e3o priorit\u00e1ria.<\/p>\n<p>A esse respeito, considere as seguintes afirma\u00e7\u00f5es:<\/p>\n<p>I \u2013 A institui\u00e7\u00e3o de um Fundo de Manuten\u00e7\u00e3o e Desenvolvimento da Educa\u00e7\u00e3o B\u00e1sica e de Valoriza\u00e7\u00e3o dos Profissionais da Educa\u00e7\u00e3o no \u00e2mbito de cada Estado e do Distrito Federal atende a determina\u00e7\u00e3o de norma inserida na Constitui\u00e7\u00e3o da Rep\u00fablica;<br \/>\nII \u2013 A receita proveniente de parcela do produto da arrecada\u00e7\u00e3o do imposto sobre a propriedade territorial rural, relativamente a im\u00f3veis situados nos Munic\u00edpios, n\u00e3o deveria integrar os fundos, por aus\u00eancia de autoriza\u00e7\u00e3o constitucional;<br \/>\nIII- A complementa\u00e7\u00e3o de recursos dos Fundos, pela Uni\u00e3o, sempre que o valor n\u00e3o alcan\u00e7ar o m\u00ednimo definido nacionalmente, n\u00e3o poder\u00e1 incluir a utiliza\u00e7\u00e3o de recursos provenientes da arrecada\u00e7\u00e3o da contribui\u00e7\u00e3o social do sal\u00e1rio-educa\u00e7\u00e3o;<br \/>\nIV \u2013 A previs\u00e3o constante da lei, de aplica\u00e7\u00e3o dos recursos dos Fundos por Estados e Munic\u00edpios indistintamente entre etapas, modalidades e tipos de estabelecimento, \u00e9 contr\u00e1ria \u00e0 Constitui\u00e7\u00e3o da Rep\u00fablica, que determina que sejam aplicados, prioritariamente, em ensino fundamental.<\/p>\n<p>Est\u00e1 correto o que se afirma APENAS em:<br \/>\na) I e II.<br \/>\nb) I e III.<br \/>\nc) II e III.<br \/>\nd) II e IV.<br \/>\ne) III e IV.<\/p>\n<p><u>Coment\u00e1rios:<br \/>\n<\/u><br \/>\nCobrar um artigo do ADCT foi pura maldade do examinador! Pouqu\u00edssima gente deve ter acertado esta quest\u00e3o.<\/p>\n<p>O item I est\u00e1 correto. De fato, a Constitui\u00e7\u00e3o prev\u00ea, no art. 6\u00ba, inciso I, do ADCT, a cria\u00e7\u00e3o do FUNDEB.<\/p>\n<p>O item II est\u00e1 incorreto. H\u00e1 previs\u00e3o, sim, de utiliza\u00e7\u00e3o dos recursos provenientes do ITR relativamente aos im\u00f3veis situados nos Munic\u00edpios, no art. 60, II, do ADCT, que faz refer\u00eancia ao art. 158, II, da CF\/88.<\/p>\n<p>O item III est\u00e1 correto. O art. 60, II, do ADCT veda a utiliza\u00e7\u00e3o, na complementa\u00e7\u00e3o dos recursos dos Fundos, pela Uni\u00e3o, dos recursos provenientes da arrecada\u00e7\u00e3o do sal\u00e1rio-educa\u00e7\u00e3o, previsto no art. 212, \u00a7 5\u00ba, da CF\/88.<\/p>\n<p>O item IV est\u00e1 incorreto. N\u00e3o h\u00e1 tal previs\u00e3o na Constitui\u00e7\u00e3o Federal. O art. 60, \u00a7 4\u00ba, do ADCT, prev\u00ea que os recursos ser\u00e3o utilizados na educa\u00e7\u00e3o infantil, no ensino m\u00e9dio e na educa\u00e7\u00e3o de jovens e adultos.<\/p>\n<p>O gabarito \u00e9 a letra B.<\/p>\n<p>Em nosso pr\u00f3ximo artigo, continuaremos a an\u00e1lise da prova do TCE-SP.<\/p>\n<p>Abra\u00e7os e bons estudos!<\/p>\n<p>N\u00e1dia Carolina<br \/>\n<a href=\"mailto:nadia@estrategiaconcursos.com.br\">nadia@estrategiaconcursos.com.br<\/a><\/p>\n<p><a href=\"http:\/\/www.facebook.com\/#!\/profile.php?id=830154075\">http:\/\/www.facebook.com\/N\u00e1diaCarolina<\/a><\/p>\n<p><a href=\"https:\/\/www.estrategiaconcursos.com.br\/cursosPorConcurso\/tce-sp-tribunal-de-contas-do-estado-de-sao-paulo\/\">\u00a0Cursos Online para TCE-SP<\/a><\/p>\n<\/div>\n","protected":false},"excerpt":{"rendered":"<p>Ol\u00e1, meus amigos! Hoje comentaremos parte da prova de Direito Constitucional do Concurso TCE-SP (cargo de Agente de Fiscaliza\u00e7\u00e3o Financeira). O n\u00edvel de cobran\u00e7a foi bastante elevado, mas quem estudou pelos cursos do Estrat\u00e9gia e do Eu Vou Passar certamente teve um \u00f3timo desempenho. A FCC inovou ao criar situa\u00e7\u00f5es pr\u00e1ticas para a cobran\u00e7a de [&hellip;]<\/p>\n","protected":false},"author":58,"featured_media":0,"comment_status":"open","ping_status":"open","sticky":false,"template":"","format":"standard","meta":{"post_tipo":"article","footnotes":""},"categories":[1],"tags":[],"tax_estado":[],"class_list":["post-8009","post","type-post","status-publish","format-standard","hentry","category-cursos-e-concursos"],"acf":[],"yoast_head":"<!-- This site is optimized with the Yoast SEO Premium plugin v27.2 (Yoast SEO v27.2) - https:\/\/yoast.com\/product\/yoast-seo-premium-wordpress\/ -->\n<title>Coment\u00e1rios Prova TCE-SP de Direito Constitucional (Parte I)<\/title>\n<meta name=\"description\" content=\"Coment\u00e1rios Prova TCE-SP 2012 de Direito Constitucional. Comentaremos parte da prova de Direito Constitucional de Agente de Fiscaliza\u00e7\u00e3o Financeira.\" \/>\n<meta name=\"robots\" content=\"index, follow, max-snippet:-1, max-image-preview:large, max-video-preview:-1\" \/>\n<link rel=\"canonical\" href=\"https:\/\/www.estrategiaconcursos.com.br\/blog\/comentarios-a-prova-de-direito-constitucional-do-tce-sp-parte-i-4\/\" \/>\n<meta property=\"og:locale\" content=\"pt_BR\" \/>\n<meta property=\"og:type\" content=\"article\" \/>\n<meta property=\"og:title\" content=\"Coment\u00e1rios Prova TCE-SP de Direito Constitucional (Parte I)\" \/>\n<meta property=\"og:description\" content=\"Coment\u00e1rios Prova TCE-SP 2012 de Direito Constitucional. Comentaremos parte da prova de Direito Constitucional de Agente de Fiscaliza\u00e7\u00e3o Financeira.\" \/>\n<meta property=\"og:url\" content=\"https:\/\/www.estrategiaconcursos.com.br\/blog\/comentarios-a-prova-de-direito-constitucional-do-tce-sp-parte-i-4\/\" \/>\n<meta property=\"og:site_name\" content=\"Estrat\u00e9gia Concursos\" \/>\n<meta property=\"article:author\" content=\"https:\/\/www.facebook.com\/nadia.c.santos.16\" \/>\n<meta property=\"article:published_time\" content=\"2012-07-09T01:28:05+00:00\" \/>\n<meta property=\"article:modified_time\" content=\"2017-09-20T17:16:42+00:00\" \/>\n<meta name=\"author\" content=\"N\u00e1dia Carolina\" \/>\n<meta name=\"twitter:card\" content=\"summary_large_image\" \/>\n<meta name=\"twitter:creator\" content=\"@EstratConcursos\" \/>\n<meta name=\"twitter:site\" content=\"@EstratConcursos\" \/>\n<meta name=\"twitter:label1\" content=\"Escrito por\" \/>\n\t<meta name=\"twitter:data1\" content=\"N\u00e1dia Carolina\" \/>\n\t<meta name=\"twitter:label2\" content=\"Est. tempo de leitura\" \/>\n\t<meta name=\"twitter:data2\" content=\"8 minutos\" \/>\n<script type=\"application\/ld+json\" class=\"yoast-schema-graph\">{\"@context\":\"https:\/\/schema.org\",\"@graph\":[{\"@type\":\"NewsArticle\",\"@id\":\"https:\/\/www.estrategiaconcursos.com.br\/blog\/comentarios-a-prova-de-direito-constitucional-do-tce-sp-parte-i-4\/#article\",\"isPartOf\":{\"@id\":\"https:\/\/www.estrategiaconcursos.com.br\/blog\/comentarios-a-prova-de-direito-constitucional-do-tce-sp-parte-i-4\/\"},\"author\":{\"name\":\"N\u00e1dia Carolina\",\"@id\":\"https:\/\/www.estrategiaconcursos.com.br\/blog\/#\/schema\/person\/bf1b1d1865628ae32d608d5bad5442c6\"},\"headline\":\"Coment\u00e1rios Prova TCE-SP de Direito Constitucional (Parte I)\",\"datePublished\":\"2012-07-09T01:28:05+00:00\",\"dateModified\":\"2017-09-20T17:16:42+00:00\",\"mainEntityOfPage\":{\"@id\":\"https:\/\/www.estrategiaconcursos.com.br\/blog\/comentarios-a-prova-de-direito-constitucional-do-tce-sp-parte-i-4\/\"},\"wordCount\":1690,\"commentCount\":0,\"publisher\":{\"@id\":\"https:\/\/www.estrategiaconcursos.com.br\/blog\/#organization\"},\"articleSection\":[\"Concursos P\u00fablicos\"],\"inLanguage\":\"pt-BR\",\"potentialAction\":[{\"@type\":\"CommentAction\",\"name\":\"Comment\",\"target\":[\"https:\/\/www.estrategiaconcursos.com.br\/blog\/comentarios-a-prova-de-direito-constitucional-do-tce-sp-parte-i-4\/#respond\"]}],\"copyrightYear\":\"2012\",\"copyrightHolder\":{\"@id\":\"https:\/\/www.estrategiaconcursos.com.br\/blog\/#organization\"}},{\"@type\":\"WebPage\",\"@id\":\"https:\/\/www.estrategiaconcursos.com.br\/blog\/comentarios-a-prova-de-direito-constitucional-do-tce-sp-parte-i-4\/\",\"url\":\"https:\/\/www.estrategiaconcursos.com.br\/blog\/comentarios-a-prova-de-direito-constitucional-do-tce-sp-parte-i-4\/\",\"name\":\"Coment\u00e1rios Prova TCE-SP de Direito Constitucional (Parte I)\",\"isPartOf\":{\"@id\":\"https:\/\/www.estrategiaconcursos.com.br\/blog\/#website\"},\"datePublished\":\"2012-07-09T01:28:05+00:00\",\"dateModified\":\"2017-09-20T17:16:42+00:00\",\"description\":\"Coment\u00e1rios Prova TCE-SP 2012 de Direito Constitucional. Comentaremos parte da prova de Direito Constitucional de Agente de Fiscaliza\u00e7\u00e3o Financeira.\",\"breadcrumb\":{\"@id\":\"https:\/\/www.estrategiaconcursos.com.br\/blog\/comentarios-a-prova-de-direito-constitucional-do-tce-sp-parte-i-4\/#breadcrumb\"},\"inLanguage\":\"pt-BR\",\"potentialAction\":[{\"@type\":\"ReadAction\",\"target\":[\"https:\/\/www.estrategiaconcursos.com.br\/blog\/comentarios-a-prova-de-direito-constitucional-do-tce-sp-parte-i-4\/\"]}]},{\"@type\":\"BreadcrumbList\",\"@id\":\"https:\/\/www.estrategiaconcursos.com.br\/blog\/comentarios-a-prova-de-direito-constitucional-do-tce-sp-parte-i-4\/#breadcrumb\",\"itemListElement\":[{\"@type\":\"ListItem\",\"position\":1,\"name\":\"In\u00edcio\",\"item\":\"https:\/\/www.estrategiaconcursos.com.br\/blog\/\"},{\"@type\":\"ListItem\",\"position\":2,\"name\":\"Coment\u00e1rios Prova TCE-SP de Direito Constitucional (Parte I)\"}]},{\"@type\":\"WebSite\",\"@id\":\"https:\/\/www.estrategiaconcursos.com.br\/blog\/#website\",\"url\":\"https:\/\/www.estrategiaconcursos.com.br\/blog\/\",\"name\":\"Estrat\u00e9gia Concursos\",\"description\":\"O blog da Estrat\u00e9gia Concursos traz not\u00edcias sobre concursos e artigos de professores oferecendo cursos para concursos (pdf + videaulas) no site.\",\"publisher\":{\"@id\":\"https:\/\/www.estrategiaconcursos.com.br\/blog\/#organization\"},\"potentialAction\":[{\"@type\":\"SearchAction\",\"target\":{\"@type\":\"EntryPoint\",\"urlTemplate\":\"https:\/\/www.estrategiaconcursos.com.br\/blog\/?s={search_term_string}\"},\"query-input\":{\"@type\":\"PropertyValueSpecification\",\"valueRequired\":true,\"valueName\":\"search_term_string\"}}],\"inLanguage\":\"pt-BR\"},{\"@type\":\"Organization\",\"@id\":\"https:\/\/www.estrategiaconcursos.com.br\/blog\/#organization\",\"name\":\"Estrat\u00e9gia Concursos\",\"url\":\"https:\/\/www.estrategiaconcursos.com.br\/blog\/\",\"logo\":{\"@type\":\"ImageObject\",\"inLanguage\":\"pt-BR\",\"@id\":\"https:\/\/www.estrategiaconcursos.com.br\/blog\/#\/schema\/logo\/image\/\",\"url\":\"https:\/\/dhg1h5j42swfq.cloudfront.net\/2025\/06\/03203428\/logo_concursos-1.jpg\",\"contentUrl\":\"https:\/\/dhg1h5j42swfq.cloudfront.net\/2025\/06\/03203428\/logo_concursos-1.jpg\",\"width\":230,\"height\":60,\"caption\":\"Estrat\u00e9gia Concursos\"},\"image\":{\"@id\":\"https:\/\/www.estrategiaconcursos.com.br\/blog\/#\/schema\/logo\/image\/\"},\"sameAs\":[\"https:\/\/x.com\/EstratConcursos\"]},{\"@type\":\"Person\",\"@id\":\"https:\/\/www.estrategiaconcursos.com.br\/blog\/#\/schema\/person\/bf1b1d1865628ae32d608d5bad5442c6\",\"name\":\"N\u00e1dia Carolina\",\"image\":{\"@type\":\"ImageObject\",\"inLanguage\":\"pt-BR\",\"@id\":\"https:\/\/secure.gravatar.com\/avatar\/0ec0c484339a071f22ea5ced30956ccdaab0f83125b2dc1857c3b038404136a7?s=96&d=mm&r=g\",\"url\":\"https:\/\/secure.gravatar.com\/avatar\/0ec0c484339a071f22ea5ced30956ccdaab0f83125b2dc1857c3b038404136a7?s=96&d=mm&r=g\",\"contentUrl\":\"https:\/\/secure.gravatar.com\/avatar\/0ec0c484339a071f22ea5ced30956ccdaab0f83125b2dc1857c3b038404136a7?s=96&d=mm&r=g\",\"caption\":\"N\u00e1dia Carolina\"},\"sameAs\":[\"https:\/\/www.facebook.com\/nadia.c.santos.16\"],\"url\":\"https:\/\/www.estrategiaconcursos.com.br\/blog\/author\/nadiaestrategiaconcursos-com-br\/\"}]}<\/script>\n<!-- \/ Yoast SEO Premium plugin. -->","yoast_head_json":{"title":"Coment\u00e1rios Prova TCE-SP de Direito Constitucional (Parte I)","description":"Coment\u00e1rios Prova TCE-SP 2012 de Direito Constitucional. Comentaremos parte da prova de Direito Constitucional de Agente de Fiscaliza\u00e7\u00e3o Financeira.","robots":{"index":"index","follow":"follow","max-snippet":"max-snippet:-1","max-image-preview":"max-image-preview:large","max-video-preview":"max-video-preview:-1"},"canonical":"https:\/\/www.estrategiaconcursos.com.br\/blog\/comentarios-a-prova-de-direito-constitucional-do-tce-sp-parte-i-4\/","og_locale":"pt_BR","og_type":"article","og_title":"Coment\u00e1rios Prova TCE-SP de Direito Constitucional (Parte I)","og_description":"Coment\u00e1rios Prova TCE-SP 2012 de Direito Constitucional. Comentaremos parte da prova de Direito Constitucional de Agente de Fiscaliza\u00e7\u00e3o Financeira.","og_url":"https:\/\/www.estrategiaconcursos.com.br\/blog\/comentarios-a-prova-de-direito-constitucional-do-tce-sp-parte-i-4\/","og_site_name":"Estrat\u00e9gia Concursos","article_author":"https:\/\/www.facebook.com\/nadia.c.santos.16","article_published_time":"2012-07-09T01:28:05+00:00","article_modified_time":"2017-09-20T17:16:42+00:00","author":"N\u00e1dia Carolina","twitter_card":"summary_large_image","twitter_creator":"@EstratConcursos","twitter_site":"@EstratConcursos","twitter_misc":{"Escrito por":"N\u00e1dia Carolina","Est. tempo de leitura":"8 minutos"},"schema":{"@context":"https:\/\/schema.org","@graph":[{"@type":"NewsArticle","@id":"https:\/\/www.estrategiaconcursos.com.br\/blog\/comentarios-a-prova-de-direito-constitucional-do-tce-sp-parte-i-4\/#article","isPartOf":{"@id":"https:\/\/www.estrategiaconcursos.com.br\/blog\/comentarios-a-prova-de-direito-constitucional-do-tce-sp-parte-i-4\/"},"author":{"name":"N\u00e1dia Carolina","@id":"https:\/\/www.estrategiaconcursos.com.br\/blog\/#\/schema\/person\/bf1b1d1865628ae32d608d5bad5442c6"},"headline":"Coment\u00e1rios Prova TCE-SP de Direito Constitucional (Parte I)","datePublished":"2012-07-09T01:28:05+00:00","dateModified":"2017-09-20T17:16:42+00:00","mainEntityOfPage":{"@id":"https:\/\/www.estrategiaconcursos.com.br\/blog\/comentarios-a-prova-de-direito-constitucional-do-tce-sp-parte-i-4\/"},"wordCount":1690,"commentCount":0,"publisher":{"@id":"https:\/\/www.estrategiaconcursos.com.br\/blog\/#organization"},"articleSection":["Concursos P\u00fablicos"],"inLanguage":"pt-BR","potentialAction":[{"@type":"CommentAction","name":"Comment","target":["https:\/\/www.estrategiaconcursos.com.br\/blog\/comentarios-a-prova-de-direito-constitucional-do-tce-sp-parte-i-4\/#respond"]}],"copyrightYear":"2012","copyrightHolder":{"@id":"https:\/\/www.estrategiaconcursos.com.br\/blog\/#organization"}},{"@type":"WebPage","@id":"https:\/\/www.estrategiaconcursos.com.br\/blog\/comentarios-a-prova-de-direito-constitucional-do-tce-sp-parte-i-4\/","url":"https:\/\/www.estrategiaconcursos.com.br\/blog\/comentarios-a-prova-de-direito-constitucional-do-tce-sp-parte-i-4\/","name":"Coment\u00e1rios Prova TCE-SP de Direito Constitucional (Parte I)","isPartOf":{"@id":"https:\/\/www.estrategiaconcursos.com.br\/blog\/#website"},"datePublished":"2012-07-09T01:28:05+00:00","dateModified":"2017-09-20T17:16:42+00:00","description":"Coment\u00e1rios Prova TCE-SP 2012 de Direito Constitucional. Comentaremos parte da prova de Direito Constitucional de Agente de Fiscaliza\u00e7\u00e3o Financeira.","breadcrumb":{"@id":"https:\/\/www.estrategiaconcursos.com.br\/blog\/comentarios-a-prova-de-direito-constitucional-do-tce-sp-parte-i-4\/#breadcrumb"},"inLanguage":"pt-BR","potentialAction":[{"@type":"ReadAction","target":["https:\/\/www.estrategiaconcursos.com.br\/blog\/comentarios-a-prova-de-direito-constitucional-do-tce-sp-parte-i-4\/"]}]},{"@type":"BreadcrumbList","@id":"https:\/\/www.estrategiaconcursos.com.br\/blog\/comentarios-a-prova-de-direito-constitucional-do-tce-sp-parte-i-4\/#breadcrumb","itemListElement":[{"@type":"ListItem","position":1,"name":"In\u00edcio","item":"https:\/\/www.estrategiaconcursos.com.br\/blog\/"},{"@type":"ListItem","position":2,"name":"Coment\u00e1rios Prova TCE-SP de Direito Constitucional (Parte I)"}]},{"@type":"WebSite","@id":"https:\/\/www.estrategiaconcursos.com.br\/blog\/#website","url":"https:\/\/www.estrategiaconcursos.com.br\/blog\/","name":"Estrat\u00e9gia Concursos","description":"O blog da Estrat\u00e9gia Concursos traz not\u00edcias sobre concursos e artigos de professores oferecendo cursos para concursos (pdf + videaulas) no site.","publisher":{"@id":"https:\/\/www.estrategiaconcursos.com.br\/blog\/#organization"},"potentialAction":[{"@type":"SearchAction","target":{"@type":"EntryPoint","urlTemplate":"https:\/\/www.estrategiaconcursos.com.br\/blog\/?s={search_term_string}"},"query-input":{"@type":"PropertyValueSpecification","valueRequired":true,"valueName":"search_term_string"}}],"inLanguage":"pt-BR"},{"@type":"Organization","@id":"https:\/\/www.estrategiaconcursos.com.br\/blog\/#organization","name":"Estrat\u00e9gia Concursos","url":"https:\/\/www.estrategiaconcursos.com.br\/blog\/","logo":{"@type":"ImageObject","inLanguage":"pt-BR","@id":"https:\/\/www.estrategiaconcursos.com.br\/blog\/#\/schema\/logo\/image\/","url":"https:\/\/dhg1h5j42swfq.cloudfront.net\/2025\/06\/03203428\/logo_concursos-1.jpg","contentUrl":"https:\/\/dhg1h5j42swfq.cloudfront.net\/2025\/06\/03203428\/logo_concursos-1.jpg","width":230,"height":60,"caption":"Estrat\u00e9gia Concursos"},"image":{"@id":"https:\/\/www.estrategiaconcursos.com.br\/blog\/#\/schema\/logo\/image\/"},"sameAs":["https:\/\/x.com\/EstratConcursos"]},{"@type":"Person","@id":"https:\/\/www.estrategiaconcursos.com.br\/blog\/#\/schema\/person\/bf1b1d1865628ae32d608d5bad5442c6","name":"N\u00e1dia Carolina","image":{"@type":"ImageObject","inLanguage":"pt-BR","@id":"https:\/\/secure.gravatar.com\/avatar\/0ec0c484339a071f22ea5ced30956ccdaab0f83125b2dc1857c3b038404136a7?s=96&d=mm&r=g","url":"https:\/\/secure.gravatar.com\/avatar\/0ec0c484339a071f22ea5ced30956ccdaab0f83125b2dc1857c3b038404136a7?s=96&d=mm&r=g","contentUrl":"https:\/\/secure.gravatar.com\/avatar\/0ec0c484339a071f22ea5ced30956ccdaab0f83125b2dc1857c3b038404136a7?s=96&d=mm&r=g","caption":"N\u00e1dia Carolina"},"sameAs":["https:\/\/www.facebook.com\/nadia.c.santos.16"],"url":"https:\/\/www.estrategiaconcursos.com.br\/blog\/author\/nadiaestrategiaconcursos-com-br\/"}]}},"_links":{"self":[{"href":"https:\/\/www.estrategiaconcursos.com.br\/blog\/wp-json\/wp\/v2\/posts\/8009","targetHints":{"allow":["GET"]}}],"collection":[{"href":"https:\/\/www.estrategiaconcursos.com.br\/blog\/wp-json\/wp\/v2\/posts"}],"about":[{"href":"https:\/\/www.estrategiaconcursos.com.br\/blog\/wp-json\/wp\/v2\/types\/post"}],"author":[{"embeddable":true,"href":"https:\/\/www.estrategiaconcursos.com.br\/blog\/wp-json\/wp\/v2\/users\/58"}],"replies":[{"embeddable":true,"href":"https:\/\/www.estrategiaconcursos.com.br\/blog\/wp-json\/wp\/v2\/comments?post=8009"}],"version-history":[{"count":2,"href":"https:\/\/www.estrategiaconcursos.com.br\/blog\/wp-json\/wp\/v2\/posts\/8009\/revisions"}],"predecessor-version":[{"id":89531,"href":"https:\/\/www.estrategiaconcursos.com.br\/blog\/wp-json\/wp\/v2\/posts\/8009\/revisions\/89531"}],"wp:attachment":[{"href":"https:\/\/www.estrategiaconcursos.com.br\/blog\/wp-json\/wp\/v2\/media?parent=8009"}],"wp:term":[{"taxonomy":"category","embeddable":true,"href":"https:\/\/www.estrategiaconcursos.com.br\/blog\/wp-json\/wp\/v2\/categories?post=8009"},{"taxonomy":"post_tag","embeddable":true,"href":"https:\/\/www.estrategiaconcursos.com.br\/blog\/wp-json\/wp\/v2\/tags?post=8009"},{"taxonomy":"tax_estado","embeddable":true,"href":"https:\/\/www.estrategiaconcursos.com.br\/blog\/wp-json\/wp\/v2\/tax_estado?post=8009"}],"curies":[{"name":"wp","href":"https:\/\/api.w.org\/{rel}","templated":true}]}}