{"id":800111,"date":"2026-03-26T10:00:00","date_gmt":"2026-03-26T13:00:00","guid":{"rendered":"https:\/\/www.estrategiaconcursos.com.br\/blog\/?p=800111"},"modified":"2026-03-27T17:03:21","modified_gmt":"2026-03-27T20:03:21","slug":"concurso-embrapa","status":"publish","type":"post","link":"https:\/\/www.estrategiaconcursos.com.br\/blog\/concurso-embrapa\/","title":{"rendered":"Concurso Embrapa: iniciada convoca\u00e7\u00e3o dos aprovados!"},"content":{"rendered":"\n<p style=\"font-size:clamp(15.747px, 0.984rem + ((1vw - 3.2px) * 0.809), 24px);\"><strong><em>Concurso da Embrapa: resultado final para todos os cargos \u00e9 homologado<\/em><\/strong><\/p>\n\n\n\n<center><a id=\"cta-icon\" href=\"https:\/\/sndflw.com\/i\/embrapa-grupo\" target=\"_blank\" style=\"background:#29a61a; display:inline-flex; align-items:center; padding:10px 15px; border-radius:6px; color:#fff; text-decoration:none; font-weight:500; font-size:15px;\"><img decoding=\"async\" src=\"https:\/\/dhg1h5j42swfq.cloudfront.net\/2023\/12\/07154107\/whatsapp_13851.png\" alt=\"\" style=\"width:20px; height:20px; margin-right:8px;\"><span>Acesse agora o Grupo de Estudos para o Concurso Embrapa<\/span><\/a><\/center>\n\n\n\n<div style=\"height:7px\" aria-hidden=\"true\" class=\"wp-block-spacer\"><\/div>\n\n\n\n<p>Novidades sobre o <strong>concurso Embrapa (<a href=\"https:\/\/www.estrategiaconcursos.com.br\/cursosPorConcurso\/empresa-brasileira-de-pesquisa-agropecuaria-embrapa\/\" target=\"_blank\" rel=\"noreferrer noopener\">Empresa Brasileira de Pesquisa Agropecu\u00e1ria<\/a>)<\/strong>: j\u00e1 foram iniciadas as <strong>convoca\u00e7\u00f5es dos aprovados<\/strong>!<\/p>\n\n\n\n<p>A supervisora de Gest\u00e3o Funcional, Evelin Matos, <a href=\"https:\/\/www.embrapa.br\/busca-de-noticias\/-\/noticia\/103234063\/aprovados-no-concurso-comecam-a-ser-convocados\" target=\"_blank\" rel=\"noreferrer noopener\">informou<\/a> que a prioridade \u00e9 chamar o primeiro colocado de cada um dos 99 perfis disponibilizados no concurso.<\/p>\n\n\n\n<p>Posteriormente, ser\u00e3o convocados os aprovados nas posi\u00e7\u00f5es subsequentes para perfis com mais de uma vaga, bem como os perfis com vagas que cont\u00eam pessoas pretas ou pardas e pessoas com defici\u00eancia.<\/p>\n\n\n\n<p>Para o final de 2025, a previs\u00e3o era de chamada de, pelo menos, 621 aprovados nos cargos de Assistentes, T\u00e9cnicos e Analistas. Para Pesquisadores, <strong>as convoca\u00e7\u00f5es come\u00e7aram em outubro.<\/strong><\/p>\n\n\n\n<figure class=\"wp-block-image aligncenter size-full\"><img loading=\"lazy\" decoding=\"async\" width=\"643\" height=\"384\" src=\"https:\/\/dhg1h5j42swfq.cloudfront.net\/2025\/08\/24130135\/image-389.png\" alt=\"Concurso Embrapa: iniciada convoca\u00e7\u00e3o dos aprovados!\" class=\"wp-image-1644183\" srcset=\"https:\/\/dhg1h5j42swfq.cloudfront.net\/2025\/08\/24130135\/image-389.png 643w, https:\/\/dhg1h5j42swfq.cloudfront.net\/2025\/08\/24130135\/image-389-300x179.png 300w, https:\/\/dhg1h5j42swfq.cloudfront.net\/2025\/08\/24130135\/image-389-150x90.png 150w\" sizes=\"auto, (max-width: 643px) 100vw, 643px\" \/><figcaption class=\"wp-element-caption\">Convoca\u00e7\u00f5es do concurso Embrapa em 2025<\/figcaption><\/figure>\n\n\n\n<p>Para <strong>acompanhar as futuras convoca\u00e7\u00f5es<\/strong>, os candidatos aprovados devem ficar atentos \u00e0s comunica\u00e7\u00f5es realizadas pela Embrapa.<\/p>\n\n\n\n<p>A convoca\u00e7\u00e3o ser\u00e1 realizada inicialmente <strong>por e-mail<\/strong> e posteriormente por carta registrada, caso n\u00e3o haja resposta em tr\u00eas dias \u00fateis. <\/p>\n\n\n\n<p>Ap\u00f3s o recebimento da carta, o candidato tem mais tr\u00eas dias \u00fateis para aceitar o chamamento. <a href=\"https:\/\/lookerstudio.google.com\/u\/0\/reporting\/081070ee-89c7-4e57-85bc-04d4601aa513\/page\/qD6ZF\" target=\"_blank\" rel=\"noreferrer noopener\">Acompanhe todas as convoca\u00e7\u00f5es aqui<\/a>!<\/p>\n\n\n\n<ul class=\"wp-block-list\">\n<li><a href=\"https:\/\/dhg1h5j42swfq.cloudfront.net\/2025\/08\/19180402\/5b16de72af581d90789049378ed995c520c6a93dce20ae21d3f948f074352319-1.pdf\" target=\"_blank\" rel=\"noreferrer noopener nofollow\">Resultado final e homologa\u00e7\u00e3o <em>&#8211; <strong>Analista<\/strong><\/em><\/a>;<\/li>\n\n\n\n<li><a href=\"https:\/\/dhg1h5j42swfq.cloudfront.net\/2025\/08\/19180354\/c38e30190b33de7af84340ebcb86d4f5458f6540c76e8b0dbd67f5b837692c53-2.pdf\" target=\"_blank\" rel=\"noreferrer noopener nofollow\">Resultado final e homologa\u00e7\u00e3o <em>&#8211; <strong>Assistente e T\u00e9cnico<\/strong><\/em><\/a>;<\/li>\n\n\n\n<li><a href=\"https:\/\/dhg1h5j42swfq.cloudfront.net\/2025\/10\/08061612\/edital-no-45-embrapa-de-7-de-outubro-de-2025-edital-no-45-embrapa-de-7-de-outubro-de-2025-dou-imprensa-nacional.pdf\" target=\"_blank\" rel=\"noreferrer noopener nofollow\">Resultado e homologa\u00e7\u00e3o &#8211; <\/a><strong><a href=\"https:\/\/dhg1h5j42swfq.cloudfront.net\/2026\/01\/02112811\/56c82951dfac88c518dbb2441aba75792b13e1a5539201355773439d87f6bb0f.pdf\" target=\"_blank\" rel=\"noreferrer noopener nofollow\"><em>Pesquisador<\/em><\/a><\/strong>.<\/li>\n<\/ul>\n\n\n\n<p>A validade do concurso ser\u00e1 de dois anos, a contar da publica\u00e7\u00e3o da homologa\u00e7\u00e3o para cada cargo. Se necess\u00e1rio, poder\u00e1 ser prorrogado por mais dois anos.<\/p>\n\n\n\n<p>Ademais, de acordo com a <strong><a href=\"https:\/\/dhg1h5j42swfq.cloudfront.net\/2025\/03\/18164429\/embrapa_24-demanda-candidatos-por-vaga-atualizada.pdf\" target=\"_blank\" rel=\"noreferrer noopener nofollow\">demanda<\/a> <\/strong>de inscritos, um total de <strong>279.701<\/strong> candidatos disputaram, <strong>1.027 vagas<\/strong> e cadastro reserva.<\/p>\n\n\n\n<ul id=\"block-ee678516-e9d1-48bd-b327-7b9acd55f0fd\" class=\"wp-block-list has-black-color has-very-light-gray-to-cyan-bluish-gray-gradient-background has-text-color has-background\">\n<li><strong>Empresa Brasileira de Pesquisa Agropecu\u00e1ria &#8211; Embrapa<\/strong><\/li>\n\n\n\n<li><strong>Status:<\/strong>&nbsp;homologado<\/li>\n\n\n\n<li><strong>Banca: <\/strong><a href=\"https:\/\/www.cebraspe.org.br\/concursos\/embrapa_24\" target=\"_blank\" rel=\"noreferrer noopener\">Cebraspe<\/a><\/li>\n\n\n\n<li><strong>Vagas:<\/strong> 1.027 + CR<\/li>\n\n\n\n<li><strong>Sal\u00e1rio inicial: <\/strong>R$ 2.186,19 a R$ 12.814,61<\/li>\n\n\n\n<li><strong>Edital:<\/strong> <a href=\"https:\/\/dhg1h5j42swfq.cloudfront.net\/2024\/12\/06101046\/ed_1_2024_embrapa_abertura.pdf\" target=\"_blank\" rel=\"noreferrer noopener nofollow\">Embrapa 2024<\/a><\/li>\n<\/ul>\n\n\n\n<p>Nosso objetivo \u00e9 deix\u00e1-los 100% informados. Por isso, preparamos este artigo com as principais informa\u00e7\u00f5es sobre o concurso Embrapa. Acompanhe pelos t\u00f3picos abaixo e n\u00e3o perca nada:<\/p>\n\n\n\n<ul id=\"indice\" class=\"wp-block-list\">\n<li><strong><a href=\"#cargos\">Cargos e vagas<\/a><\/strong><\/li>\n\n\n\n<li><strong><a href=\"#etapas\">Etapas e provas<\/a><\/strong>\n<ul class=\"wp-block-list\">\n<li><a href=\"#objetiva\">Prova objetiva<\/a><\/li>\n\n\n\n<li><a href=\"#discursiva\">Prova discursiva<\/a><\/li>\n\n\n\n<li><a href=\"#defesa\">Defesa memorial<\/a><\/li>\n\n\n\n<li><a href=\"#avaliacao-de-titulos\">Avalia\u00e7\u00e3o de t\u00edtulos<\/a><\/li>\n\n\n\n<li><a href=\"#pratica\">Prova pr\u00e1tica<\/a><\/li>\n<\/ul>\n<\/li>\n\n\n\n<li><strong><a href=\"#carreira\">Carreira<\/a><\/strong>\n<ul class=\"wp-block-list\">\n<li><a href=\"#requisitos\">Requisitos<\/a><\/li>\n\n\n\n<li><a href=\"#remuneracao\">Remunera\u00e7\u00e3o<\/a><\/li>\n<\/ul>\n<\/li>\n\n\n\n<li><a href=\"#sobre\"><strong>Sobre a Embrapa<\/strong><\/a><\/li>\n\n\n\n<li><a href=\"#curso\"><strong>Cursos e assinaturas<\/strong><\/a><\/li>\n\n\n\n<li><a href=\"#infos\"><strong>Ficha t\u00e9cnica<\/strong><\/a><\/li>\n<\/ul>\n\n\n\n<p class=\"has-text-align-center has-background has-medium-font-size\" style=\"background-color:#dde4e9\"><strong><a href=\"https:\/\/www.estrategiaconcursos.com.br\/blog\/estrategia-aprovacoes-concursos-administrativos\/\" target=\"_blank\" rel=\"noreferrer noopener\">Estrat\u00e9gia: recorde de aprova\u00e7\u00f5es em concursos administrativos<\/a><\/strong><a href=\"https:\/\/www.estrategiaconcursos.com.br\/blog\/author\/camila-leiteestrategiaconcursos-com-br\/\"><\/a><\/p>\n\n\n\n<div class=\"container\" id=\"boxes\">\n  <div class=\"row\">\n\n    <div class=\"col-sm\">\n      <div class=\"banner-adm-ec\" id=\"box-assinatura\">\n        <h2 class=\"titulo-assinatura\">Concurso Embrapa<\/h2>\n        <p class=\"subtitulo-assinatura\">Trilhe o caminho da aprova\u00e7\u00e3o na Embrapa!<\/p>\n        <div class=\"box-botao\">\n          <a class=\"btn-assinatura\" target=\"_blank\" href=\"https:\/\/www.estrategiaconcursos.com.br\/cursosPorConcurso\/empresa-brasileira-de-pesquisa-agropecuaria-embrapa\/\" rel=\"noopener\">VER CURSOS<\/a>\n        <\/div>\n      <\/div>\n      \n    <\/div>\n\n  <\/div>\n<\/div>\n\n\n\n<h2 class=\"wp-block-heading\" id=\"cargos\">Concurso Embrapa: cargos, vagas e sal\u00e1rios<\/h2>\n\n\n\n<p>O concurso p\u00fablico Embrapa ofertou <strong>1.027 vagas de n\u00edveis fundamental, m\u00e9dio e superior, sendo<\/strong>:<\/p>\n\n\n\n<ul class=\"wp-block-list\">\n<li><strong>719 vagas <\/strong>para ampla concorr\u00eancia + cadastro de reserva; <\/li>\n\n\n\n<li><strong>103 vagas<\/strong> para pessoas com defici\u00eancia (PcDs); e<\/li>\n\n\n\n<li><strong>205 vagas <\/strong>para pessoas pretas e pardas (PPPs).<\/li>\n<\/ul>\n\n\n\n<p>Os aprovados far\u00e3o jus aos sal\u00e1rios iniciais seguintes, para uma jornada de 40 horas semanais:<\/p>\n\n\n\n<ul class=\"wp-block-list\">\n<li><strong>Pesquisador:<\/strong> R$ 12.814,61<\/li>\n\n\n\n<li><strong>Analista:<\/strong> R$ 10.921,33<\/li>\n\n\n\n<li><strong>T\u00e9cnico:<\/strong> R$ 5.556,81<\/li>\n\n\n\n<li><strong>Assistente:<\/strong> R$ 2.186,19<\/li>\n<\/ul>\n\n\n\n<p class=\"has-background\" style=\"background-color:#cfe5f1\"><strong>&gt;&gt;&gt; <a href=\"https:\/\/dhg1h5j42swfq.cloudfront.net\/2024\/12\/06102423\/ed_1_2024_embrapa_abertura-113-203-1.pdf\" target=\"_blank\" rel=\"noreferrer noopener nofollow\">A distribui\u00e7\u00e3o completa dos cargos e vagas \u00e9 possivel conferir aqui<\/a>!<br \/>&gt;&gt;&gt; <a href=\"https:\/\/dhg1h5j42swfq.cloudfront.net\/2024\/12\/16135845\/ed_2_embrapa_2024_retificao.pdf\" target=\"_blank\" rel=\"noreferrer noopener nofollow\">Retifica\u00e7\u00e3o no quadro de vagas<\/a><\/strong><\/p>\n\n\n\n<h2 class=\"wp-block-heading\" id=\"etapas\">Concurso Embrapa: etapas e provas<\/h2>\n\n\n\n<p>Os candidatos do concurso Embrapa enfrentaram as seguintes etapas:<\/p>\n\n\n\n<ul class=\"wp-block-list\">\n<li><strong>Provas objetivas,<\/strong> de car\u00e1ter eliminat\u00f3rio e classificat\u00f3rio, para todos os cargos;<\/li>\n\n\n\n<li><strong>Prova discursiva<\/strong>, de car\u00e1ter eliminat\u00f3rio e classificat\u00f3rio, somente para o cargo de Pesquisador e para o cargo de Analista nas op\u00e7\u00f5es 40009493, 40000176, 40002311, 40007169, 40000642, 40001150, 40000981, 40002490, 40003250, 40000383, 40002367, 40000202, 40000237, 40000648, 40000432, 40000497, 40004569, 40001151 e 40001348;<\/li>\n\n\n\n<li><strong>Defesa de memorial e apresenta\u00e7\u00e3o de projeto de pesquisa<\/strong>, de car\u00e1ter classificat\u00f3rio, somente para o cargo de Pesquisador;<\/li>\n\n\n\n<li><strong>Prova pr\u00e1tica<\/strong>, de car\u00e1ter eliminat\u00f3rio e classificat\u00f3rio, somente para o cargo de T\u00e9cnico, nas op\u00e7\u00f5es 40000002, 40001925 e 40004381, e para o cargo de Assistente, nas op\u00e7\u00f5es 40000007 e 40000035; e<\/li>\n\n\n\n<li><strong>Avalia\u00e7\u00e3o de t\u00edtulos<\/strong>, de car\u00e1ter classificat\u00f3rio, somente para o cargo de Pesquisador.<\/li>\n<\/ul>\n\n\n\n<h3 class=\"wp-block-heading\" id=\"objetiva\">Prova objetiva<\/h3>\n\n\n\n<p>As provas objetivas, de car\u00e1ter eliminat\u00f3rio e classificat\u00f3rio, abrangeram os objetos de avalia\u00e7\u00e3o constantes nas imagens abaixo e valeram, 110,00 pontos (para o cargo de Pesquisador) e 100,00 pontos (para os cargos de Analista, Assistente e T\u00e9cnico).<\/p>\n\n\n\n<p><strong><span style=\"text-decoration: underline;\">Pesquisador<\/span><\/strong><\/p>\n\n\n\n<figure class=\"wp-block-image aligncenter size-full\"><img loading=\"lazy\" decoding=\"async\" width=\"1001\" height=\"352\" src=\"https:\/\/dhg1h5j42swfq.cloudfront.net\/2024\/12\/06064048\/image-78.png\" alt=\"quadro com informa\u00e7\u00f5es sobre as etapas e provas do concurso Embrapa.\" class=\"wp-image-1500626\" srcset=\"https:\/\/dhg1h5j42swfq.cloudfront.net\/2024\/12\/06064048\/image-78.png 1001w, https:\/\/dhg1h5j42swfq.cloudfront.net\/2024\/12\/06064048\/image-78-300x105.png 300w, https:\/\/dhg1h5j42swfq.cloudfront.net\/2024\/12\/06064048\/image-78-768x270.png 768w, https:\/\/dhg1h5j42swfq.cloudfront.net\/2024\/12\/06064048\/image-78-150x53.png 150w\" sizes=\"auto, (max-width: 1001px) 100vw, 1001px\" \/><\/figure>\n\n\n\n<p><strong><span style=\"text-decoration: underline;\">Analista<\/span> (somente para as op\u00e7\u00f5es: 40009493, 40000176, 40002311, 40007169, 40000642, 40001150, 40000981, 40002490, 40003250, 40000383, 40002367, 40000202, 40000237, 40000648, 40000432, 40000497, 40004569, 40001151 E 40001348).<\/strong><\/p>\n\n\n\n<figure class=\"wp-block-image aligncenter size-full\"><img loading=\"lazy\" decoding=\"async\" width=\"997\" height=\"268\" src=\"https:\/\/dhg1h5j42swfq.cloudfront.net\/2024\/12\/06064154\/image-79.png\" alt=\"Quadro de informa\u00e7\u00f5es sobre a prova e \u00e1rea de conhecimento do concurso Embrapa.\" class=\"wp-image-1500628\" srcset=\"https:\/\/dhg1h5j42swfq.cloudfront.net\/2024\/12\/06064154\/image-79.png 997w, https:\/\/dhg1h5j42swfq.cloudfront.net\/2024\/12\/06064154\/image-79-300x81.png 300w, https:\/\/dhg1h5j42swfq.cloudfront.net\/2024\/12\/06064154\/image-79-768x206.png 768w, https:\/\/dhg1h5j42swfq.cloudfront.net\/2024\/12\/06064154\/image-79-150x40.png 150w\" sizes=\"auto, (max-width: 997px) 100vw, 997px\" \/><\/figure>\n\n\n\n<p><strong><span style=\"text-decoration: underline;\">Analista<\/span> (exceto para as op\u00e7\u00f5es 40009493, 40000176, 40002311, 40007169, 40000642, 40001150, 40000981, 40002490, 40003250, 40000383, 40002367, 40000202, 40000237, 40000648, 40000432, 40000497, 40004569, 40001151 E 40001348).<\/strong><\/p>\n\n\n\n<figure class=\"wp-block-image aligncenter size-full\"><img loading=\"lazy\" decoding=\"async\" width=\"992\" height=\"137\" src=\"https:\/\/dhg1h5j42swfq.cloudfront.net\/2024\/12\/06064304\/image-81.png\" alt=\"Quadro de etapas e provas do concurso embrapa.\" class=\"wp-image-1500632\" srcset=\"https:\/\/dhg1h5j42swfq.cloudfront.net\/2024\/12\/06064304\/image-81.png 992w, https:\/\/dhg1h5j42swfq.cloudfront.net\/2024\/12\/06064304\/image-81-300x41.png 300w, https:\/\/dhg1h5j42swfq.cloudfront.net\/2024\/12\/06064304\/image-81-768x106.png 768w, https:\/\/dhg1h5j42swfq.cloudfront.net\/2024\/12\/06064304\/image-81-150x21.png 150w\" sizes=\"auto, (max-width: 992px) 100vw, 992px\" \/><\/figure>\n\n\n\n<p><strong><span style=\"text-decoration: underline;\">T\u00e9cnico<\/span> (somente para as op\u00e7\u00f5es 40000002, 40001925 E 40004381)<\/strong><\/p>\n\n\n\n<figure class=\"wp-block-image aligncenter size-full is-resized\"><img loading=\"lazy\" decoding=\"async\" width=\"937\" height=\"134\" src=\"https:\/\/dhg1h5j42swfq.cloudfront.net\/2024\/12\/06064356\/image-82.png\" alt=\"Quadro de informa\u00e7\u00f5es sobre o cargo de t\u00e9cnico do concurso Embrapa\" class=\"wp-image-1500633\" style=\"width:840px;height:auto\" srcset=\"https:\/\/dhg1h5j42swfq.cloudfront.net\/2024\/12\/06064356\/image-82.png 937w, https:\/\/dhg1h5j42swfq.cloudfront.net\/2024\/12\/06064356\/image-82-300x43.png 300w, https:\/\/dhg1h5j42swfq.cloudfront.net\/2024\/12\/06064356\/image-82-768x110.png 768w, https:\/\/dhg1h5j42swfq.cloudfront.net\/2024\/12\/06064356\/image-82-150x21.png 150w\" sizes=\"auto, (max-width: 937px) 100vw, 937px\" \/><\/figure>\n\n\n\n<p><strong><span style=\"text-decoration: underline;\">T\u00e9cnico<\/span> (exceto para as op\u00e7\u00f5es 40000002, 40001925 E 40004381)<\/strong><\/p>\n\n\n\n<figure class=\"wp-block-image aligncenter size-full\"><img loading=\"lazy\" decoding=\"async\" width=\"933\" height=\"108\" src=\"https:\/\/dhg1h5j42swfq.cloudfront.net\/2024\/12\/06064443\/image-83.png\" alt=\"Quadro de informa\u00e7\u00f5es sobre a prova do cargo de t\u00e9cnico do concurso Embrapa\" class=\"wp-image-1500634\" srcset=\"https:\/\/dhg1h5j42swfq.cloudfront.net\/2024\/12\/06064443\/image-83.png 933w, https:\/\/dhg1h5j42swfq.cloudfront.net\/2024\/12\/06064443\/image-83-300x35.png 300w, https:\/\/dhg1h5j42swfq.cloudfront.net\/2024\/12\/06064443\/image-83-768x89.png 768w, https:\/\/dhg1h5j42swfq.cloudfront.net\/2024\/12\/06064443\/image-83-150x17.png 150w\" sizes=\"auto, (max-width: 933px) 100vw, 933px\" \/><\/figure>\n\n\n\n<p><strong><span style=\"text-decoration: underline;\">Assistente<\/span> (somente para as op\u00e7\u00f5es 40000007 E 40000035)<\/strong><\/p>\n\n\n\n<figure class=\"wp-block-image aligncenter size-full\"><img loading=\"lazy\" decoding=\"async\" width=\"942\" height=\"139\" src=\"https:\/\/dhg1h5j42swfq.cloudfront.net\/2024\/12\/06064522\/image-84.png\" alt=\"Quadro de informa\u00e7\u00f5es sobre a prova do cargo de assistente do concurso Embrapa\" class=\"wp-image-1500635\" srcset=\"https:\/\/dhg1h5j42swfq.cloudfront.net\/2024\/12\/06064522\/image-84.png 942w, https:\/\/dhg1h5j42swfq.cloudfront.net\/2024\/12\/06064522\/image-84-300x44.png 300w, https:\/\/dhg1h5j42swfq.cloudfront.net\/2024\/12\/06064522\/image-84-768x113.png 768w, https:\/\/dhg1h5j42swfq.cloudfront.net\/2024\/12\/06064522\/image-84-150x22.png 150w\" sizes=\"auto, (max-width: 942px) 100vw, 942px\" \/><\/figure>\n\n\n\n<p><strong><span style=\"text-decoration: underline;\">Assistente<\/span> (somente para a op\u00e7\u00e3o 40003995)<\/strong><\/p>\n\n\n\n<figure class=\"wp-block-image aligncenter size-full\"><img loading=\"lazy\" decoding=\"async\" width=\"936\" height=\"102\" src=\"https:\/\/dhg1h5j42swfq.cloudfront.net\/2024\/12\/06064602\/image-85.png\" alt=\"Quadro de informa\u00e7\u00f5es sobre a prova do cargo de assistente 40003995 do concurso Embrapa\" class=\"wp-image-1500636\" srcset=\"https:\/\/dhg1h5j42swfq.cloudfront.net\/2024\/12\/06064602\/image-85.png 936w, https:\/\/dhg1h5j42swfq.cloudfront.net\/2024\/12\/06064602\/image-85-300x33.png 300w, https:\/\/dhg1h5j42swfq.cloudfront.net\/2024\/12\/06064602\/image-85-768x84.png 768w, https:\/\/dhg1h5j42swfq.cloudfront.net\/2024\/12\/06064602\/image-85-150x16.png 150w\" sizes=\"auto, (max-width: 936px) 100vw, 936px\" \/><\/figure>\n\n\n\n<h3 class=\"wp-block-heading\" id=\"discursiva\">Prova discursiva<\/h3>\n\n\n\n<p>Esta etapa foi aplicada somente para <strong>Pesquisador <\/strong>e para <strong>Analista <\/strong>nas seguintes op\u00e7\u00f5es: 40009493, 40000176, 40002311, 40007169, 40000642, 40001150, 40000981, 40002490, 40003250, 40000383, 40002367, 40000202, 40000237, 40000648, 40000432, 40000497, 40004569, 40001151 E 40001348.<\/p>\n\n\n\n<p>Al\u00e9m disso, valeu 20,00 pontos e consistiu da reda\u00e7\u00e3o de texto dissertativo, de at\u00e9 30 linhas, a respeito de temas relacionados a Atualidades no contexto de atua\u00e7\u00e3o da Embrapa.<\/p>\n\n\n\n<h3 class=\"wp-block-heading\" id=\"defesa\">Defesa memorial<\/h3>\n\n\n\n<p>Para cada op\u00e7\u00e3o (cargo\/\u00e1rea\/sub\u00e1rea), foram convocados(as) para a defesa de memorial e apresenta\u00e7\u00e3o de projeto de pesquisa, de car\u00e1ter classificat\u00f3rio, os(as) candidatos(as) ao&nbsp;<strong>cargo de Pesquisador<\/strong>&nbsp;aprovados(as) na prova discursiva.<\/p>\n\n\n\n<p>A defesa de memorial e apresenta\u00e7\u00e3o de projeto de pesquisa valeu, em seu conjunto 10,00 pontos, e consistiu na apresenta\u00e7\u00e3o de memorial e de projeto de pesquisa, frente \u00e0 comiss\u00e3o examinadora, acerca de trabalhos, projetos e atividades de pesquisa e (ou) desenvolvimento tecnol\u00f3gico realizados pelo(a) candidato(a).<\/p>\n\n\n\n<p>Al\u00e9m disso, teve dura\u00e7\u00e3o m\u00e1xima de 20 minutos, sendo pelo menos 10 minutos destinados \u00e0 apresenta\u00e7\u00e3o do(a) candidato(a) e o tempo restante para argui\u00e7\u00e3o da comiss\u00e3o examinadora.<\/p>\n\n\n\n<h3 class=\"wp-block-heading\" id=\"avaliacao-de-titulos\">Avalia\u00e7\u00e3o de t\u00edtulos<\/h3>\n\n\n\n<p>Esta etapa foi aplicada somente ao cargo de <strong>Pesquisador<\/strong> e valeu, ao todo, 10 pontos.<\/p>\n\n\n\n<figure class=\"wp-block-image aligncenter size-full\"><img loading=\"lazy\" decoding=\"async\" width=\"446\" height=\"908\" src=\"https:\/\/dhg1h5j42swfq.cloudfront.net\/2024\/12\/06065141\/image-86.png\" alt=\"Informa\u00e7\u00f5es sobre avalia\u00e7\u00e3o de t\u00edtulos do concurso Embrapa.\" class=\"wp-image-1500643\" srcset=\"https:\/\/dhg1h5j42swfq.cloudfront.net\/2024\/12\/06065141\/image-86.png 446w, https:\/\/dhg1h5j42swfq.cloudfront.net\/2024\/12\/06065141\/image-86-147x300.png 147w, https:\/\/dhg1h5j42swfq.cloudfront.net\/2024\/12\/06065141\/image-86-150x305.png 150w\" sizes=\"auto, (max-width: 446px) 100vw, 446px\" \/><\/figure>\n\n\n\n<h3 class=\"wp-block-heading\" id=\"pratica\">Prova pr\u00e1tica<\/h3>\n\n\n\n<p>Foram convocados para a prova pr\u00e1tica somente os candidatos ao cargo de <strong>T\u00e9cnico <\/strong>nas op\u00e7\u00f5es 40000002, 40001925 e 40004381, e para o <strong>cargo <\/strong>de Assistente, nas op\u00e7\u00f5es 40000007 e 40000035, mais bem classificados nas provas objetivas.<\/p>\n\n\n\n<p>Esta fase valeu 10,00 pontos e consistiu na simula\u00e7\u00e3o de uma situa\u00e7\u00e3o-problema relativa \u00e0s atividades realizadas no cotidiano do trabalho, conforme os cargos\/\u00e1reas.<\/p>\n\n\n\n<p>A prova foi prestada individualmente e teve dura\u00e7\u00e3o m\u00e1xima de 15 minutos.<\/p>\n\n\n\n<p>Foi aprovado na prova pr\u00e1tica o candidato que obtivesse nota igual ou superior a 5,00 pontos.<\/p>\n\n\n\n<h2 class=\"wp-block-heading\" id=\"carreira\">Carreira na Embrapa<\/h2>\n\n\n\n<h3 class=\"wp-block-heading\" id=\"requisitos\">Requisitos<\/h3>\n\n\n\n<ul class=\"wp-block-list\">\n<li><strong>Pesquisador:<\/strong> Diploma devidamente registrado de conclus\u00e3o de curso de gradua\u00e7\u00e3o em \u00e1reas espec\u00edficas;<\/li>\n\n\n\n<li><strong>Analista:<\/strong> Diploma devidamente registrado de conclus\u00e3o de curso de gradua\u00e7\u00e3o em \u00e1reas espec\u00edficas;<\/li>\n\n\n\n<li><strong>Assistente A:<\/strong> N\u00edvel m\u00e9dio + curso t\u00e9cnico;<\/li>\n\n\n\n<li><strong>Assistente B:<\/strong> N\u00edvel fundamental completo; e<\/li>\n\n\n\n<li><strong>Assistente C:<\/strong> N\u00edvel fundamental incompleto.<\/li>\n<\/ul>\n\n\n\n<h3 class=\"wp-block-heading\" id=\"remuneracao\">Remunera\u00e7\u00e3o<\/h3>\n\n\n\n<ul class=\"wp-block-list\">\n<li><strong>Pesquisador:<\/strong>\n<ul class=\"wp-block-list\">\n<li>Inicial: R$ 5.771,92<\/li>\n\n\n\n<li>Final: R$ 29.398,75<\/li>\n<\/ul>\n<\/li>\n<\/ul>\n\n\n\n<ul class=\"wp-block-list\">\n<li><strong>Analista:<\/strong>\n<ul class=\"wp-block-list\">\n<li>Inicial: R$ 10.921,33<\/li>\n\n\n\n<li>Final: R$ 25.095,04<\/li>\n<\/ul>\n<\/li>\n<\/ul>\n\n\n\n<ul class=\"wp-block-list\">\n<li><strong>T\u00e9cnico:<\/strong>\n<ul class=\"wp-block-list\">\n<li>Inicial: R$ 5.556,81<\/li>\n\n\n\n<li>Final: R$ 15.221,64<\/li>\n<\/ul>\n<\/li>\n<\/ul>\n\n\n\n<ul class=\"wp-block-list\">\n<li><strong>Assistente:<\/strong>\n<ul class=\"wp-block-list\">\n<li>Inicial: R$ 2.186,19<\/li>\n\n\n\n<li>Final: R$ 9.592,55<\/li>\n<\/ul>\n<\/li>\n<\/ul>\n\n\n\n<p><strong>&gt;&gt;&gt; <a href=\"https:\/\/dhg1h5j42swfq.cloudfront.net\/2024\/02\/28111544\/tabela-salarial-052023-optantes.pdf\" target=\"_blank\" rel=\"noreferrer noopener nofollow\">Confira as tabelas remunerat\u00f3rias na \u00edntegra<\/a><\/strong><\/p>\n\n\n\n<h2 class=\"wp-block-heading\" id=\"sobre\">Sobre a Embrapa<\/h2>\n\n\n\n<p>A Empresa Brasileira de Pesquisa Agropecu\u00e1ria (Embrapa) foi criada em 1973 e \u00e9 vinculada ao Minist\u00e9rio da Agricultura, Pecu\u00e1ria e Abastecimento (Mapa). <\/p>\n\n\n\n<p>O \u00f3rg\u00e3o descreve, como principal desafio, desenvolver, em conjunto com o Sistema Nacional de Pesquisa Agropecu\u00e1ria (SNPA), um modelo de agricultura e pecu\u00e1ria tropical genuinamente brasileiro, superando as barreiras que limitavam a produ\u00e7\u00e3o de alimentos, fibras e energia no Brasil.<\/p>\n\n\n\n<hr class=\"wp-block-separator has-css-opacity\"\/>\n\n\n\n<h2 class=\"wp-block-heading has-text-align-center wp-embed-aspect-16-9 wp-has-aspect-ratio\" id=\"curso\">Quer estudar para o concurso Embrapa?<\/h2>\n\n\n\n<div class=\"container\" id=\"boxes\">\n  <div class=\"row\">\n\n    <div class=\"col-sm\">\n      <div class=\"banner-adm-ec\" id=\"box-assinatura\">\n        <h3 class=\"titulo-assinatura\">Concurso Embrapa<\/h3>\n        <p class=\"subtitulo-assinatura\">Prepara\u00e7\u00e3o completa para os cargos! \u2728<\/p>\n        <div class=\"box-botao\">\n          <a class=\"btn-assinatura\" target=\"_blank\" href=\"https:\/\/www.estrategiaconcursos.com.br\/cursosPorConcurso\/empresa-brasileira-de-pesquisa-agropecuaria-embrapa\/\" rel=\"noopener\">INICIAR PREPARA\u00c7\u00c3O<\/a>\n        <\/div>\n      <\/div>\n      \n    <\/div>\n\n  <\/div>\n<\/div>\n\n\n\n<div class=\"container\" id=\"boxes\">\n  <div class=\"row\">\n\n    <div class=\"col-sm\">\n      <div class=\"estrategia\" id=\"box-assinatura\">\n        <h3 class=\"titulo-assinatura\">Assinatura Concursos<\/h3>\n        <p class=\"subtitulo-assinatura\">Assinatura de 1 ano ou 2 anos<\/p>\n        <div class=\"box-botao\">\n          <a class=\"btn-assinatura\" target=\"_blank\" href=\"https:\/\/www.estrategiaconcursos.com.br\/assinaturas\/\" role=\"button\" rel=\"noopener noreferrer\">ASSINE AGORA<\/a>\n        <\/div>\n      <\/div><\/div><\/div><\/div>\n\n\n\n<h2 class=\"wp-block-heading has-text-align-center\" id=\"h-quer-saber-tudo-sobre-concursos-previstos-confira-nossos-artigos\">Quer saber tudo sobre concursos previstos?<br \/>Confira nossos artigos!<\/h2>\n\n\n\n<ul class=\"wp-block-list\">\n<li><a href=\"https:\/\/www.estrategiaconcursos.com.br\/blog\/concursos-abertos\/\" target=\"_blank\" rel=\"noreferrer noopener\">Concursos Abertos<\/a><\/li>\n\n\n\n<li><a href=\"https:\/\/www.estrategiaconcursos.com.br\/blog\/concurso-administrativos\/\">Concursos Administrativos<\/a><\/li>\n\n\n\n<li><a href=\"https:\/\/www.estrategiaconcursos.com.br\/blog\/concursos-2026\/\" target=\"_blank\" rel=\"noreferrer noopener\">Concursos 2026<\/a><\/li>\n<\/ul>\n\n\n\n<figure class=\"wp-block-image size-large is-resized\"><img loading=\"lazy\" decoding=\"async\" width=\"1024\" height=\"632\" src=\"https:\/\/dhg1h5j42swfq.cloudfront.net\/2021\/06\/23091447\/ficha-tecnica-5-1024x632.png\" alt=\"Ficha t\u00e9cnica\" class=\"wp-image-774664\" style=\"aspect-ratio:1.618279569892473;width:268px;height:auto\" srcset=\"https:\/\/dhg1h5j42swfq.cloudfront.net\/2021\/06\/23091447\/ficha-tecnica-5-1024x632.png 1024w, https:\/\/dhg1h5j42swfq.cloudfront.net\/2021\/06\/23091447\/ficha-tecnica-5-300x185.png 300w, https:\/\/dhg1h5j42swfq.cloudfront.net\/2021\/06\/23091447\/ficha-tecnica-5-768x474.png 768w, https:\/\/dhg1h5j42swfq.cloudfront.net\/2021\/06\/23091447\/ficha-tecnica-5-1536x948.png 1536w, https:\/\/dhg1h5j42swfq.cloudfront.net\/2021\/06\/23091447\/ficha-tecnica-5-610x377.png 610w, https:\/\/dhg1h5j42swfq.cloudfront.net\/2021\/06\/23091447\/ficha-tecnica-5.png 1571w\" sizes=\"auto, (max-width: 1024px) 100vw, 1024px\" \/><\/figure>\n\n\n\n<h3 class=\"wp-block-heading\" id=\"infos\">Informa\u00e7\u00f5es do concurso Embrapa<\/h3>\n\n\n\n<ul id=\"block-de837adb-46a0-4ebb-82f7-70a4108c37ce\" class=\"wp-block-list\">\n<li><strong>Ano:<\/strong>&nbsp;2024\/2025<\/li>\n\n\n\n<li><strong>Vagas<\/strong>: 1.027 + CR<\/li>\n\n\n\n<li><strong>Cargos<\/strong>: Pesquisador, T\u00e9cnico, Assistente e Analista<\/li>\n\n\n\n<li><strong>Banca:&nbsp;<\/strong>Cebraspe<\/li>\n\n\n\n<li><strong>Escolaridade<\/strong>: n\u00edveis fundamental, m\u00e9dio e superior<\/li>\n\n\n\n<li><strong>Edital:<\/strong> <a href=\"https:\/\/dhg1h5j42swfq.cloudfront.net\/2024\/12\/06101046\/ed_1_2024_embrapa_abertura.pdf\" target=\"_blank\" rel=\"noreferrer noopener nofollow\">Embrapa 2024<\/a><\/li>\n<\/ul>\n","protected":false},"excerpt":{"rendered":"<p>Concurso da Embrapa: resultado final para todos os cargos \u00e9 homologado Novidades sobre o concurso Embrapa (Empresa Brasileira de Pesquisa Agropecu\u00e1ria): j\u00e1 foram iniciadas as convoca\u00e7\u00f5es dos aprovados! A supervisora de Gest\u00e3o Funcional, Evelin Matos, informou que a prioridade \u00e9 chamar o primeiro colocado de cada um dos 99 perfis disponibilizados no concurso. Posteriormente, ser\u00e3o [&hellip;]<\/p>\n","protected":false},"author":659,"featured_media":823614,"comment_status":"open","ping_status":"closed","sticky":false,"template":"","format":"standard","meta":{"post_tipo":"news_page","footnotes":""},"categories":[214992],"tags":[],"tax_estado":[219963],"class_list":["post-800111","post","type-post","status-publish","format-standard","has-post-thumbnail","hentry","category-concursos-administrativos","tax_estado-concursos-federais"],"acf":[],"yoast_head":"<!-- This site is optimized with the Yoast SEO Premium plugin v27.2 (Yoast SEO v27.2) - https:\/\/yoast.com\/product\/yoast-seo-premium-wordpress\/ -->\n<title>Concurso Embrapa: iniciada convoca\u00e7\u00e3o dos aprovados!<\/title>\n<meta name=\"description\" content=\"Resultados finais do concurso Embrapa 2024\/2025 s\u00e3o divulgados! Descubra quais candidatos avan\u00e7aram. Saiba tudo aqui!\" \/>\n<meta name=\"robots\" content=\"index, follow, max-snippet:-1, max-image-preview:large, max-video-preview:-1\" \/>\n<link rel=\"canonical\" href=\"https:\/\/www.estrategiaconcursos.com.br\/blog\/concurso-embrapa\/\" \/>\n<meta property=\"og:locale\" content=\"pt_BR\" \/>\n<meta property=\"og:type\" content=\"article\" \/>\n<meta property=\"og:title\" content=\"Concurso Embrapa: iniciada convoca\u00e7\u00e3o dos aprovados!\" \/>\n<meta property=\"og:description\" content=\"Resultados finais do concurso Embrapa 2024\/2025 s\u00e3o divulgados! Descubra quais candidatos avan\u00e7aram. Saiba tudo aqui!\" \/>\n<meta property=\"og:url\" content=\"https:\/\/www.estrategiaconcursos.com.br\/blog\/concurso-embrapa\/\" \/>\n<meta property=\"og:site_name\" content=\"Estrat\u00e9gia Concursos\" \/>\n<meta property=\"article:published_time\" content=\"2026-03-26T13:00:00+00:00\" \/>\n<meta property=\"article:modified_time\" content=\"2026-03-27T20:03:21+00:00\" \/>\n<meta property=\"og:image\" content=\"https:\/\/dhg1h5j42swfq.cloudfront.net\/2021\/07\/28103043\/embrapa.jpg\" \/>\n\t<meta property=\"og:image:width\" content=\"768\" \/>\n\t<meta property=\"og:image:height\" content=\"432\" \/>\n\t<meta property=\"og:image:type\" content=\"image\/jpeg\" \/>\n<meta name=\"author\" content=\"Camila Leite\" \/>\n<meta name=\"twitter:card\" content=\"summary_large_image\" \/>\n<meta name=\"twitter:creator\" content=\"@EstratConcursos\" \/>\n<meta name=\"twitter:site\" content=\"@EstratConcursos\" \/>\n<meta name=\"twitter:label1\" content=\"Escrito por\" \/>\n\t<meta name=\"twitter:data1\" content=\"Camila Leite\" \/>\n\t<meta name=\"twitter:label2\" content=\"Est. tempo de leitura\" \/>\n\t<meta name=\"twitter:data2\" content=\"7 minutos\" \/>\n<script type=\"application\/ld+json\" class=\"yoast-schema-graph\">{\"@context\":\"https:\/\/schema.org\",\"@graph\":[{\"@type\":\"NewsArticle\",\"@id\":\"https:\/\/www.estrategiaconcursos.com.br\/blog\/concurso-embrapa\/#article\",\"isPartOf\":{\"@id\":\"https:\/\/www.estrategiaconcursos.com.br\/blog\/concurso-embrapa\/\"},\"author\":{\"name\":\"Camila Leite\",\"@id\":\"https:\/\/www.estrategiaconcursos.com.br\/blog\/#\/schema\/person\/84ecdc6eb58d3cf1689bf76c5cd8fb38\"},\"headline\":\"Concurso Embrapa: iniciada convoca\u00e7\u00e3o dos aprovados!\",\"datePublished\":\"2026-03-26T13:00:00+00:00\",\"dateModified\":\"2026-03-27T20:03:21+00:00\",\"mainEntityOfPage\":{\"@id\":\"https:\/\/www.estrategiaconcursos.com.br\/blog\/concurso-embrapa\/\"},\"wordCount\":1223,\"commentCount\":0,\"publisher\":{\"@id\":\"https:\/\/www.estrategiaconcursos.com.br\/blog\/#organization\"},\"image\":{\"@id\":\"https:\/\/www.estrategiaconcursos.com.br\/blog\/concurso-embrapa\/#primaryimage\"},\"thumbnailUrl\":\"https:\/\/dhg1h5j42swfq.cloudfront.net\/2021\/07\/28103043\/embrapa.jpg\",\"articleSection\":[\"Executivo (Administrativa)\"],\"inLanguage\":\"pt-BR\",\"potentialAction\":[{\"@type\":\"CommentAction\",\"name\":\"Comment\",\"target\":[\"https:\/\/www.estrategiaconcursos.com.br\/blog\/concurso-embrapa\/#respond\"]}],\"copyrightYear\":\"2026\",\"copyrightHolder\":{\"@id\":\"https:\/\/www.estrategiaconcursos.com.br\/blog\/#organization\"}},{\"@type\":\"WebPage\",\"@id\":\"https:\/\/www.estrategiaconcursos.com.br\/blog\/concurso-embrapa\/\",\"url\":\"https:\/\/www.estrategiaconcursos.com.br\/blog\/concurso-embrapa\/\",\"name\":\"Concurso Embrapa: iniciada convoca\u00e7\u00e3o dos aprovados!\",\"isPartOf\":{\"@id\":\"https:\/\/www.estrategiaconcursos.com.br\/blog\/#website\"},\"primaryImageOfPage\":{\"@id\":\"https:\/\/www.estrategiaconcursos.com.br\/blog\/concurso-embrapa\/#primaryimage\"},\"image\":{\"@id\":\"https:\/\/www.estrategiaconcursos.com.br\/blog\/concurso-embrapa\/#primaryimage\"},\"thumbnailUrl\":\"https:\/\/dhg1h5j42swfq.cloudfront.net\/2021\/07\/28103043\/embrapa.jpg\",\"datePublished\":\"2026-03-26T13:00:00+00:00\",\"dateModified\":\"2026-03-27T20:03:21+00:00\",\"description\":\"Resultados finais do concurso Embrapa 2024\/2025 s\u00e3o divulgados! Descubra quais candidatos avan\u00e7aram. Saiba tudo aqui!\",\"breadcrumb\":{\"@id\":\"https:\/\/www.estrategiaconcursos.com.br\/blog\/concurso-embrapa\/#breadcrumb\"},\"inLanguage\":\"pt-BR\",\"potentialAction\":[{\"@type\":\"ReadAction\",\"target\":[\"https:\/\/www.estrategiaconcursos.com.br\/blog\/concurso-embrapa\/\"]}]},{\"@type\":\"ImageObject\",\"inLanguage\":\"pt-BR\",\"@id\":\"https:\/\/www.estrategiaconcursos.com.br\/blog\/concurso-embrapa\/#primaryimage\",\"url\":\"https:\/\/dhg1h5j42swfq.cloudfront.net\/2021\/07\/28103043\/embrapa.jpg\",\"contentUrl\":\"https:\/\/dhg1h5j42swfq.cloudfront.net\/2021\/07\/28103043\/embrapa.jpg\",\"width\":768,\"height\":432,\"caption\":\"Gabarito Extraoficial Embrapa\"},{\"@type\":\"BreadcrumbList\",\"@id\":\"https:\/\/www.estrategiaconcursos.com.br\/blog\/concurso-embrapa\/#breadcrumb\",\"itemListElement\":[{\"@type\":\"ListItem\",\"position\":1,\"name\":\"In\u00edcio\",\"item\":\"https:\/\/www.estrategiaconcursos.com.br\/blog\/\"},{\"@type\":\"ListItem\",\"position\":2,\"name\":\"Concurso Embrapa: iniciada convoca\u00e7\u00e3o dos aprovados!\"}]},{\"@type\":\"WebSite\",\"@id\":\"https:\/\/www.estrategiaconcursos.com.br\/blog\/#website\",\"url\":\"https:\/\/www.estrategiaconcursos.com.br\/blog\/\",\"name\":\"Estrat\u00e9gia Concursos\",\"description\":\"O blog da Estrat\u00e9gia Concursos traz not\u00edcias sobre concursos e artigos de professores oferecendo cursos para concursos (pdf + videaulas) no site.\",\"publisher\":{\"@id\":\"https:\/\/www.estrategiaconcursos.com.br\/blog\/#organization\"},\"potentialAction\":[{\"@type\":\"SearchAction\",\"target\":{\"@type\":\"EntryPoint\",\"urlTemplate\":\"https:\/\/www.estrategiaconcursos.com.br\/blog\/?s={search_term_string}\"},\"query-input\":{\"@type\":\"PropertyValueSpecification\",\"valueRequired\":true,\"valueName\":\"search_term_string\"}}],\"inLanguage\":\"pt-BR\"},{\"@type\":\"Organization\",\"@id\":\"https:\/\/www.estrategiaconcursos.com.br\/blog\/#organization\",\"name\":\"Estrat\u00e9gia Concursos\",\"url\":\"https:\/\/www.estrategiaconcursos.com.br\/blog\/\",\"logo\":{\"@type\":\"ImageObject\",\"inLanguage\":\"pt-BR\",\"@id\":\"https:\/\/www.estrategiaconcursos.com.br\/blog\/#\/schema\/logo\/image\/\",\"url\":\"https:\/\/dhg1h5j42swfq.cloudfront.net\/2025\/06\/03203428\/logo_concursos-1.jpg\",\"contentUrl\":\"https:\/\/dhg1h5j42swfq.cloudfront.net\/2025\/06\/03203428\/logo_concursos-1.jpg\",\"width\":230,\"height\":60,\"caption\":\"Estrat\u00e9gia Concursos\"},\"image\":{\"@id\":\"https:\/\/www.estrategiaconcursos.com.br\/blog\/#\/schema\/logo\/image\/\"},\"sameAs\":[\"https:\/\/x.com\/EstratConcursos\"]},{\"@type\":\"Person\",\"@id\":\"https:\/\/www.estrategiaconcursos.com.br\/blog\/#\/schema\/person\/84ecdc6eb58d3cf1689bf76c5cd8fb38\",\"name\":\"Camila Leite\",\"image\":{\"@type\":\"ImageObject\",\"inLanguage\":\"pt-BR\",\"@id\":\"https:\/\/secure.gravatar.com\/avatar\/f2f8faef639c8a2bfb7fb909912a56917f4c3a0aed064500168e2fb8ea55cf61?s=96&d=mm&r=g\",\"url\":\"https:\/\/secure.gravatar.com\/avatar\/f2f8faef639c8a2bfb7fb909912a56917f4c3a0aed064500168e2fb8ea55cf61?s=96&d=mm&r=g\",\"contentUrl\":\"https:\/\/secure.gravatar.com\/avatar\/f2f8faef639c8a2bfb7fb909912a56917f4c3a0aed064500168e2fb8ea55cf61?s=96&d=mm&r=g\",\"caption\":\"Camila Leite\"},\"description\":\"Formada em Design Gr\u00e1fico e em Propaganda e Marketing pela UNIP, integra a equipe de jornalismo do Estrat\u00e9gia Concursos desde 2018. Ao longo dos anos, construiu uma s\u00f3lida experi\u00eancia na produ\u00e7\u00e3o de conte\u00fado informativo e relevante para concurseiros. Desde 2020, atua na cobertura das \u00e1reas Fiscal \u2014 com \u00eanfase nas Secretarias de Fazenda (Sefaz) das regi\u00f5es Sul e Sudeste \u2014, al\u00e9m da cobertura de concursos federais, como CNU, Petrobras, CGU, Receita Federal, ag\u00eancias reguladoras (Anvisa, ANAC, entre outras) e INSS. Mant\u00e9m contato direto com os principais \u00f3rg\u00e3os p\u00fablicos, acompanhando editais, atualiza\u00e7\u00f5es e movimenta\u00e7\u00f5es importantes para os candidatos.\",\"sameAs\":[\"https:\/\/www.linkedin.com\/in\/camila-pinheiro-leite-9ba135b6\/\"],\"url\":\"https:\/\/www.estrategiaconcursos.com.br\/blog\/author\/camila-leiteestrategiaconcursos-com-br\/\"}]}<\/script>\n<!-- \/ Yoast SEO Premium plugin. -->","yoast_head_json":{"title":"Concurso Embrapa: iniciada convoca\u00e7\u00e3o dos aprovados!","description":"Resultados finais do concurso Embrapa 2024\/2025 s\u00e3o divulgados! Descubra quais candidatos avan\u00e7aram. Saiba tudo aqui!","robots":{"index":"index","follow":"follow","max-snippet":"max-snippet:-1","max-image-preview":"max-image-preview:large","max-video-preview":"max-video-preview:-1"},"canonical":"https:\/\/www.estrategiaconcursos.com.br\/blog\/concurso-embrapa\/","og_locale":"pt_BR","og_type":"article","og_title":"Concurso Embrapa: iniciada convoca\u00e7\u00e3o dos aprovados!","og_description":"Resultados finais do concurso Embrapa 2024\/2025 s\u00e3o divulgados! Descubra quais candidatos avan\u00e7aram. Saiba tudo aqui!","og_url":"https:\/\/www.estrategiaconcursos.com.br\/blog\/concurso-embrapa\/","og_site_name":"Estrat\u00e9gia Concursos","article_published_time":"2026-03-26T13:00:00+00:00","article_modified_time":"2026-03-27T20:03:21+00:00","og_image":[{"width":768,"height":432,"url":"https:\/\/dhg1h5j42swfq.cloudfront.net\/2021\/07\/28103043\/embrapa.jpg","type":"image\/jpeg"}],"author":"Camila Leite","twitter_card":"summary_large_image","twitter_creator":"@EstratConcursos","twitter_site":"@EstratConcursos","twitter_misc":{"Escrito por":"Camila Leite","Est. tempo de leitura":"7 minutos"},"schema":{"@context":"https:\/\/schema.org","@graph":[{"@type":"NewsArticle","@id":"https:\/\/www.estrategiaconcursos.com.br\/blog\/concurso-embrapa\/#article","isPartOf":{"@id":"https:\/\/www.estrategiaconcursos.com.br\/blog\/concurso-embrapa\/"},"author":{"name":"Camila Leite","@id":"https:\/\/www.estrategiaconcursos.com.br\/blog\/#\/schema\/person\/84ecdc6eb58d3cf1689bf76c5cd8fb38"},"headline":"Concurso Embrapa: iniciada convoca\u00e7\u00e3o dos aprovados!","datePublished":"2026-03-26T13:00:00+00:00","dateModified":"2026-03-27T20:03:21+00:00","mainEntityOfPage":{"@id":"https:\/\/www.estrategiaconcursos.com.br\/blog\/concurso-embrapa\/"},"wordCount":1223,"commentCount":0,"publisher":{"@id":"https:\/\/www.estrategiaconcursos.com.br\/blog\/#organization"},"image":{"@id":"https:\/\/www.estrategiaconcursos.com.br\/blog\/concurso-embrapa\/#primaryimage"},"thumbnailUrl":"https:\/\/dhg1h5j42swfq.cloudfront.net\/2021\/07\/28103043\/embrapa.jpg","articleSection":["Executivo (Administrativa)"],"inLanguage":"pt-BR","potentialAction":[{"@type":"CommentAction","name":"Comment","target":["https:\/\/www.estrategiaconcursos.com.br\/blog\/concurso-embrapa\/#respond"]}],"copyrightYear":"2026","copyrightHolder":{"@id":"https:\/\/www.estrategiaconcursos.com.br\/blog\/#organization"}},{"@type":"WebPage","@id":"https:\/\/www.estrategiaconcursos.com.br\/blog\/concurso-embrapa\/","url":"https:\/\/www.estrategiaconcursos.com.br\/blog\/concurso-embrapa\/","name":"Concurso Embrapa: iniciada convoca\u00e7\u00e3o dos aprovados!","isPartOf":{"@id":"https:\/\/www.estrategiaconcursos.com.br\/blog\/#website"},"primaryImageOfPage":{"@id":"https:\/\/www.estrategiaconcursos.com.br\/blog\/concurso-embrapa\/#primaryimage"},"image":{"@id":"https:\/\/www.estrategiaconcursos.com.br\/blog\/concurso-embrapa\/#primaryimage"},"thumbnailUrl":"https:\/\/dhg1h5j42swfq.cloudfront.net\/2021\/07\/28103043\/embrapa.jpg","datePublished":"2026-03-26T13:00:00+00:00","dateModified":"2026-03-27T20:03:21+00:00","description":"Resultados finais do concurso Embrapa 2024\/2025 s\u00e3o divulgados! Descubra quais candidatos avan\u00e7aram. Saiba tudo aqui!","breadcrumb":{"@id":"https:\/\/www.estrategiaconcursos.com.br\/blog\/concurso-embrapa\/#breadcrumb"},"inLanguage":"pt-BR","potentialAction":[{"@type":"ReadAction","target":["https:\/\/www.estrategiaconcursos.com.br\/blog\/concurso-embrapa\/"]}]},{"@type":"ImageObject","inLanguage":"pt-BR","@id":"https:\/\/www.estrategiaconcursos.com.br\/blog\/concurso-embrapa\/#primaryimage","url":"https:\/\/dhg1h5j42swfq.cloudfront.net\/2021\/07\/28103043\/embrapa.jpg","contentUrl":"https:\/\/dhg1h5j42swfq.cloudfront.net\/2021\/07\/28103043\/embrapa.jpg","width":768,"height":432,"caption":"Gabarito Extraoficial Embrapa"},{"@type":"BreadcrumbList","@id":"https:\/\/www.estrategiaconcursos.com.br\/blog\/concurso-embrapa\/#breadcrumb","itemListElement":[{"@type":"ListItem","position":1,"name":"In\u00edcio","item":"https:\/\/www.estrategiaconcursos.com.br\/blog\/"},{"@type":"ListItem","position":2,"name":"Concurso Embrapa: iniciada convoca\u00e7\u00e3o dos aprovados!"}]},{"@type":"WebSite","@id":"https:\/\/www.estrategiaconcursos.com.br\/blog\/#website","url":"https:\/\/www.estrategiaconcursos.com.br\/blog\/","name":"Estrat\u00e9gia Concursos","description":"O blog da Estrat\u00e9gia Concursos traz not\u00edcias sobre concursos e artigos de professores oferecendo cursos para concursos (pdf + videaulas) no site.","publisher":{"@id":"https:\/\/www.estrategiaconcursos.com.br\/blog\/#organization"},"potentialAction":[{"@type":"SearchAction","target":{"@type":"EntryPoint","urlTemplate":"https:\/\/www.estrategiaconcursos.com.br\/blog\/?s={search_term_string}"},"query-input":{"@type":"PropertyValueSpecification","valueRequired":true,"valueName":"search_term_string"}}],"inLanguage":"pt-BR"},{"@type":"Organization","@id":"https:\/\/www.estrategiaconcursos.com.br\/blog\/#organization","name":"Estrat\u00e9gia Concursos","url":"https:\/\/www.estrategiaconcursos.com.br\/blog\/","logo":{"@type":"ImageObject","inLanguage":"pt-BR","@id":"https:\/\/www.estrategiaconcursos.com.br\/blog\/#\/schema\/logo\/image\/","url":"https:\/\/dhg1h5j42swfq.cloudfront.net\/2025\/06\/03203428\/logo_concursos-1.jpg","contentUrl":"https:\/\/dhg1h5j42swfq.cloudfront.net\/2025\/06\/03203428\/logo_concursos-1.jpg","width":230,"height":60,"caption":"Estrat\u00e9gia Concursos"},"image":{"@id":"https:\/\/www.estrategiaconcursos.com.br\/blog\/#\/schema\/logo\/image\/"},"sameAs":["https:\/\/x.com\/EstratConcursos"]},{"@type":"Person","@id":"https:\/\/www.estrategiaconcursos.com.br\/blog\/#\/schema\/person\/84ecdc6eb58d3cf1689bf76c5cd8fb38","name":"Camila Leite","image":{"@type":"ImageObject","inLanguage":"pt-BR","@id":"https:\/\/secure.gravatar.com\/avatar\/f2f8faef639c8a2bfb7fb909912a56917f4c3a0aed064500168e2fb8ea55cf61?s=96&d=mm&r=g","url":"https:\/\/secure.gravatar.com\/avatar\/f2f8faef639c8a2bfb7fb909912a56917f4c3a0aed064500168e2fb8ea55cf61?s=96&d=mm&r=g","contentUrl":"https:\/\/secure.gravatar.com\/avatar\/f2f8faef639c8a2bfb7fb909912a56917f4c3a0aed064500168e2fb8ea55cf61?s=96&d=mm&r=g","caption":"Camila Leite"},"description":"Formada em Design Gr\u00e1fico e em Propaganda e Marketing pela UNIP, integra a equipe de jornalismo do Estrat\u00e9gia Concursos desde 2018. Ao longo dos anos, construiu uma s\u00f3lida experi\u00eancia na produ\u00e7\u00e3o de conte\u00fado informativo e relevante para concurseiros. Desde 2020, atua na cobertura das \u00e1reas Fiscal \u2014 com \u00eanfase nas Secretarias de Fazenda (Sefaz) das regi\u00f5es Sul e Sudeste \u2014, al\u00e9m da cobertura de concursos federais, como CNU, Petrobras, CGU, Receita Federal, ag\u00eancias reguladoras (Anvisa, ANAC, entre outras) e INSS. Mant\u00e9m contato direto com os principais \u00f3rg\u00e3os p\u00fablicos, acompanhando editais, atualiza\u00e7\u00f5es e movimenta\u00e7\u00f5es importantes para os candidatos.","sameAs":["https:\/\/www.linkedin.com\/in\/camila-pinheiro-leite-9ba135b6\/"],"url":"https:\/\/www.estrategiaconcursos.com.br\/blog\/author\/camila-leiteestrategiaconcursos-com-br\/"}]}},"_links":{"self":[{"href":"https:\/\/www.estrategiaconcursos.com.br\/blog\/wp-json\/wp\/v2\/posts\/800111","targetHints":{"allow":["GET"]}}],"collection":[{"href":"https:\/\/www.estrategiaconcursos.com.br\/blog\/wp-json\/wp\/v2\/posts"}],"about":[{"href":"https:\/\/www.estrategiaconcursos.com.br\/blog\/wp-json\/wp\/v2\/types\/post"}],"author":[{"embeddable":true,"href":"https:\/\/www.estrategiaconcursos.com.br\/blog\/wp-json\/wp\/v2\/users\/659"}],"replies":[{"embeddable":true,"href":"https:\/\/www.estrategiaconcursos.com.br\/blog\/wp-json\/wp\/v2\/comments?post=800111"}],"version-history":[{"count":195,"href":"https:\/\/www.estrategiaconcursos.com.br\/blog\/wp-json\/wp\/v2\/posts\/800111\/revisions"}],"predecessor-version":[{"id":1744700,"href":"https:\/\/www.estrategiaconcursos.com.br\/blog\/wp-json\/wp\/v2\/posts\/800111\/revisions\/1744700"}],"wp:featuredmedia":[{"embeddable":true,"href":"https:\/\/www.estrategiaconcursos.com.br\/blog\/wp-json\/wp\/v2\/media\/823614"}],"wp:attachment":[{"href":"https:\/\/www.estrategiaconcursos.com.br\/blog\/wp-json\/wp\/v2\/media?parent=800111"}],"wp:term":[{"taxonomy":"category","embeddable":true,"href":"https:\/\/www.estrategiaconcursos.com.br\/blog\/wp-json\/wp\/v2\/categories?post=800111"},{"taxonomy":"post_tag","embeddable":true,"href":"https:\/\/www.estrategiaconcursos.com.br\/blog\/wp-json\/wp\/v2\/tags?post=800111"},{"taxonomy":"tax_estado","embeddable":true,"href":"https:\/\/www.estrategiaconcursos.com.br\/blog\/wp-json\/wp\/v2\/tax_estado?post=800111"}],"curies":[{"name":"wp","href":"https:\/\/api.w.org\/{rel}","templated":true}]}}