{"id":798750,"date":"2024-09-12T19:34:26","date_gmt":"2024-09-12T22:34:26","guid":{"rendered":"https:\/\/www.estrategiaconcursos.com.br\/blog\/?p=798750"},"modified":"2025-07-25T15:21:04","modified_gmt":"2025-07-25T18:21:04","slug":"concurso-ifrj","status":"publish","type":"post","link":"https:\/\/www.estrategiaconcursos.com.br\/blog\/concurso-ifrj\/","title":{"rendered":"Concurso IFRJ: banca definida para novo edital!"},"content":{"rendered":"\n<p>O <a href=\"https:\/\/www.estrategiaconcursos.com.br\/cursosPorConcurso\/instituto-federal-do-rio-de-janeiro-ifrj\/\" target=\"_blank\" rel=\"noreferrer noopener\">Instituto Federal de Educa\u00e7\u00e3o, Ci\u00eancia e Tecnologia do Rio de Janeiro<\/a> definiu o IDECAN como banca organizadora do novo <strong>concurso IFRJ<\/strong>. <\/p>\n\n\n\n<p>A informa\u00e7\u00e3o consta em publica\u00e7\u00e3o no Di\u00e1rio Oficial da Uni\u00e3o do dia 10 de setembro de 2024. <a href=\"https:\/\/www.in.gov.br\/en\/web\/dou\/-\/extrato-de-contrato-n-8\/2024-uasg-158157-583366354\" target=\"_blank\" rel=\"noreferrer noopener\">Veja aqui o documento! <\/a><\/p>\n\n\n\n<p>O n\u00famero de vagas e os cargos a serem ofertados ainda n\u00e3o foram divulgados. Al\u00e9m disso, o IFRJ tem edital vigente. <\/p>\n\n\n\n<ul class=\"wp-block-list has-electric-grass-gradient-background has-background\">\n<li><strong>Instituto Federal de Educa\u00e7\u00e3o, Ci\u00eancia e Tecnologia<\/strong><\/li>\n\n\n\n<li><strong>Status:<\/strong> banca definida <\/li>\n\n\n\n<li><strong>Vagas:<\/strong> a definir<\/li>\n\n\n\n<li><strong>Banca<\/strong>: Idecan<\/li>\n\n\n\n<li><strong>Escolaridade:<\/strong> a definir<\/li>\n\n\n\n<li><strong>Sal\u00e1rios:<\/strong> a definir<\/li>\n\n\n\n<li><strong>Edital<\/strong>: a definir<\/li>\n<\/ul>\n\n\n\n<div class=\"col-sm\">\n      <div class=\"banner-estrategia\" id=\"box-assinatura\">\n        <h3 class=\"titulo-assinatura\">Cursos para IFRJ<\/h3>\n        <p class=\"subtitulo-assinatura\">Conhe\u00e7a os cursos<\/p>\n        <div class=\"box-botao\">\n          <a class=\"btn-assinatura\" target=\"_blank\" href=\"https:\/\/www.estrategiaconcursos.com.br\/cursosPorConcurso\/instituto-federal-do-rio-de-janeiro-ifrj\/\" role=\"button\" rel=\"noopener noreferrer\">Conhe\u00e7a mais<\/a>\n        <\/div>\n      <\/div>\n     \n    <\/div>\n\n\n\n<ul class=\"wp-block-list\">\n<li><strong><a href=\"#atual\">Situa\u00e7\u00e3o atual<\/a><\/strong>\n<ul class=\"wp-block-list\">\n<li><a href=\"#banca-definida\">Banca definida <\/a><\/li>\n<\/ul>\n<\/li>\n\n\n\n<li><a href=\"#h-ultimo-concurso\"><strong>\u00daltimo concurso<\/strong><\/a>\n<ul class=\"wp-block-list\">\n<li><a href=\"#cargos-vagas\"><strong>Cargos e Vagas<\/strong><\/a><\/li>\n\n\n\n<li><a href=\"#requisitos\"><strong>Requisitos<\/strong><\/a><\/li>\n\n\n\n<li><a href=\"#remunera\u00e7\u00e3o\"><strong>Remunera\u00e7\u00e3o<\/strong><\/a><\/li>\n\n\n\n<li><strong><a href=\"#etapas\">Etapas do concurso<\/a><\/strong>\n<ul class=\"wp-block-list\">\n<li><a href=\"#objetiva\">Prova Objetiva <\/a><\/li>\n\n\n\n<li><a href=\"#titulos\">Prova de T\u00edtulos<\/a><\/li>\n<\/ul>\n<\/li>\n\n\n\n<li><strong><a href=\"#h-resultado-final\">Resultado final<\/a><\/strong><\/li>\n<\/ul>\n<\/li>\n\n\n\n<li><strong><a href=\"#CURSO\">Cursos e Assinaturas<\/a><\/strong><\/li>\n\n\n\n<li><strong><a href=\"#ficha\">Ficha T\u00e9cnica<\/a><\/strong><\/li>\n<\/ul>\n\n\n\n<h2 class=\"wp-block-heading\" id=\"atual\">Concurso IFRJ: situa\u00e7\u00e3o atual<\/h2>\n\n\n\n<h2 class=\"wp-block-heading\" id=\"h-banca-definida\">Banca definida<\/h2>\n\n\n\n<p>No dia 10 de setembro de 2024 o&nbsp;Instituto de Desenvolvimento Educacional, Cultural e Assistencial Nacional foi definido como banca organizadora do novo edital. <\/p>\n\n\n\n<h2 class=\"wp-block-heading\" id=\"h-ultimo-concurso\">\u00daltimo concurso<\/h2>\n\n\n\n<h2 class=\"wp-block-heading\" id=\"cargos-vagas\"><strong>Concurso IFRJ TAE: cargos e vagas<\/strong><\/h2>\n\n\n\n<h3 class=\"wp-block-heading\" id=\"medio\"><strong>N\u00edvel m\u00e9dio\/ t\u00e9cnico<\/strong><\/h3>\n\n\n\n<figure class=\"wp-block-table is-style-stripes\"><table class=\"has-electric-grass-gradient-background has-background has-fixed-layout\"><thead><tr><th class=\"has-text-align-center\" data-align=\"center\">CARGOS<\/th><th class=\"has-text-align-center\" data-align=\"center\">VAGAS<\/th><th class=\"has-text-align-center\" data-align=\"center\">SAL\u00c1RIO<\/th><\/tr><\/thead><tbody><tr><td class=\"has-text-align-center\" data-align=\"center\">T\u00e9cnico de Laborat\u00f3rio \/ Qu\u00edmica<\/td><td class=\"has-text-align-center\" data-align=\"center\">03<\/td><td class=\"has-text-align-center\" data-align=\"center\"> R$ 2.446,96 + benef\u00edcios<\/td><\/tr><tr><td class=\"has-text-align-center\" data-align=\"center\">T\u00e9cnico de Laborat\u00f3rio \/ Inform\u00e1tica<\/td><td class=\"has-text-align-center\" data-align=\"center\">03<\/td><td class=\"has-text-align-center\" data-align=\"center\">R$ 2.446,96 + benef\u00edcios<\/td><\/tr><\/tbody><\/table><figcaption class=\"wp-element-caption\">Cargos e vagas n\u00edvel m\u00e9dio.<\/figcaption><\/figure>\n\n\n\n<h3 class=\"wp-block-heading\" id=\"tecnico\">N\u00edvel superior<\/h3>\n\n\n\n<figure class=\"wp-block-table is-style-stripes\"><table class=\"has-electric-grass-gradient-background has-background has-fixed-layout\"><thead><tr><th class=\"has-text-align-center\" data-align=\"center\">CARGOS<\/th><th class=\"has-text-align-center\" data-align=\"center\">VAGAS<\/th><th class=\"has-text-align-center\" data-align=\"center\">SAL\u00c1RIO<\/th><\/tr><\/thead><tbody><tr><td class=\"has-text-align-center\" data-align=\"center\">Bibliotec\u00e1rio-documentalista<\/td><td class=\"has-text-align-center\" data-align=\"center\">01<\/td><td class=\"has-text-align-center\" data-align=\"center\">R$ 4.180,66 +  benef\u00edcios<\/td><\/tr><tr><td class=\"has-text-align-center\" data-align=\"center\">Engenheiro\/ \u00c1rea: Mec\u00e2nica<\/td><td class=\"has-text-align-center\" data-align=\"center\">01<\/td><td class=\"has-text-align-center\" data-align=\"center\">R$ 4.180,66 +  benef\u00edcios<\/td><\/tr><tr><td class=\"has-text-align-center\" data-align=\"center\">M\u00e9dico\/ \u00c1rea: Clinica Geral<\/td><td class=\"has-text-align-center\" data-align=\"center\">02<\/td><td class=\"has-text-align-center\" data-align=\"center\">R$ 4.180,66 +  benef\u00edcios<\/td><\/tr><tr><td class=\"has-text-align-center\" data-align=\"center\">Nutricionista<\/td><td class=\"has-text-align-center\" data-align=\"center\">01<\/td><td class=\"has-text-align-center\" data-align=\"center\">R$ 4.180,66 +  benef\u00edcios<\/td><\/tr><\/tbody><\/table><figcaption class=\"wp-element-caption\">Cargos e vagas n\u00edvel superior.<\/figcaption><\/figure>\n\n\n\n<h2 class=\"wp-block-heading\" id=\"requisitos\">Requisitos<\/h2>\n\n\n\n<h4 class=\"wp-block-heading\">N\u00edvel m\u00e9dio<\/h4>\n\n\n\n<ul class=\"wp-block-list\">\n<li><strong>T\u00e9cnico de Laborat\u00f3rio \/ Qu\u00edmica:<\/strong> Forma\u00e7\u00e3o completa de N\u00edvel M\u00e9dio Profissionalizante em Qu\u00edmica ou Ensino M\u00e9dio completo mais Curso T\u00e9cnico em Qu\u00edmica realizados em institui\u00e7\u00e3o reconhecida pelo Minist\u00e9rio da Educa\u00e7\u00e3o e Registro no Conselho Regional de Qu\u00edmica e comprova\u00e7\u00e3o de regularidade por meio de certid\u00e3o emitida pelo mesmo.<\/li>\n\n\n\n<li><strong>T\u00e9cnico de Laborat\u00f3rio \/ Inform\u00e1tica:<\/strong> Forma\u00e7\u00e3o completa de N\u00edvel M\u00e9dio Profissionalizante em Inform\u00e1tica, ou Ensino M\u00e9dio completo mais Curso T\u00e9cnico em Inform\u00e1tica, realizados em Institui\u00e7\u00f5es reconhecidas pelo Minist\u00e9rio da Educa\u00e7\u00e3o e Registro no \u00d3rg\u00e3o Fiscalizador competente, se for o caso, e comprova\u00e7\u00e3o de regularidade por meio de certid\u00e3o emitida pelo mesmo.<\/li>\n<\/ul>\n\n\n\n<h4 class=\"wp-block-heading\">N\u00edvel superior<\/h4>\n\n\n\n<ul class=\"wp-block-list\">\n<li><strong>Bibliotec\u00e1rio-documentalista<\/strong>: Curso Superior em Biblioteconomia ou Ci\u00eancias da Informa\u00e7\u00e3o, Registro no Conselho Regional de Biblioteconomia e comprova\u00e7\u00e3o de regularidade por meio de certid\u00e3o emitida pelo mesmo.<\/li>\n\n\n\n<li><strong>Engenheiro\/ \u00c1rea: Mec\u00e2nica:<\/strong> Curso Superior em Engenharia Mec\u00e2nica, realizado em Institui\u00e7\u00e3o de Ensino reconhecida pelo Minist\u00e9rio da Educa\u00e7\u00e3o; e Registro no Conselho Regional de Engenharia e Agronomia e comprova\u00e7\u00e3o de regularidade por meio de certid\u00e3o emitida pelo mesmo.<\/li>\n\n\n\n<li><strong>M\u00e9dico\/ \u00c1rea: Clinica Geral<\/strong>:  Curso Superior em Medicina, realizado em Institui\u00e7\u00e3o reconhecida pelo Minist\u00e9rio da Educa\u00e7\u00e3o; conclus\u00e3o de Resid\u00eancia M\u00e9dica em Cl\u00ednica M\u00e9dica, reconhecida pela Comiss\u00e3o Nacional de Resid\u00eancia M\u00e9dica, ou apresenta\u00e7\u00e3o de T\u00edtulo de Especialista em Cl\u00ednica M\u00e9dica, emitido por  Sociedade M\u00e9dica Conveniada da Associa\u00e7\u00e3o M\u00e9dica Brasileira, ou conclus\u00e3o de Curso de Especializa\u00e7\u00e3o em Cl\u00ednica M\u00e9dica, realizado em Institui\u00e7\u00e3o reconhecida pelo Minist\u00e9rio da Educa\u00e7\u00e3o; e Registro no Conselho Regional de Medicina e comprova\u00e7\u00e3o de regularidade por meio de certid\u00e3o emitida pelo mesmo.<\/li>\n\n\n\n<li><strong>Nutricionista<\/strong>:  Curso Superior em Nutri\u00e7\u00e3o, realizado em Institui\u00e7\u00e3o reconhecida pelo Minist\u00e9rio da Educa\u00e7\u00e3o; e Registro no Conselho Regional de Nutricionistas e comprova\u00e7\u00e3o de regularidade por meio de certid\u00e3o emitida pelo mesmo.<\/li>\n<\/ul>\n\n\n\n<h2 class=\"wp-block-heading\" id=\"remunera\u00e7\u00e3o\">Remunera\u00e7\u00e3o<\/h2>\n\n\n\n<p>Os sal\u00e1rios ofertados aos aprovados no concurso IFRJ variam entre os valores de <strong>R$ 2.446,96<\/strong>,<strong> <\/strong>para n\u00edvel m\u00e9dio, e<strong> R$ 4.180,66<\/strong>, para n\u00edvel superior<\/p>\n\n\n\n<p>A eles ser\u00e1 ainda somado o valor de<strong> R$ 458 <\/strong>de aux\u00edlio-alimenta\u00e7\u00e3o. O servidor tamb\u00e9m far\u00e1 jus ao aux\u00edlio-transporte (vari\u00e1vel) e ressarcimento ao plano de sa\u00fade (que varia de R$ 101,56 a R$ 205,63, dependendo da remunera\u00e7\u00e3o e idade do servidor).<\/p>\n\n\n\n<h2 class=\"wp-block-heading\" id=\"etapas\">Etapas e provas<\/h2>\n\n\n\n<p>O concurso IFRJ foi composto por etapa de prova objetiva, de car\u00e1ter eliminat\u00f3rio e classificat\u00f3rio, para todos os cargos, e avalia\u00e7\u00e3o de t\u00edtulos para os cargos de n\u00edvel superior. A etapa de prova objetiva foi aplicada no dia <strong>21 de maio de 2023<\/strong>, com dura\u00e7\u00e3o de 04 horas.<\/p>\n\n\n\n<h3 class=\"wp-block-heading\" id=\"objetiva\">Prova Objetiva<\/h3>\n\n\n\n<p>A prova objetiva foi composta por 50 quest\u00f5es de m\u00faltipla escolha, com 05 (cinco) op\u00e7\u00f5es de resposta (A, B, C, D e E), das quais apenas uma era certa.<\/p>\n\n\n\n<p>Confira abaixo a estrutura da prova!<\/p>\n\n\n\n<figure class=\"wp-block-image aligncenter size-large\"><img loading=\"lazy\" decoding=\"async\" width=\"1024\" height=\"309\" src=\"https:\/\/dhg1h5j42swfq.cloudfront.net\/2023\/02\/17085313\/image-242-1024x309.png\" alt=\"Estrutura prova objetiva concurso IFRJ.\" class=\"wp-image-1173254\" srcset=\"https:\/\/dhg1h5j42swfq.cloudfront.net\/2023\/02\/17085313\/image-242-1024x309.png 1024w, https:\/\/dhg1h5j42swfq.cloudfront.net\/2023\/02\/17085313\/image-242-300x91.png 300w, https:\/\/dhg1h5j42swfq.cloudfront.net\/2023\/02\/17085313\/image-242-768x232.png 768w, https:\/\/dhg1h5j42swfq.cloudfront.net\/2023\/02\/17085313\/image-242-610x184.png 610w, https:\/\/dhg1h5j42swfq.cloudfront.net\/2023\/02\/17085313\/image-242-150x45.png 150w, https:\/\/dhg1h5j42swfq.cloudfront.net\/2023\/02\/17085313\/image-242.png 1044w\" sizes=\"auto, (max-width: 1024px) 100vw, 1024px\" \/><figcaption class=\"wp-element-caption\">Estrutura prova objetiva concurso IFRJ.<\/figcaption><\/figure>\n\n\n\n<h3 class=\"wp-block-heading\" id=\"titulos\">Avalia\u00e7\u00e3o de T\u00edtulos<\/h3>\n\n\n\n<p>A etapa de Avalia\u00e7\u00e3o de T\u00edtulos, de car\u00e1ter apenas classificat\u00f3rio, foi aplicada para todos os candidatos a cargos de n\u00edvel superior aprovados na etapa de prova objetiva. Os t\u00edtulos foram enviados entre os dias 19 e 20 de junho de 2023, e a pontua\u00e7\u00e3o obedeceu a seguinte tabela:<\/p>\n\n\n\n<figure class=\"wp-block-table is-style-stripes\"><table class=\"has-background\" style=\"background-color:#8ddb7b5c\"><tbody><tr><td class=\"has-text-align-center\" data-align=\"center\"><strong>DESCRI\u00c7\u00c3O<\/strong><\/td><td class=\"has-text-align-center\" data-align=\"center\"><strong>VALOR UNIT\u00c1RIO EM PONTOS<\/strong><\/td><td class=\"has-text-align-center\" data-align=\"center\"><strong>VALOR M\u00c1XIMO EM PONTOS<\/strong><\/td><\/tr><tr><td class=\"has-text-align-center\" data-align=\"center\">Curso de P\u00f3s-Gradua\u00e7\u00e3o stricto sensu em n\u00edvel de Doutorado, na \u00e1rea ou na forma\u00e7\u00e3o espec\u00edfica relacionada ao Cargo P\u00fablico para o qual concorre.<\/td><td class=\"has-text-align-center\" data-align=\"center\">10,0<\/td><td class=\"has-text-align-center\" data-align=\"center\">10,0<\/td><\/tr><tr><td class=\"has-text-align-center\" data-align=\"center\">Curso de P\u00f3s-Gradua\u00e7\u00e3o stricto sensu em n\u00edvel de Mestrado (Profissional ou Acad\u00eamico), na \u00e1rea ou na forma\u00e7\u00e3o espec\u00edfica relacionada ao Cargo P\u00fablico para o qual concorre.<\/td><td class=\"has-text-align-center\" data-align=\"center\">5,0<\/td><td class=\"has-text-align-center\" data-align=\"center\">5,0<\/td><\/tr><tr><td class=\"has-text-align-center\" data-align=\"center\">Curso de P\u00f3s-Gradua\u00e7\u00e3o lato sensu em n\u00edvel de Especializa\u00e7\u00e3o (inclui-se MBA e Resid\u00eancia), na \u00e1rea ou na forma\u00e7\u00e3o espec\u00edfica relacionada ao Cargo P\u00fablico para o qual concorre.<\/td><td class=\"has-text-align-center\" data-align=\"center\">3,0<\/td><td class=\"has-text-align-center\" data-align=\"center\">3,0<\/td><\/tr><tr><td class=\"has-text-align-center\" data-align=\"center\"><strong>Pontua\u00e7\u00e3o M\u00e1xima da Titula\u00e7\u00e3o<\/strong><\/td><td class=\"has-text-align-center\" data-align=\"center\"><\/td><td class=\"has-text-align-center\" data-align=\"center\"><strong>10,0<\/strong><\/td><\/tr><\/tbody><\/table><\/figure>\n\n\n\n<p><strong>Experi\u00eancia Profissional<\/strong> <\/p>\n\n\n\n<figure class=\"wp-block-table is-style-stripes\"><table class=\"has-background\" style=\"background-color:#91db7b66\"><tbody><tr><td class=\"has-text-align-center\" data-align=\"center\"><strong> DESCRI\u00c7\u00c3O <\/strong><\/td><td class=\"has-text-align-center\" data-align=\"center\"> <strong>VALOR UNIT\u00c1RIO EM PONTOS<\/strong> <\/td><td class=\"has-text-align-center\" data-align=\"center\"><strong>VALOR M\u00c1XIMO EM PONTOS<\/strong> <\/td><\/tr><tr><td class=\"has-text-align-center\" data-align=\"center\">Dias de trabalho no Emprego a que concorre na iniciativa p\u00fablica ou privada, na \u00e1rea ou na forma\u00e7\u00e3o espec\u00edfica relacionada ao Cargo P\u00fablico para o qual concorre.<\/td><td class=\"has-text-align-center\" data-align=\"center\">2,0 para cada 365 dias completos<\/td><td class=\"has-text-align-center\" data-align=\"center\">10,0<\/td><\/tr><\/tbody><\/table><\/figure>\n\n\n\n<figure class=\"wp-block-table is-style-stripes\"><table><tbody><tr><td class=\"has-text-align-center\" data-align=\"center\"> <strong>Pontua\u00e7\u00e3o M\u00e1xima da Experi\u00eancia Profissional<\/strong><\/td><td class=\"has-text-align-center\" data-align=\"center\"><\/td><td class=\"has-text-align-center\" data-align=\"center\"><\/td><td><strong>10,0<\/strong><\/td><\/tr><\/tbody><\/table><figcaption class=\"wp-element-caption\"><strong>Tabela de t\u00edtulos do concurso IFRJ<\/strong><\/figcaption><\/figure>\n\n\n\n<h3 class=\"wp-block-heading\" id=\"h-resultado-final\">Resultado final<\/h3>\n\n\n\n<p>O resultado final do certame e a homologa\u00e7\u00e3o foram publicados atrav\u00e9s da edi\u00e7\u00e3o do dia 17 de agosto de 2023 do Di\u00e1rio Oficial da Uni\u00e3o. Confira baixo:<\/p>\n\n\n\n<p class=\"has-text-align-center has-medium-font-size\"><a href=\"https:\/\/dhg1h5j42swfq.cloudfront.net\/2023\/08\/17104611\/ifrj-homologacao-1.pdf\" target=\"_blank\" rel=\"noreferrer noopener\"><strong>Resultado final homologado<\/strong><\/a><\/p>\n\n\n\n<hr class=\"wp-block-separator has-css-opacity\"\/>\n\n\n\n<h2 class=\"wp-block-heading has-text-align-center\" id=\"CURSO\">Quer se preparar para o concurso IFRJ? <\/h2>\n\n\n\n<div class=\"col-sm\">\n      <div class=\"banner-estrategia\" id=\"box-assinatura\">\n        <h3 class=\"titulo-assinatura\">Cursos para IFRJ<\/h3>\n        <p class=\"subtitulo-assinatura\">Conhe\u00e7a os cursos<\/p>\n        <div class=\"box-botao\">\n          <a class=\"btn-assinatura\" target=\"_blank\" href=\"https:\/\/www.estrategiaconcursos.com.br\/cursosPorConcurso\/instituto-federal-do-rio-de-janeiro-ifrj\/\" role=\"button\" rel=\"noopener noreferrer\">Conhe\u00e7a mais<\/a>\n        <\/div>\n      <\/div>\n      \n    <\/div>\n\n\n\n<div class=\"container\" id=\"boxes\">\n  <div class=\"row\">\n\n    <div class=\"col-sm\">\n      <div class=\"estrategia\" id=\"box-assinatura\">\n        <h3 class=\"titulo-assinatura\">Assinatura de Concursos<\/h3>\n        <p class=\"subtitulo-assinatura\">Assinatura de 1 ano ou 2 anos<\/p>\n        <div class=\"box-botao\">\n          <a class=\"btn-assinatura\" target=\"_blank\" href=\"https:\/\/www.estrategiaconcursos.com.br\/assinaturas\/\" role=\"button\" rel=\"noopener noreferrer\">ASSINE AGORA<\/a>\n        <\/div>\n      <\/div>\n     \n    <\/div><\/div><\/div>\n\n\n\n<h2 class=\"wp-block-heading has-text-align-center\" id=\"h-quer-saber-tudo-sobre-concursos-previstos-confira-nossos-artigos\">Quer saber tudo sobre concursos previstos?<br \/>Confira nossos artigos!<\/h2>\n\n\n\n<ul class=\"wp-block-list\">\n<li><a href=\"https:\/\/www.estrategiaconcursos.com.br\/blog\/concursos-abertos\/\" target=\"_blank\" rel=\"noreferrer noopener\">Concursos abertos<\/a><\/li>\n\n\n\n<li><a href=\"https:\/\/www.estrategiaconcursos.com.br\/blog\/concursos-2025\/\" target=\"_blank\" rel=\"noreferrer noopener\">Concursos 2025<\/a><\/li>\n\n\n\n<li><a href=\"https:\/\/www.estrategiaconcursos.com.br\/blog\/concursos-2026\/\" target=\"_blank\" rel=\"noreferrer noopener\">Concursos 2026<\/a><\/li>\n\n\n\n<li><a href=\"https:\/\/www.estrategiaconcursos.com.br\/blog\/concursos\/rj\/\" target=\"_blank\" rel=\"noreferrer noopener\">Concursos RJ<\/a><\/li>\n<\/ul>\n\n\n\n<figure class=\"wp-block-image size-large is-resized\"><img loading=\"lazy\" decoding=\"async\" width=\"1024\" height=\"632\" src=\"https:\/\/dhg1h5j42swfq.cloudfront.net\/2021\/06\/11155630\/ficha-tecnica-2-1024x632.png\" alt=\"Concurso IFRJ\" class=\"wp-image-764985\" style=\"width:463px;height:auto\" srcset=\"https:\/\/dhg1h5j42swfq.cloudfront.net\/2021\/06\/11155630\/ficha-tecnica-2-1024x632.png 1024w, https:\/\/dhg1h5j42swfq.cloudfront.net\/2021\/06\/11155630\/ficha-tecnica-2-300x185.png 300w, https:\/\/dhg1h5j42swfq.cloudfront.net\/2021\/06\/11155630\/ficha-tecnica-2-768x474.png 768w, https:\/\/dhg1h5j42swfq.cloudfront.net\/2021\/06\/11155630\/ficha-tecnica-2-1536x948.png 1536w, https:\/\/dhg1h5j42swfq.cloudfront.net\/2021\/06\/11155630\/ficha-tecnica-2-610x377.png 610w, https:\/\/dhg1h5j42swfq.cloudfront.net\/2021\/06\/11155630\/ficha-tecnica-2.png 1571w\" sizes=\"auto, (max-width: 1024px) 100vw, 1024px\" \/><figcaption class=\"wp-element-caption\">\ufeff<\/figcaption><\/figure>\n\n\n\n<h3 class=\"wp-block-heading\" id=\"ficha\">Informa\u00e7\u00f5es  concurso  IFRJ TAE<\/h3>\n\n\n\n<ul class=\"wp-block-list\">\n<li><strong>Data da prova<\/strong>: a definir<\/li>\n\n\n\n<li><strong>Vagas<\/strong>: a definir<\/li>\n\n\n\n<li><strong>Cargos<\/strong>:&nbsp;a definir<\/li>\n\n\n\n<li><strong>Banca<\/strong>: Idecan<\/li>\n\n\n\n<li><strong>Escolaridade<\/strong>: a definir<\/li>\n\n\n\n<li><strong>Edital:&nbsp;<\/strong>a definir<\/li>\n<\/ul>\n","protected":false},"excerpt":{"rendered":"<p>O Instituto Federal de Educa\u00e7\u00e3o, Ci\u00eancia e Tecnologia do Rio de Janeiro definiu o IDECAN como banca organizadora do novo concurso IFRJ. A informa\u00e7\u00e3o consta em publica\u00e7\u00e3o no Di\u00e1rio Oficial da Uni\u00e3o do dia 10 de setembro de 2024. Veja aqui o documento! O n\u00famero de vagas e os cargos a serem ofertados ainda n\u00e3o [&hellip;]<\/p>\n","protected":false},"author":1,"featured_media":823983,"comment_status":"open","ping_status":"closed","sticky":false,"template":"","format":"standard","meta":{"post_tipo":"news_page","footnotes":""},"categories":[3766],"tags":[],"tax_estado":[219982],"class_list":["post-798750","post","type-post","status-publish","format-standard","has-post-thumbnail","hentry","category-educacional","tax_estado-rj"],"acf":[],"yoast_head":"<!-- This site is optimized with the Yoast SEO Premium plugin v27.2 (Yoast SEO v27.2) - https:\/\/yoast.com\/product\/yoast-seo-premium-wordpress\/ -->\n<title>Concurso IFRJ: banca definida para novo edital!<\/title>\n<meta name=\"description\" content=\"Concurso IFRJ: IDECAN foi definida como a nova banca para organiza\u00e7\u00e3o do concurso, confira os detalhes e como se preparar para as provas!\" \/>\n<meta name=\"robots\" content=\"index, follow, max-snippet:-1, max-image-preview:large, max-video-preview:-1\" \/>\n<link rel=\"canonical\" href=\"https:\/\/www.estrategiaconcursos.com.br\/blog\/concurso-ifrj\/\" \/>\n<meta property=\"og:locale\" content=\"pt_BR\" \/>\n<meta property=\"og:type\" content=\"article\" \/>\n<meta property=\"og:title\" content=\"Concurso IFRJ: banca definida para novo edital!\" \/>\n<meta property=\"og:description\" content=\"Concurso IFRJ: IDECAN foi definida como a nova banca para organiza\u00e7\u00e3o do concurso, confira os detalhes e como se preparar para as provas!\" \/>\n<meta property=\"og:url\" content=\"https:\/\/www.estrategiaconcursos.com.br\/blog\/concurso-ifrj\/\" \/>\n<meta property=\"og:site_name\" content=\"Estrat\u00e9gia Concursos\" \/>\n<meta property=\"article:author\" content=\"https:\/\/www.facebook.com\/EstrategiaConcursos\" \/>\n<meta property=\"article:published_time\" content=\"2024-09-12T22:34:26+00:00\" \/>\n<meta property=\"article:modified_time\" content=\"2025-07-25T18:21:04+00:00\" \/>\n<meta property=\"og:image\" content=\"https:\/\/dhg1h5j42swfq.cloudfront.net\/2021\/07\/28151421\/ifrj.jpeg\" \/>\n\t<meta property=\"og:image:width\" content=\"768\" \/>\n\t<meta property=\"og:image:height\" content=\"432\" \/>\n\t<meta property=\"og:image:type\" content=\"image\/jpeg\" \/>\n<meta name=\"author\" content=\"Coordena\u00e7\u00e3o\" \/>\n<meta name=\"twitter:card\" content=\"summary_large_image\" \/>\n<meta name=\"twitter:creator\" content=\"@EstratConcursos\" \/>\n<meta name=\"twitter:site\" content=\"@EstratConcursos\" \/>\n<meta name=\"twitter:label1\" content=\"Escrito por\" \/>\n\t<meta name=\"twitter:data1\" content=\"Coordena\u00e7\u00e3o\" \/>\n\t<meta name=\"twitter:label2\" content=\"Est. tempo de leitura\" \/>\n\t<meta name=\"twitter:data2\" content=\"18 minutos\" \/>\n<script type=\"application\/ld+json\" class=\"yoast-schema-graph\">{\"@context\":\"https:\/\/schema.org\",\"@graph\":[{\"@type\":\"NewsArticle\",\"@id\":\"https:\/\/www.estrategiaconcursos.com.br\/blog\/concurso-ifrj\/#article\",\"isPartOf\":{\"@id\":\"https:\/\/www.estrategiaconcursos.com.br\/blog\/concurso-ifrj\/\"},\"author\":{\"name\":\"Coordena\u00e7\u00e3o\",\"@id\":\"https:\/\/www.estrategiaconcursos.com.br\/blog\/#\/schema\/person\/b4a388c97673c5f483d72185668afa1f\"},\"headline\":\"Concurso IFRJ: banca definida para novo edital!\",\"datePublished\":\"2024-09-12T22:34:26+00:00\",\"dateModified\":\"2025-07-25T18:21:04+00:00\",\"mainEntityOfPage\":{\"@id\":\"https:\/\/www.estrategiaconcursos.com.br\/blog\/concurso-ifrj\/\"},\"wordCount\":1130,\"commentCount\":0,\"publisher\":{\"@id\":\"https:\/\/www.estrategiaconcursos.com.br\/blog\/#organization\"},\"image\":{\"@id\":\"https:\/\/www.estrategiaconcursos.com.br\/blog\/concurso-ifrj\/#primaryimage\"},\"thumbnailUrl\":\"https:\/\/dhg1h5j42swfq.cloudfront.net\/2021\/07\/28151421\/ifrj.jpeg\",\"articleSection\":[\"Educa\u00e7\u00e3o\"],\"inLanguage\":\"pt-BR\",\"potentialAction\":[{\"@type\":\"CommentAction\",\"name\":\"Comment\",\"target\":[\"https:\/\/www.estrategiaconcursos.com.br\/blog\/concurso-ifrj\/#respond\"]}],\"copyrightYear\":\"2024\",\"copyrightHolder\":{\"@id\":\"https:\/\/www.estrategiaconcursos.com.br\/blog\/#organization\"}},{\"@type\":\"WebPage\",\"@id\":\"https:\/\/www.estrategiaconcursos.com.br\/blog\/concurso-ifrj\/\",\"url\":\"https:\/\/www.estrategiaconcursos.com.br\/blog\/concurso-ifrj\/\",\"name\":\"Concurso IFRJ: banca definida para novo edital!\",\"isPartOf\":{\"@id\":\"https:\/\/www.estrategiaconcursos.com.br\/blog\/#website\"},\"primaryImageOfPage\":{\"@id\":\"https:\/\/www.estrategiaconcursos.com.br\/blog\/concurso-ifrj\/#primaryimage\"},\"image\":{\"@id\":\"https:\/\/www.estrategiaconcursos.com.br\/blog\/concurso-ifrj\/#primaryimage\"},\"thumbnailUrl\":\"https:\/\/dhg1h5j42swfq.cloudfront.net\/2021\/07\/28151421\/ifrj.jpeg\",\"datePublished\":\"2024-09-12T22:34:26+00:00\",\"dateModified\":\"2025-07-25T18:21:04+00:00\",\"description\":\"Concurso IFRJ: IDECAN foi definida como a nova banca para organiza\u00e7\u00e3o do concurso, confira os detalhes e como se preparar para as provas!\",\"breadcrumb\":{\"@id\":\"https:\/\/www.estrategiaconcursos.com.br\/blog\/concurso-ifrj\/#breadcrumb\"},\"inLanguage\":\"pt-BR\",\"potentialAction\":[{\"@type\":\"ReadAction\",\"target\":[\"https:\/\/www.estrategiaconcursos.com.br\/blog\/concurso-ifrj\/\"]}]},{\"@type\":\"ImageObject\",\"inLanguage\":\"pt-BR\",\"@id\":\"https:\/\/www.estrategiaconcursos.com.br\/blog\/concurso-ifrj\/#primaryimage\",\"url\":\"https:\/\/dhg1h5j42swfq.cloudfront.net\/2021\/07\/28151421\/ifrj.jpeg\",\"contentUrl\":\"https:\/\/dhg1h5j42swfq.cloudfront.net\/2021\/07\/28151421\/ifrj.jpeg\",\"width\":768,\"height\":432,\"caption\":\"IFRJ\"},{\"@type\":\"BreadcrumbList\",\"@id\":\"https:\/\/www.estrategiaconcursos.com.br\/blog\/concurso-ifrj\/#breadcrumb\",\"itemListElement\":[{\"@type\":\"ListItem\",\"position\":1,\"name\":\"In\u00edcio\",\"item\":\"https:\/\/www.estrategiaconcursos.com.br\/blog\/\"},{\"@type\":\"ListItem\",\"position\":2,\"name\":\"Concurso IFRJ: banca definida para novo edital!\"}]},{\"@type\":\"WebSite\",\"@id\":\"https:\/\/www.estrategiaconcursos.com.br\/blog\/#website\",\"url\":\"https:\/\/www.estrategiaconcursos.com.br\/blog\/\",\"name\":\"Estrat\u00e9gia Concursos\",\"description\":\"O blog da Estrat\u00e9gia Concursos traz not\u00edcias sobre concursos e artigos de professores oferecendo cursos para concursos (pdf + videaulas) no site.\",\"publisher\":{\"@id\":\"https:\/\/www.estrategiaconcursos.com.br\/blog\/#organization\"},\"potentialAction\":[{\"@type\":\"SearchAction\",\"target\":{\"@type\":\"EntryPoint\",\"urlTemplate\":\"https:\/\/www.estrategiaconcursos.com.br\/blog\/?s={search_term_string}\"},\"query-input\":{\"@type\":\"PropertyValueSpecification\",\"valueRequired\":true,\"valueName\":\"search_term_string\"}}],\"inLanguage\":\"pt-BR\"},{\"@type\":\"Organization\",\"@id\":\"https:\/\/www.estrategiaconcursos.com.br\/blog\/#organization\",\"name\":\"Estrat\u00e9gia Concursos\",\"url\":\"https:\/\/www.estrategiaconcursos.com.br\/blog\/\",\"logo\":{\"@type\":\"ImageObject\",\"inLanguage\":\"pt-BR\",\"@id\":\"https:\/\/www.estrategiaconcursos.com.br\/blog\/#\/schema\/logo\/image\/\",\"url\":\"https:\/\/dhg1h5j42swfq.cloudfront.net\/2025\/06\/03203428\/logo_concursos-1.jpg\",\"contentUrl\":\"https:\/\/dhg1h5j42swfq.cloudfront.net\/2025\/06\/03203428\/logo_concursos-1.jpg\",\"width\":230,\"height\":60,\"caption\":\"Estrat\u00e9gia Concursos\"},\"image\":{\"@id\":\"https:\/\/www.estrategiaconcursos.com.br\/blog\/#\/schema\/logo\/image\/\"},\"sameAs\":[\"https:\/\/x.com\/EstratConcursos\"]},{\"@type\":\"Person\",\"@id\":\"https:\/\/www.estrategiaconcursos.com.br\/blog\/#\/schema\/person\/b4a388c97673c5f483d72185668afa1f\",\"name\":\"Coordena\u00e7\u00e3o\",\"image\":{\"@type\":\"ImageObject\",\"inLanguage\":\"pt-BR\",\"@id\":\"https:\/\/secure.gravatar.com\/avatar\/b720319e4c9a967eb58678d110f4fe35452fc5d5f97b202bac7b8acceb18c6ad?s=96&d=mm&r=g\",\"url\":\"https:\/\/secure.gravatar.com\/avatar\/b720319e4c9a967eb58678d110f4fe35452fc5d5f97b202bac7b8acceb18c6ad?s=96&d=mm&r=g\",\"contentUrl\":\"https:\/\/secure.gravatar.com\/avatar\/b720319e4c9a967eb58678d110f4fe35452fc5d5f97b202bac7b8acceb18c6ad?s=96&d=mm&r=g\",\"caption\":\"Coordena\u00e7\u00e3o\"},\"sameAs\":[\"https:\/\/www.facebook.com\/EstrategiaConcursos\",\"https:\/\/x.com\/EstratConcursos\"],\"url\":\"https:\/\/www.estrategiaconcursos.com.br\/blog\/author\/estrategia2013\/\"}]}<\/script>\n<!-- \/ Yoast SEO Premium plugin. -->","yoast_head_json":{"title":"Concurso IFRJ: banca definida para novo edital!","description":"Concurso IFRJ: IDECAN foi definida como a nova banca para organiza\u00e7\u00e3o do concurso, confira os detalhes e como se preparar para as provas!","robots":{"index":"index","follow":"follow","max-snippet":"max-snippet:-1","max-image-preview":"max-image-preview:large","max-video-preview":"max-video-preview:-1"},"canonical":"https:\/\/www.estrategiaconcursos.com.br\/blog\/concurso-ifrj\/","og_locale":"pt_BR","og_type":"article","og_title":"Concurso IFRJ: banca definida para novo edital!","og_description":"Concurso IFRJ: IDECAN foi definida como a nova banca para organiza\u00e7\u00e3o do concurso, confira os detalhes e como se preparar para as provas!","og_url":"https:\/\/www.estrategiaconcursos.com.br\/blog\/concurso-ifrj\/","og_site_name":"Estrat\u00e9gia Concursos","article_author":"https:\/\/www.facebook.com\/EstrategiaConcursos","article_published_time":"2024-09-12T22:34:26+00:00","article_modified_time":"2025-07-25T18:21:04+00:00","og_image":[{"width":768,"height":432,"url":"https:\/\/dhg1h5j42swfq.cloudfront.net\/2021\/07\/28151421\/ifrj.jpeg","type":"image\/jpeg"}],"author":"Coordena\u00e7\u00e3o","twitter_card":"summary_large_image","twitter_creator":"@EstratConcursos","twitter_site":"@EstratConcursos","twitter_misc":{"Escrito por":"Coordena\u00e7\u00e3o","Est. tempo de leitura":"18 minutos"},"schema":{"@context":"https:\/\/schema.org","@graph":[{"@type":"NewsArticle","@id":"https:\/\/www.estrategiaconcursos.com.br\/blog\/concurso-ifrj\/#article","isPartOf":{"@id":"https:\/\/www.estrategiaconcursos.com.br\/blog\/concurso-ifrj\/"},"author":{"name":"Coordena\u00e7\u00e3o","@id":"https:\/\/www.estrategiaconcursos.com.br\/blog\/#\/schema\/person\/b4a388c97673c5f483d72185668afa1f"},"headline":"Concurso IFRJ: banca definida para novo edital!","datePublished":"2024-09-12T22:34:26+00:00","dateModified":"2025-07-25T18:21:04+00:00","mainEntityOfPage":{"@id":"https:\/\/www.estrategiaconcursos.com.br\/blog\/concurso-ifrj\/"},"wordCount":1130,"commentCount":0,"publisher":{"@id":"https:\/\/www.estrategiaconcursos.com.br\/blog\/#organization"},"image":{"@id":"https:\/\/www.estrategiaconcursos.com.br\/blog\/concurso-ifrj\/#primaryimage"},"thumbnailUrl":"https:\/\/dhg1h5j42swfq.cloudfront.net\/2021\/07\/28151421\/ifrj.jpeg","articleSection":["Educa\u00e7\u00e3o"],"inLanguage":"pt-BR","potentialAction":[{"@type":"CommentAction","name":"Comment","target":["https:\/\/www.estrategiaconcursos.com.br\/blog\/concurso-ifrj\/#respond"]}],"copyrightYear":"2024","copyrightHolder":{"@id":"https:\/\/www.estrategiaconcursos.com.br\/blog\/#organization"}},{"@type":"WebPage","@id":"https:\/\/www.estrategiaconcursos.com.br\/blog\/concurso-ifrj\/","url":"https:\/\/www.estrategiaconcursos.com.br\/blog\/concurso-ifrj\/","name":"Concurso IFRJ: banca definida para novo edital!","isPartOf":{"@id":"https:\/\/www.estrategiaconcursos.com.br\/blog\/#website"},"primaryImageOfPage":{"@id":"https:\/\/www.estrategiaconcursos.com.br\/blog\/concurso-ifrj\/#primaryimage"},"image":{"@id":"https:\/\/www.estrategiaconcursos.com.br\/blog\/concurso-ifrj\/#primaryimage"},"thumbnailUrl":"https:\/\/dhg1h5j42swfq.cloudfront.net\/2021\/07\/28151421\/ifrj.jpeg","datePublished":"2024-09-12T22:34:26+00:00","dateModified":"2025-07-25T18:21:04+00:00","description":"Concurso IFRJ: IDECAN foi definida como a nova banca para organiza\u00e7\u00e3o do concurso, confira os detalhes e como se preparar para as provas!","breadcrumb":{"@id":"https:\/\/www.estrategiaconcursos.com.br\/blog\/concurso-ifrj\/#breadcrumb"},"inLanguage":"pt-BR","potentialAction":[{"@type":"ReadAction","target":["https:\/\/www.estrategiaconcursos.com.br\/blog\/concurso-ifrj\/"]}]},{"@type":"ImageObject","inLanguage":"pt-BR","@id":"https:\/\/www.estrategiaconcursos.com.br\/blog\/concurso-ifrj\/#primaryimage","url":"https:\/\/dhg1h5j42swfq.cloudfront.net\/2021\/07\/28151421\/ifrj.jpeg","contentUrl":"https:\/\/dhg1h5j42swfq.cloudfront.net\/2021\/07\/28151421\/ifrj.jpeg","width":768,"height":432,"caption":"IFRJ"},{"@type":"BreadcrumbList","@id":"https:\/\/www.estrategiaconcursos.com.br\/blog\/concurso-ifrj\/#breadcrumb","itemListElement":[{"@type":"ListItem","position":1,"name":"In\u00edcio","item":"https:\/\/www.estrategiaconcursos.com.br\/blog\/"},{"@type":"ListItem","position":2,"name":"Concurso IFRJ: banca definida para novo edital!"}]},{"@type":"WebSite","@id":"https:\/\/www.estrategiaconcursos.com.br\/blog\/#website","url":"https:\/\/www.estrategiaconcursos.com.br\/blog\/","name":"Estrat\u00e9gia Concursos","description":"O blog da Estrat\u00e9gia Concursos traz not\u00edcias sobre concursos e artigos de professores oferecendo cursos para concursos (pdf + videaulas) no site.","publisher":{"@id":"https:\/\/www.estrategiaconcursos.com.br\/blog\/#organization"},"potentialAction":[{"@type":"SearchAction","target":{"@type":"EntryPoint","urlTemplate":"https:\/\/www.estrategiaconcursos.com.br\/blog\/?s={search_term_string}"},"query-input":{"@type":"PropertyValueSpecification","valueRequired":true,"valueName":"search_term_string"}}],"inLanguage":"pt-BR"},{"@type":"Organization","@id":"https:\/\/www.estrategiaconcursos.com.br\/blog\/#organization","name":"Estrat\u00e9gia Concursos","url":"https:\/\/www.estrategiaconcursos.com.br\/blog\/","logo":{"@type":"ImageObject","inLanguage":"pt-BR","@id":"https:\/\/www.estrategiaconcursos.com.br\/blog\/#\/schema\/logo\/image\/","url":"https:\/\/dhg1h5j42swfq.cloudfront.net\/2025\/06\/03203428\/logo_concursos-1.jpg","contentUrl":"https:\/\/dhg1h5j42swfq.cloudfront.net\/2025\/06\/03203428\/logo_concursos-1.jpg","width":230,"height":60,"caption":"Estrat\u00e9gia Concursos"},"image":{"@id":"https:\/\/www.estrategiaconcursos.com.br\/blog\/#\/schema\/logo\/image\/"},"sameAs":["https:\/\/x.com\/EstratConcursos"]},{"@type":"Person","@id":"https:\/\/www.estrategiaconcursos.com.br\/blog\/#\/schema\/person\/b4a388c97673c5f483d72185668afa1f","name":"Coordena\u00e7\u00e3o","image":{"@type":"ImageObject","inLanguage":"pt-BR","@id":"https:\/\/secure.gravatar.com\/avatar\/b720319e4c9a967eb58678d110f4fe35452fc5d5f97b202bac7b8acceb18c6ad?s=96&d=mm&r=g","url":"https:\/\/secure.gravatar.com\/avatar\/b720319e4c9a967eb58678d110f4fe35452fc5d5f97b202bac7b8acceb18c6ad?s=96&d=mm&r=g","contentUrl":"https:\/\/secure.gravatar.com\/avatar\/b720319e4c9a967eb58678d110f4fe35452fc5d5f97b202bac7b8acceb18c6ad?s=96&d=mm&r=g","caption":"Coordena\u00e7\u00e3o"},"sameAs":["https:\/\/www.facebook.com\/EstrategiaConcursos","https:\/\/x.com\/EstratConcursos"],"url":"https:\/\/www.estrategiaconcursos.com.br\/blog\/author\/estrategia2013\/"}]}},"_links":{"self":[{"href":"https:\/\/www.estrategiaconcursos.com.br\/blog\/wp-json\/wp\/v2\/posts\/798750","targetHints":{"allow":["GET"]}}],"collection":[{"href":"https:\/\/www.estrategiaconcursos.com.br\/blog\/wp-json\/wp\/v2\/posts"}],"about":[{"href":"https:\/\/www.estrategiaconcursos.com.br\/blog\/wp-json\/wp\/v2\/types\/post"}],"author":[{"embeddable":true,"href":"https:\/\/www.estrategiaconcursos.com.br\/blog\/wp-json\/wp\/v2\/users\/1"}],"replies":[{"embeddable":true,"href":"https:\/\/www.estrategiaconcursos.com.br\/blog\/wp-json\/wp\/v2\/comments?post=798750"}],"version-history":[{"count":99,"href":"https:\/\/www.estrategiaconcursos.com.br\/blog\/wp-json\/wp\/v2\/posts\/798750\/revisions"}],"predecessor-version":[{"id":1613214,"href":"https:\/\/www.estrategiaconcursos.com.br\/blog\/wp-json\/wp\/v2\/posts\/798750\/revisions\/1613214"}],"wp:featuredmedia":[{"embeddable":true,"href":"https:\/\/www.estrategiaconcursos.com.br\/blog\/wp-json\/wp\/v2\/media\/823983"}],"wp:attachment":[{"href":"https:\/\/www.estrategiaconcursos.com.br\/blog\/wp-json\/wp\/v2\/media?parent=798750"}],"wp:term":[{"taxonomy":"category","embeddable":true,"href":"https:\/\/www.estrategiaconcursos.com.br\/blog\/wp-json\/wp\/v2\/categories?post=798750"},{"taxonomy":"post_tag","embeddable":true,"href":"https:\/\/www.estrategiaconcursos.com.br\/blog\/wp-json\/wp\/v2\/tags?post=798750"},{"taxonomy":"tax_estado","embeddable":true,"href":"https:\/\/www.estrategiaconcursos.com.br\/blog\/wp-json\/wp\/v2\/tax_estado?post=798750"}],"curies":[{"name":"wp","href":"https:\/\/api.w.org\/{rel}","templated":true}]}}