{"id":798597,"date":"2021-07-19T19:54:30","date_gmt":"2021-07-19T22:54:30","guid":{"rendered":"https:\/\/www.estrategiaconcursos.com.br\/blog\/?p=798597"},"modified":"2021-07-21T09:36:10","modified_gmt":"2021-07-21T12:36:10","slug":"processo-seletivo-tj-rn","status":"publish","type":"post","link":"https:\/\/www.estrategiaconcursos.com.br\/blog\/processo-seletivo-tj-rn\/","title":{"rendered":"Processo Seletivo TJ RN: edital publicado para 58 vagas tempor\u00e1rias!"},"content":{"rendered":"\n<p><strong>O Tribunal de Justi\u00e7a do Rio Grande do Norte<\/strong> publicou um edital do Processo Seletivo TJ RN, que oferta 58 vagas para contrata\u00e7\u00e3o tempor\u00e1ria de psic\u00f3logos, assistentes sociais e pedagogos em Natal, Mossor\u00f3, Parnamirim, Caic\u00f3, Pau dos Ferros, Macau, Nova Cruz e Jo\u00e3o C\u00e2mara. O prazo de validade do Processo Seletivo Simplificado \u00e9 de 1 ano, contado a partir da data de assinatura do primeiro contrato, prorrog\u00e1vel uma \u00fanica vez por igual per\u00edodo.<\/p>\n\n\n\n<p>O processo \u00e9 organizado pelo pr\u00f3prio tribunal e os interessados em se inscrever devem acessar o Portal Eletr\u00f4nico do \u00f3rg\u00e3o entre os dias 19 de julho e 06 de agosto de 2021, data em que ser\u00e1 divulgada a lista preliminar dos inscritos. Os recursos em face da lista poder\u00e3o ser interposto entre 09 e 10 de agosto. <\/p>\n\n\n\n<p>O processo se dar\u00e1 pela an\u00e1lise de t\u00edtulos e documentos, que ocorrer\u00e1 entre \u00e0s 08 horas do dia 12 de agosto, data at\u00e9 quando ser\u00e1 divulgada a lista definitiva dos inscritos, e \u00e0s 23 horas e 59 minutos do dia 23 de agosto de 2021. O resultado definitivo do processo ser\u00e1 divulgado em 31 de agosto.  <\/p>\n\n\n\n<ul id=\"block-ffde6a9e-f0a0-49d4-b1e5-b0efa00ba9c1\" class=\"has-luminous-vivid-amber-background-color has-background wp-block-list\"><li><strong>PSS<\/strong> <strong>TJ RN<\/strong>&nbsp;\u2013&nbsp;Psic\u00f3logos\/Assistentes sociais\/Pedagogos<\/li><li><strong>Status:<\/strong> Publicado<\/li><li><strong>Banca:&nbsp;<\/strong>TJ RN<\/li><li><strong>Vagas:&nbsp;<\/strong>58<\/li><li><strong>Sal\u00e1rio inicial:<\/strong> R$ 3.219,67<\/li><\/ul>\n\n\n\n<div class=\"container\" id=\"boxes\">\n  <div class=\"row\">\n\n    <div class=\"col-sm\">\n      <div class=\"banner-tribunal\" id=\"box-assinatura\">\n        <h3 class=\"titulo-assinatura\">Cursos para TJ RN<\/h3>\n        <p class=\"subtitulo-assinatura\">Conhe\u00e7a os cursos<\/p>\n        <div class=\"box-botao\">\n          <a class=\"btn-assinatura\" target=\"_blank\" href=\"https:\/\/www.estrategiaconcursos.com.br\/cursosPorConcurso\/tribunal-de-justica-do-rio-grande-do-norte-tj-rn\/\" role=\"button\" rel=\"noopener noreferrer\">Conhe\u00e7a mais<\/a>\n        <\/div>\n      <\/div>\n      <p class=\"texto-auxiliar\">Prepare-se com o melhor material e com quem mais aprova em Concursos P\u00fablicos em todo o pa\u00eds.<\/p>\n    <\/div>\n\n  <\/div>\n<\/div>\n\n\n\n<ul class=\"wp-block-list\"><li><a href=\"#atual\"><strong>Situa\u00e7\u00e3o atual do processo<\/strong><\/a><ul><li><a href=\"#datas\">Principais datas<\/a><\/li><\/ul><\/li><li><a href=\"#carreira\"><strong>Carreira<\/strong><\/a><ul><li><a href=\"#vagas\">Cargos e Vagas<\/a><\/li><li><a href=\"#salario\">Requisitos e Sal\u00e1rios<\/a><\/li><\/ul><\/li><li><strong><a href=\"#etapas\">Etapas do concurso<\/a><\/strong><\/li><li><strong><a href=\"#cursos\">Cursos e Assinaturas<\/a><\/strong><\/li><li><strong><a href=\"#ficha\">Ficha T\u00e9cnica<\/a><\/strong><\/li><\/ul>\n\n\n\n<h2 class=\"wp-block-heading\" id=\"atual\">Processo Seletivo TJ RN: situa\u00e7\u00e3o atual<\/h2>\n\n\n\n<p>Foi publicado o edital do Processo Seletivo Simplificado para contrata\u00e7\u00e3o tempor\u00e1ria de psic\u00f3logos, assistentes sociais e pedagogos no Tribunal de Justi\u00e7a do Rio Grande do Norte. Acompanhe no t\u00f3pico abaixo as datas mais importantes: <\/p>\n\n\n\n<h3 class=\"wp-block-heading\" id=\"datas\">Principais datas<\/h3>\n\n\n\n<figure class=\"wp-block-table is-style-stripes\"><table class=\"has-fixed-layout\"><tbody><tr><td class=\"has-text-align-center\" data-align=\"center\">DATA OU PER\u00cdODO PROV\u00c1VEL<\/td><td class=\"has-text-align-center\" data-align=\"center\">ATIVIDADE<\/td><\/tr><tr><td class=\"has-text-align-center\" data-align=\"center\">19\/07 a 06\/08\/2021<\/td><td class=\"has-text-align-center\" data-align=\"center\">Per\u00edodo para inscri\u00e7\u00e3o<\/td><\/tr><tr><td class=\"has-text-align-center\" data-align=\"center\">06\/08\/2021<\/td><td class=\"has-text-align-center\" data-align=\"center\">Divulga\u00e7\u00e3o da lista preliminar dos inscritos identificados por ampla concorr\u00eancia, negros\/pardos e PCD<\/td><\/tr><tr><td class=\"has-text-align-center\" data-align=\"center\">09 a 10\/08\/2021<\/td><td class=\"has-text-align-center\" data-align=\"center\">Interposi\u00e7\u00e3o de Recurso quanto \u00e0 lista preliminar dos inscritos<\/td><\/tr><tr><td class=\"has-text-align-center\" data-align=\"center\">At\u00e9 12\/08\/2021<\/td><td class=\"has-text-align-center\" data-align=\"center\">Divulga\u00e7\u00e3o da lista definitiva de inscritos<\/td><\/tr><tr><td class=\"has-text-align-center\" data-align=\"center\"><br \/>12 a 23\/08\/2021<\/td><td class=\"has-text-align-center\" data-align=\"center\">An\u00e1lise de documentos comprobat\u00f3rios quanto \u00e0 titula\u00e7\u00e3o e experi\u00eancias<\/td><\/tr><tr><td class=\"has-text-align-center\" data-align=\"center\">24\/08\/2021<\/td><td class=\"has-text-align-center\" data-align=\"center\">Resultado preliminar da an\u00e1lise de t\u00edtulos e experi\u00eancias<\/td><\/tr><tr><td class=\"has-text-align-center\" data-align=\"center\">25 e 26\/08\/2021<\/td><td class=\"has-text-align-center\" data-align=\"center\">Interposi\u00e7\u00e3o de recurso quanto ao resultado preliminar<\/td><\/tr><tr><td class=\"has-text-align-center\" data-align=\"center\">31\/08\/2021<\/td><td class=\"has-text-align-center\" data-align=\"center\">Resultado definitivo<\/td><\/tr><\/tbody><\/table><\/figure>\n\n\n\n<h2 class=\"wp-block-heading\" id=\"carreira\">Processo Seletivo TJ RN: carreira<\/h2>\n\n\n\n<h3 class=\"wp-block-heading\" id=\"vagas\">Cargos e Vagas <\/h3>\n\n\n\n<figure class=\"wp-block-table is-style-stripes\"><table class=\"has-subtle-pale-pink-background-color has-fixed-layout has-background\"><tbody><tr><td class=\"has-text-align-center\" data-align=\"center\"><strong>CARGOS<\/strong><\/td><td class=\"has-text-align-center\" data-align=\"center\"><strong>VAGAS A\/C<\/strong><\/td><td><strong>VAGAS NEGROS<\/strong><\/td><td><strong>VAGAS PcD<\/strong><\/td><td><strong>VAGAS TOTAIS<\/strong><\/td><\/tr><tr><td class=\"has-text-align-center\" data-align=\"center\">PSIC\u00d3LOGO <\/td><td class=\"has-text-align-center\" data-align=\"center\">23<\/td><td>4<\/td><td>2<\/td><td>29<\/td><\/tr><tr><td class=\"has-text-align-center\" data-align=\"center\">ASSISTENTE SOCIAL<\/td><td class=\"has-text-align-center\" data-align=\"center\">21<\/td><td>3<\/td><td>1<\/td><td>25<\/td><\/tr><tr><td class=\"has-text-align-center\" data-align=\"center\">PEDAGOGO<\/td><td class=\"has-text-align-center\" data-align=\"center\">4<\/td><td>4<\/td><td>0<\/td><td>0<\/td><\/tr><\/tbody><\/table><\/figure>\n\n\n\n<h3 class=\"wp-block-heading\" id=\"salario\">Requisitos e Sal\u00e1rios  <\/h3>\n\n\n\n<figure class=\"wp-block-table is-style-stripes\"><table class=\"has-subtle-pale-green-background-color has-background\"><tbody><tr><td class=\"has-text-align-center\" data-align=\"center\"><strong>CARGOS<\/strong><\/td><td class=\"has-text-align-center\" data-align=\"center\"><\/td><td><strong>VENCIMENTOS <\/strong><\/td><td class=\"has-text-align-center\" data-align=\"center\"><strong>JORNADA<\/strong><\/td><\/tr><tr><td class=\"has-text-align-center\" data-align=\"center\">PSIC\u00d3LOGO<\/td><td class=\"has-text-align-center\" data-align=\"center\">Experi\u00eancia profissional de 1 ano, devidamente comprovada, relacionada a an\u00e1lise de processos judiciais.<\/td><td>R$ 3.219,67<\/td><td class=\"has-text-align-center\" data-align=\"center\">40 horas<\/td><\/tr><tr><td class=\"has-text-align-center\" data-align=\"center\">ASSISTENTE SOCIAL<\/td><td class=\"has-text-align-center\" data-align=\"center\">Experi\u00eancia profissional de 1 ano, devidamente comprovada, relacionada a an\u00e1lise de processos judiciais.<\/td><td>R$ 3.219,67<\/td><td class=\"has-text-align-center\" data-align=\"center\">40 horas<\/td><\/tr><tr><td class=\"has-text-align-center\" data-align=\"center\">PEDAGOGO<\/td><td class=\"has-text-align-center\" data-align=\"center\">Experi\u00eancia profissional de 1 ano, devidamente comprovada, relacionada a an\u00e1lise de processos judiciais.<\/td><td>R$ 3.219,67<\/td><td class=\"has-text-align-center\" data-align=\"center\">40 horas<\/td><\/tr><\/tbody><\/table><\/figure>\n\n\n\n<h2 class=\"wp-block-heading\" id=\"etapas\">Processo Seletivo TJ RN: etapas<\/h2>\n\n\n\n<p><\/p>\n\n\n\n<p><strong>AVALIA\u00c7\u00c3O DE T\u00cdTULOS E EXPERI\u00caNCIA PROFISSIONAL PARA TODAS AS \u00c1REAS<\/strong><\/p>\n\n\n\n<figure class=\"wp-block-table is-style-stripes\"><table class=\"has-fixed-layout\"><tbody><tr><td class=\"has-text-align-center\" data-align=\"center\"><strong>T\u00edtulo<\/strong><\/td><td class=\"has-text-align-center\" data-align=\"center\"><strong>Valor de cada T\u00edtulo<\/strong><\/td><td class=\"has-text-align-center\" data-align=\"center\"><strong>Pontua\u00e7\u00e3o M\u00e1xima<\/strong><\/td><\/tr><tr><td class=\"has-text-align-center\" data-align=\"center\">Diploma de curso de p\u00f3s-gradua\u00e7\u00e3o em n\u00edvel doutorado (t\u00edtulo de doutor), devidamente registrado, fornecido por institui\u00e7\u00e3o de ensino reconhecida pelo Minist\u00e9rio da Educa\u00e7\u00e3o (MEC), em \u00e1rea relacionada com o cargo ao qual concorre. Tamb\u00e9m ser\u00e1 aceito certificado\/declara\u00e7\u00e3o de curso de doutorado na \u00e1rea do cargo a que concorre, desde que acompanhado de hist\u00f3rico escolar<\/td><td class=\"has-text-align-center\" data-align=\"center\">2,00 pontos<\/td><td class=\"has-text-align-center\" data-align=\"center\">2,00 pontos<\/td><\/tr><tr><td class=\"has-text-align-center\" data-align=\"center\">Diploma de curso de p\u00f3s-gradua\u00e7\u00e3o em n\u00edvel mestrado (t\u00edtulo de mestre), devidamente registrado, fornecido por institui\u00e7\u00e3o de ensino reconhecida pelo Minist\u00e9rio da Educa\u00e7\u00e3o (MEC), em \u00e1rea relacionada com o cargo ao qual concorre. Tamb\u00e9m ser\u00e1 aceito certificado\/declara\u00e7\u00e3o de curso de mestrado na \u00e1rea do cargo a que concorre, desde que acompanhado de hist\u00f3rico escolar<\/td><td class=\"has-text-align-center\" data-align=\"center\">1,50 ponto<\/td><td class=\"has-text-align-center\" data-align=\"center\">1,50 ponto<\/td><\/tr><tr><td class=\"has-text-align-center\" data-align=\"center\">Certificado de conclus\u00e3o de curso de p\u00f3s-gradua\u00e7\u00e3o em<br \/>n\u00edvel de especializa\u00e7\u00e3o lato sensu, com carga hor\u00e1ria m\u00ednima de 360 horas, reconhecido pelo MEC, na \u00e1rea relacionada ao cargo pleiteado ou Certificado de conclus\u00e3o de Resid\u00eancia Integrada Multiprofissional, reconhecido pelo MEC<\/td><td class=\"has-text-align-center\" data-align=\"center\">0,75 ponto<\/td><td class=\"has-text-align-center\" data-align=\"center\">1,50 ponto<\/td><\/tr><tr><td class=\"has-text-align-center\" data-align=\"center\">Cursos de extens\u00e3o, com carga hor\u00e1ria m\u00ednima de 40h, na \u00e1rea do cargo a que concorre.<\/td><td class=\"has-text-align-center\" data-align=\"center\">0,50 ponto por certificado<\/td><td class=\"has-text-align-center\" data-align=\"center\">1,00 ponto<\/td><\/tr><tr><td class=\"has-text-align-center\" data-align=\"center\">Publica\u00e7\u00f5es de artigos completos em peri\u00f3dicos na \u00e1rea do cargo a que concorre<\/td><td class=\"has-text-align-center\" data-align=\"center\">0,25 ponto por peri\u00f3dico B3, B4 e B5;<br \/>0,50 ponto por peri\u00f3dicos B1 e B2;<br \/>0,75 ponto por peri\u00f3dicos A1 e A2<\/td><td class=\"has-text-align-center\" data-align=\"center\">2,50 pontos<\/td><\/tr><tr><td class=\"has-text-align-center\" data-align=\"center\">Trabalhos cient\u00edficos publicados em anais de eventos cient\u00edficos na \u00e1rea do cargo a que concorre.<\/td><td class=\"has-text-align-center\" data-align=\"center\">0,25 ponto por evento local;<br \/>0,50 ponto por evento nacional;<br \/>0,75 ponto por evento internacional<\/td><td class=\"has-text-align-center\" data-align=\"center\">1,50 pontos<\/td><\/tr><tr><td class=\"has-text-align-center\" data-align=\"center\">Experi\u00eancia pr\u00e9via al\u00e9m do m\u00ednimo de 01 ano relacionada \u00e0 an\u00e1lise de casos em processos judiciais<\/td><td class=\"has-text-align-center\" data-align=\"center\">1,00 ponto\/ano<\/td><td class=\"has-text-align-center\" data-align=\"center\">5,00 pontos<\/td><\/tr><tr><td class=\"has-text-align-center\" data-align=\"center\">Exerc\u00edcio da atividade profissional de n\u00edvel superior na administra\u00e7\u00e3o p\u00fablica ou na iniciativa privada, em empregos\/cargos em \u00e1rea relacionada com o cargo ao qual concorre<\/td><td class=\"has-text-align-center\" data-align=\"center\">1,00 ponto\/ano<\/td><td class=\"has-text-align-center\" data-align=\"center\">5,00 pontos<\/td><\/tr><\/tbody><\/table><\/figure>\n\n\n\n<p class=\"has-text-align-center\"><strong>Quer saber mais sobre o concurso TJ RN? Clique no link abaixo e fique por dentro de tudo!<\/strong><\/p>\n\n\n\n<p class=\"has-text-align-center has-light-green-cyan-background-color has-background\"><strong>Saiba mais: <a href=\"https:\/\/www.estrategiaconcursos.com.br\/blog\/concurso-tj-rn\">Concurso TJ RN<\/a><\/strong><\/p>\n\n\n\n<p class=\"has-text-align-center has-pale-cyan-blue-background-color has-background\"><a href=\"https:\/\/www.youtube.com\/user\/EstrategiaCursos\" target=\"_blank\" rel=\"noreferrer noopener\"><strong>Youtube &#8211; Estrat\u00e9gia Concursos <\/strong><\/a><\/p>\n\n\n\n<h2 class=\"has-text-align-center wp-block-heading\" id=\"cursos\"><strong><em>Quer estudar para o Processo Seletivo TJ RN?<\/em><\/strong><\/h2>\n\n\n\n<div class=\"container\" id=\"boxes\">\n  <div class=\"row\">\n\n    <div class=\"col-sm\">\n      <div class=\"banner-tribunal\" id=\"box-assinatura\">\n        <h3 class=\"titulo-assinatura\">Cursos para TJ RN<\/h3>\n        <p class=\"subtitulo-assinatura\">Conhe\u00e7a os cursos<\/p>\n        <div class=\"box-botao\">\n          <a class=\"btn-assinatura\" target=\"_blank\" href=\"https:\/\/www.estrategiaconcursos.com.br\/cursosPorConcurso\/tribunal-de-justica-do-rio-grande-do-norte-tj-rn\/\" role=\"button\" rel=\"noopener noreferrer\">Conhe\u00e7a mais<\/a>\n        <\/div>\n      <\/div>\n      <p class=\"texto-auxiliar\">Prepare-se com o melhor material e com quem mais aprova em Concursos P\u00fablicos em todo o pa\u00eds.<\/p>\n    <\/div>\n\n  <\/div>\n<\/div>\n\n\n\n<div class=\"container\" id=\"boxes\">\n  <div class=\"row\">\n\n    <div class=\"col-sm\">\n      <div class=\"estrategia\" id=\"box-assinatura\">\n        <h3 class=\"titulo-assinatura\">Assinatura Concursos<\/h3>\n        <p class=\"subtitulo-assinatura\">Assinatura de 1 ano ou 2 anos<\/p>\n        <div class=\"box-botao\">\n          <a class=\"btn-assinatura\" target=\"_blank\" href=\"https:\/\/www.estrategiaconcursos.com.br\/assinaturas\/\" role=\"button\" rel=\"noopener noreferrer\">ASSINE AGORA<\/a>\n        <\/div>\n      <\/div>\n     \n    <\/div><\/div><\/div>\n\n\n\n<div class=\"container\" id=\"boxes\">\n  <div class=\"row\">\n\n    <div class=\"col-sm\" id=\"boxes-concursos\">\n      <div style=\"background-color: #005DAD;\" class=\"conteudo-concursos\" id=\"box-concursos\">\n        <h3 class=\"titulo-assinatura\">Concursos Abertos<\/h3>\n        <p class=\"subtitulo-assinatura\">Os editais publicados<\/p>\n        <div class=\"box-botao\">\n          <a class=\"btn-assinatura\" target=\"_blank\" href=\"https:\/\/www.estrategiaconcursos.com.br\/blog\/concursos-abertos\/\" role=\"button\" rel=\"noopener noreferrer\">Conhe\u00e7a Agora<\/a>\n        <\/div>\n      <\/div>\n    <\/div>\n\n    <div class=\"col-sm\" id=\"boxes-concursos\">\n      <div style=\"background-color: #1A7ED5;\" class=\"conteudo-concursos\" id=\"box-concursos\">\n        <h3 class=\"titulo-assinatura\">Concursos 2021<\/h3>\n        <p class=\"subtitulo-assinatura\">As oportunidades previstas<\/p>\n        <div class=\"box-botao\">\n          <a class=\"btn-assinatura\" target=\"_blank\" href=\"https:\/\/www.estrategiaconcursos.com.br\/blog\/concursos-2021\/\" role=\"button\" rel=\"noopener noreferrer\">Conhe\u00e7a Agora<\/a>\n        <\/div>\n      <\/div>\n    <\/div>\n\n    <div class=\"col-sm\" id=\"boxes-concursos\">\n      <div style=\"background-color: #419FF0;\" class=\"conteudo-concursos\" id=\"box-concursos\">\n        <h3 class=\"titulo-assinatura\">Concursos 2022<\/h3>\n        <p class=\"subtitulo-assinatura\">Vagas para o pr\u00f3ximo ano<\/p>\n        <div class=\"box-botao\">\n          <a class=\"btn-assinatura\" target=\"_blank\" href=\"https:\/\/www.estrategiaconcursos.com.br\/blog\/concursos-2022\/\" role=\"button\" rel=\"noopener noreferrer\">Conhe\u00e7a Agora<\/a>\n        <\/div>\n      <\/div>\n    <\/div>\n\n  <\/div>\n<\/div>\n\n\n\n<figure class=\"wp-block-image size-large is-resized\"><img loading=\"lazy\" decoding=\"async\" src=\"https:\/\/dhg1h5j42swfq.cloudfront.net\/2021\/03\/31115510\/ficha-tecnica-1-4-1024x632.png\" alt=\"\" class=\"wp-image-705275\" width=\"201\" height=\"124\" srcset=\"https:\/\/dhg1h5j42swfq.cloudfront.net\/2021\/03\/31115510\/ficha-tecnica-1-4-1024x632.png 1024w, https:\/\/dhg1h5j42swfq.cloudfront.net\/2021\/03\/31115510\/ficha-tecnica-1-4-300x185.png 300w, https:\/\/dhg1h5j42swfq.cloudfront.net\/2021\/03\/31115510\/ficha-tecnica-1-4-768x474.png 768w, https:\/\/dhg1h5j42swfq.cloudfront.net\/2021\/03\/31115510\/ficha-tecnica-1-4-1536x948.png 1536w, https:\/\/dhg1h5j42swfq.cloudfront.net\/2021\/03\/31115510\/ficha-tecnica-1-4-610x377.png 610w, https:\/\/dhg1h5j42swfq.cloudfront.net\/2021\/03\/31115510\/ficha-tecnica-1-4.png 1571w\" sizes=\"auto, (max-width: 201px) 100vw, 201px\" \/><\/figure>\n\n\n\n<h4 class=\"wp-block-heading\" id=\"ficha\"><strong>Informa\u00e7\u00f5es do  Processo Seletivo TJ RN <\/strong><\/h4>\n\n\n\n<p class=\"has-text-align-left\">\u25ba<strong>Data:  <\/strong>19\/07 a 06\/08\/2021<br \/>\u25ba<strong>Vagas: 58<br \/>\u25baCargos: <\/strong>Psic\u00f3logo, Assistente Social e Pedagogo<br \/>\u25ba<strong>Banca: TJ RN<br \/>\u25baEscolaridade: <\/strong>superior<br \/><strong>\u25baEdital: <\/strong><a href=\"https:\/\/dhg1h5j42swfq.cloudfront.net\/2021\/07\/19195034\/edital_pss_tjrn.pdf\" target=\"_blank\" rel=\"noreferrer noopener nofollow\">Edital Tempor\u00e1rios 2021<\/a><\/p>\n\n\n\n<p class=\"has-text-align-left\"><br \/><\/p>\n","protected":false},"excerpt":{"rendered":"<p>O Tribunal de Justi\u00e7a do Rio Grande do Norte publicou um edital do Processo Seletivo TJ RN, que oferta 58 vagas para contrata\u00e7\u00e3o tempor\u00e1ria de psic\u00f3logos, assistentes sociais e pedagogos em Natal, Mossor\u00f3, Parnamirim, Caic\u00f3, Pau dos Ferros, Macau, Nova Cruz e Jo\u00e3o C\u00e2mara. O prazo de validade do Processo Seletivo Simplificado \u00e9 de 1 [&hellip;]<\/p>\n","protected":false},"author":1,"featured_media":798655,"comment_status":"open","ping_status":"closed","sticky":false,"template":"","format":"standard","meta":{"post_tipo":"news","footnotes":""},"categories":[1984],"tags":[],"tax_estado":[219983],"class_list":["post-798597","post","type-post","status-publish","format-standard","has-post-thumbnail","hentry","category-tribunais","tax_estado-rn"],"acf":[],"yoast_head":"<!-- This site is optimized with the Yoast SEO Premium plugin v27.2 (Yoast SEO v27.2) - https:\/\/yoast.com\/product\/yoast-seo-premium-wordpress\/ -->\n<title>Processo Seletivo TJ RN: edital publicado para 58 vagas tempor\u00e1rias!<\/title>\n<meta name=\"description\" content=\"Foi publicado o Processo Seletivo TJ RN, que oferta vagas para contrata\u00e7\u00e3o tempor\u00e1ria de Psic\u00f3logos, Assistentes Sociais e Pedagogos.\" \/>\n<meta name=\"robots\" content=\"index, follow, max-snippet:-1, max-image-preview:large, max-video-preview:-1\" \/>\n<link rel=\"canonical\" href=\"https:\/\/www.estrategiaconcursos.com.br\/blog\/processo-seletivo-tj-rn\/\" \/>\n<meta property=\"og:locale\" content=\"pt_BR\" \/>\n<meta property=\"og:type\" content=\"article\" \/>\n<meta property=\"og:title\" content=\"Processo Seletivo TJ RN: edital publicado para 58 vagas tempor\u00e1rias!\" \/>\n<meta property=\"og:description\" content=\"Foi publicado o Processo Seletivo TJ RN, que oferta vagas para contrata\u00e7\u00e3o tempor\u00e1ria de Psic\u00f3logos, Assistentes Sociais e Pedagogos.\" \/>\n<meta property=\"og:url\" content=\"https:\/\/www.estrategiaconcursos.com.br\/blog\/processo-seletivo-tj-rn\/\" \/>\n<meta property=\"og:site_name\" content=\"Estrat\u00e9gia Concursos\" \/>\n<meta property=\"article:author\" content=\"https:\/\/www.facebook.com\/EstrategiaConcursos\" \/>\n<meta property=\"article:published_time\" content=\"2021-07-19T22:54:30+00:00\" \/>\n<meta property=\"article:modified_time\" content=\"2021-07-21T12:36:10+00:00\" \/>\n<meta property=\"og:image\" content=\"https:\/\/dhg1h5j42swfq.cloudfront.net\/2021\/07\/19195411\/jornalismo_tj_rn.jpg\" \/>\n\t<meta property=\"og:image:width\" content=\"1200\" \/>\n\t<meta property=\"og:image:height\" content=\"628\" \/>\n\t<meta property=\"og:image:type\" content=\"image\/jpeg\" \/>\n<meta name=\"author\" content=\"Coordena\u00e7\u00e3o\" \/>\n<meta name=\"twitter:card\" content=\"summary_large_image\" \/>\n<meta name=\"twitter:creator\" content=\"@EstratConcursos\" \/>\n<meta name=\"twitter:site\" content=\"@EstratConcursos\" \/>\n<meta name=\"twitter:label1\" content=\"Escrito por\" \/>\n\t<meta name=\"twitter:data1\" content=\"Coordena\u00e7\u00e3o\" \/>\n\t<meta name=\"twitter:label2\" content=\"Est. tempo de leitura\" \/>\n\t<meta name=\"twitter:data2\" content=\"5 minutos\" \/>\n<script type=\"application\/ld+json\" class=\"yoast-schema-graph\">{\"@context\":\"https:\/\/schema.org\",\"@graph\":[{\"@type\":\"NewsArticle\",\"@id\":\"https:\/\/www.estrategiaconcursos.com.br\/blog\/processo-seletivo-tj-rn\/#article\",\"isPartOf\":{\"@id\":\"https:\/\/www.estrategiaconcursos.com.br\/blog\/processo-seletivo-tj-rn\/\"},\"author\":{\"name\":\"Coordena\u00e7\u00e3o\",\"@id\":\"https:\/\/www.estrategiaconcursos.com.br\/blog\/#\/schema\/person\/b4a388c97673c5f483d72185668afa1f\"},\"headline\":\"Processo Seletivo TJ RN: edital publicado para 58 vagas tempor\u00e1rias!\",\"datePublished\":\"2021-07-19T22:54:30+00:00\",\"dateModified\":\"2021-07-21T12:36:10+00:00\",\"mainEntityOfPage\":{\"@id\":\"https:\/\/www.estrategiaconcursos.com.br\/blog\/processo-seletivo-tj-rn\/\"},\"wordCount\":967,\"commentCount\":0,\"publisher\":{\"@id\":\"https:\/\/www.estrategiaconcursos.com.br\/blog\/#organization\"},\"image\":{\"@id\":\"https:\/\/www.estrategiaconcursos.com.br\/blog\/processo-seletivo-tj-rn\/#primaryimage\"},\"thumbnailUrl\":\"https:\/\/dhg1h5j42swfq.cloudfront.net\/2021\/07\/19195411\/jornalismo_tj_rn.jpg\",\"articleSection\":[\"Tribunais\"],\"inLanguage\":\"pt-BR\",\"potentialAction\":[{\"@type\":\"CommentAction\",\"name\":\"Comment\",\"target\":[\"https:\/\/www.estrategiaconcursos.com.br\/blog\/processo-seletivo-tj-rn\/#respond\"]}],\"copyrightYear\":\"2021\",\"copyrightHolder\":{\"@id\":\"https:\/\/www.estrategiaconcursos.com.br\/blog\/#organization\"}},{\"@type\":\"WebPage\",\"@id\":\"https:\/\/www.estrategiaconcursos.com.br\/blog\/processo-seletivo-tj-rn\/\",\"url\":\"https:\/\/www.estrategiaconcursos.com.br\/blog\/processo-seletivo-tj-rn\/\",\"name\":\"Processo Seletivo TJ RN: edital publicado para 58 vagas tempor\u00e1rias!\",\"isPartOf\":{\"@id\":\"https:\/\/www.estrategiaconcursos.com.br\/blog\/#website\"},\"primaryImageOfPage\":{\"@id\":\"https:\/\/www.estrategiaconcursos.com.br\/blog\/processo-seletivo-tj-rn\/#primaryimage\"},\"image\":{\"@id\":\"https:\/\/www.estrategiaconcursos.com.br\/blog\/processo-seletivo-tj-rn\/#primaryimage\"},\"thumbnailUrl\":\"https:\/\/dhg1h5j42swfq.cloudfront.net\/2021\/07\/19195411\/jornalismo_tj_rn.jpg\",\"datePublished\":\"2021-07-19T22:54:30+00:00\",\"dateModified\":\"2021-07-21T12:36:10+00:00\",\"description\":\"Foi publicado o Processo Seletivo TJ RN, que oferta vagas para contrata\u00e7\u00e3o tempor\u00e1ria de Psic\u00f3logos, Assistentes Sociais e Pedagogos.\",\"breadcrumb\":{\"@id\":\"https:\/\/www.estrategiaconcursos.com.br\/blog\/processo-seletivo-tj-rn\/#breadcrumb\"},\"inLanguage\":\"pt-BR\",\"potentialAction\":[{\"@type\":\"ReadAction\",\"target\":[\"https:\/\/www.estrategiaconcursos.com.br\/blog\/processo-seletivo-tj-rn\/\"]}]},{\"@type\":\"ImageObject\",\"inLanguage\":\"pt-BR\",\"@id\":\"https:\/\/www.estrategiaconcursos.com.br\/blog\/processo-seletivo-tj-rn\/#primaryimage\",\"url\":\"https:\/\/dhg1h5j42swfq.cloudfront.net\/2021\/07\/19195411\/jornalismo_tj_rn.jpg\",\"contentUrl\":\"https:\/\/dhg1h5j42swfq.cloudfront.net\/2021\/07\/19195411\/jornalismo_tj_rn.jpg\",\"width\":1200,\"height\":628,\"caption\":\"Processo Seletivo TJ RN\"},{\"@type\":\"BreadcrumbList\",\"@id\":\"https:\/\/www.estrategiaconcursos.com.br\/blog\/processo-seletivo-tj-rn\/#breadcrumb\",\"itemListElement\":[{\"@type\":\"ListItem\",\"position\":1,\"name\":\"In\u00edcio\",\"item\":\"https:\/\/www.estrategiaconcursos.com.br\/blog\/\"},{\"@type\":\"ListItem\",\"position\":2,\"name\":\"Processo Seletivo TJ RN: edital publicado para 58 vagas tempor\u00e1rias!\"}]},{\"@type\":\"WebSite\",\"@id\":\"https:\/\/www.estrategiaconcursos.com.br\/blog\/#website\",\"url\":\"https:\/\/www.estrategiaconcursos.com.br\/blog\/\",\"name\":\"Estrat\u00e9gia Concursos\",\"description\":\"O blog da Estrat\u00e9gia Concursos traz not\u00edcias sobre concursos e artigos de professores oferecendo cursos para concursos (pdf + videaulas) no site.\",\"publisher\":{\"@id\":\"https:\/\/www.estrategiaconcursos.com.br\/blog\/#organization\"},\"potentialAction\":[{\"@type\":\"SearchAction\",\"target\":{\"@type\":\"EntryPoint\",\"urlTemplate\":\"https:\/\/www.estrategiaconcursos.com.br\/blog\/?s={search_term_string}\"},\"query-input\":{\"@type\":\"PropertyValueSpecification\",\"valueRequired\":true,\"valueName\":\"search_term_string\"}}],\"inLanguage\":\"pt-BR\"},{\"@type\":\"Organization\",\"@id\":\"https:\/\/www.estrategiaconcursos.com.br\/blog\/#organization\",\"name\":\"Estrat\u00e9gia Concursos\",\"url\":\"https:\/\/www.estrategiaconcursos.com.br\/blog\/\",\"logo\":{\"@type\":\"ImageObject\",\"inLanguage\":\"pt-BR\",\"@id\":\"https:\/\/www.estrategiaconcursos.com.br\/blog\/#\/schema\/logo\/image\/\",\"url\":\"https:\/\/dhg1h5j42swfq.cloudfront.net\/2025\/06\/03203428\/logo_concursos-1.jpg\",\"contentUrl\":\"https:\/\/dhg1h5j42swfq.cloudfront.net\/2025\/06\/03203428\/logo_concursos-1.jpg\",\"width\":230,\"height\":60,\"caption\":\"Estrat\u00e9gia Concursos\"},\"image\":{\"@id\":\"https:\/\/www.estrategiaconcursos.com.br\/blog\/#\/schema\/logo\/image\/\"},\"sameAs\":[\"https:\/\/x.com\/EstratConcursos\"]},{\"@type\":\"Person\",\"@id\":\"https:\/\/www.estrategiaconcursos.com.br\/blog\/#\/schema\/person\/b4a388c97673c5f483d72185668afa1f\",\"name\":\"Coordena\u00e7\u00e3o\",\"image\":{\"@type\":\"ImageObject\",\"inLanguage\":\"pt-BR\",\"@id\":\"https:\/\/secure.gravatar.com\/avatar\/b720319e4c9a967eb58678d110f4fe35452fc5d5f97b202bac7b8acceb18c6ad?s=96&d=mm&r=g\",\"url\":\"https:\/\/secure.gravatar.com\/avatar\/b720319e4c9a967eb58678d110f4fe35452fc5d5f97b202bac7b8acceb18c6ad?s=96&d=mm&r=g\",\"contentUrl\":\"https:\/\/secure.gravatar.com\/avatar\/b720319e4c9a967eb58678d110f4fe35452fc5d5f97b202bac7b8acceb18c6ad?s=96&d=mm&r=g\",\"caption\":\"Coordena\u00e7\u00e3o\"},\"sameAs\":[\"https:\/\/www.facebook.com\/EstrategiaConcursos\",\"https:\/\/x.com\/EstratConcursos\"],\"url\":\"https:\/\/www.estrategiaconcursos.com.br\/blog\/author\/estrategia2013\/\"}]}<\/script>\n<!-- \/ Yoast SEO Premium plugin. -->","yoast_head_json":{"title":"Processo Seletivo TJ RN: edital publicado para 58 vagas tempor\u00e1rias!","description":"Foi publicado o Processo Seletivo TJ RN, que oferta vagas para contrata\u00e7\u00e3o tempor\u00e1ria de Psic\u00f3logos, Assistentes Sociais e Pedagogos.","robots":{"index":"index","follow":"follow","max-snippet":"max-snippet:-1","max-image-preview":"max-image-preview:large","max-video-preview":"max-video-preview:-1"},"canonical":"https:\/\/www.estrategiaconcursos.com.br\/blog\/processo-seletivo-tj-rn\/","og_locale":"pt_BR","og_type":"article","og_title":"Processo Seletivo TJ RN: edital publicado para 58 vagas tempor\u00e1rias!","og_description":"Foi publicado o Processo Seletivo TJ RN, que oferta vagas para contrata\u00e7\u00e3o tempor\u00e1ria de Psic\u00f3logos, Assistentes Sociais e Pedagogos.","og_url":"https:\/\/www.estrategiaconcursos.com.br\/blog\/processo-seletivo-tj-rn\/","og_site_name":"Estrat\u00e9gia Concursos","article_author":"https:\/\/www.facebook.com\/EstrategiaConcursos","article_published_time":"2021-07-19T22:54:30+00:00","article_modified_time":"2021-07-21T12:36:10+00:00","og_image":[{"width":1200,"height":628,"url":"https:\/\/dhg1h5j42swfq.cloudfront.net\/2021\/07\/19195411\/jornalismo_tj_rn.jpg","type":"image\/jpeg"}],"author":"Coordena\u00e7\u00e3o","twitter_card":"summary_large_image","twitter_creator":"@EstratConcursos","twitter_site":"@EstratConcursos","twitter_misc":{"Escrito por":"Coordena\u00e7\u00e3o","Est. tempo de leitura":"5 minutos"},"schema":{"@context":"https:\/\/schema.org","@graph":[{"@type":"NewsArticle","@id":"https:\/\/www.estrategiaconcursos.com.br\/blog\/processo-seletivo-tj-rn\/#article","isPartOf":{"@id":"https:\/\/www.estrategiaconcursos.com.br\/blog\/processo-seletivo-tj-rn\/"},"author":{"name":"Coordena\u00e7\u00e3o","@id":"https:\/\/www.estrategiaconcursos.com.br\/blog\/#\/schema\/person\/b4a388c97673c5f483d72185668afa1f"},"headline":"Processo Seletivo TJ RN: edital publicado para 58 vagas tempor\u00e1rias!","datePublished":"2021-07-19T22:54:30+00:00","dateModified":"2021-07-21T12:36:10+00:00","mainEntityOfPage":{"@id":"https:\/\/www.estrategiaconcursos.com.br\/blog\/processo-seletivo-tj-rn\/"},"wordCount":967,"commentCount":0,"publisher":{"@id":"https:\/\/www.estrategiaconcursos.com.br\/blog\/#organization"},"image":{"@id":"https:\/\/www.estrategiaconcursos.com.br\/blog\/processo-seletivo-tj-rn\/#primaryimage"},"thumbnailUrl":"https:\/\/dhg1h5j42swfq.cloudfront.net\/2021\/07\/19195411\/jornalismo_tj_rn.jpg","articleSection":["Tribunais"],"inLanguage":"pt-BR","potentialAction":[{"@type":"CommentAction","name":"Comment","target":["https:\/\/www.estrategiaconcursos.com.br\/blog\/processo-seletivo-tj-rn\/#respond"]}],"copyrightYear":"2021","copyrightHolder":{"@id":"https:\/\/www.estrategiaconcursos.com.br\/blog\/#organization"}},{"@type":"WebPage","@id":"https:\/\/www.estrategiaconcursos.com.br\/blog\/processo-seletivo-tj-rn\/","url":"https:\/\/www.estrategiaconcursos.com.br\/blog\/processo-seletivo-tj-rn\/","name":"Processo Seletivo TJ RN: edital publicado para 58 vagas tempor\u00e1rias!","isPartOf":{"@id":"https:\/\/www.estrategiaconcursos.com.br\/blog\/#website"},"primaryImageOfPage":{"@id":"https:\/\/www.estrategiaconcursos.com.br\/blog\/processo-seletivo-tj-rn\/#primaryimage"},"image":{"@id":"https:\/\/www.estrategiaconcursos.com.br\/blog\/processo-seletivo-tj-rn\/#primaryimage"},"thumbnailUrl":"https:\/\/dhg1h5j42swfq.cloudfront.net\/2021\/07\/19195411\/jornalismo_tj_rn.jpg","datePublished":"2021-07-19T22:54:30+00:00","dateModified":"2021-07-21T12:36:10+00:00","description":"Foi publicado o Processo Seletivo TJ RN, que oferta vagas para contrata\u00e7\u00e3o tempor\u00e1ria de Psic\u00f3logos, Assistentes Sociais e Pedagogos.","breadcrumb":{"@id":"https:\/\/www.estrategiaconcursos.com.br\/blog\/processo-seletivo-tj-rn\/#breadcrumb"},"inLanguage":"pt-BR","potentialAction":[{"@type":"ReadAction","target":["https:\/\/www.estrategiaconcursos.com.br\/blog\/processo-seletivo-tj-rn\/"]}]},{"@type":"ImageObject","inLanguage":"pt-BR","@id":"https:\/\/www.estrategiaconcursos.com.br\/blog\/processo-seletivo-tj-rn\/#primaryimage","url":"https:\/\/dhg1h5j42swfq.cloudfront.net\/2021\/07\/19195411\/jornalismo_tj_rn.jpg","contentUrl":"https:\/\/dhg1h5j42swfq.cloudfront.net\/2021\/07\/19195411\/jornalismo_tj_rn.jpg","width":1200,"height":628,"caption":"Processo Seletivo TJ RN"},{"@type":"BreadcrumbList","@id":"https:\/\/www.estrategiaconcursos.com.br\/blog\/processo-seletivo-tj-rn\/#breadcrumb","itemListElement":[{"@type":"ListItem","position":1,"name":"In\u00edcio","item":"https:\/\/www.estrategiaconcursos.com.br\/blog\/"},{"@type":"ListItem","position":2,"name":"Processo Seletivo TJ RN: edital publicado para 58 vagas tempor\u00e1rias!"}]},{"@type":"WebSite","@id":"https:\/\/www.estrategiaconcursos.com.br\/blog\/#website","url":"https:\/\/www.estrategiaconcursos.com.br\/blog\/","name":"Estrat\u00e9gia Concursos","description":"O blog da Estrat\u00e9gia Concursos traz not\u00edcias sobre concursos e artigos de professores oferecendo cursos para concursos (pdf + videaulas) no site.","publisher":{"@id":"https:\/\/www.estrategiaconcursos.com.br\/blog\/#organization"},"potentialAction":[{"@type":"SearchAction","target":{"@type":"EntryPoint","urlTemplate":"https:\/\/www.estrategiaconcursos.com.br\/blog\/?s={search_term_string}"},"query-input":{"@type":"PropertyValueSpecification","valueRequired":true,"valueName":"search_term_string"}}],"inLanguage":"pt-BR"},{"@type":"Organization","@id":"https:\/\/www.estrategiaconcursos.com.br\/blog\/#organization","name":"Estrat\u00e9gia Concursos","url":"https:\/\/www.estrategiaconcursos.com.br\/blog\/","logo":{"@type":"ImageObject","inLanguage":"pt-BR","@id":"https:\/\/www.estrategiaconcursos.com.br\/blog\/#\/schema\/logo\/image\/","url":"https:\/\/dhg1h5j42swfq.cloudfront.net\/2025\/06\/03203428\/logo_concursos-1.jpg","contentUrl":"https:\/\/dhg1h5j42swfq.cloudfront.net\/2025\/06\/03203428\/logo_concursos-1.jpg","width":230,"height":60,"caption":"Estrat\u00e9gia Concursos"},"image":{"@id":"https:\/\/www.estrategiaconcursos.com.br\/blog\/#\/schema\/logo\/image\/"},"sameAs":["https:\/\/x.com\/EstratConcursos"]},{"@type":"Person","@id":"https:\/\/www.estrategiaconcursos.com.br\/blog\/#\/schema\/person\/b4a388c97673c5f483d72185668afa1f","name":"Coordena\u00e7\u00e3o","image":{"@type":"ImageObject","inLanguage":"pt-BR","@id":"https:\/\/secure.gravatar.com\/avatar\/b720319e4c9a967eb58678d110f4fe35452fc5d5f97b202bac7b8acceb18c6ad?s=96&d=mm&r=g","url":"https:\/\/secure.gravatar.com\/avatar\/b720319e4c9a967eb58678d110f4fe35452fc5d5f97b202bac7b8acceb18c6ad?s=96&d=mm&r=g","contentUrl":"https:\/\/secure.gravatar.com\/avatar\/b720319e4c9a967eb58678d110f4fe35452fc5d5f97b202bac7b8acceb18c6ad?s=96&d=mm&r=g","caption":"Coordena\u00e7\u00e3o"},"sameAs":["https:\/\/www.facebook.com\/EstrategiaConcursos","https:\/\/x.com\/EstratConcursos"],"url":"https:\/\/www.estrategiaconcursos.com.br\/blog\/author\/estrategia2013\/"}]}},"_links":{"self":[{"href":"https:\/\/www.estrategiaconcursos.com.br\/blog\/wp-json\/wp\/v2\/posts\/798597","targetHints":{"allow":["GET"]}}],"collection":[{"href":"https:\/\/www.estrategiaconcursos.com.br\/blog\/wp-json\/wp\/v2\/posts"}],"about":[{"href":"https:\/\/www.estrategiaconcursos.com.br\/blog\/wp-json\/wp\/v2\/types\/post"}],"author":[{"embeddable":true,"href":"https:\/\/www.estrategiaconcursos.com.br\/blog\/wp-json\/wp\/v2\/users\/1"}],"replies":[{"embeddable":true,"href":"https:\/\/www.estrategiaconcursos.com.br\/blog\/wp-json\/wp\/v2\/comments?post=798597"}],"version-history":[{"count":17,"href":"https:\/\/www.estrategiaconcursos.com.br\/blog\/wp-json\/wp\/v2\/posts\/798597\/revisions"}],"predecessor-version":[{"id":800127,"href":"https:\/\/www.estrategiaconcursos.com.br\/blog\/wp-json\/wp\/v2\/posts\/798597\/revisions\/800127"}],"wp:featuredmedia":[{"embeddable":true,"href":"https:\/\/www.estrategiaconcursos.com.br\/blog\/wp-json\/wp\/v2\/media\/798655"}],"wp:attachment":[{"href":"https:\/\/www.estrategiaconcursos.com.br\/blog\/wp-json\/wp\/v2\/media?parent=798597"}],"wp:term":[{"taxonomy":"category","embeddable":true,"href":"https:\/\/www.estrategiaconcursos.com.br\/blog\/wp-json\/wp\/v2\/categories?post=798597"},{"taxonomy":"post_tag","embeddable":true,"href":"https:\/\/www.estrategiaconcursos.com.br\/blog\/wp-json\/wp\/v2\/tags?post=798597"},{"taxonomy":"tax_estado","embeddable":true,"href":"https:\/\/www.estrategiaconcursos.com.br\/blog\/wp-json\/wp\/v2\/tax_estado?post=798597"}],"curies":[{"name":"wp","href":"https:\/\/api.w.org\/{rel}","templated":true}]}}