{"id":795412,"date":"2021-08-17T00:00:00","date_gmt":"2021-08-17T03:00:00","guid":{"rendered":"https:\/\/www.estrategiaconcursos.com.br\/blog\/?p=795412"},"modified":"2023-03-15T10:25:50","modified_gmt":"2023-03-15T13:25:50","slug":"concurso-sme-sao-jose-do-rio-preto","status":"publish","type":"post","link":"https:\/\/www.estrategiaconcursos.com.br\/blog\/concurso-sme-sao-jose-do-rio-preto\/","title":{"rendered":"Concurso SME S\u00e3o Jos\u00e9 do Rio Preto: inscri\u00e7\u00f5es encerradas!"},"content":{"rendered":"\n<p>Est\u00e3o encerradas as inscri\u00e7\u00f5es do concurso SME S\u00e3o Jos\u00e9 do Rio Preto. Agora os candidatos devem intensificar os estudos para as provas objetiva e de t\u00edtulos que est\u00e3o previstas para o dia 19\/09\/2021. <\/p>\n\n\n\n<ul class=\"wp-block-list\">\n<li><strong>Concurso SME S\u00e3o Jos\u00e9 do Rio Preto<\/strong><\/li>\n\n\n\n<li><strong>Status:<\/strong>&nbsp;Edital publicado\/ inscri\u00e7\u00f5es encerradas<\/li>\n\n\n\n<li><strong>Banca:&nbsp;<\/strong>Vunesp<\/li>\n\n\n\n<li><strong>Sal\u00e1rio inicial:<\/strong>&nbsp;R$ 2.628,50\/R$ 2.507,53<\/li>\n<\/ul>\n\n\n\n<div class=\"col-sm\">\n      <div class=\"banner-estrategia\" id=\"box-assinatura\">\n        <h3 class=\"titulo-assinatura\">Cursos para SME S\u00e3o Jos\u00e9 do Rio Preto<\/h3>\n        <p class=\"subtitulo-assinatura\">Conhe\u00e7a os cursos<\/p>\n        <div class=\"box-botao\">\n          <a class=\"btn-assinatura\" target=\"_blank\" href=\"https:\/\/www.estrategiaconcursos.com.br\/cursosPorConcurso\/sme-sao-jose-do-rio-preto-sp\/\" role=\"button\" rel=\"noopener noreferrer\">Conhe\u00e7a mais<\/a>\n        <\/div>\n      <\/div>\n      <p class=\"texto-auxiliar\">Prepare-se com o melhor material e com quem mais aprova em Concursos P\u00fablicos em todo o pa\u00eds.<\/p>\n    <\/div>\n\n\n\n<ul class=\"wp-block-list\">\n<li><a href=\"#atual\">Situa\u00e7\u00e3o atual<\/a><\/li>\n\n\n\n<li><a href=\"#carreira\">Carreira<\/a>\n<ul class=\"wp-block-list\">\n<li><a href=\"#cargo\">Cargos <\/a><\/li>\n\n\n\n<li><a href=\"#salario\">Sal\u00e1rios e Benef\u00edcios <\/a><\/li>\n<\/ul>\n<\/li>\n\n\n\n<li><a href=\"#etapa\">Etapas do concurso <\/a>\n<ul class=\"wp-block-list\">\n<li><a href=\"#objetiva\">Prova Objetiva<\/a><\/li>\n\n\n\n<li><a href=\"#titulo\">Prova de T\u00edtulos<\/a><\/li>\n<\/ul>\n<\/li>\n\n\n\n<li><a href=\"#curso\">Cursos e Assinaturas<\/a><\/li>\n\n\n\n<li><a href=\"#ficha\">Ficha T\u00e9cnica<\/a><\/li>\n<\/ul>\n\n\n\n<h2 class=\"wp-block-heading\" id=\"atual\">SME S\u00e3o Jos\u00e9 do Rio Preto: situa\u00e7\u00e3o atual<\/h2>\n\n\n\n<ul class=\"wp-block-list\">\n<li><strong>Inscri\u00e7\u00f5es:<\/strong><s> 19\/07 e 17\/08\/2021<\/s><\/li>\n\n\n\n<li><strong>Taxas: <\/strong>R$ 64,50\/R$ 75,00<\/li>\n\n\n\n<li><strong>Prova:<\/strong> 19\/09\/2021<\/li>\n<\/ul>\n\n\n\n<h3 class=\"wp-block-heading\" id=\"h-analise-de-edital\"><a href=\"https:\/\/youtu.be\/NBXNCobnBjY\" target=\"_blank\" rel=\"noreferrer noopener\">An\u00e1lise de edital<\/a><\/h3>\n\n\n\n<h2 class=\"wp-block-heading\" id=\"carreira\">SME S\u00e3o Jos\u00e9 do Rio Preto: Carreira<\/h2>\n\n\n\n<h3 class=\"wp-block-heading\" id=\"cargo\">Cargos e Vagas<\/h3>\n\n\n\n<ul class=\"wp-block-list\">\n<li>Professor de Educa\u00e7\u00e3o B\u00e1sica I &#8211; CR<\/li>\n\n\n\n<li>Professor de Educa\u00e7\u00e3o B\u00e1sica II &#8211; Artes &#8211; CR<\/li>\n\n\n\n<li>Professor de Educa\u00e7\u00e3o B\u00e1sica II &#8211; Ci\u00eancias &#8211; CR<\/li>\n\n\n\n<li>Professor de Educa\u00e7\u00e3o B\u00e1sica II &#8211; Educa\u00e7\u00e3o F\u00edsica &#8211; CR<\/li>\n\n\n\n<li>Professor de Educa\u00e7\u00e3o B\u00e1sica II &#8211; Geografia &#8211; CR<\/li>\n\n\n\n<li>Professor de Educa\u00e7\u00e3o B\u00e1sica II &#8211; Hist\u00f3ria &#8211; CR<\/li>\n\n\n\n<li>Professor de Educa\u00e7\u00e3o B\u00e1sica II &#8211; Ingl\u00eas &#8211; CR<\/li>\n\n\n\n<li>Professor de Educa\u00e7\u00e3o B\u00e1sica II &#8211; Portugu\u00eas &#8211; CR<\/li>\n\n\n\n<li>Professor de Educa\u00e7\u00e3o B\u00e1sica II &#8211; Matem\u00e1tica &#8211; CR<\/li>\n<\/ul>\n\n\n\n<h3 class=\"wp-block-heading\" id=\"salario\">Sal\u00e1rios e Benef\u00edcios<\/h3>\n\n\n\n<ul class=\"wp-block-list\">\n<li>Professor de Educa\u00e7\u00e3o B\u00e1sica I &#8211; R$ 2.628,50<\/li>\n\n\n\n<li>Professor de Educa\u00e7\u00e3o B\u00e1sica II &#8211; Artes &#8211; R$ 2.507,53<\/li>\n\n\n\n<li>Professor de Educa\u00e7\u00e3o B\u00e1sica II &#8211; Ci\u00eancias &#8211; R$ 2.507,53<\/li>\n\n\n\n<li>Professor de Educa\u00e7\u00e3o B\u00e1sica II &#8211; Educa\u00e7\u00e3o F\u00edsica &#8211; R$ 2.507,53<\/li>\n\n\n\n<li>Professor de Educa\u00e7\u00e3o B\u00e1sica II &#8211; Geografia &#8211; R$ 2.507,53<\/li>\n\n\n\n<li>Professor de Educa\u00e7\u00e3o B\u00e1sica II &#8211; Hist\u00f3ria &#8211; R$ 2.507,53<\/li>\n\n\n\n<li>Professor de Educa\u00e7\u00e3o B\u00e1sica II &#8211; Ingl\u00eas &#8211; R$ 2.507,53<\/li>\n\n\n\n<li>Professor de Educa\u00e7\u00e3o B\u00e1sica II &#8211; Portugu\u00eas &#8211; R$ 2.507,53<\/li>\n\n\n\n<li>Professor de Educa\u00e7\u00e3o B\u00e1sica II &#8211; Matem\u00e1tica &#8211; R$ 2.507,53<\/li>\n<\/ul>\n\n\n\n<p>A Prefeitura Municipal de S\u00e3o Jos\u00e9 do Rio Preto oferece os seguintes benef\u00edcios: Aux\u00edlio Sa\u00fade de at\u00e9 R$ 365,08 e Aux\u00edlio Alimenta\u00e7\u00e3o de at\u00e9 R$ 417,24, conforme Lei Complementar 585\/2019.<\/p>\n\n\n\n<h2 class=\"wp-block-heading\" id=\"etapas\">SME S\u00e3o Jos\u00e9 do Rio Preto: etapas<\/h2>\n\n\n\n<h3 class=\"wp-block-heading\" id=\"objetiva\">Prova Objetiva <\/h3>\n\n\n\n<p>Professor de Educa\u00e7\u00e3o B\u00e1sica I<\/p>\n\n\n\n<ul class=\"wp-block-list\">\n<li>L\u00edngua Portuguesa &#8211; 10 quest\u00f5es<\/li>\n\n\n\n<li>Matem\u00e1tica &#8211; 10 quest\u00f5es<\/li>\n\n\n\n<li>Conhecimentos Pedag\u00f3gicos &amp; Legisla\u00e7\u00e3o &#8211; 20 quest\u00f5es<\/li>\n<\/ul>\n\n\n\n<p>Professor de Educa\u00e7\u00e3o B\u00e1sica II <\/p>\n\n\n\n<ul class=\"wp-block-list\">\n<li>L\u00edngua Portuguesa &#8211; 10 quest\u00f5es<\/li>\n\n\n\n<li>Conhecimentos Pedag\u00f3gicos &amp; Legisla\u00e7\u00e3o &#8211; 10 quest\u00f5es<\/li>\n\n\n\n<li>Conhecimentos Espec\u00edficos &#8211; 20 quest\u00f5es<\/li>\n<\/ul>\n\n\n\n<h3 class=\"wp-block-heading\" id=\"titulo\">Prova de T\u00edtulos<\/h3>\n\n\n\n<p>A prova de t\u00edtulos ser\u00e1 realizada digitalmente (upload,) no per\u00edodo de inscri\u00e7\u00e3o, com o envio dos t\u00edtulos por meio de acesso ao site da Funda\u00e7\u00e3o Vunesp (www.vunesp.com.br), na p\u00e1gina deste Processo Seletivo, na \u00c1rea do Candidato, n\u00e3o podendo ser alegado qualquer esp\u00e9cie de desconhecimento.<\/p>\n\n\n\n<p><\/p>\n\n\n\n<figure class=\"wp-block-image aligncenter size-large is-resized\"><img loading=\"lazy\" decoding=\"async\" src=\"https:\/\/dhg1h5j42swfq.cloudfront.net\/2021\/07\/15101709\/image-309.png\" alt=\"\" class=\"wp-image-795531\" width=\"590\" height=\"243\" srcset=\"https:\/\/dhg1h5j42swfq.cloudfront.net\/2021\/07\/15101709\/image-309.png 723w, https:\/\/dhg1h5j42swfq.cloudfront.net\/2021\/07\/15101709\/image-309-300x124.png 300w, https:\/\/dhg1h5j42swfq.cloudfront.net\/2021\/07\/15101709\/image-309-610x251.png 610w\" sizes=\"auto, (max-width: 590px) 100vw, 590px\" \/><figcaption class=\"wp-element-caption\"><strong>Tabela de t\u00edtulos<\/strong><\/figcaption><\/figure>\n\n\n\n<h2 class=\"has-text-align-center wp-block-heading\" id=\"curso\"><em>Quer se preparar para o concurso SME S\u00e3o Jos\u00e9 do Rio Preto?<\/em><\/h2>\n\n\n\n<div class=\"col-sm\">\n      <div class=\"banner-estrategia\" id=\"box-assinatura\">\n        <h3 class=\"titulo-assinatura\">Cursos para SME S\u00e3o Jos\u00e9 do Rio Preto<\/h3>\n        <p class=\"subtitulo-assinatura\">Conhe\u00e7a os cursos<\/p>\n        <div class=\"box-botao\">\n          <a class=\"btn-assinatura\" target=\"_blank\" href=\"https:\/\/www.estrategiaconcursos.com.br\/cursosPorConcurso\/sme-sao-jose-do-rio-preto-sp\/\" role=\"button\" rel=\"noopener noreferrer\">Conhe\u00e7a mais<\/a>\n        <\/div>\n      <\/div>\n      <p class=\"texto-auxiliar\">Prepare-se com o melhor material e com quem mais aprova em Concursos P\u00fablicos em todo o pa\u00eds.<\/p>\n    <\/div>\n\n\n\n<div class=\"container\" id=\"boxes\">\n  <div class=\"row\">\n\n    <div class=\"col-sm\">\n      <div class=\"estrategia\" id=\"box-assinatura\">\n        <h3 class=\"titulo-assinatura\">Assinatura Concursos<\/h3>\n        <p class=\"subtitulo-assinatura\">Assinatura de 1 ano ou 2 anos<\/p>\n        <div class=\"box-botao\">\n          <a class=\"btn-assinatura\" target=\"_blank\" href=\"https:\/\/www.estrategiaconcursos.com.br\/assinaturas\/\" role=\"button\" rel=\"noopener noreferrer\">ASSINE AGORA<\/a>\n        <\/div>\n      <\/div>\n     \n    <\/div><\/div><\/div>\n\n\n\n<div class=\"container\" id=\"boxes\">\n  <div class=\"row\">\n\n    <div class=\"col-sm\" id=\"boxes-concursos\">\n      <div style=\"background-color: #005DAD;\" class=\"conteudo-concursos\" id=\"box-concursos\">\n        <h3 class=\"titulo-assinatura\">Concursos Abertos<\/h3>\n        <p class=\"subtitulo-assinatura\">Os editais publicados<\/p>\n        <div class=\"box-botao\">\n          <a class=\"btn-assinatura\" target=\"_blank\" href=\"https:\/\/www.estrategiaconcursos.com.br\/blog\/concursos-abertos\/\" role=\"button\" rel=\"noopener noreferrer\">Conhe\u00e7a Agora<\/a>\n        <\/div>\n      <\/div>\n    <\/div>\n\n    <div class=\"col-sm\" id=\"boxes-concursos\">\n      <div style=\"background-color: #1A7ED5;\" class=\"conteudo-concursos\" id=\"box-concursos\">\n        <h3 class=\"titulo-assinatura\">Concursos 2021<\/h3>\n        <p class=\"subtitulo-assinatura\">As oportunidades previstas<\/p>\n        <div class=\"box-botao\">\n          <a class=\"btn-assinatura\" target=\"_blank\" href=\"https:\/\/www.estrategiaconcursos.com.br\/blog\/concursos-2021\/\" role=\"button\" rel=\"noopener noreferrer\">Conhe\u00e7a Agora<\/a>\n        <\/div>\n      <\/div>\n    <\/div>\n\n    <div class=\"col-sm\" id=\"boxes-concursos\">\n      <div style=\"background-color: #419FF0;\" class=\"conteudo-concursos\" id=\"box-concursos\">\n        <h3 class=\"titulo-assinatura\">Concursos 2022<\/h3>\n        <p class=\"subtitulo-assinatura\">Vagas para o pr\u00f3ximo ano<\/p>\n        <div class=\"box-botao\">\n          <a class=\"btn-assinatura\" target=\"_blank\" href=\"https:\/\/www.estrategiaconcursos.com.br\/blog\/concursos-2022\/\" role=\"button\" rel=\"noopener noreferrer\">Conhe\u00e7a Agora<\/a>\n        <\/div>\n      <\/div>\n    <\/div>\n\n  <\/div>\n<\/div>\n\n\n\n<figure class=\"wp-block-image size-large is-resized\"><img loading=\"lazy\" decoding=\"async\" src=\"https:\/\/dhg1h5j42swfq.cloudfront.net\/2021\/04\/05171352\/ficha-tecnica-33-1024x632.png\" alt=\"\" class=\"wp-image-707823\" width=\"140\" height=\"86\" srcset=\"https:\/\/dhg1h5j42swfq.cloudfront.net\/2021\/04\/05171352\/ficha-tecnica-33-1024x632.png 1024w, https:\/\/dhg1h5j42swfq.cloudfront.net\/2021\/04\/05171352\/ficha-tecnica-33-300x185.png 300w, https:\/\/dhg1h5j42swfq.cloudfront.net\/2021\/04\/05171352\/ficha-tecnica-33-768x474.png 768w, https:\/\/dhg1h5j42swfq.cloudfront.net\/2021\/04\/05171352\/ficha-tecnica-33-1536x948.png 1536w, https:\/\/dhg1h5j42swfq.cloudfront.net\/2021\/04\/05171352\/ficha-tecnica-33-610x377.png 610w, https:\/\/dhg1h5j42swfq.cloudfront.net\/2021\/04\/05171352\/ficha-tecnica-33.png 1571w\" sizes=\"auto, (max-width: 140px) 100vw, 140px\" \/><\/figure>\n\n\n\n<h4 class=\"wp-block-heading\" id=\"ficha\"><strong>Informa\u00e7\u00f5es sobre o concurso SME S\u00e3o Jos\u00e9 do Rio Preto<\/strong><\/h4>\n\n\n\n<p>\u25ba<strong>Data<\/strong>: 19\/09\/2021<br \/>\u25ba<strong>Cargos<\/strong>: Professor de Educa\u00e7\u00e3o B\u00e1sica I e II<br \/>\u25ba<strong>Banca<\/strong>: Vunesp<br \/>\u25ba<strong>Escolaridade<\/strong>: N\u00edvel Superior<br \/>\u25ba<strong>Edital:<\/strong> <a href=\"https:\/\/www.vunesp.com.br\/PMRP2101\" target=\"_blank\" rel=\"noreferrer noopener\">Edital 1<\/a> \/ <a href=\"https:\/\/www.vunesp.com.br\/PMRP2102\" target=\"_blank\" rel=\"noreferrer noopener\">Edital 2<\/a><br \/><\/p>\n","protected":false},"excerpt":{"rendered":"<p>Est\u00e3o encerradas as inscri\u00e7\u00f5es do concurso SME S\u00e3o Jos\u00e9 do Rio Preto. Agora os candidatos devem intensificar os estudos para as provas objetiva e de t\u00edtulos que est\u00e3o previstas para o dia 19\/09\/2021. Cursos para SME S\u00e3o Jos\u00e9 do Rio Preto Conhe\u00e7a os cursos Conhe\u00e7a mais Prepare-se com o melhor material e com quem mais [&hellip;]<\/p>\n","protected":false},"author":1,"featured_media":798053,"comment_status":"open","ping_status":"closed","sticky":false,"template":"","format":"standard","meta":{"post_tipo":"news_page","footnotes":""},"categories":[3766],"tags":[],"tax_estado":[219989],"class_list":["post-795412","post","type-post","status-publish","format-standard","has-post-thumbnail","hentry","category-educacional","tax_estado-sp"],"acf":[],"yoast_head":"<!-- This site is optimized with the Yoast SEO Premium plugin v27.2 (Yoast SEO v27.2) - https:\/\/yoast.com\/product\/yoast-seo-premium-wordpress\/ -->\n<title>Concurso SME S\u00e3o Jos\u00e9 do Rio Preto: inscri\u00e7\u00f5es encerradas!<\/title>\n<meta name=\"description\" content=\"Concurso SME S\u00e3o Jos\u00e9 do Rio Preto: inscri\u00e7\u00f5es encerradas. Editais ofertam vagas em CR para os cargos de Professor de Educa\u00e7\u00e3o B\u00e1sica I e II.\" \/>\n<meta name=\"robots\" content=\"index, follow, max-snippet:-1, max-image-preview:large, max-video-preview:-1\" \/>\n<link rel=\"canonical\" href=\"https:\/\/www.estrategiaconcursos.com.br\/blog\/concurso-sme-sao-jose-do-rio-preto\/\" \/>\n<meta property=\"og:locale\" content=\"pt_BR\" \/>\n<meta property=\"og:type\" content=\"article\" \/>\n<meta property=\"og:title\" content=\"Concurso SME S\u00e3o Jos\u00e9 do Rio Preto: inscri\u00e7\u00f5es encerradas!\" \/>\n<meta property=\"og:description\" content=\"Concurso SME S\u00e3o Jos\u00e9 do Rio Preto: inscri\u00e7\u00f5es encerradas. Editais ofertam vagas em CR para os cargos de Professor de Educa\u00e7\u00e3o B\u00e1sica I e II.\" \/>\n<meta property=\"og:url\" content=\"https:\/\/www.estrategiaconcursos.com.br\/blog\/concurso-sme-sao-jose-do-rio-preto\/\" \/>\n<meta property=\"og:site_name\" content=\"Estrat\u00e9gia Concursos\" \/>\n<meta property=\"article:author\" content=\"https:\/\/www.facebook.com\/EstrategiaConcursos\" \/>\n<meta property=\"article:published_time\" content=\"2021-08-17T03:00:00+00:00\" \/>\n<meta property=\"article:modified_time\" content=\"2023-03-15T13:25:50+00:00\" \/>\n<meta property=\"og:image\" content=\"https:\/\/dhg1h5j42swfq.cloudfront.net\/2021\/07\/19100608\/oip.jpg\" \/>\n\t<meta property=\"og:image:width\" content=\"474\" \/>\n\t<meta property=\"og:image:height\" content=\"392\" \/>\n\t<meta property=\"og:image:type\" content=\"image\/jpeg\" \/>\n<meta name=\"author\" content=\"Coordena\u00e7\u00e3o\" \/>\n<meta name=\"twitter:card\" content=\"summary_large_image\" \/>\n<meta name=\"twitter:creator\" content=\"@EstratConcursos\" \/>\n<meta name=\"twitter:site\" content=\"@EstratConcursos\" \/>\n<meta name=\"twitter:label1\" content=\"Escrito por\" \/>\n\t<meta name=\"twitter:data1\" content=\"Coordena\u00e7\u00e3o\" \/>\n\t<meta name=\"twitter:label2\" content=\"Est. tempo de leitura\" \/>\n\t<meta name=\"twitter:data2\" content=\"3 minutos\" \/>\n<script type=\"application\/ld+json\" class=\"yoast-schema-graph\">{\"@context\":\"https:\/\/schema.org\",\"@graph\":[{\"@type\":\"NewsArticle\",\"@id\":\"https:\/\/www.estrategiaconcursos.com.br\/blog\/concurso-sme-sao-jose-do-rio-preto\/#article\",\"isPartOf\":{\"@id\":\"https:\/\/www.estrategiaconcursos.com.br\/blog\/concurso-sme-sao-jose-do-rio-preto\/\"},\"author\":{\"name\":\"Coordena\u00e7\u00e3o\",\"@id\":\"https:\/\/www.estrategiaconcursos.com.br\/blog\/#\/schema\/person\/b4a388c97673c5f483d72185668afa1f\"},\"headline\":\"Concurso SME S\u00e3o Jos\u00e9 do Rio Preto: inscri\u00e7\u00f5es encerradas!\",\"datePublished\":\"2021-08-17T03:00:00+00:00\",\"dateModified\":\"2023-03-15T13:25:50+00:00\",\"mainEntityOfPage\":{\"@id\":\"https:\/\/www.estrategiaconcursos.com.br\/blog\/concurso-sme-sao-jose-do-rio-preto\/\"},\"wordCount\":654,\"commentCount\":0,\"publisher\":{\"@id\":\"https:\/\/www.estrategiaconcursos.com.br\/blog\/#organization\"},\"image\":{\"@id\":\"https:\/\/www.estrategiaconcursos.com.br\/blog\/concurso-sme-sao-jose-do-rio-preto\/#primaryimage\"},\"thumbnailUrl\":\"https:\/\/dhg1h5j42swfq.cloudfront.net\/2021\/07\/19100608\/oip.jpg\",\"articleSection\":[\"Educa\u00e7\u00e3o\"],\"inLanguage\":\"pt-BR\",\"potentialAction\":[{\"@type\":\"CommentAction\",\"name\":\"Comment\",\"target\":[\"https:\/\/www.estrategiaconcursos.com.br\/blog\/concurso-sme-sao-jose-do-rio-preto\/#respond\"]}],\"copyrightYear\":\"2021\",\"copyrightHolder\":{\"@id\":\"https:\/\/www.estrategiaconcursos.com.br\/blog\/#organization\"}},{\"@type\":\"WebPage\",\"@id\":\"https:\/\/www.estrategiaconcursos.com.br\/blog\/concurso-sme-sao-jose-do-rio-preto\/\",\"url\":\"https:\/\/www.estrategiaconcursos.com.br\/blog\/concurso-sme-sao-jose-do-rio-preto\/\",\"name\":\"Concurso SME S\u00e3o Jos\u00e9 do Rio Preto: inscri\u00e7\u00f5es encerradas!\",\"isPartOf\":{\"@id\":\"https:\/\/www.estrategiaconcursos.com.br\/blog\/#website\"},\"primaryImageOfPage\":{\"@id\":\"https:\/\/www.estrategiaconcursos.com.br\/blog\/concurso-sme-sao-jose-do-rio-preto\/#primaryimage\"},\"image\":{\"@id\":\"https:\/\/www.estrategiaconcursos.com.br\/blog\/concurso-sme-sao-jose-do-rio-preto\/#primaryimage\"},\"thumbnailUrl\":\"https:\/\/dhg1h5j42swfq.cloudfront.net\/2021\/07\/19100608\/oip.jpg\",\"datePublished\":\"2021-08-17T03:00:00+00:00\",\"dateModified\":\"2023-03-15T13:25:50+00:00\",\"description\":\"Concurso SME S\u00e3o Jos\u00e9 do Rio Preto: inscri\u00e7\u00f5es encerradas. Editais ofertam vagas em CR para os cargos de Professor de Educa\u00e7\u00e3o B\u00e1sica I e II.\",\"breadcrumb\":{\"@id\":\"https:\/\/www.estrategiaconcursos.com.br\/blog\/concurso-sme-sao-jose-do-rio-preto\/#breadcrumb\"},\"inLanguage\":\"pt-BR\",\"potentialAction\":[{\"@type\":\"ReadAction\",\"target\":[\"https:\/\/www.estrategiaconcursos.com.br\/blog\/concurso-sme-sao-jose-do-rio-preto\/\"]}]},{\"@type\":\"ImageObject\",\"inLanguage\":\"pt-BR\",\"@id\":\"https:\/\/www.estrategiaconcursos.com.br\/blog\/concurso-sme-sao-jose-do-rio-preto\/#primaryimage\",\"url\":\"https:\/\/dhg1h5j42swfq.cloudfront.net\/2021\/07\/19100608\/oip.jpg\",\"contentUrl\":\"https:\/\/dhg1h5j42swfq.cloudfront.net\/2021\/07\/19100608\/oip.jpg\",\"width\":474,\"height\":392,\"caption\":\"sme s\u00e3o jose do rio preto\"},{\"@type\":\"BreadcrumbList\",\"@id\":\"https:\/\/www.estrategiaconcursos.com.br\/blog\/concurso-sme-sao-jose-do-rio-preto\/#breadcrumb\",\"itemListElement\":[{\"@type\":\"ListItem\",\"position\":1,\"name\":\"In\u00edcio\",\"item\":\"https:\/\/www.estrategiaconcursos.com.br\/blog\/\"},{\"@type\":\"ListItem\",\"position\":2,\"name\":\"Concurso SME S\u00e3o Jos\u00e9 do Rio Preto: inscri\u00e7\u00f5es encerradas!\"}]},{\"@type\":\"WebSite\",\"@id\":\"https:\/\/www.estrategiaconcursos.com.br\/blog\/#website\",\"url\":\"https:\/\/www.estrategiaconcursos.com.br\/blog\/\",\"name\":\"Estrat\u00e9gia Concursos\",\"description\":\"O blog da Estrat\u00e9gia Concursos traz not\u00edcias sobre concursos e artigos de professores oferecendo cursos para concursos (pdf + videaulas) no site.\",\"publisher\":{\"@id\":\"https:\/\/www.estrategiaconcursos.com.br\/blog\/#organization\"},\"potentialAction\":[{\"@type\":\"SearchAction\",\"target\":{\"@type\":\"EntryPoint\",\"urlTemplate\":\"https:\/\/www.estrategiaconcursos.com.br\/blog\/?s={search_term_string}\"},\"query-input\":{\"@type\":\"PropertyValueSpecification\",\"valueRequired\":true,\"valueName\":\"search_term_string\"}}],\"inLanguage\":\"pt-BR\"},{\"@type\":\"Organization\",\"@id\":\"https:\/\/www.estrategiaconcursos.com.br\/blog\/#organization\",\"name\":\"Estrat\u00e9gia Concursos\",\"url\":\"https:\/\/www.estrategiaconcursos.com.br\/blog\/\",\"logo\":{\"@type\":\"ImageObject\",\"inLanguage\":\"pt-BR\",\"@id\":\"https:\/\/www.estrategiaconcursos.com.br\/blog\/#\/schema\/logo\/image\/\",\"url\":\"https:\/\/dhg1h5j42swfq.cloudfront.net\/2025\/06\/03203428\/logo_concursos-1.jpg\",\"contentUrl\":\"https:\/\/dhg1h5j42swfq.cloudfront.net\/2025\/06\/03203428\/logo_concursos-1.jpg\",\"width\":230,\"height\":60,\"caption\":\"Estrat\u00e9gia Concursos\"},\"image\":{\"@id\":\"https:\/\/www.estrategiaconcursos.com.br\/blog\/#\/schema\/logo\/image\/\"},\"sameAs\":[\"https:\/\/x.com\/EstratConcursos\"]},{\"@type\":\"Person\",\"@id\":\"https:\/\/www.estrategiaconcursos.com.br\/blog\/#\/schema\/person\/b4a388c97673c5f483d72185668afa1f\",\"name\":\"Coordena\u00e7\u00e3o\",\"image\":{\"@type\":\"ImageObject\",\"inLanguage\":\"pt-BR\",\"@id\":\"https:\/\/secure.gravatar.com\/avatar\/b720319e4c9a967eb58678d110f4fe35452fc5d5f97b202bac7b8acceb18c6ad?s=96&d=mm&r=g\",\"url\":\"https:\/\/secure.gravatar.com\/avatar\/b720319e4c9a967eb58678d110f4fe35452fc5d5f97b202bac7b8acceb18c6ad?s=96&d=mm&r=g\",\"contentUrl\":\"https:\/\/secure.gravatar.com\/avatar\/b720319e4c9a967eb58678d110f4fe35452fc5d5f97b202bac7b8acceb18c6ad?s=96&d=mm&r=g\",\"caption\":\"Coordena\u00e7\u00e3o\"},\"sameAs\":[\"https:\/\/www.facebook.com\/EstrategiaConcursos\",\"https:\/\/x.com\/EstratConcursos\"],\"url\":\"https:\/\/www.estrategiaconcursos.com.br\/blog\/author\/estrategia2013\/\"}]}<\/script>\n<!-- \/ Yoast SEO Premium plugin. -->","yoast_head_json":{"title":"Concurso SME S\u00e3o Jos\u00e9 do Rio Preto: inscri\u00e7\u00f5es encerradas!","description":"Concurso SME S\u00e3o Jos\u00e9 do Rio Preto: inscri\u00e7\u00f5es encerradas. Editais ofertam vagas em CR para os cargos de Professor de Educa\u00e7\u00e3o B\u00e1sica I e II.","robots":{"index":"index","follow":"follow","max-snippet":"max-snippet:-1","max-image-preview":"max-image-preview:large","max-video-preview":"max-video-preview:-1"},"canonical":"https:\/\/www.estrategiaconcursos.com.br\/blog\/concurso-sme-sao-jose-do-rio-preto\/","og_locale":"pt_BR","og_type":"article","og_title":"Concurso SME S\u00e3o Jos\u00e9 do Rio Preto: inscri\u00e7\u00f5es encerradas!","og_description":"Concurso SME S\u00e3o Jos\u00e9 do Rio Preto: inscri\u00e7\u00f5es encerradas. Editais ofertam vagas em CR para os cargos de Professor de Educa\u00e7\u00e3o B\u00e1sica I e II.","og_url":"https:\/\/www.estrategiaconcursos.com.br\/blog\/concurso-sme-sao-jose-do-rio-preto\/","og_site_name":"Estrat\u00e9gia Concursos","article_author":"https:\/\/www.facebook.com\/EstrategiaConcursos","article_published_time":"2021-08-17T03:00:00+00:00","article_modified_time":"2023-03-15T13:25:50+00:00","og_image":[{"width":474,"height":392,"url":"https:\/\/dhg1h5j42swfq.cloudfront.net\/2021\/07\/19100608\/oip.jpg","type":"image\/jpeg"}],"author":"Coordena\u00e7\u00e3o","twitter_card":"summary_large_image","twitter_creator":"@EstratConcursos","twitter_site":"@EstratConcursos","twitter_misc":{"Escrito por":"Coordena\u00e7\u00e3o","Est. tempo de leitura":"3 minutos"},"schema":{"@context":"https:\/\/schema.org","@graph":[{"@type":"NewsArticle","@id":"https:\/\/www.estrategiaconcursos.com.br\/blog\/concurso-sme-sao-jose-do-rio-preto\/#article","isPartOf":{"@id":"https:\/\/www.estrategiaconcursos.com.br\/blog\/concurso-sme-sao-jose-do-rio-preto\/"},"author":{"name":"Coordena\u00e7\u00e3o","@id":"https:\/\/www.estrategiaconcursos.com.br\/blog\/#\/schema\/person\/b4a388c97673c5f483d72185668afa1f"},"headline":"Concurso SME S\u00e3o Jos\u00e9 do Rio Preto: inscri\u00e7\u00f5es encerradas!","datePublished":"2021-08-17T03:00:00+00:00","dateModified":"2023-03-15T13:25:50+00:00","mainEntityOfPage":{"@id":"https:\/\/www.estrategiaconcursos.com.br\/blog\/concurso-sme-sao-jose-do-rio-preto\/"},"wordCount":654,"commentCount":0,"publisher":{"@id":"https:\/\/www.estrategiaconcursos.com.br\/blog\/#organization"},"image":{"@id":"https:\/\/www.estrategiaconcursos.com.br\/blog\/concurso-sme-sao-jose-do-rio-preto\/#primaryimage"},"thumbnailUrl":"https:\/\/dhg1h5j42swfq.cloudfront.net\/2021\/07\/19100608\/oip.jpg","articleSection":["Educa\u00e7\u00e3o"],"inLanguage":"pt-BR","potentialAction":[{"@type":"CommentAction","name":"Comment","target":["https:\/\/www.estrategiaconcursos.com.br\/blog\/concurso-sme-sao-jose-do-rio-preto\/#respond"]}],"copyrightYear":"2021","copyrightHolder":{"@id":"https:\/\/www.estrategiaconcursos.com.br\/blog\/#organization"}},{"@type":"WebPage","@id":"https:\/\/www.estrategiaconcursos.com.br\/blog\/concurso-sme-sao-jose-do-rio-preto\/","url":"https:\/\/www.estrategiaconcursos.com.br\/blog\/concurso-sme-sao-jose-do-rio-preto\/","name":"Concurso SME S\u00e3o Jos\u00e9 do Rio Preto: inscri\u00e7\u00f5es encerradas!","isPartOf":{"@id":"https:\/\/www.estrategiaconcursos.com.br\/blog\/#website"},"primaryImageOfPage":{"@id":"https:\/\/www.estrategiaconcursos.com.br\/blog\/concurso-sme-sao-jose-do-rio-preto\/#primaryimage"},"image":{"@id":"https:\/\/www.estrategiaconcursos.com.br\/blog\/concurso-sme-sao-jose-do-rio-preto\/#primaryimage"},"thumbnailUrl":"https:\/\/dhg1h5j42swfq.cloudfront.net\/2021\/07\/19100608\/oip.jpg","datePublished":"2021-08-17T03:00:00+00:00","dateModified":"2023-03-15T13:25:50+00:00","description":"Concurso SME S\u00e3o Jos\u00e9 do Rio Preto: inscri\u00e7\u00f5es encerradas. Editais ofertam vagas em CR para os cargos de Professor de Educa\u00e7\u00e3o B\u00e1sica I e II.","breadcrumb":{"@id":"https:\/\/www.estrategiaconcursos.com.br\/blog\/concurso-sme-sao-jose-do-rio-preto\/#breadcrumb"},"inLanguage":"pt-BR","potentialAction":[{"@type":"ReadAction","target":["https:\/\/www.estrategiaconcursos.com.br\/blog\/concurso-sme-sao-jose-do-rio-preto\/"]}]},{"@type":"ImageObject","inLanguage":"pt-BR","@id":"https:\/\/www.estrategiaconcursos.com.br\/blog\/concurso-sme-sao-jose-do-rio-preto\/#primaryimage","url":"https:\/\/dhg1h5j42swfq.cloudfront.net\/2021\/07\/19100608\/oip.jpg","contentUrl":"https:\/\/dhg1h5j42swfq.cloudfront.net\/2021\/07\/19100608\/oip.jpg","width":474,"height":392,"caption":"sme s\u00e3o jose do rio preto"},{"@type":"BreadcrumbList","@id":"https:\/\/www.estrategiaconcursos.com.br\/blog\/concurso-sme-sao-jose-do-rio-preto\/#breadcrumb","itemListElement":[{"@type":"ListItem","position":1,"name":"In\u00edcio","item":"https:\/\/www.estrategiaconcursos.com.br\/blog\/"},{"@type":"ListItem","position":2,"name":"Concurso SME S\u00e3o Jos\u00e9 do Rio Preto: inscri\u00e7\u00f5es encerradas!"}]},{"@type":"WebSite","@id":"https:\/\/www.estrategiaconcursos.com.br\/blog\/#website","url":"https:\/\/www.estrategiaconcursos.com.br\/blog\/","name":"Estrat\u00e9gia Concursos","description":"O blog da Estrat\u00e9gia Concursos traz not\u00edcias sobre concursos e artigos de professores oferecendo cursos para concursos (pdf + videaulas) no site.","publisher":{"@id":"https:\/\/www.estrategiaconcursos.com.br\/blog\/#organization"},"potentialAction":[{"@type":"SearchAction","target":{"@type":"EntryPoint","urlTemplate":"https:\/\/www.estrategiaconcursos.com.br\/blog\/?s={search_term_string}"},"query-input":{"@type":"PropertyValueSpecification","valueRequired":true,"valueName":"search_term_string"}}],"inLanguage":"pt-BR"},{"@type":"Organization","@id":"https:\/\/www.estrategiaconcursos.com.br\/blog\/#organization","name":"Estrat\u00e9gia Concursos","url":"https:\/\/www.estrategiaconcursos.com.br\/blog\/","logo":{"@type":"ImageObject","inLanguage":"pt-BR","@id":"https:\/\/www.estrategiaconcursos.com.br\/blog\/#\/schema\/logo\/image\/","url":"https:\/\/dhg1h5j42swfq.cloudfront.net\/2025\/06\/03203428\/logo_concursos-1.jpg","contentUrl":"https:\/\/dhg1h5j42swfq.cloudfront.net\/2025\/06\/03203428\/logo_concursos-1.jpg","width":230,"height":60,"caption":"Estrat\u00e9gia Concursos"},"image":{"@id":"https:\/\/www.estrategiaconcursos.com.br\/blog\/#\/schema\/logo\/image\/"},"sameAs":["https:\/\/x.com\/EstratConcursos"]},{"@type":"Person","@id":"https:\/\/www.estrategiaconcursos.com.br\/blog\/#\/schema\/person\/b4a388c97673c5f483d72185668afa1f","name":"Coordena\u00e7\u00e3o","image":{"@type":"ImageObject","inLanguage":"pt-BR","@id":"https:\/\/secure.gravatar.com\/avatar\/b720319e4c9a967eb58678d110f4fe35452fc5d5f97b202bac7b8acceb18c6ad?s=96&d=mm&r=g","url":"https:\/\/secure.gravatar.com\/avatar\/b720319e4c9a967eb58678d110f4fe35452fc5d5f97b202bac7b8acceb18c6ad?s=96&d=mm&r=g","contentUrl":"https:\/\/secure.gravatar.com\/avatar\/b720319e4c9a967eb58678d110f4fe35452fc5d5f97b202bac7b8acceb18c6ad?s=96&d=mm&r=g","caption":"Coordena\u00e7\u00e3o"},"sameAs":["https:\/\/www.facebook.com\/EstrategiaConcursos","https:\/\/x.com\/EstratConcursos"],"url":"https:\/\/www.estrategiaconcursos.com.br\/blog\/author\/estrategia2013\/"}]}},"_links":{"self":[{"href":"https:\/\/www.estrategiaconcursos.com.br\/blog\/wp-json\/wp\/v2\/posts\/795412","targetHints":{"allow":["GET"]}}],"collection":[{"href":"https:\/\/www.estrategiaconcursos.com.br\/blog\/wp-json\/wp\/v2\/posts"}],"about":[{"href":"https:\/\/www.estrategiaconcursos.com.br\/blog\/wp-json\/wp\/v2\/types\/post"}],"author":[{"embeddable":true,"href":"https:\/\/www.estrategiaconcursos.com.br\/blog\/wp-json\/wp\/v2\/users\/1"}],"replies":[{"embeddable":true,"href":"https:\/\/www.estrategiaconcursos.com.br\/blog\/wp-json\/wp\/v2\/comments?post=795412"}],"version-history":[{"count":61,"href":"https:\/\/www.estrategiaconcursos.com.br\/blog\/wp-json\/wp\/v2\/posts\/795412\/revisions"}],"predecessor-version":[{"id":1186938,"href":"https:\/\/www.estrategiaconcursos.com.br\/blog\/wp-json\/wp\/v2\/posts\/795412\/revisions\/1186938"}],"wp:featuredmedia":[{"embeddable":true,"href":"https:\/\/www.estrategiaconcursos.com.br\/blog\/wp-json\/wp\/v2\/media\/798053"}],"wp:attachment":[{"href":"https:\/\/www.estrategiaconcursos.com.br\/blog\/wp-json\/wp\/v2\/media?parent=795412"}],"wp:term":[{"taxonomy":"category","embeddable":true,"href":"https:\/\/www.estrategiaconcursos.com.br\/blog\/wp-json\/wp\/v2\/categories?post=795412"},{"taxonomy":"post_tag","embeddable":true,"href":"https:\/\/www.estrategiaconcursos.com.br\/blog\/wp-json\/wp\/v2\/tags?post=795412"},{"taxonomy":"tax_estado","embeddable":true,"href":"https:\/\/www.estrategiaconcursos.com.br\/blog\/wp-json\/wp\/v2\/tax_estado?post=795412"}],"curies":[{"name":"wp","href":"https:\/\/api.w.org\/{rel}","templated":true}]}}