{"id":7949,"date":"2012-07-09T01:28:05","date_gmt":"2012-07-09T01:28:05","guid":{"rendered":"https:\/\/www.estrategiaconcursos.com.br\/blog\/comentarios-do-edital-do-cfm-tecnologia-da-informacao-4\/"},"modified":"2016-10-06T14:28:11","modified_gmt":"2016-10-06T17:28:11","slug":"comentarios-do-edital-do-cfm-tecnologia-da-informacao-4","status":"publish","type":"post","link":"https:\/\/www.estrategiaconcursos.com.br\/blog\/comentarios-do-edital-do-cfm-tecnologia-da-informacao-4\/","title":{"rendered":"Coment\u00e1rios do edital do CFM &#8211; Tecnologia da Informa\u00e7\u00e3o."},"content":{"rendered":"<p>&nbsp;<\/p>\n<div class=\"WordSection1\">\n<p class=\"MsoNormal\">Ol\u00e1 Concurseiros de Plant\u00e3o,<\/p>\n<p class=\"MsoNormal\">Demorei para comentar este edital, mas \u00e9 bem simples, ando ocupado de um tanto que voc\u00eas n\u00e3o t\u00eam no\u00e7\u00e3o, mas \u00e9 isso o CFM &#8211; Conselho Federal de Medicina lan\u00e7ou no \u00faltimo dia 05 de janeiro de 2012 o edital para forma\u00e7\u00e3o de cadastro de reserva para provimento de cargos efetivos.<\/p>\n<p class=\"MsoNormal\">A banca escolhida foi a Funiversa, e s\u00f3 para lembrar \u00e9 a mesma que vem sendo escolhida para concursos como de Perito Criminal do DF, Agente da PCDF, CEB e por ai vai, ou seja, temos ent\u00e3o uma certa experi\u00eancia da Banca Organizadora na administra\u00e7\u00e3o de certames.<\/p>\n<p class=\"MsoNormal\">As inscri\u00e7\u00f5es poder\u00e3o ser realizadas entre os dias 13 de janeiro de 2012 (j\u00e1 est\u00e3o abertas) e 20 de fevereiro de 2012, n\u00e3o vamos perder os prazos t\u00e1?<\/p>\n<p class=\"MsoNormal\">Sobre a Funiversa posso dizer que os senhores devem tomar muito cuidado no que diz respeito \u00e0s quest\u00f5es de L\u00edngua Portuguesa e Racioc\u00ednio L\u00f3gico, isso mesmo gente, nas quest\u00f5es de L\u00edngua Portuguesa os textos s\u00e3o extremamente longos, dificultosos e acabam fazendo com que o candidato se perca nas suas resolu\u00e7\u00f5es e nas de Racioc\u00ednio L\u00f3gico, as quest\u00f5es relacionadas a express\u00f5es l\u00f3gicas derrubam muita gente. Outro t\u00f3pico a ser observado aqui \u00e9 o fato de nos depararmos em algumas quest\u00f5es com duas respostas verdadeiras ou falsas, mas s\u00e3o respostas que quando contextualizadas no enunciado mostram qual \u00e9 a mais certa, ou qual \u00e9 a mais errada, fiquem atentos viu.<\/p>\n<p class=\"MsoNormal\">Para a \u00e1rea de TI teremos oportunidades para n\u00edvel superior e n\u00edvel m\u00e9dio.<\/p>\n<p class=\"MsoNormal\" style=\"text-indent: -18pt; margin-left: 36pt;\"><span style=\"font-family: Wingdings;\">\u00d8<span style=\"font: 7pt 'Times New Roman';\">\u00a0 <\/span><\/span>\u00a0Especialista de suporte log\u00edstica &#8211; Ocupa\u00e7\u00e3o: Analista de Sistemas.<\/p>\n<p class=\"MsoNormal\" style=\"text-indent: -18pt; margin-left: 53.4pt;\"><span style=\"font-family: Symbol;\">\u00b7<span style=\"font: 7pt 'Times New Roman';\">\u00a0\u00a0\u00a0\u00a0\u00a0\u00a0\u00a0\u00a0 <\/span><\/span>1 vaga + CR.<\/p>\n<p class=\"MsoNormal\" style=\"text-indent: -18pt; margin-left: 53.4pt;\"><span style=\"font-family: Symbol;\">\u00b7<span style=\"font: 7pt 'Times New Roman';\">\u00a0\u00a0\u00a0\u00a0\u00a0\u00a0\u00a0\u00a0 <\/span><\/span>R$ 7830,65 + R$ 560,00 de aux\u00edlio alimenta\u00e7\u00e3o.<\/p>\n<p class=\"MsoNormal\" style=\"text-indent: -18pt; margin-left: 53.4pt;\"><span style=\"font-family: Symbol;\">\u00b7<span style=\"font: 7pt 'Times New Roman';\">\u00a0\u00a0\u00a0\u00a0\u00a0\u00a0\u00a0\u00a0 <\/span><\/span>Provas no dia 1\u00ba de abril de 2012 de manh\u00e3 com 4 horas de dura\u00e7\u00e3o.<\/p>\n<p class=\"MsoNormal\" style=\"text-indent: -18pt; margin-left: 53.4pt;\"><span style=\"font-family: Symbol;\">\u00b7<span style=\"font: 7pt 'Times New Roman';\">\u00a0\u00a0\u00a0\u00a0\u00a0\u00a0\u00a0\u00a0 <\/span><\/span>Conhecimentos b\u00e1sicos:<\/p>\n<ul style=\"margin-top: 0cm;\" type=\"disc\">\n<\/ul>\n<ul style=\"margin-top: 0cm;\" type=\"circle\">\n<li class=\"MsoNormal\">L\u00edngua Portuguesa.<\/li>\n<li class=\"MsoNormal\">Microinform\u00e1tica.<\/li>\n<li class=\"MsoNormal\">Racioc\u00ednio L\u00f3gico.<\/li>\n<li class=\"MsoNormal\">Atualidades.<\/li>\n<li class=\"MsoNormal\">Legisla\u00e7\u00e3o Institucional.<\/li>\n<\/ul>\n<p class=\"MsoNormal\" style=\"text-indent: -18pt; margin-left: 53.4pt;\"><span style=\"font-family: Symbol;\">\u00b7<span style=\"font: 7pt 'Times New Roman';\">\u00a0\u00a0\u00a0\u00a0\u00a0\u00a0\u00a0\u00a0 <\/span><\/span>Conhecimentos espec\u00edficos.<\/p>\n<ul style=\"margin-top: 0cm;\" type=\"disc\">\n<\/ul>\n<ul style=\"margin-top: 0cm;\" type=\"circle\">\n<li class=\"MsoNormal\">Conhecimento em Infraestrutura de TI. (Redes, Seguran\u00e7a, SO, Telecomunica\u00e7\u00f5es, SGBDs).<\/li>\n<li class=\"MsoNormal\">Gest\u00e3o e Governan\u00e7a de TI (Normas 27001, 27002 e 27005,\u00a0 Itil, Cobit, Gerenciamento de Projetos, CMMI, ISO 12207, ISO 9126, PETI, Ferramentas de PE, BPM, MPS.BR, ).<\/li>\n<li class=\"MsoNormal\">Conhecimento em Desenvolvimento e Manuten\u00e7\u00e3o.<\/li>\n<li class=\"MsoNormal\">Redes de computadores.<\/li>\n<li class=\"MsoNormal\">Banco de Dados e Administra\u00e7\u00e3o de Dados.<\/li>\n<li class=\"MsoNormal\">Engenharia de Software.<\/li>\n<li class=\"MsoNormal\">Aquisi\u00e7\u00e3o de bens e servi\u00e7os de TI.<\/li>\n<li class=\"MsoNormal\">Ingl\u00eas T\u00e9cnico.<\/li>\n<\/ul>\n<p class=\"MsoNormal\" style=\"text-indent: -18pt; margin-left: 36pt;\"><span style=\"font-family: Wingdings;\">\u00d8<span style=\"font: 7pt 'Times New Roman';\">\u00a0 <\/span><\/span>PROFISSIONAL DE SERVI\u00c7OS T\u00c9CNICO ESPECIALIZADO &#8211; OCUPA\u00c7\u00c3O: ASSISTENTE DE TECNOLOGIA DA INFORMA\u00c7\u00c3O.<\/p>\n<p class=\"MsoNormal\" style=\"text-indent: -18pt; margin-left: 53.4pt;\"><span style=\"font-family: Symbol;\">\u00b7<span style=\"font: 7pt 'Times New Roman';\">\u00a0\u00a0\u00a0\u00a0\u00a0\u00a0\u00a0\u00a0 <\/span><\/span>1 vaga + CR.<\/p>\n<p class=\"MsoNormal\" style=\"text-indent: -18pt; margin-left: 53.4pt;\"><span style=\"font-family: Symbol;\">\u00b7<span style=\"font: 7pt 'Times New Roman';\">\u00a0\u00a0\u00a0\u00a0\u00a0\u00a0\u00a0\u00a0 <\/span><\/span>R$ 3467,46 + R$ 560,00 de aux\u00edlio alimenta\u00e7\u00e3o.<\/p>\n<p class=\"MsoNormal\" style=\"text-indent: -18pt; margin-left: 53.4pt;\"><span style=\"font-family: Symbol;\">\u00b7<span style=\"font: 7pt 'Times New Roman';\">\u00a0\u00a0\u00a0\u00a0\u00a0\u00a0\u00a0\u00a0 <\/span><\/span>Provas no dia 1\u00ba de abril de 2012 de tarde com 4 horas de dura\u00e7\u00e3o.<\/p>\n<p class=\"MsoNormal\" style=\"text-indent: -18pt; margin-left: 53.4pt;\"><span style=\"font-family: Symbol;\">\u00b7<span style=\"font: 7pt 'Times New Roman';\">\u00a0\u00a0\u00a0\u00a0\u00a0\u00a0\u00a0\u00a0 <\/span><\/span>Conhecimentos b\u00e1sicos:<\/p>\n<ul style=\"margin-top: 0cm;\" type=\"disc\">\n<\/ul>\n<ul style=\"margin-top: 0cm;\" type=\"circle\">\n<li class=\"MsoNormal\">L\u00edngua Portuguesa.<\/li>\n<li class=\"MsoNormal\">Microinform\u00e1tica.<\/li>\n<li class=\"MsoNormal\">Racioc\u00ednio L\u00f3gico.<\/li>\n<li class=\"MsoNormal\">Atualidades.<\/li>\n<li class=\"MsoNormal\">Legisla\u00e7\u00e3o Institucional.<\/li>\n<\/ul>\n<p class=\"MsoNormal\" style=\"text-indent: -18pt; margin-left: 53.4pt;\"><span style=\"font-family: Symbol;\">\u00b7<span style=\"font: 7pt 'Times New Roman';\">\u00a0\u00a0\u00a0\u00a0\u00a0\u00a0\u00a0\u00a0 <\/span><\/span>Conhecimentos espec\u00edficos.<\/p>\n<ul style=\"margin-top: 0cm;\" type=\"disc\">\n<\/ul>\n<ul style=\"margin-top: 0cm;\" type=\"circle\">\n<li class=\"MsoNormal\">Fundamentos da computa\u00e7\u00e3o.<\/li>\n<li class=\"MsoNormal\">Sistemas Operacionais.<\/li>\n<li class=\"MsoNormal\">Redes de Computadores.<\/li>\n<li class=\"MsoNormal\">Desenvolvimento de Sistemas.<\/li>\n<li class=\"MsoNormal\">Linguagens de programa\u00e7\u00e3o.<\/li>\n<li class=\"MsoNormal\">Manuten\u00e7\u00e3o e instala\u00e7\u00e3o de equipamentos.<\/li>\n<li class=\"MsoNormal\">Conceitos de seguran\u00e7a da informa\u00e7\u00e3o.<\/li>\n<li class=\"MsoNormal\">Gerenciamento de servi\u00e7os de TI (ITIL).<\/li>\n<\/ul>\n<p class=\"MsoNormal\">Para os dois cargos ser\u00e3o 20 quest\u00f5es de conhecimentos b\u00e1sicos com peso 1 e 20 quest\u00f5es de conhecimentos espec\u00edficos com peso 2, ent\u00e3o como estrat\u00e9gia para a prova, nem preciso dizer que seria de enorme valia que sapecassem as quest\u00f5es de conhecimento espec\u00edficos antas das de conhecimentos gerais n\u00e9?<\/p>\n<p class=\"MsoNormal\">E ent\u00e3o, o que esperar das quest\u00f5es espec\u00edficas? Bem, podemos nos basear em quest\u00f5es publicadas em provas como da CEB e de perito da PCDF que ser\u00e1 realizada agora no dia 05 de fevereiro para tirar tal base, mas acredito que n\u00e3o fuja muito da regra aplicada por eles, pequenos decorebas sem um conhecimento interpretativo muito aplic\u00e1vel n\u00e3o viu, quest\u00f5es como da FCC poderiam inclusive complementar o conte\u00fado de estudos dos senhores.<\/p>\n<p class=\"MsoNormal\">As quest\u00f5es ser\u00e3o de m\u00faltipla escolha com 5 alternativas tendo somente uma correta.<\/p>\n<p class=\"MsoNormal\">E tamb\u00e9m teremos prova discursiva com30 linhas.<\/p>\n<p class=\"MsoNormal\">Ent\u00e3o, estes s\u00e3o meus coment\u00e1rios sobre o edital gente e to espelhando para os senhores exatamente o que espero da Banca para tal prova.<\/p>\n<p class=\"MsoNormal\">Ab\u00e7s,<\/p>\n<p class=\"MsoNormal\">Ent\u00e3o \u00e9 isso. <span style=\"font-family: Wingdings;\">J<\/span><\/p>\n<p class=\"MsoNormal\">Lembre-se sempre, seu maior advers\u00e1rio \u00e9 voc\u00ea!!!<\/p>\n<p>Professor Gabriel Pacheco<\/p>\n<p class=\"MsoNormal\">\n<\/div>\n","protected":false},"excerpt":{"rendered":"<p>&nbsp; Ol\u00e1 Concurseiros de Plant\u00e3o, Demorei para comentar este edital, mas \u00e9 bem simples, ando ocupado de um tanto que voc\u00eas n\u00e3o t\u00eam no\u00e7\u00e3o, mas \u00e9 isso o CFM &#8211; Conselho Federal de Medicina lan\u00e7ou no \u00faltimo dia 05 de janeiro de 2012 o edital para forma\u00e7\u00e3o de cadastro de reserva para provimento de cargos [&hellip;]<\/p>\n","protected":false},"author":40,"featured_media":0,"comment_status":"open","ping_status":"open","sticky":false,"template":"","format":"standard","meta":{"post_tipo":"article","footnotes":""},"categories":[1],"tags":[],"tax_estado":[],"class_list":["post-7949","post","type-post","status-publish","format-standard","hentry","category-cursos-e-concursos"],"acf":[],"yoast_head":"<!-- This site is optimized with the Yoast SEO Premium plugin v27.2 (Yoast SEO v27.2) - https:\/\/yoast.com\/product\/yoast-seo-premium-wordpress\/ -->\n<title>Coment\u00e1rios do edital do CFM - Tecnologia da Informa\u00e7\u00e3o.<\/title>\n<meta name=\"robots\" content=\"index, follow, max-snippet:-1, max-image-preview:large, max-video-preview:-1\" \/>\n<link rel=\"canonical\" href=\"https:\/\/www.estrategiaconcursos.com.br\/blog\/comentarios-do-edital-do-cfm-tecnologia-da-informacao-4\/\" \/>\n<meta property=\"og:locale\" content=\"pt_BR\" \/>\n<meta property=\"og:type\" content=\"article\" \/>\n<meta property=\"og:title\" content=\"Coment\u00e1rios do edital do CFM - Tecnologia da Informa\u00e7\u00e3o.\" \/>\n<meta property=\"og:description\" content=\"&nbsp; Ol\u00e1 Concurseiros de Plant\u00e3o, Demorei para comentar este edital, mas \u00e9 bem simples, ando ocupado de um tanto que voc\u00eas n\u00e3o t\u00eam no\u00e7\u00e3o, mas \u00e9 isso o CFM &#8211; Conselho Federal de Medicina lan\u00e7ou no \u00faltimo dia 05 de janeiro de 2012 o edital para forma\u00e7\u00e3o de cadastro de reserva para provimento de cargos [&hellip;]\" \/>\n<meta property=\"og:url\" content=\"https:\/\/www.estrategiaconcursos.com.br\/blog\/comentarios-do-edital-do-cfm-tecnologia-da-informacao-4\/\" \/>\n<meta property=\"og:site_name\" content=\"Estrat\u00e9gia Concursos\" \/>\n<meta property=\"article:published_time\" content=\"2012-07-09T01:28:05+00:00\" \/>\n<meta property=\"article:modified_time\" content=\"2016-10-06T17:28:11+00:00\" \/>\n<meta name=\"author\" content=\"Gabriel Pacheco\" \/>\n<meta name=\"twitter:card\" content=\"summary_large_image\" \/>\n<meta name=\"twitter:creator\" content=\"@EstratConcursos\" \/>\n<meta name=\"twitter:site\" content=\"@EstratConcursos\" \/>\n<meta name=\"twitter:label1\" content=\"Escrito por\" \/>\n\t<meta name=\"twitter:data1\" content=\"Gabriel Pacheco\" \/>\n\t<meta name=\"twitter:label2\" content=\"Est. tempo de leitura\" \/>\n\t<meta name=\"twitter:data2\" content=\"3 minutos\" \/>\n<script type=\"application\/ld+json\" class=\"yoast-schema-graph\">{\"@context\":\"https:\/\/schema.org\",\"@graph\":[{\"@type\":\"NewsArticle\",\"@id\":\"https:\/\/www.estrategiaconcursos.com.br\/blog\/comentarios-do-edital-do-cfm-tecnologia-da-informacao-4\/#article\",\"isPartOf\":{\"@id\":\"https:\/\/www.estrategiaconcursos.com.br\/blog\/comentarios-do-edital-do-cfm-tecnologia-da-informacao-4\/\"},\"author\":{\"name\":\"Gabriel Pacheco\",\"@id\":\"https:\/\/www.estrategiaconcursos.com.br\/blog\/#\/schema\/person\/b5b28585a2bd4d4489d254fd4101186a\"},\"headline\":\"Coment\u00e1rios do edital do CFM &#8211; Tecnologia da Informa\u00e7\u00e3o.\",\"datePublished\":\"2012-07-09T01:28:05+00:00\",\"dateModified\":\"2016-10-06T17:28:11+00:00\",\"mainEntityOfPage\":{\"@id\":\"https:\/\/www.estrategiaconcursos.com.br\/blog\/comentarios-do-edital-do-cfm-tecnologia-da-informacao-4\/\"},\"wordCount\":699,\"commentCount\":0,\"publisher\":{\"@id\":\"https:\/\/www.estrategiaconcursos.com.br\/blog\/#organization\"},\"articleSection\":[\"Concursos P\u00fablicos\"],\"inLanguage\":\"pt-BR\",\"potentialAction\":[{\"@type\":\"CommentAction\",\"name\":\"Comment\",\"target\":[\"https:\/\/www.estrategiaconcursos.com.br\/blog\/comentarios-do-edital-do-cfm-tecnologia-da-informacao-4\/#respond\"]}],\"copyrightYear\":\"2012\",\"copyrightHolder\":{\"@id\":\"https:\/\/www.estrategiaconcursos.com.br\/blog\/#organization\"}},{\"@type\":\"WebPage\",\"@id\":\"https:\/\/www.estrategiaconcursos.com.br\/blog\/comentarios-do-edital-do-cfm-tecnologia-da-informacao-4\/\",\"url\":\"https:\/\/www.estrategiaconcursos.com.br\/blog\/comentarios-do-edital-do-cfm-tecnologia-da-informacao-4\/\",\"name\":\"Coment\u00e1rios do edital do CFM - Tecnologia da Informa\u00e7\u00e3o.\",\"isPartOf\":{\"@id\":\"https:\/\/www.estrategiaconcursos.com.br\/blog\/#website\"},\"datePublished\":\"2012-07-09T01:28:05+00:00\",\"dateModified\":\"2016-10-06T17:28:11+00:00\",\"breadcrumb\":{\"@id\":\"https:\/\/www.estrategiaconcursos.com.br\/blog\/comentarios-do-edital-do-cfm-tecnologia-da-informacao-4\/#breadcrumb\"},\"inLanguage\":\"pt-BR\",\"potentialAction\":[{\"@type\":\"ReadAction\",\"target\":[\"https:\/\/www.estrategiaconcursos.com.br\/blog\/comentarios-do-edital-do-cfm-tecnologia-da-informacao-4\/\"]}]},{\"@type\":\"BreadcrumbList\",\"@id\":\"https:\/\/www.estrategiaconcursos.com.br\/blog\/comentarios-do-edital-do-cfm-tecnologia-da-informacao-4\/#breadcrumb\",\"itemListElement\":[{\"@type\":\"ListItem\",\"position\":1,\"name\":\"In\u00edcio\",\"item\":\"https:\/\/www.estrategiaconcursos.com.br\/blog\/\"},{\"@type\":\"ListItem\",\"position\":2,\"name\":\"Coment\u00e1rios do edital do CFM &#8211; Tecnologia da Informa\u00e7\u00e3o.\"}]},{\"@type\":\"WebSite\",\"@id\":\"https:\/\/www.estrategiaconcursos.com.br\/blog\/#website\",\"url\":\"https:\/\/www.estrategiaconcursos.com.br\/blog\/\",\"name\":\"Estrat\u00e9gia Concursos\",\"description\":\"O blog da Estrat\u00e9gia Concursos traz not\u00edcias sobre concursos e artigos de professores oferecendo cursos para concursos (pdf + videaulas) no site.\",\"publisher\":{\"@id\":\"https:\/\/www.estrategiaconcursos.com.br\/blog\/#organization\"},\"potentialAction\":[{\"@type\":\"SearchAction\",\"target\":{\"@type\":\"EntryPoint\",\"urlTemplate\":\"https:\/\/www.estrategiaconcursos.com.br\/blog\/?s={search_term_string}\"},\"query-input\":{\"@type\":\"PropertyValueSpecification\",\"valueRequired\":true,\"valueName\":\"search_term_string\"}}],\"inLanguage\":\"pt-BR\"},{\"@type\":\"Organization\",\"@id\":\"https:\/\/www.estrategiaconcursos.com.br\/blog\/#organization\",\"name\":\"Estrat\u00e9gia Concursos\",\"url\":\"https:\/\/www.estrategiaconcursos.com.br\/blog\/\",\"logo\":{\"@type\":\"ImageObject\",\"inLanguage\":\"pt-BR\",\"@id\":\"https:\/\/www.estrategiaconcursos.com.br\/blog\/#\/schema\/logo\/image\/\",\"url\":\"https:\/\/dhg1h5j42swfq.cloudfront.net\/2025\/06\/03203428\/logo_concursos-1.jpg\",\"contentUrl\":\"https:\/\/dhg1h5j42swfq.cloudfront.net\/2025\/06\/03203428\/logo_concursos-1.jpg\",\"width\":230,\"height\":60,\"caption\":\"Estrat\u00e9gia Concursos\"},\"image\":{\"@id\":\"https:\/\/www.estrategiaconcursos.com.br\/blog\/#\/schema\/logo\/image\/\"},\"sameAs\":[\"https:\/\/x.com\/EstratConcursos\"]},{\"@type\":\"Person\",\"@id\":\"https:\/\/www.estrategiaconcursos.com.br\/blog\/#\/schema\/person\/b5b28585a2bd4d4489d254fd4101186a\",\"name\":\"Gabriel Pacheco\",\"image\":{\"@type\":\"ImageObject\",\"inLanguage\":\"pt-BR\",\"@id\":\"https:\/\/secure.gravatar.com\/avatar\/23a35c73a06c7ef0272c9c54e33dd776696b8cc8a305407636b9399e3e77b0ef?s=96&d=mm&r=g\",\"url\":\"https:\/\/secure.gravatar.com\/avatar\/23a35c73a06c7ef0272c9c54e33dd776696b8cc8a305407636b9399e3e77b0ef?s=96&d=mm&r=g\",\"contentUrl\":\"https:\/\/secure.gravatar.com\/avatar\/23a35c73a06c7ef0272c9c54e33dd776696b8cc8a305407636b9399e3e77b0ef?s=96&d=mm&r=g\",\"caption\":\"Gabriel Pacheco\"},\"url\":\"https:\/\/www.estrategiaconcursos.com.br\/blog\/author\/gabrielpachecoestrategiaconcursos-com-br\/\"}]}<\/script>\n<!-- \/ Yoast SEO Premium plugin. -->","yoast_head_json":{"title":"Coment\u00e1rios do edital do CFM - Tecnologia da Informa\u00e7\u00e3o.","robots":{"index":"index","follow":"follow","max-snippet":"max-snippet:-1","max-image-preview":"max-image-preview:large","max-video-preview":"max-video-preview:-1"},"canonical":"https:\/\/www.estrategiaconcursos.com.br\/blog\/comentarios-do-edital-do-cfm-tecnologia-da-informacao-4\/","og_locale":"pt_BR","og_type":"article","og_title":"Coment\u00e1rios do edital do CFM - Tecnologia da Informa\u00e7\u00e3o.","og_description":"&nbsp; Ol\u00e1 Concurseiros de Plant\u00e3o, Demorei para comentar este edital, mas \u00e9 bem simples, ando ocupado de um tanto que voc\u00eas n\u00e3o t\u00eam no\u00e7\u00e3o, mas \u00e9 isso o CFM &#8211; Conselho Federal de Medicina lan\u00e7ou no \u00faltimo dia 05 de janeiro de 2012 o edital para forma\u00e7\u00e3o de cadastro de reserva para provimento de cargos [&hellip;]","og_url":"https:\/\/www.estrategiaconcursos.com.br\/blog\/comentarios-do-edital-do-cfm-tecnologia-da-informacao-4\/","og_site_name":"Estrat\u00e9gia Concursos","article_published_time":"2012-07-09T01:28:05+00:00","article_modified_time":"2016-10-06T17:28:11+00:00","author":"Gabriel Pacheco","twitter_card":"summary_large_image","twitter_creator":"@EstratConcursos","twitter_site":"@EstratConcursos","twitter_misc":{"Escrito por":"Gabriel Pacheco","Est. tempo de leitura":"3 minutos"},"schema":{"@context":"https:\/\/schema.org","@graph":[{"@type":"NewsArticle","@id":"https:\/\/www.estrategiaconcursos.com.br\/blog\/comentarios-do-edital-do-cfm-tecnologia-da-informacao-4\/#article","isPartOf":{"@id":"https:\/\/www.estrategiaconcursos.com.br\/blog\/comentarios-do-edital-do-cfm-tecnologia-da-informacao-4\/"},"author":{"name":"Gabriel Pacheco","@id":"https:\/\/www.estrategiaconcursos.com.br\/blog\/#\/schema\/person\/b5b28585a2bd4d4489d254fd4101186a"},"headline":"Coment\u00e1rios do edital do CFM &#8211; Tecnologia da Informa\u00e7\u00e3o.","datePublished":"2012-07-09T01:28:05+00:00","dateModified":"2016-10-06T17:28:11+00:00","mainEntityOfPage":{"@id":"https:\/\/www.estrategiaconcursos.com.br\/blog\/comentarios-do-edital-do-cfm-tecnologia-da-informacao-4\/"},"wordCount":699,"commentCount":0,"publisher":{"@id":"https:\/\/www.estrategiaconcursos.com.br\/blog\/#organization"},"articleSection":["Concursos P\u00fablicos"],"inLanguage":"pt-BR","potentialAction":[{"@type":"CommentAction","name":"Comment","target":["https:\/\/www.estrategiaconcursos.com.br\/blog\/comentarios-do-edital-do-cfm-tecnologia-da-informacao-4\/#respond"]}],"copyrightYear":"2012","copyrightHolder":{"@id":"https:\/\/www.estrategiaconcursos.com.br\/blog\/#organization"}},{"@type":"WebPage","@id":"https:\/\/www.estrategiaconcursos.com.br\/blog\/comentarios-do-edital-do-cfm-tecnologia-da-informacao-4\/","url":"https:\/\/www.estrategiaconcursos.com.br\/blog\/comentarios-do-edital-do-cfm-tecnologia-da-informacao-4\/","name":"Coment\u00e1rios do edital do CFM - Tecnologia da Informa\u00e7\u00e3o.","isPartOf":{"@id":"https:\/\/www.estrategiaconcursos.com.br\/blog\/#website"},"datePublished":"2012-07-09T01:28:05+00:00","dateModified":"2016-10-06T17:28:11+00:00","breadcrumb":{"@id":"https:\/\/www.estrategiaconcursos.com.br\/blog\/comentarios-do-edital-do-cfm-tecnologia-da-informacao-4\/#breadcrumb"},"inLanguage":"pt-BR","potentialAction":[{"@type":"ReadAction","target":["https:\/\/www.estrategiaconcursos.com.br\/blog\/comentarios-do-edital-do-cfm-tecnologia-da-informacao-4\/"]}]},{"@type":"BreadcrumbList","@id":"https:\/\/www.estrategiaconcursos.com.br\/blog\/comentarios-do-edital-do-cfm-tecnologia-da-informacao-4\/#breadcrumb","itemListElement":[{"@type":"ListItem","position":1,"name":"In\u00edcio","item":"https:\/\/www.estrategiaconcursos.com.br\/blog\/"},{"@type":"ListItem","position":2,"name":"Coment\u00e1rios do edital do CFM &#8211; Tecnologia da Informa\u00e7\u00e3o."}]},{"@type":"WebSite","@id":"https:\/\/www.estrategiaconcursos.com.br\/blog\/#website","url":"https:\/\/www.estrategiaconcursos.com.br\/blog\/","name":"Estrat\u00e9gia Concursos","description":"O blog da Estrat\u00e9gia Concursos traz not\u00edcias sobre concursos e artigos de professores oferecendo cursos para concursos (pdf + videaulas) no site.","publisher":{"@id":"https:\/\/www.estrategiaconcursos.com.br\/blog\/#organization"},"potentialAction":[{"@type":"SearchAction","target":{"@type":"EntryPoint","urlTemplate":"https:\/\/www.estrategiaconcursos.com.br\/blog\/?s={search_term_string}"},"query-input":{"@type":"PropertyValueSpecification","valueRequired":true,"valueName":"search_term_string"}}],"inLanguage":"pt-BR"},{"@type":"Organization","@id":"https:\/\/www.estrategiaconcursos.com.br\/blog\/#organization","name":"Estrat\u00e9gia Concursos","url":"https:\/\/www.estrategiaconcursos.com.br\/blog\/","logo":{"@type":"ImageObject","inLanguage":"pt-BR","@id":"https:\/\/www.estrategiaconcursos.com.br\/blog\/#\/schema\/logo\/image\/","url":"https:\/\/dhg1h5j42swfq.cloudfront.net\/2025\/06\/03203428\/logo_concursos-1.jpg","contentUrl":"https:\/\/dhg1h5j42swfq.cloudfront.net\/2025\/06\/03203428\/logo_concursos-1.jpg","width":230,"height":60,"caption":"Estrat\u00e9gia Concursos"},"image":{"@id":"https:\/\/www.estrategiaconcursos.com.br\/blog\/#\/schema\/logo\/image\/"},"sameAs":["https:\/\/x.com\/EstratConcursos"]},{"@type":"Person","@id":"https:\/\/www.estrategiaconcursos.com.br\/blog\/#\/schema\/person\/b5b28585a2bd4d4489d254fd4101186a","name":"Gabriel Pacheco","image":{"@type":"ImageObject","inLanguage":"pt-BR","@id":"https:\/\/secure.gravatar.com\/avatar\/23a35c73a06c7ef0272c9c54e33dd776696b8cc8a305407636b9399e3e77b0ef?s=96&d=mm&r=g","url":"https:\/\/secure.gravatar.com\/avatar\/23a35c73a06c7ef0272c9c54e33dd776696b8cc8a305407636b9399e3e77b0ef?s=96&d=mm&r=g","contentUrl":"https:\/\/secure.gravatar.com\/avatar\/23a35c73a06c7ef0272c9c54e33dd776696b8cc8a305407636b9399e3e77b0ef?s=96&d=mm&r=g","caption":"Gabriel Pacheco"},"url":"https:\/\/www.estrategiaconcursos.com.br\/blog\/author\/gabrielpachecoestrategiaconcursos-com-br\/"}]}},"_links":{"self":[{"href":"https:\/\/www.estrategiaconcursos.com.br\/blog\/wp-json\/wp\/v2\/posts\/7949","targetHints":{"allow":["GET"]}}],"collection":[{"href":"https:\/\/www.estrategiaconcursos.com.br\/blog\/wp-json\/wp\/v2\/posts"}],"about":[{"href":"https:\/\/www.estrategiaconcursos.com.br\/blog\/wp-json\/wp\/v2\/types\/post"}],"author":[{"embeddable":true,"href":"https:\/\/www.estrategiaconcursos.com.br\/blog\/wp-json\/wp\/v2\/users\/40"}],"replies":[{"embeddable":true,"href":"https:\/\/www.estrategiaconcursos.com.br\/blog\/wp-json\/wp\/v2\/comments?post=7949"}],"version-history":[{"count":1,"href":"https:\/\/www.estrategiaconcursos.com.br\/blog\/wp-json\/wp\/v2\/posts\/7949\/revisions"}],"predecessor-version":[{"id":51654,"href":"https:\/\/www.estrategiaconcursos.com.br\/blog\/wp-json\/wp\/v2\/posts\/7949\/revisions\/51654"}],"wp:attachment":[{"href":"https:\/\/www.estrategiaconcursos.com.br\/blog\/wp-json\/wp\/v2\/media?parent=7949"}],"wp:term":[{"taxonomy":"category","embeddable":true,"href":"https:\/\/www.estrategiaconcursos.com.br\/blog\/wp-json\/wp\/v2\/categories?post=7949"},{"taxonomy":"post_tag","embeddable":true,"href":"https:\/\/www.estrategiaconcursos.com.br\/blog\/wp-json\/wp\/v2\/tags?post=7949"},{"taxonomy":"tax_estado","embeddable":true,"href":"https:\/\/www.estrategiaconcursos.com.br\/blog\/wp-json\/wp\/v2\/tax_estado?post=7949"}],"curies":[{"name":"wp","href":"https:\/\/api.w.org\/{rel}","templated":true}]}}