{"id":794863,"date":"2025-08-26T14:15:00","date_gmt":"2025-08-26T17:15:00","guid":{"rendered":"https:\/\/www.estrategiaconcursos.com.br\/blog\/?p=794863"},"modified":"2026-03-20T16:57:58","modified_gmt":"2026-03-20T19:57:58","slug":"concurso-detran-am","status":"publish","type":"post","link":"https:\/\/www.estrategiaconcursos.com.br\/blog\/concurso-detran-am\/","title":{"rendered":"Concurso Detran AM: validade prorrogada por dois anos!"},"content":{"rendered":"\n<p class=\"has-medium-font-size\"><em><strong>Novo edital do concurso Detran AM \u00e9 recomendado pelo Tribunal de Contas do Amazonas!<\/strong><\/em><\/p>\n\n\n\n<p>Ap\u00f3s a homologa\u00e7\u00e3o do resultado final do <strong>concurso Detran AM<\/strong>, a validade do certame foi prorrogada por mais dois anos.  <\/p>\n\n\n\n<ul class=\"wp-block-list\">\n<li><a href=\"https:\/\/dhg1h5j42swfq.cloudfront.net\/2023\/09\/26142109\/validade-detran-am.png\" target=\"_blank\" rel=\"noreferrer noopener\"><strong>Validade prorrogada<\/strong><\/a><\/li>\n\n\n\n<li><strong><a href=\"https:\/\/dhg1h5j42swfq.cloudfront.net\/2023\/09\/05141818\/lista-homologacao.pdf\" target=\"_blank\" rel=\"noreferrer noopener nofollow\">Homologa\u00e7\u00e3o<\/a><\/strong><\/li>\n<\/ul>\n\n\n\n<p>Ao todo, foram ofertadas <strong>183 vagas<\/strong> para cargos de n\u00edveis m\u00e9dio e superior, com remunera\u00e7\u00e3o inicial de <strong>R$ 2,3 mil a R$ 5,5 mil<\/strong>. Foram registrados mais de <strong>63 mil candidatos inscritos<\/strong>.<\/p>\n\n\n\n<h3 class=\"wp-block-heading\">Edital recomendado<\/h3>\n\n\n\n<p>Al\u00e9m disso, a Corte de Contas recomendou a realiza\u00e7\u00e3o de um novo concurso para o Departamento Estadual de Tr\u00e2nsito (Detran AM).<\/p>\n\n\n\n<p>A informa\u00e7\u00e3o consta no Di\u00e1rio Oficial do Estado <a href=\"https:\/\/dhg1h5j42swfq.cloudfront.net\/2023\/02\/03213431\/tce-recomenda-novo-edital-detran-am-1.pdf\" target=\"_blank\" rel=\"noreferrer noopener nofollow\">(DOE AM)<\/a>. Com isso, surge a expectativa para que uma nova sele\u00e7\u00e3o seja realizada.<\/p>\n\n\n\n<ul style=\"background-color:#94acd5\" class=\"wp-block-list has-background\">\n<li><strong>Detran AM<\/strong><\/li>\n\n\n\n<li><strong>Banca<\/strong>: <a href=\"https:\/\/www.ibfc.org.br\/concurso\/concurso_selecionado\/390\" target=\"_blank\" rel=\"noreferrer noopener\">IBFC<\/a><\/li>\n\n\n\n<li><strong style=\"background-color: initial; color: initial;\">Vagas<\/strong><span style=\"background-color: initial; color: initial;\">: 183<\/span><\/li>\n\n\n\n<li><strong>Escolaridade:<\/strong> m\u00e9dio e superior<\/li>\n\n\n\n<li><strong>Sal\u00e1rios:<\/strong> R$ 2,3 mil a R$ 5,5 mil<\/li>\n\n\n\n<li><strong>Edital:<\/strong> <a href=\"https:\/\/dhg1h5j42swfq.cloudfront.net\/2022\/02\/25141925\/15b0d5031f038ca5499a8e6340e88a9c-2.pdf\" target=\"_blank\" rel=\"noreferrer noopener nofollow\">Detran AM 2022<\/a><\/li>\n<\/ul>\n\n\n\n<p>A fim de te deixar sempre bem informado, elaboramos este artigo com as principais informa\u00e7\u00f5es e novidades sobre o concurso. Acompanhe os t\u00f3picos abaixo e n\u00e3o perca nenhum detalhe:<\/p>\n\n\n\n<ul class=\"wp-block-list\">\n<li><a href=\"#situ\"><strong>Situa\u00e7\u00e3o atual do concurso<\/strong><\/a>\n<ul class=\"wp-block-list\">\n<li><a href=\"#tce\">Recomenda\u00e7\u00e3o TCE<\/a><\/li>\n<\/ul>\n<\/li>\n\n\n\n<li><strong><a href=\"#ultimo\">\u00daltimo concurso<\/a><\/strong>\n<ul class=\"wp-block-list\">\n<li><a href=\"#retificacoes\">Retifica\u00e7\u00f5es<\/a>\n<ul class=\"wp-block-list\">\n<li><a href=\"#suspenso\">Concurso retomado<\/a><\/li>\n<\/ul>\n<\/li>\n\n\n\n<li><a href=\"#vaga\">Cargos, vagas e remunera\u00e7\u00f5es<\/a><\/li>\n\n\n\n<li><a href=\"#concorrencia\">Concorr\u00eancia<\/a><\/li>\n\n\n\n<li><a href=\"#etapas\">Etapas do concurso<\/a><\/li>\n<\/ul>\n<\/li>\n\n\n\n<li><strong><a href=\"#h-sobre-o-detran-am\">Sobre o Detran AM<\/a><\/strong><\/li>\n\n\n\n<li><strong><a href=\"#cursos-assinatura\">Cursos e assinaturas<\/a><\/strong><\/li>\n\n\n\n<li><strong><a href=\"#ficha-tecnica\">Ficha t\u00e9cnica<\/a><\/strong><\/li>\n<\/ul>\n\n\n\n<div class=\"container\" id=\"boxes\">\n  <div class=\"row\">\n\n    <div class=\"col-sm\">\n      <div class=\"banner-adm\" id=\"box-assinatura\">\n        <h3 class=\"titulo-assinatura\">Concurso Detran AM<\/h3>\n        <p class=\"subtitulo-assinatura\">Conhe\u00e7a os cursos<\/p>\n        <div class=\"box-botao\">\n          <a class=\"btn-assinatura\" target=\"_blank\" href=\"https:\/\/www.estrategiaconcursos.com.br\/cursosPorConcurso\/departamento-de-transito-do-amazonas-detran-am\/\" role=\"button\" rel=\"noopener noreferrer\">Conhe\u00e7a mais<\/a>\n        <\/div>\n      <\/div>\n    \n    <\/div>\n\n  <\/div>\n<\/div>\n\n\n\n<h2 class=\"wp-block-heading has-background\" id=\"situ\" style=\"background-color:#94acd5\">Concurso Detran AM: situa\u00e7\u00e3o atual<\/h2>\n\n\n\n<h3 class=\"wp-block-heading\" id=\"tce\">Recomenda\u00e7\u00e3o TCE<\/h3>\n\n\n\n<p>O Tribunal de Contas do Amazonas (TCE AM) recomendou a realiza\u00e7\u00e3o de um novo concurso p\u00fablico para o Departamento Estadual (Detran AM).<\/p>\n\n\n\n<p>A publica\u00e7\u00e3o se deu no Di\u00e1rio Oficial do Estado (DOE AM). Com isso, surge a expectativa para que uma nova sele\u00e7\u00e3o seja realizada.<\/p>\n\n\n\n<ul class=\"wp-block-list\">\n<li><a href=\"https:\/\/dhg1h5j42swfq.cloudfront.net\/2023\/02\/03213431\/tce-recomenda-novo-edital-detran-am-1.pdf\" target=\"_blank\" rel=\"noreferrer noopener nofollow\">Recomenda\u00e7\u00e3o TCE<\/a><\/li>\n<\/ul>\n\n\n\n<h2 class=\"wp-block-heading has-background\" id=\"h-concurso-detran-am-informacoes-do-ultimo-edital\" style=\"background-color:#94acd5\">Concurso Detran AM: informa\u00e7\u00f5es do \u00faltimo edital<\/h2>\n\n\n\n<h3 class=\"wp-block-heading\" id=\"retificacoes\">Retifica\u00e7\u00f5es<\/h3>\n\n\n\n<ul class=\"wp-block-list\">\n<li><a href=\"https:\/\/dhg1h5j42swfq.cloudfront.net\/2022\/03\/08091423\/detran-am-retificacao.pdf\" target=\"_blank\" rel=\"noreferrer noopener nofollow\">1\u00aa Retifica\u00e7\u00e3o<\/a><\/li>\n<\/ul>\n\n\n\n<h4 class=\"wp-block-heading\" id=\"suspenso\">Concurso retomado<\/h4>\n\n\n\n<p>O concurso p\u00fablico do Departamento de Tr\u00e2nsito do Amazonas havia sido suspenso. A decis\u00e3o, assinada pelo conselheiro Mario de Mello, foi efetivada ap\u00f3s ind\u00edcios de irregularidades apontados pela Secretaria de Controle Externo da Corte de Contas. <\/p>\n\n\n\n<p>De acordo com a decis\u00e3o, foram apontadas como irregularidades a etapa do Teste de Aptid\u00e3o F\u00edsica (TAF) para Agente &#8211; n\u00e3o previsto na legisla\u00e7\u00e3o que rege a carreira; emiss\u00e3o de pareceres jur\u00eddicos pelo cargo de Analista Jur\u00eddico &#8211; em desacordo com o STF; aus\u00eancia de regulamento para nomea\u00e7\u00f5es de candidatos PcD, posse mediante procura\u00e7\u00e3o, entre outras.<\/p>\n\n\n\n<p>O Minist\u00e9rio P\u00fablico de Contas (MPC) tamb\u00e9m foi favor\u00e1vel \u00e0 medida e, entre outras a\u00e7\u00f5es, sugeriu a anula\u00e7\u00e3o das provas e restitui\u00e7\u00e3o da taxa de inscri\u00e7\u00e3o para o cargo de Analista de Tr\u00e2nsito &#8211; \u00e1rea Medicina.<\/p>\n\n\n\n<p>No dia 03 de julho de 2023, o TCE <strong>revogou integralmente a determina\u00e7\u00e3o que suspendeu o certame<\/strong>. Isso porque o Detran AM se comprometeu em seguir as recomenda\u00e7\u00f5es apresentadas pela Corte de Contas. <\/p>\n\n\n\n<h3 class=\"wp-block-heading\" id=\"vaga\">Cargos e vagas do concurso Detran AM<\/h3>\n\n\n\n<h4 class=\"wp-block-heading\" id=\"medio\">Ensino m\u00e9dio<\/h4>\n\n\n\n<figure class=\"wp-block-table is-style-stripes\"><table class=\"has-background has-fixed-layout\" style=\"background:linear-gradient(135deg,rgb(232,240,255) 3%,rgb(80,128,211) 100%)\"><thead><tr><th class=\"has-text-align-center\" data-align=\"center\">CARGO<\/th><th class=\"has-text-align-center\" data-align=\"center\">VAGAS<\/th><th class=\"has-text-align-center\" data-align=\"center\">SAL\u00c1RIO<\/th><\/tr><\/thead><tbody><tr><td class=\"has-text-align-center\" data-align=\"center\"><a href=\"https:\/\/www.estrategiaconcursos.com.br\/curso\/detran-am-tecnico-administrativo-pacote-completo-2022-pos-edital\/\" target=\"_blank\" rel=\"noreferrer noopener\">T\u00e9cnico Administrativo<\/a><\/td><td class=\"has-text-align-center\" data-align=\"center\">40<\/td><td class=\"has-text-align-center\" data-align=\"center\">R$ 2.300,00<\/td><\/tr><tr><td class=\"has-text-align-center\" data-align=\"center\">T\u00e9cnico de Inform\u00e1tica<\/td><td class=\"has-text-align-center\" data-align=\"center\">10<\/td><td class=\"has-text-align-center\" data-align=\"center\">R$ 2.300,00<\/td><\/tr><tr><td class=\"has-text-align-center\" data-align=\"center\">T\u00e9cnico Vistoriador<\/td><td class=\"has-text-align-center\" data-align=\"center\">10<\/td><td class=\"has-text-align-center\" data-align=\"center\">R$ 2.300,00<\/td><\/tr><\/tbody><\/table><figcaption class=\"wp-element-caption\">Quadro de vagas para n\u00edvel m\u00e9dio (\u00faltimo edital)<\/figcaption><\/figure>\n\n\n\n<h4 class=\"wp-block-heading\" id=\"medio\">Ensino superior<\/h4>\n\n\n\n<figure class=\"wp-block-table is-style-stripes\"><table class=\"has-background has-fixed-layout\" style=\"background:linear-gradient(135deg,rgb(226,235,255) 0%,rgb(80,128,211) 100%)\"><thead><tr><th class=\"has-text-align-center\" data-align=\"center\">CARGO<\/th><th class=\"has-text-align-center\" data-align=\"center\">VAGAS<\/th><th class=\"has-text-align-center\" data-align=\"center\">SAL\u00c1RIO<\/th><\/tr><\/thead><tbody><tr><td class=\"has-text-align-center\" data-align=\"center\">Administrador<\/td><td class=\"has-text-align-center\" data-align=\"center\">03<\/td><td class=\"has-text-align-center\" data-align=\"center\">R$ 5.500,00<\/td><\/tr><tr><td class=\"has-text-align-center\" data-align=\"center\">Contador<\/td><td class=\"has-text-align-center\" data-align=\"center\">02<\/td><td class=\"has-text-align-center\" data-align=\"center\">R$ 5.500,00<\/td><\/tr><tr><td class=\"has-text-align-center\" data-align=\"center\">Assistente Social<\/td><td class=\"has-text-align-center\" data-align=\"center\">01<\/td><td class=\"has-text-align-center\" data-align=\"center\">R$ 5.500,00<\/td><\/tr><tr><td class=\"has-text-align-center\" data-align=\"center\">M\u00e9dico<\/td><td class=\"has-text-align-center\" data-align=\"center\">02<\/td><td class=\"has-text-align-center\" data-align=\"center\">R$ 5.500,00<\/td><\/tr><tr><td class=\"has-text-align-center\" data-align=\"center\">Engenheiro \u2013 Tr\u00e2nsito<\/td><td class=\"has-text-align-center\" data-align=\"center\">01<\/td><td class=\"has-text-align-center\" data-align=\"center\">R$ 5.500,00<\/td><\/tr><tr><td class=\"has-text-align-center\" data-align=\"center\">Analista Jur\u00eddico<\/td><td class=\"has-text-align-center\" data-align=\"center\">04<\/td><td class=\"has-text-align-center\" data-align=\"center\">R$ 5.500,00<\/td><\/tr><tr><td class=\"has-text-align-center\" data-align=\"center\">Estat\u00edstico<\/td><td class=\"has-text-align-center\" data-align=\"center\">01<\/td><td class=\"has-text-align-center\" data-align=\"center\">R$ 5.500,00<\/td><\/tr><tr><td class=\"has-text-align-center\" data-align=\"center\">Pedagogo<\/td><td class=\"has-text-align-center\" data-align=\"center\">01<\/td><td class=\"has-text-align-center\" data-align=\"center\">R$ 5.500,00<\/td><\/tr><tr><td class=\"has-text-align-center\" data-align=\"center\">Psic\u00f3logo \u2013 Tr\u00e2nsito<\/td><td class=\"has-text-align-center\" data-align=\"center\">02<\/td><td class=\"has-text-align-center\" data-align=\"center\">R$ 5.500,00<\/td><\/tr><tr><td class=\"has-text-align-center\" data-align=\"center\">Analista de Sistema de Informa\u00e7\u00e3o<\/td><td class=\"has-text-align-center\" data-align=\"center\">03<\/td><td class=\"has-text-align-center\" data-align=\"center\">R$ 5.500,00<\/td><\/tr><tr><td class=\"has-text-align-center\" data-align=\"center\">Arquivista<\/td><td class=\"has-text-align-center\" data-align=\"center\">01<\/td><td class=\"has-text-align-center\" data-align=\"center\">R$ 5.500,00<\/td><\/tr><tr><td class=\"has-text-align-center\" data-align=\"center\">Designer<\/td><td class=\"has-text-align-center\" data-align=\"center\">01<\/td><td class=\"has-text-align-center\" data-align=\"center\">R$ 5.500,00<\/td><\/tr><tr><td class=\"has-text-align-center\" data-align=\"center\">Comunica\u00e7\u00e3o Social<\/td><td class=\"has-text-align-center\" data-align=\"center\">01<\/td><td class=\"has-text-align-center\" data-align=\"center\">R$ 5.500,00<\/td><\/tr><tr><td class=\"has-text-align-center\" data-align=\"center\">Arquiteto<\/td><td class=\"has-text-align-center\" data-align=\"center\">01<\/td><td class=\"has-text-align-center\" data-align=\"center\">R$ 5.500,00<\/td><\/tr><tr><td class=\"has-text-align-center\" data-align=\"center\">Economista<\/td><td class=\"has-text-align-center\" data-align=\"center\">01<\/td><td class=\"has-text-align-center\" data-align=\"center\">R$ 5.500,00<\/td><\/tr><tr><td class=\"has-text-align-center\" data-align=\"center\"><a href=\"https:\/\/www.estrategiaconcursos.com.br\/curso\/detran-am-agente-de-transito-pacote-2022-pos-edital\/\" target=\"_blank\" rel=\"noreferrer noopener\">Agente de Tr\u00e2nsito<\/a><\/td><td class=\"has-text-align-center\" data-align=\"center\">55<\/td><td class=\"has-text-align-center\" data-align=\"center\">R$ 5.500,00<\/td><\/tr><tr><td class=\"has-text-align-center\" data-align=\"center\">Perito de Acidente de Tr\u00e2nsito<\/td><td class=\"has-text-align-center\" data-align=\"center\">03<\/td><td class=\"has-text-align-center\" data-align=\"center\">R$ 5.500,00<\/td><\/tr><tr><td class=\"has-text-align-center\" data-align=\"center\">Examinador de Tr\u00e2nsito \u2013 Categoria AB<\/td><td class=\"has-text-align-center\" data-align=\"center\">07<\/td><td class=\"has-text-align-center\" data-align=\"center\">R$ 5.500,00<\/td><\/tr><tr><td class=\"has-text-align-center\" data-align=\"center\">Examinador de Tr\u00e2nsito \u2013 Categoria AD<\/td><td class=\"has-text-align-center\" data-align=\"center\">23<\/td><td class=\"has-text-align-center\" data-align=\"center\">R$ 5.500,00<\/td><\/tr><tr><td class=\"has-text-align-center\" data-align=\"center\">Examinador de Tr\u00e2nsito \u2013 Categoria AE<\/td><td class=\"has-text-align-center\" data-align=\"center\">10<\/td><td class=\"has-text-align-center\" data-align=\"center\">R$ 5.500,00<\/td><\/tr><\/tbody><\/table><figcaption class=\"wp-element-caption\">Quadro de vagas ofertadas para n\u00edvel superior (\u00faltimo edital)<\/figcaption><\/figure>\n\n\n\n<p>Foram reservadas 10% das vagas oferecidas aos candidatos portadores de defici\u00eancia nos termos da Lei Estadual n\u00ba 4.605\/2018, Lei 5.295\/2020, Lei 5.296\/2020 e altera\u00e7\u00f5es, sendo 2% destinadas aos portadores de S\u00edndrome de Down, conforme disp\u00f5e a Lei n\u00ba 4333 de 30\/05\/2016.<\/p>\n\n\n\n<p>A jornada de trabalho dos servidores p\u00fablicos do Detran AM ser\u00e1 de 08 (oito) horas di\u00e1rias, at\u00e9 o limite de 40 (quarenta) horas semanais, ressalvadas as jornadas previstas em legisla\u00e7\u00e3o espec\u00edfica.<\/p>\n\n\n\n<h3 class=\"wp-block-heading\" id=\"municipios-de-lotacao\">Munic\u00edpios de lota\u00e7\u00e3o<\/h3>\n\n\n\n<div class=\"wp-block-columns is-layout-flex wp-container-core-columns-is-layout-28f84493 wp-block-columns-is-layout-flex\">\n<div class=\"wp-block-column is-layout-flow wp-block-column-is-layout-flow\">\n<ul class=\"wp-block-list\">\n<li>Apu\u00ed<\/li>\n\n\n\n<li>Autazes<\/li>\n\n\n\n<li>Barcelos<\/li>\n\n\n\n<li>Boca do Acre<\/li>\n\n\n\n<li>Carauar\u00ed<\/li>\n\n\n\n<li>Careiro Castanho<\/li>\n\n\n\n<li>Coari<\/li>\n\n\n\n<li>Eirunep\u00e9<\/li>\n\n\n\n<li>Guajar\u00e1<\/li>\n\n\n\n<li>Humait\u00e1<\/li>\n\n\n\n<li> Iranduba<\/li>\n\n\n\n<li>Itacoatiara<\/li>\n\n\n\n<li>Itapiranga<\/li>\n\n\n\n<li> Juru\u00e1<\/li>\n<\/ul>\n<\/div>\n\n\n\n<div class=\"wp-block-column is-layout-flow wp-block-column-is-layout-flow\">\n<ul class=\"wp-block-list\">\n<li>L\u00e1brea<\/li>\n\n\n\n<li>Manacapuru<\/li>\n\n\n\n<li>Manaus<\/li>\n\n\n\n<li>Manaquiri<\/li>\n\n\n\n<li>Manicor\u00e9<\/li>\n\n\n\n<li>Mau\u00e9s<\/li>\n\n\n\n<li>Nova Olinda do Norte<\/li>\n\n\n\n<li>Novo Air\u00e3o<\/li>\n\n\n\n<li>Parintins<\/li>\n\n\n\n<li>Presidente Figueiredo<\/li>\n\n\n\n<li>Rio Reto da Eva<\/li>\n\n\n\n<li>S\u00e3o Gabriel da Cachoeira<\/li>\n\n\n\n<li>Tabatinga<\/li>\n\n\n\n<li>Tef\u00e9<\/li>\n<\/ul>\n<\/div>\n<\/div>\n\n\n\n<h3 class=\"wp-block-heading\" id=\"concorrencia\">Concorr\u00eancia<\/h3>\n\n\n\n<ul class=\"wp-block-list\">\n<li>T\u00e9cnico Administrativo &#8211; 35.754 inscritos (893,85&nbsp;candidatos x vaga);<\/li>\n\n\n\n<li>Agente de Tr\u00e2nsito &#8211; 11.338 inscritos (206,14&nbsp;candidatos x vaga);<\/li>\n\n\n\n<li>T\u00e9cnico Vistoriador de Ve\u00edculos &#8211; 4.400 inscritos (440&nbsp;candidatos x vaga);<\/li>\n\n\n\n<li>M\u00e9dico (Medicina de Tr\u00e1fego) &#8211; 15 inscritos&nbsp;(7,5&nbsp;candidatos x vaga).<\/li>\n<\/ul>\n\n\n\n<p>N\u00e3o foram divulgados dados relativos aos demais cargos. <\/p>\n\n\n\n<h3 class=\"wp-block-heading\" id=\"etapas\">Etapas do concurso Detran AM<\/h3>\n\n\n\n<p>O concurso Detran AM foi composto pelas seguintes etapas: <\/p>\n\n\n\n<ol class=\"wp-block-list\">\n<li><strong>Provas Objetiva<\/strong> &#8211; para todos os cargos;<\/li>\n\n\n\n<li><strong>Prova Discursiva<\/strong> &#8211; aos cargos de n\u00edvel superior;<\/li>\n\n\n\n<li><strong>Avalia\u00e7\u00e3o de T\u00edtulos<\/strong> &#8211; aos cargos de n\u00edvel superior;<\/li>\n\n\n\n<li><strong>Teste de Aptid\u00e3o F\u00edsica<\/strong> &#8211; apenas para Agente de Tr\u00e2nsito.<\/li>\n<\/ol>\n\n\n\n<h3 class=\"wp-block-heading\" id=\"prova-objetiva\">Prova Objetiva<\/h3>\n\n\n\n<p>A Prova Objetiva, de car\u00e1ter eliminat\u00f3rio e classificat\u00f3rio, foi constitu\u00edda por 60 quest\u00f5es do tipo m\u00faltipla escolha.<\/p>\n\n\n\n<p>A etapa foi realizada nos munic\u00edpios de Manaus, Eirunep\u00e9, Humait\u00e1, Parintins, Tabatinga e Tef\u00e9, todas no estado do Amazonas.<\/p>\n\n\n\n<figure class=\"wp-block-image aligncenter size-full\"><img loading=\"lazy\" decoding=\"async\" width=\"632\" height=\"349\" src=\"https:\/\/dhg1h5j42swfq.cloudfront.net\/2022\/02\/25140551\/image-495.png\" alt=\"Quadro de detalhes das Provas Objetivas\" class=\"wp-image-978005\" srcset=\"https:\/\/dhg1h5j42swfq.cloudfront.net\/2022\/02\/25140551\/image-495.png 632w, https:\/\/dhg1h5j42swfq.cloudfront.net\/2022\/02\/25140551\/image-495-300x166.png 300w, https:\/\/dhg1h5j42swfq.cloudfront.net\/2022\/02\/25140551\/image-495-610x337.png 610w\" sizes=\"auto, (max-width: 632px) 100vw, 632px\" \/><figcaption class=\"wp-element-caption\">Quadro de provas do concurso Detran AM<\/figcaption><\/figure>\n\n\n\n<p>A Prova Objetiva foi avaliada na escala de 0 a 80 pontos, considerando-se aprovado o candidato que nela obteve nota igual ou superior a 40 pontos.<\/p>\n\n\n\n<h3 class=\"wp-block-heading\" id=\"prova-objetiva\">Prova Discursiva<\/h3>\n\n\n\n<p>A Prova Discursiva do concurso Detran AM, de car\u00e1ter eliminat\u00f3rio e classificat\u00f3rio, foi avaliada na escala de 0 a 20 pontos, considerando-se habilitado o candidato que nela obtivesse nota igual ou superior a 10 pontos.<\/p>\n\n\n\n<p>A etapa foi constitu\u00edda por 1 Reda\u00e7\u00e3o. Para a Reda\u00e7\u00e3o, o candidato precisou redigir no m\u00ednimo 20 e no m\u00e1ximo 30 linhas, conforme crit\u00e9rios de corre\u00e7\u00e3o a seguir:<\/p>\n\n\n\n<ul class=\"wp-block-list\">\n<li>Conhecimento do tema (cobertura dos t\u00f3picos apresentados: dom\u00ednio e interrela\u00e7\u00e3o entre os conceitos centrais do tema proposto) &#8211; <strong>4 pontos<\/strong> no m\u00e1ximo;<\/li>\n\n\n\n<li>Habilidade argumentativa (atualiza\u00e7\u00e3o, originalidade e relev\u00e2ncia das informa\u00e7\u00f5es) &#8211; <strong>4 pontos<\/strong> no m\u00e1ximo;<\/li>\n\n\n\n<li>Sequ\u00eancia l\u00f3gica e de organiza\u00e7\u00e3o do pensamento (introdu\u00e7\u00e3o, desenvolvimento e considera\u00e7\u00f5es finais) &#8211; <strong>4 pontos<\/strong> no m\u00e1ximo;<\/li>\n\n\n\n<li>Coer\u00eancia e Coes\u00e3o (pontua\u00e7\u00e3o, continuidade e progress\u00e3o de ideias, uso apropriado de articuladores) &#8211; <strong>3 pontos<\/strong> no m\u00e1ximo;<\/li>\n\n\n\n<li>Morfossintaxe (rela\u00e7\u00e3o entre as palavras, concord\u00e2ncia verbal e nominal, reg\u00eancia verbal e nominal, organiza\u00e7\u00e3o e estrutura\u00e7\u00e3o dos per\u00edodos e ora\u00e7\u00f5es, emprego dos tempos e modos verbais e coloca\u00e7\u00e3o de pronome) &#8211; <strong>3 pontos<\/strong> no m\u00e1ximo;<\/li>\n\n\n\n<li>Acentua\u00e7\u00e3o e ortografia &#8211; <strong>2 pontos<\/strong> no m\u00e1ximo.<\/li>\n<\/ul>\n\n\n\n<h3 class=\"wp-block-heading\" id=\"prova-objetiva\">Teste de Aptid\u00e3o F\u00edsica<\/h3>\n\n\n\n<p>O Teste de Aptid\u00e3o F\u00edsica (TAF) foi <strong>exclusivo para o cargo de Agente de Tr\u00e2nsito<\/strong> e teve por objetivo avaliar a agilidade, resist\u00eancia muscular e aer\u00f3bica do candidato, consideradas indispens\u00e1veis ao exerc\u00edcio de suas atividades.<\/p>\n\n\n\n<p><strong>Exerc\u00edcios cobrados:<\/strong><\/p>\n\n\n\n<ul class=\"wp-block-list\">\n<li>Flex\u00e3o;<\/li>\n\n\n\n<li>Abdominal;<\/li>\n\n\n\n<li>Corrida &#8211; 12 minutos.<\/li>\n<\/ul>\n\n\n\n<h3 class=\"wp-block-heading\" id=\"prova-objetiva\">Avalia\u00e7\u00e3o de T\u00edtulos<\/h3>\n\n\n\n<p>Os candidatos aos cargos de n\u00edvel superior tiveram que fazer o envio dos documentos da Prova de T\u00edtulos, via link espec\u00edfico no site do IBFC, no per\u00edodo das 9h do dia 25 de abril \u00e0s 16h de 27 de abril.<\/p>\n\n\n\n<p>Esta etapa do concurso Detran AM foi avaliada na escala de 0 a 3 pontos, conforme o quadro a seguir:<\/p>\n\n\n\n<figure class=\"wp-block-image aligncenter size-full\"><img loading=\"lazy\" decoding=\"async\" width=\"656\" height=\"205\" src=\"https:\/\/dhg1h5j42swfq.cloudfront.net\/2022\/02\/25141607\/image-496.png\" alt=\"Tabela de atribui\u00e7\u00e3o de pontos na Avalia\u00e7\u00e3o de T\u00edtulos\" class=\"wp-image-978008\" srcset=\"https:\/\/dhg1h5j42swfq.cloudfront.net\/2022\/02\/25141607\/image-496.png 656w, https:\/\/dhg1h5j42swfq.cloudfront.net\/2022\/02\/25141607\/image-496-300x94.png 300w, https:\/\/dhg1h5j42swfq.cloudfront.net\/2022\/02\/25141607\/image-496-610x191.png 610w\" sizes=\"auto, (max-width: 656px) 100vw, 656px\" \/><figcaption class=\"wp-element-caption\">Quadro de t\u00edtulos do concurso Detran AM<\/figcaption><\/figure>\n\n\n\n<h2 class=\"wp-block-heading has-background\" id=\"h-sobre-o-detran-am\" style=\"background-color:#94acd5\">Sobre o Detran AM<\/h2>\n\n\n\n<p>A finalidade do Departamento de Tr\u00e2nsito do Amazonas \u00e9 planejar, coordenar, fiscalizar e executar a Pol\u00edtica Estadual de Tr\u00e2nsito. O objetivo principal \u00e9 preservar a vida e garantir um tr\u00e2nsito seguro. Al\u00e9m disso, a Institui\u00e7\u00e3o busca prestar  servi\u00e7os de excel\u00eancia \u00e0 popula\u00e7\u00e3o local.<\/p>\n\n\n\n<p>De acordo com o C\u00f3digo de Tr\u00e2nsito Brasileiro \u00e9 atribui\u00e7\u00e3o do Detran:<\/p>\n\n\n\n<ul class=\"wp-block-list\">\n<li>cumprir e fazer cumprir a legisla\u00e7\u00e3o e as normas de tr\u00e2nsito, no \u00e2mbito das respectivas atribui\u00e7\u00f5es;<\/li>\n\n\n\n<li>realizar, fiscalizar e controlar o processo de forma\u00e7\u00e3o, aperfei\u00e7oamento, reciclagem e suspens\u00e3o de condutores, expedir e cassar Licen\u00e7a de Aprendizagem, Permiss\u00e3o para Dirigir e Carteira Nacional de Habilita\u00e7\u00e3o, mediante delega\u00e7\u00e3o do \u00f3rg\u00e3o federal competente;<\/li>\n\n\n\n<li>vistoriar, inspecionar quanto \u00e0s condi\u00e7\u00f5es de seguran\u00e7a veicular, registrar, emplacar, selar a placa, e licenciar ve\u00edculos, expedindo o Certificado de Registro e o Licenciamento Anual, mediante delega\u00e7\u00e3o do \u00f3rg\u00e3o federal competente;<\/li>\n\n\n\n<li>estabelecer, em conjunto com as Pol\u00edcias Militares, as diretrizes para o policiamento ostensivo de tr\u00e2nsito;<\/li>\n\n\n\n<li>executar a fiscaliza\u00e7\u00e3o de tr\u00e2nsito, autuar e aplicar as medidas administrativas cab\u00edveis pelas infra\u00e7\u00f5es previstas no C\u00f3digo de Tr\u00e2nsito Brasileiro;<\/li>\n\n\n\n<li>aplicar as penalidades por infra\u00e7\u00f5es previstas no C\u00f3digo de Tr\u00e2nsito Brasileiro;<\/li>\n\n\n\n<li>arrecadar valores provenientes de estada e remo\u00e7\u00e3o de ve\u00edculos e objetos;<\/li>\n\n\n\n<li>comunicar ao \u00f3rg\u00e3o executivo de tr\u00e2nsito da Uni\u00e3o a suspens\u00e3o e a cassa\u00e7\u00e3o do direito de dirigir e o recolhimento da Carteira Nacional de Habilita\u00e7\u00e3o;<\/li>\n\n\n\n<li>coletar dados estat\u00edsticos e elaborar estudos sobre acidentes de tr\u00e2nsito e suas causas;<\/li>\n\n\n\n<li>credenciar \u00f3rg\u00e3os ou entidades para a execu\u00e7\u00e3o de atividades previstas na legisla\u00e7\u00e3o de tr\u00e2nsito, na forma estabelecida em norma do CONTRAN;<\/li>\n\n\n\n<li>implementar as medidas da Pol\u00edtica Nacional de Tr\u00e2nsito e do Programa Nacional de Tr\u00e2nsito;<\/li>\n\n\n\n<li>promover e participar de projetos e programas de educa\u00e7\u00e3o e seguran\u00e7a de tr\u00e2nsito de acordo com as diretrizes estabelecidas pelo CONTRAN;<\/li>\n\n\n\n<li>integrar-se a outros \u00f3rg\u00e3os e entidades do Sistema Nacional de Tr\u00e2nsito para fins de arrecada\u00e7\u00e3o e compensa\u00e7\u00e3o de multas impostas na \u00e1rea de sua compet\u00eancia, com vistas \u00e0 unifica\u00e7\u00e3o do licenciamento, \u00e0 simplifica\u00e7\u00e3o e \u00e0 celeridade das transfer\u00eancias de ve\u00edculos e de prontu\u00e1rios de condutores de uma para outra unidade da Federa\u00e7\u00e3o;<\/li>\n\n\n\n<li>fornecer, aos \u00f3rg\u00e3os e entidades executivos de tr\u00e2nsito e executivos rodovi\u00e1rios municipais, os dados cadastrais dos ve\u00edculos registrados e dos condutores habilitados, para fins de imposi\u00e7\u00e3o e notifica\u00e7\u00e3o de penalidades e de arrecada\u00e7\u00e3o de multas nas \u00e1reas de suas compet\u00eancias;<\/li>\n\n\n\n<li>fiscalizar o n\u00edvel de emiss\u00e3o de poluentes e ru\u00eddo produzidos pelos ve\u00edculos automotores ou pela sua carga, de acordo com o estabelecido no art. 66, al\u00e9m de dar apoio, quando solicitado, \u00e0s a\u00e7\u00f5es espec\u00edficas dos \u00f3rg\u00e3os ambientais locais;<\/li>\n\n\n\n<li>articular-se com os demais \u00f3rg\u00e3os do Sistema Nacional de Tr\u00e2nsito no Estado, sob coordena\u00e7\u00e3o do respectivo Cetran.<\/li>\n<\/ul>\n\n\n\n<hr class=\"wp-block-separator has-css-opacity\"\/>\n\n\n\n<h2 class=\"wp-block-heading has-text-align-center\" id=\"h-quer-saber-tudo-sobre-concursos-previstos-confira-nossos-artigos\">Quer saber tudo sobre concursos previstos?<br \/>Confira nossos artigos!<\/h2>\n\n\n\n<ul class=\"wp-block-list\">\n<li><a href=\"https:\/\/www.estrategiaconcursos.com.br\/blog\/concursos-abertos\/\" target=\"_blank\" rel=\"noreferrer noopener\">Concursos abertos<\/a><\/li>\n\n\n\n<li><a href=\"https:\/\/www.estrategiaconcursos.com.br\/blog\/concurso-administrativos\/\">Concursos administrativos<\/a><\/li>\n\n\n\n<li><a href=\"https:\/\/www.estrategiaconcursos.com.br\/blog\/concursos-2025\/\" target=\"_blank\" rel=\"noreferrer noopener\">Concursos 2025<\/a><\/li>\n\n\n\n<li><a href=\"https:\/\/www.estrategiaconcursos.com.br\/blog\/concursos-2026\/\" target=\"_blank\" rel=\"noreferrer noopener\">Concursos 2026<\/a><\/li>\n<\/ul>\n\n\n\n<h2 class=\"wp-block-heading has-text-align-center\" id=\"cursos-assinatura\">Quer estudar para o concurso Detran AM?<\/h2>\n\n\n\n<div class=\"container\" id=\"boxes\">\n  <div class=\"row\">\n\n    <div class=\"col-sm\">\n      <div class=\"banner-adm\" id=\"box-assinatura\">\n        <h3 class=\"titulo-assinatura\">Concurso Detran AM<\/h3>\n        <p class=\"subtitulo-assinatura\">Conhe\u00e7a os cursos<\/p>\n        <div class=\"box-botao\">\n          <a class=\"btn-assinatura\" target=\"_blank\" href=\"https:\/\/www.estrategiaconcursos.com.br\/cursosPorConcurso\/departamento-de-transito-do-amazonas-detran-am\/\" role=\"button\" rel=\"noopener noreferrer\">Conhe\u00e7a mais<\/a>\n        <\/div>\n      <\/div>\n    \n    <\/div>\n\n  <\/div>\n<\/div>\n\n\n\n<div class=\"container\" id=\"boxes\">\n  <div class=\"row\">\n\n    <div class=\"col-sm\">\n      <div class=\"estrategia\" id=\"box-assinatura\">\n        <h3 class=\"titulo-assinatura\">Assinatura de Concursos<\/h3>\n        <p class=\"subtitulo-assinatura\">Assinatura de 1 ano ou 2 anos<\/p>\n        <div class=\"box-botao\">\n          <a class=\"btn-assinatura\" target=\"_blank\" href=\"https:\/\/www.estrategiaconcursos.com.br\/assinaturas\/\" role=\"button\" rel=\"noopener noreferrer\">ASSINE AGORA<\/a>\n        <\/div>\n      <\/div>\n     \n    <\/div><\/div><\/div>\n\n\n\n<figure class=\"wp-block-image is-resized\"><img loading=\"lazy\" decoding=\"async\" width=\"1024\" height=\"632\" src=\"https:\/\/dhg1h5j42swfq.cloudfront.net\/2021\/05\/12090306\/ficha-tecnica-26-1024x632.png\" alt=\"concurso Detran AM\" class=\"wp-image-738252\" style=\"width:242px;height:149px\" srcset=\"https:\/\/dhg1h5j42swfq.cloudfront.net\/2021\/05\/12090306\/ficha-tecnica-26-1024x632.png 1024w, https:\/\/dhg1h5j42swfq.cloudfront.net\/2021\/05\/12090306\/ficha-tecnica-26-300x185.png 300w, https:\/\/dhg1h5j42swfq.cloudfront.net\/2021\/05\/12090306\/ficha-tecnica-26-768x474.png 768w, https:\/\/dhg1h5j42swfq.cloudfront.net\/2021\/05\/12090306\/ficha-tecnica-26-1536x948.png 1536w, https:\/\/dhg1h5j42swfq.cloudfront.net\/2021\/05\/12090306\/ficha-tecnica-26-610x377.png 610w, https:\/\/dhg1h5j42swfq.cloudfront.net\/2021\/05\/12090306\/ficha-tecnica-26.png 1571w\" sizes=\"auto, (max-width: 1024px) 100vw, 1024px\" \/><\/figure>\n\n\n\n<h3 class=\"wp-block-heading\" id=\"ficha-tecnica\">Informa\u00e7\u00f5es do concurso Detran AM<\/h3>\n\n\n\n<ul class=\"wp-block-list\">\n<li><strong>Vagas<\/strong>:&nbsp;183<\/li>\n\n\n\n<li><strong style=\"color: initial;\">Cargos<\/strong><span style=\"color: initial;\">: V\u00e1rios<\/span><\/li>\n\n\n\n<li><strong>Banca<\/strong>: IBFC<\/li>\n\n\n\n<li><strong>Escolaridade: <\/strong>n\u00edveis m\u00e9dio e superior<\/li>\n\n\n\n<li><strong>Edital:<\/strong> <a href=\"https:\/\/dhg1h5j42swfq.cloudfront.net\/2022\/02\/25141925\/15b0d5031f038ca5499a8e6340e88a9c-2.pdf\" target=\"_blank\" rel=\"noreferrer noopener nofollow\">Detran AM 2022<\/a><\/li>\n<\/ul>\n","protected":false},"excerpt":{"rendered":"<p>Novo edital do concurso Detran AM \u00e9 recomendado pelo Tribunal de Contas do Amazonas! Ap\u00f3s a homologa\u00e7\u00e3o do resultado final do concurso Detran AM, a validade do certame foi prorrogada por mais dois anos. Ao todo, foram ofertadas 183 vagas para cargos de n\u00edveis m\u00e9dio e superior, com remunera\u00e7\u00e3o inicial de R$ 2,3 mil a [&hellip;]<\/p>\n","protected":false},"author":1,"featured_media":853816,"comment_status":"open","ping_status":"closed","sticky":false,"template":"","format":"standard","meta":{"post_tipo":"news_page","footnotes":""},"categories":[214992],"tags":[],"tax_estado":[219966],"class_list":["post-794863","post","type-post","status-publish","format-standard","has-post-thumbnail","hentry","category-concursos-administrativos","tax_estado-am"],"acf":[],"yoast_head":"<!-- This site is optimized with the Yoast SEO Premium plugin v27.2 (Yoast SEO v27.2) - https:\/\/yoast.com\/product\/yoast-seo-premium-wordpress\/ -->\n<title>Concurso Detran AM: validade prorrogada por dois anos!<\/title>\n<meta name=\"description\" content=\"Concurso Detran AM: homologa\u00e7\u00e3o do resultado final \u00e9 divulgada. Validade \u00e9 prorrogada at\u00e9 2027. TCE AM recomenda novo edital!\" \/>\n<meta name=\"robots\" content=\"index, follow, max-snippet:-1, max-image-preview:large, max-video-preview:-1\" \/>\n<link rel=\"canonical\" href=\"https:\/\/www.estrategiaconcursos.com.br\/blog\/concurso-detran-am\/\" \/>\n<meta property=\"og:locale\" content=\"pt_BR\" \/>\n<meta property=\"og:type\" content=\"article\" \/>\n<meta property=\"og:title\" content=\"Concurso Detran AM: validade prorrogada por dois anos!\" \/>\n<meta property=\"og:description\" content=\"Concurso Detran AM: homologa\u00e7\u00e3o do resultado final \u00e9 divulgada. Validade \u00e9 prorrogada at\u00e9 2027. TCE AM recomenda novo edital!\" \/>\n<meta property=\"og:url\" content=\"https:\/\/www.estrategiaconcursos.com.br\/blog\/concurso-detran-am\/\" \/>\n<meta property=\"og:site_name\" content=\"Estrat\u00e9gia Concursos\" \/>\n<meta property=\"article:author\" content=\"https:\/\/www.facebook.com\/EstrategiaConcursos\" \/>\n<meta property=\"article:published_time\" content=\"2025-08-26T17:15:00+00:00\" \/>\n<meta property=\"article:modified_time\" content=\"2026-03-20T19:57:58+00:00\" \/>\n<meta property=\"og:image\" content=\"https:\/\/dhg1h5j42swfq.cloudfront.net\/2021\/09\/03173348\/detran-am.jpg\" \/>\n\t<meta property=\"og:image:width\" content=\"768\" \/>\n\t<meta property=\"og:image:height\" content=\"432\" \/>\n\t<meta property=\"og:image:type\" content=\"image\/jpeg\" \/>\n<meta name=\"author\" content=\"Coordena\u00e7\u00e3o\" \/>\n<meta name=\"twitter:card\" content=\"summary_large_image\" \/>\n<meta name=\"twitter:creator\" content=\"@EstratConcursos\" \/>\n<meta name=\"twitter:site\" content=\"@EstratConcursos\" \/>\n<meta name=\"twitter:label1\" content=\"Escrito por\" \/>\n\t<meta name=\"twitter:data1\" content=\"Coordena\u00e7\u00e3o\" \/>\n\t<meta name=\"twitter:label2\" content=\"Est. tempo de leitura\" \/>\n\t<meta name=\"twitter:data2\" content=\"9 minutos\" \/>\n<script type=\"application\/ld+json\" class=\"yoast-schema-graph\">{\"@context\":\"https:\/\/schema.org\",\"@graph\":[{\"@type\":\"NewsArticle\",\"@id\":\"https:\/\/www.estrategiaconcursos.com.br\/blog\/concurso-detran-am\/#article\",\"isPartOf\":{\"@id\":\"https:\/\/www.estrategiaconcursos.com.br\/blog\/concurso-detran-am\/\"},\"author\":{\"name\":\"Coordena\u00e7\u00e3o\",\"@id\":\"https:\/\/www.estrategiaconcursos.com.br\/blog\/#\/schema\/person\/b4a388c97673c5f483d72185668afa1f\"},\"headline\":\"Concurso Detran AM: validade prorrogada por dois anos!\",\"datePublished\":\"2025-08-26T17:15:00+00:00\",\"dateModified\":\"2026-03-20T19:57:58+00:00\",\"mainEntityOfPage\":{\"@id\":\"https:\/\/www.estrategiaconcursos.com.br\/blog\/concurso-detran-am\/\"},\"wordCount\":1846,\"commentCount\":0,\"publisher\":{\"@id\":\"https:\/\/www.estrategiaconcursos.com.br\/blog\/#organization\"},\"image\":{\"@id\":\"https:\/\/www.estrategiaconcursos.com.br\/blog\/concurso-detran-am\/#primaryimage\"},\"thumbnailUrl\":\"https:\/\/dhg1h5j42swfq.cloudfront.net\/2021\/09\/03173348\/detran-am.jpg\",\"articleSection\":[\"Executivo (Administrativa)\"],\"inLanguage\":\"pt-BR\",\"potentialAction\":[{\"@type\":\"CommentAction\",\"name\":\"Comment\",\"target\":[\"https:\/\/www.estrategiaconcursos.com.br\/blog\/concurso-detran-am\/#respond\"]}],\"copyrightYear\":\"2025\",\"copyrightHolder\":{\"@id\":\"https:\/\/www.estrategiaconcursos.com.br\/blog\/#organization\"}},{\"@type\":\"WebPage\",\"@id\":\"https:\/\/www.estrategiaconcursos.com.br\/blog\/concurso-detran-am\/\",\"url\":\"https:\/\/www.estrategiaconcursos.com.br\/blog\/concurso-detran-am\/\",\"name\":\"Concurso Detran AM: validade prorrogada por dois anos!\",\"isPartOf\":{\"@id\":\"https:\/\/www.estrategiaconcursos.com.br\/blog\/#website\"},\"primaryImageOfPage\":{\"@id\":\"https:\/\/www.estrategiaconcursos.com.br\/blog\/concurso-detran-am\/#primaryimage\"},\"image\":{\"@id\":\"https:\/\/www.estrategiaconcursos.com.br\/blog\/concurso-detran-am\/#primaryimage\"},\"thumbnailUrl\":\"https:\/\/dhg1h5j42swfq.cloudfront.net\/2021\/09\/03173348\/detran-am.jpg\",\"datePublished\":\"2025-08-26T17:15:00+00:00\",\"dateModified\":\"2026-03-20T19:57:58+00:00\",\"description\":\"Concurso Detran AM: homologa\u00e7\u00e3o do resultado final \u00e9 divulgada. Validade \u00e9 prorrogada at\u00e9 2027. TCE AM recomenda novo edital!\",\"breadcrumb\":{\"@id\":\"https:\/\/www.estrategiaconcursos.com.br\/blog\/concurso-detran-am\/#breadcrumb\"},\"inLanguage\":\"pt-BR\",\"potentialAction\":[{\"@type\":\"ReadAction\",\"target\":[\"https:\/\/www.estrategiaconcursos.com.br\/blog\/concurso-detran-am\/\"]}]},{\"@type\":\"ImageObject\",\"inLanguage\":\"pt-BR\",\"@id\":\"https:\/\/www.estrategiaconcursos.com.br\/blog\/concurso-detran-am\/#primaryimage\",\"url\":\"https:\/\/dhg1h5j42swfq.cloudfront.net\/2021\/09\/03173348\/detran-am.jpg\",\"contentUrl\":\"https:\/\/dhg1h5j42swfq.cloudfront.net\/2021\/09\/03173348\/detran-am.jpg\",\"width\":768,\"height\":432,\"caption\":\"concurso detran am\"},{\"@type\":\"BreadcrumbList\",\"@id\":\"https:\/\/www.estrategiaconcursos.com.br\/blog\/concurso-detran-am\/#breadcrumb\",\"itemListElement\":[{\"@type\":\"ListItem\",\"position\":1,\"name\":\"In\u00edcio\",\"item\":\"https:\/\/www.estrategiaconcursos.com.br\/blog\/\"},{\"@type\":\"ListItem\",\"position\":2,\"name\":\"Concurso Detran AM: validade prorrogada por dois anos!\"}]},{\"@type\":\"WebSite\",\"@id\":\"https:\/\/www.estrategiaconcursos.com.br\/blog\/#website\",\"url\":\"https:\/\/www.estrategiaconcursos.com.br\/blog\/\",\"name\":\"Estrat\u00e9gia Concursos\",\"description\":\"O blog da Estrat\u00e9gia Concursos traz not\u00edcias sobre concursos e artigos de professores oferecendo cursos para concursos (pdf + videaulas) no site.\",\"publisher\":{\"@id\":\"https:\/\/www.estrategiaconcursos.com.br\/blog\/#organization\"},\"potentialAction\":[{\"@type\":\"SearchAction\",\"target\":{\"@type\":\"EntryPoint\",\"urlTemplate\":\"https:\/\/www.estrategiaconcursos.com.br\/blog\/?s={search_term_string}\"},\"query-input\":{\"@type\":\"PropertyValueSpecification\",\"valueRequired\":true,\"valueName\":\"search_term_string\"}}],\"inLanguage\":\"pt-BR\"},{\"@type\":\"Organization\",\"@id\":\"https:\/\/www.estrategiaconcursos.com.br\/blog\/#organization\",\"name\":\"Estrat\u00e9gia Concursos\",\"url\":\"https:\/\/www.estrategiaconcursos.com.br\/blog\/\",\"logo\":{\"@type\":\"ImageObject\",\"inLanguage\":\"pt-BR\",\"@id\":\"https:\/\/www.estrategiaconcursos.com.br\/blog\/#\/schema\/logo\/image\/\",\"url\":\"https:\/\/dhg1h5j42swfq.cloudfront.net\/2025\/06\/03203428\/logo_concursos-1.jpg\",\"contentUrl\":\"https:\/\/dhg1h5j42swfq.cloudfront.net\/2025\/06\/03203428\/logo_concursos-1.jpg\",\"width\":230,\"height\":60,\"caption\":\"Estrat\u00e9gia Concursos\"},\"image\":{\"@id\":\"https:\/\/www.estrategiaconcursos.com.br\/blog\/#\/schema\/logo\/image\/\"},\"sameAs\":[\"https:\/\/x.com\/EstratConcursos\"]},{\"@type\":\"Person\",\"@id\":\"https:\/\/www.estrategiaconcursos.com.br\/blog\/#\/schema\/person\/b4a388c97673c5f483d72185668afa1f\",\"name\":\"Coordena\u00e7\u00e3o\",\"image\":{\"@type\":\"ImageObject\",\"inLanguage\":\"pt-BR\",\"@id\":\"https:\/\/secure.gravatar.com\/avatar\/b720319e4c9a967eb58678d110f4fe35452fc5d5f97b202bac7b8acceb18c6ad?s=96&d=mm&r=g\",\"url\":\"https:\/\/secure.gravatar.com\/avatar\/b720319e4c9a967eb58678d110f4fe35452fc5d5f97b202bac7b8acceb18c6ad?s=96&d=mm&r=g\",\"contentUrl\":\"https:\/\/secure.gravatar.com\/avatar\/b720319e4c9a967eb58678d110f4fe35452fc5d5f97b202bac7b8acceb18c6ad?s=96&d=mm&r=g\",\"caption\":\"Coordena\u00e7\u00e3o\"},\"sameAs\":[\"https:\/\/www.facebook.com\/EstrategiaConcursos\",\"https:\/\/x.com\/EstratConcursos\"],\"url\":\"https:\/\/www.estrategiaconcursos.com.br\/blog\/author\/estrategia2013\/\"}]}<\/script>\n<!-- \/ Yoast SEO Premium plugin. -->","yoast_head_json":{"title":"Concurso Detran AM: validade prorrogada por dois anos!","description":"Concurso Detran AM: homologa\u00e7\u00e3o do resultado final \u00e9 divulgada. Validade \u00e9 prorrogada at\u00e9 2027. TCE AM recomenda novo edital!","robots":{"index":"index","follow":"follow","max-snippet":"max-snippet:-1","max-image-preview":"max-image-preview:large","max-video-preview":"max-video-preview:-1"},"canonical":"https:\/\/www.estrategiaconcursos.com.br\/blog\/concurso-detran-am\/","og_locale":"pt_BR","og_type":"article","og_title":"Concurso Detran AM: validade prorrogada por dois anos!","og_description":"Concurso Detran AM: homologa\u00e7\u00e3o do resultado final \u00e9 divulgada. Validade \u00e9 prorrogada at\u00e9 2027. TCE AM recomenda novo edital!","og_url":"https:\/\/www.estrategiaconcursos.com.br\/blog\/concurso-detran-am\/","og_site_name":"Estrat\u00e9gia Concursos","article_author":"https:\/\/www.facebook.com\/EstrategiaConcursos","article_published_time":"2025-08-26T17:15:00+00:00","article_modified_time":"2026-03-20T19:57:58+00:00","og_image":[{"width":768,"height":432,"url":"https:\/\/dhg1h5j42swfq.cloudfront.net\/2021\/09\/03173348\/detran-am.jpg","type":"image\/jpeg"}],"author":"Coordena\u00e7\u00e3o","twitter_card":"summary_large_image","twitter_creator":"@EstratConcursos","twitter_site":"@EstratConcursos","twitter_misc":{"Escrito por":"Coordena\u00e7\u00e3o","Est. tempo de leitura":"9 minutos"},"schema":{"@context":"https:\/\/schema.org","@graph":[{"@type":"NewsArticle","@id":"https:\/\/www.estrategiaconcursos.com.br\/blog\/concurso-detran-am\/#article","isPartOf":{"@id":"https:\/\/www.estrategiaconcursos.com.br\/blog\/concurso-detran-am\/"},"author":{"name":"Coordena\u00e7\u00e3o","@id":"https:\/\/www.estrategiaconcursos.com.br\/blog\/#\/schema\/person\/b4a388c97673c5f483d72185668afa1f"},"headline":"Concurso Detran AM: validade prorrogada por dois anos!","datePublished":"2025-08-26T17:15:00+00:00","dateModified":"2026-03-20T19:57:58+00:00","mainEntityOfPage":{"@id":"https:\/\/www.estrategiaconcursos.com.br\/blog\/concurso-detran-am\/"},"wordCount":1846,"commentCount":0,"publisher":{"@id":"https:\/\/www.estrategiaconcursos.com.br\/blog\/#organization"},"image":{"@id":"https:\/\/www.estrategiaconcursos.com.br\/blog\/concurso-detran-am\/#primaryimage"},"thumbnailUrl":"https:\/\/dhg1h5j42swfq.cloudfront.net\/2021\/09\/03173348\/detran-am.jpg","articleSection":["Executivo (Administrativa)"],"inLanguage":"pt-BR","potentialAction":[{"@type":"CommentAction","name":"Comment","target":["https:\/\/www.estrategiaconcursos.com.br\/blog\/concurso-detran-am\/#respond"]}],"copyrightYear":"2025","copyrightHolder":{"@id":"https:\/\/www.estrategiaconcursos.com.br\/blog\/#organization"}},{"@type":"WebPage","@id":"https:\/\/www.estrategiaconcursos.com.br\/blog\/concurso-detran-am\/","url":"https:\/\/www.estrategiaconcursos.com.br\/blog\/concurso-detran-am\/","name":"Concurso Detran AM: validade prorrogada por dois anos!","isPartOf":{"@id":"https:\/\/www.estrategiaconcursos.com.br\/blog\/#website"},"primaryImageOfPage":{"@id":"https:\/\/www.estrategiaconcursos.com.br\/blog\/concurso-detran-am\/#primaryimage"},"image":{"@id":"https:\/\/www.estrategiaconcursos.com.br\/blog\/concurso-detran-am\/#primaryimage"},"thumbnailUrl":"https:\/\/dhg1h5j42swfq.cloudfront.net\/2021\/09\/03173348\/detran-am.jpg","datePublished":"2025-08-26T17:15:00+00:00","dateModified":"2026-03-20T19:57:58+00:00","description":"Concurso Detran AM: homologa\u00e7\u00e3o do resultado final \u00e9 divulgada. Validade \u00e9 prorrogada at\u00e9 2027. TCE AM recomenda novo edital!","breadcrumb":{"@id":"https:\/\/www.estrategiaconcursos.com.br\/blog\/concurso-detran-am\/#breadcrumb"},"inLanguage":"pt-BR","potentialAction":[{"@type":"ReadAction","target":["https:\/\/www.estrategiaconcursos.com.br\/blog\/concurso-detran-am\/"]}]},{"@type":"ImageObject","inLanguage":"pt-BR","@id":"https:\/\/www.estrategiaconcursos.com.br\/blog\/concurso-detran-am\/#primaryimage","url":"https:\/\/dhg1h5j42swfq.cloudfront.net\/2021\/09\/03173348\/detran-am.jpg","contentUrl":"https:\/\/dhg1h5j42swfq.cloudfront.net\/2021\/09\/03173348\/detran-am.jpg","width":768,"height":432,"caption":"concurso detran am"},{"@type":"BreadcrumbList","@id":"https:\/\/www.estrategiaconcursos.com.br\/blog\/concurso-detran-am\/#breadcrumb","itemListElement":[{"@type":"ListItem","position":1,"name":"In\u00edcio","item":"https:\/\/www.estrategiaconcursos.com.br\/blog\/"},{"@type":"ListItem","position":2,"name":"Concurso Detran AM: validade prorrogada por dois anos!"}]},{"@type":"WebSite","@id":"https:\/\/www.estrategiaconcursos.com.br\/blog\/#website","url":"https:\/\/www.estrategiaconcursos.com.br\/blog\/","name":"Estrat\u00e9gia Concursos","description":"O blog da Estrat\u00e9gia Concursos traz not\u00edcias sobre concursos e artigos de professores oferecendo cursos para concursos (pdf + videaulas) no site.","publisher":{"@id":"https:\/\/www.estrategiaconcursos.com.br\/blog\/#organization"},"potentialAction":[{"@type":"SearchAction","target":{"@type":"EntryPoint","urlTemplate":"https:\/\/www.estrategiaconcursos.com.br\/blog\/?s={search_term_string}"},"query-input":{"@type":"PropertyValueSpecification","valueRequired":true,"valueName":"search_term_string"}}],"inLanguage":"pt-BR"},{"@type":"Organization","@id":"https:\/\/www.estrategiaconcursos.com.br\/blog\/#organization","name":"Estrat\u00e9gia Concursos","url":"https:\/\/www.estrategiaconcursos.com.br\/blog\/","logo":{"@type":"ImageObject","inLanguage":"pt-BR","@id":"https:\/\/www.estrategiaconcursos.com.br\/blog\/#\/schema\/logo\/image\/","url":"https:\/\/dhg1h5j42swfq.cloudfront.net\/2025\/06\/03203428\/logo_concursos-1.jpg","contentUrl":"https:\/\/dhg1h5j42swfq.cloudfront.net\/2025\/06\/03203428\/logo_concursos-1.jpg","width":230,"height":60,"caption":"Estrat\u00e9gia Concursos"},"image":{"@id":"https:\/\/www.estrategiaconcursos.com.br\/blog\/#\/schema\/logo\/image\/"},"sameAs":["https:\/\/x.com\/EstratConcursos"]},{"@type":"Person","@id":"https:\/\/www.estrategiaconcursos.com.br\/blog\/#\/schema\/person\/b4a388c97673c5f483d72185668afa1f","name":"Coordena\u00e7\u00e3o","image":{"@type":"ImageObject","inLanguage":"pt-BR","@id":"https:\/\/secure.gravatar.com\/avatar\/b720319e4c9a967eb58678d110f4fe35452fc5d5f97b202bac7b8acceb18c6ad?s=96&d=mm&r=g","url":"https:\/\/secure.gravatar.com\/avatar\/b720319e4c9a967eb58678d110f4fe35452fc5d5f97b202bac7b8acceb18c6ad?s=96&d=mm&r=g","contentUrl":"https:\/\/secure.gravatar.com\/avatar\/b720319e4c9a967eb58678d110f4fe35452fc5d5f97b202bac7b8acceb18c6ad?s=96&d=mm&r=g","caption":"Coordena\u00e7\u00e3o"},"sameAs":["https:\/\/www.facebook.com\/EstrategiaConcursos","https:\/\/x.com\/EstratConcursos"],"url":"https:\/\/www.estrategiaconcursos.com.br\/blog\/author\/estrategia2013\/"}]}},"_links":{"self":[{"href":"https:\/\/www.estrategiaconcursos.com.br\/blog\/wp-json\/wp\/v2\/posts\/794863","targetHints":{"allow":["GET"]}}],"collection":[{"href":"https:\/\/www.estrategiaconcursos.com.br\/blog\/wp-json\/wp\/v2\/posts"}],"about":[{"href":"https:\/\/www.estrategiaconcursos.com.br\/blog\/wp-json\/wp\/v2\/types\/post"}],"author":[{"embeddable":true,"href":"https:\/\/www.estrategiaconcursos.com.br\/blog\/wp-json\/wp\/v2\/users\/1"}],"replies":[{"embeddable":true,"href":"https:\/\/www.estrategiaconcursos.com.br\/blog\/wp-json\/wp\/v2\/comments?post=794863"}],"version-history":[{"count":100,"href":"https:\/\/www.estrategiaconcursos.com.br\/blog\/wp-json\/wp\/v2\/posts\/794863\/revisions"}],"predecessor-version":[{"id":1629316,"href":"https:\/\/www.estrategiaconcursos.com.br\/blog\/wp-json\/wp\/v2\/posts\/794863\/revisions\/1629316"}],"wp:featuredmedia":[{"embeddable":true,"href":"https:\/\/www.estrategiaconcursos.com.br\/blog\/wp-json\/wp\/v2\/media\/853816"}],"wp:attachment":[{"href":"https:\/\/www.estrategiaconcursos.com.br\/blog\/wp-json\/wp\/v2\/media?parent=794863"}],"wp:term":[{"taxonomy":"category","embeddable":true,"href":"https:\/\/www.estrategiaconcursos.com.br\/blog\/wp-json\/wp\/v2\/categories?post=794863"},{"taxonomy":"post_tag","embeddable":true,"href":"https:\/\/www.estrategiaconcursos.com.br\/blog\/wp-json\/wp\/v2\/tags?post=794863"},{"taxonomy":"tax_estado","embeddable":true,"href":"https:\/\/www.estrategiaconcursos.com.br\/blog\/wp-json\/wp\/v2\/tax_estado?post=794863"}],"curies":[{"name":"wp","href":"https:\/\/api.w.org\/{rel}","templated":true}]}}