{"id":794577,"date":"2021-07-14T11:55:17","date_gmt":"2021-07-14T14:55:17","guid":{"rendered":"https:\/\/www.estrategiaconcursos.com.br\/blog\/?p=794577"},"modified":"2021-07-14T12:18:37","modified_gmt":"2021-07-14T15:18:37","slug":"xxxii-exame-de-resultado-definitivo-da-1-fase","status":"publish","type":"post","link":"https:\/\/www.estrategiaconcursos.com.br\/blog\/xxxii-exame-de-resultado-definitivo-da-1-fase\/","title":{"rendered":"XXXII Exame de Ordem: saiu o resultado definitivo da 1\u00aa fase"},"content":{"rendered":"\n<p>A <strong>OAB, <\/strong>por meio da Coordena\u00e7\u00e3o Nacional do Exame de Ordem Unificado<strong>, divulgou o resultado definitivo da 1\u00aa fase (prova objetiva) do XXXII Exame de Ordem Unificado (EOU)<\/strong>. Os candidatos aprovados nesta etapa e os que pediram <em>reaproveitamento da 1\u00aa fase do XXXI Exame de Ordem Unificado<\/em> realizar\u00e3o a <strong>prova pr\u00e1tico-profissional<\/strong> (<strong>2\u00aa fase) no dia 8 de agosto de 2021.<\/strong><\/p>\n\n\n\n<p>Veja abaixo os resultados:<\/p>\n\n\n\n<p class=\"has-text-align-center has-background\" style=\"background-color:#e06b6b\"><a href=\"https:\/\/s.oab.org.br\/arquivos\/2021\/07\/35e6dc55-e6ac-4a66-9762-8b8fe563567d.pdf\" target=\"_blank\" rel=\"noreferrer noopener nofollow\"><strong>Resultado Definitivo (ap\u00f3s recursos) &#8211; Prova Objetiva (1\u00aa fase)<\/strong><\/a><\/p>\n\n\n\n<p class=\"has-text-align-center has-background\" style=\"background-color:#e06b6b\"><a href=\"https:\/\/inscricaooab.fgv.br\/ResultadoEOU1.aspx?tab=vi1724173504b83edeedfe851b799332f3\" target=\"_blank\" rel=\"noreferrer noopener\"><strong>Consulta individual &#8211; Resultado Definitivo &#8211; Prova Objetiva (1\u00aa fase)<\/strong><\/a><\/p>\n\n\n\n<p class=\"has-text-align-center has-background\" style=\"background-color:#e06b6b\"><a href=\"https:\/\/recursos-fgvprojetos.fgv.br\/inscricao\/oab211_recurso\/respostas.cfm\" target=\"_blank\" rel=\"noreferrer noopener\"><strong>Respostas aos recursos interpostos contra o resultado preliminar da prova objetiva<\/strong><\/a><\/p>\n\n\n\n<h3 class=\"wp-block-heading\" id=\"h-conhecendo-a-2-fase\">Conhecendo a 2\u00aa fase<\/h3>\n\n\n\n<p>Enquanto que a 1\u00aa fase do Exame de Ordem busca avaliar os conhecimentos te\u00f3ricos adquiridos durante o curso de Direito, em todas as disciplinas do curr\u00edculo nacional m\u00ednimo, a 2\u00aa fase exige maior profundidade e especializa\u00e7\u00e3o.<\/p>\n\n\n\n<p>A chamada&nbsp;<strong>prova&nbsp;pr\u00e1tico-profissional<\/strong>&nbsp;avalia a express\u00e3o escrita e as compet\u00eancias pr\u00e1ticas dos futuros operadores do Direito nas \u00e1reas profissionais de sua escolha.<\/p>\n\n\n\n<p>No ato da inscri\u00e7\u00e3o, o candidato deve escolher qual ser\u00e1 a \u00e1rea de concentra\u00e7\u00e3o de sua prova de 2\u00aa fase. S\u00e3o disponibilizadas&nbsp;<strong>sete&nbsp;\u00e1reas<\/strong>:<\/p>\n\n\n\n<ol class=\"wp-block-list\"><li>Direito Administrativo;<\/li><li>Direito Constitucional;<\/li><li>Direito Civil;<\/li><li>Direito do Trabalho;<\/li><li>Direito Empresarial;<\/li><li>Direito Penal; e<\/li><li>Direito Tribut\u00e1rio.<\/li><\/ol>\n\n\n\n<p><strong>A&nbsp;prova&nbsp;pr\u00e1tico-profissional<\/strong><\/p>\n\n\n\n<p>Esta prova \u00e9 composta por duas partes: uma&nbsp;<strong>pe\u00e7a&nbsp;processual<\/strong>, no valor de 5 pontos e&nbsp;<strong>quatro&nbsp;quest\u00f5es&nbsp;discursivas<\/strong>&nbsp;(valendo 1,25 pontos cada). Para ser aprovado \u00e9 necess\u00e1rio alcan\u00e7ar 60% de aproveitamento (6 pontos).<\/p>\n\n\n\n<p>A 2\u00aa fase tamb\u00e9m tem dura\u00e7\u00e3o de&nbsp;<strong>5&nbsp;horas<\/strong>&nbsp;e, diferentemente da prova objetiva,&nbsp;<strong>permite&nbsp;consulta<\/strong>&nbsp;a legisla\u00e7\u00e3o n\u00e3o comentada ou anotada.<\/p>\n\n\n\n<p>O edital prev\u00ea uma lista de materiais permitidos, confira abaixo:<\/p>\n\n\n\n<ul class=\"wp-block-list\"><li>Legisla\u00e7\u00e3o n\u00e3o comentada, n\u00e3o anotada e n\u00e3o comparada.<\/li><li>C\u00f3digos, inclusive os organizados que n\u00e3o possuam \u00edndices estruturando roteiros de pe\u00e7as processuais, remiss\u00e3o doutrin\u00e1ria, jurisprud\u00eancia, informativos dos tribunais ou quaisquer coment\u00e1rios, anota\u00e7\u00f5es ou compara\u00e7\u00f5es.<\/li><li>S\u00famulas, Enunciados e Orienta\u00e7\u00f5es Jurisprudenciais, inclusive organizados, desde que n\u00e3o estruturem roteiros de pe\u00e7as processuais.<\/li><li>Leis de Introdu\u00e7\u00e3o dos C\u00f3digos.<\/li><li>Instru\u00e7\u00f5es Normativas.<\/li><li>\u00cdndices remissivos, em ordem alfab\u00e9tica ou tem\u00e1ticos, desde que n\u00e3o estruturem roteiros de pe\u00e7as processuais.<\/li><li>Exposi\u00e7\u00e3o de Motivos.<\/li><li>Regimento Interno.<\/li><li>Resolu\u00e7\u00f5es dos Tribunais.<\/li><li>Simples utiliza\u00e7\u00e3o de marca texto, tra\u00e7o ou simples remiss\u00e3o a artigos ou a lei.<\/li><li>Separa\u00e7\u00e3o de c\u00f3digos por clipes.<\/li><li>Utiliza\u00e7\u00e3o de separadores de c\u00f3digos fabricados por editoras ou outras institui\u00e7\u00f5es ligadas ao mercado gr\u00e1fico, desde que com impress\u00e3o que contenha simples remiss\u00e3o a ramos do Direito ou a leis.<\/li><\/ul>\n\n\n\n<p>A aprova\u00e7\u00e3o no Exame de Ordem Unificado \u00e9 requisito para a inscri\u00e7\u00e3o nos quadros da OAB como advogado. O Exame de Ordem pode ser prestado por bacharel em direito, ainda que pendente apenas a sua cola\u00e7\u00e3o de grau, formado em institui\u00e7\u00e3o regularmente credenciada. Poder\u00e3o realiz\u00e1-lo os estudantes de direito do \u00faltimo ano do curso de gradua\u00e7\u00e3o em direito ou dos dois \u00faltimos semestres.<\/p>\n\n\n\n<h2 class=\"has-text-align-center wp-block-heading\">Quer saber mais sobre o XXXII Exame de Ordem?<\/h2>\n\n\n\n<p class=\"has-text-align-center has-vivid-red-background-color has-background\" style=\"font-size:clamp(16.293px, 1.018rem + ((1vw - 3.2px) * 0.854), 25px);px\"><strong><a rel=\"noreferrer noopener\" href=\"https:\/\/www.estrategiaconcursos.com.br\/blog\/exame-de-ordem-2\/\" target=\"_blank\">EXAME OAB<\/a><\/strong><\/p>\n\n\n\n<h2 class=\"has-text-align-center wp-block-heading\" id=\"block-b2c4ae07-a479-4dd8-947f-6bcafb043ea2\">Grupo de Telegram para a OAB<\/h2>\n\n\n\n<p class=\"has-text-align-center has-luminous-vivid-amber-background-color has-background\" id=\"block-726a8089-fe1c-4191-b233-fada0f84dd28\"><a href=\"http:\/\/bit.ly\/TelegramOAB\" target=\"_blank\" rel=\"noreferrer noopener\"><strong>Inscreva-se no nosso grupo do Telegram<\/strong><\/a><\/p>\n\n\n\n<h2 class=\"has-text-align-center wp-block-heading\" id=\"block-fd35c327-0e7c-4aca-8f4d-bf6d8be68951\">Nossas redes sociais<\/h2>\n\n\n\n<p class=\"has-text-align-center has-pale-cyan-blue-background-color has-background\" id=\"block-3d855448-09cc-4c68-8f83-22c7feb6aded\"><a rel=\"noreferrer noopener\" href=\"https:\/\/www.instagram.com\/estrategiaoab\/\" target=\"_blank\"><strong>Instagram Estrat\u00e9gia OAB<\/strong><\/a><\/p>\n\n\n\n<p class=\"has-text-align-center has-pale-pink-background-color has-background\" id=\"block-e69dd664-a54c-48f8-91cb-6389f8b7c528\"><a rel=\"noreferrer noopener\" href=\"https:\/\/www.youtube.com\/channel\/UC7rgrKTSF5aOrBGWOw60ovw\" target=\"_blank\"><strong>YouTube do Estrat\u00e9gia OAB<\/strong><\/a><\/p>\n\n\n\n<h2 class=\"has-text-align-center wp-block-heading\" id=\"h-assinatura-oab\">Assinatura OAB<\/h2>\n\n\n\n<div class=\"container\" id=\"boxes\">\n  <div class=\"row\">\n\n    <div class=\"col-sm\">\n      <div class=\"banner-oab\" id=\"box-assinatura\">\n        <h3 class=\"titulo-assinatura\">Assinatura OAB\n        <p class=\"subtitulo-assinatura\">Conhe\u00e7a os cursos<\/p>\n        <div class=\"box-botao\">\n          <a class=\"btn-assinatura\" target=\"_blank\" href=\"https:\/\/www.estrategiaconcursos.com.br\/assinaturas-oab\/\" role=\"button\" rel=\"noopener noreferrer\">Conhe\u00e7a mais<\/a>\n        <\/div>\n      <\/h3><\/div>\n      <p class=\"texto-auxiliar\">A Assinatura OAB \u2013 At\u00e9 a Aprova\u00e7\u00e3o traz TODAS as ferramentas necess\u00e1rias para uma prepara\u00e7\u00e3o completa para a 1\u00aa e 2\u00aa Fase Exame da Ordem.<\/p>\n    <\/div>\n\n  <\/div>\n<\/div>\n\n\n\n\n\n<h2 class=\"has-text-align-center wp-block-heading\" id=\"h-pacotes-completos-xxxii-exame-de-ordem\">Pacotes completos XXXII Exame de Ordem<\/h2>\n\n\n\n<div class=\"container\" id=\"boxes\">\n  <div class=\"row\">\n\n    <div class=\"col-sm\">\n      <div class=\"banner-oab\" id=\"box-assinatura\">\n        <h3 class=\"titulo-assinatura\">Curso OAB 1\u00aa Fase<\/h3>\n        <p class=\"subtitulo-assinatura\">Conhe\u00e7a os cursos<\/p>\n        <div class=\"box-botao\">\n          <a class=\"btn-assinatura\" target=\"_blank\" href=\"https:\/\/www.estrategiaconcursos.com.br\/cursosPorConcurso\/exame-de-ordem-oab-1-fase\/\" role=\"button\" rel=\"noopener noreferrer\">Conhe\u00e7a mais<\/a>\n        <\/div>\n      <\/div>\n      <p class=\"texto-auxiliar\">Prepare-se com o melhor material e com quem mais aprova em Concursos P\u00fablicos em todo o pa\u00eds. Assine agora a nossa Assinatura Anual e tenha acesso ilimitado* a todos os nossos cursos.<\/p>\n    <\/div>\n\n  <\/div>\n<\/div>\n\n\n\n<div class=\"container\" id=\"boxes\">\n  <div class=\"row\">\n\n    <div class=\"col-sm\">\n      <div class=\"banner-oab\" id=\"box-assinatura\">\n        <h3 class=\"titulo-assinatura\">Curso OAB 2\u00aa Fase<\/h3>\n        <p class=\"subtitulo-assinatura\">Conhe\u00e7a os cursos<\/p>\n        <div class=\"box-botao\">\n          <a class=\"btn-assinatura\" target=\"_blank\" href=\"https:\/\/www.estrategiaconcursos.com.br\/\/cursosPorConcurso\/oab-2-fase-192\/\" role=\"button\" rel=\"noopener noreferrer\">Conhe\u00e7a mais<\/a>\n        <\/div>\n      <\/div>\n      <p class=\"texto-auxiliar\">Prepare-se com o melhor material e com quem mais aprova em Concursos P\u00fablicos em todo o pa\u00eds. Assine agora a nossa Assinatura Anual e tenha acesso ilimitado* a todos os nossos cursos.<\/p>\n    <\/div>\n\n  <\/div>\n<\/div>\n","protected":false},"excerpt":{"rendered":"<p>A OAB, por meio da Coordena\u00e7\u00e3o Nacional do Exame de Ordem Unificado, divulgou o resultado definitivo da 1\u00aa fase (prova objetiva) do XXXII Exame de Ordem Unificado (EOU). Os candidatos aprovados nesta etapa e os que pediram reaproveitamento da 1\u00aa fase do XXXI Exame de Ordem Unificado realizar\u00e3o a prova pr\u00e1tico-profissional (2\u00aa fase) no dia [&hellip;]<\/p>\n","protected":false},"author":1,"featured_media":182668,"comment_status":"open","ping_status":"closed","sticky":false,"template":"","format":"standard","meta":{"post_tipo":"news","footnotes":""},"categories":[1],"tags":[],"tax_estado":[219963],"class_list":["post-794577","post","type-post","status-publish","format-standard","has-post-thumbnail","hentry","category-cursos-e-concursos","tax_estado-concursos-federais"],"acf":[],"yoast_head":"<!-- This site is optimized with the Yoast SEO Premium plugin v27.2 (Yoast SEO v27.2) - https:\/\/yoast.com\/product\/yoast-seo-premium-wordpress\/ -->\n<title>XXXII Exame de Ordem: saiu o resultado definitivo da 1\u00aa fase<\/title>\n<meta name=\"description\" content=\"XXXII Exame de Ordem: veja neste artigo o resultado definitivo da 1\u00aa fase (prova objetiva). A 2\u00aa fase ser\u00e1 realizada no dia 08\/08\/2021. Saiba mais!\" \/>\n<meta name=\"robots\" content=\"index, follow, max-snippet:-1, max-image-preview:large, max-video-preview:-1\" \/>\n<link rel=\"canonical\" href=\"https:\/\/www.estrategiaconcursos.com.br\/blog\/xxxii-exame-de-resultado-definitivo-da-1-fase\/\" \/>\n<meta property=\"og:locale\" content=\"pt_BR\" \/>\n<meta property=\"og:type\" content=\"article\" \/>\n<meta property=\"og:title\" content=\"XXXII Exame de Ordem: saiu o resultado definitivo da 1\u00aa fase\" \/>\n<meta property=\"og:description\" content=\"XXXII Exame de Ordem: veja neste artigo o resultado definitivo da 1\u00aa fase (prova objetiva). A 2\u00aa fase ser\u00e1 realizada no dia 08\/08\/2021. Saiba mais!\" \/>\n<meta property=\"og:url\" content=\"https:\/\/www.estrategiaconcursos.com.br\/blog\/xxxii-exame-de-resultado-definitivo-da-1-fase\/\" \/>\n<meta property=\"og:site_name\" content=\"Estrat\u00e9gia Concursos\" \/>\n<meta property=\"article:author\" content=\"https:\/\/www.facebook.com\/EstrategiaConcursos\" \/>\n<meta property=\"article:published_time\" content=\"2021-07-14T14:55:17+00:00\" \/>\n<meta property=\"article:modified_time\" content=\"2021-07-14T15:18:37+00:00\" \/>\n<meta property=\"og:image\" content=\"https:\/\/dhg1h5j42swfq.cloudfront.net\/2019\/04\/10115514\/exame-de-ordem.jpg\" \/>\n\t<meta property=\"og:image:width\" content=\"398\" \/>\n\t<meta property=\"og:image:height\" content=\"209\" \/>\n\t<meta property=\"og:image:type\" content=\"image\/jpeg\" \/>\n<meta name=\"author\" content=\"Coordena\u00e7\u00e3o\" \/>\n<meta name=\"twitter:card\" content=\"summary_large_image\" \/>\n<meta name=\"twitter:creator\" content=\"@EstratConcursos\" \/>\n<meta name=\"twitter:site\" content=\"@EstratConcursos\" \/>\n<meta name=\"twitter:label1\" content=\"Escrito por\" \/>\n\t<meta name=\"twitter:data1\" content=\"Coordena\u00e7\u00e3o\" \/>\n\t<meta name=\"twitter:label2\" content=\"Est. tempo de leitura\" \/>\n\t<meta name=\"twitter:data2\" content=\"3 minutos\" \/>\n<script type=\"application\/ld+json\" class=\"yoast-schema-graph\">{\"@context\":\"https:\/\/schema.org\",\"@graph\":[{\"@type\":\"NewsArticle\",\"@id\":\"https:\/\/www.estrategiaconcursos.com.br\/blog\/xxxii-exame-de-resultado-definitivo-da-1-fase\/#article\",\"isPartOf\":{\"@id\":\"https:\/\/www.estrategiaconcursos.com.br\/blog\/xxxii-exame-de-resultado-definitivo-da-1-fase\/\"},\"author\":{\"name\":\"Coordena\u00e7\u00e3o\",\"@id\":\"https:\/\/www.estrategiaconcursos.com.br\/blog\/#\/schema\/person\/b4a388c97673c5f483d72185668afa1f\"},\"headline\":\"XXXII Exame de Ordem: saiu o resultado definitivo da 1\u00aa fase\",\"datePublished\":\"2021-07-14T14:55:17+00:00\",\"dateModified\":\"2021-07-14T15:18:37+00:00\",\"mainEntityOfPage\":{\"@id\":\"https:\/\/www.estrategiaconcursos.com.br\/blog\/xxxii-exame-de-resultado-definitivo-da-1-fase\/\"},\"wordCount\":699,\"commentCount\":0,\"publisher\":{\"@id\":\"https:\/\/www.estrategiaconcursos.com.br\/blog\/#organization\"},\"image\":{\"@id\":\"https:\/\/www.estrategiaconcursos.com.br\/blog\/xxxii-exame-de-resultado-definitivo-da-1-fase\/#primaryimage\"},\"thumbnailUrl\":\"https:\/\/dhg1h5j42swfq.cloudfront.net\/2019\/04\/10115514\/exame-de-ordem.jpg\",\"articleSection\":[\"Concursos P\u00fablicos\"],\"inLanguage\":\"pt-BR\",\"potentialAction\":[{\"@type\":\"CommentAction\",\"name\":\"Comment\",\"target\":[\"https:\/\/www.estrategiaconcursos.com.br\/blog\/xxxii-exame-de-resultado-definitivo-da-1-fase\/#respond\"]}],\"copyrightYear\":\"2021\",\"copyrightHolder\":{\"@id\":\"https:\/\/www.estrategiaconcursos.com.br\/blog\/#organization\"}},{\"@type\":\"WebPage\",\"@id\":\"https:\/\/www.estrategiaconcursos.com.br\/blog\/xxxii-exame-de-resultado-definitivo-da-1-fase\/\",\"url\":\"https:\/\/www.estrategiaconcursos.com.br\/blog\/xxxii-exame-de-resultado-definitivo-da-1-fase\/\",\"name\":\"XXXII Exame de Ordem: saiu o resultado definitivo da 1\u00aa fase\",\"isPartOf\":{\"@id\":\"https:\/\/www.estrategiaconcursos.com.br\/blog\/#website\"},\"primaryImageOfPage\":{\"@id\":\"https:\/\/www.estrategiaconcursos.com.br\/blog\/xxxii-exame-de-resultado-definitivo-da-1-fase\/#primaryimage\"},\"image\":{\"@id\":\"https:\/\/www.estrategiaconcursos.com.br\/blog\/xxxii-exame-de-resultado-definitivo-da-1-fase\/#primaryimage\"},\"thumbnailUrl\":\"https:\/\/dhg1h5j42swfq.cloudfront.net\/2019\/04\/10115514\/exame-de-ordem.jpg\",\"datePublished\":\"2021-07-14T14:55:17+00:00\",\"dateModified\":\"2021-07-14T15:18:37+00:00\",\"description\":\"XXXII Exame de Ordem: veja neste artigo o resultado definitivo da 1\u00aa fase (prova objetiva). A 2\u00aa fase ser\u00e1 realizada no dia 08\/08\/2021. Saiba mais!\",\"breadcrumb\":{\"@id\":\"https:\/\/www.estrategiaconcursos.com.br\/blog\/xxxii-exame-de-resultado-definitivo-da-1-fase\/#breadcrumb\"},\"inLanguage\":\"pt-BR\",\"potentialAction\":[{\"@type\":\"ReadAction\",\"target\":[\"https:\/\/www.estrategiaconcursos.com.br\/blog\/xxxii-exame-de-resultado-definitivo-da-1-fase\/\"]}]},{\"@type\":\"ImageObject\",\"inLanguage\":\"pt-BR\",\"@id\":\"https:\/\/www.estrategiaconcursos.com.br\/blog\/xxxii-exame-de-resultado-definitivo-da-1-fase\/#primaryimage\",\"url\":\"https:\/\/dhg1h5j42swfq.cloudfront.net\/2019\/04\/10115514\/exame-de-ordem.jpg\",\"contentUrl\":\"https:\/\/dhg1h5j42swfq.cloudfront.net\/2019\/04\/10115514\/exame-de-ordem.jpg\",\"width\":398,\"height\":209,\"caption\":\"exame de ordem\"},{\"@type\":\"BreadcrumbList\",\"@id\":\"https:\/\/www.estrategiaconcursos.com.br\/blog\/xxxii-exame-de-resultado-definitivo-da-1-fase\/#breadcrumb\",\"itemListElement\":[{\"@type\":\"ListItem\",\"position\":1,\"name\":\"In\u00edcio\",\"item\":\"https:\/\/www.estrategiaconcursos.com.br\/blog\/\"},{\"@type\":\"ListItem\",\"position\":2,\"name\":\"XXXII Exame de Ordem: saiu o resultado definitivo da 1\u00aa fase\"}]},{\"@type\":\"WebSite\",\"@id\":\"https:\/\/www.estrategiaconcursos.com.br\/blog\/#website\",\"url\":\"https:\/\/www.estrategiaconcursos.com.br\/blog\/\",\"name\":\"Estrat\u00e9gia Concursos\",\"description\":\"O blog da Estrat\u00e9gia Concursos traz not\u00edcias sobre concursos e artigos de professores oferecendo cursos para concursos (pdf + videaulas) no site.\",\"publisher\":{\"@id\":\"https:\/\/www.estrategiaconcursos.com.br\/blog\/#organization\"},\"potentialAction\":[{\"@type\":\"SearchAction\",\"target\":{\"@type\":\"EntryPoint\",\"urlTemplate\":\"https:\/\/www.estrategiaconcursos.com.br\/blog\/?s={search_term_string}\"},\"query-input\":{\"@type\":\"PropertyValueSpecification\",\"valueRequired\":true,\"valueName\":\"search_term_string\"}}],\"inLanguage\":\"pt-BR\"},{\"@type\":\"Organization\",\"@id\":\"https:\/\/www.estrategiaconcursos.com.br\/blog\/#organization\",\"name\":\"Estrat\u00e9gia Concursos\",\"url\":\"https:\/\/www.estrategiaconcursos.com.br\/blog\/\",\"logo\":{\"@type\":\"ImageObject\",\"inLanguage\":\"pt-BR\",\"@id\":\"https:\/\/www.estrategiaconcursos.com.br\/blog\/#\/schema\/logo\/image\/\",\"url\":\"https:\/\/dhg1h5j42swfq.cloudfront.net\/2025\/06\/03203428\/logo_concursos-1.jpg\",\"contentUrl\":\"https:\/\/dhg1h5j42swfq.cloudfront.net\/2025\/06\/03203428\/logo_concursos-1.jpg\",\"width\":230,\"height\":60,\"caption\":\"Estrat\u00e9gia Concursos\"},\"image\":{\"@id\":\"https:\/\/www.estrategiaconcursos.com.br\/blog\/#\/schema\/logo\/image\/\"},\"sameAs\":[\"https:\/\/x.com\/EstratConcursos\"]},{\"@type\":\"Person\",\"@id\":\"https:\/\/www.estrategiaconcursos.com.br\/blog\/#\/schema\/person\/b4a388c97673c5f483d72185668afa1f\",\"name\":\"Coordena\u00e7\u00e3o\",\"image\":{\"@type\":\"ImageObject\",\"inLanguage\":\"pt-BR\",\"@id\":\"https:\/\/secure.gravatar.com\/avatar\/b720319e4c9a967eb58678d110f4fe35452fc5d5f97b202bac7b8acceb18c6ad?s=96&d=mm&r=g\",\"url\":\"https:\/\/secure.gravatar.com\/avatar\/b720319e4c9a967eb58678d110f4fe35452fc5d5f97b202bac7b8acceb18c6ad?s=96&d=mm&r=g\",\"contentUrl\":\"https:\/\/secure.gravatar.com\/avatar\/b720319e4c9a967eb58678d110f4fe35452fc5d5f97b202bac7b8acceb18c6ad?s=96&d=mm&r=g\",\"caption\":\"Coordena\u00e7\u00e3o\"},\"sameAs\":[\"https:\/\/www.facebook.com\/EstrategiaConcursos\",\"https:\/\/x.com\/EstratConcursos\"],\"url\":\"https:\/\/www.estrategiaconcursos.com.br\/blog\/author\/estrategia2013\/\"}]}<\/script>\n<!-- \/ Yoast SEO Premium plugin. -->","yoast_head_json":{"title":"XXXII Exame de Ordem: saiu o resultado definitivo da 1\u00aa fase","description":"XXXII Exame de Ordem: veja neste artigo o resultado definitivo da 1\u00aa fase (prova objetiva). A 2\u00aa fase ser\u00e1 realizada no dia 08\/08\/2021. Saiba mais!","robots":{"index":"index","follow":"follow","max-snippet":"max-snippet:-1","max-image-preview":"max-image-preview:large","max-video-preview":"max-video-preview:-1"},"canonical":"https:\/\/www.estrategiaconcursos.com.br\/blog\/xxxii-exame-de-resultado-definitivo-da-1-fase\/","og_locale":"pt_BR","og_type":"article","og_title":"XXXII Exame de Ordem: saiu o resultado definitivo da 1\u00aa fase","og_description":"XXXII Exame de Ordem: veja neste artigo o resultado definitivo da 1\u00aa fase (prova objetiva). A 2\u00aa fase ser\u00e1 realizada no dia 08\/08\/2021. Saiba mais!","og_url":"https:\/\/www.estrategiaconcursos.com.br\/blog\/xxxii-exame-de-resultado-definitivo-da-1-fase\/","og_site_name":"Estrat\u00e9gia Concursos","article_author":"https:\/\/www.facebook.com\/EstrategiaConcursos","article_published_time":"2021-07-14T14:55:17+00:00","article_modified_time":"2021-07-14T15:18:37+00:00","og_image":[{"width":398,"height":209,"url":"https:\/\/dhg1h5j42swfq.cloudfront.net\/2019\/04\/10115514\/exame-de-ordem.jpg","type":"image\/jpeg"}],"author":"Coordena\u00e7\u00e3o","twitter_card":"summary_large_image","twitter_creator":"@EstratConcursos","twitter_site":"@EstratConcursos","twitter_misc":{"Escrito por":"Coordena\u00e7\u00e3o","Est. tempo de leitura":"3 minutos"},"schema":{"@context":"https:\/\/schema.org","@graph":[{"@type":"NewsArticle","@id":"https:\/\/www.estrategiaconcursos.com.br\/blog\/xxxii-exame-de-resultado-definitivo-da-1-fase\/#article","isPartOf":{"@id":"https:\/\/www.estrategiaconcursos.com.br\/blog\/xxxii-exame-de-resultado-definitivo-da-1-fase\/"},"author":{"name":"Coordena\u00e7\u00e3o","@id":"https:\/\/www.estrategiaconcursos.com.br\/blog\/#\/schema\/person\/b4a388c97673c5f483d72185668afa1f"},"headline":"XXXII Exame de Ordem: saiu o resultado definitivo da 1\u00aa fase","datePublished":"2021-07-14T14:55:17+00:00","dateModified":"2021-07-14T15:18:37+00:00","mainEntityOfPage":{"@id":"https:\/\/www.estrategiaconcursos.com.br\/blog\/xxxii-exame-de-resultado-definitivo-da-1-fase\/"},"wordCount":699,"commentCount":0,"publisher":{"@id":"https:\/\/www.estrategiaconcursos.com.br\/blog\/#organization"},"image":{"@id":"https:\/\/www.estrategiaconcursos.com.br\/blog\/xxxii-exame-de-resultado-definitivo-da-1-fase\/#primaryimage"},"thumbnailUrl":"https:\/\/dhg1h5j42swfq.cloudfront.net\/2019\/04\/10115514\/exame-de-ordem.jpg","articleSection":["Concursos P\u00fablicos"],"inLanguage":"pt-BR","potentialAction":[{"@type":"CommentAction","name":"Comment","target":["https:\/\/www.estrategiaconcursos.com.br\/blog\/xxxii-exame-de-resultado-definitivo-da-1-fase\/#respond"]}],"copyrightYear":"2021","copyrightHolder":{"@id":"https:\/\/www.estrategiaconcursos.com.br\/blog\/#organization"}},{"@type":"WebPage","@id":"https:\/\/www.estrategiaconcursos.com.br\/blog\/xxxii-exame-de-resultado-definitivo-da-1-fase\/","url":"https:\/\/www.estrategiaconcursos.com.br\/blog\/xxxii-exame-de-resultado-definitivo-da-1-fase\/","name":"XXXII Exame de Ordem: saiu o resultado definitivo da 1\u00aa fase","isPartOf":{"@id":"https:\/\/www.estrategiaconcursos.com.br\/blog\/#website"},"primaryImageOfPage":{"@id":"https:\/\/www.estrategiaconcursos.com.br\/blog\/xxxii-exame-de-resultado-definitivo-da-1-fase\/#primaryimage"},"image":{"@id":"https:\/\/www.estrategiaconcursos.com.br\/blog\/xxxii-exame-de-resultado-definitivo-da-1-fase\/#primaryimage"},"thumbnailUrl":"https:\/\/dhg1h5j42swfq.cloudfront.net\/2019\/04\/10115514\/exame-de-ordem.jpg","datePublished":"2021-07-14T14:55:17+00:00","dateModified":"2021-07-14T15:18:37+00:00","description":"XXXII Exame de Ordem: veja neste artigo o resultado definitivo da 1\u00aa fase (prova objetiva). A 2\u00aa fase ser\u00e1 realizada no dia 08\/08\/2021. Saiba mais!","breadcrumb":{"@id":"https:\/\/www.estrategiaconcursos.com.br\/blog\/xxxii-exame-de-resultado-definitivo-da-1-fase\/#breadcrumb"},"inLanguage":"pt-BR","potentialAction":[{"@type":"ReadAction","target":["https:\/\/www.estrategiaconcursos.com.br\/blog\/xxxii-exame-de-resultado-definitivo-da-1-fase\/"]}]},{"@type":"ImageObject","inLanguage":"pt-BR","@id":"https:\/\/www.estrategiaconcursos.com.br\/blog\/xxxii-exame-de-resultado-definitivo-da-1-fase\/#primaryimage","url":"https:\/\/dhg1h5j42swfq.cloudfront.net\/2019\/04\/10115514\/exame-de-ordem.jpg","contentUrl":"https:\/\/dhg1h5j42swfq.cloudfront.net\/2019\/04\/10115514\/exame-de-ordem.jpg","width":398,"height":209,"caption":"exame de ordem"},{"@type":"BreadcrumbList","@id":"https:\/\/www.estrategiaconcursos.com.br\/blog\/xxxii-exame-de-resultado-definitivo-da-1-fase\/#breadcrumb","itemListElement":[{"@type":"ListItem","position":1,"name":"In\u00edcio","item":"https:\/\/www.estrategiaconcursos.com.br\/blog\/"},{"@type":"ListItem","position":2,"name":"XXXII Exame de Ordem: saiu o resultado definitivo da 1\u00aa fase"}]},{"@type":"WebSite","@id":"https:\/\/www.estrategiaconcursos.com.br\/blog\/#website","url":"https:\/\/www.estrategiaconcursos.com.br\/blog\/","name":"Estrat\u00e9gia Concursos","description":"O blog da Estrat\u00e9gia Concursos traz not\u00edcias sobre concursos e artigos de professores oferecendo cursos para concursos (pdf + videaulas) no site.","publisher":{"@id":"https:\/\/www.estrategiaconcursos.com.br\/blog\/#organization"},"potentialAction":[{"@type":"SearchAction","target":{"@type":"EntryPoint","urlTemplate":"https:\/\/www.estrategiaconcursos.com.br\/blog\/?s={search_term_string}"},"query-input":{"@type":"PropertyValueSpecification","valueRequired":true,"valueName":"search_term_string"}}],"inLanguage":"pt-BR"},{"@type":"Organization","@id":"https:\/\/www.estrategiaconcursos.com.br\/blog\/#organization","name":"Estrat\u00e9gia Concursos","url":"https:\/\/www.estrategiaconcursos.com.br\/blog\/","logo":{"@type":"ImageObject","inLanguage":"pt-BR","@id":"https:\/\/www.estrategiaconcursos.com.br\/blog\/#\/schema\/logo\/image\/","url":"https:\/\/dhg1h5j42swfq.cloudfront.net\/2025\/06\/03203428\/logo_concursos-1.jpg","contentUrl":"https:\/\/dhg1h5j42swfq.cloudfront.net\/2025\/06\/03203428\/logo_concursos-1.jpg","width":230,"height":60,"caption":"Estrat\u00e9gia Concursos"},"image":{"@id":"https:\/\/www.estrategiaconcursos.com.br\/blog\/#\/schema\/logo\/image\/"},"sameAs":["https:\/\/x.com\/EstratConcursos"]},{"@type":"Person","@id":"https:\/\/www.estrategiaconcursos.com.br\/blog\/#\/schema\/person\/b4a388c97673c5f483d72185668afa1f","name":"Coordena\u00e7\u00e3o","image":{"@type":"ImageObject","inLanguage":"pt-BR","@id":"https:\/\/secure.gravatar.com\/avatar\/b720319e4c9a967eb58678d110f4fe35452fc5d5f97b202bac7b8acceb18c6ad?s=96&d=mm&r=g","url":"https:\/\/secure.gravatar.com\/avatar\/b720319e4c9a967eb58678d110f4fe35452fc5d5f97b202bac7b8acceb18c6ad?s=96&d=mm&r=g","contentUrl":"https:\/\/secure.gravatar.com\/avatar\/b720319e4c9a967eb58678d110f4fe35452fc5d5f97b202bac7b8acceb18c6ad?s=96&d=mm&r=g","caption":"Coordena\u00e7\u00e3o"},"sameAs":["https:\/\/www.facebook.com\/EstrategiaConcursos","https:\/\/x.com\/EstratConcursos"],"url":"https:\/\/www.estrategiaconcursos.com.br\/blog\/author\/estrategia2013\/"}]}},"_links":{"self":[{"href":"https:\/\/www.estrategiaconcursos.com.br\/blog\/wp-json\/wp\/v2\/posts\/794577","targetHints":{"allow":["GET"]}}],"collection":[{"href":"https:\/\/www.estrategiaconcursos.com.br\/blog\/wp-json\/wp\/v2\/posts"}],"about":[{"href":"https:\/\/www.estrategiaconcursos.com.br\/blog\/wp-json\/wp\/v2\/types\/post"}],"author":[{"embeddable":true,"href":"https:\/\/www.estrategiaconcursos.com.br\/blog\/wp-json\/wp\/v2\/users\/1"}],"replies":[{"embeddable":true,"href":"https:\/\/www.estrategiaconcursos.com.br\/blog\/wp-json\/wp\/v2\/comments?post=794577"}],"version-history":[{"count":23,"href":"https:\/\/www.estrategiaconcursos.com.br\/blog\/wp-json\/wp\/v2\/posts\/794577\/revisions"}],"predecessor-version":[{"id":794642,"href":"https:\/\/www.estrategiaconcursos.com.br\/blog\/wp-json\/wp\/v2\/posts\/794577\/revisions\/794642"}],"wp:featuredmedia":[{"embeddable":true,"href":"https:\/\/www.estrategiaconcursos.com.br\/blog\/wp-json\/wp\/v2\/media\/182668"}],"wp:attachment":[{"href":"https:\/\/www.estrategiaconcursos.com.br\/blog\/wp-json\/wp\/v2\/media?parent=794577"}],"wp:term":[{"taxonomy":"category","embeddable":true,"href":"https:\/\/www.estrategiaconcursos.com.br\/blog\/wp-json\/wp\/v2\/categories?post=794577"},{"taxonomy":"post_tag","embeddable":true,"href":"https:\/\/www.estrategiaconcursos.com.br\/blog\/wp-json\/wp\/v2\/tags?post=794577"},{"taxonomy":"tax_estado","embeddable":true,"href":"https:\/\/www.estrategiaconcursos.com.br\/blog\/wp-json\/wp\/v2\/tax_estado?post=794577"}],"curies":[{"name":"wp","href":"https:\/\/api.w.org\/{rel}","templated":true}]}}