{"id":791907,"date":"2021-07-11T15:39:21","date_gmt":"2021-07-11T18:39:21","guid":{"rendered":"https:\/\/www.estrategiaconcursos.com.br\/blog\/?p=791907"},"modified":"2023-01-03T14:24:07","modified_gmt":"2023-01-03T17:24:07","slug":"gabarito-pcrn-lingua-portuguesa","status":"publish","type":"post","link":"https:\/\/www.estrategiaconcursos.com.br\/blog\/gabarito-pcrn-lingua-portuguesa\/","title":{"rendered":"Gabarito Extraoficial PC-RN &#8211; L\u00edngua Portuguesa: Agente e Escriv\u00e3o de Pol\u00edcia"},"content":{"rendered":"\n<p>Ol\u00e1, pessoal!<\/p>\n\n\n\n<p>Para quem n\u00e3o me conhece , meu nome \u00e9&nbsp;<strong>Patr\u00edcia Manzato<\/strong>&nbsp;e sou Professora e Coach aqui no Estrat\u00e9gia Concursos, fazendo parte do Time de Portugu\u00eas.<\/p>\n\n\n\n<p>Inicialmente,&nbsp;<strong>convido voc\u00ea a me seguir no INSTAGRAM<\/strong>:<strong><a href=\"https:\/\/www.instagram.com\/prof.patriciamanzato\/\">&nbsp;Instagram da Prof\u00aa. Patr\u00edcia Manzato<\/a><\/strong><\/p>\n\n\n\n<p>Neste artigo, vamos comentar as quest\u00f5es de&nbsp;<strong>L\u00edngua Portuguesa <\/strong>que foram cobradas pela Banca&nbsp;<strong>FGV<\/strong>&nbsp;no concurso da PC-RN para os cargos de Agente e Escriv\u00e3o, que aconteceu no dia 11\/07\/2021, lembrando que \u00e9 um gabarito extraoficial.<\/p>\n\n\n\n<p>O Time de Portugu\u00eas, em especial Prof\u00aa Jana\u00edna Arruda e eu, fizemos a an\u00e1lise e corre\u00e7\u00e3o da prova e vamos passar a voc\u00ea nossas percep\u00e7\u00f5es.<\/p>\n\n\n\n<p>No geral, a prova de Portugu\u00eas da FGV apresenta um maior n\u00edvel de complexidade que as demais Bancas, com a cobran\u00e7a de interpreta\u00e7\u00e3o de textos curtos e conte\u00fado de gram\u00e1tica aplicada.  Alguns itens poderiam gerar d\u00favidas nos candidatos, em especial os que demandavam a dedu\u00e7\u00e3o de informa\u00e7\u00f5es dos textos apresentados.<\/p>\n\n\n\n<p>E agora, vamos aos coment\u00e1rios das quest\u00f5es:<\/p>\n\n\n\n<figure class=\"wp-block-image size-large\"><img loading=\"lazy\" decoding=\"async\" width=\"436\" height=\"329\" src=\"https:\/\/dhg1h5j42swfq.cloudfront.net\/2021\/07\/11140222\/image-208.png\" alt=\"\" class=\"wp-image-791912\" srcset=\"https:\/\/dhg1h5j42swfq.cloudfront.net\/2021\/07\/11140222\/image-208.png 436w, https:\/\/dhg1h5j42swfq.cloudfront.net\/2021\/07\/11140222\/image-208-300x226.png 300w\" sizes=\"auto, (max-width: 436px) 100vw, 436px\" \/><\/figure>\n\n\n\n<p><strong>Gabarito<\/strong>: C<\/p>\n\n\n\n<p><strong>Coment\u00e1rios<\/strong>: De fato, o 2\u00ba per\u00edodo \u00e9 uma explica\u00e7\u00e3o para o que foi afirmado no 1\u00ba par\u00e1grafo. N\u00e3o h\u00e1 oposi\u00e7\u00e3o de ideias entre os per\u00edodo, o que inviabiliza a alternativa (A); em rela\u00e7\u00e3o \u00e0 letra (B), n\u00e3o se pode afirmar que uma opini\u00e3o apresenta argumentos fracos; em (D) h\u00e1 um refor\u00e7o da informa\u00e7\u00e3o, e n\u00e3o uma retifica\u00e7\u00e3o; e, por fim, a letra (E) n\u00e3o \u00e9 vi\u00e1vel, pois a troca de posi\u00e7\u00f5es dos per\u00edodos acarreta sim mudan\u00e7a no sentido original.<\/p>\n\n\n\n<figure class=\"wp-block-image size-large\"><img loading=\"lazy\" decoding=\"async\" width=\"430\" height=\"298\" src=\"https:\/\/dhg1h5j42swfq.cloudfront.net\/2021\/07\/11140651\/image-209.png\" alt=\"\" class=\"wp-image-791917\" srcset=\"https:\/\/dhg1h5j42swfq.cloudfront.net\/2021\/07\/11140651\/image-209.png 430w, https:\/\/dhg1h5j42swfq.cloudfront.net\/2021\/07\/11140651\/image-209-300x208.png 300w\" sizes=\"auto, (max-width: 430px) 100vw, 430px\" \/><\/figure>\n\n\n\n<p><strong>Gabarito<\/strong>: C<\/p>\n\n\n\n<p><strong>Coment\u00e1rios<\/strong>: &#8220;Mal&#8221; \u00e9 adv\u00e9rbio, que pode ser entendido como oposi\u00e7\u00e3o a &#8220;bem&#8221;. Com essa informa\u00e7\u00e3o, sabemos que a \u00fanica alternativa que apresenta um uso incorreto do voc\u00e1bulo \u00e9 a letra (C): &#8220;mal&#8221; nesse caso est\u00e1 qualificando &#8220;h\u00e1bito&#8221; (substantivo) e tem o sentido de &#8220;bom&#8221;. Por isso, o correto seria &#8220;mau h\u00e1bito&#8221;. <\/p>\n\n\n\n<figure class=\"wp-block-image size-large\"><img loading=\"lazy\" decoding=\"async\" width=\"435\" height=\"283\" src=\"https:\/\/dhg1h5j42swfq.cloudfront.net\/2021\/07\/11141015\/image-210.png\" alt=\"\" class=\"wp-image-791918\" srcset=\"https:\/\/dhg1h5j42swfq.cloudfront.net\/2021\/07\/11141015\/image-210.png 435w, https:\/\/dhg1h5j42swfq.cloudfront.net\/2021\/07\/11141015\/image-210-300x195.png 300w\" sizes=\"auto, (max-width: 435px) 100vw, 435px\" \/><\/figure>\n\n\n\n<p><strong>Gabarito<\/strong>: E<\/p>\n\n\n\n<p><strong>Coment\u00e1rios<\/strong>: Vale lembrar aqui algumas proibi\u00e7\u00f5es do uso da crase. N\u00e3o se usa crase (i) antes de palavra masculina (Alternativas A e B); e (ii) antes de verbo (Alternativa C). Na letra (D), o verbo &#8220;dar&#8221; \u00e9 VTDI &#8211; quem d\u00e1, d\u00e1 ALGO (OD) A ALGU\u00c9M (OI) &#8211; e &#8220;documenta\u00e7\u00e3o&#8221; \u00e9 objeto direto, ou seja, n\u00e3o preposicionado. Assim, resta-nos a alternativa (E) como correta: &#8220;\u00e0 mesma hora&#8221;.<\/p>\n\n\n\n<figure class=\"wp-block-image size-large\"><img loading=\"lazy\" decoding=\"async\" width=\"448\" height=\"208\" src=\"https:\/\/dhg1h5j42swfq.cloudfront.net\/2021\/07\/11141546\/image-211.png\" alt=\"\" class=\"wp-image-791926\" srcset=\"https:\/\/dhg1h5j42swfq.cloudfront.net\/2021\/07\/11141546\/image-211.png 448w, https:\/\/dhg1h5j42swfq.cloudfront.net\/2021\/07\/11141546\/image-211-300x139.png 300w\" sizes=\"auto, (max-width: 448px) 100vw, 448px\" \/><\/figure>\n\n\n\n<p><strong>Gabarito<\/strong>: A<\/p>\n\n\n\n<p><strong>Coment\u00e1rios<\/strong>: O texto \u00e9 incoerente: se algu\u00e9m grita por socorro \u00e9 porque ele\/ela precisa de ajuda e, consequentemente, de que algu\u00e9m esteja ali. Ent\u00e3o, se for \u00e0 noite, o resultado que quem grita espera conseguir \u00e9 acordar algu\u00e9m para auxili\u00e1-lo\/la. Portanto, gabarito A.<\/p>\n\n\n\n<figure class=\"wp-block-image size-large\"><img loading=\"lazy\" decoding=\"async\" width=\"447\" height=\"283\" src=\"https:\/\/dhg1h5j42swfq.cloudfront.net\/2021\/07\/11141852\/image-212.png\" alt=\"\" class=\"wp-image-791928\" srcset=\"https:\/\/dhg1h5j42swfq.cloudfront.net\/2021\/07\/11141852\/image-212.png 447w, https:\/\/dhg1h5j42swfq.cloudfront.net\/2021\/07\/11141852\/image-212-300x190.png 300w\" sizes=\"auto, (max-width: 447px) 100vw, 447px\" \/><\/figure>\n\n\n\n<p><strong>Gabarito<\/strong>: A<\/p>\n\n\n\n<p><strong>Coment\u00e1rios<\/strong>: O objetivo principal do texto \u00e9 justamente apresentar a Scotland Yard: o que \u00e9, a origem de seu nome e onde se localiza. Portanto, gabarito A.<\/p>\n\n\n\n<figure class=\"wp-block-image size-large\"><img loading=\"lazy\" decoding=\"async\" width=\"437\" height=\"317\" src=\"https:\/\/dhg1h5j42swfq.cloudfront.net\/2021\/07\/11142028\/image-213.png\" alt=\"\" class=\"wp-image-791932\" srcset=\"https:\/\/dhg1h5j42swfq.cloudfront.net\/2021\/07\/11142028\/image-213.png 437w, https:\/\/dhg1h5j42swfq.cloudfront.net\/2021\/07\/11142028\/image-213-300x218.png 300w\" sizes=\"auto, (max-width: 437px) 100vw, 437px\" \/><\/figure>\n\n\n\n<p><strong>Gabarito<\/strong>: C<\/p>\n\n\n\n<p><strong>Coment\u00e1rios<\/strong>: Dentre as alternativas, a letra (C) \u00e9 a correta, pois, de fato, &#8220;quartel&#8221; aparece pela primeira vez no tecto na linha 3 e se refere \u00e0 pol\u00edcia. Vejamos o erro das demais alternativas: (A) o pronome possessivo &#8220;seu&#8221; se refere a &#8220;Departamento de Investiga\u00e7\u00f5es Criminais da Pol\u00edcia Metropolitana de Londres&#8221;; em (B) e (D) as duas ocorr\u00eancias do pronome relativo &#8220;onde&#8221; t\u00eam refer\u00eancia em &#8220;rua&#8221;; (E) o pronome relativo &#8220;que&#8221; refere-se a &#8220;pal\u00e1cio&#8221;.<\/p>\n\n\n\n<figure class=\"wp-block-image size-large\"><img loading=\"lazy\" decoding=\"async\" width=\"433\" height=\"289\" src=\"https:\/\/dhg1h5j42swfq.cloudfront.net\/2021\/07\/11142453\/image-214.png\" alt=\"\" class=\"wp-image-791935\" srcset=\"https:\/\/dhg1h5j42swfq.cloudfront.net\/2021\/07\/11142453\/image-214.png 433w, https:\/\/dhg1h5j42swfq.cloudfront.net\/2021\/07\/11142453\/image-214-300x200.png 300w\" sizes=\"auto, (max-width: 433px) 100vw, 433px\" \/><\/figure>\n\n\n\n<p><strong>Gabarito<\/strong>: D<\/p>\n\n\n\n<p><strong>Coment\u00e1rios<\/strong>: Note que a frase est\u00e1 constru\u00edda no Imperativo Afirmativo e, no original, h\u00e1 a mistura entre 2\u00aa e 3\u00aa pessoas. Para que ela esteja adequada \u00e0 norma culta, deveria estar assim redigida: &#8220;Cometa um crime e voc\u00ea descobrir\u00e1 como o mundo \u00e9 de vidro&#8221; (3\u00ba pessoa do singular) ou &#8220;Comete um crime e tu descobrir\u00e1s como o mundo \u00e9 de vidro&#8221; (2\u00aa pessoa do singular). Assim, a \u00fanica alternativa correta \u00e9 a letra D.<\/p>\n\n\n\n<figure class=\"wp-block-image size-large\"><img loading=\"lazy\" decoding=\"async\" width=\"491\" height=\"290\" src=\"https:\/\/dhg1h5j42swfq.cloudfront.net\/2021\/07\/11143715\/image-217.png\" alt=\"\" class=\"wp-image-791943\" srcset=\"https:\/\/dhg1h5j42swfq.cloudfront.net\/2021\/07\/11143715\/image-217.png 491w, https:\/\/dhg1h5j42swfq.cloudfront.net\/2021\/07\/11143715\/image-217-300x177.png 300w\" sizes=\"auto, (max-width: 491px) 100vw, 491px\" \/><\/figure>\n\n\n\n<p><strong>Gabarito<\/strong>: D<\/p>\n\n\n\n<p><strong>Coment\u00e1rios<\/strong>: Note que a frase est\u00e1 constru\u00edda no Imperativo Afirmativo e, no original, h\u00e1 a mistura entre 2\u00aa e 3\u00aa pessoas. Para que ela esteja adequada \u00e0 norma culta, deveria estar assim redigida: &#8220;Cometa um crime e voc\u00ea descobrir\u00e1 como o mundo \u00e9 de vidro&#8221; (3\u00ba pessoa do singular) ou &#8220;Comete um crime e tu descobrir\u00e1s como o mundo \u00e9 de vidro&#8221; (2\u00aa pessoa do singular). Assim, a \u00fanica alternativa correta \u00e9 a letra D.<\/p>\n\n\n\n<figure class=\"wp-block-image size-large\"><img loading=\"lazy\" decoding=\"async\" width=\"485\" height=\"510\" src=\"https:\/\/dhg1h5j42swfq.cloudfront.net\/2021\/07\/11144112\/image-218.png\" alt=\"\" class=\"wp-image-791951\" srcset=\"https:\/\/dhg1h5j42swfq.cloudfront.net\/2021\/07\/11144112\/image-218.png 485w, https:\/\/dhg1h5j42swfq.cloudfront.net\/2021\/07\/11144112\/image-218-285x300.png 285w\" sizes=\"auto, (max-width: 485px) 100vw, 485px\" \/><\/figure>\n\n\n\n<p><strong>Gabarito<\/strong>: C<\/p>\n\n\n\n<p><strong>Coment\u00e1rios<\/strong>: O trecho &#8220;segundo documenta\u00e7\u00e3o existente no Museu Nacional do Rio de Janeiro&#8221; tem a fun\u00e7\u00e3o tanto de revelar a fonte de informa\u00e7\u00e3o (B), quanto dar credibilidade ao que \u00e9 dito a seguir (D). Entendemos aqui que ambas as alternativas est\u00e3o corretas, o que cabe recurso pedindo a anula\u00e7\u00e3o da quest\u00e3o, por haver 2 alternativas corretas.<\/p>\n\n\n\n<figure class=\"wp-block-image size-large\"><img loading=\"lazy\" decoding=\"async\" width=\"487\" height=\"237\" src=\"https:\/\/dhg1h5j42swfq.cloudfront.net\/2021\/07\/11144356\/image-219.png\" alt=\"\" class=\"wp-image-791955\" srcset=\"https:\/\/dhg1h5j42swfq.cloudfront.net\/2021\/07\/11144356\/image-219.png 487w, https:\/\/dhg1h5j42swfq.cloudfront.net\/2021\/07\/11144356\/image-219-300x146.png 300w\" sizes=\"auto, (max-width: 487px) 100vw, 487px\" \/><\/figure>\n\n\n\n<p><strong>Gabarito<\/strong>: E<\/p>\n\n\n\n<p><strong>Coment\u00e1rios<\/strong>: O \u00fanico conectivo que n\u00e3o tem seu valor sem\u00e2ntico corretamente indicado \u00e9 a letra (E), &#8220;com&#8221;, pois, no texto, a preposi\u00e7\u00e3o &#8220;com&#8221; tem valor de &#8220;causa&#8221;.<\/p>\n\n\n\n<figure class=\"wp-block-image size-large\"><img loading=\"lazy\" decoding=\"async\" width=\"502\" height=\"609\" src=\"https:\/\/dhg1h5j42swfq.cloudfront.net\/2021\/07\/11144721\/image-220.png\" alt=\"\" class=\"wp-image-791960\" srcset=\"https:\/\/dhg1h5j42swfq.cloudfront.net\/2021\/07\/11144721\/image-220.png 502w, https:\/\/dhg1h5j42swfq.cloudfront.net\/2021\/07\/11144721\/image-220-247x300.png 247w\" sizes=\"auto, (max-width: 502px) 100vw, 502px\" \/><\/figure>\n\n\n\n<p><strong>Gabarito<\/strong>: A<\/p>\n\n\n\n<p><strong>Coment\u00e1rios<\/strong>: A alternativa que apresenta corre\u00e7\u00e3o no uso da pontua\u00e7\u00e3o \u00e9 a letra (A). Vejamos o erro das demais alternativas: (B) erro na uso de dois pontos; (C) &#8220;no dia 20 de novembro de 1530&#8221; \u00e9 um adjunto adverbial deslocado que deve ser separado por v\u00edrgulas; (D) erro no uso de dois pontos; (E) a v\u00edrgula est\u00e1 separando verbo de seu complemento, o que \u00e9 proibido.<\/p>\n\n\n\n<figure class=\"wp-block-image size-large\"><img loading=\"lazy\" decoding=\"async\" width=\"492\" height=\"232\" src=\"https:\/\/dhg1h5j42swfq.cloudfront.net\/2021\/07\/11145045\/image-221.png\" alt=\"\" class=\"wp-image-791964\" srcset=\"https:\/\/dhg1h5j42swfq.cloudfront.net\/2021\/07\/11145045\/image-221.png 492w, https:\/\/dhg1h5j42swfq.cloudfront.net\/2021\/07\/11145045\/image-221-300x141.png 300w\" sizes=\"auto, (max-width: 492px) 100vw, 492px\" \/><\/figure>\n\n\n\n<p><strong>Gabarito<\/strong>: C<\/p>\n\n\n\n<p><strong>Coment\u00e1rios<\/strong>: Note que, ao afirmar que as leis devem proteger tanto &#8220;nosso advers\u00e1rio&#8221; quanto a n\u00f3s, Rui Barbosa entende que as leis n\u00e3o devem fazer diferencia\u00e7\u00e3o. Assim, a alternativa que traz essa ideia \u00e9 a letra (C). As alternativas (A) e (B) contrariam a ideia principal da frase e as alternativas (D) e (E) extrapolam o tema. <\/p>\n\n\n\n<figure class=\"wp-block-image size-large\"><img loading=\"lazy\" decoding=\"async\" width=\"494\" height=\"255\" src=\"https:\/\/dhg1h5j42swfq.cloudfront.net\/2021\/07\/11145322\/image-222.png\" alt=\"\" class=\"wp-image-791968\" srcset=\"https:\/\/dhg1h5j42swfq.cloudfront.net\/2021\/07\/11145322\/image-222.png 494w, https:\/\/dhg1h5j42swfq.cloudfront.net\/2021\/07\/11145322\/image-222-300x155.png 300w\" sizes=\"auto, (max-width: 494px) 100vw, 494px\" \/><\/figure>\n\n\n\n<p><strong>Gabarito<\/strong>: D<\/p>\n\n\n\n<p><strong>Coment\u00e1rios<\/strong>: A \u00fanica alternativa que traz erro em rela\u00e7\u00e3o ao uso do artigo \u00e9 a Letra (D). &#8220;Todo o dia&#8221; significa &#8220;dia inteiro&#8221;, o que n\u00e3o \u00e9 o sentido que a frase quer dar. O correto, ent\u00e3o, seria &#8220;todo dia&#8221;. As demais alternativas apresentam uso correto dos artigos.<\/p>\n\n\n\n<figure class=\"wp-block-image size-large\"><img loading=\"lazy\" decoding=\"async\" width=\"409\" height=\"365\" src=\"https:\/\/dhg1h5j42swfq.cloudfront.net\/2021\/07\/11145827\/image-223.png\" alt=\"\" class=\"wp-image-791976\" srcset=\"https:\/\/dhg1h5j42swfq.cloudfront.net\/2021\/07\/11145827\/image-223.png 409w, https:\/\/dhg1h5j42swfq.cloudfront.net\/2021\/07\/11145827\/image-223-300x268.png 300w\" sizes=\"auto, (max-width: 409px) 100vw, 409px\" \/><\/figure>\n\n\n\n<p> <strong>Gabarito<\/strong>: E<\/p>\n\n\n\n<p><strong>Coment\u00e1rios<\/strong>: A alternativa adequada \u00e0 norma culta \u00e9 a letra (E). Vejamos os erros das demais: (A) erro no uso da v\u00edrgula, separando sujeito do verbo; (B) falta de v\u00edrgula antes de &#8220;exceto&#8221; e erro de reg\u00eancia nominal &#8211; &#8220;fato de&#8221;; (C) al\u00e9m de o sentido estar equivocado, h\u00e1 erro de reg\u00eancia nominal &#8211; &#8220;fato de&#8221;; (D)  o sentido est\u00e1 correto, mas h\u00e1 erro de reg\u00eancia nominal &#8211; &#8220;fato de&#8221;.<\/p>\n\n\n\n<figure class=\"wp-block-image size-large\"><img loading=\"lazy\" decoding=\"async\" width=\"412\" height=\"273\" src=\"https:\/\/dhg1h5j42swfq.cloudfront.net\/2021\/07\/11150131\/image-224.png\" alt=\"\" class=\"wp-image-791977\" srcset=\"https:\/\/dhg1h5j42swfq.cloudfront.net\/2021\/07\/11150131\/image-224.png 412w, https:\/\/dhg1h5j42swfq.cloudfront.net\/2021\/07\/11150131\/image-224-300x199.png 300w\" sizes=\"auto, (max-width: 412px) 100vw, 412px\" \/><\/figure>\n\n\n\n<p> <strong>Gabarito<\/strong>: D<\/p>\n\n\n\n<p><strong>Coment\u00e1rios<\/strong>: A alternativa que prop\u00f5e substitui\u00e7\u00e3o adequada \u00e0 norma culta \u00e9 a letra (D). Vejamos os erros das demais: (A) &#8220;cumpriu&#8221; est\u00e1 flexionado no Pret\u00e9rito Perfeito e significa uma a\u00e7\u00e3o j\u00e1 finalizada no passado, o que n\u00e3o se mant\u00e9m com a substitui\u00e7\u00e3o por &#8220;tem cumprido&#8221;; (B) &#8220;mandado&#8221; significa ordem judicial, enquanto &#8220;mandato&#8221; \u00e9 o tempo da legislatura de um deputado, por exemplo; (C) &#8220;um dos quais&#8221; n\u00e3o cabe na frase original; (E) a substitui\u00e7\u00e3o da voz passiva anal\u00edtica pela sint\u00e9tica no trecho deveria ser seguida pela reestrutura\u00e7\u00e3o da frase.<\/p>\n\n\n\n<figure class=\"wp-block-image size-large\"><img loading=\"lazy\" decoding=\"async\" width=\"405\" height=\"178\" src=\"https:\/\/dhg1h5j42swfq.cloudfront.net\/2021\/07\/11150613\/image-225.png\" alt=\"\" class=\"wp-image-791983\" srcset=\"https:\/\/dhg1h5j42swfq.cloudfront.net\/2021\/07\/11150613\/image-225.png 405w, https:\/\/dhg1h5j42swfq.cloudfront.net\/2021\/07\/11150613\/image-225-300x132.png 300w\" sizes=\"auto, (max-width: 405px) 100vw, 405px\" \/><\/figure>\n\n\n\n<p> <strong>Gabarito<\/strong>: C<\/p>\n\n\n\n<p><strong>Coment\u00e1rios<\/strong>: Para a quest\u00e3o, entenda que &#8220;onde&#8221; e &#8220;aonde&#8221;. \u201cOnde\u201d tem o sentido de algo que est\u00e1 parado, est\u00e1tico, j\u00e1 &#8220;aonde&#8221; se refere \u00e0 dire\u00e7\u00e3o, ou seja, a movimento. Na alternativa (C), &#8220;estar&#8221; tem o sentido est\u00e1tico, por isso o uso de &#8220;onde&#8221; est\u00e1 correto. Nas demais alternativas, o uso de &#8220;onde&#8221; e &#8220;aonde&#8221; est\u00e1 trocado.<\/p>\n\n\n\n<figure class=\"wp-block-image size-large\"><img loading=\"lazy\" decoding=\"async\" width=\"407\" height=\"240\" src=\"https:\/\/dhg1h5j42swfq.cloudfront.net\/2021\/07\/11151718\/image-226.png\" alt=\"\" class=\"wp-image-791993\" srcset=\"https:\/\/dhg1h5j42swfq.cloudfront.net\/2021\/07\/11151718\/image-226.png 407w, https:\/\/dhg1h5j42swfq.cloudfront.net\/2021\/07\/11151718\/image-226-300x177.png 300w\" sizes=\"auto, (max-width: 407px) 100vw, 407px\" \/><\/figure>\n\n\n\n<p> <strong>Gabarito<\/strong>: C<\/p>\n\n\n\n<p><strong>Coment\u00e1rios<\/strong>: A \u00fanica substitui\u00e7\u00e3o correta \u00e9 a letra (C), pois, inclusive, mant\u00e9m o paralelismo da frase: &#8220;por reflex\u00e3o&#8221;, &#8220;por imita\u00e7\u00e3o&#8221; e &#8220;por experi\u00eancia&#8221;. Vejamos o erro das demais alternativas: (A) o artigo feminino traz uma defini\u00e7\u00e3o que muda o sentido; (B) e (D) n\u00e3o s\u00e3o corretas, pois n\u00e3o h\u00e1 ideia de superlativo; (E) a substitui\u00e7\u00e3o de &#8220;por&#8221; por &#8220;atrav\u00e9s&#8221; quebra o paralelismo da frase.<\/p>\n\n\n\n<figure class=\"wp-block-image size-large\"><img loading=\"lazy\" decoding=\"async\" width=\"393\" height=\"343\" src=\"https:\/\/dhg1h5j42swfq.cloudfront.net\/2021\/07\/11152127\/image-227.png\" alt=\"\" class=\"wp-image-791994\" srcset=\"https:\/\/dhg1h5j42swfq.cloudfront.net\/2021\/07\/11152127\/image-227.png 393w, https:\/\/dhg1h5j42swfq.cloudfront.net\/2021\/07\/11152127\/image-227-300x262.png 300w\" sizes=\"auto, (max-width: 393px) 100vw, 393px\" \/><\/figure>\n\n\n\n<p><strong>Gabarito<\/strong>: A<\/p>\n\n\n\n<p><strong>Coment\u00e1rios<\/strong>: &#8220;Dramatizada&#8221; n\u00e3o tem rela\u00e7\u00e3o com o lado tr\u00e1gico, mas significa representar, teatralizar, por isso a alternativa (A) \u00e9 a incorreta. As demais alternativas trazem refer\u00eancias corretas ao texto.<\/p>\n\n\n\n<figure class=\"wp-block-image size-large\"><img loading=\"lazy\" decoding=\"async\" width=\"391\" height=\"253\" src=\"https:\/\/dhg1h5j42swfq.cloudfront.net\/2021\/07\/11152631\/image-228.png\" alt=\"\" class=\"wp-image-791996\" srcset=\"https:\/\/dhg1h5j42swfq.cloudfront.net\/2021\/07\/11152631\/image-228.png 391w, https:\/\/dhg1h5j42swfq.cloudfront.net\/2021\/07\/11152631\/image-228-300x194.png 300w\" sizes=\"auto, (max-width: 391px) 100vw, 391px\" \/><\/figure>\n\n\n\n<p><strong>Gabarito<\/strong>: E<\/p>\n\n\n\n<p><strong>Coment\u00e1rios<\/strong>: O conectivo &#8220;mas&#8221; tem valor adversativo e, por isso, a alternativa correta deve trazer uma ideia contr\u00e1ria \u00e0 ora\u00e7\u00e3o que o antecede. Assim, o gabarito \u00e9 a letra E. As demais alternativas (C) e (D) se tornam incoerentes quando utilizamos o conectivo &#8220;mas&#8221;.<\/p>\n\n\n\n<figure class=\"wp-block-image size-large\"><img loading=\"lazy\" decoding=\"async\" width=\"407\" height=\"329\" src=\"https:\/\/dhg1h5j42swfq.cloudfront.net\/2021\/07\/11152903\/image-229.png\" alt=\"\" class=\"wp-image-791997\" srcset=\"https:\/\/dhg1h5j42swfq.cloudfront.net\/2021\/07\/11152903\/image-229.png 407w, https:\/\/dhg1h5j42swfq.cloudfront.net\/2021\/07\/11152903\/image-229-300x243.png 300w\" sizes=\"auto, (max-width: 407px) 100vw, 407px\" \/><\/figure>\n\n\n\n<p><strong>Gabarito<\/strong>: B<\/p>\n\n\n\n<p><strong>Coment\u00e1rios<\/strong>: Quest\u00e3o que beira a extrapola\u00e7\u00e3o, portanto cuidado. A alternativa que traz clara refer\u00eancia ao texto \u00e9 a (B), se referir a &#8220;liberta\u00e7\u00e3o de prisioneiros por progress\u00e3o de regime&#8221;, que est\u00e1 relacionado \u00e0 ideia do texto de que &#8220;havia rompido tornozeleira eletr\u00f4nica ap\u00f3s ter progredido de regime&#8221;. As demais alternativas extrapolam o trazido pelo texto, ainda que possam parecer verdade.<\/p>\n\n\n\n<p>Voc\u00ea pode tamb\u00e9m dar uma olhada na corre\u00e7\u00e3o em v\u00eddeo feita pela Professora Jana\u00edna Arruda. \u00c9 s\u00f3 acompanhar:<\/p>\n\n\n\n<p>Se voc\u00ea quer conhecer mais do trabalho do Time de Portugu\u00eas do Estrat\u00e9gia Concursos,&nbsp;<a href=\"https:\/\/www.estrategiaconcursos.com.br\/cursos\/concurso\/\">clique aqui<\/a>&nbsp;e tenha acesso \u00e0s aulas demonstrativas dos cursos de L\u00edngua Portuguesa.<\/p>\n\n\n\n<p><strong>Grande abra\u00e7o!<\/strong><\/p>\n\n\n\n<p><strong>Prof\u00aa. Patr\u00edcia Manzato<\/strong><\/p>\n\n\n\n<p><strong>E-mail: <\/strong>pmm.concursos@gmail.com<\/p>\n\n\n\n<p><strong><a href=\"https:\/\/www.facebook.com\/prof.patriciamanzato\">Facebook da Prof\u00aa Patr\u00edcia Manzato<\/a><\/strong><\/p>\n\n\n\n<p><strong><a href=\"https:\/\/www.instagram.com\/prof.patriciamanzato\/\">Instagram da Prof\u00aa Patr\u00edcia Manzato<\/a><\/strong><\/p>\n","protected":false},"excerpt":{"rendered":"<p>Ol\u00e1, pessoal! Para quem n\u00e3o me conhece , meu nome \u00e9&nbsp;Patr\u00edcia Manzato&nbsp;e sou Professora e Coach aqui no Estrat\u00e9gia Concursos, fazendo parte do Time de Portugu\u00eas. Inicialmente,&nbsp;convido voc\u00ea a me seguir no INSTAGRAM:&nbsp;Instagram da Prof\u00aa. Patr\u00edcia Manzato Neste artigo, vamos comentar as quest\u00f5es de&nbsp;L\u00edngua Portuguesa que foram cobradas pela Banca&nbsp;FGV&nbsp;no concurso da PC-RN para os [&hellip;]<\/p>\n","protected":false},"author":1986,"featured_media":792037,"comment_status":"open","ping_status":"closed","sticky":false,"template":"","format":"standard","meta":{"post_tipo":"article","footnotes":""},"categories":[1988],"tags":[],"tax_estado":[219983],"class_list":["post-791907","post","type-post","status-publish","format-standard","has-post-thumbnail","hentry","category-policia","tax_estado-rn"],"acf":[],"yoast_head":"<!-- This site is optimized with the Yoast SEO Premium plugin v27.2 (Yoast SEO v27.2) - https:\/\/yoast.com\/product\/yoast-seo-premium-wordpress\/ -->\n<title>Gabarito Extraoficial PC-RN - L\u00edngua Portuguesa: Agente e Escriv\u00e3o de Pol\u00edcia<\/title>\n<meta name=\"description\" content=\"Aconteceu no domingo, 11\/07, a prova objetiva para os cargos de Agente e Escriv\u00e3o da PC-RN. Confira aqui a prova de L\u00edngua Portuguesa\" \/>\n<meta name=\"robots\" content=\"index, follow, max-snippet:-1, max-image-preview:large, max-video-preview:-1\" \/>\n<link rel=\"canonical\" href=\"https:\/\/www.estrategiaconcursos.com.br\/blog\/gabarito-pcrn-lingua-portuguesa\/\" \/>\n<meta property=\"og:locale\" content=\"pt_BR\" \/>\n<meta property=\"og:type\" content=\"article\" \/>\n<meta property=\"og:title\" content=\"Gabarito Extraoficial PC-RN - L\u00edngua Portuguesa: Agente e Escriv\u00e3o de Pol\u00edcia\" \/>\n<meta property=\"og:description\" content=\"Aconteceu no domingo, 11\/07, a prova objetiva para os cargos de Agente e Escriv\u00e3o da PC-RN. Confira aqui a prova de L\u00edngua Portuguesa\" \/>\n<meta property=\"og:url\" content=\"https:\/\/www.estrategiaconcursos.com.br\/blog\/gabarito-pcrn-lingua-portuguesa\/\" \/>\n<meta property=\"og:site_name\" content=\"Estrat\u00e9gia Concursos\" \/>\n<meta property=\"article:published_time\" content=\"2021-07-11T18:39:21+00:00\" \/>\n<meta property=\"article:modified_time\" content=\"2023-01-03T17:24:07+00:00\" \/>\n<meta property=\"og:image\" content=\"https:\/\/dhg1h5j42swfq.cloudfront.net\/2021\/07\/11163836\/novapcrn.jpg\" \/>\n\t<meta property=\"og:image:width\" content=\"766\" \/>\n\t<meta property=\"og:image:height\" content=\"400\" \/>\n\t<meta property=\"og:image:type\" content=\"image\/jpeg\" \/>\n<meta name=\"author\" content=\"Patr\u00edcia Manzato Moises\" \/>\n<meta name=\"twitter:card\" content=\"summary_large_image\" \/>\n<meta name=\"twitter:creator\" content=\"@EstratConcursos\" \/>\n<meta name=\"twitter:site\" content=\"@EstratConcursos\" \/>\n<meta name=\"twitter:label1\" content=\"Escrito por\" \/>\n\t<meta name=\"twitter:data1\" content=\"Patr\u00edcia Manzato Moises\" \/>\n\t<meta name=\"twitter:label2\" content=\"Est. tempo de leitura\" \/>\n\t<meta name=\"twitter:data2\" content=\"11 minutos\" \/>\n<script type=\"application\/ld+json\" class=\"yoast-schema-graph\">{\"@context\":\"https:\/\/schema.org\",\"@graph\":[{\"@type\":\"NewsArticle\",\"@id\":\"https:\/\/www.estrategiaconcursos.com.br\/blog\/gabarito-pcrn-lingua-portuguesa\/#article\",\"isPartOf\":{\"@id\":\"https:\/\/www.estrategiaconcursos.com.br\/blog\/gabarito-pcrn-lingua-portuguesa\/\"},\"author\":{\"name\":\"Patr\u00edcia Manzato Moises\",\"@id\":\"https:\/\/www.estrategiaconcursos.com.br\/blog\/#\/schema\/person\/894a6825c97e799c105b889b16c74f9e\"},\"headline\":\"Gabarito Extraoficial PC-RN &#8211; L\u00edngua Portuguesa: Agente e Escriv\u00e3o de Pol\u00edcia\",\"datePublished\":\"2021-07-11T18:39:21+00:00\",\"dateModified\":\"2023-01-03T17:24:07+00:00\",\"mainEntityOfPage\":{\"@id\":\"https:\/\/www.estrategiaconcursos.com.br\/blog\/gabarito-pcrn-lingua-portuguesa\/\"},\"wordCount\":1550,\"commentCount\":0,\"publisher\":{\"@id\":\"https:\/\/www.estrategiaconcursos.com.br\/blog\/#organization\"},\"image\":{\"@id\":\"https:\/\/www.estrategiaconcursos.com.br\/blog\/gabarito-pcrn-lingua-portuguesa\/#primaryimage\"},\"thumbnailUrl\":\"https:\/\/dhg1h5j42swfq.cloudfront.net\/2021\/07\/11163836\/novapcrn.jpg\",\"articleSection\":[\"Policial (Agente, Escriv\u00e3o e Investigador)\"],\"inLanguage\":\"pt-BR\",\"potentialAction\":[{\"@type\":\"CommentAction\",\"name\":\"Comment\",\"target\":[\"https:\/\/www.estrategiaconcursos.com.br\/blog\/gabarito-pcrn-lingua-portuguesa\/#respond\"]}],\"copyrightYear\":\"2021\",\"copyrightHolder\":{\"@id\":\"https:\/\/www.estrategiaconcursos.com.br\/blog\/#organization\"}},{\"@type\":\"WebPage\",\"@id\":\"https:\/\/www.estrategiaconcursos.com.br\/blog\/gabarito-pcrn-lingua-portuguesa\/\",\"url\":\"https:\/\/www.estrategiaconcursos.com.br\/blog\/gabarito-pcrn-lingua-portuguesa\/\",\"name\":\"Gabarito Extraoficial PC-RN - L\u00edngua Portuguesa: Agente e Escriv\u00e3o de Pol\u00edcia\",\"isPartOf\":{\"@id\":\"https:\/\/www.estrategiaconcursos.com.br\/blog\/#website\"},\"primaryImageOfPage\":{\"@id\":\"https:\/\/www.estrategiaconcursos.com.br\/blog\/gabarito-pcrn-lingua-portuguesa\/#primaryimage\"},\"image\":{\"@id\":\"https:\/\/www.estrategiaconcursos.com.br\/blog\/gabarito-pcrn-lingua-portuguesa\/#primaryimage\"},\"thumbnailUrl\":\"https:\/\/dhg1h5j42swfq.cloudfront.net\/2021\/07\/11163836\/novapcrn.jpg\",\"datePublished\":\"2021-07-11T18:39:21+00:00\",\"dateModified\":\"2023-01-03T17:24:07+00:00\",\"description\":\"Aconteceu no domingo, 11\/07, a prova objetiva para os cargos de Agente e Escriv\u00e3o da PC-RN. Confira aqui a prova de L\u00edngua Portuguesa\",\"breadcrumb\":{\"@id\":\"https:\/\/www.estrategiaconcursos.com.br\/blog\/gabarito-pcrn-lingua-portuguesa\/#breadcrumb\"},\"inLanguage\":\"pt-BR\",\"potentialAction\":[{\"@type\":\"ReadAction\",\"target\":[\"https:\/\/www.estrategiaconcursos.com.br\/blog\/gabarito-pcrn-lingua-portuguesa\/\"]}]},{\"@type\":\"ImageObject\",\"inLanguage\":\"pt-BR\",\"@id\":\"https:\/\/www.estrategiaconcursos.com.br\/blog\/gabarito-pcrn-lingua-portuguesa\/#primaryimage\",\"url\":\"https:\/\/dhg1h5j42swfq.cloudfront.net\/2021\/07\/11163836\/novapcrn.jpg\",\"contentUrl\":\"https:\/\/dhg1h5j42swfq.cloudfront.net\/2021\/07\/11163836\/novapcrn.jpg\",\"width\":766,\"height\":400},{\"@type\":\"BreadcrumbList\",\"@id\":\"https:\/\/www.estrategiaconcursos.com.br\/blog\/gabarito-pcrn-lingua-portuguesa\/#breadcrumb\",\"itemListElement\":[{\"@type\":\"ListItem\",\"position\":1,\"name\":\"In\u00edcio\",\"item\":\"https:\/\/www.estrategiaconcursos.com.br\/blog\/\"},{\"@type\":\"ListItem\",\"position\":2,\"name\":\"Gabarito Extraoficial PC-RN &#8211; L\u00edngua Portuguesa: Agente e Escriv\u00e3o de Pol\u00edcia\"}]},{\"@type\":\"WebSite\",\"@id\":\"https:\/\/www.estrategiaconcursos.com.br\/blog\/#website\",\"url\":\"https:\/\/www.estrategiaconcursos.com.br\/blog\/\",\"name\":\"Estrat\u00e9gia Concursos\",\"description\":\"O blog da Estrat\u00e9gia Concursos traz not\u00edcias sobre concursos e artigos de professores oferecendo cursos para concursos (pdf + videaulas) no site.\",\"publisher\":{\"@id\":\"https:\/\/www.estrategiaconcursos.com.br\/blog\/#organization\"},\"potentialAction\":[{\"@type\":\"SearchAction\",\"target\":{\"@type\":\"EntryPoint\",\"urlTemplate\":\"https:\/\/www.estrategiaconcursos.com.br\/blog\/?s={search_term_string}\"},\"query-input\":{\"@type\":\"PropertyValueSpecification\",\"valueRequired\":true,\"valueName\":\"search_term_string\"}}],\"inLanguage\":\"pt-BR\"},{\"@type\":\"Organization\",\"@id\":\"https:\/\/www.estrategiaconcursos.com.br\/blog\/#organization\",\"name\":\"Estrat\u00e9gia Concursos\",\"url\":\"https:\/\/www.estrategiaconcursos.com.br\/blog\/\",\"logo\":{\"@type\":\"ImageObject\",\"inLanguage\":\"pt-BR\",\"@id\":\"https:\/\/www.estrategiaconcursos.com.br\/blog\/#\/schema\/logo\/image\/\",\"url\":\"https:\/\/dhg1h5j42swfq.cloudfront.net\/2025\/06\/03203428\/logo_concursos-1.jpg\",\"contentUrl\":\"https:\/\/dhg1h5j42swfq.cloudfront.net\/2025\/06\/03203428\/logo_concursos-1.jpg\",\"width\":230,\"height\":60,\"caption\":\"Estrat\u00e9gia Concursos\"},\"image\":{\"@id\":\"https:\/\/www.estrategiaconcursos.com.br\/blog\/#\/schema\/logo\/image\/\"},\"sameAs\":[\"https:\/\/x.com\/EstratConcursos\"]},{\"@type\":\"Person\",\"@id\":\"https:\/\/www.estrategiaconcursos.com.br\/blog\/#\/schema\/person\/894a6825c97e799c105b889b16c74f9e\",\"name\":\"Patr\u00edcia Manzato Moises\",\"image\":{\"@type\":\"ImageObject\",\"inLanguage\":\"pt-BR\",\"@id\":\"https:\/\/secure.gravatar.com\/avatar\/71e1514d95ed6600e179b925d7530146c6b91de824a91a5b3c46055b4d83bb12?s=96&d=mm&r=g\",\"url\":\"https:\/\/secure.gravatar.com\/avatar\/71e1514d95ed6600e179b925d7530146c6b91de824a91a5b3c46055b4d83bb12?s=96&d=mm&r=g\",\"contentUrl\":\"https:\/\/secure.gravatar.com\/avatar\/71e1514d95ed6600e179b925d7530146c6b91de824a91a5b3c46055b4d83bb12?s=96&d=mm&r=g\",\"caption\":\"Patr\u00edcia Manzato Moises\"},\"url\":\"https:\/\/www.estrategiaconcursos.com.br\/blog\/author\/pmm-concursosgmail-com\/\"}]}<\/script>\n<!-- \/ Yoast SEO Premium plugin. -->","yoast_head_json":{"title":"Gabarito Extraoficial PC-RN - L\u00edngua Portuguesa: Agente e Escriv\u00e3o de Pol\u00edcia","description":"Aconteceu no domingo, 11\/07, a prova objetiva para os cargos de Agente e Escriv\u00e3o da PC-RN. Confira aqui a prova de L\u00edngua Portuguesa","robots":{"index":"index","follow":"follow","max-snippet":"max-snippet:-1","max-image-preview":"max-image-preview:large","max-video-preview":"max-video-preview:-1"},"canonical":"https:\/\/www.estrategiaconcursos.com.br\/blog\/gabarito-pcrn-lingua-portuguesa\/","og_locale":"pt_BR","og_type":"article","og_title":"Gabarito Extraoficial PC-RN - L\u00edngua Portuguesa: Agente e Escriv\u00e3o de Pol\u00edcia","og_description":"Aconteceu no domingo, 11\/07, a prova objetiva para os cargos de Agente e Escriv\u00e3o da PC-RN. Confira aqui a prova de L\u00edngua Portuguesa","og_url":"https:\/\/www.estrategiaconcursos.com.br\/blog\/gabarito-pcrn-lingua-portuguesa\/","og_site_name":"Estrat\u00e9gia Concursos","article_published_time":"2021-07-11T18:39:21+00:00","article_modified_time":"2023-01-03T17:24:07+00:00","og_image":[{"width":766,"height":400,"url":"https:\/\/dhg1h5j42swfq.cloudfront.net\/2021\/07\/11163836\/novapcrn.jpg","type":"image\/jpeg"}],"author":"Patr\u00edcia Manzato Moises","twitter_card":"summary_large_image","twitter_creator":"@EstratConcursos","twitter_site":"@EstratConcursos","twitter_misc":{"Escrito por":"Patr\u00edcia Manzato Moises","Est. tempo de leitura":"11 minutos"},"schema":{"@context":"https:\/\/schema.org","@graph":[{"@type":"NewsArticle","@id":"https:\/\/www.estrategiaconcursos.com.br\/blog\/gabarito-pcrn-lingua-portuguesa\/#article","isPartOf":{"@id":"https:\/\/www.estrategiaconcursos.com.br\/blog\/gabarito-pcrn-lingua-portuguesa\/"},"author":{"name":"Patr\u00edcia Manzato Moises","@id":"https:\/\/www.estrategiaconcursos.com.br\/blog\/#\/schema\/person\/894a6825c97e799c105b889b16c74f9e"},"headline":"Gabarito Extraoficial PC-RN &#8211; L\u00edngua Portuguesa: Agente e Escriv\u00e3o de Pol\u00edcia","datePublished":"2021-07-11T18:39:21+00:00","dateModified":"2023-01-03T17:24:07+00:00","mainEntityOfPage":{"@id":"https:\/\/www.estrategiaconcursos.com.br\/blog\/gabarito-pcrn-lingua-portuguesa\/"},"wordCount":1550,"commentCount":0,"publisher":{"@id":"https:\/\/www.estrategiaconcursos.com.br\/blog\/#organization"},"image":{"@id":"https:\/\/www.estrategiaconcursos.com.br\/blog\/gabarito-pcrn-lingua-portuguesa\/#primaryimage"},"thumbnailUrl":"https:\/\/dhg1h5j42swfq.cloudfront.net\/2021\/07\/11163836\/novapcrn.jpg","articleSection":["Policial (Agente, Escriv\u00e3o e Investigador)"],"inLanguage":"pt-BR","potentialAction":[{"@type":"CommentAction","name":"Comment","target":["https:\/\/www.estrategiaconcursos.com.br\/blog\/gabarito-pcrn-lingua-portuguesa\/#respond"]}],"copyrightYear":"2021","copyrightHolder":{"@id":"https:\/\/www.estrategiaconcursos.com.br\/blog\/#organization"}},{"@type":"WebPage","@id":"https:\/\/www.estrategiaconcursos.com.br\/blog\/gabarito-pcrn-lingua-portuguesa\/","url":"https:\/\/www.estrategiaconcursos.com.br\/blog\/gabarito-pcrn-lingua-portuguesa\/","name":"Gabarito Extraoficial PC-RN - L\u00edngua Portuguesa: Agente e Escriv\u00e3o de Pol\u00edcia","isPartOf":{"@id":"https:\/\/www.estrategiaconcursos.com.br\/blog\/#website"},"primaryImageOfPage":{"@id":"https:\/\/www.estrategiaconcursos.com.br\/blog\/gabarito-pcrn-lingua-portuguesa\/#primaryimage"},"image":{"@id":"https:\/\/www.estrategiaconcursos.com.br\/blog\/gabarito-pcrn-lingua-portuguesa\/#primaryimage"},"thumbnailUrl":"https:\/\/dhg1h5j42swfq.cloudfront.net\/2021\/07\/11163836\/novapcrn.jpg","datePublished":"2021-07-11T18:39:21+00:00","dateModified":"2023-01-03T17:24:07+00:00","description":"Aconteceu no domingo, 11\/07, a prova objetiva para os cargos de Agente e Escriv\u00e3o da PC-RN. Confira aqui a prova de L\u00edngua Portuguesa","breadcrumb":{"@id":"https:\/\/www.estrategiaconcursos.com.br\/blog\/gabarito-pcrn-lingua-portuguesa\/#breadcrumb"},"inLanguage":"pt-BR","potentialAction":[{"@type":"ReadAction","target":["https:\/\/www.estrategiaconcursos.com.br\/blog\/gabarito-pcrn-lingua-portuguesa\/"]}]},{"@type":"ImageObject","inLanguage":"pt-BR","@id":"https:\/\/www.estrategiaconcursos.com.br\/blog\/gabarito-pcrn-lingua-portuguesa\/#primaryimage","url":"https:\/\/dhg1h5j42swfq.cloudfront.net\/2021\/07\/11163836\/novapcrn.jpg","contentUrl":"https:\/\/dhg1h5j42swfq.cloudfront.net\/2021\/07\/11163836\/novapcrn.jpg","width":766,"height":400},{"@type":"BreadcrumbList","@id":"https:\/\/www.estrategiaconcursos.com.br\/blog\/gabarito-pcrn-lingua-portuguesa\/#breadcrumb","itemListElement":[{"@type":"ListItem","position":1,"name":"In\u00edcio","item":"https:\/\/www.estrategiaconcursos.com.br\/blog\/"},{"@type":"ListItem","position":2,"name":"Gabarito Extraoficial PC-RN &#8211; L\u00edngua Portuguesa: Agente e Escriv\u00e3o de Pol\u00edcia"}]},{"@type":"WebSite","@id":"https:\/\/www.estrategiaconcursos.com.br\/blog\/#website","url":"https:\/\/www.estrategiaconcursos.com.br\/blog\/","name":"Estrat\u00e9gia Concursos","description":"O blog da Estrat\u00e9gia Concursos traz not\u00edcias sobre concursos e artigos de professores oferecendo cursos para concursos (pdf + videaulas) no site.","publisher":{"@id":"https:\/\/www.estrategiaconcursos.com.br\/blog\/#organization"},"potentialAction":[{"@type":"SearchAction","target":{"@type":"EntryPoint","urlTemplate":"https:\/\/www.estrategiaconcursos.com.br\/blog\/?s={search_term_string}"},"query-input":{"@type":"PropertyValueSpecification","valueRequired":true,"valueName":"search_term_string"}}],"inLanguage":"pt-BR"},{"@type":"Organization","@id":"https:\/\/www.estrategiaconcursos.com.br\/blog\/#organization","name":"Estrat\u00e9gia Concursos","url":"https:\/\/www.estrategiaconcursos.com.br\/blog\/","logo":{"@type":"ImageObject","inLanguage":"pt-BR","@id":"https:\/\/www.estrategiaconcursos.com.br\/blog\/#\/schema\/logo\/image\/","url":"https:\/\/dhg1h5j42swfq.cloudfront.net\/2025\/06\/03203428\/logo_concursos-1.jpg","contentUrl":"https:\/\/dhg1h5j42swfq.cloudfront.net\/2025\/06\/03203428\/logo_concursos-1.jpg","width":230,"height":60,"caption":"Estrat\u00e9gia Concursos"},"image":{"@id":"https:\/\/www.estrategiaconcursos.com.br\/blog\/#\/schema\/logo\/image\/"},"sameAs":["https:\/\/x.com\/EstratConcursos"]},{"@type":"Person","@id":"https:\/\/www.estrategiaconcursos.com.br\/blog\/#\/schema\/person\/894a6825c97e799c105b889b16c74f9e","name":"Patr\u00edcia Manzato Moises","image":{"@type":"ImageObject","inLanguage":"pt-BR","@id":"https:\/\/secure.gravatar.com\/avatar\/71e1514d95ed6600e179b925d7530146c6b91de824a91a5b3c46055b4d83bb12?s=96&d=mm&r=g","url":"https:\/\/secure.gravatar.com\/avatar\/71e1514d95ed6600e179b925d7530146c6b91de824a91a5b3c46055b4d83bb12?s=96&d=mm&r=g","contentUrl":"https:\/\/secure.gravatar.com\/avatar\/71e1514d95ed6600e179b925d7530146c6b91de824a91a5b3c46055b4d83bb12?s=96&d=mm&r=g","caption":"Patr\u00edcia Manzato Moises"},"url":"https:\/\/www.estrategiaconcursos.com.br\/blog\/author\/pmm-concursosgmail-com\/"}]}},"_links":{"self":[{"href":"https:\/\/www.estrategiaconcursos.com.br\/blog\/wp-json\/wp\/v2\/posts\/791907","targetHints":{"allow":["GET"]}}],"collection":[{"href":"https:\/\/www.estrategiaconcursos.com.br\/blog\/wp-json\/wp\/v2\/posts"}],"about":[{"href":"https:\/\/www.estrategiaconcursos.com.br\/blog\/wp-json\/wp\/v2\/types\/post"}],"author":[{"embeddable":true,"href":"https:\/\/www.estrategiaconcursos.com.br\/blog\/wp-json\/wp\/v2\/users\/1986"}],"replies":[{"embeddable":true,"href":"https:\/\/www.estrategiaconcursos.com.br\/blog\/wp-json\/wp\/v2\/comments?post=791907"}],"version-history":[{"count":7,"href":"https:\/\/www.estrategiaconcursos.com.br\/blog\/wp-json\/wp\/v2\/posts\/791907\/revisions"}],"predecessor-version":[{"id":1146628,"href":"https:\/\/www.estrategiaconcursos.com.br\/blog\/wp-json\/wp\/v2\/posts\/791907\/revisions\/1146628"}],"wp:featuredmedia":[{"embeddable":true,"href":"https:\/\/www.estrategiaconcursos.com.br\/blog\/wp-json\/wp\/v2\/media\/792037"}],"wp:attachment":[{"href":"https:\/\/www.estrategiaconcursos.com.br\/blog\/wp-json\/wp\/v2\/media?parent=791907"}],"wp:term":[{"taxonomy":"category","embeddable":true,"href":"https:\/\/www.estrategiaconcursos.com.br\/blog\/wp-json\/wp\/v2\/categories?post=791907"},{"taxonomy":"post_tag","embeddable":true,"href":"https:\/\/www.estrategiaconcursos.com.br\/blog\/wp-json\/wp\/v2\/tags?post=791907"},{"taxonomy":"tax_estado","embeddable":true,"href":"https:\/\/www.estrategiaconcursos.com.br\/blog\/wp-json\/wp\/v2\/tax_estado?post=791907"}],"curies":[{"name":"wp","href":"https:\/\/api.w.org\/{rel}","templated":true}]}}