{"id":791391,"date":"2021-07-13T10:05:00","date_gmt":"2021-07-13T13:05:00","guid":{"rendered":"https:\/\/www.estrategiaconcursos.com.br\/blog\/?p=791391"},"modified":"2023-08-24T08:48:36","modified_gmt":"2023-08-24T11:48:36","slug":"conheca-os-principais-registros-da-efd-para-a-sefaz-es-parte-ii","status":"publish","type":"post","link":"https:\/\/www.estrategiaconcursos.com.br\/blog\/conheca-os-principais-registros-da-efd-para-a-sefaz-es-parte-ii\/","title":{"rendered":"Conhe\u00e7a os principais registros da EFD para a SEFAZ ES \u2013 Parte II"},"content":{"rendered":"\n<p>Ol\u00e1, pessoal! Agora na Parte II, daremos continuidade \u00e0 explana\u00e7\u00e3o sobre os principais registros da EFD para a SEFAZ ES, iniciada nesse outro <a href=\"https:\/\/www.estrategiaconcursos.com.br\/blog\/conheca-os-principais-registros-da-efd-para-a-sefaz-es\/\" target=\"_blank\" rel=\"noreferrer noopener\">artigo<\/a>. O edital da <a href=\"https:\/\/sefaz.es.gov.br\/\" target=\"_blank\" rel=\"noreferrer noopener\">SEFAZ ES<\/a> abordou o assunto dentro da disciplina <em>Tecnologia da Informa\u00e7\u00e3o aplicada \u00e0 auditoria tribut\u00e1ria<\/em>.<\/p>\n\n\n\n<p>Para relembrar, o <em>layout<\/em> da EFD consiste em um conjunto de <strong>Blocos<\/strong>, os quais s\u00e3o decompostos em <strong>Registros<\/strong>, que, por fim, cont\u00eam <strong>Campos<\/strong>, conforme a imagem abaixo.<\/p>\n\n\n\n<figure class=\"wp-block-image aligncenter size-large is-style-default\"><img loading=\"lazy\" decoding=\"async\" width=\"757\" height=\"359\" src=\"https:\/\/dhg1h5j42swfq.cloudfront.net\/2021\/07\/09224917\/figura-4.png\" alt=\"Blocos da EFD - EFD para a SEFAZ ES\" class=\"wp-image-791394\" srcset=\"https:\/\/dhg1h5j42swfq.cloudfront.net\/2021\/07\/09224917\/figura-4.png 757w, https:\/\/dhg1h5j42swfq.cloudfront.net\/2021\/07\/09224917\/figura-4-300x142.png 300w, https:\/\/dhg1h5j42swfq.cloudfront.net\/2021\/07\/09224917\/figura-4-610x289.png 610w\" sizes=\"auto, (max-width: 757px) 100vw, 757px\" \/><figcaption class=\"wp-element-caption\">Blocos da EFD<\/figcaption><\/figure>\n\n\n\n<p>No artigo anterior, tratamos dos <strong>registros<\/strong> do <strong>Bloco 0<\/strong> que foram citados no edital: 0000, 0150, 0200, 0220.&nbsp; Nessa parte, trataremos de alguns registros do <strong>Blocos C \u2013 Documentos Fiscais I \u2013 Mercadorias (ICMS\/IPI)<\/strong>: C100, C170, C176, C195 e C197.<\/p>\n\n\n\n<h2 class=\"wp-block-heading\" id=\"h-o-bloco-c-efd-para-a-sefaz-es\">O Bloco C &#8211; EFD para a SEFAZ ES<\/h2>\n\n\n\n<p>Como o pr\u00f3prio nome evidencia, o Bloco C se presta ao registro de documentos fiscais relacionados a opera\u00e7\u00f5es com <strong>mercadorias<\/strong>. Por outro lado, o Bloco D cont\u00e9m as informa\u00e7\u00f5es relativas a <strong>presta\u00e7\u00f5es de servi\u00e7os<\/strong> \u2013 aqueles que est\u00e3o no campo de incid\u00eancia do ICMS, como transporte e telecomunica\u00e7\u00f5es.<\/p>\n\n\n\n<p>Dentro do Bloco C, h\u00e1 diversos registros que apresentam uma <strong>estrutura hier\u00e1rquica<\/strong>. Por exemplo, o registro C170 \u00e9 filho do registro C100, ou, de maneira equivalente, o registro C100 \u00e9 pai do C170.<\/p>\n\n\n\n<p>A estrutura da EFD n\u00e3o permite que exista filho \u00f3rf\u00e3o, ou seja, no exemplo dado, n\u00e3o poderia haver registros C170 sem um ou mais C100 correspondentes. Al\u00e9m dessa restri\u00e7\u00e3o, quando houver campos num\u00e9ricos equivalentes, o campo do registro pai corresponder\u00e1 \u00e0 soma dos valores informados nos filhos.<\/p>\n\n\n\n<p>Outro ponto importante \u00e9 que os registros pai, em geral, diferenciam-se primordialmente pelo tipo de documento fiscal. Por exemplo: os documentos que o C100 trata est\u00e3o detalhados nas pr\u00f3ximas se\u00e7\u00f5es. J\u00e1 os registros C500, C600 e C700 guardam as informa\u00e7\u00f5es de documentos relacionados a opera\u00e7\u00f5es de Energia El\u00e9trica.<\/p>\n\n\n\n<h2 class=\"wp-block-heading\" id=\"h-registro-c100\">Registro C100<\/h2>\n\n\n\n<p>Esse registro deve ser gerado para cada um dos seguintes documentos fiscais:<\/p>\n\n\n\n<ul class=\"wp-block-list\">\n<li>Nota Fiscal (C\u00f3digo 01);<\/li>\n\n\n\n<li>Nota Fiscal Avulsa (C\u00f3digo 1B);<\/li>\n\n\n\n<li>Nota Fiscal de Produtor (C\u00f3digo 04);<\/li>\n\n\n\n<li>Nota Fiscal Eletr\u00f4nica (C\u00f3digo 55);<\/li>\n\n\n\n<li>Nota Fiscal de Consumidor Eletr\u00f4nica (C\u00f3digo 65).<\/li>\n<\/ul>\n\n\n\n<p>Atualmente, a maioria das opera\u00e7\u00f5es j\u00e1 \u00e9 acobertada pelos documentos eletr\u00f4nicos \u2013 modelos 55 e 65. Assim, gra\u00e7as a esses dois modelos, o registro C100 e seus filhos s\u00e3o bastante relevantes na EFD. As ind\u00fastrias, atacadistas e varejistas, por exemplo, operam basicamente, do ponto de vista fiscal, como emitentes e destinat\u00e1rias desses documentos.<\/p>\n\n\n\n<p>No C100, os informantes devem registrar tanto a <strong>entrada<\/strong> quanto a <strong>sa\u00edda<\/strong> de mercadorias. \u00c9 interessante notar que, no caso das entradas, os documentos escriturados normalmente foram emitidos por um outro contribuinte. No entanto, eles devem ser registrados sob o enfoque do <strong>declarante<\/strong>.<\/p>\n\n\n\n<p>Um exemplo simples: se a empresa A faz uma compra da empresa B, a NF-e emitida por B ter\u00e1 um c\u00f3digo fiscal de opera\u00e7\u00e3o relacionado a <em>Vendas<\/em>. Por\u00e9m, ao registrar esse documento na sua EFD, a empresa A utilizar\u00e1 um c\u00f3digo de <em>Compras<\/em>.<\/p>\n\n\n\n<p>Ainda com rela\u00e7\u00e3o aos <strong>documentos de entrada<\/strong>, destaca-se que os campos <em>valor do imposto<\/em>, <em>base de c\u00e1lculo<\/em> e <em>al\u00edquota<\/em> s\u00f3 devem ser informados se o adquirente tiver direito \u00e0 <strong>apropria\u00e7\u00e3o do cr\u00e9dito<\/strong>. Assim, se a compra for relacionada, por exemplo, a material para uso e consumo da empresa, o ICMS destacado na nota n\u00e3o deve ser refletido quando da sua escritura\u00e7\u00e3o.<\/p>\n\n\n\n<h3 class=\"wp-block-heading\" id=\"h-principais-campos-do-registro-c100-efd-para-a-sefaz-es\">Principais campos do Registro C100 &#8211; EFD para a SEFAZ ES<\/h3>\n\n\n\n<p>Esse registro possui um total de 29 campos. A lista a seguir traz alguns mais importantes para entender a sistem\u00e1tica da EFD:<\/p>\n\n\n\n<ul class=\"wp-block-list\">\n<li><strong>IND_OPER<\/strong>: indica o tipo de opera\u00e7\u00e3o, sendo 0 \u2013 Entrada e 1 \u2013 Sa\u00edda;<\/li>\n\n\n\n<li><strong>IND_EMIT<\/strong>: indica o emitente do documento fiscal, sendo 0 \u2013 Emiss\u00e3o pr\u00f3pria e 1 \u2013 Terceiros;<\/li>\n\n\n\n<li><strong>COD_PART<\/strong>: c\u00f3digo do participante, ou seja, do emitente do documento ou do remetente das mercadorias, no caso das entradas. Ou do adquirente das mercadorias, no caso das sa\u00eddas. Esse c\u00f3digo \u00e9 proveniente do Registro 0150, visto na Parte I;<\/li>\n\n\n\n<li><strong>COD_MOD<\/strong>: c\u00f3digo do modelo do documento fiscal (01, 1B, 55&#8230;);<\/li>\n\n\n\n<li><strong>CHV_NFE<\/strong>: chave na Nota Fiscal Eletr\u00f4nica;<\/li>\n\n\n\n<li><strong>VL_DOC<\/strong>: valor total do documento fiscal;<\/li>\n\n\n\n<li><strong>VL_MERC<\/strong>: valor total das mercadorias e servi\u00e7os;<\/li>\n\n\n\n<li><strong>VL_BC_ICMS<\/strong>: valor da base de c\u00e1lculo do ICMS;<\/li>\n\n\n\n<li><strong>VL_ICMS<\/strong>: valor do ICMS;<\/li>\n\n\n\n<li><strong>VL_BC_ICMS_ST<\/strong>: valor da base de c\u00e1lculo do ICMS substitui\u00e7\u00e3o tribut\u00e1ria;<\/li>\n\n\n\n<li><strong>VL_ICMS_ST<\/strong>: valor do ICMS retido por substitui\u00e7\u00e3o tribut\u00e1ria.<\/li>\n<\/ul>\n\n\n\n<p>Uma maneira de confirmar que esse \u00e9 um registro pai \u00e9 conferir seu n\u00edvel hier\u00e1rquico, indicado logo abaixo da tabela de campos, no Guia Pr\u00e1tico da EFD. Nesse caso, o n\u00edvel indicado \u00e9 <strong>2<\/strong>.<\/p>\n\n\n\n<p>A ocorr\u00eancia desse registro \u00e9: v\u00e1rios por arquivo, j\u00e1 que deve existir um C100 para cada documento de um dos modelos indicados.<\/p>\n\n\n\n<p>Por fim, de modo geral, cada C100 deve ter ao menos um C170 e um C190. H\u00e1 algumas exce\u00e7\u00f5es, sendo as principais: documentos cancelados e NF-e de emiss\u00e3o pr\u00f3pria.<\/p>\n\n\n\n<h2 class=\"wp-block-heading\" id=\"h-registro-c170-efd-para-a-sefaz-es\">Registro C170 &#8211; EFD para a SEFAZ ES<\/h2>\n\n\n\n<p>O registro C170 cont\u00e9m os itens de cada documento escriturado no C100, para os modelos 01, 1B, 04 e 55. Esse registro \u00e9 obrigat\u00f3rio inclusive para opera\u00e7\u00f5es de entrada de mercadorias acompanhadas de NF-e de emiss\u00e3o de terceiros.<\/p>\n\n\n\n<p>A observa\u00e7\u00e3o quanto aos registros de entrada tamb\u00e9m \u00e9 v\u00e1lida aqui: para cada item do documento, os campos <em>valor de imposto<\/em>, <em>base de c\u00e1lculo<\/em> e <em>al\u00edquota <\/em>s\u00f3 devem ser informados se o adquirente tiver direito \u00e0 apropria\u00e7\u00e3o do cr\u00e9dito.<\/p>\n\n\n\n<h3 class=\"wp-block-heading\" id=\"h-principais-campos-do-registro-c170\">Principais campos do Registro C170<\/h3>\n\n\n\n<p>Esse registro possui um total de 38 campos. Os principais est\u00e3o destacados a seguir:<\/p>\n\n\n\n<ul class=\"wp-block-list\">\n<li><strong>NUM_ITEM<\/strong>: n\u00famero sequencial do item no documento fiscal;<\/li>\n\n\n\n<li><strong>QTD<\/strong>: quantidade do item;<\/li>\n\n\n\n<li><strong>VL_ITEM<\/strong>: valor total do item (mercadorias ou servi\u00e7os);<\/li>\n\n\n\n<li><strong>CST_ICMS<\/strong>: C\u00f3digo da Situa\u00e7\u00e3o Tribut\u00e1ria referente ao ICMS, padronizado nacionalmente em uma tabela compartilhada no site do SPED;<\/li>\n\n\n\n<li><strong>CFOP<\/strong>:C\u00f3digo Fiscal de Opera\u00e7\u00e3o e Presta\u00e7\u00e3o, padronizado nacionalmente em uma tabela compartilhada no site do SPED;<\/li>\n\n\n\n<li><strong>VL_BC_ICMS<\/strong>: valor da base de c\u00e1lculo do ICMS;<\/li>\n\n\n\n<li><strong>ALIQ_ICMS<\/strong>: al\u00edquota do ICMS;<\/li>\n\n\n\n<li><strong>VL_ICMS<\/strong>: valor do ICMS;<\/li>\n\n\n\n<li><strong>VL_BC_ICMS_ST<\/strong>: valor da base de c\u00e1lculo do ICMS substitui\u00e7\u00e3o tribut\u00e1ria;<\/li>\n\n\n\n<li><strong>ALIQ_ST<\/strong>: al\u00edquota do ICMS da substitui\u00e7\u00e3o tribut\u00e1ria na unidade da federa\u00e7\u00e3o de destino<\/li>\n\n\n\n<li><strong>VL_ICMS_ST<\/strong>: Valor do ICMS retido por substitui\u00e7\u00e3o tribut\u00e1ria.<\/li>\n<\/ul>\n\n\n\n<p>O registro C170 \u00e9 um dos filhos do C100. Assim, conforme esperado, seu n\u00edvel hier\u00e1rquico \u00e9 3. Al\u00e9m disso, sua ocorr\u00eancia \u00e9 1-N, pois h\u00e1 um ou v\u00e1rios registros C170 para um C100.<\/p>\n\n\n\n<p>Esse registro apresenta amplas possibilidades de batimentos de fiscaliza\u00e7\u00e3o. Por exemplo, quando o c\u00f3digo CST for igual a <em>40 \u2013 Isenta<\/em>, ou <em>41 \u2013 N\u00e3o tributada<\/em>, o valor da base de c\u00e1lculo deve ser igual a zero. Afinal, n\u00e3o faz sentido indicar a base de c\u00e1lculo se a opera\u00e7\u00e3o n\u00e3o dar\u00e1 origem \u00e0 cobran\u00e7a do imposto.<\/p>\n\n\n\n<p>Outras valida\u00e7\u00f5es s\u00e3o decorrentes da rela\u00e7\u00e3o hier\u00e1rquica com o registro pai, como a determina\u00e7\u00e3o de que a soma dos valores do campo VL_ITEM dos registros C170 seja igual ao valor informado no campo VL_MERC do registro C100.<\/p>\n\n\n\n<h2 class=\"wp-block-heading\" id=\"h-registro-c176-efd-para-a-sefaz-es\">Registro C176 &#8211; EFD para a SEFAZ ES<\/h2>\n\n\n\n<p>O registro C176 \u00e9 utilizado para fins de ressarcimento de ICMS e fundo de combate \u00e0 pobreza (FCP) em opera\u00e7\u00f5es com substitui\u00e7\u00e3o tribut\u00e1ria, para os modelos de documento fiscal de c\u00f3digo 01 e 55.<\/p>\n\n\n\n<p>Assim, o registro deve ser informado quando da escritura\u00e7\u00e3o de um documento fiscal que acoberte uma opera\u00e7\u00e3o de desfazimento de substitui\u00e7\u00e3o tribut\u00e1ria realizada em opera\u00e7\u00f5es anteriores.<\/p>\n\n\n\n<p>Diferentemente do que ocorre de modo geral na sistem\u00e1tica de registros pais e filhos, o documento informado no registro C176 \u00e9 diferente daquele informado no C100. Isso acontece, porque o C100 conter\u00e1 o documento atrav\u00e9s do qual o ressarcimento se materializa, enquanto o C176 vai indicar o documento da opera\u00e7\u00e3o anterior que originou a presente apropria\u00e7\u00e3o.<\/p>\n\n\n\n<p>Um dos campos do registro C176 \u00e9 o <em>C\u00f3digo do Motivo do Ressarcimento<\/em>, que indica justamente as situa\u00e7\u00f5es que podem dar origem ao ressarcimento. Destaca-se que cabe \u00e0 UF do domic\u00edlio do contribuinte regulamentar a utiliza\u00e7\u00e3o do registro, bem como as hip\u00f3teses abaixo:<\/p>\n\n\n\n<p>1 &#8211; Sa\u00edda para outra UF;<\/p>\n\n\n\n<p>2 &#8211; Sa\u00edda amparada por isen\u00e7\u00e3o ou n\u00e3o incid\u00eancia;<\/p>\n\n\n\n<p>3 &#8211; Perda ou deteriora\u00e7\u00e3o;<\/p>\n\n\n\n<p>4 &#8211; Furto ou roubo;<\/p>\n\n\n\n<p>5 &#8211; Exporta\u00e7\u00e3o;<\/p>\n\n\n\n<p>6 &#8211; Venda interna para Simples Nacional<\/p>\n\n\n\n<p>9 &#8211; Outros<\/p>\n\n\n\n<h2 class=\"wp-block-heading\" id=\"h-registro-c195-efd-para-a-sefaz-es\">Registro C195 &#8211; EFD para a SEFAZ ES<\/h2>\n\n\n\n<p>O registro C195 cont\u00e9m observa\u00e7\u00f5es provenientes de todos os modelos de documentos fiscais escritur\u00e1veis no C100. Ele deve ser preenchido quando a <strong>legisla\u00e7\u00e3o estadual<\/strong> indicar <strong>ajustes<\/strong> relacionados aos documentos.<\/p>\n\n\n\n<p>Dessa forma, a cada ajuste vai corresponder uma ou mais observa\u00e7\u00f5es informadas nesse registro. Tipicamente, os ajustes est\u00e3o relacionados a diferencial de al\u00edquota, antecipa\u00e7\u00e3o de imposto, detalhamentos informados nas <em>Informa\u00e7\u00f5es Complementares <\/em>da nota fiscal e outras situa\u00e7\u00f5es.<\/p>\n\n\n\n<p>Na legisla\u00e7\u00e3o do Esp\u00edrito Santo, h\u00e1 algumas situa\u00e7\u00f5es em que o informante deve preencher os registros C195 e C197 para indicar que far\u00e1 uma <strong>apura\u00e7\u00e3o separada<\/strong> do imposto, com base apenas nos documentos destacados nesses registros.<\/p>\n\n\n\n<p>Nesses casos, haver\u00e1 duas ou mais apura\u00e7\u00f5es na EFD. O bloco E conter\u00e1 a apura\u00e7\u00e3o normal, que, via de regra, consolida os d\u00e9bitos e cr\u00e9ditos de todos os documentos fiscais escriturados nos blocos C e D. E o registro 1900 e filhos trar\u00e3o as apura\u00e7\u00f5es em separado, considerando apenas as opera\u00e7\u00f5es indicadas na legisla\u00e7\u00e3o.<\/p>\n\n\n\n<p>O registro C195 tem apenas tr\u00eas campos. Al\u00e9m do campo de texto fixo, que indica o nome do registro, h\u00e1 um campo denominado <strong>COD_OBS<\/strong>, que \u00e9 o <em>c\u00f3digo da observa\u00e7\u00e3o do lan\u00e7amento fiscal.<\/em> Normalmente, quando a legisla\u00e7\u00e3o prev\u00ea a escritura\u00e7\u00e3o desse registro, ela j\u00e1 determina tamb\u00e9m o c\u00f3digo a ser utilizado em cada situa\u00e7\u00e3o.<\/p>\n\n\n\n<h2 class=\"wp-block-heading\" id=\"h-registro-c197-efd-para-a-sefaz-es\">Registro C197 &#8211; EFD para a SEFAZ ES<\/h2>\n\n\n\n<p>O registro C197 detalha os ajustes e observa\u00e7\u00f5es de documentos fiscais provenientes do registro C195. Seu principal campo \u00e9 o <strong>COD_AJ<\/strong>, que \u00e9 o<em> c\u00f3digo de ajuste \/ benef\u00edcio \/ incentivo<\/em>. <\/p>\n\n\n\n<p>Sempre que a Administra\u00e7\u00e3o Tribut\u00e1ria exigir, por meio de legisla\u00e7\u00e3o espec\u00edfica, o preenchimento desse registro, deve publicar uma tabela, denominada <em>Tabela 5.3 &#8211; Descri\u00e7\u00e3o do C\u00f3digo de Ajuste proveniente de Documento Fiscal<\/em>, com os c\u00f3digos cab\u00edveis, que seguem um padr\u00e3o de forma\u00e7\u00e3o.<\/p>\n\n\n\n<p>Por exemplo, o <strong>terceiro caractere<\/strong> desse c\u00f3digo indica se o valor do ajuste entrar\u00e1 na apura\u00e7\u00e3o como um d\u00e9bito ou um cr\u00e9dito.<\/p>\n\n\n\n<p>Quando o Estado exigir uma apura\u00e7\u00e3o em separado (subapura\u00e7\u00e3o), o <strong>quarto caractere<\/strong> pode ser um valor de 3 a 8, sendo que cada um deles possibilitar\u00e1 a escritura\u00e7\u00e3o de uma apura\u00e7\u00e3o espec\u00edfica.<\/p>\n\n\n\n<p>O exemplo a seguir vai ilustrar melhor a utiliza\u00e7\u00e3o desses dois registros.<\/p>\n\n\n\n<h3 class=\"wp-block-heading\" id=\"h-o-caso-das-operacoes-com-cafe-cru-capitulo-vi-do-ricms-es\">O caso das opera\u00e7\u00f5es com caf\u00e9 cru \u2013 Cap\u00edtulo VI do RICMS\/ES<\/h3>\n\n\n\n<p>O Regulamento do Esp\u00edrito Santo determina que as opera\u00e7\u00f5es com <strong>caf\u00e9 cru<\/strong> devem ter apura\u00e7\u00e3o separada da referente \u00e0s opera\u00e7\u00f5es realizadas com as demais mercadorias.<\/p>\n\n\n\n<p>Para operacionalizar esse comando, o regulamento explica que as empresas devem indicar os documentos fiscais que acobertam essas opera\u00e7\u00f5es, preenchendo os campos <strong>COD_OBS<\/strong> dos registros C195 com um dos seguintes c\u00f3digos, de acordo com a esp\u00e9cie de caf\u00e9:<\/p>\n\n\n\n<ul class=\"wp-block-list\">\n<li>Caf\u00e9 ar\u00e1bica: c\u00f3digo A28793;<\/li>\n\n\n\n<li>Caf\u00e9 conilon: c\u00f3digo C28874;<\/li>\n<\/ul>\n\n\n\n<p>Por fim, recomenda-se que o contribuinte transfira os d\u00e9bitos ou cr\u00e9ditos do imposto &#8211; relativo aos documentos escriturados no C195 com esses c\u00f3digos &#8211; da apura\u00e7\u00e3o pr\u00f3pria para a respectiva apura\u00e7\u00e3o em separado, utilizando um dos c\u00f3digos da Tabela 5.3.<\/p>\n\n\n\n<p>A figura a seguir \u00e9 um extrato da tabela publicada pelo Esp\u00edrito Santo. Nota-se que o Estado optou por trazer, na pr\u00f3pria descri\u00e7\u00e3o, o c\u00f3digo do campo <strong>COD_OBS<\/strong> do registro C195, replicando a informa\u00e7\u00e3o presente no regulamento.<\/p>\n\n\n\n<figure class=\"wp-block-image size-large is-style-default\"><img loading=\"lazy\" decoding=\"async\" width=\"1024\" height=\"240\" src=\"https:\/\/dhg1h5j42swfq.cloudfront.net\/2021\/07\/09224953\/tabela-5-3-1024x240.png\" alt=\"Trecho da Tabela 5.3 - EFD para a SEFAZ ES\" class=\"wp-image-791395\" srcset=\"https:\/\/dhg1h5j42swfq.cloudfront.net\/2021\/07\/09224953\/tabela-5-3-1024x240.png 1024w, https:\/\/dhg1h5j42swfq.cloudfront.net\/2021\/07\/09224953\/tabela-5-3-300x70.png 300w, https:\/\/dhg1h5j42swfq.cloudfront.net\/2021\/07\/09224953\/tabela-5-3-768x180.png 768w, https:\/\/dhg1h5j42swfq.cloudfront.net\/2021\/07\/09224953\/tabela-5-3-610x143.png 610w, https:\/\/dhg1h5j42swfq.cloudfront.net\/2021\/07\/09224953\/tabela-5-3.png 1100w\" sizes=\"auto, (max-width: 1024px) 100vw, 1024px\" \/><figcaption class=\"wp-element-caption\">Trecho da Tabela 5.3<\/figcaption><\/figure>\n\n\n\n<p>O terceiro caractere igual a \u201c2\u201d indica que o valor do ajuste \u00e9 um d\u00e9bito, enquanto o quarto caractere indica que as opera\u00e7\u00f5es com o caf\u00e9 da esp\u00e9cie <em>ar\u00e1bica<\/em> estar\u00e3o na apura\u00e7\u00e3o separada \u201c3\u201d, enquanto aquelas relacionadas \u00e0 esp\u00e9cie <em>conilon<\/em> far\u00e3o parte da apura\u00e7\u00e3o separada \u201c4\u201d.<\/p>\n\n\n\n<p>Pessoal, por hoje, chegamos ao fim. Bons estudos e at\u00e9 a pr\u00f3xima!<\/p>\n\n\n\n<p>Lara Dourado<\/p>\n\n\n\n<p>Prepare-se com o melhor material e com quem mais aprova em Concursos P\u00fablicos em todo o pa\u00eds!<\/p>\n\n\n\n<div class=\"container\" id=\"boxes\">\n  <div class=\"row\">\n    <div class=\"col-sm\">\n      <div class=\"estrategia\" id=\"box-assinatura\">\n        <h3 class=\"titulo-assinatura\">Assinatura de Concursos<\/h3>\n        <p class=\"subtitulo-assinatura\">Assinatura de 1 ano ou 2 anos<\/p>\n        <div class=\"box-botao\">\n          <a class=\"btn-assinatura\" target=\"_blank\" href=\"https:\/\/www.estrategiaconcursos.com.br\/assinaturas\/\" role=\"button\" rel=\"noopener noreferrer\">ASSINE AGORA<\/a>\n        <\/div>\n      <\/div>\n      <p class=\"texto-auxiliar\"><\/p>\n    <\/div>\n    <div class=\"col-sm\">\n      <div class=\"questoes\" id=\"box-assinatura\">\n        <h3 class=\"titulo-assinatura\">Sistema de Quest\u00f5es<\/h3>\n        <p class=\"subtitulo-assinatura\">Assinatura de 1 ano ou 2 anos\n<\/p>\n        <div class=\"box-botao\">\n          <a class=\"btn-assinatura\" target=\"_blank\" href=\"https:\/\/www.estrategiaconcursos.com.br\/cursosPorConcurso\/sistema-de-questoes\/#\/\" role=\"button\" rel=\"noopener noreferrer\">ASSINE AGORA<\/a>\n        <\/div>\n      <\/div>\n      <p class=\"texto-auxiliar\"><\/p>\n    <\/div>\n  <\/div>\n<\/div>\n\n\n\n<div class=\"container\" id=\"boxes\">\n  <div class=\"row\">\n\n    <div class=\"col-sm\" id=\"boxes-concursos\">\n      <div style=\"background-color: #005DAD;\" class=\"conteudo-concursos\" id=\"box-concursos\">\n        <h3 class=\"titulo-assinatura\">Concursos Abertos<\/h3>\n        <p class=\"subtitulo-assinatura\">mais de 15 mil vagas<\/p>\n        <div class=\"box-botao\">\n          <a class=\"btn-assinatura\" target=\"_blank\" href=\"https:\/\/www.estrategiaconcursos.com.br\/blog\/concursos-abertos\/\" role=\"button\" rel=\"noopener noreferrer\">Conhe\u00e7a Agora<\/a>\n        <\/div>\n      <\/div>\n    <\/div>\n\n    \n\n    <div class=\"col-sm\" id=\"boxes-concursos\">\n      <div style=\"background-color: #419FF0;\" class=\"conteudo-concursos\" id=\"box-concursos\">\n        <h3 class=\"titulo-assinatura\">Concursos 2021<\/h3>\n        <p class=\"subtitulo-assinatura\">mais de 17 mil vagas<\/p>\n        <div class=\"box-botao\">\n          <a class=\"btn-assinatura\" target=\"_blank\" href=\"https:\/\/www.estrategiaconcursos.com.br\/blog\/concursos-2021\/\" role=\"button\" rel=\"noopener noreferrer\">Conhe\u00e7a Agora<\/a>\n        <\/div>\n      <\/div>\n    <\/div>\n\n\n<\/div>\n<\/div>","protected":false},"excerpt":{"rendered":"<p>Ol\u00e1, pessoal! Agora na Parte II, daremos continuidade \u00e0 explana\u00e7\u00e3o sobre os principais registros da EFD para a SEFAZ ES, iniciada nesse outro artigo. O edital da SEFAZ ES abordou o assunto dentro da disciplina Tecnologia da Informa\u00e7\u00e3o aplicada \u00e0 auditoria tribut\u00e1ria. Para relembrar, o layout da EFD consiste em um conjunto de Blocos, os [&hellip;]<\/p>\n","protected":false},"author":2031,"featured_media":634921,"comment_status":"open","ping_status":"closed","sticky":false,"template":"","format":"standard","meta":{"post_tipo":"article","footnotes":""},"categories":[1,1983],"tags":[],"tax_estado":[219964,219965,219966,219967,219968,219969,219970,219971,219972,219973,219974,219975,219976,219977,219978,219979,219980,219981,219982,219983,219984,219985,219986,219987,219988,219989,219990],"class_list":["post-791391","post","type-post","status-publish","format-standard","has-post-thumbnail","hentry","category-cursos-e-concursos","category-fiscal-estadual","tax_estado-ac","tax_estado-al","tax_estado-am","tax_estado-ap","tax_estado-ba","tax_estado-ce","tax_estado-df","tax_estado-es","tax_estado-go","tax_estado-ma","tax_estado-mg","tax_estado-ms","tax_estado-mt","tax_estado-pa","tax_estado-pb","tax_estado-pe","tax_estado-pi","tax_estado-pr","tax_estado-rj","tax_estado-rn","tax_estado-ro","tax_estado-rr","tax_estado-rs","tax_estado-sc","tax_estado-se","tax_estado-sp","tax_estado-to"],"acf":[],"yoast_head":"<!-- This site is optimized with the Yoast SEO Premium plugin v27.2 (Yoast SEO v27.2) - https:\/\/yoast.com\/product\/yoast-seo-premium-wordpress\/ -->\n<title>Conhe\u00e7a os principais registros da EFD para a SEFAZ ES \u2013 Parte II<\/title>\n<meta name=\"description\" content=\"Aprenda os conceitos de cada um dos registros da EFD mencionados no edital do concurso da SEFAZ ES para o cargo de auditor fiscal - parte II.\" \/>\n<meta name=\"robots\" content=\"index, follow, max-snippet:-1, max-image-preview:large, max-video-preview:-1\" \/>\n<link rel=\"canonical\" href=\"https:\/\/www.estrategiaconcursos.com.br\/blog\/conheca-os-principais-registros-da-efd-para-a-sefaz-es-parte-ii\/\" \/>\n<meta property=\"og:locale\" content=\"pt_BR\" \/>\n<meta property=\"og:type\" content=\"article\" \/>\n<meta property=\"og:title\" content=\"Conhe\u00e7a os principais registros da EFD para a SEFAZ ES \u2013 Parte II\" \/>\n<meta property=\"og:description\" content=\"Aprenda os conceitos de cada um dos registros da EFD mencionados no edital do concurso da SEFAZ ES para o cargo de auditor fiscal - parte II.\" \/>\n<meta property=\"og:url\" content=\"https:\/\/www.estrategiaconcursos.com.br\/blog\/conheca-os-principais-registros-da-efd-para-a-sefaz-es-parte-ii\/\" \/>\n<meta property=\"og:site_name\" content=\"Estrat\u00e9gia Concursos\" \/>\n<meta property=\"article:published_time\" content=\"2021-07-13T13:05:00+00:00\" \/>\n<meta property=\"article:modified_time\" content=\"2023-08-24T11:48:36+00:00\" \/>\n<meta property=\"og:image\" content=\"https:\/\/dhg1h5j42swfq.cloudfront.net\/2020\/12\/21130804\/sefazes.jpg\" \/>\n\t<meta property=\"og:image:width\" content=\"310\" \/>\n\t<meta property=\"og:image:height\" content=\"162\" \/>\n\t<meta property=\"og:image:type\" content=\"image\/jpeg\" \/>\n<meta name=\"author\" content=\"Lara Dourado Vasconcelos Nascimento\" \/>\n<meta name=\"twitter:card\" content=\"summary_large_image\" \/>\n<meta name=\"twitter:creator\" content=\"@EstratConcursos\" \/>\n<meta name=\"twitter:site\" content=\"@EstratConcursos\" \/>\n<meta name=\"twitter:label1\" content=\"Escrito por\" \/>\n\t<meta name=\"twitter:data1\" content=\"Lara Dourado Vasconcelos Nascimento\" \/>\n\t<meta name=\"twitter:label2\" content=\"Est. tempo de leitura\" \/>\n\t<meta name=\"twitter:data2\" content=\"9 minutos\" \/>\n<script type=\"application\/ld+json\" class=\"yoast-schema-graph\">{\"@context\":\"https:\/\/schema.org\",\"@graph\":[{\"@type\":\"NewsArticle\",\"@id\":\"https:\/\/www.estrategiaconcursos.com.br\/blog\/conheca-os-principais-registros-da-efd-para-a-sefaz-es-parte-ii\/#article\",\"isPartOf\":{\"@id\":\"https:\/\/www.estrategiaconcursos.com.br\/blog\/conheca-os-principais-registros-da-efd-para-a-sefaz-es-parte-ii\/\"},\"author\":{\"name\":\"Lara Dourado Vasconcelos Nascimento\",\"@id\":\"https:\/\/www.estrategiaconcursos.com.br\/blog\/#\/schema\/person\/ed942c42839b8accae96508abec7504a\"},\"headline\":\"Conhe\u00e7a os principais registros da EFD para a SEFAZ ES \u2013 Parte II\",\"datePublished\":\"2021-07-13T13:05:00+00:00\",\"dateModified\":\"2023-08-24T11:48:36+00:00\",\"mainEntityOfPage\":{\"@id\":\"https:\/\/www.estrategiaconcursos.com.br\/blog\/conheca-os-principais-registros-da-efd-para-a-sefaz-es-parte-ii\/\"},\"wordCount\":2169,\"commentCount\":0,\"publisher\":{\"@id\":\"https:\/\/www.estrategiaconcursos.com.br\/blog\/#organization\"},\"image\":{\"@id\":\"https:\/\/www.estrategiaconcursos.com.br\/blog\/conheca-os-principais-registros-da-efd-para-a-sefaz-es-parte-ii\/#primaryimage\"},\"thumbnailUrl\":\"https:\/\/dhg1h5j42swfq.cloudfront.net\/2020\/12\/21130804\/sefazes.jpg\",\"articleSection\":[\"Concursos P\u00fablicos\",\"Fiscal - Estadual (ICMS)\"],\"inLanguage\":\"pt-BR\",\"potentialAction\":[{\"@type\":\"CommentAction\",\"name\":\"Comment\",\"target\":[\"https:\/\/www.estrategiaconcursos.com.br\/blog\/conheca-os-principais-registros-da-efd-para-a-sefaz-es-parte-ii\/#respond\"]}],\"copyrightYear\":\"2021\",\"copyrightHolder\":{\"@id\":\"https:\/\/www.estrategiaconcursos.com.br\/blog\/#organization\"}},{\"@type\":\"WebPage\",\"@id\":\"https:\/\/www.estrategiaconcursos.com.br\/blog\/conheca-os-principais-registros-da-efd-para-a-sefaz-es-parte-ii\/\",\"url\":\"https:\/\/www.estrategiaconcursos.com.br\/blog\/conheca-os-principais-registros-da-efd-para-a-sefaz-es-parte-ii\/\",\"name\":\"Conhe\u00e7a os principais registros da EFD para a SEFAZ ES \u2013 Parte II\",\"isPartOf\":{\"@id\":\"https:\/\/www.estrategiaconcursos.com.br\/blog\/#website\"},\"primaryImageOfPage\":{\"@id\":\"https:\/\/www.estrategiaconcursos.com.br\/blog\/conheca-os-principais-registros-da-efd-para-a-sefaz-es-parte-ii\/#primaryimage\"},\"image\":{\"@id\":\"https:\/\/www.estrategiaconcursos.com.br\/blog\/conheca-os-principais-registros-da-efd-para-a-sefaz-es-parte-ii\/#primaryimage\"},\"thumbnailUrl\":\"https:\/\/dhg1h5j42swfq.cloudfront.net\/2020\/12\/21130804\/sefazes.jpg\",\"datePublished\":\"2021-07-13T13:05:00+00:00\",\"dateModified\":\"2023-08-24T11:48:36+00:00\",\"description\":\"Aprenda os conceitos de cada um dos registros da EFD mencionados no edital do concurso da SEFAZ ES para o cargo de auditor fiscal - parte II.\",\"breadcrumb\":{\"@id\":\"https:\/\/www.estrategiaconcursos.com.br\/blog\/conheca-os-principais-registros-da-efd-para-a-sefaz-es-parte-ii\/#breadcrumb\"},\"inLanguage\":\"pt-BR\",\"potentialAction\":[{\"@type\":\"ReadAction\",\"target\":[\"https:\/\/www.estrategiaconcursos.com.br\/blog\/conheca-os-principais-registros-da-efd-para-a-sefaz-es-parte-ii\/\"]}]},{\"@type\":\"ImageObject\",\"inLanguage\":\"pt-BR\",\"@id\":\"https:\/\/www.estrategiaconcursos.com.br\/blog\/conheca-os-principais-registros-da-efd-para-a-sefaz-es-parte-ii\/#primaryimage\",\"url\":\"https:\/\/dhg1h5j42swfq.cloudfront.net\/2020\/12\/21130804\/sefazes.jpg\",\"contentUrl\":\"https:\/\/dhg1h5j42swfq.cloudfront.net\/2020\/12\/21130804\/sefazes.jpg\",\"width\":310,\"height\":162,\"caption\":\"Concurso SEFAZ ES 2021\"},{\"@type\":\"BreadcrumbList\",\"@id\":\"https:\/\/www.estrategiaconcursos.com.br\/blog\/conheca-os-principais-registros-da-efd-para-a-sefaz-es-parte-ii\/#breadcrumb\",\"itemListElement\":[{\"@type\":\"ListItem\",\"position\":1,\"name\":\"In\u00edcio\",\"item\":\"https:\/\/www.estrategiaconcursos.com.br\/blog\/\"},{\"@type\":\"ListItem\",\"position\":2,\"name\":\"Conhe\u00e7a os principais registros da EFD para a SEFAZ ES \u2013 Parte II\"}]},{\"@type\":\"WebSite\",\"@id\":\"https:\/\/www.estrategiaconcursos.com.br\/blog\/#website\",\"url\":\"https:\/\/www.estrategiaconcursos.com.br\/blog\/\",\"name\":\"Estrat\u00e9gia Concursos\",\"description\":\"O blog da Estrat\u00e9gia Concursos traz not\u00edcias sobre concursos e artigos de professores oferecendo cursos para concursos (pdf + videaulas) no site.\",\"publisher\":{\"@id\":\"https:\/\/www.estrategiaconcursos.com.br\/blog\/#organization\"},\"potentialAction\":[{\"@type\":\"SearchAction\",\"target\":{\"@type\":\"EntryPoint\",\"urlTemplate\":\"https:\/\/www.estrategiaconcursos.com.br\/blog\/?s={search_term_string}\"},\"query-input\":{\"@type\":\"PropertyValueSpecification\",\"valueRequired\":true,\"valueName\":\"search_term_string\"}}],\"inLanguage\":\"pt-BR\"},{\"@type\":\"Organization\",\"@id\":\"https:\/\/www.estrategiaconcursos.com.br\/blog\/#organization\",\"name\":\"Estrat\u00e9gia Concursos\",\"url\":\"https:\/\/www.estrategiaconcursos.com.br\/blog\/\",\"logo\":{\"@type\":\"ImageObject\",\"inLanguage\":\"pt-BR\",\"@id\":\"https:\/\/www.estrategiaconcursos.com.br\/blog\/#\/schema\/logo\/image\/\",\"url\":\"https:\/\/dhg1h5j42swfq.cloudfront.net\/2025\/06\/03203428\/logo_concursos-1.jpg\",\"contentUrl\":\"https:\/\/dhg1h5j42swfq.cloudfront.net\/2025\/06\/03203428\/logo_concursos-1.jpg\",\"width\":230,\"height\":60,\"caption\":\"Estrat\u00e9gia Concursos\"},\"image\":{\"@id\":\"https:\/\/www.estrategiaconcursos.com.br\/blog\/#\/schema\/logo\/image\/\"},\"sameAs\":[\"https:\/\/x.com\/EstratConcursos\"]},{\"@type\":\"Person\",\"@id\":\"https:\/\/www.estrategiaconcursos.com.br\/blog\/#\/schema\/person\/ed942c42839b8accae96508abec7504a\",\"name\":\"Lara Dourado Vasconcelos Nascimento\",\"image\":{\"@type\":\"ImageObject\",\"inLanguage\":\"pt-BR\",\"@id\":\"https:\/\/secure.gravatar.com\/avatar\/9d538f04fca167e02f0f7f690d97a840f4cef43d51983c7a45c635fedaf396e1?s=96&d=mm&r=g\",\"url\":\"https:\/\/secure.gravatar.com\/avatar\/9d538f04fca167e02f0f7f690d97a840f4cef43d51983c7a45c635fedaf396e1?s=96&d=mm&r=g\",\"contentUrl\":\"https:\/\/secure.gravatar.com\/avatar\/9d538f04fca167e02f0f7f690d97a840f4cef43d51983c7a45c635fedaf396e1?s=96&d=mm&r=g\",\"caption\":\"Lara Dourado Vasconcelos Nascimento\"},\"url\":\"https:\/\/www.estrategiaconcursos.com.br\/blog\/author\/laradvascgmail-com\/\"}]}<\/script>\n<!-- \/ Yoast SEO Premium plugin. -->","yoast_head_json":{"title":"Conhe\u00e7a os principais registros da EFD para a SEFAZ ES \u2013 Parte II","description":"Aprenda os conceitos de cada um dos registros da EFD mencionados no edital do concurso da SEFAZ ES para o cargo de auditor fiscal - parte II.","robots":{"index":"index","follow":"follow","max-snippet":"max-snippet:-1","max-image-preview":"max-image-preview:large","max-video-preview":"max-video-preview:-1"},"canonical":"https:\/\/www.estrategiaconcursos.com.br\/blog\/conheca-os-principais-registros-da-efd-para-a-sefaz-es-parte-ii\/","og_locale":"pt_BR","og_type":"article","og_title":"Conhe\u00e7a os principais registros da EFD para a SEFAZ ES \u2013 Parte II","og_description":"Aprenda os conceitos de cada um dos registros da EFD mencionados no edital do concurso da SEFAZ ES para o cargo de auditor fiscal - parte II.","og_url":"https:\/\/www.estrategiaconcursos.com.br\/blog\/conheca-os-principais-registros-da-efd-para-a-sefaz-es-parte-ii\/","og_site_name":"Estrat\u00e9gia Concursos","article_published_time":"2021-07-13T13:05:00+00:00","article_modified_time":"2023-08-24T11:48:36+00:00","og_image":[{"width":310,"height":162,"url":"https:\/\/dhg1h5j42swfq.cloudfront.net\/2020\/12\/21130804\/sefazes.jpg","type":"image\/jpeg"}],"author":"Lara Dourado Vasconcelos Nascimento","twitter_card":"summary_large_image","twitter_creator":"@EstratConcursos","twitter_site":"@EstratConcursos","twitter_misc":{"Escrito por":"Lara Dourado Vasconcelos Nascimento","Est. tempo de leitura":"9 minutos"},"schema":{"@context":"https:\/\/schema.org","@graph":[{"@type":"NewsArticle","@id":"https:\/\/www.estrategiaconcursos.com.br\/blog\/conheca-os-principais-registros-da-efd-para-a-sefaz-es-parte-ii\/#article","isPartOf":{"@id":"https:\/\/www.estrategiaconcursos.com.br\/blog\/conheca-os-principais-registros-da-efd-para-a-sefaz-es-parte-ii\/"},"author":{"name":"Lara Dourado Vasconcelos Nascimento","@id":"https:\/\/www.estrategiaconcursos.com.br\/blog\/#\/schema\/person\/ed942c42839b8accae96508abec7504a"},"headline":"Conhe\u00e7a os principais registros da EFD para a SEFAZ ES \u2013 Parte II","datePublished":"2021-07-13T13:05:00+00:00","dateModified":"2023-08-24T11:48:36+00:00","mainEntityOfPage":{"@id":"https:\/\/www.estrategiaconcursos.com.br\/blog\/conheca-os-principais-registros-da-efd-para-a-sefaz-es-parte-ii\/"},"wordCount":2169,"commentCount":0,"publisher":{"@id":"https:\/\/www.estrategiaconcursos.com.br\/blog\/#organization"},"image":{"@id":"https:\/\/www.estrategiaconcursos.com.br\/blog\/conheca-os-principais-registros-da-efd-para-a-sefaz-es-parte-ii\/#primaryimage"},"thumbnailUrl":"https:\/\/dhg1h5j42swfq.cloudfront.net\/2020\/12\/21130804\/sefazes.jpg","articleSection":["Concursos P\u00fablicos","Fiscal - Estadual (ICMS)"],"inLanguage":"pt-BR","potentialAction":[{"@type":"CommentAction","name":"Comment","target":["https:\/\/www.estrategiaconcursos.com.br\/blog\/conheca-os-principais-registros-da-efd-para-a-sefaz-es-parte-ii\/#respond"]}],"copyrightYear":"2021","copyrightHolder":{"@id":"https:\/\/www.estrategiaconcursos.com.br\/blog\/#organization"}},{"@type":"WebPage","@id":"https:\/\/www.estrategiaconcursos.com.br\/blog\/conheca-os-principais-registros-da-efd-para-a-sefaz-es-parte-ii\/","url":"https:\/\/www.estrategiaconcursos.com.br\/blog\/conheca-os-principais-registros-da-efd-para-a-sefaz-es-parte-ii\/","name":"Conhe\u00e7a os principais registros da EFD para a SEFAZ ES \u2013 Parte II","isPartOf":{"@id":"https:\/\/www.estrategiaconcursos.com.br\/blog\/#website"},"primaryImageOfPage":{"@id":"https:\/\/www.estrategiaconcursos.com.br\/blog\/conheca-os-principais-registros-da-efd-para-a-sefaz-es-parte-ii\/#primaryimage"},"image":{"@id":"https:\/\/www.estrategiaconcursos.com.br\/blog\/conheca-os-principais-registros-da-efd-para-a-sefaz-es-parte-ii\/#primaryimage"},"thumbnailUrl":"https:\/\/dhg1h5j42swfq.cloudfront.net\/2020\/12\/21130804\/sefazes.jpg","datePublished":"2021-07-13T13:05:00+00:00","dateModified":"2023-08-24T11:48:36+00:00","description":"Aprenda os conceitos de cada um dos registros da EFD mencionados no edital do concurso da SEFAZ ES para o cargo de auditor fiscal - parte II.","breadcrumb":{"@id":"https:\/\/www.estrategiaconcursos.com.br\/blog\/conheca-os-principais-registros-da-efd-para-a-sefaz-es-parte-ii\/#breadcrumb"},"inLanguage":"pt-BR","potentialAction":[{"@type":"ReadAction","target":["https:\/\/www.estrategiaconcursos.com.br\/blog\/conheca-os-principais-registros-da-efd-para-a-sefaz-es-parte-ii\/"]}]},{"@type":"ImageObject","inLanguage":"pt-BR","@id":"https:\/\/www.estrategiaconcursos.com.br\/blog\/conheca-os-principais-registros-da-efd-para-a-sefaz-es-parte-ii\/#primaryimage","url":"https:\/\/dhg1h5j42swfq.cloudfront.net\/2020\/12\/21130804\/sefazes.jpg","contentUrl":"https:\/\/dhg1h5j42swfq.cloudfront.net\/2020\/12\/21130804\/sefazes.jpg","width":310,"height":162,"caption":"Concurso SEFAZ ES 2021"},{"@type":"BreadcrumbList","@id":"https:\/\/www.estrategiaconcursos.com.br\/blog\/conheca-os-principais-registros-da-efd-para-a-sefaz-es-parte-ii\/#breadcrumb","itemListElement":[{"@type":"ListItem","position":1,"name":"In\u00edcio","item":"https:\/\/www.estrategiaconcursos.com.br\/blog\/"},{"@type":"ListItem","position":2,"name":"Conhe\u00e7a os principais registros da EFD para a SEFAZ ES \u2013 Parte II"}]},{"@type":"WebSite","@id":"https:\/\/www.estrategiaconcursos.com.br\/blog\/#website","url":"https:\/\/www.estrategiaconcursos.com.br\/blog\/","name":"Estrat\u00e9gia Concursos","description":"O blog da Estrat\u00e9gia Concursos traz not\u00edcias sobre concursos e artigos de professores oferecendo cursos para concursos (pdf + videaulas) no site.","publisher":{"@id":"https:\/\/www.estrategiaconcursos.com.br\/blog\/#organization"},"potentialAction":[{"@type":"SearchAction","target":{"@type":"EntryPoint","urlTemplate":"https:\/\/www.estrategiaconcursos.com.br\/blog\/?s={search_term_string}"},"query-input":{"@type":"PropertyValueSpecification","valueRequired":true,"valueName":"search_term_string"}}],"inLanguage":"pt-BR"},{"@type":"Organization","@id":"https:\/\/www.estrategiaconcursos.com.br\/blog\/#organization","name":"Estrat\u00e9gia Concursos","url":"https:\/\/www.estrategiaconcursos.com.br\/blog\/","logo":{"@type":"ImageObject","inLanguage":"pt-BR","@id":"https:\/\/www.estrategiaconcursos.com.br\/blog\/#\/schema\/logo\/image\/","url":"https:\/\/dhg1h5j42swfq.cloudfront.net\/2025\/06\/03203428\/logo_concursos-1.jpg","contentUrl":"https:\/\/dhg1h5j42swfq.cloudfront.net\/2025\/06\/03203428\/logo_concursos-1.jpg","width":230,"height":60,"caption":"Estrat\u00e9gia Concursos"},"image":{"@id":"https:\/\/www.estrategiaconcursos.com.br\/blog\/#\/schema\/logo\/image\/"},"sameAs":["https:\/\/x.com\/EstratConcursos"]},{"@type":"Person","@id":"https:\/\/www.estrategiaconcursos.com.br\/blog\/#\/schema\/person\/ed942c42839b8accae96508abec7504a","name":"Lara Dourado Vasconcelos Nascimento","image":{"@type":"ImageObject","inLanguage":"pt-BR","@id":"https:\/\/secure.gravatar.com\/avatar\/9d538f04fca167e02f0f7f690d97a840f4cef43d51983c7a45c635fedaf396e1?s=96&d=mm&r=g","url":"https:\/\/secure.gravatar.com\/avatar\/9d538f04fca167e02f0f7f690d97a840f4cef43d51983c7a45c635fedaf396e1?s=96&d=mm&r=g","contentUrl":"https:\/\/secure.gravatar.com\/avatar\/9d538f04fca167e02f0f7f690d97a840f4cef43d51983c7a45c635fedaf396e1?s=96&d=mm&r=g","caption":"Lara Dourado Vasconcelos Nascimento"},"url":"https:\/\/www.estrategiaconcursos.com.br\/blog\/author\/laradvascgmail-com\/"}]}},"_links":{"self":[{"href":"https:\/\/www.estrategiaconcursos.com.br\/blog\/wp-json\/wp\/v2\/posts\/791391","targetHints":{"allow":["GET"]}}],"collection":[{"href":"https:\/\/www.estrategiaconcursos.com.br\/blog\/wp-json\/wp\/v2\/posts"}],"about":[{"href":"https:\/\/www.estrategiaconcursos.com.br\/blog\/wp-json\/wp\/v2\/types\/post"}],"author":[{"embeddable":true,"href":"https:\/\/www.estrategiaconcursos.com.br\/blog\/wp-json\/wp\/v2\/users\/2031"}],"replies":[{"embeddable":true,"href":"https:\/\/www.estrategiaconcursos.com.br\/blog\/wp-json\/wp\/v2\/comments?post=791391"}],"version-history":[{"count":8,"href":"https:\/\/www.estrategiaconcursos.com.br\/blog\/wp-json\/wp\/v2\/posts\/791391\/revisions"}],"predecessor-version":[{"id":1268428,"href":"https:\/\/www.estrategiaconcursos.com.br\/blog\/wp-json\/wp\/v2\/posts\/791391\/revisions\/1268428"}],"wp:featuredmedia":[{"embeddable":true,"href":"https:\/\/www.estrategiaconcursos.com.br\/blog\/wp-json\/wp\/v2\/media\/634921"}],"wp:attachment":[{"href":"https:\/\/www.estrategiaconcursos.com.br\/blog\/wp-json\/wp\/v2\/media?parent=791391"}],"wp:term":[{"taxonomy":"category","embeddable":true,"href":"https:\/\/www.estrategiaconcursos.com.br\/blog\/wp-json\/wp\/v2\/categories?post=791391"},{"taxonomy":"post_tag","embeddable":true,"href":"https:\/\/www.estrategiaconcursos.com.br\/blog\/wp-json\/wp\/v2\/tags?post=791391"},{"taxonomy":"tax_estado","embeddable":true,"href":"https:\/\/www.estrategiaconcursos.com.br\/blog\/wp-json\/wp\/v2\/tax_estado?post=791391"}],"curies":[{"name":"wp","href":"https:\/\/api.w.org\/{rel}","templated":true}]}}