{"id":791213,"date":"2021-07-09T14:30:43","date_gmt":"2021-07-09T17:30:43","guid":{"rendered":"https:\/\/www.estrategiaconcursos.com.br\/blog\/?p=791213"},"modified":"2021-07-09T22:05:12","modified_gmt":"2021-07-10T01:05:12","slug":"pc-rn-medidas-prevencao","status":"publish","type":"post","link":"https:\/\/www.estrategiaconcursos.com.br\/blog\/pc-rn-medidas-prevencao\/","title":{"rendered":"PC RN publica medidas de preven\u00e7\u00e3o para provas"},"content":{"rendered":"\n<p>Foram publicadas, no site da Pol\u00edcia Civil do Rio Grande do Norte, as medidas de preven\u00e7\u00e3o do <strong>concurso p\u00fablico PC RN<\/strong>, sob responsabilidade da Funda\u00e7\u00e3o Get\u00falio Vargas (FGV).<\/p>\n\n\n\n<p><strong>Abaixo, voc\u00ea confere na <a href=\"http:\/\/www.policiacivil.rn.gov.br\/Conteudo.asp?TRAN=ITEM&amp;TARG=262740&amp;ACT=&amp;PAGE=&amp;PARM=&amp;LBL=NOT%CDCIA\" target=\"_blank\" rel=\"noreferrer noopener\">\u00edntegra<\/a> os detalhes do documento publicado:<\/strong><\/p>\n\n\n\n<h3 class=\"wp-block-heading\" id=\"h-medidas-de-preven-o-covid-19-pc-rn\"><strong>Medidas de Preven\u00e7\u00e3o \u2013 COVID-19 <\/strong><strong>\u2013<\/strong> <strong>PC RN<\/strong><\/h3>\n\n\n\n<p>A aplica\u00e7\u00e3o da prova objetiva foi planejada e organizada tendo em vista a utiliza\u00e7\u00e3o de capacidade reduzida em cada local de aplica\u00e7\u00e3o, para garantir o distanciamento adequado entre os candidatos. Todos os locais possuem ventila\u00e7\u00e3o natural e permanecer\u00e3o com portas e janelas abertas durante a realiza\u00e7\u00e3o das provas.\u00a0<\/p>\n\n\n\n<p>O(A) candidato(a) dever\u00e1 comparecer ao local designado para a realiza\u00e7\u00e3o das provas com anteced\u00eancia m\u00ednima de uma hora e trinta minutos do hor\u00e1rio fixado para o seu in\u00edcio. Como medida adicional de prote\u00e7\u00e3o, sugere-se que os candidatos observem o seguinte escalonamento para a chegada:\u00a0<\/p>\n\n\n\n<ul class=\"wp-block-list\"><li><strong>Grupo I:<\/strong> \u00e0s 06h30 \u2013 candidatos com iniciais do nome de A a G.<\/li><li><strong>Grupo II:<\/strong> \u00e0s 07h00 \u2013 candidatos com iniciais do nome de H a N.<\/li><li><strong>Grupo III:<\/strong> \u00e0s 07h30 \u2013 candidatos com iniciais do nome de O a Z.\u00a0<\/li><\/ul>\n\n\n\n<p>O ingresso de candidato(a) no local de aplica\u00e7\u00e3o das provas ser\u00e1 condicionado \u00e0 utiliza\u00e7\u00e3o de m\u00e1scara de prote\u00e7\u00e3o individual que cubra total e simultaneamente boca e nariz, bem como \u00e0 aferi\u00e7\u00e3o de temperatura.\u00a0O(A) candidato(a) que esteja com temperatura corporal acima de 37,8\u00b0C ser\u00e1 encaminhado para sala extra.\u00a0<\/p>\n\n\n\n<p>A m\u00e1scara poder\u00e1 ser descart\u00e1vel, de tecido ou de qualquer outro material, desde que se enquadre em modelos padronizados de m\u00e1scaras de prote\u00e7\u00e3o, inclusive os modelos N95, N99, PFF2 e PFF3 sem v\u00e1lvula.\u00a0<\/p>\n\n\n\n<p>A recusa em utilizar a m\u00e1scara corretamente implicar\u00e1 a elimina\u00e7\u00e3o da prova e a retirada do(a) candidato(a) do local de aplica\u00e7\u00e3o.\u00a0Recomenda-se que o(a) candidato(a) compare\u00e7a munido de \u00e1lcool em gel, em material transparente, para uso pessoal.\u00a0<\/p>\n\n\n\n<p>Poder\u00e1 ser solicitado ao candidato(a) que retire m\u00e1scara, face shield, luvas e qualquer item de prote\u00e7\u00e3o pessoal contra a COVID-19 durante toda a realiza\u00e7\u00e3o do concurso, sendo mantida uma dist\u00e2ncia segura entre o(a) fiscal e o(a) candidato(a) para a vistoria visual.\u00a0<\/p>\n\n\n\n<p>O uso de sanit\u00e1rios ser\u00e1 realizado com r\u00edgido processo de controle, evitando aglomera\u00e7\u00e3o e com a frequente pr\u00e1tica da higiene e a devida assepsia.&nbsp;Somente ser\u00e3o permitidos recipientes de armazenamento de lanches de r\u00e1pido consumo e bebidas fabricados com material transparente e sem r\u00f3tulos que impe\u00e7am a visualiza\u00e7\u00e3o de seu conte\u00fado.&nbsp;<\/p>\n\n\n\n<p>Somente ser\u00e1 permitido que os(as) candidatos(as) realizem lanches de r\u00e1pido consumo no local de aplica\u00e7\u00e3o (ex.: barra de cereal) e quando for estritamente necess\u00e1rio. O(A) candidato(a) dever\u00e1 retirar a m\u00e1scara apenas para se alimentar e recoloc\u00e1-la imediatamente ap\u00f3s terminar.\u00a0<\/p>\n\n\n\n<p>Recomenda-se que cada candidato(a) leve e utilize sua pr\u00f3pria garrafa de \u00e1gua em material transparente e sem r\u00f3tulo. N\u00e3o ser\u00e1 permitida a utiliza\u00e7\u00e3o dos bebedouros, salvo para encher garrafas e\/ou copos em material transparente e sem r\u00f3tulo.\u00a0<\/p>\n\n\n\n<p>N\u00e3o ser\u00e1 permitida a perman\u00eancia de candidatos(as) nos corredores antes do in\u00edcio da prova. Ap\u00f3s o ingresso no local de aplica\u00e7\u00e3o, o(a) candidato(a) deve se dirigir imediatamente \u00e0 sala de aplica\u00e7\u00e3o, evitando tumulto e aglomera\u00e7\u00e3o de pessoas.\u00a0<\/p>\n\n\n\n<p>A Funda\u00e7\u00e3o Get\u00falio Vargas ser\u00e1 respons\u00e1vel pelas seguintes medidas de preven\u00e7\u00e3o, relativamente \u00e0 emerg\u00eancia de sa\u00fade p\u00fablica de import\u00e2ncia internacional decorrente da pandemia da COVID-19, quando da aplica\u00e7\u00e3o das provas da PC RN:\u00a0\u00a0<\/p>\n\n\n\n<ul class=\"wp-block-list\"><li><strong>a)<\/strong> Todos os locais de aplica\u00e7\u00e3o apresentar\u00e3o rotas e marca\u00e7\u00f5es no ch\u00e3o, a fim de garantir o distanciamento seguro;<\/li><li><strong>b)<\/strong> As salas de aplica\u00e7\u00e3o ser\u00e3o organizadas com redu\u00e7\u00e3o da capacidade, mantendo-se o distanciamento entre as carteiras, e ser\u00e3o submetidas aos cuidados necess\u00e1rios de higiene e ventila\u00e7\u00e3o;<\/li><li><strong>c)<\/strong> Sempre que poss\u00edvel, as portas e janelas ser\u00e3o mantidas abertas;<\/li><li><strong>d)<\/strong> Refor\u00e7o da preven\u00e7\u00e3o individual com cartazes informativos;<\/li><li><strong>e)<\/strong> Disponibiliza\u00e7\u00e3o de frascos de \u00e1lcool em gel em todas as salas e pontos de circula\u00e7\u00e3o;<\/li><li><strong>f)<\/strong> Libera\u00e7\u00e3o de entrada antecipada e triagem r\u00e1pida na entrada dos(as) candidatos(as), para reduzir o tempo de espera na identifica\u00e7\u00e3o;<\/li><li><strong>g)<\/strong> Desinfec\u00e7\u00e3o constante de superf\u00edcies mais tocadas, como corrim\u00e3os e ma\u00e7anetas;<\/li><li><strong>h)<\/strong> Todos ser\u00e3o orientados a usar apenas a pr\u00f3pria caneta, fabricada em material transparente, para assinatura dos instrumentos de aplica\u00e7\u00e3o; e<\/li><li><strong>i)<\/strong> Controle individual de sa\u00edda dos candidatos ao t\u00e9rmino das provas, evitando tumulto e aglomera\u00e7\u00e3o de pessoas.<\/li><\/ul>\n\n\n\n<p>A equipe de colaboradores da FGV s\u00f3 poder\u00e1 atuar mediante:<\/p>\n\n\n\n<ul class=\"wp-block-list\"><li><strong>a)<\/strong> Utiliza\u00e7\u00e3o de m\u00e1scara de prote\u00e7\u00e3o individual e considerando os atos normativos que estabelecem o uso seguro delas;\u00a0<\/li><li><strong>b)<\/strong> Higieniza\u00e7\u00e3o das m\u00e3os com \u00e1lcool em gel antes e ap\u00f3s o contato com qualquer instrumento de aplica\u00e7\u00e3o ou candidato(a); e\u00a0<\/li><li><strong>c)<\/strong> Treinamento espec\u00edfico sobre os novos procedimentos adotados.\u00a0Medidas adicionais poder\u00e3o ser tomadas a depender das restri\u00e7\u00f5es e recomenda\u00e7\u00f5es impostas pelos \u00f3rg\u00e3os competentes.\u00a0<\/li><\/ul>\n\n\n\n<p>Vale lembrar que mais de 61 mil candidatos se inscreveram, e a concorr\u00eancia por vaga ficou entre 140,3 a 512,4, segundo informa\u00e7\u00f5es do portal Tribuna do Norte. Lembrando que o edital PC RN foi publicado com a oferta total de<strong>\u00a0301 vagas<\/strong>, com a seguinte distribui\u00e7\u00e3o:<\/p>\n\n\n\n<ul class=\"wp-block-list\"><li><strong>Agente \u2013 230 vagas;<\/strong><\/li><li><strong>Delegado \u2013 47 vagas; e<\/strong><\/li><li><strong>Escriv\u00e3o \u2013 24 vagas.<\/strong><\/li><\/ul>\n\n\n\n<p>Para mais informa\u00e7\u00f5es sobre as medidas de preven\u00e7\u00e3o contra a Covid-19 na etapa de provas do concurso PC RN, acesse o link abaixo:<\/p>\n\n\n\n<p class=\"has-text-align-center has-cyan-bluish-gray-background-color has-background has-medium-font-size\"><strong><a href=\"https:\/\/www.estrategiaconcursos.com.br\/blog\/concurso-policia-civil-rn\/\" target=\"_blank\" rel=\"noreferrer noopener\">Concurso PC RN<\/a><\/strong><\/p>\n\n\n\n<h4 class=\"wp-block-heading\" id=\"block-53201185-3367-4bf8-b082-871d519fb365\"><br \/>2\u00aa Semana Nacional dos Concursos P\u00fablicos, de 12 a 19\/07! Clique no banner para participar!<\/h4>\n\n\n\n<figure class=\"wp-block-image\" id=\"block-7fbcea12-1510-495f-a8d7-ee64d7ef93af\"><img decoding=\"async\" src=\"https:\/\/dhg1h5j42swfq.cloudfront.net\/2021\/07\/06114343\/2a-semana-nacional-dos-1024x274.png\" alt=\"pc rn medidas preven\u00e7\u00e3o\"\/><\/figure>\n\n\n\n<h2 class=\"has-text-align-center wp-block-heading\" id=\"cursos-assinatura\">Quer estudar para o concurso da PC RN?<\/h2>\n\n\n\n<div class=\"container\" id=\"boxes\">\n  <div class=\"row\">\n\n    <div class=\"col-sm\">\n      <div class=\"banner-policial\" id=\"box-assinatura\">\n        <h3 class=\"titulo-assinatura\">Concurso PC RN<\/h3>\n        <p class=\"subtitulo-assinatura\">Conhe\u00e7a os cursos<\/p>\n        <div class=\"box-botao\">\n          <a class=\"btn-assinatura\" target=\"_blank\" href=\"https:\/\/www.estrategiaconcursos.com.br\/cursosPorConcurso\/policia-civil-do-rio-grande-do-norte\/\/\" role=\"button\" rel=\"noopener noreferrer\">Conhe\u00e7a mais<\/a>\n        <\/div>\n      <\/div>\n    \n    <\/div>\n\n  <\/div>\n<\/div>\n\n\n\n<div class=\"container\" id=\"boxes\">\n  <div class=\"row\">\n\n    <div class=\"col-sm\">\n      <div class=\"estrategia\" id=\"box-assinatura\">\n        <h3 class=\"titulo-assinatura\">Assinatura de Concursos<\/h3>\n        <p class=\"subtitulo-assinatura\">Assinatura de 1 ou 2 anos<\/p>\n        <div class=\"box-botao\">\n          <a class=\"btn-assinatura\" target=\"_blank\" href=\"https:\/\/www.estrategiaconcursos.com.br\/assinaturas\/\" role=\"button\" rel=\"noopener noreferrer\">ASSINE AGORA<\/a>\n        <\/div>\n      <\/div>\n      <p class=\"texto-auxiliar\">.<\/p>\n    <\/div><\/div><\/div>\n\n\n\n<div class=\"container\" id=\"boxes\">\n  <div class=\"row\">\n\n    <div class=\"col-sm\" id=\"boxes-concursos\">\n      <div style=\"background-color: #005DAD;\" class=\"conteudo-concursos\" id=\"box-concursos\">\n        <h3 class=\"titulo-assinatura\">Concursos Abertos<\/h3>\n        <p class=\"subtitulo-assinatura\">Os editais publicados<\/p>\n        <div class=\"box-botao\">\n          <a class=\"btn-assinatura\" target=\"_blank\" href=\"https:\/\/www.estrategiaconcursos.com.br\/blog\/concursos-abertos\/\" role=\"button\" rel=\"noopener noreferrer\">Conhe\u00e7a Agora<\/a>\n        <\/div>\n      <\/div>\n    <\/div>\n\n    <div class=\"col-sm\" id=\"boxes-concursos\">\n      <div style=\"background-color: #1A7ED5;\" class=\"conteudo-concursos\" id=\"box-concursos\">\n        <h3 class=\"titulo-assinatura\">Concursos 2021<\/h3>\n        <p class=\"subtitulo-assinatura\">As oportunidades previstas<\/p>\n        <div class=\"box-botao\">\n          <a class=\"btn-assinatura\" target=\"_blank\" href=\"https:\/\/www.estrategiaconcursos.com.br\/blog\/concursos-2021\/\" role=\"button\" rel=\"noopener noreferrer\">Conhe\u00e7a Agora<\/a>\n        <\/div>\n      <\/div>\n    <\/div>\n\n    <div class=\"col-sm\" id=\"boxes-concursos\">\n      <div style=\"background-color: #419FF0;\" class=\"conteudo-concursos\" id=\"box-concursos\">\n        <h3 class=\"titulo-assinatura\">Concursos 2022<\/h3>\n        <p class=\"subtitulo-assinatura\">Vagas para o pr\u00f3ximo ano<\/p>\n        <div class=\"box-botao\">\n          <a class=\"btn-assinatura\" target=\"_blank\" href=\"https:\/\/www.estrategiaconcursos.com.br\/blog\/concursos-2022\/\" role=\"button\" rel=\"noopener noreferrer\">Conhe\u00e7a Agora<\/a>\n        <\/div>\n      <\/div>\n    <\/div>\n\n  <\/div>\n<\/div>\n","protected":false},"excerpt":{"rendered":"<p>Foram publicadas, no site da Pol\u00edcia Civil do Rio Grande do Norte, as medidas de preven\u00e7\u00e3o do concurso p\u00fablico PC RN, sob responsabilidade da Funda\u00e7\u00e3o Get\u00falio Vargas (FGV). Abaixo, voc\u00ea confere na \u00edntegra os detalhes do documento publicado: Medidas de Preven\u00e7\u00e3o \u2013 COVID-19 \u2013 PC RN A aplica\u00e7\u00e3o da prova objetiva foi planejada e organizada [&hellip;]<\/p>\n","protected":false},"author":1,"featured_media":787857,"comment_status":"open","ping_status":"closed","sticky":false,"template":"","format":"standard","meta":{"post_tipo":"news","footnotes":""},"categories":[220194,1988],"tags":[],"tax_estado":[219983],"class_list":["post-791213","post","type-post","status-publish","format-standard","has-post-thumbnail","hentry","category-delegado","category-policia","tax_estado-rn"],"acf":[],"yoast_head":"<!-- This site is optimized with the Yoast SEO Premium plugin v27.2 (Yoast SEO v27.2) - https:\/\/yoast.com\/product\/yoast-seo-premium-wordpress\/ -->\n<title>PC RN publica medidas de preven\u00e7\u00e3o para provas<\/title>\n<meta name=\"description\" content=\"Foram publicadas as medidas de preven\u00e7\u00e3o do concurso p\u00fablico PC RN, sob responsabilidade da Funda\u00e7\u00e3o Getulio Vargas (FGV). Confira!\" \/>\n<meta name=\"robots\" content=\"index, follow, max-snippet:-1, max-image-preview:large, max-video-preview:-1\" \/>\n<link rel=\"canonical\" href=\"https:\/\/www.estrategiaconcursos.com.br\/blog\/pc-rn-medidas-prevencao\/\" \/>\n<meta property=\"og:locale\" content=\"pt_BR\" \/>\n<meta property=\"og:type\" content=\"article\" \/>\n<meta property=\"og:title\" content=\"PC RN publica medidas de preven\u00e7\u00e3o para provas\" \/>\n<meta property=\"og:description\" content=\"Foram publicadas as medidas de preven\u00e7\u00e3o do concurso p\u00fablico PC RN, sob responsabilidade da Funda\u00e7\u00e3o Getulio Vargas (FGV). Confira!\" \/>\n<meta property=\"og:url\" content=\"https:\/\/www.estrategiaconcursos.com.br\/blog\/pc-rn-medidas-prevencao\/\" \/>\n<meta property=\"og:site_name\" content=\"Estrat\u00e9gia Concursos\" \/>\n<meta property=\"article:author\" content=\"https:\/\/www.facebook.com\/EstrategiaConcursos\" \/>\n<meta property=\"article:published_time\" content=\"2021-07-09T17:30:43+00:00\" \/>\n<meta property=\"article:modified_time\" content=\"2021-07-10T01:05:12+00:00\" \/>\n<meta property=\"og:image\" content=\"https:\/\/dhg1h5j42swfq.cloudfront.net\/2021\/07\/05202452\/pc-rn.jpg\" \/>\n\t<meta property=\"og:image:width\" content=\"768\" \/>\n\t<meta property=\"og:image:height\" content=\"432\" \/>\n\t<meta property=\"og:image:type\" content=\"image\/jpeg\" \/>\n<meta name=\"author\" content=\"Coordena\u00e7\u00e3o\" \/>\n<meta name=\"twitter:card\" content=\"summary_large_image\" \/>\n<meta name=\"twitter:creator\" content=\"@EstratConcursos\" \/>\n<meta name=\"twitter:site\" content=\"@EstratConcursos\" \/>\n<meta name=\"twitter:label1\" content=\"Escrito por\" \/>\n\t<meta name=\"twitter:data1\" content=\"Coordena\u00e7\u00e3o\" \/>\n\t<meta name=\"twitter:label2\" content=\"Est. tempo de leitura\" \/>\n\t<meta name=\"twitter:data2\" content=\"5 minutos\" \/>\n<script type=\"application\/ld+json\" class=\"yoast-schema-graph\">{\"@context\":\"https:\/\/schema.org\",\"@graph\":[{\"@type\":\"NewsArticle\",\"@id\":\"https:\/\/www.estrategiaconcursos.com.br\/blog\/pc-rn-medidas-prevencao\/#article\",\"isPartOf\":{\"@id\":\"https:\/\/www.estrategiaconcursos.com.br\/blog\/pc-rn-medidas-prevencao\/\"},\"author\":{\"name\":\"Coordena\u00e7\u00e3o\",\"@id\":\"https:\/\/www.estrategiaconcursos.com.br\/blog\/#\/schema\/person\/b4a388c97673c5f483d72185668afa1f\"},\"headline\":\"PC RN publica medidas de preven\u00e7\u00e3o para provas\",\"datePublished\":\"2021-07-09T17:30:43+00:00\",\"dateModified\":\"2021-07-10T01:05:12+00:00\",\"mainEntityOfPage\":{\"@id\":\"https:\/\/www.estrategiaconcursos.com.br\/blog\/pc-rn-medidas-prevencao\/\"},\"wordCount\":1045,\"commentCount\":0,\"publisher\":{\"@id\":\"https:\/\/www.estrategiaconcursos.com.br\/blog\/#organization\"},\"image\":{\"@id\":\"https:\/\/www.estrategiaconcursos.com.br\/blog\/pc-rn-medidas-prevencao\/#primaryimage\"},\"thumbnailUrl\":\"https:\/\/dhg1h5j42swfq.cloudfront.net\/2021\/07\/05202452\/pc-rn.jpg\",\"articleSection\":[\"Jur\u00eddico - Delegado\",\"Policial (Agente, Escriv\u00e3o e Investigador)\"],\"inLanguage\":\"pt-BR\",\"potentialAction\":[{\"@type\":\"CommentAction\",\"name\":\"Comment\",\"target\":[\"https:\/\/www.estrategiaconcursos.com.br\/blog\/pc-rn-medidas-prevencao\/#respond\"]}],\"copyrightYear\":\"2021\",\"copyrightHolder\":{\"@id\":\"https:\/\/www.estrategiaconcursos.com.br\/blog\/#organization\"}},{\"@type\":\"WebPage\",\"@id\":\"https:\/\/www.estrategiaconcursos.com.br\/blog\/pc-rn-medidas-prevencao\/\",\"url\":\"https:\/\/www.estrategiaconcursos.com.br\/blog\/pc-rn-medidas-prevencao\/\",\"name\":\"PC RN publica medidas de preven\u00e7\u00e3o para provas\",\"isPartOf\":{\"@id\":\"https:\/\/www.estrategiaconcursos.com.br\/blog\/#website\"},\"primaryImageOfPage\":{\"@id\":\"https:\/\/www.estrategiaconcursos.com.br\/blog\/pc-rn-medidas-prevencao\/#primaryimage\"},\"image\":{\"@id\":\"https:\/\/www.estrategiaconcursos.com.br\/blog\/pc-rn-medidas-prevencao\/#primaryimage\"},\"thumbnailUrl\":\"https:\/\/dhg1h5j42swfq.cloudfront.net\/2021\/07\/05202452\/pc-rn.jpg\",\"datePublished\":\"2021-07-09T17:30:43+00:00\",\"dateModified\":\"2021-07-10T01:05:12+00:00\",\"description\":\"Foram publicadas as medidas de preven\u00e7\u00e3o do concurso p\u00fablico PC RN, sob responsabilidade da Funda\u00e7\u00e3o Getulio Vargas (FGV). Confira!\",\"breadcrumb\":{\"@id\":\"https:\/\/www.estrategiaconcursos.com.br\/blog\/pc-rn-medidas-prevencao\/#breadcrumb\"},\"inLanguage\":\"pt-BR\",\"potentialAction\":[{\"@type\":\"ReadAction\",\"target\":[\"https:\/\/www.estrategiaconcursos.com.br\/blog\/pc-rn-medidas-prevencao\/\"]}]},{\"@type\":\"ImageObject\",\"inLanguage\":\"pt-BR\",\"@id\":\"https:\/\/www.estrategiaconcursos.com.br\/blog\/pc-rn-medidas-prevencao\/#primaryimage\",\"url\":\"https:\/\/dhg1h5j42swfq.cloudfront.net\/2021\/07\/05202452\/pc-rn.jpg\",\"contentUrl\":\"https:\/\/dhg1h5j42swfq.cloudfront.net\/2021\/07\/05202452\/pc-rn.jpg\",\"width\":768,\"height\":432,\"caption\":\"PC RN\"},{\"@type\":\"BreadcrumbList\",\"@id\":\"https:\/\/www.estrategiaconcursos.com.br\/blog\/pc-rn-medidas-prevencao\/#breadcrumb\",\"itemListElement\":[{\"@type\":\"ListItem\",\"position\":1,\"name\":\"In\u00edcio\",\"item\":\"https:\/\/www.estrategiaconcursos.com.br\/blog\/\"},{\"@type\":\"ListItem\",\"position\":2,\"name\":\"PC RN publica medidas de preven\u00e7\u00e3o para provas\"}]},{\"@type\":\"WebSite\",\"@id\":\"https:\/\/www.estrategiaconcursos.com.br\/blog\/#website\",\"url\":\"https:\/\/www.estrategiaconcursos.com.br\/blog\/\",\"name\":\"Estrat\u00e9gia Concursos\",\"description\":\"O blog da Estrat\u00e9gia Concursos traz not\u00edcias sobre concursos e artigos de professores oferecendo cursos para concursos (pdf + videaulas) no site.\",\"publisher\":{\"@id\":\"https:\/\/www.estrategiaconcursos.com.br\/blog\/#organization\"},\"potentialAction\":[{\"@type\":\"SearchAction\",\"target\":{\"@type\":\"EntryPoint\",\"urlTemplate\":\"https:\/\/www.estrategiaconcursos.com.br\/blog\/?s={search_term_string}\"},\"query-input\":{\"@type\":\"PropertyValueSpecification\",\"valueRequired\":true,\"valueName\":\"search_term_string\"}}],\"inLanguage\":\"pt-BR\"},{\"@type\":\"Organization\",\"@id\":\"https:\/\/www.estrategiaconcursos.com.br\/blog\/#organization\",\"name\":\"Estrat\u00e9gia Concursos\",\"url\":\"https:\/\/www.estrategiaconcursos.com.br\/blog\/\",\"logo\":{\"@type\":\"ImageObject\",\"inLanguage\":\"pt-BR\",\"@id\":\"https:\/\/www.estrategiaconcursos.com.br\/blog\/#\/schema\/logo\/image\/\",\"url\":\"https:\/\/dhg1h5j42swfq.cloudfront.net\/2025\/06\/03203428\/logo_concursos-1.jpg\",\"contentUrl\":\"https:\/\/dhg1h5j42swfq.cloudfront.net\/2025\/06\/03203428\/logo_concursos-1.jpg\",\"width\":230,\"height\":60,\"caption\":\"Estrat\u00e9gia Concursos\"},\"image\":{\"@id\":\"https:\/\/www.estrategiaconcursos.com.br\/blog\/#\/schema\/logo\/image\/\"},\"sameAs\":[\"https:\/\/x.com\/EstratConcursos\"]},{\"@type\":\"Person\",\"@id\":\"https:\/\/www.estrategiaconcursos.com.br\/blog\/#\/schema\/person\/b4a388c97673c5f483d72185668afa1f\",\"name\":\"Coordena\u00e7\u00e3o\",\"image\":{\"@type\":\"ImageObject\",\"inLanguage\":\"pt-BR\",\"@id\":\"https:\/\/secure.gravatar.com\/avatar\/b720319e4c9a967eb58678d110f4fe35452fc5d5f97b202bac7b8acceb18c6ad?s=96&d=mm&r=g\",\"url\":\"https:\/\/secure.gravatar.com\/avatar\/b720319e4c9a967eb58678d110f4fe35452fc5d5f97b202bac7b8acceb18c6ad?s=96&d=mm&r=g\",\"contentUrl\":\"https:\/\/secure.gravatar.com\/avatar\/b720319e4c9a967eb58678d110f4fe35452fc5d5f97b202bac7b8acceb18c6ad?s=96&d=mm&r=g\",\"caption\":\"Coordena\u00e7\u00e3o\"},\"sameAs\":[\"https:\/\/www.facebook.com\/EstrategiaConcursos\",\"https:\/\/x.com\/EstratConcursos\"],\"url\":\"https:\/\/www.estrategiaconcursos.com.br\/blog\/author\/estrategia2013\/\"}]}<\/script>\n<!-- \/ Yoast SEO Premium plugin. -->","yoast_head_json":{"title":"PC RN publica medidas de preven\u00e7\u00e3o para provas","description":"Foram publicadas as medidas de preven\u00e7\u00e3o do concurso p\u00fablico PC RN, sob responsabilidade da Funda\u00e7\u00e3o Getulio Vargas (FGV). Confira!","robots":{"index":"index","follow":"follow","max-snippet":"max-snippet:-1","max-image-preview":"max-image-preview:large","max-video-preview":"max-video-preview:-1"},"canonical":"https:\/\/www.estrategiaconcursos.com.br\/blog\/pc-rn-medidas-prevencao\/","og_locale":"pt_BR","og_type":"article","og_title":"PC RN publica medidas de preven\u00e7\u00e3o para provas","og_description":"Foram publicadas as medidas de preven\u00e7\u00e3o do concurso p\u00fablico PC RN, sob responsabilidade da Funda\u00e7\u00e3o Getulio Vargas (FGV). Confira!","og_url":"https:\/\/www.estrategiaconcursos.com.br\/blog\/pc-rn-medidas-prevencao\/","og_site_name":"Estrat\u00e9gia Concursos","article_author":"https:\/\/www.facebook.com\/EstrategiaConcursos","article_published_time":"2021-07-09T17:30:43+00:00","article_modified_time":"2021-07-10T01:05:12+00:00","og_image":[{"width":768,"height":432,"url":"https:\/\/dhg1h5j42swfq.cloudfront.net\/2021\/07\/05202452\/pc-rn.jpg","type":"image\/jpeg"}],"author":"Coordena\u00e7\u00e3o","twitter_card":"summary_large_image","twitter_creator":"@EstratConcursos","twitter_site":"@EstratConcursos","twitter_misc":{"Escrito por":"Coordena\u00e7\u00e3o","Est. tempo de leitura":"5 minutos"},"schema":{"@context":"https:\/\/schema.org","@graph":[{"@type":"NewsArticle","@id":"https:\/\/www.estrategiaconcursos.com.br\/blog\/pc-rn-medidas-prevencao\/#article","isPartOf":{"@id":"https:\/\/www.estrategiaconcursos.com.br\/blog\/pc-rn-medidas-prevencao\/"},"author":{"name":"Coordena\u00e7\u00e3o","@id":"https:\/\/www.estrategiaconcursos.com.br\/blog\/#\/schema\/person\/b4a388c97673c5f483d72185668afa1f"},"headline":"PC RN publica medidas de preven\u00e7\u00e3o para provas","datePublished":"2021-07-09T17:30:43+00:00","dateModified":"2021-07-10T01:05:12+00:00","mainEntityOfPage":{"@id":"https:\/\/www.estrategiaconcursos.com.br\/blog\/pc-rn-medidas-prevencao\/"},"wordCount":1045,"commentCount":0,"publisher":{"@id":"https:\/\/www.estrategiaconcursos.com.br\/blog\/#organization"},"image":{"@id":"https:\/\/www.estrategiaconcursos.com.br\/blog\/pc-rn-medidas-prevencao\/#primaryimage"},"thumbnailUrl":"https:\/\/dhg1h5j42swfq.cloudfront.net\/2021\/07\/05202452\/pc-rn.jpg","articleSection":["Jur\u00eddico - Delegado","Policial (Agente, Escriv\u00e3o e Investigador)"],"inLanguage":"pt-BR","potentialAction":[{"@type":"CommentAction","name":"Comment","target":["https:\/\/www.estrategiaconcursos.com.br\/blog\/pc-rn-medidas-prevencao\/#respond"]}],"copyrightYear":"2021","copyrightHolder":{"@id":"https:\/\/www.estrategiaconcursos.com.br\/blog\/#organization"}},{"@type":"WebPage","@id":"https:\/\/www.estrategiaconcursos.com.br\/blog\/pc-rn-medidas-prevencao\/","url":"https:\/\/www.estrategiaconcursos.com.br\/blog\/pc-rn-medidas-prevencao\/","name":"PC RN publica medidas de preven\u00e7\u00e3o para provas","isPartOf":{"@id":"https:\/\/www.estrategiaconcursos.com.br\/blog\/#website"},"primaryImageOfPage":{"@id":"https:\/\/www.estrategiaconcursos.com.br\/blog\/pc-rn-medidas-prevencao\/#primaryimage"},"image":{"@id":"https:\/\/www.estrategiaconcursos.com.br\/blog\/pc-rn-medidas-prevencao\/#primaryimage"},"thumbnailUrl":"https:\/\/dhg1h5j42swfq.cloudfront.net\/2021\/07\/05202452\/pc-rn.jpg","datePublished":"2021-07-09T17:30:43+00:00","dateModified":"2021-07-10T01:05:12+00:00","description":"Foram publicadas as medidas de preven\u00e7\u00e3o do concurso p\u00fablico PC RN, sob responsabilidade da Funda\u00e7\u00e3o Getulio Vargas (FGV). Confira!","breadcrumb":{"@id":"https:\/\/www.estrategiaconcursos.com.br\/blog\/pc-rn-medidas-prevencao\/#breadcrumb"},"inLanguage":"pt-BR","potentialAction":[{"@type":"ReadAction","target":["https:\/\/www.estrategiaconcursos.com.br\/blog\/pc-rn-medidas-prevencao\/"]}]},{"@type":"ImageObject","inLanguage":"pt-BR","@id":"https:\/\/www.estrategiaconcursos.com.br\/blog\/pc-rn-medidas-prevencao\/#primaryimage","url":"https:\/\/dhg1h5j42swfq.cloudfront.net\/2021\/07\/05202452\/pc-rn.jpg","contentUrl":"https:\/\/dhg1h5j42swfq.cloudfront.net\/2021\/07\/05202452\/pc-rn.jpg","width":768,"height":432,"caption":"PC RN"},{"@type":"BreadcrumbList","@id":"https:\/\/www.estrategiaconcursos.com.br\/blog\/pc-rn-medidas-prevencao\/#breadcrumb","itemListElement":[{"@type":"ListItem","position":1,"name":"In\u00edcio","item":"https:\/\/www.estrategiaconcursos.com.br\/blog\/"},{"@type":"ListItem","position":2,"name":"PC RN publica medidas de preven\u00e7\u00e3o para provas"}]},{"@type":"WebSite","@id":"https:\/\/www.estrategiaconcursos.com.br\/blog\/#website","url":"https:\/\/www.estrategiaconcursos.com.br\/blog\/","name":"Estrat\u00e9gia Concursos","description":"O blog da Estrat\u00e9gia Concursos traz not\u00edcias sobre concursos e artigos de professores oferecendo cursos para concursos (pdf + videaulas) no site.","publisher":{"@id":"https:\/\/www.estrategiaconcursos.com.br\/blog\/#organization"},"potentialAction":[{"@type":"SearchAction","target":{"@type":"EntryPoint","urlTemplate":"https:\/\/www.estrategiaconcursos.com.br\/blog\/?s={search_term_string}"},"query-input":{"@type":"PropertyValueSpecification","valueRequired":true,"valueName":"search_term_string"}}],"inLanguage":"pt-BR"},{"@type":"Organization","@id":"https:\/\/www.estrategiaconcursos.com.br\/blog\/#organization","name":"Estrat\u00e9gia Concursos","url":"https:\/\/www.estrategiaconcursos.com.br\/blog\/","logo":{"@type":"ImageObject","inLanguage":"pt-BR","@id":"https:\/\/www.estrategiaconcursos.com.br\/blog\/#\/schema\/logo\/image\/","url":"https:\/\/dhg1h5j42swfq.cloudfront.net\/2025\/06\/03203428\/logo_concursos-1.jpg","contentUrl":"https:\/\/dhg1h5j42swfq.cloudfront.net\/2025\/06\/03203428\/logo_concursos-1.jpg","width":230,"height":60,"caption":"Estrat\u00e9gia Concursos"},"image":{"@id":"https:\/\/www.estrategiaconcursos.com.br\/blog\/#\/schema\/logo\/image\/"},"sameAs":["https:\/\/x.com\/EstratConcursos"]},{"@type":"Person","@id":"https:\/\/www.estrategiaconcursos.com.br\/blog\/#\/schema\/person\/b4a388c97673c5f483d72185668afa1f","name":"Coordena\u00e7\u00e3o","image":{"@type":"ImageObject","inLanguage":"pt-BR","@id":"https:\/\/secure.gravatar.com\/avatar\/b720319e4c9a967eb58678d110f4fe35452fc5d5f97b202bac7b8acceb18c6ad?s=96&d=mm&r=g","url":"https:\/\/secure.gravatar.com\/avatar\/b720319e4c9a967eb58678d110f4fe35452fc5d5f97b202bac7b8acceb18c6ad?s=96&d=mm&r=g","contentUrl":"https:\/\/secure.gravatar.com\/avatar\/b720319e4c9a967eb58678d110f4fe35452fc5d5f97b202bac7b8acceb18c6ad?s=96&d=mm&r=g","caption":"Coordena\u00e7\u00e3o"},"sameAs":["https:\/\/www.facebook.com\/EstrategiaConcursos","https:\/\/x.com\/EstratConcursos"],"url":"https:\/\/www.estrategiaconcursos.com.br\/blog\/author\/estrategia2013\/"}]}},"_links":{"self":[{"href":"https:\/\/www.estrategiaconcursos.com.br\/blog\/wp-json\/wp\/v2\/posts\/791213","targetHints":{"allow":["GET"]}}],"collection":[{"href":"https:\/\/www.estrategiaconcursos.com.br\/blog\/wp-json\/wp\/v2\/posts"}],"about":[{"href":"https:\/\/www.estrategiaconcursos.com.br\/blog\/wp-json\/wp\/v2\/types\/post"}],"author":[{"embeddable":true,"href":"https:\/\/www.estrategiaconcursos.com.br\/blog\/wp-json\/wp\/v2\/users\/1"}],"replies":[{"embeddable":true,"href":"https:\/\/www.estrategiaconcursos.com.br\/blog\/wp-json\/wp\/v2\/comments?post=791213"}],"version-history":[{"count":11,"href":"https:\/\/www.estrategiaconcursos.com.br\/blog\/wp-json\/wp\/v2\/posts\/791213\/revisions"}],"predecessor-version":[{"id":791385,"href":"https:\/\/www.estrategiaconcursos.com.br\/blog\/wp-json\/wp\/v2\/posts\/791213\/revisions\/791385"}],"wp:featuredmedia":[{"embeddable":true,"href":"https:\/\/www.estrategiaconcursos.com.br\/blog\/wp-json\/wp\/v2\/media\/787857"}],"wp:attachment":[{"href":"https:\/\/www.estrategiaconcursos.com.br\/blog\/wp-json\/wp\/v2\/media?parent=791213"}],"wp:term":[{"taxonomy":"category","embeddable":true,"href":"https:\/\/www.estrategiaconcursos.com.br\/blog\/wp-json\/wp\/v2\/categories?post=791213"},{"taxonomy":"post_tag","embeddable":true,"href":"https:\/\/www.estrategiaconcursos.com.br\/blog\/wp-json\/wp\/v2\/tags?post=791213"},{"taxonomy":"tax_estado","embeddable":true,"href":"https:\/\/www.estrategiaconcursos.com.br\/blog\/wp-json\/wp\/v2\/tax_estado?post=791213"}],"curies":[{"name":"wp","href":"https:\/\/api.w.org\/{rel}","templated":true}]}}