{"id":791125,"date":"2021-07-09T12:10:51","date_gmt":"2021-07-09T15:10:51","guid":{"rendered":"https:\/\/www.estrategiaconcursos.com.br\/blog\/?p=791125"},"modified":"2021-07-09T12:10:53","modified_gmt":"2021-07-09T15:10:53","slug":"selecao-mpdft-promotor-gabarito-preliminar","status":"publish","type":"post","link":"https:\/\/www.estrategiaconcursos.com.br\/blog\/selecao-mpdft-promotor-gabarito-preliminar\/","title":{"rendered":"Sele\u00e7\u00e3o MPDFT Promotor tem gabarito preliminar divulgado!"},"content":{"rendered":"\n<p>A sele\u00e7\u00e3o para MPDFT Promotor teve gabarito preliminar divulgado e trouxe duas quest\u00f5es anuladas de of\u00edcio. As provas ocorreram em 04 de julho e contaram com mais de 11 mil inscritos.<\/p>\n\n\n\n<p>Os recursos poder\u00e3o ser impetrados nos dias 14 e 15 de julho e devem seguir algumas regras. Acesse as instru\u00e7\u00f5es para impetrar recursos na sele\u00e7\u00e3o <a href=\"https:\/\/dhg1h5j42swfq.cloudfront.net\/2021\/07\/09115924\/comunicado_n_13.pdf\" target=\"_blank\" rel=\"noreferrer noopener nofollow\">MPDFT Promotor.<\/a><\/p>\n\n\n\n<p>A sele\u00e7\u00e3o ofertou vagas em CR para Promotor de Justi\u00e7a Adjunto. O certame \u00e9 organizado pelo pr\u00f3prio \u00f3rg\u00e3o, atrav\u00e9s de banca examinadora formada por especialistas. <\/p>\n\n\n\n<p>Para ingressar na carreira era necess\u00e1rio ser <strong>bacharel em Direito<\/strong> e comprovar o exerc\u00edcio de <strong>tr\u00eas anos de atividade jur\u00eddica<\/strong>.  O sal\u00e1rio inicial da carreira \u00e9 de <strong>R$ 32.004,65, segundo o edital do concurso.<\/strong> <\/p>\n\n\n\n<figure class=\"wp-block-image size-large\"><img loading=\"lazy\" decoding=\"async\" width=\"1024\" height=\"972\" src=\"https:\/\/dhg1h5j42swfq.cloudfront.net\/2021\/07\/09120111\/captura-de-tela-2021-07-09-as-12-00-57-1024x972.png\" alt=\"\" class=\"wp-image-791131\" srcset=\"https:\/\/dhg1h5j42swfq.cloudfront.net\/2021\/07\/09120111\/captura-de-tela-2021-07-09-as-12-00-57-1024x972.png 1024w, https:\/\/dhg1h5j42swfq.cloudfront.net\/2021\/07\/09120111\/captura-de-tela-2021-07-09-as-12-00-57-300x285.png 300w, https:\/\/dhg1h5j42swfq.cloudfront.net\/2021\/07\/09120111\/captura-de-tela-2021-07-09-as-12-00-57-768x729.png 768w, https:\/\/dhg1h5j42swfq.cloudfront.net\/2021\/07\/09120111\/captura-de-tela-2021-07-09-as-12-00-57-610x579.png 610w, https:\/\/dhg1h5j42swfq.cloudfront.net\/2021\/07\/09120111\/captura-de-tela-2021-07-09-as-12-00-57.png 1428w\" sizes=\"auto, (max-width: 1024px) 100vw, 1024px\" \/><\/figure>\n\n\n\n<p>Abaixo voc\u00ea confere o cronograma do concurso MPDFT Promotor:<\/p>\n\n\n\n<figure class=\"wp-block-table is-style-stripes\"><table><tbody><tr><td class=\"has-text-align-center\" data-align=\"center\"><strong>ATIVIDADE<\/strong><\/td><td class=\"has-text-align-center\" data-align=\"center\"><strong>IN\u00cdCIO<\/strong><\/td><td class=\"has-text-align-center\" data-align=\"center\"><strong>T\u00c9RMINO<\/strong><\/td><\/tr><tr><td class=\"has-text-align-center\" data-align=\"center\"><strong>INSCRI\u00c7\u00c3O PRELIMINAR<\/strong><\/td><td class=\"has-text-align-center\" data-align=\"center\"><strong><s>31\/03\/2021<\/s><\/strong><\/td><td class=\"has-text-align-center\" data-align=\"center\"><strong><s>29\/04\/2021<\/s><\/strong><\/td><\/tr><tr><td class=\"has-text-align-center\" data-align=\"center\">Publica\u00e7\u00e3o da rela\u00e7\u00e3o final de inscritos e convoca\u00e7\u00e3o para a prova objetiva.<\/td><td class=\"has-text-align-center\" data-align=\"center\"><strong><s>25\/05\/2021<\/s><\/strong><\/td><td class=\"has-text-align-center\" data-align=\"center\">____<\/td><\/tr><tr><td class=\"has-text-align-center\" data-align=\"center\"><strong>PROVA OBJETIVA<\/strong><\/td><td class=\"has-text-align-center\" data-align=\"center\"><strong><s>04\/07\/2021<\/s><\/strong><\/td><td class=\"has-text-align-center\" data-align=\"center\">____<\/td><\/tr><tr><td class=\"has-text-align-center\" data-align=\"center\">Publica\u00e7\u00e3o do gabarito preliminar oficial na Internet.<\/td><td class=\"has-text-align-center\" data-align=\"center\"><s>08\/07\/2021<\/s><\/td><td class=\"has-text-align-center\" data-align=\"center\">____<\/td><\/tr><tr><td class=\"has-text-align-center\" data-align=\"center\">Avalia\u00e7\u00e3o, pela Equipe Multiprofissional, dos candidatos com defici\u00eancia.<\/td><td class=\"has-text-align-center\" data-align=\"center\"><s>03\/08\/2021<\/s><\/td><td class=\"has-text-align-center\" data-align=\"center\">11\/08\/2021<\/td><\/tr><tr><td class=\"has-text-align-center\" data-align=\"center\">Publica\u00e7\u00e3o do resultado final da prova objetiva e convoca\u00e7\u00e3o de candidatos para a realiza\u00e7\u00e3o das provas discursivas.<\/td><td class=\"has-text-align-center\" data-align=\"center\">23\/08\/2021<\/td><td class=\"has-text-align-center\" data-align=\"center\"><\/td><\/tr><tr><td class=\"has-text-align-center\" data-align=\"center\"><strong>PROVAS DISCURSIVAS<\/strong><\/td><td class=\"has-text-align-center\" data-align=\"center\"><strong>10\/09\/2021<\/strong><\/td><td class=\"has-text-align-center\" data-align=\"center\"><strong>12\/09\/2021<\/strong><\/td><\/tr><tr><td class=\"has-text-align-center\" data-align=\"center\">Audi\u00eancia p\u00fablica para identifica\u00e7\u00e3o das provas.<\/td><td class=\"has-text-align-center\" data-align=\"center\">09\/11\/2021<\/td><td class=\"has-text-align-center\" data-align=\"center\">____<\/td><\/tr><tr><td class=\"has-text-align-center\" data-align=\"center\">Publica\u00e7\u00e3o do resultado final das provas discursivas e convoca\u00e7\u00e3o para a inscri\u00e7\u00e3o definitiva.<\/td><td class=\"has-text-align-center\" data-align=\"center\">15\/12\/2021<\/td><td class=\"has-text-align-center\" data-align=\"center\">____<\/td><\/tr><tr><td class=\"has-text-align-center\" data-align=\"center\"><strong>INSCRI\u00c7\u00c3O DEFINITIVA E APRESENTA\u00c7\u00c3O DE T\u00cdTULOS<\/strong><\/td><td class=\"has-text-align-center\" data-align=\"center\"><strong>03\/01\/2022<\/strong><\/td><td class=\"has-text-align-center\" data-align=\"center\"><strong>17\/01\/2022<\/strong><\/td><\/tr><tr><td class=\"has-text-align-center\" data-align=\"center\">Exames de higidez f\u00edsica e mental.<\/td><td class=\"has-text-align-center\" data-align=\"center\">03\/01\/2022<\/td><td class=\"has-text-align-center\" data-align=\"center\">17\/01\/2022<\/td><\/tr><tr><td class=\"has-text-align-center\" data-align=\"center\">Aprecia\u00e7\u00e3o pela Comiss\u00e3o Especial dos candidatos \u00e0s vagas reservadas \u00e0s pessoas negras.<\/td><td class=\"has-text-align-center\" data-align=\"center\">03\/01\/2022<\/td><td class=\"has-text-align-center\" data-align=\"center\">31\/01\/2022<\/td><\/tr><tr><td class=\"has-text-align-center\" data-align=\"center\">Publica\u00e7\u00e3o das inscri\u00e7\u00f5es definitivas deferidas e convoca\u00e7\u00e3o para a prova oral.<\/td><td class=\"has-text-align-center\" data-align=\"center\">02\/02\/2022<\/td><td class=\"has-text-align-center\" data-align=\"center\">____<\/td><\/tr><tr><td class=\"has-text-align-center\" data-align=\"center\"><strong>PROVA ORAL<\/strong><\/td><td class=\"has-text-align-center\" data-align=\"center\"><strong>22\/02\/2022<\/strong><\/td><td class=\"has-text-align-center\" data-align=\"center\"><strong>25\/02\/2022<\/strong><\/td><\/tr><tr><td class=\"has-text-align-center\" data-align=\"center\">Homologa\u00e7\u00e3o do concurso pelo Conselho Superior do MPDFT.<\/td><td class=\"has-text-align-center\" data-align=\"center\">23\/03\/2022<\/td><td class=\"has-text-align-center\" data-align=\"center\">____<\/td><\/tr><tr><td class=\"has-text-align-center\" data-align=\"center\">Publica\u00e7\u00e3o no DOU contendo a rela\u00e7\u00e3o nominal dos aprovados<\/td><td class=\"has-text-align-center\" data-align=\"center\">24\/03\/2022<\/td><td class=\"has-text-align-center\" data-align=\"center\">25\/03\/2022<\/td><\/tr><\/tbody><\/table><\/figure>\n\n\n\n<p class=\"has-text-align-center has-light-green-cyan-background-color has-background has-medium-font-size\"><strong>Quer saber quais as pr\u00f3ximas etapas da sele\u00e7\u00e3o MPDFT Promotor? Acesse:<br \/><\/strong><a href=\"https:\/\/www.estrategiaconcursos.com.br\/blog\/concurso-mpdft-promotor\/\" target=\"_blank\" rel=\"noreferrer noopener\"><strong>Concurso MPDFT Promotor<\/strong><\/a><\/p>\n\n\n\n<h2 class=\"has-text-align-center wp-block-heading\" id=\"cursos\"><strong>Quer estudar para o pr\u00f3ximo concurso MPDFT Promotor?<\/strong><\/h2>\n\n\n\n<p class=\"has-text-align-center\"><em>Gostou dessa oportunidade e deseja se preparar para o concurso MPDFT Promotor Acesse e confira nosso curso abaixo:<\/em><\/p>\n\n\n\n<div id=\"boxes\" class=\"container\">\n<div class=\"row\">\n<div class=\"col-sm\">\n<div id=\"box-assinatura\" class=\"banner-ecj\">\n<h3 class=\"titulo-assinatura\">Curso MPDFT Promotor<\/h3>\n<p class=\"subtitulo-assinatura\">Conhe\u00e7a o curso<\/p>\n<div class=\"box-botao\"><a class=\"btn-assinatura\" role=\"button\" href=\"https:\/\/www.estrategiaconcursos.com.br\/cursosPorConcurso\/ministerio-publico-do-distrito-federal-e-territorios-mpdft-promotor-de-justica\/\" target=\"_blank\" rel=\"noopener noreferrer\">Conhe\u00e7a mais<\/a><\/div>\n<\/div>\n<p class=\"texto-auxiliar\"><\/p>\n<\/div>\n<\/div>\n<\/div>\n\n\n\n<div id=\"boxes\" class=\"container\">\n<div class=\"row\">\n<div class=\"col-sm\">\n<div id=\"box-assinatura\" class=\"banner-ecj\">\n<h3 class=\"titulo-assinatura\">Assinatura Jur\u00eddica<\/h3>\n<p class=\"subtitulo-assinatura\">Conhe\u00e7a os planos<\/p>\n<div class=\"box-botao\"><a class=\"btn-assinatura\" role=\"button\" href=\"https:\/\/www.estrategiaconcursos.com.br\/assinaturas-ecj\/\" target=\"_blank\" rel=\"noopener noreferrer\">Conhe\u00e7a mais<\/a><\/div>\n<\/div>\n<p class=\"texto-auxiliar\"><\/p>\n<\/div>\n<\/div>\n<\/div>\n\n\n\n<div class=\"container\" id=\"boxes\">\n  <div class=\"row\">\n\n    <div class=\"col-sm\" id=\"boxes-concursos\">\n      <div style=\"background-color: #005DAD;\" class=\"conteudo-concursos\" id=\"box-concursos\">\n        <h3 class=\"titulo-assinatura\">Concursos Abertos<\/h3>\n        <p class=\"subtitulo-assinatura\">Confira os editais publicados<\/p>\n        <div class=\"box-botao\">\n          <a class=\"btn-assinatura\" target=\"_blank\" href=\"https:\/\/www.estrategiaconcursos.com.br\/blog\/concursos-abertos\/\" role=\"button\" rel=\"noopener noreferrer\">Conhe\u00e7a Agora<\/a>\n        <\/div>\n      <\/div>\n    <\/div>\n\n    <div class=\"col-sm\" id=\"boxes-concursos\">\n      <div style=\"background-color: #1A7ED5;\" class=\"conteudo-concursos\" id=\"box-concursos\">\n        <h3 class=\"titulo-assinatura\">Concursos 2021<\/h3>\n        <p class=\"subtitulo-assinatura\">As oportunidades previstas<\/p>\n        <div class=\"box-botao\">\n          <a class=\"btn-assinatura\" target=\"_blank\" href=\"https:\/\/www.estrategiaconcursos.com.br\/blog\/concursos-2021\/\" role=\"button\" rel=\"noopener noreferrer\">Conhe\u00e7a Agora<\/a>\n        <\/div>\n      <\/div>\n    <\/div>\n\n    <div class=\"col-sm\" id=\"boxes-concursos\">\n      <div style=\"background-color: #419FF0;\" class=\"conteudo-concursos\" id=\"box-concursos\">\n        <h3 class=\"titulo-assinatura\">Concursos 2022<\/h3>\n        <p class=\"subtitulo-assinatura\">Vagas para o pr\u00f3ximo ano<\/p>\n        <div class=\"box-botao\">\n          <a class=\"btn-assinatura\" target=\"_blank\" href=\"https:\/\/www.estrategiaconcursos.com.br\/blog\/concursos-2022\/\" role=\"button\" rel=\"noopener noreferrer\">Conhe\u00e7a Agora<\/a>\n        <\/div>\n      <\/div>\n    <\/div>\n\n  <\/div>\n<\/div>\n","protected":false},"excerpt":{"rendered":"<p>A sele\u00e7\u00e3o para MPDFT Promotor teve gabarito preliminar divulgado e trouxe duas quest\u00f5es anuladas de of\u00edcio. As provas ocorreram em 04 de julho e contaram com mais de 11 mil inscritos. Os recursos poder\u00e3o ser impetrados nos dias 14 e 15 de julho e devem seguir algumas regras. Acesse as instru\u00e7\u00f5es para impetrar recursos na [&hellip;]<\/p>\n","protected":false},"author":48,"featured_media":779072,"comment_status":"open","ping_status":"closed","sticky":false,"template":"","format":"standard","meta":{"post_tipo":"news","footnotes":""},"categories":[220197],"tags":[],"tax_estado":[219970],"class_list":["post-791125","post","type-post","status-publish","format-standard","has-post-thumbnail","hentry","category-promotor-de-justica","tax_estado-df"],"acf":[],"yoast_head":"<!-- This site is optimized with the Yoast SEO Premium plugin v27.2 (Yoast SEO v27.2) - https:\/\/yoast.com\/product\/yoast-seo-premium-wordpress\/ -->\n<title>Sele\u00e7\u00e3o MPDFT Promotor tem gabarito preliminar divulgado!<\/title>\n<meta name=\"description\" content=\"Sele\u00e7\u00e3o MPDFT Promotor: Gabarito preliminar divulgado e 2 quest\u00f5es anuladas de of\u00edcio. Confira as datas para interpor recursos!\" \/>\n<meta name=\"robots\" content=\"index, follow, max-snippet:-1, max-image-preview:large, max-video-preview:-1\" \/>\n<link rel=\"canonical\" href=\"https:\/\/www.estrategiaconcursos.com.br\/blog\/selecao-mpdft-promotor-gabarito-preliminar\/\" \/>\n<meta property=\"og:locale\" content=\"pt_BR\" \/>\n<meta property=\"og:type\" content=\"article\" \/>\n<meta property=\"og:title\" content=\"Sele\u00e7\u00e3o MPDFT Promotor tem gabarito preliminar divulgado!\" \/>\n<meta property=\"og:description\" content=\"Sele\u00e7\u00e3o MPDFT Promotor: Gabarito preliminar divulgado e 2 quest\u00f5es anuladas de of\u00edcio. Confira as datas para interpor recursos!\" \/>\n<meta property=\"og:url\" content=\"https:\/\/www.estrategiaconcursos.com.br\/blog\/selecao-mpdft-promotor-gabarito-preliminar\/\" \/>\n<meta property=\"og:site_name\" content=\"Estrat\u00e9gia Concursos\" \/>\n<meta property=\"article:published_time\" content=\"2021-07-09T15:10:51+00:00\" \/>\n<meta property=\"article:modified_time\" content=\"2021-07-09T15:10:53+00:00\" \/>\n<meta property=\"og:image\" content=\"https:\/\/dhg1h5j42swfq.cloudfront.net\/2021\/06\/28135525\/mpdft-promotor.jpg\" \/>\n\t<meta property=\"og:image:width\" content=\"1200\" \/>\n\t<meta property=\"og:image:height\" content=\"628\" \/>\n\t<meta property=\"og:image:type\" content=\"image\/jpeg\" \/>\n<meta name=\"author\" content=\"Coordena\u00e7\u00e3o\" \/>\n<meta name=\"twitter:card\" content=\"summary_large_image\" \/>\n<meta name=\"twitter:creator\" content=\"@EstratConcursos\" \/>\n<meta name=\"twitter:site\" content=\"@EstratConcursos\" \/>\n<meta name=\"twitter:label1\" content=\"Escrito por\" \/>\n\t<meta name=\"twitter:data1\" content=\"Coordena\u00e7\u00e3o\" \/>\n\t<meta name=\"twitter:label2\" content=\"Est. tempo de leitura\" \/>\n\t<meta name=\"twitter:data2\" content=\"2 minutos\" \/>\n<script type=\"application\/ld+json\" class=\"yoast-schema-graph\">{\"@context\":\"https:\/\/schema.org\",\"@graph\":[{\"@type\":\"NewsArticle\",\"@id\":\"https:\/\/www.estrategiaconcursos.com.br\/blog\/selecao-mpdft-promotor-gabarito-preliminar\/#article\",\"isPartOf\":{\"@id\":\"https:\/\/www.estrategiaconcursos.com.br\/blog\/selecao-mpdft-promotor-gabarito-preliminar\/\"},\"author\":{\"name\":\"Coordena\u00e7\u00e3o\",\"@id\":\"https:\/\/www.estrategiaconcursos.com.br\/blog\/#\/schema\/person\/cdad40b5818eb228a838461fcd656da7\"},\"headline\":\"Sele\u00e7\u00e3o MPDFT Promotor tem gabarito preliminar divulgado!\",\"datePublished\":\"2021-07-09T15:10:51+00:00\",\"dateModified\":\"2021-07-09T15:10:53+00:00\",\"mainEntityOfPage\":{\"@id\":\"https:\/\/www.estrategiaconcursos.com.br\/blog\/selecao-mpdft-promotor-gabarito-preliminar\/\"},\"wordCount\":388,\"commentCount\":0,\"publisher\":{\"@id\":\"https:\/\/www.estrategiaconcursos.com.br\/blog\/#organization\"},\"image\":{\"@id\":\"https:\/\/www.estrategiaconcursos.com.br\/blog\/selecao-mpdft-promotor-gabarito-preliminar\/#primaryimage\"},\"thumbnailUrl\":\"https:\/\/dhg1h5j42swfq.cloudfront.net\/2021\/06\/28135525\/mpdft-promotor.jpg\",\"articleSection\":[\"Jur\u00eddico - Promotor de Justi\u00e7a\"],\"inLanguage\":\"pt-BR\",\"potentialAction\":[{\"@type\":\"CommentAction\",\"name\":\"Comment\",\"target\":[\"https:\/\/www.estrategiaconcursos.com.br\/blog\/selecao-mpdft-promotor-gabarito-preliminar\/#respond\"]}],\"copyrightYear\":\"2021\",\"copyrightHolder\":{\"@id\":\"https:\/\/www.estrategiaconcursos.com.br\/blog\/#organization\"}},{\"@type\":\"WebPage\",\"@id\":\"https:\/\/www.estrategiaconcursos.com.br\/blog\/selecao-mpdft-promotor-gabarito-preliminar\/\",\"url\":\"https:\/\/www.estrategiaconcursos.com.br\/blog\/selecao-mpdft-promotor-gabarito-preliminar\/\",\"name\":\"Sele\u00e7\u00e3o MPDFT Promotor tem gabarito preliminar divulgado!\",\"isPartOf\":{\"@id\":\"https:\/\/www.estrategiaconcursos.com.br\/blog\/#website\"},\"primaryImageOfPage\":{\"@id\":\"https:\/\/www.estrategiaconcursos.com.br\/blog\/selecao-mpdft-promotor-gabarito-preliminar\/#primaryimage\"},\"image\":{\"@id\":\"https:\/\/www.estrategiaconcursos.com.br\/blog\/selecao-mpdft-promotor-gabarito-preliminar\/#primaryimage\"},\"thumbnailUrl\":\"https:\/\/dhg1h5j42swfq.cloudfront.net\/2021\/06\/28135525\/mpdft-promotor.jpg\",\"datePublished\":\"2021-07-09T15:10:51+00:00\",\"dateModified\":\"2021-07-09T15:10:53+00:00\",\"description\":\"Sele\u00e7\u00e3o MPDFT Promotor: Gabarito preliminar divulgado e 2 quest\u00f5es anuladas de of\u00edcio. Confira as datas para interpor recursos!\",\"breadcrumb\":{\"@id\":\"https:\/\/www.estrategiaconcursos.com.br\/blog\/selecao-mpdft-promotor-gabarito-preliminar\/#breadcrumb\"},\"inLanguage\":\"pt-BR\",\"potentialAction\":[{\"@type\":\"ReadAction\",\"target\":[\"https:\/\/www.estrategiaconcursos.com.br\/blog\/selecao-mpdft-promotor-gabarito-preliminar\/\"]}]},{\"@type\":\"ImageObject\",\"inLanguage\":\"pt-BR\",\"@id\":\"https:\/\/www.estrategiaconcursos.com.br\/blog\/selecao-mpdft-promotor-gabarito-preliminar\/#primaryimage\",\"url\":\"https:\/\/dhg1h5j42swfq.cloudfront.net\/2021\/06\/28135525\/mpdft-promotor.jpg\",\"contentUrl\":\"https:\/\/dhg1h5j42swfq.cloudfront.net\/2021\/06\/28135525\/mpdft-promotor.jpg\",\"width\":1200,\"height\":628,\"caption\":\"sele\u00e7\u00e3o MPDFT Promotor\"},{\"@type\":\"BreadcrumbList\",\"@id\":\"https:\/\/www.estrategiaconcursos.com.br\/blog\/selecao-mpdft-promotor-gabarito-preliminar\/#breadcrumb\",\"itemListElement\":[{\"@type\":\"ListItem\",\"position\":1,\"name\":\"In\u00edcio\",\"item\":\"https:\/\/www.estrategiaconcursos.com.br\/blog\/\"},{\"@type\":\"ListItem\",\"position\":2,\"name\":\"Sele\u00e7\u00e3o MPDFT Promotor tem gabarito preliminar divulgado!\"}]},{\"@type\":\"WebSite\",\"@id\":\"https:\/\/www.estrategiaconcursos.com.br\/blog\/#website\",\"url\":\"https:\/\/www.estrategiaconcursos.com.br\/blog\/\",\"name\":\"Estrat\u00e9gia Concursos\",\"description\":\"O blog da Estrat\u00e9gia Concursos traz not\u00edcias sobre concursos e artigos de professores oferecendo cursos para concursos (pdf + videaulas) no site.\",\"publisher\":{\"@id\":\"https:\/\/www.estrategiaconcursos.com.br\/blog\/#organization\"},\"potentialAction\":[{\"@type\":\"SearchAction\",\"target\":{\"@type\":\"EntryPoint\",\"urlTemplate\":\"https:\/\/www.estrategiaconcursos.com.br\/blog\/?s={search_term_string}\"},\"query-input\":{\"@type\":\"PropertyValueSpecification\",\"valueRequired\":true,\"valueName\":\"search_term_string\"}}],\"inLanguage\":\"pt-BR\"},{\"@type\":\"Organization\",\"@id\":\"https:\/\/www.estrategiaconcursos.com.br\/blog\/#organization\",\"name\":\"Estrat\u00e9gia Concursos\",\"url\":\"https:\/\/www.estrategiaconcursos.com.br\/blog\/\",\"logo\":{\"@type\":\"ImageObject\",\"inLanguage\":\"pt-BR\",\"@id\":\"https:\/\/www.estrategiaconcursos.com.br\/blog\/#\/schema\/logo\/image\/\",\"url\":\"https:\/\/dhg1h5j42swfq.cloudfront.net\/2025\/06\/03203428\/logo_concursos-1.jpg\",\"contentUrl\":\"https:\/\/dhg1h5j42swfq.cloudfront.net\/2025\/06\/03203428\/logo_concursos-1.jpg\",\"width\":230,\"height\":60,\"caption\":\"Estrat\u00e9gia Concursos\"},\"image\":{\"@id\":\"https:\/\/www.estrategiaconcursos.com.br\/blog\/#\/schema\/logo\/image\/\"},\"sameAs\":[\"https:\/\/x.com\/EstratConcursos\"]},{\"@type\":\"Person\",\"@id\":\"https:\/\/www.estrategiaconcursos.com.br\/blog\/#\/schema\/person\/cdad40b5818eb228a838461fcd656da7\",\"name\":\"Coordena\u00e7\u00e3o\",\"image\":{\"@type\":\"ImageObject\",\"inLanguage\":\"pt-BR\",\"@id\":\"https:\/\/secure.gravatar.com\/avatar\/a413b22da0f5009c634f6c4586a2dbe5207074fd5becd88db5183b8069ef25e4?s=96&d=mm&r=g\",\"url\":\"https:\/\/secure.gravatar.com\/avatar\/a413b22da0f5009c634f6c4586a2dbe5207074fd5becd88db5183b8069ef25e4?s=96&d=mm&r=g\",\"contentUrl\":\"https:\/\/secure.gravatar.com\/avatar\/a413b22da0f5009c634f6c4586a2dbe5207074fd5becd88db5183b8069ef25e4?s=96&d=mm&r=g\",\"caption\":\"Coordena\u00e7\u00e3o\"},\"url\":\"https:\/\/www.estrategiaconcursos.com.br\/blog\/author\/contatoestrategiaconcursos-com-br\/\"}]}<\/script>\n<!-- \/ Yoast SEO Premium plugin. -->","yoast_head_json":{"title":"Sele\u00e7\u00e3o MPDFT Promotor tem gabarito preliminar divulgado!","description":"Sele\u00e7\u00e3o MPDFT Promotor: Gabarito preliminar divulgado e 2 quest\u00f5es anuladas de of\u00edcio. Confira as datas para interpor recursos!","robots":{"index":"index","follow":"follow","max-snippet":"max-snippet:-1","max-image-preview":"max-image-preview:large","max-video-preview":"max-video-preview:-1"},"canonical":"https:\/\/www.estrategiaconcursos.com.br\/blog\/selecao-mpdft-promotor-gabarito-preliminar\/","og_locale":"pt_BR","og_type":"article","og_title":"Sele\u00e7\u00e3o MPDFT Promotor tem gabarito preliminar divulgado!","og_description":"Sele\u00e7\u00e3o MPDFT Promotor: Gabarito preliminar divulgado e 2 quest\u00f5es anuladas de of\u00edcio. Confira as datas para interpor recursos!","og_url":"https:\/\/www.estrategiaconcursos.com.br\/blog\/selecao-mpdft-promotor-gabarito-preliminar\/","og_site_name":"Estrat\u00e9gia Concursos","article_published_time":"2021-07-09T15:10:51+00:00","article_modified_time":"2021-07-09T15:10:53+00:00","og_image":[{"width":1200,"height":628,"url":"https:\/\/dhg1h5j42swfq.cloudfront.net\/2021\/06\/28135525\/mpdft-promotor.jpg","type":"image\/jpeg"}],"author":"Coordena\u00e7\u00e3o","twitter_card":"summary_large_image","twitter_creator":"@EstratConcursos","twitter_site":"@EstratConcursos","twitter_misc":{"Escrito por":"Coordena\u00e7\u00e3o","Est. tempo de leitura":"2 minutos"},"schema":{"@context":"https:\/\/schema.org","@graph":[{"@type":"NewsArticle","@id":"https:\/\/www.estrategiaconcursos.com.br\/blog\/selecao-mpdft-promotor-gabarito-preliminar\/#article","isPartOf":{"@id":"https:\/\/www.estrategiaconcursos.com.br\/blog\/selecao-mpdft-promotor-gabarito-preliminar\/"},"author":{"name":"Coordena\u00e7\u00e3o","@id":"https:\/\/www.estrategiaconcursos.com.br\/blog\/#\/schema\/person\/cdad40b5818eb228a838461fcd656da7"},"headline":"Sele\u00e7\u00e3o MPDFT Promotor tem gabarito preliminar divulgado!","datePublished":"2021-07-09T15:10:51+00:00","dateModified":"2021-07-09T15:10:53+00:00","mainEntityOfPage":{"@id":"https:\/\/www.estrategiaconcursos.com.br\/blog\/selecao-mpdft-promotor-gabarito-preliminar\/"},"wordCount":388,"commentCount":0,"publisher":{"@id":"https:\/\/www.estrategiaconcursos.com.br\/blog\/#organization"},"image":{"@id":"https:\/\/www.estrategiaconcursos.com.br\/blog\/selecao-mpdft-promotor-gabarito-preliminar\/#primaryimage"},"thumbnailUrl":"https:\/\/dhg1h5j42swfq.cloudfront.net\/2021\/06\/28135525\/mpdft-promotor.jpg","articleSection":["Jur\u00eddico - Promotor de Justi\u00e7a"],"inLanguage":"pt-BR","potentialAction":[{"@type":"CommentAction","name":"Comment","target":["https:\/\/www.estrategiaconcursos.com.br\/blog\/selecao-mpdft-promotor-gabarito-preliminar\/#respond"]}],"copyrightYear":"2021","copyrightHolder":{"@id":"https:\/\/www.estrategiaconcursos.com.br\/blog\/#organization"}},{"@type":"WebPage","@id":"https:\/\/www.estrategiaconcursos.com.br\/blog\/selecao-mpdft-promotor-gabarito-preliminar\/","url":"https:\/\/www.estrategiaconcursos.com.br\/blog\/selecao-mpdft-promotor-gabarito-preliminar\/","name":"Sele\u00e7\u00e3o MPDFT Promotor tem gabarito preliminar divulgado!","isPartOf":{"@id":"https:\/\/www.estrategiaconcursos.com.br\/blog\/#website"},"primaryImageOfPage":{"@id":"https:\/\/www.estrategiaconcursos.com.br\/blog\/selecao-mpdft-promotor-gabarito-preliminar\/#primaryimage"},"image":{"@id":"https:\/\/www.estrategiaconcursos.com.br\/blog\/selecao-mpdft-promotor-gabarito-preliminar\/#primaryimage"},"thumbnailUrl":"https:\/\/dhg1h5j42swfq.cloudfront.net\/2021\/06\/28135525\/mpdft-promotor.jpg","datePublished":"2021-07-09T15:10:51+00:00","dateModified":"2021-07-09T15:10:53+00:00","description":"Sele\u00e7\u00e3o MPDFT Promotor: Gabarito preliminar divulgado e 2 quest\u00f5es anuladas de of\u00edcio. Confira as datas para interpor recursos!","breadcrumb":{"@id":"https:\/\/www.estrategiaconcursos.com.br\/blog\/selecao-mpdft-promotor-gabarito-preliminar\/#breadcrumb"},"inLanguage":"pt-BR","potentialAction":[{"@type":"ReadAction","target":["https:\/\/www.estrategiaconcursos.com.br\/blog\/selecao-mpdft-promotor-gabarito-preliminar\/"]}]},{"@type":"ImageObject","inLanguage":"pt-BR","@id":"https:\/\/www.estrategiaconcursos.com.br\/blog\/selecao-mpdft-promotor-gabarito-preliminar\/#primaryimage","url":"https:\/\/dhg1h5j42swfq.cloudfront.net\/2021\/06\/28135525\/mpdft-promotor.jpg","contentUrl":"https:\/\/dhg1h5j42swfq.cloudfront.net\/2021\/06\/28135525\/mpdft-promotor.jpg","width":1200,"height":628,"caption":"sele\u00e7\u00e3o MPDFT Promotor"},{"@type":"BreadcrumbList","@id":"https:\/\/www.estrategiaconcursos.com.br\/blog\/selecao-mpdft-promotor-gabarito-preliminar\/#breadcrumb","itemListElement":[{"@type":"ListItem","position":1,"name":"In\u00edcio","item":"https:\/\/www.estrategiaconcursos.com.br\/blog\/"},{"@type":"ListItem","position":2,"name":"Sele\u00e7\u00e3o MPDFT Promotor tem gabarito preliminar divulgado!"}]},{"@type":"WebSite","@id":"https:\/\/www.estrategiaconcursos.com.br\/blog\/#website","url":"https:\/\/www.estrategiaconcursos.com.br\/blog\/","name":"Estrat\u00e9gia Concursos","description":"O blog da Estrat\u00e9gia Concursos traz not\u00edcias sobre concursos e artigos de professores oferecendo cursos para concursos (pdf + videaulas) no site.","publisher":{"@id":"https:\/\/www.estrategiaconcursos.com.br\/blog\/#organization"},"potentialAction":[{"@type":"SearchAction","target":{"@type":"EntryPoint","urlTemplate":"https:\/\/www.estrategiaconcursos.com.br\/blog\/?s={search_term_string}"},"query-input":{"@type":"PropertyValueSpecification","valueRequired":true,"valueName":"search_term_string"}}],"inLanguage":"pt-BR"},{"@type":"Organization","@id":"https:\/\/www.estrategiaconcursos.com.br\/blog\/#organization","name":"Estrat\u00e9gia Concursos","url":"https:\/\/www.estrategiaconcursos.com.br\/blog\/","logo":{"@type":"ImageObject","inLanguage":"pt-BR","@id":"https:\/\/www.estrategiaconcursos.com.br\/blog\/#\/schema\/logo\/image\/","url":"https:\/\/dhg1h5j42swfq.cloudfront.net\/2025\/06\/03203428\/logo_concursos-1.jpg","contentUrl":"https:\/\/dhg1h5j42swfq.cloudfront.net\/2025\/06\/03203428\/logo_concursos-1.jpg","width":230,"height":60,"caption":"Estrat\u00e9gia Concursos"},"image":{"@id":"https:\/\/www.estrategiaconcursos.com.br\/blog\/#\/schema\/logo\/image\/"},"sameAs":["https:\/\/x.com\/EstratConcursos"]},{"@type":"Person","@id":"https:\/\/www.estrategiaconcursos.com.br\/blog\/#\/schema\/person\/cdad40b5818eb228a838461fcd656da7","name":"Coordena\u00e7\u00e3o","image":{"@type":"ImageObject","inLanguage":"pt-BR","@id":"https:\/\/secure.gravatar.com\/avatar\/a413b22da0f5009c634f6c4586a2dbe5207074fd5becd88db5183b8069ef25e4?s=96&d=mm&r=g","url":"https:\/\/secure.gravatar.com\/avatar\/a413b22da0f5009c634f6c4586a2dbe5207074fd5becd88db5183b8069ef25e4?s=96&d=mm&r=g","contentUrl":"https:\/\/secure.gravatar.com\/avatar\/a413b22da0f5009c634f6c4586a2dbe5207074fd5becd88db5183b8069ef25e4?s=96&d=mm&r=g","caption":"Coordena\u00e7\u00e3o"},"url":"https:\/\/www.estrategiaconcursos.com.br\/blog\/author\/contatoestrategiaconcursos-com-br\/"}]}},"_links":{"self":[{"href":"https:\/\/www.estrategiaconcursos.com.br\/blog\/wp-json\/wp\/v2\/posts\/791125","targetHints":{"allow":["GET"]}}],"collection":[{"href":"https:\/\/www.estrategiaconcursos.com.br\/blog\/wp-json\/wp\/v2\/posts"}],"about":[{"href":"https:\/\/www.estrategiaconcursos.com.br\/blog\/wp-json\/wp\/v2\/types\/post"}],"author":[{"embeddable":true,"href":"https:\/\/www.estrategiaconcursos.com.br\/blog\/wp-json\/wp\/v2\/users\/48"}],"replies":[{"embeddable":true,"href":"https:\/\/www.estrategiaconcursos.com.br\/blog\/wp-json\/wp\/v2\/comments?post=791125"}],"version-history":[{"count":3,"href":"https:\/\/www.estrategiaconcursos.com.br\/blog\/wp-json\/wp\/v2\/posts\/791125\/revisions"}],"predecessor-version":[{"id":791141,"href":"https:\/\/www.estrategiaconcursos.com.br\/blog\/wp-json\/wp\/v2\/posts\/791125\/revisions\/791141"}],"wp:featuredmedia":[{"embeddable":true,"href":"https:\/\/www.estrategiaconcursos.com.br\/blog\/wp-json\/wp\/v2\/media\/779072"}],"wp:attachment":[{"href":"https:\/\/www.estrategiaconcursos.com.br\/blog\/wp-json\/wp\/v2\/media?parent=791125"}],"wp:term":[{"taxonomy":"category","embeddable":true,"href":"https:\/\/www.estrategiaconcursos.com.br\/blog\/wp-json\/wp\/v2\/categories?post=791125"},{"taxonomy":"post_tag","embeddable":true,"href":"https:\/\/www.estrategiaconcursos.com.br\/blog\/wp-json\/wp\/v2\/tags?post=791125"},{"taxonomy":"tax_estado","embeddable":true,"href":"https:\/\/www.estrategiaconcursos.com.br\/blog\/wp-json\/wp\/v2\/tax_estado?post=791125"}],"curies":[{"name":"wp","href":"https:\/\/api.w.org\/{rel}","templated":true}]}}