{"id":790289,"date":"2021-07-08T16:00:00","date_gmt":"2021-07-08T19:00:00","guid":{"rendered":"https:\/\/www.estrategiaconcursos.com.br\/blog\/?p=790289"},"modified":"2021-07-08T18:24:32","modified_gmt":"2021-07-08T21:24:32","slug":"concurso-sefaz-al-o-que-mudou-nos-editais-de-2019-e-2021","status":"publish","type":"post","link":"https:\/\/www.estrategiaconcursos.com.br\/blog\/concurso-sefaz-al-o-que-mudou-nos-editais-de-2019-e-2021\/","title":{"rendered":"Concurso Sefaz AL: o que mudou nos editais de 2019 e 2021?"},"content":{"rendered":"\n<p>Foi publicado nesta quinta-feira, 08 de julho, o edital do concurso Sefaz AL. Conforme prometido, s\u00e3o ofertadas 35 vagas distribu\u00eddas entre os cargos de <strong>Auditor Fiscal da Receita Estadual <\/strong>e <strong>Auditor de Finan\u00e7as, Controle e Arrecada\u00e7\u00e3o<\/strong>.<\/p>\n\n\n\n<p>Vale lembrar que a \u00faltima sele\u00e7\u00e3o do \u00f3rg\u00e3o ocorreu em <strong>2019<\/strong>. O motivo desse intervalo t\u00e3o curto foi a <strong>desist\u00eancia <\/strong>de alguns aprovados. Por n\u00e3o ter cadastro reserva, foi necess\u00e1ria a realiza\u00e7\u00e3o de um novo certame para preencher o quadro de servidores.<\/p>\n\n\n\n<p>Em in\u00fameras ocasi\u00f5es, o secret\u00e1rio do \u00f3rg\u00e3o, <strong>George Santoro<\/strong>, afirmou que os editais seriam <strong>praticamente iguais<\/strong>, mas adiantou, em <a href=\"https:\/\/www.youtube.com\/watch?v=dDM0KddAZls&amp;t=9s\" target=\"_blank\" rel=\"noreferrer noopener\">entrevista exclusiva ao Estrat\u00e9gia Concursos<\/a>, que haveria uma \u00eanfase um pouco maior nas disciplinas de tecnologia da informa\u00e7\u00e3o.<\/p>\n\n\n\n<h2 class=\"wp-block-heading\" id=\"h-o-que-mudou-nos-editais-do-concurso-sefaz-al\">O que mudou nos editais do concurso Sefaz AL?<\/h2>\n\n\n\n<p>Mas agora, com o edital do concurso Sefaz AL na pra\u00e7a, \u00e9 poss\u00edvel analisar melhor o documento. Se voc\u00ea tem curiosidade em saber se mudou ou n\u00e3o alguma coisa, chegou ao lugar certo! <\/p>\n\n\n\n<h3 class=\"wp-block-heading\" id=\"h-sal-rio\">Sal\u00e1rio<\/h3>\n\n\n\n<p>Em rela\u00e7\u00e3o ao edital de 2019, a remunera\u00e7\u00e3o inicial de ambos os cargos teve um <strong>aumento <\/strong>de cerca de 4,37%. Para o cargo de <span style=\"text-decoration: underline;\">Auditor Fiscal<\/span>, esse valor passou de <strong>R$ 9.471,42 para R$ 9.899,81<\/strong>. J\u00e1 no caso de <span style=\"text-decoration: underline;\">Auditor de Finan\u00e7as<\/span>, a mudan\u00e7a foi de <strong>R$ 8.264,90 para R$ 8.638,75<\/strong>.<\/p>\n\n\n\n<h3 class=\"wp-block-heading\" id=\"h-pontua-o-m-nima-na-prova-discursiva\">Pontua\u00e7\u00e3o m\u00ednima na Prova Discursiva<\/h3>\n\n\n\n<p>Em ambas as sele\u00e7\u00f5es, a etapa \u00e9 feita atrav\u00e9s de dois estudos de caso, valendo 25 pontos cada. Entretanto, em 2019, a pontua\u00e7\u00e3o m\u00ednima no conjunto dos dois exames foi de <strong>15 pontos<\/strong>. Agora, para ser considerado aprovado, \u00e9 necess\u00e1rio obter pontua\u00e7\u00e3o m\u00ednima de<strong> 25 pontos<\/strong>.<\/p>\n\n\n\n<p><em>9.9.7 Ser\u00e1 aprovado na prova discursiva o candidato que obtiver NP3 \u2265 25,00 pontos, o que n\u00e3o implica, necessariamente, classifica\u00e7\u00e3o ou aprova\u00e7\u00e3o no certame, devendo ser observado o subitem 10.5 deste edital.<\/em><\/p>\n\n\n\n<h3 class=\"wp-block-heading\" id=\"h-c-lculo-da-nota-final\">C\u00e1lculo da nota final<\/h3>\n\n\n\n<p>Um detalhe que poucas pessoas prestam aten\u00e7\u00e3o, mas que \u00e9 de suma import\u00e2ncia, \u00e9 o c\u00e1lculo da nota final. Cada banca tem seu m\u00e9todo para fazer esse c\u00e1lculo. No caso do Cebraspe, confira o que mudou:<\/p>\n\n\n\n<ul class=\"wp-block-list\"><li><strong>Edital de 2019:<\/strong> NFC = (NP1) + (NP2 \u00d7 3) + (NP3 \u00d7 2)<\/li><li><strong>Edital de 2021:<\/strong> NFC = NP1 + 3 \u00d7 NP2 + 2 \u00d7 NP3<\/li><\/ul>\n\n\n\n<h3 class=\"wp-block-heading\" id=\"h-crit-rios-de-desempate\">Crit\u00e9rios de desempate<\/h3>\n\n\n\n<p>Outra caracter\u00edstica que varia de empresa para empresa, s\u00e3o os crit\u00e9rios de desempate, que abrangem quantidade de acertos, idade, pontua\u00e7\u00e3o em determinada disciplina, entre outros. No caso do concurso Sefaz AL <strong>2021<\/strong>, foi <strong>retirado <\/strong>um dos itens dessa lista: <em>e)<\/em> <em>obtiver maior nota na prova objetiva de conhecimentos b\u00e1sicos<\/em>.<\/p>\n\n\n\n<h3 class=\"wp-block-heading\" id=\"h-conte-do-espec-fico-de-analista-de-finan-as\">Conte\u00fado espec\u00edfico de Analista de Finan\u00e7as<\/h3>\n\n\n\n<p>No edital de 2019, o conte\u00fado espec\u00edfico do cargo abrangia Contabilidade P\u00fablica e Finan\u00e7as P\u00fablicas. Nesse novo edital houve altera\u00e7\u00e3o nessas disciplinas, e conforme, confirmado pelo secretaria, uma \u00eanfase maior em TI.<\/p>\n\n\n\n<div class=\"wp-block-columns is-layout-flex wp-container-core-columns-is-layout-28f84493 wp-block-columns-is-layout-flex\">\n<div class=\"wp-block-column is-layout-flow wp-block-column-is-layout-flow\">\n<ul class=\"wp-block-list\"><li><strong>Conte\u00fado 2019:<\/strong><ul><li>Contabilidade P\u00fablica;<\/li><li>Finan\u00e7as P\u00fablicas.<\/li><\/ul><\/li><\/ul>\n<\/div>\n\n\n\n<div class=\"wp-block-column is-layout-flow wp-block-column-is-layout-flow\">\n<ul class=\"wp-block-list\"><li><strong>Conte\u00fado 2021:<\/strong><\/li><li>Finan\u00e7as P\u00fablicas e Controle de Arrecada\u00e7\u00e3o Tribut\u00e1ria;<\/li><li>Tecnologia da Informa\u00e7\u00e3o:<ul><li>Gest\u00e3o e Governan\u00e7a de TI;<\/li><li>Fiscaliza\u00e7\u00e3o de Contratos de TI;<\/li><li>Sistemas de Informa\u00e7\u00e3o;<\/li><li>Fundamentos de Banco de Dados;<\/li><li>Ci\u00eancia de Dados;<\/li><li>Seguran\u00e7a da informa\u00e7\u00e3o.<\/li><\/ul><\/li><\/ul>\n<\/div>\n<\/div>\n\n\n\n<p class=\"has-text-align-center\"><em>Agora que voc\u00ea j\u00e1 viu o que mudou nos editais do concurso Sefaz AL, que tal conferir uma an\u00e1lise completa de todos os pontos do certame? Basta acessar o link abaixo:<\/em><\/p>\n\n\n\n<p class=\"has-text-align-center has-luminous-vivid-amber-background-color has-background\" style=\"font-size:clamp(15.197px, 0.95rem + ((1vw - 3.2px) * 0.765), 23px);px\"><strong>Saiba mais: <a href=\"https:\/\/www.estrategiaconcursos.com.br\/blog\/concurso-sefaz-al\/\" target=\"_blank\" rel=\"noreferrer noopener\">concurso Sefaz AL<\/a><\/strong><\/p>\n\n\n\n<hr class=\"wp-block-separator\"\/>\n\n\n\n<h4 class=\"has-text-align-center has-vivid-cyan-blue-color has-text-color wp-block-heading\" id=\"h-2-semana-nacional-dos-concursos-p-blicos-de-12-a-19-07-clique-no-banner-para-participar\">2\u00aa Semana Nacional dos Concursos P\u00fablicos, de 12 a 19\/07! Clique no banner para participar!<\/h4>\n\n\n\n<div class=\"wp-block-image\"><figure class=\"aligncenter size-large\"><a href=\"https:\/\/gratis.estrategiaconcursos.com.br\/2-semana-nacional-concursos\/\" target=\"_blank\" rel=\"noopener\"><img loading=\"lazy\" decoding=\"async\" width=\"1024\" height=\"274\" src=\"https:\/\/dhg1h5j42swfq.cloudfront.net\/2021\/07\/06114343\/2a-semana-nacional-dos-1024x274.png\" alt=\"Concurso Sefaz AL: o que mudou nos editais de 2019 e 2021?\" class=\"wp-image-788250\" srcset=\"https:\/\/dhg1h5j42swfq.cloudfront.net\/2021\/07\/06114343\/2a-semana-nacional-dos-1024x274.png 1024w, https:\/\/dhg1h5j42swfq.cloudfront.net\/2021\/07\/06114343\/2a-semana-nacional-dos-300x80.png 300w, https:\/\/dhg1h5j42swfq.cloudfront.net\/2021\/07\/06114343\/2a-semana-nacional-dos-768x206.png 768w, https:\/\/dhg1h5j42swfq.cloudfront.net\/2021\/07\/06114343\/2a-semana-nacional-dos-1536x411.png 1536w, https:\/\/dhg1h5j42swfq.cloudfront.net\/2021\/07\/06114343\/2a-semana-nacional-dos-610x163.png 610w, https:\/\/dhg1h5j42swfq.cloudfront.net\/2021\/07\/06114343\/2a-semana-nacional-dos.png 1920w\" sizes=\"auto, (max-width: 1024px) 100vw, 1024px\" \/><\/a><\/figure><\/div>\n\n\n\n<h2 class=\"has-text-align-center wp-block-heading\" id=\"cursos\"><em><strong>Quer estudar para a sele\u00e7\u00e3o da Sefaz AL?<\/strong><\/em><\/h2>\n\n\n\n<div id=\"boxes\" class=\"container\">\n<div class=\"row\">\n<div class=\"col-sm\">\n<div id=\"box-assinatura\" class=\"banner-fiscal-01\">\n<h3 class=\"titulo-assinatura\">Concurso Sefaz AL<\/h3>\n<p class=\"subtitulo-assinatura\">Estude conosco<\/p>\n<div class=\"box-botao\"><a class=\"btn-assinatura\" role=\"button\" href=\"https:\/\/www.estrategiaconcursos.com.br\/cursosPorConcurso\/sefaz-al\/\" target=\"_blank\" rel=\"noopener noreferrer\">Conhe\u00e7a os cursos<\/a><\/div>\n<\/div>\n<\/div>\n<\/div>\n<\/div>\n\n\n\n<div class=\"container\" id=\"boxes\">\n  <div class=\"row\">\n\n    <div class=\"col-sm\">\n      <div class=\"estrategia\" id=\"box-assinatura\">\n        <h3 class=\"titulo-assinatura\">Assinatura Concursos<\/h3>\n        <p class=\"subtitulo-assinatura\">Assinatura 1 ano ou 2 anos<\/p>\n        <div class=\"box-botao\">\n          <a class=\"btn-assinatura\" target=\"_blank\" href=\"https:\/\/www.estrategiaconcursos.com.br\/assinaturas\/\" role=\"button\" rel=\"noopener noreferrer\">ASSINE AGORA<\/a>\n        <\/div>\n      <\/div>\n     \n    <\/div><\/div><\/div>\n\n\n\n<div class=\"container\" id=\"boxes\">\n  <div class=\"row\">\n\n    <div class=\"col-sm\" id=\"boxes-concursos\">\n      <div style=\"background-color: #005DAD;\" class=\"conteudo-concursos\" id=\"box-concursos\">\n        <h3 class=\"titulo-assinatura\">Concursos Abertos<\/h3>\n        <p class=\"subtitulo-assinatura\">Os editais publicados<\/p>\n        <div class=\"box-botao\">\n          <a class=\"btn-assinatura\" target=\"_blank\" href=\"https:\/\/www.estrategiaconcursos.com.br\/blog\/concursos-abertos\/\" role=\"button\" rel=\"noopener noreferrer\">Conhe\u00e7a Agora<\/a>\n        <\/div>\n      <\/div>\n    <\/div>\n\n    <div class=\"col-sm\" id=\"boxes-concursos\">\n      <div style=\"background-color: #1A7ED5;\" class=\"conteudo-concursos\" id=\"box-concursos\">\n        <h3 class=\"titulo-assinatura\">Concursos 2021<\/h3>\n        <p class=\"subtitulo-assinatura\">As oportunidades previstas<\/p>\n        <div class=\"box-botao\">\n          <a class=\"btn-assinatura\" target=\"_blank\" href=\"https:\/\/www.estrategiaconcursos.com.br\/blog\/concursos-2021\/\" role=\"button\" rel=\"noopener noreferrer\">Conhe\u00e7a Agora<\/a>\n        <\/div>\n      <\/div>\n    <\/div>\n\n    <div class=\"col-sm\" id=\"boxes-concursos\">\n      <div style=\"background-color: #419FF0;\" class=\"conteudo-concursos\" id=\"box-concursos\">\n        <h3 class=\"titulo-assinatura\">Concursos 2022<\/h3>\n        <p class=\"subtitulo-assinatura\">Vagas para o pr\u00f3ximo ano<\/p>\n        <div class=\"box-botao\">\n          <a class=\"btn-assinatura\" target=\"_blank\" href=\"https:\/\/www.estrategiaconcursos.com.br\/blog\/concursos-2022\/\" role=\"button\" rel=\"noopener noreferrer\">Conhe\u00e7a Agora<\/a>\n        <\/div>\n      <\/div>\n    <\/div>\n\n  <\/div>\n<\/div>\n","protected":false},"excerpt":{"rendered":"<p>Foi publicado nesta quinta-feira, 08 de julho, o edital do concurso Sefaz AL. Conforme prometido, s\u00e3o ofertadas 35 vagas distribu\u00eddas entre os cargos de Auditor Fiscal da Receita Estadual e Auditor de Finan\u00e7as, Controle e Arrecada\u00e7\u00e3o. Vale lembrar que a \u00faltima sele\u00e7\u00e3o do \u00f3rg\u00e3o ocorreu em 2019. O motivo desse intervalo t\u00e3o curto foi a [&hellip;]<\/p>\n","protected":false},"author":1,"featured_media":790298,"comment_status":"open","ping_status":"closed","sticky":false,"template":"","format":"standard","meta":{"post_tipo":"news","footnotes":""},"categories":[1983],"tags":[],"tax_estado":[219965],"class_list":["post-790289","post","type-post","status-publish","format-standard","has-post-thumbnail","hentry","category-fiscal-estadual","tax_estado-al"],"acf":[],"yoast_head":"<!-- This site is optimized with the Yoast SEO Premium plugin v27.2 (Yoast SEO v27.2) - https:\/\/yoast.com\/product\/yoast-seo-premium-wordpress\/ -->\n<title>Concurso Sefaz AL: o que mudou nos editais de 2019 e 2021?<\/title>\n<meta name=\"description\" content=\"Concurso Sefaz AL: com um intervalo de 2 anos entre as duas sele\u00e7\u00f5es do \u00f3rg\u00e3o, confira os que mudou nos editais de abertura.\" \/>\n<meta name=\"robots\" content=\"index, follow, max-snippet:-1, max-image-preview:large, max-video-preview:-1\" \/>\n<link rel=\"canonical\" href=\"https:\/\/www.estrategiaconcursos.com.br\/blog\/concurso-sefaz-al-o-que-mudou-nos-editais-de-2019-e-2021\/\" \/>\n<meta property=\"og:locale\" content=\"pt_BR\" \/>\n<meta property=\"og:type\" content=\"article\" \/>\n<meta property=\"og:title\" content=\"Concurso Sefaz AL: o que mudou nos editais de 2019 e 2021?\" \/>\n<meta property=\"og:description\" content=\"Concurso Sefaz AL: com um intervalo de 2 anos entre as duas sele\u00e7\u00f5es do \u00f3rg\u00e3o, confira os que mudou nos editais de abertura.\" \/>\n<meta property=\"og:url\" content=\"https:\/\/www.estrategiaconcursos.com.br\/blog\/concurso-sefaz-al-o-que-mudou-nos-editais-de-2019-e-2021\/\" \/>\n<meta property=\"og:site_name\" content=\"Estrat\u00e9gia Concursos\" \/>\n<meta property=\"article:author\" content=\"https:\/\/www.facebook.com\/EstrategiaConcursos\" \/>\n<meta property=\"article:published_time\" content=\"2021-07-08T19:00:00+00:00\" \/>\n<meta property=\"article:modified_time\" content=\"2021-07-08T21:24:32+00:00\" \/>\n<meta property=\"og:image\" content=\"https:\/\/dhg1h5j42swfq.cloudfront.net\/2021\/07\/08094137\/sefaz-al.jpg\" \/>\n\t<meta property=\"og:image:width\" content=\"1200\" \/>\n\t<meta property=\"og:image:height\" content=\"628\" \/>\n\t<meta property=\"og:image:type\" content=\"image\/jpeg\" \/>\n<meta name=\"author\" content=\"Coordena\u00e7\u00e3o\" \/>\n<meta name=\"twitter:card\" content=\"summary_large_image\" \/>\n<meta name=\"twitter:creator\" content=\"@EstratConcursos\" \/>\n<meta name=\"twitter:site\" content=\"@EstratConcursos\" \/>\n<meta name=\"twitter:label1\" content=\"Escrito por\" \/>\n\t<meta name=\"twitter:data1\" content=\"Coordena\u00e7\u00e3o\" \/>\n\t<meta name=\"twitter:label2\" content=\"Est. tempo de leitura\" \/>\n\t<meta name=\"twitter:data2\" content=\"3 minutos\" \/>\n<script type=\"application\/ld+json\" class=\"yoast-schema-graph\">{\"@context\":\"https:\/\/schema.org\",\"@graph\":[{\"@type\":\"NewsArticle\",\"@id\":\"https:\/\/www.estrategiaconcursos.com.br\/blog\/concurso-sefaz-al-o-que-mudou-nos-editais-de-2019-e-2021\/#article\",\"isPartOf\":{\"@id\":\"https:\/\/www.estrategiaconcursos.com.br\/blog\/concurso-sefaz-al-o-que-mudou-nos-editais-de-2019-e-2021\/\"},\"author\":{\"name\":\"Coordena\u00e7\u00e3o\",\"@id\":\"https:\/\/www.estrategiaconcursos.com.br\/blog\/#\/schema\/person\/b4a388c97673c5f483d72185668afa1f\"},\"headline\":\"Concurso Sefaz AL: o que mudou nos editais de 2019 e 2021?\",\"datePublished\":\"2021-07-08T19:00:00+00:00\",\"dateModified\":\"2021-07-08T21:24:32+00:00\",\"mainEntityOfPage\":{\"@id\":\"https:\/\/www.estrategiaconcursos.com.br\/blog\/concurso-sefaz-al-o-que-mudou-nos-editais-de-2019-e-2021\/\"},\"wordCount\":636,\"commentCount\":0,\"publisher\":{\"@id\":\"https:\/\/www.estrategiaconcursos.com.br\/blog\/#organization\"},\"image\":{\"@id\":\"https:\/\/www.estrategiaconcursos.com.br\/blog\/concurso-sefaz-al-o-que-mudou-nos-editais-de-2019-e-2021\/#primaryimage\"},\"thumbnailUrl\":\"https:\/\/dhg1h5j42swfq.cloudfront.net\/2021\/07\/08094137\/sefaz-al.jpg\",\"articleSection\":[\"Fiscal - Estadual (ICMS)\"],\"inLanguage\":\"pt-BR\",\"potentialAction\":[{\"@type\":\"CommentAction\",\"name\":\"Comment\",\"target\":[\"https:\/\/www.estrategiaconcursos.com.br\/blog\/concurso-sefaz-al-o-que-mudou-nos-editais-de-2019-e-2021\/#respond\"]}],\"copyrightYear\":\"2021\",\"copyrightHolder\":{\"@id\":\"https:\/\/www.estrategiaconcursos.com.br\/blog\/#organization\"}},{\"@type\":\"WebPage\",\"@id\":\"https:\/\/www.estrategiaconcursos.com.br\/blog\/concurso-sefaz-al-o-que-mudou-nos-editais-de-2019-e-2021\/\",\"url\":\"https:\/\/www.estrategiaconcursos.com.br\/blog\/concurso-sefaz-al-o-que-mudou-nos-editais-de-2019-e-2021\/\",\"name\":\"Concurso Sefaz AL: o que mudou nos editais de 2019 e 2021?\",\"isPartOf\":{\"@id\":\"https:\/\/www.estrategiaconcursos.com.br\/blog\/#website\"},\"primaryImageOfPage\":{\"@id\":\"https:\/\/www.estrategiaconcursos.com.br\/blog\/concurso-sefaz-al-o-que-mudou-nos-editais-de-2019-e-2021\/#primaryimage\"},\"image\":{\"@id\":\"https:\/\/www.estrategiaconcursos.com.br\/blog\/concurso-sefaz-al-o-que-mudou-nos-editais-de-2019-e-2021\/#primaryimage\"},\"thumbnailUrl\":\"https:\/\/dhg1h5j42swfq.cloudfront.net\/2021\/07\/08094137\/sefaz-al.jpg\",\"datePublished\":\"2021-07-08T19:00:00+00:00\",\"dateModified\":\"2021-07-08T21:24:32+00:00\",\"description\":\"Concurso Sefaz AL: com um intervalo de 2 anos entre as duas sele\u00e7\u00f5es do \u00f3rg\u00e3o, confira os que mudou nos editais de abertura.\",\"breadcrumb\":{\"@id\":\"https:\/\/www.estrategiaconcursos.com.br\/blog\/concurso-sefaz-al-o-que-mudou-nos-editais-de-2019-e-2021\/#breadcrumb\"},\"inLanguage\":\"pt-BR\",\"potentialAction\":[{\"@type\":\"ReadAction\",\"target\":[\"https:\/\/www.estrategiaconcursos.com.br\/blog\/concurso-sefaz-al-o-que-mudou-nos-editais-de-2019-e-2021\/\"]}]},{\"@type\":\"ImageObject\",\"inLanguage\":\"pt-BR\",\"@id\":\"https:\/\/www.estrategiaconcursos.com.br\/blog\/concurso-sefaz-al-o-que-mudou-nos-editais-de-2019-e-2021\/#primaryimage\",\"url\":\"https:\/\/dhg1h5j42swfq.cloudfront.net\/2021\/07\/08094137\/sefaz-al.jpg\",\"contentUrl\":\"https:\/\/dhg1h5j42swfq.cloudfront.net\/2021\/07\/08094137\/sefaz-al.jpg\",\"width\":1200,\"height\":628,\"caption\":\"Concurso Sefaz AL posse\"},{\"@type\":\"BreadcrumbList\",\"@id\":\"https:\/\/www.estrategiaconcursos.com.br\/blog\/concurso-sefaz-al-o-que-mudou-nos-editais-de-2019-e-2021\/#breadcrumb\",\"itemListElement\":[{\"@type\":\"ListItem\",\"position\":1,\"name\":\"In\u00edcio\",\"item\":\"https:\/\/www.estrategiaconcursos.com.br\/blog\/\"},{\"@type\":\"ListItem\",\"position\":2,\"name\":\"Concurso Sefaz AL: o que mudou nos editais de 2019 e 2021?\"}]},{\"@type\":\"WebSite\",\"@id\":\"https:\/\/www.estrategiaconcursos.com.br\/blog\/#website\",\"url\":\"https:\/\/www.estrategiaconcursos.com.br\/blog\/\",\"name\":\"Estrat\u00e9gia Concursos\",\"description\":\"O blog da Estrat\u00e9gia Concursos traz not\u00edcias sobre concursos e artigos de professores oferecendo cursos para concursos (pdf + videaulas) no site.\",\"publisher\":{\"@id\":\"https:\/\/www.estrategiaconcursos.com.br\/blog\/#organization\"},\"potentialAction\":[{\"@type\":\"SearchAction\",\"target\":{\"@type\":\"EntryPoint\",\"urlTemplate\":\"https:\/\/www.estrategiaconcursos.com.br\/blog\/?s={search_term_string}\"},\"query-input\":{\"@type\":\"PropertyValueSpecification\",\"valueRequired\":true,\"valueName\":\"search_term_string\"}}],\"inLanguage\":\"pt-BR\"},{\"@type\":\"Organization\",\"@id\":\"https:\/\/www.estrategiaconcursos.com.br\/blog\/#organization\",\"name\":\"Estrat\u00e9gia Concursos\",\"url\":\"https:\/\/www.estrategiaconcursos.com.br\/blog\/\",\"logo\":{\"@type\":\"ImageObject\",\"inLanguage\":\"pt-BR\",\"@id\":\"https:\/\/www.estrategiaconcursos.com.br\/blog\/#\/schema\/logo\/image\/\",\"url\":\"https:\/\/dhg1h5j42swfq.cloudfront.net\/2025\/06\/03203428\/logo_concursos-1.jpg\",\"contentUrl\":\"https:\/\/dhg1h5j42swfq.cloudfront.net\/2025\/06\/03203428\/logo_concursos-1.jpg\",\"width\":230,\"height\":60,\"caption\":\"Estrat\u00e9gia Concursos\"},\"image\":{\"@id\":\"https:\/\/www.estrategiaconcursos.com.br\/blog\/#\/schema\/logo\/image\/\"},\"sameAs\":[\"https:\/\/x.com\/EstratConcursos\"]},{\"@type\":\"Person\",\"@id\":\"https:\/\/www.estrategiaconcursos.com.br\/blog\/#\/schema\/person\/b4a388c97673c5f483d72185668afa1f\",\"name\":\"Coordena\u00e7\u00e3o\",\"image\":{\"@type\":\"ImageObject\",\"inLanguage\":\"pt-BR\",\"@id\":\"https:\/\/secure.gravatar.com\/avatar\/b720319e4c9a967eb58678d110f4fe35452fc5d5f97b202bac7b8acceb18c6ad?s=96&d=mm&r=g\",\"url\":\"https:\/\/secure.gravatar.com\/avatar\/b720319e4c9a967eb58678d110f4fe35452fc5d5f97b202bac7b8acceb18c6ad?s=96&d=mm&r=g\",\"contentUrl\":\"https:\/\/secure.gravatar.com\/avatar\/b720319e4c9a967eb58678d110f4fe35452fc5d5f97b202bac7b8acceb18c6ad?s=96&d=mm&r=g\",\"caption\":\"Coordena\u00e7\u00e3o\"},\"sameAs\":[\"https:\/\/www.facebook.com\/EstrategiaConcursos\",\"https:\/\/x.com\/EstratConcursos\"],\"url\":\"https:\/\/www.estrategiaconcursos.com.br\/blog\/author\/estrategia2013\/\"}]}<\/script>\n<!-- \/ Yoast SEO Premium plugin. -->","yoast_head_json":{"title":"Concurso Sefaz AL: o que mudou nos editais de 2019 e 2021?","description":"Concurso Sefaz AL: com um intervalo de 2 anos entre as duas sele\u00e7\u00f5es do \u00f3rg\u00e3o, confira os que mudou nos editais de abertura.","robots":{"index":"index","follow":"follow","max-snippet":"max-snippet:-1","max-image-preview":"max-image-preview:large","max-video-preview":"max-video-preview:-1"},"canonical":"https:\/\/www.estrategiaconcursos.com.br\/blog\/concurso-sefaz-al-o-que-mudou-nos-editais-de-2019-e-2021\/","og_locale":"pt_BR","og_type":"article","og_title":"Concurso Sefaz AL: o que mudou nos editais de 2019 e 2021?","og_description":"Concurso Sefaz AL: com um intervalo de 2 anos entre as duas sele\u00e7\u00f5es do \u00f3rg\u00e3o, confira os que mudou nos editais de abertura.","og_url":"https:\/\/www.estrategiaconcursos.com.br\/blog\/concurso-sefaz-al-o-que-mudou-nos-editais-de-2019-e-2021\/","og_site_name":"Estrat\u00e9gia Concursos","article_author":"https:\/\/www.facebook.com\/EstrategiaConcursos","article_published_time":"2021-07-08T19:00:00+00:00","article_modified_time":"2021-07-08T21:24:32+00:00","og_image":[{"width":1200,"height":628,"url":"https:\/\/dhg1h5j42swfq.cloudfront.net\/2021\/07\/08094137\/sefaz-al.jpg","type":"image\/jpeg"}],"author":"Coordena\u00e7\u00e3o","twitter_card":"summary_large_image","twitter_creator":"@EstratConcursos","twitter_site":"@EstratConcursos","twitter_misc":{"Escrito por":"Coordena\u00e7\u00e3o","Est. tempo de leitura":"3 minutos"},"schema":{"@context":"https:\/\/schema.org","@graph":[{"@type":"NewsArticle","@id":"https:\/\/www.estrategiaconcursos.com.br\/blog\/concurso-sefaz-al-o-que-mudou-nos-editais-de-2019-e-2021\/#article","isPartOf":{"@id":"https:\/\/www.estrategiaconcursos.com.br\/blog\/concurso-sefaz-al-o-que-mudou-nos-editais-de-2019-e-2021\/"},"author":{"name":"Coordena\u00e7\u00e3o","@id":"https:\/\/www.estrategiaconcursos.com.br\/blog\/#\/schema\/person\/b4a388c97673c5f483d72185668afa1f"},"headline":"Concurso Sefaz AL: o que mudou nos editais de 2019 e 2021?","datePublished":"2021-07-08T19:00:00+00:00","dateModified":"2021-07-08T21:24:32+00:00","mainEntityOfPage":{"@id":"https:\/\/www.estrategiaconcursos.com.br\/blog\/concurso-sefaz-al-o-que-mudou-nos-editais-de-2019-e-2021\/"},"wordCount":636,"commentCount":0,"publisher":{"@id":"https:\/\/www.estrategiaconcursos.com.br\/blog\/#organization"},"image":{"@id":"https:\/\/www.estrategiaconcursos.com.br\/blog\/concurso-sefaz-al-o-que-mudou-nos-editais-de-2019-e-2021\/#primaryimage"},"thumbnailUrl":"https:\/\/dhg1h5j42swfq.cloudfront.net\/2021\/07\/08094137\/sefaz-al.jpg","articleSection":["Fiscal - Estadual (ICMS)"],"inLanguage":"pt-BR","potentialAction":[{"@type":"CommentAction","name":"Comment","target":["https:\/\/www.estrategiaconcursos.com.br\/blog\/concurso-sefaz-al-o-que-mudou-nos-editais-de-2019-e-2021\/#respond"]}],"copyrightYear":"2021","copyrightHolder":{"@id":"https:\/\/www.estrategiaconcursos.com.br\/blog\/#organization"}},{"@type":"WebPage","@id":"https:\/\/www.estrategiaconcursos.com.br\/blog\/concurso-sefaz-al-o-que-mudou-nos-editais-de-2019-e-2021\/","url":"https:\/\/www.estrategiaconcursos.com.br\/blog\/concurso-sefaz-al-o-que-mudou-nos-editais-de-2019-e-2021\/","name":"Concurso Sefaz AL: o que mudou nos editais de 2019 e 2021?","isPartOf":{"@id":"https:\/\/www.estrategiaconcursos.com.br\/blog\/#website"},"primaryImageOfPage":{"@id":"https:\/\/www.estrategiaconcursos.com.br\/blog\/concurso-sefaz-al-o-que-mudou-nos-editais-de-2019-e-2021\/#primaryimage"},"image":{"@id":"https:\/\/www.estrategiaconcursos.com.br\/blog\/concurso-sefaz-al-o-que-mudou-nos-editais-de-2019-e-2021\/#primaryimage"},"thumbnailUrl":"https:\/\/dhg1h5j42swfq.cloudfront.net\/2021\/07\/08094137\/sefaz-al.jpg","datePublished":"2021-07-08T19:00:00+00:00","dateModified":"2021-07-08T21:24:32+00:00","description":"Concurso Sefaz AL: com um intervalo de 2 anos entre as duas sele\u00e7\u00f5es do \u00f3rg\u00e3o, confira os que mudou nos editais de abertura.","breadcrumb":{"@id":"https:\/\/www.estrategiaconcursos.com.br\/blog\/concurso-sefaz-al-o-que-mudou-nos-editais-de-2019-e-2021\/#breadcrumb"},"inLanguage":"pt-BR","potentialAction":[{"@type":"ReadAction","target":["https:\/\/www.estrategiaconcursos.com.br\/blog\/concurso-sefaz-al-o-que-mudou-nos-editais-de-2019-e-2021\/"]}]},{"@type":"ImageObject","inLanguage":"pt-BR","@id":"https:\/\/www.estrategiaconcursos.com.br\/blog\/concurso-sefaz-al-o-que-mudou-nos-editais-de-2019-e-2021\/#primaryimage","url":"https:\/\/dhg1h5j42swfq.cloudfront.net\/2021\/07\/08094137\/sefaz-al.jpg","contentUrl":"https:\/\/dhg1h5j42swfq.cloudfront.net\/2021\/07\/08094137\/sefaz-al.jpg","width":1200,"height":628,"caption":"Concurso Sefaz AL posse"},{"@type":"BreadcrumbList","@id":"https:\/\/www.estrategiaconcursos.com.br\/blog\/concurso-sefaz-al-o-que-mudou-nos-editais-de-2019-e-2021\/#breadcrumb","itemListElement":[{"@type":"ListItem","position":1,"name":"In\u00edcio","item":"https:\/\/www.estrategiaconcursos.com.br\/blog\/"},{"@type":"ListItem","position":2,"name":"Concurso Sefaz AL: o que mudou nos editais de 2019 e 2021?"}]},{"@type":"WebSite","@id":"https:\/\/www.estrategiaconcursos.com.br\/blog\/#website","url":"https:\/\/www.estrategiaconcursos.com.br\/blog\/","name":"Estrat\u00e9gia Concursos","description":"O blog da Estrat\u00e9gia Concursos traz not\u00edcias sobre concursos e artigos de professores oferecendo cursos para concursos (pdf + videaulas) no site.","publisher":{"@id":"https:\/\/www.estrategiaconcursos.com.br\/blog\/#organization"},"potentialAction":[{"@type":"SearchAction","target":{"@type":"EntryPoint","urlTemplate":"https:\/\/www.estrategiaconcursos.com.br\/blog\/?s={search_term_string}"},"query-input":{"@type":"PropertyValueSpecification","valueRequired":true,"valueName":"search_term_string"}}],"inLanguage":"pt-BR"},{"@type":"Organization","@id":"https:\/\/www.estrategiaconcursos.com.br\/blog\/#organization","name":"Estrat\u00e9gia Concursos","url":"https:\/\/www.estrategiaconcursos.com.br\/blog\/","logo":{"@type":"ImageObject","inLanguage":"pt-BR","@id":"https:\/\/www.estrategiaconcursos.com.br\/blog\/#\/schema\/logo\/image\/","url":"https:\/\/dhg1h5j42swfq.cloudfront.net\/2025\/06\/03203428\/logo_concursos-1.jpg","contentUrl":"https:\/\/dhg1h5j42swfq.cloudfront.net\/2025\/06\/03203428\/logo_concursos-1.jpg","width":230,"height":60,"caption":"Estrat\u00e9gia Concursos"},"image":{"@id":"https:\/\/www.estrategiaconcursos.com.br\/blog\/#\/schema\/logo\/image\/"},"sameAs":["https:\/\/x.com\/EstratConcursos"]},{"@type":"Person","@id":"https:\/\/www.estrategiaconcursos.com.br\/blog\/#\/schema\/person\/b4a388c97673c5f483d72185668afa1f","name":"Coordena\u00e7\u00e3o","image":{"@type":"ImageObject","inLanguage":"pt-BR","@id":"https:\/\/secure.gravatar.com\/avatar\/b720319e4c9a967eb58678d110f4fe35452fc5d5f97b202bac7b8acceb18c6ad?s=96&d=mm&r=g","url":"https:\/\/secure.gravatar.com\/avatar\/b720319e4c9a967eb58678d110f4fe35452fc5d5f97b202bac7b8acceb18c6ad?s=96&d=mm&r=g","contentUrl":"https:\/\/secure.gravatar.com\/avatar\/b720319e4c9a967eb58678d110f4fe35452fc5d5f97b202bac7b8acceb18c6ad?s=96&d=mm&r=g","caption":"Coordena\u00e7\u00e3o"},"sameAs":["https:\/\/www.facebook.com\/EstrategiaConcursos","https:\/\/x.com\/EstratConcursos"],"url":"https:\/\/www.estrategiaconcursos.com.br\/blog\/author\/estrategia2013\/"}]}},"_links":{"self":[{"href":"https:\/\/www.estrategiaconcursos.com.br\/blog\/wp-json\/wp\/v2\/posts\/790289","targetHints":{"allow":["GET"]}}],"collection":[{"href":"https:\/\/www.estrategiaconcursos.com.br\/blog\/wp-json\/wp\/v2\/posts"}],"about":[{"href":"https:\/\/www.estrategiaconcursos.com.br\/blog\/wp-json\/wp\/v2\/types\/post"}],"author":[{"embeddable":true,"href":"https:\/\/www.estrategiaconcursos.com.br\/blog\/wp-json\/wp\/v2\/users\/1"}],"replies":[{"embeddable":true,"href":"https:\/\/www.estrategiaconcursos.com.br\/blog\/wp-json\/wp\/v2\/comments?post=790289"}],"version-history":[{"count":9,"href":"https:\/\/www.estrategiaconcursos.com.br\/blog\/wp-json\/wp\/v2\/posts\/790289\/revisions"}],"predecessor-version":[{"id":790652,"href":"https:\/\/www.estrategiaconcursos.com.br\/blog\/wp-json\/wp\/v2\/posts\/790289\/revisions\/790652"}],"wp:featuredmedia":[{"embeddable":true,"href":"https:\/\/www.estrategiaconcursos.com.br\/blog\/wp-json\/wp\/v2\/media\/790298"}],"wp:attachment":[{"href":"https:\/\/www.estrategiaconcursos.com.br\/blog\/wp-json\/wp\/v2\/media?parent=790289"}],"wp:term":[{"taxonomy":"category","embeddable":true,"href":"https:\/\/www.estrategiaconcursos.com.br\/blog\/wp-json\/wp\/v2\/categories?post=790289"},{"taxonomy":"post_tag","embeddable":true,"href":"https:\/\/www.estrategiaconcursos.com.br\/blog\/wp-json\/wp\/v2\/tags?post=790289"},{"taxonomy":"tax_estado","embeddable":true,"href":"https:\/\/www.estrategiaconcursos.com.br\/blog\/wp-json\/wp\/v2\/tax_estado?post=790289"}],"curies":[{"name":"wp","href":"https:\/\/api.w.org\/{rel}","templated":true}]}}