{"id":788512,"date":"2021-07-14T10:28:00","date_gmt":"2021-07-14T13:28:00","guid":{"rendered":"https:\/\/www.estrategiaconcursos.com.br\/blog\/?p=788512"},"modified":"2022-09-01T15:18:28","modified_gmt":"2022-09-01T18:18:28","slug":"imposto-de-renda-doutrina-e-conceitos-de-jurisprudencia-parte-2","status":"publish","type":"post","link":"https:\/\/www.estrategiaconcursos.com.br\/blog\/imposto-de-renda-doutrina-e-conceitos-de-jurisprudencia-parte-2\/","title":{"rendered":"Imposto de Renda: Doutrina e Conceitos de Jurisprud\u00eancia \u2013 Parte 2"},"content":{"rendered":"\n<h2 class=\"wp-block-heading\" id=\"h-abertura-e-consideracoes-gerais\"><strong>Abertura e Considera\u00e7\u00f5es Gerais<\/strong><\/h2>\n\n\n\n<p>A ideia deste artigo \u00e9 expor exemplos de como a jurisprud\u00eancia tem aperfei\u00e7oado a identifica\u00e7\u00e3o e aplica\u00e7\u00e3o das caracter\u00edsticas do Imposto de Renda.<\/p>\n\n\n\n<p>Sobre o Imposto de Renda, as normas gerais que o regem s\u00e3o a <a href=\"http:\/\/www.planalto.gov.br\/ccivil_03\/leis\/l5172compilado.htm\">Lei n. 5172\/1966, o C\u00f3digo Tribut\u00e1rio Nacional (CTN)<\/a>, e a <a href=\"http:\/\/www.planalto.gov.br\/ccivil_03\/constituicao\/constituicao.htm\">Constitui\u00e7\u00e3o Federal de 1988 (CF\/88)<\/a>. Conforme explicado na primeira parte, no texto anterior, existem tr\u00eas ideias que t\u00eam norteado a jurisprud\u00eancia dos tribunais superiores sobre o Imposto de Renda.<\/p>\n\n\n\n<p>Estas tr\u00eas ideias s\u00e3o: a crescente amplia\u00e7\u00e3o do campo de incid\u00eancia do imposto, fruto da diversifica\u00e7\u00e3o das atividades econ\u00f4micas e da globaliza\u00e7\u00e3o dos investimentos em geral; a amplia\u00e7\u00e3o do conceito de indeniza\u00e7\u00f5es, visando proteger o patrim\u00f4nio do contribuinte de uma incid\u00eancia mais lesiva do Imposto de Renda; e a aplica\u00e7\u00e3o do conceito da dignidade da pessoa humana, visando poupar o contribuinte de constrangimentos, como o de comprovar uma mol\u00e9stia cr\u00f4nica de forma cont\u00ednua, levando em conta que tais mol\u00e9stias dificilmente podem ser revertidas, acompanhando seu portador at\u00e9 o evento de sua morte.<\/p>\n\n\n\n<p>A jurisprud\u00eancia sobre o Imposto de Renda \u00e9 ainda subdivis\u00edvel em duas partes: os entendimento dos tribunais superiores (STJ e STF) j\u00e1 sumulados, que compreendem os v\u00e1rios casos tratados em m\u00faltiplas a\u00e7\u00f5es, sobre temas em que a vis\u00e3o de cada tribunal \u00e9 consolidada, para evitar a prolifera\u00e7\u00e3o e prosseguimento de a\u00e7\u00f5es que tratam dos mesmos temas; e as teses da jurisprud\u00eancia de cada tribunal que refletem um pensamento coerente, em que a maioria do colegiado concorda, mas que ainda n\u00e3o resultaram em s\u00famulas, pois ou n\u00e3o existe um grande n\u00famero de a\u00e7\u00f5es tratando do mesmo tema, ou h\u00e1 algumas diverg\u00eancias doutrin\u00e1rias que ainda n\u00e3o foram sanadas entre os membros de cada corte.<\/p>\n\n\n\n<p>Neste texto, se estudar\u00e1 a jurisprud\u00eancia do Imposto de Renda <strong>sumulada<\/strong> pelos tribunais superiores, sendo as teses <strong>ainda n\u00e3o sumuladas<\/strong> objeto de <strong>artigo posterior a este<\/strong>.<\/p>\n\n\n\n<figure class=\"wp-block-image size-large is-resized\"><img loading=\"lazy\" decoding=\"async\" src=\"https:\/\/dhg1h5j42swfq.cloudfront.net\/2021\/07\/07095540\/foto-stf-8.jpg\" alt=\"O Imposto de Renda j\u00e1 foi objeto de muitas quest\u00f5es judiciais, resolvidas em tribunais superiores.\" class=\"wp-image-789117\" width=\"832\" height=\"377\" srcset=\"https:\/\/dhg1h5j42swfq.cloudfront.net\/2021\/07\/07095540\/foto-stf-8.jpg 333w, https:\/\/dhg1h5j42swfq.cloudfront.net\/2021\/07\/07095540\/foto-stf-8-300x136.jpg 300w\" sizes=\"auto, (max-width: 832px) 100vw, 832px\" \/><figcaption>O Imposto de Renda foi objeto de muitas quest\u00f5es judiciais, que tiveram de ser resolvidas pelos tribunais superiores<\/figcaption><\/figure>\n\n\n\n<h2 class=\"wp-block-heading\" id=\"h-jurisprudencia-sobre-a-incidencia-do-imposto-de-renda\"><strong>Jurisprud\u00eancia sobre a Incid\u00eancia do Imposto de Renda<\/strong><\/h2>\n\n\n\n<p>A jurisprud\u00eancia sobre a incid\u00eancia do Imposto de Renda do Supremo Tribunal Federal (STF) e do Superior Tribunal de Justi\u00e7a (STJ) tem buscado acompanhar o dinamismo da economia, nos contextos de globaliza\u00e7\u00e3o e diversifica\u00e7\u00e3o das atividades econ\u00f4micas.<\/p>\n\n\n\n<p>O Supremo possui algumas s\u00famulas sobre este tema. A s\u00famula STF-93: <em>\u201cN\u00e3o est\u00e1 isenta do imposto de renda a atividade profissional do arquiteto.\u201d<\/em> Esta s\u00famula indica que a atividade de profissionais liberais n\u00e3o est\u00e1 isenta da incid\u00eancia. J\u00e1 a s\u00famula STF-586<em>: \u201cIncide imposto de renda sobre os juros remetidos para o exterior, com base em contrato de m\u00fatuo\u201d<\/em>, come\u00e7a a mostrar a incid\u00eancia inclusive sobre rendimentos enviados ao exterior. H\u00e1 tamb\u00e9m a s\u00famula STF-587: <em>\u201cIncide imposto de renda sobre o pagamento de servi\u00e7os t\u00e9cnicos contratados no exterior e prestados no Brasil\u201d<\/em>, que tamb\u00e9m exp\u00f5e a mesma ideia, a de que n\u00e3o importa de onde vem o recurso: ocorre o fato gerador no Brasil, o que atrai a incid\u00eancia do imposto.<\/p>\n\n\n\n<p>O STJ tamb\u00e9m possui algumas s\u00famulas sobre esse tema. A s\u00famula STJ-262: \u201cIncide o Imposto de Renda sobre o resultado das aplica\u00e7\u00f5es financeiras realizadas pelas cooperativas\u201d, aplica o conceito ampliativo da incid\u00eancia. A despeito de as atividades das cooperativas serem sem o intuito do lucro \u2013 e por isso serem isentas do IR \u2013 as cooperativas, ao investirem seus recursos em aplica\u00e7\u00f5es financeiras <strong>n\u00e3o est\u00e3o fazendo uma atividade t\u00edpica do cooperativismo<\/strong>, e portanto atraem a incid\u00eancia do imposto.<\/p>\n\n\n\n<figure class=\"wp-block-image size-large\"><img loading=\"lazy\" decoding=\"async\" width=\"1024\" height=\"505\" src=\"https:\/\/dhg1h5j42swfq.cloudfront.net\/2021\/07\/07100211\/woman-1594711-1024x505.jpg\" alt=\"As cooperativas s\u00e3o isentas do IR sobre suas atividades - mas isso n\u00e3o inclui aplica\u00e7\u00f5es financeiras\" class=\"wp-image-789125\" srcset=\"https:\/\/dhg1h5j42swfq.cloudfront.net\/2021\/07\/07100211\/woman-1594711-1024x505.jpg 1024w, https:\/\/dhg1h5j42swfq.cloudfront.net\/2021\/07\/07100211\/woman-1594711-300x148.jpg 300w, https:\/\/dhg1h5j42swfq.cloudfront.net\/2021\/07\/07100211\/woman-1594711-768x379.jpg 768w, https:\/\/dhg1h5j42swfq.cloudfront.net\/2021\/07\/07100211\/woman-1594711-1536x758.jpg 1536w, https:\/\/dhg1h5j42swfq.cloudfront.net\/2021\/07\/07100211\/woman-1594711-2048x1010.jpg 2048w, https:\/\/dhg1h5j42swfq.cloudfront.net\/2021\/07\/07100211\/woman-1594711-610x301.jpg 610w\" sizes=\"auto, (max-width: 1024px) 100vw, 1024px\" \/><figcaption>As cooperativas s\u00e3o isentas do IR sobre suas atividades &#8211; mas isso n\u00e3o inclui aplica\u00e7\u00f5es financeiras<\/figcaption><\/figure>\n\n\n\n<p>Outras duas s\u00famulas do tribunal da cidadania foram emitidas sobre este tema. Uma delas \u00e9 a s\u00famula STJ-556: <em>\u201c\u00c9 indevida a incid\u00eancia de imposto de renda sobre o valor da complementa\u00e7\u00e3o de aposentadoria pago por entidade de previd\u00eancia privada e em rela\u00e7\u00e3o ao resgate de contribui\u00e7\u00f5es recolhidas para referidas entidades patrocinadoras no per\u00edodo de 1\u00ba\/1\/1989 a 31\/12\/1995, em raz\u00e3o da isen\u00e7\u00e3o concedida pelo art. 6\u00ba, VII, b, da Lei n. 7.713\/1988, na reda\u00e7\u00e3o anterior \u00e0 que lhe foi dada pela Lei n. 9.250\/1995.\u201d<\/em> A situa\u00e7\u00e3o nesta s\u00famula \u00e9 que entre os anos de 1989 e 1995 os planos de previd\u00eancia eram isentos de Imposto de Renda \u2013 isen\u00e7\u00e3o esta que foi revogada em leis posteriores a 1995. Como alguns resgates foram posteriores a esse per\u00edodo, a Receita Federal do Brasil entendia cab\u00edvel a cobran\u00e7a.<\/p>\n\n\n\n<p>A outra \u00e9 a s\u00famula STJ-590: <em>\u201cConstitui acr\u00e9scimo patrimonial a atrair a incid\u00eancia do Imposto de Renda, em caso de liquida\u00e7\u00e3o de entidade de previd\u00eancia privada, a quantia que couber a cada participante, por rateio do patrim\u00f4nio, superior ao valor das respectivas contribui\u00e7\u00f5es \u00e0 entidade em liquida\u00e7\u00e3o, devidamente atualizadas e corrigidas.<\/em>\u201d Nesta outra jurisprud\u00eancia sobre o Imposto de Renda, o STJ entendeu que o que <strong>ultrapassar<\/strong> o <strong>valor das contribui\u00e7\u00f5es<\/strong> representa <strong>acr\u00e9scimo patrimonial<\/strong> tribut\u00e1vel pelo Imposto de Renda.<\/p>\n\n\n\n<h2 class=\"wp-block-heading\" id=\"h-jurisprudencia-sobre-indenizacoes-e-o-imposto-de-renda\"><strong>Jurisprud\u00eancia sobre Indeniza\u00e7\u00f5es e o Imposto de Renda<\/strong><\/h2>\n\n\n\n<p>A jurisprud\u00eancia sobre as indeniza\u00e7\u00f5es e o Imposto de Renda dos tribunais superiores tem buscado um sentido ampliativo sobre o conceito de indeniza\u00e7\u00e3o. A indeniza\u00e7\u00e3o, por \u00f3bvio, \u00e9 uma compensa\u00e7\u00e3o, um ressarcimento, que <strong>devolve<\/strong> para a <strong>pessoa f\u00edsica <\/strong>ou <strong>jur\u00eddica<\/strong> uma <strong>perda patrimonial, <\/strong>j\u00e1 <strong>ocorrida<\/strong> ou <strong>por ocorrer. <\/strong>N\u00e3o faria sentido, nesse racioc\u00ednio, tributar uma indeniza\u00e7\u00e3o pois ela n\u00e3o representaria um acr\u00e9scimo, mas <strong>uma restaura\u00e7\u00e3o, um retorno<\/strong> a uma <strong>condi\u00e7\u00e3o anterior<\/strong>.<\/p>\n\n\n\n<p>Em virtude desta tese, o tribunal da cidadania (STJ) aprovou algumas s\u00famulas. Uma delas \u00e9 a s\u00famula STJ-125<em>:\u201d<\/em><em>O pagamento de f\u00e9rias n\u00e3o gozadas por necessidade do servi\u00e7o n\u00e3o est\u00e1 sujeito \u00e0 incid\u00eancia do Imposto de Renda. \u201c<\/em>. Outra \u00e9 a s\u00famula STJ-136: <em>\u201cO pagamento de licen\u00e7a-pr\u00eamio n\u00e3o gozada por necessidade do servi\u00e7o n\u00e3o est\u00e1 sujeito ao imposto de renda.\u201d<\/em> A \u00faltima sobre este tema \u00e9 a s\u00famula STJ-215: <em>\u201cA indeniza\u00e7\u00e3o recebida pela ades\u00e3o a programa de incentivo \u00e0 demiss\u00e3o volunt\u00e1ria n\u00e3o est\u00e1 sujeita \u00e0 incid\u00eancia do Imposto de Renda.\u201d<\/em><\/p>\n\n\n\n<p>Nas tr\u00eas s\u00famulas, a interpreta\u00e7\u00e3o sobre a natureza das verbas \u00e9 a de que possuem um car\u00e1ter indenizat\u00f3rio. Nos casos das f\u00e9rias e das licen\u00e7as-pr\u00eamio n\u00e3o gozadas \u00e9 de que as verbas possuem um car\u00e1ter indenizat\u00f3rio uma vez que os benefici\u00e1rios deveriam, nos termos das leis que regem ambos os benef\u00edcios, desfrutar de um per\u00edodo de repouso, de restabelecimento das condi\u00e7\u00f5es laborais \u2013 per\u00edodo esse que n\u00e3o foi desfrutado por ocasi\u00e3o da necessidade de servi\u00e7o, em ambos os casos. Desta maneira, as verbas recebidas acabam por se transformar em uma esp\u00e9cie de indeniza\u00e7\u00e3o.<\/p>\n\n\n\n<p>J\u00e1 o caso da indeniza\u00e7\u00e3o recebida pela ades\u00e3o a programa de incentivo \u00e0 demiss\u00e3o volunt\u00e1ria possui car\u00e1ter indenizat\u00f3rio pelo seguinte motivo: apesar de tais programas serem volunt\u00e1rios, o fato \u00e9 que dificilmente um empregado se voluntaria a participar de um programa de demiss\u00e3o. Muitas vezes o empregado acaba por n\u00e3o ter a menor ideia de quanto tempo ir\u00e1 ficar desempregado \u2013 de forma que os incentivos beneficiam a decis\u00e3o, concedendo mais recursos ao empregado que, com este adicional, forma uma esp\u00e9cie de \u201ccolch\u00e3o\u201d para se blindar de uma perda patrimonial futura. \u00c9 uma indeniza\u00e7\u00e3o, ainda que pr\u00e9via.<\/p>\n\n\n\n<p>Sobre esse tema, existe tamb\u00e9m uma s\u00famula do STJ, a s\u00famula STJ-498: <em>\u201cN\u00e3o incide imposto de renda sobre a indeniza\u00e7\u00e3o por danos morais\u201d<\/em>. Esta s\u00famula surgiu em decorr\u00eancia de v\u00e1rias a\u00e7\u00f5es que questionavam a cobran\u00e7a de Imposto de Renda sobre tais indeniza\u00e7\u00f5es, e o STJ acabou por entender que, mesmo que de dif\u00edcil apura\u00e7\u00e3o sobre o quantum de renda que representaria esta restaura\u00e7\u00e3o, \u00e9 fato que os danos morais s\u00e3o sim uma perda de um <strong>patrim\u00f4nio da personalidade<\/strong>, que pode <strong>impor severos preju\u00edzos<\/strong> a uma <strong>pessoa jur\u00eddica<\/strong>, ou <strong>danos financeiros<\/strong> para a <strong>credibilidade de uma pessoa f\u00edsica<\/strong>, que tamb\u00e9m se traduz em <strong>perda de neg\u00f3cios<\/strong> ou <strong>despesas imprevistas<\/strong> como mudan\u00e7as repentinas, viagens, e outras decorrentes de um dano moral.<\/p>\n\n\n\n<p>Entretanto, essa ideia sobre indeniza\u00e7\u00f5es n\u00e3o \u00e9 sempre interpretada dessa forma. O tribunal da cidadania publicou a s\u00famula STJ-463: <em>\u201cIncide imposto de renda sobre os valores percebidos a t\u00edtulo de indeniza\u00e7\u00e3o por horas extraordin\u00e1rias trabalhadas, ainda que decorrentes de acordo coletivo.\u201d<\/em> Aqui nesta jurisprud\u00eancia a interpreta\u00e7\u00e3o foi de que embora o nome da verba tenha sido chamada \u201cindeniza\u00e7\u00e3o\u201d por horas extra trabalhadas, essa verba n\u00e3o possui car\u00e1ter indenizat\u00f3rio, mas <strong>remunerat\u00f3rio<\/strong>, atraindo a incid\u00eancia do Imposto de Renda.<\/p>\n\n\n\n<figure class=\"wp-block-image size-large\"><img loading=\"lazy\" decoding=\"async\" width=\"1024\" height=\"768\" src=\"https:\/\/dhg1h5j42swfq.cloudfront.net\/2021\/07\/07102703\/conclusion-of-the-contract-3100563-1024x768.jpg\" alt=\"Indeniza\u00e7\u00f5es t\u00eam sido compreendidas como recomposi\u00e7\u00e3o patrimonial - o IR n\u00e3o incide sobre elas.\" class=\"wp-image-789150\" srcset=\"https:\/\/dhg1h5j42swfq.cloudfront.net\/2021\/07\/07102703\/conclusion-of-the-contract-3100563-1024x768.jpg 1024w, https:\/\/dhg1h5j42swfq.cloudfront.net\/2021\/07\/07102703\/conclusion-of-the-contract-3100563-300x225.jpg 300w, https:\/\/dhg1h5j42swfq.cloudfront.net\/2021\/07\/07102703\/conclusion-of-the-contract-3100563-768x576.jpg 768w, https:\/\/dhg1h5j42swfq.cloudfront.net\/2021\/07\/07102703\/conclusion-of-the-contract-3100563-1536x1152.jpg 1536w, https:\/\/dhg1h5j42swfq.cloudfront.net\/2021\/07\/07102703\/conclusion-of-the-contract-3100563-2048x1536.jpg 2048w, https:\/\/dhg1h5j42swfq.cloudfront.net\/2021\/07\/07102703\/conclusion-of-the-contract-3100563-610x457.jpg 610w\" sizes=\"auto, (max-width: 1024px) 100vw, 1024px\" \/><figcaption>Indeniza\u00e7\u00f5es, em regra, t\u00eam sido compreendidas como uma recomposi\u00e7\u00e3o patrimonial &#8211; por isso n\u00e3o incide IR sobre elas.<\/figcaption><\/figure>\n\n\n\n<h2 class=\"wp-block-heading\" id=\"h-jurisprudencia-sobre-dignidade-da-pessoa-humana-e-o-imposto-de-renda\"><strong>Jurisprud\u00eancia sobre dignidade da pessoa humana e o Imposto de Renda<\/strong><\/h2>\n\n\n\n<p>Existem situa\u00e7\u00f5es de isen\u00e7\u00f5es do Imposto de Renda que s\u00e3o condicionadas. Algumas condi\u00e7\u00f5es s\u00e3o relativamente simples, e em geral a maioria delas \u00e9 renovada, em cada exerc\u00edcio, para verificar se o contribuinte ainda possui os requisitos para desfrutar da isen\u00e7\u00e3o promovida nos termos da lei.<\/p>\n\n\n\n<p>Todavia, existem alguns problemas neste procedimento: por exemplo, h\u00e1 a necessidade de um portador de uma mol\u00e9stia cr\u00f4nica como c\u00e2ncer ou AIDS de comprovar a exist\u00eancia de tais doen\u00e7as anualmente, na eventualidade de serem elas cr\u00f4nicas? O fato de serem cr\u00f4nicas n\u00e3o carrega em si uma condi\u00e7\u00e3o perene da enfermidade, em que seria improv\u00e1vel que o doente se curasse desta doen\u00e7a? N\u00e3o seria desta forma exagerado e at\u00e9 constrangedor exigir do contribuinte que ele comprovasse tal condi\u00e7\u00e3o decorrente da doen\u00e7a?<\/p>\n\n\n\n<p>Com base neste racioc\u00ednio, o guardi\u00e3o do direito federal (STJ) publicou duas s\u00famulas, a s\u00famula STJ-598: \u201c\u00c9 desnecess\u00e1ria a apresenta\u00e7\u00e3o de laudo m\u00e9dico oficial para o reconhecimento judicial da isen\u00e7\u00e3o do Imposto de Renda, desde que o magistrado entenda suficientemente demonstrada a doen\u00e7a grave por outros meios de prova.\u201d E tamb\u00e9m a s\u00famula STJ-628:\u201d O contribuinte faz jus \u00e0 concess\u00e3o ou \u00e0 manuten\u00e7\u00e3o da isen\u00e7\u00e3o do imposto de renda, n\u00e3o se lhe exigindo a demonstra\u00e7\u00e3o da contemporaneidade dos sintomas da doen\u00e7a nem da recidiva da enfermidade.\u201d&nbsp;<\/p>\n\n\n\n<p>Estas s\u00famulas foram publicadas com base em contesta\u00e7\u00f5es em a\u00e7\u00f5es judiciais de que tais isen\u00e7\u00f5es somente poderiam ser concedidas se emitidos laudos oficiais sobre as condi\u00e7\u00f5es da sa\u00fade dos enfermos. O STJ compreendeu que a condi\u00e7\u00e3o imposta por lei n\u00e3o precisa ser a <strong>\u00fanica condi\u00e7\u00e3o<\/strong>, de forma que, <strong>existindo meios alternativos para a comprova\u00e7\u00e3o<\/strong>, \u00e9 poss\u00edvel sim conceder a isen\u00e7\u00e3o sem que seja necess\u00e1rio o laudo oficial.<\/p>\n\n\n\n<figure class=\"wp-block-image size-large\"><img loading=\"lazy\" decoding=\"async\" width=\"1004\" height=\"1024\" src=\"https:\/\/dhg1h5j42swfq.cloudfront.net\/2021\/07\/07101128\/chemotherapy-448578-1004x1024.jpg\" alt=\"O STJ n\u00e3o exige a obrigatoriedade de laudo m\u00e9dico, se havendo meios de comprovar a doen\u00e7a cr\u00f4nica.\" class=\"wp-image-789135\" srcset=\"https:\/\/dhg1h5j42swfq.cloudfront.net\/2021\/07\/07101128\/chemotherapy-448578-1004x1024.jpg 1004w, https:\/\/dhg1h5j42swfq.cloudfront.net\/2021\/07\/07101128\/chemotherapy-448578-294x300.jpg 294w, https:\/\/dhg1h5j42swfq.cloudfront.net\/2021\/07\/07101128\/chemotherapy-448578-768x783.jpg 768w, https:\/\/dhg1h5j42swfq.cloudfront.net\/2021\/07\/07101128\/chemotherapy-448578-1506x1536.jpg 1506w, https:\/\/dhg1h5j42swfq.cloudfront.net\/2021\/07\/07101128\/chemotherapy-448578-2008x2048.jpg 2008w, https:\/\/dhg1h5j42swfq.cloudfront.net\/2021\/07\/07101128\/chemotherapy-448578-610x622.jpg 610w\" sizes=\"auto, (max-width: 1004px) 100vw, 1004px\" \/><figcaption>De acordo com o STJ, n\u00e3o existe a obrigatoriedade de laudo m\u00e9dico oficial &#8211; desde que haja outros meios de comprovar a doen\u00e7a cr\u00f4nica<\/figcaption><\/figure>\n\n\n\n<h2 class=\"wp-block-heading\" id=\"h-conclusoes-sobre-o-imposto-de-renda-e-jurisprudencia-sumulada\"><strong>Conclus\u00f5es sobre o Imposto de Renda e Jurisprud\u00eancia sumulada<\/strong><\/h2>\n\n\n\n<p>O Imposto de Renda, desde a sua previs\u00e3o no CTN, apresentou algumas mudan\u00e7as no sentido de aumentar a efetividade em sua arrecada\u00e7\u00e3o. Situa\u00e7\u00f5es que n\u00e3o haviam sido previstas passaram a ser consideradas para a finalidade de sua arrecada\u00e7\u00e3o.<\/p>\n\n\n\n<p>Algumas isen\u00e7\u00f5es foram previstas com intuito de n\u00e3o se tributar atividades que n\u00e3o visam ao lucro (como no caso das cooperativas), ou que trazem situa\u00e7\u00f5es que podem acarretar uma perda patrimonial do contribuinte em casos de idade ou de enfermidades cr\u00f4nicas (como a parcela isenta de IR das aposentadorias, ou dos casos de neoplasia maligna \u2013 c\u00e2ncer, ou AIDS), mas a jurisprud\u00eancia sobre o Imposto de Renda teve que cotejar estas isen\u00e7\u00f5es, para evitar que determinadas classes de contribuintes fossem indevidamente beneficiadas.<\/p>\n\n\n\n<p>Por \u00faltimo, os casos de enfermidades cr\u00f4nicas ou graves tamb\u00e9m tiveram aprecia\u00e7\u00e3o na jurisprud\u00eancia do Imposto de Renda. Os casos analisados apresentaram uma considera\u00e7\u00e3o especial com a dignidade da pessoa humana, no sentido de evitar constranger o contribuinte a comprovar a perenidade de uma condi\u00e7\u00e3o incapacitante ou que debilita sua sa\u00fade, que, em regra, se \u00e9 cr\u00f4nica, o pressuposto deveria ser o inverso: o contribuinte deveria comprovar que teve sua sa\u00fade restaurada, em vez de comprovar que continua doente.<\/p>\n\n\n\n<p>Ricardo Pereira de Oliveira<\/p>\n\n\n\n<h2 class=\"has-text-align-center wp-block-heading\" id=\"h-cursos-e-assinaturas\">Cursos e Assinaturas<\/h2>\n\n\n\n<div class=\"container\" id=\"boxes\">\n  <div class=\"row\">\n\n    <div class=\"col-sm\">\n      <div class=\"banner-tribunal\" id=\"box-assinatura\">\n        <h3 class=\"titulo-assinatura\">Cursos para Carreiras Jur\u00eddicas<\/h3>\n        <p class=\"subtitulo-assinatura\">Conhe\u00e7a os cursos<\/p>\n        <div class=\"box-botao\">\n          <a class=\"btn-assinatura\" target=\"_blank\" href=\"https:\/\/www.estrategiaconcursos.com.br\/cursosPorConcurso\/assinaturas-carreira-juridica\/\" rel=\"noopener noreferrer\">Conhe\u00e7a mais<\/a>\n        <\/div>\n      <\/div>\n      <p class=\"texto-auxiliar\">Prepare-se com o melhor material e com quem mais aprova em Concursos P\u00fablicos em todo o pa\u00eds.<\/p>\n    <\/div>\n\n  <\/div>\n<\/div>\n\n\n\n<div class=\"container\" id=\"boxes\">\n  <div class=\"row\">\n\n    <div class=\"col-sm\">\n      <div class=\"banner-ecj\" id=\"box-assinatura\">\n        <h3 class=\"titulo-assinatura\">Assinatura Jur\u00eddica <\/h3>\n        <p class=\"subtitulo-assinatura\">Conhe\u00e7a os planos<\/p>\n        <div class=\"box-botao\">\n          <a class=\"btn-assinatura\" target=\"_blank\" href=\"https:\/\/www.estrategiaconcursos.com.br\/assinaturas-ecj\/\" role=\"button\" rel=\"noopener noreferrer\">Conhe\u00e7a mais<\/a>\n        <\/div>\n      <\/div>\n      <p class=\"texto-auxiliar\">Prepare-se com o melhor material e com quem mais aprova em Concursos P\u00fablicos em todo o pa\u00eds. \n<\/p>\n    <\/div>\n\n  <\/div>\n<\/div>\n\n\n\n<p>At\u00e9 mais!!<\/p>\n","protected":false},"excerpt":{"rendered":"<p>Abertura e Considera\u00e7\u00f5es Gerais A ideia deste artigo \u00e9 expor exemplos de como a jurisprud\u00eancia tem aperfei\u00e7oado a identifica\u00e7\u00e3o e aplica\u00e7\u00e3o das caracter\u00edsticas do Imposto de Renda. Sobre o Imposto de Renda, as normas gerais que o regem s\u00e3o a Lei n. 5172\/1966, o C\u00f3digo Tribut\u00e1rio Nacional (CTN), e a Constitui\u00e7\u00e3o Federal de 1988 (CF\/88). [&hellip;]<\/p>\n","protected":false},"author":1979,"featured_media":788522,"comment_status":"open","ping_status":"closed","sticky":false,"template":"","format":"standard","meta":{"post_tipo":"article","footnotes":""},"categories":[220015,1,220180,220181,1983,220182,220183,220195,220196,214710],"tags":[],"tax_estado":[219964,219965,219966,219967,219968,219969,219963,219970,219971,219972,219973,219974,219975,219976,219977,219978,219979,219980,219981,219982,219983,219984,219985,219986,219987,219988,219989,219990],"class_list":["post-788512","post","type-post","status-publish","format-standard","has-post-thumbnail","hentry","category-cfc","category-cursos-e-concursos","category-controle-gestao","category-area-financeira","category-fiscal-estadual","category-fiscal-federal","category-fiscal-municipal","category-magistratura","category-procuradorias","category-tribunais-de-contas","tax_estado-ac","tax_estado-al","tax_estado-am","tax_estado-ap","tax_estado-ba","tax_estado-ce","tax_estado-concursos-federais","tax_estado-df","tax_estado-es","tax_estado-go","tax_estado-ma","tax_estado-mg","tax_estado-ms","tax_estado-mt","tax_estado-pa","tax_estado-pb","tax_estado-pe","tax_estado-pi","tax_estado-pr","tax_estado-rj","tax_estado-rn","tax_estado-ro","tax_estado-rr","tax_estado-rs","tax_estado-sc","tax_estado-se","tax_estado-sp","tax_estado-to"],"acf":[],"yoast_head":"<!-- This site is optimized with the Yoast SEO Premium plugin v27.2 (Yoast SEO v27.2) - https:\/\/yoast.com\/product\/yoast-seo-premium-wordpress\/ -->\n<title>Imposto de Renda: Doutrina e Conceitos de Jurisprud\u00eancia \u2013 Parte 2<\/title>\n<meta name=\"description\" content=\"A ideia deste artigo \u00e9 expor exemplos de como a jurisprud\u00eancia tem aperfei\u00e7oado a aplica\u00e7\u00e3o de conceitos sobre o Imposto de Renda.\" \/>\n<meta name=\"robots\" content=\"index, follow, max-snippet:-1, max-image-preview:large, max-video-preview:-1\" \/>\n<link rel=\"canonical\" href=\"https:\/\/www.estrategiaconcursos.com.br\/blog\/imposto-de-renda-doutrina-e-conceitos-de-jurisprudencia-parte-2\/\" \/>\n<meta property=\"og:locale\" content=\"pt_BR\" \/>\n<meta property=\"og:type\" content=\"article\" \/>\n<meta property=\"og:title\" content=\"Imposto de Renda: Doutrina e Conceitos de Jurisprud\u00eancia \u2013 Parte 2\" \/>\n<meta property=\"og:description\" content=\"A ideia deste artigo \u00e9 expor exemplos de como a jurisprud\u00eancia tem aperfei\u00e7oado a aplica\u00e7\u00e3o de conceitos sobre o Imposto de Renda.\" \/>\n<meta property=\"og:url\" content=\"https:\/\/www.estrategiaconcursos.com.br\/blog\/imposto-de-renda-doutrina-e-conceitos-de-jurisprudencia-parte-2\/\" \/>\n<meta property=\"og:site_name\" content=\"Estrat\u00e9gia Concursos\" \/>\n<meta property=\"article:published_time\" content=\"2021-07-14T13:28:00+00:00\" \/>\n<meta property=\"article:modified_time\" content=\"2022-09-01T18:18:28+00:00\" \/>\n<meta property=\"og:image\" content=\"https:\/\/dhg1h5j42swfq.cloudfront.net\/2021\/07\/06154028\/stf-logo-7.png\" \/>\n\t<meta property=\"og:image:width\" content=\"290\" \/>\n\t<meta property=\"og:image:height\" content=\"174\" \/>\n\t<meta property=\"og:image:type\" content=\"image\/png\" \/>\n<meta name=\"author\" content=\"Ricardo Pereira de Oliveira\" \/>\n<meta name=\"twitter:card\" content=\"summary_large_image\" \/>\n<meta name=\"twitter:creator\" content=\"@EstratConcursos\" \/>\n<meta name=\"twitter:site\" content=\"@EstratConcursos\" \/>\n<meta name=\"twitter:label1\" content=\"Escrito por\" \/>\n\t<meta name=\"twitter:data1\" content=\"Ricardo Pereira de Oliveira\" \/>\n\t<meta name=\"twitter:label2\" content=\"Est. tempo de leitura\" \/>\n\t<meta name=\"twitter:data2\" content=\"10 minutos\" \/>\n<script type=\"application\/ld+json\" class=\"yoast-schema-graph\">{\"@context\":\"https:\/\/schema.org\",\"@graph\":[{\"@type\":\"NewsArticle\",\"@id\":\"https:\/\/www.estrategiaconcursos.com.br\/blog\/imposto-de-renda-doutrina-e-conceitos-de-jurisprudencia-parte-2\/#article\",\"isPartOf\":{\"@id\":\"https:\/\/www.estrategiaconcursos.com.br\/blog\/imposto-de-renda-doutrina-e-conceitos-de-jurisprudencia-parte-2\/\"},\"author\":{\"name\":\"Ricardo Pereira de Oliveira\",\"@id\":\"https:\/\/www.estrategiaconcursos.com.br\/blog\/#\/schema\/person\/bddec4cfff57a846dbc506e0bc7a5b36\"},\"headline\":\"Imposto de Renda: Doutrina e Conceitos de Jurisprud\u00eancia \u2013 Parte 2\",\"datePublished\":\"2021-07-14T13:28:00+00:00\",\"dateModified\":\"2022-09-01T18:18:28+00:00\",\"mainEntityOfPage\":{\"@id\":\"https:\/\/www.estrategiaconcursos.com.br\/blog\/imposto-de-renda-doutrina-e-conceitos-de-jurisprudencia-parte-2\/\"},\"wordCount\":2236,\"commentCount\":0,\"publisher\":{\"@id\":\"https:\/\/www.estrategiaconcursos.com.br\/blog\/#organization\"},\"image\":{\"@id\":\"https:\/\/www.estrategiaconcursos.com.br\/blog\/imposto-de-renda-doutrina-e-conceitos-de-jurisprudencia-parte-2\/#primaryimage\"},\"thumbnailUrl\":\"https:\/\/dhg1h5j42swfq.cloudfront.net\/2021\/07\/06154028\/stf-logo-7.png\",\"articleSection\":[\"CFC\",\"Concursos P\u00fablicos\",\"Controladorias\/Gest\u00e3o (CGU, CGE, STN, EPPGG)\",\"Financeira (BACEN, CVM, SUSEP e BNDES)\",\"Fiscal - Estadual (ICMS)\",\"Fiscal - Federal (RFB e AFT)\",\"Fiscal - Municipal (ISS)\",\"Jur\u00eddico - Magistratura\",\"Jur\u00eddico - Procuradorias\",\"Tribunais de Contas (TCU, TCE, TCM)\"],\"inLanguage\":\"pt-BR\",\"potentialAction\":[{\"@type\":\"CommentAction\",\"name\":\"Comment\",\"target\":[\"https:\/\/www.estrategiaconcursos.com.br\/blog\/imposto-de-renda-doutrina-e-conceitos-de-jurisprudencia-parte-2\/#respond\"]}],\"copyrightYear\":\"2021\",\"copyrightHolder\":{\"@id\":\"https:\/\/www.estrategiaconcursos.com.br\/blog\/#organization\"}},{\"@type\":\"WebPage\",\"@id\":\"https:\/\/www.estrategiaconcursos.com.br\/blog\/imposto-de-renda-doutrina-e-conceitos-de-jurisprudencia-parte-2\/\",\"url\":\"https:\/\/www.estrategiaconcursos.com.br\/blog\/imposto-de-renda-doutrina-e-conceitos-de-jurisprudencia-parte-2\/\",\"name\":\"Imposto de Renda: Doutrina e Conceitos de Jurisprud\u00eancia \u2013 Parte 2\",\"isPartOf\":{\"@id\":\"https:\/\/www.estrategiaconcursos.com.br\/blog\/#website\"},\"primaryImageOfPage\":{\"@id\":\"https:\/\/www.estrategiaconcursos.com.br\/blog\/imposto-de-renda-doutrina-e-conceitos-de-jurisprudencia-parte-2\/#primaryimage\"},\"image\":{\"@id\":\"https:\/\/www.estrategiaconcursos.com.br\/blog\/imposto-de-renda-doutrina-e-conceitos-de-jurisprudencia-parte-2\/#primaryimage\"},\"thumbnailUrl\":\"https:\/\/dhg1h5j42swfq.cloudfront.net\/2021\/07\/06154028\/stf-logo-7.png\",\"datePublished\":\"2021-07-14T13:28:00+00:00\",\"dateModified\":\"2022-09-01T18:18:28+00:00\",\"description\":\"A ideia deste artigo \u00e9 expor exemplos de como a jurisprud\u00eancia tem aperfei\u00e7oado a aplica\u00e7\u00e3o de conceitos sobre o Imposto de Renda.\",\"breadcrumb\":{\"@id\":\"https:\/\/www.estrategiaconcursos.com.br\/blog\/imposto-de-renda-doutrina-e-conceitos-de-jurisprudencia-parte-2\/#breadcrumb\"},\"inLanguage\":\"pt-BR\",\"potentialAction\":[{\"@type\":\"ReadAction\",\"target\":[\"https:\/\/www.estrategiaconcursos.com.br\/blog\/imposto-de-renda-doutrina-e-conceitos-de-jurisprudencia-parte-2\/\"]}]},{\"@type\":\"ImageObject\",\"inLanguage\":\"pt-BR\",\"@id\":\"https:\/\/www.estrategiaconcursos.com.br\/blog\/imposto-de-renda-doutrina-e-conceitos-de-jurisprudencia-parte-2\/#primaryimage\",\"url\":\"https:\/\/dhg1h5j42swfq.cloudfront.net\/2021\/07\/06154028\/stf-logo-7.png\",\"contentUrl\":\"https:\/\/dhg1h5j42swfq.cloudfront.net\/2021\/07\/06154028\/stf-logo-7.png\",\"width\":290,\"height\":174},{\"@type\":\"BreadcrumbList\",\"@id\":\"https:\/\/www.estrategiaconcursos.com.br\/blog\/imposto-de-renda-doutrina-e-conceitos-de-jurisprudencia-parte-2\/#breadcrumb\",\"itemListElement\":[{\"@type\":\"ListItem\",\"position\":1,\"name\":\"In\u00edcio\",\"item\":\"https:\/\/www.estrategiaconcursos.com.br\/blog\/\"},{\"@type\":\"ListItem\",\"position\":2,\"name\":\"Imposto de Renda: Doutrina e Conceitos de Jurisprud\u00eancia \u2013 Parte 2\"}]},{\"@type\":\"WebSite\",\"@id\":\"https:\/\/www.estrategiaconcursos.com.br\/blog\/#website\",\"url\":\"https:\/\/www.estrategiaconcursos.com.br\/blog\/\",\"name\":\"Estrat\u00e9gia Concursos\",\"description\":\"O blog da Estrat\u00e9gia Concursos traz not\u00edcias sobre concursos e artigos de professores oferecendo cursos para concursos (pdf + videaulas) no site.\",\"publisher\":{\"@id\":\"https:\/\/www.estrategiaconcursos.com.br\/blog\/#organization\"},\"potentialAction\":[{\"@type\":\"SearchAction\",\"target\":{\"@type\":\"EntryPoint\",\"urlTemplate\":\"https:\/\/www.estrategiaconcursos.com.br\/blog\/?s={search_term_string}\"},\"query-input\":{\"@type\":\"PropertyValueSpecification\",\"valueRequired\":true,\"valueName\":\"search_term_string\"}}],\"inLanguage\":\"pt-BR\"},{\"@type\":\"Organization\",\"@id\":\"https:\/\/www.estrategiaconcursos.com.br\/blog\/#organization\",\"name\":\"Estrat\u00e9gia Concursos\",\"url\":\"https:\/\/www.estrategiaconcursos.com.br\/blog\/\",\"logo\":{\"@type\":\"ImageObject\",\"inLanguage\":\"pt-BR\",\"@id\":\"https:\/\/www.estrategiaconcursos.com.br\/blog\/#\/schema\/logo\/image\/\",\"url\":\"https:\/\/dhg1h5j42swfq.cloudfront.net\/2025\/06\/03203428\/logo_concursos-1.jpg\",\"contentUrl\":\"https:\/\/dhg1h5j42swfq.cloudfront.net\/2025\/06\/03203428\/logo_concursos-1.jpg\",\"width\":230,\"height\":60,\"caption\":\"Estrat\u00e9gia Concursos\"},\"image\":{\"@id\":\"https:\/\/www.estrategiaconcursos.com.br\/blog\/#\/schema\/logo\/image\/\"},\"sameAs\":[\"https:\/\/x.com\/EstratConcursos\"]},{\"@type\":\"Person\",\"@id\":\"https:\/\/www.estrategiaconcursos.com.br\/blog\/#\/schema\/person\/bddec4cfff57a846dbc506e0bc7a5b36\",\"name\":\"Ricardo Pereira de Oliveira\",\"image\":{\"@type\":\"ImageObject\",\"inLanguage\":\"pt-BR\",\"@id\":\"https:\/\/secure.gravatar.com\/avatar\/a16d5759c3d4edc0896235928b70e4a79ec591848bb173a92801d67dcb8492b1?s=96&d=mm&r=g\",\"url\":\"https:\/\/secure.gravatar.com\/avatar\/a16d5759c3d4edc0896235928b70e4a79ec591848bb173a92801d67dcb8492b1?s=96&d=mm&r=g\",\"contentUrl\":\"https:\/\/secure.gravatar.com\/avatar\/a16d5759c3d4edc0896235928b70e4a79ec591848bb173a92801d67dcb8492b1?s=96&d=mm&r=g\",\"caption\":\"Ricardo Pereira de Oliveira\"},\"description\":\"Formado em Administra\u00e7\u00e3o de Empresas pelo Mackenzie, p\u00f3s-graduado em Marketing pela ESPM. Concurseiro desde 2014. Auditor Fiscal da Receita Municipal de Campo Grande\/MS Ex-Fiscal de Rendas de Tabo\u00e3o da Serra\/SP\",\"url\":\"https:\/\/www.estrategiaconcursos.com.br\/blog\/author\/ricperogmail-com\/\"}]}<\/script>\n<!-- \/ Yoast SEO Premium plugin. -->","yoast_head_json":{"title":"Imposto de Renda: Doutrina e Conceitos de Jurisprud\u00eancia \u2013 Parte 2","description":"A ideia deste artigo \u00e9 expor exemplos de como a jurisprud\u00eancia tem aperfei\u00e7oado a aplica\u00e7\u00e3o de conceitos sobre o Imposto de Renda.","robots":{"index":"index","follow":"follow","max-snippet":"max-snippet:-1","max-image-preview":"max-image-preview:large","max-video-preview":"max-video-preview:-1"},"canonical":"https:\/\/www.estrategiaconcursos.com.br\/blog\/imposto-de-renda-doutrina-e-conceitos-de-jurisprudencia-parte-2\/","og_locale":"pt_BR","og_type":"article","og_title":"Imposto de Renda: Doutrina e Conceitos de Jurisprud\u00eancia \u2013 Parte 2","og_description":"A ideia deste artigo \u00e9 expor exemplos de como a jurisprud\u00eancia tem aperfei\u00e7oado a aplica\u00e7\u00e3o de conceitos sobre o Imposto de Renda.","og_url":"https:\/\/www.estrategiaconcursos.com.br\/blog\/imposto-de-renda-doutrina-e-conceitos-de-jurisprudencia-parte-2\/","og_site_name":"Estrat\u00e9gia Concursos","article_published_time":"2021-07-14T13:28:00+00:00","article_modified_time":"2022-09-01T18:18:28+00:00","og_image":[{"width":290,"height":174,"url":"https:\/\/dhg1h5j42swfq.cloudfront.net\/2021\/07\/06154028\/stf-logo-7.png","type":"image\/png"}],"author":"Ricardo Pereira de Oliveira","twitter_card":"summary_large_image","twitter_creator":"@EstratConcursos","twitter_site":"@EstratConcursos","twitter_misc":{"Escrito por":"Ricardo Pereira de Oliveira","Est. tempo de leitura":"10 minutos"},"schema":{"@context":"https:\/\/schema.org","@graph":[{"@type":"NewsArticle","@id":"https:\/\/www.estrategiaconcursos.com.br\/blog\/imposto-de-renda-doutrina-e-conceitos-de-jurisprudencia-parte-2\/#article","isPartOf":{"@id":"https:\/\/www.estrategiaconcursos.com.br\/blog\/imposto-de-renda-doutrina-e-conceitos-de-jurisprudencia-parte-2\/"},"author":{"name":"Ricardo Pereira de Oliveira","@id":"https:\/\/www.estrategiaconcursos.com.br\/blog\/#\/schema\/person\/bddec4cfff57a846dbc506e0bc7a5b36"},"headline":"Imposto de Renda: Doutrina e Conceitos de Jurisprud\u00eancia \u2013 Parte 2","datePublished":"2021-07-14T13:28:00+00:00","dateModified":"2022-09-01T18:18:28+00:00","mainEntityOfPage":{"@id":"https:\/\/www.estrategiaconcursos.com.br\/blog\/imposto-de-renda-doutrina-e-conceitos-de-jurisprudencia-parte-2\/"},"wordCount":2236,"commentCount":0,"publisher":{"@id":"https:\/\/www.estrategiaconcursos.com.br\/blog\/#organization"},"image":{"@id":"https:\/\/www.estrategiaconcursos.com.br\/blog\/imposto-de-renda-doutrina-e-conceitos-de-jurisprudencia-parte-2\/#primaryimage"},"thumbnailUrl":"https:\/\/dhg1h5j42swfq.cloudfront.net\/2021\/07\/06154028\/stf-logo-7.png","articleSection":["CFC","Concursos P\u00fablicos","Controladorias\/Gest\u00e3o (CGU, CGE, STN, EPPGG)","Financeira (BACEN, CVM, SUSEP e BNDES)","Fiscal - Estadual (ICMS)","Fiscal - Federal (RFB e AFT)","Fiscal - Municipal (ISS)","Jur\u00eddico - Magistratura","Jur\u00eddico - Procuradorias","Tribunais de Contas (TCU, TCE, TCM)"],"inLanguage":"pt-BR","potentialAction":[{"@type":"CommentAction","name":"Comment","target":["https:\/\/www.estrategiaconcursos.com.br\/blog\/imposto-de-renda-doutrina-e-conceitos-de-jurisprudencia-parte-2\/#respond"]}],"copyrightYear":"2021","copyrightHolder":{"@id":"https:\/\/www.estrategiaconcursos.com.br\/blog\/#organization"}},{"@type":"WebPage","@id":"https:\/\/www.estrategiaconcursos.com.br\/blog\/imposto-de-renda-doutrina-e-conceitos-de-jurisprudencia-parte-2\/","url":"https:\/\/www.estrategiaconcursos.com.br\/blog\/imposto-de-renda-doutrina-e-conceitos-de-jurisprudencia-parte-2\/","name":"Imposto de Renda: Doutrina e Conceitos de Jurisprud\u00eancia \u2013 Parte 2","isPartOf":{"@id":"https:\/\/www.estrategiaconcursos.com.br\/blog\/#website"},"primaryImageOfPage":{"@id":"https:\/\/www.estrategiaconcursos.com.br\/blog\/imposto-de-renda-doutrina-e-conceitos-de-jurisprudencia-parte-2\/#primaryimage"},"image":{"@id":"https:\/\/www.estrategiaconcursos.com.br\/blog\/imposto-de-renda-doutrina-e-conceitos-de-jurisprudencia-parte-2\/#primaryimage"},"thumbnailUrl":"https:\/\/dhg1h5j42swfq.cloudfront.net\/2021\/07\/06154028\/stf-logo-7.png","datePublished":"2021-07-14T13:28:00+00:00","dateModified":"2022-09-01T18:18:28+00:00","description":"A ideia deste artigo \u00e9 expor exemplos de como a jurisprud\u00eancia tem aperfei\u00e7oado a aplica\u00e7\u00e3o de conceitos sobre o Imposto de Renda.","breadcrumb":{"@id":"https:\/\/www.estrategiaconcursos.com.br\/blog\/imposto-de-renda-doutrina-e-conceitos-de-jurisprudencia-parte-2\/#breadcrumb"},"inLanguage":"pt-BR","potentialAction":[{"@type":"ReadAction","target":["https:\/\/www.estrategiaconcursos.com.br\/blog\/imposto-de-renda-doutrina-e-conceitos-de-jurisprudencia-parte-2\/"]}]},{"@type":"ImageObject","inLanguage":"pt-BR","@id":"https:\/\/www.estrategiaconcursos.com.br\/blog\/imposto-de-renda-doutrina-e-conceitos-de-jurisprudencia-parte-2\/#primaryimage","url":"https:\/\/dhg1h5j42swfq.cloudfront.net\/2021\/07\/06154028\/stf-logo-7.png","contentUrl":"https:\/\/dhg1h5j42swfq.cloudfront.net\/2021\/07\/06154028\/stf-logo-7.png","width":290,"height":174},{"@type":"BreadcrumbList","@id":"https:\/\/www.estrategiaconcursos.com.br\/blog\/imposto-de-renda-doutrina-e-conceitos-de-jurisprudencia-parte-2\/#breadcrumb","itemListElement":[{"@type":"ListItem","position":1,"name":"In\u00edcio","item":"https:\/\/www.estrategiaconcursos.com.br\/blog\/"},{"@type":"ListItem","position":2,"name":"Imposto de Renda: Doutrina e Conceitos de Jurisprud\u00eancia \u2013 Parte 2"}]},{"@type":"WebSite","@id":"https:\/\/www.estrategiaconcursos.com.br\/blog\/#website","url":"https:\/\/www.estrategiaconcursos.com.br\/blog\/","name":"Estrat\u00e9gia Concursos","description":"O blog da Estrat\u00e9gia Concursos traz not\u00edcias sobre concursos e artigos de professores oferecendo cursos para concursos (pdf + videaulas) no site.","publisher":{"@id":"https:\/\/www.estrategiaconcursos.com.br\/blog\/#organization"},"potentialAction":[{"@type":"SearchAction","target":{"@type":"EntryPoint","urlTemplate":"https:\/\/www.estrategiaconcursos.com.br\/blog\/?s={search_term_string}"},"query-input":{"@type":"PropertyValueSpecification","valueRequired":true,"valueName":"search_term_string"}}],"inLanguage":"pt-BR"},{"@type":"Organization","@id":"https:\/\/www.estrategiaconcursos.com.br\/blog\/#organization","name":"Estrat\u00e9gia Concursos","url":"https:\/\/www.estrategiaconcursos.com.br\/blog\/","logo":{"@type":"ImageObject","inLanguage":"pt-BR","@id":"https:\/\/www.estrategiaconcursos.com.br\/blog\/#\/schema\/logo\/image\/","url":"https:\/\/dhg1h5j42swfq.cloudfront.net\/2025\/06\/03203428\/logo_concursos-1.jpg","contentUrl":"https:\/\/dhg1h5j42swfq.cloudfront.net\/2025\/06\/03203428\/logo_concursos-1.jpg","width":230,"height":60,"caption":"Estrat\u00e9gia Concursos"},"image":{"@id":"https:\/\/www.estrategiaconcursos.com.br\/blog\/#\/schema\/logo\/image\/"},"sameAs":["https:\/\/x.com\/EstratConcursos"]},{"@type":"Person","@id":"https:\/\/www.estrategiaconcursos.com.br\/blog\/#\/schema\/person\/bddec4cfff57a846dbc506e0bc7a5b36","name":"Ricardo Pereira de Oliveira","image":{"@type":"ImageObject","inLanguage":"pt-BR","@id":"https:\/\/secure.gravatar.com\/avatar\/a16d5759c3d4edc0896235928b70e4a79ec591848bb173a92801d67dcb8492b1?s=96&d=mm&r=g","url":"https:\/\/secure.gravatar.com\/avatar\/a16d5759c3d4edc0896235928b70e4a79ec591848bb173a92801d67dcb8492b1?s=96&d=mm&r=g","contentUrl":"https:\/\/secure.gravatar.com\/avatar\/a16d5759c3d4edc0896235928b70e4a79ec591848bb173a92801d67dcb8492b1?s=96&d=mm&r=g","caption":"Ricardo Pereira de Oliveira"},"description":"Formado em Administra\u00e7\u00e3o de Empresas pelo Mackenzie, p\u00f3s-graduado em Marketing pela ESPM. Concurseiro desde 2014. Auditor Fiscal da Receita Municipal de Campo Grande\/MS Ex-Fiscal de Rendas de Tabo\u00e3o da Serra\/SP","url":"https:\/\/www.estrategiaconcursos.com.br\/blog\/author\/ricperogmail-com\/"}]}},"_links":{"self":[{"href":"https:\/\/www.estrategiaconcursos.com.br\/blog\/wp-json\/wp\/v2\/posts\/788512","targetHints":{"allow":["GET"]}}],"collection":[{"href":"https:\/\/www.estrategiaconcursos.com.br\/blog\/wp-json\/wp\/v2\/posts"}],"about":[{"href":"https:\/\/www.estrategiaconcursos.com.br\/blog\/wp-json\/wp\/v2\/types\/post"}],"author":[{"embeddable":true,"href":"https:\/\/www.estrategiaconcursos.com.br\/blog\/wp-json\/wp\/v2\/users\/1979"}],"replies":[{"embeddable":true,"href":"https:\/\/www.estrategiaconcursos.com.br\/blog\/wp-json\/wp\/v2\/comments?post=788512"}],"version-history":[{"count":9,"href":"https:\/\/www.estrategiaconcursos.com.br\/blog\/wp-json\/wp\/v2\/posts\/788512\/revisions"}],"predecessor-version":[{"id":1087757,"href":"https:\/\/www.estrategiaconcursos.com.br\/blog\/wp-json\/wp\/v2\/posts\/788512\/revisions\/1087757"}],"wp:featuredmedia":[{"embeddable":true,"href":"https:\/\/www.estrategiaconcursos.com.br\/blog\/wp-json\/wp\/v2\/media\/788522"}],"wp:attachment":[{"href":"https:\/\/www.estrategiaconcursos.com.br\/blog\/wp-json\/wp\/v2\/media?parent=788512"}],"wp:term":[{"taxonomy":"category","embeddable":true,"href":"https:\/\/www.estrategiaconcursos.com.br\/blog\/wp-json\/wp\/v2\/categories?post=788512"},{"taxonomy":"post_tag","embeddable":true,"href":"https:\/\/www.estrategiaconcursos.com.br\/blog\/wp-json\/wp\/v2\/tags?post=788512"},{"taxonomy":"tax_estado","embeddable":true,"href":"https:\/\/www.estrategiaconcursos.com.br\/blog\/wp-json\/wp\/v2\/tax_estado?post=788512"}],"curies":[{"name":"wp","href":"https:\/\/api.w.org\/{rel}","templated":true}]}}