{"id":7880,"date":"2012-07-09T01:28:05","date_gmt":"2012-07-09T01:28:05","guid":{"rendered":"https:\/\/www.estrategiaconcursos.com.br\/blog\/trf-2-regiao-curso-de-gestao-de-ti-para-cargos-de-nivel-medio-e-superior-4\/"},"modified":"2016-10-06T14:33:58","modified_gmt":"2016-10-06T17:33:58","slug":"trf-2-regiao-curso-de-gestao-de-ti-para-cargos-de-nivel-medio-e-superior-4","status":"publish","type":"post","link":"https:\/\/www.estrategiaconcursos.com.br\/blog\/trf-2-regiao-curso-de-gestao-de-ti-para-cargos-de-nivel-medio-e-superior-4\/","title":{"rendered":"TRF 2 Regi\u00e3o &#8211; Curso de Gest\u00e3o de TI para cargos de n\u00edvel m\u00e9dio e superior."},"content":{"rendered":"<p>Ol\u00e1 concurseiros de plant\u00e3o,<\/p>\n<p>Para aqueles que v\u00e3o prestar provas para o concurso do TRF 2\u00aa regi\u00e3o j\u00e1 estou com curso da disciplina de Gest\u00e3o de TI para Analista e T\u00e9cnico Judici\u00e1rio com matr\u00edculas abertas no portal do Estrat\u00e9gia Concursos, basta acessarem um dos links abaixo e fazerem suas matr\u00edculas, os cursos ir\u00e3o abordar todo o conte\u00fado mesmo cobrado nestas provas com exerc\u00edcios comentados e tamb\u00e9m servir\u00e3o como uma base s\u00f3lida de prepara\u00e7\u00e3o dos candidatos nos pr\u00f3ximos concursos da FCC que cobrarem tal conte\u00fado, t\u00e1 valendo muito mesmo eles viu.<\/p>\n<p>T\u00e9cnico judici\u00e1rio.<\/p>\n<p>Analista judici\u00e1rio.<\/p>\n<p>&nbsp;<\/p>\n<p>Ab\u00e7s,<\/p>\n<p>Professor Gabriel Pacheco<\/p>\n","protected":false},"excerpt":{"rendered":"<p>Ol\u00e1 concurseiros de plant\u00e3o, Para aqueles que v\u00e3o prestar provas para o concurso do TRF 2\u00aa regi\u00e3o j\u00e1 estou com curso da disciplina de Gest\u00e3o de TI para Analista e T\u00e9cnico Judici\u00e1rio com matr\u00edculas abertas no portal do Estrat\u00e9gia Concursos, basta acessarem um dos links abaixo e fazerem suas matr\u00edculas, os cursos ir\u00e3o abordar todo [&hellip;]<\/p>\n","protected":false},"author":40,"featured_media":0,"comment_status":"open","ping_status":"open","sticky":false,"template":"","format":"standard","meta":{"post_tipo":"article","footnotes":""},"categories":[1],"tags":[],"tax_estado":[],"class_list":["post-7880","post","type-post","status-publish","format-standard","hentry","category-cursos-e-concursos"],"acf":[],"yoast_head":"<!-- This site is optimized with the Yoast SEO Premium plugin v27.2 (Yoast SEO v27.2) - https:\/\/yoast.com\/product\/yoast-seo-premium-wordpress\/ -->\n<title>TRF 2 Regi\u00e3o - Curso de Gest\u00e3o de TI para cargos de n\u00edvel m\u00e9dio e superior.<\/title>\n<meta name=\"robots\" content=\"index, follow, max-snippet:-1, max-image-preview:large, max-video-preview:-1\" \/>\n<link rel=\"canonical\" href=\"https:\/\/www.estrategiaconcursos.com.br\/blog\/trf-2-regiao-curso-de-gestao-de-ti-para-cargos-de-nivel-medio-e-superior-4\/\" \/>\n<meta property=\"og:locale\" content=\"pt_BR\" \/>\n<meta property=\"og:type\" content=\"article\" \/>\n<meta property=\"og:title\" content=\"TRF 2 Regi\u00e3o - Curso de Gest\u00e3o de TI para cargos de n\u00edvel m\u00e9dio e superior.\" \/>\n<meta property=\"og:description\" content=\"Ol\u00e1 concurseiros de plant\u00e3o, Para aqueles que v\u00e3o prestar provas para o concurso do TRF 2\u00aa regi\u00e3o j\u00e1 estou com curso da disciplina de Gest\u00e3o de TI para Analista e T\u00e9cnico Judici\u00e1rio com matr\u00edculas abertas no portal do Estrat\u00e9gia Concursos, basta acessarem um dos links abaixo e fazerem suas matr\u00edculas, os cursos ir\u00e3o abordar todo [&hellip;]\" \/>\n<meta property=\"og:url\" content=\"https:\/\/www.estrategiaconcursos.com.br\/blog\/trf-2-regiao-curso-de-gestao-de-ti-para-cargos-de-nivel-medio-e-superior-4\/\" \/>\n<meta property=\"og:site_name\" content=\"Estrat\u00e9gia Concursos\" \/>\n<meta property=\"article:published_time\" content=\"2012-07-09T01:28:05+00:00\" \/>\n<meta property=\"article:modified_time\" content=\"2016-10-06T17:33:58+00:00\" \/>\n<meta name=\"author\" content=\"Gabriel Pacheco\" \/>\n<meta name=\"twitter:card\" content=\"summary_large_image\" \/>\n<meta name=\"twitter:creator\" content=\"@EstratConcursos\" \/>\n<meta name=\"twitter:site\" content=\"@EstratConcursos\" \/>\n<meta name=\"twitter:label1\" content=\"Escrito por\" \/>\n\t<meta name=\"twitter:data1\" content=\"Gabriel Pacheco\" \/>\n\t<meta name=\"twitter:label2\" content=\"Est. tempo de leitura\" \/>\n\t<meta name=\"twitter:data2\" content=\"1 minuto\" \/>\n<script type=\"application\/ld+json\" class=\"yoast-schema-graph\">{\"@context\":\"https:\/\/schema.org\",\"@graph\":[{\"@type\":\"NewsArticle\",\"@id\":\"https:\/\/www.estrategiaconcursos.com.br\/blog\/trf-2-regiao-curso-de-gestao-de-ti-para-cargos-de-nivel-medio-e-superior-4\/#article\",\"isPartOf\":{\"@id\":\"https:\/\/www.estrategiaconcursos.com.br\/blog\/trf-2-regiao-curso-de-gestao-de-ti-para-cargos-de-nivel-medio-e-superior-4\/\"},\"author\":{\"name\":\"Gabriel Pacheco\",\"@id\":\"https:\/\/www.estrategiaconcursos.com.br\/blog\/#\/schema\/person\/b5b28585a2bd4d4489d254fd4101186a\"},\"headline\":\"TRF 2 Regi\u00e3o &#8211; Curso de Gest\u00e3o de TI para cargos de n\u00edvel m\u00e9dio e superior.\",\"datePublished\":\"2012-07-09T01:28:05+00:00\",\"dateModified\":\"2016-10-06T17:33:58+00:00\",\"mainEntityOfPage\":{\"@id\":\"https:\/\/www.estrategiaconcursos.com.br\/blog\/trf-2-regiao-curso-de-gestao-de-ti-para-cargos-de-nivel-medio-e-superior-4\/\"},\"wordCount\":139,\"commentCount\":0,\"publisher\":{\"@id\":\"https:\/\/www.estrategiaconcursos.com.br\/blog\/#organization\"},\"articleSection\":[\"Concursos P\u00fablicos\"],\"inLanguage\":\"pt-BR\",\"potentialAction\":[{\"@type\":\"CommentAction\",\"name\":\"Comment\",\"target\":[\"https:\/\/www.estrategiaconcursos.com.br\/blog\/trf-2-regiao-curso-de-gestao-de-ti-para-cargos-de-nivel-medio-e-superior-4\/#respond\"]}],\"copyrightYear\":\"2012\",\"copyrightHolder\":{\"@id\":\"https:\/\/www.estrategiaconcursos.com.br\/blog\/#organization\"}},{\"@type\":\"WebPage\",\"@id\":\"https:\/\/www.estrategiaconcursos.com.br\/blog\/trf-2-regiao-curso-de-gestao-de-ti-para-cargos-de-nivel-medio-e-superior-4\/\",\"url\":\"https:\/\/www.estrategiaconcursos.com.br\/blog\/trf-2-regiao-curso-de-gestao-de-ti-para-cargos-de-nivel-medio-e-superior-4\/\",\"name\":\"TRF 2 Regi\u00e3o - Curso de Gest\u00e3o de TI para cargos de n\u00edvel m\u00e9dio e superior.\",\"isPartOf\":{\"@id\":\"https:\/\/www.estrategiaconcursos.com.br\/blog\/#website\"},\"datePublished\":\"2012-07-09T01:28:05+00:00\",\"dateModified\":\"2016-10-06T17:33:58+00:00\",\"breadcrumb\":{\"@id\":\"https:\/\/www.estrategiaconcursos.com.br\/blog\/trf-2-regiao-curso-de-gestao-de-ti-para-cargos-de-nivel-medio-e-superior-4\/#breadcrumb\"},\"inLanguage\":\"pt-BR\",\"potentialAction\":[{\"@type\":\"ReadAction\",\"target\":[\"https:\/\/www.estrategiaconcursos.com.br\/blog\/trf-2-regiao-curso-de-gestao-de-ti-para-cargos-de-nivel-medio-e-superior-4\/\"]}]},{\"@type\":\"BreadcrumbList\",\"@id\":\"https:\/\/www.estrategiaconcursos.com.br\/blog\/trf-2-regiao-curso-de-gestao-de-ti-para-cargos-de-nivel-medio-e-superior-4\/#breadcrumb\",\"itemListElement\":[{\"@type\":\"ListItem\",\"position\":1,\"name\":\"In\u00edcio\",\"item\":\"https:\/\/www.estrategiaconcursos.com.br\/blog\/\"},{\"@type\":\"ListItem\",\"position\":2,\"name\":\"TRF 2 Regi\u00e3o &#8211; Curso de Gest\u00e3o de TI para cargos de n\u00edvel m\u00e9dio e superior.\"}]},{\"@type\":\"WebSite\",\"@id\":\"https:\/\/www.estrategiaconcursos.com.br\/blog\/#website\",\"url\":\"https:\/\/www.estrategiaconcursos.com.br\/blog\/\",\"name\":\"Estrat\u00e9gia Concursos\",\"description\":\"O blog da Estrat\u00e9gia Concursos traz not\u00edcias sobre concursos e artigos de professores oferecendo cursos para concursos (pdf + videaulas) no site.\",\"publisher\":{\"@id\":\"https:\/\/www.estrategiaconcursos.com.br\/blog\/#organization\"},\"potentialAction\":[{\"@type\":\"SearchAction\",\"target\":{\"@type\":\"EntryPoint\",\"urlTemplate\":\"https:\/\/www.estrategiaconcursos.com.br\/blog\/?s={search_term_string}\"},\"query-input\":{\"@type\":\"PropertyValueSpecification\",\"valueRequired\":true,\"valueName\":\"search_term_string\"}}],\"inLanguage\":\"pt-BR\"},{\"@type\":\"Organization\",\"@id\":\"https:\/\/www.estrategiaconcursos.com.br\/blog\/#organization\",\"name\":\"Estrat\u00e9gia Concursos\",\"url\":\"https:\/\/www.estrategiaconcursos.com.br\/blog\/\",\"logo\":{\"@type\":\"ImageObject\",\"inLanguage\":\"pt-BR\",\"@id\":\"https:\/\/www.estrategiaconcursos.com.br\/blog\/#\/schema\/logo\/image\/\",\"url\":\"https:\/\/dhg1h5j42swfq.cloudfront.net\/2025\/06\/03203428\/logo_concursos-1.jpg\",\"contentUrl\":\"https:\/\/dhg1h5j42swfq.cloudfront.net\/2025\/06\/03203428\/logo_concursos-1.jpg\",\"width\":230,\"height\":60,\"caption\":\"Estrat\u00e9gia Concursos\"},\"image\":{\"@id\":\"https:\/\/www.estrategiaconcursos.com.br\/blog\/#\/schema\/logo\/image\/\"},\"sameAs\":[\"https:\/\/x.com\/EstratConcursos\"]},{\"@type\":\"Person\",\"@id\":\"https:\/\/www.estrategiaconcursos.com.br\/blog\/#\/schema\/person\/b5b28585a2bd4d4489d254fd4101186a\",\"name\":\"Gabriel Pacheco\",\"image\":{\"@type\":\"ImageObject\",\"inLanguage\":\"pt-BR\",\"@id\":\"https:\/\/secure.gravatar.com\/avatar\/23a35c73a06c7ef0272c9c54e33dd776696b8cc8a305407636b9399e3e77b0ef?s=96&d=mm&r=g\",\"url\":\"https:\/\/secure.gravatar.com\/avatar\/23a35c73a06c7ef0272c9c54e33dd776696b8cc8a305407636b9399e3e77b0ef?s=96&d=mm&r=g\",\"contentUrl\":\"https:\/\/secure.gravatar.com\/avatar\/23a35c73a06c7ef0272c9c54e33dd776696b8cc8a305407636b9399e3e77b0ef?s=96&d=mm&r=g\",\"caption\":\"Gabriel Pacheco\"},\"url\":\"https:\/\/www.estrategiaconcursos.com.br\/blog\/author\/gabrielpachecoestrategiaconcursos-com-br\/\"}]}<\/script>\n<!-- \/ Yoast SEO Premium plugin. -->","yoast_head_json":{"title":"TRF 2 Regi\u00e3o - Curso de Gest\u00e3o de TI para cargos de n\u00edvel m\u00e9dio e superior.","robots":{"index":"index","follow":"follow","max-snippet":"max-snippet:-1","max-image-preview":"max-image-preview:large","max-video-preview":"max-video-preview:-1"},"canonical":"https:\/\/www.estrategiaconcursos.com.br\/blog\/trf-2-regiao-curso-de-gestao-de-ti-para-cargos-de-nivel-medio-e-superior-4\/","og_locale":"pt_BR","og_type":"article","og_title":"TRF 2 Regi\u00e3o - Curso de Gest\u00e3o de TI para cargos de n\u00edvel m\u00e9dio e superior.","og_description":"Ol\u00e1 concurseiros de plant\u00e3o, Para aqueles que v\u00e3o prestar provas para o concurso do TRF 2\u00aa regi\u00e3o j\u00e1 estou com curso da disciplina de Gest\u00e3o de TI para Analista e T\u00e9cnico Judici\u00e1rio com matr\u00edculas abertas no portal do Estrat\u00e9gia Concursos, basta acessarem um dos links abaixo e fazerem suas matr\u00edculas, os cursos ir\u00e3o abordar todo [&hellip;]","og_url":"https:\/\/www.estrategiaconcursos.com.br\/blog\/trf-2-regiao-curso-de-gestao-de-ti-para-cargos-de-nivel-medio-e-superior-4\/","og_site_name":"Estrat\u00e9gia Concursos","article_published_time":"2012-07-09T01:28:05+00:00","article_modified_time":"2016-10-06T17:33:58+00:00","author":"Gabriel Pacheco","twitter_card":"summary_large_image","twitter_creator":"@EstratConcursos","twitter_site":"@EstratConcursos","twitter_misc":{"Escrito por":"Gabriel Pacheco","Est. tempo de leitura":"1 minuto"},"schema":{"@context":"https:\/\/schema.org","@graph":[{"@type":"NewsArticle","@id":"https:\/\/www.estrategiaconcursos.com.br\/blog\/trf-2-regiao-curso-de-gestao-de-ti-para-cargos-de-nivel-medio-e-superior-4\/#article","isPartOf":{"@id":"https:\/\/www.estrategiaconcursos.com.br\/blog\/trf-2-regiao-curso-de-gestao-de-ti-para-cargos-de-nivel-medio-e-superior-4\/"},"author":{"name":"Gabriel Pacheco","@id":"https:\/\/www.estrategiaconcursos.com.br\/blog\/#\/schema\/person\/b5b28585a2bd4d4489d254fd4101186a"},"headline":"TRF 2 Regi\u00e3o &#8211; Curso de Gest\u00e3o de TI para cargos de n\u00edvel m\u00e9dio e superior.","datePublished":"2012-07-09T01:28:05+00:00","dateModified":"2016-10-06T17:33:58+00:00","mainEntityOfPage":{"@id":"https:\/\/www.estrategiaconcursos.com.br\/blog\/trf-2-regiao-curso-de-gestao-de-ti-para-cargos-de-nivel-medio-e-superior-4\/"},"wordCount":139,"commentCount":0,"publisher":{"@id":"https:\/\/www.estrategiaconcursos.com.br\/blog\/#organization"},"articleSection":["Concursos P\u00fablicos"],"inLanguage":"pt-BR","potentialAction":[{"@type":"CommentAction","name":"Comment","target":["https:\/\/www.estrategiaconcursos.com.br\/blog\/trf-2-regiao-curso-de-gestao-de-ti-para-cargos-de-nivel-medio-e-superior-4\/#respond"]}],"copyrightYear":"2012","copyrightHolder":{"@id":"https:\/\/www.estrategiaconcursos.com.br\/blog\/#organization"}},{"@type":"WebPage","@id":"https:\/\/www.estrategiaconcursos.com.br\/blog\/trf-2-regiao-curso-de-gestao-de-ti-para-cargos-de-nivel-medio-e-superior-4\/","url":"https:\/\/www.estrategiaconcursos.com.br\/blog\/trf-2-regiao-curso-de-gestao-de-ti-para-cargos-de-nivel-medio-e-superior-4\/","name":"TRF 2 Regi\u00e3o - Curso de Gest\u00e3o de TI para cargos de n\u00edvel m\u00e9dio e superior.","isPartOf":{"@id":"https:\/\/www.estrategiaconcursos.com.br\/blog\/#website"},"datePublished":"2012-07-09T01:28:05+00:00","dateModified":"2016-10-06T17:33:58+00:00","breadcrumb":{"@id":"https:\/\/www.estrategiaconcursos.com.br\/blog\/trf-2-regiao-curso-de-gestao-de-ti-para-cargos-de-nivel-medio-e-superior-4\/#breadcrumb"},"inLanguage":"pt-BR","potentialAction":[{"@type":"ReadAction","target":["https:\/\/www.estrategiaconcursos.com.br\/blog\/trf-2-regiao-curso-de-gestao-de-ti-para-cargos-de-nivel-medio-e-superior-4\/"]}]},{"@type":"BreadcrumbList","@id":"https:\/\/www.estrategiaconcursos.com.br\/blog\/trf-2-regiao-curso-de-gestao-de-ti-para-cargos-de-nivel-medio-e-superior-4\/#breadcrumb","itemListElement":[{"@type":"ListItem","position":1,"name":"In\u00edcio","item":"https:\/\/www.estrategiaconcursos.com.br\/blog\/"},{"@type":"ListItem","position":2,"name":"TRF 2 Regi\u00e3o &#8211; Curso de Gest\u00e3o de TI para cargos de n\u00edvel m\u00e9dio e superior."}]},{"@type":"WebSite","@id":"https:\/\/www.estrategiaconcursos.com.br\/blog\/#website","url":"https:\/\/www.estrategiaconcursos.com.br\/blog\/","name":"Estrat\u00e9gia Concursos","description":"O blog da Estrat\u00e9gia Concursos traz not\u00edcias sobre concursos e artigos de professores oferecendo cursos para concursos (pdf + videaulas) no site.","publisher":{"@id":"https:\/\/www.estrategiaconcursos.com.br\/blog\/#organization"},"potentialAction":[{"@type":"SearchAction","target":{"@type":"EntryPoint","urlTemplate":"https:\/\/www.estrategiaconcursos.com.br\/blog\/?s={search_term_string}"},"query-input":{"@type":"PropertyValueSpecification","valueRequired":true,"valueName":"search_term_string"}}],"inLanguage":"pt-BR"},{"@type":"Organization","@id":"https:\/\/www.estrategiaconcursos.com.br\/blog\/#organization","name":"Estrat\u00e9gia Concursos","url":"https:\/\/www.estrategiaconcursos.com.br\/blog\/","logo":{"@type":"ImageObject","inLanguage":"pt-BR","@id":"https:\/\/www.estrategiaconcursos.com.br\/blog\/#\/schema\/logo\/image\/","url":"https:\/\/dhg1h5j42swfq.cloudfront.net\/2025\/06\/03203428\/logo_concursos-1.jpg","contentUrl":"https:\/\/dhg1h5j42swfq.cloudfront.net\/2025\/06\/03203428\/logo_concursos-1.jpg","width":230,"height":60,"caption":"Estrat\u00e9gia Concursos"},"image":{"@id":"https:\/\/www.estrategiaconcursos.com.br\/blog\/#\/schema\/logo\/image\/"},"sameAs":["https:\/\/x.com\/EstratConcursos"]},{"@type":"Person","@id":"https:\/\/www.estrategiaconcursos.com.br\/blog\/#\/schema\/person\/b5b28585a2bd4d4489d254fd4101186a","name":"Gabriel Pacheco","image":{"@type":"ImageObject","inLanguage":"pt-BR","@id":"https:\/\/secure.gravatar.com\/avatar\/23a35c73a06c7ef0272c9c54e33dd776696b8cc8a305407636b9399e3e77b0ef?s=96&d=mm&r=g","url":"https:\/\/secure.gravatar.com\/avatar\/23a35c73a06c7ef0272c9c54e33dd776696b8cc8a305407636b9399e3e77b0ef?s=96&d=mm&r=g","contentUrl":"https:\/\/secure.gravatar.com\/avatar\/23a35c73a06c7ef0272c9c54e33dd776696b8cc8a305407636b9399e3e77b0ef?s=96&d=mm&r=g","caption":"Gabriel Pacheco"},"url":"https:\/\/www.estrategiaconcursos.com.br\/blog\/author\/gabrielpachecoestrategiaconcursos-com-br\/"}]}},"_links":{"self":[{"href":"https:\/\/www.estrategiaconcursos.com.br\/blog\/wp-json\/wp\/v2\/posts\/7880","targetHints":{"allow":["GET"]}}],"collection":[{"href":"https:\/\/www.estrategiaconcursos.com.br\/blog\/wp-json\/wp\/v2\/posts"}],"about":[{"href":"https:\/\/www.estrategiaconcursos.com.br\/blog\/wp-json\/wp\/v2\/types\/post"}],"author":[{"embeddable":true,"href":"https:\/\/www.estrategiaconcursos.com.br\/blog\/wp-json\/wp\/v2\/users\/40"}],"replies":[{"embeddable":true,"href":"https:\/\/www.estrategiaconcursos.com.br\/blog\/wp-json\/wp\/v2\/comments?post=7880"}],"version-history":[{"count":1,"href":"https:\/\/www.estrategiaconcursos.com.br\/blog\/wp-json\/wp\/v2\/posts\/7880\/revisions"}],"predecessor-version":[{"id":51664,"href":"https:\/\/www.estrategiaconcursos.com.br\/blog\/wp-json\/wp\/v2\/posts\/7880\/revisions\/51664"}],"wp:attachment":[{"href":"https:\/\/www.estrategiaconcursos.com.br\/blog\/wp-json\/wp\/v2\/media?parent=7880"}],"wp:term":[{"taxonomy":"category","embeddable":true,"href":"https:\/\/www.estrategiaconcursos.com.br\/blog\/wp-json\/wp\/v2\/categories?post=7880"},{"taxonomy":"post_tag","embeddable":true,"href":"https:\/\/www.estrategiaconcursos.com.br\/blog\/wp-json\/wp\/v2\/tags?post=7880"},{"taxonomy":"tax_estado","embeddable":true,"href":"https:\/\/www.estrategiaconcursos.com.br\/blog\/wp-json\/wp\/v2\/tax_estado?post=7880"}],"curies":[{"name":"wp","href":"https:\/\/api.w.org\/{rel}","templated":true}]}}