{"id":787846,"date":"2021-07-05T20:25:48","date_gmt":"2021-07-05T23:25:48","guid":{"rendered":"https:\/\/www.estrategiaconcursos.com.br\/blog\/?p=787846"},"modified":"2023-08-17T15:13:43","modified_gmt":"2023-08-17T18:13:43","slug":"pc-rn-locais-provas","status":"publish","type":"post","link":"https:\/\/www.estrategiaconcursos.com.br\/blog\/pc-rn-locais-provas\/","title":{"rendered":"Concurso PC RN: divulgados os locais de provas. Confira AQUI!"},"content":{"rendered":"\n<p>A Funda\u00e7\u00e3o Get\u00falio Vargas (FGV) anunciou os locais que receber\u00e3o as provas do <strong>concurso PC RN<\/strong>, remarcadas para o m\u00eas de julho de 2021! A consulta deve ser feita no <a href=\"https:\/\/www50.fgv.br\/ConsultaLocalProva.aspx?key=111\" target=\"_blank\" rel=\"noreferrer noopener\">site da organizadora<\/a>.<\/p>\n\n\n\n<p>Anteriormente, a empresa organizadora j\u00e1 havia divulgado a <a href=\"http:\/\/netstorage.fgv.br\/pcrn20\/COMUNICADO_alocacao_rn_2021-06-25.pdf\" target=\"_blank\" rel=\"noreferrer noopener\">aloca\u00e7\u00e3o dos candidatos por cidade de aplica\u00e7\u00e3o<\/a> da prova. As avalia\u00e7\u00f5es para os cargos de Agente e Escriv\u00e3o ser\u00e3o realizadas em <strong>11 de julho<\/strong> e para Delegado em <strong>18 de julho<\/strong>.<\/p>\n\n\n\n<p>Vale lembrar que <strong>61.098<\/strong> candidatos se inscreveram para o concurso Pol\u00edcia Civil do Rio Grande do Norte (PC RN), sendo 32.278 para Agente, 24.083 para Delegado e 4.737 para Escriv\u00e3o. A concorr\u00eancia fica entre 140,3 a 512,4 por candidato por vaga.<\/p>\n\n\n\n<p>No total, foram 37.251 candidatos do sexo masculino inscritos e 23.847 do sexo feminino. O certame teve um aumento percentual de inscritos de quase 250% em rela\u00e7\u00e3o \u00e0 \u00faltima edi\u00e7\u00e3o.<\/p>\n\n\n\n<h3 class=\"wp-block-heading\" id=\"remuneracoes\">Remunera\u00e7\u00f5es dos cargos<\/h3>\n\n\n\n<h4 class=\"wp-block-heading\" id=\"h-delegado\"><strong>DELEGADO<\/strong><\/h4>\n\n\n\n<figure class=\"wp-block-table is-style-stripes\"><table class=\"has-background has-fixed-layout\" style=\"background-color:#e7f5fe\"><tbody><tr><td class=\"has-text-align-center\" data-align=\"center\"><strong>Especial<\/strong><\/td><td class=\"has-text-align-center\" data-align=\"center\"><strong>4\u00aa classe<\/strong><\/td><td class=\"has-text-align-center\" data-align=\"center\"><strong>3\u00aa classe<\/strong><\/td><td class=\"has-text-align-center\" data-align=\"center\"><strong>2\u00aa classe<\/strong><\/td><td class=\"has-text-align-center\" data-align=\"center\"><strong>1\u00aa Classe<\/strong><\/td><td class=\"has-text-align-center\" data-align=\"center\"><strong>Substituto<\/strong><\/td><\/tr><tr><td class=\"has-text-align-center\" data-align=\"center\">R$ 23.302, 70<\/td><td class=\"has-text-align-center\" data-align=\"center\">R$ 22.193,04<\/td><td class=\"has-text-align-center\" data-align=\"center\">R$ 21.136,23<\/td><td class=\"has-text-align-center\" data-align=\"center\">R$ 20.129,74<\/td><td class=\"has-text-align-center\" data-align=\"center\">R$ 19.171,18<\/td><td class=\"has-text-align-center\" data-align=\"center\">R$ 16.670,59 <\/td><\/tr><\/tbody><\/table><\/figure>\n\n\n\n<h4 class=\"wp-block-heading\" id=\"h-agente-e-escrivao\"><strong>AGENTE E ESCRIV\u00c3O<\/strong><\/h4>\n\n\n\n<figure class=\"wp-block-table is-style-stripes\"><table class=\"has-background has-fixed-layout\" style=\"background-color:#e7f5fe\"><tbody><tr><td class=\"has-text-align-center\" data-align=\"center\"><strong>5\u00aaclasse<\/strong><\/td><td class=\"has-text-align-center\" data-align=\"center\"><strong>4\u00aa classe<\/strong><\/td><td class=\"has-text-align-center\" data-align=\"center\"><strong>3\u00aa classe<\/strong><\/td><td class=\"has-text-align-center\" data-align=\"center\"><strong>2\u00aa classe<\/strong><\/td><td class=\"has-text-align-center\" data-align=\"center\"><strong>1\u00aa classe<\/strong><\/td><td class=\"has-text-align-center\" data-align=\"center\"><strong>Especial<\/strong><\/td><td class=\"has-text-align-center\" data-align=\"center\"><strong>Substituto<\/strong><\/td><\/tr><tr><td class=\"has-text-align-center\" data-align=\"center\">R$ 9.158,90<\/td><td class=\"has-text-align-center\" data-align=\"center\">R$ 8.013,04<\/td><td class=\"has-text-align-center\" data-align=\"center\">R$ 7.010,53 <\/td><td class=\"has-text-align-center\" data-align=\"center\">R$ 6.149,59<\/td><td class=\"has-text-align-center\" data-align=\"center\">R$ 5.394,38<\/td><td class=\"has-text-align-center\" data-align=\"center\">R$ 10.468,63<\/td><td class=\"has-text-align-center\" data-align=\"center\">R$ 4.731,91<\/td><\/tr><\/tbody><\/table><\/figure>\n\n\n\n<p>Para mais informa\u00e7\u00f5es sobre os locais de provas do concurso PC RN, agora divulgados pela FGV, acesse o link a seguir:<\/p>\n\n\n\n<p class=\"has-text-align-center has-background has-medium-font-size\" style=\"background-color:#dee2e38c\"><strong><a href=\"https:\/\/www.estrategiaconcursos.com.br\/blog\/concurso-policia-civil-rn\/\" target=\"_blank\" rel=\"noreferrer noopener\">Concurso Pol\u00edcia Civil RN<\/a><\/strong><\/p>\n\n\n\n<h2 class=\"wp-block-heading has-text-align-center\" id=\"cursos-assinatura\">Quer estudar para o concurso da PC RN?<\/h2>\n\n\n\n<div class=\"container\" id=\"boxes\">\n  <div class=\"row\">\n\n    <div class=\"col-sm\">\n      <div class=\"banner-policial\" id=\"box-assinatura\">\n        <h3 class=\"titulo-assinatura\">Concurso PC RN<\/h3>\n        <p class=\"subtitulo-assinatura\">Conhe\u00e7a os cursos<\/p>\n        <div class=\"box-botao\">\n          <a class=\"btn-assinatura\" target=\"_blank\" href=\"https:\/\/www.estrategiaconcursos.com.br\/cursosPorConcurso\/policia-civil-do-rio-grande-do-norte\/\/\" role=\"button\" rel=\"noopener noreferrer\">Conhe\u00e7a mais<\/a>\n        <\/div>\n      <\/div>\n    \n    <\/div>\n\n  <\/div>\n<\/div>\n\n\n\n<div class=\"container\" id=\"boxes\">\n  <div class=\"row\">\n\n    <div class=\"col-sm\">\n      <div class=\"estrategia\" id=\"box-assinatura\">\n        <h3 class=\"titulo-assinatura\">Assinatura de Concursos<\/h3>\n        <p class=\"subtitulo-assinatura\">Assinatura de 1 ou 2 anos<\/p>\n        <div class=\"box-botao\">\n          <a class=\"btn-assinatura\" target=\"_blank\" href=\"https:\/\/www.estrategiaconcursos.com.br\/assinaturas\/\" role=\"button\" rel=\"noopener noreferrer\">ASSINE AGORA<\/a>\n        <\/div>\n      <\/div>\n      <p class=\"texto-auxiliar\">.<\/p>\n    <\/div><\/div><\/div>\n\n\n\n<h2 class=\"wp-block-heading has-text-align-center\" id=\"cursos\">Quer saber tudo sobre concursos previstos?<br \/>Confira nossos artigos!<\/h2>\n\n\n\n<ul class=\"wp-block-list\">\n<li><a href=\"https:\/\/www.estrategiaconcursos.com.br\/blog\/concursos-abertos\/\">Concursos abertos<\/a><\/li>\n\n\n\n<li><a href=\"https:\/\/www.estrategiaconcursos.com.br\/blog\/concursos-2023\/\">Concursos 2023<\/a><\/li>\n\n\n\n<li><a href=\"https:\/\/www.estrategiaconcursos.com.br\/blog\/concursos-2024\/\">Concursos 2023<\/a><\/li>\n<\/ul>\n","protected":false},"excerpt":{"rendered":"<p>A Funda\u00e7\u00e3o Get\u00falio Vargas (FGV) anunciou os locais que receber\u00e3o as provas do concurso PC RN, remarcadas para o m\u00eas de julho de 2021! A consulta deve ser feita no site da organizadora. Anteriormente, a empresa organizadora j\u00e1 havia divulgado a aloca\u00e7\u00e3o dos candidatos por cidade de aplica\u00e7\u00e3o da prova. As avalia\u00e7\u00f5es para os cargos [&hellip;]<\/p>\n","protected":false},"author":1,"featured_media":787857,"comment_status":"open","ping_status":"closed","sticky":false,"template":"","format":"standard","meta":{"post_tipo":"news","footnotes":""},"categories":[220194,1988],"tags":[],"tax_estado":[219983],"class_list":["post-787846","post","type-post","status-publish","format-standard","has-post-thumbnail","hentry","category-delegado","category-policia","tax_estado-rn"],"acf":[],"yoast_head":"<!-- This site is optimized with the Yoast SEO Premium plugin v27.2 (Yoast SEO v27.2) - https:\/\/yoast.com\/product\/yoast-seo-premium-wordpress\/ -->\n<title>Concurso PC RN: divulgados os locais de provas. Confira AQUI!<\/title>\n<meta name=\"description\" content=\"A Funda\u00e7\u00e3o Get\u00falio Vargas (FGV) anunciou os locais que receber\u00e3o as provas do concurso PC RN, remarcadas para o m\u00eas de julho de 2021!\" \/>\n<meta name=\"robots\" content=\"index, follow, max-snippet:-1, max-image-preview:large, max-video-preview:-1\" \/>\n<link rel=\"canonical\" href=\"https:\/\/www.estrategiaconcursos.com.br\/blog\/pc-rn-locais-provas\/\" \/>\n<meta property=\"og:locale\" content=\"pt_BR\" \/>\n<meta property=\"og:type\" content=\"article\" \/>\n<meta property=\"og:title\" content=\"Concurso PC RN: divulgados os locais de provas. Confira AQUI!\" \/>\n<meta property=\"og:description\" content=\"A Funda\u00e7\u00e3o Get\u00falio Vargas (FGV) anunciou os locais que receber\u00e3o as provas do concurso PC RN, remarcadas para o m\u00eas de julho de 2021!\" \/>\n<meta property=\"og:url\" content=\"https:\/\/www.estrategiaconcursos.com.br\/blog\/pc-rn-locais-provas\/\" \/>\n<meta property=\"og:site_name\" content=\"Estrat\u00e9gia Concursos\" \/>\n<meta property=\"article:author\" content=\"https:\/\/www.facebook.com\/EstrategiaConcursos\" \/>\n<meta property=\"article:published_time\" content=\"2021-07-05T23:25:48+00:00\" \/>\n<meta property=\"article:modified_time\" content=\"2023-08-17T18:13:43+00:00\" \/>\n<meta property=\"og:image\" content=\"https:\/\/dhg1h5j42swfq.cloudfront.net\/2021\/07\/05202452\/pc-rn.jpg\" \/>\n\t<meta property=\"og:image:width\" content=\"768\" \/>\n\t<meta property=\"og:image:height\" content=\"432\" \/>\n\t<meta property=\"og:image:type\" content=\"image\/jpeg\" \/>\n<meta name=\"author\" content=\"Coordena\u00e7\u00e3o\" \/>\n<meta name=\"twitter:card\" content=\"summary_large_image\" \/>\n<meta name=\"twitter:creator\" content=\"@EstratConcursos\" \/>\n<meta name=\"twitter:site\" content=\"@EstratConcursos\" \/>\n<meta name=\"twitter:label1\" content=\"Escrito por\" \/>\n\t<meta name=\"twitter:data1\" content=\"Coordena\u00e7\u00e3o\" \/>\n\t<meta name=\"twitter:label2\" content=\"Est. tempo de leitura\" \/>\n\t<meta name=\"twitter:data2\" content=\"2 minutos\" \/>\n<script type=\"application\/ld+json\" class=\"yoast-schema-graph\">{\"@context\":\"https:\/\/schema.org\",\"@graph\":[{\"@type\":\"NewsArticle\",\"@id\":\"https:\/\/www.estrategiaconcursos.com.br\/blog\/pc-rn-locais-provas\/#article\",\"isPartOf\":{\"@id\":\"https:\/\/www.estrategiaconcursos.com.br\/blog\/pc-rn-locais-provas\/\"},\"author\":{\"name\":\"Coordena\u00e7\u00e3o\",\"@id\":\"https:\/\/www.estrategiaconcursos.com.br\/blog\/#\/schema\/person\/b4a388c97673c5f483d72185668afa1f\"},\"headline\":\"Concurso PC RN: divulgados os locais de provas. Confira AQUI!\",\"datePublished\":\"2021-07-05T23:25:48+00:00\",\"dateModified\":\"2023-08-17T18:13:43+00:00\",\"mainEntityOfPage\":{\"@id\":\"https:\/\/www.estrategiaconcursos.com.br\/blog\/pc-rn-locais-provas\/\"},\"wordCount\":256,\"commentCount\":0,\"publisher\":{\"@id\":\"https:\/\/www.estrategiaconcursos.com.br\/blog\/#organization\"},\"image\":{\"@id\":\"https:\/\/www.estrategiaconcursos.com.br\/blog\/pc-rn-locais-provas\/#primaryimage\"},\"thumbnailUrl\":\"https:\/\/dhg1h5j42swfq.cloudfront.net\/2021\/07\/05202452\/pc-rn.jpg\",\"articleSection\":[\"Jur\u00eddico - Delegado\",\"Policial (Agente, Escriv\u00e3o e Investigador)\"],\"inLanguage\":\"pt-BR\",\"potentialAction\":[{\"@type\":\"CommentAction\",\"name\":\"Comment\",\"target\":[\"https:\/\/www.estrategiaconcursos.com.br\/blog\/pc-rn-locais-provas\/#respond\"]}],\"copyrightYear\":\"2021\",\"copyrightHolder\":{\"@id\":\"https:\/\/www.estrategiaconcursos.com.br\/blog\/#organization\"}},{\"@type\":\"WebPage\",\"@id\":\"https:\/\/www.estrategiaconcursos.com.br\/blog\/pc-rn-locais-provas\/\",\"url\":\"https:\/\/www.estrategiaconcursos.com.br\/blog\/pc-rn-locais-provas\/\",\"name\":\"Concurso PC RN: divulgados os locais de provas. Confira AQUI!\",\"isPartOf\":{\"@id\":\"https:\/\/www.estrategiaconcursos.com.br\/blog\/#website\"},\"primaryImageOfPage\":{\"@id\":\"https:\/\/www.estrategiaconcursos.com.br\/blog\/pc-rn-locais-provas\/#primaryimage\"},\"image\":{\"@id\":\"https:\/\/www.estrategiaconcursos.com.br\/blog\/pc-rn-locais-provas\/#primaryimage\"},\"thumbnailUrl\":\"https:\/\/dhg1h5j42swfq.cloudfront.net\/2021\/07\/05202452\/pc-rn.jpg\",\"datePublished\":\"2021-07-05T23:25:48+00:00\",\"dateModified\":\"2023-08-17T18:13:43+00:00\",\"description\":\"A Funda\u00e7\u00e3o Get\u00falio Vargas (FGV) anunciou os locais que receber\u00e3o as provas do concurso PC RN, remarcadas para o m\u00eas de julho de 2021!\",\"breadcrumb\":{\"@id\":\"https:\/\/www.estrategiaconcursos.com.br\/blog\/pc-rn-locais-provas\/#breadcrumb\"},\"inLanguage\":\"pt-BR\",\"potentialAction\":[{\"@type\":\"ReadAction\",\"target\":[\"https:\/\/www.estrategiaconcursos.com.br\/blog\/pc-rn-locais-provas\/\"]}]},{\"@type\":\"ImageObject\",\"inLanguage\":\"pt-BR\",\"@id\":\"https:\/\/www.estrategiaconcursos.com.br\/blog\/pc-rn-locais-provas\/#primaryimage\",\"url\":\"https:\/\/dhg1h5j42swfq.cloudfront.net\/2021\/07\/05202452\/pc-rn.jpg\",\"contentUrl\":\"https:\/\/dhg1h5j42swfq.cloudfront.net\/2021\/07\/05202452\/pc-rn.jpg\",\"width\":768,\"height\":432,\"caption\":\"PC RN\"},{\"@type\":\"BreadcrumbList\",\"@id\":\"https:\/\/www.estrategiaconcursos.com.br\/blog\/pc-rn-locais-provas\/#breadcrumb\",\"itemListElement\":[{\"@type\":\"ListItem\",\"position\":1,\"name\":\"In\u00edcio\",\"item\":\"https:\/\/www.estrategiaconcursos.com.br\/blog\/\"},{\"@type\":\"ListItem\",\"position\":2,\"name\":\"Concurso PC RN: divulgados os locais de provas. Confira AQUI!\"}]},{\"@type\":\"WebSite\",\"@id\":\"https:\/\/www.estrategiaconcursos.com.br\/blog\/#website\",\"url\":\"https:\/\/www.estrategiaconcursos.com.br\/blog\/\",\"name\":\"Estrat\u00e9gia Concursos\",\"description\":\"O blog da Estrat\u00e9gia Concursos traz not\u00edcias sobre concursos e artigos de professores oferecendo cursos para concursos (pdf + videaulas) no site.\",\"publisher\":{\"@id\":\"https:\/\/www.estrategiaconcursos.com.br\/blog\/#organization\"},\"potentialAction\":[{\"@type\":\"SearchAction\",\"target\":{\"@type\":\"EntryPoint\",\"urlTemplate\":\"https:\/\/www.estrategiaconcursos.com.br\/blog\/?s={search_term_string}\"},\"query-input\":{\"@type\":\"PropertyValueSpecification\",\"valueRequired\":true,\"valueName\":\"search_term_string\"}}],\"inLanguage\":\"pt-BR\"},{\"@type\":\"Organization\",\"@id\":\"https:\/\/www.estrategiaconcursos.com.br\/blog\/#organization\",\"name\":\"Estrat\u00e9gia Concursos\",\"url\":\"https:\/\/www.estrategiaconcursos.com.br\/blog\/\",\"logo\":{\"@type\":\"ImageObject\",\"inLanguage\":\"pt-BR\",\"@id\":\"https:\/\/www.estrategiaconcursos.com.br\/blog\/#\/schema\/logo\/image\/\",\"url\":\"https:\/\/dhg1h5j42swfq.cloudfront.net\/2025\/06\/03203428\/logo_concursos-1.jpg\",\"contentUrl\":\"https:\/\/dhg1h5j42swfq.cloudfront.net\/2025\/06\/03203428\/logo_concursos-1.jpg\",\"width\":230,\"height\":60,\"caption\":\"Estrat\u00e9gia Concursos\"},\"image\":{\"@id\":\"https:\/\/www.estrategiaconcursos.com.br\/blog\/#\/schema\/logo\/image\/\"},\"sameAs\":[\"https:\/\/x.com\/EstratConcursos\"]},{\"@type\":\"Person\",\"@id\":\"https:\/\/www.estrategiaconcursos.com.br\/blog\/#\/schema\/person\/b4a388c97673c5f483d72185668afa1f\",\"name\":\"Coordena\u00e7\u00e3o\",\"image\":{\"@type\":\"ImageObject\",\"inLanguage\":\"pt-BR\",\"@id\":\"https:\/\/secure.gravatar.com\/avatar\/b720319e4c9a967eb58678d110f4fe35452fc5d5f97b202bac7b8acceb18c6ad?s=96&d=mm&r=g\",\"url\":\"https:\/\/secure.gravatar.com\/avatar\/b720319e4c9a967eb58678d110f4fe35452fc5d5f97b202bac7b8acceb18c6ad?s=96&d=mm&r=g\",\"contentUrl\":\"https:\/\/secure.gravatar.com\/avatar\/b720319e4c9a967eb58678d110f4fe35452fc5d5f97b202bac7b8acceb18c6ad?s=96&d=mm&r=g\",\"caption\":\"Coordena\u00e7\u00e3o\"},\"sameAs\":[\"https:\/\/www.facebook.com\/EstrategiaConcursos\",\"https:\/\/x.com\/EstratConcursos\"],\"url\":\"https:\/\/www.estrategiaconcursos.com.br\/blog\/author\/estrategia2013\/\"}]}<\/script>\n<!-- \/ Yoast SEO Premium plugin. -->","yoast_head_json":{"title":"Concurso PC RN: divulgados os locais de provas. Confira AQUI!","description":"A Funda\u00e7\u00e3o Get\u00falio Vargas (FGV) anunciou os locais que receber\u00e3o as provas do concurso PC RN, remarcadas para o m\u00eas de julho de 2021!","robots":{"index":"index","follow":"follow","max-snippet":"max-snippet:-1","max-image-preview":"max-image-preview:large","max-video-preview":"max-video-preview:-1"},"canonical":"https:\/\/www.estrategiaconcursos.com.br\/blog\/pc-rn-locais-provas\/","og_locale":"pt_BR","og_type":"article","og_title":"Concurso PC RN: divulgados os locais de provas. Confira AQUI!","og_description":"A Funda\u00e7\u00e3o Get\u00falio Vargas (FGV) anunciou os locais que receber\u00e3o as provas do concurso PC RN, remarcadas para o m\u00eas de julho de 2021!","og_url":"https:\/\/www.estrategiaconcursos.com.br\/blog\/pc-rn-locais-provas\/","og_site_name":"Estrat\u00e9gia Concursos","article_author":"https:\/\/www.facebook.com\/EstrategiaConcursos","article_published_time":"2021-07-05T23:25:48+00:00","article_modified_time":"2023-08-17T18:13:43+00:00","og_image":[{"width":768,"height":432,"url":"https:\/\/dhg1h5j42swfq.cloudfront.net\/2021\/07\/05202452\/pc-rn.jpg","type":"image\/jpeg"}],"author":"Coordena\u00e7\u00e3o","twitter_card":"summary_large_image","twitter_creator":"@EstratConcursos","twitter_site":"@EstratConcursos","twitter_misc":{"Escrito por":"Coordena\u00e7\u00e3o","Est. tempo de leitura":"2 minutos"},"schema":{"@context":"https:\/\/schema.org","@graph":[{"@type":"NewsArticle","@id":"https:\/\/www.estrategiaconcursos.com.br\/blog\/pc-rn-locais-provas\/#article","isPartOf":{"@id":"https:\/\/www.estrategiaconcursos.com.br\/blog\/pc-rn-locais-provas\/"},"author":{"name":"Coordena\u00e7\u00e3o","@id":"https:\/\/www.estrategiaconcursos.com.br\/blog\/#\/schema\/person\/b4a388c97673c5f483d72185668afa1f"},"headline":"Concurso PC RN: divulgados os locais de provas. Confira AQUI!","datePublished":"2021-07-05T23:25:48+00:00","dateModified":"2023-08-17T18:13:43+00:00","mainEntityOfPage":{"@id":"https:\/\/www.estrategiaconcursos.com.br\/blog\/pc-rn-locais-provas\/"},"wordCount":256,"commentCount":0,"publisher":{"@id":"https:\/\/www.estrategiaconcursos.com.br\/blog\/#organization"},"image":{"@id":"https:\/\/www.estrategiaconcursos.com.br\/blog\/pc-rn-locais-provas\/#primaryimage"},"thumbnailUrl":"https:\/\/dhg1h5j42swfq.cloudfront.net\/2021\/07\/05202452\/pc-rn.jpg","articleSection":["Jur\u00eddico - Delegado","Policial (Agente, Escriv\u00e3o e Investigador)"],"inLanguage":"pt-BR","potentialAction":[{"@type":"CommentAction","name":"Comment","target":["https:\/\/www.estrategiaconcursos.com.br\/blog\/pc-rn-locais-provas\/#respond"]}],"copyrightYear":"2021","copyrightHolder":{"@id":"https:\/\/www.estrategiaconcursos.com.br\/blog\/#organization"}},{"@type":"WebPage","@id":"https:\/\/www.estrategiaconcursos.com.br\/blog\/pc-rn-locais-provas\/","url":"https:\/\/www.estrategiaconcursos.com.br\/blog\/pc-rn-locais-provas\/","name":"Concurso PC RN: divulgados os locais de provas. Confira AQUI!","isPartOf":{"@id":"https:\/\/www.estrategiaconcursos.com.br\/blog\/#website"},"primaryImageOfPage":{"@id":"https:\/\/www.estrategiaconcursos.com.br\/blog\/pc-rn-locais-provas\/#primaryimage"},"image":{"@id":"https:\/\/www.estrategiaconcursos.com.br\/blog\/pc-rn-locais-provas\/#primaryimage"},"thumbnailUrl":"https:\/\/dhg1h5j42swfq.cloudfront.net\/2021\/07\/05202452\/pc-rn.jpg","datePublished":"2021-07-05T23:25:48+00:00","dateModified":"2023-08-17T18:13:43+00:00","description":"A Funda\u00e7\u00e3o Get\u00falio Vargas (FGV) anunciou os locais que receber\u00e3o as provas do concurso PC RN, remarcadas para o m\u00eas de julho de 2021!","breadcrumb":{"@id":"https:\/\/www.estrategiaconcursos.com.br\/blog\/pc-rn-locais-provas\/#breadcrumb"},"inLanguage":"pt-BR","potentialAction":[{"@type":"ReadAction","target":["https:\/\/www.estrategiaconcursos.com.br\/blog\/pc-rn-locais-provas\/"]}]},{"@type":"ImageObject","inLanguage":"pt-BR","@id":"https:\/\/www.estrategiaconcursos.com.br\/blog\/pc-rn-locais-provas\/#primaryimage","url":"https:\/\/dhg1h5j42swfq.cloudfront.net\/2021\/07\/05202452\/pc-rn.jpg","contentUrl":"https:\/\/dhg1h5j42swfq.cloudfront.net\/2021\/07\/05202452\/pc-rn.jpg","width":768,"height":432,"caption":"PC RN"},{"@type":"BreadcrumbList","@id":"https:\/\/www.estrategiaconcursos.com.br\/blog\/pc-rn-locais-provas\/#breadcrumb","itemListElement":[{"@type":"ListItem","position":1,"name":"In\u00edcio","item":"https:\/\/www.estrategiaconcursos.com.br\/blog\/"},{"@type":"ListItem","position":2,"name":"Concurso PC RN: divulgados os locais de provas. Confira AQUI!"}]},{"@type":"WebSite","@id":"https:\/\/www.estrategiaconcursos.com.br\/blog\/#website","url":"https:\/\/www.estrategiaconcursos.com.br\/blog\/","name":"Estrat\u00e9gia Concursos","description":"O blog da Estrat\u00e9gia Concursos traz not\u00edcias sobre concursos e artigos de professores oferecendo cursos para concursos (pdf + videaulas) no site.","publisher":{"@id":"https:\/\/www.estrategiaconcursos.com.br\/blog\/#organization"},"potentialAction":[{"@type":"SearchAction","target":{"@type":"EntryPoint","urlTemplate":"https:\/\/www.estrategiaconcursos.com.br\/blog\/?s={search_term_string}"},"query-input":{"@type":"PropertyValueSpecification","valueRequired":true,"valueName":"search_term_string"}}],"inLanguage":"pt-BR"},{"@type":"Organization","@id":"https:\/\/www.estrategiaconcursos.com.br\/blog\/#organization","name":"Estrat\u00e9gia Concursos","url":"https:\/\/www.estrategiaconcursos.com.br\/blog\/","logo":{"@type":"ImageObject","inLanguage":"pt-BR","@id":"https:\/\/www.estrategiaconcursos.com.br\/blog\/#\/schema\/logo\/image\/","url":"https:\/\/dhg1h5j42swfq.cloudfront.net\/2025\/06\/03203428\/logo_concursos-1.jpg","contentUrl":"https:\/\/dhg1h5j42swfq.cloudfront.net\/2025\/06\/03203428\/logo_concursos-1.jpg","width":230,"height":60,"caption":"Estrat\u00e9gia Concursos"},"image":{"@id":"https:\/\/www.estrategiaconcursos.com.br\/blog\/#\/schema\/logo\/image\/"},"sameAs":["https:\/\/x.com\/EstratConcursos"]},{"@type":"Person","@id":"https:\/\/www.estrategiaconcursos.com.br\/blog\/#\/schema\/person\/b4a388c97673c5f483d72185668afa1f","name":"Coordena\u00e7\u00e3o","image":{"@type":"ImageObject","inLanguage":"pt-BR","@id":"https:\/\/secure.gravatar.com\/avatar\/b720319e4c9a967eb58678d110f4fe35452fc5d5f97b202bac7b8acceb18c6ad?s=96&d=mm&r=g","url":"https:\/\/secure.gravatar.com\/avatar\/b720319e4c9a967eb58678d110f4fe35452fc5d5f97b202bac7b8acceb18c6ad?s=96&d=mm&r=g","contentUrl":"https:\/\/secure.gravatar.com\/avatar\/b720319e4c9a967eb58678d110f4fe35452fc5d5f97b202bac7b8acceb18c6ad?s=96&d=mm&r=g","caption":"Coordena\u00e7\u00e3o"},"sameAs":["https:\/\/www.facebook.com\/EstrategiaConcursos","https:\/\/x.com\/EstratConcursos"],"url":"https:\/\/www.estrategiaconcursos.com.br\/blog\/author\/estrategia2013\/"}]}},"_links":{"self":[{"href":"https:\/\/www.estrategiaconcursos.com.br\/blog\/wp-json\/wp\/v2\/posts\/787846","targetHints":{"allow":["GET"]}}],"collection":[{"href":"https:\/\/www.estrategiaconcursos.com.br\/blog\/wp-json\/wp\/v2\/posts"}],"about":[{"href":"https:\/\/www.estrategiaconcursos.com.br\/blog\/wp-json\/wp\/v2\/types\/post"}],"author":[{"embeddable":true,"href":"https:\/\/www.estrategiaconcursos.com.br\/blog\/wp-json\/wp\/v2\/users\/1"}],"replies":[{"embeddable":true,"href":"https:\/\/www.estrategiaconcursos.com.br\/blog\/wp-json\/wp\/v2\/comments?post=787846"}],"version-history":[{"count":6,"href":"https:\/\/www.estrategiaconcursos.com.br\/blog\/wp-json\/wp\/v2\/posts\/787846\/revisions"}],"predecessor-version":[{"id":1265946,"href":"https:\/\/www.estrategiaconcursos.com.br\/blog\/wp-json\/wp\/v2\/posts\/787846\/revisions\/1265946"}],"wp:featuredmedia":[{"embeddable":true,"href":"https:\/\/www.estrategiaconcursos.com.br\/blog\/wp-json\/wp\/v2\/media\/787857"}],"wp:attachment":[{"href":"https:\/\/www.estrategiaconcursos.com.br\/blog\/wp-json\/wp\/v2\/media?parent=787846"}],"wp:term":[{"taxonomy":"category","embeddable":true,"href":"https:\/\/www.estrategiaconcursos.com.br\/blog\/wp-json\/wp\/v2\/categories?post=787846"},{"taxonomy":"post_tag","embeddable":true,"href":"https:\/\/www.estrategiaconcursos.com.br\/blog\/wp-json\/wp\/v2\/tags?post=787846"},{"taxonomy":"tax_estado","embeddable":true,"href":"https:\/\/www.estrategiaconcursos.com.br\/blog\/wp-json\/wp\/v2\/tax_estado?post=787846"}],"curies":[{"name":"wp","href":"https:\/\/api.w.org\/{rel}","templated":true}]}}