{"id":78731,"date":"2017-06-22T19:41:45","date_gmt":"2017-06-22T22:41:45","guid":{"rendered":"https:\/\/www.estrategiaconcursos.com.br\/blog\/?p=78731"},"modified":"2017-06-25T19:56:53","modified_gmt":"2017-06-25T22:56:53","slug":"sesi-sp-processo-seletivo-para-professor","status":"publish","type":"post","link":"https:\/\/www.estrategiaconcursos.com.br\/blog\/sesi-sp-processo-seletivo-para-professor\/","title":{"rendered":"SESI-SP &#8211; Processo Seletivo para Professor"},"content":{"rendered":"<p style=\"text-align: center\">\n\t<img loading=\"lazy\" decoding=\"async\" alt=\"\" class=\"size-full wp-image-78741 aligncenter\" height=\"182\" src=\"https:\/\/dhg1h5j42swfq.cloudfront.net\/2017\/06\/23001959\/Logo-SESI-2.jpg\" title=\"\" width=\"638\" srcset=\"https:\/\/dhg1h5j42swfq.cloudfront.net\/2017\/06\/23001959\/Logo-SESI-2.jpg 1063w, https:\/\/dhg1h5j42swfq.cloudfront.net\/2017\/06\/23001959\/Logo-SESI-2.jpg 300w, https:\/\/dhg1h5j42swfq.cloudfront.net\/2017\/06\/23001959\/Logo-SESI-2.jpg 768w, https:\/\/dhg1h5j42swfq.cloudfront.net\/2017\/06\/23001959\/Logo-SESI-2.jpg 1024w, https:\/\/dhg1h5j42swfq.cloudfront.net\/2017\/06\/23001959\/Logo-SESI-2.jpg 610w\" sizes=\"auto, (max-width: 638px) 100vw, 638px\" \/>\n<\/p>\n<p>\n\t<strong>Ol&aacute;, futuros&nbsp;Professores e Professoras do SESI-SP<\/strong>,\n<\/p>\n<p>\n\tTudo bem?\n<\/p>\n<p>\n\tDe in&iacute;cio, faz-se necess&aacute;ria uma breve apresenta&ccedil;&atilde;o.\n<\/p>\n<p>\n\tSou o <strong>Professor Rodrigo Bandeira<\/strong> e integro a experiente equipe de Professores do <span style=\"color:#0000FF\"><strong>Estrat&eacute;gia Concursos<\/strong><\/span>. Gravei este v&iacute;deo abaixo para te explicar um pouco sobre o edital do<strong> Concurso SESI-SP<\/strong> para Professor:\n<\/p>\n<p>\n\t<a href=\"https:\/\/www.youtube.com\/watch?v=NlvVem1VUtc&#038;feature=youtu.be\">https:\/\/www.youtube.com\/watch?v=NlvVem1VUtc&amp;feature=youtu.be<\/a>\n<\/p>\n<p>\n\t&nbsp;\n<\/p>\n<p style=\"text-align: center;\">\n\t<a href=\"https:\/\/www.estrategiaconcursos.com.br\/cursosPorConcurso\/sesi-sp\/\" target=\"_blank\"><span style=\"color:#0000FF;\"><u><strong>CONHE&Ccedil;A NOSSOS CURSOS COMPLETOS PARA O PROCESSO SELETIVO SESI-SP (PROFESSOR)<\/strong><\/u><\/span><\/a>\n<\/p>\n<p>\n\tCaso voc&ecirc; deseje ver meu <strong>curr&iacute;culo<\/strong>, basta acess&aacute;-lo <a href=\"http:\/\/buscatextual.cnpq.br\/buscatextual\/visualizacv.do?id=K8104672H6\">neste link<\/a>.&nbsp;\n<\/p>\n<p>\n\tCaso voc&ecirc; deseje acompanhar as atualidades relacionadas &agrave; Educa&ccedil;&atilde;o, &agrave; legisla&ccedil;&atilde;o educacional e aos concursos p&uacute;blicos, basta<strong> curtir<\/strong> <span style=\"color:#000000\"><strong>minha p&aacute;gina<\/strong><\/span> no <span style=\"color:#0000FF\"><strong>facebook,<\/strong><\/span> <strong><a href=\"https:\/\/www.facebook.com\/prof.rodrigobandeira\/\">neste link<\/a><\/strong>.\n<\/p>\n<p style=\"text-align: center\">\n\t<img loading=\"lazy\" decoding=\"async\" alt=\"\" class=\"size-full wp-image-78737 aligncenter\" height=\"107\" src=\"https:\/\/dhg1h5j42swfq.cloudfront.net\/2017\/06\/23000053\/Foto-FACEBOOK1.jpg\" title=\"\" width=\"320\" srcset=\"https:\/\/dhg1h5j42swfq.cloudfront.net\/2017\/06\/23000053\/Foto-FACEBOOK1.jpg 533w, https:\/\/dhg1h5j42swfq.cloudfront.net\/2017\/06\/23000053\/Foto-FACEBOOK1.jpg 300w\" sizes=\"auto, (max-width: 320px) 100vw, 320px\" \/>\n<\/p>\n<p>\n\t&nbsp;\n<\/p>\n<p>\n\t<strong>Est&atilde;o abertas as inscri&ccedil;&otilde;es<\/strong> &mdash; at&eacute; o dia 06\/07\/2017 &mdash; ao <strong>Processo Seletivo<\/strong> para Professores do SESI-SP, cuja <strong>prova <\/strong>ocorrer&aacute; em <strong>06\/08\/2017<\/strong>.\n<\/p>\n<p>\n\t<span style=\"color: #000000\">Caso deseje, veja <a href=\"https:\/\/igdrh.selecao.net.br\/informacoes\/4\/\"><strong>neste link<\/strong><\/a> o&nbsp;<strong>comunicado (edital)&nbsp;de abertura <\/strong>e demais informa&ccedil;&otilde;es.<\/span>\n<\/p>\n<p>\n\tA <strong>carga hor&aacute;ria e sal&aacute;rio<\/strong> de cada cargo foi estabelecida pelo quadro III, presente no item III.1 do edital de abertura:\n<\/p>\n<p>\n\t<img loading=\"lazy\" decoding=\"async\" alt=\"\" class=\"alignnone size-full wp-image-78739\" height=\"109\" src=\"https:\/\/dhg1h5j42swfq.cloudfront.net\/2017\/06\/23000415\/Quadro-de-Carga-Hor%C3%A1ria-Sal%C3%A1rio1.jpg\" width=\"610\" srcset=\"https:\/\/dhg1h5j42swfq.cloudfront.net\/2017\/06\/23000415\/Quadro-de-Carga-Hor%C3%A1ria-Sal%C3%A1rio1.jpg 610w, https:\/\/dhg1h5j42swfq.cloudfront.net\/2017\/06\/23000415\/Quadro-de-Carga-Hor%C3%A1ria-Sal%C3%A1rio1.jpg 300w\" sizes=\"auto, (max-width: 610px) 100vw, 610px\" \/>\n<\/p>\n<p>\n\tConforme disp&otilde;e <strong>o item II.1 do edital<\/strong>: &ldquo;<em>Este Processo Seletivo SESI\/SP 001\/2017 destina-se &agrave; forma&ccedil;&atilde;o de <strong>CADASTRO RESERVA <\/strong>de <strong>PROFESSORES <\/strong>para vagas com <strong>contrato por prazo indeterminado ou determinado (superior a 180 dias) <\/strong>que surgirem ou forem criadas em suas unidades<\/em>&rdquo;.\n<\/p>\n<p>\n\tEste &eacute; o <strong>quadro dos cargos dispon&iacute;veis ao Processo Seletivo <\/strong>(dispon&iacute;vel no Edital, item II, 4.1):\n<\/p>\n<p>\n\t<img loading=\"lazy\" decoding=\"async\" alt=\"\" class=\"alignnone size-full wp-image-78740\" height=\"625\" src=\"https:\/\/dhg1h5j42swfq.cloudfront.net\/2017\/06\/23000538\/Quado-dos-Cargos2.jpg\" width=\"673\" srcset=\"https:\/\/dhg1h5j42swfq.cloudfront.net\/2017\/06\/23000538\/Quado-dos-Cargos2.jpg 673w, https:\/\/dhg1h5j42swfq.cloudfront.net\/2017\/06\/23000538\/Quado-dos-Cargos2.jpg 300w, https:\/\/dhg1h5j42swfq.cloudfront.net\/2017\/06\/23000538\/Quado-dos-Cargos2.jpg 610w\" sizes=\"auto, (max-width: 673px) 100vw, 673px\" \/>\n<\/p>\n<p>\n\t&nbsp;\n<\/p>\n<p>\n\tO <strong>quadro II, dispon&iacute;vel no item II, 4.1 do edital <\/strong>&#8211; extenso para expor aqui -, informa os <span style=\"color:#0000FF\"><strong>126 locais de trabalho<\/strong><\/span>, cujas vagas ser&atilde;o preenchidas pelo Processo Seletivo.\n<\/p>\n<p>\n\tEmbora o edital n&atilde;o tenha divulgado o n&uacute;mero de vagas para cada cargo, existe expectativa de que chamar&atilde;o muitos candidatos aprovados no Cadastro de Reserva, ao decorrer dos 12 meses da sua validade, prorrog&aacute;veis por mais 12 meses.\n<\/p>\n<p>\n\t&nbsp;A <span style=\"color:#0000FF\"><strong>prova <\/strong><\/span>ser&aacute; elaborada pelo <strong>Instituto de Gest&atilde;o e Desenvolvimento Social &#8211; IGDRH<\/strong> e ser&aacute;&nbsp;composta por&nbsp;<strong>50 quest&otilde;es de m&uacute;ltipla escolha<\/strong>, com 05 alternativas cada&nbsp; uma, de <strong>Conhecimentos de L&iacute;ngua Portuguesa <\/strong>e de <strong>Conhecimentos Pedag&oacute;gicos<\/strong>.\n<\/p>\n<p>\n\tN&oacute;s, <strong>Professores <\/strong>do <span style=\"color:#0000FF\"><strong>Estrat&eacute;gia Concursos<\/strong><\/span>, preparamos um <span style=\"color:#FF0000\"><strong>pacote espec&iacute;fico<\/strong><\/span>, <strong>que cobrir&aacute; os conhecimentos exigidos pelo conte&uacute;do program&aacute;tico do Edital deste Processo Seletivo<\/strong>, <strong><u>exceto os livros indicados pela bibliografia nos Conhecimentos Pedag&oacute;gicos<\/u><\/strong>, cujo curso respectivo &eacute; <strong>composto somente pelas normas educacionais exigidas (LDB e Resolu&ccedil;&atilde;o CNE\/CEB n&ordm; 4\/2010)<\/strong>.\n<\/p>\n<p>\n\t&nbsp;\n<\/p>\n<p>\n\tEste <strong><span style=\"color:#FF0000\">pacote espec&iacute;fico<\/span> <\/strong>ser&aacute; formado pelos seguintes <span style=\"color:#0000FF\"><strong>cursos<\/strong><\/span>:\n<\/p>\n<p>\n\t&#8211; <strong>L&iacute;ngua Portuguesa p\/ todos os Cargos &ndash; SESI-SP<\/strong>; e\n<\/p>\n<p>\n\t&#8211; <strong>Conhecimentos Pedag&oacute;gicos p\/ todos os Cargos &ndash; SESI-SP (somente as normas educacionais: LDB e Res. CNE\/CEB n&ordm; 4\/2010)<\/strong>.\n<\/p>\n<p style=\"text-align: center;\">\n\t<a href=\"https:\/\/www.estrategiaconcursos.com.br\/cursosPorConcurso\/sesi-sp\/\"><span style=\"color:#0000FF;\"><u><strong>CONHE&Ccedil;A NOSSOS CURSOS COMPLETOS PARA O PROCESSO SELETIVO SESI-SP (PROFESSOR)<\/strong><\/u><\/span><\/a>\n<\/p>\n<p>\n\tAguardamos voc&ecirc; no <span style=\"color:#0000FF\"><strong>f&oacute;rum de d&uacute;vidas <\/strong><\/span>dos cursos acima indicados.\n<\/p>\n<p>\n\tBons estudos!\n<\/p>\n<p>\n\t&nbsp;\n<\/p>\n<p>\n\t&nbsp;\n<\/p>\n<p>\n\t&nbsp;<\/p>\n","protected":false},"excerpt":{"rendered":"<p>Ol&aacute;, futuros&nbsp;Professores e Professoras do SESI-SP, Tudo bem? De in&iacute;cio, faz-se necess&aacute;ria uma breve apresenta&ccedil;&atilde;o. Sou o Professor Rodrigo Bandeira e integro a experiente equipe de Professores do Estrat&eacute;gia Concursos. Gravei este v&iacute;deo abaixo para te explicar um pouco sobre o edital do Concurso SESI-SP para Professor: &nbsp; CONHE&Ccedil;A NOSSOS CURSOS COMPLETOS PARA O PROCESSO [&hellip;]<\/p>\n","protected":false},"author":1,"featured_media":0,"comment_status":"open","ping_status":"open","sticky":false,"template":"","format":"standard","meta":{"post_tipo":"news","footnotes":""},"categories":[1],"tags":[],"tax_estado":[],"class_list":["post-78731","post","type-post","status-publish","format-standard","hentry","category-cursos-e-concursos"],"acf":[],"yoast_head":"<!-- This site is optimized with the Yoast SEO Premium plugin v27.2 (Yoast SEO v27.2) - https:\/\/yoast.com\/product\/yoast-seo-premium-wordpress\/ -->\n<title>SESI-SP - Processo Seletivo para Professor<\/title>\n<meta name=\"robots\" content=\"index, follow, max-snippet:-1, max-image-preview:large, max-video-preview:-1\" \/>\n<link rel=\"canonical\" href=\"https:\/\/www.estrategiaconcursos.com.br\/blog\/sesi-sp-processo-seletivo-para-professor\/\" \/>\n<meta property=\"og:locale\" content=\"pt_BR\" \/>\n<meta property=\"og:type\" content=\"article\" \/>\n<meta property=\"og:title\" content=\"SESI-SP - Processo Seletivo para Professor\" \/>\n<meta property=\"og:description\" content=\"Ol&aacute;, futuros&nbsp;Professores e Professoras do SESI-SP, Tudo bem? De in&iacute;cio, faz-se necess&aacute;ria uma breve apresenta&ccedil;&atilde;o. Sou o Professor Rodrigo Bandeira e integro a experiente equipe de Professores do Estrat&eacute;gia Concursos. Gravei este v&iacute;deo abaixo para te explicar um pouco sobre o edital do Concurso SESI-SP para Professor: &nbsp; CONHE&Ccedil;A NOSSOS CURSOS COMPLETOS PARA O PROCESSO [&hellip;]\" \/>\n<meta property=\"og:url\" content=\"https:\/\/www.estrategiaconcursos.com.br\/blog\/sesi-sp-processo-seletivo-para-professor\/\" \/>\n<meta property=\"og:site_name\" content=\"Estrat\u00e9gia Concursos\" \/>\n<meta property=\"article:author\" content=\"https:\/\/www.facebook.com\/EstrategiaConcursos\" \/>\n<meta property=\"article:published_time\" content=\"2017-06-22T22:41:45+00:00\" \/>\n<meta property=\"article:modified_time\" content=\"2017-06-25T22:56:53+00:00\" \/>\n<meta property=\"og:image\" content=\"https:\/\/www.estrategiaconcursos.com.br\/blog\/wp-content\/uploads\/2017\/06\/Logo-SESI-2.jpg\" \/>\n<meta name=\"author\" content=\"Coordena\u00e7\u00e3o\" \/>\n<meta name=\"twitter:card\" content=\"summary_large_image\" \/>\n<meta name=\"twitter:creator\" content=\"@EstratConcursos\" \/>\n<meta name=\"twitter:site\" content=\"@EstratConcursos\" \/>\n<meta name=\"twitter:label1\" content=\"Escrito por\" \/>\n\t<meta name=\"twitter:data1\" content=\"Coordena\u00e7\u00e3o\" \/>\n\t<meta name=\"twitter:label2\" content=\"Est. tempo de leitura\" \/>\n\t<meta name=\"twitter:data2\" content=\"3 minutos\" \/>\n<script type=\"application\/ld+json\" class=\"yoast-schema-graph\">{\"@context\":\"https:\/\/schema.org\",\"@graph\":[{\"@type\":\"NewsArticle\",\"@id\":\"https:\/\/www.estrategiaconcursos.com.br\/blog\/sesi-sp-processo-seletivo-para-professor\/#article\",\"isPartOf\":{\"@id\":\"https:\/\/www.estrategiaconcursos.com.br\/blog\/sesi-sp-processo-seletivo-para-professor\/\"},\"author\":{\"name\":\"Coordena\u00e7\u00e3o\",\"@id\":\"https:\/\/www.estrategiaconcursos.com.br\/blog\/#\/schema\/person\/b4a388c97673c5f483d72185668afa1f\"},\"headline\":\"SESI-SP &#8211; Processo Seletivo para Professor\",\"datePublished\":\"2017-06-22T22:41:45+00:00\",\"dateModified\":\"2017-06-25T22:56:53+00:00\",\"mainEntityOfPage\":{\"@id\":\"https:\/\/www.estrategiaconcursos.com.br\/blog\/sesi-sp-processo-seletivo-para-professor\/\"},\"wordCount\":550,\"commentCount\":16,\"publisher\":{\"@id\":\"https:\/\/www.estrategiaconcursos.com.br\/blog\/#organization\"},\"image\":{\"@id\":\"https:\/\/www.estrategiaconcursos.com.br\/blog\/sesi-sp-processo-seletivo-para-professor\/#primaryimage\"},\"thumbnailUrl\":\"https:\/\/www.estrategiaconcursos.com.br\/blog\/wp-content\/uploads\/2017\/06\/Logo-SESI-2.jpg\",\"articleSection\":[\"Concursos P\u00fablicos\"],\"inLanguage\":\"pt-BR\",\"potentialAction\":[{\"@type\":\"CommentAction\",\"name\":\"Comment\",\"target\":[\"https:\/\/www.estrategiaconcursos.com.br\/blog\/sesi-sp-processo-seletivo-para-professor\/#respond\"]}],\"copyrightYear\":\"2017\",\"copyrightHolder\":{\"@id\":\"https:\/\/www.estrategiaconcursos.com.br\/blog\/#organization\"}},{\"@type\":\"WebPage\",\"@id\":\"https:\/\/www.estrategiaconcursos.com.br\/blog\/sesi-sp-processo-seletivo-para-professor\/\",\"url\":\"https:\/\/www.estrategiaconcursos.com.br\/blog\/sesi-sp-processo-seletivo-para-professor\/\",\"name\":\"SESI-SP - Processo Seletivo para Professor\",\"isPartOf\":{\"@id\":\"https:\/\/www.estrategiaconcursos.com.br\/blog\/#website\"},\"primaryImageOfPage\":{\"@id\":\"https:\/\/www.estrategiaconcursos.com.br\/blog\/sesi-sp-processo-seletivo-para-professor\/#primaryimage\"},\"image\":{\"@id\":\"https:\/\/www.estrategiaconcursos.com.br\/blog\/sesi-sp-processo-seletivo-para-professor\/#primaryimage\"},\"thumbnailUrl\":\"https:\/\/www.estrategiaconcursos.com.br\/blog\/wp-content\/uploads\/2017\/06\/Logo-SESI-2.jpg\",\"datePublished\":\"2017-06-22T22:41:45+00:00\",\"dateModified\":\"2017-06-25T22:56:53+00:00\",\"breadcrumb\":{\"@id\":\"https:\/\/www.estrategiaconcursos.com.br\/blog\/sesi-sp-processo-seletivo-para-professor\/#breadcrumb\"},\"inLanguage\":\"pt-BR\",\"potentialAction\":[{\"@type\":\"ReadAction\",\"target\":[\"https:\/\/www.estrategiaconcursos.com.br\/blog\/sesi-sp-processo-seletivo-para-professor\/\"]}]},{\"@type\":\"ImageObject\",\"inLanguage\":\"pt-BR\",\"@id\":\"https:\/\/www.estrategiaconcursos.com.br\/blog\/sesi-sp-processo-seletivo-para-professor\/#primaryimage\",\"url\":\"https:\/\/dhg1h5j42swfq.cloudfront.net\/2017\/06\/23001959\/Logo-SESI-2.jpg\",\"contentUrl\":\"https:\/\/dhg1h5j42swfq.cloudfront.net\/2017\/06\/23001959\/Logo-SESI-2.jpg\",\"width\":1063,\"height\":303},{\"@type\":\"BreadcrumbList\",\"@id\":\"https:\/\/www.estrategiaconcursos.com.br\/blog\/sesi-sp-processo-seletivo-para-professor\/#breadcrumb\",\"itemListElement\":[{\"@type\":\"ListItem\",\"position\":1,\"name\":\"In\u00edcio\",\"item\":\"https:\/\/www.estrategiaconcursos.com.br\/blog\/\"},{\"@type\":\"ListItem\",\"position\":2,\"name\":\"SESI-SP &#8211; Processo Seletivo para Professor\"}]},{\"@type\":\"WebSite\",\"@id\":\"https:\/\/www.estrategiaconcursos.com.br\/blog\/#website\",\"url\":\"https:\/\/www.estrategiaconcursos.com.br\/blog\/\",\"name\":\"Estrat\u00e9gia Concursos\",\"description\":\"O blog da Estrat\u00e9gia Concursos traz not\u00edcias sobre concursos e artigos de professores oferecendo cursos para concursos (pdf + videaulas) no site.\",\"publisher\":{\"@id\":\"https:\/\/www.estrategiaconcursos.com.br\/blog\/#organization\"},\"potentialAction\":[{\"@type\":\"SearchAction\",\"target\":{\"@type\":\"EntryPoint\",\"urlTemplate\":\"https:\/\/www.estrategiaconcursos.com.br\/blog\/?s={search_term_string}\"},\"query-input\":{\"@type\":\"PropertyValueSpecification\",\"valueRequired\":true,\"valueName\":\"search_term_string\"}}],\"inLanguage\":\"pt-BR\"},{\"@type\":\"Organization\",\"@id\":\"https:\/\/www.estrategiaconcursos.com.br\/blog\/#organization\",\"name\":\"Estrat\u00e9gia Concursos\",\"url\":\"https:\/\/www.estrategiaconcursos.com.br\/blog\/\",\"logo\":{\"@type\":\"ImageObject\",\"inLanguage\":\"pt-BR\",\"@id\":\"https:\/\/www.estrategiaconcursos.com.br\/blog\/#\/schema\/logo\/image\/\",\"url\":\"https:\/\/dhg1h5j42swfq.cloudfront.net\/2025\/06\/03203428\/logo_concursos-1.jpg\",\"contentUrl\":\"https:\/\/dhg1h5j42swfq.cloudfront.net\/2025\/06\/03203428\/logo_concursos-1.jpg\",\"width\":230,\"height\":60,\"caption\":\"Estrat\u00e9gia Concursos\"},\"image\":{\"@id\":\"https:\/\/www.estrategiaconcursos.com.br\/blog\/#\/schema\/logo\/image\/\"},\"sameAs\":[\"https:\/\/x.com\/EstratConcursos\"]},{\"@type\":\"Person\",\"@id\":\"https:\/\/www.estrategiaconcursos.com.br\/blog\/#\/schema\/person\/b4a388c97673c5f483d72185668afa1f\",\"name\":\"Coordena\u00e7\u00e3o\",\"image\":{\"@type\":\"ImageObject\",\"inLanguage\":\"pt-BR\",\"@id\":\"https:\/\/secure.gravatar.com\/avatar\/b720319e4c9a967eb58678d110f4fe35452fc5d5f97b202bac7b8acceb18c6ad?s=96&d=mm&r=g\",\"url\":\"https:\/\/secure.gravatar.com\/avatar\/b720319e4c9a967eb58678d110f4fe35452fc5d5f97b202bac7b8acceb18c6ad?s=96&d=mm&r=g\",\"contentUrl\":\"https:\/\/secure.gravatar.com\/avatar\/b720319e4c9a967eb58678d110f4fe35452fc5d5f97b202bac7b8acceb18c6ad?s=96&d=mm&r=g\",\"caption\":\"Coordena\u00e7\u00e3o\"},\"sameAs\":[\"https:\/\/www.facebook.com\/EstrategiaConcursos\",\"https:\/\/x.com\/EstratConcursos\"],\"url\":\"https:\/\/www.estrategiaconcursos.com.br\/blog\/author\/estrategia2013\/\"}]}<\/script>\n<!-- \/ Yoast SEO Premium plugin. -->","yoast_head_json":{"title":"SESI-SP - Processo Seletivo para Professor","robots":{"index":"index","follow":"follow","max-snippet":"max-snippet:-1","max-image-preview":"max-image-preview:large","max-video-preview":"max-video-preview:-1"},"canonical":"https:\/\/www.estrategiaconcursos.com.br\/blog\/sesi-sp-processo-seletivo-para-professor\/","og_locale":"pt_BR","og_type":"article","og_title":"SESI-SP - Processo Seletivo para Professor","og_description":"Ol&aacute;, futuros&nbsp;Professores e Professoras do SESI-SP, Tudo bem? De in&iacute;cio, faz-se necess&aacute;ria uma breve apresenta&ccedil;&atilde;o. Sou o Professor Rodrigo Bandeira e integro a experiente equipe de Professores do Estrat&eacute;gia Concursos. Gravei este v&iacute;deo abaixo para te explicar um pouco sobre o edital do Concurso SESI-SP para Professor: &nbsp; CONHE&Ccedil;A NOSSOS CURSOS COMPLETOS PARA O PROCESSO [&hellip;]","og_url":"https:\/\/www.estrategiaconcursos.com.br\/blog\/sesi-sp-processo-seletivo-para-professor\/","og_site_name":"Estrat\u00e9gia Concursos","article_author":"https:\/\/www.facebook.com\/EstrategiaConcursos","article_published_time":"2017-06-22T22:41:45+00:00","article_modified_time":"2017-06-25T22:56:53+00:00","og_image":[{"url":"https:\/\/www.estrategiaconcursos.com.br\/blog\/wp-content\/uploads\/2017\/06\/Logo-SESI-2.jpg","type":"","width":"","height":""}],"author":"Coordena\u00e7\u00e3o","twitter_card":"summary_large_image","twitter_creator":"@EstratConcursos","twitter_site":"@EstratConcursos","twitter_misc":{"Escrito por":"Coordena\u00e7\u00e3o","Est. tempo de leitura":"3 minutos"},"schema":{"@context":"https:\/\/schema.org","@graph":[{"@type":"NewsArticle","@id":"https:\/\/www.estrategiaconcursos.com.br\/blog\/sesi-sp-processo-seletivo-para-professor\/#article","isPartOf":{"@id":"https:\/\/www.estrategiaconcursos.com.br\/blog\/sesi-sp-processo-seletivo-para-professor\/"},"author":{"name":"Coordena\u00e7\u00e3o","@id":"https:\/\/www.estrategiaconcursos.com.br\/blog\/#\/schema\/person\/b4a388c97673c5f483d72185668afa1f"},"headline":"SESI-SP &#8211; Processo Seletivo para Professor","datePublished":"2017-06-22T22:41:45+00:00","dateModified":"2017-06-25T22:56:53+00:00","mainEntityOfPage":{"@id":"https:\/\/www.estrategiaconcursos.com.br\/blog\/sesi-sp-processo-seletivo-para-professor\/"},"wordCount":550,"commentCount":16,"publisher":{"@id":"https:\/\/www.estrategiaconcursos.com.br\/blog\/#organization"},"image":{"@id":"https:\/\/www.estrategiaconcursos.com.br\/blog\/sesi-sp-processo-seletivo-para-professor\/#primaryimage"},"thumbnailUrl":"https:\/\/www.estrategiaconcursos.com.br\/blog\/wp-content\/uploads\/2017\/06\/Logo-SESI-2.jpg","articleSection":["Concursos P\u00fablicos"],"inLanguage":"pt-BR","potentialAction":[{"@type":"CommentAction","name":"Comment","target":["https:\/\/www.estrategiaconcursos.com.br\/blog\/sesi-sp-processo-seletivo-para-professor\/#respond"]}],"copyrightYear":"2017","copyrightHolder":{"@id":"https:\/\/www.estrategiaconcursos.com.br\/blog\/#organization"}},{"@type":"WebPage","@id":"https:\/\/www.estrategiaconcursos.com.br\/blog\/sesi-sp-processo-seletivo-para-professor\/","url":"https:\/\/www.estrategiaconcursos.com.br\/blog\/sesi-sp-processo-seletivo-para-professor\/","name":"SESI-SP - Processo Seletivo para Professor","isPartOf":{"@id":"https:\/\/www.estrategiaconcursos.com.br\/blog\/#website"},"primaryImageOfPage":{"@id":"https:\/\/www.estrategiaconcursos.com.br\/blog\/sesi-sp-processo-seletivo-para-professor\/#primaryimage"},"image":{"@id":"https:\/\/www.estrategiaconcursos.com.br\/blog\/sesi-sp-processo-seletivo-para-professor\/#primaryimage"},"thumbnailUrl":"https:\/\/www.estrategiaconcursos.com.br\/blog\/wp-content\/uploads\/2017\/06\/Logo-SESI-2.jpg","datePublished":"2017-06-22T22:41:45+00:00","dateModified":"2017-06-25T22:56:53+00:00","breadcrumb":{"@id":"https:\/\/www.estrategiaconcursos.com.br\/blog\/sesi-sp-processo-seletivo-para-professor\/#breadcrumb"},"inLanguage":"pt-BR","potentialAction":[{"@type":"ReadAction","target":["https:\/\/www.estrategiaconcursos.com.br\/blog\/sesi-sp-processo-seletivo-para-professor\/"]}]},{"@type":"ImageObject","inLanguage":"pt-BR","@id":"https:\/\/www.estrategiaconcursos.com.br\/blog\/sesi-sp-processo-seletivo-para-professor\/#primaryimage","url":"https:\/\/dhg1h5j42swfq.cloudfront.net\/2017\/06\/23001959\/Logo-SESI-2.jpg","contentUrl":"https:\/\/dhg1h5j42swfq.cloudfront.net\/2017\/06\/23001959\/Logo-SESI-2.jpg","width":1063,"height":303},{"@type":"BreadcrumbList","@id":"https:\/\/www.estrategiaconcursos.com.br\/blog\/sesi-sp-processo-seletivo-para-professor\/#breadcrumb","itemListElement":[{"@type":"ListItem","position":1,"name":"In\u00edcio","item":"https:\/\/www.estrategiaconcursos.com.br\/blog\/"},{"@type":"ListItem","position":2,"name":"SESI-SP &#8211; Processo Seletivo para Professor"}]},{"@type":"WebSite","@id":"https:\/\/www.estrategiaconcursos.com.br\/blog\/#website","url":"https:\/\/www.estrategiaconcursos.com.br\/blog\/","name":"Estrat\u00e9gia Concursos","description":"O blog da Estrat\u00e9gia Concursos traz not\u00edcias sobre concursos e artigos de professores oferecendo cursos para concursos (pdf + videaulas) no site.","publisher":{"@id":"https:\/\/www.estrategiaconcursos.com.br\/blog\/#organization"},"potentialAction":[{"@type":"SearchAction","target":{"@type":"EntryPoint","urlTemplate":"https:\/\/www.estrategiaconcursos.com.br\/blog\/?s={search_term_string}"},"query-input":{"@type":"PropertyValueSpecification","valueRequired":true,"valueName":"search_term_string"}}],"inLanguage":"pt-BR"},{"@type":"Organization","@id":"https:\/\/www.estrategiaconcursos.com.br\/blog\/#organization","name":"Estrat\u00e9gia Concursos","url":"https:\/\/www.estrategiaconcursos.com.br\/blog\/","logo":{"@type":"ImageObject","inLanguage":"pt-BR","@id":"https:\/\/www.estrategiaconcursos.com.br\/blog\/#\/schema\/logo\/image\/","url":"https:\/\/dhg1h5j42swfq.cloudfront.net\/2025\/06\/03203428\/logo_concursos-1.jpg","contentUrl":"https:\/\/dhg1h5j42swfq.cloudfront.net\/2025\/06\/03203428\/logo_concursos-1.jpg","width":230,"height":60,"caption":"Estrat\u00e9gia Concursos"},"image":{"@id":"https:\/\/www.estrategiaconcursos.com.br\/blog\/#\/schema\/logo\/image\/"},"sameAs":["https:\/\/x.com\/EstratConcursos"]},{"@type":"Person","@id":"https:\/\/www.estrategiaconcursos.com.br\/blog\/#\/schema\/person\/b4a388c97673c5f483d72185668afa1f","name":"Coordena\u00e7\u00e3o","image":{"@type":"ImageObject","inLanguage":"pt-BR","@id":"https:\/\/secure.gravatar.com\/avatar\/b720319e4c9a967eb58678d110f4fe35452fc5d5f97b202bac7b8acceb18c6ad?s=96&d=mm&r=g","url":"https:\/\/secure.gravatar.com\/avatar\/b720319e4c9a967eb58678d110f4fe35452fc5d5f97b202bac7b8acceb18c6ad?s=96&d=mm&r=g","contentUrl":"https:\/\/secure.gravatar.com\/avatar\/b720319e4c9a967eb58678d110f4fe35452fc5d5f97b202bac7b8acceb18c6ad?s=96&d=mm&r=g","caption":"Coordena\u00e7\u00e3o"},"sameAs":["https:\/\/www.facebook.com\/EstrategiaConcursos","https:\/\/x.com\/EstratConcursos"],"url":"https:\/\/www.estrategiaconcursos.com.br\/blog\/author\/estrategia2013\/"}]}},"_links":{"self":[{"href":"https:\/\/www.estrategiaconcursos.com.br\/blog\/wp-json\/wp\/v2\/posts\/78731","targetHints":{"allow":["GET"]}}],"collection":[{"href":"https:\/\/www.estrategiaconcursos.com.br\/blog\/wp-json\/wp\/v2\/posts"}],"about":[{"href":"https:\/\/www.estrategiaconcursos.com.br\/blog\/wp-json\/wp\/v2\/types\/post"}],"author":[{"embeddable":true,"href":"https:\/\/www.estrategiaconcursos.com.br\/blog\/wp-json\/wp\/v2\/users\/1"}],"replies":[{"embeddable":true,"href":"https:\/\/www.estrategiaconcursos.com.br\/blog\/wp-json\/wp\/v2\/comments?post=78731"}],"version-history":[{"count":9,"href":"https:\/\/www.estrategiaconcursos.com.br\/blog\/wp-json\/wp\/v2\/posts\/78731\/revisions"}],"predecessor-version":[{"id":78919,"href":"https:\/\/www.estrategiaconcursos.com.br\/blog\/wp-json\/wp\/v2\/posts\/78731\/revisions\/78919"}],"wp:attachment":[{"href":"https:\/\/www.estrategiaconcursos.com.br\/blog\/wp-json\/wp\/v2\/media?parent=78731"}],"wp:term":[{"taxonomy":"category","embeddable":true,"href":"https:\/\/www.estrategiaconcursos.com.br\/blog\/wp-json\/wp\/v2\/categories?post=78731"},{"taxonomy":"post_tag","embeddable":true,"href":"https:\/\/www.estrategiaconcursos.com.br\/blog\/wp-json\/wp\/v2\/tags?post=78731"},{"taxonomy":"tax_estado","embeddable":true,"href":"https:\/\/www.estrategiaconcursos.com.br\/blog\/wp-json\/wp\/v2\/tax_estado?post=78731"}],"curies":[{"name":"wp","href":"https:\/\/api.w.org\/{rel}","templated":true}]}}