{"id":78578,"date":"2026-04-09T17:56:01","date_gmt":"2026-04-09T20:56:01","guid":{"rendered":"https:\/\/www.estrategiaconcursos.com.br\/blog\/?p=78578"},"modified":"2026-04-09T19:16:20","modified_gmt":"2026-04-09T22:16:20","slug":"concurso-policia-civil-pr","status":"publish","type":"post","link":"https:\/\/www.estrategiaconcursos.com.br\/blog\/concurso-policia-civil-pr\/","title":{"rendered":"Concurso PC PR: edital em 2026. Inicial de at\u00e9 R$ 24,2 mil!"},"content":{"rendered":"\n<p style=\"font-size:clamp(15.197px, 0.95rem + ((1vw - 3.2px) * 0.765), 23px);\"><em><strong>Novo edital do concurso PC PR ser\u00e1 publicado no segundo semestre de 2026. Validade do \u00faltimo certame segue at\u00e9 maio!<\/strong><\/em><\/p>\n\n\n\n<p>A realiza\u00e7\u00e3o do pr\u00f3ximo <strong>concurso PC PR <\/strong>(<a href=\"https:\/\/www.estrategiaconcursos.com.br\/cursosPorConcurso\/policia-civil-do-parana-pc-pr\/\" target=\"_blank\" rel=\"noreferrer noopener\">Pol\u00edcia Civil do Estado do Paran\u00e1<\/a>) foi confirmada! A expectativa \u00e9 de que o edital seja publicado no segundo semestre de 2026.<\/p>\n\n\n\n<p>Ser\u00e3o ofertadas vagas em todas as carreiras da corpora\u00e7\u00e3o, como <strong>Agente da Pol\u00edcia Judici\u00e1ria, Papiloscopista e Delegado<\/strong>. Contudo, o <a href=\"https:\/\/www.estrategiaconcursos.com.br\/blog\/concurso-pc-pr-confirmado-2026\/\" target=\"_blank\" rel=\"noreferrer noopener\">quantitativo segue em estudos<\/a>.<\/p>\n\n\n\n<p>Inclusive, \u00e9 v\u00e1lido destacar que a comiss\u00e3o e autoriza\u00e7\u00e3o do certame j\u00e1 foram divulgadas. <\/p>\n\n\n\n<p>Ademais, o <a href=\"https:\/\/www.estrategiaconcursos.com.br\/blog\/concurso-pc-pr-2026-banca-definicao\/\" target=\"_blank\" rel=\"noreferrer noopener\">processo de contrata\u00e7\u00e3o da banca organizadora<\/a> j\u00e1 foi iniciado e tr\u00eas empresas enviaram propostas: FGV, Cebraspe e Vunesp.<\/p>\n\n\n\n<p>Lembrando que foi publicada a <a href=\"https:\/\/dhg1h5j42swfq.cloudfront.net\/2023\/07\/26153055\/leipcpr.pdf\" target=\"_blank\" rel=\"noreferrer noopener nofollow\">Lei Complementar n\u00ba 259\/2023<\/a> que trata da <a href=\"https:\/\/www.estrategiaconcursos.com.br\/blog\/concurso-pc-pr-lei-reestrutura-carreiras\/\" target=\"_blank\" rel=\"noreferrer noopener\">reestrutura\u00e7\u00e3o das carreiras da PC PR<\/a>. A principal mudan\u00e7a se deu na tabela remunerat\u00f3ria das fun\u00e7\u00f5es, ap\u00f3s reajuste salarial.<\/p>\n\n\n\n<p>A \u00faltima sele\u00e7\u00e3o segue <a href=\"https:\/\/dhg1h5j42swfq.cloudfront.net\/2024\/05\/20080744\/image-2024-05-20t055445-663-1.png\" target=\"_blank\" rel=\"noreferrer noopener nofollow\">v\u00e1lida at\u00e9 <strong>maio de 2026<\/strong><\/a>. Ao todo, foram ofertadas 400 vagas imediatas&nbsp;para Delegado, Investigador e Papiloscopista, todas de n\u00edvel superior.<\/p>\n\n\n\n<ul class=\"wp-block-list has-very-light-gray-to-cyan-bluish-gray-gradient-background has-background\">\n<li><strong>Concurso PC PR<\/strong> &#8211; <strong>Agente de Pol\u00edcia | Papiloscopista | <\/strong><strong>Delegado <\/strong><\/li>\n\n\n\n<li><strong>Situa\u00e7\u00e3o<\/strong>: autorizado e comiss\u00e3o formada<\/li>\n\n\n\n<li><strong style=\"color: initial;\">Vagas<\/strong><span style=\"color: initial;\">: a definir<\/span><\/li>\n\n\n\n<li><strong>Sal\u00e1rio<\/strong>: R$ 7.818,45 a R$ 24.247,12<\/li>\n\n\n\n<li><strong>\u00daltimo edital:<\/strong>&nbsp;<a href=\"https:\/\/dhg1h5j42swfq.cloudfront.net\/2021\/09\/28154952\/publicacaodocumento-1.pdf\" target=\"_blank\" rel=\"noreferrer noopener nofollow\">PC PR &#8211; 2020<\/a><\/li>\n<\/ul>\n\n\n\n<p>Neste artigo, reunimos as principais informa\u00e7\u00f5es sobre o concurso da Pol\u00edcia Civil do Paran\u00e1, com tudo o que voc\u00ea precisa saber para planejar seus estudos. Confira:<\/p>\n\n\n\n<ul id=\"indice\" class=\"wp-block-list\">\n<li><strong><a href=\"#situ\">Situa\u00e7\u00e3o atual do concurso<\/a><\/strong>\n<ul class=\"wp-block-list\">\n<li><a href=\"#banca\">Banca em defini\u00e7\u00e3o<\/a><\/li>\n\n\n\n<li><a href=\"#autorizacao\">Autoriza\u00e7\u00e3o<\/a><\/li>\n\n\n\n<li><a href=\"#comissao\">Comiss\u00e3o formada<\/a><\/li>\n\n\n\n<li><a href=\"#aprovado\">Aprovado<\/a><\/li>\n<\/ul>\n<\/li>\n\n\n\n<li><strong><a href=\"#conhecapcpr\">Conhe\u00e7a a Pol\u00edcia Civil do Paran\u00e1<\/a><\/strong>\n<ul class=\"wp-block-list\">\n<li><a href=\"#criada\">Quando foi criada?<\/a><\/li>\n\n\n\n<li><a href=\"#atribuicoespcpr\">Atribui\u00e7\u00f5es da PC PR<\/a><\/li>\n\n\n\n<li><a href=\"#atricargo\">Atribui\u00e7\u00f5es dos cargos<\/a><\/li>\n\n\n\n<li><a href=\"#requi\">Requisitos dos cargos<\/a><\/li>\n\n\n\n<li><a href=\"#remuneracao\">Remunera\u00e7\u00f5es<\/a><\/li>\n\n\n\n<li><a href=\"#cargo-mais-alto\">Qual o cargo mais alto?<\/a><\/li>\n<\/ul>\n<\/li>\n\n\n\n<li><strong><a href=\"#ultimo\">\u00daltimo concurso<\/a><\/strong>\n<ul class=\"wp-block-list\">\n<li><a href=\"#cargos\">Cargos e vagas<\/a><\/li>\n\n\n\n<li><a href=\"#inscritos\">Candidatos inscritos<\/a><\/li>\n\n\n\n<li><a href=\"#etapa1\">Etapas do concurso<\/a><\/li>\n<\/ul>\n<\/li>\n\n\n\n<li><a href=\"#materiais\">Materiais de estudo<\/a>\n<ul class=\"wp-block-list\">\n<li><a href=\"#vade\">Vade Mecum<\/a><\/li>\n\n\n\n<li><a href=\"#guia-de-estudos-pc-pr\">Guia de Estudos<\/a><\/li>\n<\/ul>\n<\/li>\n\n\n\n<li><a href=\"#cursos\">Curso para o Concurso<\/a><\/li>\n\n\n\n<li><a href=\"#ficha\">Ficha T\u00e9cnica<\/a><\/li>\n<\/ul>\n\n\n\n<div class=\"container\" id=\"boxes\">\n  <div class=\"row\">\n\n    <div class=\"col-sm\">\n      <div class=\"banner-policia-civil\" id=\"box-assinatura\">\n        <h2 class=\"titulo-assinatura\">Concurso PC PR<\/h2>\n        <p class=\"subtitulo-assinatura\">Rumo \u00e0 carreira policial dos seus sonhos!<\/p>\n        <div class=\"box-botao\">\n          <a class=\"btn-assinatura\" target=\"_blank\" href=\"https:\/\/www.estrategiaconcursos.com.br\/cursosPorConcurso\/policia-civil-do-parana-pc-pr\/\" role=\"button\" rel=\"noopener noreferrer\">INICIAR AGORA<\/a>\n        <\/div>\n      <\/div>\n      \n  <\/div>\n<\/div><\/div>\n\n\n\n<h2 class=\"wp-block-heading has-cyan-bluish-gray-background-color has-background\" id=\"situ\">Concurso PC PR: situa\u00e7\u00e3o atual<\/h2>\n\n\n\n<p>Veja as informa\u00e7\u00f5es mais importantes do Concurso para a Pol\u00edcia Civil do Paran\u00e1:<\/p>\n\n\n\n<p>Banca em defini\u00e7\u00e3o<\/p>\n\n\n\n<p>Conforme dados do E-Protocolo, <strong>tr\u00eas empresas j\u00e1 encaminharam propostas: FGV, Cebraspe e Vunesp<\/strong>.<\/p>\n\n\n\n<p>Importante destacar que outras empresas ainda podem participar do processo de contrata\u00e7\u00e3o.<\/p>\n\n\n\n<h3 class=\"wp-block-heading\" id=\"autorizacao\">Autoriza\u00e7\u00e3o e previs\u00e3o do edital PC PR<\/h3>\n\n\n\n<p>Foi oficialmente publicada a autoriza\u00e7\u00e3o para o novo concurso PC PR. O documento foi publicado no Di\u00e1rio Oficial do Estado.<\/p>\n\n\n\n<figure class=\"wp-block-image aligncenter size-full\"><img loading=\"lazy\" decoding=\"async\" width=\"517\" height=\"300\" src=\"https:\/\/dhg1h5j42swfq.cloudfront.net\/2026\/02\/09174816\/image-52.png\" alt=\"Concurso PC PR oficialmente autorizado\" class=\"wp-image-1713304\" srcset=\"https:\/\/dhg1h5j42swfq.cloudfront.net\/2026\/02\/09174816\/image-52.png 517w, https:\/\/dhg1h5j42swfq.cloudfront.net\/2026\/02\/09174816\/image-52-300x174.png 300w, https:\/\/dhg1h5j42swfq.cloudfront.net\/2026\/02\/09174816\/image-52-150x87.png 150w\" sizes=\"auto, (max-width: 517px) 100vw, 517px\" \/><figcaption class=\"wp-element-caption\">Concurso PC PR oficialmente autorizado<\/figcaption><\/figure>\n\n\n\n<p>lembrando que, em maio de 2025, foi autorizada a realiza\u00e7\u00e3o de um novo concurso p\u00fablico para a PC PR. A medida foi ratificada pelo governador.<\/p>\n\n\n\n<figure class=\"wp-block-image aligncenter is-resized\"><img loading=\"lazy\" decoding=\"async\" width=\"1024\" height=\"894\" src=\"https:\/\/dhg1h5j42swfq.cloudfront.net\/2025\/05\/07195837\/copia-de-copia-de-feed-noticia-ecj-v2-4-1-1024x894.png\" alt=\"Concurso PC PR \u00e9 autorizado; iniciais de at\u00e9 R$ 22,6 mil!\" class=\"wp-image-1572958\" style=\"width:539px;height:auto\" srcset=\"https:\/\/dhg1h5j42swfq.cloudfront.net\/2025\/05\/07195837\/copia-de-copia-de-feed-noticia-ecj-v2-4-1-1024x894.png 1024w, https:\/\/dhg1h5j42swfq.cloudfront.net\/2025\/05\/07195837\/copia-de-copia-de-feed-noticia-ecj-v2-4-1-300x262.png 300w, https:\/\/dhg1h5j42swfq.cloudfront.net\/2025\/05\/07195837\/copia-de-copia-de-feed-noticia-ecj-v2-4-1-768x671.png 768w, https:\/\/dhg1h5j42swfq.cloudfront.net\/2025\/05\/07195837\/copia-de-copia-de-feed-noticia-ecj-v2-4-1-150x131.png 150w, https:\/\/dhg1h5j42swfq.cloudfront.net\/2025\/05\/07195837\/copia-de-copia-de-feed-noticia-ecj-v2-4-1.png 1080w\" sizes=\"auto, (max-width: 1024px) 100vw, 1024px\" \/><figcaption class=\"wp-element-caption\">Autoriza\u00e7\u00e3o do concurso PC PR<\/figcaption><\/figure>\n\n\n\n<p>Al\u00e9m disso, a assessoria de comunica\u00e7\u00e3o da PC PR confirmou que <strong>a publica\u00e7\u00e3o do edital deve ocorrer no segundo semestre de 2026<\/strong>.<\/p>\n\n\n\n<p>O certame ser\u00e1 para as carreiras de <strong>Agente da Pol\u00edcia Judici\u00e1ria, Papiloscopista e Delegado<\/strong>. O quantitativo de vagas ainda est\u00e1 em fase de defini\u00e7\u00e3o, considerando estudos t\u00e9cnicos, necessidade institucional e disponibilidade or\u00e7ament\u00e1ria. <\/p>\n\n\n\n<p>A assessoria tamb\u00e9m destacou que o <strong>processo de escolha da banca organizadora ainda n\u00e3o foi conclu\u00eddo<\/strong>. A contrata\u00e7\u00e3o seguir\u00e1 os tr\u00e2mites legais.<\/p>\n\n\n\n<h3 class=\"wp-block-heading\" id=\"comiss\u00e3o\">Comiss\u00e3o formada<\/h3>\n\n\n\n<p>No m\u00eas de mar\u00e7o de 2025, foi institu\u00edda uma comiss\u00e3o permanente respons\u00e1vel pelo novo concurso PC PR. A delibera\u00e7\u00e3o foi publicada no Di\u00e1rio Oficial do Estado. <\/p>\n\n\n\n<figure class=\"wp-block-image aligncenter size-full\"><img loading=\"lazy\" decoding=\"async\" width=\"515\" height=\"974\" src=\"https:\/\/dhg1h5j42swfq.cloudfront.net\/2025\/07\/29090559\/concurso-pc-pr-comissao-formada.png\" alt=\"\" class=\"wp-image-1646046\" srcset=\"https:\/\/dhg1h5j42swfq.cloudfront.net\/2025\/07\/29090559\/concurso-pc-pr-comissao-formada.png 515w, https:\/\/dhg1h5j42swfq.cloudfront.net\/2025\/07\/29090559\/concurso-pc-pr-comissao-formada-159x300.png 159w, https:\/\/dhg1h5j42swfq.cloudfront.net\/2025\/07\/29090559\/concurso-pc-pr-comissao-formada-150x284.png 150w\" sizes=\"auto, (max-width: 515px) 100vw, 515px\" \/><figcaption class=\"wp-element-caption\">Comiss\u00e3o de membros do pr\u00f3ximo concurso PC PR<\/figcaption><\/figure>\n\n\n\n<h3 class=\"wp-block-heading\" id=\"aprovado\">Concurso aprovado<\/h3>\n\n\n\n<p>Em 2024, o Conselho Superior da Pol\u00edcia Civil do Paran\u00e1, por meio da Delibera\u00e7\u00e3o n\u00ba 926\/2024, aprovou a abertura de um <strong>novo concurso PC PR.<\/strong><\/p>\n\n\n\n<figure class=\"wp-block-image aligncenter\"><img loading=\"lazy\" decoding=\"async\" width=\"552\" height=\"643\" src=\"https:\/\/dhg1h5j42swfq.cloudfront.net\/2024\/11\/19214108\/image-264.png\" alt=\"novo concurso pc pr aprovado\" class=\"wp-image-1492377\" srcset=\"https:\/\/dhg1h5j42swfq.cloudfront.net\/2024\/11\/19214108\/image-264.png 552w, https:\/\/dhg1h5j42swfq.cloudfront.net\/2024\/11\/19214108\/image-264-258x300.png 258w, https:\/\/dhg1h5j42swfq.cloudfront.net\/2024\/11\/19214108\/image-264-150x175.png 150w\" sizes=\"auto, (max-width: 552px) 100vw, 552px\" \/><figcaption class=\"wp-element-caption\">Concurso Pol\u00edcia Civil PR aprovado<\/figcaption><\/figure>\n\n\n\n<h2 class=\"wp-block-heading has-cyan-bluish-gray-background-color has-background\" id=\"conhecapcpr\">Conhe\u00e7a a Pol\u00edcia Civil do Paran\u00e1<\/h2>\n\n\n\n<h3 class=\"wp-block-heading\" id=\"criada\">Quando foi criada a PC PR?<\/h3>\n\n\n\n<p>A Pol\u00edcia Civil do Paran\u00e1 (PC PR) foi criada em 28 de setembro de 1853, por decreto do imperador Dom Pedro II, e completou 172 anos de atua\u00e7\u00e3o em 2025. Desde sua origem, a institui\u00e7\u00e3o tem papel fundamental na investiga\u00e7\u00e3o criminal e na preserva\u00e7\u00e3o da ordem p\u00fablica, acompanhando as transforma\u00e7\u00f5es hist\u00f3ricas, sociais e jur\u00eddicas do estado do Paran\u00e1.<\/p>\n\n\n\n<h3 class=\"wp-block-heading\" id=\"atribuicoespcpr\">Quais s\u00e3o as atribui\u00e7\u00f5es da PC PR?<\/h3>\n\n\n\n<p>Dentro da esfera de compet\u00eancia est\u00e1 a realiza\u00e7\u00e3o de investiga\u00e7\u00f5es criminais, por meio de inqu\u00e9rito policial ou termo circunstanciado, bem como a lavratura de auto de pris\u00e3o em flagrante e termo circunstanciado em situa\u00e7\u00e3o flagrancial.<\/p>\n\n\n\n<p>Compete tamb\u00e9m \u00e0 Pol\u00edcia Civil representar pelas medidas judiciais necess\u00e1rias \u00e0 consecu\u00e7\u00e3o de suas atribui\u00e7\u00f5es e dar efetividade \u00e0s decis\u00f5es judiciais relacionadas \u00e0 investiga\u00e7\u00e3o criminal.<\/p>\n\n\n\n<h3 class=\"wp-block-heading\" id=\"atricargo\">Atribui\u00e7\u00f5es dos cargos da PC PR<\/h3>\n\n\n\n<h4 class=\"wp-block-heading\" id=\"h-escrivao-atual-agente-de-policia-judiciaria\"><strong>Escriv\u00e3o (atual Agente de Pol\u00edcia Judici\u00e1ria)<\/strong><\/h4>\n\n\n\n<ul class=\"wp-block-list\">\n<li>I \u2013 Cumprir e fazer cumprir as ordens, despachos ou determina\u00e7\u00f5es emanadas do Delegado de Pol\u00edcia Titular da Unidade Policial ou da que preside o procedimento investigat\u00f3rio;&nbsp;<\/li>\n\n\n\n<li>II \u2013 Dirigir e fiscalizar os trabalhos cartor\u00e1rios, da Corregedoria, Delegacias Especializadas, Distritos Policiais e demais Delegacias;&nbsp;<\/li>\n\n\n\n<li>III \u2013 Lavrar e subscrever os autos e termos adotados na mec\u00e2nica processual, sob a orienta\u00e7\u00e3o do Delegado;&nbsp;<\/li>\n\n\n\n<li>IV \u2013 Fiscalizar a continuidade dos processos ou inqu\u00e9ritos distribu\u00eddos, providenciando a sua normalidade sequencial;&nbsp;<\/li>\n\n\n\n<li>V \u2013 Expedir certid\u00f5es a requerimento das partes, firmadas por Delegado e ap\u00f3s despacho autorizat\u00f3rio deste.<\/li>\n<\/ul>\n\n\n\n<h4 class=\"wp-block-heading\" id=\"h-investigador-atual-agente-de-policia-judiciaria\"><strong>Investigador (atual Agente de Pol\u00edcia Judici\u00e1ria)<\/strong><\/h4>\n\n\n\n<ul class=\"wp-block-list\">\n<li>I \u2013 Proceder a qualquer servi\u00e7o de natureza policial ou de seguran\u00e7a, da garantia de vida ou da propriedade do cidad\u00e3o, a preserva\u00e7\u00e3o das institui\u00e7\u00f5es ou dos bens p\u00fablicos, do respeito \u00e0 lei e observ\u00e2ncia das normas regulamentares;&nbsp;<\/li>\n\n\n\n<li>II \u2013 comunicar \u00e0 autoridade policial a que estiver subordinado, qualquer fato grave ou potencialmente lesivo ou que demande investiga\u00e7\u00e3o, chegados ao seu conhecimento;&nbsp;<\/li>\n\n\n\n<li>III \u2013 prender ou fazer prender delinquentes contra os quais houver mandado de pris\u00e3o ou em flagrante delito, providenciando, neste caso, o acompanhamento de testemunhas;&nbsp;<\/li>\n\n\n\n<li>IV \u2013 comparecer a servi\u00e7o de plant\u00e3o, rondas, guarda e vigil\u00e2ncia de unidades policiais, seguran\u00e7a de pessoas e outros para os quais tenha sido escalado.<\/li>\n<\/ul>\n\n\n\n<h4 class=\"wp-block-heading\" id=\"h-papiloscopista\"><strong>Papiloscopista<\/strong><\/h4>\n\n\n\n<ul class=\"wp-block-list\">\n<li>I &#8211; efetuar a coleta de impress\u00f5es digitais nos postos e se\u00e7\u00f5es de identifica\u00e7\u00e3o;<\/li>\n\n\n\n<li>II &#8211; colher as impress\u00f5es das linhas papilares das extremidades digitais das m\u00e3os de todas as pessoas interessadas na aquisi\u00e7\u00e3o de documentos;<\/li>\n\n\n\n<li>III &#8211; colher impress\u00f5es datilosc\u00f3picas de v\u00edtimas em locais de acidentes e de cad\u00e1veres no Instituto M\u00e9dico Legal;<\/li>\n\n\n\n<li>IV &#8211; tomar as impress\u00f5es digitais palmares e plantares quando necess\u00e1rio para qualquer trabalho t\u00e9cnico policial;<\/li>\n\n\n\n<li>V &#8211; tomar as impress\u00f5es digitais de pessoas presas ou detidas, qualquer que seja o motivo, por determina\u00e7\u00e3o de autoridade competente, mediante guia ou requisi\u00e7\u00e3o;<\/li>\n\n\n\n<li>VI &#8211; controlar em prontu\u00e1rios apropriados o registro geral, as passagens criminais e o respectivo qualificativo das pessoas identificadas.<\/li>\n<\/ul>\n\n\n\n<h3 class=\"wp-block-heading\" id=\"requi\">Requisitos dos cargos<\/h3>\n\n\n\n<h4 class=\"wp-block-heading\" id=\"h-escrivao-investigador-atual-agente-de-policia-judiciaria\"><strong><span style=\"text-decoration: underline;\">Escriv\u00e3o, Investigador (atual Agente de Pol\u00edcia Judici\u00e1ria)<\/span><\/strong><\/h4>\n\n\n\n<p>Possuir diploma de conclus\u00e3o de qualquer curso de gradua\u00e7\u00e3o de n\u00edvel superior, ter 21 anos de idade, no m\u00ednimo, e possuir CNH categoria B ou superior.<\/p>\n\n\n\n<h4 class=\"wp-block-heading\" id=\"h-papiloscopista-0\"><span style=\"text-decoration: underline;\"><strong>Papiloscopista<\/strong><\/span><\/h4>\n\n\n\n<p>Possuir diploma de conclus\u00e3o de qualquer curso de gradua\u00e7\u00e3o de n\u00edvel superior e possuir CNH categoria B ou superior.<\/p>\n\n\n\n<h3 class=\"wp-block-heading\" id=\"remuneracao\">Remunera\u00e7\u00f5es<\/h3>\n\n\n\n<p>Veja abaixo a atual <a href=\"https:\/\/dhg1h5j42swfq.cloudfront.net\/2025\/11\/14014443\/tabela-salarial-pc-pr.pdf\" target=\"_blank\" rel=\"noreferrer noopener nofollow\">tabela remunerat\u00f3ria<\/a> para os cargos de Delegado, Papiloscopista e Agente de Pol\u00edcia Judici\u00e1ria da Pol\u00edcia Civil do Paran\u00e1.<\/p>\n\n\n\n<p><span style=\"text-decoration: underline;\"><strong>Agente de Pol\u00edcia Judici\u00e1ria e Papiloscopista<\/strong><\/span><\/p>\n\n\n\n<figure class=\"wp-block-image aligncenter size-full\"><img loading=\"lazy\" decoding=\"async\" width=\"582\" height=\"362\" src=\"https:\/\/dhg1h5j42swfq.cloudfront.net\/2025\/07\/29085405\/agentepapilo-pr.jpg\" alt=\"Tabela remunerat\u00f3ria para os cargos Agente de Pol\u00edcia e Papiloscopista\" class=\"wp-image-1646038\" srcset=\"https:\/\/dhg1h5j42swfq.cloudfront.net\/2025\/07\/29085405\/agentepapilo-pr.jpg 582w, https:\/\/dhg1h5j42swfq.cloudfront.net\/2025\/07\/29085405\/agentepapilo-pr-300x187.jpg 300w, https:\/\/dhg1h5j42swfq.cloudfront.net\/2025\/07\/29085405\/agentepapilo-pr-150x93.jpg 150w\" sizes=\"auto, (max-width: 582px) 100vw, 582px\" \/><figcaption class=\"wp-element-caption\">Tabela remunerat\u00f3ria para os cargos Agente de Pol\u00edcia e Papiloscopista<\/figcaption><\/figure>\n\n\n\n<p class=\"has-text-align-left\"><span style=\"text-decoration: underline;\"><strong>Delegado<\/strong><\/span><\/p>\n\n\n\n<figure class=\"wp-block-image aligncenter size-full is-resized\"><img loading=\"lazy\" decoding=\"async\" width=\"621\" height=\"386\" src=\"https:\/\/dhg1h5j42swfq.cloudfront.net\/2025\/09\/13141257\/remuneracao-delegado-pr.jpg\" alt=\"\" class=\"wp-image-1670109\" style=\"width:585px;height:auto\" srcset=\"https:\/\/dhg1h5j42swfq.cloudfront.net\/2025\/09\/13141257\/remuneracao-delegado-pr.jpg 621w, https:\/\/dhg1h5j42swfq.cloudfront.net\/2025\/09\/13141257\/remuneracao-delegado-pr-300x186.jpg 300w, https:\/\/dhg1h5j42swfq.cloudfront.net\/2025\/09\/13141257\/remuneracao-delegado-pr-150x93.jpg 150w\" sizes=\"auto, (max-width: 621px) 100vw, 621px\" \/><figcaption class=\"wp-element-caption\">Tabela remunerat\u00f3ria para o cargo de Delegado<\/figcaption><\/figure>\n\n\n\n<h3 class=\"wp-block-heading\" id=\"h-exemplos-reais-de-remuneracao\">Exemplos reais de remunera\u00e7\u00e3o<\/h3>\n\n\n\n<p><strong>Agente de Pol\u00edcia Judici\u00e1ria<\/strong><\/p>\n\n\n\n<figure class=\"wp-block-image aligncenter size-large\"><img loading=\"lazy\" decoding=\"async\" width=\"1024\" height=\"128\" src=\"https:\/\/dhg1h5j42swfq.cloudfront.net\/2025\/11\/13143914\/image-115-1024x128.png\" alt=\"\" class=\"wp-image-1670148\" srcset=\"https:\/\/dhg1h5j42swfq.cloudfront.net\/2025\/11\/13143914\/image-115-1024x128.png 1024w, https:\/\/dhg1h5j42swfq.cloudfront.net\/2025\/11\/13143914\/image-115-300x38.png 300w, https:\/\/dhg1h5j42swfq.cloudfront.net\/2025\/11\/13143914\/image-115-768x96.png 768w, https:\/\/dhg1h5j42swfq.cloudfront.net\/2025\/11\/13143914\/image-115-150x19.png 150w, https:\/\/dhg1h5j42swfq.cloudfront.net\/2025\/11\/13143914\/image-115.png 1196w\" sizes=\"auto, (max-width: 1024px) 100vw, 1024px\" \/><figcaption class=\"wp-element-caption\">Remunera\u00e7\u00e3o de servidor admitido em 2022<\/figcaption><\/figure>\n\n\n\n<p><strong>Papiloscopista<\/strong><\/p>\n\n\n\n<figure class=\"wp-block-image aligncenter size-large\"><img loading=\"lazy\" decoding=\"async\" width=\"1024\" height=\"152\" src=\"https:\/\/dhg1h5j42swfq.cloudfront.net\/2025\/11\/13150349\/image-118-1024x152.png\" alt=\"\" class=\"wp-image-1670187\" srcset=\"https:\/\/dhg1h5j42swfq.cloudfront.net\/2025\/11\/13150349\/image-118-1024x152.png 1024w, https:\/\/dhg1h5j42swfq.cloudfront.net\/2025\/11\/13150349\/image-118-300x44.png 300w, https:\/\/dhg1h5j42swfq.cloudfront.net\/2025\/11\/13150349\/image-118-768x114.png 768w, https:\/\/dhg1h5j42swfq.cloudfront.net\/2025\/11\/13150349\/image-118-150x22.png 150w, https:\/\/dhg1h5j42swfq.cloudfront.net\/2025\/11\/13150349\/image-118.png 1195w\" sizes=\"auto, (max-width: 1024px) 100vw, 1024px\" \/><figcaption class=\"wp-element-caption\">Remunera\u00e7\u00e3o de servidor admitido em 2022<\/figcaption><\/figure>\n\n\n\n<p><strong>Delegado<\/strong><\/p>\n\n\n\n<figure class=\"wp-block-image aligncenter size-large\"><img loading=\"lazy\" decoding=\"async\" width=\"1024\" height=\"150\" src=\"https:\/\/dhg1h5j42swfq.cloudfront.net\/2025\/11\/13145250\/image-117-1024x150.png\" alt=\"\" class=\"wp-image-1670178\" srcset=\"https:\/\/dhg1h5j42swfq.cloudfront.net\/2025\/11\/13145250\/image-117-1024x150.png 1024w, https:\/\/dhg1h5j42swfq.cloudfront.net\/2025\/11\/13145250\/image-117-300x44.png 300w, https:\/\/dhg1h5j42swfq.cloudfront.net\/2025\/11\/13145250\/image-117-768x112.png 768w, https:\/\/dhg1h5j42swfq.cloudfront.net\/2025\/11\/13145250\/image-117-150x22.png 150w, https:\/\/dhg1h5j42swfq.cloudfront.net\/2025\/11\/13145250\/image-117.png 1197w\" sizes=\"auto, (max-width: 1024px) 100vw, 1024px\" \/><figcaption class=\"wp-element-caption\">Remunera\u00e7\u00e3o de servidor admitido em 2022<\/figcaption><\/figure>\n\n\n\n<h3 class=\"wp-block-heading\" id=\"cargo-mais-alto\">Qual o cargo mais alto na Pol\u00edcia Civil do PR?<\/h3>\n\n\n\n<p>O cargo mais alto da Pol\u00edcia Civil do Paran\u00e1 (PCPR) \u00e9 o de Delegado-Geral da Pol\u00edcia Civil, autoridade m\u00e1xima da institui\u00e7\u00e3o, respons\u00e1vel pela dire\u00e7\u00e3o administrativa, operacional e estrat\u00e9gica do \u00f3rg\u00e3o. A nomea\u00e7\u00e3o \u00e9 uma atribui\u00e7\u00e3o do Governador do Estado. <\/p>\n\n\n\n<h3 class=\"wp-block-heading\" id=\"progressao\">Como funciona a progress\u00e3o na carreira da Pol\u00edcia Civil?<\/h3>\n\n\n\n<p>O desenvolvimento na carreira de Policiais Civis ocorrer\u00e1 por meio dos institutos de progress\u00e3o e promo\u00e7\u00e3o. A progress\u00e3o \u00e9 a mudan\u00e7a de refer\u00eancia para outra imediatamente superior, dentro da mesma classe.<\/p>\n\n\n\n<p>Inicialmente, \u00e9 concedida ao Policial que atingir 5 anos de efetivo exerc\u00edcio ao Estado do Paran\u00e1. Ap\u00f3s atingir a refer\u00eancia de n\u00famero 6 a progress\u00e3o acontecer\u00e1 a cada 2 anos de efetivo exerc\u00edcio ao Estado. <\/p>\n\n\n\n<p>A promo\u00e7\u00e3o \u00e9 a mudan\u00e7a de classe para outra imediatamente superior. A promo\u00e7\u00e3o para Policiais Civis e Delegados pode ocorrer de acordo com os crit\u00e9rios de antiguidade ou merecimento.<\/p>\n\n\n\n<h2 class=\"wp-block-heading has-very-light-gray-to-cyan-bluish-gray-gradient-background has-background\" id=\"ultimo\">Concurso PC PR: \u00faltimo concurso<\/h2>\n\n\n\n<h3 class=\"wp-block-heading\" id=\"cargos\">Cargos e vagas<\/h3>\n\n\n\n<figure class=\"wp-block-table is-style-stripes\"><table class=\"has-very-light-gray-to-cyan-bluish-gray-gradient-background has-background has-fixed-layout\"><thead><tr><th class=\"has-text-align-center\" data-align=\"center\">Cargo<\/th><th class=\"has-text-align-center\" data-align=\"center\">Vagas<\/th><th class=\"has-text-align-center\" data-align=\"center\">Remunera\u00e7\u00e3o<\/th><\/tr><\/thead><tbody><tr><td class=\"has-text-align-center\" data-align=\"center\"><strong>Delegado<\/strong><\/td><td class=\"has-text-align-center\" data-align=\"center\">50 vagas<\/td><td class=\"has-text-align-center\" data-align=\"center\">R$ 18.280,05<\/td><\/tr><tr><td class=\"has-text-align-center\" data-align=\"center\"><strong>Investigador<\/strong><\/td><td class=\"has-text-align-center\" data-align=\"center\">300 vagas<\/td><td class=\"has-text-align-center\" data-align=\"center\">R$ 5.588,05<\/td><\/tr><tr><td class=\"has-text-align-center\" data-align=\"center\"><strong>Papiloscopista<\/strong><\/td><td class=\"has-text-align-center\" data-align=\"center\">50 vagas<\/td><td class=\"has-text-align-center\" data-align=\"center\">R$ 5.867,45<\/td><\/tr><\/tbody><\/table><figcaption class=\"wp-element-caption\">Quantidade e remunera\u00e7\u00e3o para cada cargo da PC PR<\/figcaption><\/figure>\n\n\n\n<h3 class=\"wp-block-heading\" id=\"inscritos\">Candidatos inscritos<\/h3>\n\n\n\n<p>O certame conta com mais de 100 mil inscritos para disputar uma das 400 vagas ofertadas para os cargos de <strong>Delegado, Investigador e Papiloscopista<\/strong>.<\/p>\n\n\n\n<p>O cargo com maior n\u00famero de inscritos foi o de Investigador, para o interior de Curitiba, com 45.706 inscritos. O segundo cargo mais concorrido foi o de Delegado, com 34.884 inscritos. <\/p>\n\n\n\n<ul class=\"wp-block-list\">\n<li><a href=\"https:\/\/www.estrategiaconcursos.com.br\/blog\/concurso-pc-pr-mais-de-100-mil-inscritos\/\" target=\"_blank\" rel=\"noreferrer noopener\"><strong>Inscritos e concorr\u00eancia<\/strong><\/a><\/li>\n<\/ul>\n\n\n\n<h3 class=\"wp-block-heading\" id=\"etapa1\">Etapas do concurso PC PR<\/h3>\n\n\n\n<p>O concurso da Pol\u00edcia Civil PR foi constitu\u00eddo por seis etapas: Prova Objetiva, Prova de Conhecimentos Espec\u00edficos, Prova de T\u00edtulos, Prova de Higidez F\u00edsica, Prova de Aptid\u00e3o F\u00edsica e Exame de Investiga\u00e7\u00e3o de Conduta. <\/p>\n\n\n\n<p>Confira a seguir os detalhes das principais etapas do certame:<\/p>\n\n\n\n<h4 class=\"wp-block-heading\" id=\"objetiva\">Prova Objetiva<\/h4>\n\n\n\n<p>A prova objetiva foi do tipo m\u00faltipla escolha, com cinco alternativas cada, das quais apenas uma deveria ser assinalada. Avaliada na escala de 0 a 100 pontos, de car\u00e1ter eliminat\u00f3rio e classificat\u00f3rio, a prova foi constitu\u00edda da seguinte maneira:<\/p>\n\n\n\n<figure class=\"wp-block-image aligncenter\"><img loading=\"lazy\" decoding=\"async\" width=\"857\" height=\"408\" src=\"https:\/\/dhg1h5j42swfq.cloudfront.net\/2020\/04\/08235017\/image-96.png\" alt=\"Mat\u00e9rias da prova objetiva para o Concurso PC PR\" class=\"wp-image-501858\" srcset=\"https:\/\/dhg1h5j42swfq.cloudfront.net\/2020\/04\/08235017\/image-96.png 857w, https:\/\/dhg1h5j42swfq.cloudfront.net\/2020\/04\/08235017\/image-96-300x143.png 300w, https:\/\/dhg1h5j42swfq.cloudfront.net\/2020\/04\/08235017\/image-96-768x366.png 768w, https:\/\/dhg1h5j42swfq.cloudfront.net\/2020\/04\/08235017\/image-96-610x290.png 610w\" sizes=\"auto, (max-width: 857px) 100vw, 857px\" \/><figcaption class=\"wp-element-caption\">Quadro de provas objetivas<\/figcaption><\/figure>\n\n\n\n<h4 class=\"wp-block-heading\" id=\"especificos\">Prova de Conhecimentos Espec\u00edficos<\/h4>\n\n\n\n<p>Os candidatos que prestarem o concurso para o cargo de Delegado realizaram a etapa de Prova de Conhecimentos Espec\u00edficos no dia 12 de dezembro de 2021.<\/p>\n\n\n\n<figure class=\"wp-block-image aligncenter\"><img loading=\"lazy\" decoding=\"async\" width=\"849\" height=\"454\" src=\"https:\/\/dhg1h5j42swfq.cloudfront.net\/2020\/04\/09000008\/image-97.png\" alt=\"Mat\u00e9rias de conhecimentos espec\u00edficos do Concurso PC PR\" class=\"wp-image-501862\" srcset=\"https:\/\/dhg1h5j42swfq.cloudfront.net\/2020\/04\/09000008\/image-97.png 849w, https:\/\/dhg1h5j42swfq.cloudfront.net\/2020\/04\/09000008\/image-97-300x160.png 300w, https:\/\/dhg1h5j42swfq.cloudfront.net\/2020\/04\/09000008\/image-97-768x411.png 768w, https:\/\/dhg1h5j42swfq.cloudfront.net\/2020\/04\/09000008\/image-97-610x326.png 610w\" sizes=\"auto, (max-width: 849px) 100vw, 849px\" \/><figcaption class=\"wp-element-caption\">Quadro de prova de conhecimentos espec\u00edficos <\/figcaption><\/figure>\n\n\n\n<h4 class=\"wp-block-heading\" id=\"titulos\">Prova de T\u00edtulos<\/h4>\n\n\n\n<p>Participaram desta fase, de car\u00e1ter exclusivamente classificat\u00f3rio, os candidatos classificados nas etapas anteriores. Para a Prova de T\u00edtulos, foram considerados, de acordo com o cargo, os seguintes documentos:<\/p>\n\n\n\n<figure class=\"wp-block-image aligncenter\"><img loading=\"lazy\" decoding=\"async\" width=\"713\" height=\"407\" src=\"https:\/\/dhg1h5j42swfq.cloudfront.net\/2020\/04\/09000457\/image-98.png\" alt=\"Tabela de pontua\u00e7\u00e3o da Prova de T\u00edtulos do Concurso PC PR\" class=\"wp-image-501864\" srcset=\"https:\/\/dhg1h5j42swfq.cloudfront.net\/2020\/04\/09000457\/image-98.png 713w, https:\/\/dhg1h5j42swfq.cloudfront.net\/2020\/04\/09000457\/image-98-300x171.png 300w, https:\/\/dhg1h5j42swfq.cloudfront.net\/2020\/04\/09000457\/image-98-610x348.png 610w\" sizes=\"auto, (max-width: 713px) 100vw, 713px\" \/><figcaption class=\"wp-element-caption\">Tabela da Prova de T\u00edtulos<\/figcaption><\/figure>\n\n\n\n<figure class=\"wp-block-image aligncenter\"><img loading=\"lazy\" decoding=\"async\" width=\"709\" height=\"314\" src=\"https:\/\/dhg1h5j42swfq.cloudfront.net\/2020\/04\/09000543\/image-99.png\" alt=\"Tabela da Prova de T\u00edtulos do Concurso PC PR\" class=\"wp-image-501865\" srcset=\"https:\/\/dhg1h5j42swfq.cloudfront.net\/2020\/04\/09000543\/image-99.png 709w, https:\/\/dhg1h5j42swfq.cloudfront.net\/2020\/04\/09000543\/image-99-300x133.png 300w, https:\/\/dhg1h5j42swfq.cloudfront.net\/2020\/04\/09000543\/image-99-610x270.png 610w\" sizes=\"auto, (max-width: 709px) 100vw, 709px\" \/><figcaption class=\"wp-element-caption\">Quadro de t\u00edtulos do concurso PC PR<\/figcaption><\/figure>\n\n\n\n<h4 class=\"wp-block-heading\" id=\"higidez\">Prova de Higidez F\u00edsica<\/h4>\n\n\n\n<p>A Prova de Higidez F\u00edsica teve car\u00e1ter eliminat\u00f3rio, sendo realizada por Banca Examinadora, consistindo na realiza\u00e7\u00e3o de exame m\u00e9dico cl\u00ednico, de forma presencial, com finalidade avaliar, no conjunto, as condi\u00e7\u00f5es f\u00edsicas efetivas do candidato para o exerc\u00edcio da fun\u00e7\u00e3o de policial civil.<\/p>\n\n\n\n<h4 class=\"wp-block-heading\" id=\"aptidao\">Prova de Aptid\u00e3o F\u00edsica<\/h4>\n\n\n\n<p>A Prova de Aptid\u00e3o F\u00edsica teve car\u00e1ter eliminat\u00f3rio e visou avaliar a capacidade m\u00ednima do candidato para suportar f\u00edsica e organicamente os treinamentos a que ser\u00e1 submetido, bem como as condi\u00e7\u00f5es t\u00edpicas para o desempenho das atribui\u00e7\u00f5es de cada um dos cargos ofertados.<\/p>\n\n\n\n<figure class=\"wp-block-image aligncenter\"><img loading=\"lazy\" decoding=\"async\" width=\"707\" height=\"358\" src=\"https:\/\/dhg1h5j42swfq.cloudfront.net\/2020\/04\/09001140\/image-101.png\" alt=\"Tabela de exerc\u00edcios f\u00edsicos do Concurso PC PR\" class=\"wp-image-501869\" srcset=\"https:\/\/dhg1h5j42swfq.cloudfront.net\/2020\/04\/09001140\/image-101.png 707w, https:\/\/dhg1h5j42swfq.cloudfront.net\/2020\/04\/09001140\/image-101-300x152.png 300w, https:\/\/dhg1h5j42swfq.cloudfront.net\/2020\/04\/09001140\/image-101-610x309.png 610w\" sizes=\"auto, (max-width: 707px) 100vw, 707px\" \/><figcaption class=\"wp-element-caption\">TAF do concurso PC PR<\/figcaption><\/figure>\n\n\n\n<h4 class=\"wp-block-heading\" id=\"investigacao\">Exame de Investiga\u00e7\u00e3o de Conduta<\/h4>\n\n\n\n<p>O Exame de Investiga\u00e7\u00e3o de Conduta tem car\u00e1ter eliminat\u00f3rio, sendo realizada por Banca Examinadora espec\u00edfica presidida pelo Corregedor Geral da Pol\u00edcia Civil e demais membros designados, e visa verificar todos os aspectos da vida pregressa e atual do candidato.<\/p>\n\n\n\n<p>Nessa fase do Concurso P\u00fablico, ser\u00e3o levados em conta:<\/p>\n\n\n\n<ul class=\"wp-block-list\">\n<li>a falta de entrega de qualquer documento exigido;<\/li>\n\n\n\n<li>a presta\u00e7\u00e3o de informa\u00e7\u00e3o inver\u00eddica ou incompleta ou falsa sobre o candidato;<\/li>\n\n\n\n<li>informa\u00e7\u00f5es sobre eventual uso abusivo de \u00e1lcool e utiliza\u00e7\u00e3o de drogas il\u00edcitas;<\/li>\n\n\n\n<li>a fundada suspeita de v\u00ednculo com organiza\u00e7\u00e3o criminosa;<\/li>\n\n\n\n<li>condutas inapropriadas e reiteradas, desvios comportamentais ou inid\u00f4neos, que n\u00e3o recomendem ou incompatibilizem o candidato com a fun\u00e7\u00e3o policial civil;<\/li>\n\n\n\n<li>inadimplemento de obriga\u00e7\u00f5es contratuais.<\/li>\n\n\n\n<li>constatada qualquer conduta ou evid\u00eancia que demonstre a inadequa\u00e7\u00e3o do candidato com os preceitos legais, \u00e9ticos e morais, de forma a n\u00e3o o recomendar para o exerc\u00edcio do cargo pleiteado, o Corregedor Geral da Pol\u00edcia Civil encaminhar\u00e1 relat\u00f3rio circunstanciado sobre os impedimentos.<\/li>\n<\/ul>\n\n\n\n<h2 class=\"wp-block-heading has-very-light-gray-to-cyan-bluish-gray-gradient-background has-background\" id=\"materiais\">Concurso PC PR: Materiais para estudo<\/h2>\n\n\n\n<h3 class=\"wp-block-heading\" id=\"vade\">Vade Mecum | Legisla\u00e7\u00e3o Completa<\/h3>\n\n\n\n<p>Pensando em voc\u00ea, concurseiro, os professores do Estrat\u00e9gia se reuniram para te auxiliar a poupar o seu tempo e compilar toda a legisla\u00e7\u00e3o prevista no edital. Por isso, estamos disponibilizando a legisla\u00e7\u00e3o completa prevista no concurso PC PR Escriv\u00e3o, UEL 2018.<\/p>\n\n\n\n<ul class=\"wp-block-list\">\n<li><a href=\"https:\/\/dhg1h5j42swfq.cloudfront.net\/2018\/09\/25173124\/Vade-Mecum-PC-PR.pdf\" target=\"_blank\" rel=\"noreferrer noopener nofollow\">Vade Mecum<\/a><\/li>\n<\/ul>\n\n\n\n<h3 class=\"wp-block-heading\" id=\"guia-de-estudos-pc-pr\">Guia de Estudos para o concurso PC PR<\/h3>\n\n\n\n<ul class=\"wp-block-list\">\n<li><a href=\"https:\/\/www.estrategiaconcursos.com.br\/blog\/guia-de-estudos-para-pc-pr-2020\/\" target=\"_blank\" rel=\"noreferrer noopener\">Guia de Estudos para a PC PR<\/a><\/li>\n<\/ul>\n\n\n\n<hr class=\"wp-block-separator has-css-opacity\"\/>\n\n\n\n<h2 class=\"wp-block-heading has-text-align-center\" id=\"quer-saber-tudo-sobre-concursos-previstos-confira-nossos-artigos\">Quer saber tudo sobre concursos previstos?<br \/>Confira nossos artigos!<\/h2>\n\n\n\n<ul class=\"wp-block-list\">\n<li><a href=\"https:\/\/www.estrategiaconcursos.com.br\/blog\/concursos-de-policia\/\" target=\"_blank\" rel=\"noreferrer noopener\">Concursos policiais<\/a><\/li>\n\n\n\n<li><a href=\"https:\/\/www.estrategiaconcursos.com.br\/blog\/concurso-pm-pr\/\" target=\"_blank\" rel=\"noreferrer noopener\">Concurso PMPR<\/a><\/li>\n\n\n\n<li><a href=\"https:\/\/www.estrategiaconcursos.com.br\/blog\/concursos-abertos\/\" target=\"_blank\" rel=\"noreferrer noopener\">Concursos abertos<\/a><\/li>\n\n\n\n<li><a href=\"https:\/\/www.estrategiaconcursos.com.br\/blog\/concursos-2026\/\" target=\"_blank\" rel=\"noreferrer noopener\">Concursos 2026<\/a><\/li>\n<\/ul>\n\n\n\n<h2 class=\"wp-block-heading has-text-align-center\" id=\"cursos\">Quer estudar para o concurso Pol\u00edcia Civil PR?<\/h2>\n\n\n\n<div class=\"container\" id=\"boxes\">\n  <div class=\"row\">\n\n    <div class=\"col-sm\">\n      <div class=\"banner-policia-civil\" id=\"box-assinatura\">\n        <h3 class=\"titulo-assinatura\">Concurso Pol\u00edcia Civil PR<\/h3>\n        <p class=\"subtitulo-assinatura\">Rumo \u00e0 carreira policial dos seus sonhos!<\/p>\n        <div class=\"box-botao\">\n          <a class=\"btn-assinatura\" target=\"_blank\" href=\"https:\/\/www.estrategiaconcursos.com.br\/cursosPorConcurso\/policia-civil-do-parana-pc-pr\/\" role=\"button\" rel=\"noopener noreferrer\">INICIAR AGORA<\/a>\n        <\/div>\n      <\/div>\n      <p class=\"texto-auxiliar\" <=\"\" div=\"\">\n<\/p><\/div><\/div><\/div>\n\n\n\n<div class=\"container\" id=\"boxes\">\n  <div class=\"row\">\n\n    <div class=\"col-sm\">\n      <div class=\"estrategia\" id=\"box-assinatura\">\n        <h3 class=\"titulo-assinatura\">Assinatura de Concursos<\/h3>\n        <p class=\"subtitulo-assinatura\">Assinatura de 1 ou 2 anos<\/p>\n        <div class=\"box-botao\">\n          <a class=\"btn-assinatura\" target=\"_blank\" href=\"https:\/\/www.estrategiaconcursos.com.br\/assinaturas\/\" role=\"button\" rel=\"noopener noreferrer\">ASSINE AGORA<\/a>\n        <\/div>\n      <\/div>\n      <p class=\"texto-auxiliar\"><\/p>\n    <\/div><\/div><\/div>\n\n\n\n<figure class=\"wp-block-image size-large is-resized\"><img loading=\"lazy\" decoding=\"async\" width=\"1024\" height=\"632\" src=\"https:\/\/dhg1h5j42swfq.cloudfront.net\/2021\/04\/30154833\/ficha-tecnica-1-1024x632-1-20.png\" alt=\"Ficha t\u00e9cnica \" class=\"wp-image-728312\" style=\"width:259px;height:160px\" srcset=\"https:\/\/dhg1h5j42swfq.cloudfront.net\/2021\/04\/30154833\/ficha-tecnica-1-1024x632-1-20.png 1024w, https:\/\/dhg1h5j42swfq.cloudfront.net\/2021\/04\/30154833\/ficha-tecnica-1-1024x632-1-20-300x185.png 300w, https:\/\/dhg1h5j42swfq.cloudfront.net\/2021\/04\/30154833\/ficha-tecnica-1-1024x632-1-20-768x474.png 768w, https:\/\/dhg1h5j42swfq.cloudfront.net\/2021\/04\/30154833\/ficha-tecnica-1-1024x632-1-20-610x376.png 610w\" sizes=\"auto, (max-width: 1024px) 100vw, 1024px\" \/><\/figure>\n\n\n\n<h3 class=\"wp-block-heading\" id=\"ficha\">Informa\u00e7\u00f5es do concurso PC PR<\/h3>\n\n\n\n<ul class=\"wp-block-list\">\n<li><strong>Data prevista:&nbsp;<\/strong>2026<\/li>\n\n\n\n<li><strong>Vagas<\/strong>: a definir<\/li>\n\n\n\n<li><strong>Cargos<\/strong>: Delegado, Agente de Pol\u00edcia e Papiloscopista<\/li>\n\n\n\n<li><strong>Banca<\/strong>: a definir<\/li>\n\n\n\n<li><strong>Escolaridade<\/strong>: N\u00edvel superior<\/li>\n\n\n\n<li><strong>\u00daltimo edital:&nbsp;<a href=\"https:\/\/dhg1h5j42swfq.cloudfront.net\/2021\/09\/28154952\/publicacaodocumento-1.pdf\" target=\"_blank\" rel=\"noreferrer noopener nofollow\">PC PR &#8211; 2020<\/a><\/strong><\/li>\n<\/ul>\n\n\n\n<hr class=\"wp-block-separator has-alpha-channel-opacity\"\/>\n\n\n\n<div class=\"schema-faq wp-block-yoast-faq-block\"><div class=\"schema-faq-section\" id=\"faq-question-1757620214132\"><strong class=\"schema-faq-question\">Quando ser\u00e1 o pr\u00f3ximo Concurso PC PR?<\/strong> <p class=\"schema-faq-answer\">Autorizado desde maio de 2025, o novo Concurso PC PR est\u00e1 com comiss\u00e3o formada. A publica\u00e7\u00e3o do edital deve ocorrer no 2\u00ba semestre de 2026. O validade \u00faltimo certame, que foi realizado em 2020, foi prorrogado at\u00e9 maio de 2026.<\/p> <\/div> <div class=\"schema-faq-section\" id=\"faq-question-1757621300505\"><strong class=\"schema-faq-question\">Quanto ganha um Agente de Pol\u00edcia da PC PR?<\/strong> <p class=\"schema-faq-answer\">A\u00a0<a href=\"https:\/\/dhg1h5j42swfq.cloudfront.net\/2024\/11\/14174354\/tabela-salarial-pc-pr.pdf\" target=\"_blank\" rel=\"noreferrer noopener\">atual tabela de remunera\u00e7\u00e3o<\/a>\u00a0da corpora\u00e7\u00e3o fixa os sal\u00e1rios dos agentes da PC PR entre<strong>\u00a0R$ 7.517,74 a R$ 22.612,42<\/strong>, valor que varia de acordo com o cargo.<\/p> <\/div> <\/div>\n","protected":false},"excerpt":{"rendered":"<p>Novo edital do concurso PC PR ser\u00e1 publicado no segundo semestre de 2026. Validade do \u00faltimo certame segue at\u00e9 maio! A realiza\u00e7\u00e3o do pr\u00f3ximo concurso PC PR (Pol\u00edcia Civil do Estado do Paran\u00e1) foi confirmada! A expectativa \u00e9 de que o edital seja publicado no segundo semestre de 2026. Ser\u00e3o ofertadas vagas em todas as [&hellip;]<\/p>\n","protected":false},"author":1206,"featured_media":840433,"comment_status":"open","ping_status":"open","sticky":false,"template":"","format":"standard","meta":{"post_tipo":"news_page","footnotes":""},"categories":[1988,220190],"tags":[2692],"tax_estado":[219981],"class_list":["post-78578","post","type-post","status-publish","format-standard","has-post-thumbnail","hentry","category-policia","category-policial-peritos","tag-concurso-policia-civil-pr","tax_estado-pr"],"acf":[],"yoast_head":"<!-- This site is optimized with the Yoast SEO Premium plugin v27.2 (Yoast SEO v27.2) - https:\/\/yoast.com\/product\/yoast-seo-premium-wordpress\/ -->\n<title>Concurso PC PR: edital em 2026. Inicial de at\u00e9 R$ 24,2 mil!<\/title>\n<meta name=\"description\" content=\"Novo concurso PC PR ter\u00e1 edital publicado em 2026. Vagas para Agente, Papiloscopista e Delegado. Confira os detalhes no blog!\" \/>\n<meta name=\"robots\" content=\"index, follow, max-snippet:-1, max-image-preview:large, max-video-preview:-1\" \/>\n<link rel=\"canonical\" href=\"https:\/\/www.estrategiaconcursos.com.br\/blog\/concurso-policia-civil-pr\/\" \/>\n<meta property=\"og:locale\" content=\"pt_BR\" \/>\n<meta property=\"og:type\" content=\"article\" \/>\n<meta property=\"og:title\" content=\"Concurso PC PR: edital em 2026. Inicial de at\u00e9 R$ 24,2 mil!\" \/>\n<meta property=\"og:description\" content=\"Novo concurso PC PR ter\u00e1 edital publicado em 2026. Vagas para Agente, Papiloscopista e Delegado. Confira os detalhes no blog!\" \/>\n<meta property=\"og:url\" content=\"https:\/\/www.estrategiaconcursos.com.br\/blog\/concurso-policia-civil-pr\/\" \/>\n<meta property=\"og:site_name\" content=\"Estrat\u00e9gia Concursos\" \/>\n<meta property=\"article:published_time\" content=\"2026-04-09T20:56:01+00:00\" \/>\n<meta property=\"article:modified_time\" content=\"2026-04-09T22:16:20+00:00\" \/>\n<meta property=\"og:image\" content=\"https:\/\/dhg1h5j42swfq.cloudfront.net\/2021\/08\/19104220\/pc-pr.jpg\" \/>\n\t<meta property=\"og:image:width\" content=\"768\" \/>\n\t<meta property=\"og:image:height\" content=\"432\" \/>\n\t<meta property=\"og:image:type\" content=\"image\/jpeg\" \/>\n<meta name=\"author\" content=\"Bruna de Andrade Fran\u00e7a\" \/>\n<meta name=\"twitter:card\" content=\"summary_large_image\" \/>\n<meta name=\"twitter:creator\" content=\"@EstratConcursos\" \/>\n<meta name=\"twitter:site\" content=\"@EstratConcursos\" \/>\n<meta name=\"twitter:label1\" content=\"Escrito por\" \/>\n\t<meta name=\"twitter:data1\" content=\"Bruna de Andrade Fran\u00e7a\" \/>\n\t<meta name=\"twitter:label2\" content=\"Est. tempo de leitura\" \/>\n\t<meta name=\"twitter:data2\" content=\"13 minutos\" \/>\n<script type=\"application\/ld+json\" class=\"yoast-schema-graph\">{\"@context\":\"https:\/\/schema.org\",\"@graph\":[{\"@type\":\"NewsArticle\",\"@id\":\"https:\/\/www.estrategiaconcursos.com.br\/blog\/concurso-policia-civil-pr\/#article\",\"isPartOf\":{\"@id\":\"https:\/\/www.estrategiaconcursos.com.br\/blog\/concurso-policia-civil-pr\/\"},\"author\":{\"name\":\"Bruna de Andrade Fran\u00e7a\",\"@id\":\"https:\/\/www.estrategiaconcursos.com.br\/blog\/#\/schema\/person\/6630f91134abc08115cca62ce6372855\"},\"headline\":\"Concurso PC PR: edital em 2026. Inicial de at\u00e9 R$ 24,2 mil!\",\"datePublished\":\"2026-04-09T20:56:01+00:00\",\"dateModified\":\"2026-04-09T22:16:20+00:00\",\"mainEntityOfPage\":{\"@id\":\"https:\/\/www.estrategiaconcursos.com.br\/blog\/concurso-policia-civil-pr\/\"},\"wordCount\":2172,\"commentCount\":54,\"publisher\":{\"@id\":\"https:\/\/www.estrategiaconcursos.com.br\/blog\/#organization\"},\"image\":{\"@id\":\"https:\/\/www.estrategiaconcursos.com.br\/blog\/concurso-policia-civil-pr\/#primaryimage\"},\"thumbnailUrl\":\"https:\/\/dhg1h5j42swfq.cloudfront.net\/2021\/08\/19104220\/pc-pr.jpg\",\"keywords\":[\"Concurso Pol\u00edcia Civil PR\"],\"articleSection\":[\"Policial (Agente, Escriv\u00e3o e Investigador)\",\"Policial (Peritos, Papiloscopistas)\"],\"inLanguage\":\"pt-BR\",\"potentialAction\":[{\"@type\":\"CommentAction\",\"name\":\"Comment\",\"target\":[\"https:\/\/www.estrategiaconcursos.com.br\/blog\/concurso-policia-civil-pr\/#respond\"]}],\"copyrightYear\":\"2026\",\"copyrightHolder\":{\"@id\":\"https:\/\/www.estrategiaconcursos.com.br\/blog\/#organization\"}},{\"@type\":[\"WebPage\",\"FAQPage\"],\"@id\":\"https:\/\/www.estrategiaconcursos.com.br\/blog\/concurso-policia-civil-pr\/\",\"url\":\"https:\/\/www.estrategiaconcursos.com.br\/blog\/concurso-policia-civil-pr\/\",\"name\":\"Concurso PC PR: edital em 2026. Inicial de at\u00e9 R$ 24,2 mil!\",\"isPartOf\":{\"@id\":\"https:\/\/www.estrategiaconcursos.com.br\/blog\/#website\"},\"primaryImageOfPage\":{\"@id\":\"https:\/\/www.estrategiaconcursos.com.br\/blog\/concurso-policia-civil-pr\/#primaryimage\"},\"image\":{\"@id\":\"https:\/\/www.estrategiaconcursos.com.br\/blog\/concurso-policia-civil-pr\/#primaryimage\"},\"thumbnailUrl\":\"https:\/\/dhg1h5j42swfq.cloudfront.net\/2021\/08\/19104220\/pc-pr.jpg\",\"datePublished\":\"2026-04-09T20:56:01+00:00\",\"dateModified\":\"2026-04-09T22:16:20+00:00\",\"description\":\"Novo concurso PC PR ter\u00e1 edital publicado em 2026. Vagas para Agente, Papiloscopista e Delegado. Confira os detalhes no blog!\",\"breadcrumb\":{\"@id\":\"https:\/\/www.estrategiaconcursos.com.br\/blog\/concurso-policia-civil-pr\/#breadcrumb\"},\"mainEntity\":[{\"@id\":\"https:\/\/www.estrategiaconcursos.com.br\/blog\/concurso-policia-civil-pr\/#faq-question-1757620214132\"},{\"@id\":\"https:\/\/www.estrategiaconcursos.com.br\/blog\/concurso-policia-civil-pr\/#faq-question-1757621300505\"}],\"inLanguage\":\"pt-BR\",\"potentialAction\":[{\"@type\":\"ReadAction\",\"target\":[\"https:\/\/www.estrategiaconcursos.com.br\/blog\/concurso-policia-civil-pr\/\"]}]},{\"@type\":\"ImageObject\",\"inLanguage\":\"pt-BR\",\"@id\":\"https:\/\/www.estrategiaconcursos.com.br\/blog\/concurso-policia-civil-pr\/#primaryimage\",\"url\":\"https:\/\/dhg1h5j42swfq.cloudfront.net\/2021\/08\/19104220\/pc-pr.jpg\",\"contentUrl\":\"https:\/\/dhg1h5j42swfq.cloudfront.net\/2021\/08\/19104220\/pc-pr.jpg\",\"width\":768,\"height\":432,\"caption\":\"concurso pc pr\"},{\"@type\":\"BreadcrumbList\",\"@id\":\"https:\/\/www.estrategiaconcursos.com.br\/blog\/concurso-policia-civil-pr\/#breadcrumb\",\"itemListElement\":[{\"@type\":\"ListItem\",\"position\":1,\"name\":\"In\u00edcio\",\"item\":\"https:\/\/www.estrategiaconcursos.com.br\/blog\/\"},{\"@type\":\"ListItem\",\"position\":2,\"name\":\"Concurso PC PR: edital em 2026. Inicial de at\u00e9 R$ 24,2 mil!\"}]},{\"@type\":\"WebSite\",\"@id\":\"https:\/\/www.estrategiaconcursos.com.br\/blog\/#website\",\"url\":\"https:\/\/www.estrategiaconcursos.com.br\/blog\/\",\"name\":\"Estrat\u00e9gia Concursos\",\"description\":\"O blog da Estrat\u00e9gia Concursos traz not\u00edcias sobre concursos e artigos de professores oferecendo cursos para concursos (pdf + videaulas) no site.\",\"publisher\":{\"@id\":\"https:\/\/www.estrategiaconcursos.com.br\/blog\/#organization\"},\"potentialAction\":[{\"@type\":\"SearchAction\",\"target\":{\"@type\":\"EntryPoint\",\"urlTemplate\":\"https:\/\/www.estrategiaconcursos.com.br\/blog\/?s={search_term_string}\"},\"query-input\":{\"@type\":\"PropertyValueSpecification\",\"valueRequired\":true,\"valueName\":\"search_term_string\"}}],\"inLanguage\":\"pt-BR\"},{\"@type\":\"Organization\",\"@id\":\"https:\/\/www.estrategiaconcursos.com.br\/blog\/#organization\",\"name\":\"Estrat\u00e9gia Concursos\",\"url\":\"https:\/\/www.estrategiaconcursos.com.br\/blog\/\",\"logo\":{\"@type\":\"ImageObject\",\"inLanguage\":\"pt-BR\",\"@id\":\"https:\/\/www.estrategiaconcursos.com.br\/blog\/#\/schema\/logo\/image\/\",\"url\":\"https:\/\/dhg1h5j42swfq.cloudfront.net\/2025\/06\/03203428\/logo_concursos-1.jpg\",\"contentUrl\":\"https:\/\/dhg1h5j42swfq.cloudfront.net\/2025\/06\/03203428\/logo_concursos-1.jpg\",\"width\":230,\"height\":60,\"caption\":\"Estrat\u00e9gia Concursos\"},\"image\":{\"@id\":\"https:\/\/www.estrategiaconcursos.com.br\/blog\/#\/schema\/logo\/image\/\"},\"sameAs\":[\"https:\/\/x.com\/EstratConcursos\"]},{\"@type\":\"Person\",\"@id\":\"https:\/\/www.estrategiaconcursos.com.br\/blog\/#\/schema\/person\/6630f91134abc08115cca62ce6372855\",\"name\":\"Bruna de Andrade Fran\u00e7a\",\"image\":{\"@type\":\"ImageObject\",\"inLanguage\":\"pt-BR\",\"@id\":\"https:\/\/secure.gravatar.com\/avatar\/d6316d36d50cea0fadae28ed3015b8870cc90a2d3d8a95c37b44006af36a00e3?s=96&d=mm&r=g\",\"url\":\"https:\/\/secure.gravatar.com\/avatar\/d6316d36d50cea0fadae28ed3015b8870cc90a2d3d8a95c37b44006af36a00e3?s=96&d=mm&r=g\",\"contentUrl\":\"https:\/\/secure.gravatar.com\/avatar\/d6316d36d50cea0fadae28ed3015b8870cc90a2d3d8a95c37b44006af36a00e3?s=96&d=mm&r=g\",\"caption\":\"Bruna de Andrade Fran\u00e7a\"},\"description\":\"Bruna de Andrade Fran\u00e7a \u00e9 publicit\u00e1ria com p\u00f3s-gradua\u00e7\u00e3o em Marketing &amp; Growth, atuando h\u00e1 mais de 6 anos no universo dos concursos p\u00fablicos. Desde 2021, lidera no Blog do Estrat\u00e9gia Concursos a cobertura editorial especializada em Concursos Policiais (PF, PRF, PM, PC, etc.), al\u00e9m das frentes de concursos banc\u00e1rios, de sa\u00fade e da \u00e1rea legislativa. Especialista em reda\u00e7\u00e3o, com pr\u00e1ticas de SEO e Copywriting, possui tamb\u00e9m atua\u00e7\u00e3o pr\u00e1tica de contato direto com \u00f3rg\u00e3os p\u00fablicos respons\u00e1veis por editais, permitindo acesso antecipado a informa\u00e7\u00f5es, desdobramentos importantes e atualiza\u00e7\u00e3o eficiente dos concursos p\u00fablicos.\",\"url\":\"https:\/\/www.estrategiaconcursos.com.br\/blog\/author\/bruna-andrade\/\"},{\"@type\":\"Question\",\"@id\":\"https:\/\/www.estrategiaconcursos.com.br\/blog\/concurso-policia-civil-pr\/#faq-question-1757620214132\",\"position\":1,\"url\":\"https:\/\/www.estrategiaconcursos.com.br\/blog\/concurso-policia-civil-pr\/#faq-question-1757620214132\",\"name\":\"Quando ser\u00e1 o pr\u00f3ximo Concurso PC PR?\",\"answerCount\":1,\"acceptedAnswer\":{\"@type\":\"Answer\",\"text\":\"Autorizado desde maio de 2025, o novo Concurso PC PR est\u00e1 com comiss\u00e3o formada. A publica\u00e7\u00e3o do edital deve ocorrer no 2\u00ba semestre de 2026. O validade \u00faltimo certame, que foi realizado em 2020, foi prorrogado at\u00e9 maio de 2026.\",\"inLanguage\":\"pt-BR\"},\"inLanguage\":\"pt-BR\"},{\"@type\":\"Question\",\"@id\":\"https:\/\/www.estrategiaconcursos.com.br\/blog\/concurso-policia-civil-pr\/#faq-question-1757621300505\",\"position\":2,\"url\":\"https:\/\/www.estrategiaconcursos.com.br\/blog\/concurso-policia-civil-pr\/#faq-question-1757621300505\",\"name\":\"Quanto ganha um Agente de Pol\u00edcia da PC PR?\",\"answerCount\":1,\"acceptedAnswer\":{\"@type\":\"Answer\",\"text\":\"A\u00a0<a href=\\\"https:\/\/www.estrategiaconcursos.com.br\/blog\/wp-content\/uploads\/2024\/11\/tabela-salarial-pc-pr.pdf\\\" target=\\\"_blank\\\" rel=\\\"noreferrer noopener\\\">atual tabela de remunera\u00e7\u00e3o<\/a>\u00a0da corpora\u00e7\u00e3o fixa os sal\u00e1rios dos agentes da PC PR entre<strong>\u00a0R$ 7.517,74 a R$ 22.612,42<\/strong>, valor que varia de acordo com o cargo.\",\"inLanguage\":\"pt-BR\"},\"inLanguage\":\"pt-BR\"}]}<\/script>\n<!-- \/ Yoast SEO Premium plugin. -->","yoast_head_json":{"title":"Concurso PC PR: edital em 2026. Inicial de at\u00e9 R$ 24,2 mil!","description":"Novo concurso PC PR ter\u00e1 edital publicado em 2026. Vagas para Agente, Papiloscopista e Delegado. Confira os detalhes no blog!","robots":{"index":"index","follow":"follow","max-snippet":"max-snippet:-1","max-image-preview":"max-image-preview:large","max-video-preview":"max-video-preview:-1"},"canonical":"https:\/\/www.estrategiaconcursos.com.br\/blog\/concurso-policia-civil-pr\/","og_locale":"pt_BR","og_type":"article","og_title":"Concurso PC PR: edital em 2026. Inicial de at\u00e9 R$ 24,2 mil!","og_description":"Novo concurso PC PR ter\u00e1 edital publicado em 2026. Vagas para Agente, Papiloscopista e Delegado. Confira os detalhes no blog!","og_url":"https:\/\/www.estrategiaconcursos.com.br\/blog\/concurso-policia-civil-pr\/","og_site_name":"Estrat\u00e9gia Concursos","article_published_time":"2026-04-09T20:56:01+00:00","article_modified_time":"2026-04-09T22:16:20+00:00","og_image":[{"width":768,"height":432,"url":"https:\/\/dhg1h5j42swfq.cloudfront.net\/2021\/08\/19104220\/pc-pr.jpg","type":"image\/jpeg"}],"author":"Bruna de Andrade Fran\u00e7a","twitter_card":"summary_large_image","twitter_creator":"@EstratConcursos","twitter_site":"@EstratConcursos","twitter_misc":{"Escrito por":"Bruna de Andrade Fran\u00e7a","Est. tempo de leitura":"13 minutos"},"schema":{"@context":"https:\/\/schema.org","@graph":[{"@type":"NewsArticle","@id":"https:\/\/www.estrategiaconcursos.com.br\/blog\/concurso-policia-civil-pr\/#article","isPartOf":{"@id":"https:\/\/www.estrategiaconcursos.com.br\/blog\/concurso-policia-civil-pr\/"},"author":{"name":"Bruna de Andrade Fran\u00e7a","@id":"https:\/\/www.estrategiaconcursos.com.br\/blog\/#\/schema\/person\/6630f91134abc08115cca62ce6372855"},"headline":"Concurso PC PR: edital em 2026. Inicial de at\u00e9 R$ 24,2 mil!","datePublished":"2026-04-09T20:56:01+00:00","dateModified":"2026-04-09T22:16:20+00:00","mainEntityOfPage":{"@id":"https:\/\/www.estrategiaconcursos.com.br\/blog\/concurso-policia-civil-pr\/"},"wordCount":2172,"commentCount":54,"publisher":{"@id":"https:\/\/www.estrategiaconcursos.com.br\/blog\/#organization"},"image":{"@id":"https:\/\/www.estrategiaconcursos.com.br\/blog\/concurso-policia-civil-pr\/#primaryimage"},"thumbnailUrl":"https:\/\/dhg1h5j42swfq.cloudfront.net\/2021\/08\/19104220\/pc-pr.jpg","keywords":["Concurso Pol\u00edcia Civil PR"],"articleSection":["Policial (Agente, Escriv\u00e3o e Investigador)","Policial (Peritos, Papiloscopistas)"],"inLanguage":"pt-BR","potentialAction":[{"@type":"CommentAction","name":"Comment","target":["https:\/\/www.estrategiaconcursos.com.br\/blog\/concurso-policia-civil-pr\/#respond"]}],"copyrightYear":"2026","copyrightHolder":{"@id":"https:\/\/www.estrategiaconcursos.com.br\/blog\/#organization"}},{"@type":["WebPage","FAQPage"],"@id":"https:\/\/www.estrategiaconcursos.com.br\/blog\/concurso-policia-civil-pr\/","url":"https:\/\/www.estrategiaconcursos.com.br\/blog\/concurso-policia-civil-pr\/","name":"Concurso PC PR: edital em 2026. Inicial de at\u00e9 R$ 24,2 mil!","isPartOf":{"@id":"https:\/\/www.estrategiaconcursos.com.br\/blog\/#website"},"primaryImageOfPage":{"@id":"https:\/\/www.estrategiaconcursos.com.br\/blog\/concurso-policia-civil-pr\/#primaryimage"},"image":{"@id":"https:\/\/www.estrategiaconcursos.com.br\/blog\/concurso-policia-civil-pr\/#primaryimage"},"thumbnailUrl":"https:\/\/dhg1h5j42swfq.cloudfront.net\/2021\/08\/19104220\/pc-pr.jpg","datePublished":"2026-04-09T20:56:01+00:00","dateModified":"2026-04-09T22:16:20+00:00","description":"Novo concurso PC PR ter\u00e1 edital publicado em 2026. Vagas para Agente, Papiloscopista e Delegado. Confira os detalhes no blog!","breadcrumb":{"@id":"https:\/\/www.estrategiaconcursos.com.br\/blog\/concurso-policia-civil-pr\/#breadcrumb"},"mainEntity":[{"@id":"https:\/\/www.estrategiaconcursos.com.br\/blog\/concurso-policia-civil-pr\/#faq-question-1757620214132"},{"@id":"https:\/\/www.estrategiaconcursos.com.br\/blog\/concurso-policia-civil-pr\/#faq-question-1757621300505"}],"inLanguage":"pt-BR","potentialAction":[{"@type":"ReadAction","target":["https:\/\/www.estrategiaconcursos.com.br\/blog\/concurso-policia-civil-pr\/"]}]},{"@type":"ImageObject","inLanguage":"pt-BR","@id":"https:\/\/www.estrategiaconcursos.com.br\/blog\/concurso-policia-civil-pr\/#primaryimage","url":"https:\/\/dhg1h5j42swfq.cloudfront.net\/2021\/08\/19104220\/pc-pr.jpg","contentUrl":"https:\/\/dhg1h5j42swfq.cloudfront.net\/2021\/08\/19104220\/pc-pr.jpg","width":768,"height":432,"caption":"concurso pc pr"},{"@type":"BreadcrumbList","@id":"https:\/\/www.estrategiaconcursos.com.br\/blog\/concurso-policia-civil-pr\/#breadcrumb","itemListElement":[{"@type":"ListItem","position":1,"name":"In\u00edcio","item":"https:\/\/www.estrategiaconcursos.com.br\/blog\/"},{"@type":"ListItem","position":2,"name":"Concurso PC PR: edital em 2026. Inicial de at\u00e9 R$ 24,2 mil!"}]},{"@type":"WebSite","@id":"https:\/\/www.estrategiaconcursos.com.br\/blog\/#website","url":"https:\/\/www.estrategiaconcursos.com.br\/blog\/","name":"Estrat\u00e9gia Concursos","description":"O blog da Estrat\u00e9gia Concursos traz not\u00edcias sobre concursos e artigos de professores oferecendo cursos para concursos (pdf + videaulas) no site.","publisher":{"@id":"https:\/\/www.estrategiaconcursos.com.br\/blog\/#organization"},"potentialAction":[{"@type":"SearchAction","target":{"@type":"EntryPoint","urlTemplate":"https:\/\/www.estrategiaconcursos.com.br\/blog\/?s={search_term_string}"},"query-input":{"@type":"PropertyValueSpecification","valueRequired":true,"valueName":"search_term_string"}}],"inLanguage":"pt-BR"},{"@type":"Organization","@id":"https:\/\/www.estrategiaconcursos.com.br\/blog\/#organization","name":"Estrat\u00e9gia Concursos","url":"https:\/\/www.estrategiaconcursos.com.br\/blog\/","logo":{"@type":"ImageObject","inLanguage":"pt-BR","@id":"https:\/\/www.estrategiaconcursos.com.br\/blog\/#\/schema\/logo\/image\/","url":"https:\/\/dhg1h5j42swfq.cloudfront.net\/2025\/06\/03203428\/logo_concursos-1.jpg","contentUrl":"https:\/\/dhg1h5j42swfq.cloudfront.net\/2025\/06\/03203428\/logo_concursos-1.jpg","width":230,"height":60,"caption":"Estrat\u00e9gia Concursos"},"image":{"@id":"https:\/\/www.estrategiaconcursos.com.br\/blog\/#\/schema\/logo\/image\/"},"sameAs":["https:\/\/x.com\/EstratConcursos"]},{"@type":"Person","@id":"https:\/\/www.estrategiaconcursos.com.br\/blog\/#\/schema\/person\/6630f91134abc08115cca62ce6372855","name":"Bruna de Andrade Fran\u00e7a","image":{"@type":"ImageObject","inLanguage":"pt-BR","@id":"https:\/\/secure.gravatar.com\/avatar\/d6316d36d50cea0fadae28ed3015b8870cc90a2d3d8a95c37b44006af36a00e3?s=96&d=mm&r=g","url":"https:\/\/secure.gravatar.com\/avatar\/d6316d36d50cea0fadae28ed3015b8870cc90a2d3d8a95c37b44006af36a00e3?s=96&d=mm&r=g","contentUrl":"https:\/\/secure.gravatar.com\/avatar\/d6316d36d50cea0fadae28ed3015b8870cc90a2d3d8a95c37b44006af36a00e3?s=96&d=mm&r=g","caption":"Bruna de Andrade Fran\u00e7a"},"description":"Bruna de Andrade Fran\u00e7a \u00e9 publicit\u00e1ria com p\u00f3s-gradua\u00e7\u00e3o em Marketing &amp; Growth, atuando h\u00e1 mais de 6 anos no universo dos concursos p\u00fablicos. Desde 2021, lidera no Blog do Estrat\u00e9gia Concursos a cobertura editorial especializada em Concursos Policiais (PF, PRF, PM, PC, etc.), al\u00e9m das frentes de concursos banc\u00e1rios, de sa\u00fade e da \u00e1rea legislativa. Especialista em reda\u00e7\u00e3o, com pr\u00e1ticas de SEO e Copywriting, possui tamb\u00e9m atua\u00e7\u00e3o pr\u00e1tica de contato direto com \u00f3rg\u00e3os p\u00fablicos respons\u00e1veis por editais, permitindo acesso antecipado a informa\u00e7\u00f5es, desdobramentos importantes e atualiza\u00e7\u00e3o eficiente dos concursos p\u00fablicos.","url":"https:\/\/www.estrategiaconcursos.com.br\/blog\/author\/bruna-andrade\/"},{"@type":"Question","@id":"https:\/\/www.estrategiaconcursos.com.br\/blog\/concurso-policia-civil-pr\/#faq-question-1757620214132","position":1,"url":"https:\/\/www.estrategiaconcursos.com.br\/blog\/concurso-policia-civil-pr\/#faq-question-1757620214132","name":"Quando ser\u00e1 o pr\u00f3ximo Concurso PC PR?","answerCount":1,"acceptedAnswer":{"@type":"Answer","text":"Autorizado desde maio de 2025, o novo Concurso PC PR est\u00e1 com comiss\u00e3o formada. A publica\u00e7\u00e3o do edital deve ocorrer no 2\u00ba semestre de 2026. O validade \u00faltimo certame, que foi realizado em 2020, foi prorrogado at\u00e9 maio de 2026.","inLanguage":"pt-BR"},"inLanguage":"pt-BR"},{"@type":"Question","@id":"https:\/\/www.estrategiaconcursos.com.br\/blog\/concurso-policia-civil-pr\/#faq-question-1757621300505","position":2,"url":"https:\/\/www.estrategiaconcursos.com.br\/blog\/concurso-policia-civil-pr\/#faq-question-1757621300505","name":"Quanto ganha um Agente de Pol\u00edcia da PC PR?","answerCount":1,"acceptedAnswer":{"@type":"Answer","text":"A\u00a0<a href=\"https:\/\/www.estrategiaconcursos.com.br\/blog\/wp-content\/uploads\/2024\/11\/tabela-salarial-pc-pr.pdf\" target=\"_blank\" rel=\"noreferrer noopener\">atual tabela de remunera\u00e7\u00e3o<\/a>\u00a0da corpora\u00e7\u00e3o fixa os sal\u00e1rios dos agentes da PC PR entre<strong>\u00a0R$ 7.517,74 a R$ 22.612,42<\/strong>, valor que varia de acordo com o cargo.","inLanguage":"pt-BR"},"inLanguage":"pt-BR"}]}},"_links":{"self":[{"href":"https:\/\/www.estrategiaconcursos.com.br\/blog\/wp-json\/wp\/v2\/posts\/78578","targetHints":{"allow":["GET"]}}],"collection":[{"href":"https:\/\/www.estrategiaconcursos.com.br\/blog\/wp-json\/wp\/v2\/posts"}],"about":[{"href":"https:\/\/www.estrategiaconcursos.com.br\/blog\/wp-json\/wp\/v2\/types\/post"}],"author":[{"embeddable":true,"href":"https:\/\/www.estrategiaconcursos.com.br\/blog\/wp-json\/wp\/v2\/users\/1206"}],"replies":[{"embeddable":true,"href":"https:\/\/www.estrategiaconcursos.com.br\/blog\/wp-json\/wp\/v2\/comments?post=78578"}],"version-history":[{"count":333,"href":"https:\/\/www.estrategiaconcursos.com.br\/blog\/wp-json\/wp\/v2\/posts\/78578\/revisions"}],"predecessor-version":[{"id":1751342,"href":"https:\/\/www.estrategiaconcursos.com.br\/blog\/wp-json\/wp\/v2\/posts\/78578\/revisions\/1751342"}],"wp:featuredmedia":[{"embeddable":true,"href":"https:\/\/www.estrategiaconcursos.com.br\/blog\/wp-json\/wp\/v2\/media\/840433"}],"wp:attachment":[{"href":"https:\/\/www.estrategiaconcursos.com.br\/blog\/wp-json\/wp\/v2\/media?parent=78578"}],"wp:term":[{"taxonomy":"category","embeddable":true,"href":"https:\/\/www.estrategiaconcursos.com.br\/blog\/wp-json\/wp\/v2\/categories?post=78578"},{"taxonomy":"post_tag","embeddable":true,"href":"https:\/\/www.estrategiaconcursos.com.br\/blog\/wp-json\/wp\/v2\/tags?post=78578"},{"taxonomy":"tax_estado","embeddable":true,"href":"https:\/\/www.estrategiaconcursos.com.br\/blog\/wp-json\/wp\/v2\/tax_estado?post=78578"}],"curies":[{"name":"wp","href":"https:\/\/api.w.org\/{rel}","templated":true}]}}