{"id":7837,"date":"2012-07-09T01:28:05","date_gmt":"2012-07-09T01:28:05","guid":{"rendered":"https:\/\/www.estrategiaconcursos.com.br\/blog\/edital-do-iss-sp-curso-de-administracao-reformulado-4\/"},"modified":"2013-08-17T16:13:59","modified_gmt":"2013-08-17T16:13:59","slug":"edital-do-iss-sp-curso-de-administracao-reformulado-4","status":"publish","type":"post","link":"https:\/\/www.estrategiaconcursos.com.br\/blog\/edital-do-iss-sp-curso-de-administracao-reformulado-4\/","title":{"rendered":"Edital do ISS-SP &#8211; Curso de Administra\u00e7\u00e3o Reformulado"},"content":{"rendered":"<p>Ol&aacute; pessoal,<\/p>\n<p>Acabou de ser lan&ccedil;ado o edital do concurso do ISS-SP. As provas ser&atilde;o no dia 11 de mar&ccedil;o. Em respeito aos atuais alunos do curso de Administra&ccedil;&atilde;o (teoria e exerc&iacute;cios), iremos reformular todo o curso para que seja adequado ao novo edital. Todas as quatro primeiras aulas j&aacute; foram alteradas. O curso ir&aacute; abranger todos os temas presentes no edital. Vejam mais detalhes no link abaixo:<\/p>\n<p>Administra&ccedil;&atilde;o P&uacute;blica p\/ ISS-SP<br \/>\n<a href=\"http:\/\/www.estrategiaconcursos.com.br\/curso\/81\/administracao-publica-p-isssp.html\">http:\/\/www.estrategiaconcursos.com.br\/curso\/81\/administracao-publica-p-isssp.html<\/a><\/p>\n<p>Aproveito a oportunidade para convidar voc&ecirc;s a ler as aulas demonstrativas dos cursos que tenho abertos no Estrat&eacute;gia:<\/p>\n<p>No&ccedil;&otilde;es de Administra&ccedil;&atilde;o e Planejamento Estrat&eacute;gico p\/ TRF 2 Regi&atilde;o<br \/>\n<a href=\"http:\/\/www.estrategiaconcursos.com.br\/curso\/273\/nocoes-de-adm-e-planejestrategico-p-trf-2-regiao.html\">http:\/\/www.estrategiaconcursos.com.br\/curso\/273\/nocoes-de-adm-e-planejestrategico-p-trf-2-regiao.html<\/a><\/p>\n<p>No&ccedil;&otilde;es de Administra&ccedil;&atilde;o p\/ Pol&iacute;cia Federal (Agente e Escriv&atilde;o)<br \/>\n<a href=\"http:\/\/www.estrategiaconcursos.com.br\/curso\/265\/nocoes-de-administracao-p-policia-federal--agente-e-escrivao-.html\">http:\/\/www.estrategiaconcursos.com.br\/curso\/265\/nocoes-de-administracao-p-policia-federal&#8211;agente-e-escrivao-.html<\/a><\/p>\n<p>Administra&ccedil;&atilde;o P&uacute;blica para ISS\/BH<br \/>\n<a href=\"http:\/\/www.estrategiaconcursos.com.br\/curso\/247\/administracao-publica-para-issbh.html\">http:\/\/www.estrategiaconcursos.com.br\/curso\/247\/administracao-publica-para-issbh.html<\/a><\/p>\n<p>Gest&atilde;o P&uacute;blica e Pol&iacute;ticas P&uacute;blicas p\/ TCE-SP<br \/>\n<a href=\"http:\/\/www.estrategiaconcursos.com.br\/curso\/218\/gestao-publica-e-politicas-publicas-p-tce-sp.html\">http:\/\/www.estrategiaconcursos.com.br\/curso\/218\/gestao-publica-e-politicas-publicas-p-tce-sp.html<\/a><\/p>\n<p>Administra&ccedil;&atilde;o Geral p\/ Analista da Receita Federal<br \/>\n<a href=\"http:\/\/www.estrategiaconcursos.com.br\/cursos\/59\/administracao-geral-p-rfb.html\">http:\/\/www.estrategiaconcursos.com.br\/cursos\/59\/administracao-geral-p-rfb.html<\/a><\/p>\n<p>Administra&ccedil;&atilde;o P&uacute;blica p\/ Auditor da Receita Federal e AFT<br \/>\n<a href=\"http:\/\/www.estrategiaconcursos.com.br\/cursos\/83\/adm-publica-p-afrfbaft---teoria-e-exercicios.html\">http:\/\/www.estrategiaconcursos.com.br\/cursos\/83\/adm-publica-p-afrfbaft&#8212;teoria-e-exercicios.html<\/a><\/p>\n<p>Administra&ccedil;&atilde;o p\/ ICMS-RJ<br \/>\n<a href=\"http:\/\/www.estrategiaconcursos.com.br\/cursos\/89\/administracao-para-icmsrj.html\">http:\/\/www.estrategiaconcursos.com.br\/cursos\/89\/administracao-para-icmsrj.html<\/a><\/p>\n<p>Gostaria tamb&eacute;m de avisar que tenho um grupo no Yahoo para manter outro canal de contato com os alunos e troca de informa&ccedil;&otilde;es sobre Administra&ccedil;&atilde;o Geral e P&uacute;blica. Todos est&atilde;o convidados a participar! Vou disponibilizar alguns mapas mentais que uso e outros materiais e links que n&atilde;o est&atilde;o aqui. O endere&ccedil;o &eacute;:<br \/>\n<a href=\"http:\/\/ http:\/\/br.groups.yahoo.com\/group\/administracaogeralepublica\/\"><br \/>\nhttp:\/\/br.groups.yahoo.com\/group\/administracaogeralepublica\/<\/a><\/p>\n<p>For&ccedil;a nos estudos!<\/p>\n<p>Abra&ccedil;os,<br \/>\nRodrigo Renn&oacute;<br \/>\nrodrigorenno@euvoupassar.com.br<br \/>\nrodrigorenno@estrategiaconcursos.com.br<br \/>\n<a href=\"http:\/\/www.facebook.com\/rodrigorenno99\">http:\/\/www.facebook.com\/rodrigorenno99<\/a><br \/>\n<a href=\"http:\/\/twitter.com\/rrenno99\">http:\/\/twitter.com\/rrenno99<\/a><\/p>\n","protected":false},"excerpt":{"rendered":"<p>Ol&aacute; pessoal, Acabou de ser lan&ccedil;ado o edital do concurso do ISS-SP. As provas ser&atilde;o no dia 11 de mar&ccedil;o. Em respeito aos atuais alunos do curso de Administra&ccedil;&atilde;o (teoria e exerc&iacute;cios), iremos reformular todo o curso para que seja adequado ao novo edital. Todas as quatro primeiras aulas j&aacute; foram alteradas. O curso ir&aacute; [&hellip;]<\/p>\n","protected":false},"author":28,"featured_media":0,"comment_status":"open","ping_status":"open","sticky":false,"template":"","format":"standard","meta":{"post_tipo":"article","footnotes":""},"categories":[1],"tags":[],"tax_estado":[],"class_list":["post-7837","post","type-post","status-publish","format-standard","hentry","category-cursos-e-concursos"],"acf":[],"yoast_head":"<!-- This site is optimized with the Yoast SEO Premium plugin v27.2 (Yoast SEO v27.2) - https:\/\/yoast.com\/product\/yoast-seo-premium-wordpress\/ -->\n<title>Edital do ISS-SP - Curso de Administra\u00e7\u00e3o Reformulado<\/title>\n<meta name=\"robots\" content=\"index, follow, max-snippet:-1, max-image-preview:large, max-video-preview:-1\" \/>\n<link rel=\"canonical\" href=\"https:\/\/www.estrategiaconcursos.com.br\/blog\/edital-do-iss-sp-curso-de-administracao-reformulado-4\/\" \/>\n<meta property=\"og:locale\" content=\"pt_BR\" \/>\n<meta property=\"og:type\" content=\"article\" \/>\n<meta property=\"og:title\" content=\"Edital do ISS-SP - Curso de Administra\u00e7\u00e3o Reformulado\" \/>\n<meta property=\"og:description\" content=\"Ol&aacute; pessoal, Acabou de ser lan&ccedil;ado o edital do concurso do ISS-SP. As provas ser&atilde;o no dia 11 de mar&ccedil;o. Em respeito aos atuais alunos do curso de Administra&ccedil;&atilde;o (teoria e exerc&iacute;cios), iremos reformular todo o curso para que seja adequado ao novo edital. Todas as quatro primeiras aulas j&aacute; foram alteradas. O curso ir&aacute; [&hellip;]\" \/>\n<meta property=\"og:url\" content=\"https:\/\/www.estrategiaconcursos.com.br\/blog\/edital-do-iss-sp-curso-de-administracao-reformulado-4\/\" \/>\n<meta property=\"og:site_name\" content=\"Estrat\u00e9gia Concursos\" \/>\n<meta property=\"article:author\" content=\"https:\/\/www.facebook.com\/profrodrigorenno\/\" \/>\n<meta property=\"article:published_time\" content=\"2012-07-09T01:28:05+00:00\" \/>\n<meta property=\"article:modified_time\" content=\"2013-08-17T16:13:59+00:00\" \/>\n<meta name=\"author\" content=\"Rodrigo Renn\u00f3\" \/>\n<meta name=\"twitter:card\" content=\"summary_large_image\" \/>\n<meta name=\"twitter:creator\" content=\"@rrenno99\" \/>\n<meta name=\"twitter:site\" content=\"@EstratConcursos\" \/>\n<meta name=\"twitter:label1\" content=\"Escrito por\" \/>\n\t<meta name=\"twitter:data1\" content=\"Rodrigo Renn\u00f3\" \/>\n\t<meta name=\"twitter:label2\" content=\"Est. tempo de leitura\" \/>\n\t<meta name=\"twitter:data2\" content=\"2 minutos\" \/>\n<script type=\"application\/ld+json\" class=\"yoast-schema-graph\">{\"@context\":\"https:\/\/schema.org\",\"@graph\":[{\"@type\":\"NewsArticle\",\"@id\":\"https:\/\/www.estrategiaconcursos.com.br\/blog\/edital-do-iss-sp-curso-de-administracao-reformulado-4\/#article\",\"isPartOf\":{\"@id\":\"https:\/\/www.estrategiaconcursos.com.br\/blog\/edital-do-iss-sp-curso-de-administracao-reformulado-4\/\"},\"author\":{\"name\":\"Rodrigo Renn\u00f3\",\"@id\":\"https:\/\/www.estrategiaconcursos.com.br\/blog\/#\/schema\/person\/bf6975c1a7ae4811d6ab0380ae0cca4f\"},\"headline\":\"Edital do ISS-SP &#8211; Curso de Administra\u00e7\u00e3o Reformulado\",\"datePublished\":\"2012-07-09T01:28:05+00:00\",\"dateModified\":\"2013-08-17T16:13:59+00:00\",\"mainEntityOfPage\":{\"@id\":\"https:\/\/www.estrategiaconcursos.com.br\/blog\/edital-do-iss-sp-curso-de-administracao-reformulado-4\/\"},\"wordCount\":384,\"commentCount\":0,\"publisher\":{\"@id\":\"https:\/\/www.estrategiaconcursos.com.br\/blog\/#organization\"},\"articleSection\":[\"Concursos P\u00fablicos\"],\"inLanguage\":\"pt-BR\",\"potentialAction\":[{\"@type\":\"CommentAction\",\"name\":\"Comment\",\"target\":[\"https:\/\/www.estrategiaconcursos.com.br\/blog\/edital-do-iss-sp-curso-de-administracao-reformulado-4\/#respond\"]}],\"copyrightYear\":\"2012\",\"copyrightHolder\":{\"@id\":\"https:\/\/www.estrategiaconcursos.com.br\/blog\/#organization\"}},{\"@type\":\"WebPage\",\"@id\":\"https:\/\/www.estrategiaconcursos.com.br\/blog\/edital-do-iss-sp-curso-de-administracao-reformulado-4\/\",\"url\":\"https:\/\/www.estrategiaconcursos.com.br\/blog\/edital-do-iss-sp-curso-de-administracao-reformulado-4\/\",\"name\":\"Edital do ISS-SP - Curso de Administra\u00e7\u00e3o Reformulado\",\"isPartOf\":{\"@id\":\"https:\/\/www.estrategiaconcursos.com.br\/blog\/#website\"},\"datePublished\":\"2012-07-09T01:28:05+00:00\",\"dateModified\":\"2013-08-17T16:13:59+00:00\",\"breadcrumb\":{\"@id\":\"https:\/\/www.estrategiaconcursos.com.br\/blog\/edital-do-iss-sp-curso-de-administracao-reformulado-4\/#breadcrumb\"},\"inLanguage\":\"pt-BR\",\"potentialAction\":[{\"@type\":\"ReadAction\",\"target\":[\"https:\/\/www.estrategiaconcursos.com.br\/blog\/edital-do-iss-sp-curso-de-administracao-reformulado-4\/\"]}]},{\"@type\":\"BreadcrumbList\",\"@id\":\"https:\/\/www.estrategiaconcursos.com.br\/blog\/edital-do-iss-sp-curso-de-administracao-reformulado-4\/#breadcrumb\",\"itemListElement\":[{\"@type\":\"ListItem\",\"position\":1,\"name\":\"In\u00edcio\",\"item\":\"https:\/\/www.estrategiaconcursos.com.br\/blog\/\"},{\"@type\":\"ListItem\",\"position\":2,\"name\":\"Edital do ISS-SP &#8211; Curso de Administra\u00e7\u00e3o Reformulado\"}]},{\"@type\":\"WebSite\",\"@id\":\"https:\/\/www.estrategiaconcursos.com.br\/blog\/#website\",\"url\":\"https:\/\/www.estrategiaconcursos.com.br\/blog\/\",\"name\":\"Estrat\u00e9gia Concursos\",\"description\":\"O blog da Estrat\u00e9gia Concursos traz not\u00edcias sobre concursos e artigos de professores oferecendo cursos para concursos (pdf + videaulas) no site.\",\"publisher\":{\"@id\":\"https:\/\/www.estrategiaconcursos.com.br\/blog\/#organization\"},\"potentialAction\":[{\"@type\":\"SearchAction\",\"target\":{\"@type\":\"EntryPoint\",\"urlTemplate\":\"https:\/\/www.estrategiaconcursos.com.br\/blog\/?s={search_term_string}\"},\"query-input\":{\"@type\":\"PropertyValueSpecification\",\"valueRequired\":true,\"valueName\":\"search_term_string\"}}],\"inLanguage\":\"pt-BR\"},{\"@type\":\"Organization\",\"@id\":\"https:\/\/www.estrategiaconcursos.com.br\/blog\/#organization\",\"name\":\"Estrat\u00e9gia Concursos\",\"url\":\"https:\/\/www.estrategiaconcursos.com.br\/blog\/\",\"logo\":{\"@type\":\"ImageObject\",\"inLanguage\":\"pt-BR\",\"@id\":\"https:\/\/www.estrategiaconcursos.com.br\/blog\/#\/schema\/logo\/image\/\",\"url\":\"https:\/\/dhg1h5j42swfq.cloudfront.net\/2025\/06\/03203428\/logo_concursos-1.jpg\",\"contentUrl\":\"https:\/\/dhg1h5j42swfq.cloudfront.net\/2025\/06\/03203428\/logo_concursos-1.jpg\",\"width\":230,\"height\":60,\"caption\":\"Estrat\u00e9gia Concursos\"},\"image\":{\"@id\":\"https:\/\/www.estrategiaconcursos.com.br\/blog\/#\/schema\/logo\/image\/\"},\"sameAs\":[\"https:\/\/x.com\/EstratConcursos\"]},{\"@type\":\"Person\",\"@id\":\"https:\/\/www.estrategiaconcursos.com.br\/blog\/#\/schema\/person\/bf6975c1a7ae4811d6ab0380ae0cca4f\",\"name\":\"Rodrigo Renn\u00f3\",\"image\":{\"@type\":\"ImageObject\",\"inLanguage\":\"pt-BR\",\"@id\":\"https:\/\/secure.gravatar.com\/avatar\/efdc384f2d98c0ae80e238b5e4017956d7560318cb79eb2ce7daa3ff14769c10?s=96&d=mm&r=g\",\"url\":\"https:\/\/secure.gravatar.com\/avatar\/efdc384f2d98c0ae80e238b5e4017956d7560318cb79eb2ce7daa3ff14769c10?s=96&d=mm&r=g\",\"contentUrl\":\"https:\/\/secure.gravatar.com\/avatar\/efdc384f2d98c0ae80e238b5e4017956d7560318cb79eb2ce7daa3ff14769c10?s=96&d=mm&r=g\",\"caption\":\"Rodrigo Renn\u00f3\"},\"sameAs\":[\"https:\/\/www.facebook.com\/profrodrigorenno\/\",\"https:\/\/x.com\/rrenno99\"],\"url\":\"https:\/\/www.estrategiaconcursos.com.br\/blog\/author\/rodrigorennoestrategiaconcursos-com-br\/\"}]}<\/script>\n<!-- \/ Yoast SEO Premium plugin. -->","yoast_head_json":{"title":"Edital do ISS-SP - Curso de Administra\u00e7\u00e3o Reformulado","robots":{"index":"index","follow":"follow","max-snippet":"max-snippet:-1","max-image-preview":"max-image-preview:large","max-video-preview":"max-video-preview:-1"},"canonical":"https:\/\/www.estrategiaconcursos.com.br\/blog\/edital-do-iss-sp-curso-de-administracao-reformulado-4\/","og_locale":"pt_BR","og_type":"article","og_title":"Edital do ISS-SP - Curso de Administra\u00e7\u00e3o Reformulado","og_description":"Ol&aacute; pessoal, Acabou de ser lan&ccedil;ado o edital do concurso do ISS-SP. As provas ser&atilde;o no dia 11 de mar&ccedil;o. Em respeito aos atuais alunos do curso de Administra&ccedil;&atilde;o (teoria e exerc&iacute;cios), iremos reformular todo o curso para que seja adequado ao novo edital. Todas as quatro primeiras aulas j&aacute; foram alteradas. O curso ir&aacute; [&hellip;]","og_url":"https:\/\/www.estrategiaconcursos.com.br\/blog\/edital-do-iss-sp-curso-de-administracao-reformulado-4\/","og_site_name":"Estrat\u00e9gia Concursos","article_author":"https:\/\/www.facebook.com\/profrodrigorenno\/","article_published_time":"2012-07-09T01:28:05+00:00","article_modified_time":"2013-08-17T16:13:59+00:00","author":"Rodrigo Renn\u00f3","twitter_card":"summary_large_image","twitter_creator":"@rrenno99","twitter_site":"@EstratConcursos","twitter_misc":{"Escrito por":"Rodrigo Renn\u00f3","Est. tempo de leitura":"2 minutos"},"schema":{"@context":"https:\/\/schema.org","@graph":[{"@type":"NewsArticle","@id":"https:\/\/www.estrategiaconcursos.com.br\/blog\/edital-do-iss-sp-curso-de-administracao-reformulado-4\/#article","isPartOf":{"@id":"https:\/\/www.estrategiaconcursos.com.br\/blog\/edital-do-iss-sp-curso-de-administracao-reformulado-4\/"},"author":{"name":"Rodrigo Renn\u00f3","@id":"https:\/\/www.estrategiaconcursos.com.br\/blog\/#\/schema\/person\/bf6975c1a7ae4811d6ab0380ae0cca4f"},"headline":"Edital do ISS-SP &#8211; Curso de Administra\u00e7\u00e3o Reformulado","datePublished":"2012-07-09T01:28:05+00:00","dateModified":"2013-08-17T16:13:59+00:00","mainEntityOfPage":{"@id":"https:\/\/www.estrategiaconcursos.com.br\/blog\/edital-do-iss-sp-curso-de-administracao-reformulado-4\/"},"wordCount":384,"commentCount":0,"publisher":{"@id":"https:\/\/www.estrategiaconcursos.com.br\/blog\/#organization"},"articleSection":["Concursos P\u00fablicos"],"inLanguage":"pt-BR","potentialAction":[{"@type":"CommentAction","name":"Comment","target":["https:\/\/www.estrategiaconcursos.com.br\/blog\/edital-do-iss-sp-curso-de-administracao-reformulado-4\/#respond"]}],"copyrightYear":"2012","copyrightHolder":{"@id":"https:\/\/www.estrategiaconcursos.com.br\/blog\/#organization"}},{"@type":"WebPage","@id":"https:\/\/www.estrategiaconcursos.com.br\/blog\/edital-do-iss-sp-curso-de-administracao-reformulado-4\/","url":"https:\/\/www.estrategiaconcursos.com.br\/blog\/edital-do-iss-sp-curso-de-administracao-reformulado-4\/","name":"Edital do ISS-SP - Curso de Administra\u00e7\u00e3o Reformulado","isPartOf":{"@id":"https:\/\/www.estrategiaconcursos.com.br\/blog\/#website"},"datePublished":"2012-07-09T01:28:05+00:00","dateModified":"2013-08-17T16:13:59+00:00","breadcrumb":{"@id":"https:\/\/www.estrategiaconcursos.com.br\/blog\/edital-do-iss-sp-curso-de-administracao-reformulado-4\/#breadcrumb"},"inLanguage":"pt-BR","potentialAction":[{"@type":"ReadAction","target":["https:\/\/www.estrategiaconcursos.com.br\/blog\/edital-do-iss-sp-curso-de-administracao-reformulado-4\/"]}]},{"@type":"BreadcrumbList","@id":"https:\/\/www.estrategiaconcursos.com.br\/blog\/edital-do-iss-sp-curso-de-administracao-reformulado-4\/#breadcrumb","itemListElement":[{"@type":"ListItem","position":1,"name":"In\u00edcio","item":"https:\/\/www.estrategiaconcursos.com.br\/blog\/"},{"@type":"ListItem","position":2,"name":"Edital do ISS-SP &#8211; Curso de Administra\u00e7\u00e3o Reformulado"}]},{"@type":"WebSite","@id":"https:\/\/www.estrategiaconcursos.com.br\/blog\/#website","url":"https:\/\/www.estrategiaconcursos.com.br\/blog\/","name":"Estrat\u00e9gia Concursos","description":"O blog da Estrat\u00e9gia Concursos traz not\u00edcias sobre concursos e artigos de professores oferecendo cursos para concursos (pdf + videaulas) no site.","publisher":{"@id":"https:\/\/www.estrategiaconcursos.com.br\/blog\/#organization"},"potentialAction":[{"@type":"SearchAction","target":{"@type":"EntryPoint","urlTemplate":"https:\/\/www.estrategiaconcursos.com.br\/blog\/?s={search_term_string}"},"query-input":{"@type":"PropertyValueSpecification","valueRequired":true,"valueName":"search_term_string"}}],"inLanguage":"pt-BR"},{"@type":"Organization","@id":"https:\/\/www.estrategiaconcursos.com.br\/blog\/#organization","name":"Estrat\u00e9gia Concursos","url":"https:\/\/www.estrategiaconcursos.com.br\/blog\/","logo":{"@type":"ImageObject","inLanguage":"pt-BR","@id":"https:\/\/www.estrategiaconcursos.com.br\/blog\/#\/schema\/logo\/image\/","url":"https:\/\/dhg1h5j42swfq.cloudfront.net\/2025\/06\/03203428\/logo_concursos-1.jpg","contentUrl":"https:\/\/dhg1h5j42swfq.cloudfront.net\/2025\/06\/03203428\/logo_concursos-1.jpg","width":230,"height":60,"caption":"Estrat\u00e9gia Concursos"},"image":{"@id":"https:\/\/www.estrategiaconcursos.com.br\/blog\/#\/schema\/logo\/image\/"},"sameAs":["https:\/\/x.com\/EstratConcursos"]},{"@type":"Person","@id":"https:\/\/www.estrategiaconcursos.com.br\/blog\/#\/schema\/person\/bf6975c1a7ae4811d6ab0380ae0cca4f","name":"Rodrigo Renn\u00f3","image":{"@type":"ImageObject","inLanguage":"pt-BR","@id":"https:\/\/secure.gravatar.com\/avatar\/efdc384f2d98c0ae80e238b5e4017956d7560318cb79eb2ce7daa3ff14769c10?s=96&d=mm&r=g","url":"https:\/\/secure.gravatar.com\/avatar\/efdc384f2d98c0ae80e238b5e4017956d7560318cb79eb2ce7daa3ff14769c10?s=96&d=mm&r=g","contentUrl":"https:\/\/secure.gravatar.com\/avatar\/efdc384f2d98c0ae80e238b5e4017956d7560318cb79eb2ce7daa3ff14769c10?s=96&d=mm&r=g","caption":"Rodrigo Renn\u00f3"},"sameAs":["https:\/\/www.facebook.com\/profrodrigorenno\/","https:\/\/x.com\/rrenno99"],"url":"https:\/\/www.estrategiaconcursos.com.br\/blog\/author\/rodrigorennoestrategiaconcursos-com-br\/"}]}},"_links":{"self":[{"href":"https:\/\/www.estrategiaconcursos.com.br\/blog\/wp-json\/wp\/v2\/posts\/7837","targetHints":{"allow":["GET"]}}],"collection":[{"href":"https:\/\/www.estrategiaconcursos.com.br\/blog\/wp-json\/wp\/v2\/posts"}],"about":[{"href":"https:\/\/www.estrategiaconcursos.com.br\/blog\/wp-json\/wp\/v2\/types\/post"}],"author":[{"embeddable":true,"href":"https:\/\/www.estrategiaconcursos.com.br\/blog\/wp-json\/wp\/v2\/users\/28"}],"replies":[{"embeddable":true,"href":"https:\/\/www.estrategiaconcursos.com.br\/blog\/wp-json\/wp\/v2\/comments?post=7837"}],"version-history":[{"count":0,"href":"https:\/\/www.estrategiaconcursos.com.br\/blog\/wp-json\/wp\/v2\/posts\/7837\/revisions"}],"wp:attachment":[{"href":"https:\/\/www.estrategiaconcursos.com.br\/blog\/wp-json\/wp\/v2\/media?parent=7837"}],"wp:term":[{"taxonomy":"category","embeddable":true,"href":"https:\/\/www.estrategiaconcursos.com.br\/blog\/wp-json\/wp\/v2\/categories?post=7837"},{"taxonomy":"post_tag","embeddable":true,"href":"https:\/\/www.estrategiaconcursos.com.br\/blog\/wp-json\/wp\/v2\/tags?post=7837"},{"taxonomy":"tax_estado","embeddable":true,"href":"https:\/\/www.estrategiaconcursos.com.br\/blog\/wp-json\/wp\/v2\/tax_estado?post=7837"}],"curies":[{"name":"wp","href":"https:\/\/api.w.org\/{rel}","templated":true}]}}