{"id":78343,"date":"2026-04-21T13:26:53","date_gmt":"2026-04-21T16:26:53","guid":{"rendered":"https:\/\/www.estrategiaconcursos.com.br\/blog\/?p=78343"},"modified":"2026-04-22T08:58:49","modified_gmt":"2026-04-22T11:58:49","slug":"concursos-df","status":"publish","type":"post","link":"https:\/\/www.estrategiaconcursos.com.br\/blog\/concursos-df\/","title":{"rendered":"Concursos DF 2026: veja vagas, editais e \u00faltimas not\u00edcias!"},"content":{"rendered":"\n<p style=\"font-size:clamp(14.642px, 0.915rem + ((1vw - 3.2px) * 0.721), 22px);\"><strong><em><strong><em>Op\u00e7\u00f5es na \u00e1rea de seguran\u00e7a, legislativa, tribunal, educa\u00e7\u00e3o, sa\u00fade, controle e mais\u2026 Veja os editais abertos e concursos <strong><em><strong><em>previstos<\/em><\/strong><\/em><\/strong> no Distrito Federal em 2026<\/em><\/strong><\/em><\/strong><\/p>\n\n\n\n<div style=\"height:18px\" aria-hidden=\"true\" class=\"wp-block-spacer\"><\/div>\n\n\n\n<hr class=\"wp-block-separator has-alpha-channel-opacity\"\/>\n\n\n<p><center><a id=\"cta-icon\" href=\"https:\/\/sndflw.com\/i\/concursos-df-grupo\" target=\"_blank\" style=\"background:#29a61a; display:inline-flex; align-items:center; padding:10px 15px; border-radius:6px; color:#fff; text-decoration:none; font-weight:500; font-size:15px;\"><img decoding=\"async\" src=\"https:\/\/dhg1h5j42swfq.cloudfront.net\/2023\/12\/07154107\/whatsapp_13851.png\" alt=\"\" style=\"width:20px; height:20px; margin-right:8px;\"><span>Acesse agora o Grupo de Estudos para o Concursos DF<\/span><\/a><\/center><\/p>\n\n\n\n<div style=\"height:30px\" aria-hidden=\"true\" class=\"wp-block-spacer\"><\/div>\n\n\n\n<p>Os <strong>concursos DF<\/strong> representam uma das principais portas de entrada para quem busca estabilidade profissional, bons sal\u00e1rios e benef\u00edcios atrativos no servi\u00e7o p\u00fablico. <\/p>\n\n\n\n<p>Devido \u00e0 diversidade de \u00f3rg\u00e3os e secretarias, o Distrito Federal oferece oportunidades em diversas \u00e1reas, desde sa\u00fade e educa\u00e7\u00e3o at\u00e9 seguran\u00e7a p\u00fablica e administra\u00e7\u00e3o, atraindo candidatos de todo o pa\u00eds. Al\u00e9m disso, o DF possui uma legisla\u00e7\u00e3o pr\u00f3pria e processos seletivos bem estruturados.<\/p>\n\n\n\n<p>Nos \u00faltimos anos, a demanda por servidores no DF cresceu consideravelmente, refletindo a necessidade de fortalecer a m\u00e1quina p\u00fablica para atender a popula\u00e7\u00e3o local e garantir a qualidade dos servi\u00e7os oferecidos. <\/p>\n\n\n\n<p>Concursos de grande porte, como os das Pol\u00edcias Civil e Militar, Secretaria de Sa\u00fade e Secretaria de Educa\u00e7\u00e3o, est\u00e3o sempre em destaque, reunindo milhares de candidatos. <\/p>\n\n\n\n<p>Por isso, entender o panorama atual \u00e9 fundamental para quem deseja se preparar de forma estrat\u00e9gica e conquistar uma vaga nos concursos DF.<\/p>\n\n\n\n<p>Importante frisar que foram <a href=\"https:\/\/www.estrategiaconcursos.com.br\/blog\/concursos-df-sancionadas-leis-suspensao-prazos\/\" target=\"_blank\" rel=\"noreferrer noopener\">sancionadas leis que suspendem os prazos de validade<\/a> de concursos homologados e vigentes, visando racionalizar despesas nos anos de 2025 e 2026 e adequar as sele\u00e7\u00f5es \u00e0s restri\u00e7\u00f5es do per\u00edodo eleitoral. <\/p>\n\n\n\n<p>A contagem dos prazos ser\u00e1 retomada apenas em 31 de dezembro de 2026 ou ap\u00f3s o t\u00e9rmino das limita\u00e7\u00f5es legais.<\/p>\n\n\n\n<div class=\"container\" id=\"boxes\">\r\n  <div class=\"row\">\r\n\r\n    <div class=\"col-sm\">\r\n      <div class=\"banner-estrat-corj\" id=\"box-assinatura\">\r\n        <h2 class=\"titulo-assinatura\">Cursos para concursos DF<\/h2>\r\n        <p class=\"subtitulo-assinatura\">Prepara\u00e7\u00e3o completa para os Concursos do DF<\/p>\r\n        <div class=\"box-botao\">\r\n          <a class=\"btn-assinatura\" target=\"_blank\" href=\"https:\/\/www.estrategiaconcursos.com.br\/cursos\/regiao\/?estado=DF\" role=\"button\" rel=\"noopener noreferrer\">INICIAR AGORA<\/a>\r\n        <\/div>\r\n      <\/div>\r\n     \r\n    <\/div>\r\n\r\n  <\/div>\r\n<\/div>\n\n\n\n<p>Confira as principais informa\u00e7\u00f5es e detalhes sobre os <strong>concursos DF 2026.<\/strong> Aproveite e salve em seus favoritos para n\u00e3o perder nenhuma novidade. Acompanhe os t\u00f3picos abaixo e fique sempre bem informado com o Estrat\u00e9gia Concursos:<\/p>\n\n\n\n<ul id=\"indice\" class=\"wp-block-list\">\n<li><a href=\"#ldo-2026\">Vagas LDO 2026<\/a><\/li>\n\n\n\n<li><a href=\"#curto-prazo\">Concursos DF de curto prazo<\/a><\/li>\n\n\n\n<li><a href=\"#medio-prazo\">Concursos DF de m\u00e9dio prazo<\/a><\/li>\n\n\n\n<li><a href=\"#longo\">Concursos DF de longo prazo<\/a><\/li>\n\n\n\n<li><a href=\"#cursos-assinaturas\">Cursos e assinaturas<\/a><\/li>\n<\/ul>\n\n\n\n<h2 class=\"wp-block-heading\" id=\"ldo-2026\">Concursos DF: as vagas previstas na LDO 2026<\/h2>\n\n\n\n<p>A Lei de Diretrizes Or\u00e7ament\u00e1rias disp\u00f5e de oportunidades para diversos \u00f3rg\u00e3os. A boa not\u00edcia \u00e9 que a maioria deve realizar concursos p\u00fablicos em breve.<\/p>\n\n\n\n<h3 class=\"wp-block-heading has-pale-cyan-blue-background-color has-background has-base-background-color\" id=\"h-poder-legislativo\">Poder Legislativo<\/h3>\n\n\n\n<ul class=\"wp-block-list\">\n<li><strong>C\u00e2mara Legislativa do Distrito Federal<\/strong>\n<ul class=\"wp-block-list\">\n<li><strong>50 vagas<\/strong> \u2013 Analistas Legislativos, T\u00e9cnicos Administrativos Legislativos e Assistentes T\u00e9cnicos Legislativos<\/li>\n<\/ul>\n<\/li>\n<\/ul>\n\n\n\n<ul class=\"wp-block-list\">\n<li><strong>Tribunal de Contas do Distrito Federal<\/strong>\n<ul class=\"wp-block-list\">\n<li><strong>10 vagas<\/strong> \u2013 Auditor de Controle Externo \u2013 \u00c1rea Auditoria<\/li>\n\n\n\n<li><strong>10 vagas<\/strong> \u2013 Auditor de Controle Externo \u2013 \u00c1rea Especializada<\/li>\n\n\n\n<li><strong>10 vagas<\/strong> \u2013 Analista Administrativo de Controle Externo<\/li>\n<\/ul>\n<\/li>\n<\/ul>\n\n\n\n<h3 class=\"wp-block-heading has-pale-cyan-blue-background-color has-background has-base-background-color\" id=\"h-defensoria-publica-do-distrito-federal\">Defensoria P\u00fablica do Distrito Federal<\/h3>\n\n\n\n<ul class=\"wp-block-list\">\n<li><strong>40 vagas<\/strong> \u2013 Defensor P\u00fablico do DF<\/li>\n\n\n\n<li><strong>250 vagas<\/strong> \u2013 Analista de Apoio \u00e0 Assist\u00eancia Judici\u00e1ria<\/li>\n<\/ul>\n\n\n\n<h3 class=\"wp-block-heading has-pale-cyan-blue-background-color has-background has-base-background-color\" id=\"h-poder-executivo\">Poder Executivo<\/h3>\n\n\n\n<ul class=\"wp-block-list\">\n<li><strong>2.569 vagas<\/strong> \u2013 Carreira Pol\u00edticas P\u00fablicas e Gest\u00e3o Governamental<\/li>\n\n\n\n<li><strong>811 vagas<\/strong> \u2013 Carreira Planejamento Urbano e Infraestrutura<\/li>\n\n\n\n<li><strong>1.233 vagas<\/strong> \u2013 Carreira M\u00e9dica<\/li>\n\n\n\n<li><strong>151 vagas<\/strong> \u2013 Carreira Auditoria de Controle Interno<\/li>\n\n\n\n<li><strong>294 vagas<\/strong> \u2013 Carreira Gest\u00e3o Fazend\u00e1ria<\/li>\n\n\n\n<li><strong>261 vagas<\/strong> \u2013 Carreira Gest\u00e3o Fazend\u00e1ria (outra previs\u00e3o espec\u00edfica)<\/li>\n\n\n\n<li><strong>47 vagas<\/strong> \u2013 Carreira Cirurgi\u00e3o-Dentista<\/li>\n\n\n\n<li><strong>2.978 vagas<\/strong> \u2013 Carreira Especialista em Sa\u00fade (20h)<\/li>\n\n\n\n<li><strong>1.162 vagas<\/strong> \u2013 Carreira Enfermeiro (20h)<\/li>\n\n\n\n<li><strong>1.026 vagas<\/strong> \u2013 Carreira Vigil\u00e2ncia Ambiental e Aten\u00e7\u00e3o Comunit\u00e1ria \u00e0 Sa\u00fade<\/li>\n\n\n\n<li><strong>800 vagas<\/strong> \u2013 Carreira T\u00e9cnica em Enfermagem (20h)<\/li>\n\n\n\n<li><strong>4.000 vagas<\/strong> \u2013 Carreira Gest\u00e3o e Assist\u00eancia P\u00fablica \u00e0 Sa\u00fade<\/li>\n\n\n\n<li><strong>330 vagas<\/strong> \u2013 Carreira Auditoria de Atividades Urbanas<\/li>\n\n\n\n<li><strong>7.517 vagas<\/strong> \u2013 Carreira Magist\u00e9rio P\u00fablico \u2013 Professor Educa\u00e7\u00e3o B\u00e1sica<\/li>\n\n\n\n<li><strong>50 vagas<\/strong> \u2013 Carreira Magist\u00e9rio P\u00fablico \u2013 Orientador (40h)<\/li>\n\n\n\n<li><strong>675 vagas<\/strong> \u2013 Carreira Pol\u00edticas P\u00fablicas e Gest\u00e3o Educacional (PPGE)<\/li>\n\n\n\n<li><strong>298 vagas<\/strong> \u2013 Carreira Desenvolvimento e Fiscaliza\u00e7\u00e3o Agropecu\u00e1ria<\/li>\n\n\n\n<li><strong>753 vagas<\/strong> \u2013 Carreira Pol\u00edcia Penal<\/li>\n\n\n\n<li><strong>1.822 vagas<\/strong> \u2013 Carreira P\u00fablica de Desenvolvimento e Assist\u00eancia Social<\/li>\n\n\n\n<li><strong>600 vagas<\/strong> \u2013 Carreira Socioeducativa<\/li>\n\n\n\n<li><strong>17 vagas<\/strong> \u2013 Carreira Procurador<\/li>\n\n\n\n<li><strong>100 vagas<\/strong> \u2013 Carreira Apoio \u00e0s Atividades Jur\u00eddicas<\/li>\n\n\n\n<li><strong>150 vagas<\/strong> \u2013 Carreira Gest\u00e3o de Apoio \u00e0s Atividades Policiais Civis<\/li>\n\n\n\n<li><strong>123 vagas<\/strong> \u2013 Carreira Atividades do Hemocentro<\/li>\n\n\n\n<li><strong>528 vagas<\/strong> \u2013 Carreira Gest\u00e3o e Fiscaliza\u00e7\u00e3o Rodovi\u00e1ria<\/li>\n\n\n\n<li><strong>100 vagas<\/strong> \u2013 Carreira Atividades de Tr\u00e2nsito<\/li>\n\n\n\n<li><strong>97 vagas<\/strong> \u2013 Carreira Atividades do Meio Ambiente<\/li>\n\n\n\n<li><strong>114 vagas<\/strong> \u2013 Carreira Atividades de Defesa do Consumidor<\/li>\n\n\n\n<li><strong>11 vagas<\/strong> \u2013 Carreira Atividades Previdenci\u00e1rias<\/li>\n\n\n\n<li><strong>19 vagas<\/strong> \u2013 Carreira M\u00fasico da OSTNCS<\/li>\n\n\n\n<li><strong>236 vagas<\/strong> \u2013 Carreira Atividades Culturais<\/li>\n\n\n\n<li><strong>150 vagas<\/strong> \u2013 Carreira Magist\u00e9rio Superior (UnDF) \u2013 Professor de Educa\u00e7\u00e3o Superior (40h)<\/li>\n\n\n\n<li><strong>50 vagas<\/strong> \u2013 Carreira Magist\u00e9rio Superior (UnDF) \u2013 Professor de Educa\u00e7\u00e3o Superior (20h)<\/li>\n\n\n\n<li><strong>100 vagas<\/strong> \u2013 Carreira Magist\u00e9rio Superior (UnDF) \u2013 Tutor de Educa\u00e7\u00e3o Superior (40h)<\/li>\n\n\n\n<li><strong>50 vagas<\/strong> \u2013 Carreira Magist\u00e9rio Superior (UnDF) \u2013 Tutor de Educa\u00e7\u00e3o Superior (20h)<\/li>\n\n\n\n<li><strong>3 vagas<\/strong> \u2013 Emprego P\u00fablico EMATER-DF \u2013 Extensionista Rural \u2013 NM<\/li>\n\n\n\n<li><strong>200 vagas<\/strong> \u2013 Carreira Assist\u00eancia P\u00fablica e Sa\u00fade \u2013 T\u00e9cnico em Higiene Dental<\/li>\n\n\n\n<li><strong>17 vagas<\/strong> \u2013 Emprego P\u00fablico EMATER-DF \u2013 Extensionista Rural \u2013 NS<\/li>\n\n\n\n<li><strong>11 vagas<\/strong> \u2013 Emprego P\u00fablico EMATER-DF \u2013 Assistente Administrativo<\/li>\n\n\n\n<li><strong>9 vagas<\/strong> \u2013 Emprego P\u00fablico EMATER-DF \u2013 T\u00e9cnico Especializado<\/li>\n\n\n\n<li><strong>66 vagas<\/strong> \u2013 Emprego P\u00fablico NOVACAP \u2013 Arquiteto, Engenheiro, Engenheiro de Seguran\u00e7a do Trabalho, M\u00e9dico do Trabalho<\/li>\n\n\n\n<li><strong>18 vagas<\/strong> \u2013 Emprego P\u00fablico NOVACAP \u2013 Administrador, Contador, Analista de Sistema<\/li>\n\n\n\n<li><strong>31 vagas<\/strong> \u2013 Emprego P\u00fablico NOVACAP \u2013 T\u00e9cnico Administrativo, T\u00e9cnico em Edifica\u00e7\u00f5es, T\u00e9cnico Agr\u00edcola, T\u00e9cnico em Seguran\u00e7a do Trabalho<\/li>\n\n\n\n<li><strong>299 vagas<\/strong> \u2013 Empregos P\u00fablicos METRO-DF \u2013 Analista, Operador, Seguran\u00e7a Operacional, Suporte, T\u00e9cnico<\/li>\n\n\n\n<li><strong>800 vagas<\/strong> \u2013 Analista de Atividades de Defesa do Consumidor<\/li>\n\n\n\n<li><strong>3.500 vagas<\/strong> \u2013 Carreira T\u00e9cnico em Enfermagem<\/li>\n\n\n\n<li><strong>1.500 vagas<\/strong> \u2013 Carreira Vigil\u00e2ncia em Sa\u00fade e Aten\u00e7\u00e3o Comunit\u00e1ria<\/li>\n\n\n\n<li><strong>1.200 vagas<\/strong> \u2013 Carreira Enfermeiro (20h)<\/li>\n\n\n\n<li><strong>200 vagas<\/strong> \u2013 Carreira Assist\u00eancia P\u00fablica \u00e0 Sa\u00fade \u2013 T\u00e9cnico em Higiene Dental<\/li>\n\n\n\n<li><strong>1.000 vagas<\/strong> \u2013 Professores da Secretaria de Educa\u00e7\u00e3o do DF<\/li>\n\n\n\n<li><strong>1.000 vagas<\/strong> \u2013 Carreira de Defensoria P\u00fablica<\/li>\n\n\n\n<li><strong>1.000 vagas<\/strong> \u2013 Carreira de Dentista da Rede P\u00fablica<\/li>\n\n\n\n<li><strong>1.100 vagas<\/strong> \u2013 Carreira Pol\u00edticas P\u00fablicas e Gest\u00e3o Educacional (PPGE)<\/li>\n\n\n\n<li><strong>100 vagas<\/strong> \u2013 Carreira Magist\u00e9rio P\u00fablico \u2013 Orientador (40h)<\/li>\n\n\n\n<li><strong>1.283 vagas<\/strong> \u2013 Carreira M\u00e9dica<\/li>\n\n\n\n<li><strong>2.000 vagas<\/strong> \u2013 M\u00e9dico (*)<\/li>\n\n\n\n<li><strong>1.050 vagas<\/strong> \u2013 Carreira Vigil\u00e2ncia Ambiental e Aten\u00e7\u00e3o Comunit\u00e1ria \u00e0 Sa\u00fade<\/li>\n\n\n\n<li><strong>3.000 vagas<\/strong> \u2013 Carreira Magist\u00e9rio P\u00fablico \u2013 Professor Educa\u00e7\u00e3o B\u00e1sica<\/li>\n\n\n\n<li><strong>140 vagas<\/strong> \u2013 Carreira Magist\u00e9rio P\u00fablico \u2013 Professor Educa\u00e7\u00e3o B\u00e1sica (outra previs\u00e3o)<\/li>\n\n\n\n<li><strong>20 vagas<\/strong> \u2013 Carreira Magist\u00e9rio P\u00fablico \u2013 Orientador (40h)<\/li>\n\n\n\n<li><strong>70 vagas<\/strong> \u2013 Carreira Pol\u00edticas P\u00fablicas e Gest\u00e3o Educacional (PPGE)<\/li>\n\n\n\n<li><strong>21 vagas<\/strong> \u2013 Carreira M\u00fasico da OSTNCS<\/li>\n\n\n\n<li><strong>70 vagas<\/strong> \u2013 Carreira P\u00fablica de Desenvolvimento e Assist\u00eancia Social<\/li>\n\n\n\n<li><strong>500 vagas<\/strong> \u2013 Carreira Magist\u00e9rio Superior (UnDF) \u2013 Professor de Educa\u00e7\u00e3o Superior (40h)<\/li>\n\n\n\n<li><strong>500 vagas<\/strong> \u2013 Carreira Magist\u00e9rio Superior (UnDF) \u2013 Professor de Educa\u00e7\u00e3o Superior (20h)<\/li>\n\n\n\n<li><strong>4.100 vagas<\/strong> \u2013 Carreira Gest\u00e3o e Assist\u00eancia P\u00fablica \u00e0 Sa\u00fade<\/li>\n\n\n\n<li><strong>450 vagas<\/strong> \u2013 Carreira Auditoria de Atividades Urbanas<\/li>\n\n\n\n<li><strong>348 vagas<\/strong> \u2013 Carreira Desenvolvimento e Fiscaliza\u00e7\u00e3o Agropecu\u00e1ria<\/li>\n\n\n\n<li><strong>3.000 vagas<\/strong> \u2013 Carreira Pol\u00edticas P\u00fablicas e Gest\u00e3o Governamental<\/li>\n\n\n\n<li><strong>7.567 vagas<\/strong> \u2013 Carreira Magist\u00e9rio P\u00fablico \u2013 Professor Educa\u00e7\u00e3o B\u00e1sica<\/li>\n<\/ul>\n\n\n\n<p class=\"has-text-align-center has-very-light-gray-to-cyan-bluish-gray-gradient-background has-background\"><a href=\"https:\/\/dhg1h5j42swfq.cloudfront.net\/2025\/08\/11085424\/anexo-iv-ldo-2026-df.pdf\" target=\"_blank\" rel=\"noreferrer noopener nofollow\"><strong>Veja aqui o Anexo IV com as autoriza\u00e7\u00f5es de provimentos da LDO 2026 DF<\/strong><\/a><\/p>\n\n\n\n<h2 class=\"wp-block-heading\" id=\"concursos-df-carreiras-juridicas\">Concursos DF: carreiras Jur\u00eddicas<\/h2>\n\n\n\n<ul class=\"wp-block-list\">\n<li><a href=\"https:\/\/cj.estrategia.com\/portal\/concursos-juridicos-distrito-federal\/\" target=\"_blank\" rel=\"noreferrer noopener\">Oportunidades de Carreiras Jur\u00eddicas<\/a>.<\/li>\n<\/ul>\n\n\n\n<h2 class=\"wp-block-heading\" id=\"curto-prazo\">Concursos DF: curto prazo (at\u00e9 6 meses)<\/h2>\n\n\n\n<h3 class=\"wp-block-heading has-very-light-gray-to-cyan-bluish-gray-gradient-background has-background\" id=\"h-concurso-sedf\"><a href=\"https:\/\/www.estrategiaconcursos.com.br\/blog\/concurso-sedf\/\" target=\"_blank\" rel=\"noreferrer noopener\">Concurso SEDF<\/a><\/h3>\n\n\n\n<figure class=\"wp-block-table is-style-stripes\"><table class=\"has-fixed-layout\"><tbody><tr><td><strong>Status<\/strong><\/td><td>comiss\u00e3o formada <\/td><\/tr><tr><td><strong>Cargos<\/strong><\/td><td>diversos<\/td><\/tr><tr><td><strong>Forma\u00e7\u00e3o<\/strong><\/td><td>superior<\/td><\/tr><tr><td><strong>Vagas<\/strong><\/td><td>10.604<\/td><\/tr><tr><td><strong>Sal\u00e1rio<\/strong><\/td><td>at\u00e9 R$ 6.784,06<\/td><\/tr><tr><td><strong>Curso<\/strong><\/td><td><a href=\"https:\/\/www.estrategiaconcursos.com.br\/cursosPorConcurso\/secretaria-da-educacao-df\/\" target=\"_blank\" rel=\"noreferrer noopener\">SEDF<\/a><\/td><\/tr><\/tbody><\/table><\/figure>\n\n\n\n<h3 class=\"wp-block-heading has-very-light-gray-to-cyan-bluish-gray-gradient-background has-background\" id=\"h-concurso-crf-df\"><a href=\"https:\/\/www.estrategiaconcursos.com.br\/blog\/concurso-crf-df\/\" target=\"_blank\" rel=\"noreferrer noopener\">Concurso CRF DF<\/a><\/h3>\n\n\n\n<figure class=\"wp-block-table is-style-stripes\"><table class=\"has-fixed-layout\"><tbody><tr><td><strong>Status<\/strong><\/td><td class=\"has-text-align-left\" data-align=\"left\">banca definida (Instituto Quadrix)<\/td><\/tr><tr><td><strong>Cargos<\/strong><\/td><td class=\"has-text-align-left\" data-align=\"left\">diversos<\/td><\/tr><tr><td><strong>Forma\u00e7\u00e3o<\/strong><\/td><td class=\"has-text-align-left\" data-align=\"left\">m\u00e9dio e superior <\/td><\/tr><tr><td><strong>Vagas<\/strong><\/td><td class=\"has-text-align-left\" data-align=\"left\">a definir <\/td><\/tr><tr><td><strong>Sal\u00e1rio<\/strong><\/td><td class=\"has-text-align-left\" data-align=\"left\">at\u00e9 R$ 6.480,45 + benef\u00edcios<\/td><\/tr><tr><td><strong>Curso<\/strong><\/td><td class=\"has-text-align-left\" data-align=\"left\"><a href=\"https:\/\/www.estrategiaconcursos.com.br\/cursosPorConcurso\/secretaria-da-educacao-df\/\" target=\"_blank\" rel=\"noreferrer noopener\">CRF DF<\/a><\/td><\/tr><\/tbody><\/table><\/figure>\n\n\n\n<h3 class=\"wp-block-heading has-very-light-gray-to-cyan-bluish-gray-gradient-background has-background\" id=\"h-concurso-dpdf\"><a href=\"https:\/\/www.estrategiaconcursos.com.br\/blog\/concurso-dpdf\/\" target=\"_blank\" rel=\"noreferrer noopener\">Concurso DPDF<\/a><\/h3>\n\n\n\n<figure class=\"wp-block-table is-style-stripes\"><table class=\"has-fixed-layout\"><tbody><tr><th class=\"has-text-align-left\" data-align=\"left\">Status<\/th><td>Banca definida &#8211; Instituto Access<\/td><\/tr><tr><th class=\"has-text-align-left\" data-align=\"left\">Cargo<\/th><td>Analista de Apoio \u00e0 Assist\u00eancia Judici\u00e1ria<\/td><\/tr><tr><th class=\"has-text-align-left\" data-align=\"left\">Forma\u00e7\u00e3o<\/th><td>Superior<\/td><\/tr><tr><th class=\"has-text-align-left\" data-align=\"left\">Vagas<\/th><td>7 + CR<\/td><\/tr><tr><th class=\"has-text-align-left\" data-align=\"left\">Sal\u00e1rio<\/th><td>R$ 8.828,12<\/td><\/tr><tr><th class=\"has-text-align-left\" data-align=\"left\">Curso<\/th><td><a href=\"https:\/\/www.estrategiaconcursos.com.br\/cursosPorConcurso\/dpdf-defensoria-publica-do-distrito-federal-diversos-cargos\/\" target=\"_blank\" rel=\"noreferrer noopener\">DPDF<\/a><\/td><\/tr><\/tbody><\/table><\/figure>\n\n\n\n<h3 class=\"wp-block-heading has-text-align-left has-very-light-gray-to-cyan-bluish-gray-gradient-background has-background\" id=\"h-concurso-hemocentro-df\"><a href=\"https:\/\/www.estrategiaconcursos.com.br\/blog\/concurso-hemocentro-df\/\" target=\"_blank\" rel=\"noreferrer noopener\">Concurso Hemocentro DF<\/a><\/h3>\n\n\n\n<figure class=\"wp-block-table is-style-stripes\"><table class=\"has-fixed-layout\"><tbody><tr><th class=\"has-text-align-left\" data-align=\"left\">Status<\/th><td>Grupo de trabalho formado<\/td><\/tr><tr><th class=\"has-text-align-left\" data-align=\"left\">Cargo<\/th><td>Analista e T\u00e9cnico de Atividades<\/td><\/tr><tr><th class=\"has-text-align-left\" data-align=\"left\">Forma\u00e7\u00e3o<\/th><td>M\u00e9dio e superior<\/td><\/tr><tr><th class=\"has-text-align-left\" data-align=\"left\">Vagas<\/th><td>121<\/td><\/tr><tr><th class=\"has-text-align-left\" data-align=\"left\">Sal\u00e1rio<\/th><td>R$ 4.480,00 a R$ 6.760,00<\/td><\/tr><tr><th class=\"has-text-align-left\" data-align=\"left\">Curso<\/th><td><a href=\"https:\/\/www.estrategiaconcursos.com.br\/cursosPorConcurso\/hemocentro-df\/\" target=\"_blank\" rel=\"noreferrer noopener\">Hemocentro DF<\/a><\/td><\/tr><\/tbody><\/table><\/figure>\n\n\n\n<h3 class=\"wp-block-heading has-text-align-left has-very-light-gray-to-cyan-bluish-gray-gradient-background has-background\" id=\"h-concurso-ses-df-efetivo\"><a href=\"https:\/\/www.estrategiaconcursos.com.br\/blog\/concurso-ses-df\/\" target=\"_blank\" rel=\"noreferrer noopener\">Concurso SES DF (efetivo)<\/a><\/h3>\n\n\n\n<figure class=\"wp-block-table is-style-stripes\"><table class=\"has-fixed-layout\"><tbody><tr><th class=\"has-text-align-left\" data-align=\"left\">Status<\/th><td>Grupo de trabalho formado | Solicitado<\/td><\/tr><tr><th class=\"has-text-align-left\" data-align=\"left\">Cargo<\/th><td>Especialista em Sa\u00fade | Especialista (Assist\u00eancia Social)<\/td><\/tr><tr><th class=\"has-text-align-left\" data-align=\"left\">Forma\u00e7\u00e3o<\/th><td>Superior<\/td><\/tr><tr><th class=\"has-text-align-left\" data-align=\"left\">Vagas<\/th><td>2.379 | A definir<\/td><\/tr><tr><th class=\"has-text-align-left\" data-align=\"left\">Sal\u00e1rio<\/th><td>R$ 1.988,00 a R$ 4.485,00 [\u00faltimos editais]<\/td><\/tr><tr><th class=\"has-text-align-left\" data-align=\"left\">Curso<\/th><td><a href=\"https:\/\/www.estrategiaconcursos.com.br\/cursosPorConcurso\/secretaria-de-saude-df\/\" target=\"_blank\" rel=\"noreferrer noopener\">SES DF<\/a><\/td><\/tr><\/tbody><\/table><\/figure>\n\n\n\n<h3 class=\"wp-block-heading has-very-light-gray-to-cyan-bluish-gray-gradient-background has-background\" id=\"h-concurso-pcdf-iml\"><a href=\"https:\/\/www.estrategiaconcursos.com.br\/blog\/concurso-pcdf\/\" target=\"_blank\" rel=\"noreferrer noopener\">Concurso PCDF &#8211; IML<\/a><\/h3>\n\n\n\n<figure class=\"wp-block-table is-style-stripes\"><table class=\"has-fixed-layout\"><tbody><tr><td><strong>Status<\/strong><\/td><td>solicitado<\/td><\/tr><tr><td><strong>Cargos<\/strong><\/td><td>Agente de Atividade Complementar<\/td><\/tr><tr><td><strong>Forma\u00e7\u00e3o<\/strong><\/td><td>m\u00e9dio e t\u00e9cnico<\/td><\/tr><tr><td><strong>Vagas<\/strong><\/td><td>60<\/td><\/tr><tr><td><strong>Sal\u00e1rio<\/strong><\/td><td>R$ 6.179,80<\/td><\/tr><\/tbody><\/table><\/figure>\n\n\n\n<h3 class=\"wp-block-heading has-very-light-gray-to-cyan-bluish-gray-gradient-background has-background\" id=\"h-concurso-pcdf-nbsp-nbsp-agente-de-custodia\"><a href=\"https:\/\/www.estrategiaconcursos.com.br\/blog\/concurso-pcdf-agente-de-custodia\/\" target=\"_blank\" rel=\"noreferrer noopener\">Concurso PCDF&nbsp;\u2013&nbsp;Agente de Cust\u00f3dia<\/a><\/h3>\n\n\n\n<figure class=\"wp-block-table is-style-stripes\"><table class=\"has-fixed-layout\"><tbody><tr><th class=\"has-text-align-left\" data-align=\"left\">Status<\/th><td>autorizado<\/td><\/tr><tr><th class=\"has-text-align-left\" data-align=\"left\">Cargo<\/th><td>Agente de Cust\u00f3dia<\/td><\/tr><tr><th class=\"has-text-align-left\" data-align=\"left\">Forma\u00e7\u00e3o<\/th><td>N\u00edvel superior<\/td><\/tr><tr><th class=\"has-text-align-left\" data-align=\"left\">Vagas<\/th><td>50 + 100 CR<\/td><\/tr><tr><th class=\"has-text-align-left\" data-align=\"left\">Sal\u00e1rio<\/th><td>R$ 9.394,68<\/td><\/tr><tr><th class=\"has-text-align-left\" data-align=\"left\">Curso<\/th><td><a href=\"https:\/\/www.estrategiaconcursos.com.br\/cursosPorConcurso\/policia-civil-do-distrito-federal-pc-df-agente-policial-de-custodia\/\" target=\"_blank\" rel=\"noreferrer noopener\">PCDF Agente de Cust\u00f3dia<\/a><\/td><\/tr><\/tbody><\/table><\/figure>\n\n\n\n<h3 class=\"wp-block-heading has-very-light-gray-to-cyan-bluish-gray-gradient-background has-background\" id=\"h-concurso-pmdf\"><a href=\"https:\/\/www.estrategiaconcursos.com.br\/blog\/concurso-pmdf\/\" target=\"_blank\" rel=\"noreferrer noopener\">Concurso PMDF<\/a><\/h3>\n\n\n\n<figure class=\"wp-block-table is-style-stripes\"><table class=\"has-fixed-layout\"><tbody><tr><th class=\"has-text-align-left\" data-align=\"left\">Status<\/th><td>previsto e banca definida (Cebraspe)<\/td><\/tr><tr><th class=\"has-text-align-left\" data-align=\"left\">Cargo<\/th><td>Soldado<\/td><\/tr><tr><th class=\"has-text-align-left\" data-align=\"left\">Forma\u00e7\u00e3o<\/th><td>N\u00edvel superior<\/td><\/tr><tr><th class=\"has-text-align-left\" data-align=\"left\">Vagas<\/th><td>a definir<\/td><\/tr><tr><th class=\"has-text-align-left\" data-align=\"left\">Sal\u00e1rio<\/th><td>R$ 5.336,96 + benef\u00edcios<\/td><\/tr><tr><th class=\"has-text-align-left\" data-align=\"left\">Curso<\/th><td><a href=\"https:\/\/www.estrategiaconcursos.com.br\/cursosPorConcurso\/policia-militar-do-distrito-federal-pmdf\/\" target=\"_blank\" rel=\"noreferrer noopener\">PMDF<\/a><\/td><\/tr><\/tbody><\/table><\/figure>\n\n\n\n<h3 class=\"wp-block-heading has-very-light-gray-to-cyan-bluish-gray-gradient-background has-background\" id=\"h-concurso-tcdf-tribunal-de-contas-do-distrito-federal\"><a href=\"https:\/\/www.estrategiaconcursos.com.br\/blog\/concurso-tcdf\/\" target=\"_blank\" rel=\"noreferrer noopener\">Concurso TCDF<\/a> (Tribunal de Contas do Distrito Federal)<\/h3>\n\n\n\n<figure class=\"wp-block-table is-style-stripes\"><table class=\"has-fixed-layout\"><tbody><tr><td><strong>Status<\/strong><\/td><td>em estudos<\/td><\/tr><tr><td><strong>Cargos<\/strong><\/td><td>Analista Administrativo de Controle Externo<\/td><\/tr><tr><td><strong>Forma\u00e7\u00e3o<\/strong><\/td><td>n\u00edvel superior<\/td><\/tr><tr><td><strong>Vagas<\/strong><\/td><td>10<\/td><\/tr><tr><td><strong>Sal\u00e1rio<\/strong><\/td><td>R$ 14.207,61<\/td><\/tr><\/tbody><\/table><\/figure>\n\n\n\n<h3 class=\"wp-block-heading has-very-light-gray-to-cyan-bluish-gray-gradient-background has-background\" id=\"h-concurso-sedes-df\"><a href=\"https:\/\/www.estrategiaconcursos.com.br\/blog\/concurso-sedes-df\/\" target=\"_blank\" rel=\"noreferrer noopener\">Concurso SEDES DF<\/a><\/h3>\n\n\n\n<figure class=\"wp-block-table is-style-stripes\"><table class=\"has-fixed-layout\"><tbody><tr><th class=\"has-text-align-left\" data-align=\"left\">Status<\/th><td>banca definida (Quadrix)<\/td><\/tr><tr><th class=\"has-text-align-left\" data-align=\"left\">Cargo<\/th><td>Especialista e T\u00e9cnico em Assist\u00eancia Social<\/td><\/tr><tr><th class=\"has-text-align-left\" data-align=\"left\">Forma\u00e7\u00e3o<\/th><td>N\u00edveis m\u00e9dio e superior<\/td><\/tr><tr><th class=\"has-text-align-left\" data-align=\"left\">Vagas<\/th><td>1.197<\/td><\/tr><tr><th class=\"has-text-align-left\" data-align=\"left\">Sal\u00e1rio<\/th><td>R$ 4.752,17 a R$ 8.904,26<\/td><\/tr><tr><th class=\"has-text-align-left\" data-align=\"left\">Curso<\/th><td><a href=\"https:\/\/www.estrategiaconcursos.com.br\/cursosPorConcurso\/sedes-df\/\" target=\"_blank\" rel=\"noreferrer noopener\">Curso SEDES DF<\/a><\/td><\/tr><\/tbody><\/table><\/figure>\n\n\n\n<h2 class=\"wp-block-heading\" id=\"medio-prazo\">Concursos DF: m\u00e9dio prazo (6 meses a 1 ano)<\/h2>\n\n\n\n<h3 class=\"wp-block-heading has-very-light-gray-to-cyan-bluish-gray-gradient-background has-background\" id=\"h-pss-ses-df\"><a href=\"https:\/\/www.estrategiaconcursos.com.br\/blog\/concurso-ses-df\/\" target=\"_blank\" rel=\"noreferrer noopener\">PSS SES DF<\/a><\/h3>\n\n\n\n<figure class=\"wp-block-table is-style-stripes\"><table class=\"has-fixed-layout\"><tbody><tr><td><strong>Status<\/strong><\/td><td>banca definida (Instituto Avalia)<\/td><\/tr><tr><td><strong>Cargos<\/strong><\/td><td>T\u00e9cnico e Analista em Gest\u00e3o e Assist\u00eancia P\u00fablica \u00e0 Sa\u00fade<\/td><\/tr><tr><td><strong>Forma\u00e7\u00e3o<\/strong><\/td><td>m\u00e9dio e superior<\/td><\/tr><tr><td><strong>Vagas<\/strong><\/td><td>300 + 600 CR<\/td><\/tr><tr><td><strong>Sal\u00e1rio<\/strong><\/td><td>R$ 4.045,76 a R$ 4.134,01<\/td><\/tr><\/tbody><\/table><\/figure>\n\n\n\n<h3 class=\"wp-block-heading has-very-light-gray-to-cyan-bluish-gray-gradient-background has-background\" id=\"h-concurso-ceasa-df-centrais-de-abastecimento-do-distrito-federal\"><a href=\"https:\/\/www.estrategiaconcursos.com.br\/blog\/concurso-ceasa-df\/\" target=\"_blank\" rel=\"noreferrer noopener\">Concurso Ceasa DF<\/a> (Centrais de Abastecimento do Distrito Federal)<\/h3>\n\n\n\n<figure class=\"wp-block-table is-style-stripes\"><table class=\"has-fixed-layout\"><tbody><tr><td><strong>Status<\/strong><\/td><td>comiss\u00e3o de estudos formada<\/td><\/tr><tr><td><strong>Cargos<\/strong><\/td><td>a definir<\/td><\/tr><tr><td><strong>Forma\u00e7\u00e3o<\/strong><\/td><td>a definir<\/td><\/tr><tr><td><strong>Vagas<\/strong><\/td><td>20 + CR previstas<\/td><\/tr><tr><td><strong>Sal\u00e1rio<\/strong><\/td><td>a definir<\/td><\/tr><\/tbody><\/table><\/figure>\n\n\n\n<h3 class=\"wp-block-heading has-very-light-gray-to-cyan-bluish-gray-gradient-background has-background\" id=\"h-concurso-coren-df-conselho-regional-de-enfermagem-do-distrito-federal\"><a href=\"https:\/\/www.estrategiaconcursos.com.br\/blog\/concurso-coren-df\" target=\"_blank\" rel=\"noreferrer noopener\">Concurso COREN DF<\/a> (Conselho Regional de Enfermagem do Distrito Federal)<\/h3>\n\n\n\n<figure class=\"wp-block-table is-style-stripes\"><table class=\"has-fixed-layout\"><tbody><tr><td><strong>Status<\/strong><\/td><td>comiss\u00e3o formada<\/td><\/tr><tr><td><strong>Cargos<\/strong><\/td><td>a definir<\/td><\/tr><tr><td><strong>Forma\u00e7\u00e3o<\/strong><\/td><td>m\u00e9dio e superior <\/td><\/tr><tr><td><strong>Vagas<\/strong><\/td><td>a definir<\/td><\/tr><tr><td><strong>Sal\u00e1rio<\/strong><\/td><td>at\u00e9 R$ 4.100,00 [\u00faltimo edital]<\/td><\/tr><\/tbody><\/table><\/figure>\n\n\n\n<h3 class=\"wp-block-heading has-very-light-gray-to-cyan-bluish-gray-gradient-background has-background\" id=\"h-concurso-pcdf-policia-civil-do-distrito-federal\"><a href=\"https:\/\/www.estrategiaconcursos.com.br\/blog\/concurso-pcdf\/\" target=\"_blank\" rel=\"noreferrer noopener\">Concurso PCDF<\/a> (Pol\u00edcia Civil do Distrito Federal)<\/h3>\n\n\n\n<figure class=\"wp-block-table is-style-stripes\"><table class=\"has-fixed-layout\"><tbody><tr><th class=\"has-text-align-left\" data-align=\"left\">Status<\/th><td>autorizado<\/td><\/tr><tr><th class=\"has-text-align-left\" data-align=\"left\">Cargo<\/th><td>Perito Criminal, Perito M\u00e9dico-Legista e Papiloscopista Policial<\/td><\/tr><tr><th class=\"has-text-align-left\" data-align=\"left\">Forma\u00e7\u00e3o<\/th><td>N\u00edvel superior<\/td><\/tr><tr><th class=\"has-text-align-left\" data-align=\"left\">Vagas<\/th><td>105 + 210 CR<\/td><\/tr><tr><th class=\"has-text-align-left\" data-align=\"left\">Sal\u00e1rio<\/th><td>R$ 11.085,72&nbsp;a R$ 21.449,24<\/td><\/tr><tr><th class=\"has-text-align-left\" data-align=\"left\">Curso<\/th><td><a href=\"https:\/\/www.estrategiaconcursos.com.br\/cursosPorConcurso\/policia-civil-do-distrito-federal-pc-df\/\" target=\"_blank\" rel=\"noreferrer noopener\">PCDF<\/a><\/td><\/tr><\/tbody><\/table><\/figure>\n\n\n\n<h3 class=\"wp-block-heading has-very-light-gray-to-cyan-bluish-gray-gradient-background has-background\" id=\"h-concurso-pcdf-policia-civil-do-distrito-federal-0\"><a href=\"https:\/\/www.estrategiaconcursos.com.br\/blog\/concurso-pcdf\/\" target=\"_blank\" rel=\"noreferrer noopener\">Concurso PCDF<\/a> (Pol\u00edcia Civil do Distrito Federal)<\/h3>\n\n\n\n<figure class=\"wp-block-table is-style-stripes\"><table class=\"has-fixed-layout\"><tbody><tr><td><strong>Status<\/strong><\/td><td>solicitado<\/td><\/tr><tr><td><strong>Cargos<\/strong><\/td><td>Agente de Atividade Complementar<\/td><\/tr><tr><td><strong>Forma\u00e7\u00e3o<\/strong><\/td><td>m\u00e9dio e t\u00e9cnico<\/td><\/tr><tr><td><strong>Vagas<\/strong><\/td><td>150<\/td><\/tr><tr><td><strong>Sal\u00e1rio<\/strong><\/td><td>R$ 6.179,80<\/td><\/tr><\/tbody><\/table><\/figure>\n\n\n\n<h3 class=\"wp-block-heading has-very-light-gray-to-cyan-bluish-gray-gradient-background has-background\" id=\"h-concurso-codhab-df-companhia-do-desenvolvimento-habitacional-do-distrito-federal\"><a href=\"https:\/\/www.estrategiaconcursos.com.br\/blog\/concurso-codhab-df\/\" target=\"_blank\" rel=\"noreferrer noopener\">Concurso Codhab DF<\/a> <em>(Companhia do Desenvolvimento Habitacional do Distrito Federal)<\/em><\/h3>\n\n\n\n<figure class=\"wp-block-table is-style-stripes\"><table class=\"has-fixed-layout\"><tbody><tr><td><strong>Status<\/strong><\/td><td>comiss\u00e3o formada<\/td><\/tr><tr><td><strong>Cargos<\/strong><\/td><td>a definir<\/td><\/tr><tr><td><strong>Forma\u00e7\u00e3o<\/strong><\/td><td>a definir<\/td><\/tr><tr><td><strong>Vagas<\/strong><\/td><td>a definir<\/td><\/tr><tr><td><strong>Sal\u00e1rio<\/strong><\/td><td>R$ 2.500,00 a R$ 4.995,45&nbsp;<em>(\u00faltimo edital)<\/em><\/td><\/tr><\/tbody><\/table><\/figure>\n\n\n\n<h3 class=\"wp-block-heading has-very-light-gray-to-cyan-bluish-gray-gradient-background has-background\" id=\"h-concurso-sefaz-df\"><a href=\"https:\/\/www.estrategiaconcursos.com.br\/blog\/concurso-sefaz-df-auditor\/\" target=\"_blank\" rel=\"noreferrer noopener\">Concurso SEFAZ DF<\/a><\/h3>\n\n\n\n<figure class=\"wp-block-table is-style-stripes\"><table class=\"has-fixed-layout\"><tbody><tr><th class=\"has-text-align-left\" data-align=\"left\">Status<\/th><td>banca definida (Cebraspe)<\/td><\/tr><tr><th class=\"has-text-align-left\" data-align=\"left\">Cargo<\/th><td>Auditor Fiscal<\/td><\/tr><tr><th class=\"has-text-align-left\" data-align=\"left\">Forma\u00e7\u00e3o<\/th><td>N\u00edvel superior<\/td><\/tr><tr><th class=\"has-text-align-left\" data-align=\"left\">Vagas<\/th><td>115 + 150 CR<\/td><\/tr><tr><th class=\"has-text-align-left\" data-align=\"left\">Sal\u00e1rio<\/th><td>R$ 23.597,07<\/td><\/tr><tr><th class=\"has-text-align-left\" data-align=\"left\">Curso<\/th><td><a href=\"https:\/\/www.estrategiaconcursos.com.br\/cursosPorConcurso\/sefaz-df-279\/\" target=\"_blank\" rel=\"noreferrer noopener\">Sefaz DF<\/a><\/td><\/tr><\/tbody><\/table><\/figure>\n\n\n\n<h3 class=\"wp-block-heading has-very-light-gray-to-cyan-bluish-gray-gradient-background has-background\" id=\"h-concurso-camara-dos-deputados\"><a href=\"https:\/\/www.estrategiaconcursos.com.br\/blog\/concurso-camara-dos-deputados\/\" target=\"_blank\" rel=\"noreferrer noopener\">Concurso C\u00e2mara dos Deputados<\/a><\/h3>\n\n\n\n<figure class=\"wp-block-table is-style-stripes\"><table class=\"has-fixed-layout\"><tbody><tr><td><strong>Status<\/strong><\/td><td>banca definida (Cebraspe)<\/td><\/tr><tr><td><strong>Cargos<\/strong><\/td><td>T\u00e9cnico e Analista Legislativo<\/td><\/tr><tr><td><strong>Forma\u00e7\u00e3o<\/strong><\/td><td>N\u00edvel superior<\/td><\/tr><tr><td><strong>Vagas<\/strong><\/td><td>a definir<\/td><\/tr><tr><td><strong>Sal\u00e1rio<\/strong><\/td><td>R$ 19.616,98 a R$ 29.462,78<\/td><\/tr><tr><td><strong>Curso<\/strong><\/td><td><a href=\"https:\/\/www.estrategiaconcursos.com.br\/pesquisa\/?q=camara+dos+deputados\" target=\"_blank\" rel=\"noreferrer noopener\">C\u00e2mara dos Deputados<\/a><\/td><\/tr><\/tbody><\/table><\/figure>\n\n\n\n<h2 class=\"wp-block-heading\" id=\"longo\">Concursos DF: Longo prazo (6 meses a 1 ano)<\/h2>\n\n\n\n<h3 class=\"wp-block-heading has-very-light-gray-to-cyan-bluish-gray-gradient-background has-background\" id=\"h-concurso-detran-df\"><a href=\"https:\/\/www.estrategiaconcursos.com.br\/blog\/concurso-detran-df\/\" target=\"_blank\" rel=\"noreferrer noopener\">Concurso Detran DF<\/a><\/h3>\n\n\n\n<figure class=\"wp-block-table is-style-stripes\"><table class=\"has-fixed-layout\"><tbody><tr><th class=\"has-text-align-left\" data-align=\"left\">Status<\/th><td>anunciado <\/td><\/tr><tr><th class=\"has-text-align-left\" data-align=\"left\">Cargo<\/th><td>Agente de Tr\u00e2nsito <\/td><\/tr><tr><th class=\"has-text-align-left\" data-align=\"left\">Forma\u00e7\u00e3o<\/th><td>N\u00edvel superior<\/td><\/tr><tr><th class=\"has-text-align-left\" data-align=\"left\">Vagas<\/th><td>182<\/td><\/tr><tr><th class=\"has-text-align-left\" data-align=\"left\">Sal\u00e1rio<\/th><td>R$ 4.650,00 a R$ 6.437,50 [\u00faltimo edital]<\/td><\/tr><tr><th class=\"has-text-align-left\" data-align=\"left\">Curso<\/th><td><a href=\"https:\/\/www.estrategiaconcursos.com.br\/cursosPorConcurso\/detran-df-5\/\" target=\"_blank\" rel=\"noreferrer noopener\">Detran DF<\/a><\/td><\/tr><\/tbody><\/table><\/figure>\n\n\n\n<h3 class=\"wp-block-heading has-very-light-gray-to-cyan-bluish-gray-gradient-background has-background\" id=\"h-concurso-detran-df-0\"><a href=\"https:\/\/www.estrategiaconcursos.com.br\/blog\/concurso-detran-df\/\" target=\"_blank\" rel=\"noreferrer noopener\">Concurso Detran DF<\/a><\/h3>\n\n\n\n<figure class=\"wp-block-table is-style-stripes\"><table class=\"has-fixed-layout\"><tbody><tr><th class=\"has-text-align-left\" data-align=\"left\">Status<\/th><td>previsto<\/td><\/tr><tr><th class=\"has-text-align-left\" data-align=\"left\">Cargo<\/th><td>Especialista<\/td><\/tr><tr><th class=\"has-text-align-left\" data-align=\"left\">Forma\u00e7\u00e3o<\/th><td>N\u00edvel superior<\/td><\/tr><tr><th class=\"has-text-align-left\" data-align=\"left\">Vagas<\/th><td>a definir<\/td><\/tr><tr><th class=\"has-text-align-left\" data-align=\"left\">Sal\u00e1rio<\/th><td>R$ 4.650,00 a R$ 6.437,50 [\u00faltimo edital]<\/td><\/tr><tr><th class=\"has-text-align-left\" data-align=\"left\">Curso<\/th><td><a href=\"https:\/\/www.estrategiaconcursos.com.br\/cursosPorConcurso\/detran-df-5\/\" target=\"_blank\" rel=\"noreferrer noopener\">Detran DF<\/a><\/td><\/tr><\/tbody><\/table><\/figure>\n\n\n\n<h3 class=\"wp-block-heading has-very-light-gray-to-cyan-bluish-gray-gradient-background has-background\" id=\"h-concurso-cldf\"><a href=\"https:\/\/www.estrategiaconcursos.com.br\/blog\/concurso-cldf\" target=\"_blank\" rel=\"noreferrer noopener\">Concurso CLDF<\/a><\/h3>\n\n\n\n<figure class=\"wp-block-table is-style-stripes\"><table class=\"has-fixed-layout\"><tbody><tr><th class=\"has-text-align-left\" data-align=\"left\">Status<\/th><td>Grupo de estudos formado<\/td><\/tr><tr><th class=\"has-text-align-left\" data-align=\"left\">Cargo<\/th><td>Analista, Assistente T\u00e9cnico e T\u00e9cnico Administrativo<\/td><\/tr><tr><th class=\"has-text-align-left\" data-align=\"left\">Forma\u00e7\u00e3o<\/th><td>N\u00edveis m\u00e9dio e superior<\/td><\/tr><tr><th class=\"has-text-align-left\" data-align=\"left\">Vagas<\/th><td>90<\/td><\/tr><tr><th class=\"has-text-align-left\" data-align=\"left\">Sal\u00e1rio<\/th><td>R$ 6.086,65 a R$ 13.531,06<\/td><\/tr><tr><th class=\"has-text-align-left\" data-align=\"left\">Curso<\/th><td><a href=\"https:\/\/www.estrategiaconcursos.com.br\/cursosPorConcurso\/cldf-camara-legislativa-do-distrito-federal-398\" target=\"_blank\" rel=\"noreferrer noopener\">CLDF<\/a><\/td><\/tr><\/tbody><\/table><\/figure>\n\n\n\n<hr class=\"wp-block-separator has-css-opacity\"\/>\n\n\n\n<p class=\"has-text-align-center\" id=\"h-leia-tambem\" style=\"font-size:clamp(17.905px, 1.119rem + ((1vw - 3.2px) * 0.99), 28px);\"><strong>Leia tamb\u00e9m:<\/strong><\/p>\n\n\n\n<ul class=\"wp-block-list\">\n<li><a href=\"https:\/\/www.estrategiaconcursos.com.br\/blog\/concursos-centro-oeste\/\" target=\"_blank\" rel=\"noreferrer noopener\">Concursos Centro-oeste<\/a><\/li>\n\n\n\n<li><a href=\"https:\/\/www.estrategiaconcursos.com.br\/blog\/concursos-abertos\/\" target=\"_blank\" rel=\"noreferrer noopener\">Concursos abertos<\/a><\/li>\n\n\n\n<li><a href=\"https:\/\/www.estrategiaconcursos.com.br\/blog\/concursos-2026\/\" target=\"_blank\" rel=\"noreferrer noopener\">Concursos 2026<\/a><\/li>\n<\/ul>\n\n\n\n<p class=\"has-text-align-center\" id=\"cursos-assinaturas\" style=\"font-size:clamp(17.905px, 1.119rem + ((1vw - 3.2px) * 0.99), 28px);\"><strong>Quer estudar para os concursos DF com o Estrat\u00e9gia?<\/strong><\/p>\n\n\n\n<div class=\"container\" id=\"boxes\">\n  <div class=\"row\">\n\n    <div class=\"col-sm\">\n      <div class=\"banner-estrat-corj\" id=\"box-assinatura\">\n        <h3 class=\"titulo-assinatura\">Cursos para concursos DF<\/h3>\n        <p class=\"subtitulo-assinatura\">Prepara\u00e7\u00e3o completa para os Concursos do DF<\/p>\n        <div class=\"box-botao\">\n          <a class=\"btn-assinatura\" target=\"_blank\" href=\"https:\/\/www.estrategiaconcursos.com.br\/cursos\/regiao\/?estado=DF\" role=\"button\" rel=\"noopener noreferrer\">INICIAR AGORA<\/a>\n        <\/div>\n      <\/div>\n     \n    <\/div>\n\n  <\/div>\n<\/div>\n\n\n\n<div class=\"container\" id=\"boxes\">\n  <div class=\"row\">\n\n    <div class=\"col-sm\">\n      <div class=\"estrategia\" id=\"box-assinatura\">\n        <h3 class=\"titulo-assinatura\">Assinatura Concursos<\/h3>\n        <p class=\"subtitulo-assinatura\">Assinatura de 1 ano ou 2 anos<\/p>\n        <div class=\"box-botao\">\n          <a class=\"btn-assinatura\" target=\"_blank\" href=\"https:\/\/www.estrategiaconcursos.com.br\/assinaturas\/\" role=\"button\" rel=\"noopener noreferrer\">ASSINE AGORA<\/a>\n        <\/div>\n      <\/div>\n     \n    <\/div><\/div><\/div>\n","protected":false},"excerpt":{"rendered":"<p>Op\u00e7\u00f5es na \u00e1rea de seguran\u00e7a, legislativa, tribunal, educa\u00e7\u00e3o, sa\u00fade, controle e mais\u2026 Veja os editais abertos e concursos previstos no Distrito Federal em 2026 Os concursos DF representam uma das principais portas de entrada para quem busca estabilidade profissional, bons sal\u00e1rios e benef\u00edcios atrativos no servi\u00e7o p\u00fablico. Devido \u00e0 diversidade de \u00f3rg\u00e3os e secretarias, o [&hellip;]<\/p>\n","protected":false},"author":1,"featured_media":1623048,"comment_status":"open","ping_status":"open","sticky":false,"template":"","format":"standard","meta":{"post_tipo":"news_page","footnotes":""},"categories":[2313,3766,214992,1983,2185,2017,1988,1981,1984,214710],"tags":[2691,2690,1940],"tax_estado":[219970],"class_list":["post-78343","post","type-post","status-publish","format-standard","has-post-thumbnail","hentry","category-carreiras-bancarias","category-educacional","category-concursos-administrativos","category-fiscal-estadual","category-carreiras-juridicas","category-concursos-legislativos","category-policia","category-saude","category-tribunais","category-tribunais-de-contas","tag-concurso-distrito-federal","tag-concursos-brasilia","tag-concursos-df","tax_estado-df"],"acf":[],"yoast_head":"<!-- This site is optimized with the Yoast SEO Premium plugin v27.2 (Yoast SEO v27.2) - https:\/\/yoast.com\/product\/yoast-seo-premium-wordpress\/ -->\n<title>Concursos DF 2026: veja vagas, editais e \u00faltimas not\u00edcias!<\/title>\n<meta name=\"description\" content=\"Potenciais vagas em Concursos do Distrito Federal em 2026. Prepare-se para trilhar o caminho do sucesso agora. Acesse e confira!\" \/>\n<meta name=\"robots\" content=\"index, follow, max-snippet:-1, max-image-preview:large, max-video-preview:-1\" \/>\n<link rel=\"canonical\" href=\"https:\/\/www.estrategiaconcursos.com.br\/blog\/concursos-df\/\" \/>\n<meta property=\"og:locale\" content=\"pt_BR\" \/>\n<meta property=\"og:type\" content=\"article\" \/>\n<meta property=\"og:title\" content=\"Concursos DF 2026: veja vagas, editais e \u00faltimas not\u00edcias!\" \/>\n<meta property=\"og:description\" content=\"Potenciais vagas em Concursos do Distrito Federal em 2026. Prepare-se para trilhar o caminho do sucesso agora. Acesse e confira!\" \/>\n<meta property=\"og:url\" content=\"https:\/\/www.estrategiaconcursos.com.br\/blog\/concursos-df\/\" \/>\n<meta property=\"og:site_name\" content=\"Estrat\u00e9gia Concursos\" \/>\n<meta property=\"article:author\" content=\"https:\/\/www.facebook.com\/EstrategiaConcursos\" \/>\n<meta property=\"article:published_time\" content=\"2026-04-21T16:26:53+00:00\" \/>\n<meta property=\"article:modified_time\" content=\"2026-04-22T11:58:49+00:00\" \/>\n<meta property=\"og:image\" content=\"https:\/\/dhg1h5j42swfq.cloudfront.net\/2025\/08\/13160021\/concursos-df.jpg\" \/>\n\t<meta property=\"og:image:width\" content=\"768\" \/>\n\t<meta property=\"og:image:height\" content=\"432\" \/>\n\t<meta property=\"og:image:type\" content=\"image\/jpeg\" \/>\n<meta name=\"author\" content=\"Coordena\u00e7\u00e3o\" \/>\n<meta name=\"twitter:card\" content=\"summary_large_image\" \/>\n<meta name=\"twitter:creator\" content=\"@EstratConcursos\" \/>\n<meta name=\"twitter:site\" content=\"@EstratConcursos\" \/>\n<meta name=\"twitter:label1\" content=\"Escrito por\" \/>\n\t<meta name=\"twitter:data1\" content=\"Coordena\u00e7\u00e3o\" \/>\n\t<meta name=\"twitter:label2\" content=\"Est. tempo de leitura\" \/>\n\t<meta name=\"twitter:data2\" content=\"14 minutos\" \/>\n<script type=\"application\/ld+json\" class=\"yoast-schema-graph\">{\"@context\":\"https:\/\/schema.org\",\"@graph\":[{\"@type\":\"NewsArticle\",\"@id\":\"https:\/\/www.estrategiaconcursos.com.br\/blog\/concursos-df\/#article\",\"isPartOf\":{\"@id\":\"https:\/\/www.estrategiaconcursos.com.br\/blog\/concursos-df\/\"},\"author\":{\"name\":\"Coordena\u00e7\u00e3o\",\"@id\":\"https:\/\/www.estrategiaconcursos.com.br\/blog\/#\/schema\/person\/b4a388c97673c5f483d72185668afa1f\"},\"headline\":\"Concursos DF 2026: veja vagas, editais e \u00faltimas not\u00edcias!\",\"datePublished\":\"2026-04-21T16:26:53+00:00\",\"dateModified\":\"2026-04-22T11:58:49+00:00\",\"mainEntityOfPage\":{\"@id\":\"https:\/\/www.estrategiaconcursos.com.br\/blog\/concursos-df\/\"},\"wordCount\":1767,\"commentCount\":17,\"publisher\":{\"@id\":\"https:\/\/www.estrategiaconcursos.com.br\/blog\/#organization\"},\"image\":{\"@id\":\"https:\/\/www.estrategiaconcursos.com.br\/blog\/concursos-df\/#primaryimage\"},\"thumbnailUrl\":\"https:\/\/dhg1h5j42swfq.cloudfront.net\/2025\/08\/13160021\/concursos-df.jpg\",\"keywords\":[\"Concurso Distrito Federal\",\"Concursos Bras\u00edlia\",\"concursos DF\"],\"articleSection\":[\"Banc\u00e1ria (BB, CEF e Bancos Estaduais)\",\"Educa\u00e7\u00e3o\",\"Executivo (Administrativa)\",\"Fiscal - Estadual (ICMS)\",\"Jur\u00eddico\",\"Legislativo\",\"Policial (Agente, Escriv\u00e3o e Investigador)\",\"Sa\u00fade\",\"Tribunais\",\"Tribunais de Contas (TCU, TCE, TCM)\"],\"inLanguage\":\"pt-BR\",\"potentialAction\":[{\"@type\":\"CommentAction\",\"name\":\"Comment\",\"target\":[\"https:\/\/www.estrategiaconcursos.com.br\/blog\/concursos-df\/#respond\"]}],\"copyrightYear\":\"2026\",\"copyrightHolder\":{\"@id\":\"https:\/\/www.estrategiaconcursos.com.br\/blog\/#organization\"}},{\"@type\":\"WebPage\",\"@id\":\"https:\/\/www.estrategiaconcursos.com.br\/blog\/concursos-df\/\",\"url\":\"https:\/\/www.estrategiaconcursos.com.br\/blog\/concursos-df\/\",\"name\":\"Concursos DF 2026: veja vagas, editais e \u00faltimas not\u00edcias!\",\"isPartOf\":{\"@id\":\"https:\/\/www.estrategiaconcursos.com.br\/blog\/#website\"},\"primaryImageOfPage\":{\"@id\":\"https:\/\/www.estrategiaconcursos.com.br\/blog\/concursos-df\/#primaryimage\"},\"image\":{\"@id\":\"https:\/\/www.estrategiaconcursos.com.br\/blog\/concursos-df\/#primaryimage\"},\"thumbnailUrl\":\"https:\/\/dhg1h5j42swfq.cloudfront.net\/2025\/08\/13160021\/concursos-df.jpg\",\"datePublished\":\"2026-04-21T16:26:53+00:00\",\"dateModified\":\"2026-04-22T11:58:49+00:00\",\"description\":\"Potenciais vagas em Concursos do Distrito Federal em 2026. Prepare-se para trilhar o caminho do sucesso agora. Acesse e confira!\",\"breadcrumb\":{\"@id\":\"https:\/\/www.estrategiaconcursos.com.br\/blog\/concursos-df\/#breadcrumb\"},\"inLanguage\":\"pt-BR\",\"potentialAction\":[{\"@type\":\"ReadAction\",\"target\":[\"https:\/\/www.estrategiaconcursos.com.br\/blog\/concursos-df\/\"]}]},{\"@type\":\"ImageObject\",\"inLanguage\":\"pt-BR\",\"@id\":\"https:\/\/www.estrategiaconcursos.com.br\/blog\/concursos-df\/#primaryimage\",\"url\":\"https:\/\/dhg1h5j42swfq.cloudfront.net\/2025\/08\/13160021\/concursos-df.jpg\",\"contentUrl\":\"https:\/\/dhg1h5j42swfq.cloudfront.net\/2025\/08\/13160021\/concursos-df.jpg\",\"width\":768,\"height\":432,\"caption\":\"Concursos Seguran\u00e7a DF MP Reajuste\"},{\"@type\":\"BreadcrumbList\",\"@id\":\"https:\/\/www.estrategiaconcursos.com.br\/blog\/concursos-df\/#breadcrumb\",\"itemListElement\":[{\"@type\":\"ListItem\",\"position\":1,\"name\":\"In\u00edcio\",\"item\":\"https:\/\/www.estrategiaconcursos.com.br\/blog\/\"},{\"@type\":\"ListItem\",\"position\":2,\"name\":\"Concursos DF 2026: veja vagas, editais e \u00faltimas not\u00edcias!\"}]},{\"@type\":\"WebSite\",\"@id\":\"https:\/\/www.estrategiaconcursos.com.br\/blog\/#website\",\"url\":\"https:\/\/www.estrategiaconcursos.com.br\/blog\/\",\"name\":\"Estrat\u00e9gia Concursos\",\"description\":\"O blog da Estrat\u00e9gia Concursos traz not\u00edcias sobre concursos e artigos de professores oferecendo cursos para concursos (pdf + videaulas) no site.\",\"publisher\":{\"@id\":\"https:\/\/www.estrategiaconcursos.com.br\/blog\/#organization\"},\"potentialAction\":[{\"@type\":\"SearchAction\",\"target\":{\"@type\":\"EntryPoint\",\"urlTemplate\":\"https:\/\/www.estrategiaconcursos.com.br\/blog\/?s={search_term_string}\"},\"query-input\":{\"@type\":\"PropertyValueSpecification\",\"valueRequired\":true,\"valueName\":\"search_term_string\"}}],\"inLanguage\":\"pt-BR\"},{\"@type\":\"Organization\",\"@id\":\"https:\/\/www.estrategiaconcursos.com.br\/blog\/#organization\",\"name\":\"Estrat\u00e9gia Concursos\",\"url\":\"https:\/\/www.estrategiaconcursos.com.br\/blog\/\",\"logo\":{\"@type\":\"ImageObject\",\"inLanguage\":\"pt-BR\",\"@id\":\"https:\/\/www.estrategiaconcursos.com.br\/blog\/#\/schema\/logo\/image\/\",\"url\":\"https:\/\/dhg1h5j42swfq.cloudfront.net\/2025\/06\/03203428\/logo_concursos-1.jpg\",\"contentUrl\":\"https:\/\/dhg1h5j42swfq.cloudfront.net\/2025\/06\/03203428\/logo_concursos-1.jpg\",\"width\":230,\"height\":60,\"caption\":\"Estrat\u00e9gia Concursos\"},\"image\":{\"@id\":\"https:\/\/www.estrategiaconcursos.com.br\/blog\/#\/schema\/logo\/image\/\"},\"sameAs\":[\"https:\/\/x.com\/EstratConcursos\"]},{\"@type\":\"Person\",\"@id\":\"https:\/\/www.estrategiaconcursos.com.br\/blog\/#\/schema\/person\/b4a388c97673c5f483d72185668afa1f\",\"name\":\"Coordena\u00e7\u00e3o\",\"image\":{\"@type\":\"ImageObject\",\"inLanguage\":\"pt-BR\",\"@id\":\"https:\/\/secure.gravatar.com\/avatar\/b720319e4c9a967eb58678d110f4fe35452fc5d5f97b202bac7b8acceb18c6ad?s=96&d=mm&r=g\",\"url\":\"https:\/\/secure.gravatar.com\/avatar\/b720319e4c9a967eb58678d110f4fe35452fc5d5f97b202bac7b8acceb18c6ad?s=96&d=mm&r=g\",\"contentUrl\":\"https:\/\/secure.gravatar.com\/avatar\/b720319e4c9a967eb58678d110f4fe35452fc5d5f97b202bac7b8acceb18c6ad?s=96&d=mm&r=g\",\"caption\":\"Coordena\u00e7\u00e3o\"},\"sameAs\":[\"https:\/\/www.facebook.com\/EstrategiaConcursos\",\"https:\/\/x.com\/EstratConcursos\"],\"url\":\"https:\/\/www.estrategiaconcursos.com.br\/blog\/author\/estrategia2013\/\"}]}<\/script>\n<!-- \/ Yoast SEO Premium plugin. -->","yoast_head_json":{"title":"Concursos DF 2026: veja vagas, editais e \u00faltimas not\u00edcias!","description":"Potenciais vagas em Concursos do Distrito Federal em 2026. Prepare-se para trilhar o caminho do sucesso agora. Acesse e confira!","robots":{"index":"index","follow":"follow","max-snippet":"max-snippet:-1","max-image-preview":"max-image-preview:large","max-video-preview":"max-video-preview:-1"},"canonical":"https:\/\/www.estrategiaconcursos.com.br\/blog\/concursos-df\/","og_locale":"pt_BR","og_type":"article","og_title":"Concursos DF 2026: veja vagas, editais e \u00faltimas not\u00edcias!","og_description":"Potenciais vagas em Concursos do Distrito Federal em 2026. Prepare-se para trilhar o caminho do sucesso agora. Acesse e confira!","og_url":"https:\/\/www.estrategiaconcursos.com.br\/blog\/concursos-df\/","og_site_name":"Estrat\u00e9gia Concursos","article_author":"https:\/\/www.facebook.com\/EstrategiaConcursos","article_published_time":"2026-04-21T16:26:53+00:00","article_modified_time":"2026-04-22T11:58:49+00:00","og_image":[{"width":768,"height":432,"url":"https:\/\/dhg1h5j42swfq.cloudfront.net\/2025\/08\/13160021\/concursos-df.jpg","type":"image\/jpeg"}],"author":"Coordena\u00e7\u00e3o","twitter_card":"summary_large_image","twitter_creator":"@EstratConcursos","twitter_site":"@EstratConcursos","twitter_misc":{"Escrito por":"Coordena\u00e7\u00e3o","Est. tempo de leitura":"14 minutos"},"schema":{"@context":"https:\/\/schema.org","@graph":[{"@type":"NewsArticle","@id":"https:\/\/www.estrategiaconcursos.com.br\/blog\/concursos-df\/#article","isPartOf":{"@id":"https:\/\/www.estrategiaconcursos.com.br\/blog\/concursos-df\/"},"author":{"name":"Coordena\u00e7\u00e3o","@id":"https:\/\/www.estrategiaconcursos.com.br\/blog\/#\/schema\/person\/b4a388c97673c5f483d72185668afa1f"},"headline":"Concursos DF 2026: veja vagas, editais e \u00faltimas not\u00edcias!","datePublished":"2026-04-21T16:26:53+00:00","dateModified":"2026-04-22T11:58:49+00:00","mainEntityOfPage":{"@id":"https:\/\/www.estrategiaconcursos.com.br\/blog\/concursos-df\/"},"wordCount":1767,"commentCount":17,"publisher":{"@id":"https:\/\/www.estrategiaconcursos.com.br\/blog\/#organization"},"image":{"@id":"https:\/\/www.estrategiaconcursos.com.br\/blog\/concursos-df\/#primaryimage"},"thumbnailUrl":"https:\/\/dhg1h5j42swfq.cloudfront.net\/2025\/08\/13160021\/concursos-df.jpg","keywords":["Concurso Distrito Federal","Concursos Bras\u00edlia","concursos DF"],"articleSection":["Banc\u00e1ria (BB, CEF e Bancos Estaduais)","Educa\u00e7\u00e3o","Executivo (Administrativa)","Fiscal - Estadual (ICMS)","Jur\u00eddico","Legislativo","Policial (Agente, Escriv\u00e3o e Investigador)","Sa\u00fade","Tribunais","Tribunais de Contas (TCU, TCE, TCM)"],"inLanguage":"pt-BR","potentialAction":[{"@type":"CommentAction","name":"Comment","target":["https:\/\/www.estrategiaconcursos.com.br\/blog\/concursos-df\/#respond"]}],"copyrightYear":"2026","copyrightHolder":{"@id":"https:\/\/www.estrategiaconcursos.com.br\/blog\/#organization"}},{"@type":"WebPage","@id":"https:\/\/www.estrategiaconcursos.com.br\/blog\/concursos-df\/","url":"https:\/\/www.estrategiaconcursos.com.br\/blog\/concursos-df\/","name":"Concursos DF 2026: veja vagas, editais e \u00faltimas not\u00edcias!","isPartOf":{"@id":"https:\/\/www.estrategiaconcursos.com.br\/blog\/#website"},"primaryImageOfPage":{"@id":"https:\/\/www.estrategiaconcursos.com.br\/blog\/concursos-df\/#primaryimage"},"image":{"@id":"https:\/\/www.estrategiaconcursos.com.br\/blog\/concursos-df\/#primaryimage"},"thumbnailUrl":"https:\/\/dhg1h5j42swfq.cloudfront.net\/2025\/08\/13160021\/concursos-df.jpg","datePublished":"2026-04-21T16:26:53+00:00","dateModified":"2026-04-22T11:58:49+00:00","description":"Potenciais vagas em Concursos do Distrito Federal em 2026. Prepare-se para trilhar o caminho do sucesso agora. Acesse e confira!","breadcrumb":{"@id":"https:\/\/www.estrategiaconcursos.com.br\/blog\/concursos-df\/#breadcrumb"},"inLanguage":"pt-BR","potentialAction":[{"@type":"ReadAction","target":["https:\/\/www.estrategiaconcursos.com.br\/blog\/concursos-df\/"]}]},{"@type":"ImageObject","inLanguage":"pt-BR","@id":"https:\/\/www.estrategiaconcursos.com.br\/blog\/concursos-df\/#primaryimage","url":"https:\/\/dhg1h5j42swfq.cloudfront.net\/2025\/08\/13160021\/concursos-df.jpg","contentUrl":"https:\/\/dhg1h5j42swfq.cloudfront.net\/2025\/08\/13160021\/concursos-df.jpg","width":768,"height":432,"caption":"Concursos Seguran\u00e7a DF MP Reajuste"},{"@type":"BreadcrumbList","@id":"https:\/\/www.estrategiaconcursos.com.br\/blog\/concursos-df\/#breadcrumb","itemListElement":[{"@type":"ListItem","position":1,"name":"In\u00edcio","item":"https:\/\/www.estrategiaconcursos.com.br\/blog\/"},{"@type":"ListItem","position":2,"name":"Concursos DF 2026: veja vagas, editais e \u00faltimas not\u00edcias!"}]},{"@type":"WebSite","@id":"https:\/\/www.estrategiaconcursos.com.br\/blog\/#website","url":"https:\/\/www.estrategiaconcursos.com.br\/blog\/","name":"Estrat\u00e9gia Concursos","description":"O blog da Estrat\u00e9gia Concursos traz not\u00edcias sobre concursos e artigos de professores oferecendo cursos para concursos (pdf + videaulas) no site.","publisher":{"@id":"https:\/\/www.estrategiaconcursos.com.br\/blog\/#organization"},"potentialAction":[{"@type":"SearchAction","target":{"@type":"EntryPoint","urlTemplate":"https:\/\/www.estrategiaconcursos.com.br\/blog\/?s={search_term_string}"},"query-input":{"@type":"PropertyValueSpecification","valueRequired":true,"valueName":"search_term_string"}}],"inLanguage":"pt-BR"},{"@type":"Organization","@id":"https:\/\/www.estrategiaconcursos.com.br\/blog\/#organization","name":"Estrat\u00e9gia Concursos","url":"https:\/\/www.estrategiaconcursos.com.br\/blog\/","logo":{"@type":"ImageObject","inLanguage":"pt-BR","@id":"https:\/\/www.estrategiaconcursos.com.br\/blog\/#\/schema\/logo\/image\/","url":"https:\/\/dhg1h5j42swfq.cloudfront.net\/2025\/06\/03203428\/logo_concursos-1.jpg","contentUrl":"https:\/\/dhg1h5j42swfq.cloudfront.net\/2025\/06\/03203428\/logo_concursos-1.jpg","width":230,"height":60,"caption":"Estrat\u00e9gia Concursos"},"image":{"@id":"https:\/\/www.estrategiaconcursos.com.br\/blog\/#\/schema\/logo\/image\/"},"sameAs":["https:\/\/x.com\/EstratConcursos"]},{"@type":"Person","@id":"https:\/\/www.estrategiaconcursos.com.br\/blog\/#\/schema\/person\/b4a388c97673c5f483d72185668afa1f","name":"Coordena\u00e7\u00e3o","image":{"@type":"ImageObject","inLanguage":"pt-BR","@id":"https:\/\/secure.gravatar.com\/avatar\/b720319e4c9a967eb58678d110f4fe35452fc5d5f97b202bac7b8acceb18c6ad?s=96&d=mm&r=g","url":"https:\/\/secure.gravatar.com\/avatar\/b720319e4c9a967eb58678d110f4fe35452fc5d5f97b202bac7b8acceb18c6ad?s=96&d=mm&r=g","contentUrl":"https:\/\/secure.gravatar.com\/avatar\/b720319e4c9a967eb58678d110f4fe35452fc5d5f97b202bac7b8acceb18c6ad?s=96&d=mm&r=g","caption":"Coordena\u00e7\u00e3o"},"sameAs":["https:\/\/www.facebook.com\/EstrategiaConcursos","https:\/\/x.com\/EstratConcursos"],"url":"https:\/\/www.estrategiaconcursos.com.br\/blog\/author\/estrategia2013\/"}]}},"_links":{"self":[{"href":"https:\/\/www.estrategiaconcursos.com.br\/blog\/wp-json\/wp\/v2\/posts\/78343","targetHints":{"allow":["GET"]}}],"collection":[{"href":"https:\/\/www.estrategiaconcursos.com.br\/blog\/wp-json\/wp\/v2\/posts"}],"about":[{"href":"https:\/\/www.estrategiaconcursos.com.br\/blog\/wp-json\/wp\/v2\/types\/post"}],"author":[{"embeddable":true,"href":"https:\/\/www.estrategiaconcursos.com.br\/blog\/wp-json\/wp\/v2\/users\/1"}],"replies":[{"embeddable":true,"href":"https:\/\/www.estrategiaconcursos.com.br\/blog\/wp-json\/wp\/v2\/comments?post=78343"}],"version-history":[{"count":814,"href":"https:\/\/www.estrategiaconcursos.com.br\/blog\/wp-json\/wp\/v2\/posts\/78343\/revisions"}],"predecessor-version":[{"id":1755249,"href":"https:\/\/www.estrategiaconcursos.com.br\/blog\/wp-json\/wp\/v2\/posts\/78343\/revisions\/1755249"}],"wp:featuredmedia":[{"embeddable":true,"href":"https:\/\/www.estrategiaconcursos.com.br\/blog\/wp-json\/wp\/v2\/media\/1623048"}],"wp:attachment":[{"href":"https:\/\/www.estrategiaconcursos.com.br\/blog\/wp-json\/wp\/v2\/media?parent=78343"}],"wp:term":[{"taxonomy":"category","embeddable":true,"href":"https:\/\/www.estrategiaconcursos.com.br\/blog\/wp-json\/wp\/v2\/categories?post=78343"},{"taxonomy":"post_tag","embeddable":true,"href":"https:\/\/www.estrategiaconcursos.com.br\/blog\/wp-json\/wp\/v2\/tags?post=78343"},{"taxonomy":"tax_estado","embeddable":true,"href":"https:\/\/www.estrategiaconcursos.com.br\/blog\/wp-json\/wp\/v2\/tax_estado?post=78343"}],"curies":[{"name":"wp","href":"https:\/\/api.w.org\/{rel}","templated":true}]}}