{"id":782504,"date":"2021-07-01T07:00:00","date_gmt":"2021-07-01T10:00:00","guid":{"rendered":"https:\/\/www.estrategiaconcursos.com.br\/blog\/?p=782504"},"modified":"2021-07-01T16:42:06","modified_gmt":"2021-07-01T19:42:06","slug":"ibge-coleta-censo-2022","status":"publish","type":"post","link":"https:\/\/www.estrategiaconcursos.com.br\/blog\/ibge-coleta-censo-2022\/","title":{"rendered":"IBGE confirma prepara\u00e7\u00e3o para coleta do Censo em 2022"},"content":{"rendered":"\n<p>O Instituto Brasileiro de Geografia e Estat\u00edstica (<strong>IBGE<\/strong>) confirmou que se arquiteta para conseguir levar a campo a coleta do<strong> Censo Demogr\u00e1fico<\/strong> ainda no primeiro semestre de 2022, <strong>a partir de 1\u00ba de junho<\/strong>.<\/p>\n\n\n\n<p>O novo cronograma j\u00e1 foi aprovado pelo Conselho Diretor do IBGE, o que anteciparia a data de refer\u00eancia para a coleta do levantamento censit\u00e1rio, que costumava ser 1\u00ba de agosto. Entretanto, \u00e9 importante ressaltar que essa data \u00e9 um indicativo, e ainda est\u00e1 pendente de confirma\u00e7\u00e3o por inst\u00e2ncias internas.<\/p>\n\n\n\n<p>Com a mudan\u00e7a, o Censo poderia ser realizado antes do primeiro turno das elei\u00e7\u00f5es presidenciais de 2022, que est\u00e1 marcado para o dia 2 de outubro, com segundo turno no final do mesmo m\u00eas.<\/p>\n\n\n\n<blockquote class=\"wp-block-quote is-layout-flow wp-block-quote-is-layout-flow\"><p><em>&#8220;O or\u00e7amento solicitado para 2021 \u00e9 suficiente para tocar as atividades neste ano. O or\u00e7amento solicitado para o Censo em 2022 faz parte do PLOA 2022 e est\u00e1 em negocia\u00e7\u00e3o&#8221;<\/em>, declarou o IBGE.<\/p><\/blockquote>\n\n\n\n<p>Para que isso seja poss\u00edvel, seria necess\u00e1ria a contrata\u00e7\u00e3o tempor\u00e1ria de servidores atrav\u00e9s do processo seletivo que segue suspenso. Internamente, j\u00e1 existe um <strong>poss\u00edvel cronograma<\/strong>, que ainda precisa ser <strong>avaliado <\/strong>junto ao Minist\u00e9rio da Economia, al\u00e9m da libera\u00e7\u00e3o de recursos:<\/p>\n\n\n\n<ul class=\"has-background wp-block-list\" style=\"background-color:#e6f4ff\"><li><strong>Inscri\u00e7\u00f5es:<\/strong> 1\u00ba a 23 de dezembro de 2021;<\/li><li><strong>Provas: <\/strong>23 e 30 e janeiro de 2022;<\/li><li><strong>Resultados: <\/strong>entre 3 e 8 de mar\u00e7o.<\/li><\/ul>\n\n\n\n<h3 class=\"wp-block-heading\" id=\"h-ibge-reposi-o-no-or-amento-do-censo\">IBGE: reposi\u00e7\u00e3o no or\u00e7amento do Censo<\/h3>\n\n\n\n<p>Vale lembrar que, recentemente, foi publicada uma&nbsp;<a href=\"https:\/\/dhg1h5j42swfq.cloudfront.net\/2021\/06\/24091849\/portaria-fazenda_me-no-7-048-de-18-de-junho-de-2021-portaria-fazenda_me-no-7-048-de-18-de-junho-de-2021-dou-imprensa-nacional.pdf\" target=\"_blank\" rel=\"noreferrer noopener nofollow\">Portaria<\/a>&nbsp;abrindo cr\u00e9dito suplementar para refor\u00e7o de dota\u00e7\u00f5es constantes da Lei Or\u00e7ament\u00e1ria vigente. S\u00f3 para o IBGE, s\u00e3o cerca de R$ 71 milh\u00f5es. Com isso, a Portaria do Minist\u00e9rio da Economia ir\u00e1 recompor o&nbsp;<strong>Or\u00e7amento Fiscal da Uni\u00e3o<\/strong>, que havia sofrido cortes no in\u00edcio de 2021.<\/p>\n\n\n\n<p>Na \u00e9poca, foi condensado em 96%, de R$ 2 bilh\u00f5es para apenas R$ 71,7 milh\u00f5es, ap\u00f3s a aprova\u00e7\u00e3o da Lei Or\u00e7ament\u00e1ria Anual (LOA) na Comiss\u00e3o Mista de Or\u00e7amento (CMO).<\/p>\n\n\n\n<p>De acordo com o IBGE, a verba tem como finalidade custear o pagamento at\u00e9 o final de 2021 dos servidores tempor\u00e1rios j\u00e1 contratados para os preparativos do <a href=\"https:\/\/www.estrategiaconcursos.com.br\/blog\/ibge-recomposicao-orcamento-censo\/\" target=\"_blank\" rel=\"noreferrer noopener\">Censo<\/a>.<\/p>\n\n\n\n<p>Por consequ\u00eancia, o processo seletivo para&nbsp;<strong>204.307 vagas&nbsp;<\/strong>de Recenseador, Agente Censit\u00e1rio Municipal (ACM) e Agente Censit\u00e1rio Supervisor (ACS), republicado este ano, segue&nbsp;<a href=\"https:\/\/www.ibge.gov.br\/novo-portal-destaques.html?destaque=30441\" target=\"_blank\" rel=\"noreferrer noopener\">suspenso<\/a>&nbsp;desde abril deste ano.<\/p>\n\n\n\n<p>Questionado sobre esta sele\u00e7\u00e3o, o IBGE disse que o processo est\u00e1 <strong>suspenso <\/strong>por ora, <strong>mas n\u00e3o cancelado<\/strong>. Por isso, ainda n\u00e3o h\u00e1 elucida\u00e7\u00e3o a respeito de reembolso ou reabertura das inscri\u00e7\u00f5es.<\/p>\n\n\n\n<p>Al\u00e9m disso, um outro processo seletivo, para<strong>&nbsp;312 vagas<\/strong>&nbsp;(IDECAN), nem chegou a ser publicado, uma vez que tamb\u00e9m era para sele\u00e7\u00e3o de pessoal que iria atuar no Censo.<\/p>\n\n\n\n<p class=\"has-text-align-center\"><em>Para mais detalhes do concurso IBGE, cujo \u00f3rg\u00e3o confirma prepara\u00e7\u00e3o para coleta do Censo em 2022, acesse o link abaixo. Preparamos um artigo completo, separado por t\u00f3picos, para que facilite a sua compreens\u00e3o:<\/em><\/p>\n\n\n\n<p class=\"has-text-align-center has-luminous-vivid-amber-background-color has-background\" style=\"font-size:clamp(14px, 0.875rem + ((1vw - 3.2px) * 0.49), 19px);px\"><strong>Saiba mais: <a href=\"https:\/\/www.estrategiaconcursos.com.br\/blog\/concurso-ibge-2\/\" target=\"_blank\" rel=\"noreferrer noopener\">concurso IBGE<\/a><\/strong><\/p>\n\n\n\n<hr class=\"wp-block-separator\"\/>\n\n\n\n<div class=\"container\" id=\"boxes\">\n  <div class=\"row\">\n\n    <div class=\"col-sm\">\n      <div class=\"banner-estrategia\" id=\"box-assinatura\">\n        <h3 class=\"titulo-assinatura\">Cursos para IBGE<\/h3>\n        <p class=\"subtitulo-assinatura\">Estude conosco<\/p>\n        <div class=\"box-botao\">\n          <a class=\"btn-assinatura\" target=\"_blank\" href=\"https:\/\/www.estrategiaconcursos.com.br\/cursosPorConcurso\/ibge-204\/\" role=\"button\" rel=\"noopener noreferrer\">Conhe\u00e7a os cursos<\/a>\n        <\/div>\n      <\/div>\n     \n    <\/div>\n\n  <\/div>\n<\/div>\n\n\n\n<div class=\"container\" id=\"boxes\">\n  <div class=\"row\">\n\n    <div class=\"col-sm\">\n      <div class=\"estrategia\" id=\"box-assinatura\">\n        <h3 class=\"titulo-assinatura\">Assinatura Concursos<\/h3>\n        <p class=\"subtitulo-assinatura\">Assinatura de 1 ano ou 2 anos<\/p>\n        <div class=\"box-botao\">\n          <a class=\"btn-assinatura\" target=\"_blank\" href=\"https:\/\/www.estrategiaconcursos.com.br\/assinaturas\/\" role=\"button\" rel=\"noopener noreferrer\">ASSINE AGORA<\/a>\n        <\/div>\n      <\/div><\/div><\/div><\/div>\n\n\n\n<div class=\"container\" id=\"boxes\">\n  <div class=\"row\">\n\n    <div class=\"col-sm\" id=\"boxes-concursos\">\n      <div style=\"background-color: #005DAD;\" class=\"conteudo-concursos\" id=\"box-concursos\">\n        <h3 class=\"titulo-assinatura\">Concursos Abertos<\/h3>\n        <p class=\"subtitulo-assinatura\">Confira os editais publicados<\/p>\n        <div class=\"box-botao\">\n          <a class=\"btn-assinatura\" target=\"_blank\" href=\"https:\/\/www.estrategiaconcursos.com.br\/blog\/concursos-abertos\/\" role=\"button\" rel=\"noopener noreferrer\">Conhe\u00e7a Agora<\/a>\n        <\/div>\n      <\/div>\n    <\/div>\n\n    <div class=\"col-sm\" id=\"boxes-concursos\">\n      <div style=\"background-color: #1A7ED5;\" class=\"conteudo-concursos\" id=\"box-concursos\">\n        <h3 class=\"titulo-assinatura\">Concursos 2021<\/h3>\n        <p class=\"subtitulo-assinatura\">As oportunidades previstas<\/p>\n        <div class=\"box-botao\">\n          <a class=\"btn-assinatura\" target=\"_blank\" href=\"https:\/\/www.estrategiaconcursos.com.br\/blog\/concursos-2021\/\" role=\"button\" rel=\"noopener noreferrer\">Conhe\u00e7a Agora<\/a>\n        <\/div>\n      <\/div>\n    <\/div>\n\n    <div class=\"col-sm\" id=\"boxes-concursos\">\n      <div style=\"background-color: #419FF0;\" class=\"conteudo-concursos\" id=\"box-concursos\">\n        <h3 class=\"titulo-assinatura\">Concursos 2022<\/h3>\n        <p class=\"subtitulo-assinatura\">Vagas para o pr\u00f3ximo ano<\/p>\n        <div class=\"box-botao\">\n          <a class=\"btn-assinatura\" target=\"_blank\" href=\"https:\/\/www.estrategiaconcursos.com.br\/blog\/concursos-2022\/\" role=\"button\" rel=\"noopener noreferrer\">Conhe\u00e7a Agora<\/a>\n        <\/div>\n      <\/div>\n    <\/div>\n\n  <\/div>\n<\/div>\n","protected":false},"excerpt":{"rendered":"<p>O Instituto Brasileiro de Geografia e Estat\u00edstica (IBGE) confirmou que se arquiteta para conseguir levar a campo a coleta do Censo Demogr\u00e1fico ainda no primeiro semestre de 2022, a partir de 1\u00ba de junho. O novo cronograma j\u00e1 foi aprovado pelo Conselho Diretor do IBGE, o que anteciparia a data de refer\u00eancia para a coleta [&hellip;]<\/p>\n","protected":false},"author":1,"featured_media":725517,"comment_status":"open","ping_status":"closed","sticky":false,"template":"","format":"standard","meta":{"post_tipo":"news","footnotes":""},"categories":[214992],"tags":[],"tax_estado":[219963],"class_list":["post-782504","post","type-post","status-publish","format-standard","has-post-thumbnail","hentry","category-concursos-administrativos","tax_estado-concursos-federais"],"acf":[],"yoast_head":"<!-- This site is optimized with the Yoast SEO Premium plugin v27.2 (Yoast SEO v27.2) - https:\/\/yoast.com\/product\/yoast-seo-premium-wordpress\/ -->\n<title>IBGE confirma prepara\u00e7\u00e3o para coleta do Censo em 2022<\/title>\n<meta name=\"description\" content=\"IBGE: \u00f3rg\u00e3o confirmou que se prepara para conseguir levar a campo a coleta do Censo Demogr\u00e1fico a partir de 1\u00ba de junho de 2022. Confira!\" \/>\n<meta name=\"robots\" content=\"index, follow, max-snippet:-1, max-image-preview:large, max-video-preview:-1\" \/>\n<link rel=\"canonical\" href=\"https:\/\/www.estrategiaconcursos.com.br\/blog\/ibge-coleta-censo-2022\/\" \/>\n<meta property=\"og:locale\" content=\"pt_BR\" \/>\n<meta property=\"og:type\" content=\"article\" \/>\n<meta property=\"og:title\" content=\"IBGE confirma prepara\u00e7\u00e3o para coleta do Censo em 2022\" \/>\n<meta property=\"og:description\" content=\"IBGE: \u00f3rg\u00e3o confirmou que se prepara para conseguir levar a campo a coleta do Censo Demogr\u00e1fico a partir de 1\u00ba de junho de 2022. Confira!\" \/>\n<meta property=\"og:url\" content=\"https:\/\/www.estrategiaconcursos.com.br\/blog\/ibge-coleta-censo-2022\/\" \/>\n<meta property=\"og:site_name\" content=\"Estrat\u00e9gia Concursos\" \/>\n<meta property=\"article:author\" content=\"https:\/\/www.facebook.com\/EstrategiaConcursos\" \/>\n<meta property=\"article:published_time\" content=\"2021-07-01T10:00:00+00:00\" \/>\n<meta property=\"article:modified_time\" content=\"2021-07-01T19:42:06+00:00\" \/>\n<meta property=\"og:image\" content=\"https:\/\/dhg1h5j42swfq.cloudfront.net\/2021\/04\/28111939\/ibge.jpg\" \/>\n\t<meta property=\"og:image:width\" content=\"1200\" \/>\n\t<meta property=\"og:image:height\" content=\"628\" \/>\n\t<meta property=\"og:image:type\" content=\"image\/jpeg\" \/>\n<meta name=\"author\" content=\"Coordena\u00e7\u00e3o\" \/>\n<meta name=\"twitter:card\" content=\"summary_large_image\" \/>\n<meta name=\"twitter:creator\" content=\"@EstratConcursos\" \/>\n<meta name=\"twitter:site\" content=\"@EstratConcursos\" \/>\n<meta name=\"twitter:label1\" content=\"Escrito por\" \/>\n\t<meta name=\"twitter:data1\" content=\"Coordena\u00e7\u00e3o\" \/>\n\t<meta name=\"twitter:label2\" content=\"Est. tempo de leitura\" \/>\n\t<meta name=\"twitter:data2\" content=\"3 minutos\" \/>\n<script type=\"application\/ld+json\" class=\"yoast-schema-graph\">{\"@context\":\"https:\/\/schema.org\",\"@graph\":[{\"@type\":\"NewsArticle\",\"@id\":\"https:\/\/www.estrategiaconcursos.com.br\/blog\/ibge-coleta-censo-2022\/#article\",\"isPartOf\":{\"@id\":\"https:\/\/www.estrategiaconcursos.com.br\/blog\/ibge-coleta-censo-2022\/\"},\"author\":{\"name\":\"Coordena\u00e7\u00e3o\",\"@id\":\"https:\/\/www.estrategiaconcursos.com.br\/blog\/#\/schema\/person\/b4a388c97673c5f483d72185668afa1f\"},\"headline\":\"IBGE confirma prepara\u00e7\u00e3o para coleta do Censo em 2022\",\"datePublished\":\"2021-07-01T10:00:00+00:00\",\"dateModified\":\"2021-07-01T19:42:06+00:00\",\"mainEntityOfPage\":{\"@id\":\"https:\/\/www.estrategiaconcursos.com.br\/blog\/ibge-coleta-censo-2022\/\"},\"wordCount\":548,\"commentCount\":0,\"publisher\":{\"@id\":\"https:\/\/www.estrategiaconcursos.com.br\/blog\/#organization\"},\"image\":{\"@id\":\"https:\/\/www.estrategiaconcursos.com.br\/blog\/ibge-coleta-censo-2022\/#primaryimage\"},\"thumbnailUrl\":\"https:\/\/dhg1h5j42swfq.cloudfront.net\/2021\/04\/28111939\/ibge.jpg\",\"articleSection\":[\"Executivo (Administrativa)\"],\"inLanguage\":\"pt-BR\",\"potentialAction\":[{\"@type\":\"CommentAction\",\"name\":\"Comment\",\"target\":[\"https:\/\/www.estrategiaconcursos.com.br\/blog\/ibge-coleta-censo-2022\/#respond\"]}],\"copyrightYear\":\"2021\",\"copyrightHolder\":{\"@id\":\"https:\/\/www.estrategiaconcursos.com.br\/blog\/#organization\"}},{\"@type\":\"WebPage\",\"@id\":\"https:\/\/www.estrategiaconcursos.com.br\/blog\/ibge-coleta-censo-2022\/\",\"url\":\"https:\/\/www.estrategiaconcursos.com.br\/blog\/ibge-coleta-censo-2022\/\",\"name\":\"IBGE confirma prepara\u00e7\u00e3o para coleta do Censo em 2022\",\"isPartOf\":{\"@id\":\"https:\/\/www.estrategiaconcursos.com.br\/blog\/#website\"},\"primaryImageOfPage\":{\"@id\":\"https:\/\/www.estrategiaconcursos.com.br\/blog\/ibge-coleta-censo-2022\/#primaryimage\"},\"image\":{\"@id\":\"https:\/\/www.estrategiaconcursos.com.br\/blog\/ibge-coleta-censo-2022\/#primaryimage\"},\"thumbnailUrl\":\"https:\/\/dhg1h5j42swfq.cloudfront.net\/2021\/04\/28111939\/ibge.jpg\",\"datePublished\":\"2021-07-01T10:00:00+00:00\",\"dateModified\":\"2021-07-01T19:42:06+00:00\",\"description\":\"IBGE: \u00f3rg\u00e3o confirmou que se prepara para conseguir levar a campo a coleta do Censo Demogr\u00e1fico a partir de 1\u00ba de junho de 2022. Confira!\",\"breadcrumb\":{\"@id\":\"https:\/\/www.estrategiaconcursos.com.br\/blog\/ibge-coleta-censo-2022\/#breadcrumb\"},\"inLanguage\":\"pt-BR\",\"potentialAction\":[{\"@type\":\"ReadAction\",\"target\":[\"https:\/\/www.estrategiaconcursos.com.br\/blog\/ibge-coleta-censo-2022\/\"]}]},{\"@type\":\"ImageObject\",\"inLanguage\":\"pt-BR\",\"@id\":\"https:\/\/www.estrategiaconcursos.com.br\/blog\/ibge-coleta-censo-2022\/#primaryimage\",\"url\":\"https:\/\/dhg1h5j42swfq.cloudfront.net\/2021\/04\/28111939\/ibge.jpg\",\"contentUrl\":\"https:\/\/dhg1h5j42swfq.cloudfront.net\/2021\/04\/28111939\/ibge.jpg\",\"width\":1200,\"height\":628,\"caption\":\"concurso ibge\"},{\"@type\":\"BreadcrumbList\",\"@id\":\"https:\/\/www.estrategiaconcursos.com.br\/blog\/ibge-coleta-censo-2022\/#breadcrumb\",\"itemListElement\":[{\"@type\":\"ListItem\",\"position\":1,\"name\":\"In\u00edcio\",\"item\":\"https:\/\/www.estrategiaconcursos.com.br\/blog\/\"},{\"@type\":\"ListItem\",\"position\":2,\"name\":\"IBGE confirma prepara\u00e7\u00e3o para coleta do Censo em 2022\"}]},{\"@type\":\"WebSite\",\"@id\":\"https:\/\/www.estrategiaconcursos.com.br\/blog\/#website\",\"url\":\"https:\/\/www.estrategiaconcursos.com.br\/blog\/\",\"name\":\"Estrat\u00e9gia Concursos\",\"description\":\"O blog da Estrat\u00e9gia Concursos traz not\u00edcias sobre concursos e artigos de professores oferecendo cursos para concursos (pdf + videaulas) no site.\",\"publisher\":{\"@id\":\"https:\/\/www.estrategiaconcursos.com.br\/blog\/#organization\"},\"potentialAction\":[{\"@type\":\"SearchAction\",\"target\":{\"@type\":\"EntryPoint\",\"urlTemplate\":\"https:\/\/www.estrategiaconcursos.com.br\/blog\/?s={search_term_string}\"},\"query-input\":{\"@type\":\"PropertyValueSpecification\",\"valueRequired\":true,\"valueName\":\"search_term_string\"}}],\"inLanguage\":\"pt-BR\"},{\"@type\":\"Organization\",\"@id\":\"https:\/\/www.estrategiaconcursos.com.br\/blog\/#organization\",\"name\":\"Estrat\u00e9gia Concursos\",\"url\":\"https:\/\/www.estrategiaconcursos.com.br\/blog\/\",\"logo\":{\"@type\":\"ImageObject\",\"inLanguage\":\"pt-BR\",\"@id\":\"https:\/\/www.estrategiaconcursos.com.br\/blog\/#\/schema\/logo\/image\/\",\"url\":\"https:\/\/dhg1h5j42swfq.cloudfront.net\/2025\/06\/03203428\/logo_concursos-1.jpg\",\"contentUrl\":\"https:\/\/dhg1h5j42swfq.cloudfront.net\/2025\/06\/03203428\/logo_concursos-1.jpg\",\"width\":230,\"height\":60,\"caption\":\"Estrat\u00e9gia Concursos\"},\"image\":{\"@id\":\"https:\/\/www.estrategiaconcursos.com.br\/blog\/#\/schema\/logo\/image\/\"},\"sameAs\":[\"https:\/\/x.com\/EstratConcursos\"]},{\"@type\":\"Person\",\"@id\":\"https:\/\/www.estrategiaconcursos.com.br\/blog\/#\/schema\/person\/b4a388c97673c5f483d72185668afa1f\",\"name\":\"Coordena\u00e7\u00e3o\",\"image\":{\"@type\":\"ImageObject\",\"inLanguage\":\"pt-BR\",\"@id\":\"https:\/\/secure.gravatar.com\/avatar\/b720319e4c9a967eb58678d110f4fe35452fc5d5f97b202bac7b8acceb18c6ad?s=96&d=mm&r=g\",\"url\":\"https:\/\/secure.gravatar.com\/avatar\/b720319e4c9a967eb58678d110f4fe35452fc5d5f97b202bac7b8acceb18c6ad?s=96&d=mm&r=g\",\"contentUrl\":\"https:\/\/secure.gravatar.com\/avatar\/b720319e4c9a967eb58678d110f4fe35452fc5d5f97b202bac7b8acceb18c6ad?s=96&d=mm&r=g\",\"caption\":\"Coordena\u00e7\u00e3o\"},\"sameAs\":[\"https:\/\/www.facebook.com\/EstrategiaConcursos\",\"https:\/\/x.com\/EstratConcursos\"],\"url\":\"https:\/\/www.estrategiaconcursos.com.br\/blog\/author\/estrategia2013\/\"}]}<\/script>\n<!-- \/ Yoast SEO Premium plugin. -->","yoast_head_json":{"title":"IBGE confirma prepara\u00e7\u00e3o para coleta do Censo em 2022","description":"IBGE: \u00f3rg\u00e3o confirmou que se prepara para conseguir levar a campo a coleta do Censo Demogr\u00e1fico a partir de 1\u00ba de junho de 2022. Confira!","robots":{"index":"index","follow":"follow","max-snippet":"max-snippet:-1","max-image-preview":"max-image-preview:large","max-video-preview":"max-video-preview:-1"},"canonical":"https:\/\/www.estrategiaconcursos.com.br\/blog\/ibge-coleta-censo-2022\/","og_locale":"pt_BR","og_type":"article","og_title":"IBGE confirma prepara\u00e7\u00e3o para coleta do Censo em 2022","og_description":"IBGE: \u00f3rg\u00e3o confirmou que se prepara para conseguir levar a campo a coleta do Censo Demogr\u00e1fico a partir de 1\u00ba de junho de 2022. Confira!","og_url":"https:\/\/www.estrategiaconcursos.com.br\/blog\/ibge-coleta-censo-2022\/","og_site_name":"Estrat\u00e9gia Concursos","article_author":"https:\/\/www.facebook.com\/EstrategiaConcursos","article_published_time":"2021-07-01T10:00:00+00:00","article_modified_time":"2021-07-01T19:42:06+00:00","og_image":[{"width":1200,"height":628,"url":"https:\/\/dhg1h5j42swfq.cloudfront.net\/2021\/04\/28111939\/ibge.jpg","type":"image\/jpeg"}],"author":"Coordena\u00e7\u00e3o","twitter_card":"summary_large_image","twitter_creator":"@EstratConcursos","twitter_site":"@EstratConcursos","twitter_misc":{"Escrito por":"Coordena\u00e7\u00e3o","Est. tempo de leitura":"3 minutos"},"schema":{"@context":"https:\/\/schema.org","@graph":[{"@type":"NewsArticle","@id":"https:\/\/www.estrategiaconcursos.com.br\/blog\/ibge-coleta-censo-2022\/#article","isPartOf":{"@id":"https:\/\/www.estrategiaconcursos.com.br\/blog\/ibge-coleta-censo-2022\/"},"author":{"name":"Coordena\u00e7\u00e3o","@id":"https:\/\/www.estrategiaconcursos.com.br\/blog\/#\/schema\/person\/b4a388c97673c5f483d72185668afa1f"},"headline":"IBGE confirma prepara\u00e7\u00e3o para coleta do Censo em 2022","datePublished":"2021-07-01T10:00:00+00:00","dateModified":"2021-07-01T19:42:06+00:00","mainEntityOfPage":{"@id":"https:\/\/www.estrategiaconcursos.com.br\/blog\/ibge-coleta-censo-2022\/"},"wordCount":548,"commentCount":0,"publisher":{"@id":"https:\/\/www.estrategiaconcursos.com.br\/blog\/#organization"},"image":{"@id":"https:\/\/www.estrategiaconcursos.com.br\/blog\/ibge-coleta-censo-2022\/#primaryimage"},"thumbnailUrl":"https:\/\/dhg1h5j42swfq.cloudfront.net\/2021\/04\/28111939\/ibge.jpg","articleSection":["Executivo (Administrativa)"],"inLanguage":"pt-BR","potentialAction":[{"@type":"CommentAction","name":"Comment","target":["https:\/\/www.estrategiaconcursos.com.br\/blog\/ibge-coleta-censo-2022\/#respond"]}],"copyrightYear":"2021","copyrightHolder":{"@id":"https:\/\/www.estrategiaconcursos.com.br\/blog\/#organization"}},{"@type":"WebPage","@id":"https:\/\/www.estrategiaconcursos.com.br\/blog\/ibge-coleta-censo-2022\/","url":"https:\/\/www.estrategiaconcursos.com.br\/blog\/ibge-coleta-censo-2022\/","name":"IBGE confirma prepara\u00e7\u00e3o para coleta do Censo em 2022","isPartOf":{"@id":"https:\/\/www.estrategiaconcursos.com.br\/blog\/#website"},"primaryImageOfPage":{"@id":"https:\/\/www.estrategiaconcursos.com.br\/blog\/ibge-coleta-censo-2022\/#primaryimage"},"image":{"@id":"https:\/\/www.estrategiaconcursos.com.br\/blog\/ibge-coleta-censo-2022\/#primaryimage"},"thumbnailUrl":"https:\/\/dhg1h5j42swfq.cloudfront.net\/2021\/04\/28111939\/ibge.jpg","datePublished":"2021-07-01T10:00:00+00:00","dateModified":"2021-07-01T19:42:06+00:00","description":"IBGE: \u00f3rg\u00e3o confirmou que se prepara para conseguir levar a campo a coleta do Censo Demogr\u00e1fico a partir de 1\u00ba de junho de 2022. Confira!","breadcrumb":{"@id":"https:\/\/www.estrategiaconcursos.com.br\/blog\/ibge-coleta-censo-2022\/#breadcrumb"},"inLanguage":"pt-BR","potentialAction":[{"@type":"ReadAction","target":["https:\/\/www.estrategiaconcursos.com.br\/blog\/ibge-coleta-censo-2022\/"]}]},{"@type":"ImageObject","inLanguage":"pt-BR","@id":"https:\/\/www.estrategiaconcursos.com.br\/blog\/ibge-coleta-censo-2022\/#primaryimage","url":"https:\/\/dhg1h5j42swfq.cloudfront.net\/2021\/04\/28111939\/ibge.jpg","contentUrl":"https:\/\/dhg1h5j42swfq.cloudfront.net\/2021\/04\/28111939\/ibge.jpg","width":1200,"height":628,"caption":"concurso ibge"},{"@type":"BreadcrumbList","@id":"https:\/\/www.estrategiaconcursos.com.br\/blog\/ibge-coleta-censo-2022\/#breadcrumb","itemListElement":[{"@type":"ListItem","position":1,"name":"In\u00edcio","item":"https:\/\/www.estrategiaconcursos.com.br\/blog\/"},{"@type":"ListItem","position":2,"name":"IBGE confirma prepara\u00e7\u00e3o para coleta do Censo em 2022"}]},{"@type":"WebSite","@id":"https:\/\/www.estrategiaconcursos.com.br\/blog\/#website","url":"https:\/\/www.estrategiaconcursos.com.br\/blog\/","name":"Estrat\u00e9gia Concursos","description":"O blog da Estrat\u00e9gia Concursos traz not\u00edcias sobre concursos e artigos de professores oferecendo cursos para concursos (pdf + videaulas) no site.","publisher":{"@id":"https:\/\/www.estrategiaconcursos.com.br\/blog\/#organization"},"potentialAction":[{"@type":"SearchAction","target":{"@type":"EntryPoint","urlTemplate":"https:\/\/www.estrategiaconcursos.com.br\/blog\/?s={search_term_string}"},"query-input":{"@type":"PropertyValueSpecification","valueRequired":true,"valueName":"search_term_string"}}],"inLanguage":"pt-BR"},{"@type":"Organization","@id":"https:\/\/www.estrategiaconcursos.com.br\/blog\/#organization","name":"Estrat\u00e9gia Concursos","url":"https:\/\/www.estrategiaconcursos.com.br\/blog\/","logo":{"@type":"ImageObject","inLanguage":"pt-BR","@id":"https:\/\/www.estrategiaconcursos.com.br\/blog\/#\/schema\/logo\/image\/","url":"https:\/\/dhg1h5j42swfq.cloudfront.net\/2025\/06\/03203428\/logo_concursos-1.jpg","contentUrl":"https:\/\/dhg1h5j42swfq.cloudfront.net\/2025\/06\/03203428\/logo_concursos-1.jpg","width":230,"height":60,"caption":"Estrat\u00e9gia Concursos"},"image":{"@id":"https:\/\/www.estrategiaconcursos.com.br\/blog\/#\/schema\/logo\/image\/"},"sameAs":["https:\/\/x.com\/EstratConcursos"]},{"@type":"Person","@id":"https:\/\/www.estrategiaconcursos.com.br\/blog\/#\/schema\/person\/b4a388c97673c5f483d72185668afa1f","name":"Coordena\u00e7\u00e3o","image":{"@type":"ImageObject","inLanguage":"pt-BR","@id":"https:\/\/secure.gravatar.com\/avatar\/b720319e4c9a967eb58678d110f4fe35452fc5d5f97b202bac7b8acceb18c6ad?s=96&d=mm&r=g","url":"https:\/\/secure.gravatar.com\/avatar\/b720319e4c9a967eb58678d110f4fe35452fc5d5f97b202bac7b8acceb18c6ad?s=96&d=mm&r=g","contentUrl":"https:\/\/secure.gravatar.com\/avatar\/b720319e4c9a967eb58678d110f4fe35452fc5d5f97b202bac7b8acceb18c6ad?s=96&d=mm&r=g","caption":"Coordena\u00e7\u00e3o"},"sameAs":["https:\/\/www.facebook.com\/EstrategiaConcursos","https:\/\/x.com\/EstratConcursos"],"url":"https:\/\/www.estrategiaconcursos.com.br\/blog\/author\/estrategia2013\/"}]}},"_links":{"self":[{"href":"https:\/\/www.estrategiaconcursos.com.br\/blog\/wp-json\/wp\/v2\/posts\/782504","targetHints":{"allow":["GET"]}}],"collection":[{"href":"https:\/\/www.estrategiaconcursos.com.br\/blog\/wp-json\/wp\/v2\/posts"}],"about":[{"href":"https:\/\/www.estrategiaconcursos.com.br\/blog\/wp-json\/wp\/v2\/types\/post"}],"author":[{"embeddable":true,"href":"https:\/\/www.estrategiaconcursos.com.br\/blog\/wp-json\/wp\/v2\/users\/1"}],"replies":[{"embeddable":true,"href":"https:\/\/www.estrategiaconcursos.com.br\/blog\/wp-json\/wp\/v2\/comments?post=782504"}],"version-history":[{"count":13,"href":"https:\/\/www.estrategiaconcursos.com.br\/blog\/wp-json\/wp\/v2\/posts\/782504\/revisions"}],"predecessor-version":[{"id":783045,"href":"https:\/\/www.estrategiaconcursos.com.br\/blog\/wp-json\/wp\/v2\/posts\/782504\/revisions\/783045"}],"wp:featuredmedia":[{"embeddable":true,"href":"https:\/\/www.estrategiaconcursos.com.br\/blog\/wp-json\/wp\/v2\/media\/725517"}],"wp:attachment":[{"href":"https:\/\/www.estrategiaconcursos.com.br\/blog\/wp-json\/wp\/v2\/media?parent=782504"}],"wp:term":[{"taxonomy":"category","embeddable":true,"href":"https:\/\/www.estrategiaconcursos.com.br\/blog\/wp-json\/wp\/v2\/categories?post=782504"},{"taxonomy":"post_tag","embeddable":true,"href":"https:\/\/www.estrategiaconcursos.com.br\/blog\/wp-json\/wp\/v2\/tags?post=782504"},{"taxonomy":"tax_estado","embeddable":true,"href":"https:\/\/www.estrategiaconcursos.com.br\/blog\/wp-json\/wp\/v2\/tax_estado?post=782504"}],"curies":[{"name":"wp","href":"https:\/\/api.w.org\/{rel}","templated":true}]}}