{"id":78143,"date":"2017-06-19T09:26:09","date_gmt":"2017-06-19T12:26:09","guid":{"rendered":"https:\/\/www.estrategiaconcursos.com.br\/blog\/?p=78143"},"modified":"2017-06-19T10:05:16","modified_gmt":"2017-06-19T13:05:16","slug":"quantitativo-de-vagas-solicitada-pelo-ministerio-da-fazenda-para-provimento-em-2018","status":"publish","type":"post","link":"https:\/\/www.estrategiaconcursos.com.br\/blog\/quantitativo-de-vagas-solicitada-pelo-ministerio-da-fazenda-para-provimento-em-2018\/","title":{"rendered":"Quantitativo de vagas solicitadas pelo Minist\u00e9rio da Fazenda para provimento em 2018"},"content":{"rendered":"<p>\n\tOl&aacute; pessoal, tudo bem?\n<\/p>\n<p>\n\tEscrevo este breve artigo para informar sobre o quantitativo de vagas solicitadas pelo Minist&eacute;rio da Fazenda ao Minist&eacute;rio do Planejamento para provimento em 2018. As informa&ccedil;&otilde;es foram obtidas via Lei de Acesso &agrave; Informa&ccedil;&atilde;o e informadas pelo pr&oacute;prio Minist&eacute;rio do Planejamento. Aproveito para agradecer ao Daniel Oliveira, fonte da informa&ccedil;&atilde;o.\n<\/p>\n<p>\n\tBom, seguem as vagas, divididas por &oacute;rg&atilde;o:\n<\/p>\n<table border=\"1\" cellpadding=\"0\" cellspacing=\"0\">\n<tbody>\n<tr>\n<td style=\"width:461px\">\n<p style=\"text-align: center\">\n\t\t\t\t\t<strong>RECEITA FEDERAL<\/strong>\n\t\t\t\t<\/p>\n<\/td>\n<td style=\"width:121px\">\n<p style=\"text-align: center\">\n\t\t\t\t\t<strong>N&ordm; Vagas<\/strong>\n\t\t\t\t<\/p>\n<\/td>\n<\/tr>\n<tr>\n<td style=\"width:461px\">\n<p style=\"text-align: center\">\n\t\t\t\t\tAuditor-Fiscal da RFB\n\t\t\t\t<\/p>\n<\/td>\n<td style=\"width:121px\">\n<p style=\"text-align: center\">\n\t\t\t\t\t630\n\t\t\t\t<\/p>\n<\/td>\n<\/tr>\n<tr>\n<td style=\"width:461px\">\n<p style=\"text-align: center\">\n\t\t\t\t\tAnalista-Tribut&aacute;rio da RFB\n\t\t\t\t<\/p>\n<\/td>\n<td style=\"width:121px\">\n<p style=\"text-align: center\">\n\t\t\t\t\t1453\n\t\t\t\t<\/p>\n<\/td>\n<\/tr>\n<tr>\n<td colspan=\"2\" style=\"width:581px\">\n<p style=\"text-align: center\">\n\t\t\t\t\t&nbsp;\n\t\t\t\t<\/p>\n<\/td>\n<\/tr>\n<tr>\n<td style=\"width:461px\">\n<p style=\"text-align: center\">\n\t\t\t\t\t<strong>SECRETARIA DO TESOURO NACIONAL<\/strong>\n\t\t\t\t<\/p>\n<\/td>\n<td style=\"width:121px\">\n<p style=\"text-align: center\">\n\t\t\t\t\t&nbsp;\n\t\t\t\t<\/p>\n<\/td>\n<\/tr>\n<tr>\n<td style=\"width:461px\">\n<p style=\"text-align: center\">\n\t\t\t\t\tAuditor Federal de Finan&ccedil;as e Controle\n\t\t\t\t<\/p>\n<\/td>\n<td style=\"width:121px\">\n<p style=\"text-align: center\">\n\t\t\t\t\t30\n\t\t\t\t<\/p>\n<\/td>\n<\/tr>\n<tr>\n<td style=\"width:461px\">\n<p style=\"text-align: center\">\n\t\t\t\t\tT&eacute;cnico de Finan&ccedil;as e Controle\n\t\t\t\t<\/p>\n<\/td>\n<td style=\"width:121px\">\n<p style=\"text-align: center\">\n\t\t\t\t\t70\n\t\t\t\t<\/p>\n<\/td>\n<\/tr>\n<tr>\n<td colspan=\"2\" style=\"width:581px\">\n<p style=\"text-align: center\">\n\t\t\t\t\t&nbsp;\n\t\t\t\t<\/p>\n<\/td>\n<\/tr>\n<tr>\n<td style=\"width:461px\">\n<p style=\"text-align: center\">\n\t\t\t\t\t<strong>MINIST&Eacute;RIO DA FAZENDA<\/strong>\n\t\t\t\t<\/p>\n<\/td>\n<td style=\"width:121px\">\n<p style=\"text-align: center\">\n\t\t\t\t\t&nbsp;\n\t\t\t\t<\/p>\n<\/td>\n<\/tr>\n<tr>\n<td style=\"width:461px\">\n<p style=\"text-align: center\">\n\t\t\t\t\tProcurador da Fazenda\n\t\t\t\t<\/p>\n<\/td>\n<td style=\"width:121px\">\n<p style=\"text-align: center\">\n\t\t\t\t\t240\n\t\t\t\t<\/p>\n<\/td>\n<\/tr>\n<tr>\n<td style=\"width:461px\">\n<p style=\"text-align: center\">\n\t\t\t\t\tATA &ndash; NI\n\t\t\t\t<\/p>\n<\/td>\n<td style=\"width:121px\">\n<p style=\"text-align: center\">\n\t\t\t\t\t904\n\t\t\t\t<\/p>\n<\/td>\n<\/tr>\n<tr>\n<td style=\"width:461px\">\n<p style=\"text-align: center\">\n\t\t\t\t\tATA &#8211; NS\n\t\t\t\t<\/p>\n<\/td>\n<td style=\"width:121px\">\n<p style=\"text-align: center\">\n\t\t\t\t\t257\n\t\t\t\t<\/p>\n<\/td>\n<\/tr>\n<tr>\n<td style=\"width:461px\">\n<p style=\"text-align: center\">\n\t\t\t\t\tArquiteto\n\t\t\t\t<\/p>\n<\/td>\n<td style=\"width:121px\">\n<p style=\"text-align: center\">\n\t\t\t\t\t12\n\t\t\t\t<\/p>\n<\/td>\n<\/tr>\n<tr>\n<td style=\"width:461px\">\n<p style=\"text-align: center\">\n\t\t\t\t\tArquivista\n\t\t\t\t<\/p>\n<\/td>\n<td style=\"width:121px\">\n<p style=\"text-align: center\">\n\t\t\t\t\t9\n\t\t\t\t<\/p>\n<\/td>\n<\/tr>\n<tr>\n<td style=\"width:461px\">\n<p style=\"text-align: center\">\n\t\t\t\t\tBibliotec&aacute;rio\n\t\t\t\t<\/p>\n<\/td>\n<td style=\"width:121px\">\n<p style=\"text-align: center\">\n\t\t\t\t\t12\n\t\t\t\t<\/p>\n<\/td>\n<\/tr>\n<tr>\n<td style=\"width:461px\">\n<p style=\"text-align: center\">\n\t\t\t\t\tContador\n\t\t\t\t<\/p>\n<\/td>\n<td style=\"width:121px\">\n<p style=\"text-align: center\">\n\t\t\t\t\t53\n\t\t\t\t<\/p>\n<\/td>\n<\/tr>\n<tr>\n<td style=\"width:461px\">\n<p style=\"text-align: center\">\n\t\t\t\t\tEngenheiro\n\t\t\t\t<\/p>\n<\/td>\n<td style=\"width:121px\">\n<p style=\"text-align: center\">\n\t\t\t\t\t15\n\t\t\t\t<\/p>\n<\/td>\n<\/tr>\n<tr>\n<td style=\"width:461px\">\n<p style=\"text-align: center\">\n\t\t\t\t\tEnfermeiro\n\t\t\t\t<\/p>\n<\/td>\n<td style=\"width:121px\">\n<p style=\"text-align: center\">\n\t\t\t\t\t5\n\t\t\t\t<\/p>\n<\/td>\n<\/tr>\n<tr>\n<td style=\"width:461px\">\n<p style=\"text-align: center\">\n\t\t\t\t\tPedagogo\n\t\t\t\t<\/p>\n<\/td>\n<td style=\"width:121px\">\n<p style=\"text-align: center\">\n\t\t\t\t\t6\n\t\t\t\t<\/p>\n<\/td>\n<\/tr>\n<tr>\n<td style=\"width:461px\">\n<p style=\"text-align: center\">\n\t\t\t\t\tPsic&oacute;logo\n\t\t\t\t<\/p>\n<\/td>\n<td style=\"width:121px\">\n<p style=\"text-align: center\">\n\t\t\t\t\t6\n\t\t\t\t<\/p>\n<\/td>\n<\/tr>\n<tr>\n<td style=\"width:461px\">\n<p style=\"text-align: center\">\n\t\t\t\t\tT&eacute;cnico em Comunica&ccedil;&atilde;o Social\n\t\t\t\t<\/p>\n<\/td>\n<td style=\"width:121px\">\n<p style=\"text-align: center\">\n\t\t\t\t\t22\n\t\t\t\t<\/p>\n<\/td>\n<\/tr>\n<tr>\n<td colspan=\"2\" style=\"width:581px\">\n<p style=\"text-align: center\">\n\t\t\t\t\t&nbsp;\n\t\t\t\t<\/p>\n<\/td>\n<\/tr>\n<tr>\n<td style=\"width:461px\">\n<p style=\"text-align: center\">\n\t\t\t\t\t<strong>CVM<\/strong>\n\t\t\t\t<\/p>\n<\/td>\n<td style=\"width:121px\">\n<p style=\"text-align: center\">\n\t\t\t\t\t&nbsp;\n\t\t\t\t<\/p>\n<\/td>\n<\/tr>\n<tr>\n<td style=\"width:461px\">\n<p style=\"text-align: center\">\n\t\t\t\t\tInspetor da CVM\n\t\t\t\t<\/p>\n<\/td>\n<td style=\"width:121px\">\n<p style=\"text-align: center\">\n\t\t\t\t\t16\n\t\t\t\t<\/p>\n<\/td>\n<\/tr>\n<tr>\n<td style=\"width:461px\">\n<p style=\"text-align: center\">\n\t\t\t\t\tAnalista da CVM\n\t\t\t\t<\/p>\n<\/td>\n<td style=\"width:121px\">\n<p style=\"text-align: center\">\n\t\t\t\t\t30\n\t\t\t\t<\/p>\n<\/td>\n<\/tr>\n<tr>\n<td style=\"width:461px\">\n<p style=\"text-align: center\">\n\t\t\t\t\tAgente Executivo CVM\n\t\t\t\t<\/p>\n<\/td>\n<td style=\"width:121px\">\n<p style=\"text-align: center\">\n\t\t\t\t\t82\n\t\t\t\t<\/p>\n<\/td>\n<\/tr>\n<tr>\n<td style=\"width:461px\">\n<p style=\"text-align: center\">\n\t\t\t\t\t&nbsp;\n\t\t\t\t<\/p>\n<\/td>\n<td style=\"width:121px\">\n<p style=\"text-align: center\">\n\t\t\t\t\t&nbsp;\n\t\t\t\t<\/p>\n<\/td>\n<\/tr>\n<tr>\n<td style=\"width:461px\">\n<p style=\"text-align: center\">\n\t\t\t\t\t<strong>SUSEP<\/strong>\n\t\t\t\t<\/p>\n<\/td>\n<td style=\"width:121px\">\n<p style=\"text-align: center\">\n\t\t\t\t\t&nbsp;\n\t\t\t\t<\/p>\n<\/td>\n<\/tr>\n<tr>\n<td style=\"width:461px\">\n<p style=\"text-align: center\">\n\t\t\t\t\tAnalista T&eacute;cnico da SUSEP\n\t\t\t\t<\/p>\n<\/td>\n<td style=\"width:121px\">\n<p style=\"text-align: center\">\n\t\t\t\t\t55\n\t\t\t\t<\/p>\n<\/td>\n<\/tr>\n<tr>\n<td style=\"width:461px\">\n<p style=\"text-align: center\">\n\t\t\t\t\t&nbsp;\n\t\t\t\t<\/p>\n<\/td>\n<td style=\"width:121px\">\n<p style=\"text-align: center\">\n\t\t\t\t\t&nbsp;\n\t\t\t\t<\/p>\n<\/td>\n<\/tr>\n<tr>\n<td style=\"width:461px\">\n<p style=\"text-align: center\">\n\t\t\t\t\t<strong>PREVIC:<\/strong>\n\t\t\t\t<\/p>\n<\/td>\n<td style=\"width:121px\">\n<p style=\"text-align: center\">\n\t\t\t\t\t&nbsp;\n\t\t\t\t<\/p>\n<\/td>\n<\/tr>\n<tr>\n<td style=\"width:461px\">\n<p style=\"text-align: center\">\n\t\t\t\t\tEspecialista em Prev. Social (PREVIC)\n\t\t\t\t<\/p>\n<\/td>\n<td style=\"width:121px\">\n<p style=\"text-align: center\">\n\t\t\t\t\t48\n\t\t\t\t<\/p>\n<\/td>\n<\/tr>\n<tr>\n<td style=\"width:461px\">\n<p style=\"text-align: center\">\n\t\t\t\t\tAnalista Administrativo (PREVIC)\n\t\t\t\t<\/p>\n<\/td>\n<td style=\"width:121px\">\n<p style=\"text-align: center\">\n\t\t\t\t\t23\n\t\t\t\t<\/p>\n<\/td>\n<\/tr>\n<tr>\n<td style=\"width:461px\">\n<p style=\"text-align: center\">\n\t\t\t\t\tT&eacute;cnico Administrativo (PREVIC)\n\t\t\t\t<\/p>\n<\/td>\n<td style=\"width:121px\">\n<p style=\"text-align: center\">\n\t\t\t\t\t39\n\t\t\t\t<\/p>\n<\/td>\n<\/tr>\n<tr>\n<td style=\"width:461px\">\n<p style=\"text-align: center\">\n\t\t\t\t\tAdministrador (SPREV)\n\t\t\t\t<\/p>\n<\/td>\n<td style=\"width:121px\">\n<p style=\"text-align: center\">\n\t\t\t\t\t11\n\t\t\t\t<\/p>\n<\/td>\n<\/tr>\n<tr>\n<td style=\"width:461px\">\n<p style=\"text-align: center\">\n\t\t\t\t\tAtu&aacute;rio (PREVIC)\n\t\t\t\t<\/p>\n<\/td>\n<td style=\"width:121px\">\n<p style=\"text-align: center\">\n\t\t\t\t\t7\n\t\t\t\t<\/p>\n<\/td>\n<\/tr>\n<\/tbody>\n<\/table>\n<p>\n\t&nbsp;\n<\/p>\n<p>\n\tBons estudos!\n<\/p>\n<p>\n\tAbs!<\/p>\n","protected":false},"excerpt":{"rendered":"<p>Ol&aacute; pessoal, tudo bem? Escrevo este breve artigo para informar sobre o quantitativo de vagas solicitadas pelo Minist&eacute;rio da Fazenda ao Minist&eacute;rio do Planejamento para provimento em 2018. As informa&ccedil;&otilde;es foram obtidas via Lei de Acesso &agrave; Informa&ccedil;&atilde;o e informadas pelo pr&oacute;prio Minist&eacute;rio do Planejamento. Aproveito para agradecer ao Daniel Oliveira, fonte da informa&ccedil;&atilde;o. Bom, [&hellip;]<\/p>\n","protected":false},"author":127,"featured_media":0,"comment_status":"open","ping_status":"open","sticky":false,"template":"","format":"standard","meta":{"post_tipo":"article","footnotes":""},"categories":[1],"tags":[],"tax_estado":[],"class_list":["post-78143","post","type-post","status-publish","format-standard","hentry","category-cursos-e-concursos"],"acf":[],"yoast_head":"<!-- This site is optimized with the Yoast SEO Premium plugin v27.2 (Yoast SEO v27.2) - https:\/\/yoast.com\/product\/yoast-seo-premium-wordpress\/ -->\n<title>Quantitativo de vagas solicitadas pelo Minist\u00e9rio da Fazenda para provimento em 2018<\/title>\n<meta name=\"robots\" content=\"index, follow, max-snippet:-1, max-image-preview:large, max-video-preview:-1\" \/>\n<link rel=\"canonical\" href=\"https:\/\/www.estrategiaconcursos.com.br\/blog\/quantitativo-de-vagas-solicitada-pelo-ministerio-da-fazenda-para-provimento-em-2018\/\" \/>\n<meta property=\"og:locale\" content=\"pt_BR\" \/>\n<meta property=\"og:type\" content=\"article\" \/>\n<meta property=\"og:title\" content=\"Quantitativo de vagas solicitadas pelo Minist\u00e9rio da Fazenda para provimento em 2018\" \/>\n<meta property=\"og:description\" content=\"Ol&aacute; pessoal, tudo bem? Escrevo este breve artigo para informar sobre o quantitativo de vagas solicitadas pelo Minist&eacute;rio da Fazenda ao Minist&eacute;rio do Planejamento para provimento em 2018. As informa&ccedil;&otilde;es foram obtidas via Lei de Acesso &agrave; Informa&ccedil;&atilde;o e informadas pelo pr&oacute;prio Minist&eacute;rio do Planejamento. Aproveito para agradecer ao Daniel Oliveira, fonte da informa&ccedil;&atilde;o. Bom, [&hellip;]\" \/>\n<meta property=\"og:url\" content=\"https:\/\/www.estrategiaconcursos.com.br\/blog\/quantitativo-de-vagas-solicitada-pelo-ministerio-da-fazenda-para-provimento-em-2018\/\" \/>\n<meta property=\"og:site_name\" content=\"Estrat\u00e9gia Concursos\" \/>\n<meta property=\"article:published_time\" content=\"2017-06-19T12:26:09+00:00\" \/>\n<meta property=\"article:modified_time\" content=\"2017-06-19T13:05:16+00:00\" \/>\n<meta name=\"author\" content=\"Vicente Camillo\" \/>\n<meta name=\"twitter:card\" content=\"summary_large_image\" \/>\n<meta name=\"twitter:creator\" content=\"@EstratConcursos\" \/>\n<meta name=\"twitter:site\" content=\"@EstratConcursos\" \/>\n<meta name=\"twitter:label1\" content=\"Escrito por\" \/>\n\t<meta name=\"twitter:data1\" content=\"Vicente Camillo\" \/>\n\t<meta name=\"twitter:label2\" content=\"Est. tempo de leitura\" \/>\n\t<meta name=\"twitter:data2\" content=\"1 minuto\" \/>\n<script type=\"application\/ld+json\" class=\"yoast-schema-graph\">{\"@context\":\"https:\/\/schema.org\",\"@graph\":[{\"@type\":\"NewsArticle\",\"@id\":\"https:\/\/www.estrategiaconcursos.com.br\/blog\/quantitativo-de-vagas-solicitada-pelo-ministerio-da-fazenda-para-provimento-em-2018\/#article\",\"isPartOf\":{\"@id\":\"https:\/\/www.estrategiaconcursos.com.br\/blog\/quantitativo-de-vagas-solicitada-pelo-ministerio-da-fazenda-para-provimento-em-2018\/\"},\"author\":{\"name\":\"Vicente Camillo\",\"@id\":\"https:\/\/www.estrategiaconcursos.com.br\/blog\/#\/schema\/person\/b8a108568861dcf9ea0bc08399a7923b\"},\"headline\":\"Quantitativo de vagas solicitadas pelo Minist\u00e9rio da Fazenda para provimento em 2018\",\"datePublished\":\"2017-06-19T12:26:09+00:00\",\"dateModified\":\"2017-06-19T13:05:16+00:00\",\"mainEntityOfPage\":{\"@id\":\"https:\/\/www.estrategiaconcursos.com.br\/blog\/quantitativo-de-vagas-solicitada-pelo-ministerio-da-fazenda-para-provimento-em-2018\/\"},\"wordCount\":215,\"commentCount\":9,\"publisher\":{\"@id\":\"https:\/\/www.estrategiaconcursos.com.br\/blog\/#organization\"},\"articleSection\":[\"Concursos P\u00fablicos\"],\"inLanguage\":\"pt-BR\",\"potentialAction\":[{\"@type\":\"CommentAction\",\"name\":\"Comment\",\"target\":[\"https:\/\/www.estrategiaconcursos.com.br\/blog\/quantitativo-de-vagas-solicitada-pelo-ministerio-da-fazenda-para-provimento-em-2018\/#respond\"]}],\"copyrightYear\":\"2017\",\"copyrightHolder\":{\"@id\":\"https:\/\/www.estrategiaconcursos.com.br\/blog\/#organization\"}},{\"@type\":\"WebPage\",\"@id\":\"https:\/\/www.estrategiaconcursos.com.br\/blog\/quantitativo-de-vagas-solicitada-pelo-ministerio-da-fazenda-para-provimento-em-2018\/\",\"url\":\"https:\/\/www.estrategiaconcursos.com.br\/blog\/quantitativo-de-vagas-solicitada-pelo-ministerio-da-fazenda-para-provimento-em-2018\/\",\"name\":\"Quantitativo de vagas solicitadas pelo Minist\u00e9rio da Fazenda para provimento em 2018\",\"isPartOf\":{\"@id\":\"https:\/\/www.estrategiaconcursos.com.br\/blog\/#website\"},\"datePublished\":\"2017-06-19T12:26:09+00:00\",\"dateModified\":\"2017-06-19T13:05:16+00:00\",\"breadcrumb\":{\"@id\":\"https:\/\/www.estrategiaconcursos.com.br\/blog\/quantitativo-de-vagas-solicitada-pelo-ministerio-da-fazenda-para-provimento-em-2018\/#breadcrumb\"},\"inLanguage\":\"pt-BR\",\"potentialAction\":[{\"@type\":\"ReadAction\",\"target\":[\"https:\/\/www.estrategiaconcursos.com.br\/blog\/quantitativo-de-vagas-solicitada-pelo-ministerio-da-fazenda-para-provimento-em-2018\/\"]}]},{\"@type\":\"BreadcrumbList\",\"@id\":\"https:\/\/www.estrategiaconcursos.com.br\/blog\/quantitativo-de-vagas-solicitada-pelo-ministerio-da-fazenda-para-provimento-em-2018\/#breadcrumb\",\"itemListElement\":[{\"@type\":\"ListItem\",\"position\":1,\"name\":\"In\u00edcio\",\"item\":\"https:\/\/www.estrategiaconcursos.com.br\/blog\/\"},{\"@type\":\"ListItem\",\"position\":2,\"name\":\"Quantitativo de vagas solicitadas pelo Minist\u00e9rio da Fazenda para provimento em 2018\"}]},{\"@type\":\"WebSite\",\"@id\":\"https:\/\/www.estrategiaconcursos.com.br\/blog\/#website\",\"url\":\"https:\/\/www.estrategiaconcursos.com.br\/blog\/\",\"name\":\"Estrat\u00e9gia Concursos\",\"description\":\"O blog da Estrat\u00e9gia Concursos traz not\u00edcias sobre concursos e artigos de professores oferecendo cursos para concursos (pdf + videaulas) no site.\",\"publisher\":{\"@id\":\"https:\/\/www.estrategiaconcursos.com.br\/blog\/#organization\"},\"potentialAction\":[{\"@type\":\"SearchAction\",\"target\":{\"@type\":\"EntryPoint\",\"urlTemplate\":\"https:\/\/www.estrategiaconcursos.com.br\/blog\/?s={search_term_string}\"},\"query-input\":{\"@type\":\"PropertyValueSpecification\",\"valueRequired\":true,\"valueName\":\"search_term_string\"}}],\"inLanguage\":\"pt-BR\"},{\"@type\":\"Organization\",\"@id\":\"https:\/\/www.estrategiaconcursos.com.br\/blog\/#organization\",\"name\":\"Estrat\u00e9gia Concursos\",\"url\":\"https:\/\/www.estrategiaconcursos.com.br\/blog\/\",\"logo\":{\"@type\":\"ImageObject\",\"inLanguage\":\"pt-BR\",\"@id\":\"https:\/\/www.estrategiaconcursos.com.br\/blog\/#\/schema\/logo\/image\/\",\"url\":\"https:\/\/dhg1h5j42swfq.cloudfront.net\/2025\/06\/03203428\/logo_concursos-1.jpg\",\"contentUrl\":\"https:\/\/dhg1h5j42swfq.cloudfront.net\/2025\/06\/03203428\/logo_concursos-1.jpg\",\"width\":230,\"height\":60,\"caption\":\"Estrat\u00e9gia Concursos\"},\"image\":{\"@id\":\"https:\/\/www.estrategiaconcursos.com.br\/blog\/#\/schema\/logo\/image\/\"},\"sameAs\":[\"https:\/\/x.com\/EstratConcursos\"]},{\"@type\":\"Person\",\"@id\":\"https:\/\/www.estrategiaconcursos.com.br\/blog\/#\/schema\/person\/b8a108568861dcf9ea0bc08399a7923b\",\"name\":\"Vicente Camillo\",\"image\":{\"@type\":\"ImageObject\",\"inLanguage\":\"pt-BR\",\"@id\":\"https:\/\/secure.gravatar.com\/avatar\/468a0239829de687ea87ca16fca161044431e49a078c185df9f7ebdca3918c68?s=96&d=mm&r=g\",\"url\":\"https:\/\/secure.gravatar.com\/avatar\/468a0239829de687ea87ca16fca161044431e49a078c185df9f7ebdca3918c68?s=96&d=mm&r=g\",\"contentUrl\":\"https:\/\/secure.gravatar.com\/avatar\/468a0239829de687ea87ca16fca161044431e49a078c185df9f7ebdca3918c68?s=96&d=mm&r=g\",\"caption\":\"Vicente Camillo\"},\"url\":\"https:\/\/www.estrategiaconcursos.com.br\/blog\/author\/vicentecamilloestrategiaconcursos-com-br\/\"}]}<\/script>\n<!-- \/ Yoast SEO Premium plugin. -->","yoast_head_json":{"title":"Quantitativo de vagas solicitadas pelo Minist\u00e9rio da Fazenda para provimento em 2018","robots":{"index":"index","follow":"follow","max-snippet":"max-snippet:-1","max-image-preview":"max-image-preview:large","max-video-preview":"max-video-preview:-1"},"canonical":"https:\/\/www.estrategiaconcursos.com.br\/blog\/quantitativo-de-vagas-solicitada-pelo-ministerio-da-fazenda-para-provimento-em-2018\/","og_locale":"pt_BR","og_type":"article","og_title":"Quantitativo de vagas solicitadas pelo Minist\u00e9rio da Fazenda para provimento em 2018","og_description":"Ol&aacute; pessoal, tudo bem? Escrevo este breve artigo para informar sobre o quantitativo de vagas solicitadas pelo Minist&eacute;rio da Fazenda ao Minist&eacute;rio do Planejamento para provimento em 2018. As informa&ccedil;&otilde;es foram obtidas via Lei de Acesso &agrave; Informa&ccedil;&atilde;o e informadas pelo pr&oacute;prio Minist&eacute;rio do Planejamento. Aproveito para agradecer ao Daniel Oliveira, fonte da informa&ccedil;&atilde;o. Bom, [&hellip;]","og_url":"https:\/\/www.estrategiaconcursos.com.br\/blog\/quantitativo-de-vagas-solicitada-pelo-ministerio-da-fazenda-para-provimento-em-2018\/","og_site_name":"Estrat\u00e9gia Concursos","article_published_time":"2017-06-19T12:26:09+00:00","article_modified_time":"2017-06-19T13:05:16+00:00","author":"Vicente Camillo","twitter_card":"summary_large_image","twitter_creator":"@EstratConcursos","twitter_site":"@EstratConcursos","twitter_misc":{"Escrito por":"Vicente Camillo","Est. tempo de leitura":"1 minuto"},"schema":{"@context":"https:\/\/schema.org","@graph":[{"@type":"NewsArticle","@id":"https:\/\/www.estrategiaconcursos.com.br\/blog\/quantitativo-de-vagas-solicitada-pelo-ministerio-da-fazenda-para-provimento-em-2018\/#article","isPartOf":{"@id":"https:\/\/www.estrategiaconcursos.com.br\/blog\/quantitativo-de-vagas-solicitada-pelo-ministerio-da-fazenda-para-provimento-em-2018\/"},"author":{"name":"Vicente Camillo","@id":"https:\/\/www.estrategiaconcursos.com.br\/blog\/#\/schema\/person\/b8a108568861dcf9ea0bc08399a7923b"},"headline":"Quantitativo de vagas solicitadas pelo Minist\u00e9rio da Fazenda para provimento em 2018","datePublished":"2017-06-19T12:26:09+00:00","dateModified":"2017-06-19T13:05:16+00:00","mainEntityOfPage":{"@id":"https:\/\/www.estrategiaconcursos.com.br\/blog\/quantitativo-de-vagas-solicitada-pelo-ministerio-da-fazenda-para-provimento-em-2018\/"},"wordCount":215,"commentCount":9,"publisher":{"@id":"https:\/\/www.estrategiaconcursos.com.br\/blog\/#organization"},"articleSection":["Concursos P\u00fablicos"],"inLanguage":"pt-BR","potentialAction":[{"@type":"CommentAction","name":"Comment","target":["https:\/\/www.estrategiaconcursos.com.br\/blog\/quantitativo-de-vagas-solicitada-pelo-ministerio-da-fazenda-para-provimento-em-2018\/#respond"]}],"copyrightYear":"2017","copyrightHolder":{"@id":"https:\/\/www.estrategiaconcursos.com.br\/blog\/#organization"}},{"@type":"WebPage","@id":"https:\/\/www.estrategiaconcursos.com.br\/blog\/quantitativo-de-vagas-solicitada-pelo-ministerio-da-fazenda-para-provimento-em-2018\/","url":"https:\/\/www.estrategiaconcursos.com.br\/blog\/quantitativo-de-vagas-solicitada-pelo-ministerio-da-fazenda-para-provimento-em-2018\/","name":"Quantitativo de vagas solicitadas pelo Minist\u00e9rio da Fazenda para provimento em 2018","isPartOf":{"@id":"https:\/\/www.estrategiaconcursos.com.br\/blog\/#website"},"datePublished":"2017-06-19T12:26:09+00:00","dateModified":"2017-06-19T13:05:16+00:00","breadcrumb":{"@id":"https:\/\/www.estrategiaconcursos.com.br\/blog\/quantitativo-de-vagas-solicitada-pelo-ministerio-da-fazenda-para-provimento-em-2018\/#breadcrumb"},"inLanguage":"pt-BR","potentialAction":[{"@type":"ReadAction","target":["https:\/\/www.estrategiaconcursos.com.br\/blog\/quantitativo-de-vagas-solicitada-pelo-ministerio-da-fazenda-para-provimento-em-2018\/"]}]},{"@type":"BreadcrumbList","@id":"https:\/\/www.estrategiaconcursos.com.br\/blog\/quantitativo-de-vagas-solicitada-pelo-ministerio-da-fazenda-para-provimento-em-2018\/#breadcrumb","itemListElement":[{"@type":"ListItem","position":1,"name":"In\u00edcio","item":"https:\/\/www.estrategiaconcursos.com.br\/blog\/"},{"@type":"ListItem","position":2,"name":"Quantitativo de vagas solicitadas pelo Minist\u00e9rio da Fazenda para provimento em 2018"}]},{"@type":"WebSite","@id":"https:\/\/www.estrategiaconcursos.com.br\/blog\/#website","url":"https:\/\/www.estrategiaconcursos.com.br\/blog\/","name":"Estrat\u00e9gia Concursos","description":"O blog da Estrat\u00e9gia Concursos traz not\u00edcias sobre concursos e artigos de professores oferecendo cursos para concursos (pdf + videaulas) no site.","publisher":{"@id":"https:\/\/www.estrategiaconcursos.com.br\/blog\/#organization"},"potentialAction":[{"@type":"SearchAction","target":{"@type":"EntryPoint","urlTemplate":"https:\/\/www.estrategiaconcursos.com.br\/blog\/?s={search_term_string}"},"query-input":{"@type":"PropertyValueSpecification","valueRequired":true,"valueName":"search_term_string"}}],"inLanguage":"pt-BR"},{"@type":"Organization","@id":"https:\/\/www.estrategiaconcursos.com.br\/blog\/#organization","name":"Estrat\u00e9gia Concursos","url":"https:\/\/www.estrategiaconcursos.com.br\/blog\/","logo":{"@type":"ImageObject","inLanguage":"pt-BR","@id":"https:\/\/www.estrategiaconcursos.com.br\/blog\/#\/schema\/logo\/image\/","url":"https:\/\/dhg1h5j42swfq.cloudfront.net\/2025\/06\/03203428\/logo_concursos-1.jpg","contentUrl":"https:\/\/dhg1h5j42swfq.cloudfront.net\/2025\/06\/03203428\/logo_concursos-1.jpg","width":230,"height":60,"caption":"Estrat\u00e9gia Concursos"},"image":{"@id":"https:\/\/www.estrategiaconcursos.com.br\/blog\/#\/schema\/logo\/image\/"},"sameAs":["https:\/\/x.com\/EstratConcursos"]},{"@type":"Person","@id":"https:\/\/www.estrategiaconcursos.com.br\/blog\/#\/schema\/person\/b8a108568861dcf9ea0bc08399a7923b","name":"Vicente Camillo","image":{"@type":"ImageObject","inLanguage":"pt-BR","@id":"https:\/\/secure.gravatar.com\/avatar\/468a0239829de687ea87ca16fca161044431e49a078c185df9f7ebdca3918c68?s=96&d=mm&r=g","url":"https:\/\/secure.gravatar.com\/avatar\/468a0239829de687ea87ca16fca161044431e49a078c185df9f7ebdca3918c68?s=96&d=mm&r=g","contentUrl":"https:\/\/secure.gravatar.com\/avatar\/468a0239829de687ea87ca16fca161044431e49a078c185df9f7ebdca3918c68?s=96&d=mm&r=g","caption":"Vicente Camillo"},"url":"https:\/\/www.estrategiaconcursos.com.br\/blog\/author\/vicentecamilloestrategiaconcursos-com-br\/"}]}},"_links":{"self":[{"href":"https:\/\/www.estrategiaconcursos.com.br\/blog\/wp-json\/wp\/v2\/posts\/78143","targetHints":{"allow":["GET"]}}],"collection":[{"href":"https:\/\/www.estrategiaconcursos.com.br\/blog\/wp-json\/wp\/v2\/posts"}],"about":[{"href":"https:\/\/www.estrategiaconcursos.com.br\/blog\/wp-json\/wp\/v2\/types\/post"}],"author":[{"embeddable":true,"href":"https:\/\/www.estrategiaconcursos.com.br\/blog\/wp-json\/wp\/v2\/users\/127"}],"replies":[{"embeddable":true,"href":"https:\/\/www.estrategiaconcursos.com.br\/blog\/wp-json\/wp\/v2\/comments?post=78143"}],"version-history":[{"count":6,"href":"https:\/\/www.estrategiaconcursos.com.br\/blog\/wp-json\/wp\/v2\/posts\/78143\/revisions"}],"predecessor-version":[{"id":78153,"href":"https:\/\/www.estrategiaconcursos.com.br\/blog\/wp-json\/wp\/v2\/posts\/78143\/revisions\/78153"}],"wp:attachment":[{"href":"https:\/\/www.estrategiaconcursos.com.br\/blog\/wp-json\/wp\/v2\/media?parent=78143"}],"wp:term":[{"taxonomy":"category","embeddable":true,"href":"https:\/\/www.estrategiaconcursos.com.br\/blog\/wp-json\/wp\/v2\/categories?post=78143"},{"taxonomy":"post_tag","embeddable":true,"href":"https:\/\/www.estrategiaconcursos.com.br\/blog\/wp-json\/wp\/v2\/tags?post=78143"},{"taxonomy":"tax_estado","embeddable":true,"href":"https:\/\/www.estrategiaconcursos.com.br\/blog\/wp-json\/wp\/v2\/tax_estado?post=78143"}],"curies":[{"name":"wp","href":"https:\/\/api.w.org\/{rel}","templated":true}]}}