{"id":7809,"date":"2012-07-09T01:28:05","date_gmt":"2012-07-09T01:28:05","guid":{"rendered":"https:\/\/www.estrategiaconcursos.com.br\/blog\/saiu-o-edital-do-senado-federal-4\/"},"modified":"2019-10-04T11:25:32","modified_gmt":"2019-10-04T14:25:32","slug":"saiu-o-edital-do-senado-federal-4","status":"publish","type":"post","link":"https:\/\/www.estrategiaconcursos.com.br\/blog\/saiu-o-edital-do-senado-federal-4\/","title":{"rendered":"Saiu o edital do Senado Federal."},"content":{"rendered":"<p>Ol\u00e1 concurseiros de plant\u00e3o,<\/p>\n<p>Superando as expectativas de todos que conhe\u00e7o e que est\u00e3o estudando pro <a href=\"https:\/\/www.estrategiaconcursos.com.br\/cursosPorConcurso\/senado-federal-6\/\">Senado Federal <\/a>(inclusive eu, hehehehehehe) publicaram o <a href=\"https:\/\/www.estrategiaconcursos.com.br\/blog\/concurso-senado-federal\/\">edital do Senado Federal<\/a> e para maior surpresa ainda, a banca vai ser a FGV novamente, digo isso pois a comunidade de concurseiros estava esperando ser o CESPE.<\/p>\n<p>http:\/\/www.in.gov.br\/visualiza\/index.jsp?data=23\/12\/2011&#038;jornal=3&#038;pagina=349&#038;totalArquivos=460<\/p>\n<p>Ent\u00e3o, vou ler melhor aqui o edital e coment\u00e1-lo em breve, segurem ai!!!<\/p>\n<p>Lembre-se sempres, seu maior advers\u00e1rio \u00e9 voc\u00ea!!!<\/p>\n<p>Professor Gabriel Pacheco<\/p>\n","protected":false},"excerpt":{"rendered":"<p>Ol\u00e1 concurseiros de plant\u00e3o, Superando as expectativas de todos que conhe\u00e7o e que est\u00e3o estudando pro Senado Federal (inclusive eu, hehehehehehe) publicaram o edital do Senado Federal e para maior surpresa ainda, a banca vai ser a FGV novamente, digo isso pois a comunidade de concurseiros estava esperando ser o CESPE. http:\/\/www.in.gov.br\/visualiza\/index.jsp?data=23\/12\/2011&#038;jornal=3&#038;pagina=349&#038;totalArquivos=460 Ent\u00e3o, vou ler [&hellip;]<\/p>\n","protected":false},"author":40,"featured_media":0,"comment_status":"open","ping_status":"open","sticky":false,"template":"","format":"standard","meta":{"post_tipo":"article","footnotes":""},"categories":[1],"tags":[],"tax_estado":[],"class_list":["post-7809","post","type-post","status-publish","format-standard","hentry","category-cursos-e-concursos"],"acf":[],"yoast_head":"<!-- This site is optimized with the Yoast SEO Premium plugin v27.2 (Yoast SEO v27.2) - https:\/\/yoast.com\/product\/yoast-seo-premium-wordpress\/ -->\n<title>Saiu o edital do Senado Federal.<\/title>\n<meta name=\"robots\" content=\"index, follow, max-snippet:-1, max-image-preview:large, max-video-preview:-1\" \/>\n<link rel=\"canonical\" href=\"https:\/\/www.estrategiaconcursos.com.br\/blog\/saiu-o-edital-do-senado-federal-4\/\" \/>\n<meta property=\"og:locale\" content=\"pt_BR\" \/>\n<meta property=\"og:type\" content=\"article\" \/>\n<meta property=\"og:title\" content=\"Saiu o edital do Senado Federal.\" \/>\n<meta property=\"og:description\" content=\"Ol\u00e1 concurseiros de plant\u00e3o, Superando as expectativas de todos que conhe\u00e7o e que est\u00e3o estudando pro Senado Federal (inclusive eu, hehehehehehe) publicaram o edital do Senado Federal e para maior surpresa ainda, a banca vai ser a FGV novamente, digo isso pois a comunidade de concurseiros estava esperando ser o CESPE. http:\/\/www.in.gov.br\/visualiza\/index.jsp?data=23\/12\/2011&#038;jornal=3&#038;pagina=349&#038;totalArquivos=460 Ent\u00e3o, vou ler [&hellip;]\" \/>\n<meta property=\"og:url\" content=\"https:\/\/www.estrategiaconcursos.com.br\/blog\/saiu-o-edital-do-senado-federal-4\/\" \/>\n<meta property=\"og:site_name\" content=\"Estrat\u00e9gia Concursos\" \/>\n<meta property=\"article:published_time\" content=\"2012-07-09T01:28:05+00:00\" \/>\n<meta property=\"article:modified_time\" content=\"2019-10-04T14:25:32+00:00\" \/>\n<meta name=\"author\" content=\"Gabriel Pacheco\" \/>\n<meta name=\"twitter:card\" content=\"summary_large_image\" \/>\n<meta name=\"twitter:creator\" content=\"@EstratConcursos\" \/>\n<meta name=\"twitter:site\" content=\"@EstratConcursos\" \/>\n<meta name=\"twitter:label1\" content=\"Escrito por\" \/>\n\t<meta name=\"twitter:data1\" content=\"Gabriel Pacheco\" \/>\n<script type=\"application\/ld+json\" class=\"yoast-schema-graph\">{\"@context\":\"https:\/\/schema.org\",\"@graph\":[{\"@type\":\"NewsArticle\",\"@id\":\"https:\/\/www.estrategiaconcursos.com.br\/blog\/saiu-o-edital-do-senado-federal-4\/#article\",\"isPartOf\":{\"@id\":\"https:\/\/www.estrategiaconcursos.com.br\/blog\/saiu-o-edital-do-senado-federal-4\/\"},\"author\":{\"name\":\"Gabriel Pacheco\",\"@id\":\"https:\/\/www.estrategiaconcursos.com.br\/blog\/#\/schema\/person\/b5b28585a2bd4d4489d254fd4101186a\"},\"headline\":\"Saiu o edital do Senado Federal.\",\"datePublished\":\"2012-07-09T01:28:05+00:00\",\"dateModified\":\"2019-10-04T14:25:32+00:00\",\"mainEntityOfPage\":{\"@id\":\"https:\/\/www.estrategiaconcursos.com.br\/blog\/saiu-o-edital-do-senado-federal-4\/\"},\"wordCount\":100,\"commentCount\":0,\"publisher\":{\"@id\":\"https:\/\/www.estrategiaconcursos.com.br\/blog\/#organization\"},\"articleSection\":[\"Concursos P\u00fablicos\"],\"inLanguage\":\"pt-BR\",\"potentialAction\":[{\"@type\":\"CommentAction\",\"name\":\"Comment\",\"target\":[\"https:\/\/www.estrategiaconcursos.com.br\/blog\/saiu-o-edital-do-senado-federal-4\/#respond\"]}],\"copyrightYear\":\"2012\",\"copyrightHolder\":{\"@id\":\"https:\/\/www.estrategiaconcursos.com.br\/blog\/#organization\"}},{\"@type\":\"WebPage\",\"@id\":\"https:\/\/www.estrategiaconcursos.com.br\/blog\/saiu-o-edital-do-senado-federal-4\/\",\"url\":\"https:\/\/www.estrategiaconcursos.com.br\/blog\/saiu-o-edital-do-senado-federal-4\/\",\"name\":\"Saiu o edital do Senado Federal.\",\"isPartOf\":{\"@id\":\"https:\/\/www.estrategiaconcursos.com.br\/blog\/#website\"},\"datePublished\":\"2012-07-09T01:28:05+00:00\",\"dateModified\":\"2019-10-04T14:25:32+00:00\",\"breadcrumb\":{\"@id\":\"https:\/\/www.estrategiaconcursos.com.br\/blog\/saiu-o-edital-do-senado-federal-4\/#breadcrumb\"},\"inLanguage\":\"pt-BR\",\"potentialAction\":[{\"@type\":\"ReadAction\",\"target\":[\"https:\/\/www.estrategiaconcursos.com.br\/blog\/saiu-o-edital-do-senado-federal-4\/\"]}]},{\"@type\":\"BreadcrumbList\",\"@id\":\"https:\/\/www.estrategiaconcursos.com.br\/blog\/saiu-o-edital-do-senado-federal-4\/#breadcrumb\",\"itemListElement\":[{\"@type\":\"ListItem\",\"position\":1,\"name\":\"In\u00edcio\",\"item\":\"https:\/\/www.estrategiaconcursos.com.br\/blog\/\"},{\"@type\":\"ListItem\",\"position\":2,\"name\":\"Saiu o edital do Senado Federal.\"}]},{\"@type\":\"WebSite\",\"@id\":\"https:\/\/www.estrategiaconcursos.com.br\/blog\/#website\",\"url\":\"https:\/\/www.estrategiaconcursos.com.br\/blog\/\",\"name\":\"Estrat\u00e9gia Concursos\",\"description\":\"O blog da Estrat\u00e9gia Concursos traz not\u00edcias sobre concursos e artigos de professores oferecendo cursos para concursos (pdf + videaulas) no site.\",\"publisher\":{\"@id\":\"https:\/\/www.estrategiaconcursos.com.br\/blog\/#organization\"},\"potentialAction\":[{\"@type\":\"SearchAction\",\"target\":{\"@type\":\"EntryPoint\",\"urlTemplate\":\"https:\/\/www.estrategiaconcursos.com.br\/blog\/?s={search_term_string}\"},\"query-input\":{\"@type\":\"PropertyValueSpecification\",\"valueRequired\":true,\"valueName\":\"search_term_string\"}}],\"inLanguage\":\"pt-BR\"},{\"@type\":\"Organization\",\"@id\":\"https:\/\/www.estrategiaconcursos.com.br\/blog\/#organization\",\"name\":\"Estrat\u00e9gia Concursos\",\"url\":\"https:\/\/www.estrategiaconcursos.com.br\/blog\/\",\"logo\":{\"@type\":\"ImageObject\",\"inLanguage\":\"pt-BR\",\"@id\":\"https:\/\/www.estrategiaconcursos.com.br\/blog\/#\/schema\/logo\/image\/\",\"url\":\"https:\/\/dhg1h5j42swfq.cloudfront.net\/2025\/06\/03203428\/logo_concursos-1.jpg\",\"contentUrl\":\"https:\/\/dhg1h5j42swfq.cloudfront.net\/2025\/06\/03203428\/logo_concursos-1.jpg\",\"width\":230,\"height\":60,\"caption\":\"Estrat\u00e9gia Concursos\"},\"image\":{\"@id\":\"https:\/\/www.estrategiaconcursos.com.br\/blog\/#\/schema\/logo\/image\/\"},\"sameAs\":[\"https:\/\/x.com\/EstratConcursos\"]},{\"@type\":\"Person\",\"@id\":\"https:\/\/www.estrategiaconcursos.com.br\/blog\/#\/schema\/person\/b5b28585a2bd4d4489d254fd4101186a\",\"name\":\"Gabriel Pacheco\",\"image\":{\"@type\":\"ImageObject\",\"inLanguage\":\"pt-BR\",\"@id\":\"https:\/\/secure.gravatar.com\/avatar\/23a35c73a06c7ef0272c9c54e33dd776696b8cc8a305407636b9399e3e77b0ef?s=96&d=mm&r=g\",\"url\":\"https:\/\/secure.gravatar.com\/avatar\/23a35c73a06c7ef0272c9c54e33dd776696b8cc8a305407636b9399e3e77b0ef?s=96&d=mm&r=g\",\"contentUrl\":\"https:\/\/secure.gravatar.com\/avatar\/23a35c73a06c7ef0272c9c54e33dd776696b8cc8a305407636b9399e3e77b0ef?s=96&d=mm&r=g\",\"caption\":\"Gabriel Pacheco\"},\"url\":\"https:\/\/www.estrategiaconcursos.com.br\/blog\/author\/gabrielpachecoestrategiaconcursos-com-br\/\"}]}<\/script>\n<!-- \/ Yoast SEO Premium plugin. -->","yoast_head_json":{"title":"Saiu o edital do Senado Federal.","robots":{"index":"index","follow":"follow","max-snippet":"max-snippet:-1","max-image-preview":"max-image-preview:large","max-video-preview":"max-video-preview:-1"},"canonical":"https:\/\/www.estrategiaconcursos.com.br\/blog\/saiu-o-edital-do-senado-federal-4\/","og_locale":"pt_BR","og_type":"article","og_title":"Saiu o edital do Senado Federal.","og_description":"Ol\u00e1 concurseiros de plant\u00e3o, Superando as expectativas de todos que conhe\u00e7o e que est\u00e3o estudando pro Senado Federal (inclusive eu, hehehehehehe) publicaram o edital do Senado Federal e para maior surpresa ainda, a banca vai ser a FGV novamente, digo isso pois a comunidade de concurseiros estava esperando ser o CESPE. http:\/\/www.in.gov.br\/visualiza\/index.jsp?data=23\/12\/2011&#038;jornal=3&#038;pagina=349&#038;totalArquivos=460 Ent\u00e3o, vou ler [&hellip;]","og_url":"https:\/\/www.estrategiaconcursos.com.br\/blog\/saiu-o-edital-do-senado-federal-4\/","og_site_name":"Estrat\u00e9gia Concursos","article_published_time":"2012-07-09T01:28:05+00:00","article_modified_time":"2019-10-04T14:25:32+00:00","author":"Gabriel Pacheco","twitter_card":"summary_large_image","twitter_creator":"@EstratConcursos","twitter_site":"@EstratConcursos","twitter_misc":{"Escrito por":"Gabriel Pacheco"},"schema":{"@context":"https:\/\/schema.org","@graph":[{"@type":"NewsArticle","@id":"https:\/\/www.estrategiaconcursos.com.br\/blog\/saiu-o-edital-do-senado-federal-4\/#article","isPartOf":{"@id":"https:\/\/www.estrategiaconcursos.com.br\/blog\/saiu-o-edital-do-senado-federal-4\/"},"author":{"name":"Gabriel Pacheco","@id":"https:\/\/www.estrategiaconcursos.com.br\/blog\/#\/schema\/person\/b5b28585a2bd4d4489d254fd4101186a"},"headline":"Saiu o edital do Senado Federal.","datePublished":"2012-07-09T01:28:05+00:00","dateModified":"2019-10-04T14:25:32+00:00","mainEntityOfPage":{"@id":"https:\/\/www.estrategiaconcursos.com.br\/blog\/saiu-o-edital-do-senado-federal-4\/"},"wordCount":100,"commentCount":0,"publisher":{"@id":"https:\/\/www.estrategiaconcursos.com.br\/blog\/#organization"},"articleSection":["Concursos P\u00fablicos"],"inLanguage":"pt-BR","potentialAction":[{"@type":"CommentAction","name":"Comment","target":["https:\/\/www.estrategiaconcursos.com.br\/blog\/saiu-o-edital-do-senado-federal-4\/#respond"]}],"copyrightYear":"2012","copyrightHolder":{"@id":"https:\/\/www.estrategiaconcursos.com.br\/blog\/#organization"}},{"@type":"WebPage","@id":"https:\/\/www.estrategiaconcursos.com.br\/blog\/saiu-o-edital-do-senado-federal-4\/","url":"https:\/\/www.estrategiaconcursos.com.br\/blog\/saiu-o-edital-do-senado-federal-4\/","name":"Saiu o edital do Senado Federal.","isPartOf":{"@id":"https:\/\/www.estrategiaconcursos.com.br\/blog\/#website"},"datePublished":"2012-07-09T01:28:05+00:00","dateModified":"2019-10-04T14:25:32+00:00","breadcrumb":{"@id":"https:\/\/www.estrategiaconcursos.com.br\/blog\/saiu-o-edital-do-senado-federal-4\/#breadcrumb"},"inLanguage":"pt-BR","potentialAction":[{"@type":"ReadAction","target":["https:\/\/www.estrategiaconcursos.com.br\/blog\/saiu-o-edital-do-senado-federal-4\/"]}]},{"@type":"BreadcrumbList","@id":"https:\/\/www.estrategiaconcursos.com.br\/blog\/saiu-o-edital-do-senado-federal-4\/#breadcrumb","itemListElement":[{"@type":"ListItem","position":1,"name":"In\u00edcio","item":"https:\/\/www.estrategiaconcursos.com.br\/blog\/"},{"@type":"ListItem","position":2,"name":"Saiu o edital do Senado Federal."}]},{"@type":"WebSite","@id":"https:\/\/www.estrategiaconcursos.com.br\/blog\/#website","url":"https:\/\/www.estrategiaconcursos.com.br\/blog\/","name":"Estrat\u00e9gia Concursos","description":"O blog da Estrat\u00e9gia Concursos traz not\u00edcias sobre concursos e artigos de professores oferecendo cursos para concursos (pdf + videaulas) no site.","publisher":{"@id":"https:\/\/www.estrategiaconcursos.com.br\/blog\/#organization"},"potentialAction":[{"@type":"SearchAction","target":{"@type":"EntryPoint","urlTemplate":"https:\/\/www.estrategiaconcursos.com.br\/blog\/?s={search_term_string}"},"query-input":{"@type":"PropertyValueSpecification","valueRequired":true,"valueName":"search_term_string"}}],"inLanguage":"pt-BR"},{"@type":"Organization","@id":"https:\/\/www.estrategiaconcursos.com.br\/blog\/#organization","name":"Estrat\u00e9gia Concursos","url":"https:\/\/www.estrategiaconcursos.com.br\/blog\/","logo":{"@type":"ImageObject","inLanguage":"pt-BR","@id":"https:\/\/www.estrategiaconcursos.com.br\/blog\/#\/schema\/logo\/image\/","url":"https:\/\/dhg1h5j42swfq.cloudfront.net\/2025\/06\/03203428\/logo_concursos-1.jpg","contentUrl":"https:\/\/dhg1h5j42swfq.cloudfront.net\/2025\/06\/03203428\/logo_concursos-1.jpg","width":230,"height":60,"caption":"Estrat\u00e9gia Concursos"},"image":{"@id":"https:\/\/www.estrategiaconcursos.com.br\/blog\/#\/schema\/logo\/image\/"},"sameAs":["https:\/\/x.com\/EstratConcursos"]},{"@type":"Person","@id":"https:\/\/www.estrategiaconcursos.com.br\/blog\/#\/schema\/person\/b5b28585a2bd4d4489d254fd4101186a","name":"Gabriel Pacheco","image":{"@type":"ImageObject","inLanguage":"pt-BR","@id":"https:\/\/secure.gravatar.com\/avatar\/23a35c73a06c7ef0272c9c54e33dd776696b8cc8a305407636b9399e3e77b0ef?s=96&d=mm&r=g","url":"https:\/\/secure.gravatar.com\/avatar\/23a35c73a06c7ef0272c9c54e33dd776696b8cc8a305407636b9399e3e77b0ef?s=96&d=mm&r=g","contentUrl":"https:\/\/secure.gravatar.com\/avatar\/23a35c73a06c7ef0272c9c54e33dd776696b8cc8a305407636b9399e3e77b0ef?s=96&d=mm&r=g","caption":"Gabriel Pacheco"},"url":"https:\/\/www.estrategiaconcursos.com.br\/blog\/author\/gabrielpachecoestrategiaconcursos-com-br\/"}]}},"_links":{"self":[{"href":"https:\/\/www.estrategiaconcursos.com.br\/blog\/wp-json\/wp\/v2\/posts\/7809","targetHints":{"allow":["GET"]}}],"collection":[{"href":"https:\/\/www.estrategiaconcursos.com.br\/blog\/wp-json\/wp\/v2\/posts"}],"about":[{"href":"https:\/\/www.estrategiaconcursos.com.br\/blog\/wp-json\/wp\/v2\/types\/post"}],"author":[{"embeddable":true,"href":"https:\/\/www.estrategiaconcursos.com.br\/blog\/wp-json\/wp\/v2\/users\/40"}],"replies":[{"embeddable":true,"href":"https:\/\/www.estrategiaconcursos.com.br\/blog\/wp-json\/wp\/v2\/comments?post=7809"}],"version-history":[{"count":2,"href":"https:\/\/www.estrategiaconcursos.com.br\/blog\/wp-json\/wp\/v2\/posts\/7809\/revisions"}],"predecessor-version":[{"id":430318,"href":"https:\/\/www.estrategiaconcursos.com.br\/blog\/wp-json\/wp\/v2\/posts\/7809\/revisions\/430318"}],"wp:attachment":[{"href":"https:\/\/www.estrategiaconcursos.com.br\/blog\/wp-json\/wp\/v2\/media?parent=7809"}],"wp:term":[{"taxonomy":"category","embeddable":true,"href":"https:\/\/www.estrategiaconcursos.com.br\/blog\/wp-json\/wp\/v2\/categories?post=7809"},{"taxonomy":"post_tag","embeddable":true,"href":"https:\/\/www.estrategiaconcursos.com.br\/blog\/wp-json\/wp\/v2\/tags?post=7809"},{"taxonomy":"tax_estado","embeddable":true,"href":"https:\/\/www.estrategiaconcursos.com.br\/blog\/wp-json\/wp\/v2\/tax_estado?post=7809"}],"curies":[{"name":"wp","href":"https:\/\/api.w.org\/{rel}","templated":true}]}}