{"id":780805,"date":"2025-04-16T07:09:00","date_gmt":"2025-04-16T10:09:00","guid":{"rendered":"https:\/\/www.estrategiaconcursos.com.br\/blog\/?p=780805"},"modified":"2025-04-16T14:18:09","modified_gmt":"2025-04-16T17:18:09","slug":"concurso-fase-rs","status":"publish","type":"post","link":"https:\/\/www.estrategiaconcursos.com.br\/blog\/concurso-fase-rs\/","title":{"rendered":"Concurso FASE RS: validade prorrogada por 2 anos!"},"content":{"rendered":"\n<p>O <span style=\"text-decoration: underline;\">edital de 2022<\/span> do<strong> concurso FASE RS<\/strong> <strong>(Funda\u00e7\u00e3o de Atendimento Socioeducativo do Rio Grande do Sul)<\/strong> teve sua <strong>validade prorrogada por mais dois anos<\/strong>.<\/p>\n\n\n\n<p>Com isso, apenas para o cargo de Agente Socioeducador, o certame <strong>seguir\u00e1 vigente at\u00e9 12 de maio de 2027<\/strong>. Confira abaixo o documento na \u00edntegra!<\/p>\n\n\n\n<figure class=\"wp-block-image aligncenter size-full\"><img loading=\"lazy\" decoding=\"async\" width=\"899\" height=\"355\" src=\"https:\/\/dhg1h5j42swfq.cloudfront.net\/2025\/04\/16141005\/image-258.png\" alt=\"Concurso FASE RS: validade prorrogada por 2 anos!\" class=\"wp-image-1564046\" srcset=\"https:\/\/dhg1h5j42swfq.cloudfront.net\/2025\/04\/16141005\/image-258.png 899w, https:\/\/dhg1h5j42swfq.cloudfront.net\/2025\/04\/16141005\/image-258-300x118.png 300w, https:\/\/dhg1h5j42swfq.cloudfront.net\/2025\/04\/16141005\/image-258-768x303.png 768w, https:\/\/dhg1h5j42swfq.cloudfront.net\/2025\/04\/16141005\/image-258-150x59.png 150w\" sizes=\"auto, (max-width: 899px) 100vw, 899px\" \/><figcaption class=\"wp-element-caption\">Concurso FASE RS: validade prorrogada por 2 anos!<\/figcaption><\/figure>\n\n\n\n<p>A decis\u00e3o visa garantir a continuidade das nomea\u00e7\u00f5es e convoca\u00e7\u00f5es dos candidatos aprovados, assegurando o atendimento \u00e0s demandas da da institui\u00e7\u00e3o. <\/p>\n\n\n\n<p>Vale lembrar que foram ofertadas <strong>85 vagas<\/strong>, distribu\u00eddas em diversos cargos de n\u00edveis fundamental, m\u00e9dio, t\u00e9cnico e superior. <\/p>\n\n\n\n<p>Ao todo, foram registradas <a href=\"https:\/\/dhg1h5j42swfq.cloudfront.net\/2022\/04\/22112923\/fase_estatistica-de-inscritos.pdf\" target=\"_blank\" rel=\"noreferrer noopener nofollow\"><strong>15.811 inscri\u00e7\u00f5es<\/strong><\/a>, sendo que o cargo com maior procura foi o de <strong>Agente Socioeducador<\/strong>, com 9.945 inscritos.<\/p>\n\n\n\n<p>Tamb\u00e9m cabe destacar que <strong>n\u00e3o houve inscrito para M\u00e9dico do Trabalho<\/strong>, e as provas objetivas para o cargo de <strong>Dentista <\/strong>n\u00e3o foram aplicadas.<\/p>\n\n\n\n<ul class=\"wp-block-list has-very-light-gray-to-cyan-bluish-gray-gradient-background has-background\">\n<li><strong style=\"color: initial;\">Funda\u00e7\u00e3o de Atendimento Socioeducativo do Rio Grande do Sul<\/strong><\/li>\n\n\n\n<li><strong>Status: <\/strong>homologado\/validade prorrogada<\/li>\n\n\n\n<li><strong>Banca<\/strong>: <a href=\"https:\/\/www.institutomais.org.br\/Concursos\/Detalhe\/413\" target=\"_blank\" rel=\"noreferrer noopener\">Instituto Mais<\/a><\/li>\n\n\n\n<li><strong>Vagas<\/strong>: 85<\/li>\n\n\n\n<li><strong>Sal\u00e1rio inicial: <\/strong>R$ 1.727,40 a R$ 4.269,09<\/li>\n\n\n\n<li><strong>Edital<\/strong>: <a href=\"https:\/\/dhg1h5j42swfq.cloudfront.net\/2022\/03\/08100527\/fase_rs_edital-retificado.pdf\" target=\"_blank\" rel=\"noreferrer noopener nofollow\">FASE 2022<\/a><\/li>\n<\/ul>\n\n\n\n<p>Nosso objetivo \u00e9 deix\u00e1-los 100% informados. Confira, nos t\u00f3picos a seguir, as principais informa\u00e7\u00f5es sobre o certame:<\/p>\n\n\n\n<ul id=\"indice\" class=\"wp-block-list\">\n<li><strong style=\"color: initial;\"><a href=\"#vagas\">Distribui\u00e7\u00e3o das vagas<\/a><\/strong>\n<ul class=\"wp-block-list\">\n<li><a href=\"#fundamental\">N\u00edvel fundamental<\/a><\/li>\n\n\n\n<li><a href=\"#medio\">N\u00edvel m\u00e9dio<\/a><\/li>\n\n\n\n<li><a href=\"#superior\">N\u00edvel superior<\/a><\/li>\n<\/ul>\n<\/li>\n\n\n\n<li><a href=\"#etapas\"><strong>Etapas<\/strong><\/a>\n<ul class=\"wp-block-list\">\n<li><a href=\"#objetiva\">Prova objetiva<\/a><\/li>\n\n\n\n<li><a href=\"#taf\">Teste de Aptid\u00e3o F\u00edsica<\/a><\/li>\n\n\n\n<li><a href=\"#psico\">Teste de Aptid\u00e3o Psicol\u00f3gica<\/a><\/li>\n\n\n\n<li><a href=\"#titulos\">Prova de T\u00edtulos<\/a><\/li>\n<\/ul>\n<\/li>\n\n\n\n<li><strong><a href=\"#curso\">Cursos e assinaturas<\/a><\/strong><\/li>\n\n\n\n<li><a href=\"#ficha\"><strong>Ficha t\u00e9cnica<\/strong><\/a><\/li>\n<\/ul>\n\n\n\n<div class=\"container\" id=\"boxes\">\n  <div class=\"row\">\n\n    <div class=\"col-sm\">\n      <div class=\"banner-estrat-corj\" id=\"box-assinatura\">\n        <h3 class=\"titulo-assinatura\" style=\"text-align: left;\">Cursos para FASE RS<\/h3>\n        <p class=\"subtitulo-assinatura\" style=\"text-align: left;\">Conhe\u00e7a os cursos<\/p>\n        <div class=\"box-botao\" style=\"text-align: left;\">\n          <a class=\"btn-assinatura\" target=\"_blank\" href=\"https:\/\/www.estrategiaconcursos.com.br\/cursosPorConcurso\/fundacao-de-atendimento-socioeducativo-do-rio-grande-do-sul-fase-rs\/\" role=\"button\" rel=\"noopener noreferrer\">CLIQUE AQUI<\/a>\n        <\/div>\n      <\/div><\/div><\/div><\/div>\n\n\n\n<h2 class=\"wp-block-heading\" id=\"vagas\">Concurso FASE RS: Distribui\u00e7\u00e3o das vagas<\/h2>\n\n\n\n<h3 class=\"wp-block-heading\" id=\"fundamental\">N\u00edvel fundamental<\/h3>\n\n\n\n<ul class=\"wp-block-list\">\n<li>Motorista &#8211; 02 (R$ 1.727,40)<\/li>\n\n\n\n<li>Oficial de Manuten\u00e7\u00e3o &#8211; 01 (R$ 1.727,40)<\/li>\n<\/ul>\n\n\n\n<h3 class=\"wp-block-heading\" id=\"medio\">N\u00edvel m\u00e9dio\/t\u00e9cnico<\/h3>\n\n\n\n<ul class=\"wp-block-list\">\n<li>Agente Socioeducador &#8211; 50 (R$ 2.036,80)<\/li>\n\n\n\n<li>Almoxarife &#8211; 01 (R$ 2.036,80)<\/li>\n\n\n\n<li>Assistente Administrativo &#8211; 08 (R$ 2.401,59)<\/li>\n\n\n\n<li>T\u00e9cnico em Contabilidade &#8211; 01 (R$ 2.831,83)<\/li>\n\n\n\n<li>T\u00e9cnico em Enfermagem &#8211; 01 (R$ 2.831,83)<\/li>\n\n\n\n<li>T\u00e9cnico em Inform\u00e1tica &#8211; 01 (R$ 2.831,83)<\/li>\n\n\n\n<li>T\u00e9cnico em Programa\u00e7\u00e3o &#8211; 01 (R$ 2.831,83)<\/li>\n<\/ul>\n\n\n\n<h3 class=\"wp-block-heading\" id=\"superior\">N\u00edvel superior<\/h3>\n\n\n\n<ul class=\"wp-block-list\">\n<li>Administrador &#8211; 01 (R$ 4.269,09)<\/li>\n\n\n\n<li>Advogado &#8211; 01 (R$ 4.269,09)<\/li>\n\n\n\n<li>Assistente Social &#8211; 01 (R$ 3.201,81)<\/li>\n\n\n\n<li>Bibliotec\u00e1rio &#8211; 01 (R$ 4.269,09)<\/li>\n\n\n\n<li>Contador &#8211; 01 (R$ 4.269,09)<\/li>\n\n\n\n<li><s>Dentista &#8211; 01 (R$ 2.134,54)<\/s><\/li>\n\n\n\n<li>Enfermeiro &#8211; 03 (R$ 4.269,09)<\/li>\n\n\n\n<li>Enfermeiro do Trabalho &#8211; 01 (R$ 4.269,09)<\/li>\n\n\n\n<li>Engenheiro Civil &#8211; 01 (R$ 4.269,09)<\/li>\n\n\n\n<li>Farmac\u00eautico &#8211; 01 (R$ 4.269,09)<\/li>\n\n\n\n<li>M\u00e9dico do Trabalho &#8211; 01 (R$ 2.134,54)<\/li>\n\n\n\n<li>Nutricionista &#8211; 01 (R$ 4.269,09)<\/li>\n\n\n\n<li>Pedagogo &#8211; 03 (R$ 4.269,09)<\/li>\n\n\n\n<li>Profissional em Educa\u00e7\u00e3o F\u00edsica &#8211; 01 (R$ 4.269,09)<\/li>\n\n\n\n<li>Psic\u00f3logo &#8211; 02 (R$ 4.269,09)<\/li>\n<\/ul>\n\n\n\n<h2 class=\"wp-block-heading\" id=\"etapas\">Concurso FASE RS: Etapas<\/h2>\n\n\n\n<ul class=\"wp-block-list\">\n<li><strong>Prova Objetiva<\/strong>, de car\u00e1ter car\u00e1ter eliminat\u00f3rio e classificat\u00f3rio para todos os cargos;<\/li>\n\n\n\n<li><strong>Teste de Aptid\u00e3o F\u00edsica<\/strong>, de car\u00e1ter eliminat\u00f3rio para Agente Socioeducador;<\/li>\n\n\n\n<li><strong>Teste de Aptid\u00e3o Psicol\u00f3gica<\/strong>, de car\u00e1ter eliminat\u00f3rio para Agente Socioeducador; e<\/li>\n\n\n\n<li><strong>Prova de T\u00edtulos<\/strong>, de car\u00e1ter car\u00e1ter classificat\u00f3rio para todos os cargos de n\u00edvel superior.<\/li>\n<\/ul>\n\n\n\n<h3 class=\"wp-block-heading\" id=\"objetiva\">Prova objetiva<\/h3>\n\n\n\n<p>As Provas Objetivas tiveram a dura\u00e7\u00e3o m\u00e1xima de <strong>3 horas<\/strong>. A etapa foi avaliada na escala de 0 a 100 pontos, sendo necess\u00e1rio obter a <strong>pontua\u00e7\u00e3o m\u00ednima de 50 pontos<\/strong>.<\/p>\n\n\n\n<ul class=\"wp-block-list\">\n<li><strong>Fundamental<\/strong>\n<ul class=\"wp-block-list\">\n<li>L\u00edngua Portuguesa &#8211; 15 quest\u00f5es<\/li>\n\n\n\n<li>Matem\u00e1tica &#8211; 15 quest\u00f5es<\/li>\n\n\n\n<li>Conhecimentos Espec\u00edficos &#8211; 10 quest\u00f5es<\/li>\n<\/ul>\n<\/li>\n<\/ul>\n\n\n\n<ul class=\"wp-block-list\">\n<li><strong>M\u00e9dio\/t\u00e9cnico<\/strong> (exceto T\u00e9cnico em Inform\u00e1tica e T\u00e9cnico em Programa\u00e7\u00e3o)\n<ul class=\"wp-block-list\">\n<li>L\u00edngua Portuguesa &#8211; 10 quest\u00f5es<\/li>\n\n\n\n<li>Inform\u00e1tica &#8211; 10 quest\u00f5es<\/li>\n\n\n\n<li>Conhecimentos Espec\u00edficos e Legisla\u00e7\u00e3o &#8211; 20 quest\u00f5es<\/li>\n<\/ul>\n<\/li>\n<\/ul>\n\n\n\n<ul class=\"wp-block-list\">\n<li><strong>T\u00e9cnico em Inform\u00e1tica e T\u00e9cnico em Programa\u00e7\u00e3o<\/strong>\n<ul class=\"wp-block-list\">\n<li>L\u00edngua Portuguesa &#8211; 15 quest\u00f5es<\/li>\n\n\n\n<li>Racioc\u00ednio L\u00f3gico &#8211; 15 quest\u00f5es<\/li>\n\n\n\n<li>Conhecimentos Espec\u00edficos &#8211; 10 quest\u00f5es<\/li>\n<\/ul>\n<\/li>\n<\/ul>\n\n\n\n<ul class=\"wp-block-list\">\n<li><strong>Superior<\/strong>\n<ul class=\"wp-block-list\">\n<li>L\u00edngua Portuguesa &#8211; 10 quest\u00f5es<\/li>\n\n\n\n<li>Inform\u00e1tica &#8211; 04 quest\u00f5es<\/li>\n\n\n\n<li>Legisla\u00e7\u00e3o &#8211; 12 quest\u00f5es<\/li>\n\n\n\n<li>Conhecimentos Espec\u00edficos &#8211; 14 quest\u00f5es<\/li>\n<\/ul>\n<\/li>\n<\/ul>\n\n\n\n<h3 class=\"wp-block-heading\" id=\"taf\">Teste de Aptid\u00e3o F\u00edsica<\/h3>\n\n\n\n<p>O Teste de Aptid\u00e3o F\u00edsica do concurso FASE RS constou dos seguintes exerc\u00edcios:<\/p>\n\n\n\n<ul class=\"wp-block-list\">\n<li><strong>Barra Fixa; e<\/strong><\/li>\n<\/ul>\n\n\n\n<figure class=\"wp-block-image aligncenter size-full\"><img loading=\"lazy\" decoding=\"async\" width=\"794\" height=\"117\" src=\"https:\/\/dhg1h5j42swfq.cloudfront.net\/2022\/02\/11083711\/image-228.png\" alt=\"TAF do concurso FASE RS - Barra Fixa\" class=\"wp-image-966622\" srcset=\"https:\/\/dhg1h5j42swfq.cloudfront.net\/2022\/02\/11083711\/image-228.png 794w, https:\/\/dhg1h5j42swfq.cloudfront.net\/2022\/02\/11083711\/image-228-300x44.png 300w, https:\/\/dhg1h5j42swfq.cloudfront.net\/2022\/02\/11083711\/image-228-768x113.png 768w, https:\/\/dhg1h5j42swfq.cloudfront.net\/2022\/02\/11083711\/image-228-610x90.png 610w\" sizes=\"auto, (max-width: 794px) 100vw, 794px\" \/><\/figure>\n\n\n\n<ul class=\"wp-block-list\">\n<li><span style=\"color: initial;\"><strong>Corrida em 12 minutos.<\/strong><\/span><\/li>\n<\/ul>\n\n\n\n<figure class=\"wp-block-image aligncenter size-full\"><img loading=\"lazy\" decoding=\"async\" width=\"794\" height=\"117\" src=\"https:\/\/dhg1h5j42swfq.cloudfront.net\/2022\/02\/11083726\/image-229.png\" alt=\"TAF do concurso FASE RS - Corrida em 12 minutos\" class=\"wp-image-966623\" srcset=\"https:\/\/dhg1h5j42swfq.cloudfront.net\/2022\/02\/11083726\/image-229.png 794w, https:\/\/dhg1h5j42swfq.cloudfront.net\/2022\/02\/11083726\/image-229-300x44.png 300w, https:\/\/dhg1h5j42swfq.cloudfront.net\/2022\/02\/11083726\/image-229-768x113.png 768w, https:\/\/dhg1h5j42swfq.cloudfront.net\/2022\/02\/11083726\/image-229-610x90.png 610w\" sizes=\"auto, (max-width: 794px) 100vw, 794px\" \/><\/figure>\n\n\n\n<h3 class=\"wp-block-heading\" id=\"psico\">Teste de Aptid\u00e3o Psicol\u00f3gica<\/h3>\n\n\n\n<p>O Teste ter\u00e1 por objetivo avaliar o perfil psicol\u00f3gico do candidato, verificando aptid\u00f5es espec\u00edficas, n\u00edvel intelectual e caracter\u00edsticas de personalidade, conforme Perfil Profissiogr\u00e1fico do cargo.<\/p>\n\n\n\n<h3 class=\"wp-block-heading\" id=\"titulos\">Prova de T\u00edtulos<\/h3>\n\n\n\n<p>A pontua\u00e7\u00e3o da documenta\u00e7\u00e3o limitou-se ao valor m\u00e1ximo de 05 pontos, conforme tabela abaixo:<\/p>\n\n\n\n<figure class=\"wp-block-image aligncenter size-full\"><img loading=\"lazy\" decoding=\"async\" width=\"795\" height=\"341\" src=\"https:\/\/dhg1h5j42swfq.cloudfront.net\/2022\/02\/11083521\/image-227.png\" alt=\"Quadro de t\u00edtulos do concurso FASE RS\" class=\"wp-image-966617\" srcset=\"https:\/\/dhg1h5j42swfq.cloudfront.net\/2022\/02\/11083521\/image-227.png 795w, https:\/\/dhg1h5j42swfq.cloudfront.net\/2022\/02\/11083521\/image-227-300x129.png 300w, https:\/\/dhg1h5j42swfq.cloudfront.net\/2022\/02\/11083521\/image-227-768x329.png 768w, https:\/\/dhg1h5j42swfq.cloudfront.net\/2022\/02\/11083521\/image-227-610x262.png 610w\" sizes=\"auto, (max-width: 795px) 100vw, 795px\" \/><\/figure>\n\n\n\n<hr class=\"wp-block-separator has-css-opacity\"\/>\n\n\n\n<h2 class=\"wp-block-heading has-text-align-center\" id=\"curso\"><em>Cursos para o concurso FASE RS<\/em><\/h2>\n\n\n\n<div class=\"container\" id=\"boxes\">\n  <div class=\"row\">\n\n    <div class=\"col-sm\">\n      <div class=\"banner-estrat-corj\" id=\"box-assinatura\">\n        <h3 class=\"titulo-assinatura\" style=\"text-align: left;\">Cursos para FASE RS<\/h3>\n        <p class=\"subtitulo-assinatura\" style=\"text-align: left;\">Conhe\u00e7a os cursos<\/p>\n        <div class=\"box-botao\" style=\"text-align: left;\">\n          <a class=\"btn-assinatura\" target=\"_blank\" href=\"https:\/\/www.estrategiaconcursos.com.br\/cursosPorConcurso\/fundacao-de-atendimento-socioeducativo-do-rio-grande-do-sul-fase-rs\/\" role=\"button\" rel=\"noopener noreferrer\">CLIQUE AQUI<\/a>\n        <\/div>\n      <\/div><\/div><\/div><\/div>\n\n\n\n<div class=\"container\" id=\"boxes\">\n  <div class=\"row\">\n\n    <div class=\"col-sm\">\n      <div class=\"estrategia\" id=\"box-assinatura\">\n        <h3 class=\"titulo-assinatura\">Assinatura Concursos<\/h3>\n        <p class=\"subtitulo-assinatura\">Assinatura de 1 ano ou 2 anos<\/p>\n        <div class=\"box-botao\">\n          <a class=\"btn-assinatura\" target=\"_blank\" href=\"https:\/\/www.estrategiaconcursos.com.br\/assinaturas\/\" role=\"button\" rel=\"noopener noreferrer\">ASSINE AGORA<\/a>\n        <\/div>\n      <\/div><\/div><\/div><\/div>\n\n\n\n<h2 class=\"wp-block-heading has-text-align-center\" id=\"h-quer-saber-tudo-sobre-concursos-previstos-confira-nossos-artigos\">Quer saber tudo sobre concursos previstos?<br \/>Confira nossos artigos!<\/h2>\n\n\n\n<ul class=\"wp-block-list\">\n<li><a href=\"https:\/\/www.estrategiaconcursos.com.br\/blog\/concursos-abertos\/\" target=\"_blank\" rel=\"noreferrer noopener\">Concursos abertos<\/a><\/li>\n\n\n\n<li><a href=\"https:\/\/www.estrategiaconcursos.com.br\/blog\/concursos-2025\/\" target=\"_blank\" rel=\"noreferrer noopener\">Concursos 2025<\/a><\/li>\n<\/ul>\n\n\n\n<figure class=\"wp-block-image is-resized\"><img loading=\"lazy\" decoding=\"async\" width=\"1024\" height=\"632\" src=\"https:\/\/dhg1h5j42swfq.cloudfront.net\/2021\/05\/07162953\/ficha-tecnica-19-1024x632.png\" alt=\"Ficha t\u00e9cnica \" class=\"wp-image-734524\" style=\"width:292px;height:180px\" srcset=\"https:\/\/dhg1h5j42swfq.cloudfront.net\/2021\/05\/07162953\/ficha-tecnica-19-1024x632.png 1024w, https:\/\/dhg1h5j42swfq.cloudfront.net\/2021\/05\/07162953\/ficha-tecnica-19-300x185.png 300w, https:\/\/dhg1h5j42swfq.cloudfront.net\/2021\/05\/07162953\/ficha-tecnica-19-768x474.png 768w, https:\/\/dhg1h5j42swfq.cloudfront.net\/2021\/05\/07162953\/ficha-tecnica-19-1536x948.png 1536w, https:\/\/dhg1h5j42swfq.cloudfront.net\/2021\/05\/07162953\/ficha-tecnica-19-610x377.png 610w, https:\/\/dhg1h5j42swfq.cloudfront.net\/2021\/05\/07162953\/ficha-tecnica-19.png 1571w\" sizes=\"auto, (max-width: 1024px) 100vw, 1024px\" \/><\/figure>\n\n\n\n<h3 class=\"wp-block-heading\" id=\"ficha\">Informa\u00e7\u00f5es do concurso FASE RS&nbsp;<\/h3>\n\n\n\n<ul class=\"wp-block-list\">\n<li><strong>Ano:<\/strong> 2022 <\/li>\n\n\n\n<li><strong>Vagas<\/strong>: 85<\/li>\n\n\n\n<li><strong>Cargos<\/strong>: V\u00e1rios<\/li>\n\n\n\n<li><strong>Escolaridade<\/strong>: n\u00edveis superior, m\u00e9dio e fundamental<\/li>\n\n\n\n<li><strong>Banca<\/strong>: Instituto Mais<\/li>\n\n\n\n<li><strong>Edital<\/strong>: <a href=\"https:\/\/dhg1h5j42swfq.cloudfront.net\/2022\/03\/08100527\/fase_rs_edital-retificado.pdf\" target=\"_blank\" rel=\"noreferrer noopener nofollow\">FASE 2022<\/a><\/li>\n<\/ul>\n","protected":false},"excerpt":{"rendered":"<p>O edital de 2022 do concurso FASE RS (Funda\u00e7\u00e3o de Atendimento Socioeducativo do Rio Grande do Sul) teve sua validade prorrogada por mais dois anos. Com isso, apenas para o cargo de Agente Socioeducador, o certame seguir\u00e1 vigente at\u00e9 12 de maio de 2027. Confira abaixo o documento na \u00edntegra! A decis\u00e3o visa garantir a [&hellip;]<\/p>\n","protected":false},"author":1,"featured_media":869302,"comment_status":"open","ping_status":"closed","sticky":false,"template":"","format":"standard","meta":{"post_tipo":"news_page","footnotes":""},"categories":[214992],"tags":[],"tax_estado":[219986],"class_list":["post-780805","post","type-post","status-publish","format-standard","has-post-thumbnail","hentry","category-concursos-administrativos","tax_estado-rs"],"acf":[],"yoast_head":"<!-- This site is optimized with the Yoast SEO Premium plugin v27.2 (Yoast SEO v27.2) - https:\/\/yoast.com\/product\/yoast-seo-premium-wordpress\/ -->\n<title>Concurso FASE RS: validade prorrogada por 2 anos!<\/title>\n<meta name=\"description\" content=\"Concurso FASE RS: sele\u00e7\u00e3o ofertou 85 vagas para cargos de diversos n\u00edveis de forma\u00e7\u00e3o. Acesse o site e confira os detalhes!\" \/>\n<meta name=\"robots\" content=\"index, follow, max-snippet:-1, max-image-preview:large, max-video-preview:-1\" \/>\n<link rel=\"canonical\" href=\"https:\/\/www.estrategiaconcursos.com.br\/blog\/concurso-fase-rs\/\" \/>\n<meta property=\"og:locale\" content=\"pt_BR\" \/>\n<meta property=\"og:type\" content=\"article\" \/>\n<meta property=\"og:title\" content=\"Concurso FASE RS: validade prorrogada por 2 anos!\" \/>\n<meta property=\"og:description\" content=\"Concurso FASE RS: sele\u00e7\u00e3o ofertou 85 vagas para cargos de diversos n\u00edveis de forma\u00e7\u00e3o. Acesse o site e confira os detalhes!\" \/>\n<meta property=\"og:url\" content=\"https:\/\/www.estrategiaconcursos.com.br\/blog\/concurso-fase-rs\/\" \/>\n<meta property=\"og:site_name\" content=\"Estrat\u00e9gia Concursos\" \/>\n<meta property=\"article:author\" content=\"https:\/\/www.facebook.com\/EstrategiaConcursos\" \/>\n<meta property=\"article:published_time\" content=\"2025-04-16T10:09:00+00:00\" \/>\n<meta property=\"article:modified_time\" content=\"2025-04-16T17:18:09+00:00\" \/>\n<meta property=\"og:image\" content=\"https:\/\/dhg1h5j42swfq.cloudfront.net\/2021\/06\/24091205\/fase-rs.jpg\" \/>\n\t<meta property=\"og:image:width\" content=\"768\" \/>\n\t<meta property=\"og:image:height\" content=\"432\" \/>\n\t<meta property=\"og:image:type\" content=\"image\/jpeg\" \/>\n<meta name=\"author\" content=\"Coordena\u00e7\u00e3o\" \/>\n<meta name=\"twitter:card\" content=\"summary_large_image\" \/>\n<meta name=\"twitter:creator\" content=\"@EstratConcursos\" \/>\n<meta name=\"twitter:site\" content=\"@EstratConcursos\" \/>\n<meta name=\"twitter:label1\" content=\"Escrito por\" \/>\n\t<meta name=\"twitter:data1\" content=\"Coordena\u00e7\u00e3o\" \/>\n\t<meta name=\"twitter:label2\" content=\"Est. tempo de leitura\" \/>\n\t<meta name=\"twitter:data2\" content=\"5 minutos\" \/>\n<script type=\"application\/ld+json\" class=\"yoast-schema-graph\">{\"@context\":\"https:\/\/schema.org\",\"@graph\":[{\"@type\":\"NewsArticle\",\"@id\":\"https:\/\/www.estrategiaconcursos.com.br\/blog\/concurso-fase-rs\/#article\",\"isPartOf\":{\"@id\":\"https:\/\/www.estrategiaconcursos.com.br\/blog\/concurso-fase-rs\/\"},\"author\":{\"name\":\"Coordena\u00e7\u00e3o\",\"@id\":\"https:\/\/www.estrategiaconcursos.com.br\/blog\/#\/schema\/person\/b4a388c97673c5f483d72185668afa1f\"},\"headline\":\"Concurso FASE RS: validade prorrogada por 2 anos!\",\"datePublished\":\"2025-04-16T10:09:00+00:00\",\"dateModified\":\"2025-04-16T17:18:09+00:00\",\"mainEntityOfPage\":{\"@id\":\"https:\/\/www.estrategiaconcursos.com.br\/blog\/concurso-fase-rs\/\"},\"wordCount\":728,\"commentCount\":0,\"publisher\":{\"@id\":\"https:\/\/www.estrategiaconcursos.com.br\/blog\/#organization\"},\"image\":{\"@id\":\"https:\/\/www.estrategiaconcursos.com.br\/blog\/concurso-fase-rs\/#primaryimage\"},\"thumbnailUrl\":\"https:\/\/dhg1h5j42swfq.cloudfront.net\/2021\/06\/24091205\/fase-rs.jpg\",\"articleSection\":[\"Executivo (Administrativa)\"],\"inLanguage\":\"pt-BR\",\"potentialAction\":[{\"@type\":\"CommentAction\",\"name\":\"Comment\",\"target\":[\"https:\/\/www.estrategiaconcursos.com.br\/blog\/concurso-fase-rs\/#respond\"]}],\"copyrightYear\":\"2025\",\"copyrightHolder\":{\"@id\":\"https:\/\/www.estrategiaconcursos.com.br\/blog\/#organization\"}},{\"@type\":\"WebPage\",\"@id\":\"https:\/\/www.estrategiaconcursos.com.br\/blog\/concurso-fase-rs\/\",\"url\":\"https:\/\/www.estrategiaconcursos.com.br\/blog\/concurso-fase-rs\/\",\"name\":\"Concurso FASE RS: validade prorrogada por 2 anos!\",\"isPartOf\":{\"@id\":\"https:\/\/www.estrategiaconcursos.com.br\/blog\/#website\"},\"primaryImageOfPage\":{\"@id\":\"https:\/\/www.estrategiaconcursos.com.br\/blog\/concurso-fase-rs\/#primaryimage\"},\"image\":{\"@id\":\"https:\/\/www.estrategiaconcursos.com.br\/blog\/concurso-fase-rs\/#primaryimage\"},\"thumbnailUrl\":\"https:\/\/dhg1h5j42swfq.cloudfront.net\/2021\/06\/24091205\/fase-rs.jpg\",\"datePublished\":\"2025-04-16T10:09:00+00:00\",\"dateModified\":\"2025-04-16T17:18:09+00:00\",\"description\":\"Concurso FASE RS: sele\u00e7\u00e3o ofertou 85 vagas para cargos de diversos n\u00edveis de forma\u00e7\u00e3o. Acesse o site e confira os detalhes!\",\"breadcrumb\":{\"@id\":\"https:\/\/www.estrategiaconcursos.com.br\/blog\/concurso-fase-rs\/#breadcrumb\"},\"inLanguage\":\"pt-BR\",\"potentialAction\":[{\"@type\":\"ReadAction\",\"target\":[\"https:\/\/www.estrategiaconcursos.com.br\/blog\/concurso-fase-rs\/\"]}]},{\"@type\":\"ImageObject\",\"inLanguage\":\"pt-BR\",\"@id\":\"https:\/\/www.estrategiaconcursos.com.br\/blog\/concurso-fase-rs\/#primaryimage\",\"url\":\"https:\/\/dhg1h5j42swfq.cloudfront.net\/2021\/06\/24091205\/fase-rs.jpg\",\"contentUrl\":\"https:\/\/dhg1h5j42swfq.cloudfront.net\/2021\/06\/24091205\/fase-rs.jpg\",\"width\":768,\"height\":432,\"caption\":\"Edital FASE RS\"},{\"@type\":\"BreadcrumbList\",\"@id\":\"https:\/\/www.estrategiaconcursos.com.br\/blog\/concurso-fase-rs\/#breadcrumb\",\"itemListElement\":[{\"@type\":\"ListItem\",\"position\":1,\"name\":\"In\u00edcio\",\"item\":\"https:\/\/www.estrategiaconcursos.com.br\/blog\/\"},{\"@type\":\"ListItem\",\"position\":2,\"name\":\"Concurso FASE RS: validade prorrogada por 2 anos!\"}]},{\"@type\":\"WebSite\",\"@id\":\"https:\/\/www.estrategiaconcursos.com.br\/blog\/#website\",\"url\":\"https:\/\/www.estrategiaconcursos.com.br\/blog\/\",\"name\":\"Estrat\u00e9gia Concursos\",\"description\":\"O blog da Estrat\u00e9gia Concursos traz not\u00edcias sobre concursos e artigos de professores oferecendo cursos para concursos (pdf + videaulas) no site.\",\"publisher\":{\"@id\":\"https:\/\/www.estrategiaconcursos.com.br\/blog\/#organization\"},\"potentialAction\":[{\"@type\":\"SearchAction\",\"target\":{\"@type\":\"EntryPoint\",\"urlTemplate\":\"https:\/\/www.estrategiaconcursos.com.br\/blog\/?s={search_term_string}\"},\"query-input\":{\"@type\":\"PropertyValueSpecification\",\"valueRequired\":true,\"valueName\":\"search_term_string\"}}],\"inLanguage\":\"pt-BR\"},{\"@type\":\"Organization\",\"@id\":\"https:\/\/www.estrategiaconcursos.com.br\/blog\/#organization\",\"name\":\"Estrat\u00e9gia Concursos\",\"url\":\"https:\/\/www.estrategiaconcursos.com.br\/blog\/\",\"logo\":{\"@type\":\"ImageObject\",\"inLanguage\":\"pt-BR\",\"@id\":\"https:\/\/www.estrategiaconcursos.com.br\/blog\/#\/schema\/logo\/image\/\",\"url\":\"https:\/\/dhg1h5j42swfq.cloudfront.net\/2025\/06\/03203428\/logo_concursos-1.jpg\",\"contentUrl\":\"https:\/\/dhg1h5j42swfq.cloudfront.net\/2025\/06\/03203428\/logo_concursos-1.jpg\",\"width\":230,\"height\":60,\"caption\":\"Estrat\u00e9gia Concursos\"},\"image\":{\"@id\":\"https:\/\/www.estrategiaconcursos.com.br\/blog\/#\/schema\/logo\/image\/\"},\"sameAs\":[\"https:\/\/x.com\/EstratConcursos\"]},{\"@type\":\"Person\",\"@id\":\"https:\/\/www.estrategiaconcursos.com.br\/blog\/#\/schema\/person\/b4a388c97673c5f483d72185668afa1f\",\"name\":\"Coordena\u00e7\u00e3o\",\"image\":{\"@type\":\"ImageObject\",\"inLanguage\":\"pt-BR\",\"@id\":\"https:\/\/secure.gravatar.com\/avatar\/b720319e4c9a967eb58678d110f4fe35452fc5d5f97b202bac7b8acceb18c6ad?s=96&d=mm&r=g\",\"url\":\"https:\/\/secure.gravatar.com\/avatar\/b720319e4c9a967eb58678d110f4fe35452fc5d5f97b202bac7b8acceb18c6ad?s=96&d=mm&r=g\",\"contentUrl\":\"https:\/\/secure.gravatar.com\/avatar\/b720319e4c9a967eb58678d110f4fe35452fc5d5f97b202bac7b8acceb18c6ad?s=96&d=mm&r=g\",\"caption\":\"Coordena\u00e7\u00e3o\"},\"sameAs\":[\"https:\/\/www.facebook.com\/EstrategiaConcursos\",\"https:\/\/x.com\/EstratConcursos\"],\"url\":\"https:\/\/www.estrategiaconcursos.com.br\/blog\/author\/estrategia2013\/\"}]}<\/script>\n<!-- \/ Yoast SEO Premium plugin. -->","yoast_head_json":{"title":"Concurso FASE RS: validade prorrogada por 2 anos!","description":"Concurso FASE RS: sele\u00e7\u00e3o ofertou 85 vagas para cargos de diversos n\u00edveis de forma\u00e7\u00e3o. Acesse o site e confira os detalhes!","robots":{"index":"index","follow":"follow","max-snippet":"max-snippet:-1","max-image-preview":"max-image-preview:large","max-video-preview":"max-video-preview:-1"},"canonical":"https:\/\/www.estrategiaconcursos.com.br\/blog\/concurso-fase-rs\/","og_locale":"pt_BR","og_type":"article","og_title":"Concurso FASE RS: validade prorrogada por 2 anos!","og_description":"Concurso FASE RS: sele\u00e7\u00e3o ofertou 85 vagas para cargos de diversos n\u00edveis de forma\u00e7\u00e3o. Acesse o site e confira os detalhes!","og_url":"https:\/\/www.estrategiaconcursos.com.br\/blog\/concurso-fase-rs\/","og_site_name":"Estrat\u00e9gia Concursos","article_author":"https:\/\/www.facebook.com\/EstrategiaConcursos","article_published_time":"2025-04-16T10:09:00+00:00","article_modified_time":"2025-04-16T17:18:09+00:00","og_image":[{"width":768,"height":432,"url":"https:\/\/dhg1h5j42swfq.cloudfront.net\/2021\/06\/24091205\/fase-rs.jpg","type":"image\/jpeg"}],"author":"Coordena\u00e7\u00e3o","twitter_card":"summary_large_image","twitter_creator":"@EstratConcursos","twitter_site":"@EstratConcursos","twitter_misc":{"Escrito por":"Coordena\u00e7\u00e3o","Est. tempo de leitura":"5 minutos"},"schema":{"@context":"https:\/\/schema.org","@graph":[{"@type":"NewsArticle","@id":"https:\/\/www.estrategiaconcursos.com.br\/blog\/concurso-fase-rs\/#article","isPartOf":{"@id":"https:\/\/www.estrategiaconcursos.com.br\/blog\/concurso-fase-rs\/"},"author":{"name":"Coordena\u00e7\u00e3o","@id":"https:\/\/www.estrategiaconcursos.com.br\/blog\/#\/schema\/person\/b4a388c97673c5f483d72185668afa1f"},"headline":"Concurso FASE RS: validade prorrogada por 2 anos!","datePublished":"2025-04-16T10:09:00+00:00","dateModified":"2025-04-16T17:18:09+00:00","mainEntityOfPage":{"@id":"https:\/\/www.estrategiaconcursos.com.br\/blog\/concurso-fase-rs\/"},"wordCount":728,"commentCount":0,"publisher":{"@id":"https:\/\/www.estrategiaconcursos.com.br\/blog\/#organization"},"image":{"@id":"https:\/\/www.estrategiaconcursos.com.br\/blog\/concurso-fase-rs\/#primaryimage"},"thumbnailUrl":"https:\/\/dhg1h5j42swfq.cloudfront.net\/2021\/06\/24091205\/fase-rs.jpg","articleSection":["Executivo (Administrativa)"],"inLanguage":"pt-BR","potentialAction":[{"@type":"CommentAction","name":"Comment","target":["https:\/\/www.estrategiaconcursos.com.br\/blog\/concurso-fase-rs\/#respond"]}],"copyrightYear":"2025","copyrightHolder":{"@id":"https:\/\/www.estrategiaconcursos.com.br\/blog\/#organization"}},{"@type":"WebPage","@id":"https:\/\/www.estrategiaconcursos.com.br\/blog\/concurso-fase-rs\/","url":"https:\/\/www.estrategiaconcursos.com.br\/blog\/concurso-fase-rs\/","name":"Concurso FASE RS: validade prorrogada por 2 anos!","isPartOf":{"@id":"https:\/\/www.estrategiaconcursos.com.br\/blog\/#website"},"primaryImageOfPage":{"@id":"https:\/\/www.estrategiaconcursos.com.br\/blog\/concurso-fase-rs\/#primaryimage"},"image":{"@id":"https:\/\/www.estrategiaconcursos.com.br\/blog\/concurso-fase-rs\/#primaryimage"},"thumbnailUrl":"https:\/\/dhg1h5j42swfq.cloudfront.net\/2021\/06\/24091205\/fase-rs.jpg","datePublished":"2025-04-16T10:09:00+00:00","dateModified":"2025-04-16T17:18:09+00:00","description":"Concurso FASE RS: sele\u00e7\u00e3o ofertou 85 vagas para cargos de diversos n\u00edveis de forma\u00e7\u00e3o. Acesse o site e confira os detalhes!","breadcrumb":{"@id":"https:\/\/www.estrategiaconcursos.com.br\/blog\/concurso-fase-rs\/#breadcrumb"},"inLanguage":"pt-BR","potentialAction":[{"@type":"ReadAction","target":["https:\/\/www.estrategiaconcursos.com.br\/blog\/concurso-fase-rs\/"]}]},{"@type":"ImageObject","inLanguage":"pt-BR","@id":"https:\/\/www.estrategiaconcursos.com.br\/blog\/concurso-fase-rs\/#primaryimage","url":"https:\/\/dhg1h5j42swfq.cloudfront.net\/2021\/06\/24091205\/fase-rs.jpg","contentUrl":"https:\/\/dhg1h5j42swfq.cloudfront.net\/2021\/06\/24091205\/fase-rs.jpg","width":768,"height":432,"caption":"Edital FASE RS"},{"@type":"BreadcrumbList","@id":"https:\/\/www.estrategiaconcursos.com.br\/blog\/concurso-fase-rs\/#breadcrumb","itemListElement":[{"@type":"ListItem","position":1,"name":"In\u00edcio","item":"https:\/\/www.estrategiaconcursos.com.br\/blog\/"},{"@type":"ListItem","position":2,"name":"Concurso FASE RS: validade prorrogada por 2 anos!"}]},{"@type":"WebSite","@id":"https:\/\/www.estrategiaconcursos.com.br\/blog\/#website","url":"https:\/\/www.estrategiaconcursos.com.br\/blog\/","name":"Estrat\u00e9gia Concursos","description":"O blog da Estrat\u00e9gia Concursos traz not\u00edcias sobre concursos e artigos de professores oferecendo cursos para concursos (pdf + videaulas) no site.","publisher":{"@id":"https:\/\/www.estrategiaconcursos.com.br\/blog\/#organization"},"potentialAction":[{"@type":"SearchAction","target":{"@type":"EntryPoint","urlTemplate":"https:\/\/www.estrategiaconcursos.com.br\/blog\/?s={search_term_string}"},"query-input":{"@type":"PropertyValueSpecification","valueRequired":true,"valueName":"search_term_string"}}],"inLanguage":"pt-BR"},{"@type":"Organization","@id":"https:\/\/www.estrategiaconcursos.com.br\/blog\/#organization","name":"Estrat\u00e9gia Concursos","url":"https:\/\/www.estrategiaconcursos.com.br\/blog\/","logo":{"@type":"ImageObject","inLanguage":"pt-BR","@id":"https:\/\/www.estrategiaconcursos.com.br\/blog\/#\/schema\/logo\/image\/","url":"https:\/\/dhg1h5j42swfq.cloudfront.net\/2025\/06\/03203428\/logo_concursos-1.jpg","contentUrl":"https:\/\/dhg1h5j42swfq.cloudfront.net\/2025\/06\/03203428\/logo_concursos-1.jpg","width":230,"height":60,"caption":"Estrat\u00e9gia Concursos"},"image":{"@id":"https:\/\/www.estrategiaconcursos.com.br\/blog\/#\/schema\/logo\/image\/"},"sameAs":["https:\/\/x.com\/EstratConcursos"]},{"@type":"Person","@id":"https:\/\/www.estrategiaconcursos.com.br\/blog\/#\/schema\/person\/b4a388c97673c5f483d72185668afa1f","name":"Coordena\u00e7\u00e3o","image":{"@type":"ImageObject","inLanguage":"pt-BR","@id":"https:\/\/secure.gravatar.com\/avatar\/b720319e4c9a967eb58678d110f4fe35452fc5d5f97b202bac7b8acceb18c6ad?s=96&d=mm&r=g","url":"https:\/\/secure.gravatar.com\/avatar\/b720319e4c9a967eb58678d110f4fe35452fc5d5f97b202bac7b8acceb18c6ad?s=96&d=mm&r=g","contentUrl":"https:\/\/secure.gravatar.com\/avatar\/b720319e4c9a967eb58678d110f4fe35452fc5d5f97b202bac7b8acceb18c6ad?s=96&d=mm&r=g","caption":"Coordena\u00e7\u00e3o"},"sameAs":["https:\/\/www.facebook.com\/EstrategiaConcursos","https:\/\/x.com\/EstratConcursos"],"url":"https:\/\/www.estrategiaconcursos.com.br\/blog\/author\/estrategia2013\/"}]}},"_links":{"self":[{"href":"https:\/\/www.estrategiaconcursos.com.br\/blog\/wp-json\/wp\/v2\/posts\/780805","targetHints":{"allow":["GET"]}}],"collection":[{"href":"https:\/\/www.estrategiaconcursos.com.br\/blog\/wp-json\/wp\/v2\/posts"}],"about":[{"href":"https:\/\/www.estrategiaconcursos.com.br\/blog\/wp-json\/wp\/v2\/types\/post"}],"author":[{"embeddable":true,"href":"https:\/\/www.estrategiaconcursos.com.br\/blog\/wp-json\/wp\/v2\/users\/1"}],"replies":[{"embeddable":true,"href":"https:\/\/www.estrategiaconcursos.com.br\/blog\/wp-json\/wp\/v2\/comments?post=780805"}],"version-history":[{"count":69,"href":"https:\/\/www.estrategiaconcursos.com.br\/blog\/wp-json\/wp\/v2\/posts\/780805\/revisions"}],"predecessor-version":[{"id":1564055,"href":"https:\/\/www.estrategiaconcursos.com.br\/blog\/wp-json\/wp\/v2\/posts\/780805\/revisions\/1564055"}],"wp:featuredmedia":[{"embeddable":true,"href":"https:\/\/www.estrategiaconcursos.com.br\/blog\/wp-json\/wp\/v2\/media\/869302"}],"wp:attachment":[{"href":"https:\/\/www.estrategiaconcursos.com.br\/blog\/wp-json\/wp\/v2\/media?parent=780805"}],"wp:term":[{"taxonomy":"category","embeddable":true,"href":"https:\/\/www.estrategiaconcursos.com.br\/blog\/wp-json\/wp\/v2\/categories?post=780805"},{"taxonomy":"post_tag","embeddable":true,"href":"https:\/\/www.estrategiaconcursos.com.br\/blog\/wp-json\/wp\/v2\/tags?post=780805"},{"taxonomy":"tax_estado","embeddable":true,"href":"https:\/\/www.estrategiaconcursos.com.br\/blog\/wp-json\/wp\/v2\/tax_estado?post=780805"}],"curies":[{"name":"wp","href":"https:\/\/api.w.org\/{rel}","templated":true}]}}