{"id":779782,"date":"2021-07-05T11:30:00","date_gmt":"2021-07-05T14:30:00","guid":{"rendered":"https:\/\/www.estrategiaconcursos.com.br\/blog\/?p=779782"},"modified":"2022-01-19T12:03:57","modified_gmt":"2022-01-19T15:03:57","slug":"concurso-receita-federal-ultimo-edital-analista","status":"publish","type":"post","link":"https:\/\/www.estrategiaconcursos.com.br\/blog\/concurso-receita-federal-ultimo-edital-analista\/","title":{"rendered":"Concurso Receita Federal: an\u00e1lise do \u00faltimo edital de Analista"},"content":{"rendered":"\n<p>O \u00faltimo concurso Receita Federal para <strong>Analista Tribut\u00e1rio <\/strong>foi realizado em <strong><a href=\"https:\/\/repositorio.enap.gov.br\/handle\/1\/5551\" target=\"_blank\" rel=\"noreferrer noopener\">2012<\/a><\/strong>. Desde ent\u00e3o, muita coisa mudou, como, a sa\u00edda da <a href=\"https:\/\/www.estrategiaconcursos.com.br\/blog\/receita-federal-sem-esaf-como-fica-a-prova-de-ingles\/\" target=\"_blank\" rel=\"noreferrer noopener\">ESAF na organiza\u00e7\u00e3o de concursos<\/a>.<\/p>\n\n\n\n<p>Os concurseiros da <a href=\"https:\/\/www.estrategiaconcursos.com.br\/blog\/concursos-fiscais-2022\/\" target=\"_blank\" rel=\"noreferrer noopener\">\u00e1rea<\/a> seguem na expectativa da autoriza\u00e7\u00e3o para um novo certame e, quando isso acontecer, a estrutura de prova ser\u00e1 bem diferente, j\u00e1 que uma nova banca ser\u00e1 definida. <\/p>\n\n\n\n<p>Ainda assim, aqueles que querem passar come\u00e7am a <strong><a href=\"https:\/\/www.estrategiaconcursos.com.br\/cursosPorConcurso\/receita-federal-auditor-fiscal-7\/\" target=\"_blank\" rel=\"noreferrer noopener\">estudar<\/a> muito antes da publica\u00e7\u00e3o do edital<\/strong>, n\u00e3o \u00e9 verdade?<\/p>\n\n\n\n<p>Com isso, trouxemos um panorama completo do <a href=\"https:\/\/dhg1h5j42swfq.cloudfront.net\/2021\/06\/28193346\/edital-receita-federal-2014-analista-tributario.pdf\" target=\"_blank\" rel=\"noreferrer noopener nofollow\">\u00faltimo concurso<\/a> da Receita Federal para o cargo de Analista, que ofertou 750 vagas.<\/p>\n\n\n\n<h2 class=\"wp-block-heading\" id=\"h-concurso-receita-federal-ultimo-edital-para-analista-2012\">Concurso Receita Federal &#8211; \u00daltimo edital para Analista (2012)<\/h2>\n\n\n\n<h3 class=\"wp-block-heading\" id=\"h-detalhes-do-edital\">Detalhes do edital:<\/h3>\n\n\n\n<ul class=\"wp-block-list\"><li><strong>Vagas: <\/strong>750, sendo 38 reservadas para candidatos com defici\u00eancia;<\/li><li><strong><a href=\"https:\/\/dhg1h5j42swfq.cloudfront.net\/2021\/06\/29104851\/vaga-x-candidato.pdf\" target=\"_blank\" rel=\"noreferrer noopener nofollow\">Inscritos<\/a>:<\/strong> foram registrados\u00a089.791\u00a0candidatos inscritos;<\/li><li><strong><a href=\"https:\/\/dhg1h5j42swfq.cloudfront.net\/2021\/06\/29105259\/estatist-prova-objetivo.pdf\" target=\"_blank\" rel=\"noreferrer noopener nofollow\">Absten\u00e7\u00e3o<\/a>:<\/strong> na prova objetiva para a especialidade Geral, foi registrada uma taxa de absten\u00e7\u00e3o de 42.21%, ou seja, 37.897 n\u00e3o compareceram para a etapa. J\u00e1 na prova <a href=\"https:\/\/dhg1h5j42swfq.cloudfront.net\/2021\/06\/29105445\/estatistica-dissertativa.pdf\" target=\"_blank\" rel=\"noreferrer noopener nofollow\">dissertativa<\/a>, foram 2,9% ausentes.<\/li><li><strong>Nomea\u00e7\u00f5es:<\/strong> Quase o dobro das vagas foram preenchidas. Foram<strong>\u00a01.487 pessoas admitidas<\/strong>\u00a0no cargo, incluindo casos de\u00a0<em>sub judice<\/em>.<\/li><\/ul>\n\n\n\n<h3 class=\"wp-block-heading\" id=\"h-etapas-de-prova\">Etapas de prova <\/h3>\n\n\n\n<p>A <strong>primeira fase<\/strong> de avalia\u00e7\u00e3o dos candidatos foi realizada atrav\u00e9s de Provas objetivas e Prova discursiva, de car\u00e1ter eliminat\u00f3rio e classificat\u00f3rio.<\/p>\n\n\n\n<p>J\u00e1 a<strong> segunda fase <\/strong>foi composta por uma Sindic\u00e2ncia de Vida Pregressa, de car\u00e1ter unicamente eliminat\u00f3rio.<\/p>\n\n\n\n<p><strong>Primeira Etapa:<\/strong><\/p>\n\n\n\n<ul class=\"wp-block-list\"><li><strong>a) <\/strong>Prova 1 &#8211; Objetiva de Conhecimentos Gerais: de car\u00e1ter seletivo, eliminat\u00f3rio e classificat\u00f3rio, valendo, no m\u00e1ximo, 120 pontos ponderados;<\/li><li><strong>b)<\/strong> Prova 2 &#8211; Objetiva de Conhecimentos Espec\u00edficos, de car\u00e1ter seletivo, eliminat\u00f3rio e classificat\u00f3rio, valendo, no m\u00e1ximo, 120 pontos ponderados;<\/li><li><strong>c)<\/strong> Prova Dissertativa &#8211; de car\u00e1ter seletivo, eliminat\u00f3rio e classificat\u00f3rio, valendo, no m\u00e1ximo, 100 pontos.<\/li><\/ul>\n\n\n\n<p><strong>Segunda Etapa: <\/strong>Sindic\u00e2ncia de Vida pregressa &#8211; de car\u00e1ter unicamente eliminat\u00f3rio, realizada pela ESAF, segundo regras estabelecidas pela Secretaria da Receita Federal do Brasil, mediante o exame da documenta\u00e7\u00e3o exigida do candidato.<\/p>\n\n\n\n<h3 class=\"wp-block-heading\" id=\"h-prova-objetiva\">Prova objetiva <\/h3>\n\n\n\n<div class=\"wp-block-image\"><figure class=\"aligncenter size-full\"><img loading=\"lazy\" decoding=\"async\" width=\"741\" height=\"379\" src=\"https:\/\/dhg1h5j42swfq.cloudfront.net\/2022\/01\/19115616\/image-378.png\" alt=\"\" class=\"wp-image-950352\" srcset=\"https:\/\/dhg1h5j42swfq.cloudfront.net\/2022\/01\/19115616\/image-378.png 741w, https:\/\/dhg1h5j42swfq.cloudfront.net\/2022\/01\/19115616\/image-378-300x153.png 300w, https:\/\/dhg1h5j42swfq.cloudfront.net\/2022\/01\/19115616\/image-378-610x312.png 610w\" sizes=\"auto, (max-width: 741px) 100vw, 741px\" \/><\/figure><\/div>\n\n\n\n<p>Somente foi considerado habilitado a prosseguir no concurso o candidato classificado na Primeira Etapa<br \/>que, cumulativamente:<\/p>\n\n\n\n<ul class=\"wp-block-list\"><li><strong>a) <\/strong>tenha obtido, no m\u00ednimo, 40% dos pontos ponderados em cada uma das disciplinas que integram as provas objetivas 1 e 2;<\/li><li><strong>b)<\/strong> tenha obtido, no m\u00ednimo, 60% do somat\u00f3rio dos pontos ponderados do conjunto das provas objetivas 1 e 2.<\/li><\/ul>\n\n\n\n<h3 class=\"wp-block-heading\" id=\"h-cadernos-da-prova-objetiva\">Cadernos da prova objetiva<\/h3>\n\n\n\n<ul class=\"wp-block-list\"><li><a href=\"https:\/\/dhg1h5j42swfq.cloudfront.net\/2021\/06\/28201358\/p1-g1_1.pdf\" target=\"_blank\" rel=\"noreferrer noopener nofollow\">Conhecimentos Gerais<\/a><\/li><li><a href=\"https:\/\/dhg1h5j42swfq.cloudfront.net\/2021\/06\/28201231\/p2-g1-geral.pdf\" target=\"_blank\" rel=\"noreferrer noopener nofollow\">Conhecimentos Espec\u00edficos<\/a><\/li><li><a href=\"https:\/\/dhg1h5j42swfq.cloudfront.net\/2021\/06\/29105630\/gaarito-defintivo-1.pdf\" target=\"_blank\" rel=\"noreferrer noopener nofollow\">Gabaritos<\/a><\/li><\/ul>\n\n\n\n<h3 class=\"wp-block-heading\" id=\"h-prova-discursiva\">Prova discursiva<\/h3>\n\n\n\n<p>O desenvolvimento das quest\u00f5es versou sobre os seguintes pontos, observados os roteiros estabelecidos na prova:<\/p>\n\n\n\n<p><strong>a) quanto \u00e0 capacidade de desenvolvimento do tema: <\/strong>a compreens\u00e3o, o conhecimento, o desenvolvimento e a<br \/>adequa\u00e7\u00e3o da argumenta\u00e7\u00e3o, a conex\u00e3o e a pertin\u00eancia, a objetividade e a sequ\u00eancia l\u00f3gica do pensamento, o<br \/>alinhamento ao tema e a cobertura dos t\u00f3picos apresentados, valendo, no m\u00e1ximo, 50 pontos.<\/p>\n\n\n\n<div class=\"wp-block-image\"><figure class=\"aligncenter size-full\"><img loading=\"lazy\" decoding=\"async\" width=\"505\" height=\"122\" src=\"https:\/\/dhg1h5j42swfq.cloudfront.net\/2022\/01\/19120228\/image-379.png\" alt=\"\" class=\"wp-image-950355\" srcset=\"https:\/\/dhg1h5j42swfq.cloudfront.net\/2022\/01\/19120228\/image-379.png 505w, https:\/\/dhg1h5j42swfq.cloudfront.net\/2022\/01\/19120228\/image-379-300x72.png 300w\" sizes=\"auto, (max-width: 505px) 100vw, 505px\" \/><\/figure><\/div>\n\n\n\n<p><strong>b) quanto ao uso do idioma:<\/strong> a utiliza\u00e7\u00e3o correta do vocabul\u00e1rio e das normas gramaticais, valendo no m\u00e1ximo,<br \/>50 pontos.<\/p>\n\n\n\n<div class=\"wp-block-image\"><figure class=\"aligncenter size-full\"><img loading=\"lazy\" decoding=\"async\" width=\"742\" height=\"212\" src=\"https:\/\/dhg1h5j42swfq.cloudfront.net\/2022\/01\/19120242\/image-380.png\" alt=\"\" class=\"wp-image-950356\" srcset=\"https:\/\/dhg1h5j42swfq.cloudfront.net\/2022\/01\/19120242\/image-380.png 742w, https:\/\/dhg1h5j42swfq.cloudfront.net\/2022\/01\/19120242\/image-380-300x86.png 300w, https:\/\/dhg1h5j42swfq.cloudfront.net\/2022\/01\/19120242\/image-380-610x174.png 610w\" sizes=\"auto, (max-width: 742px) 100vw, 742px\" \/><\/figure><\/div>\n\n\n\n<p>Somente foi considerado habilitado a prosseguir no concurso o candidato classificado na Primeira Etapa<br \/>que, cumulativamente:<\/p>\n\n\n\n<ul class=\"wp-block-list\"><li><strong>a)<\/strong> tenha obtido, no m\u00ednimo, 60% da nota correspondente \u00e0 prova dissertativa;<\/li><li><strong>b)<\/strong> tenha sido classificado, em decorr\u00eancia do somat\u00f3rio dos pontos ponderados obtidos nas provas objetivas e dissertativa at\u00e9 o n\u00famero m\u00e1ximo estabelecido no Anexo II do Decreto n. 6.944\/2009, observado o \u00a73\u00ba do art. 16 do mesmo Decreto.<\/li><\/ul>\n\n\n\n<p class=\"has-text-align-center\"><em>Para saber tudo a respeito do concurso Receita Federal (datas, edital e atualiza\u00e7\u00f5es fresquinhas), leia abaixo um artigo completo que preparamos exclusivamente para voc\u00ea<\/em>:<\/p>\n\n\n\n<p class=\"has-text-align-center has-black-color has-luminous-vivid-amber-background-color has-text-color has-background\" style=\"font-size:clamp(14.642px, 0.915rem + ((1vw - 3.2px) * 0.721), 22px);px\"><strong>Saiba mais em: <a href=\"https:\/\/www.estrategiaconcursos.com.br\/blog\/concurso-receita-federal\/\" target=\"_blank\" rel=\"noreferrer noopener\">Concurso RFB<\/a><\/strong><\/p>\n\n\n\n<hr class=\"wp-block-separator\"\/>\n\n\n\n<h2 class=\"has-text-align-center wp-block-heading\">Estude conosco para o concurso da Receita Federal:<\/h2>\n\n\n\n<div class=\"container\" id=\"boxes\">\n  <div class=\"row\">\n\n    <div class=\"col-sm\">\n      <div class=\"banner-tcg\" id=\"box-assinatura\">\n        <h3 class=\"titulo-assinatura\">Concurso Analista Tributario RFB<\/h3>\n        <p class=\"subtitulo-assinatura\">Estude conosco<\/p>\n        <div class=\"box-botao\">\n          <a class=\"btn-assinatura\" target=\"_blank\" href=\"https:\/\/www.estrategiaconcursos.com.br\/cursosPorConcurso\/receita-federal-auditor-fiscal-7\/\" role=\"button\" rel=\"noopener noreferrer\">Conhe\u00e7a os cursos<\/a>\n        <\/div>\n      <\/div>\n      \n    <\/div>\n\n  <\/div>\n<\/div>\n\n\n\n<div class=\"container\" id=\"boxes\">\n  <div class=\"row\">\n\n    <div class=\"col-sm\">\n      <div class=\"estrategia\" id=\"box-assinatura\">\n        <h3 class=\"titulo-assinatura\">Assinatura Concursos<\/h3>\n        <p class=\"subtitulo-assinatura\">Assinatura de 1 ano ou 2 anos<\/p>\n        <div class=\"box-botao\">\n          <a class=\"btn-assinatura\" target=\"_blank\" href=\"https:\/\/www.estrategiaconcursos.com.br\/assinaturas\/\" role=\"button\" rel=\"noopener noreferrer\">ASSINE AGORA<\/a>\n        <\/div>\n      <\/div><\/div><\/div><\/div>\n\n\n\n<h2 class=\"has-text-align-center wp-block-heading\" id=\"h-quer-saber-tudo-sobre-concursos-previstos-confira-nossos-artigos\">Quer saber tudo sobre concursos previstos?<br \/>Confira nossos artigos!<\/h2>\n\n\n\n<ul class=\"wp-block-list\"><li><a href=\"https:\/\/www.estrategiaconcursos.com.br\/blog\/concursos-abertos\/\" target=\"_blank\" rel=\"noreferrer noopener\">Concursos abertos<\/a><\/li><li><a href=\"https:\/\/www.estrategiaconcursos.com.br\/blog\/concursos-2022\/\" target=\"_blank\" rel=\"noreferrer noopener\">Concursos 2022<\/a><\/li><\/ul>\n","protected":false},"excerpt":{"rendered":"<p>O \u00faltimo concurso Receita Federal para Analista Tribut\u00e1rio foi realizado em 2012. Desde ent\u00e3o, muita coisa mudou, como, a sa\u00edda da ESAF na organiza\u00e7\u00e3o de concursos. Os concurseiros da \u00e1rea seguem na expectativa da autoriza\u00e7\u00e3o para um novo certame e, quando isso acontecer, a estrutura de prova ser\u00e1 bem diferente, j\u00e1 que uma nova banca [&hellip;]<\/p>\n","protected":false},"author":1,"featured_media":698463,"comment_status":"open","ping_status":"closed","sticky":false,"template":"","format":"standard","meta":{"post_tipo":"news","footnotes":""},"categories":[220182,220219],"tags":[],"tax_estado":[219963],"class_list":["post-779782","post","type-post","status-publish","format-standard","has-post-thumbnail","hentry","category-fiscal-federal","category-noticias","tax_estado-concursos-federais"],"acf":[],"yoast_head":"<!-- This site is optimized with the Yoast SEO Premium plugin v27.2 (Yoast SEO v27.2) - https:\/\/yoast.com\/product\/yoast-seo-premium-wordpress\/ -->\n<title>Concurso Receita Federal: an\u00e1lise do \u00faltimo edital de Analista<\/title>\n<meta name=\"description\" content=\"Concurso Receita Federal: Confira um panorama completo de como foi o \u00faltimo edital para o cargo de Analista Tribut\u00e1rio, realizado em 2012.\" \/>\n<meta name=\"robots\" content=\"index, follow, max-snippet:-1, max-image-preview:large, max-video-preview:-1\" \/>\n<link rel=\"canonical\" href=\"https:\/\/www.estrategiaconcursos.com.br\/blog\/concurso-receita-federal-ultimo-edital-analista\/\" \/>\n<meta property=\"og:locale\" content=\"pt_BR\" \/>\n<meta property=\"og:type\" content=\"article\" \/>\n<meta property=\"og:title\" content=\"Concurso Receita Federal: an\u00e1lise do \u00faltimo edital de Analista\" \/>\n<meta property=\"og:description\" content=\"Concurso Receita Federal: Confira um panorama completo de como foi o \u00faltimo edital para o cargo de Analista Tribut\u00e1rio, realizado em 2012.\" \/>\n<meta property=\"og:url\" content=\"https:\/\/www.estrategiaconcursos.com.br\/blog\/concurso-receita-federal-ultimo-edital-analista\/\" \/>\n<meta property=\"og:site_name\" content=\"Estrat\u00e9gia Concursos\" \/>\n<meta property=\"article:author\" content=\"https:\/\/www.facebook.com\/EstrategiaConcursos\" \/>\n<meta property=\"article:published_time\" content=\"2021-07-05T14:30:00+00:00\" \/>\n<meta property=\"article:modified_time\" content=\"2022-01-19T15:03:57+00:00\" \/>\n<meta property=\"og:image\" content=\"https:\/\/dhg1h5j42swfq.cloudfront.net\/2021\/03\/22153002\/concurso-receita-federal.jpg\" \/>\n\t<meta property=\"og:image:width\" content=\"1200\" \/>\n\t<meta property=\"og:image:height\" content=\"628\" \/>\n\t<meta property=\"og:image:type\" content=\"image\/jpeg\" \/>\n<meta name=\"author\" content=\"Coordena\u00e7\u00e3o\" \/>\n<meta name=\"twitter:card\" content=\"summary_large_image\" \/>\n<meta name=\"twitter:creator\" content=\"@EstratConcursos\" \/>\n<meta name=\"twitter:site\" content=\"@EstratConcursos\" \/>\n<meta name=\"twitter:label1\" content=\"Escrito por\" \/>\n\t<meta name=\"twitter:data1\" content=\"Coordena\u00e7\u00e3o\" \/>\n\t<meta name=\"twitter:label2\" content=\"Est. tempo de leitura\" \/>\n\t<meta name=\"twitter:data2\" content=\"4 minutos\" \/>\n<script type=\"application\/ld+json\" class=\"yoast-schema-graph\">{\"@context\":\"https:\/\/schema.org\",\"@graph\":[{\"@type\":\"NewsArticle\",\"@id\":\"https:\/\/www.estrategiaconcursos.com.br\/blog\/concurso-receita-federal-ultimo-edital-analista\/#article\",\"isPartOf\":{\"@id\":\"https:\/\/www.estrategiaconcursos.com.br\/blog\/concurso-receita-federal-ultimo-edital-analista\/\"},\"author\":{\"name\":\"Coordena\u00e7\u00e3o\",\"@id\":\"https:\/\/www.estrategiaconcursos.com.br\/blog\/#\/schema\/person\/b4a388c97673c5f483d72185668afa1f\"},\"headline\":\"Concurso Receita Federal: an\u00e1lise do \u00faltimo edital de Analista\",\"datePublished\":\"2021-07-05T14:30:00+00:00\",\"dateModified\":\"2022-01-19T15:03:57+00:00\",\"mainEntityOfPage\":{\"@id\":\"https:\/\/www.estrategiaconcursos.com.br\/blog\/concurso-receita-federal-ultimo-edital-analista\/\"},\"wordCount\":625,\"commentCount\":0,\"publisher\":{\"@id\":\"https:\/\/www.estrategiaconcursos.com.br\/blog\/#organization\"},\"image\":{\"@id\":\"https:\/\/www.estrategiaconcursos.com.br\/blog\/concurso-receita-federal-ultimo-edital-analista\/#primaryimage\"},\"thumbnailUrl\":\"https:\/\/dhg1h5j42swfq.cloudfront.net\/2021\/03\/22153002\/concurso-receita-federal.jpg\",\"articleSection\":[\"Fiscal - Federal (RFB e AFT)\",\"\u00daltimas not\u00edcias\"],\"inLanguage\":\"pt-BR\",\"potentialAction\":[{\"@type\":\"CommentAction\",\"name\":\"Comment\",\"target\":[\"https:\/\/www.estrategiaconcursos.com.br\/blog\/concurso-receita-federal-ultimo-edital-analista\/#respond\"]}],\"copyrightYear\":\"2021\",\"copyrightHolder\":{\"@id\":\"https:\/\/www.estrategiaconcursos.com.br\/blog\/#organization\"}},{\"@type\":\"WebPage\",\"@id\":\"https:\/\/www.estrategiaconcursos.com.br\/blog\/concurso-receita-federal-ultimo-edital-analista\/\",\"url\":\"https:\/\/www.estrategiaconcursos.com.br\/blog\/concurso-receita-federal-ultimo-edital-analista\/\",\"name\":\"Concurso Receita Federal: an\u00e1lise do \u00faltimo edital de Analista\",\"isPartOf\":{\"@id\":\"https:\/\/www.estrategiaconcursos.com.br\/blog\/#website\"},\"primaryImageOfPage\":{\"@id\":\"https:\/\/www.estrategiaconcursos.com.br\/blog\/concurso-receita-federal-ultimo-edital-analista\/#primaryimage\"},\"image\":{\"@id\":\"https:\/\/www.estrategiaconcursos.com.br\/blog\/concurso-receita-federal-ultimo-edital-analista\/#primaryimage\"},\"thumbnailUrl\":\"https:\/\/dhg1h5j42swfq.cloudfront.net\/2021\/03\/22153002\/concurso-receita-federal.jpg\",\"datePublished\":\"2021-07-05T14:30:00+00:00\",\"dateModified\":\"2022-01-19T15:03:57+00:00\",\"description\":\"Concurso Receita Federal: Confira um panorama completo de como foi o \u00faltimo edital para o cargo de Analista Tribut\u00e1rio, realizado em 2012.\",\"breadcrumb\":{\"@id\":\"https:\/\/www.estrategiaconcursos.com.br\/blog\/concurso-receita-federal-ultimo-edital-analista\/#breadcrumb\"},\"inLanguage\":\"pt-BR\",\"potentialAction\":[{\"@type\":\"ReadAction\",\"target\":[\"https:\/\/www.estrategiaconcursos.com.br\/blog\/concurso-receita-federal-ultimo-edital-analista\/\"]}]},{\"@type\":\"ImageObject\",\"inLanguage\":\"pt-BR\",\"@id\":\"https:\/\/www.estrategiaconcursos.com.br\/blog\/concurso-receita-federal-ultimo-edital-analista\/#primaryimage\",\"url\":\"https:\/\/dhg1h5j42swfq.cloudfront.net\/2021\/03\/22153002\/concurso-receita-federal.jpg\",\"contentUrl\":\"https:\/\/dhg1h5j42swfq.cloudfront.net\/2021\/03\/22153002\/concurso-receita-federal.jpg\",\"width\":1200,\"height\":628,\"caption\":\"concurso Receita federal cronograma\"},{\"@type\":\"BreadcrumbList\",\"@id\":\"https:\/\/www.estrategiaconcursos.com.br\/blog\/concurso-receita-federal-ultimo-edital-analista\/#breadcrumb\",\"itemListElement\":[{\"@type\":\"ListItem\",\"position\":1,\"name\":\"In\u00edcio\",\"item\":\"https:\/\/www.estrategiaconcursos.com.br\/blog\/\"},{\"@type\":\"ListItem\",\"position\":2,\"name\":\"Concurso Receita Federal: an\u00e1lise do \u00faltimo edital de Analista\"}]},{\"@type\":\"WebSite\",\"@id\":\"https:\/\/www.estrategiaconcursos.com.br\/blog\/#website\",\"url\":\"https:\/\/www.estrategiaconcursos.com.br\/blog\/\",\"name\":\"Estrat\u00e9gia Concursos\",\"description\":\"O blog da Estrat\u00e9gia Concursos traz not\u00edcias sobre concursos e artigos de professores oferecendo cursos para concursos (pdf + videaulas) no site.\",\"publisher\":{\"@id\":\"https:\/\/www.estrategiaconcursos.com.br\/blog\/#organization\"},\"potentialAction\":[{\"@type\":\"SearchAction\",\"target\":{\"@type\":\"EntryPoint\",\"urlTemplate\":\"https:\/\/www.estrategiaconcursos.com.br\/blog\/?s={search_term_string}\"},\"query-input\":{\"@type\":\"PropertyValueSpecification\",\"valueRequired\":true,\"valueName\":\"search_term_string\"}}],\"inLanguage\":\"pt-BR\"},{\"@type\":\"Organization\",\"@id\":\"https:\/\/www.estrategiaconcursos.com.br\/blog\/#organization\",\"name\":\"Estrat\u00e9gia Concursos\",\"url\":\"https:\/\/www.estrategiaconcursos.com.br\/blog\/\",\"logo\":{\"@type\":\"ImageObject\",\"inLanguage\":\"pt-BR\",\"@id\":\"https:\/\/www.estrategiaconcursos.com.br\/blog\/#\/schema\/logo\/image\/\",\"url\":\"https:\/\/dhg1h5j42swfq.cloudfront.net\/2025\/06\/03203428\/logo_concursos-1.jpg\",\"contentUrl\":\"https:\/\/dhg1h5j42swfq.cloudfront.net\/2025\/06\/03203428\/logo_concursos-1.jpg\",\"width\":230,\"height\":60,\"caption\":\"Estrat\u00e9gia Concursos\"},\"image\":{\"@id\":\"https:\/\/www.estrategiaconcursos.com.br\/blog\/#\/schema\/logo\/image\/\"},\"sameAs\":[\"https:\/\/x.com\/EstratConcursos\"]},{\"@type\":\"Person\",\"@id\":\"https:\/\/www.estrategiaconcursos.com.br\/blog\/#\/schema\/person\/b4a388c97673c5f483d72185668afa1f\",\"name\":\"Coordena\u00e7\u00e3o\",\"image\":{\"@type\":\"ImageObject\",\"inLanguage\":\"pt-BR\",\"@id\":\"https:\/\/secure.gravatar.com\/avatar\/b720319e4c9a967eb58678d110f4fe35452fc5d5f97b202bac7b8acceb18c6ad?s=96&d=mm&r=g\",\"url\":\"https:\/\/secure.gravatar.com\/avatar\/b720319e4c9a967eb58678d110f4fe35452fc5d5f97b202bac7b8acceb18c6ad?s=96&d=mm&r=g\",\"contentUrl\":\"https:\/\/secure.gravatar.com\/avatar\/b720319e4c9a967eb58678d110f4fe35452fc5d5f97b202bac7b8acceb18c6ad?s=96&d=mm&r=g\",\"caption\":\"Coordena\u00e7\u00e3o\"},\"sameAs\":[\"https:\/\/www.facebook.com\/EstrategiaConcursos\",\"https:\/\/x.com\/EstratConcursos\"],\"url\":\"https:\/\/www.estrategiaconcursos.com.br\/blog\/author\/estrategia2013\/\"}]}<\/script>\n<!-- \/ Yoast SEO Premium plugin. -->","yoast_head_json":{"title":"Concurso Receita Federal: an\u00e1lise do \u00faltimo edital de Analista","description":"Concurso Receita Federal: Confira um panorama completo de como foi o \u00faltimo edital para o cargo de Analista Tribut\u00e1rio, realizado em 2012.","robots":{"index":"index","follow":"follow","max-snippet":"max-snippet:-1","max-image-preview":"max-image-preview:large","max-video-preview":"max-video-preview:-1"},"canonical":"https:\/\/www.estrategiaconcursos.com.br\/blog\/concurso-receita-federal-ultimo-edital-analista\/","og_locale":"pt_BR","og_type":"article","og_title":"Concurso Receita Federal: an\u00e1lise do \u00faltimo edital de Analista","og_description":"Concurso Receita Federal: Confira um panorama completo de como foi o \u00faltimo edital para o cargo de Analista Tribut\u00e1rio, realizado em 2012.","og_url":"https:\/\/www.estrategiaconcursos.com.br\/blog\/concurso-receita-federal-ultimo-edital-analista\/","og_site_name":"Estrat\u00e9gia Concursos","article_author":"https:\/\/www.facebook.com\/EstrategiaConcursos","article_published_time":"2021-07-05T14:30:00+00:00","article_modified_time":"2022-01-19T15:03:57+00:00","og_image":[{"width":1200,"height":628,"url":"https:\/\/dhg1h5j42swfq.cloudfront.net\/2021\/03\/22153002\/concurso-receita-federal.jpg","type":"image\/jpeg"}],"author":"Coordena\u00e7\u00e3o","twitter_card":"summary_large_image","twitter_creator":"@EstratConcursos","twitter_site":"@EstratConcursos","twitter_misc":{"Escrito por":"Coordena\u00e7\u00e3o","Est. tempo de leitura":"4 minutos"},"schema":{"@context":"https:\/\/schema.org","@graph":[{"@type":"NewsArticle","@id":"https:\/\/www.estrategiaconcursos.com.br\/blog\/concurso-receita-federal-ultimo-edital-analista\/#article","isPartOf":{"@id":"https:\/\/www.estrategiaconcursos.com.br\/blog\/concurso-receita-federal-ultimo-edital-analista\/"},"author":{"name":"Coordena\u00e7\u00e3o","@id":"https:\/\/www.estrategiaconcursos.com.br\/blog\/#\/schema\/person\/b4a388c97673c5f483d72185668afa1f"},"headline":"Concurso Receita Federal: an\u00e1lise do \u00faltimo edital de Analista","datePublished":"2021-07-05T14:30:00+00:00","dateModified":"2022-01-19T15:03:57+00:00","mainEntityOfPage":{"@id":"https:\/\/www.estrategiaconcursos.com.br\/blog\/concurso-receita-federal-ultimo-edital-analista\/"},"wordCount":625,"commentCount":0,"publisher":{"@id":"https:\/\/www.estrategiaconcursos.com.br\/blog\/#organization"},"image":{"@id":"https:\/\/www.estrategiaconcursos.com.br\/blog\/concurso-receita-federal-ultimo-edital-analista\/#primaryimage"},"thumbnailUrl":"https:\/\/dhg1h5j42swfq.cloudfront.net\/2021\/03\/22153002\/concurso-receita-federal.jpg","articleSection":["Fiscal - Federal (RFB e AFT)","\u00daltimas not\u00edcias"],"inLanguage":"pt-BR","potentialAction":[{"@type":"CommentAction","name":"Comment","target":["https:\/\/www.estrategiaconcursos.com.br\/blog\/concurso-receita-federal-ultimo-edital-analista\/#respond"]}],"copyrightYear":"2021","copyrightHolder":{"@id":"https:\/\/www.estrategiaconcursos.com.br\/blog\/#organization"}},{"@type":"WebPage","@id":"https:\/\/www.estrategiaconcursos.com.br\/blog\/concurso-receita-federal-ultimo-edital-analista\/","url":"https:\/\/www.estrategiaconcursos.com.br\/blog\/concurso-receita-federal-ultimo-edital-analista\/","name":"Concurso Receita Federal: an\u00e1lise do \u00faltimo edital de Analista","isPartOf":{"@id":"https:\/\/www.estrategiaconcursos.com.br\/blog\/#website"},"primaryImageOfPage":{"@id":"https:\/\/www.estrategiaconcursos.com.br\/blog\/concurso-receita-federal-ultimo-edital-analista\/#primaryimage"},"image":{"@id":"https:\/\/www.estrategiaconcursos.com.br\/blog\/concurso-receita-federal-ultimo-edital-analista\/#primaryimage"},"thumbnailUrl":"https:\/\/dhg1h5j42swfq.cloudfront.net\/2021\/03\/22153002\/concurso-receita-federal.jpg","datePublished":"2021-07-05T14:30:00+00:00","dateModified":"2022-01-19T15:03:57+00:00","description":"Concurso Receita Federal: Confira um panorama completo de como foi o \u00faltimo edital para o cargo de Analista Tribut\u00e1rio, realizado em 2012.","breadcrumb":{"@id":"https:\/\/www.estrategiaconcursos.com.br\/blog\/concurso-receita-federal-ultimo-edital-analista\/#breadcrumb"},"inLanguage":"pt-BR","potentialAction":[{"@type":"ReadAction","target":["https:\/\/www.estrategiaconcursos.com.br\/blog\/concurso-receita-federal-ultimo-edital-analista\/"]}]},{"@type":"ImageObject","inLanguage":"pt-BR","@id":"https:\/\/www.estrategiaconcursos.com.br\/blog\/concurso-receita-federal-ultimo-edital-analista\/#primaryimage","url":"https:\/\/dhg1h5j42swfq.cloudfront.net\/2021\/03\/22153002\/concurso-receita-federal.jpg","contentUrl":"https:\/\/dhg1h5j42swfq.cloudfront.net\/2021\/03\/22153002\/concurso-receita-federal.jpg","width":1200,"height":628,"caption":"concurso Receita federal cronograma"},{"@type":"BreadcrumbList","@id":"https:\/\/www.estrategiaconcursos.com.br\/blog\/concurso-receita-federal-ultimo-edital-analista\/#breadcrumb","itemListElement":[{"@type":"ListItem","position":1,"name":"In\u00edcio","item":"https:\/\/www.estrategiaconcursos.com.br\/blog\/"},{"@type":"ListItem","position":2,"name":"Concurso Receita Federal: an\u00e1lise do \u00faltimo edital de Analista"}]},{"@type":"WebSite","@id":"https:\/\/www.estrategiaconcursos.com.br\/blog\/#website","url":"https:\/\/www.estrategiaconcursos.com.br\/blog\/","name":"Estrat\u00e9gia Concursos","description":"O blog da Estrat\u00e9gia Concursos traz not\u00edcias sobre concursos e artigos de professores oferecendo cursos para concursos (pdf + videaulas) no site.","publisher":{"@id":"https:\/\/www.estrategiaconcursos.com.br\/blog\/#organization"},"potentialAction":[{"@type":"SearchAction","target":{"@type":"EntryPoint","urlTemplate":"https:\/\/www.estrategiaconcursos.com.br\/blog\/?s={search_term_string}"},"query-input":{"@type":"PropertyValueSpecification","valueRequired":true,"valueName":"search_term_string"}}],"inLanguage":"pt-BR"},{"@type":"Organization","@id":"https:\/\/www.estrategiaconcursos.com.br\/blog\/#organization","name":"Estrat\u00e9gia Concursos","url":"https:\/\/www.estrategiaconcursos.com.br\/blog\/","logo":{"@type":"ImageObject","inLanguage":"pt-BR","@id":"https:\/\/www.estrategiaconcursos.com.br\/blog\/#\/schema\/logo\/image\/","url":"https:\/\/dhg1h5j42swfq.cloudfront.net\/2025\/06\/03203428\/logo_concursos-1.jpg","contentUrl":"https:\/\/dhg1h5j42swfq.cloudfront.net\/2025\/06\/03203428\/logo_concursos-1.jpg","width":230,"height":60,"caption":"Estrat\u00e9gia Concursos"},"image":{"@id":"https:\/\/www.estrategiaconcursos.com.br\/blog\/#\/schema\/logo\/image\/"},"sameAs":["https:\/\/x.com\/EstratConcursos"]},{"@type":"Person","@id":"https:\/\/www.estrategiaconcursos.com.br\/blog\/#\/schema\/person\/b4a388c97673c5f483d72185668afa1f","name":"Coordena\u00e7\u00e3o","image":{"@type":"ImageObject","inLanguage":"pt-BR","@id":"https:\/\/secure.gravatar.com\/avatar\/b720319e4c9a967eb58678d110f4fe35452fc5d5f97b202bac7b8acceb18c6ad?s=96&d=mm&r=g","url":"https:\/\/secure.gravatar.com\/avatar\/b720319e4c9a967eb58678d110f4fe35452fc5d5f97b202bac7b8acceb18c6ad?s=96&d=mm&r=g","contentUrl":"https:\/\/secure.gravatar.com\/avatar\/b720319e4c9a967eb58678d110f4fe35452fc5d5f97b202bac7b8acceb18c6ad?s=96&d=mm&r=g","caption":"Coordena\u00e7\u00e3o"},"sameAs":["https:\/\/www.facebook.com\/EstrategiaConcursos","https:\/\/x.com\/EstratConcursos"],"url":"https:\/\/www.estrategiaconcursos.com.br\/blog\/author\/estrategia2013\/"}]}},"_links":{"self":[{"href":"https:\/\/www.estrategiaconcursos.com.br\/blog\/wp-json\/wp\/v2\/posts\/779782","targetHints":{"allow":["GET"]}}],"collection":[{"href":"https:\/\/www.estrategiaconcursos.com.br\/blog\/wp-json\/wp\/v2\/posts"}],"about":[{"href":"https:\/\/www.estrategiaconcursos.com.br\/blog\/wp-json\/wp\/v2\/types\/post"}],"author":[{"embeddable":true,"href":"https:\/\/www.estrategiaconcursos.com.br\/blog\/wp-json\/wp\/v2\/users\/1"}],"replies":[{"embeddable":true,"href":"https:\/\/www.estrategiaconcursos.com.br\/blog\/wp-json\/wp\/v2\/comments?post=779782"}],"version-history":[{"count":7,"href":"https:\/\/www.estrategiaconcursos.com.br\/blog\/wp-json\/wp\/v2\/posts\/779782\/revisions"}],"predecessor-version":[{"id":950357,"href":"https:\/\/www.estrategiaconcursos.com.br\/blog\/wp-json\/wp\/v2\/posts\/779782\/revisions\/950357"}],"wp:featuredmedia":[{"embeddable":true,"href":"https:\/\/www.estrategiaconcursos.com.br\/blog\/wp-json\/wp\/v2\/media\/698463"}],"wp:attachment":[{"href":"https:\/\/www.estrategiaconcursos.com.br\/blog\/wp-json\/wp\/v2\/media?parent=779782"}],"wp:term":[{"taxonomy":"category","embeddable":true,"href":"https:\/\/www.estrategiaconcursos.com.br\/blog\/wp-json\/wp\/v2\/categories?post=779782"},{"taxonomy":"post_tag","embeddable":true,"href":"https:\/\/www.estrategiaconcursos.com.br\/blog\/wp-json\/wp\/v2\/tags?post=779782"},{"taxonomy":"tax_estado","embeddable":true,"href":"https:\/\/www.estrategiaconcursos.com.br\/blog\/wp-json\/wp\/v2\/tax_estado?post=779782"}],"curies":[{"name":"wp","href":"https:\/\/api.w.org\/{rel}","templated":true}]}}