{"id":779656,"date":"2021-06-28T18:46:03","date_gmt":"2021-06-28T21:46:03","guid":{"rendered":"https:\/\/www.estrategiaconcursos.com.br\/blog\/?p=779656"},"modified":"2021-06-29T06:32:53","modified_gmt":"2021-06-29T09:32:53","slug":"concurso-seap-pa-edital-sera-divulgado-em-30-de-junho-diz-seplad","status":"publish","type":"post","link":"https:\/\/www.estrategiaconcursos.com.br\/blog\/concurso-seap-pa-edital-sera-divulgado-em-30-de-junho-diz-seplad\/","title":{"rendered":"Concurso SEAP PA: &#8220;Edital ser\u00e1 divulgado em 30 de junho&#8221;, diz SEPLAD"},"content":{"rendered":"\n<p><strong>Aten\u00e7\u00e3o, concurseiros!<\/strong> A Secretaria de Planejamento e Administra\u00e7\u00e3o do Estado do Par\u00e1 (SEPLAD PA) confirmou nas redes sociais que <strong>o edital do concurso SEAP PA ser\u00e1 publicado na pr\u00f3xima quarta-feira, 30 de junho<\/strong>.<\/p>\n\n\n\n<div class=\"wp-block-image\"><figure class=\"aligncenter\"><img decoding=\"async\" src=\"https:\/\/lh6.googleusercontent.com\/hYtUk8GmbHWY9AdGFI7IC_IO8Ej3VpQRcMC2Dn73ihlH72QGcl3YD4nrKT641PH6WYH-OXU-UVTCmTlt5l6iWG6L7rfsL4B-_xVGCCYFWQ_cmak6LvIfB00WiCzbGNPqv0cMd902\" alt=\"\"\/><\/figure><\/div>\n\n\n\n<p>Recentemente, a secret\u00e1ria de Planejamento e Administra\u00e7\u00e3o do Estado do Par\u00e1, Hana Ghassan afirmou que o edital estaria pronto at\u00e9 o fim de junho. Al\u00e9m disso, o titular da Secretaria de Estado de Administra\u00e7\u00e3o Penitenci\u00e1ria do Par\u00e1 (SEAP PA), Jarbas Vasconcelos, declarou, em resposta a um seguidor em suas redes sociais, que o edital sairia em breve.<\/p>\n\n\n\n<p>O certame j\u00e1 possui comiss\u00e3o organizadora formada e <strong>o CETAP j\u00e1 foi escolhido como banca da sele\u00e7\u00e3o<\/strong>. A previs\u00e3o \u00e9 de que sejam ofertadas 1.646 vagas para o cargo de Policial Penal, que exige forma\u00e7\u00e3o de n\u00edvel m\u00e9dio.<\/p>\n\n\n\n<h2 class=\"wp-block-heading\" id=\"h-ltimo-concurso-seap-pa\">\u00daltimo concurso SEAP PA<\/h2>\n\n\n\n<p>O \u00faltimo concurso SEAP PA aconteceu ainda em 2018, sob a nomenclatura de SUSIPE PA. Na ocasi\u00e3o foram ofertadas 969 vagas para v\u00e1rios cargos. Do total de oportunidades ofertadas, <strong>500 foram para o cargo de Agente Penitenci\u00e1rio<\/strong>.<\/p>\n\n\n\n<p>Confira abaixo as etapas do \u00faltimo certame:<\/p>\n\n\n\n<ul class=\"wp-block-list\"><li><strong>Prova Escrita<\/strong><ul><li>L\u00edngua Portuguesa \u2013 10 quest\u00f5es<\/li><li>Legisla\u00e7\u00e3o \u2013 10 quest\u00f5es<\/li><li>Conhecimentos Espec\u00edficos \u2013 30 quest\u00f5es<\/li><li>Discursiva \u2013 1 quest\u00e3o<\/li><\/ul><\/li><li><strong>Avalia\u00e7\u00e3o Psicol\u00f3gica<\/strong><\/li><li><strong>Exame M\u00e9dico<\/strong><\/li><li><strong>Prova de aptid\u00e3o f\u00edsica<\/strong><\/li><li><strong>Investiga\u00e7\u00e3o de Antecedentes Pessoais<\/strong><\/li><li><strong>Curso de Forma\u00e7\u00e3o Profissional com dura\u00e7\u00e3o de, no m\u00ednimo, 300 horas<\/strong><\/li><\/ul>\n\n\n\n<p class=\"has-text-align-center\">Para saber todos os detalhes sobre o concurso SEAP PA acesse o artigo abaixo:<\/p>\n\n\n\n<p class=\"has-text-align-center has-cyan-bluish-gray-background-color has-background\"><strong>Saiba mais: <a href=\"https:\/\/www.estrategiaconcursos.com.br\/blog\/concurso-susipe-pa-2\/\" target=\"_blank\" rel=\"noreferrer noopener\">concurso SEAP PA<\/a><\/strong><\/p>\n\n\n\n<h2 class=\"has-text-align-center wp-block-heading\" id=\"cursos-assinatura\"><em>Quer estudar para o concurso SEAP PA?<\/em><\/h2>\n\n\n\n<div class=\"container\" id=\"boxes\">\n  <div class=\"row\">\n\n    <div class=\"col-sm\">\n      <div class=\"banner-policial\" id=\"box-assinatura\">\n        <h3 class=\"titulo-assinatura\">Curso SEAP PA<\/h3>\n        <p class=\"subtitulo-assinatura\">Conhe\u00e7a os cursos<\/p>\n        <div class=\"box-botao\">\n          <a class=\"btn-assinatura\" target=\"_blank\" href=\"https:\/\/www.estrategiaconcursos.com.br\/cursosPorConcurso\/susipe-pa\/\" role=\"button\" rel=\"noopener noreferrer\">Conhe\u00e7a mais<\/a>\n        <\/div>\n      <\/div>\n      <p class=\"texto-auxiliar\"><\/p>\n    <\/div>\n\n  <\/div>\n<\/div>\n\n\n\n<div class=\"container\" id=\"boxes\">\n  <div class=\"row\">\n\n    <div class=\"col-sm\">\n      <div class=\"estrategia\" id=\"box-assinatura\">\n        <h3 class=\"titulo-assinatura\">Assinaturas<\/h3>\n        <p class=\"subtitulo-assinatura\">Assinatura de 1 ou 2 anos<\/p>\n        <div class=\"box-botao\">\n          <a class=\"btn-assinatura\" target=\"_blank\" href=\"https:\/\/www.estrategiaconcursos.com.br\/assinaturas\/\" role=\"button\" rel=\"noopener noreferrer\">ASSINE AGORA<\/a>\n        <\/div>\n      <\/div>\n      <p class=\"texto-auxiliar\"><\/p>\n    <\/div><\/div><\/div>\n\n\n\n<div class=\"container\" id=\"boxes\">\n  <div class=\"row\">\n\n    <div class=\"col-sm\" id=\"boxes-concursos\">\n      <div style=\"background-color: #005DAD;\" class=\"conteudo-concursos\" id=\"box-concursos\">\n        <h3 class=\"titulo-assinatura\">Concursos Abertos<\/h3>\n        <p class=\"subtitulo-assinatura\">Os editais publicados<\/p>\n        <div class=\"box-botao\">\n          <a class=\"btn-assinatura\" target=\"_blank\" href=\"https:\/\/www.estrategiaconcursos.com.br\/blog\/concursos-abertos\/\" role=\"button\" rel=\"noopener noreferrer\">Conhe\u00e7a Agora<\/a>\n        <\/div>\n      <\/div>\n    <\/div>\n\n    <div class=\"col-sm\" id=\"boxes-concursos\">\n      <div style=\"background-color: #1A7ED5;\" class=\"conteudo-concursos\" id=\"box-concursos\">\n        <h3 class=\"titulo-assinatura\">Concursos 2021<\/h3>\n        <p class=\"subtitulo-assinatura\">As oportunidades previstas<\/p>\n        <div class=\"box-botao\">\n          <a class=\"btn-assinatura\" target=\"_blank\" href=\"https:\/\/www.estrategiaconcursos.com.br\/blog\/concursos-2021\/\" role=\"button\" rel=\"noopener noreferrer\">Conhe\u00e7a Agora<\/a>\n        <\/div>\n      <\/div>\n    <\/div>\n\n    <div class=\"col-sm\" id=\"boxes-concursos\">\n      <div style=\"background-color: #419FF0;\" class=\"conteudo-concursos\" id=\"box-concursos\">\n        <h3 class=\"titulo-assinatura\">Concursos 2022<\/h3>\n        <p class=\"subtitulo-assinatura\">Vagas para o pr\u00f3ximo ano<\/p>\n        <div class=\"box-botao\">\n          <a class=\"btn-assinatura\" target=\"_blank\" href=\"https:\/\/www.estrategiaconcursos.com.br\/blog\/concursos-2022\/\" role=\"button\" rel=\"noopener noreferrer\">Conhe\u00e7a Agora<\/a>\n        <\/div>\n      <\/div>\n    <\/div>\n\n  <\/div>\n<\/div>\n","protected":false},"excerpt":{"rendered":"<p>Aten\u00e7\u00e3o, concurseiros! A Secretaria de Planejamento e Administra\u00e7\u00e3o do Estado do Par\u00e1 (SEPLAD PA) confirmou nas redes sociais que o edital do concurso SEAP PA ser\u00e1 publicado na pr\u00f3xima quarta-feira, 30 de junho. Recentemente, a secret\u00e1ria de Planejamento e Administra\u00e7\u00e3o do Estado do Par\u00e1, Hana Ghassan afirmou que o edital estaria pronto at\u00e9 o fim [&hellip;]<\/p>\n","protected":false},"author":1,"featured_media":725652,"comment_status":"open","ping_status":"closed","sticky":false,"template":"","format":"standard","meta":{"post_tipo":"news","footnotes":""},"categories":[220188],"tags":[],"tax_estado":[219977],"class_list":["post-779656","post","type-post","status-publish","format-standard","has-post-thumbnail","hentry","category-policial-agente-penitenciario","tax_estado-pa"],"acf":[],"yoast_head":"<!-- This site is optimized with the Yoast SEO Premium plugin v27.2 (Yoast SEO v27.2) - https:\/\/yoast.com\/product\/yoast-seo-premium-wordpress\/ -->\n<title>Concurso SEAP PA: &quot;Edital ser\u00e1 divulgado em 30 de junho&quot;, diz SEPLAD<\/title>\n<meta name=\"description\" content=\"A SEPLAD PA confirmou nas redes sociais que o edital do concurso SEAP PA ser\u00e1 publicado na pr\u00f3xima quarta-feira (30). Confira os detalhes!\" \/>\n<meta name=\"robots\" content=\"index, follow, max-snippet:-1, max-image-preview:large, max-video-preview:-1\" \/>\n<link rel=\"canonical\" href=\"https:\/\/www.estrategiaconcursos.com.br\/blog\/concurso-seap-pa-edital-sera-divulgado-em-30-de-junho-diz-seplad\/\" \/>\n<meta property=\"og:locale\" content=\"pt_BR\" \/>\n<meta property=\"og:type\" content=\"article\" \/>\n<meta property=\"og:title\" content=\"Concurso SEAP PA: &quot;Edital ser\u00e1 divulgado em 30 de junho&quot;, diz SEPLAD\" \/>\n<meta property=\"og:description\" content=\"A SEPLAD PA confirmou nas redes sociais que o edital do concurso SEAP PA ser\u00e1 publicado na pr\u00f3xima quarta-feira (30). Confira os detalhes!\" \/>\n<meta property=\"og:url\" content=\"https:\/\/www.estrategiaconcursos.com.br\/blog\/concurso-seap-pa-edital-sera-divulgado-em-30-de-junho-diz-seplad\/\" \/>\n<meta property=\"og:site_name\" content=\"Estrat\u00e9gia Concursos\" \/>\n<meta property=\"article:author\" content=\"https:\/\/www.facebook.com\/EstrategiaConcursos\" \/>\n<meta property=\"article:published_time\" content=\"2021-06-28T21:46:03+00:00\" \/>\n<meta property=\"article:modified_time\" content=\"2021-06-29T09:32:53+00:00\" \/>\n<meta property=\"og:image\" content=\"https:\/\/dhg1h5j42swfq.cloudfront.net\/2021\/04\/28123331\/seap-pa.jpg\" \/>\n\t<meta property=\"og:image:width\" content=\"768\" \/>\n\t<meta property=\"og:image:height\" content=\"432\" \/>\n\t<meta property=\"og:image:type\" content=\"image\/jpeg\" \/>\n<meta name=\"author\" content=\"Coordena\u00e7\u00e3o\" \/>\n<meta name=\"twitter:card\" content=\"summary_large_image\" \/>\n<meta name=\"twitter:creator\" content=\"@EstratConcursos\" \/>\n<meta name=\"twitter:site\" content=\"@EstratConcursos\" \/>\n<meta name=\"twitter:label1\" content=\"Escrito por\" \/>\n\t<meta name=\"twitter:data1\" content=\"Coordena\u00e7\u00e3o\" \/>\n\t<meta name=\"twitter:label2\" content=\"Est. tempo de leitura\" \/>\n\t<meta name=\"twitter:data2\" content=\"2 minutos\" \/>\n<script type=\"application\/ld+json\" class=\"yoast-schema-graph\">{\"@context\":\"https:\/\/schema.org\",\"@graph\":[{\"@type\":\"NewsArticle\",\"@id\":\"https:\/\/www.estrategiaconcursos.com.br\/blog\/concurso-seap-pa-edital-sera-divulgado-em-30-de-junho-diz-seplad\/#article\",\"isPartOf\":{\"@id\":\"https:\/\/www.estrategiaconcursos.com.br\/blog\/concurso-seap-pa-edital-sera-divulgado-em-30-de-junho-diz-seplad\/\"},\"author\":{\"name\":\"Coordena\u00e7\u00e3o\",\"@id\":\"https:\/\/www.estrategiaconcursos.com.br\/blog\/#\/schema\/person\/b4a388c97673c5f483d72185668afa1f\"},\"headline\":\"Concurso SEAP PA: &#8220;Edital ser\u00e1 divulgado em 30 de junho&#8221;, diz SEPLAD\",\"datePublished\":\"2021-06-28T21:46:03+00:00\",\"dateModified\":\"2021-06-29T09:32:53+00:00\",\"mainEntityOfPage\":{\"@id\":\"https:\/\/www.estrategiaconcursos.com.br\/blog\/concurso-seap-pa-edital-sera-divulgado-em-30-de-junho-diz-seplad\/\"},\"wordCount\":316,\"commentCount\":0,\"publisher\":{\"@id\":\"https:\/\/www.estrategiaconcursos.com.br\/blog\/#organization\"},\"image\":{\"@id\":\"https:\/\/www.estrategiaconcursos.com.br\/blog\/concurso-seap-pa-edital-sera-divulgado-em-30-de-junho-diz-seplad\/#primaryimage\"},\"thumbnailUrl\":\"https:\/\/dhg1h5j42swfq.cloudfront.net\/2021\/04\/28123331\/seap-pa.jpg\",\"articleSection\":[\"Policial (Agente Penitenci\u00e1rio)\"],\"inLanguage\":\"pt-BR\",\"potentialAction\":[{\"@type\":\"CommentAction\",\"name\":\"Comment\",\"target\":[\"https:\/\/www.estrategiaconcursos.com.br\/blog\/concurso-seap-pa-edital-sera-divulgado-em-30-de-junho-diz-seplad\/#respond\"]}],\"copyrightYear\":\"2021\",\"copyrightHolder\":{\"@id\":\"https:\/\/www.estrategiaconcursos.com.br\/blog\/#organization\"}},{\"@type\":\"WebPage\",\"@id\":\"https:\/\/www.estrategiaconcursos.com.br\/blog\/concurso-seap-pa-edital-sera-divulgado-em-30-de-junho-diz-seplad\/\",\"url\":\"https:\/\/www.estrategiaconcursos.com.br\/blog\/concurso-seap-pa-edital-sera-divulgado-em-30-de-junho-diz-seplad\/\",\"name\":\"Concurso SEAP PA: \\\"Edital ser\u00e1 divulgado em 30 de junho\\\", diz SEPLAD\",\"isPartOf\":{\"@id\":\"https:\/\/www.estrategiaconcursos.com.br\/blog\/#website\"},\"primaryImageOfPage\":{\"@id\":\"https:\/\/www.estrategiaconcursos.com.br\/blog\/concurso-seap-pa-edital-sera-divulgado-em-30-de-junho-diz-seplad\/#primaryimage\"},\"image\":{\"@id\":\"https:\/\/www.estrategiaconcursos.com.br\/blog\/concurso-seap-pa-edital-sera-divulgado-em-30-de-junho-diz-seplad\/#primaryimage\"},\"thumbnailUrl\":\"https:\/\/dhg1h5j42swfq.cloudfront.net\/2021\/04\/28123331\/seap-pa.jpg\",\"datePublished\":\"2021-06-28T21:46:03+00:00\",\"dateModified\":\"2021-06-29T09:32:53+00:00\",\"description\":\"A SEPLAD PA confirmou nas redes sociais que o edital do concurso SEAP PA ser\u00e1 publicado na pr\u00f3xima quarta-feira (30). Confira os detalhes!\",\"breadcrumb\":{\"@id\":\"https:\/\/www.estrategiaconcursos.com.br\/blog\/concurso-seap-pa-edital-sera-divulgado-em-30-de-junho-diz-seplad\/#breadcrumb\"},\"inLanguage\":\"pt-BR\",\"potentialAction\":[{\"@type\":\"ReadAction\",\"target\":[\"https:\/\/www.estrategiaconcursos.com.br\/blog\/concurso-seap-pa-edital-sera-divulgado-em-30-de-junho-diz-seplad\/\"]}]},{\"@type\":\"ImageObject\",\"inLanguage\":\"pt-BR\",\"@id\":\"https:\/\/www.estrategiaconcursos.com.br\/blog\/concurso-seap-pa-edital-sera-divulgado-em-30-de-junho-diz-seplad\/#primaryimage\",\"url\":\"https:\/\/dhg1h5j42swfq.cloudfront.net\/2021\/04\/28123331\/seap-pa.jpg\",\"contentUrl\":\"https:\/\/dhg1h5j42swfq.cloudfront.net\/2021\/04\/28123331\/seap-pa.jpg\",\"width\":768,\"height\":432,\"caption\":\"seap pa\"},{\"@type\":\"BreadcrumbList\",\"@id\":\"https:\/\/www.estrategiaconcursos.com.br\/blog\/concurso-seap-pa-edital-sera-divulgado-em-30-de-junho-diz-seplad\/#breadcrumb\",\"itemListElement\":[{\"@type\":\"ListItem\",\"position\":1,\"name\":\"In\u00edcio\",\"item\":\"https:\/\/www.estrategiaconcursos.com.br\/blog\/\"},{\"@type\":\"ListItem\",\"position\":2,\"name\":\"Concurso SEAP PA: &#8220;Edital ser\u00e1 divulgado em 30 de junho&#8221;, diz SEPLAD\"}]},{\"@type\":\"WebSite\",\"@id\":\"https:\/\/www.estrategiaconcursos.com.br\/blog\/#website\",\"url\":\"https:\/\/www.estrategiaconcursos.com.br\/blog\/\",\"name\":\"Estrat\u00e9gia Concursos\",\"description\":\"O blog da Estrat\u00e9gia Concursos traz not\u00edcias sobre concursos e artigos de professores oferecendo cursos para concursos (pdf + videaulas) no site.\",\"publisher\":{\"@id\":\"https:\/\/www.estrategiaconcursos.com.br\/blog\/#organization\"},\"potentialAction\":[{\"@type\":\"SearchAction\",\"target\":{\"@type\":\"EntryPoint\",\"urlTemplate\":\"https:\/\/www.estrategiaconcursos.com.br\/blog\/?s={search_term_string}\"},\"query-input\":{\"@type\":\"PropertyValueSpecification\",\"valueRequired\":true,\"valueName\":\"search_term_string\"}}],\"inLanguage\":\"pt-BR\"},{\"@type\":\"Organization\",\"@id\":\"https:\/\/www.estrategiaconcursos.com.br\/blog\/#organization\",\"name\":\"Estrat\u00e9gia Concursos\",\"url\":\"https:\/\/www.estrategiaconcursos.com.br\/blog\/\",\"logo\":{\"@type\":\"ImageObject\",\"inLanguage\":\"pt-BR\",\"@id\":\"https:\/\/www.estrategiaconcursos.com.br\/blog\/#\/schema\/logo\/image\/\",\"url\":\"https:\/\/dhg1h5j42swfq.cloudfront.net\/2025\/06\/03203428\/logo_concursos-1.jpg\",\"contentUrl\":\"https:\/\/dhg1h5j42swfq.cloudfront.net\/2025\/06\/03203428\/logo_concursos-1.jpg\",\"width\":230,\"height\":60,\"caption\":\"Estrat\u00e9gia Concursos\"},\"image\":{\"@id\":\"https:\/\/www.estrategiaconcursos.com.br\/blog\/#\/schema\/logo\/image\/\"},\"sameAs\":[\"https:\/\/x.com\/EstratConcursos\"]},{\"@type\":\"Person\",\"@id\":\"https:\/\/www.estrategiaconcursos.com.br\/blog\/#\/schema\/person\/b4a388c97673c5f483d72185668afa1f\",\"name\":\"Coordena\u00e7\u00e3o\",\"image\":{\"@type\":\"ImageObject\",\"inLanguage\":\"pt-BR\",\"@id\":\"https:\/\/secure.gravatar.com\/avatar\/b720319e4c9a967eb58678d110f4fe35452fc5d5f97b202bac7b8acceb18c6ad?s=96&d=mm&r=g\",\"url\":\"https:\/\/secure.gravatar.com\/avatar\/b720319e4c9a967eb58678d110f4fe35452fc5d5f97b202bac7b8acceb18c6ad?s=96&d=mm&r=g\",\"contentUrl\":\"https:\/\/secure.gravatar.com\/avatar\/b720319e4c9a967eb58678d110f4fe35452fc5d5f97b202bac7b8acceb18c6ad?s=96&d=mm&r=g\",\"caption\":\"Coordena\u00e7\u00e3o\"},\"sameAs\":[\"https:\/\/www.facebook.com\/EstrategiaConcursos\",\"https:\/\/x.com\/EstratConcursos\"],\"url\":\"https:\/\/www.estrategiaconcursos.com.br\/blog\/author\/estrategia2013\/\"}]}<\/script>\n<!-- \/ Yoast SEO Premium plugin. -->","yoast_head_json":{"title":"Concurso SEAP PA: \"Edital ser\u00e1 divulgado em 30 de junho\", diz SEPLAD","description":"A SEPLAD PA confirmou nas redes sociais que o edital do concurso SEAP PA ser\u00e1 publicado na pr\u00f3xima quarta-feira (30). Confira os detalhes!","robots":{"index":"index","follow":"follow","max-snippet":"max-snippet:-1","max-image-preview":"max-image-preview:large","max-video-preview":"max-video-preview:-1"},"canonical":"https:\/\/www.estrategiaconcursos.com.br\/blog\/concurso-seap-pa-edital-sera-divulgado-em-30-de-junho-diz-seplad\/","og_locale":"pt_BR","og_type":"article","og_title":"Concurso SEAP PA: \"Edital ser\u00e1 divulgado em 30 de junho\", diz SEPLAD","og_description":"A SEPLAD PA confirmou nas redes sociais que o edital do concurso SEAP PA ser\u00e1 publicado na pr\u00f3xima quarta-feira (30). Confira os detalhes!","og_url":"https:\/\/www.estrategiaconcursos.com.br\/blog\/concurso-seap-pa-edital-sera-divulgado-em-30-de-junho-diz-seplad\/","og_site_name":"Estrat\u00e9gia Concursos","article_author":"https:\/\/www.facebook.com\/EstrategiaConcursos","article_published_time":"2021-06-28T21:46:03+00:00","article_modified_time":"2021-06-29T09:32:53+00:00","og_image":[{"width":768,"height":432,"url":"https:\/\/dhg1h5j42swfq.cloudfront.net\/2021\/04\/28123331\/seap-pa.jpg","type":"image\/jpeg"}],"author":"Coordena\u00e7\u00e3o","twitter_card":"summary_large_image","twitter_creator":"@EstratConcursos","twitter_site":"@EstratConcursos","twitter_misc":{"Escrito por":"Coordena\u00e7\u00e3o","Est. tempo de leitura":"2 minutos"},"schema":{"@context":"https:\/\/schema.org","@graph":[{"@type":"NewsArticle","@id":"https:\/\/www.estrategiaconcursos.com.br\/blog\/concurso-seap-pa-edital-sera-divulgado-em-30-de-junho-diz-seplad\/#article","isPartOf":{"@id":"https:\/\/www.estrategiaconcursos.com.br\/blog\/concurso-seap-pa-edital-sera-divulgado-em-30-de-junho-diz-seplad\/"},"author":{"name":"Coordena\u00e7\u00e3o","@id":"https:\/\/www.estrategiaconcursos.com.br\/blog\/#\/schema\/person\/b4a388c97673c5f483d72185668afa1f"},"headline":"Concurso SEAP PA: &#8220;Edital ser\u00e1 divulgado em 30 de junho&#8221;, diz SEPLAD","datePublished":"2021-06-28T21:46:03+00:00","dateModified":"2021-06-29T09:32:53+00:00","mainEntityOfPage":{"@id":"https:\/\/www.estrategiaconcursos.com.br\/blog\/concurso-seap-pa-edital-sera-divulgado-em-30-de-junho-diz-seplad\/"},"wordCount":316,"commentCount":0,"publisher":{"@id":"https:\/\/www.estrategiaconcursos.com.br\/blog\/#organization"},"image":{"@id":"https:\/\/www.estrategiaconcursos.com.br\/blog\/concurso-seap-pa-edital-sera-divulgado-em-30-de-junho-diz-seplad\/#primaryimage"},"thumbnailUrl":"https:\/\/dhg1h5j42swfq.cloudfront.net\/2021\/04\/28123331\/seap-pa.jpg","articleSection":["Policial (Agente Penitenci\u00e1rio)"],"inLanguage":"pt-BR","potentialAction":[{"@type":"CommentAction","name":"Comment","target":["https:\/\/www.estrategiaconcursos.com.br\/blog\/concurso-seap-pa-edital-sera-divulgado-em-30-de-junho-diz-seplad\/#respond"]}],"copyrightYear":"2021","copyrightHolder":{"@id":"https:\/\/www.estrategiaconcursos.com.br\/blog\/#organization"}},{"@type":"WebPage","@id":"https:\/\/www.estrategiaconcursos.com.br\/blog\/concurso-seap-pa-edital-sera-divulgado-em-30-de-junho-diz-seplad\/","url":"https:\/\/www.estrategiaconcursos.com.br\/blog\/concurso-seap-pa-edital-sera-divulgado-em-30-de-junho-diz-seplad\/","name":"Concurso SEAP PA: \"Edital ser\u00e1 divulgado em 30 de junho\", diz SEPLAD","isPartOf":{"@id":"https:\/\/www.estrategiaconcursos.com.br\/blog\/#website"},"primaryImageOfPage":{"@id":"https:\/\/www.estrategiaconcursos.com.br\/blog\/concurso-seap-pa-edital-sera-divulgado-em-30-de-junho-diz-seplad\/#primaryimage"},"image":{"@id":"https:\/\/www.estrategiaconcursos.com.br\/blog\/concurso-seap-pa-edital-sera-divulgado-em-30-de-junho-diz-seplad\/#primaryimage"},"thumbnailUrl":"https:\/\/dhg1h5j42swfq.cloudfront.net\/2021\/04\/28123331\/seap-pa.jpg","datePublished":"2021-06-28T21:46:03+00:00","dateModified":"2021-06-29T09:32:53+00:00","description":"A SEPLAD PA confirmou nas redes sociais que o edital do concurso SEAP PA ser\u00e1 publicado na pr\u00f3xima quarta-feira (30). Confira os detalhes!","breadcrumb":{"@id":"https:\/\/www.estrategiaconcursos.com.br\/blog\/concurso-seap-pa-edital-sera-divulgado-em-30-de-junho-diz-seplad\/#breadcrumb"},"inLanguage":"pt-BR","potentialAction":[{"@type":"ReadAction","target":["https:\/\/www.estrategiaconcursos.com.br\/blog\/concurso-seap-pa-edital-sera-divulgado-em-30-de-junho-diz-seplad\/"]}]},{"@type":"ImageObject","inLanguage":"pt-BR","@id":"https:\/\/www.estrategiaconcursos.com.br\/blog\/concurso-seap-pa-edital-sera-divulgado-em-30-de-junho-diz-seplad\/#primaryimage","url":"https:\/\/dhg1h5j42swfq.cloudfront.net\/2021\/04\/28123331\/seap-pa.jpg","contentUrl":"https:\/\/dhg1h5j42swfq.cloudfront.net\/2021\/04\/28123331\/seap-pa.jpg","width":768,"height":432,"caption":"seap pa"},{"@type":"BreadcrumbList","@id":"https:\/\/www.estrategiaconcursos.com.br\/blog\/concurso-seap-pa-edital-sera-divulgado-em-30-de-junho-diz-seplad\/#breadcrumb","itemListElement":[{"@type":"ListItem","position":1,"name":"In\u00edcio","item":"https:\/\/www.estrategiaconcursos.com.br\/blog\/"},{"@type":"ListItem","position":2,"name":"Concurso SEAP PA: &#8220;Edital ser\u00e1 divulgado em 30 de junho&#8221;, diz SEPLAD"}]},{"@type":"WebSite","@id":"https:\/\/www.estrategiaconcursos.com.br\/blog\/#website","url":"https:\/\/www.estrategiaconcursos.com.br\/blog\/","name":"Estrat\u00e9gia Concursos","description":"O blog da Estrat\u00e9gia Concursos traz not\u00edcias sobre concursos e artigos de professores oferecendo cursos para concursos (pdf + videaulas) no site.","publisher":{"@id":"https:\/\/www.estrategiaconcursos.com.br\/blog\/#organization"},"potentialAction":[{"@type":"SearchAction","target":{"@type":"EntryPoint","urlTemplate":"https:\/\/www.estrategiaconcursos.com.br\/blog\/?s={search_term_string}"},"query-input":{"@type":"PropertyValueSpecification","valueRequired":true,"valueName":"search_term_string"}}],"inLanguage":"pt-BR"},{"@type":"Organization","@id":"https:\/\/www.estrategiaconcursos.com.br\/blog\/#organization","name":"Estrat\u00e9gia Concursos","url":"https:\/\/www.estrategiaconcursos.com.br\/blog\/","logo":{"@type":"ImageObject","inLanguage":"pt-BR","@id":"https:\/\/www.estrategiaconcursos.com.br\/blog\/#\/schema\/logo\/image\/","url":"https:\/\/dhg1h5j42swfq.cloudfront.net\/2025\/06\/03203428\/logo_concursos-1.jpg","contentUrl":"https:\/\/dhg1h5j42swfq.cloudfront.net\/2025\/06\/03203428\/logo_concursos-1.jpg","width":230,"height":60,"caption":"Estrat\u00e9gia Concursos"},"image":{"@id":"https:\/\/www.estrategiaconcursos.com.br\/blog\/#\/schema\/logo\/image\/"},"sameAs":["https:\/\/x.com\/EstratConcursos"]},{"@type":"Person","@id":"https:\/\/www.estrategiaconcursos.com.br\/blog\/#\/schema\/person\/b4a388c97673c5f483d72185668afa1f","name":"Coordena\u00e7\u00e3o","image":{"@type":"ImageObject","inLanguage":"pt-BR","@id":"https:\/\/secure.gravatar.com\/avatar\/b720319e4c9a967eb58678d110f4fe35452fc5d5f97b202bac7b8acceb18c6ad?s=96&d=mm&r=g","url":"https:\/\/secure.gravatar.com\/avatar\/b720319e4c9a967eb58678d110f4fe35452fc5d5f97b202bac7b8acceb18c6ad?s=96&d=mm&r=g","contentUrl":"https:\/\/secure.gravatar.com\/avatar\/b720319e4c9a967eb58678d110f4fe35452fc5d5f97b202bac7b8acceb18c6ad?s=96&d=mm&r=g","caption":"Coordena\u00e7\u00e3o"},"sameAs":["https:\/\/www.facebook.com\/EstrategiaConcursos","https:\/\/x.com\/EstratConcursos"],"url":"https:\/\/www.estrategiaconcursos.com.br\/blog\/author\/estrategia2013\/"}]}},"_links":{"self":[{"href":"https:\/\/www.estrategiaconcursos.com.br\/blog\/wp-json\/wp\/v2\/posts\/779656","targetHints":{"allow":["GET"]}}],"collection":[{"href":"https:\/\/www.estrategiaconcursos.com.br\/blog\/wp-json\/wp\/v2\/posts"}],"about":[{"href":"https:\/\/www.estrategiaconcursos.com.br\/blog\/wp-json\/wp\/v2\/types\/post"}],"author":[{"embeddable":true,"href":"https:\/\/www.estrategiaconcursos.com.br\/blog\/wp-json\/wp\/v2\/users\/1"}],"replies":[{"embeddable":true,"href":"https:\/\/www.estrategiaconcursos.com.br\/blog\/wp-json\/wp\/v2\/comments?post=779656"}],"version-history":[{"count":11,"href":"https:\/\/www.estrategiaconcursos.com.br\/blog\/wp-json\/wp\/v2\/posts\/779656\/revisions"}],"predecessor-version":[{"id":779902,"href":"https:\/\/www.estrategiaconcursos.com.br\/blog\/wp-json\/wp\/v2\/posts\/779656\/revisions\/779902"}],"wp:featuredmedia":[{"embeddable":true,"href":"https:\/\/www.estrategiaconcursos.com.br\/blog\/wp-json\/wp\/v2\/media\/725652"}],"wp:attachment":[{"href":"https:\/\/www.estrategiaconcursos.com.br\/blog\/wp-json\/wp\/v2\/media?parent=779656"}],"wp:term":[{"taxonomy":"category","embeddable":true,"href":"https:\/\/www.estrategiaconcursos.com.br\/blog\/wp-json\/wp\/v2\/categories?post=779656"},{"taxonomy":"post_tag","embeddable":true,"href":"https:\/\/www.estrategiaconcursos.com.br\/blog\/wp-json\/wp\/v2\/tags?post=779656"},{"taxonomy":"tax_estado","embeddable":true,"href":"https:\/\/www.estrategiaconcursos.com.br\/blog\/wp-json\/wp\/v2\/tax_estado?post=779656"}],"curies":[{"name":"wp","href":"https:\/\/api.w.org\/{rel}","templated":true}]}}