{"id":778528,"date":"2021-06-27T23:45:36","date_gmt":"2021-06-28T02:45:36","guid":{"rendered":"https:\/\/www.estrategiaconcursos.com.br\/blog\/?p=778528"},"modified":"2021-06-28T18:15:51","modified_gmt":"2021-06-28T21:15:51","slug":"gabarito-extraoficial-depen-etica-e-direito-administrativo","status":"publish","type":"post","link":"https:\/\/www.estrategiaconcursos.com.br\/blog\/gabarito-extraoficial-depen-etica-e-direito-administrativo\/","title":{"rendered":"Gabarito DEPEN &#8211; \u00c9tica e Direito Administrativo (Extraoficial)"},"content":{"rendered":"\n<p>Fala, pessoal. Tudo bem?<\/p>\n\n\n\n<p>Aqui \u00e9 o Prof. Th\u00e1llius Moraes! Hoje, 27\/06, ocorreu a prova do DEPEN. Trarei abaixo o gabarito extraoficial das quest\u00f5es de <strong>\u00c9tica e Direito Administrativo<\/strong>, com alguns breves coment\u00e1rios. Vale ressaltar que \u00e9 importante aguardar o gabarito preliminar da banca para confirmar o seu resultado.<\/p>\n\n\n\n<p><em>Vamos l\u00e1?<\/em><\/p>\n\n\n\n<p><span class=\"has-inline-color has-pale-pink-color\"><strong>QUEST\u00d5ES DE \u00c9TICA<\/strong>:<\/span><\/p>\n\n\n\n<p><em><span class=\"has-inline-color has-vivid-purple-color\"><strong>Quest\u00e3o 14<\/strong>: Compete exclusivamente \u00e0 Controladoria-Geral\u2026<\/span><\/em><\/p>\n\n\n\n<p><strong>Resposta<\/strong>: ERRADO<\/p>\n\n\n\n<p>A palavra \u201cexclusivamente\u201d tornou a assertiva errada. De acordo com a Lei 12.846\/13, a CGU possui compet\u00eancia de instaura\u00e7\u00e3o do processo administrativo de responsabiliza\u00e7\u00e3o apenas no \u00e2mbito do Poder Executivo Federal (Art. 8\u00ba, \u00a7 2\u00ba). Logo, n\u00e3o compete exclusivamente \u00e0 CGU.<\/p>\n\n\n\n<p><span class=\"has-inline-color has-vivid-purple-color\"><em><strong>Quest\u00e3o 15<\/strong>: A responsabiliza\u00e7\u00e3o administrativa\u2026<\/em><\/span><\/p>\n\n\n\n<p><strong>Resposta<\/strong>: ERRADO<\/p>\n\n\n\n<p>Errado, de acordo com o Art. 1\u00ba da Lei 12.846\/13.<\/p>\n\n\n\n<p><em>Art. 1\u00ba Esta Lei disp\u00f5e sobre a responsabiliza\u00e7\u00e3o <strong>objetiva <\/strong>administrativa e civil de pessoas jur\u00eddicas pela pr\u00e1tica de atos contra a administra\u00e7\u00e3o p\u00fablica, nacional ou estrangeira.<\/em><\/p>\n\n\n\n<p>Por ser responsabilidade OBJETIVA, dispensa comprova\u00e7\u00e3o de dolo ou culpa.<\/p>\n\n\n\n<p><em><span class=\"has-inline-color has-vivid-purple-color\"><strong>Quest\u00e3o 16<\/strong>: Os valores \u00e9ticos\u2026<\/span><\/em><\/p>\n\n\n\n<p><strong>Resposta<\/strong>: ERRADO<\/p>\n\n\n\n<p>Quest\u00e3o um pouco mais complicada. O valor \u00e9tico \u00e9 vari\u00e1vel por cada grupo social (e n\u00e3o por cada indiv\u00edduo). Por\u00e9m, \u00e9 poss\u00edvel tentar um recurso alegando que \u201ccada pessoa tamb\u00e9m possui seus valores \u00e9ticos&#8230;\u201d.<\/p>\n\n\n\n<p><span class=\"has-inline-color has-vivid-purple-color\"><em><strong>Quest\u00e3o 17<\/strong>: A responsabilidade moral\u2026<\/em><\/span><\/p>\n\n\n\n<p><strong>Resposta<\/strong>: CERTO<\/p>\n\n\n\n<p>A corrente do Determinismo prega que o comportamento \u00e9tico \u00e9 exigido do indiv\u00edduo que possui liberdade, portanto, a pessoa \u00e9 julgada\/condenada por aquilo que faz enquanto est\u00e1 livre. Aparentemente, essa foi a teoria abordada por essa quest\u00e3o. <\/p>\n\n\n\n<p><em><span class=\"has-inline-color has-vivid-purple-color\"><strong>Quest\u00e3o 18<\/strong>: A penalidade de destitui\u00e7\u00e3o\u2026<\/span><\/em><\/p>\n\n\n\n<p><strong>Resposta<\/strong>: ERRADO<\/p>\n\n\n\n<p>Nos termos da 8.112\/90, a destitui\u00e7\u00e3o necessita de PAD (e n\u00e3o de sindic\u00e2ncia acusat\u00f3ria). Por\u00e9m, se a banca considerar esp\u00e9cies de sindic\u00e2ncia sem levar em conta a Lei 8.112\/90, a quest\u00e3o est\u00e1 correta. Como a banca Cebraspe costuma ser legalista (e a Lei 8.112\/90 \u00e9 clara quanto a isso), entendemos o gabarito como errado.<\/p>\n\n\n\n<p>Caso o gabarito oficial seja dado como \u201cCORRETO\u201d, caber\u00e1 recurso trazendo a fundamenta\u00e7\u00e3o legal.<\/p>\n\n\n\n<p><em><span class=\"has-inline-color has-vivid-purple-color\"><strong>Quest\u00e3o 19<\/strong>: A sindic\u00e2ncia investigat\u00f3ria\u2026<\/span><\/em><\/p>\n\n\n\n<p><strong>Resposta<\/strong>: CERTO<\/p>\n\n\n\n<p>A sindic\u00e2ncia investigat\u00f3ria n\u00e3o tem finalidade punitiva, ela apenas investiga. Por isso, ela dispensa (= prescinde) contradit\u00f3rio e ampla defesa, visto que n\u00e3o visa punir ningu\u00e9m. Portanto, item correto.<\/p>\n\n\n\n<p><span class=\"has-inline-color has-pale-pink-color\"><strong>QUEST\u00d5ES DE DIREITO ADMINISTRATIVO<\/strong>:<\/span><\/p>\n\n\n\n<p><em><span class=\"has-inline-color has-vivid-purple-color\"><strong>Quest\u00e3o 37<\/strong>: Por se ausentar do servi\u00e7o\u2026<\/span><\/em><\/p>\n\n\n\n<p><strong>Resposta<\/strong>: ERRADO<\/p>\n\n\n\n<p>Nesse caso, ele estar\u00e1 sujeito a ADVERT\u00caNCIA (e n\u00e3o suspens\u00e3o).<\/p>\n\n\n\n<p><em><span class=\"has-inline-color has-vivid-purple-color\"><strong>Quest\u00e3o 38<\/strong>: A atitude do chefe\u2026<\/span><\/em><\/p>\n\n\n\n<p><strong>Resposta<\/strong>: CERTO<\/p>\n\n\n\n<p>De fato, os atos administrativos devem ser motivados e, no \u00e2mbito de atos que fa\u00e7am a dispensa de licita\u00e7\u00e3o, essa motiva\u00e7\u00e3o \u00e9 exigida pela Lei 8.666\/93 (Art. 26). Portanto, gabarito correto, visto que o chefe de Jo\u00e3o realmente agiu de maneira equivocada ao n\u00e3o motivar o seu ato.<\/p>\n\n\n\n<p><em><span class=\"has-inline-color has-vivid-purple-color\"><strong>Quest\u00e3o 39<\/strong>: \u00c9 leg\u00edtimo a administra\u00e7\u00e3o p\u00fablica\u2026<\/span><\/em><\/p>\n\n\n\n<p><strong>Resposta<\/strong>: CERTO<\/p>\n\n\n\n<p>Correto, de acordo com o artigo 40, \u00a7 5\u00ba da Lei 8.666\/93.<\/p>\n\n\n\n<p><em><span class=\"has-inline-color has-vivid-purple-color\"><strong>Quest\u00e3o 40<\/strong>: No \u00e2mbito administrativo\u2026<\/span><\/em><\/p>\n\n\n\n<p><strong>Resposta<\/strong>: CERTO<\/p>\n\n\n\n<p>O poder hier\u00e1rquico \u00e9 o poder de dar ordens. A quest\u00e3o n\u00e3o falou de penalidade aplic\u00e1vel (que seria caso de poder disciplinar). De fato, a pr\u00e1tica de insubordina\u00e7\u00e3o ofende o poder hier\u00e1rquico. Portanto, correto.<\/p>\n\n\n\n<p><em><span class=\"has-inline-color has-vivid-purple-color\"><strong>Quest\u00e3o 41<\/strong>: Fernanda, caso tenha se\u2026<\/span><\/em><\/p>\n\n\n\n<p><strong>Resposta<\/strong>: ERRADO<\/p>\n\n\n\n<p>Fernanda pode processar a Uni\u00e3o, por\u00e9m a responsabilidade do Estado \u00e9 OBJETIVA, n\u00e3o sendo necess\u00e1ria a comprova\u00e7\u00e3o de dolo ou culpa.<\/p>\n\n\n\n<p><em><span class=\"has-inline-color has-vivid-purple-color\"><strong>Quest\u00e3o 42<\/strong>: A puni\u00e7\u00e3o de Bruno exemplifica\u2026<\/span><\/em><\/p>\n\n\n\n<p><strong>Resposta<\/strong>: ERRADO<\/p>\n\n\n\n<p>A puni\u00e7\u00e3o de Bruno exemplifica o poder disciplinar (e n\u00e3o de pol\u00edcia), visto que Bruno \u00e9 SERVIDOR P\u00daBLICO.<\/p>\n\n\n\n<p><em><span class=\"has-inline-color has-vivid-purple-color\"><strong>Quest\u00e3o 43<\/strong>: A Lei n.\u00ba 8.112\/1990\u2026<\/span><\/em><\/p>\n\n\n\n<p><strong>Resposta:<\/strong> ERRADO<\/p>\n\n\n\n<p>A lei \u00e9 aplicada a servidor estatu\u00e1rio titular de cargo efetivo e tamb\u00e9m de cargo comissionado.<\/p>\n\n\n\n<p><em><span class=\"has-inline-color has-vivid-purple-color\"><strong>Quest\u00e3o 44<\/strong>: Configurada situa\u00e7\u00e3o de grave e iminente\u2026<\/span><\/em><\/p>\n\n\n\n<p><strong>Resposta<\/strong>: CERTO<\/p>\n\n\n\n<p>Correto, de acordo com o Art. 24, inciso XXXV&nbsp;da Lei 8.666\/93.<\/p>\n\n\n\n<hr class=\"wp-block-separator\"\/>\n\n\n\n<p>Esperamos que tenham mandado bem na prova!<\/p>\n","protected":false},"excerpt":{"rendered":"<p>Fala, pessoal. Tudo bem? Aqui \u00e9 o Prof. Th\u00e1llius Moraes! Hoje, 27\/06, ocorreu a prova do DEPEN. Trarei abaixo o gabarito extraoficial das quest\u00f5es de \u00c9tica e Direito Administrativo, com alguns breves coment\u00e1rios. Vale ressaltar que \u00e9 importante aguardar o gabarito preliminar da banca para confirmar o seu resultado. Vamos l\u00e1? QUEST\u00d5ES DE \u00c9TICA: Quest\u00e3o [&hellip;]<\/p>\n","protected":false},"author":1427,"featured_media":778529,"comment_status":"open","ping_status":"closed","sticky":false,"template":"","format":"standard","meta":{"post_tipo":"article","footnotes":""},"categories":[220188],"tags":[],"tax_estado":[219963],"class_list":["post-778528","post","type-post","status-publish","format-standard","has-post-thumbnail","hentry","category-policial-agente-penitenciario","tax_estado-concursos-federais"],"acf":[],"yoast_head":"<!-- This site is optimized with the Yoast SEO Premium plugin v27.2 (Yoast SEO v27.2) - https:\/\/yoast.com\/product\/yoast-seo-premium-wordpress\/ -->\n<title>Gabarito DEPEN - \u00c9tica e Direito Administrativo (Extraoficial)<\/title>\n<meta name=\"description\" content=\"Confira o gabarito e a corre\u00e7\u00e3o extraoficial da prova de \u00c9tica e Direito Adm. do DEPEN, cargo de Agente Federal de Execu\u00e7\u00e3o Penal.\" \/>\n<meta name=\"robots\" content=\"index, follow, max-snippet:-1, max-image-preview:large, max-video-preview:-1\" \/>\n<link rel=\"canonical\" href=\"https:\/\/www.estrategiaconcursos.com.br\/blog\/gabarito-extraoficial-depen-etica-e-direito-administrativo\/\" \/>\n<meta property=\"og:locale\" content=\"pt_BR\" \/>\n<meta property=\"og:type\" content=\"article\" \/>\n<meta property=\"og:title\" content=\"Gabarito DEPEN - \u00c9tica e Direito Administrativo (Extraoficial)\" \/>\n<meta property=\"og:description\" content=\"Confira o gabarito e a corre\u00e7\u00e3o extraoficial da prova de \u00c9tica e Direito Adm. do DEPEN, cargo de Agente Federal de Execu\u00e7\u00e3o Penal.\" \/>\n<meta property=\"og:url\" content=\"https:\/\/www.estrategiaconcursos.com.br\/blog\/gabarito-extraoficial-depen-etica-e-direito-administrativo\/\" \/>\n<meta property=\"og:site_name\" content=\"Estrat\u00e9gia Concursos\" \/>\n<meta property=\"article:published_time\" content=\"2021-06-28T02:45:36+00:00\" \/>\n<meta property=\"article:modified_time\" content=\"2021-06-28T21:15:51+00:00\" \/>\n<meta property=\"og:image\" content=\"https:\/\/dhg1h5j42swfq.cloudfront.net\/2021\/06\/27233615\/depen-5.jpg\" \/>\n\t<meta property=\"og:image:width\" content=\"1024\" \/>\n\t<meta property=\"og:image:height\" content=\"536\" \/>\n\t<meta property=\"og:image:type\" content=\"image\/jpeg\" \/>\n<meta name=\"author\" content=\"Th\u00e1llius Moraes\" \/>\n<meta name=\"twitter:card\" content=\"summary_large_image\" \/>\n<meta name=\"twitter:creator\" content=\"@EstratConcursos\" \/>\n<meta name=\"twitter:site\" content=\"@EstratConcursos\" \/>\n<meta name=\"twitter:label1\" content=\"Escrito por\" \/>\n\t<meta name=\"twitter:data1\" content=\"Th\u00e1llius Moraes\" \/>\n\t<meta name=\"twitter:label2\" content=\"Est. tempo de leitura\" \/>\n\t<meta name=\"twitter:data2\" content=\"3 minutos\" \/>\n<script type=\"application\/ld+json\" class=\"yoast-schema-graph\">{\"@context\":\"https:\/\/schema.org\",\"@graph\":[{\"@type\":\"NewsArticle\",\"@id\":\"https:\/\/www.estrategiaconcursos.com.br\/blog\/gabarito-extraoficial-depen-etica-e-direito-administrativo\/#article\",\"isPartOf\":{\"@id\":\"https:\/\/www.estrategiaconcursos.com.br\/blog\/gabarito-extraoficial-depen-etica-e-direito-administrativo\/\"},\"author\":{\"name\":\"Th\u00e1llius Moraes\",\"@id\":\"https:\/\/www.estrategiaconcursos.com.br\/blog\/#\/schema\/person\/8256b68741ca07fc26ecae48c1694fb2\"},\"headline\":\"Gabarito DEPEN &#8211; \u00c9tica e Direito Administrativo (Extraoficial)\",\"datePublished\":\"2021-06-28T02:45:36+00:00\",\"dateModified\":\"2021-06-28T21:15:51+00:00\",\"mainEntityOfPage\":{\"@id\":\"https:\/\/www.estrategiaconcursos.com.br\/blog\/gabarito-extraoficial-depen-etica-e-direito-administrativo\/\"},\"wordCount\":653,\"commentCount\":0,\"publisher\":{\"@id\":\"https:\/\/www.estrategiaconcursos.com.br\/blog\/#organization\"},\"image\":{\"@id\":\"https:\/\/www.estrategiaconcursos.com.br\/blog\/gabarito-extraoficial-depen-etica-e-direito-administrativo\/#primaryimage\"},\"thumbnailUrl\":\"https:\/\/dhg1h5j42swfq.cloudfront.net\/2021\/06\/27233615\/depen-5.jpg\",\"articleSection\":[\"Policial (Agente Penitenci\u00e1rio)\"],\"inLanguage\":\"pt-BR\",\"potentialAction\":[{\"@type\":\"CommentAction\",\"name\":\"Comment\",\"target\":[\"https:\/\/www.estrategiaconcursos.com.br\/blog\/gabarito-extraoficial-depen-etica-e-direito-administrativo\/#respond\"]}],\"copyrightYear\":\"2021\",\"copyrightHolder\":{\"@id\":\"https:\/\/www.estrategiaconcursos.com.br\/blog\/#organization\"}},{\"@type\":\"WebPage\",\"@id\":\"https:\/\/www.estrategiaconcursos.com.br\/blog\/gabarito-extraoficial-depen-etica-e-direito-administrativo\/\",\"url\":\"https:\/\/www.estrategiaconcursos.com.br\/blog\/gabarito-extraoficial-depen-etica-e-direito-administrativo\/\",\"name\":\"Gabarito DEPEN - \u00c9tica e Direito Administrativo (Extraoficial)\",\"isPartOf\":{\"@id\":\"https:\/\/www.estrategiaconcursos.com.br\/blog\/#website\"},\"primaryImageOfPage\":{\"@id\":\"https:\/\/www.estrategiaconcursos.com.br\/blog\/gabarito-extraoficial-depen-etica-e-direito-administrativo\/#primaryimage\"},\"image\":{\"@id\":\"https:\/\/www.estrategiaconcursos.com.br\/blog\/gabarito-extraoficial-depen-etica-e-direito-administrativo\/#primaryimage\"},\"thumbnailUrl\":\"https:\/\/dhg1h5j42swfq.cloudfront.net\/2021\/06\/27233615\/depen-5.jpg\",\"datePublished\":\"2021-06-28T02:45:36+00:00\",\"dateModified\":\"2021-06-28T21:15:51+00:00\",\"description\":\"Confira o gabarito e a corre\u00e7\u00e3o extraoficial da prova de \u00c9tica e Direito Adm. do DEPEN, cargo de Agente Federal de Execu\u00e7\u00e3o Penal.\",\"breadcrumb\":{\"@id\":\"https:\/\/www.estrategiaconcursos.com.br\/blog\/gabarito-extraoficial-depen-etica-e-direito-administrativo\/#breadcrumb\"},\"inLanguage\":\"pt-BR\",\"potentialAction\":[{\"@type\":\"ReadAction\",\"target\":[\"https:\/\/www.estrategiaconcursos.com.br\/blog\/gabarito-extraoficial-depen-etica-e-direito-administrativo\/\"]}]},{\"@type\":\"ImageObject\",\"inLanguage\":\"pt-BR\",\"@id\":\"https:\/\/www.estrategiaconcursos.com.br\/blog\/gabarito-extraoficial-depen-etica-e-direito-administrativo\/#primaryimage\",\"url\":\"https:\/\/dhg1h5j42swfq.cloudfront.net\/2021\/06\/27233615\/depen-5.jpg\",\"contentUrl\":\"https:\/\/dhg1h5j42swfq.cloudfront.net\/2021\/06\/27233615\/depen-5.jpg\",\"width\":1024,\"height\":536},{\"@type\":\"BreadcrumbList\",\"@id\":\"https:\/\/www.estrategiaconcursos.com.br\/blog\/gabarito-extraoficial-depen-etica-e-direito-administrativo\/#breadcrumb\",\"itemListElement\":[{\"@type\":\"ListItem\",\"position\":1,\"name\":\"In\u00edcio\",\"item\":\"https:\/\/www.estrategiaconcursos.com.br\/blog\/\"},{\"@type\":\"ListItem\",\"position\":2,\"name\":\"Gabarito DEPEN &#8211; \u00c9tica e Direito Administrativo (Extraoficial)\"}]},{\"@type\":\"WebSite\",\"@id\":\"https:\/\/www.estrategiaconcursos.com.br\/blog\/#website\",\"url\":\"https:\/\/www.estrategiaconcursos.com.br\/blog\/\",\"name\":\"Estrat\u00e9gia Concursos\",\"description\":\"O blog da Estrat\u00e9gia Concursos traz not\u00edcias sobre concursos e artigos de professores oferecendo cursos para concursos (pdf + videaulas) no site.\",\"publisher\":{\"@id\":\"https:\/\/www.estrategiaconcursos.com.br\/blog\/#organization\"},\"potentialAction\":[{\"@type\":\"SearchAction\",\"target\":{\"@type\":\"EntryPoint\",\"urlTemplate\":\"https:\/\/www.estrategiaconcursos.com.br\/blog\/?s={search_term_string}\"},\"query-input\":{\"@type\":\"PropertyValueSpecification\",\"valueRequired\":true,\"valueName\":\"search_term_string\"}}],\"inLanguage\":\"pt-BR\"},{\"@type\":\"Organization\",\"@id\":\"https:\/\/www.estrategiaconcursos.com.br\/blog\/#organization\",\"name\":\"Estrat\u00e9gia Concursos\",\"url\":\"https:\/\/www.estrategiaconcursos.com.br\/blog\/\",\"logo\":{\"@type\":\"ImageObject\",\"inLanguage\":\"pt-BR\",\"@id\":\"https:\/\/www.estrategiaconcursos.com.br\/blog\/#\/schema\/logo\/image\/\",\"url\":\"https:\/\/dhg1h5j42swfq.cloudfront.net\/2025\/06\/03203428\/logo_concursos-1.jpg\",\"contentUrl\":\"https:\/\/dhg1h5j42swfq.cloudfront.net\/2025\/06\/03203428\/logo_concursos-1.jpg\",\"width\":230,\"height\":60,\"caption\":\"Estrat\u00e9gia Concursos\"},\"image\":{\"@id\":\"https:\/\/www.estrategiaconcursos.com.br\/blog\/#\/schema\/logo\/image\/\"},\"sameAs\":[\"https:\/\/x.com\/EstratConcursos\"]},{\"@type\":\"Person\",\"@id\":\"https:\/\/www.estrategiaconcursos.com.br\/blog\/#\/schema\/person\/8256b68741ca07fc26ecae48c1694fb2\",\"name\":\"Th\u00e1llius Moraes\",\"image\":{\"@type\":\"ImageObject\",\"inLanguage\":\"pt-BR\",\"@id\":\"https:\/\/secure.gravatar.com\/avatar\/060e28f728bbc43a65d95a82796176e0c859f8fec714d4d8ddd488661038d24b?s=96&d=mm&r=g\",\"url\":\"https:\/\/secure.gravatar.com\/avatar\/060e28f728bbc43a65d95a82796176e0c859f8fec714d4d8ddd488661038d24b?s=96&d=mm&r=g\",\"contentUrl\":\"https:\/\/secure.gravatar.com\/avatar\/060e28f728bbc43a65d95a82796176e0c859f8fec714d4d8ddd488661038d24b?s=96&d=mm&r=g\",\"caption\":\"Th\u00e1llius Moraes\"},\"url\":\"https:\/\/www.estrategiaconcursos.com.br\/blog\/author\/thalliusmgmail-com\/\"}]}<\/script>\n<!-- \/ Yoast SEO Premium plugin. -->","yoast_head_json":{"title":"Gabarito DEPEN - \u00c9tica e Direito Administrativo (Extraoficial)","description":"Confira o gabarito e a corre\u00e7\u00e3o extraoficial da prova de \u00c9tica e Direito Adm. do DEPEN, cargo de Agente Federal de Execu\u00e7\u00e3o Penal.","robots":{"index":"index","follow":"follow","max-snippet":"max-snippet:-1","max-image-preview":"max-image-preview:large","max-video-preview":"max-video-preview:-1"},"canonical":"https:\/\/www.estrategiaconcursos.com.br\/blog\/gabarito-extraoficial-depen-etica-e-direito-administrativo\/","og_locale":"pt_BR","og_type":"article","og_title":"Gabarito DEPEN - \u00c9tica e Direito Administrativo (Extraoficial)","og_description":"Confira o gabarito e a corre\u00e7\u00e3o extraoficial da prova de \u00c9tica e Direito Adm. do DEPEN, cargo de Agente Federal de Execu\u00e7\u00e3o Penal.","og_url":"https:\/\/www.estrategiaconcursos.com.br\/blog\/gabarito-extraoficial-depen-etica-e-direito-administrativo\/","og_site_name":"Estrat\u00e9gia Concursos","article_published_time":"2021-06-28T02:45:36+00:00","article_modified_time":"2021-06-28T21:15:51+00:00","og_image":[{"width":1024,"height":536,"url":"https:\/\/dhg1h5j42swfq.cloudfront.net\/2021\/06\/27233615\/depen-5.jpg","type":"image\/jpeg"}],"author":"Th\u00e1llius Moraes","twitter_card":"summary_large_image","twitter_creator":"@EstratConcursos","twitter_site":"@EstratConcursos","twitter_misc":{"Escrito por":"Th\u00e1llius Moraes","Est. tempo de leitura":"3 minutos"},"schema":{"@context":"https:\/\/schema.org","@graph":[{"@type":"NewsArticle","@id":"https:\/\/www.estrategiaconcursos.com.br\/blog\/gabarito-extraoficial-depen-etica-e-direito-administrativo\/#article","isPartOf":{"@id":"https:\/\/www.estrategiaconcursos.com.br\/blog\/gabarito-extraoficial-depen-etica-e-direito-administrativo\/"},"author":{"name":"Th\u00e1llius Moraes","@id":"https:\/\/www.estrategiaconcursos.com.br\/blog\/#\/schema\/person\/8256b68741ca07fc26ecae48c1694fb2"},"headline":"Gabarito DEPEN &#8211; \u00c9tica e Direito Administrativo (Extraoficial)","datePublished":"2021-06-28T02:45:36+00:00","dateModified":"2021-06-28T21:15:51+00:00","mainEntityOfPage":{"@id":"https:\/\/www.estrategiaconcursos.com.br\/blog\/gabarito-extraoficial-depen-etica-e-direito-administrativo\/"},"wordCount":653,"commentCount":0,"publisher":{"@id":"https:\/\/www.estrategiaconcursos.com.br\/blog\/#organization"},"image":{"@id":"https:\/\/www.estrategiaconcursos.com.br\/blog\/gabarito-extraoficial-depen-etica-e-direito-administrativo\/#primaryimage"},"thumbnailUrl":"https:\/\/dhg1h5j42swfq.cloudfront.net\/2021\/06\/27233615\/depen-5.jpg","articleSection":["Policial (Agente Penitenci\u00e1rio)"],"inLanguage":"pt-BR","potentialAction":[{"@type":"CommentAction","name":"Comment","target":["https:\/\/www.estrategiaconcursos.com.br\/blog\/gabarito-extraoficial-depen-etica-e-direito-administrativo\/#respond"]}],"copyrightYear":"2021","copyrightHolder":{"@id":"https:\/\/www.estrategiaconcursos.com.br\/blog\/#organization"}},{"@type":"WebPage","@id":"https:\/\/www.estrategiaconcursos.com.br\/blog\/gabarito-extraoficial-depen-etica-e-direito-administrativo\/","url":"https:\/\/www.estrategiaconcursos.com.br\/blog\/gabarito-extraoficial-depen-etica-e-direito-administrativo\/","name":"Gabarito DEPEN - \u00c9tica e Direito Administrativo (Extraoficial)","isPartOf":{"@id":"https:\/\/www.estrategiaconcursos.com.br\/blog\/#website"},"primaryImageOfPage":{"@id":"https:\/\/www.estrategiaconcursos.com.br\/blog\/gabarito-extraoficial-depen-etica-e-direito-administrativo\/#primaryimage"},"image":{"@id":"https:\/\/www.estrategiaconcursos.com.br\/blog\/gabarito-extraoficial-depen-etica-e-direito-administrativo\/#primaryimage"},"thumbnailUrl":"https:\/\/dhg1h5j42swfq.cloudfront.net\/2021\/06\/27233615\/depen-5.jpg","datePublished":"2021-06-28T02:45:36+00:00","dateModified":"2021-06-28T21:15:51+00:00","description":"Confira o gabarito e a corre\u00e7\u00e3o extraoficial da prova de \u00c9tica e Direito Adm. do DEPEN, cargo de Agente Federal de Execu\u00e7\u00e3o Penal.","breadcrumb":{"@id":"https:\/\/www.estrategiaconcursos.com.br\/blog\/gabarito-extraoficial-depen-etica-e-direito-administrativo\/#breadcrumb"},"inLanguage":"pt-BR","potentialAction":[{"@type":"ReadAction","target":["https:\/\/www.estrategiaconcursos.com.br\/blog\/gabarito-extraoficial-depen-etica-e-direito-administrativo\/"]}]},{"@type":"ImageObject","inLanguage":"pt-BR","@id":"https:\/\/www.estrategiaconcursos.com.br\/blog\/gabarito-extraoficial-depen-etica-e-direito-administrativo\/#primaryimage","url":"https:\/\/dhg1h5j42swfq.cloudfront.net\/2021\/06\/27233615\/depen-5.jpg","contentUrl":"https:\/\/dhg1h5j42swfq.cloudfront.net\/2021\/06\/27233615\/depen-5.jpg","width":1024,"height":536},{"@type":"BreadcrumbList","@id":"https:\/\/www.estrategiaconcursos.com.br\/blog\/gabarito-extraoficial-depen-etica-e-direito-administrativo\/#breadcrumb","itemListElement":[{"@type":"ListItem","position":1,"name":"In\u00edcio","item":"https:\/\/www.estrategiaconcursos.com.br\/blog\/"},{"@type":"ListItem","position":2,"name":"Gabarito DEPEN &#8211; \u00c9tica e Direito Administrativo (Extraoficial)"}]},{"@type":"WebSite","@id":"https:\/\/www.estrategiaconcursos.com.br\/blog\/#website","url":"https:\/\/www.estrategiaconcursos.com.br\/blog\/","name":"Estrat\u00e9gia Concursos","description":"O blog da Estrat\u00e9gia Concursos traz not\u00edcias sobre concursos e artigos de professores oferecendo cursos para concursos (pdf + videaulas) no site.","publisher":{"@id":"https:\/\/www.estrategiaconcursos.com.br\/blog\/#organization"},"potentialAction":[{"@type":"SearchAction","target":{"@type":"EntryPoint","urlTemplate":"https:\/\/www.estrategiaconcursos.com.br\/blog\/?s={search_term_string}"},"query-input":{"@type":"PropertyValueSpecification","valueRequired":true,"valueName":"search_term_string"}}],"inLanguage":"pt-BR"},{"@type":"Organization","@id":"https:\/\/www.estrategiaconcursos.com.br\/blog\/#organization","name":"Estrat\u00e9gia Concursos","url":"https:\/\/www.estrategiaconcursos.com.br\/blog\/","logo":{"@type":"ImageObject","inLanguage":"pt-BR","@id":"https:\/\/www.estrategiaconcursos.com.br\/blog\/#\/schema\/logo\/image\/","url":"https:\/\/dhg1h5j42swfq.cloudfront.net\/2025\/06\/03203428\/logo_concursos-1.jpg","contentUrl":"https:\/\/dhg1h5j42swfq.cloudfront.net\/2025\/06\/03203428\/logo_concursos-1.jpg","width":230,"height":60,"caption":"Estrat\u00e9gia Concursos"},"image":{"@id":"https:\/\/www.estrategiaconcursos.com.br\/blog\/#\/schema\/logo\/image\/"},"sameAs":["https:\/\/x.com\/EstratConcursos"]},{"@type":"Person","@id":"https:\/\/www.estrategiaconcursos.com.br\/blog\/#\/schema\/person\/8256b68741ca07fc26ecae48c1694fb2","name":"Th\u00e1llius Moraes","image":{"@type":"ImageObject","inLanguage":"pt-BR","@id":"https:\/\/secure.gravatar.com\/avatar\/060e28f728bbc43a65d95a82796176e0c859f8fec714d4d8ddd488661038d24b?s=96&d=mm&r=g","url":"https:\/\/secure.gravatar.com\/avatar\/060e28f728bbc43a65d95a82796176e0c859f8fec714d4d8ddd488661038d24b?s=96&d=mm&r=g","contentUrl":"https:\/\/secure.gravatar.com\/avatar\/060e28f728bbc43a65d95a82796176e0c859f8fec714d4d8ddd488661038d24b?s=96&d=mm&r=g","caption":"Th\u00e1llius Moraes"},"url":"https:\/\/www.estrategiaconcursos.com.br\/blog\/author\/thalliusmgmail-com\/"}]}},"_links":{"self":[{"href":"https:\/\/www.estrategiaconcursos.com.br\/blog\/wp-json\/wp\/v2\/posts\/778528","targetHints":{"allow":["GET"]}}],"collection":[{"href":"https:\/\/www.estrategiaconcursos.com.br\/blog\/wp-json\/wp\/v2\/posts"}],"about":[{"href":"https:\/\/www.estrategiaconcursos.com.br\/blog\/wp-json\/wp\/v2\/types\/post"}],"author":[{"embeddable":true,"href":"https:\/\/www.estrategiaconcursos.com.br\/blog\/wp-json\/wp\/v2\/users\/1427"}],"replies":[{"embeddable":true,"href":"https:\/\/www.estrategiaconcursos.com.br\/blog\/wp-json\/wp\/v2\/comments?post=778528"}],"version-history":[{"count":3,"href":"https:\/\/www.estrategiaconcursos.com.br\/blog\/wp-json\/wp\/v2\/posts\/778528\/revisions"}],"predecessor-version":[{"id":778577,"href":"https:\/\/www.estrategiaconcursos.com.br\/blog\/wp-json\/wp\/v2\/posts\/778528\/revisions\/778577"}],"wp:featuredmedia":[{"embeddable":true,"href":"https:\/\/www.estrategiaconcursos.com.br\/blog\/wp-json\/wp\/v2\/media\/778529"}],"wp:attachment":[{"href":"https:\/\/www.estrategiaconcursos.com.br\/blog\/wp-json\/wp\/v2\/media?parent=778528"}],"wp:term":[{"taxonomy":"category","embeddable":true,"href":"https:\/\/www.estrategiaconcursos.com.br\/blog\/wp-json\/wp\/v2\/categories?post=778528"},{"taxonomy":"post_tag","embeddable":true,"href":"https:\/\/www.estrategiaconcursos.com.br\/blog\/wp-json\/wp\/v2\/tags?post=778528"},{"taxonomy":"tax_estado","embeddable":true,"href":"https:\/\/www.estrategiaconcursos.com.br\/blog\/wp-json\/wp\/v2\/tax_estado?post=778528"}],"curies":[{"name":"wp","href":"https:\/\/api.w.org\/{rel}","templated":true}]}}