{"id":778425,"date":"2021-06-27T21:37:25","date_gmt":"2021-06-28T00:37:25","guid":{"rendered":"https:\/\/www.estrategiaconcursos.com.br\/blog\/?p=778425"},"modified":"2021-06-28T18:16:07","modified_gmt":"2021-06-28T21:16:07","slug":"gabarito-extraoficial-depen-direitos-humanos","status":"publish","type":"post","link":"https:\/\/www.estrategiaconcursos.com.br\/blog\/gabarito-extraoficial-depen-direitos-humanos\/","title":{"rendered":"Gabarito DEPEN &#8211; Direitos Humanos (Extraoficial) &#8211; Agente Penal"},"content":{"rendered":"\n<p>Ol\u00e1, pessoal! Tudo bem?<\/p>\n\n\n\n<p>Aqui \u00e9 o Prof. Ricardo Torques. Estou passando para trazer as primeiras impress\u00f5es do gabarito de Direitos Humanos da&nbsp;<strong>prova do DEPEN \u2013 Agente Federal de Execu\u00e7\u00e3o Penal<\/strong>! Lembrando que devemos aguardar o posicionamento da banca com o gabarito oficial.<\/p>\n\n\n\n<p><strong>Vamos conferir o gabarito comentado?<\/strong><\/p>\n\n\n\n<hr class=\"wp-block-separator\"\/>\n\n\n\n<p><em><strong>Quest\u00e3o 63:&nbsp;<\/strong>Sob determinadas condi\u00e7\u00f5es\u2026 <\/em><\/p>\n\n\n\n<p><strong><span class=\"has-inline-color has-vivid-red-color\">CERTO<\/span><\/strong><\/p>\n\n\n\n<p>Regra \u00e9 decreto, mas existem condi\u00e7\u00f5es descritas no \u00a7 \u00fanico do art. 3\u00ba do Decreto 9.759\/2019.<\/p>\n\n\n\n<p><em><strong>Quest\u00e3o 64:&nbsp;<\/strong>A presun\u00e7\u00e3o da inoc\u00eancia\u2026. <\/em><\/p>\n\n\n\n<p><strong><span class=\"has-inline-color has-vivid-red-color\">CERTO<\/span><\/strong><\/p>\n\n\n\n<p>Conforme art. XI, 1, da Declara\u00e7\u00e3o Universal dos Direitos Humanos<\/p>\n\n\n\n<p><em><strong>Quest\u00e3o 65:&nbsp;<\/strong>Desde a entrada\u2026<\/em><\/p>\n\n\n\n<p><strong><span class=\"has-inline-color has-vivid-red-color\">ERRADO<\/span><\/strong><\/p>\n\n\n\n<p>Para que tenha <em>status <\/em>constitucional, h\u00e1 necessidade de passar pelo rito o art. 5\u00ba, \u00a73\u00ba, regra que passou constar da CF ap\u00f3s a EC 45\/2004.<\/p>\n\n\n\n<p><em><strong>Quest\u00e3o 66:&nbsp;<\/strong>O registro de armas\u2026<\/em><\/p>\n\n\n\n<p><strong><span class=\"has-inline-color has-vivid-red-color\">CERTO<\/span><\/strong><\/p>\n\n\n\n<p>Est\u00e1 certo conforme excerto abaixo do anexo do PNDH-3:<\/p>\n\n\n\n<p><strong>Objetivo estrat\u00e9gico I:<\/strong><\/p>\n\n\n\n<p><strong>Amplia\u00e7\u00e3o do controle de armas de fogo em circula\u00e7\u00e3o no Pa\u00eds.<\/strong><\/p>\n\n\n\n<p><strong>A\u00e7\u00f5es program\u00e1ticas:<\/strong><\/p>\n\n\n\n<p>d) Registrar no Sistema Nacional de Armas todas as armas de fogo destru\u00eddas.<\/p>\n\n\n\n<p><strong>Respons\u00e1vel: <\/strong>Minist\u00e9rio da Defesa<\/p>\n\n\n\n<p><em><strong>Quest\u00e3o 67:&nbsp;<\/strong>O estabelecimento de diretrizes\u2026<\/em><\/p>\n\n\n\n<p><strong><span class=\"has-inline-color has-vivid-red-color\">CERTO<\/span><\/strong><\/p>\n\n\n\n<p>Est\u00e1 certo conforme excerto abaixo do anexo do PNDH-3:<\/p>\n\n\n\n<p><strong>Diretriz 16: Moderniza\u00e7\u00e3o da pol\u00edtica de execu\u00e7\u00e3o penal, priorizando a aplica\u00e7\u00e3o de penas e medidas alternativas \u00e0 priva\u00e7\u00e3o de liberdade e melhoria do sistema penitenci\u00e1rio.<\/strong><\/p>\n\n\n\n<p><strong>Objetivo estrat\u00e9gico I:<\/strong><\/p>\n\n\n\n<p><strong>Reestrutura\u00e7\u00e3o do sistema penitenci\u00e1rio.<\/strong><\/p>\n\n\n\n<p>k) Estabelecer diretrizes na pol\u00edtica penitenci\u00e1ria nacional que fortale\u00e7am o processo de reintegra\u00e7\u00e3o social dos presos, internados e egressos, com sua efetiva inclus\u00e3o nas pol\u00edticas p\u00fablicas sociais.<\/p>\n\n\n\n<p><strong>Respons\u00e1veis: <\/strong>Minist\u00e9rio da Justi\u00e7a; Minist\u00e9rio do Desenvolvimento Social e Combate \u00e0 Fome; Minist\u00e9rio da Sa\u00fade; Minist\u00e9rio da Educa\u00e7\u00e3o; Minist\u00e9rio do Esporte<\/p>\n\n\n\n<p>Note n\u00e3o tratar-se de atribui\u00e7\u00e3o exclusiva.<\/p>\n\n\n\n<p><em><strong>Quest\u00e3o 68:&nbsp;<\/strong>O estabelecimento de regras\u2026<\/em><\/p>\n\n\n\n<p><strong><span class=\"has-inline-color has-vivid-red-color\">ERRADO<\/span><\/strong><\/p>\n\n\n\n<p>\u00c9 atribui\u00e7\u00e3o do Conselho Nacional, conforme art. 64, VI, da Lei de Execu\u00e7\u00e3o Penal.<\/p>\n\n\n\n<p><em><strong>Quest\u00e3o 69:&nbsp;<\/strong>O conselho da comunidade\u2026<\/em><\/p>\n\n\n\n<p><strong><span class=\"has-inline-color has-vivid-red-color\">CERTO<\/span><\/strong><\/p>\n\n\n\n<p>Est\u00e1 de acordo com o art. 81, I, da Lei de Execu\u00e7\u00e3o Penal.<\/p>\n\n\n\n<p><em><strong>Quest\u00e3o 70:&nbsp;<\/strong>Ao Conselho Nacional..<\/em><\/p>\n\n\n\n<p><strong><span class=\"has-inline-color has-vivid-red-color\">CERTO<\/span><\/strong><\/p>\n\n\n\n<p>Est\u00e1 de acordo com o art. 64, IV, da Lei de Execu\u00e7\u00e3o Penal.<\/p>\n\n\n\n<p><em><strong>Quest\u00e3o 71:&nbsp;<\/strong>A media\u00e7\u00e3o, ou qualquer\u2026<\/em><\/p>\n\n\n\n<p><strong><span class=\"has-inline-color has-vivid-red-color\">ERRADO<\/span><\/strong><\/p>\n\n\n\n<p>Ao contr\u00e1rio, de acordo com a Regra 38,1, a media\u00e7\u00e3o \u00e9 t\u00e9cnica preventiva e n\u00e3o san\u00e7\u00e3o disciplinas.<\/p>\n\n\n\n<p><em><strong>Quest\u00e3o 72:&nbsp;<\/strong>Entre os objetivos priorit\u00e1rios\u2026<\/em><\/p>\n\n\n\n<p><strong><span class=\"has-inline-color has-vivid-red-color\">ERRADO<\/span><\/strong><\/p>\n\n\n\n<p>Est\u00e1 errado, pois, conforme a Regra 4, os objetivos de uma pena de pris\u00e3o ou de qualquer outra medida restritiva da liberdade s\u00e3o, prioritariamente, proteger a sociedade contra a criminalidade e reduzir a reincid\u00eancia.<\/p>\n\n\n\n<p>&#8212;<\/p>\n\n\n\n<p>No mais, vamos aguardar o gabarito oficial!<br \/>Abs,<br \/>Prof. Ricardo Torques<\/p>\n","protected":false},"excerpt":{"rendered":"<p>Ol\u00e1, pessoal! Tudo bem? Aqui \u00e9 o Prof. Ricardo Torques. Estou passando para trazer as primeiras impress\u00f5es do gabarito de Direitos Humanos da&nbsp;prova do DEPEN \u2013 Agente Federal de Execu\u00e7\u00e3o Penal! Lembrando que devemos aguardar o posicionamento da banca com o gabarito oficial. Vamos conferir o gabarito comentado? Quest\u00e3o 63:&nbsp;Sob determinadas condi\u00e7\u00f5es\u2026 CERTO Regra \u00e9 [&hellip;]<\/p>\n","protected":false},"author":180,"featured_media":778435,"comment_status":"open","ping_status":"closed","sticky":false,"template":"","format":"standard","meta":{"post_tipo":"article","footnotes":""},"categories":[220188],"tags":[],"tax_estado":[219963],"class_list":["post-778425","post","type-post","status-publish","format-standard","has-post-thumbnail","hentry","category-policial-agente-penitenciario","tax_estado-concursos-federais"],"acf":[],"yoast_head":"<!-- This site is optimized with the Yoast SEO Premium plugin v27.2 (Yoast SEO v27.2) - https:\/\/yoast.com\/product\/yoast-seo-premium-wordpress\/ -->\n<title>Gabarito DEPEN - Direitos Humanos (Extraoficial) - Agente Penal<\/title>\n<meta name=\"description\" content=\"Confira aqui o gabarito extraoficial da prova de Direitos Humanos, cargo de Agente Federal do concurso DEPEN.\" \/>\n<meta name=\"robots\" content=\"index, follow, max-snippet:-1, max-image-preview:large, max-video-preview:-1\" \/>\n<link rel=\"canonical\" href=\"https:\/\/www.estrategiaconcursos.com.br\/blog\/gabarito-extraoficial-depen-direitos-humanos\/\" \/>\n<meta property=\"og:locale\" content=\"pt_BR\" \/>\n<meta property=\"og:type\" content=\"article\" \/>\n<meta property=\"og:title\" content=\"Gabarito DEPEN - Direitos Humanos (Extraoficial) - Agente Penal\" \/>\n<meta property=\"og:description\" content=\"Confira aqui o gabarito extraoficial da prova de Direitos Humanos, cargo de Agente Federal do concurso DEPEN.\" \/>\n<meta property=\"og:url\" content=\"https:\/\/www.estrategiaconcursos.com.br\/blog\/gabarito-extraoficial-depen-direitos-humanos\/\" \/>\n<meta property=\"og:site_name\" content=\"Estrat\u00e9gia Concursos\" \/>\n<meta property=\"article:author\" content=\"https:\/\/www.facebook.com\/ricardo.s.torques\" \/>\n<meta property=\"article:published_time\" content=\"2021-06-28T00:37:25+00:00\" \/>\n<meta property=\"article:modified_time\" content=\"2021-06-28T21:16:07+00:00\" \/>\n<meta property=\"og:image\" content=\"https:\/\/dhg1h5j42swfq.cloudfront.net\/2021\/06\/27213630\/depen-2.jpg\" \/>\n\t<meta property=\"og:image:width\" content=\"1024\" \/>\n\t<meta property=\"og:image:height\" content=\"536\" \/>\n\t<meta property=\"og:image:type\" content=\"image\/jpeg\" \/>\n<meta name=\"author\" content=\"Ricardo Torques\" \/>\n<meta name=\"twitter:card\" content=\"summary_large_image\" \/>\n<meta name=\"twitter:creator\" content=\"@EstratConcursos\" \/>\n<meta name=\"twitter:site\" content=\"@EstratConcursos\" \/>\n<meta name=\"twitter:label1\" content=\"Escrito por\" \/>\n\t<meta name=\"twitter:data1\" content=\"Ricardo Torques\" \/>\n\t<meta name=\"twitter:label2\" content=\"Est. tempo de leitura\" \/>\n\t<meta name=\"twitter:data2\" content=\"2 minutos\" \/>\n<script type=\"application\/ld+json\" class=\"yoast-schema-graph\">{\"@context\":\"https:\/\/schema.org\",\"@graph\":[{\"@type\":\"NewsArticle\",\"@id\":\"https:\/\/www.estrategiaconcursos.com.br\/blog\/gabarito-extraoficial-depen-direitos-humanos\/#article\",\"isPartOf\":{\"@id\":\"https:\/\/www.estrategiaconcursos.com.br\/blog\/gabarito-extraoficial-depen-direitos-humanos\/\"},\"author\":{\"name\":\"Ricardo Torques\",\"@id\":\"https:\/\/www.estrategiaconcursos.com.br\/blog\/#\/schema\/person\/aa39cf5ddb518e5bdce27c35788405e2\"},\"headline\":\"Gabarito DEPEN &#8211; Direitos Humanos (Extraoficial) &#8211; Agente Penal\",\"datePublished\":\"2021-06-28T00:37:25+00:00\",\"dateModified\":\"2021-06-28T21:16:07+00:00\",\"mainEntityOfPage\":{\"@id\":\"https:\/\/www.estrategiaconcursos.com.br\/blog\/gabarito-extraoficial-depen-direitos-humanos\/\"},\"wordCount\":465,\"commentCount\":0,\"publisher\":{\"@id\":\"https:\/\/www.estrategiaconcursos.com.br\/blog\/#organization\"},\"image\":{\"@id\":\"https:\/\/www.estrategiaconcursos.com.br\/blog\/gabarito-extraoficial-depen-direitos-humanos\/#primaryimage\"},\"thumbnailUrl\":\"https:\/\/dhg1h5j42swfq.cloudfront.net\/2021\/06\/27213630\/depen-2.jpg\",\"articleSection\":[\"Policial (Agente Penitenci\u00e1rio)\"],\"inLanguage\":\"pt-BR\",\"potentialAction\":[{\"@type\":\"CommentAction\",\"name\":\"Comment\",\"target\":[\"https:\/\/www.estrategiaconcursos.com.br\/blog\/gabarito-extraoficial-depen-direitos-humanos\/#respond\"]}],\"copyrightYear\":\"2021\",\"copyrightHolder\":{\"@id\":\"https:\/\/www.estrategiaconcursos.com.br\/blog\/#organization\"}},{\"@type\":\"WebPage\",\"@id\":\"https:\/\/www.estrategiaconcursos.com.br\/blog\/gabarito-extraoficial-depen-direitos-humanos\/\",\"url\":\"https:\/\/www.estrategiaconcursos.com.br\/blog\/gabarito-extraoficial-depen-direitos-humanos\/\",\"name\":\"Gabarito DEPEN - Direitos Humanos (Extraoficial) - Agente Penal\",\"isPartOf\":{\"@id\":\"https:\/\/www.estrategiaconcursos.com.br\/blog\/#website\"},\"primaryImageOfPage\":{\"@id\":\"https:\/\/www.estrategiaconcursos.com.br\/blog\/gabarito-extraoficial-depen-direitos-humanos\/#primaryimage\"},\"image\":{\"@id\":\"https:\/\/www.estrategiaconcursos.com.br\/blog\/gabarito-extraoficial-depen-direitos-humanos\/#primaryimage\"},\"thumbnailUrl\":\"https:\/\/dhg1h5j42swfq.cloudfront.net\/2021\/06\/27213630\/depen-2.jpg\",\"datePublished\":\"2021-06-28T00:37:25+00:00\",\"dateModified\":\"2021-06-28T21:16:07+00:00\",\"description\":\"Confira aqui o gabarito extraoficial da prova de Direitos Humanos, cargo de Agente Federal do concurso DEPEN.\",\"breadcrumb\":{\"@id\":\"https:\/\/www.estrategiaconcursos.com.br\/blog\/gabarito-extraoficial-depen-direitos-humanos\/#breadcrumb\"},\"inLanguage\":\"pt-BR\",\"potentialAction\":[{\"@type\":\"ReadAction\",\"target\":[\"https:\/\/www.estrategiaconcursos.com.br\/blog\/gabarito-extraoficial-depen-direitos-humanos\/\"]}]},{\"@type\":\"ImageObject\",\"inLanguage\":\"pt-BR\",\"@id\":\"https:\/\/www.estrategiaconcursos.com.br\/blog\/gabarito-extraoficial-depen-direitos-humanos\/#primaryimage\",\"url\":\"https:\/\/dhg1h5j42swfq.cloudfront.net\/2021\/06\/27213630\/depen-2.jpg\",\"contentUrl\":\"https:\/\/dhg1h5j42swfq.cloudfront.net\/2021\/06\/27213630\/depen-2.jpg\",\"width\":1024,\"height\":536},{\"@type\":\"BreadcrumbList\",\"@id\":\"https:\/\/www.estrategiaconcursos.com.br\/blog\/gabarito-extraoficial-depen-direitos-humanos\/#breadcrumb\",\"itemListElement\":[{\"@type\":\"ListItem\",\"position\":1,\"name\":\"In\u00edcio\",\"item\":\"https:\/\/www.estrategiaconcursos.com.br\/blog\/\"},{\"@type\":\"ListItem\",\"position\":2,\"name\":\"Gabarito DEPEN &#8211; Direitos Humanos (Extraoficial) &#8211; Agente Penal\"}]},{\"@type\":\"WebSite\",\"@id\":\"https:\/\/www.estrategiaconcursos.com.br\/blog\/#website\",\"url\":\"https:\/\/www.estrategiaconcursos.com.br\/blog\/\",\"name\":\"Estrat\u00e9gia Concursos\",\"description\":\"O blog da Estrat\u00e9gia Concursos traz not\u00edcias sobre concursos e artigos de professores oferecendo cursos para concursos (pdf + videaulas) no site.\",\"publisher\":{\"@id\":\"https:\/\/www.estrategiaconcursos.com.br\/blog\/#organization\"},\"potentialAction\":[{\"@type\":\"SearchAction\",\"target\":{\"@type\":\"EntryPoint\",\"urlTemplate\":\"https:\/\/www.estrategiaconcursos.com.br\/blog\/?s={search_term_string}\"},\"query-input\":{\"@type\":\"PropertyValueSpecification\",\"valueRequired\":true,\"valueName\":\"search_term_string\"}}],\"inLanguage\":\"pt-BR\"},{\"@type\":\"Organization\",\"@id\":\"https:\/\/www.estrategiaconcursos.com.br\/blog\/#organization\",\"name\":\"Estrat\u00e9gia Concursos\",\"url\":\"https:\/\/www.estrategiaconcursos.com.br\/blog\/\",\"logo\":{\"@type\":\"ImageObject\",\"inLanguage\":\"pt-BR\",\"@id\":\"https:\/\/www.estrategiaconcursos.com.br\/blog\/#\/schema\/logo\/image\/\",\"url\":\"https:\/\/dhg1h5j42swfq.cloudfront.net\/2025\/06\/03203428\/logo_concursos-1.jpg\",\"contentUrl\":\"https:\/\/dhg1h5j42swfq.cloudfront.net\/2025\/06\/03203428\/logo_concursos-1.jpg\",\"width\":230,\"height\":60,\"caption\":\"Estrat\u00e9gia Concursos\"},\"image\":{\"@id\":\"https:\/\/www.estrategiaconcursos.com.br\/blog\/#\/schema\/logo\/image\/\"},\"sameAs\":[\"https:\/\/x.com\/EstratConcursos\"]},{\"@type\":\"Person\",\"@id\":\"https:\/\/www.estrategiaconcursos.com.br\/blog\/#\/schema\/person\/aa39cf5ddb518e5bdce27c35788405e2\",\"name\":\"Ricardo Torques\",\"image\":{\"@type\":\"ImageObject\",\"inLanguage\":\"pt-BR\",\"@id\":\"https:\/\/secure.gravatar.com\/avatar\/ce9ac6c3cff25fe86d15ed568ebc64d1724baf5c0693133bcb1f6073f712f92a?s=96&d=mm&r=g\",\"url\":\"https:\/\/secure.gravatar.com\/avatar\/ce9ac6c3cff25fe86d15ed568ebc64d1724baf5c0693133bcb1f6073f712f92a?s=96&d=mm&r=g\",\"contentUrl\":\"https:\/\/secure.gravatar.com\/avatar\/ce9ac6c3cff25fe86d15ed568ebc64d1724baf5c0693133bcb1f6073f712f92a?s=96&d=mm&r=g\",\"caption\":\"Ricardo Torques\"},\"sameAs\":[\"https:\/\/www.facebook.com\/ricardo.s.torques\"],\"url\":\"https:\/\/www.estrategiaconcursos.com.br\/blog\/author\/ricardotorquesestrategiaconcursos-com-br\/\"}]}<\/script>\n<!-- \/ Yoast SEO Premium plugin. -->","yoast_head_json":{"title":"Gabarito DEPEN - Direitos Humanos (Extraoficial) - Agente Penal","description":"Confira aqui o gabarito extraoficial da prova de Direitos Humanos, cargo de Agente Federal do concurso DEPEN.","robots":{"index":"index","follow":"follow","max-snippet":"max-snippet:-1","max-image-preview":"max-image-preview:large","max-video-preview":"max-video-preview:-1"},"canonical":"https:\/\/www.estrategiaconcursos.com.br\/blog\/gabarito-extraoficial-depen-direitos-humanos\/","og_locale":"pt_BR","og_type":"article","og_title":"Gabarito DEPEN - Direitos Humanos (Extraoficial) - Agente Penal","og_description":"Confira aqui o gabarito extraoficial da prova de Direitos Humanos, cargo de Agente Federal do concurso DEPEN.","og_url":"https:\/\/www.estrategiaconcursos.com.br\/blog\/gabarito-extraoficial-depen-direitos-humanos\/","og_site_name":"Estrat\u00e9gia Concursos","article_author":"https:\/\/www.facebook.com\/ricardo.s.torques","article_published_time":"2021-06-28T00:37:25+00:00","article_modified_time":"2021-06-28T21:16:07+00:00","og_image":[{"width":1024,"height":536,"url":"https:\/\/dhg1h5j42swfq.cloudfront.net\/2021\/06\/27213630\/depen-2.jpg","type":"image\/jpeg"}],"author":"Ricardo Torques","twitter_card":"summary_large_image","twitter_creator":"@EstratConcursos","twitter_site":"@EstratConcursos","twitter_misc":{"Escrito por":"Ricardo Torques","Est. tempo de leitura":"2 minutos"},"schema":{"@context":"https:\/\/schema.org","@graph":[{"@type":"NewsArticle","@id":"https:\/\/www.estrategiaconcursos.com.br\/blog\/gabarito-extraoficial-depen-direitos-humanos\/#article","isPartOf":{"@id":"https:\/\/www.estrategiaconcursos.com.br\/blog\/gabarito-extraoficial-depen-direitos-humanos\/"},"author":{"name":"Ricardo Torques","@id":"https:\/\/www.estrategiaconcursos.com.br\/blog\/#\/schema\/person\/aa39cf5ddb518e5bdce27c35788405e2"},"headline":"Gabarito DEPEN &#8211; Direitos Humanos (Extraoficial) &#8211; Agente Penal","datePublished":"2021-06-28T00:37:25+00:00","dateModified":"2021-06-28T21:16:07+00:00","mainEntityOfPage":{"@id":"https:\/\/www.estrategiaconcursos.com.br\/blog\/gabarito-extraoficial-depen-direitos-humanos\/"},"wordCount":465,"commentCount":0,"publisher":{"@id":"https:\/\/www.estrategiaconcursos.com.br\/blog\/#organization"},"image":{"@id":"https:\/\/www.estrategiaconcursos.com.br\/blog\/gabarito-extraoficial-depen-direitos-humanos\/#primaryimage"},"thumbnailUrl":"https:\/\/dhg1h5j42swfq.cloudfront.net\/2021\/06\/27213630\/depen-2.jpg","articleSection":["Policial (Agente Penitenci\u00e1rio)"],"inLanguage":"pt-BR","potentialAction":[{"@type":"CommentAction","name":"Comment","target":["https:\/\/www.estrategiaconcursos.com.br\/blog\/gabarito-extraoficial-depen-direitos-humanos\/#respond"]}],"copyrightYear":"2021","copyrightHolder":{"@id":"https:\/\/www.estrategiaconcursos.com.br\/blog\/#organization"}},{"@type":"WebPage","@id":"https:\/\/www.estrategiaconcursos.com.br\/blog\/gabarito-extraoficial-depen-direitos-humanos\/","url":"https:\/\/www.estrategiaconcursos.com.br\/blog\/gabarito-extraoficial-depen-direitos-humanos\/","name":"Gabarito DEPEN - Direitos Humanos (Extraoficial) - Agente Penal","isPartOf":{"@id":"https:\/\/www.estrategiaconcursos.com.br\/blog\/#website"},"primaryImageOfPage":{"@id":"https:\/\/www.estrategiaconcursos.com.br\/blog\/gabarito-extraoficial-depen-direitos-humanos\/#primaryimage"},"image":{"@id":"https:\/\/www.estrategiaconcursos.com.br\/blog\/gabarito-extraoficial-depen-direitos-humanos\/#primaryimage"},"thumbnailUrl":"https:\/\/dhg1h5j42swfq.cloudfront.net\/2021\/06\/27213630\/depen-2.jpg","datePublished":"2021-06-28T00:37:25+00:00","dateModified":"2021-06-28T21:16:07+00:00","description":"Confira aqui o gabarito extraoficial da prova de Direitos Humanos, cargo de Agente Federal do concurso DEPEN.","breadcrumb":{"@id":"https:\/\/www.estrategiaconcursos.com.br\/blog\/gabarito-extraoficial-depen-direitos-humanos\/#breadcrumb"},"inLanguage":"pt-BR","potentialAction":[{"@type":"ReadAction","target":["https:\/\/www.estrategiaconcursos.com.br\/blog\/gabarito-extraoficial-depen-direitos-humanos\/"]}]},{"@type":"ImageObject","inLanguage":"pt-BR","@id":"https:\/\/www.estrategiaconcursos.com.br\/blog\/gabarito-extraoficial-depen-direitos-humanos\/#primaryimage","url":"https:\/\/dhg1h5j42swfq.cloudfront.net\/2021\/06\/27213630\/depen-2.jpg","contentUrl":"https:\/\/dhg1h5j42swfq.cloudfront.net\/2021\/06\/27213630\/depen-2.jpg","width":1024,"height":536},{"@type":"BreadcrumbList","@id":"https:\/\/www.estrategiaconcursos.com.br\/blog\/gabarito-extraoficial-depen-direitos-humanos\/#breadcrumb","itemListElement":[{"@type":"ListItem","position":1,"name":"In\u00edcio","item":"https:\/\/www.estrategiaconcursos.com.br\/blog\/"},{"@type":"ListItem","position":2,"name":"Gabarito DEPEN &#8211; Direitos Humanos (Extraoficial) &#8211; Agente Penal"}]},{"@type":"WebSite","@id":"https:\/\/www.estrategiaconcursos.com.br\/blog\/#website","url":"https:\/\/www.estrategiaconcursos.com.br\/blog\/","name":"Estrat\u00e9gia Concursos","description":"O blog da Estrat\u00e9gia Concursos traz not\u00edcias sobre concursos e artigos de professores oferecendo cursos para concursos (pdf + videaulas) no site.","publisher":{"@id":"https:\/\/www.estrategiaconcursos.com.br\/blog\/#organization"},"potentialAction":[{"@type":"SearchAction","target":{"@type":"EntryPoint","urlTemplate":"https:\/\/www.estrategiaconcursos.com.br\/blog\/?s={search_term_string}"},"query-input":{"@type":"PropertyValueSpecification","valueRequired":true,"valueName":"search_term_string"}}],"inLanguage":"pt-BR"},{"@type":"Organization","@id":"https:\/\/www.estrategiaconcursos.com.br\/blog\/#organization","name":"Estrat\u00e9gia Concursos","url":"https:\/\/www.estrategiaconcursos.com.br\/blog\/","logo":{"@type":"ImageObject","inLanguage":"pt-BR","@id":"https:\/\/www.estrategiaconcursos.com.br\/blog\/#\/schema\/logo\/image\/","url":"https:\/\/dhg1h5j42swfq.cloudfront.net\/2025\/06\/03203428\/logo_concursos-1.jpg","contentUrl":"https:\/\/dhg1h5j42swfq.cloudfront.net\/2025\/06\/03203428\/logo_concursos-1.jpg","width":230,"height":60,"caption":"Estrat\u00e9gia Concursos"},"image":{"@id":"https:\/\/www.estrategiaconcursos.com.br\/blog\/#\/schema\/logo\/image\/"},"sameAs":["https:\/\/x.com\/EstratConcursos"]},{"@type":"Person","@id":"https:\/\/www.estrategiaconcursos.com.br\/blog\/#\/schema\/person\/aa39cf5ddb518e5bdce27c35788405e2","name":"Ricardo Torques","image":{"@type":"ImageObject","inLanguage":"pt-BR","@id":"https:\/\/secure.gravatar.com\/avatar\/ce9ac6c3cff25fe86d15ed568ebc64d1724baf5c0693133bcb1f6073f712f92a?s=96&d=mm&r=g","url":"https:\/\/secure.gravatar.com\/avatar\/ce9ac6c3cff25fe86d15ed568ebc64d1724baf5c0693133bcb1f6073f712f92a?s=96&d=mm&r=g","contentUrl":"https:\/\/secure.gravatar.com\/avatar\/ce9ac6c3cff25fe86d15ed568ebc64d1724baf5c0693133bcb1f6073f712f92a?s=96&d=mm&r=g","caption":"Ricardo Torques"},"sameAs":["https:\/\/www.facebook.com\/ricardo.s.torques"],"url":"https:\/\/www.estrategiaconcursos.com.br\/blog\/author\/ricardotorquesestrategiaconcursos-com-br\/"}]}},"_links":{"self":[{"href":"https:\/\/www.estrategiaconcursos.com.br\/blog\/wp-json\/wp\/v2\/posts\/778425","targetHints":{"allow":["GET"]}}],"collection":[{"href":"https:\/\/www.estrategiaconcursos.com.br\/blog\/wp-json\/wp\/v2\/posts"}],"about":[{"href":"https:\/\/www.estrategiaconcursos.com.br\/blog\/wp-json\/wp\/v2\/types\/post"}],"author":[{"embeddable":true,"href":"https:\/\/www.estrategiaconcursos.com.br\/blog\/wp-json\/wp\/v2\/users\/180"}],"replies":[{"embeddable":true,"href":"https:\/\/www.estrategiaconcursos.com.br\/blog\/wp-json\/wp\/v2\/comments?post=778425"}],"version-history":[{"count":3,"href":"https:\/\/www.estrategiaconcursos.com.br\/blog\/wp-json\/wp\/v2\/posts\/778425\/revisions"}],"predecessor-version":[{"id":778579,"href":"https:\/\/www.estrategiaconcursos.com.br\/blog\/wp-json\/wp\/v2\/posts\/778425\/revisions\/778579"}],"wp:featuredmedia":[{"embeddable":true,"href":"https:\/\/www.estrategiaconcursos.com.br\/blog\/wp-json\/wp\/v2\/media\/778435"}],"wp:attachment":[{"href":"https:\/\/www.estrategiaconcursos.com.br\/blog\/wp-json\/wp\/v2\/media?parent=778425"}],"wp:term":[{"taxonomy":"category","embeddable":true,"href":"https:\/\/www.estrategiaconcursos.com.br\/blog\/wp-json\/wp\/v2\/categories?post=778425"},{"taxonomy":"post_tag","embeddable":true,"href":"https:\/\/www.estrategiaconcursos.com.br\/blog\/wp-json\/wp\/v2\/tags?post=778425"},{"taxonomy":"tax_estado","embeddable":true,"href":"https:\/\/www.estrategiaconcursos.com.br\/blog\/wp-json\/wp\/v2\/tax_estado?post=778425"}],"curies":[{"name":"wp","href":"https:\/\/api.w.org\/{rel}","templated":true}]}}