{"id":778359,"date":"2021-06-27T21:35:03","date_gmt":"2021-06-28T00:35:03","guid":{"rendered":"https:\/\/www.estrategiaconcursos.com.br\/blog\/?p=778359"},"modified":"2021-07-01T13:20:16","modified_gmt":"2021-07-01T16:20:16","slug":"gabarito-extraoficial-de-portugues-depen-agente-federal-de-execucao-penal","status":"publish","type":"post","link":"https:\/\/www.estrategiaconcursos.com.br\/blog\/gabarito-extraoficial-de-portugues-depen-agente-federal-de-execucao-penal\/","title":{"rendered":"Gabarito EXTRAOFICIAL de PORTUGU\u00caS &#8211; DEPEN (Agente Federal de Execu\u00e7\u00e3o Penal)"},"content":{"rendered":"\n<p>Fala, meus jovens!<\/p>\n\n\n\n<p>Sou o professor Luiz Felipe (<a href=\"https:\/\/www.instagram.com\/luizfelipedurval\/\">Instagram: @luizfelipedurval<\/a>), professor da Equipe de Portugu\u00eas do Estrat\u00e9gia. Trago para voc\u00eas neste artigo as primeiras impress\u00f5es sobre as quest\u00f5es de Portugu\u00eas da prova do Departamento Penitenci\u00e1rio Nacional, cargo de Agente Federal de Execu\u00e7\u00e3o Penal \u2013 Banca CESPE\/Cebraspe.<\/p>\n\n\n\n<p>A professora Jana\u00edna Arruda e eu elaboramos um gabarito EXTRAOFICIAL baseado em nossa an\u00e1lise inicial das quest\u00f5es. Ent\u00e3o, sem perda de tempo, vamos aos coment\u00e1rios de cada quest\u00e3o.<\/p>\n\n\n\n<figure class=\"wp-block-image size-large\"><img loading=\"lazy\" decoding=\"async\" width=\"457\" height=\"1024\" src=\"https:\/\/dhg1h5j42swfq.cloudfront.net\/2021\/06\/27204236\/p1-457x1024.jpeg\" alt=\"\" class=\"wp-image-778362\" srcset=\"https:\/\/dhg1h5j42swfq.cloudfront.net\/2021\/06\/27204236\/p1-457x1024.jpeg 457w, https:\/\/dhg1h5j42swfq.cloudfront.net\/2021\/06\/27204236\/p1-134x300.jpeg 134w, https:\/\/dhg1h5j42swfq.cloudfront.net\/2021\/06\/27204236\/p1.jpeg 571w\" sizes=\"auto, (max-width: 457px) 100vw, 457px\" \/><\/figure>\n\n\n\n<p><strong>01.<\/strong><\/p>\n\n\n\n<p><strong>Gabarito: <\/strong>ERRADA<\/p>\n\n\n\n<p><strong>Coment\u00e1rio: <\/strong>Express\u00f5es explicativas, como &#8220;isto \u00e9&#8221; e &#8220;ou seja&#8221;, devem ser isoladas obrigatoriamente por v\u00edrgula. N\u00e3o se trata de uma regra facultativa. Quest\u00e3o incorreta.<\/p>\n\n\n\n<p><strong>02.<\/strong><\/p>\n\n\n\n<p><strong>Gabarito:<\/strong> ERRADA<\/p>\n\n\n\n<p><strong>Coment\u00e1rio:<\/strong> O pronome relativo \u201cque\u201d \u00e9 palavra atrativa. Portanto, estamos diante de um caso de pr\u00f3clise obrigat\u00f3ria. A substitui\u00e7\u00e3o por \u00eanclise (\u201cque criam-se\u201d) acarretaria incorre\u00e7\u00e3o gramatical. Quest\u00e3o incorreta.<\/p>\n\n\n\n<p><strong>03.<\/strong><\/p>\n\n\n\n<p><strong>Gabarito:<\/strong> CORRETA.<\/p>\n\n\n\n<p>Coment\u00e1rio: O trecho \u201ca crescente quantidade e intensidade das informa\u00e7\u00f5es a que o homem de hoje est\u00e1 submetido faz surgir, com for\u00e7a cada vez maior, a necessidade de n\u00e3o se ser enganado, excitado ou perturbado por uma propaganda maci\u00e7a e deformadora: come\u00e7a a se esbo\u00e7ar, contra o direito de expressar as pr\u00f3prias opini\u00f5es, o direito \u00e0 verdade das informa\u00e7\u00f5es\u201d nos permite inferir que o surgimento de inova\u00e7\u00f5es tecnol\u00f3gicas pode alterar a perspectiva sobre os limites de direitos. Quest\u00e3o correta.<\/p>\n\n\n\n<p><strong>04.<\/strong><\/p>\n\n\n\n<p><strong>Gabarito:<\/strong> CORRETA<\/p>\n\n\n\n<p><strong>Coment\u00e1rio:<\/strong> O texto afirma, no segundo per\u00edodo, que \u201cos Direitos elencados na Declara\u00e7\u00e3o [&#8230;] s\u00e3o os direitos do homem hist\u00f3rico\u201d. Quest\u00e3o correta.<\/p>\n\n\n\n<figure class=\"wp-block-image size-large\"><img loading=\"lazy\" decoding=\"async\" width=\"452\" height=\"1024\" src=\"https:\/\/dhg1h5j42swfq.cloudfront.net\/2021\/06\/27213136\/p2-452x1024.jpeg\" alt=\"\" class=\"wp-image-778429\" srcset=\"https:\/\/dhg1h5j42swfq.cloudfront.net\/2021\/06\/27213136\/p2-452x1024.jpeg 452w, https:\/\/dhg1h5j42swfq.cloudfront.net\/2021\/06\/27213136\/p2-132x300.jpeg 132w, https:\/\/dhg1h5j42swfq.cloudfront.net\/2021\/06\/27213136\/p2.jpeg 457w\" sizes=\"auto, (max-width: 452px) 100vw, 452px\" \/><\/figure>\n\n\n\n<p><strong>05.<\/strong><\/p>\n\n\n\n<p><strong>Gabarito:<\/strong> CORRETA.<\/p>\n\n\n\n<p>Coment\u00e1rio: De acordo com a \u00faltima edi\u00e7\u00e3o do Manual de Reda\u00e7\u00e3o da Presid\u00eancia da Rep\u00fablica, houve uma uniformiza\u00e7\u00e3o dos expedientes Aviso, Of\u00edcio e Memorando, passando-se a adotar a nomenclatura <strong>padr\u00e3o of\u00edcio<\/strong>. Quest\u00e3o correta.<\/p>\n\n\n\n<p><strong>06.<\/strong><\/p>\n\n\n\n<p><strong>Gabarito:<\/strong> ERRADA.<\/p>\n\n\n\n<p><strong>Coment\u00e1rio:<\/strong> De acordo com o MRPR, o fecho das comunica\u00e7\u00f5es oficiais para autoridades superiores, <strong>inclusive o Presidente da Rep\u00fablica<\/strong> \u00e9 RESPEITOSAMENTE. Quest\u00e3o incorreta.<\/p>\n\n\n\n<figure class=\"wp-block-image size-large\"><img loading=\"lazy\" decoding=\"async\" width=\"868\" height=\"1024\" src=\"https:\/\/dhg1h5j42swfq.cloudfront.net\/2021\/06\/27213630\/p3-868x1024.jpeg\" alt=\"\" class=\"wp-image-778434\" srcset=\"https:\/\/dhg1h5j42swfq.cloudfront.net\/2021\/06\/27213630\/p3-868x1024.jpeg 868w, https:\/\/dhg1h5j42swfq.cloudfront.net\/2021\/06\/27213630\/p3-254x300.jpeg 254w, https:\/\/dhg1h5j42swfq.cloudfront.net\/2021\/06\/27213630\/p3-768x906.jpeg 768w, https:\/\/dhg1h5j42swfq.cloudfront.net\/2021\/06\/27213630\/p3-610x720.jpeg 610w, https:\/\/dhg1h5j42swfq.cloudfront.net\/2021\/06\/27213630\/p3.jpeg 941w\" sizes=\"auto, (max-width: 868px) 100vw, 868px\" \/><\/figure>\n\n\n\n<p><strong>07.<\/strong><\/p>\n\n\n\n<p><strong>Gabarito:<\/strong> ERRADA<\/p>\n\n\n\n<p><strong>Coment\u00e1rio:<\/strong> \u201cEnquanto\u201d \u00e9 uma conjun\u00e7\u00e3o que estabelece sentido de <strong>tempo<\/strong> (simultaneidade). A substitui\u00e7\u00e3o desse conectivo por \u201c\u00e0 medida que\u201d alteraria o sentido original do texto, j\u00e1 que essa conjun\u00e7\u00e3o estabelece sentido de <strong>proporcionalidade<\/strong>. Quest\u00e3o incorreta.<\/p>\n\n\n\n<p><strong>08.<\/strong><\/p>\n\n\n\n<p><strong>Gabarito:<\/strong> ERRADA<\/p>\n\n\n\n<p><strong>Coment\u00e1rio:<\/strong> N\u00e3o h\u00e1 evid\u00eancias nos \u00faltimos par\u00e1grafos de que a agente prisional sabia mais do que afirmava saber. A pr\u00f3pria autora deixa claro que a atitude da agente produzia menos desconfian\u00e7a: \u201cFoi uma experi\u00eancia que me desarmou. No entanto, n\u00e3o foi o fato de ela ser negra que me surpreendeu, foi o seu comportamento: sem agressividade e aparentemente solid\u00e1rio\u201d (4\u00ba par\u00e1grafo)\u201d. Quest\u00e3o incorreta.<\/p>\n\n\n\n<p><strong>09.<\/strong><\/p>\n\n\n\n<p><strong>Gabarito:<\/strong> CORRETA.<\/p>\n\n\n\n<p><strong>Coment\u00e1rio:<\/strong> \u00c9 poss\u00edvel inferir que a descri\u00e7\u00e3o de um ambiente deplor\u00e1vel feita pela autora carrega um tom de cr\u00edtica. Quest\u00e3o correta.<\/p>\n\n\n\n<p><strong>10.<\/strong><\/p>\n\n\n\n<p><strong>Gabarito:<\/strong> ERRADA<\/p>\n\n\n\n<p>Coment\u00e1rio: A autora do texto deixa claro nos \u00faltimos par\u00e1grafos que n\u00e3o foi o fato de a agente ser negra que a desarmou: \u201cn\u00e3o foi o fato de ela ser negra que me surpreendeu, foi o seu comportamento: sem agressividade e aparentemente solid\u00e1rio\u201d (4\u00ba par\u00e1grafo). Quest\u00e3o incorreta.<\/p>\n\n\n\n<p><strong>11.<\/strong><\/p>\n\n\n\n<p><strong>Gabarito:<\/strong> ERRADA<\/p>\n\n\n\n<p><strong>Coment\u00e1rio:<\/strong> A primeira ocorr\u00eancia do termo \u201cl\u00e1\u201d, no terceiro par\u00e1grafo, refere-se ao espa\u00e7o fora da sala, para onde a autora foi levada. A segunda ocorr\u00eancia retoma \u201cparede\u201d. Quest\u00e3o incorreta.<\/p>\n\n\n\n<p><strong>12.<\/strong><\/p>\n\n\n\n<p><strong>Gabarito:<\/strong> CERTA<\/p>\n\n\n\n<p>Coment\u00e1rio: <\/p>\n\n\n\n<p>A contra\u00e7\u00e3o da preposi\u00e7\u00e3o \u201cde\u201d com o artigo \u201cos\u201d, formando \u201cdos\u201d, mant\u00e9m a corre\u00e7\u00e3o gramatical. O artigo definido masculino concorda com o voc\u00e1bulo \u201cmilhares\u201d que tamb\u00e9m \u00e9 masculino (\u201cos milhares\u201d).  Quest\u00e3o correta.<\/p>\n\n\n\n<p><strong>13.<\/strong><\/p>\n\n\n\n<p><strong>Gabarito:<\/strong> CORRETA&nbsp;&nbsp;&nbsp;&nbsp;&nbsp;&nbsp;&nbsp;<\/p>\n\n\n\n<p><strong>Coment\u00e1rio:<\/strong> \u201cL\u00fagubre\u201d e \u201cf\u00fanebre\u201d s\u00e3o palavras sin\u00f4nimas. Quest\u00e3o correta.<\/p>\n","protected":false},"excerpt":{"rendered":"<p>Fala, meus jovens! Sou o professor Luiz Felipe (Instagram: @luizfelipedurval), professor da Equipe de Portugu\u00eas do Estrat\u00e9gia. Trago para voc\u00eas neste artigo as primeiras impress\u00f5es sobre as quest\u00f5es de Portugu\u00eas da prova do Departamento Penitenci\u00e1rio Nacional, cargo de Agente Federal de Execu\u00e7\u00e3o Penal \u2013 Banca CESPE\/Cebraspe. A professora Jana\u00edna Arruda e eu elaboramos um gabarito [&hellip;]<\/p>\n","protected":false},"author":1985,"featured_media":0,"comment_status":"open","ping_status":"closed","sticky":false,"template":"","format":"standard","meta":{"post_tipo":"article","footnotes":""},"categories":[1],"tags":[],"tax_estado":[],"class_list":["post-778359","post","type-post","status-publish","format-standard","hentry","category-cursos-e-concursos"],"acf":[],"yoast_head":"<!-- This site is optimized with the Yoast SEO Premium plugin v27.2 (Yoast SEO v27.2) - https:\/\/yoast.com\/product\/yoast-seo-premium-wordpress\/ -->\n<title>Gabarito EXTRAOFICIAL de PORTUGU\u00caS - DEPEN (Agente Federal de Execu\u00e7\u00e3o Penal)<\/title>\n<meta name=\"robots\" content=\"index, follow, max-snippet:-1, max-image-preview:large, max-video-preview:-1\" \/>\n<link rel=\"canonical\" href=\"https:\/\/www.estrategiaconcursos.com.br\/blog\/gabarito-extraoficial-de-portugues-depen-agente-federal-de-execucao-penal\/\" \/>\n<meta property=\"og:locale\" content=\"pt_BR\" \/>\n<meta property=\"og:type\" content=\"article\" \/>\n<meta property=\"og:title\" content=\"Gabarito EXTRAOFICIAL de PORTUGU\u00caS - DEPEN (Agente Federal de Execu\u00e7\u00e3o Penal)\" \/>\n<meta property=\"og:description\" content=\"Fala, meus jovens! Sou o professor Luiz Felipe (Instagram: @luizfelipedurval), professor da Equipe de Portugu\u00eas do Estrat\u00e9gia. Trago para voc\u00eas neste artigo as primeiras impress\u00f5es sobre as quest\u00f5es de Portugu\u00eas da prova do Departamento Penitenci\u00e1rio Nacional, cargo de Agente Federal de Execu\u00e7\u00e3o Penal \u2013 Banca CESPE\/Cebraspe. A professora Jana\u00edna Arruda e eu elaboramos um gabarito [&hellip;]\" \/>\n<meta property=\"og:url\" content=\"https:\/\/www.estrategiaconcursos.com.br\/blog\/gabarito-extraoficial-de-portugues-depen-agente-federal-de-execucao-penal\/\" \/>\n<meta property=\"og:site_name\" content=\"Estrat\u00e9gia Concursos\" \/>\n<meta property=\"article:published_time\" content=\"2021-06-28T00:35:03+00:00\" \/>\n<meta property=\"article:modified_time\" content=\"2021-07-01T16:20:16+00:00\" \/>\n<meta property=\"og:image\" content=\"https:\/\/www.estrategiaconcursos.com.br\/blog\/wp-content\/uploads\/2021\/06\/p1-457x1024.jpeg\" \/>\n<meta name=\"author\" content=\"\u200bLuiz Felipe Durval\" \/>\n<meta name=\"twitter:card\" content=\"summary_large_image\" \/>\n<meta name=\"twitter:creator\" content=\"@EstratConcursos\" \/>\n<meta name=\"twitter:site\" content=\"@EstratConcursos\" \/>\n<meta name=\"twitter:label1\" content=\"Escrito por\" \/>\n\t<meta name=\"twitter:data1\" content=\"\u200bLuiz Felipe Durval\" \/>\n\t<meta name=\"twitter:label2\" content=\"Est. tempo de leitura\" \/>\n\t<meta name=\"twitter:data2\" content=\"4 minutos\" \/>\n<script type=\"application\/ld+json\" class=\"yoast-schema-graph\">{\"@context\":\"https:\/\/schema.org\",\"@graph\":[{\"@type\":\"NewsArticle\",\"@id\":\"https:\/\/www.estrategiaconcursos.com.br\/blog\/gabarito-extraoficial-de-portugues-depen-agente-federal-de-execucao-penal\/#article\",\"isPartOf\":{\"@id\":\"https:\/\/www.estrategiaconcursos.com.br\/blog\/gabarito-extraoficial-de-portugues-depen-agente-federal-de-execucao-penal\/\"},\"author\":{\"name\":\"\u200bLuiz Felipe Durval\",\"@id\":\"https:\/\/www.estrategiaconcursos.com.br\/blog\/#\/schema\/person\/6d03253b3b105346a9fa2b3c2ddfd484\"},\"headline\":\"Gabarito EXTRAOFICIAL de PORTUGU\u00caS &#8211; DEPEN (Agente Federal de Execu\u00e7\u00e3o Penal)\",\"datePublished\":\"2021-06-28T00:35:03+00:00\",\"dateModified\":\"2021-07-01T16:20:16+00:00\",\"mainEntityOfPage\":{\"@id\":\"https:\/\/www.estrategiaconcursos.com.br\/blog\/gabarito-extraoficial-de-portugues-depen-agente-federal-de-execucao-penal\/\"},\"wordCount\":662,\"commentCount\":0,\"publisher\":{\"@id\":\"https:\/\/www.estrategiaconcursos.com.br\/blog\/#organization\"},\"image\":{\"@id\":\"https:\/\/www.estrategiaconcursos.com.br\/blog\/gabarito-extraoficial-de-portugues-depen-agente-federal-de-execucao-penal\/#primaryimage\"},\"thumbnailUrl\":\"https:\/\/www.estrategiaconcursos.com.br\/blog\/wp-content\/uploads\/2021\/06\/p1-457x1024.jpeg\",\"articleSection\":[\"Concursos P\u00fablicos\"],\"inLanguage\":\"pt-BR\",\"potentialAction\":[{\"@type\":\"CommentAction\",\"name\":\"Comment\",\"target\":[\"https:\/\/www.estrategiaconcursos.com.br\/blog\/gabarito-extraoficial-de-portugues-depen-agente-federal-de-execucao-penal\/#respond\"]}],\"copyrightYear\":\"2021\",\"copyrightHolder\":{\"@id\":\"https:\/\/www.estrategiaconcursos.com.br\/blog\/#organization\"}},{\"@type\":\"WebPage\",\"@id\":\"https:\/\/www.estrategiaconcursos.com.br\/blog\/gabarito-extraoficial-de-portugues-depen-agente-federal-de-execucao-penal\/\",\"url\":\"https:\/\/www.estrategiaconcursos.com.br\/blog\/gabarito-extraoficial-de-portugues-depen-agente-federal-de-execucao-penal\/\",\"name\":\"Gabarito EXTRAOFICIAL de PORTUGU\u00caS - DEPEN (Agente Federal de Execu\u00e7\u00e3o Penal)\",\"isPartOf\":{\"@id\":\"https:\/\/www.estrategiaconcursos.com.br\/blog\/#website\"},\"primaryImageOfPage\":{\"@id\":\"https:\/\/www.estrategiaconcursos.com.br\/blog\/gabarito-extraoficial-de-portugues-depen-agente-federal-de-execucao-penal\/#primaryimage\"},\"image\":{\"@id\":\"https:\/\/www.estrategiaconcursos.com.br\/blog\/gabarito-extraoficial-de-portugues-depen-agente-federal-de-execucao-penal\/#primaryimage\"},\"thumbnailUrl\":\"https:\/\/www.estrategiaconcursos.com.br\/blog\/wp-content\/uploads\/2021\/06\/p1-457x1024.jpeg\",\"datePublished\":\"2021-06-28T00:35:03+00:00\",\"dateModified\":\"2021-07-01T16:20:16+00:00\",\"breadcrumb\":{\"@id\":\"https:\/\/www.estrategiaconcursos.com.br\/blog\/gabarito-extraoficial-de-portugues-depen-agente-federal-de-execucao-penal\/#breadcrumb\"},\"inLanguage\":\"pt-BR\",\"potentialAction\":[{\"@type\":\"ReadAction\",\"target\":[\"https:\/\/www.estrategiaconcursos.com.br\/blog\/gabarito-extraoficial-de-portugues-depen-agente-federal-de-execucao-penal\/\"]}]},{\"@type\":\"ImageObject\",\"inLanguage\":\"pt-BR\",\"@id\":\"https:\/\/www.estrategiaconcursos.com.br\/blog\/gabarito-extraoficial-de-portugues-depen-agente-federal-de-execucao-penal\/#primaryimage\",\"url\":\"https:\/\/www.estrategiaconcursos.com.br\/blog\/wp-content\/uploads\/2021\/06\/p1-457x1024.jpeg\",\"contentUrl\":\"https:\/\/www.estrategiaconcursos.com.br\/blog\/wp-content\/uploads\/2021\/06\/p1-457x1024.jpeg\"},{\"@type\":\"BreadcrumbList\",\"@id\":\"https:\/\/www.estrategiaconcursos.com.br\/blog\/gabarito-extraoficial-de-portugues-depen-agente-federal-de-execucao-penal\/#breadcrumb\",\"itemListElement\":[{\"@type\":\"ListItem\",\"position\":1,\"name\":\"In\u00edcio\",\"item\":\"https:\/\/www.estrategiaconcursos.com.br\/blog\/\"},{\"@type\":\"ListItem\",\"position\":2,\"name\":\"Gabarito EXTRAOFICIAL de PORTUGU\u00caS &#8211; DEPEN (Agente Federal de Execu\u00e7\u00e3o Penal)\"}]},{\"@type\":\"WebSite\",\"@id\":\"https:\/\/www.estrategiaconcursos.com.br\/blog\/#website\",\"url\":\"https:\/\/www.estrategiaconcursos.com.br\/blog\/\",\"name\":\"Estrat\u00e9gia Concursos\",\"description\":\"O blog da Estrat\u00e9gia Concursos traz not\u00edcias sobre concursos e artigos de professores oferecendo cursos para concursos (pdf + videaulas) no site.\",\"publisher\":{\"@id\":\"https:\/\/www.estrategiaconcursos.com.br\/blog\/#organization\"},\"potentialAction\":[{\"@type\":\"SearchAction\",\"target\":{\"@type\":\"EntryPoint\",\"urlTemplate\":\"https:\/\/www.estrategiaconcursos.com.br\/blog\/?s={search_term_string}\"},\"query-input\":{\"@type\":\"PropertyValueSpecification\",\"valueRequired\":true,\"valueName\":\"search_term_string\"}}],\"inLanguage\":\"pt-BR\"},{\"@type\":\"Organization\",\"@id\":\"https:\/\/www.estrategiaconcursos.com.br\/blog\/#organization\",\"name\":\"Estrat\u00e9gia Concursos\",\"url\":\"https:\/\/www.estrategiaconcursos.com.br\/blog\/\",\"logo\":{\"@type\":\"ImageObject\",\"inLanguage\":\"pt-BR\",\"@id\":\"https:\/\/www.estrategiaconcursos.com.br\/blog\/#\/schema\/logo\/image\/\",\"url\":\"https:\/\/dhg1h5j42swfq.cloudfront.net\/2025\/06\/03203428\/logo_concursos-1.jpg\",\"contentUrl\":\"https:\/\/dhg1h5j42swfq.cloudfront.net\/2025\/06\/03203428\/logo_concursos-1.jpg\",\"width\":230,\"height\":60,\"caption\":\"Estrat\u00e9gia Concursos\"},\"image\":{\"@id\":\"https:\/\/www.estrategiaconcursos.com.br\/blog\/#\/schema\/logo\/image\/\"},\"sameAs\":[\"https:\/\/x.com\/EstratConcursos\"]},{\"@type\":\"Person\",\"@id\":\"https:\/\/www.estrategiaconcursos.com.br\/blog\/#\/schema\/person\/6d03253b3b105346a9fa2b3c2ddfd484\",\"name\":\"\u200bLuiz Felipe Durval\",\"image\":{\"@type\":\"ImageObject\",\"inLanguage\":\"pt-BR\",\"@id\":\"https:\/\/secure.gravatar.com\/avatar\/1ad737b2ef2f3e81715ea8b2959532c896d6be673ee7811ac89f95a812fc8aee?s=96&d=mm&r=g\",\"url\":\"https:\/\/secure.gravatar.com\/avatar\/1ad737b2ef2f3e81715ea8b2959532c896d6be673ee7811ac89f95a812fc8aee?s=96&d=mm&r=g\",\"contentUrl\":\"https:\/\/secure.gravatar.com\/avatar\/1ad737b2ef2f3e81715ea8b2959532c896d6be673ee7811ac89f95a812fc8aee?s=96&d=mm&r=g\",\"caption\":\"\u200bLuiz Felipe Durval\"},\"url\":\"https:\/\/www.estrategiaconcursos.com.br\/blog\/author\/luizfelipedurvalhotmail-com\/\"}]}<\/script>\n<!-- \/ Yoast SEO Premium plugin. -->","yoast_head_json":{"title":"Gabarito EXTRAOFICIAL de PORTUGU\u00caS - DEPEN (Agente Federal de Execu\u00e7\u00e3o Penal)","robots":{"index":"index","follow":"follow","max-snippet":"max-snippet:-1","max-image-preview":"max-image-preview:large","max-video-preview":"max-video-preview:-1"},"canonical":"https:\/\/www.estrategiaconcursos.com.br\/blog\/gabarito-extraoficial-de-portugues-depen-agente-federal-de-execucao-penal\/","og_locale":"pt_BR","og_type":"article","og_title":"Gabarito EXTRAOFICIAL de PORTUGU\u00caS - DEPEN (Agente Federal de Execu\u00e7\u00e3o Penal)","og_description":"Fala, meus jovens! Sou o professor Luiz Felipe (Instagram: @luizfelipedurval), professor da Equipe de Portugu\u00eas do Estrat\u00e9gia. Trago para voc\u00eas neste artigo as primeiras impress\u00f5es sobre as quest\u00f5es de Portugu\u00eas da prova do Departamento Penitenci\u00e1rio Nacional, cargo de Agente Federal de Execu\u00e7\u00e3o Penal \u2013 Banca CESPE\/Cebraspe. A professora Jana\u00edna Arruda e eu elaboramos um gabarito [&hellip;]","og_url":"https:\/\/www.estrategiaconcursos.com.br\/blog\/gabarito-extraoficial-de-portugues-depen-agente-federal-de-execucao-penal\/","og_site_name":"Estrat\u00e9gia Concursos","article_published_time":"2021-06-28T00:35:03+00:00","article_modified_time":"2021-07-01T16:20:16+00:00","og_image":[{"url":"https:\/\/www.estrategiaconcursos.com.br\/blog\/wp-content\/uploads\/2021\/06\/p1-457x1024.jpeg","type":"","width":"","height":""}],"author":"\u200bLuiz Felipe Durval","twitter_card":"summary_large_image","twitter_creator":"@EstratConcursos","twitter_site":"@EstratConcursos","twitter_misc":{"Escrito por":"\u200bLuiz Felipe Durval","Est. tempo de leitura":"4 minutos"},"schema":{"@context":"https:\/\/schema.org","@graph":[{"@type":"NewsArticle","@id":"https:\/\/www.estrategiaconcursos.com.br\/blog\/gabarito-extraoficial-de-portugues-depen-agente-federal-de-execucao-penal\/#article","isPartOf":{"@id":"https:\/\/www.estrategiaconcursos.com.br\/blog\/gabarito-extraoficial-de-portugues-depen-agente-federal-de-execucao-penal\/"},"author":{"name":"\u200bLuiz Felipe Durval","@id":"https:\/\/www.estrategiaconcursos.com.br\/blog\/#\/schema\/person\/6d03253b3b105346a9fa2b3c2ddfd484"},"headline":"Gabarito EXTRAOFICIAL de PORTUGU\u00caS &#8211; DEPEN (Agente Federal de Execu\u00e7\u00e3o Penal)","datePublished":"2021-06-28T00:35:03+00:00","dateModified":"2021-07-01T16:20:16+00:00","mainEntityOfPage":{"@id":"https:\/\/www.estrategiaconcursos.com.br\/blog\/gabarito-extraoficial-de-portugues-depen-agente-federal-de-execucao-penal\/"},"wordCount":662,"commentCount":0,"publisher":{"@id":"https:\/\/www.estrategiaconcursos.com.br\/blog\/#organization"},"image":{"@id":"https:\/\/www.estrategiaconcursos.com.br\/blog\/gabarito-extraoficial-de-portugues-depen-agente-federal-de-execucao-penal\/#primaryimage"},"thumbnailUrl":"https:\/\/www.estrategiaconcursos.com.br\/blog\/wp-content\/uploads\/2021\/06\/p1-457x1024.jpeg","articleSection":["Concursos P\u00fablicos"],"inLanguage":"pt-BR","potentialAction":[{"@type":"CommentAction","name":"Comment","target":["https:\/\/www.estrategiaconcursos.com.br\/blog\/gabarito-extraoficial-de-portugues-depen-agente-federal-de-execucao-penal\/#respond"]}],"copyrightYear":"2021","copyrightHolder":{"@id":"https:\/\/www.estrategiaconcursos.com.br\/blog\/#organization"}},{"@type":"WebPage","@id":"https:\/\/www.estrategiaconcursos.com.br\/blog\/gabarito-extraoficial-de-portugues-depen-agente-federal-de-execucao-penal\/","url":"https:\/\/www.estrategiaconcursos.com.br\/blog\/gabarito-extraoficial-de-portugues-depen-agente-federal-de-execucao-penal\/","name":"Gabarito EXTRAOFICIAL de PORTUGU\u00caS - DEPEN (Agente Federal de Execu\u00e7\u00e3o Penal)","isPartOf":{"@id":"https:\/\/www.estrategiaconcursos.com.br\/blog\/#website"},"primaryImageOfPage":{"@id":"https:\/\/www.estrategiaconcursos.com.br\/blog\/gabarito-extraoficial-de-portugues-depen-agente-federal-de-execucao-penal\/#primaryimage"},"image":{"@id":"https:\/\/www.estrategiaconcursos.com.br\/blog\/gabarito-extraoficial-de-portugues-depen-agente-federal-de-execucao-penal\/#primaryimage"},"thumbnailUrl":"https:\/\/www.estrategiaconcursos.com.br\/blog\/wp-content\/uploads\/2021\/06\/p1-457x1024.jpeg","datePublished":"2021-06-28T00:35:03+00:00","dateModified":"2021-07-01T16:20:16+00:00","breadcrumb":{"@id":"https:\/\/www.estrategiaconcursos.com.br\/blog\/gabarito-extraoficial-de-portugues-depen-agente-federal-de-execucao-penal\/#breadcrumb"},"inLanguage":"pt-BR","potentialAction":[{"@type":"ReadAction","target":["https:\/\/www.estrategiaconcursos.com.br\/blog\/gabarito-extraoficial-de-portugues-depen-agente-federal-de-execucao-penal\/"]}]},{"@type":"ImageObject","inLanguage":"pt-BR","@id":"https:\/\/www.estrategiaconcursos.com.br\/blog\/gabarito-extraoficial-de-portugues-depen-agente-federal-de-execucao-penal\/#primaryimage","url":"https:\/\/www.estrategiaconcursos.com.br\/blog\/wp-content\/uploads\/2021\/06\/p1-457x1024.jpeg","contentUrl":"https:\/\/www.estrategiaconcursos.com.br\/blog\/wp-content\/uploads\/2021\/06\/p1-457x1024.jpeg"},{"@type":"BreadcrumbList","@id":"https:\/\/www.estrategiaconcursos.com.br\/blog\/gabarito-extraoficial-de-portugues-depen-agente-federal-de-execucao-penal\/#breadcrumb","itemListElement":[{"@type":"ListItem","position":1,"name":"In\u00edcio","item":"https:\/\/www.estrategiaconcursos.com.br\/blog\/"},{"@type":"ListItem","position":2,"name":"Gabarito EXTRAOFICIAL de PORTUGU\u00caS &#8211; DEPEN (Agente Federal de Execu\u00e7\u00e3o Penal)"}]},{"@type":"WebSite","@id":"https:\/\/www.estrategiaconcursos.com.br\/blog\/#website","url":"https:\/\/www.estrategiaconcursos.com.br\/blog\/","name":"Estrat\u00e9gia Concursos","description":"O blog da Estrat\u00e9gia Concursos traz not\u00edcias sobre concursos e artigos de professores oferecendo cursos para concursos (pdf + videaulas) no site.","publisher":{"@id":"https:\/\/www.estrategiaconcursos.com.br\/blog\/#organization"},"potentialAction":[{"@type":"SearchAction","target":{"@type":"EntryPoint","urlTemplate":"https:\/\/www.estrategiaconcursos.com.br\/blog\/?s={search_term_string}"},"query-input":{"@type":"PropertyValueSpecification","valueRequired":true,"valueName":"search_term_string"}}],"inLanguage":"pt-BR"},{"@type":"Organization","@id":"https:\/\/www.estrategiaconcursos.com.br\/blog\/#organization","name":"Estrat\u00e9gia Concursos","url":"https:\/\/www.estrategiaconcursos.com.br\/blog\/","logo":{"@type":"ImageObject","inLanguage":"pt-BR","@id":"https:\/\/www.estrategiaconcursos.com.br\/blog\/#\/schema\/logo\/image\/","url":"https:\/\/dhg1h5j42swfq.cloudfront.net\/2025\/06\/03203428\/logo_concursos-1.jpg","contentUrl":"https:\/\/dhg1h5j42swfq.cloudfront.net\/2025\/06\/03203428\/logo_concursos-1.jpg","width":230,"height":60,"caption":"Estrat\u00e9gia Concursos"},"image":{"@id":"https:\/\/www.estrategiaconcursos.com.br\/blog\/#\/schema\/logo\/image\/"},"sameAs":["https:\/\/x.com\/EstratConcursos"]},{"@type":"Person","@id":"https:\/\/www.estrategiaconcursos.com.br\/blog\/#\/schema\/person\/6d03253b3b105346a9fa2b3c2ddfd484","name":"\u200bLuiz Felipe Durval","image":{"@type":"ImageObject","inLanguage":"pt-BR","@id":"https:\/\/secure.gravatar.com\/avatar\/1ad737b2ef2f3e81715ea8b2959532c896d6be673ee7811ac89f95a812fc8aee?s=96&d=mm&r=g","url":"https:\/\/secure.gravatar.com\/avatar\/1ad737b2ef2f3e81715ea8b2959532c896d6be673ee7811ac89f95a812fc8aee?s=96&d=mm&r=g","contentUrl":"https:\/\/secure.gravatar.com\/avatar\/1ad737b2ef2f3e81715ea8b2959532c896d6be673ee7811ac89f95a812fc8aee?s=96&d=mm&r=g","caption":"\u200bLuiz Felipe Durval"},"url":"https:\/\/www.estrategiaconcursos.com.br\/blog\/author\/luizfelipedurvalhotmail-com\/"}]}},"_links":{"self":[{"href":"https:\/\/www.estrategiaconcursos.com.br\/blog\/wp-json\/wp\/v2\/posts\/778359","targetHints":{"allow":["GET"]}}],"collection":[{"href":"https:\/\/www.estrategiaconcursos.com.br\/blog\/wp-json\/wp\/v2\/posts"}],"about":[{"href":"https:\/\/www.estrategiaconcursos.com.br\/blog\/wp-json\/wp\/v2\/types\/post"}],"author":[{"embeddable":true,"href":"https:\/\/www.estrategiaconcursos.com.br\/blog\/wp-json\/wp\/v2\/users\/1985"}],"replies":[{"embeddable":true,"href":"https:\/\/www.estrategiaconcursos.com.br\/blog\/wp-json\/wp\/v2\/comments?post=778359"}],"version-history":[{"count":4,"href":"https:\/\/www.estrategiaconcursos.com.br\/blog\/wp-json\/wp\/v2\/posts\/778359\/revisions"}],"predecessor-version":[{"id":782795,"href":"https:\/\/www.estrategiaconcursos.com.br\/blog\/wp-json\/wp\/v2\/posts\/778359\/revisions\/782795"}],"wp:attachment":[{"href":"https:\/\/www.estrategiaconcursos.com.br\/blog\/wp-json\/wp\/v2\/media?parent=778359"}],"wp:term":[{"taxonomy":"category","embeddable":true,"href":"https:\/\/www.estrategiaconcursos.com.br\/blog\/wp-json\/wp\/v2\/categories?post=778359"},{"taxonomy":"post_tag","embeddable":true,"href":"https:\/\/www.estrategiaconcursos.com.br\/blog\/wp-json\/wp\/v2\/tags?post=778359"},{"taxonomy":"tax_estado","embeddable":true,"href":"https:\/\/www.estrategiaconcursos.com.br\/blog\/wp-json\/wp\/v2\/tax_estado?post=778359"}],"curies":[{"name":"wp","href":"https:\/\/api.w.org\/{rel}","templated":true}]}}