{"id":778227,"date":"2021-07-09T10:50:00","date_gmt":"2021-07-09T13:50:00","guid":{"rendered":"https:\/\/www.estrategiaconcursos.com.br\/blog\/?p=778227"},"modified":"2022-08-09T22:01:19","modified_gmt":"2022-08-10T01:01:19","slug":"resumo-estatuto-pessoa-com-deficiencia-banco-do-brasil","status":"publish","type":"post","link":"https:\/\/www.estrategiaconcursos.com.br\/blog\/resumo-estatuto-pessoa-com-deficiencia-banco-do-brasil\/","title":{"rendered":"RESUMO DO ESTATUTO DA PESSOA COM DEFICI\u00caNCIA &#8211;  LEI N\u00ba 13.146\/2015 PARA ESCRITUR\u00c1RIO\/AGENTE COMERCIAL &#8211; BANCO DO BRASIL"},"content":{"rendered":"\n<p>Confira o resumo sobre a Lei n\u00ba 13.146\/2015, o Estatuto da Pessoa com Defici\u00eancia, com os aspectos mais importantes desse diploma para sua prepara\u00e7\u00e3o na prova do Banco do Brasil.<\/p>\n\n\n\n<h2 class=\"wp-block-heading\" id=\"h-o-estatuto-da-pessoa-com-deficiencia\">O ESTATUTO DA PESSOA COM DEFICI\u00caNCIA<\/h2>\n\n\n\n<p>Essa norma representa um marco na prote\u00e7\u00e3o dos direitos das pessoas com defici\u00eancia em nosso ordenamento jur\u00eddico.<\/p>\n\n\n\n<p>A Lei Brasileira de Inclus\u00e3o da Pessoa com Defici\u00eancia (Estatuto da Pessoa com Defici\u00eancia), \u00e9 destinada a assegurar e a promover, em condi\u00e7\u00f5es de igualdade, o exerc\u00edcio dos direitos e das liberdades fundamentais da pessoa com defici\u00eancia.<\/p>\n\n\n\n<p>O objetivo da Lei \u00e9 a inclus\u00e3o social e direito da cidadania, sendo considerada pessoa com defici\u00eancia aquela que tem impedimento de longo prazo de natureza f\u00edsica, mental, intelectual ou sensorial, o qual, em intera\u00e7\u00e3o com uma ou mais barreiras, pode obstruir sua participa\u00e7\u00e3o plena e efetiva na sociedade em igualdade de condi\u00e7\u00f5es com as demais pessoas.<\/p>\n\n\n\n<p>Desde a Resolu\u00e7\u00e3o CNJ 230\/2016, o Estatuto da Pessoa com Defici\u00eancia passou a ser fortemente cobrado em provas de concurso p\u00fablico.<\/p>\n\n\n\n<p>A exig\u00eancia \u00e9 que haja a obrigatoriedade de conte\u00fados relacionados ao Direito das Pessoas com Defici\u00eancia, na cobran\u00e7a em provas de concursos de tribunais, dessa forma, a outros concursos se estenderam por analogia.<\/p>\n\n\n\n<p>A partir de ent\u00e3o, todos os concursos para assistentes, t\u00e9cnicos e analistas e outros passaram a exigir a mat\u00e9ria.<\/p>\n\n\n\n<p>A banca ser\u00e1 a Cesgranrio, mas n\u00e3o se preocupem, a mat\u00e9ria \u00e9 r\u00e1pida, objetiva e direta e, uma vez bem estudada, garante consider\u00e1veis pontos na prova.<\/p>\n\n\n\n<p>Sendo assim, vamos direto ao que interessa neste resumo do Estatuto da Pessoa com Defici\u00eancia.<\/p>\n\n\n\n<figure class=\"wp-block-image size-large\"><img loading=\"lazy\" decoding=\"async\" width=\"1019\" height=\"535\" src=\"https:\/\/dhg1h5j42swfq.cloudfront.net\/2021\/07\/04190236\/banco-do-brasil-2.jpg\" alt=\"Resumo do Estatuto da Pessoa com Defici\u00eancia - BB\" class=\"wp-image-786484\" srcset=\"https:\/\/dhg1h5j42swfq.cloudfront.net\/2021\/07\/04190236\/banco-do-brasil-2.jpg 1019w, https:\/\/dhg1h5j42swfq.cloudfront.net\/2021\/07\/04190236\/banco-do-brasil-2-300x158.jpg 300w, https:\/\/dhg1h5j42swfq.cloudfront.net\/2021\/07\/04190236\/banco-do-brasil-2-768x403.jpg 768w, https:\/\/dhg1h5j42swfq.cloudfront.net\/2021\/07\/04190236\/banco-do-brasil-2-610x320.jpg 610w\" sizes=\"auto, (max-width: 1019px) 100vw, 1019px\" \/><figcaption>resumo do estatuto da pessoa com defici\u00eancia &#8211; BB<\/figcaption><\/figure>\n\n\n\n<h2 class=\"wp-block-heading\" id=\"h-a-lei-13-146-de-6-de-julho-de-2015-preliminares\">A lei 13.146 de 6 de julho de 2015 &#8211; Preliminares<\/h2>\n\n\n\n<p>A princ\u00edpio, a norma legal \u00e9 composta de 127 artigos divididos em dois livros, sendo o primeiro a tratar de uma parte geral e o segundo livro tratar de uma parte espec\u00edfica.<\/p>\n\n\n\n<p>Para melhor visibilidade, vejamos o quadro:<\/p>\n\n\n\n<figure class=\"wp-block-image size-large\"><img loading=\"lazy\" decoding=\"async\" width=\"678\" height=\"269\" src=\"https:\/\/dhg1h5j42swfq.cloudfront.net\/2021\/07\/04184140\/pcd.png\" alt=\"\" class=\"wp-image-786441\" srcset=\"https:\/\/dhg1h5j42swfq.cloudfront.net\/2021\/07\/04184140\/pcd.png 678w, https:\/\/dhg1h5j42swfq.cloudfront.net\/2021\/07\/04184140\/pcd-300x119.png 300w, https:\/\/dhg1h5j42swfq.cloudfront.net\/2021\/07\/04184140\/pcd-610x242.png 610w\" sizes=\"auto, (max-width: 678px) 100vw, 678px\" \/><figcaption>Estrat\u00e9gia Concursos &#8211; resumo do estatuto da pessoa com defici\u00eancia<\/figcaption><\/figure>\n\n\n\n<h2 class=\"wp-block-heading\" id=\"h-estatuto-da-pessoa-com-deficiencia-parte-geral\">Estatuto da Pessoa com Defici\u00eancia: Parte Geral<\/h2>\n\n\n\n<p>I &#8211; Inicia-se com as <strong>disposi\u00e7\u00f5es preliminares<\/strong>. \u00c9 o trecho mais cobrado de toda a Lei, por esse motivo os<strong><span style=\"color:#0075a3\" class=\"has-inline-color\"> <\/span><span style=\"color:#a30078\" class=\"has-inline-color\">primeiros 9 artigos precisam ser memorizados<\/span><\/strong>, desde o conceito de pessoa com defici\u00eancia que envolve limita\u00e7\u00f5es de longo prazo associada a barreiras, at\u00e9 os detalhes que est\u00e3o no<strong> art. 9\u00ba<\/strong>, sobre atendimento priorit\u00e1rio, devem ser memorizados. <strong>TUDO!<\/strong><\/p>\n\n\n\n<p>Esses artigos tratam de conceitos e sobre a forma de avalia\u00e7\u00e3o de todo tipo de defici\u00eancia e os crit\u00e9rios para tal defini\u00e7\u00e3o; da igualdade e da n\u00e3o discrimina\u00e7\u00e3o de nenhuma esp\u00e9cie e do atendimento priorit\u00e1rio.<\/p>\n\n\n\n<p>Observem como eles s\u00e3o cobrados:<\/p>\n\n\n\n<pre class=\"wp-block-verse\"><mark style=\"background-color:rgba(0, 0, 0, 0)\" class=\"has-inline-color has-vivid-cyan-blue-color\">CEBRASPE\/TJ\/AM\/2019 - Julgue o item a seguir, tendo como refer\u00eancia a Lei Brasileira de Inclus\u00e3o da Pessoa com Defici\u00eancia (Lei n.\u00ba 13.146\/2015).\n<em>Barreiras arquitet\u00f4nicas \u00e9 a designa\u00e7\u00e3o dada \u00e0s barreiras existentes em vias e espa\u00e7os p\u00fablicos e privados abertos ao p\u00fablico ou de uso coletivo.<\/em><\/mark><\/pre>\n\n\n\n<p>Gravem este <strong>MNEM\u00d4NICO<\/strong>:<\/p>\n\n\n\n<p><strong>BARREIRA ARQUI<span class=\"has-inline-color has-vivid-cyan-blue-color\">TET\u00d4<\/span>NICA<\/strong> &#8211; (<span class=\"has-inline-color has-vivid-cyan-blue-color\"><strong>TETO<\/strong><\/span>) DOS EDIF\u00cdCIOS P\u00daBLICOS E PRIVADOS.<\/p>\n\n\n\n<p><strong>BARREIR<span class=\"has-inline-color has-vivid-red-color\">A UR<\/span>BAN\u00cdSTICA<\/strong> &#8211; (<strong><span style=\"color:#d12e49\" class=\"has-inline-color\">RUA<\/span><\/strong>), VIAS E NOS ESPA\u00c7OS P\u00daBLICOS E PRIVADOS.<\/p>\n\n\n\n<p>Portanto, quest\u00e3o <strong><span style=\"color:#f8072f\" class=\"has-inline-color\">ERRADA<\/span><\/strong>. Est\u00e1 disposta no art. 3\u00ba do estatuto.<\/p>\n\n\n\n<pre class=\"wp-block-verse\"><mark style=\"background-color:rgba(0, 0, 0, 0)\" class=\"has-inline-color has-vivid-cyan-blue-color\">CEBRASPE\/TJ\/AM\/2019 - Julgue o item a seguir, tendo como refer\u00eancia a Lei Brasileira de Inclus\u00e3o da Pessoa com Defici\u00eancia (Lei n.\u00ba 13.146\/2015).\n<em>A avalia\u00e7\u00e3o biopsicossocial da defici\u00eancia \u00e9 obrigat\u00f3ria e envolve fatores econ\u00f4micos, pessoais, sociais e psicol\u00f3gicos da pessoa avaliada. \u00a0 \u00a0\u00a0<\/em><\/mark><\/pre>\n\n\n\n<p>Observem s\u00f3 essa pegadinha, a Avalia\u00e7\u00e3o Biopsicossocial: <strong>n\u00e3o \u00e9 obrigat\u00f3ria e n\u00e3o envolve fatores econ\u00f4micos<\/strong>, gravem isso! Quest\u00e3o<span style=\"color:#f50723\" class=\"has-inline-color\"> <strong>ERRADA<\/strong><\/span><strong>.<\/strong> (Art. 2\u00ba, \u00a71)<\/p>\n\n\n\n<pre class=\"wp-block-verse\"><mark style=\"background-color:rgba(0, 0, 0, 0)\" class=\"has-inline-color has-vivid-cyan-blue-color\">CEBRASPE\/TJ\/AM\/2019 - <em>A pessoa com defici\u00eancia tem plena capacidade civil para exercer o direito \u00e0 fam\u00edlia, exercer seus direitos sexuais e conservar sua fertilidade, sendo vedada a esteriliza\u00e7\u00e3o compuls\u00f3ria.<\/em><\/mark><\/pre>\n\n\n\n<p>Gabarito <strong><span style=\"color:#1400a3\" class=\"has-inline-color\">CERTO<\/span><\/strong>, a quest\u00e3o cobra o disposto no <strong>art. 6\u00ba<\/strong> que assim disp\u00f5e:<\/p>\n\n\n\n<blockquote class=\"wp-block-quote is-layout-flow wp-block-quote-is-layout-flow\"><p>Art. 6\u00ba A defici\u00eancia n\u00e3o afeta a plena capacidade civil da pessoa, inclusive para:<\/p><p>(&#8230;)<\/p><p>II &#8211; exercer direitos sexuais e reprodutivos;<\/p><p>IV &#8211; conservar sua fertilidade, sendo vedada a esteriliza\u00e7\u00e3o compuls\u00f3ria;<\/p><p>V &#8211; exercer o direito \u00e0 fam\u00edlia e \u00e0 conviv\u00eancia familiar e comunit\u00e1ria;<\/p><p>(&#8230;)<\/p><\/blockquote>\n\n\n\n<h4 class=\"wp-block-heading\" id=\"h-outra-forma-de-cobranca\">Outra forma de cobran\u00e7a:<\/h4>\n\n\n\n<pre class=\"wp-block-verse\"><mark style=\"background-color:rgba(0, 0, 0, 0)\" class=\"has-inline-color has-vivid-cyan-blue-color\">Jeferson, assistente social, trabalha em uma escola particular de educa\u00e7\u00e3o infantil e ensino fundamental, contribuindo para a estrutura\u00e7\u00e3o do projeto pedag\u00f3gico, para a cria\u00e7\u00e3o de condi\u00e7\u00f5es ao exerc\u00edcio da cidadania, bem como para o protagonismo e a inclus\u00e3o de crian\u00e7as e adolescentes, em especial as com defici\u00eancia, como Paula, uma aluna com onze anos de idade, que tem perda total e irrevers\u00edvel da vis\u00e3o e apresenta demandas familiares, socioeducacionais, de fortalecimento das redes de sociabilidade e de acesso aos servi\u00e7os socioassistenciais.<\/mark><\/pre>\n\n\n\n<pre class=\"wp-block-verse\"><mark style=\"background-color:rgba(0, 0, 0, 0)\" class=\"has-inline-color has-vivid-cyan-blue-color\">Tendo como refer\u00eancia essa situa\u00e7\u00e3o hipot\u00e9tica, julgue os itens subsequentes, considerando o que determina a Lei Brasileira de Inclus\u00e3o da Pessoa com Defici\u00eancia (Estatuto da Pessoa com Defici\u00eancia).<\/mark><\/pre>\n\n\n\n<pre class=\"wp-block-verse\"><mark style=\"background-color:rgba(0, 0, 0, 0)\" class=\"has-inline-color has-vivid-cyan-blue-color\">- <em>Mesmo ap\u00f3s completar a maioridade, a defici\u00eancia de Paula a impedir\u00e1 de exercer o direito \u00e0 guarda, tutela, curatela e ado\u00e7\u00e3o (como adotante).<\/em><\/mark><\/pre>\n\n\n\n<p>Nessa quest\u00e3o, como se pode observar, a banca trouxe uma situa\u00e7\u00e3o hipot\u00e9tica para testar o conhecimento do candidato acerca do Estatuto, por sua vez, basta uma leitura atenta da norma, sem muito mist\u00e9rio.<\/p>\n\n\n\n<p>A resposta da quest\u00e3o est\u00e1 <strong><span style=\"color:#fb0317\" class=\"has-inline-color\">ERRADA<\/span><\/strong>, a justificativa tamb\u00e9m se encontra no art. 6\u00ba:<\/p>\n\n\n\n<blockquote class=\"wp-block-quote is-layout-flow wp-block-quote-is-layout-flow\"><p><em>Art. 6\u00ba A defici\u00eancia n\u00e3o afeta a plena capacidade civil da pessoa, inclusive para:<\/em><\/p><p><em><u>VI &#8211; exercer o direito \u00e0 guarda, \u00e0 tutela, \u00e0 curatela e \u00e0 ado\u00e7\u00e3o, como adotante ou adotando, em igualdade de oportunidades com as demais pessoas.<\/u><\/em><\/p><\/blockquote>\n\n\n\n<h4 class=\"wp-block-heading\" id=\"h-no-que-diz-respeito-aos-conceitos-grave-essa-diferenca\">No que diz respeito aos conceitos, grave essa diferen\u00e7a!<\/h4>\n\n\n\n<p><strong>Pessoa com Defici\u00eancia: (Art. 2\u00ba)<\/strong> Considera-se pessoa com defici\u00eancia aquela que tem <strong><span style=\"color:#060ee5\" class=\"has-inline-color\">IMPEDIMENTO DE LONGO PRAZO<\/span><\/strong> de natureza f\u00edsica, mental, intelectual ou sensorial, o qual, em intera\u00e7\u00e3o com uma ou mais barreiras, pode obstruir sua participa\u00e7\u00e3o plena e efetiva na sociedade em igualdade de condi\u00e7\u00f5es com as demais pessoas.<\/p>\n\n\n\n<p><strong>Pessoa com mobilidade reduzida: (Art.3\u00ba &#8211; IX)<\/strong> aquela que tenha, por qualquer motivo, dificuldade de movimenta\u00e7\u00e3o, <span style=\"color:#0615e5\" class=\"has-inline-color\"><strong>PERMANENTE OU TEMPOR\u00c1RIA<\/strong>,<\/span> gerando redu\u00e7\u00e3o efetiva da mobilidade, da flexibilidade, da coordena\u00e7\u00e3o motora ou da percep\u00e7\u00e3o, incluindo idoso, gestante, lactante, pessoa com crian\u00e7a de colo e obeso.<\/p>\n\n\n\n<h2 class=\"wp-block-heading\" id=\"h-ii-dos-direitos-fundamentais\">II \u2013 Dos direitos fundamentais<\/h2>\n\n\n\n<p>Tamb\u00e9m essencial, por\u00e9m mais extenso, engloba os a<strong>rt. 10<\/strong> ao <strong>art. 52.<\/strong><\/p>\n\n\n\n<p>A cobran\u00e7a em sua grande maioria \u00e9 literal, desse modo fiquem atentos a dados objetivos, prazos, percentuais e exce\u00e7\u00f5es.<\/p>\n\n\n\n<p>O examinador adora essa parte, vejamos como s\u00e3o cobrados:<\/p>\n\n\n\n<pre class=\"wp-block-verse\"><mark style=\"background-color:rgba(0, 0, 0, 0)\" class=\"has-inline-color has-vivid-cyan-blue-color\">CEBRASPE\/TJ\/AM\/2019 - Com base na Lei n.\u00ba 13.146\/2015 (Lei Brasileira de Inclus\u00e3o da Pessoa com Defici\u00eancia) e em suas altera\u00e7\u00f5es, julgue o item a seguir.\n<em>As a\u00e7\u00f5es e os servi\u00e7os de sa\u00fade p\u00fablica devem garantir \u00e0s pessoas com defici\u00eancia campanhas de vacina\u00e7\u00e3o e atendimento psicol\u00f3gico, este inclusive para seus familiares e atendentes pessoais.<\/em><\/mark><\/pre>\n\n\n\n<p>A quest\u00e3o aborda o que disp\u00f5e o <strong>art. 18<\/strong> da Lei:<\/p>\n\n\n\n<blockquote class=\"wp-block-quote is-layout-flow wp-block-quote-is-layout-flow\"><p>\u00c9 assegurada aten\u00e7\u00e3o integral \u00e0 sa\u00fade da pessoa com defici\u00eancia em todos os n\u00edveis de complexidade, por interm\u00e9dio do SUS, garantido acesso universal e igualit\u00e1rio.<\/p><p>(&#8230;)<\/p><p>\u00a7 4\u00ba As a\u00e7\u00f5es e os servi\u00e7os de sa\u00fade p\u00fablica destinados \u00e0 pessoa com defici\u00eancia devem assegurar:<\/p><p><strong>IV &#8211; campanhas de vacina\u00e7\u00e3o;<\/strong><\/p><p><strong>V &#8211; atendimento psicol\u00f3gico, inclusive para seus familiares e atendentes pessoais; (&#8230;)<\/strong><\/p><\/blockquote>\n\n\n\n<p>Na referida quest\u00e3o, a resposta est\u00e1 <strong><span style=\"color:#0300a3\" class=\"has-inline-color\">CORRETA<\/span><\/strong>. Conforme demonstrado, foi pedido o conhecimento do artigo em tela de forma bem objetiva.<\/p>\n\n\n\n<p>Por esse motivo \u00e9 imperioso que o candidato fa\u00e7a uma leitura de forma atenta em todos os incisos do T\u00edtulo II. Este Resumo Estatuto Pessoa com Defici\u00eancia tem como foco orient\u00e1-los nos estudos.<\/p>\n\n\n\n<h2 class=\"wp-block-heading\" id=\"h-iii-e-iv-acessibilidade-ciencia-e-tecnologia\">III e IV- Acessibilidade, Ci\u00eancia e Tecnologia<\/h2>\n\n\n\n<p>S\u00e3o os pontos mais t\u00e9cnicos do Estatuto, desse modo \u00e9 necess\u00e1rio que voc\u00ea estude de forma mais objetiva.<\/p>\n\n\n\n<p>O t\u00edtulo se inicia no <strong>artigo 53<\/strong> e vai at\u00e9 o <strong>artigo 78<\/strong>. No cap\u00edtulo I trata basicamente de acessibilidade de edifica\u00e7\u00f5es abertas ao p\u00fablico, de uso p\u00fablico ou privadas de uso coletivo.<\/p>\n\n\n\n<p>Assim tamb\u00e9m, aborda a inclus\u00e3o de conte\u00fados tem\u00e1ticos referentes ao desenho universal nas diretrizes curriculares da educa\u00e7\u00e3o profissional e tecnol\u00f3gica e do ensino superior.<\/p>\n\n\n\n<p>O desenho universal ser\u00e1 sempre tomado como regra de car\u00e1ter geral, sendo caracterizado como o processo de criar os produtos que s\u00e3o acess\u00edveis para todas as pessoas, independente de suas caracter\u00edsticas pessoais, idade, ou habilidades.<\/p>\n\n\n\n<p>O cap\u00edtulo II e III engloba acessibilidade nos s\u00edtios da internet, bem como a garantia dada pelo poder p\u00fablico ou na esfera privada, de condi\u00e7\u00f5es de acessibilidade e acesso aos recursos de tecnologia assistiva a todas as pessoas que possuem algum tipo de limita\u00e7\u00e3o por defici\u00eancia.<\/p>\n\n\n\n<p>No cap\u00edtulo IV, traz disposi\u00e7\u00f5es que asseguram aos deficientes todos os direitos pol\u00edticos e a oportunidade de exerc\u00ea-los em igualdade de condi\u00e7\u00f5es com as demais pessoas.<\/p>\n\n\n\n<p>Observem como s\u00e3o cobrados nos exames:<\/p>\n\n\n\n<pre class=\"wp-block-verse\"><mark style=\"background-color:rgba(0, 0, 0, 0)\" class=\"has-inline-color has-vivid-cyan-blue-color\">CEBRASPE\/TJPA\/2020 Assinale a op\u00e7\u00e3o que apresenta o princ\u00edpio a ser atendido quando da concep\u00e7\u00e3o e da implanta\u00e7\u00e3o de mostra de arte aberta ao p\u00fablico, a fim de promover a acessibilidade, salvo comprovada impossibilidade.<\/mark><\/pre>\n\n\n\n<pre class=\"wp-block-verse\"><mark style=\"background-color:rgba(0, 0, 0, 0)\" class=\"has-inline-color has-vivid-cyan-blue-color\">a) elemento de urbaniza\u00e7\u00e3o<\/mark><\/pre>\n\n\n\n<pre class=\"wp-block-verse\"><mark style=\"background-color:rgba(0, 0, 0, 0)\" class=\"has-inline-color has-vivid-cyan-blue-color\">b) desenho universal<\/mark><\/pre>\n\n\n\n<pre class=\"wp-block-verse\"><mark style=\"background-color:rgba(0, 0, 0, 0)\" class=\"has-inline-color has-vivid-cyan-blue-color\">c)\u00a0 urbano<\/mark><\/pre>\n\n\n\n<pre class=\"wp-block-verse\"><mark style=\"background-color:rgba(0, 0, 0, 0)\" class=\"has-inline-color has-vivid-cyan-blue-color\">d) comunica\u00e7\u00e3o<\/mark><\/pre>\n\n\n\n<pre class=\"wp-block-verse\"><mark style=\"background-color:rgba(0, 0, 0, 0)\" class=\"has-inline-color has-vivid-cyan-blue-color\">e) atendimento priorit\u00e1rio<\/mark><\/pre>\n\n\n\n<p>Pessoal, falou em <strong><span class=\"has-inline-color has-vivid-green-cyan-color\">CONCEP\u00c7\u00c3O<\/span><\/strong>, pensou em <strong><span class=\"has-inline-color has-vivid-green-cyan-color\">DESENHO UNIVERSAL<\/span><\/strong>. Resposta <strong><span style=\"color:#1900a3\" class=\"has-inline-color\">letra B<\/span><\/strong>, encontrada no <strong>art. 55<\/strong> do Estatuto.<\/p>\n\n\n\n<p>Gravem esse <strong><span class=\"has-inline-color has-vivid-red-color\">MNEM\u00d4NICO<\/span><\/strong>: <strong>P P A S<\/strong><\/p>\n\n\n\n<p><strong><span class=\"has-inline-color has-vivid-green-cyan-color\">Desenho universal<\/span>:<\/strong> concep\u00e7\u00e3o de <strong>P<\/strong>rodutos, <strong>A<\/strong>mbientes, <strong>P<\/strong>rogramas e <strong>S<\/strong>ervi\u00e7os <strong>(PPAS)<\/strong> a serem usados por todas as pessoas, sem necessidade de adapta\u00e7\u00e3o ou de projeto espec\u00edfico, incluindo os recursos de tecnologia assistiva.<\/p>\n\n\n\n<pre class=\"wp-block-verse\"><mark style=\"background-color:rgba(0, 0, 0, 0)\" class=\"has-inline-color has-vivid-cyan-blue-color\">CEBRASPE\/TRF - 5\u00aa REGI\u00c3O\/ 2017\/Juiz Federal Substituto - O poder p\u00fablico tem o dever de assegurar a adapta\u00e7\u00e3o e a produ\u00e7\u00e3o de artigos cient\u00edficos em formato acess\u00edvel, inclusive em LIBRAS. <\/mark><strong><mark style=\"background-color:rgba(0, 0, 0, 0);color:#ff0612\" class=\"has-inline-color\">ERRADA<\/mark><\/strong><\/pre>\n\n\n\n<blockquote class=\"wp-block-quote is-layout-flow wp-block-quote-is-layout-flow\"><p>Art. 68, \u00a7 3\u00ba &#8211; &nbsp; O poder p\u00fablico deve estimular e apoiar a adapta\u00e7\u00e3o e a produ\u00e7\u00e3o de artigos cient\u00edficos em formato acess\u00edvel, inclusive em Libras.<\/p><\/blockquote>\n\n\n\n<h2 class=\"wp-block-heading\" id=\"h-parte-especial-livro-ii-resumo-estatuto-da-pessoa-com-deficiencia-banco-do-brasil\">PARTE ESPECIAL &#8211; LIVRO II &#8211; RESUMO ESTATUTO DA PESSOA COM DEFICI\u00caNCIA BANCO DO BRASIL<\/h2>\n\n\n\n<h4 class=\"wp-block-heading\" id=\"h-titulos-i-ii-e-iii-do-acesso-a-justica-do-reconhecimento-igual-perante-a-lei-e-dos-crimes-e-das-infracoes-administrativas\"><strong>T\u00edtulos I, II e III &#8211; Do acesso \u00e0 Justi\u00e7a, do Reconhecimento Igual Perante a Lei e Dos Crimes e das Infra\u00e7\u00f5es Administrativas<\/strong><\/h4>\n\n\n\n<p>Apesar de ser um trecho mais curto, \u00e9 muito importante, pois denuncia o foco do estatuto: a plena capacidade civil da pessoa com defici\u00eancia.<\/p>\n\n\n\n<p>O t\u00edtulo I trata do reconhecimento igual perante \u00e0 lei e dos crimes e das infra\u00e7\u00f5es administrativas para quem praticar, induzir ou incitar a discrimina\u00e7\u00e3o \u00e0 pessoas em virtude de sua defici\u00eancia.<\/p>\n\n\n\n<p>Destaca-se que o artigo 88 do Estatuto da Pessoa com Defici\u00eancia, prev\u00ea como crime, sujeito \u00e0 reclus\u00e3o de 01 a 03 anos e multa, quem cometer as condutas de praticar, induzir ou incitar discrimina\u00e7\u00e3o de pessoa em raz\u00e3o de sua defici\u00eancia.<\/p>\n\n\n\n<p>Importante ressaltar que o Estatuto \u00e9 baseado na Conven\u00e7\u00e3o Internacional dos Direitos da Pessoa com Defici\u00eancia (CDPD), da Organiza\u00e7\u00e3o das Na\u00e7\u00f5es Unidas (ONU), de 13 de dezembro de 2006.<\/p>\n\n\n\n<p>N\u00e3o se esque\u00e7a de que a Conven\u00e7\u00e3o foi o primeiro tratado internacional relacionado aos direitos humanos que foi incorporado pelo ordenamento jur\u00eddico brasileiro com status equivalente ao de Emenda Constitucional!<\/p>\n\n\n\n<p>Ao inv\u00e9s de objeto de prote\u00e7\u00e3o jur\u00eddica, a pessoa com defici\u00eancia, \u00e9 sujeito de direitos.<\/p>\n\n\n\n<p>Ao inv\u00e9s de incapaz, a pessoa com defici\u00eancia ser\u00e1 plenamente capaz para praticar atos da vida civil.<\/p>\n\n\n\n<p>\u00c9 fato que pode haver pessoas com defici\u00eancia que n\u00e3o tenham condi\u00e7\u00f5es de praticar parte dos atos da vida civil, mas ela ser\u00e1 exce\u00e7\u00e3o.<\/p>\n\n\n\n<p>As pessoas com defici\u00eancia, como regra, t\u00eam plenas condi\u00e7\u00f5es de constituir fam\u00edlia, administrar o pr\u00f3prio patrim\u00f4nio, decidir tratamentos m\u00e9dicos etc.<\/p>\n\n\n\n<p>O Estatuto permitiu \u00e0s pessoas com defici\u00eancia o direito de constituir uni\u00e3o est\u00e1vel ou se casar, garantindo o exerc\u00edcio dos direitos sexuais e reprodutivos em igualdade com os demais, agora que s\u00e3o presumidamente considerados capazes.<\/p>\n\n\n\n<h4 class=\"wp-block-heading\">Acerca do tema, repare como ele \u00e9 apresentado:<\/h4>\n\n\n\n<pre class=\"wp-block-verse\"><mark style=\"background-color:rgba(0, 0, 0, 0)\" class=\"has-inline-color has-vivid-cyan-blue-color\">CEBRASPE\/MPE\/CE\/2020 - Acerca de obriga\u00e7\u00e3o alimentar e de tomada de decis\u00e3o apoiada, julgue o item subsequente.\n<em>A tomada de decis\u00e3o apoiada \u00e9 o processo pelo qual a pessoa com defici\u00eancia elege pelo menos duas pessoas id\u00f4neas para prestar-lhe apoio na tomada de decis\u00e3o sobre atos da vida civil.<\/em> <\/mark><strong><mark style=\"background-color:rgba(0, 0, 0, 0);color:#1400a3\" class=\"has-inline-color\">CERTO<\/mark><\/strong><\/pre>\n\n\n\n<p>O art. 116 do Estatuto alterou o C\u00f3digo Civil, onde foi acrescido o art. 1.783-A, que assim disp\u00f5e:<\/p>\n\n\n\n<blockquote class=\"wp-block-quote is-layout-flow wp-block-quote-is-layout-flow\"><p>A tomada de decis\u00e3o apoiada \u00e9 o processo pelo qual a pessoa com defici\u00eancia elege pelo menos 2 (duas) pessoas id\u00f4neas, com as quais mantenha v\u00ednculos e que gozem de sua confian\u00e7a, para prestar-lhe apoio na tomada de decis\u00e3o sobre atos da vida civil, fornecendo-lhes os elementos e informa\u00e7\u00f5es necess\u00e1rios para que possa exercer sua capacidade. [&#8230;]\u201d<\/p><\/blockquote>\n\n\n\n<p>&nbsp;Nesse caso, o artigo 84, \u00a7 2\u00ba da lei 13.146\/2015 e Artigo 1.783-A do c\u00f3digo civil, abrangem a Tomada de decis\u00e3o apoiada X Curatela.<\/p>\n\n\n\n<p>Gravem esse <strong>MACETE<\/strong> sobre a diferen\u00e7a entre esses dois institutos:<\/p>\n\n\n\n<p>Curatela \u00e9<strong> <span style=\"color:#060fe5\" class=\"has-inline-color\">PA<\/span><span class=\"has-inline-color has-vivid-red-color\">NE<\/span><\/strong>: <strong><span style=\"color:#1b06e5\" class=\"has-inline-color\">PA<\/span><\/strong>trimonial e <strong><span class=\"has-inline-color has-vivid-red-color\">NE<\/span><\/strong>gocial, o Juiz pode nomear curador de of\u00edcio e provis\u00f3rio, que nesse caso ser\u00e1 somente quando houver relev\u00e2ncia e&nbsp; urg\u00eancia.<\/p>\n\n\n\n<p>Tomada de decis\u00e3o apoiada: o Juiz n\u00e3o elege, \u00e9 o apoio sobre atos da vida civil, quem escolhe \u00e9 a pr\u00f3pria pessoa, sendo facultativo.<\/p>\n\n\n\n<p><strong>Aten\u00e7\u00e3o:<\/strong> O consentimento da pessoa com defici\u00eancia em situa\u00e7\u00e3o de curatela n\u00e3o \u00e9 absoluto, pois ele poder\u00e1 ser suprido, na forma da lei.<\/p>\n\n\n\n<p>Um outro aspecto interessante foi que o Estatuto acresce o art. 1\u00ba na Lei 11.126 de 24 de junho de 2005, que trata que disp\u00f5e sobre o direito do portador de defici\u00eancia visual de ingressar e permanecer em ambientes de uso coletivo acompanhado de c\u00e3o, onde ampliou o direito do c\u00e3o-guia ingressar e de permanecer em todos os meios de transportes seja p\u00fablico ou privado de uso coletivo.<\/p>\n\n\n\n<h4 class=\"wp-block-heading\">CRIMES E INFRA\u00c7\u00d5ES ADMINISTRATIVAS <\/h4>\n\n\n\n<p>Um trecho pequeno, por\u00e9m necess\u00e1rio. S\u00e3o apenas 4 crimes, desse modo, decorre todos, principalmente as penas e causas de aumento de pena.<\/p>\n\n\n\n<p>&nbsp;<span class=\"has-inline-color has-vivid-cyan-blue-color\">CEBRASPE\/EBSHER\/2018 &#8211; Acerca do Estatuto da Pessoa com Defici\u00eancia, julgue o item que se segue.<\/span><\/p>\n\n\n\n<p><em><span class=\"has-inline-color has-vivid-cyan-blue-color\">A pena prevista para quem discriminar pessoa em raz\u00e3o de sua defici\u00eancia ser\u00e1 a mesma se o ato ocorrer por interm\u00e9dio de meios de comunica\u00e7\u00e3o social ou n\u00e3o.<\/span> <\/em><strong><span style=\"color:#f50612\" class=\"has-inline-color\">ERRADA<\/span><\/strong><\/p>\n\n\n\n<p>A quest\u00e3o est\u00e1 prevista no art. 88, caput, \u00a7 2:<\/p>\n\n\n\n<blockquote class=\"wp-block-quote is-layout-flow wp-block-quote-is-layout-flow\"><p><em>Art. 88. Praticar, induzir ou incitar discrimina\u00e7\u00e3o de pessoa em raz\u00e3o de sua defici\u00eancia:<\/em><\/p><p><em>&nbsp;&nbsp;&nbsp;&nbsp;&nbsp;&nbsp;&nbsp;&nbsp;Pena &#8211; reclus\u00e3o, de 1 (um) a 3 (tr\u00eas) anos, e multa.<\/em><\/p><p><em>\u00a7 2o Se qualquer dos crimes previstos no caput deste artigo \u00e9 cometido por interm\u00e9dio de meios de comunica\u00e7\u00e3o social ou de publica\u00e7\u00e3o de qualquer natureza:<\/em><\/p><p><em>&nbsp;&nbsp;&nbsp;&nbsp;&nbsp;&nbsp;&nbsp;&nbsp;Pena &#8211; reclus\u00e3o, de 2 (dois) a 5 (cinco) anos, e multa.<\/em><\/p><\/blockquote>\n\n\n\n<h4 class=\"wp-block-heading\" id=\"h-resuminho-de-crimes\">RESUMINHO DE CRIMES:<\/h4>\n\n\n\n<ul class=\"wp-block-list\"><li><strong>RECLUS\u00c3O + MULTA<\/strong><\/li><\/ul>\n\n\n\n<p><strong>6 meses a 3 anos<\/strong> <\/p>\n\n\n\n<p>&#8211; Abandonar em hospitais, casas de sa\u00fade, entidades de abrigo, etc.<\/p>\n\n\n\n<p>&#8211; N\u00e3o prover as necessidades b\u00e1sicas quando obrigado por lei ou mandado<\/p>\n\n\n\n<p><strong>1 a 3 anos<\/strong><\/p>\n\n\n\n<p><strong> &#8211;<\/strong> Praticar, induzir ou incitar a discrimina\u00e7\u00e3o.<\/p>\n\n\n\n<p> &nbsp; &nbsp; &nbsp; &nbsp; Aumento de pena em 1\/3 se a v\u00edtima estiver sob cuidado e responsabilidade do agente.<\/p>\n\n\n\n<p><strong>1 a 4 anos <\/strong><\/p>\n\n\n\n<p><strong>&#8211; <\/strong>Apropriar ou desviar bens, proventos, pens\u00e3o, benef\u00edcios, etc.<\/p>\n\n\n\n<p> &nbsp; &nbsp; &nbsp; &nbsp; Aumento de pena em 1\/3 se for cometido por tutor, curador, ou por aquele que apropriou em raz\u00e3o do of\u00edcio ou profiss\u00e3o.<\/p>\n\n\n\n<p><strong>2 a 5 anos <\/strong><\/p>\n\n\n\n<p><strong>&#8211;<\/strong> Praticar, induzir ou incitar discrimina\u00e7\u00e3o por interm\u00e9dio de meios de comunica\u00e7\u00e3o social ou publica\u00e7\u00e3o.<\/p>\n\n\n\n<p>&#8211; Criar obst\u00e1culo \u00e0 inscri\u00e7\u00e3o de PCD na escola e \u00e0 inscri\u00e7\u00e3o em concurso p\u00fablico ou acesso a cargos e empregos p\u00fablicos em raz\u00e3o da defici\u00eancia;<\/p>\n\n\n\n<p>&#8211; Dificultar ou impedir o curso de procedimento de inqu\u00e9rito civil;<\/p>\n\n\n\n<p>&#8211; Dificultar ou impedir o acesso da PCD em planos de sa\u00fade;<\/p>\n\n\n\n<p>&#8211; Negar ou dificultar a interna\u00e7\u00e3o ou prestar assist\u00eancia m\u00e9dico-hospitalar e ambulatorial;<\/p>\n\n\n\n<p> &nbsp; &nbsp; &nbsp; &nbsp; Aumenta em 1\/3 se praticado contra menor de 18 anos ou se praticado em atendimento de urg\u00eancia ou emerg\u00eancia.<\/p>\n\n\n\n<ul class=\"wp-block-list\"><li><strong>DETEN\u00c7\u00c3O + MULTA<\/strong><\/li><\/ul>\n\n\n\n<p><strong>6 meses a 2 anos<\/strong><\/p>\n\n\n\n<p><strong> &#8211;<\/strong> Reter ou utilizar cart\u00e3o magn\u00e9tico, qualquer meio eletr\u00f4nico ou documento destinado ao recebimento de benef\u00edcios ou realiza\u00e7\u00e3o de opera\u00e7\u00f5es financeiras, com o fim de obter vantagem indevida para si ou para outrem.<\/p>\n\n\n\n<p>&nbsp; &nbsp; &nbsp; &nbsp; Aumenta em 1\/3 se for cometido por tutor ou curador.<\/p>\n\n\n\n<h2 class=\"wp-block-heading\" id=\"h-consideracoes-finais-resumo-lei-n\u00ba-13-146-2015-banco-do-brasil\">CONSIDERA\u00c7\u00d5ES FINAIS &#8211; Resumo<a href=\"http:\/\/www.planalto.gov.br\/ccivil_03\/_ato2015-2018\/2015\/lei\/l13146.htm\"> Lei n\u00ba 13.146\/2015<\/a> Banco do Brasil<\/h2>\n\n\n\n<p>Por enquanto \u00e9 s\u00f3, pessoal. Lembrando que o presente resumo sobre o Estatuto da Pessoa com Defici\u00eancia, Lei n\u00ba 13.146\/2015 , voltado para o concurso do Banco do Brasil, tem como foco auxili\u00e1-los na prepara\u00e7\u00e3o.<\/p>\n\n\n\n<p>Por sua vez, visando melhor aprofundamento do assunto, indicamos os <a href=\"https:\/\/www.estrategiaconcursos.com.br\/cursosPorConcurso\/banco-do-brasil-escriturario-99\/\">cursos espec\u00edficos<\/a> que est\u00e3o no nosso Portal do Estrat\u00e9gia Concursos.<\/p>\n\n\n\n<p>Boa sorte a todos!<\/p>\n\n\n\n<p>Um forte abra\u00e7o, at\u00e9 breve.<\/p>\n\n\n\n<p class=\"has-text-align-center\" id=\"h-quer-saber-tudo-sobre-concursos-previstos\"><strong>Quer saber tudo sobre concursos previstos?<\/strong><\/p>\n\n\n\n<p class=\"has-text-align-center\"><strong>Confira nossos artigos!<\/strong><\/p>\n\n\n\n<p class=\"has-text-align-center has-white-color has-vivid-purple-background-color has-text-color has-background\"><a href=\"https:\/\/www.estrategiaconcursos.com.br\/blog\/concursos-abertos\/\" target=\"_blank\" rel=\"noreferrer noopener\">Concursos abertos<\/a><\/p>\n\n\n\n<p class=\"has-text-align-center has-white-color has-vivid-purple-background-color has-text-color has-background\"><a href=\"https:\/\/www.estrategiaconcursos.com.br\/blog\/concursos-2022\/\" target=\"_blank\" rel=\"noreferrer noopener\">Concursos 2022<\/a><\/p>\n\n\n\n<h3 class=\"wp-block-heading\" id=\"assinatura-de-concursos\">Assinatura de Concursos<\/h3>\n\n\n\n<p>Assinatura de 1 ano ou 2 anos<a href=\"https:\/\/www.estrategiaconcursos.com.br\/assinaturas\/\" target=\"_blank\" rel=\"noreferrer noopener\">ASSINE AGORA<\/a><\/p>\n\n\n\n<p>Agora, confira as vagas e oportunidades dos&nbsp;<strong>concursos 2023<\/strong>&nbsp;navegando atrav\u00e9s do \u00edndice abaixo:<\/p>\n\n\n\n<h2 class=\"wp-block-heading\" id=\"concursos-e-vagas-previstas-para-2023\">Concursos e vagas previstas para 2023:<\/h2>\n\n\n\n<ul class=\"wp-block-list\" id=\"indice\"><li><a href=\"https:\/\/www.estrategiaconcursos.com.br\/blog\/concursos-2023\/#policial\">Concursos Policiais<\/a><\/li><li><a href=\"https:\/\/www.estrategiaconcursos.com.br\/blog\/concursos-2023\/#fiscal\">Concursos Fiscais<\/a><\/li><li><a href=\"https:\/\/www.estrategiaconcursos.com.br\/blog\/concursos-2023\/#controle\">Concursos Controle<\/a><\/li><li><a href=\"https:\/\/www.estrategiaconcursos.com.br\/blog\/concursos-2023\/#tribunais\">Concursos Tribunais<\/a><\/li><li><a href=\"https:\/\/www.estrategiaconcursos.com.br\/blog\/concursos-2023\/#ministerios-publicos\">Concursos em Minist\u00e9rios P\u00fablicos<\/a><\/li><li><a href=\"https:\/\/www.estrategiaconcursos.com.br\/blog\/concursos-2023\/#defensorias-publicas\">Concursos em Defensorias<\/a><\/li><li><a href=\"https:\/\/www.estrategiaconcursos.com.br\/blog\/concursos-2023\/#legislativa\">Concursos Legislativos<\/a><\/li><li><a href=\"https:\/\/www.estrategiaconcursos.com.br\/blog\/concursos-2023\/#saude\">Concursos da \u00e1rea da Sa\u00fade<\/a><\/li><li><a href=\"https:\/\/www.estrategiaconcursos.com.br\/blog\/concursos-2023\/#bancaria\">Concursos da \u00e1rea banc\u00e1ria<\/a><\/li><li><a href=\"https:\/\/www.estrategiaconcursos.com.br\/blog\/concursos-2023\/#educacao\">Concursos da \u00e1rea da Educa\u00e7\u00e3o<\/a><\/li><li><a href=\"https:\/\/www.estrategiaconcursos.com.br\/blog\/concursos-2023\/#prefeituras\">Concursos para Prefeituras<\/a><\/li><li><a href=\"https:\/\/www.estrategiaconcursos.com.br\/blog\/concursos-2023\/#outros\">Concursos outras oportunidades<\/a><\/li><li><a href=\"https:\/\/www.estrategiaconcursos.com.br\/blog\/concursos-2023\/#concursos-estado\">Concursos 2023 por Estado<\/a><\/li><\/ul>\n\n\n\n<p><br \/><\/p>\n","protected":false},"excerpt":{"rendered":"<p>Confira o resumo sobre a Lei n\u00ba 13.146\/2015, o Estatuto da Pessoa com Defici\u00eancia, com os aspectos mais importantes desse diploma para sua prepara\u00e7\u00e3o na prova do Banco do Brasil. O ESTATUTO DA PESSOA COM DEFICI\u00caNCIA Essa norma representa um marco na prote\u00e7\u00e3o dos direitos das pessoas com defici\u00eancia em nosso ordenamento jur\u00eddico. A Lei [&hellip;]<\/p>\n","protected":false},"author":1914,"featured_media":786484,"comment_status":"open","ping_status":"closed","sticky":false,"template":"","format":"standard","meta":{"post_tipo":"article","footnotes":""},"categories":[2313,1],"tags":[],"tax_estado":[219964,219965,219966,219967,219968,219969,219963,219970,219971,219972,219973,219974,219975,219976,219977,219978,219979,219980,219981,219982,219983,219984,219985,219986,219987,219988,219989,219990],"class_list":["post-778227","post","type-post","status-publish","format-standard","has-post-thumbnail","hentry","category-carreiras-bancarias","category-cursos-e-concursos","tax_estado-ac","tax_estado-al","tax_estado-am","tax_estado-ap","tax_estado-ba","tax_estado-ce","tax_estado-concursos-federais","tax_estado-df","tax_estado-es","tax_estado-go","tax_estado-ma","tax_estado-mg","tax_estado-ms","tax_estado-mt","tax_estado-pa","tax_estado-pb","tax_estado-pe","tax_estado-pi","tax_estado-pr","tax_estado-rj","tax_estado-rn","tax_estado-ro","tax_estado-rr","tax_estado-rs","tax_estado-sc","tax_estado-se","tax_estado-sp","tax_estado-to"],"acf":[],"yoast_head":"<!-- This site is optimized with the Yoast SEO Premium plugin v27.2 (Yoast SEO v27.2) - https:\/\/yoast.com\/product\/yoast-seo-premium-wordpress\/ -->\n<title>Resumo Estatuto Pessoa com Defici\u00eancia para o concurso do BB\/2021<\/title>\n<meta name=\"description\" content=\"Prepare-se para a prova do Banco do Brasil - 2021, conferindo este resumo do Estatuto da Pessoa com Defici\u00eancia - Lei n\u00ba 13.146\/2015.\" \/>\n<meta name=\"robots\" content=\"index, follow, max-snippet:-1, max-image-preview:large, max-video-preview:-1\" \/>\n<link rel=\"canonical\" href=\"https:\/\/www.estrategiaconcursos.com.br\/blog\/resumo-estatuto-pessoa-com-deficiencia-banco-do-brasil\/\" \/>\n<meta property=\"og:locale\" content=\"pt_BR\" \/>\n<meta property=\"og:type\" content=\"article\" \/>\n<meta property=\"og:title\" content=\"RESUMO DO ESTATUTO DA PESSOA COM DEFICI\u00caNCIA - LEI N\u00ba 13.146\/2015 PARA ESCRITUR\u00c1RIO\/AGENTE COMERCIAL - BANCO DO BRASIL\" \/>\n<meta property=\"og:description\" content=\"Prepare-se para a prova do Banco do Brasil - 2021, conferindo este resumo do Estatuto da Pessoa com Defici\u00eancia - Lei n\u00ba 13.146\/2015.\" \/>\n<meta property=\"og:url\" content=\"https:\/\/www.estrategiaconcursos.com.br\/blog\/resumo-estatuto-pessoa-com-deficiencia-banco-do-brasil\/\" \/>\n<meta property=\"og:site_name\" content=\"Estrat\u00e9gia Concursos\" \/>\n<meta property=\"article:published_time\" content=\"2021-07-09T13:50:00+00:00\" \/>\n<meta property=\"article:modified_time\" content=\"2022-08-10T01:01:19+00:00\" \/>\n<meta property=\"og:image\" content=\"https:\/\/dhg1h5j42swfq.cloudfront.net\/2021\/07\/04190236\/banco-do-brasil-2.jpg\" \/>\n\t<meta property=\"og:image:width\" content=\"1019\" \/>\n\t<meta property=\"og:image:height\" content=\"535\" \/>\n\t<meta property=\"og:image:type\" content=\"image\/jpeg\" \/>\n<meta name=\"author\" content=\"Gisele Belo Canto\" \/>\n<meta name=\"twitter:card\" content=\"summary_large_image\" \/>\n<meta name=\"twitter:creator\" content=\"@EstratConcursos\" \/>\n<meta name=\"twitter:site\" content=\"@EstratConcursos\" \/>\n<meta name=\"twitter:label1\" content=\"Escrito por\" \/>\n\t<meta name=\"twitter:data1\" content=\"Gisele Belo Canto\" \/>\n\t<meta name=\"twitter:label2\" content=\"Est. tempo de leitura\" \/>\n\t<meta name=\"twitter:data2\" content=\"13 minutos\" \/>\n<script type=\"application\/ld+json\" class=\"yoast-schema-graph\">{\"@context\":\"https:\/\/schema.org\",\"@graph\":[{\"@type\":\"NewsArticle\",\"@id\":\"https:\/\/www.estrategiaconcursos.com.br\/blog\/resumo-estatuto-pessoa-com-deficiencia-banco-do-brasil\/#article\",\"isPartOf\":{\"@id\":\"https:\/\/www.estrategiaconcursos.com.br\/blog\/resumo-estatuto-pessoa-com-deficiencia-banco-do-brasil\/\"},\"author\":{\"name\":\"Gisele Belo Canto\",\"@id\":\"https:\/\/www.estrategiaconcursos.com.br\/blog\/#\/schema\/person\/fcabad88fb5f77e6eb2dbf49c6b2d62c\"},\"headline\":\"RESUMO DO ESTATUTO DA PESSOA COM DEFICI\u00caNCIA &#8211; LEI N\u00ba 13.146\/2015 PARA ESCRITUR\u00c1RIO\/AGENTE COMERCIAL &#8211; BANCO DO BRASIL\",\"datePublished\":\"2021-07-09T13:50:00+00:00\",\"dateModified\":\"2022-08-10T01:01:19+00:00\",\"mainEntityOfPage\":{\"@id\":\"https:\/\/www.estrategiaconcursos.com.br\/blog\/resumo-estatuto-pessoa-com-deficiencia-banco-do-brasil\/\"},\"wordCount\":2545,\"commentCount\":0,\"publisher\":{\"@id\":\"https:\/\/www.estrategiaconcursos.com.br\/blog\/#organization\"},\"image\":{\"@id\":\"https:\/\/www.estrategiaconcursos.com.br\/blog\/resumo-estatuto-pessoa-com-deficiencia-banco-do-brasil\/#primaryimage\"},\"thumbnailUrl\":\"https:\/\/dhg1h5j42swfq.cloudfront.net\/2021\/07\/04190236\/banco-do-brasil-2.jpg\",\"articleSection\":[\"Banc\u00e1ria (BB, CEF e Bancos Estaduais)\",\"Concursos P\u00fablicos\"],\"inLanguage\":\"pt-BR\",\"potentialAction\":[{\"@type\":\"CommentAction\",\"name\":\"Comment\",\"target\":[\"https:\/\/www.estrategiaconcursos.com.br\/blog\/resumo-estatuto-pessoa-com-deficiencia-banco-do-brasil\/#respond\"]}],\"copyrightYear\":\"2021\",\"copyrightHolder\":{\"@id\":\"https:\/\/www.estrategiaconcursos.com.br\/blog\/#organization\"}},{\"@type\":\"WebPage\",\"@id\":\"https:\/\/www.estrategiaconcursos.com.br\/blog\/resumo-estatuto-pessoa-com-deficiencia-banco-do-brasil\/\",\"url\":\"https:\/\/www.estrategiaconcursos.com.br\/blog\/resumo-estatuto-pessoa-com-deficiencia-banco-do-brasil\/\",\"name\":\"Resumo Estatuto Pessoa com Defici\u00eancia para o concurso do BB\/2021\",\"isPartOf\":{\"@id\":\"https:\/\/www.estrategiaconcursos.com.br\/blog\/#website\"},\"primaryImageOfPage\":{\"@id\":\"https:\/\/www.estrategiaconcursos.com.br\/blog\/resumo-estatuto-pessoa-com-deficiencia-banco-do-brasil\/#primaryimage\"},\"image\":{\"@id\":\"https:\/\/www.estrategiaconcursos.com.br\/blog\/resumo-estatuto-pessoa-com-deficiencia-banco-do-brasil\/#primaryimage\"},\"thumbnailUrl\":\"https:\/\/dhg1h5j42swfq.cloudfront.net\/2021\/07\/04190236\/banco-do-brasil-2.jpg\",\"datePublished\":\"2021-07-09T13:50:00+00:00\",\"dateModified\":\"2022-08-10T01:01:19+00:00\",\"description\":\"Prepare-se para a prova do Banco do Brasil - 2021, conferindo este resumo do Estatuto da Pessoa com Defici\u00eancia - Lei n\u00ba 13.146\/2015.\",\"breadcrumb\":{\"@id\":\"https:\/\/www.estrategiaconcursos.com.br\/blog\/resumo-estatuto-pessoa-com-deficiencia-banco-do-brasil\/#breadcrumb\"},\"inLanguage\":\"pt-BR\",\"potentialAction\":[{\"@type\":\"ReadAction\",\"target\":[\"https:\/\/www.estrategiaconcursos.com.br\/blog\/resumo-estatuto-pessoa-com-deficiencia-banco-do-brasil\/\"]}]},{\"@type\":\"ImageObject\",\"inLanguage\":\"pt-BR\",\"@id\":\"https:\/\/www.estrategiaconcursos.com.br\/blog\/resumo-estatuto-pessoa-com-deficiencia-banco-do-brasil\/#primaryimage\",\"url\":\"https:\/\/dhg1h5j42swfq.cloudfront.net\/2021\/07\/04190236\/banco-do-brasil-2.jpg\",\"contentUrl\":\"https:\/\/dhg1h5j42swfq.cloudfront.net\/2021\/07\/04190236\/banco-do-brasil-2.jpg\",\"width\":1019,\"height\":535,\"caption\":\"banco do brasil\"},{\"@type\":\"BreadcrumbList\",\"@id\":\"https:\/\/www.estrategiaconcursos.com.br\/blog\/resumo-estatuto-pessoa-com-deficiencia-banco-do-brasil\/#breadcrumb\",\"itemListElement\":[{\"@type\":\"ListItem\",\"position\":1,\"name\":\"In\u00edcio\",\"item\":\"https:\/\/www.estrategiaconcursos.com.br\/blog\/\"},{\"@type\":\"ListItem\",\"position\":2,\"name\":\"RESUMO DO ESTATUTO DA PESSOA COM DEFICI\u00caNCIA &#8211; LEI N\u00ba 13.146\/2015 PARA ESCRITUR\u00c1RIO\/AGENTE COMERCIAL &#8211; BANCO DO BRASIL\"}]},{\"@type\":\"WebSite\",\"@id\":\"https:\/\/www.estrategiaconcursos.com.br\/blog\/#website\",\"url\":\"https:\/\/www.estrategiaconcursos.com.br\/blog\/\",\"name\":\"Estrat\u00e9gia Concursos\",\"description\":\"O blog da Estrat\u00e9gia Concursos traz not\u00edcias sobre concursos e artigos de professores oferecendo cursos para concursos (pdf + videaulas) no site.\",\"publisher\":{\"@id\":\"https:\/\/www.estrategiaconcursos.com.br\/blog\/#organization\"},\"potentialAction\":[{\"@type\":\"SearchAction\",\"target\":{\"@type\":\"EntryPoint\",\"urlTemplate\":\"https:\/\/www.estrategiaconcursos.com.br\/blog\/?s={search_term_string}\"},\"query-input\":{\"@type\":\"PropertyValueSpecification\",\"valueRequired\":true,\"valueName\":\"search_term_string\"}}],\"inLanguage\":\"pt-BR\"},{\"@type\":\"Organization\",\"@id\":\"https:\/\/www.estrategiaconcursos.com.br\/blog\/#organization\",\"name\":\"Estrat\u00e9gia Concursos\",\"url\":\"https:\/\/www.estrategiaconcursos.com.br\/blog\/\",\"logo\":{\"@type\":\"ImageObject\",\"inLanguage\":\"pt-BR\",\"@id\":\"https:\/\/www.estrategiaconcursos.com.br\/blog\/#\/schema\/logo\/image\/\",\"url\":\"https:\/\/dhg1h5j42swfq.cloudfront.net\/2025\/06\/03203428\/logo_concursos-1.jpg\",\"contentUrl\":\"https:\/\/dhg1h5j42swfq.cloudfront.net\/2025\/06\/03203428\/logo_concursos-1.jpg\",\"width\":230,\"height\":60,\"caption\":\"Estrat\u00e9gia Concursos\"},\"image\":{\"@id\":\"https:\/\/www.estrategiaconcursos.com.br\/blog\/#\/schema\/logo\/image\/\"},\"sameAs\":[\"https:\/\/x.com\/EstratConcursos\"]},{\"@type\":\"Person\",\"@id\":\"https:\/\/www.estrategiaconcursos.com.br\/blog\/#\/schema\/person\/fcabad88fb5f77e6eb2dbf49c6b2d62c\",\"name\":\"Gisele Belo Canto\",\"image\":{\"@type\":\"ImageObject\",\"inLanguage\":\"pt-BR\",\"@id\":\"https:\/\/secure.gravatar.com\/avatar\/394724be6aee496c46a4bd16a01d3defd0c8fcaf4f4fc495b5c6da88e0b3fe74?s=96&d=mm&r=g\",\"url\":\"https:\/\/secure.gravatar.com\/avatar\/394724be6aee496c46a4bd16a01d3defd0c8fcaf4f4fc495b5c6da88e0b3fe74?s=96&d=mm&r=g\",\"contentUrl\":\"https:\/\/secure.gravatar.com\/avatar\/394724be6aee496c46a4bd16a01d3defd0c8fcaf4f4fc495b5c6da88e0b3fe74?s=96&d=mm&r=g\",\"caption\":\"Gisele Belo Canto\"},\"url\":\"https:\/\/www.estrategiaconcursos.com.br\/blog\/author\/giselecanto25hotmail-com\/\"}]}<\/script>\n<!-- \/ Yoast SEO Premium plugin. -->","yoast_head_json":{"title":"Resumo Estatuto Pessoa com Defici\u00eancia para o concurso do BB\/2021","description":"Prepare-se para a prova do Banco do Brasil - 2021, conferindo este resumo do Estatuto da Pessoa com Defici\u00eancia - Lei n\u00ba 13.146\/2015.","robots":{"index":"index","follow":"follow","max-snippet":"max-snippet:-1","max-image-preview":"max-image-preview:large","max-video-preview":"max-video-preview:-1"},"canonical":"https:\/\/www.estrategiaconcursos.com.br\/blog\/resumo-estatuto-pessoa-com-deficiencia-banco-do-brasil\/","og_locale":"pt_BR","og_type":"article","og_title":"RESUMO DO ESTATUTO DA PESSOA COM DEFICI\u00caNCIA - LEI N\u00ba 13.146\/2015 PARA ESCRITUR\u00c1RIO\/AGENTE COMERCIAL - BANCO DO BRASIL","og_description":"Prepare-se para a prova do Banco do Brasil - 2021, conferindo este resumo do Estatuto da Pessoa com Defici\u00eancia - Lei n\u00ba 13.146\/2015.","og_url":"https:\/\/www.estrategiaconcursos.com.br\/blog\/resumo-estatuto-pessoa-com-deficiencia-banco-do-brasil\/","og_site_name":"Estrat\u00e9gia Concursos","article_published_time":"2021-07-09T13:50:00+00:00","article_modified_time":"2022-08-10T01:01:19+00:00","og_image":[{"width":1019,"height":535,"url":"https:\/\/dhg1h5j42swfq.cloudfront.net\/2021\/07\/04190236\/banco-do-brasil-2.jpg","type":"image\/jpeg"}],"author":"Gisele Belo Canto","twitter_card":"summary_large_image","twitter_creator":"@EstratConcursos","twitter_site":"@EstratConcursos","twitter_misc":{"Escrito por":"Gisele Belo Canto","Est. tempo de leitura":"13 minutos"},"schema":{"@context":"https:\/\/schema.org","@graph":[{"@type":"NewsArticle","@id":"https:\/\/www.estrategiaconcursos.com.br\/blog\/resumo-estatuto-pessoa-com-deficiencia-banco-do-brasil\/#article","isPartOf":{"@id":"https:\/\/www.estrategiaconcursos.com.br\/blog\/resumo-estatuto-pessoa-com-deficiencia-banco-do-brasil\/"},"author":{"name":"Gisele Belo Canto","@id":"https:\/\/www.estrategiaconcursos.com.br\/blog\/#\/schema\/person\/fcabad88fb5f77e6eb2dbf49c6b2d62c"},"headline":"RESUMO DO ESTATUTO DA PESSOA COM DEFICI\u00caNCIA &#8211; LEI N\u00ba 13.146\/2015 PARA ESCRITUR\u00c1RIO\/AGENTE COMERCIAL &#8211; BANCO DO BRASIL","datePublished":"2021-07-09T13:50:00+00:00","dateModified":"2022-08-10T01:01:19+00:00","mainEntityOfPage":{"@id":"https:\/\/www.estrategiaconcursos.com.br\/blog\/resumo-estatuto-pessoa-com-deficiencia-banco-do-brasil\/"},"wordCount":2545,"commentCount":0,"publisher":{"@id":"https:\/\/www.estrategiaconcursos.com.br\/blog\/#organization"},"image":{"@id":"https:\/\/www.estrategiaconcursos.com.br\/blog\/resumo-estatuto-pessoa-com-deficiencia-banco-do-brasil\/#primaryimage"},"thumbnailUrl":"https:\/\/dhg1h5j42swfq.cloudfront.net\/2021\/07\/04190236\/banco-do-brasil-2.jpg","articleSection":["Banc\u00e1ria (BB, CEF e Bancos Estaduais)","Concursos P\u00fablicos"],"inLanguage":"pt-BR","potentialAction":[{"@type":"CommentAction","name":"Comment","target":["https:\/\/www.estrategiaconcursos.com.br\/blog\/resumo-estatuto-pessoa-com-deficiencia-banco-do-brasil\/#respond"]}],"copyrightYear":"2021","copyrightHolder":{"@id":"https:\/\/www.estrategiaconcursos.com.br\/blog\/#organization"}},{"@type":"WebPage","@id":"https:\/\/www.estrategiaconcursos.com.br\/blog\/resumo-estatuto-pessoa-com-deficiencia-banco-do-brasil\/","url":"https:\/\/www.estrategiaconcursos.com.br\/blog\/resumo-estatuto-pessoa-com-deficiencia-banco-do-brasil\/","name":"Resumo Estatuto Pessoa com Defici\u00eancia para o concurso do BB\/2021","isPartOf":{"@id":"https:\/\/www.estrategiaconcursos.com.br\/blog\/#website"},"primaryImageOfPage":{"@id":"https:\/\/www.estrategiaconcursos.com.br\/blog\/resumo-estatuto-pessoa-com-deficiencia-banco-do-brasil\/#primaryimage"},"image":{"@id":"https:\/\/www.estrategiaconcursos.com.br\/blog\/resumo-estatuto-pessoa-com-deficiencia-banco-do-brasil\/#primaryimage"},"thumbnailUrl":"https:\/\/dhg1h5j42swfq.cloudfront.net\/2021\/07\/04190236\/banco-do-brasil-2.jpg","datePublished":"2021-07-09T13:50:00+00:00","dateModified":"2022-08-10T01:01:19+00:00","description":"Prepare-se para a prova do Banco do Brasil - 2021, conferindo este resumo do Estatuto da Pessoa com Defici\u00eancia - Lei n\u00ba 13.146\/2015.","breadcrumb":{"@id":"https:\/\/www.estrategiaconcursos.com.br\/blog\/resumo-estatuto-pessoa-com-deficiencia-banco-do-brasil\/#breadcrumb"},"inLanguage":"pt-BR","potentialAction":[{"@type":"ReadAction","target":["https:\/\/www.estrategiaconcursos.com.br\/blog\/resumo-estatuto-pessoa-com-deficiencia-banco-do-brasil\/"]}]},{"@type":"ImageObject","inLanguage":"pt-BR","@id":"https:\/\/www.estrategiaconcursos.com.br\/blog\/resumo-estatuto-pessoa-com-deficiencia-banco-do-brasil\/#primaryimage","url":"https:\/\/dhg1h5j42swfq.cloudfront.net\/2021\/07\/04190236\/banco-do-brasil-2.jpg","contentUrl":"https:\/\/dhg1h5j42swfq.cloudfront.net\/2021\/07\/04190236\/banco-do-brasil-2.jpg","width":1019,"height":535,"caption":"banco do brasil"},{"@type":"BreadcrumbList","@id":"https:\/\/www.estrategiaconcursos.com.br\/blog\/resumo-estatuto-pessoa-com-deficiencia-banco-do-brasil\/#breadcrumb","itemListElement":[{"@type":"ListItem","position":1,"name":"In\u00edcio","item":"https:\/\/www.estrategiaconcursos.com.br\/blog\/"},{"@type":"ListItem","position":2,"name":"RESUMO DO ESTATUTO DA PESSOA COM DEFICI\u00caNCIA &#8211; LEI N\u00ba 13.146\/2015 PARA ESCRITUR\u00c1RIO\/AGENTE COMERCIAL &#8211; BANCO DO BRASIL"}]},{"@type":"WebSite","@id":"https:\/\/www.estrategiaconcursos.com.br\/blog\/#website","url":"https:\/\/www.estrategiaconcursos.com.br\/blog\/","name":"Estrat\u00e9gia Concursos","description":"O blog da Estrat\u00e9gia Concursos traz not\u00edcias sobre concursos e artigos de professores oferecendo cursos para concursos (pdf + videaulas) no site.","publisher":{"@id":"https:\/\/www.estrategiaconcursos.com.br\/blog\/#organization"},"potentialAction":[{"@type":"SearchAction","target":{"@type":"EntryPoint","urlTemplate":"https:\/\/www.estrategiaconcursos.com.br\/blog\/?s={search_term_string}"},"query-input":{"@type":"PropertyValueSpecification","valueRequired":true,"valueName":"search_term_string"}}],"inLanguage":"pt-BR"},{"@type":"Organization","@id":"https:\/\/www.estrategiaconcursos.com.br\/blog\/#organization","name":"Estrat\u00e9gia Concursos","url":"https:\/\/www.estrategiaconcursos.com.br\/blog\/","logo":{"@type":"ImageObject","inLanguage":"pt-BR","@id":"https:\/\/www.estrategiaconcursos.com.br\/blog\/#\/schema\/logo\/image\/","url":"https:\/\/dhg1h5j42swfq.cloudfront.net\/2025\/06\/03203428\/logo_concursos-1.jpg","contentUrl":"https:\/\/dhg1h5j42swfq.cloudfront.net\/2025\/06\/03203428\/logo_concursos-1.jpg","width":230,"height":60,"caption":"Estrat\u00e9gia Concursos"},"image":{"@id":"https:\/\/www.estrategiaconcursos.com.br\/blog\/#\/schema\/logo\/image\/"},"sameAs":["https:\/\/x.com\/EstratConcursos"]},{"@type":"Person","@id":"https:\/\/www.estrategiaconcursos.com.br\/blog\/#\/schema\/person\/fcabad88fb5f77e6eb2dbf49c6b2d62c","name":"Gisele Belo Canto","image":{"@type":"ImageObject","inLanguage":"pt-BR","@id":"https:\/\/secure.gravatar.com\/avatar\/394724be6aee496c46a4bd16a01d3defd0c8fcaf4f4fc495b5c6da88e0b3fe74?s=96&d=mm&r=g","url":"https:\/\/secure.gravatar.com\/avatar\/394724be6aee496c46a4bd16a01d3defd0c8fcaf4f4fc495b5c6da88e0b3fe74?s=96&d=mm&r=g","contentUrl":"https:\/\/secure.gravatar.com\/avatar\/394724be6aee496c46a4bd16a01d3defd0c8fcaf4f4fc495b5c6da88e0b3fe74?s=96&d=mm&r=g","caption":"Gisele Belo Canto"},"url":"https:\/\/www.estrategiaconcursos.com.br\/blog\/author\/giselecanto25hotmail-com\/"}]}},"_links":{"self":[{"href":"https:\/\/www.estrategiaconcursos.com.br\/blog\/wp-json\/wp\/v2\/posts\/778227","targetHints":{"allow":["GET"]}}],"collection":[{"href":"https:\/\/www.estrategiaconcursos.com.br\/blog\/wp-json\/wp\/v2\/posts"}],"about":[{"href":"https:\/\/www.estrategiaconcursos.com.br\/blog\/wp-json\/wp\/v2\/types\/post"}],"author":[{"embeddable":true,"href":"https:\/\/www.estrategiaconcursos.com.br\/blog\/wp-json\/wp\/v2\/users\/1914"}],"replies":[{"embeddable":true,"href":"https:\/\/www.estrategiaconcursos.com.br\/blog\/wp-json\/wp\/v2\/comments?post=778227"}],"version-history":[{"count":23,"href":"https:\/\/www.estrategiaconcursos.com.br\/blog\/wp-json\/wp\/v2\/posts\/778227\/revisions"}],"predecessor-version":[{"id":1075038,"href":"https:\/\/www.estrategiaconcursos.com.br\/blog\/wp-json\/wp\/v2\/posts\/778227\/revisions\/1075038"}],"wp:featuredmedia":[{"embeddable":true,"href":"https:\/\/www.estrategiaconcursos.com.br\/blog\/wp-json\/wp\/v2\/media\/786484"}],"wp:attachment":[{"href":"https:\/\/www.estrategiaconcursos.com.br\/blog\/wp-json\/wp\/v2\/media?parent=778227"}],"wp:term":[{"taxonomy":"category","embeddable":true,"href":"https:\/\/www.estrategiaconcursos.com.br\/blog\/wp-json\/wp\/v2\/categories?post=778227"},{"taxonomy":"post_tag","embeddable":true,"href":"https:\/\/www.estrategiaconcursos.com.br\/blog\/wp-json\/wp\/v2\/tags?post=778227"},{"taxonomy":"tax_estado","embeddable":true,"href":"https:\/\/www.estrategiaconcursos.com.br\/blog\/wp-json\/wp\/v2\/tax_estado?post=778227"}],"curies":[{"name":"wp","href":"https:\/\/api.w.org\/{rel}","templated":true}]}}