{"id":777452,"date":"2021-06-25T18:32:51","date_gmt":"2021-06-25T21:32:51","guid":{"rendered":"https:\/\/www.estrategiaconcursos.com.br\/blog\/?p=777452"},"modified":"2021-06-25T18:32:53","modified_gmt":"2021-06-25T21:32:53","slug":"provas-exame-cfc-2021-1-alteracao-do-local-do-concurso","status":"publish","type":"post","link":"https:\/\/www.estrategiaconcursos.com.br\/blog\/provas-exame-cfc-2021-1-alteracao-do-local-do-concurso\/","title":{"rendered":"Provas Exame CFC 2021.1: altera\u00e7\u00e3o do local do concurso!"},"content":{"rendered":"\n<p>Aten\u00e7\u00e3o, corujas que ir\u00e3o realizar as provas Exame CFC 2021.1! Seguindo delibera\u00e7\u00f5es que limitam <em>a circula\u00e7\u00e3o de pessoas e o contato social<\/em>, as provas previstas para o pr\u00f3ximo domingo, 27 de junho,<em> <\/em><strong>n\u00e3o ser\u00e3o aplicadas<\/strong> nas cidades de <strong>PO\u00c7OS DE CALDAS<\/strong> e <strong>ARARAQUARA<\/strong>.<\/p>\n\n\n\n<p>Desse modo, todos os candidatos inscritos para Po\u00e7os de Caldas e Araraquara est\u00e3o autorizados<em> a <\/em>realizar suas provas em <strong>POUSO ALEGRE\/MG<\/strong> e<strong> RIBEIR\u00c3O PRETO\/SP<\/strong>, respectivamente, devendo para tanto, consultar a altera\u00e7\u00e3o de seu local.<\/p>\n\n\n\n<p>Em adi\u00e7\u00e3o, todos os indiv\u00edduos inscritos sobre tal situa\u00e7\u00e3o que estiverem <strong>ausentes <\/strong>na data da aplica\u00e7\u00e3o e n\u00e3o efetuarem o <a href=\"https:\/\/www.consulplan.net\/concursosInterna.aspx?k=HgBWm3J7bEM=\" target=\"_blank\" rel=\"noreferrer noopener\">requerimento<\/a> de reembolso no prazo indicado, ser\u00e3o<em> <\/em><strong>automaticamente inscritos<\/strong> para o Exame CFC 2021.2.<\/p>\n\n\n\n<p><strong><em>Confira nos links abaixo os respectivos comunicados:<\/em><\/strong><\/p>\n\n\n\n<ul class=\"wp-block-list\"><li><a href=\"https:\/\/dhg1h5j42swfq.cloudfront.net\/2021\/06\/25172058\/17_429269.pdf\" target=\"_blank\" rel=\"noreferrer noopener nofollow\">Po\u00e7os de Caldas<\/a>;<\/li><li><a href=\"https:\/\/dhg1h5j42swfq.cloudfront.net\/2021\/06\/25172134\/18_428406.pdf\" target=\"_blank\" rel=\"noreferrer noopener nofollow\">Araraquara<\/a>.<\/li><\/ul>\n\n\n\n<p class=\"has-medium-font-size\"><strong>Mas, afinal, do que se tratam as provas Exame CFC 2021.1<\/strong>?<\/p>\n\n\n\n<p>Para quem ainda n\u00e3o est\u00e1 com o olhar perspicaz de coruja, o <strong>Conselho Federal de Contabilidade<\/strong> \u00e9 a Autarquia Especial Corporativa dotada de personalidade jur\u00eddica de direito p\u00fablico que tem como papel <em>fiscalizar toda profiss\u00e3o relacionada \u00e0 \u00e1rea cont\u00e1bil<\/em>, e pratica, assim, anualmente o<strong> Exame de Sufici\u00eancia<\/strong>.<\/p>\n\n\n\n<p>Em vista de tal, as provas Exame CFC 2021.1 se destinam<em>, por for\u00e7a de lei<\/em>, aos bachar\u00e9is em ci\u00eancias cont\u00e1beis no Brasil, onde demonstram que possuem capacita\u00e7\u00e3o, conhecimentos e pr\u00e1ticas necess\u00e1rios ao exerc\u00edcio da contabilidade.<\/p>\n\n\n\n<p class=\"has-text-align-center\"><em>Quer saber todos os detalhes sobre os Exames CFC previstos para 2021? Etapas de prova, disciplinas cobradas, cronograma e muito mais<\/em> <em>voc\u00ea confere no nosso artigo completo! Acesse<\/em>:<\/p>\n\n\n\n<p class=\"has-text-align-center has-black-color has-luminous-vivid-amber-background-color has-text-color has-background\" style=\"font-size:clamp(14.642px, 0.915rem + ((1vw - 3.2px) * 0.721), 22px);px\"><strong>Saiba mais em: <\/strong><a href=\"https:\/\/www.estrategiaconcursos.com.br\/blog\/exame-cfc\/\" target=\"_blank\" rel=\"noreferrer noopener\"><strong>Exame CFC 2021.1<\/strong><\/a><\/p>\n\n\n\n<hr class=\"wp-block-separator\"\/>\n\n\n\n<p class=\"has-text-align-center has-large-font-size\">Quer estudar para Exame CFC?<\/p>\n\n\n\n<div class=\"container\" id=\"boxes\">\n  <div class=\"row\">\n\n    <div class=\"col-sm\">\n      <div class=\"banner-estrategia\" id=\"box-assinatura\">\n        <h3 class=\"titulo-assinatura\"> Exame CFC 2021<\/h3>\n        <p class=\"subtitulo-assinatura\">Conhe\u00e7a os cursos<\/p>\n        <div class=\"box-botao\">\n          <a class=\"btn-assinatura\" target=\"_blank\" href=\"https:\/\/www.estrategiaconcursos.com.br\/cursosPorConcurso\/exame-de-suficiencia-do-cfc-2021\/\" role=\"button\" rel=\"noopener noreferrer\">Conhe\u00e7a mais<\/a>\n        <\/div>\n      <\/div>\n     \n    <\/div>\n\n  <\/div>\n<\/div>\n\n\n\n<div class=\"container\" id=\"boxes\">\n  <div class=\"row\">\n\n    <div class=\"col-sm\">\n      <div class=\"estrategia\" id=\"box-assinatura\">\n        <h3 class=\"titulo-assinatura\"> Concursos P\u00fablicos;\n        <p class=\"subtitulo-assinatura\">Assinatura de 1 ano ou 2 anos<\/p>\n        <div class=\"box-botao\">\n          <a class=\"btn-assinatura\" target=\"_blank\" href=\"https:\/\/www.estrategiaconcursos.com.br\/assinaturas\/\" role=\"button\" rel=\"noopener noreferrer\">ASSINE AGORA<\/a>\n        <\/div>\n      <\/h3><\/div><\/div><\/div><\/div>\n\n\n\n<div class=\"container\" id=\"boxes\">\n  <div class=\"row\">\n\n    <div class=\"col-sm\" id=\"boxes-concursos\">\n      <div style=\"background-color: #005DAD;\" class=\"conteudo-concursos\" id=\"box-concursos\">\n        <h3 class=\"titulo-assinatura\">Concursos Abertos<\/h3>\n        <p class=\"subtitulo-assinatura\">Os editais publicados<\/p>\n        <div class=\"box-botao\">\n          <a class=\"btn-assinatura\" target=\"_blank\" href=\"https:\/\/www.estrategiaconcursos.com.br\/blog\/concursos-abertos\/\" role=\"button\" rel=\"noopener noreferrer\">Conhe\u00e7a Agora<\/a>\n        <\/div>\n      <\/div>\n    <\/div>\n\n    <div class=\"col-sm\" id=\"boxes-concursos\">\n      <div style=\"background-color: #1A7ED5;\" class=\"conteudo-concursos\" id=\"box-concursos\">\n        <h3 class=\"titulo-assinatura\">Concursos 2021<\/h3>\n        <p class=\"subtitulo-assinatura\">As oportunidades previstas<\/p>\n        <div class=\"box-botao\">\n          <a class=\"btn-assinatura\" target=\"_blank\" href=\"https:\/\/www.estrategiaconcursos.com.br\/blog\/concursos-2021\/\" role=\"button\" rel=\"noopener noreferrer\">Conhe\u00e7a Agora<\/a>\n        <\/div>\n      <\/div>\n    <\/div>\n\n    <div class=\"col-sm\" id=\"boxes-concursos\">\n      <div style=\"background-color: #419FF0;\" class=\"conteudo-concursos\" id=\"box-concursos\">\n        <h3 class=\"titulo-assinatura\">Concursos 2022<\/h3>\n        <p class=\"subtitulo-assinatura\">Vagas para o pr\u00f3ximo ano<\/p>\n        <div class=\"box-botao\">\n          <a class=\"btn-assinatura\" target=\"_blank\" href=\"https:\/\/www.estrategiaconcursos.com.br\/blog\/concursos-2022\/\" role=\"button\" rel=\"noopener noreferrer\">Conhe\u00e7a Agora<\/a>\n        <\/div>\n      <\/div>\n    <\/div>\n\n  <\/div>\n<\/div>\n","protected":false},"excerpt":{"rendered":"<p>Aten\u00e7\u00e3o, corujas que ir\u00e3o realizar as provas Exame CFC 2021.1! Seguindo delibera\u00e7\u00f5es que limitam a circula\u00e7\u00e3o de pessoas e o contato social, as provas previstas para o pr\u00f3ximo domingo, 27 de junho, n\u00e3o ser\u00e3o aplicadas nas cidades de PO\u00c7OS DE CALDAS e ARARAQUARA. Desse modo, todos os candidatos inscritos para Po\u00e7os de Caldas e Araraquara [&hellip;]<\/p>\n","protected":false},"author":1,"featured_media":698499,"comment_status":"open","ping_status":"closed","sticky":false,"template":"","format":"standard","meta":{"post_tipo":"news","footnotes":""},"categories":[220015],"tags":[],"tax_estado":[219963,219974,219989],"class_list":["post-777452","post","type-post","status-publish","format-standard","has-post-thumbnail","hentry","category-cfc","tax_estado-concursos-federais","tax_estado-mg","tax_estado-sp"],"acf":[],"yoast_head":"<!-- This site is optimized with the Yoast SEO Premium plugin v27.2 (Yoast SEO v27.2) - https:\/\/yoast.com\/product\/yoast-seo-premium-wordpress\/ -->\n<title>Provas Exame CFC 2021.1: altera\u00e7\u00e3o do local do concurso!<\/title>\n<meta name=\"description\" content=\"Provas Exame CFC 2021.1: altera\u00e7\u00e3o do local de provas do concurso. CONFIRA: Foram alterados os locais para Araraquara e Po\u00e7os de Caldas!\" \/>\n<meta name=\"robots\" content=\"index, follow, max-snippet:-1, max-image-preview:large, max-video-preview:-1\" \/>\n<link rel=\"canonical\" href=\"https:\/\/www.estrategiaconcursos.com.br\/blog\/provas-exame-cfc-2021-1-alteracao-do-local-do-concurso\/\" \/>\n<meta property=\"og:locale\" content=\"pt_BR\" \/>\n<meta property=\"og:type\" content=\"article\" \/>\n<meta property=\"og:title\" content=\"Provas Exame CFC 2021.1: altera\u00e7\u00e3o do local do concurso!\" \/>\n<meta property=\"og:description\" content=\"Provas Exame CFC 2021.1: altera\u00e7\u00e3o do local de provas do concurso. CONFIRA: Foram alterados os locais para Araraquara e Po\u00e7os de Caldas!\" \/>\n<meta property=\"og:url\" content=\"https:\/\/www.estrategiaconcursos.com.br\/blog\/provas-exame-cfc-2021-1-alteracao-do-local-do-concurso\/\" \/>\n<meta property=\"og:site_name\" content=\"Estrat\u00e9gia Concursos\" \/>\n<meta property=\"article:author\" content=\"https:\/\/www.facebook.com\/EstrategiaConcursos\" \/>\n<meta property=\"article:published_time\" content=\"2021-06-25T21:32:51+00:00\" \/>\n<meta property=\"article:modified_time\" content=\"2021-06-25T21:32:53+00:00\" \/>\n<meta property=\"og:image\" content=\"https:\/\/dhg1h5j42swfq.cloudfront.net\/2021\/03\/22154217\/exame-cfc.jpg\" \/>\n\t<meta property=\"og:image:width\" content=\"1200\" \/>\n\t<meta property=\"og:image:height\" content=\"628\" \/>\n\t<meta property=\"og:image:type\" content=\"image\/jpeg\" \/>\n<meta name=\"author\" content=\"Coordena\u00e7\u00e3o\" \/>\n<meta name=\"twitter:card\" content=\"summary_large_image\" \/>\n<meta name=\"twitter:creator\" content=\"@EstratConcursos\" \/>\n<meta name=\"twitter:site\" content=\"@EstratConcursos\" \/>\n<meta name=\"twitter:label1\" content=\"Escrito por\" \/>\n\t<meta name=\"twitter:data1\" content=\"Coordena\u00e7\u00e3o\" \/>\n\t<meta name=\"twitter:label2\" content=\"Est. tempo de leitura\" \/>\n\t<meta name=\"twitter:data2\" content=\"2 minutos\" \/>\n<script type=\"application\/ld+json\" class=\"yoast-schema-graph\">{\"@context\":\"https:\/\/schema.org\",\"@graph\":[{\"@type\":\"NewsArticle\",\"@id\":\"https:\/\/www.estrategiaconcursos.com.br\/blog\/provas-exame-cfc-2021-1-alteracao-do-local-do-concurso\/#article\",\"isPartOf\":{\"@id\":\"https:\/\/www.estrategiaconcursos.com.br\/blog\/provas-exame-cfc-2021-1-alteracao-do-local-do-concurso\/\"},\"author\":{\"name\":\"Coordena\u00e7\u00e3o\",\"@id\":\"https:\/\/www.estrategiaconcursos.com.br\/blog\/#\/schema\/person\/b4a388c97673c5f483d72185668afa1f\"},\"headline\":\"Provas Exame CFC 2021.1: altera\u00e7\u00e3o do local do concurso!\",\"datePublished\":\"2021-06-25T21:32:51+00:00\",\"dateModified\":\"2021-06-25T21:32:53+00:00\",\"mainEntityOfPage\":{\"@id\":\"https:\/\/www.estrategiaconcursos.com.br\/blog\/provas-exame-cfc-2021-1-alteracao-do-local-do-concurso\/\"},\"wordCount\":333,\"commentCount\":0,\"publisher\":{\"@id\":\"https:\/\/www.estrategiaconcursos.com.br\/blog\/#organization\"},\"image\":{\"@id\":\"https:\/\/www.estrategiaconcursos.com.br\/blog\/provas-exame-cfc-2021-1-alteracao-do-local-do-concurso\/#primaryimage\"},\"thumbnailUrl\":\"https:\/\/dhg1h5j42swfq.cloudfront.net\/2021\/03\/22154217\/exame-cfc.jpg\",\"articleSection\":[\"CFC\"],\"inLanguage\":\"pt-BR\",\"potentialAction\":[{\"@type\":\"CommentAction\",\"name\":\"Comment\",\"target\":[\"https:\/\/www.estrategiaconcursos.com.br\/blog\/provas-exame-cfc-2021-1-alteracao-do-local-do-concurso\/#respond\"]}],\"copyrightYear\":\"2021\",\"copyrightHolder\":{\"@id\":\"https:\/\/www.estrategiaconcursos.com.br\/blog\/#organization\"}},{\"@type\":\"WebPage\",\"@id\":\"https:\/\/www.estrategiaconcursos.com.br\/blog\/provas-exame-cfc-2021-1-alteracao-do-local-do-concurso\/\",\"url\":\"https:\/\/www.estrategiaconcursos.com.br\/blog\/provas-exame-cfc-2021-1-alteracao-do-local-do-concurso\/\",\"name\":\"Provas Exame CFC 2021.1: altera\u00e7\u00e3o do local do concurso!\",\"isPartOf\":{\"@id\":\"https:\/\/www.estrategiaconcursos.com.br\/blog\/#website\"},\"primaryImageOfPage\":{\"@id\":\"https:\/\/www.estrategiaconcursos.com.br\/blog\/provas-exame-cfc-2021-1-alteracao-do-local-do-concurso\/#primaryimage\"},\"image\":{\"@id\":\"https:\/\/www.estrategiaconcursos.com.br\/blog\/provas-exame-cfc-2021-1-alteracao-do-local-do-concurso\/#primaryimage\"},\"thumbnailUrl\":\"https:\/\/dhg1h5j42swfq.cloudfront.net\/2021\/03\/22154217\/exame-cfc.jpg\",\"datePublished\":\"2021-06-25T21:32:51+00:00\",\"dateModified\":\"2021-06-25T21:32:53+00:00\",\"description\":\"Provas Exame CFC 2021.1: altera\u00e7\u00e3o do local de provas do concurso. CONFIRA: Foram alterados os locais para Araraquara e Po\u00e7os de Caldas!\",\"breadcrumb\":{\"@id\":\"https:\/\/www.estrategiaconcursos.com.br\/blog\/provas-exame-cfc-2021-1-alteracao-do-local-do-concurso\/#breadcrumb\"},\"inLanguage\":\"pt-BR\",\"potentialAction\":[{\"@type\":\"ReadAction\",\"target\":[\"https:\/\/www.estrategiaconcursos.com.br\/blog\/provas-exame-cfc-2021-1-alteracao-do-local-do-concurso\/\"]}]},{\"@type\":\"ImageObject\",\"inLanguage\":\"pt-BR\",\"@id\":\"https:\/\/www.estrategiaconcursos.com.br\/blog\/provas-exame-cfc-2021-1-alteracao-do-local-do-concurso\/#primaryimage\",\"url\":\"https:\/\/dhg1h5j42swfq.cloudfront.net\/2021\/03\/22154217\/exame-cfc.jpg\",\"contentUrl\":\"https:\/\/dhg1h5j42swfq.cloudfront.net\/2021\/03\/22154217\/exame-cfc.jpg\",\"width\":1200,\"height\":628,\"caption\":\"Exame CFC 2022.1 inscri\u00e7\u00f5es\"},{\"@type\":\"BreadcrumbList\",\"@id\":\"https:\/\/www.estrategiaconcursos.com.br\/blog\/provas-exame-cfc-2021-1-alteracao-do-local-do-concurso\/#breadcrumb\",\"itemListElement\":[{\"@type\":\"ListItem\",\"position\":1,\"name\":\"In\u00edcio\",\"item\":\"https:\/\/www.estrategiaconcursos.com.br\/blog\/\"},{\"@type\":\"ListItem\",\"position\":2,\"name\":\"Provas Exame CFC 2021.1: altera\u00e7\u00e3o do local do concurso!\"}]},{\"@type\":\"WebSite\",\"@id\":\"https:\/\/www.estrategiaconcursos.com.br\/blog\/#website\",\"url\":\"https:\/\/www.estrategiaconcursos.com.br\/blog\/\",\"name\":\"Estrat\u00e9gia Concursos\",\"description\":\"O blog da Estrat\u00e9gia Concursos traz not\u00edcias sobre concursos e artigos de professores oferecendo cursos para concursos (pdf + videaulas) no site.\",\"publisher\":{\"@id\":\"https:\/\/www.estrategiaconcursos.com.br\/blog\/#organization\"},\"potentialAction\":[{\"@type\":\"SearchAction\",\"target\":{\"@type\":\"EntryPoint\",\"urlTemplate\":\"https:\/\/www.estrategiaconcursos.com.br\/blog\/?s={search_term_string}\"},\"query-input\":{\"@type\":\"PropertyValueSpecification\",\"valueRequired\":true,\"valueName\":\"search_term_string\"}}],\"inLanguage\":\"pt-BR\"},{\"@type\":\"Organization\",\"@id\":\"https:\/\/www.estrategiaconcursos.com.br\/blog\/#organization\",\"name\":\"Estrat\u00e9gia Concursos\",\"url\":\"https:\/\/www.estrategiaconcursos.com.br\/blog\/\",\"logo\":{\"@type\":\"ImageObject\",\"inLanguage\":\"pt-BR\",\"@id\":\"https:\/\/www.estrategiaconcursos.com.br\/blog\/#\/schema\/logo\/image\/\",\"url\":\"https:\/\/dhg1h5j42swfq.cloudfront.net\/2025\/06\/03203428\/logo_concursos-1.jpg\",\"contentUrl\":\"https:\/\/dhg1h5j42swfq.cloudfront.net\/2025\/06\/03203428\/logo_concursos-1.jpg\",\"width\":230,\"height\":60,\"caption\":\"Estrat\u00e9gia Concursos\"},\"image\":{\"@id\":\"https:\/\/www.estrategiaconcursos.com.br\/blog\/#\/schema\/logo\/image\/\"},\"sameAs\":[\"https:\/\/x.com\/EstratConcursos\"]},{\"@type\":\"Person\",\"@id\":\"https:\/\/www.estrategiaconcursos.com.br\/blog\/#\/schema\/person\/b4a388c97673c5f483d72185668afa1f\",\"name\":\"Coordena\u00e7\u00e3o\",\"image\":{\"@type\":\"ImageObject\",\"inLanguage\":\"pt-BR\",\"@id\":\"https:\/\/secure.gravatar.com\/avatar\/b720319e4c9a967eb58678d110f4fe35452fc5d5f97b202bac7b8acceb18c6ad?s=96&d=mm&r=g\",\"url\":\"https:\/\/secure.gravatar.com\/avatar\/b720319e4c9a967eb58678d110f4fe35452fc5d5f97b202bac7b8acceb18c6ad?s=96&d=mm&r=g\",\"contentUrl\":\"https:\/\/secure.gravatar.com\/avatar\/b720319e4c9a967eb58678d110f4fe35452fc5d5f97b202bac7b8acceb18c6ad?s=96&d=mm&r=g\",\"caption\":\"Coordena\u00e7\u00e3o\"},\"sameAs\":[\"https:\/\/www.facebook.com\/EstrategiaConcursos\",\"https:\/\/x.com\/EstratConcursos\"],\"url\":\"https:\/\/www.estrategiaconcursos.com.br\/blog\/author\/estrategia2013\/\"}]}<\/script>\n<!-- \/ Yoast SEO Premium plugin. -->","yoast_head_json":{"title":"Provas Exame CFC 2021.1: altera\u00e7\u00e3o do local do concurso!","description":"Provas Exame CFC 2021.1: altera\u00e7\u00e3o do local de provas do concurso. CONFIRA: Foram alterados os locais para Araraquara e Po\u00e7os de Caldas!","robots":{"index":"index","follow":"follow","max-snippet":"max-snippet:-1","max-image-preview":"max-image-preview:large","max-video-preview":"max-video-preview:-1"},"canonical":"https:\/\/www.estrategiaconcursos.com.br\/blog\/provas-exame-cfc-2021-1-alteracao-do-local-do-concurso\/","og_locale":"pt_BR","og_type":"article","og_title":"Provas Exame CFC 2021.1: altera\u00e7\u00e3o do local do concurso!","og_description":"Provas Exame CFC 2021.1: altera\u00e7\u00e3o do local de provas do concurso. CONFIRA: Foram alterados os locais para Araraquara e Po\u00e7os de Caldas!","og_url":"https:\/\/www.estrategiaconcursos.com.br\/blog\/provas-exame-cfc-2021-1-alteracao-do-local-do-concurso\/","og_site_name":"Estrat\u00e9gia Concursos","article_author":"https:\/\/www.facebook.com\/EstrategiaConcursos","article_published_time":"2021-06-25T21:32:51+00:00","article_modified_time":"2021-06-25T21:32:53+00:00","og_image":[{"width":1200,"height":628,"url":"https:\/\/dhg1h5j42swfq.cloudfront.net\/2021\/03\/22154217\/exame-cfc.jpg","type":"image\/jpeg"}],"author":"Coordena\u00e7\u00e3o","twitter_card":"summary_large_image","twitter_creator":"@EstratConcursos","twitter_site":"@EstratConcursos","twitter_misc":{"Escrito por":"Coordena\u00e7\u00e3o","Est. tempo de leitura":"2 minutos"},"schema":{"@context":"https:\/\/schema.org","@graph":[{"@type":"NewsArticle","@id":"https:\/\/www.estrategiaconcursos.com.br\/blog\/provas-exame-cfc-2021-1-alteracao-do-local-do-concurso\/#article","isPartOf":{"@id":"https:\/\/www.estrategiaconcursos.com.br\/blog\/provas-exame-cfc-2021-1-alteracao-do-local-do-concurso\/"},"author":{"name":"Coordena\u00e7\u00e3o","@id":"https:\/\/www.estrategiaconcursos.com.br\/blog\/#\/schema\/person\/b4a388c97673c5f483d72185668afa1f"},"headline":"Provas Exame CFC 2021.1: altera\u00e7\u00e3o do local do concurso!","datePublished":"2021-06-25T21:32:51+00:00","dateModified":"2021-06-25T21:32:53+00:00","mainEntityOfPage":{"@id":"https:\/\/www.estrategiaconcursos.com.br\/blog\/provas-exame-cfc-2021-1-alteracao-do-local-do-concurso\/"},"wordCount":333,"commentCount":0,"publisher":{"@id":"https:\/\/www.estrategiaconcursos.com.br\/blog\/#organization"},"image":{"@id":"https:\/\/www.estrategiaconcursos.com.br\/blog\/provas-exame-cfc-2021-1-alteracao-do-local-do-concurso\/#primaryimage"},"thumbnailUrl":"https:\/\/dhg1h5j42swfq.cloudfront.net\/2021\/03\/22154217\/exame-cfc.jpg","articleSection":["CFC"],"inLanguage":"pt-BR","potentialAction":[{"@type":"CommentAction","name":"Comment","target":["https:\/\/www.estrategiaconcursos.com.br\/blog\/provas-exame-cfc-2021-1-alteracao-do-local-do-concurso\/#respond"]}],"copyrightYear":"2021","copyrightHolder":{"@id":"https:\/\/www.estrategiaconcursos.com.br\/blog\/#organization"}},{"@type":"WebPage","@id":"https:\/\/www.estrategiaconcursos.com.br\/blog\/provas-exame-cfc-2021-1-alteracao-do-local-do-concurso\/","url":"https:\/\/www.estrategiaconcursos.com.br\/blog\/provas-exame-cfc-2021-1-alteracao-do-local-do-concurso\/","name":"Provas Exame CFC 2021.1: altera\u00e7\u00e3o do local do concurso!","isPartOf":{"@id":"https:\/\/www.estrategiaconcursos.com.br\/blog\/#website"},"primaryImageOfPage":{"@id":"https:\/\/www.estrategiaconcursos.com.br\/blog\/provas-exame-cfc-2021-1-alteracao-do-local-do-concurso\/#primaryimage"},"image":{"@id":"https:\/\/www.estrategiaconcursos.com.br\/blog\/provas-exame-cfc-2021-1-alteracao-do-local-do-concurso\/#primaryimage"},"thumbnailUrl":"https:\/\/dhg1h5j42swfq.cloudfront.net\/2021\/03\/22154217\/exame-cfc.jpg","datePublished":"2021-06-25T21:32:51+00:00","dateModified":"2021-06-25T21:32:53+00:00","description":"Provas Exame CFC 2021.1: altera\u00e7\u00e3o do local de provas do concurso. CONFIRA: Foram alterados os locais para Araraquara e Po\u00e7os de Caldas!","breadcrumb":{"@id":"https:\/\/www.estrategiaconcursos.com.br\/blog\/provas-exame-cfc-2021-1-alteracao-do-local-do-concurso\/#breadcrumb"},"inLanguage":"pt-BR","potentialAction":[{"@type":"ReadAction","target":["https:\/\/www.estrategiaconcursos.com.br\/blog\/provas-exame-cfc-2021-1-alteracao-do-local-do-concurso\/"]}]},{"@type":"ImageObject","inLanguage":"pt-BR","@id":"https:\/\/www.estrategiaconcursos.com.br\/blog\/provas-exame-cfc-2021-1-alteracao-do-local-do-concurso\/#primaryimage","url":"https:\/\/dhg1h5j42swfq.cloudfront.net\/2021\/03\/22154217\/exame-cfc.jpg","contentUrl":"https:\/\/dhg1h5j42swfq.cloudfront.net\/2021\/03\/22154217\/exame-cfc.jpg","width":1200,"height":628,"caption":"Exame CFC 2022.1 inscri\u00e7\u00f5es"},{"@type":"BreadcrumbList","@id":"https:\/\/www.estrategiaconcursos.com.br\/blog\/provas-exame-cfc-2021-1-alteracao-do-local-do-concurso\/#breadcrumb","itemListElement":[{"@type":"ListItem","position":1,"name":"In\u00edcio","item":"https:\/\/www.estrategiaconcursos.com.br\/blog\/"},{"@type":"ListItem","position":2,"name":"Provas Exame CFC 2021.1: altera\u00e7\u00e3o do local do concurso!"}]},{"@type":"WebSite","@id":"https:\/\/www.estrategiaconcursos.com.br\/blog\/#website","url":"https:\/\/www.estrategiaconcursos.com.br\/blog\/","name":"Estrat\u00e9gia Concursos","description":"O blog da Estrat\u00e9gia Concursos traz not\u00edcias sobre concursos e artigos de professores oferecendo cursos para concursos (pdf + videaulas) no site.","publisher":{"@id":"https:\/\/www.estrategiaconcursos.com.br\/blog\/#organization"},"potentialAction":[{"@type":"SearchAction","target":{"@type":"EntryPoint","urlTemplate":"https:\/\/www.estrategiaconcursos.com.br\/blog\/?s={search_term_string}"},"query-input":{"@type":"PropertyValueSpecification","valueRequired":true,"valueName":"search_term_string"}}],"inLanguage":"pt-BR"},{"@type":"Organization","@id":"https:\/\/www.estrategiaconcursos.com.br\/blog\/#organization","name":"Estrat\u00e9gia Concursos","url":"https:\/\/www.estrategiaconcursos.com.br\/blog\/","logo":{"@type":"ImageObject","inLanguage":"pt-BR","@id":"https:\/\/www.estrategiaconcursos.com.br\/blog\/#\/schema\/logo\/image\/","url":"https:\/\/dhg1h5j42swfq.cloudfront.net\/2025\/06\/03203428\/logo_concursos-1.jpg","contentUrl":"https:\/\/dhg1h5j42swfq.cloudfront.net\/2025\/06\/03203428\/logo_concursos-1.jpg","width":230,"height":60,"caption":"Estrat\u00e9gia Concursos"},"image":{"@id":"https:\/\/www.estrategiaconcursos.com.br\/blog\/#\/schema\/logo\/image\/"},"sameAs":["https:\/\/x.com\/EstratConcursos"]},{"@type":"Person","@id":"https:\/\/www.estrategiaconcursos.com.br\/blog\/#\/schema\/person\/b4a388c97673c5f483d72185668afa1f","name":"Coordena\u00e7\u00e3o","image":{"@type":"ImageObject","inLanguage":"pt-BR","@id":"https:\/\/secure.gravatar.com\/avatar\/b720319e4c9a967eb58678d110f4fe35452fc5d5f97b202bac7b8acceb18c6ad?s=96&d=mm&r=g","url":"https:\/\/secure.gravatar.com\/avatar\/b720319e4c9a967eb58678d110f4fe35452fc5d5f97b202bac7b8acceb18c6ad?s=96&d=mm&r=g","contentUrl":"https:\/\/secure.gravatar.com\/avatar\/b720319e4c9a967eb58678d110f4fe35452fc5d5f97b202bac7b8acceb18c6ad?s=96&d=mm&r=g","caption":"Coordena\u00e7\u00e3o"},"sameAs":["https:\/\/www.facebook.com\/EstrategiaConcursos","https:\/\/x.com\/EstratConcursos"],"url":"https:\/\/www.estrategiaconcursos.com.br\/blog\/author\/estrategia2013\/"}]}},"_links":{"self":[{"href":"https:\/\/www.estrategiaconcursos.com.br\/blog\/wp-json\/wp\/v2\/posts\/777452","targetHints":{"allow":["GET"]}}],"collection":[{"href":"https:\/\/www.estrategiaconcursos.com.br\/blog\/wp-json\/wp\/v2\/posts"}],"about":[{"href":"https:\/\/www.estrategiaconcursos.com.br\/blog\/wp-json\/wp\/v2\/types\/post"}],"author":[{"embeddable":true,"href":"https:\/\/www.estrategiaconcursos.com.br\/blog\/wp-json\/wp\/v2\/users\/1"}],"replies":[{"embeddable":true,"href":"https:\/\/www.estrategiaconcursos.com.br\/blog\/wp-json\/wp\/v2\/comments?post=777452"}],"version-history":[{"count":11,"href":"https:\/\/www.estrategiaconcursos.com.br\/blog\/wp-json\/wp\/v2\/posts\/777452\/revisions"}],"predecessor-version":[{"id":777592,"href":"https:\/\/www.estrategiaconcursos.com.br\/blog\/wp-json\/wp\/v2\/posts\/777452\/revisions\/777592"}],"wp:featuredmedia":[{"embeddable":true,"href":"https:\/\/www.estrategiaconcursos.com.br\/blog\/wp-json\/wp\/v2\/media\/698499"}],"wp:attachment":[{"href":"https:\/\/www.estrategiaconcursos.com.br\/blog\/wp-json\/wp\/v2\/media?parent=777452"}],"wp:term":[{"taxonomy":"category","embeddable":true,"href":"https:\/\/www.estrategiaconcursos.com.br\/blog\/wp-json\/wp\/v2\/categories?post=777452"},{"taxonomy":"post_tag","embeddable":true,"href":"https:\/\/www.estrategiaconcursos.com.br\/blog\/wp-json\/wp\/v2\/tags?post=777452"},{"taxonomy":"tax_estado","embeddable":true,"href":"https:\/\/www.estrategiaconcursos.com.br\/blog\/wp-json\/wp\/v2\/tax_estado?post=777452"}],"curies":[{"name":"wp","href":"https:\/\/api.w.org\/{rel}","templated":true}]}}