{"id":775218,"date":"2021-08-31T00:00:00","date_gmt":"2021-08-31T03:00:00","guid":{"rendered":"https:\/\/www.estrategiaconcursos.com.br\/blog\/?p=775218"},"modified":"2021-09-06T11:22:46","modified_gmt":"2021-09-06T14:22:46","slug":"edital-funsaude-ce","status":"publish","type":"post","link":"https:\/\/www.estrategiaconcursos.com.br\/blog\/edital-funsaude-ce\/","title":{"rendered":"Edital Funsa\u00fade CE: Inscri\u00e7\u00f5es encerradas para 6 mil vagas!"},"content":{"rendered":"\n<p>Est\u00e3o <strong>encerradas as inscri\u00e7\u00f5es do edital Funsa\u00fade CE<\/strong>! Ap\u00f3s prorroga\u00e7\u00e3o, os interessados puderam realizar sua candidatura at\u00e9 o dia 03 de setembro, no <a href=\"https:\/\/conhecimento.fgv.br\/concursos\" target=\"_blank\" rel=\"noreferrer noopener\">site<\/a> da banca organizadora, a Funda\u00e7\u00e3o Get\u00falio Vargas (FGV). As taxas foram definidas de acordo com o grau de escolaridade do cargo pretendido, sendo:<\/p>\n\n\n\n<ul class=\"wp-block-list\"><li><strong>M\u00e9dio:<\/strong> R$ 70,00<\/li><li><strong>Superior: <\/strong>R$ 150,00<\/li><li><strong>M\u00e9dico<\/strong>: R$ 300,00<\/li><\/ul>\n\n\n\n<p>S\u00e3o ofertadas, no total, 6 mil vagas imediatas, sendo 3.034 para cargos de n\u00edvel superior e 2.966 para n\u00edvel m\u00e9dio. As oportunidades s\u00e3o distribu\u00eddas em tr\u00eas documentos, abrangendo os n\u00edveis m\u00e9dio, t\u00e9cnico e superior.<\/p>\n\n\n\n<p>A fim de te deixar sempre bem informado, elaboramos este artigo com as principais informa\u00e7\u00f5es e novidades sobre o edital do concurso Funsa\u00fade CE. Acompanhe abaixo e n\u00e3o perca nenhum detalhe!<\/p>\n\n\n\n<h2 class=\"wp-block-heading\" id=\"datas\">Principais datas do edital Funsa\u00fade CE<\/h2>\n\n\n\n<p class=\"has-very-light-gray-background-color has-background\"><strong>Inscri\u00e7\u00f5es<\/strong>: <s>12 de julho a 03 de setembro<\/s><br \/><strong>Isen\u00e7\u00e3o da taxa<\/strong>: <s>12 a 14 de julho<\/s><br \/><strong>\u00daltimo dia para pagamento<\/strong>: 06 de setembro<br \/><strong>Prova<\/strong>: 24 de outubro<\/p>\n\n\n\n<h2 class=\"wp-block-heading\" id=\"cargos-vagas\">Cargos e vagas do edital Funsa\u00fade CE<\/h2>\n\n\n\n<p>O edital n\u00ba 1 visa ao preenchimento de 1.792 vagas para os empregos p\u00fablicos de N\u00edvel Superior e 2.749 vagas para os empregos p\u00fablicos de N\u00edvel M\u00e9dio.<\/p>\n\n\n\n<figure class=\"wp-block-table is-style-stripes\"><table class=\"has-background has-fixed-layout\" style=\"background-color:#e7f5fe\"><thead><tr><th class=\"has-text-align-center\" data-align=\"center\">CARGOS<\/th><th class=\"has-text-align-center\" data-align=\"center\">VAGAS<\/th><\/tr><\/thead><tbody><tr><td class=\"has-text-align-center\" data-align=\"center\">ANALISTA DE PATOLOGIA CL\u00cdNICA<\/td><td class=\"has-text-align-center\" data-align=\"center\">7<\/td><\/tr><tr><td class=\"has-text-align-center\" data-align=\"center\">ASSISTENTE SOCIAL<\/td><td class=\"has-text-align-center\" data-align=\"center\">53<\/td><\/tr><tr><td class=\"has-text-align-center\" data-align=\"center\">CIRURGI\u00c3O DENTISTA (v\u00e1rias especialidades)<\/td><td class=\"has-text-align-center\" data-align=\"center\">22<\/td><\/tr><tr><td class=\"has-text-align-center\" data-align=\"center\">ENFERMEIRO (v\u00e1rias especialidades)<\/td><td class=\"has-text-align-center\" data-align=\"center\">1.155<\/td><\/tr><tr><td class=\"has-text-align-center\" data-align=\"center\">FARMAC\u00caUTICO<\/td><td class=\"has-text-align-center\" data-align=\"center\">80<\/td><\/tr><tr><td class=\"has-text-align-center\" data-align=\"center\">FISIOTERAPEUTA (v\u00e1rias especialidades)<\/td><td class=\"has-text-align-center\" data-align=\"center\">273<\/td><\/tr><tr><td class=\"has-text-align-center\" data-align=\"center\">FONOAUDI\u00d3LOGO<\/td><td class=\"has-text-align-center\" data-align=\"center\">48<\/td><\/tr><tr><td class=\"has-text-align-center\" data-align=\"center\">NUTRICIONISTA<\/td><td class=\"has-text-align-center\" data-align=\"center\">45<\/td><\/tr><tr><td class=\"has-text-align-center\" data-align=\"center\">PERFUSIONISTA<\/td><td class=\"has-text-align-center\" data-align=\"center\">15<\/td><\/tr><tr><td class=\"has-text-align-center\" data-align=\"center\">PSIC\u00d3LOGO \u2013 \u00c1REA HOSPITALAR<\/td><td class=\"has-text-align-center\" data-align=\"center\">55<\/td><\/tr><tr><td class=\"has-text-align-center\" data-align=\"center\">PSIC\u00d3LOGO \u2013 \u00c1REA ORGANIZACIONAL E DO TRABALHO<\/td><td class=\"has-text-align-center\" data-align=\"center\">5<\/td><\/tr><tr><td class=\"has-text-align-center\" data-align=\"center\">T\u00c9CNICO DE ENFERMAGEM<\/td><td class=\"has-text-align-center\" data-align=\"center\">2.570<\/td><\/tr><tr><td class=\"has-text-align-center\" data-align=\"center\">T\u00c9CNICO DE ENFERMAGEM \u2013<br \/>SA\u00daDE DO TRABALHADOR<\/td><td class=\"has-text-align-center\" data-align=\"center\">10<\/td><\/tr><tr><td class=\"has-text-align-center\" data-align=\"center\">T\u00c9CNICO DE LABORAT\u00d3RIO<\/td><td class=\"has-text-align-center\" data-align=\"center\">20<\/td><\/tr><tr><td class=\"has-text-align-center\" data-align=\"center\">T\u00c9CNICO EM FARM\u00c1CIA<\/td><td class=\"has-text-align-center\" data-align=\"center\">120<\/td><\/tr><tr><td class=\"has-text-align-center\" data-align=\"center\">T\u00c9CNICO EM IMOBILIZA\u00c7\u00c3O<br \/>ORTOP\u00c9DICA<\/td><td class=\"has-text-align-center\" data-align=\"center\">5<\/td><\/tr><tr><td class=\"has-text-align-center\" data-align=\"center\">T\u00c9CNICO EM PATOLOGIA CL\u00cdNICA<\/td><td class=\"has-text-align-center\" data-align=\"center\">4<\/td><\/tr><tr><td class=\"has-text-align-center\" data-align=\"center\">T\u00c9CNICO EM RADIOLOGIA<\/td><td class=\"has-text-align-center\" data-align=\"center\">6<\/td><\/tr><tr><td class=\"has-text-align-center\" data-align=\"center\">T\u00c9CNICO EM SA\u00daDE BUCAL<\/td><td class=\"has-text-align-center\" data-align=\"center\">14<\/td><\/tr><tr><td class=\"has-text-align-center\" data-align=\"center\">TERAPEUTA OCUPACIONAL<\/td><td class=\"has-text-align-center\" data-align=\"center\">34<\/td><\/tr><\/tbody><\/table><\/figure>\n\n\n\n<p>O edital n\u00ba 2 \u00e9 destinado ao provimento de 202 vagas para os empregos p\u00fablicos de N\u00edvel Superior e 217 para os empregos p\u00fablicos de N\u00edvel M\u00e9dio, na \u00c1rea Administrativa.<\/p>\n\n\n\n<figure class=\"wp-block-table is-style-stripes\"><table class=\"has-background has-fixed-layout\" style=\"background-color:#e7f5fe\"><thead><tr><th class=\"has-text-align-center\" data-align=\"center\">CARGOS<\/th><th class=\"has-text-align-center\" data-align=\"center\">VAGAS<\/th><\/tr><\/thead><tbody><tr><td class=\"has-text-align-center\" data-align=\"center\">ADVOGADO<\/td><td class=\"has-text-align-center\" data-align=\"center\">4<\/td><\/tr><tr><td class=\"has-text-align-center\" data-align=\"center\">ANALISTA ADMINISTRATIVO (v\u00e1rias especialidades)<\/td><td class=\"has-text-align-center\" data-align=\"center\">56<\/td><\/tr><tr><td class=\"has-text-align-center\" data-align=\"center\">ANALISTA DE PESQUISA E INFORMA\u00c7\u00d5ES &#8211; ESTAT\u00cdSTICA<\/td><td class=\"has-text-align-center\" data-align=\"center\">4<\/td><\/tr><tr><td class=\"has-text-align-center\" data-align=\"center\">ANALISTA DE RECURSOS HUMANOS<\/td><td class=\"has-text-align-center\" data-align=\"center\">45<\/td><\/tr><tr><td class=\"has-text-align-center\" data-align=\"center\">ANALISTA DE TECNOLOGIA DA INFORMA\u00c7\u00c3O &#8211; TI E INFRAESTRUTURA DE INFORM\u00c1TICA<\/td><td class=\"has-text-align-center\" data-align=\"center\">12<\/td><\/tr><tr><td class=\"has-text-align-center\" data-align=\"center\">ARQUITETO<\/td><td class=\"has-text-align-center\" data-align=\"center\">4<\/td><\/tr><tr><td class=\"has-text-align-center\" data-align=\"center\">ASSISTENTE ADMINISTRATIVO<\/td><td class=\"has-text-align-center\" data-align=\"center\">180<\/td><\/tr><tr><td class=\"has-text-align-center\" data-align=\"center\">AUDITOR ADMINISTRATIVO<\/td><td class=\"has-text-align-center\" data-align=\"center\">2<\/td><\/tr><tr><td class=\"has-text-align-center\" data-align=\"center\">BIBLIOTEC\u00c1RIO<\/td><td class=\"has-text-align-center\" data-align=\"center\">4<\/td><\/tr><tr><td class=\"has-text-align-center\" data-align=\"center\">ENGENHEIRO (v\u00e1rias especialidades)<\/td><td class=\"has-text-align-center\" data-align=\"center\">22<\/td><\/tr><tr><td class=\"has-text-align-center\" data-align=\"center\">JORNALISTA<\/td><td class=\"has-text-align-center\" data-align=\"center\">5<\/td><\/tr><tr><td class=\"has-text-align-center\" data-align=\"center\">T\u00c9CNICO EM CONTABILIDADE<\/td><td class=\"has-text-align-center\" data-align=\"center\">9<\/td><\/tr><tr><td class=\"has-text-align-center\" data-align=\"center\">T\u00c9CNICO EM SEGURAN\u00c7A DO TRABALHO<\/td><td class=\"has-text-align-center\" data-align=\"center\">28<\/td><\/tr><tr><td class=\"has-text-align-center\" data-align=\"center\">TECN\u00d3LOGO DE SUPORTE OPERACIONAL EM HARDWARE E SOFTWARE (12X36)<\/td><td class=\"has-text-align-center\" data-align=\"center\">20<\/td><\/tr><tr><td class=\"has-text-align-center\" data-align=\"center\">TECN\u00d3LOGO DE SUPORTE OPERACIONAL EM HARDWARE E SOFTWARE (40h)<\/td><td class=\"has-text-align-center\" data-align=\"center\">15<\/td><\/tr><tr><td class=\"has-text-align-center\" data-align=\"center\">TECN\u00d3LOGO EM ENGENHARIA CL\u00cdNICA<\/td><td class=\"has-text-align-center\" data-align=\"center\">9<\/td><\/tr><\/tbody><\/table><\/figure>\n\n\n\n<p>O edital n\u00ba 3 visa ao preenchimento de 1.040 vagas para os empregos p\u00fablicos de N\u00edvel Superior, \u00c1rea M\u00e9dica.<\/p>\n\n\n\n<figure class=\"wp-block-table is-style-stripes\"><table class=\"has-background has-fixed-layout\" style=\"background-color:#e7f5fe\"><thead><tr><th class=\"has-text-align-center\" data-align=\"center\">CARGOS<\/th><th class=\"has-text-align-center\" data-align=\"center\">VAGAS<\/th><\/tr><\/thead><tbody><tr><td class=\"has-text-align-center\" data-align=\"center\">M\u00c9DICOS (diversas especialidades)<\/td><td class=\"has-text-align-center\" data-align=\"center\">1.040<\/td><\/tr><\/tbody><\/table><\/figure>\n\n\n\n<h2 class=\"wp-block-heading\" id=\"etapas\">Etapas e provas do edital Funsa\u00fade CE<\/h2>\n\n\n\n<p>O concurso ser\u00e1 constitu\u00eddo por Prova Objetiva, de car\u00e1ter eliminat\u00f3rio e classificat\u00f3rio, e Avalia\u00e7\u00e3o de T\u00edtulos e de Experi\u00eancia Profissional, de car\u00e1ter apenas classificat\u00f3rio.<\/p>\n\n\n\n<h3 class=\"wp-block-heading\" id=\"objetiva\">Provas Objetivas<\/h3>\n\n\n\n<p>A Prova Objetiva, de car\u00e1ter eliminat\u00f3rio e classificat\u00f3rio, ser\u00e1 realizada na cidade de Fortaleza, na data prov\u00e1vel de 24 de outubro de 2021, das 13h15 \u00e0s 17h, para todos os cargos, observando o hor\u00e1rio oficial de Fortaleza, capital do estado do Cear\u00e1. A prova para n\u00edvel superior ser\u00e1 composta por 70 quest\u00f5es, enquanto a de n\u00edvel m\u00e9dio ser\u00e1 composta por 60. Ambas as provas ter\u00e3o quest\u00f5es com 5 alternativas e apenas uma resposta correta.<\/p>\n\n\n\n<p><strong>Disciplinas cobradas na prova de n\u00edvel superior:<\/strong><\/p>\n\n\n\n<div class=\"wp-block-image\"><figure class=\"aligncenter size-large\"><img loading=\"lazy\" decoding=\"async\" width=\"670\" height=\"111\" src=\"https:\/\/dhg1h5j42swfq.cloudfront.net\/2021\/06\/24191648\/nivel-superior.png\" alt=\"\" class=\"wp-image-776473\" srcset=\"https:\/\/dhg1h5j42swfq.cloudfront.net\/2021\/06\/24191648\/nivel-superior.png 670w, https:\/\/dhg1h5j42swfq.cloudfront.net\/2021\/06\/24191648\/nivel-superior-300x50.png 300w, https:\/\/dhg1h5j42swfq.cloudfront.net\/2021\/06\/24191648\/nivel-superior-610x101.png 610w\" sizes=\"auto, (max-width: 670px) 100vw, 670px\" \/><figcaption>Provas do edital Funsa\u00fade CE<\/figcaption><\/figure><\/div>\n\n\n\n<p><strong>Disciplinas cobradas na prova de advogado:<\/strong><\/p>\n\n\n\n<div class=\"wp-block-image\"><figure class=\"aligncenter size-large\"><img loading=\"lazy\" decoding=\"async\" width=\"683\" height=\"178\" src=\"https:\/\/dhg1h5j42swfq.cloudfront.net\/2021\/06\/24193138\/advogado.png\" alt=\"\" class=\"wp-image-776500\" srcset=\"https:\/\/dhg1h5j42swfq.cloudfront.net\/2021\/06\/24193138\/advogado.png 683w, https:\/\/dhg1h5j42swfq.cloudfront.net\/2021\/06\/24193138\/advogado-300x78.png 300w, https:\/\/dhg1h5j42swfq.cloudfront.net\/2021\/06\/24193138\/advogado-610x159.png 610w\" sizes=\"auto, (max-width: 683px) 100vw, 683px\" \/><figcaption>Prova para Advogado &#8211; edital Funsa\u00fade CE<\/figcaption><\/figure><\/div>\n\n\n\n<p><strong>Disciplinas cobradas na prova de n\u00edvel m\u00e9dio:<\/strong><\/p>\n\n\n\n<div class=\"wp-block-image\"><figure class=\"aligncenter size-large\"><img loading=\"lazy\" decoding=\"async\" width=\"670\" height=\"109\" src=\"https:\/\/dhg1h5j42swfq.cloudfront.net\/2021\/06\/24191735\/nivel-medio.png\" alt=\"\" class=\"wp-image-776476\" srcset=\"https:\/\/dhg1h5j42swfq.cloudfront.net\/2021\/06\/24191735\/nivel-medio.png 670w, https:\/\/dhg1h5j42swfq.cloudfront.net\/2021\/06\/24191735\/nivel-medio-300x49.png 300w, https:\/\/dhg1h5j42swfq.cloudfront.net\/2021\/06\/24191735\/nivel-medio-610x99.png 610w\" sizes=\"auto, (max-width: 670px) 100vw, 670px\" \/><\/figure><\/div>\n\n\n\n<h3 class=\"wp-block-heading\" id=\"h-avalia-o-de-t-tulos-e-de-experi-ncia-profissional\">Avalia\u00e7\u00e3o de T\u00edtulos e de Experi\u00eancia Profissional<\/h3>\n\n\n\n<p>A Avalia\u00e7\u00e3o de T\u00edtulos ter\u00e1 car\u00e1ter classificat\u00f3rio. Esta etapa valer\u00e1, no m\u00e1ximo, 20 pontos para o n\u00edvel superior, e, no m\u00e1ximo, 10 pontos para o n\u00edvel m\u00e9dio, mesmo se a soma de todos os valores ultrapassem esses n\u00fameros.<\/p>\n\n\n\n<h2 class=\"wp-block-heading\" id=\"estrategico\">Edital Estrat\u00e9gico Funsa\u00fade CE: baixe gratuitamente<\/h2>\n\n\n\n<p>Dando um espa\u00e7o para o Edital Estrat\u00e9gico entrar em sua rotina de estudos, ser\u00e1 poss\u00edvel acompanhar seu desempenho atrav\u00e9s de gr\u00e1ficos, garantindo uma vis\u00e3o completa das mat\u00e9rias que necessitam de mais revis\u00f5es.<\/p>\n\n\n\n<p>O registro de cada tarefa ser\u00e1 feito para cada assunto exigido no conte\u00fado program\u00e1tico do edital. No caso dos Editais Estrat\u00e9gicos de concursos que n\u00e3o est\u00e3o com \u201c<em>edital na pra\u00e7a<\/em>\u201d (ou seja, com inscri\u00e7\u00f5es abertas). A divis\u00e3o dos assuntos ser\u00e1 feita com base no edital.<\/p>\n\n\n\n<p>A partir das informa\u00e7\u00f5es preenchidas pelo aluno, uma \u201caba\u201d do Edital Estrat\u00e9gico ir\u00e1 demonstrar a progress\u00e3o em cada tarefa e assunto. A edi\u00e7\u00e3o poder\u00e1 ser realizada apenas na 3\u00aa aba, relativa ao preenchimento do progresso nas disciplinas. Caso voc\u00ea queira fazer outras modifica\u00e7\u00f5es no arquivo, \u00e9 s\u00f3 usar a&nbsp;senha \u201cadmin\u201d&nbsp;na op\u00e7\u00e3o&nbsp;<em><strong>desproteger<\/strong><\/em>&nbsp;planilha do Excel.<\/p>\n\n\n\n<ul class=\"has-pale-ocean-gradient-background has-background wp-block-list\"><li><strong><a href=\"https:\/\/dhg1h5j42swfq.cloudfront.net\/2021\/06\/25200409\/edital-estrategico_funsaude_analista-administrativo-economia-da-saude.xlsx\" target=\"_blank\" rel=\"noreferrer noopener nofollow\">Analista Administrativo &#8211; Economia da Sa\u00fade<\/a><\/strong><\/li><li><strong><a href=\"https:\/\/dhg1h5j42swfq.cloudfront.net\/2021\/06\/25200547\/edital-estrategico_funsaude_analista-administrativo-administracao.xlsx\" target=\"_blank\" rel=\"noreferrer noopener nofollow\">Analista Administrativo &#8211; Administra\u00e7\u00e3o<\/a><\/strong><\/li><li><strong><a href=\"https:\/\/dhg1h5j42swfq.cloudfront.net\/2021\/06\/25201541\/edital-estrategico_funsaude_analista-administrativo-contabilidade.xlsx\" target=\"_blank\" rel=\"noreferrer noopener nofollow\">Analista Administrativo &#8211; Contabilidade<\/a><\/strong><\/li><li><strong><a href=\"https:\/\/dhg1h5j42swfq.cloudfront.net\/2021\/06\/25201623\/edital-estrategico_funsaude_analista-administrativo-suprimentos.xlsx\" target=\"_blank\" rel=\"noreferrer noopener nofollow\">Analista Administrativo &#8211; Suprimentos<\/a><\/strong><\/li><li><strong><a href=\"https:\/\/dhg1h5j42swfq.cloudfront.net\/2021\/06\/25201651\/edital-estrategico_funsaude_analista-administrativo-qualquer-formacao.xlsx\" target=\"_blank\" rel=\"noreferrer noopener nofollow\">Analista Administrativo &#8211; Qualquer forma\u00e7\u00e3o<\/a><\/strong><\/li><li><strong><a href=\"https:\/\/dhg1h5j42swfq.cloudfront.net\/2021\/06\/25201743\/edital-estrategico_funsaude_analista-administrativo-estatistica.xlsx\" target=\"_blank\" rel=\"noreferrer noopener nofollow\">Analista Administrativo &#8211; Estat\u00edstica<\/a><\/strong><\/li><li><strong><a href=\"https:\/\/dhg1h5j42swfq.cloudfront.net\/2021\/06\/25201818\/edital-estrategico_funsaude_auditor-administrativo.xlsx\" target=\"_blank\" rel=\"noreferrer noopener nofollow\">Auditor Administrativo<\/a><\/strong><\/li><li><strong><a href=\"https:\/\/dhg1h5j42swfq.cloudfront.net\/2021\/06\/25201849\/edital-estrategico_funsaude_assistente-administrativo.xlsx\" target=\"_blank\" rel=\"noreferrer noopener nofollow\">Assistente Administrativo<\/a><\/strong><\/li><li><strong><a href=\"https:\/\/dhg1h5j42swfq.cloudfront.net\/2021\/06\/25201918\/edital-estrategico_funsaude_analista-de-ti.xlsx\" target=\"_blank\" rel=\"noreferrer noopener nofollow\">Analista de TI<\/a><\/strong><\/li><li><strong><a href=\"https:\/\/dhg1h5j42swfq.cloudfront.net\/2021\/06\/25201945\/edital-estrategico_funsaude_analista-de-recursos-humanos.xlsx\" target=\"_blank\" rel=\"noreferrer noopener nofollow\">Analista de Recursos Humanos<\/a><\/strong><\/li><\/ul>\n\n\n\n<p><strong>IMPORTANTE:&nbsp;<\/strong>Ao clicar no link acima, vai ser aberta uma janela do Google Drive que tentar\u00e1 carregar a visualiza\u00e7\u00e3o da planilha no seu navegador. N\u00e3o h\u00e1 necessidade de esperar essa visualiza\u00e7\u00e3o (talvez at\u00e9 nem carregue, j\u00e1 que os arquivos s\u00e3o pesados).<\/p>\n\n\n\n<p>Fa\u00e7a o download clicando na seta para baixo no canto superior direito da janela do Google Drive que vai ser aberta ao clicar nos links acima.<\/p>\n\n\n\n<p>Todos os arquivos foram testados em diferentes computadores e celulares e est\u00e3o ok. Talvez alguma incompatibilidade (ou mensagem de erro, como \u201carquivo inv\u00e1lido\u201d) ocorra em virtude do seu pr\u00f3prio computador ou do tamanho dos arquivos que possuem mais conte\u00fado.<\/p>\n\n\n\n<p class=\"has-text-align-center has-background has-medium-font-size\" style=\"background-color:#eeeeee\"><strong>Saiba mais: <a href=\"https:\/\/www.estrategiaconcursos.com.br\/blog\/concurso-funsaude-ce\/\" target=\"_blank\" rel=\"noreferrer noopener\">Concurso Funsa\u00fade CE<\/a><\/strong><\/p>\n\n\n\n<hr class=\"wp-block-separator\"\/>\n\n\n\n<h2 class=\"has-text-align-center wp-block-heading\" id=\"cursos-assinatura\">Quer estudar para o edital do concurso Funsa\u00fade CE?<\/h2>\n\n\n\n<div class=\"container\" id=\"boxes\">\n  <div class=\"row\">\n\n    <div class=\"col-sm\">\n      <div class=\"banner-medicina\" id=\"box-assinatura\">\n        <h3 class=\"titulo-assinatura\">Edital Funsa\u00fade CE<\/h3>\n        <p class=\"subtitulo-assinatura\">Conhe\u00e7a os cursos<\/p>\n        <div class=\"box-botao\">\n          <a class=\"btn-assinatura\" target=\"_blank\" href=\"https:\/\/www.estrategiaconcursos.com.br\/cursosPorConcurso\/fundacao-saude-do-ceara-funsaude-ce\/\" role=\"button\" rel=\"noopener noreferrer\">Conhe\u00e7a mais<\/a>\n        <\/div>\n      <\/div>\n     \n    <\/div>\n\n  <\/div>\n<\/div>\n\n\n\n<div class=\"container\" id=\"boxes\">\n  <div class=\"row\">\n\n    <div class=\"col-sm\">\n      <div class=\"estrategia\" id=\"box-assinatura\">\n        <h3 class=\"titulo-assinatura\">Assinatura Concursos<\/h3>\n        <p class=\"subtitulo-assinatura\">Assinatura de 1 ano ou 2 anos<\/p>\n        <div class=\"box-botao\">\n          <a class=\"btn-assinatura\" target=\"_blank\" href=\"https:\/\/www.estrategiaconcursos.com.br\/assinaturas\/\" role=\"button\" rel=\"noopener noreferrer\">ASSINE AGORA<\/a>\n        <\/div>\n      <\/div>\n     \n    <\/div><\/div><\/div>\n\n\n\n<div class=\"container\" id=\"boxes\">\n  <div class=\"row\">\n\n    <div class=\"col-sm\" id=\"boxes-concursos\">\n      <div style=\"background-color: #005DAD;\" class=\"conteudo-concursos\" id=\"box-concursos\">\n        <h3 class=\"titulo-assinatura\">Concursos Abertos<\/h3>\n        <p class=\"subtitulo-assinatura\">Os editais publicados<\/p>\n        <div class=\"box-botao\">\n          <a class=\"btn-assinatura\" target=\"_blank\" href=\"https:\/\/www.estrategiaconcursos.com.br\/blog\/concursos-abertos\/\" role=\"button\" rel=\"noopener noreferrer\">Conhe\u00e7a Agora<\/a>\n        <\/div>\n      <\/div>\n    <\/div>\n\n    <div class=\"col-sm\" id=\"boxes-concursos\">\n      <div style=\"background-color: #1A7ED5;\" class=\"conteudo-concursos\" id=\"box-concursos\">\n        <h3 class=\"titulo-assinatura\">Concursos 2021<\/h3>\n        <p class=\"subtitulo-assinatura\">As oportunidades previstas<\/p>\n        <div class=\"box-botao\">\n          <a class=\"btn-assinatura\" target=\"_blank\" href=\"https:\/\/www.estrategiaconcursos.com.br\/blog\/concursos-2021\/\" role=\"button\" rel=\"noopener noreferrer\">Conhe\u00e7a Agora<\/a>\n        <\/div>\n      <\/div>\n    <\/div>\n\n    <div class=\"col-sm\" id=\"boxes-concursos\">\n      <div style=\"background-color: #419FF0;\" class=\"conteudo-concursos\" id=\"box-concursos\">\n        <h3 class=\"titulo-assinatura\">Concursos 2022<\/h3>\n        <p class=\"subtitulo-assinatura\">Vagas para o pr\u00f3ximo ano<\/p>\n        <div class=\"box-botao\">\n          <a class=\"btn-assinatura\" target=\"_blank\" href=\"https:\/\/www.estrategiaconcursos.com.br\/blog\/concursos-2022\/\" role=\"button\" rel=\"noopener noreferrer\">Conhe\u00e7a Agora<\/a>\n        <\/div>\n      <\/div>\n    <\/div>\n\n  <\/div>\n<\/div>\n\n\n\n<figure class=\"wp-block-image size-large is-resized\"><img loading=\"lazy\" decoding=\"async\" src=\"https:\/\/dhg1h5j42swfq.cloudfront.net\/2025\/06\/27101122\/ficha-tecnica-1-1024x632.png\" alt=\"Informa\u00e7\u00f5es do edital Funsa\u00fade CE\" class=\"wp-image-702728\" width=\"269\" height=\"166\" srcset=\"https:\/\/dhg1h5j42swfq.cloudfront.net\/2025\/06\/27101122\/ficha-tecnica-1-1024x632.png 1024w, https:\/\/dhg1h5j42swfq.cloudfront.net\/2025\/06\/27101122\/ficha-tecnica-1-300x185.png 300w, https:\/\/dhg1h5j42swfq.cloudfront.net\/2025\/06\/27101122\/ficha-tecnica-1-768x474.png 768w, https:\/\/dhg1h5j42swfq.cloudfront.net\/2025\/06\/27101122\/ficha-tecnica-1-1536x948.png 1536w, https:\/\/dhg1h5j42swfq.cloudfront.net\/2025\/06\/27101122\/ficha-tecnica-1-610x377.png 610w, https:\/\/dhg1h5j42swfq.cloudfront.net\/2025\/06\/27101122\/ficha-tecnica-1.png 1571w\" sizes=\"auto, (max-width: 269px) 100vw, 269px\" \/><\/figure>\n\n\n\n<h3 class=\"wp-block-heading\" id=\"ficha\">Informa\u00e7\u00f5es do edital Funsa\u00fade CE<\/h3>\n\n\n\n<ul class=\"wp-block-list\"><li><strong style=\"color: initial;\">Provas<\/strong><span style=\"color: initial;\">: 24 de outubro<\/span><\/li><li><strong>Vagas<\/strong>: 6.000 + 22.000 CR<\/li><li><strong>Cargos<\/strong>: Diversos cargos<\/li><li><strong>Banca<\/strong>: FGV<\/li><li><strong>Escolaridade<\/strong>: N\u00edveis fundamental, m\u00e9dio\/t\u00e9cnico e superior<\/li><li><strong>Editais<\/strong>:&nbsp;<a href=\"https:\/\/dhg1h5j42swfq.cloudfront.net\/2021\/06\/24194109\/edital-funsaude-demais-cargos-30-49-1.pdf\" target=\"_blank\" rel=\"noreferrer noopener nofollow\">edital 1<\/a>, <a href=\"https:\/\/dhg1h5j42swfq.cloudfront.net\/2021\/06\/24194158\/edital-funsaude-cargos-administrativos-49-68-1.pdf\" target=\"_blank\" rel=\"noreferrer noopener nofollow\">edital 2<\/a>, <a href=\"https:\/\/dhg1h5j42swfq.cloudfront.net\/2021\/06\/24194227\/edital-funsaude-medicos-1-32-1.pdf\" target=\"_blank\" rel=\"noreferrer noopener nofollow\">edital 3<\/a><\/li><li>Retifica\u00e7\u00f5es: <a href=\"https:\/\/dhg1h5j42swfq.cloudfront.net\/2021\/07\/10115239\/edital_no_01_retificacao_final.pdf\" target=\"_blank\" rel=\"noreferrer noopener\">\u00c1rea Assistencial<\/a> | <a href=\"https:\/\/dhg1h5j42swfq.cloudfront.net\/2021\/07\/10115323\/funsaude_edital_de_abertura_2_area_administrativa_finalizado_v2_.pdf\" target=\"_blank\" rel=\"noreferrer noopener\">\u00c1rea Administrativa<\/a> | <a href=\"https:\/\/dhg1h5j42swfq.cloudfront.net\/2021\/07\/10115505\/funsaude_edital_de_abertura_3_area_medica_finalizado_.pdf\" target=\"_blank\" rel=\"noreferrer noopener\">\u00c1rea M\u00e9dica<\/a><\/li><\/ul>\n","protected":false},"excerpt":{"rendered":"<p>Est\u00e3o encerradas as inscri\u00e7\u00f5es do edital Funsa\u00fade CE! Ap\u00f3s prorroga\u00e7\u00e3o, os interessados puderam realizar sua candidatura at\u00e9 o dia 03 de setembro, no site da banca organizadora, a Funda\u00e7\u00e3o Get\u00falio Vargas (FGV). As taxas foram definidas de acordo com o grau de escolaridade do cargo pretendido, sendo: M\u00e9dio: R$ 70,00 Superior: R$ 150,00 M\u00e9dico: R$ [&hellip;]<\/p>\n","protected":false},"author":1,"featured_media":776557,"comment_status":"open","ping_status":"closed","sticky":false,"template":"","format":"standard","meta":{"post_tipo":"news","footnotes":""},"categories":[1981],"tags":[],"tax_estado":[219969],"class_list":["post-775218","post","type-post","status-publish","format-standard","has-post-thumbnail","hentry","category-saude","tax_estado-ce"],"acf":[],"yoast_head":"<!-- This site is optimized with the Yoast SEO Premium plugin v27.2 (Yoast SEO v27.2) - https:\/\/yoast.com\/product\/yoast-seo-premium-wordpress\/ -->\n<title>Edital Funsa\u00fade CE: Inscri\u00e7\u00f5es encerradas para 6 mil vagas!<\/title>\n<meta name=\"description\" content=\"Foi publicado o edital do concurso Funsa\u00fade CE, do estado do Cear\u00e1. S\u00e3o ofertadas vagas para todos os n\u00edveis de escolaridade. Confira!\" \/>\n<meta name=\"robots\" content=\"index, follow, max-snippet:-1, max-image-preview:large, max-video-preview:-1\" \/>\n<link rel=\"canonical\" href=\"https:\/\/www.estrategiaconcursos.com.br\/blog\/edital-funsaude-ce\/\" \/>\n<meta property=\"og:locale\" content=\"pt_BR\" \/>\n<meta property=\"og:type\" content=\"article\" \/>\n<meta property=\"og:title\" content=\"Edital Funsa\u00fade CE: Inscri\u00e7\u00f5es encerradas para 6 mil vagas!\" \/>\n<meta property=\"og:description\" content=\"Foi publicado o edital do concurso Funsa\u00fade CE, do estado do Cear\u00e1. S\u00e3o ofertadas vagas para todos os n\u00edveis de escolaridade. Confira!\" \/>\n<meta property=\"og:url\" content=\"https:\/\/www.estrategiaconcursos.com.br\/blog\/edital-funsaude-ce\/\" \/>\n<meta property=\"og:site_name\" content=\"Estrat\u00e9gia Concursos\" \/>\n<meta property=\"article:author\" content=\"https:\/\/www.facebook.com\/EstrategiaConcursos\" \/>\n<meta property=\"article:published_time\" content=\"2021-08-31T03:00:00+00:00\" \/>\n<meta property=\"article:modified_time\" content=\"2021-09-06T14:22:46+00:00\" \/>\n<meta property=\"og:image\" content=\"https:\/\/dhg1h5j42swfq.cloudfront.net\/2021\/06\/24195500\/funsaude-ce.jpg\" \/>\n\t<meta property=\"og:image:width\" content=\"768\" \/>\n\t<meta property=\"og:image:height\" content=\"432\" \/>\n\t<meta property=\"og:image:type\" content=\"image\/jpeg\" \/>\n<meta name=\"author\" content=\"Coordena\u00e7\u00e3o\" \/>\n<meta name=\"twitter:card\" content=\"summary_large_image\" \/>\n<meta name=\"twitter:creator\" content=\"@EstratConcursos\" \/>\n<meta name=\"twitter:site\" content=\"@EstratConcursos\" \/>\n<meta name=\"twitter:label1\" content=\"Escrito por\" \/>\n\t<meta name=\"twitter:data1\" content=\"Coordena\u00e7\u00e3o\" \/>\n\t<meta name=\"twitter:label2\" content=\"Est. tempo de leitura\" \/>\n\t<meta name=\"twitter:data2\" content=\"6 minutos\" \/>\n<script type=\"application\/ld+json\" class=\"yoast-schema-graph\">{\"@context\":\"https:\/\/schema.org\",\"@graph\":[{\"@type\":\"NewsArticle\",\"@id\":\"https:\/\/www.estrategiaconcursos.com.br\/blog\/edital-funsaude-ce\/#article\",\"isPartOf\":{\"@id\":\"https:\/\/www.estrategiaconcursos.com.br\/blog\/edital-funsaude-ce\/\"},\"author\":{\"name\":\"Coordena\u00e7\u00e3o\",\"@id\":\"https:\/\/www.estrategiaconcursos.com.br\/blog\/#\/schema\/person\/b4a388c97673c5f483d72185668afa1f\"},\"headline\":\"Edital Funsa\u00fade CE: Inscri\u00e7\u00f5es encerradas para 6 mil vagas!\",\"datePublished\":\"2021-08-31T03:00:00+00:00\",\"dateModified\":\"2021-09-06T14:22:46+00:00\",\"mainEntityOfPage\":{\"@id\":\"https:\/\/www.estrategiaconcursos.com.br\/blog\/edital-funsaude-ce\/\"},\"wordCount\":1081,\"commentCount\":0,\"publisher\":{\"@id\":\"https:\/\/www.estrategiaconcursos.com.br\/blog\/#organization\"},\"image\":{\"@id\":\"https:\/\/www.estrategiaconcursos.com.br\/blog\/edital-funsaude-ce\/#primaryimage\"},\"thumbnailUrl\":\"https:\/\/dhg1h5j42swfq.cloudfront.net\/2021\/06\/24195500\/funsaude-ce.jpg\",\"articleSection\":[\"Sa\u00fade\"],\"inLanguage\":\"pt-BR\",\"potentialAction\":[{\"@type\":\"CommentAction\",\"name\":\"Comment\",\"target\":[\"https:\/\/www.estrategiaconcursos.com.br\/blog\/edital-funsaude-ce\/#respond\"]}],\"copyrightYear\":\"2021\",\"copyrightHolder\":{\"@id\":\"https:\/\/www.estrategiaconcursos.com.br\/blog\/#organization\"}},{\"@type\":\"WebPage\",\"@id\":\"https:\/\/www.estrategiaconcursos.com.br\/blog\/edital-funsaude-ce\/\",\"url\":\"https:\/\/www.estrategiaconcursos.com.br\/blog\/edital-funsaude-ce\/\",\"name\":\"Edital Funsa\u00fade CE: Inscri\u00e7\u00f5es encerradas para 6 mil vagas!\",\"isPartOf\":{\"@id\":\"https:\/\/www.estrategiaconcursos.com.br\/blog\/#website\"},\"primaryImageOfPage\":{\"@id\":\"https:\/\/www.estrategiaconcursos.com.br\/blog\/edital-funsaude-ce\/#primaryimage\"},\"image\":{\"@id\":\"https:\/\/www.estrategiaconcursos.com.br\/blog\/edital-funsaude-ce\/#primaryimage\"},\"thumbnailUrl\":\"https:\/\/dhg1h5j42swfq.cloudfront.net\/2021\/06\/24195500\/funsaude-ce.jpg\",\"datePublished\":\"2021-08-31T03:00:00+00:00\",\"dateModified\":\"2021-09-06T14:22:46+00:00\",\"description\":\"Foi publicado o edital do concurso Funsa\u00fade CE, do estado do Cear\u00e1. S\u00e3o ofertadas vagas para todos os n\u00edveis de escolaridade. Confira!\",\"breadcrumb\":{\"@id\":\"https:\/\/www.estrategiaconcursos.com.br\/blog\/edital-funsaude-ce\/#breadcrumb\"},\"inLanguage\":\"pt-BR\",\"potentialAction\":[{\"@type\":\"ReadAction\",\"target\":[\"https:\/\/www.estrategiaconcursos.com.br\/blog\/edital-funsaude-ce\/\"]}]},{\"@type\":\"ImageObject\",\"inLanguage\":\"pt-BR\",\"@id\":\"https:\/\/www.estrategiaconcursos.com.br\/blog\/edital-funsaude-ce\/#primaryimage\",\"url\":\"https:\/\/dhg1h5j42swfq.cloudfront.net\/2021\/06\/24195500\/funsaude-ce.jpg\",\"contentUrl\":\"https:\/\/dhg1h5j42swfq.cloudfront.net\/2021\/06\/24195500\/funsaude-ce.jpg\",\"width\":768,\"height\":432,\"caption\":\"FUNSA\u00daDE CE\"},{\"@type\":\"BreadcrumbList\",\"@id\":\"https:\/\/www.estrategiaconcursos.com.br\/blog\/edital-funsaude-ce\/#breadcrumb\",\"itemListElement\":[{\"@type\":\"ListItem\",\"position\":1,\"name\":\"In\u00edcio\",\"item\":\"https:\/\/www.estrategiaconcursos.com.br\/blog\/\"},{\"@type\":\"ListItem\",\"position\":2,\"name\":\"Edital Funsa\u00fade CE: Inscri\u00e7\u00f5es encerradas para 6 mil vagas!\"}]},{\"@type\":\"WebSite\",\"@id\":\"https:\/\/www.estrategiaconcursos.com.br\/blog\/#website\",\"url\":\"https:\/\/www.estrategiaconcursos.com.br\/blog\/\",\"name\":\"Estrat\u00e9gia Concursos\",\"description\":\"O blog da Estrat\u00e9gia Concursos traz not\u00edcias sobre concursos e artigos de professores oferecendo cursos para concursos (pdf + videaulas) no site.\",\"publisher\":{\"@id\":\"https:\/\/www.estrategiaconcursos.com.br\/blog\/#organization\"},\"potentialAction\":[{\"@type\":\"SearchAction\",\"target\":{\"@type\":\"EntryPoint\",\"urlTemplate\":\"https:\/\/www.estrategiaconcursos.com.br\/blog\/?s={search_term_string}\"},\"query-input\":{\"@type\":\"PropertyValueSpecification\",\"valueRequired\":true,\"valueName\":\"search_term_string\"}}],\"inLanguage\":\"pt-BR\"},{\"@type\":\"Organization\",\"@id\":\"https:\/\/www.estrategiaconcursos.com.br\/blog\/#organization\",\"name\":\"Estrat\u00e9gia Concursos\",\"url\":\"https:\/\/www.estrategiaconcursos.com.br\/blog\/\",\"logo\":{\"@type\":\"ImageObject\",\"inLanguage\":\"pt-BR\",\"@id\":\"https:\/\/www.estrategiaconcursos.com.br\/blog\/#\/schema\/logo\/image\/\",\"url\":\"https:\/\/dhg1h5j42swfq.cloudfront.net\/2025\/06\/03203428\/logo_concursos-1.jpg\",\"contentUrl\":\"https:\/\/dhg1h5j42swfq.cloudfront.net\/2025\/06\/03203428\/logo_concursos-1.jpg\",\"width\":230,\"height\":60,\"caption\":\"Estrat\u00e9gia Concursos\"},\"image\":{\"@id\":\"https:\/\/www.estrategiaconcursos.com.br\/blog\/#\/schema\/logo\/image\/\"},\"sameAs\":[\"https:\/\/x.com\/EstratConcursos\"]},{\"@type\":\"Person\",\"@id\":\"https:\/\/www.estrategiaconcursos.com.br\/blog\/#\/schema\/person\/b4a388c97673c5f483d72185668afa1f\",\"name\":\"Coordena\u00e7\u00e3o\",\"image\":{\"@type\":\"ImageObject\",\"inLanguage\":\"pt-BR\",\"@id\":\"https:\/\/secure.gravatar.com\/avatar\/b720319e4c9a967eb58678d110f4fe35452fc5d5f97b202bac7b8acceb18c6ad?s=96&d=mm&r=g\",\"url\":\"https:\/\/secure.gravatar.com\/avatar\/b720319e4c9a967eb58678d110f4fe35452fc5d5f97b202bac7b8acceb18c6ad?s=96&d=mm&r=g\",\"contentUrl\":\"https:\/\/secure.gravatar.com\/avatar\/b720319e4c9a967eb58678d110f4fe35452fc5d5f97b202bac7b8acceb18c6ad?s=96&d=mm&r=g\",\"caption\":\"Coordena\u00e7\u00e3o\"},\"sameAs\":[\"https:\/\/www.facebook.com\/EstrategiaConcursos\",\"https:\/\/x.com\/EstratConcursos\"],\"url\":\"https:\/\/www.estrategiaconcursos.com.br\/blog\/author\/estrategia2013\/\"}]}<\/script>\n<!-- \/ Yoast SEO Premium plugin. -->","yoast_head_json":{"title":"Edital Funsa\u00fade CE: Inscri\u00e7\u00f5es encerradas para 6 mil vagas!","description":"Foi publicado o edital do concurso Funsa\u00fade CE, do estado do Cear\u00e1. S\u00e3o ofertadas vagas para todos os n\u00edveis de escolaridade. Confira!","robots":{"index":"index","follow":"follow","max-snippet":"max-snippet:-1","max-image-preview":"max-image-preview:large","max-video-preview":"max-video-preview:-1"},"canonical":"https:\/\/www.estrategiaconcursos.com.br\/blog\/edital-funsaude-ce\/","og_locale":"pt_BR","og_type":"article","og_title":"Edital Funsa\u00fade CE: Inscri\u00e7\u00f5es encerradas para 6 mil vagas!","og_description":"Foi publicado o edital do concurso Funsa\u00fade CE, do estado do Cear\u00e1. S\u00e3o ofertadas vagas para todos os n\u00edveis de escolaridade. Confira!","og_url":"https:\/\/www.estrategiaconcursos.com.br\/blog\/edital-funsaude-ce\/","og_site_name":"Estrat\u00e9gia Concursos","article_author":"https:\/\/www.facebook.com\/EstrategiaConcursos","article_published_time":"2021-08-31T03:00:00+00:00","article_modified_time":"2021-09-06T14:22:46+00:00","og_image":[{"width":768,"height":432,"url":"https:\/\/dhg1h5j42swfq.cloudfront.net\/2021\/06\/24195500\/funsaude-ce.jpg","type":"image\/jpeg"}],"author":"Coordena\u00e7\u00e3o","twitter_card":"summary_large_image","twitter_creator":"@EstratConcursos","twitter_site":"@EstratConcursos","twitter_misc":{"Escrito por":"Coordena\u00e7\u00e3o","Est. tempo de leitura":"6 minutos"},"schema":{"@context":"https:\/\/schema.org","@graph":[{"@type":"NewsArticle","@id":"https:\/\/www.estrategiaconcursos.com.br\/blog\/edital-funsaude-ce\/#article","isPartOf":{"@id":"https:\/\/www.estrategiaconcursos.com.br\/blog\/edital-funsaude-ce\/"},"author":{"name":"Coordena\u00e7\u00e3o","@id":"https:\/\/www.estrategiaconcursos.com.br\/blog\/#\/schema\/person\/b4a388c97673c5f483d72185668afa1f"},"headline":"Edital Funsa\u00fade CE: Inscri\u00e7\u00f5es encerradas para 6 mil vagas!","datePublished":"2021-08-31T03:00:00+00:00","dateModified":"2021-09-06T14:22:46+00:00","mainEntityOfPage":{"@id":"https:\/\/www.estrategiaconcursos.com.br\/blog\/edital-funsaude-ce\/"},"wordCount":1081,"commentCount":0,"publisher":{"@id":"https:\/\/www.estrategiaconcursos.com.br\/blog\/#organization"},"image":{"@id":"https:\/\/www.estrategiaconcursos.com.br\/blog\/edital-funsaude-ce\/#primaryimage"},"thumbnailUrl":"https:\/\/dhg1h5j42swfq.cloudfront.net\/2021\/06\/24195500\/funsaude-ce.jpg","articleSection":["Sa\u00fade"],"inLanguage":"pt-BR","potentialAction":[{"@type":"CommentAction","name":"Comment","target":["https:\/\/www.estrategiaconcursos.com.br\/blog\/edital-funsaude-ce\/#respond"]}],"copyrightYear":"2021","copyrightHolder":{"@id":"https:\/\/www.estrategiaconcursos.com.br\/blog\/#organization"}},{"@type":"WebPage","@id":"https:\/\/www.estrategiaconcursos.com.br\/blog\/edital-funsaude-ce\/","url":"https:\/\/www.estrategiaconcursos.com.br\/blog\/edital-funsaude-ce\/","name":"Edital Funsa\u00fade CE: Inscri\u00e7\u00f5es encerradas para 6 mil vagas!","isPartOf":{"@id":"https:\/\/www.estrategiaconcursos.com.br\/blog\/#website"},"primaryImageOfPage":{"@id":"https:\/\/www.estrategiaconcursos.com.br\/blog\/edital-funsaude-ce\/#primaryimage"},"image":{"@id":"https:\/\/www.estrategiaconcursos.com.br\/blog\/edital-funsaude-ce\/#primaryimage"},"thumbnailUrl":"https:\/\/dhg1h5j42swfq.cloudfront.net\/2021\/06\/24195500\/funsaude-ce.jpg","datePublished":"2021-08-31T03:00:00+00:00","dateModified":"2021-09-06T14:22:46+00:00","description":"Foi publicado o edital do concurso Funsa\u00fade CE, do estado do Cear\u00e1. S\u00e3o ofertadas vagas para todos os n\u00edveis de escolaridade. Confira!","breadcrumb":{"@id":"https:\/\/www.estrategiaconcursos.com.br\/blog\/edital-funsaude-ce\/#breadcrumb"},"inLanguage":"pt-BR","potentialAction":[{"@type":"ReadAction","target":["https:\/\/www.estrategiaconcursos.com.br\/blog\/edital-funsaude-ce\/"]}]},{"@type":"ImageObject","inLanguage":"pt-BR","@id":"https:\/\/www.estrategiaconcursos.com.br\/blog\/edital-funsaude-ce\/#primaryimage","url":"https:\/\/dhg1h5j42swfq.cloudfront.net\/2021\/06\/24195500\/funsaude-ce.jpg","contentUrl":"https:\/\/dhg1h5j42swfq.cloudfront.net\/2021\/06\/24195500\/funsaude-ce.jpg","width":768,"height":432,"caption":"FUNSA\u00daDE CE"},{"@type":"BreadcrumbList","@id":"https:\/\/www.estrategiaconcursos.com.br\/blog\/edital-funsaude-ce\/#breadcrumb","itemListElement":[{"@type":"ListItem","position":1,"name":"In\u00edcio","item":"https:\/\/www.estrategiaconcursos.com.br\/blog\/"},{"@type":"ListItem","position":2,"name":"Edital Funsa\u00fade CE: Inscri\u00e7\u00f5es encerradas para 6 mil vagas!"}]},{"@type":"WebSite","@id":"https:\/\/www.estrategiaconcursos.com.br\/blog\/#website","url":"https:\/\/www.estrategiaconcursos.com.br\/blog\/","name":"Estrat\u00e9gia Concursos","description":"O blog da Estrat\u00e9gia Concursos traz not\u00edcias sobre concursos e artigos de professores oferecendo cursos para concursos (pdf + videaulas) no site.","publisher":{"@id":"https:\/\/www.estrategiaconcursos.com.br\/blog\/#organization"},"potentialAction":[{"@type":"SearchAction","target":{"@type":"EntryPoint","urlTemplate":"https:\/\/www.estrategiaconcursos.com.br\/blog\/?s={search_term_string}"},"query-input":{"@type":"PropertyValueSpecification","valueRequired":true,"valueName":"search_term_string"}}],"inLanguage":"pt-BR"},{"@type":"Organization","@id":"https:\/\/www.estrategiaconcursos.com.br\/blog\/#organization","name":"Estrat\u00e9gia Concursos","url":"https:\/\/www.estrategiaconcursos.com.br\/blog\/","logo":{"@type":"ImageObject","inLanguage":"pt-BR","@id":"https:\/\/www.estrategiaconcursos.com.br\/blog\/#\/schema\/logo\/image\/","url":"https:\/\/dhg1h5j42swfq.cloudfront.net\/2025\/06\/03203428\/logo_concursos-1.jpg","contentUrl":"https:\/\/dhg1h5j42swfq.cloudfront.net\/2025\/06\/03203428\/logo_concursos-1.jpg","width":230,"height":60,"caption":"Estrat\u00e9gia Concursos"},"image":{"@id":"https:\/\/www.estrategiaconcursos.com.br\/blog\/#\/schema\/logo\/image\/"},"sameAs":["https:\/\/x.com\/EstratConcursos"]},{"@type":"Person","@id":"https:\/\/www.estrategiaconcursos.com.br\/blog\/#\/schema\/person\/b4a388c97673c5f483d72185668afa1f","name":"Coordena\u00e7\u00e3o","image":{"@type":"ImageObject","inLanguage":"pt-BR","@id":"https:\/\/secure.gravatar.com\/avatar\/b720319e4c9a967eb58678d110f4fe35452fc5d5f97b202bac7b8acceb18c6ad?s=96&d=mm&r=g","url":"https:\/\/secure.gravatar.com\/avatar\/b720319e4c9a967eb58678d110f4fe35452fc5d5f97b202bac7b8acceb18c6ad?s=96&d=mm&r=g","contentUrl":"https:\/\/secure.gravatar.com\/avatar\/b720319e4c9a967eb58678d110f4fe35452fc5d5f97b202bac7b8acceb18c6ad?s=96&d=mm&r=g","caption":"Coordena\u00e7\u00e3o"},"sameAs":["https:\/\/www.facebook.com\/EstrategiaConcursos","https:\/\/x.com\/EstratConcursos"],"url":"https:\/\/www.estrategiaconcursos.com.br\/blog\/author\/estrategia2013\/"}]}},"_links":{"self":[{"href":"https:\/\/www.estrategiaconcursos.com.br\/blog\/wp-json\/wp\/v2\/posts\/775218","targetHints":{"allow":["GET"]}}],"collection":[{"href":"https:\/\/www.estrategiaconcursos.com.br\/blog\/wp-json\/wp\/v2\/posts"}],"about":[{"href":"https:\/\/www.estrategiaconcursos.com.br\/blog\/wp-json\/wp\/v2\/types\/post"}],"author":[{"embeddable":true,"href":"https:\/\/www.estrategiaconcursos.com.br\/blog\/wp-json\/wp\/v2\/users\/1"}],"replies":[{"embeddable":true,"href":"https:\/\/www.estrategiaconcursos.com.br\/blog\/wp-json\/wp\/v2\/comments?post=775218"}],"version-history":[{"count":44,"href":"https:\/\/www.estrategiaconcursos.com.br\/blog\/wp-json\/wp\/v2\/posts\/775218\/revisions"}],"predecessor-version":[{"id":854827,"href":"https:\/\/www.estrategiaconcursos.com.br\/blog\/wp-json\/wp\/v2\/posts\/775218\/revisions\/854827"}],"wp:featuredmedia":[{"embeddable":true,"href":"https:\/\/www.estrategiaconcursos.com.br\/blog\/wp-json\/wp\/v2\/media\/776557"}],"wp:attachment":[{"href":"https:\/\/www.estrategiaconcursos.com.br\/blog\/wp-json\/wp\/v2\/media?parent=775218"}],"wp:term":[{"taxonomy":"category","embeddable":true,"href":"https:\/\/www.estrategiaconcursos.com.br\/blog\/wp-json\/wp\/v2\/categories?post=775218"},{"taxonomy":"post_tag","embeddable":true,"href":"https:\/\/www.estrategiaconcursos.com.br\/blog\/wp-json\/wp\/v2\/tags?post=775218"},{"taxonomy":"tax_estado","embeddable":true,"href":"https:\/\/www.estrategiaconcursos.com.br\/blog\/wp-json\/wp\/v2\/tax_estado?post=775218"}],"curies":[{"name":"wp","href":"https:\/\/api.w.org\/{rel}","templated":true}]}}