{"id":77448,"date":"2017-06-16T13:17:06","date_gmt":"2017-06-16T16:17:06","guid":{"rendered":"https:\/\/www.estrategiaconcursos.com.br\/blog\/?p=77448"},"modified":"2017-06-16T13:19:47","modified_gmt":"2017-06-16T16:19:47","slug":"novidade-ampliacao-da-faixa-etaria-para-vacinacao-de-meninos-contra-o-hpv","status":"publish","type":"post","link":"https:\/\/www.estrategiaconcursos.com.br\/blog\/novidade-ampliacao-da-faixa-etaria-para-vacinacao-de-meninos-contra-o-hpv\/","title":{"rendered":"NOVIDADE: AMPLIA\u00c7\u00c3O DA FAIXA ET\u00c1RIA PARA VACINA\u00c7\u00c3O DE MENINOS CONTRA O HPV!"},"content":{"rendered":"<p style=\"text-align: justify\">\n\tUma grande novidade no calend&aacute;rio de imuniza&ccedil;&atilde;o acaba de ser divulgado pelo Minist&eacute;rio da Sa&uacute;de e ir&aacute;&nbsp;fortalece as a&ccedil;&otilde;es de&nbsp;sa&uacute;de da popula&ccedil;&atilde;o masculina, possibilitando a preven&ccedil;&atilde;o da ocorr&ecirc;ncia dos c&acirc;nceres causados pelo v&iacute;rus do HPV.\n<\/p>\n<p style=\"text-align: justify\">\n\tEsse ano os meninos j&aacute; haviam sido inclu&iacute;dos no grupo priorit&aacute;rio para vacina&ccedil;&atilde;o contra o v&iacute;rus do HPV. <strong>E a partir de agora, junho de 2017,<\/strong> o Minist&eacute;rio da Sa&uacute;de <strong>amplia a faixa et&aacute;ria<\/strong> e passa a disponibilizar as doses para a<strong> popula&ccedil;&atilde;o masculina de 11 a 14 anos de idade <\/strong>(14&nbsp;anos, 11 meses e 29 dias).&nbsp;\n<\/p>\n<p style=\"text-align: justify\">\n\t<img decoding=\"async\" alt=\"Imagem relacionada\" src=\"http:\/\/res.cloudinary.com\/sweetwaternow-com\/image\/upload\/c_scale,w_700\/v1421190945\/kidvaccine_bwnwcd.jpg\" style=\"height: 300px;width: 450px\" \/>\n<\/p>\n<p style=\"text-align: justify\">\n\t&nbsp;\n<\/p>\n<p style=\"text-align: justify\">\n\tO esquema vacinal &eacute; de&nbsp;2 doses com intervalo de 0 e 6 meses. Para os adolescentes do sexo masculino que iniciarem a primeira dose do esquema com 14 anos, a segunda dose dever&aacute; ser administrada com intervalo m&iacute;nimo de 06 meses e m&aacute;ximo de 12 meses.\n<\/p>\n<p style=\"text-align: justify\">\n\tA vacina protege contra quatro subtipos mais frequentes do v&iacute;rus HPV (6, 11, 16 e 18). A imuniza&ccedil;&atilde;o possibilita a preven&ccedil;&atilde;o de c&acirc;nceres de p&ecirc;nis, &acirc;nus e orofaringe, al&eacute;m das verrugas genitais. Al&eacute;m disso, vacinar o p&uacute;blico masculino tamb&eacute;m contribui para a preven&ccedil;&atilde;o das mulheres e deve impactar positivamente no perfil epidemiol&oacute;gico das infec&ccedil;&otilde;es atribu&iacute;das ao HPV em ambos os sexos.\n<\/p>\n<p style=\"text-align: justify\">\n\tA vacina contra o HPV &eacute; fornecida para as meninas entre os 9 e 14&nbsp;anos, tamb&eacute;m em duas doses. No caso desse p&uacute;blico, a prote&ccedil;&atilde;o se d&aacute; para os c&acirc;nceres de colo do &uacute;tero, vulva, vaginal e anal; les&otilde;es pr&eacute;-cancerosas; verrugas genitais e infec&ccedil;&otilde;es causadas pelo v&iacute;rus.\n<\/p>\n<p style=\"text-align: justify\">\n\tOs postos de sa&uacute;de tamb&eacute;m vacinar&atilde;o jovens de 9 a 26 anos que vivem&nbsp;com&nbsp;HIV\/Aids. Nesses casos, ser&atilde;o tr&ecirc;s doses, com intervalo de dois e seis meses ap&oacute;s a primeira delas.\n<\/p>\n<p style=\"text-align: justify\">\n\tEm&nbsp;<strong>TODOS<\/strong>&nbsp;os nossos cursos sobre o&nbsp;<strong><a href=\"https:\/\/www.estrategiaconcursos.com.br\/curso\/administracao-e-gerenciamento-dos-servicos-de-enfermagem-p-concursos-enfermeiro-curso-regular-2017\/\">P<\/a><a href=\"https:\/\/www.estrategiaconcursos.com.br\/curso\/programa-nacional-de-imunizacao-p-concursos-enfermeiro-curso-regular-2017\/\">rograma Nacional de Imuniza&ccedil;&atilde;o<\/a>&nbsp;<\/strong>voc&ecirc; poder&aacute;&nbsp;ver na &iacute;ntegra essas mudan&ccedil;as!\n<\/p>\n<p style=\"text-align: justify\">\n\tAh, e voc&ecirc; quer saber de mais mudan&ccedil;as, atualiza&ccedil;&otilde;es e dicas sobre concursos na &aacute;rea de enfermagem ?\n<\/p>\n<p style=\"text-align: justify\">\n\t&Eacute; s&oacute; acessar os links, curtir&nbsp;nossa p&aacute;gina no facebook, e &nbsp;acompanhar gratuitamente aul&otilde;es e dicas sobre os C<strong>oncursos Enfermagem 2017.<\/strong>\n<\/p>\n<h3>\n\t<a href=\"http:\/\/www.estrategiaconcursos.com.br\/curso\/pacote-p-concursos-enfermeiro-curso-regular-2017\/\">Pacote completo&nbsp;Curso Regular Enfermeiro 2017&nbsp;<\/a><br \/>\n<\/h3>\n<h3>\n\t<a href=\"https:\/\/www.estrategiaconcursos.com.br\/blog\/cat\/cursos-e-concursos\/concursos-saude\/\">Concursos Sa&uacute;de<\/a>&nbsp;<br \/>\n<\/h3>\n<h3>\n\t<a href=\"http:\/\/saude.estrategiaconcursos.com.br\/gratis\/analise-nutricionista\/\">Aul&otilde;es gratuitos&nbsp;<\/a><br \/>\n<\/h3>\n<h3>\n\tFacebook:&nbsp;<a href=\"https:\/\/www.facebook.com\/Estrategianasaude\/\">@Estrat&eacute;gianaSa&uacute;de&nbsp;<\/a><br \/>\n<\/h3>\n<p>\n\t&nbsp;\n<\/p>\n<p>\n\tEspero voc&ecirc;s!&nbsp;\n<\/p>\n<p>\n\tAbra&ccedil;os!\n<\/p>\n<p>\n\tProf&ordf; Kelly Coelho&nbsp;\n<\/p>\n<p>\n\t&nbsp;<\/p>\n","protected":false},"excerpt":{"rendered":"<p>Uma grande novidade no calend&aacute;rio de imuniza&ccedil;&atilde;o acaba de ser divulgado pelo Minist&eacute;rio da Sa&uacute;de e ir&aacute;&nbsp;fortalece as a&ccedil;&otilde;es de&nbsp;sa&uacute;de da popula&ccedil;&atilde;o masculina, possibilitando a preven&ccedil;&atilde;o da ocorr&ecirc;ncia dos c&acirc;nceres causados pelo v&iacute;rus do HPV. Esse ano os meninos j&aacute; haviam sido inclu&iacute;dos no grupo priorit&aacute;rio para vacina&ccedil;&atilde;o contra o v&iacute;rus do HPV. E a [&hellip;]<\/p>\n","protected":false},"author":441,"featured_media":0,"comment_status":"open","ping_status":"open","sticky":false,"template":"","format":"standard","meta":{"post_tipo":"article","footnotes":""},"categories":[1],"tags":[],"tax_estado":[],"class_list":["post-77448","post","type-post","status-publish","format-standard","hentry","category-cursos-e-concursos"],"acf":[],"yoast_head":"<!-- This site is optimized with the Yoast SEO Premium plugin v27.2 (Yoast SEO v27.2) - https:\/\/yoast.com\/product\/yoast-seo-premium-wordpress\/ -->\n<title>NOVIDADE: AMPLIA\u00c7\u00c3O DA FAIXA ET\u00c1RIA PARA VACINA\u00c7\u00c3O DE MENINOS CONTRA O HPV!<\/title>\n<meta name=\"robots\" content=\"index, follow, max-snippet:-1, max-image-preview:large, max-video-preview:-1\" \/>\n<link rel=\"canonical\" href=\"https:\/\/www.estrategiaconcursos.com.br\/blog\/novidade-ampliacao-da-faixa-etaria-para-vacinacao-de-meninos-contra-o-hpv\/\" \/>\n<meta property=\"og:locale\" content=\"pt_BR\" \/>\n<meta property=\"og:type\" content=\"article\" \/>\n<meta property=\"og:title\" content=\"NOVIDADE: AMPLIA\u00c7\u00c3O DA FAIXA ET\u00c1RIA PARA VACINA\u00c7\u00c3O DE MENINOS CONTRA O HPV!\" \/>\n<meta property=\"og:description\" content=\"Uma grande novidade no calend&aacute;rio de imuniza&ccedil;&atilde;o acaba de ser divulgado pelo Minist&eacute;rio da Sa&uacute;de e ir&aacute;&nbsp;fortalece as a&ccedil;&otilde;es de&nbsp;sa&uacute;de da popula&ccedil;&atilde;o masculina, possibilitando a preven&ccedil;&atilde;o da ocorr&ecirc;ncia dos c&acirc;nceres causados pelo v&iacute;rus do HPV. Esse ano os meninos j&aacute; haviam sido inclu&iacute;dos no grupo priorit&aacute;rio para vacina&ccedil;&atilde;o contra o v&iacute;rus do HPV. E a [&hellip;]\" \/>\n<meta property=\"og:url\" content=\"https:\/\/www.estrategiaconcursos.com.br\/blog\/novidade-ampliacao-da-faixa-etaria-para-vacinacao-de-meninos-contra-o-hpv\/\" \/>\n<meta property=\"og:site_name\" content=\"Estrat\u00e9gia Concursos\" \/>\n<meta property=\"article:published_time\" content=\"2017-06-16T16:17:06+00:00\" \/>\n<meta property=\"article:modified_time\" content=\"2017-06-16T16:19:47+00:00\" \/>\n<meta property=\"og:image\" content=\"http:\/\/res.cloudinary.com\/sweetwaternow-com\/image\/upload\/c_scale,w_700\/v1421190945\/kidvaccine_bwnwcd.jpg\" \/>\n<meta name=\"author\" content=\"Kelly Coelho\" \/>\n<meta name=\"twitter:card\" content=\"summary_large_image\" \/>\n<meta name=\"twitter:creator\" content=\"@EstratConcursos\" \/>\n<meta name=\"twitter:site\" content=\"@EstratConcursos\" \/>\n<meta name=\"twitter:label1\" content=\"Escrito por\" \/>\n\t<meta name=\"twitter:data1\" content=\"Kelly Coelho\" \/>\n\t<meta name=\"twitter:label2\" content=\"Est. tempo de leitura\" \/>\n\t<meta name=\"twitter:data2\" content=\"3 minutos\" \/>\n<script type=\"application\/ld+json\" class=\"yoast-schema-graph\">{\"@context\":\"https:\/\/schema.org\",\"@graph\":[{\"@type\":\"NewsArticle\",\"@id\":\"https:\/\/www.estrategiaconcursos.com.br\/blog\/novidade-ampliacao-da-faixa-etaria-para-vacinacao-de-meninos-contra-o-hpv\/#article\",\"isPartOf\":{\"@id\":\"https:\/\/www.estrategiaconcursos.com.br\/blog\/novidade-ampliacao-da-faixa-etaria-para-vacinacao-de-meninos-contra-o-hpv\/\"},\"author\":{\"name\":\"Kelly Coelho\",\"@id\":\"https:\/\/www.estrategiaconcursos.com.br\/blog\/#\/schema\/person\/a05fd49008130a4e944582e9d6da7c79\"},\"headline\":\"NOVIDADE: AMPLIA\u00c7\u00c3O DA FAIXA ET\u00c1RIA PARA VACINA\u00c7\u00c3O DE MENINOS CONTRA O HPV!\",\"datePublished\":\"2017-06-16T16:17:06+00:00\",\"dateModified\":\"2017-06-16T16:19:47+00:00\",\"mainEntityOfPage\":{\"@id\":\"https:\/\/www.estrategiaconcursos.com.br\/blog\/novidade-ampliacao-da-faixa-etaria-para-vacinacao-de-meninos-contra-o-hpv\/\"},\"wordCount\":525,\"commentCount\":0,\"publisher\":{\"@id\":\"https:\/\/www.estrategiaconcursos.com.br\/blog\/#organization\"},\"image\":{\"@id\":\"https:\/\/www.estrategiaconcursos.com.br\/blog\/novidade-ampliacao-da-faixa-etaria-para-vacinacao-de-meninos-contra-o-hpv\/#primaryimage\"},\"thumbnailUrl\":\"http:\/\/res.cloudinary.com\/sweetwaternow-com\/image\/upload\/c_scale,w_700\/v1421190945\/kidvaccine_bwnwcd.jpg\",\"articleSection\":[\"Concursos P\u00fablicos\"],\"inLanguage\":\"pt-BR\",\"potentialAction\":[{\"@type\":\"CommentAction\",\"name\":\"Comment\",\"target\":[\"https:\/\/www.estrategiaconcursos.com.br\/blog\/novidade-ampliacao-da-faixa-etaria-para-vacinacao-de-meninos-contra-o-hpv\/#respond\"]}],\"copyrightYear\":\"2017\",\"copyrightHolder\":{\"@id\":\"https:\/\/www.estrategiaconcursos.com.br\/blog\/#organization\"}},{\"@type\":\"WebPage\",\"@id\":\"https:\/\/www.estrategiaconcursos.com.br\/blog\/novidade-ampliacao-da-faixa-etaria-para-vacinacao-de-meninos-contra-o-hpv\/\",\"url\":\"https:\/\/www.estrategiaconcursos.com.br\/blog\/novidade-ampliacao-da-faixa-etaria-para-vacinacao-de-meninos-contra-o-hpv\/\",\"name\":\"NOVIDADE: AMPLIA\u00c7\u00c3O DA FAIXA ET\u00c1RIA PARA VACINA\u00c7\u00c3O DE MENINOS CONTRA O HPV!\",\"isPartOf\":{\"@id\":\"https:\/\/www.estrategiaconcursos.com.br\/blog\/#website\"},\"primaryImageOfPage\":{\"@id\":\"https:\/\/www.estrategiaconcursos.com.br\/blog\/novidade-ampliacao-da-faixa-etaria-para-vacinacao-de-meninos-contra-o-hpv\/#primaryimage\"},\"image\":{\"@id\":\"https:\/\/www.estrategiaconcursos.com.br\/blog\/novidade-ampliacao-da-faixa-etaria-para-vacinacao-de-meninos-contra-o-hpv\/#primaryimage\"},\"thumbnailUrl\":\"http:\/\/res.cloudinary.com\/sweetwaternow-com\/image\/upload\/c_scale,w_700\/v1421190945\/kidvaccine_bwnwcd.jpg\",\"datePublished\":\"2017-06-16T16:17:06+00:00\",\"dateModified\":\"2017-06-16T16:19:47+00:00\",\"breadcrumb\":{\"@id\":\"https:\/\/www.estrategiaconcursos.com.br\/blog\/novidade-ampliacao-da-faixa-etaria-para-vacinacao-de-meninos-contra-o-hpv\/#breadcrumb\"},\"inLanguage\":\"pt-BR\",\"potentialAction\":[{\"@type\":\"ReadAction\",\"target\":[\"https:\/\/www.estrategiaconcursos.com.br\/blog\/novidade-ampliacao-da-faixa-etaria-para-vacinacao-de-meninos-contra-o-hpv\/\"]}]},{\"@type\":\"ImageObject\",\"inLanguage\":\"pt-BR\",\"@id\":\"https:\/\/www.estrategiaconcursos.com.br\/blog\/novidade-ampliacao-da-faixa-etaria-para-vacinacao-de-meninos-contra-o-hpv\/#primaryimage\",\"url\":\"http:\/\/res.cloudinary.com\/sweetwaternow-com\/image\/upload\/c_scale,w_700\/v1421190945\/kidvaccine_bwnwcd.jpg\",\"contentUrl\":\"http:\/\/res.cloudinary.com\/sweetwaternow-com\/image\/upload\/c_scale,w_700\/v1421190945\/kidvaccine_bwnwcd.jpg\"},{\"@type\":\"BreadcrumbList\",\"@id\":\"https:\/\/www.estrategiaconcursos.com.br\/blog\/novidade-ampliacao-da-faixa-etaria-para-vacinacao-de-meninos-contra-o-hpv\/#breadcrumb\",\"itemListElement\":[{\"@type\":\"ListItem\",\"position\":1,\"name\":\"In\u00edcio\",\"item\":\"https:\/\/www.estrategiaconcursos.com.br\/blog\/\"},{\"@type\":\"ListItem\",\"position\":2,\"name\":\"NOVIDADE: AMPLIA\u00c7\u00c3O DA FAIXA ET\u00c1RIA PARA VACINA\u00c7\u00c3O DE MENINOS CONTRA O HPV!\"}]},{\"@type\":\"WebSite\",\"@id\":\"https:\/\/www.estrategiaconcursos.com.br\/blog\/#website\",\"url\":\"https:\/\/www.estrategiaconcursos.com.br\/blog\/\",\"name\":\"Estrat\u00e9gia Concursos\",\"description\":\"O blog da Estrat\u00e9gia Concursos traz not\u00edcias sobre concursos e artigos de professores oferecendo cursos para concursos (pdf + videaulas) no site.\",\"publisher\":{\"@id\":\"https:\/\/www.estrategiaconcursos.com.br\/blog\/#organization\"},\"potentialAction\":[{\"@type\":\"SearchAction\",\"target\":{\"@type\":\"EntryPoint\",\"urlTemplate\":\"https:\/\/www.estrategiaconcursos.com.br\/blog\/?s={search_term_string}\"},\"query-input\":{\"@type\":\"PropertyValueSpecification\",\"valueRequired\":true,\"valueName\":\"search_term_string\"}}],\"inLanguage\":\"pt-BR\"},{\"@type\":\"Organization\",\"@id\":\"https:\/\/www.estrategiaconcursos.com.br\/blog\/#organization\",\"name\":\"Estrat\u00e9gia Concursos\",\"url\":\"https:\/\/www.estrategiaconcursos.com.br\/blog\/\",\"logo\":{\"@type\":\"ImageObject\",\"inLanguage\":\"pt-BR\",\"@id\":\"https:\/\/www.estrategiaconcursos.com.br\/blog\/#\/schema\/logo\/image\/\",\"url\":\"https:\/\/dhg1h5j42swfq.cloudfront.net\/2025\/06\/03203428\/logo_concursos-1.jpg\",\"contentUrl\":\"https:\/\/dhg1h5j42swfq.cloudfront.net\/2025\/06\/03203428\/logo_concursos-1.jpg\",\"width\":230,\"height\":60,\"caption\":\"Estrat\u00e9gia Concursos\"},\"image\":{\"@id\":\"https:\/\/www.estrategiaconcursos.com.br\/blog\/#\/schema\/logo\/image\/\"},\"sameAs\":[\"https:\/\/x.com\/EstratConcursos\"]},{\"@type\":\"Person\",\"@id\":\"https:\/\/www.estrategiaconcursos.com.br\/blog\/#\/schema\/person\/a05fd49008130a4e944582e9d6da7c79\",\"name\":\"Kelly Coelho\",\"image\":{\"@type\":\"ImageObject\",\"inLanguage\":\"pt-BR\",\"@id\":\"https:\/\/secure.gravatar.com\/avatar\/81b7e9f72d47807695b1b74f406bdb9ff97c89ad6aab1f79a6c5e3bea7a862e9?s=96&d=mm&r=g\",\"url\":\"https:\/\/secure.gravatar.com\/avatar\/81b7e9f72d47807695b1b74f406bdb9ff97c89ad6aab1f79a6c5e3bea7a862e9?s=96&d=mm&r=g\",\"contentUrl\":\"https:\/\/secure.gravatar.com\/avatar\/81b7e9f72d47807695b1b74f406bdb9ff97c89ad6aab1f79a6c5e3bea7a862e9?s=96&d=mm&r=g\",\"caption\":\"Kelly Coelho\"},\"url\":\"https:\/\/www.estrategiaconcursos.com.br\/blog\/author\/kellycoelho_2hotmail-com\/\"}]}<\/script>\n<!-- \/ Yoast SEO Premium plugin. -->","yoast_head_json":{"title":"NOVIDADE: AMPLIA\u00c7\u00c3O DA FAIXA ET\u00c1RIA PARA VACINA\u00c7\u00c3O DE MENINOS CONTRA O HPV!","robots":{"index":"index","follow":"follow","max-snippet":"max-snippet:-1","max-image-preview":"max-image-preview:large","max-video-preview":"max-video-preview:-1"},"canonical":"https:\/\/www.estrategiaconcursos.com.br\/blog\/novidade-ampliacao-da-faixa-etaria-para-vacinacao-de-meninos-contra-o-hpv\/","og_locale":"pt_BR","og_type":"article","og_title":"NOVIDADE: AMPLIA\u00c7\u00c3O DA FAIXA ET\u00c1RIA PARA VACINA\u00c7\u00c3O DE MENINOS CONTRA O HPV!","og_description":"Uma grande novidade no calend&aacute;rio de imuniza&ccedil;&atilde;o acaba de ser divulgado pelo Minist&eacute;rio da Sa&uacute;de e ir&aacute;&nbsp;fortalece as a&ccedil;&otilde;es de&nbsp;sa&uacute;de da popula&ccedil;&atilde;o masculina, possibilitando a preven&ccedil;&atilde;o da ocorr&ecirc;ncia dos c&acirc;nceres causados pelo v&iacute;rus do HPV. Esse ano os meninos j&aacute; haviam sido inclu&iacute;dos no grupo priorit&aacute;rio para vacina&ccedil;&atilde;o contra o v&iacute;rus do HPV. E a [&hellip;]","og_url":"https:\/\/www.estrategiaconcursos.com.br\/blog\/novidade-ampliacao-da-faixa-etaria-para-vacinacao-de-meninos-contra-o-hpv\/","og_site_name":"Estrat\u00e9gia Concursos","article_published_time":"2017-06-16T16:17:06+00:00","article_modified_time":"2017-06-16T16:19:47+00:00","og_image":[{"url":"http:\/\/res.cloudinary.com\/sweetwaternow-com\/image\/upload\/c_scale,w_700\/v1421190945\/kidvaccine_bwnwcd.jpg","type":"","width":"","height":""}],"author":"Kelly Coelho","twitter_card":"summary_large_image","twitter_creator":"@EstratConcursos","twitter_site":"@EstratConcursos","twitter_misc":{"Escrito por":"Kelly Coelho","Est. tempo de leitura":"3 minutos"},"schema":{"@context":"https:\/\/schema.org","@graph":[{"@type":"NewsArticle","@id":"https:\/\/www.estrategiaconcursos.com.br\/blog\/novidade-ampliacao-da-faixa-etaria-para-vacinacao-de-meninos-contra-o-hpv\/#article","isPartOf":{"@id":"https:\/\/www.estrategiaconcursos.com.br\/blog\/novidade-ampliacao-da-faixa-etaria-para-vacinacao-de-meninos-contra-o-hpv\/"},"author":{"name":"Kelly Coelho","@id":"https:\/\/www.estrategiaconcursos.com.br\/blog\/#\/schema\/person\/a05fd49008130a4e944582e9d6da7c79"},"headline":"NOVIDADE: AMPLIA\u00c7\u00c3O DA FAIXA ET\u00c1RIA PARA VACINA\u00c7\u00c3O DE MENINOS CONTRA O HPV!","datePublished":"2017-06-16T16:17:06+00:00","dateModified":"2017-06-16T16:19:47+00:00","mainEntityOfPage":{"@id":"https:\/\/www.estrategiaconcursos.com.br\/blog\/novidade-ampliacao-da-faixa-etaria-para-vacinacao-de-meninos-contra-o-hpv\/"},"wordCount":525,"commentCount":0,"publisher":{"@id":"https:\/\/www.estrategiaconcursos.com.br\/blog\/#organization"},"image":{"@id":"https:\/\/www.estrategiaconcursos.com.br\/blog\/novidade-ampliacao-da-faixa-etaria-para-vacinacao-de-meninos-contra-o-hpv\/#primaryimage"},"thumbnailUrl":"http:\/\/res.cloudinary.com\/sweetwaternow-com\/image\/upload\/c_scale,w_700\/v1421190945\/kidvaccine_bwnwcd.jpg","articleSection":["Concursos P\u00fablicos"],"inLanguage":"pt-BR","potentialAction":[{"@type":"CommentAction","name":"Comment","target":["https:\/\/www.estrategiaconcursos.com.br\/blog\/novidade-ampliacao-da-faixa-etaria-para-vacinacao-de-meninos-contra-o-hpv\/#respond"]}],"copyrightYear":"2017","copyrightHolder":{"@id":"https:\/\/www.estrategiaconcursos.com.br\/blog\/#organization"}},{"@type":"WebPage","@id":"https:\/\/www.estrategiaconcursos.com.br\/blog\/novidade-ampliacao-da-faixa-etaria-para-vacinacao-de-meninos-contra-o-hpv\/","url":"https:\/\/www.estrategiaconcursos.com.br\/blog\/novidade-ampliacao-da-faixa-etaria-para-vacinacao-de-meninos-contra-o-hpv\/","name":"NOVIDADE: AMPLIA\u00c7\u00c3O DA FAIXA ET\u00c1RIA PARA VACINA\u00c7\u00c3O DE MENINOS CONTRA O HPV!","isPartOf":{"@id":"https:\/\/www.estrategiaconcursos.com.br\/blog\/#website"},"primaryImageOfPage":{"@id":"https:\/\/www.estrategiaconcursos.com.br\/blog\/novidade-ampliacao-da-faixa-etaria-para-vacinacao-de-meninos-contra-o-hpv\/#primaryimage"},"image":{"@id":"https:\/\/www.estrategiaconcursos.com.br\/blog\/novidade-ampliacao-da-faixa-etaria-para-vacinacao-de-meninos-contra-o-hpv\/#primaryimage"},"thumbnailUrl":"http:\/\/res.cloudinary.com\/sweetwaternow-com\/image\/upload\/c_scale,w_700\/v1421190945\/kidvaccine_bwnwcd.jpg","datePublished":"2017-06-16T16:17:06+00:00","dateModified":"2017-06-16T16:19:47+00:00","breadcrumb":{"@id":"https:\/\/www.estrategiaconcursos.com.br\/blog\/novidade-ampliacao-da-faixa-etaria-para-vacinacao-de-meninos-contra-o-hpv\/#breadcrumb"},"inLanguage":"pt-BR","potentialAction":[{"@type":"ReadAction","target":["https:\/\/www.estrategiaconcursos.com.br\/blog\/novidade-ampliacao-da-faixa-etaria-para-vacinacao-de-meninos-contra-o-hpv\/"]}]},{"@type":"ImageObject","inLanguage":"pt-BR","@id":"https:\/\/www.estrategiaconcursos.com.br\/blog\/novidade-ampliacao-da-faixa-etaria-para-vacinacao-de-meninos-contra-o-hpv\/#primaryimage","url":"http:\/\/res.cloudinary.com\/sweetwaternow-com\/image\/upload\/c_scale,w_700\/v1421190945\/kidvaccine_bwnwcd.jpg","contentUrl":"http:\/\/res.cloudinary.com\/sweetwaternow-com\/image\/upload\/c_scale,w_700\/v1421190945\/kidvaccine_bwnwcd.jpg"},{"@type":"BreadcrumbList","@id":"https:\/\/www.estrategiaconcursos.com.br\/blog\/novidade-ampliacao-da-faixa-etaria-para-vacinacao-de-meninos-contra-o-hpv\/#breadcrumb","itemListElement":[{"@type":"ListItem","position":1,"name":"In\u00edcio","item":"https:\/\/www.estrategiaconcursos.com.br\/blog\/"},{"@type":"ListItem","position":2,"name":"NOVIDADE: AMPLIA\u00c7\u00c3O DA FAIXA ET\u00c1RIA PARA VACINA\u00c7\u00c3O DE MENINOS CONTRA O HPV!"}]},{"@type":"WebSite","@id":"https:\/\/www.estrategiaconcursos.com.br\/blog\/#website","url":"https:\/\/www.estrategiaconcursos.com.br\/blog\/","name":"Estrat\u00e9gia Concursos","description":"O blog da Estrat\u00e9gia Concursos traz not\u00edcias sobre concursos e artigos de professores oferecendo cursos para concursos (pdf + videaulas) no site.","publisher":{"@id":"https:\/\/www.estrategiaconcursos.com.br\/blog\/#organization"},"potentialAction":[{"@type":"SearchAction","target":{"@type":"EntryPoint","urlTemplate":"https:\/\/www.estrategiaconcursos.com.br\/blog\/?s={search_term_string}"},"query-input":{"@type":"PropertyValueSpecification","valueRequired":true,"valueName":"search_term_string"}}],"inLanguage":"pt-BR"},{"@type":"Organization","@id":"https:\/\/www.estrategiaconcursos.com.br\/blog\/#organization","name":"Estrat\u00e9gia Concursos","url":"https:\/\/www.estrategiaconcursos.com.br\/blog\/","logo":{"@type":"ImageObject","inLanguage":"pt-BR","@id":"https:\/\/www.estrategiaconcursos.com.br\/blog\/#\/schema\/logo\/image\/","url":"https:\/\/dhg1h5j42swfq.cloudfront.net\/2025\/06\/03203428\/logo_concursos-1.jpg","contentUrl":"https:\/\/dhg1h5j42swfq.cloudfront.net\/2025\/06\/03203428\/logo_concursos-1.jpg","width":230,"height":60,"caption":"Estrat\u00e9gia Concursos"},"image":{"@id":"https:\/\/www.estrategiaconcursos.com.br\/blog\/#\/schema\/logo\/image\/"},"sameAs":["https:\/\/x.com\/EstratConcursos"]},{"@type":"Person","@id":"https:\/\/www.estrategiaconcursos.com.br\/blog\/#\/schema\/person\/a05fd49008130a4e944582e9d6da7c79","name":"Kelly Coelho","image":{"@type":"ImageObject","inLanguage":"pt-BR","@id":"https:\/\/secure.gravatar.com\/avatar\/81b7e9f72d47807695b1b74f406bdb9ff97c89ad6aab1f79a6c5e3bea7a862e9?s=96&d=mm&r=g","url":"https:\/\/secure.gravatar.com\/avatar\/81b7e9f72d47807695b1b74f406bdb9ff97c89ad6aab1f79a6c5e3bea7a862e9?s=96&d=mm&r=g","contentUrl":"https:\/\/secure.gravatar.com\/avatar\/81b7e9f72d47807695b1b74f406bdb9ff97c89ad6aab1f79a6c5e3bea7a862e9?s=96&d=mm&r=g","caption":"Kelly Coelho"},"url":"https:\/\/www.estrategiaconcursos.com.br\/blog\/author\/kellycoelho_2hotmail-com\/"}]}},"_links":{"self":[{"href":"https:\/\/www.estrategiaconcursos.com.br\/blog\/wp-json\/wp\/v2\/posts\/77448","targetHints":{"allow":["GET"]}}],"collection":[{"href":"https:\/\/www.estrategiaconcursos.com.br\/blog\/wp-json\/wp\/v2\/posts"}],"about":[{"href":"https:\/\/www.estrategiaconcursos.com.br\/blog\/wp-json\/wp\/v2\/types\/post"}],"author":[{"embeddable":true,"href":"https:\/\/www.estrategiaconcursos.com.br\/blog\/wp-json\/wp\/v2\/users\/441"}],"replies":[{"embeddable":true,"href":"https:\/\/www.estrategiaconcursos.com.br\/blog\/wp-json\/wp\/v2\/comments?post=77448"}],"version-history":[{"count":8,"href":"https:\/\/www.estrategiaconcursos.com.br\/blog\/wp-json\/wp\/v2\/posts\/77448\/revisions"}],"predecessor-version":[{"id":77899,"href":"https:\/\/www.estrategiaconcursos.com.br\/blog\/wp-json\/wp\/v2\/posts\/77448\/revisions\/77899"}],"wp:attachment":[{"href":"https:\/\/www.estrategiaconcursos.com.br\/blog\/wp-json\/wp\/v2\/media?parent=77448"}],"wp:term":[{"taxonomy":"category","embeddable":true,"href":"https:\/\/www.estrategiaconcursos.com.br\/blog\/wp-json\/wp\/v2\/categories?post=77448"},{"taxonomy":"post_tag","embeddable":true,"href":"https:\/\/www.estrategiaconcursos.com.br\/blog\/wp-json\/wp\/v2\/tags?post=77448"},{"taxonomy":"tax_estado","embeddable":true,"href":"https:\/\/www.estrategiaconcursos.com.br\/blog\/wp-json\/wp\/v2\/tax_estado?post=77448"}],"curies":[{"name":"wp","href":"https:\/\/api.w.org\/{rel}","templated":true}]}}