{"id":772633,"date":"2021-06-21T14:31:24","date_gmt":"2021-06-21T17:31:24","guid":{"rendered":"https:\/\/www.estrategiaconcursos.com.br\/blog\/?p=772633"},"modified":"2021-06-22T09:43:00","modified_gmt":"2021-06-22T12:43:00","slug":"pss-sme-rio-claro","status":"publish","type":"post","link":"https:\/\/www.estrategiaconcursos.com.br\/blog\/pss-sme-rio-claro\/","title":{"rendered":"PSS SME Rio Claro RJ: inscri\u00e7\u00f5es abertas para tempor\u00e1rios!"},"content":{"rendered":"\n<p id=\"block-dd106b22-40a9-4563-8895-01ebb45f11f2\">A Prefeitura de Rio Claro, no Estado do Rio de Janeiro publicou o edital do Processo Seletivo Simplificado para<strong> forma\u00e7\u00e3o de cadastro e contrata\u00e7\u00e3o tempor\u00e1ria de excepcional interesse p\u00fabico<\/strong>. As oportunidades s\u00e3o para os cargos de pedagogo, docente I e II, com especialidades diferentes, e as remunera\u00e7\u00f5es ofertadas variam<strong> entre R$ 1.659,09 e R$ 1.996,54 <\/strong>dependendo do cargo e do n\u00edvel de escolaridade exigido. <\/p>\n\n\n\n<p>A jornada de trabalho variar\u00e1 de 18 a 22 horas semanais e os contratados ir\u00e3o substituir os funcion\u00e1rios efetivos licenciados ou designados pelo Poder Executivo. <\/p>\n\n\n\n<p>As inscri\u00e7\u00f5es ser\u00e3o gratuitas e devem ser realizadas na sede da Secretaria Municipal de Educa\u00e7\u00e3o, localizada na Avenida Jo\u00e3o Batista Portugal, n.\u00ba 223, Centro &#8211; Rio Claro\/RJ, entre \u00e0s 09 horas do dia 21 e \u00e0s 15 horas do dia 22 de junho de 2021. As provas objetivas est\u00e3o previstas para o dia 28 de junho. <\/p>\n\n\n\n<div class=\"col-sm\">\n      <div class=\"banner-estrategia\" id=\"box-assinatura\">\n        <h3 class=\"titulo-assinatura\">Cursos para PSS SME Rio Claro<\/h3>\n        <p class=\"subtitulo-assinatura\">Conhe\u00e7a os cursos<\/p>\n        <div class=\"box-botao\">\n          <a class=\"btn-assinatura\" target=\"_blank\" href=\"https:\/\/www.estrategiaconcursos.com.br\/cursos\/concurso\/\" role=\"button\" rel=\"noopener noreferrer\">Conhe\u00e7a mais<\/a>\n        <\/div>\n      <\/div>\n      <p class=\"texto-auxiliar\">Prepare-se com o melhor material e com quem mais aprova em Concursos P\u00fablicos em todo o pa\u00eds.<\/p>\n    <\/div>\n\n\n\n<ul class=\"wp-block-list\" id=\"block-5d26c204-9b69-47db-96e0-0a158fcefc73\"><li><a href=\"#atual\">Situa\u00e7\u00e3o atual<\/a><ul><li><a href=\"#datas\">Principais datas<\/a><\/li><\/ul><\/li><li><a href=\"#carreira\">Carreira<\/a><ul><li><a href=\"#cargos\">Cargos, vagas e sal\u00e1rios<\/a><\/li><\/ul><\/li><li><a href=\"#etapas\">Etapas do processo<\/a><\/li><li><a href=\"#cursos\">Cursos e Assinaturas<\/a><\/li><li><a href=\"#ficha\">Ficha T\u00e9cnica<\/a><\/li><\/ul>\n\n\n\n<h2 class=\"wp-block-heading\" id=\"atual\">PSS SME Rio Claro: situa\u00e7\u00e3o atual<\/h2>\n\n\n\n<h3 class=\"wp-block-heading\" id=\"datas\">Principais datas<\/h3>\n\n\n\n<ul class=\"has-background wp-block-list\" style=\"background-color:#d1d7db\"><li><strong>Inscri\u00e7\u00f5es: <\/strong>21 a 22\/06\/2021<\/li><li><strong>Provas: <\/strong>28\/06\/2021<\/li><li><strong>Entrevista:<\/strong> 13\/07\/2021<\/li><\/ul>\n\n\n\n<h2 class=\"wp-block-heading\" id=\"carreira\">PSS SME Rio Claro: carreira<\/h2>\n\n\n\n<h3 class=\"wp-block-heading\" id=\"cargos\">Cargos, vagas e sal\u00e1rios<\/h3>\n\n\n\n<figure class=\"wp-block-table is-style-stripes\"><table class=\"has-subtle-pale-green-background-color has-fixed-layout has-background\"><tbody><tr><td class=\"has-text-align-center\" data-align=\"center\"><strong>Cargo<\/strong><\/td><td>Requisitos<\/td><td class=\"has-text-align-center\" data-align=\"center\"><strong>Remunera\u00e7\u00e3o<\/strong><\/td><td class=\"has-text-align-center\" data-align=\"center\"><strong>Carga hor\u00e1ria<\/strong><\/td><\/tr><tr><td class=\"has-text-align-center\" data-align=\"center\">Pedagogo<\/td><td><br \/>Curso de N\u00edvel Superior em Pedagogia e registro no respectivo Conselho de Classe<\/td><td class=\"has-text-align-center\" data-align=\"center\">R$ 1.996,54<\/td><td class=\"has-text-align-center\" data-align=\"center\">20 horas semanais<\/td><\/tr><tr><td class=\"has-text-align-center\" data-align=\"center\">Docente I -AEE para atuar em sala de recursos\/multifuncionais <\/td><td>Curso Normal de N\u00edvel M\u00e9dio ou Curso<br \/>Normal de N\u00edvel Superior ou Curso de Pedagogia com Habilita\u00e7\u00e3o para o Magist\u00e9rio na Educa\u00e7\u00e3o infantil e nos anos iniciais do Ensino Fundamental + curso de p\u00f3s gradua\u00e7\u00e3o a n\u00edvel de especializa\u00e7\u00e3o em Educa\u00e7\u00e3o Especial ou em Atendimento Educacional Especializado, com carga hor\u00e1ria igual ou superior a 360h, e\/ou capacita\u00e7\u00e3o ou forma\u00e7\u00e3o continuada em Atendimento Educacional Especializado, com carga hor\u00e1ria m\u00ednima de 120h.<\/td><td class=\"has-text-align-center\" data-align=\"center\">R$1.659,09<\/td><td class=\"has-text-align-center\" data-align=\"center\">22 horas semanais<\/td><\/tr><tr><td class=\"has-text-align-center\" data-align=\"center\">Docente II &#8211; Ingl\u00eas<\/td><td>Curso de N\u00edvel Superior com Licenciatura Plena na \u00e1rea de atua\u00e7\u00e3o e registro no MEC.<\/td><td class=\"has-text-align-center\" data-align=\"center\">R$1.719,31<\/td><td class=\"has-text-align-center\" data-align=\"center\">18 horas semanais<\/td><\/tr><tr><td class=\"has-text-align-center\" data-align=\"center\">Docente II &#8211; Matem\u00e1tica<\/td><td>Curso de N\u00edvel Superior com Licenciatura Plena na \u00e1rea de atua\u00e7\u00e3o e registro no MEC.<\/td><td class=\"has-text-align-center\" data-align=\"center\">R$1.719,31<\/td><td class=\"has-text-align-center\" data-align=\"center\">18 horas semanais<\/td><\/tr><\/tbody><\/table><\/figure>\n\n\n\n<h2 class=\"wp-block-heading\" id=\"etapas\">Etapas do processo<\/h2>\n\n\n\n<p>O PSS SME Rio Claro ser\u00e1 realizado em duas etapas que constar\u00e3o de:<\/p>\n\n\n\n<ul class=\"wp-block-list\"><li>Uma prova objetiva de m\u00faltipla escolha, contendo 20 quest\u00f5es, de car\u00e1ter eliminat\u00f3rio e classificat\u00f3rio, com valor m\u00e1ximo de 10 pontos; <\/li><li>Uma entrevista para os 20 primeiros colocados, com valor m\u00e1ximo de 5 pontos. <\/li><\/ul>\n\n\n\n<h4 class=\"wp-block-heading\" id=\"h-prova-objetiva\">Prova Objetiva<\/h4>\n\n\n\n<figure class=\"wp-block-table is-style-stripes\"><table class=\"has-subtle-pale-green-background-color has-fixed-layout has-background\"><tbody><tr><td class=\"has-text-align-center\" data-align=\"center\"><strong>Disciplina<\/strong><\/td><td class=\"has-text-align-center\" data-align=\"center\"><strong>N.\u00ba Quest\u00f5es <\/strong><\/td><\/tr><tr><td class=\"has-text-align-center\" data-align=\"center\">L\u00edngua Portuguesa<\/td><td class=\"has-text-align-center\" data-align=\"center\">&nbsp;15<\/td><\/tr><tr><td class=\"has-text-align-center\" data-align=\"center\">Conhecimentos Pedag\u00f3gicos <\/td><td class=\"has-text-align-center\" data-align=\"center\">05<\/td><\/tr><\/tbody><\/table><\/figure>\n\n\n\n<p>Ser\u00e1 aprovado o candidato que obtiver <strong>60% da prova<\/strong>. No caso da empate ser\u00e1 considerado o crit\u00e9rio da maior Idade.<\/p>\n\n\n\n<p>A Comiss\u00e3o T\u00e9cnica composta pela Secretaria Municipal de Educa\u00e7\u00e3o, ser\u00e1 formada por quatro servidores efetivos e um membro do Conselho Municipal de Educa\u00e7\u00e3o, e ser\u00e1 designada por Portaria do Prefeito Municipal de Rio Claro, com a incumb\u00eancia de realizar a sele\u00e7\u00e3o dos profissionais que atendam aos requisitos exigidos.<\/p>\n\n\n\n<h2 class=\"has-text-align-center wp-block-heading\" id=\"cursos\">Quer estudar para o processo seletivo?<\/h2>\n\n\n\n<p class=\"has-text-align-center\">Gostou desta oportunidade e deseja come\u00e7ar se preparar agora mesmo? Ent\u00e3o, confira os nossos cursos e comece a estudar para PSS SME Rio Claro RJ:<\/p>\n\n\n\n<div class=\"col-sm\">\n      <div class=\"banner-estrategia\" id=\"box-assinatura\">\n        <h3 class=\"titulo-assinatura\">Cursos para PSS SME Rio Claro<\/h3>\n        <p class=\"subtitulo-assinatura\">Conhe\u00e7a os cursos<\/p>\n        <div class=\"box-botao\">\n          <a class=\"btn-assinatura\" target=\"_blank\" href=\"https:\/\/www.estrategiaconcursos.com.br\/cursos\/concurso\/\" role=\"button\" rel=\"noopener noreferrer\">Conhe\u00e7a mais<\/a>\n        <\/div>\n      <\/div>\n      <p class=\"texto-auxiliar\">Prepare-se com o melhor material e com quem mais aprova em Concursos P\u00fablicos em todo o pa\u00eds.<\/p>\n    <\/div>\n\n\n\n<div class=\"container\" id=\"boxes\">\n  <div class=\"row\">\n\n    <div class=\"col-sm\">\n      <div class=\"estrategia\" id=\"box-assinatura\">\n        <h3 class=\"titulo-assinatura\">Assinatura Concursos<\/h3>\n        <p class=\"subtitulo-assinatura\">Assinatura de 1 ano ou 2 anos<\/p>\n        <div class=\"box-botao\">\n          <a class=\"btn-assinatura\" target=\"_blank\" href=\"https:\/\/www.estrategiaconcursos.com.br\/assinaturas\/\" role=\"button\" rel=\"noopener noreferrer\">ASSINE AGORA<\/a>\n        <\/div>\n      <\/div>\n     \n    <\/div><\/div><\/div>\n\n\n\n<div class=\"container\" id=\"boxes\">\n  <div class=\"row\">\n\n    <div class=\"col-sm\" id=\"boxes-concursos\">\n      <div style=\"background-color: #005DAD;\" class=\"conteudo-concursos\" id=\"box-concursos\">\n        <h3 class=\"titulo-assinatura\">Concursos Abertos<\/h3>\n        <p class=\"subtitulo-assinatura\">Confira os editais publicados<\/p>\n        <div class=\"box-botao\">\n          <a class=\"btn-assinatura\" target=\"_blank\" href=\"https:\/\/www.estrategiaconcursos.com.br\/blog\/concursos-abertos\/\" role=\"button\" rel=\"noopener noreferrer\">Conhe\u00e7a Agora<\/a>\n        <\/div>\n      <\/div>\n    <\/div>\n\n    <div class=\"col-sm\" id=\"boxes-concursos\">\n      <div style=\"background-color: #1A7ED5;\" class=\"conteudo-concursos\" id=\"box-concursos\">\n        <h3 class=\"titulo-assinatura\">Concursos 2021<\/h3>\n        <p class=\"subtitulo-assinatura\">As oportunidades previstas<\/p>\n        <div class=\"box-botao\">\n          <a class=\"btn-assinatura\" target=\"_blank\" href=\"https:\/\/www.estrategiaconcursos.com.br\/blog\/concursos-2021\/\" role=\"button\" rel=\"noopener noreferrer\">Conhe\u00e7a Agora<\/a>\n        <\/div>\n      <\/div>\n    <\/div>\n\n    <div class=\"col-sm\" id=\"boxes-concursos\">\n      <div style=\"background-color: #419FF0;\" class=\"conteudo-concursos\" id=\"box-concursos\">\n        <h3 class=\"titulo-assinatura\">Concursos 2022<\/h3>\n        <p class=\"subtitulo-assinatura\">Vagas para o pr\u00f3ximo ano<\/p>\n        <div class=\"box-botao\">\n          <a class=\"btn-assinatura\" target=\"_blank\" href=\"https:\/\/www.estrategiaconcursos.com.br\/blog\/concursos-2022\/\" role=\"button\" rel=\"noopener noreferrer\">Conhe\u00e7a Agora<\/a>\n        <\/div>\n      <\/div>\n    <\/div>\n\n  <\/div>\n<\/div>\n\n\n\n<figure class=\"wp-block-image size-large is-resized\"><img loading=\"lazy\" decoding=\"async\" src=\"https:\/\/dhg1h5j42swfq.cloudfront.net\/2021\/04\/05171352\/ficha-tecnica-33-1024x632.png\" alt=\"\" class=\"wp-image-707823\" width=\"140\" height=\"86\" srcset=\"https:\/\/dhg1h5j42swfq.cloudfront.net\/2021\/04\/05171352\/ficha-tecnica-33-1024x632.png 1024w, https:\/\/dhg1h5j42swfq.cloudfront.net\/2021\/04\/05171352\/ficha-tecnica-33-300x185.png 300w, https:\/\/dhg1h5j42swfq.cloudfront.net\/2021\/04\/05171352\/ficha-tecnica-33-768x474.png 768w, https:\/\/dhg1h5j42swfq.cloudfront.net\/2021\/04\/05171352\/ficha-tecnica-33-1536x948.png 1536w, https:\/\/dhg1h5j42swfq.cloudfront.net\/2021\/04\/05171352\/ficha-tecnica-33-610x377.png 610w, https:\/\/dhg1h5j42swfq.cloudfront.net\/2021\/04\/05171352\/ficha-tecnica-33.png 1571w\" sizes=\"auto, (max-width: 140px) 100vw, 140px\" \/><\/figure>\n\n\n\n<h4 class=\"wp-block-heading\" id=\"ficha\">Informa\u00e7\u00f5es do PSS SME Rio Claro <\/h4>\n\n\n\n<p>\u25ba<strong>Data:<\/strong>&nbsp;28 de junho de 2021<br \/>\u25ba<strong>Banca:<\/strong>&nbsp;Munic\u00edpio de Rio Claro <br \/>\u25ba<strong>Vagas:<\/strong> CR<br \/>\u25ba<strong>Cargos:<\/strong> Pedagogo e Docente I e II<br \/>\u25ba<strong>Escolaridade:<\/strong>&nbsp;N\u00edvel M\u00e9dio e Superior<br \/>\u25ba<strong>Edital:<\/strong> <a href=\"https:\/\/dhg1h5j42swfq.cloudfront.net\/2021\/06\/21133738\/edital-concurso-rioclaro-rj-2021-temporarios-educacao.pdf\" target=\"_blank\" rel=\"noreferrer noopener nofollow\">Edital 2021<\/a><\/p>\n","protected":false},"excerpt":{"rendered":"<p>A Prefeitura de Rio Claro, no Estado do Rio de Janeiro publicou o edital do Processo Seletivo Simplificado para forma\u00e7\u00e3o de cadastro e contrata\u00e7\u00e3o tempor\u00e1ria de excepcional interesse p\u00fabico. As oportunidades s\u00e3o para os cargos de pedagogo, docente I e II, com especialidades diferentes, e as remunera\u00e7\u00f5es ofertadas variam entre R$ 1.659,09 e R$ 1.996,54 [&hellip;]<\/p>\n","protected":false},"author":1,"featured_media":772655,"comment_status":"open","ping_status":"closed","sticky":false,"template":"","format":"standard","meta":{"post_tipo":"news_page","footnotes":""},"categories":[3766],"tags":[],"tax_estado":[219982],"class_list":["post-772633","post","type-post","status-publish","format-standard","has-post-thumbnail","hentry","category-educacional","tax_estado-rj"],"acf":[],"yoast_head":"<!-- This site is optimized with the Yoast SEO Premium plugin v27.2 (Yoast SEO v27.2) - https:\/\/yoast.com\/product\/yoast-seo-premium-wordpress\/ -->\n<title>PSS SME Rio Claro RJ: inscri\u00e7\u00f5es abertas para tempor\u00e1rios!<\/title>\n<meta name=\"description\" content=\"Foi publicado o edital do PSS SME Rio Claro, que oferta vagas tempor\u00e1rias para cargos da Secretaria de Educa\u00e7\u00e3o do munic\u00edpio fluminense.\" \/>\n<meta name=\"robots\" content=\"index, follow, max-snippet:-1, max-image-preview:large, max-video-preview:-1\" \/>\n<link rel=\"canonical\" href=\"https:\/\/www.estrategiaconcursos.com.br\/blog\/pss-sme-rio-claro\/\" \/>\n<meta property=\"og:locale\" content=\"pt_BR\" \/>\n<meta property=\"og:type\" content=\"article\" \/>\n<meta property=\"og:title\" content=\"PSS SME Rio Claro RJ: inscri\u00e7\u00f5es abertas para tempor\u00e1rios!\" \/>\n<meta property=\"og:description\" content=\"Foi publicado o edital do PSS SME Rio Claro, que oferta vagas tempor\u00e1rias para cargos da Secretaria de Educa\u00e7\u00e3o do munic\u00edpio fluminense.\" \/>\n<meta property=\"og:url\" content=\"https:\/\/www.estrategiaconcursos.com.br\/blog\/pss-sme-rio-claro\/\" \/>\n<meta property=\"og:site_name\" content=\"Estrat\u00e9gia Concursos\" \/>\n<meta property=\"article:author\" content=\"https:\/\/www.facebook.com\/EstrategiaConcursos\" \/>\n<meta property=\"article:published_time\" content=\"2021-06-21T17:31:24+00:00\" \/>\n<meta property=\"article:modified_time\" content=\"2021-06-22T12:43:00+00:00\" \/>\n<meta property=\"og:image\" content=\"https:\/\/dhg1h5j42swfq.cloudfront.net\/2021\/06\/21132552\/saiu-edital-1.jpg\" \/>\n\t<meta property=\"og:image:width\" content=\"1200\" \/>\n\t<meta property=\"og:image:height\" content=\"628\" \/>\n\t<meta property=\"og:image:type\" content=\"image\/jpeg\" \/>\n<meta name=\"author\" content=\"Coordena\u00e7\u00e3o\" \/>\n<meta name=\"twitter:card\" content=\"summary_large_image\" \/>\n<meta name=\"twitter:creator\" content=\"@EstratConcursos\" \/>\n<meta name=\"twitter:site\" content=\"@EstratConcursos\" \/>\n<meta name=\"twitter:label1\" content=\"Escrito por\" \/>\n\t<meta name=\"twitter:data1\" content=\"Coordena\u00e7\u00e3o\" \/>\n\t<meta name=\"twitter:label2\" content=\"Est. tempo de leitura\" \/>\n\t<meta name=\"twitter:data2\" content=\"3 minutos\" \/>\n<script type=\"application\/ld+json\" class=\"yoast-schema-graph\">{\"@context\":\"https:\/\/schema.org\",\"@graph\":[{\"@type\":\"NewsArticle\",\"@id\":\"https:\/\/www.estrategiaconcursos.com.br\/blog\/pss-sme-rio-claro\/#article\",\"isPartOf\":{\"@id\":\"https:\/\/www.estrategiaconcursos.com.br\/blog\/pss-sme-rio-claro\/\"},\"author\":{\"name\":\"Coordena\u00e7\u00e3o\",\"@id\":\"https:\/\/www.estrategiaconcursos.com.br\/blog\/#\/schema\/person\/b4a388c97673c5f483d72185668afa1f\"},\"headline\":\"PSS SME Rio Claro RJ: inscri\u00e7\u00f5es abertas para tempor\u00e1rios!\",\"datePublished\":\"2021-06-21T17:31:24+00:00\",\"dateModified\":\"2021-06-22T12:43:00+00:00\",\"mainEntityOfPage\":{\"@id\":\"https:\/\/www.estrategiaconcursos.com.br\/blog\/pss-sme-rio-claro\/\"},\"wordCount\":687,\"commentCount\":0,\"publisher\":{\"@id\":\"https:\/\/www.estrategiaconcursos.com.br\/blog\/#organization\"},\"image\":{\"@id\":\"https:\/\/www.estrategiaconcursos.com.br\/blog\/pss-sme-rio-claro\/#primaryimage\"},\"thumbnailUrl\":\"https:\/\/dhg1h5j42swfq.cloudfront.net\/2021\/06\/21132552\/saiu-edital-1.jpg\",\"articleSection\":[\"Educa\u00e7\u00e3o\"],\"inLanguage\":\"pt-BR\",\"potentialAction\":[{\"@type\":\"CommentAction\",\"name\":\"Comment\",\"target\":[\"https:\/\/www.estrategiaconcursos.com.br\/blog\/pss-sme-rio-claro\/#respond\"]}],\"copyrightYear\":\"2021\",\"copyrightHolder\":{\"@id\":\"https:\/\/www.estrategiaconcursos.com.br\/blog\/#organization\"}},{\"@type\":\"WebPage\",\"@id\":\"https:\/\/www.estrategiaconcursos.com.br\/blog\/pss-sme-rio-claro\/\",\"url\":\"https:\/\/www.estrategiaconcursos.com.br\/blog\/pss-sme-rio-claro\/\",\"name\":\"PSS SME Rio Claro RJ: inscri\u00e7\u00f5es abertas para tempor\u00e1rios!\",\"isPartOf\":{\"@id\":\"https:\/\/www.estrategiaconcursos.com.br\/blog\/#website\"},\"primaryImageOfPage\":{\"@id\":\"https:\/\/www.estrategiaconcursos.com.br\/blog\/pss-sme-rio-claro\/#primaryimage\"},\"image\":{\"@id\":\"https:\/\/www.estrategiaconcursos.com.br\/blog\/pss-sme-rio-claro\/#primaryimage\"},\"thumbnailUrl\":\"https:\/\/dhg1h5j42swfq.cloudfront.net\/2021\/06\/21132552\/saiu-edital-1.jpg\",\"datePublished\":\"2021-06-21T17:31:24+00:00\",\"dateModified\":\"2021-06-22T12:43:00+00:00\",\"description\":\"Foi publicado o edital do PSS SME Rio Claro, que oferta vagas tempor\u00e1rias para cargos da Secretaria de Educa\u00e7\u00e3o do munic\u00edpio fluminense.\",\"breadcrumb\":{\"@id\":\"https:\/\/www.estrategiaconcursos.com.br\/blog\/pss-sme-rio-claro\/#breadcrumb\"},\"inLanguage\":\"pt-BR\",\"potentialAction\":[{\"@type\":\"ReadAction\",\"target\":[\"https:\/\/www.estrategiaconcursos.com.br\/blog\/pss-sme-rio-claro\/\"]}]},{\"@type\":\"ImageObject\",\"inLanguage\":\"pt-BR\",\"@id\":\"https:\/\/www.estrategiaconcursos.com.br\/blog\/pss-sme-rio-claro\/#primaryimage\",\"url\":\"https:\/\/dhg1h5j42swfq.cloudfront.net\/2021\/06\/21132552\/saiu-edital-1.jpg\",\"contentUrl\":\"https:\/\/dhg1h5j42swfq.cloudfront.net\/2021\/06\/21132552\/saiu-edital-1.jpg\",\"width\":1200,\"height\":628},{\"@type\":\"BreadcrumbList\",\"@id\":\"https:\/\/www.estrategiaconcursos.com.br\/blog\/pss-sme-rio-claro\/#breadcrumb\",\"itemListElement\":[{\"@type\":\"ListItem\",\"position\":1,\"name\":\"In\u00edcio\",\"item\":\"https:\/\/www.estrategiaconcursos.com.br\/blog\/\"},{\"@type\":\"ListItem\",\"position\":2,\"name\":\"PSS SME Rio Claro RJ: inscri\u00e7\u00f5es abertas para tempor\u00e1rios!\"}]},{\"@type\":\"WebSite\",\"@id\":\"https:\/\/www.estrategiaconcursos.com.br\/blog\/#website\",\"url\":\"https:\/\/www.estrategiaconcursos.com.br\/blog\/\",\"name\":\"Estrat\u00e9gia Concursos\",\"description\":\"O blog da Estrat\u00e9gia Concursos traz not\u00edcias sobre concursos e artigos de professores oferecendo cursos para concursos (pdf + videaulas) no site.\",\"publisher\":{\"@id\":\"https:\/\/www.estrategiaconcursos.com.br\/blog\/#organization\"},\"potentialAction\":[{\"@type\":\"SearchAction\",\"target\":{\"@type\":\"EntryPoint\",\"urlTemplate\":\"https:\/\/www.estrategiaconcursos.com.br\/blog\/?s={search_term_string}\"},\"query-input\":{\"@type\":\"PropertyValueSpecification\",\"valueRequired\":true,\"valueName\":\"search_term_string\"}}],\"inLanguage\":\"pt-BR\"},{\"@type\":\"Organization\",\"@id\":\"https:\/\/www.estrategiaconcursos.com.br\/blog\/#organization\",\"name\":\"Estrat\u00e9gia Concursos\",\"url\":\"https:\/\/www.estrategiaconcursos.com.br\/blog\/\",\"logo\":{\"@type\":\"ImageObject\",\"inLanguage\":\"pt-BR\",\"@id\":\"https:\/\/www.estrategiaconcursos.com.br\/blog\/#\/schema\/logo\/image\/\",\"url\":\"https:\/\/dhg1h5j42swfq.cloudfront.net\/2025\/06\/03203428\/logo_concursos-1.jpg\",\"contentUrl\":\"https:\/\/dhg1h5j42swfq.cloudfront.net\/2025\/06\/03203428\/logo_concursos-1.jpg\",\"width\":230,\"height\":60,\"caption\":\"Estrat\u00e9gia Concursos\"},\"image\":{\"@id\":\"https:\/\/www.estrategiaconcursos.com.br\/blog\/#\/schema\/logo\/image\/\"},\"sameAs\":[\"https:\/\/x.com\/EstratConcursos\"]},{\"@type\":\"Person\",\"@id\":\"https:\/\/www.estrategiaconcursos.com.br\/blog\/#\/schema\/person\/b4a388c97673c5f483d72185668afa1f\",\"name\":\"Coordena\u00e7\u00e3o\",\"image\":{\"@type\":\"ImageObject\",\"inLanguage\":\"pt-BR\",\"@id\":\"https:\/\/secure.gravatar.com\/avatar\/b720319e4c9a967eb58678d110f4fe35452fc5d5f97b202bac7b8acceb18c6ad?s=96&d=mm&r=g\",\"url\":\"https:\/\/secure.gravatar.com\/avatar\/b720319e4c9a967eb58678d110f4fe35452fc5d5f97b202bac7b8acceb18c6ad?s=96&d=mm&r=g\",\"contentUrl\":\"https:\/\/secure.gravatar.com\/avatar\/b720319e4c9a967eb58678d110f4fe35452fc5d5f97b202bac7b8acceb18c6ad?s=96&d=mm&r=g\",\"caption\":\"Coordena\u00e7\u00e3o\"},\"sameAs\":[\"https:\/\/www.facebook.com\/EstrategiaConcursos\",\"https:\/\/x.com\/EstratConcursos\"],\"url\":\"https:\/\/www.estrategiaconcursos.com.br\/blog\/author\/estrategia2013\/\"}]}<\/script>\n<!-- \/ Yoast SEO Premium plugin. -->","yoast_head_json":{"title":"PSS SME Rio Claro RJ: inscri\u00e7\u00f5es abertas para tempor\u00e1rios!","description":"Foi publicado o edital do PSS SME Rio Claro, que oferta vagas tempor\u00e1rias para cargos da Secretaria de Educa\u00e7\u00e3o do munic\u00edpio fluminense.","robots":{"index":"index","follow":"follow","max-snippet":"max-snippet:-1","max-image-preview":"max-image-preview:large","max-video-preview":"max-video-preview:-1"},"canonical":"https:\/\/www.estrategiaconcursos.com.br\/blog\/pss-sme-rio-claro\/","og_locale":"pt_BR","og_type":"article","og_title":"PSS SME Rio Claro RJ: inscri\u00e7\u00f5es abertas para tempor\u00e1rios!","og_description":"Foi publicado o edital do PSS SME Rio Claro, que oferta vagas tempor\u00e1rias para cargos da Secretaria de Educa\u00e7\u00e3o do munic\u00edpio fluminense.","og_url":"https:\/\/www.estrategiaconcursos.com.br\/blog\/pss-sme-rio-claro\/","og_site_name":"Estrat\u00e9gia Concursos","article_author":"https:\/\/www.facebook.com\/EstrategiaConcursos","article_published_time":"2021-06-21T17:31:24+00:00","article_modified_time":"2021-06-22T12:43:00+00:00","og_image":[{"width":1200,"height":628,"url":"https:\/\/dhg1h5j42swfq.cloudfront.net\/2021\/06\/21132552\/saiu-edital-1.jpg","type":"image\/jpeg"}],"author":"Coordena\u00e7\u00e3o","twitter_card":"summary_large_image","twitter_creator":"@EstratConcursos","twitter_site":"@EstratConcursos","twitter_misc":{"Escrito por":"Coordena\u00e7\u00e3o","Est. tempo de leitura":"3 minutos"},"schema":{"@context":"https:\/\/schema.org","@graph":[{"@type":"NewsArticle","@id":"https:\/\/www.estrategiaconcursos.com.br\/blog\/pss-sme-rio-claro\/#article","isPartOf":{"@id":"https:\/\/www.estrategiaconcursos.com.br\/blog\/pss-sme-rio-claro\/"},"author":{"name":"Coordena\u00e7\u00e3o","@id":"https:\/\/www.estrategiaconcursos.com.br\/blog\/#\/schema\/person\/b4a388c97673c5f483d72185668afa1f"},"headline":"PSS SME Rio Claro RJ: inscri\u00e7\u00f5es abertas para tempor\u00e1rios!","datePublished":"2021-06-21T17:31:24+00:00","dateModified":"2021-06-22T12:43:00+00:00","mainEntityOfPage":{"@id":"https:\/\/www.estrategiaconcursos.com.br\/blog\/pss-sme-rio-claro\/"},"wordCount":687,"commentCount":0,"publisher":{"@id":"https:\/\/www.estrategiaconcursos.com.br\/blog\/#organization"},"image":{"@id":"https:\/\/www.estrategiaconcursos.com.br\/blog\/pss-sme-rio-claro\/#primaryimage"},"thumbnailUrl":"https:\/\/dhg1h5j42swfq.cloudfront.net\/2021\/06\/21132552\/saiu-edital-1.jpg","articleSection":["Educa\u00e7\u00e3o"],"inLanguage":"pt-BR","potentialAction":[{"@type":"CommentAction","name":"Comment","target":["https:\/\/www.estrategiaconcursos.com.br\/blog\/pss-sme-rio-claro\/#respond"]}],"copyrightYear":"2021","copyrightHolder":{"@id":"https:\/\/www.estrategiaconcursos.com.br\/blog\/#organization"}},{"@type":"WebPage","@id":"https:\/\/www.estrategiaconcursos.com.br\/blog\/pss-sme-rio-claro\/","url":"https:\/\/www.estrategiaconcursos.com.br\/blog\/pss-sme-rio-claro\/","name":"PSS SME Rio Claro RJ: inscri\u00e7\u00f5es abertas para tempor\u00e1rios!","isPartOf":{"@id":"https:\/\/www.estrategiaconcursos.com.br\/blog\/#website"},"primaryImageOfPage":{"@id":"https:\/\/www.estrategiaconcursos.com.br\/blog\/pss-sme-rio-claro\/#primaryimage"},"image":{"@id":"https:\/\/www.estrategiaconcursos.com.br\/blog\/pss-sme-rio-claro\/#primaryimage"},"thumbnailUrl":"https:\/\/dhg1h5j42swfq.cloudfront.net\/2021\/06\/21132552\/saiu-edital-1.jpg","datePublished":"2021-06-21T17:31:24+00:00","dateModified":"2021-06-22T12:43:00+00:00","description":"Foi publicado o edital do PSS SME Rio Claro, que oferta vagas tempor\u00e1rias para cargos da Secretaria de Educa\u00e7\u00e3o do munic\u00edpio fluminense.","breadcrumb":{"@id":"https:\/\/www.estrategiaconcursos.com.br\/blog\/pss-sme-rio-claro\/#breadcrumb"},"inLanguage":"pt-BR","potentialAction":[{"@type":"ReadAction","target":["https:\/\/www.estrategiaconcursos.com.br\/blog\/pss-sme-rio-claro\/"]}]},{"@type":"ImageObject","inLanguage":"pt-BR","@id":"https:\/\/www.estrategiaconcursos.com.br\/blog\/pss-sme-rio-claro\/#primaryimage","url":"https:\/\/dhg1h5j42swfq.cloudfront.net\/2021\/06\/21132552\/saiu-edital-1.jpg","contentUrl":"https:\/\/dhg1h5j42swfq.cloudfront.net\/2021\/06\/21132552\/saiu-edital-1.jpg","width":1200,"height":628},{"@type":"BreadcrumbList","@id":"https:\/\/www.estrategiaconcursos.com.br\/blog\/pss-sme-rio-claro\/#breadcrumb","itemListElement":[{"@type":"ListItem","position":1,"name":"In\u00edcio","item":"https:\/\/www.estrategiaconcursos.com.br\/blog\/"},{"@type":"ListItem","position":2,"name":"PSS SME Rio Claro RJ: inscri\u00e7\u00f5es abertas para tempor\u00e1rios!"}]},{"@type":"WebSite","@id":"https:\/\/www.estrategiaconcursos.com.br\/blog\/#website","url":"https:\/\/www.estrategiaconcursos.com.br\/blog\/","name":"Estrat\u00e9gia Concursos","description":"O blog da Estrat\u00e9gia Concursos traz not\u00edcias sobre concursos e artigos de professores oferecendo cursos para concursos (pdf + videaulas) no site.","publisher":{"@id":"https:\/\/www.estrategiaconcursos.com.br\/blog\/#organization"},"potentialAction":[{"@type":"SearchAction","target":{"@type":"EntryPoint","urlTemplate":"https:\/\/www.estrategiaconcursos.com.br\/blog\/?s={search_term_string}"},"query-input":{"@type":"PropertyValueSpecification","valueRequired":true,"valueName":"search_term_string"}}],"inLanguage":"pt-BR"},{"@type":"Organization","@id":"https:\/\/www.estrategiaconcursos.com.br\/blog\/#organization","name":"Estrat\u00e9gia Concursos","url":"https:\/\/www.estrategiaconcursos.com.br\/blog\/","logo":{"@type":"ImageObject","inLanguage":"pt-BR","@id":"https:\/\/www.estrategiaconcursos.com.br\/blog\/#\/schema\/logo\/image\/","url":"https:\/\/dhg1h5j42swfq.cloudfront.net\/2025\/06\/03203428\/logo_concursos-1.jpg","contentUrl":"https:\/\/dhg1h5j42swfq.cloudfront.net\/2025\/06\/03203428\/logo_concursos-1.jpg","width":230,"height":60,"caption":"Estrat\u00e9gia Concursos"},"image":{"@id":"https:\/\/www.estrategiaconcursos.com.br\/blog\/#\/schema\/logo\/image\/"},"sameAs":["https:\/\/x.com\/EstratConcursos"]},{"@type":"Person","@id":"https:\/\/www.estrategiaconcursos.com.br\/blog\/#\/schema\/person\/b4a388c97673c5f483d72185668afa1f","name":"Coordena\u00e7\u00e3o","image":{"@type":"ImageObject","inLanguage":"pt-BR","@id":"https:\/\/secure.gravatar.com\/avatar\/b720319e4c9a967eb58678d110f4fe35452fc5d5f97b202bac7b8acceb18c6ad?s=96&d=mm&r=g","url":"https:\/\/secure.gravatar.com\/avatar\/b720319e4c9a967eb58678d110f4fe35452fc5d5f97b202bac7b8acceb18c6ad?s=96&d=mm&r=g","contentUrl":"https:\/\/secure.gravatar.com\/avatar\/b720319e4c9a967eb58678d110f4fe35452fc5d5f97b202bac7b8acceb18c6ad?s=96&d=mm&r=g","caption":"Coordena\u00e7\u00e3o"},"sameAs":["https:\/\/www.facebook.com\/EstrategiaConcursos","https:\/\/x.com\/EstratConcursos"],"url":"https:\/\/www.estrategiaconcursos.com.br\/blog\/author\/estrategia2013\/"}]}},"_links":{"self":[{"href":"https:\/\/www.estrategiaconcursos.com.br\/blog\/wp-json\/wp\/v2\/posts\/772633","targetHints":{"allow":["GET"]}}],"collection":[{"href":"https:\/\/www.estrategiaconcursos.com.br\/blog\/wp-json\/wp\/v2\/posts"}],"about":[{"href":"https:\/\/www.estrategiaconcursos.com.br\/blog\/wp-json\/wp\/v2\/types\/post"}],"author":[{"embeddable":true,"href":"https:\/\/www.estrategiaconcursos.com.br\/blog\/wp-json\/wp\/v2\/users\/1"}],"replies":[{"embeddable":true,"href":"https:\/\/www.estrategiaconcursos.com.br\/blog\/wp-json\/wp\/v2\/comments?post=772633"}],"version-history":[{"count":19,"href":"https:\/\/www.estrategiaconcursos.com.br\/blog\/wp-json\/wp\/v2\/posts\/772633\/revisions"}],"predecessor-version":[{"id":773536,"href":"https:\/\/www.estrategiaconcursos.com.br\/blog\/wp-json\/wp\/v2\/posts\/772633\/revisions\/773536"}],"wp:featuredmedia":[{"embeddable":true,"href":"https:\/\/www.estrategiaconcursos.com.br\/blog\/wp-json\/wp\/v2\/media\/772655"}],"wp:attachment":[{"href":"https:\/\/www.estrategiaconcursos.com.br\/blog\/wp-json\/wp\/v2\/media?parent=772633"}],"wp:term":[{"taxonomy":"category","embeddable":true,"href":"https:\/\/www.estrategiaconcursos.com.br\/blog\/wp-json\/wp\/v2\/categories?post=772633"},{"taxonomy":"post_tag","embeddable":true,"href":"https:\/\/www.estrategiaconcursos.com.br\/blog\/wp-json\/wp\/v2\/tags?post=772633"},{"taxonomy":"tax_estado","embeddable":true,"href":"https:\/\/www.estrategiaconcursos.com.br\/blog\/wp-json\/wp\/v2\/tax_estado?post=772633"}],"curies":[{"name":"wp","href":"https:\/\/api.w.org\/{rel}","templated":true}]}}