{"id":770978,"date":"2022-03-24T11:23:00","date_gmt":"2022-03-24T14:23:00","guid":{"rendered":"https:\/\/www.estrategiaconcursos.com.br\/blog\/?p=770978"},"modified":"2022-03-24T13:33:57","modified_gmt":"2022-03-24T16:33:57","slug":"pss-sme-vitoria-es","status":"publish","type":"post","link":"https:\/\/www.estrategiaconcursos.com.br\/blog\/pss-sme-vitoria-es\/","title":{"rendered":"PSS SME Vit\u00f3ria ES: dispon\u00edvel lista de convoca\u00e7\u00e3o de aprovados"},"content":{"rendered":"\n<p>Foram divulgados no <a href=\"https:\/\/diariooficial.vitoria.es.gov.br\/ExibirArquivo.aspx?qs=nnmrXIDe5L4hR81FZwDXlD95Q%2fWHOCtXgeCw%2fnRIrFMxQA7S5mwuf0RM3mOCPGtiwqKwtsQd8WTWmli6Dukj2R%2fGfGj%2bWbFRf%2f6MATwqnWI%3d\" target=\"_blank\" rel=\"noreferrer noopener\">Di\u00e1rio Oficial<\/a> do Munic\u00edpio de Vit\u00f3ria do dia 23 de mar\u00e7o de 2022 as novas convoca\u00e7\u00f5es de aprovados do processo seletivo simplificado do <strong>concurso PSS SME Vit\u00f3ria<\/strong> (<a href=\"https:\/\/www.estrategiaconcursos.com.br\/cursos\/concurso\/\" target=\"_blank\" rel=\"noreferrer noopener nofollow\">Secret\u00e1rio Municipal de Gest\u00e3o e Planejamento<\/a>). <\/p>\n\n\n\n<p>Os convocados precisam levar os documentos para a <strong>2\u00aaetapa<\/strong> \u2013 da comprova\u00e7\u00e3o das informa\u00e7\u00f5es declaradas e documentos para admiss\u00e3o -, nos dias <strong>28 e 29 de mar\u00e7o de 2022<\/strong>, entre \u00e0s 9h e 17h.<\/p>\n\n\n\n<p>Tamb\u00e9m precisa levar o enquadramento salarial (P\u00f3sgradua\u00e7\u00e3o, Mestrado ou Doutorado), mediante c\u00f3pia simples com original para autentica\u00e7\u00e3o ou j\u00e1 autenticada em cart\u00f3rio, para contrata\u00e7\u00e3o por tempo determinado conforme Lei Municipal n\u00ba 7.534\/2008.<\/p>\n\n\n\n<h2 class=\"has-text-align-center has-pale-cyan-blue-background-color has-background has-medium-font-size wp-block-heading\" id=\"edital-de-convocacoes-aprovados-concurso-pss-sme-vitoria\"><a href=\"https:\/\/dhg1h5j42swfq.cloudfront.net\/2022\/03\/24110024\/pss-sme_-vitoria-1.pdf\" target=\"_blank\" rel=\"noreferrer noopener nofollow\">Edital de convoca\u00e7\u00f5es \u2013 aprovados concurso PSS SME Vit\u00f3ria<\/a><\/h2>\n\n\n\n<ul id=\"block-ee678516-e9d1-48bd-b327-7b9acd55f0fd\" class=\"has-background wp-block-list\" style=\"background-color:#c1cdd6\"><li><strong>PSS SME Vit\u00f3ria<\/strong><\/li><li><strong>Status:<\/strong> candidatos convocados <\/li><li><strong>Banca:&nbsp;<\/strong>FENAZ do Par\u00e1<\/li><li><strong>Vagas:&nbsp;<\/strong>CR<\/li><li><strong style=\"color: initial;\">Sal\u00e1rio inicial:<\/strong><span style=\"color: initial;\">&nbsp;R$ 2.099,41 a R$ 3.695,12<\/span><\/li><li><strong>Edital:<\/strong> <a href=\"https:\/\/dhg1h5j42swfq.cloudfront.net\/2021\/06\/20185241\/1-edital-pmv-es-1.pdf\" target=\"_blank\" rel=\"noreferrer noopener nofollow\">Edital PSS SME II 2021<\/a><\/li><\/ul>\n\n\n\n<p> O processo seletivo simplificado oferta vagas para forma\u00e7\u00e3o de cadastro reserva e contrata\u00e7\u00e3o tempor\u00e1ria para professores de educa\u00e7\u00e3o b\u00e1sica I, II, III e IV, de n\u00edvel superior de escolaridade. <\/p>\n\n\n\n<div class=\"col-sm\">\n      <div class=\"banner-estrategia\" id=\"box-assinatura\">\n        <h3 class=\"titulo-assinatura\">Cursos para PSS SME Vit\u00f3ria ES<\/h3>\n        <p class=\"subtitulo-assinatura\">Conhe\u00e7a os cursos<\/p>\n        <div class=\"box-botao\">\n          <a class=\"btn-assinatura\" target=\"_blank\" href=\"https:\/\/www.estrategiaconcursos.com.br\/cursos\/concurso\/\" role=\"button\" rel=\"noopener noreferrer\">Conhe\u00e7a mais<\/a>\n        <\/div>\n      <\/div>\n      <p class=\"texto-auxiliar\">Prepare-se com o melhor material e com quem mais aprova em Concursos P\u00fablicos em todo o pa\u00eds.<\/p>\n    <\/div>\n\n\n\n<p>O certame contou com aplica\u00e7\u00e3o de provas objetivas que foram realizadas no dia 16 de janeiro de 2022. <\/p>\n\n\n\n<ul class=\"wp-block-list\" id=\"indice\"><li><a href=\"#carreira\"><strong>Carreira<\/strong><\/a><ul><li><a href=\"#requisitos\">Requisitos<\/a><\/li><li><a href=\"#atribuicoes\">Atribui\u00e7\u00f5es<\/a><\/li><li><a href=\"#cargos\">Cargos e vagas<\/a><\/li><li><a href=\"#sal\u00e1rios\">Sal\u00e1rios e benef\u00edcios<\/a><\/li><\/ul><\/li><li><strong><a href=\"#etapas\">Etapas de provas<\/a><\/strong><ul><li><a href=\"#objetiva\">Prova Objetiva<\/a><\/li><\/ul><\/li><li><strong><a href=\"#ultimo\">\u00daltimo processo seletivo<\/a><\/strong><\/li><li><strong><a href=\"#curso\">Cursos e Assinaturas<\/a><\/strong><\/li><li><strong><a href=\"#ficha\">Ficha T\u00e9cnica<\/a><\/strong><\/li><\/ul>\n\n\n\n<h2 class=\"wp-block-heading\" id=\"carreira\">PSS SME Vit\u00f3ria ES: carreira<\/h2>\n\n\n\n<h3 class=\"wp-block-heading\" id=\"requisitos\">Requisitos <\/h3>\n\n\n\n<p><strong>PROFESSOR DE EDUCA\u00c7\u00c3O B\u00c1SICA I<\/strong>: Licenciatura Plena em Pedagogia com Habilita\u00e7\u00e3o em Educa\u00e7\u00e3o Infantil ou Normal Superior com Habilita\u00e7\u00e3o em Educa\u00e7\u00e3o Infantil.<\/p>\n\n\n\n<p><strong>PROFESSOR DE EDUCA\u00c7\u00c3O B\u00c1SICA II:<\/strong> Licenciatura Plena em Pedagogia com Habilita\u00e7\u00e3o para as S\u00e9ries Iniciais do Ensino Fundamental ou Normal Superior com Habilita\u00e7\u00e3o para as S\u00e9ries Iniciais do Ensino Fundamental.<\/p>\n\n\n\n<p><strong>PROFESSOR DE EDUCA\u00c7\u00c3O B\u00c1SICA III<\/strong>: Licenciatura Plena, com habilita\u00e7\u00e3o espec\u00edfica em \u00e1rea pr\u00f3pria de atua\u00e7\u00e3o na Educa\u00e7\u00e3o B\u00e1sica.<\/p>\n\n\n\n<ul class=\"wp-block-list\"><li>Especialidade <strong>Inform\u00e1tica<\/strong>: Licenciatura Plena E Curso(s) espec\u00edfico(s) de forma\u00e7\u00e3o em inform\u00e1tica na \u00e1rea Educacional que totalize(m) carga hor\u00e1ria m\u00ednima de 120 horas.<\/li><\/ul>\n\n\n\n<p><strong>PROFESSOR DE EDUCA\u00c7\u00c3O B\u00c1SICA IV &#8211; PEB IV \u2013 COORDENADOR DE TURNO<\/strong>: <\/p>\n\n\n\n<ul class=\"wp-block-list\"><li>Especialidade <strong>Fun\u00e7\u00e3o Pedag\u00f3gica<\/strong>: Licenciatura Plena em Pedagogia, com habilita\u00e7\u00e3o em Supervis\u00e3o Escolar ou Orienta\u00e7\u00e3o Educacional ou Administra\u00e7\u00e3o Escolar ou Inspe\u00e7\u00e3o Escolar ou Gest\u00e3o Escolar, ou Licenciatura Plena em Pedagogia com especializa\u00e7\u00e3o \u201clato-sensu\u201d em \u201cForma\u00e7\u00e3o de Especialista em Educa\u00e7\u00e3o\u201d ou \u201cSupervis\u00e3o Escolar\u201d ou \u201cOrienta\u00e7\u00e3o Educacional\u201d ou \u201cAdministra\u00e7\u00e3o Escolar\u201d ou \u201cInspe\u00e7\u00e3o Escolar\u201d ou \u201cGest\u00e3o Escolar.<\/li><li>Especialidade <strong>Coordenador de Turno<\/strong>: Licenciatura Plena na \u00e1rea do Magist\u00e9rio<\/li><\/ul>\n\n\n\n<h3 class=\"wp-block-heading\" id=\"atribuicoes\">Atribui\u00e7\u00f5es<\/h3>\n\n\n\n<p><strong>PROFESSOR DE EDUCA\u00c7\u00c3O B\u00c1SICA I<\/strong>: Planejar, ministrar, acompanhar e avaliar, em conson\u00e2ncia com o projeto pol\u00edtico-pedag\u00f3gico, as atividades pedag\u00f3gicas desenvolvidas com alunos do Ensino Infantil e do 1\u00ba ano do ensino fundamental, quando a turma correspondente ao referido ano funcionar em Centros Municipais de Educa\u00e7\u00e3o Infantil, em parceria com os demais profissionais da Unidade de Ensino e comunidade escolar, quando necess\u00e1rio<\/p>\n\n\n\n<p><strong>PROFESSOR DE EDUCA\u00c7\u00c3O B\u00c1SICA II: <\/strong>Planejar, ministrar, acompanhar e avaliar as atividades pedag\u00f3gicas desenvolvidas com alunos, em parceria com os demais profissionais da Unidade de Ensino e comunidade escolar, quando necess\u00e1rio, em conson\u00e2ncia com o projeto pol\u00edtico-pedag\u00f3gico.<\/p>\n\n\n\n<p><strong>PROFESSOR DE EDUCA\u00c7\u00c3O B\u00c1SICA III: <\/strong>Planejar, ministrar, acompanhar e avaliar as atividades pedag\u00f3gicas desenvolvidas com alunos, em parceria com os demais profissionais da Unidade de Ensino e comunidade escolar, quando necess\u00e1rio, em conson\u00e2ncia com o projeto pol\u00edtico-pedag\u00f3gico.<\/p>\n\n\n\n<ul class=\"wp-block-list\"><li>Especialidades <strong>Dinamizador de Artes e de Ed. F\u00edsica<\/strong>: Planejar, ministrar, acompanhar e avaliar as atividades pedag\u00f3gicas desenvolvidas com alunos do Ensino Infantil e do 1\u00ba ano do ensino fundamental, quando a turma correspondente ao referido ano funcionar em Centros Municipais de Educa\u00e7\u00e3o Infantil, em parceria com os demais profissionais da Unidade de Ensino e comunidade escolar, quando necess\u00e1rio, em conson\u00e2ncia com o projeto pol\u00edtico-pedag\u00f3gico.<\/li><\/ul>\n\n\n\n<p> <strong>PROFESSOR DE EDUCA\u00c7\u00c3O B\u00c1SICA IV: <\/strong> <\/p>\n\n\n\n<ul class=\"wp-block-list\"><li>Especialidade <strong>Fun\u00e7\u00e3o Pedag\u00f3gica<\/strong>:  Coordenar a implementa\u00e7\u00e3o de atividades t\u00e9cnico-pedag\u00f3gicas, visando \u00e0 promo\u00e7\u00e3o de melhor qualidade no processo de ensino aprendizagem. Promover, em parceria com os demais profissionais, alunos e comunidade escolar, as atividades pedag\u00f3gicas desenvolvidas em conson\u00e2ncia com o projeto pol\u00edtico pedag\u00f3gico.<\/li><li>Especialidade <strong>Coordenador de Turno<\/strong>: Coordenar t\u00e9cnica e administrativamente as atividades relacionadas com a organiza\u00e7\u00e3o e o funcionamento da Unidade de Ensino. Participar junto aos demais profissionais, alunos e comunidade escolar, das atividades pedag\u00f3gicas desenvolvidas em conson\u00e2ncia com o projeto pol\u00edtico-pedag\u00f3gico.<\/li><\/ul>\n\n\n\n<h3 class=\"wp-block-heading\" id=\"cargos\">Cargos e vagas <\/h3>\n\n\n\n<p>Foram ofertadas vagas para forma\u00e7\u00e3o de cadastro de reserva para os seguintes cargos: <\/p>\n\n\n\n<ul class=\"wp-block-list\"><li>PROFESSOR DE EDUCA\u00c7\u00c3O B\u00c1SICA I \u2013 PEB I \u2013 EDUCA\u00c7\u00c3O INFANTIL; <\/li><li>PROFESSOR DE EDUCA\u00c7\u00c3O B\u00c1SICA II \u2013 PEB II \u2013 ANOS INICIAIS DO ENSINO FUNDAMENTAL; <\/li><li>PROFESSOR DE EDUCA\u00c7\u00c3O B\u00c1SICA III &#8211; PEB III \u2013 CI\u00caNCIAS; <\/li><li>PROFESSOR DE EDUCA\u00c7\u00c3O B\u00c1SICA III &#8211; PEB III \u2013 DINAMIZADOR DE ARTES;<\/li><li>PROFESSOR DE EDUCA\u00c7\u00c3O B\u00c1SICA III &#8211; PEB III \u2013 DINAMIZADOR ED. F\u00cdSICA; <\/li><li>PROFESSOR DE EDUCA\u00c7\u00c3O B\u00c1SICA III &#8211; PEB III &#8211; EDUCA\u00c7\u00c3O ART\u00cdSTICA; <\/li><li>PROFESSOR DE EDUCA\u00c7\u00c3O B\u00c1SICA III &#8211; PEB III &#8211; EDUCA\u00c7\u00c3O F\u00cdSICA; <\/li><li>PROFESSOR DE EDUCA\u00c7\u00c3O B\u00c1SICA III &#8211; PEB III &#8211; GEOGRAFIA<\/li><li>PROFESSOR DE EDUCA\u00c7\u00c3O B\u00c1SICA III &#8211; PEB III &#8211; HIST\u00d3RIA; <\/li><li>PROFESSOR DE EDUCA\u00c7\u00c3O B\u00c1SICA III &#8211; PEB III &#8211; INFORM\u00c1TICA; <\/li><li>PROFESSOR DE EDUCA\u00c7\u00c3O B\u00c1SICA III &#8211; PEB III &#8211; L\u00cdNGUA INGLESA; <\/li><li>PROFESSOR DE EDUCA\u00c7\u00c3O B\u00c1SICA III &#8211; PEB III &#8211; L\u00cdNGUA PORTUGUESA; <\/li><li>PROFESSOR DE EDUCA\u00c7\u00c3O B\u00c1SICA III &#8211; PEB III &#8211; MATEM\u00c1TICA; <\/li><li>PROFESSOR DE EDUCA\u00c7\u00c3O B\u00c1SICA III &#8211; PEB III &#8211; M\u00daSICA; <\/li><li>PROFESSOR DE EDUCA\u00c7\u00c3O B\u00c1SICA IV &#8211; PEB IV \u2013 EM FUN\u00c7\u00c3O PEDAG\u00d3GICA; <\/li><li>PROFESSOR DE EDUCA\u00c7\u00c3O B\u00c1SICA IV &#8211; PEB IV \u2013 COORDENADOR DE TURNO.<\/li><\/ul>\n\n\n\n<h3 class=\"wp-block-heading\" id=\"h-salarios-e-beneficios\">Sal\u00e1rios e benef\u00edcios<\/h3>\n\n\n\n<p>As remunera\u00e7\u00f5es dos cargos variam de acordo com a carga hor\u00e1ria semanal, sendo de:<\/p>\n\n\n\n<ul class=\"wp-block-list\" id=\"block-7abba211-3355-40a3-abc3-c24655b808b8\"><li>R$ 2.099,41 para 25 horas semanais;<\/li><li>R$ 3.359,06 para 30 horas semanais;<\/li><li>R$ 3.695,12 para 44 horas semanais.<\/li><\/ul>\n\n\n\n<h2 class=\"wp-block-heading\" id=\"etapas\">Etapas de provas do PSS SME Vit\u00f3ria ES<\/h2>\n\n\n\n<p id=\"etapas\">O certame foi composto apenas de uma Prova Objetiva, de car\u00e1ter eliminat\u00f3rio e classificat\u00f3rio, para todos os cargos.<\/p>\n\n\n\n<h3 class=\"wp-block-heading\" id=\"etapas\">Prova Objetiva<\/h3>\n\n\n\n<p>A Prova foi aplicada no dia 31 de janeiro de 2022 e constou de 40 quest\u00f5es de m\u00faltipla escolha, equivalentes a 100 pontos, distribu\u00eddos conforme apresentado na tabela abaixo. As quest\u00f5es foram de tipo m\u00faltipla escolha, com 05 op\u00e7\u00f5es (A; B; C; D e E) e uma \u00fanica resposta correta.<\/p>\n\n\n\n<div class=\"wp-block-image\"><figure class=\"aligncenter size-full is-resized\"><img loading=\"lazy\" decoding=\"async\" src=\"https:\/\/dhg1h5j42swfq.cloudfront.net\/2021\/12\/20190304\/image-455.png\" alt=\"prova objetiva do PSS SME Vit\u00f3ria\" class=\"wp-image-933207\" width=\"804\" height=\"555\" srcset=\"https:\/\/dhg1h5j42swfq.cloudfront.net\/2021\/12\/20190304\/image-455.png 735w, https:\/\/dhg1h5j42swfq.cloudfront.net\/2021\/12\/20190304\/image-455-300x207.png 300w, https:\/\/dhg1h5j42swfq.cloudfront.net\/2021\/12\/20190304\/image-455-610x421.png 610w\" sizes=\"auto, (max-width: 804px) 100vw, 804px\" \/><\/figure><\/div>\n\n\n\n<p>Foi considerado desclassificado e eliminado do certame o candidato que atingisse pontua\u00e7\u00e3o total igual ou superior a pontua\u00e7\u00e3o m\u00ednima geral exigida e n\u00e3o atingisse o m\u00ednimo de pontos exigido por disciplina. Da mesma forma, foi desclassificado o candidato que, atingindo o m\u00ednimo de pontos por disciplina, n\u00e3o alcan\u00e7ou o m\u00ednimo de pontos geral exigido.<\/p>\n\n\n\n<h2 class=\"wp-block-heading\" id=\"ultimo\">\u00daltimo PSS SME Vit\u00f3ria ES<\/h2>\n\n\n\n<p id=\"block-dd106b22-40a9-4563-8895-01ebb45f11f2\">Em junho de 2021, a Prefeitura de Vit\u00f3ria, publicou o edital do Processo Seletivo Simplificado com oferta de <strong>01 vagas direta mais forma\u00e7\u00e3o de cadastro de reserva<\/strong> <strong>para Professor da Educa\u00e7\u00e3o B\u00e1sica <\/strong>(PSS SME Vit\u00f3ria ES). As oportunidades foram para contrata\u00e7\u00e3o tempor\u00e1ria e as remunera\u00e7\u00f5es ofertadas variaram<strong> entre R$2.099,41 e R$2.792,88<\/strong>, dependendo dos t\u00edtulos de cada candidato. <\/p>\n\n\n\n<p>Para concorrer aos cargos, os interessados deveriam possuir licenciatura plena em Pedagogia ou normal superior, com habilita\u00e7\u00e3o em Educa\u00e7\u00e3o Infantil. A jornada de trabalho ser\u00e1 de 25 horas e os contratados ir\u00e3o suprir as vagas que surgiram por afastamentos de profissionais efetivos.<\/p>\n\n\n\n<p>A&nbsp;<strong>sele\u00e7\u00e3o foi feita por an\u00e1lise de t\u00edtulos e curr\u00edculo<\/strong>. O prazo de validade do Processo Seletivo foi de 6 meses ano, a contar da publica\u00e7\u00e3o da sua homologa\u00e7\u00e3o, podendo ser prorrogado, uma \u00fanica vez, por igual per\u00edodo. N\u00e3o houve cobran\u00e7a de taxa de inscri\u00e7\u00e3o para a sele\u00e7\u00e3o.<\/p>\n\n\n\n<h3 class=\"wp-block-heading\" id=\"requisitos-e-atribuicoes\">Requisitos e Atribui\u00e7\u00f5es <\/h3>\n\n\n\n<p><strong>Requisitos:<\/strong> Licenciatura Plena em Pedagogia com habilita\u00e7\u00e3o em Educa\u00e7\u00e3o Infantil OU Normal Superior com habilita\u00e7\u00e3o em Educa\u00e7\u00e3o Infantil.<\/p>\n\n\n\n<p><strong>Atribui\u00e7\u00f5es:<\/strong> Planejar, ministrar, acompanhar e avaliar, em conson\u00e2ncia com o projeto pol\u00edtico-pedag\u00f3gico,<br \/>as atividades pedag\u00f3gicas desenvolvidas com alunos do Ensino Infantil e do 1\u00ba ano do Ensino<br \/>Fundamental, quando a turma correspondente ao referido ano funcionar em Centros Municipais de<br \/>Educa\u00e7\u00e3o Infantil, em parceria com os demais profissionais da Unidade de Ensino e comunidade<br \/>escolar, quando necess\u00e1rio.<\/p>\n\n\n\n<h3 class=\"wp-block-heading\" id=\"cargos-vagas-e-salarios\">Cargos, vagas e sal\u00e1rios<\/h3>\n\n\n\n<figure class=\"wp-block-table is-style-stripes\"><table class=\"has-background has-fixed-layout\" style=\"background-color:#e9fbe5\"><tbody><tr><td class=\"has-text-align-center\" data-align=\"center\"><strong>Cargo<\/strong><\/td><td class=\"has-text-align-center\" data-align=\"center\"><strong>Vagas <\/strong><\/td><td class=\"has-text-align-center\" data-align=\"center\"><strong>Carga hor\u00e1ria<\/strong><\/td><\/tr><tr><td class=\"has-text-align-center\" data-align=\"center\">Professor de<br \/>Educa\u00e7\u00e3o<br \/>Infantil<\/td><td class=\"has-text-align-center\" data-align=\"center\">01 +CR<\/td><td class=\"has-text-align-center\" data-align=\"center\">25 horas semanais<\/td><\/tr><\/tbody><\/table><\/figure>\n\n\n\n<h3 class=\"wp-block-heading\" id=\"h-enquadramento-salarial\">Enquadramento Salarial<\/h3>\n\n\n\n<figure class=\"wp-block-table is-style-stripes\"><table class=\"has-background has-fixed-layout\" style=\"background-color:#e9fbe5\"><tbody><tr><td class=\"has-text-align-center\" data-align=\"center\"><strong>Titula\u00e7\u00e3o<\/strong><\/td><td class=\"has-text-align-center\" data-align=\"center\"><strong>Vencimentos (25 horas semanais)<\/strong><\/td><\/tr><tr><td class=\"has-text-align-center\" data-align=\"center\">Espec\u00edfica de grau superior, obtida em curso de gradua\u00e7\u00e3o em Licenciatura Plena, com data de<br \/>Cola\u00e7\u00e3o de Grau.<\/td><td class=\"has-text-align-center\" data-align=\"center\">&nbsp;R$2.099,41<\/td><\/tr><tr><td class=\"has-text-align-center\" data-align=\"center\">Espec\u00edfica de grau superior, com gradua\u00e7\u00e3o em Licenciatura Plena e p\u00f3s-gradua\u00e7\u00e3o na \u00e1rea de<br \/>educa\u00e7\u00e3o, obtida em Curso de Especializa\u00e7\u00e3o.<\/td><td class=\"has-text-align-center\" data-align=\"center\">R$2.308,62<\/td><\/tr><tr><td class=\"has-text-align-center\" data-align=\"center\">Espec\u00edfica de grau superior, com gradua\u00e7\u00e3o em Licenciatura Plena e Curso completo de Mestrado em<br \/>Educa\u00e7\u00e3o, com defesa e aprova\u00e7\u00e3o de disserta\u00e7\u00e3o.<\/td><td class=\"has-text-align-center\" data-align=\"center\">R$2.539,78&nbsp;<\/td><\/tr><tr><td class=\"has-text-align-center\" data-align=\"center\">Espec\u00edfica de grau superior, com gradua\u00e7\u00e3o em Licenciatura Plena e Curso completo de Doutorado<br \/>em Educa\u00e7\u00e3o com defesa e aprova\u00e7\u00e3o de tese.<\/td><td class=\"has-text-align-center\" data-align=\"center\">R$2.792,88<\/td><\/tr><\/tbody><\/table><\/figure>\n\n\n\n<h3 class=\"wp-block-heading\" id=\"pontuacoes\">Pontua\u00e7\u00f5es<\/h3>\n\n\n\n<p>Foram considerados para fins de pontua\u00e7\u00e3o e classifica\u00e7\u00e3o do candidato na listagem final deste Processo Seletivo o seu EXERC\u00cdCIO PROFISSIONAL e a sua QUALIFICA\u00c7\u00c3O PROFISSIONAL, considerando as exig\u00eancias abaixo:<br \/><br \/>a) EXERC\u00cdCIO PROFISSIONAL: experi\u00eancia estritamente em Reg\u00eancia de Classe, a partir de 01 de janeiro de 2016 e<br \/>ap\u00f3s a conclus\u00e3o do curso exigido no REQUISITO.<br \/>b) QUALIFICA\u00c7\u00c3O PROFISSIONAL: comprova\u00e7\u00e3o de conclus\u00e3o de cursos de P\u00f3s-Gradua\u00e7\u00e3o Lato Sensu (Especializa\u00e7\u00e3o), P\u00f3s-Gradua\u00e7\u00e3o Stricto Sensu (Mestrado e Doutorado).<\/p>\n\n\n\n<h3 class=\"wp-block-heading\" id=\"h-comprovacao-de-exercicio-profissional\">Comprova\u00e7\u00e3o de Exerc\u00edcio Profissional<\/h3>\n\n\n\n<figure class=\"wp-block-table is-style-stripes\"><table class=\"has-background has-fixed-layout\" style=\"background-color:#e7f5fe\"><tbody><tr><td class=\"has-text-align-right\" data-align=\"right\"><strong>Atividade Prestada<\/strong><\/td><td class=\"has-text-align-center\" data-align=\"center\"><strong>Comprova\u00e7\u00e3o<\/strong><\/td><td class=\"has-text-align-center\" data-align=\"center\"><strong>Valor de cada T\u00edtulo<\/strong><\/td><td class=\"has-text-align-center\" data-align=\"center\"><strong>Pontua\u00e7\u00e3o M\u00e1xima<\/strong><\/td><\/tr><tr><td class=\"has-text-align-right\" data-align=\"right\">Em \u00d3rg\u00e3o P\u00fablico<\/td><td class=\"has-text-align-center\" data-align=\"center\">Documento expedido pelo Poder Federal, Estadual ou Municipal, conforme o \u00e2mbito da presta\u00e7\u00e3o da<br \/>atividade, em papel timbrado, com<br \/>carimbo do \u00f3rg\u00e3o expedidor, datado e<br \/>assinado pelo Departamento de Pessoal\/<br \/>Recursos Humanos.<\/td><td class=\"has-text-align-center\" data-align=\"center\">0.5 ponto por m\u00eas<br \/>completo <\/td><td class=\"has-text-align-center\" data-align=\"center\">at\u00e9 o limite de 60 meses, a partir de<br \/>01 de janeiro de 2016<\/td><\/tr><tr><td class=\"has-text-align-right\" data-align=\"right\">Em Empresa Privada<\/td><td class=\"has-text-align-center\" data-align=\"center\">Carteira de trabalho contendo as p\u00e1ginas<br \/>de identifica\u00e7\u00e3o (foto e dados pessoais\/ qualifica\u00e7\u00e3o civil) E o registro do contrato de trabalho.<\/td><td class=\"has-text-align-center\" data-align=\"center\">0.5 ponto por m\u00eas<br \/>completo<\/td><td class=\"has-text-align-center\" data-align=\"center\">at\u00e9 o limite de 60 meses, a partir de<br \/>01 de janeiro de 2016<\/td><\/tr><tr><td class=\"has-text-align-right\" data-align=\"right\">Como<br \/>prestador de<br \/>servi\u00e7os<br \/>e\/ou aut\u00f4nomo<\/td><td class=\"has-text-align-center\" data-align=\"center\">Contrato de presta\u00e7\u00e3o de servi\u00e7os E declara\u00e7\u00e3o da empresa ou do setor<br \/>onde atua\/atuou, em papel timbrado ou com carimbo de CNPJ, data e assinatura do respons\u00e1vel pela emiss\u00e3o da declara\u00e7\u00e3o, comprovando efetivo<br \/>per\u00edodo de atua\u00e7\u00e3o no cargo.<\/td><td class=\"has-text-align-center\" data-align=\"center\">0.5 ponto por m\u00eas<br \/>completo<\/td><td class=\"has-text-align-center\" data-align=\"center\">at\u00e9 o limite de 60 meses, a partir de<br \/>01 de janeiro de 2016<\/td><\/tr><\/tbody><\/table><\/figure>\n\n\n\n<h3 class=\"wp-block-heading\" id=\"h-comprovacao-de-qualificacao-profissional\">Comprova\u00e7\u00e3o de Qualifica\u00e7\u00e3o Profissional<\/h3>\n\n\n\n<figure class=\"wp-block-table is-style-stripes\"><table class=\"has-background has-fixed-layout\" style=\"background-color:#e7f5fe\"><tbody><tr><td class=\"has-text-align-center\" data-align=\"center\"><strong>T\u00edtulo<\/strong><\/td><td class=\"has-text-align-center\" data-align=\"center\"><strong>Comprova\u00e7\u00e3o<\/strong><\/td><td class=\"has-text-align-center\" data-align=\"center\"><strong>Pontua\u00e7\u00e3o M\u00e1xima<\/strong><\/td><\/tr><tr><td class=\"has-text-align-center\" data-align=\"center\">P\u00f3s-Gradua\u00e7\u00e3o Lato Sensu &#8211; Especializa\u00e7\u00e3o<\/td><td class=\"has-text-align-center\" data-align=\"center\">Certificado de P\u00f3s-Gradua\u00e7\u00e3o Lato Sensu (Especializa\u00e7\u00e3o)<br \/>com data anterior a gradua\u00e7\u00e3o exigida como requisito do cargo,<br \/>dever\u00e1 ser apresentado acompanhado do Diploma da primeira gradua\u00e7\u00e3o.<\/td><td class=\"has-text-align-center\" data-align=\"center\">10 pontos<\/td><\/tr><tr><td class=\"has-text-align-center\" data-align=\"center\">P\u00f3s-Gradua\u00e7\u00e3o Stricto Sensu &#8211; Mestrado<\/td><td class=\"has-text-align-center\" data-align=\"center\">Diploma no qual conste \u00e0 comprova\u00e7\u00e3o da defesa e aprova\u00e7\u00e3o<br \/>da disserta\u00e7\u00e3o\/tese.<\/td><td class=\"has-text-align-center\" data-align=\"center\">20 pontos<\/td><\/tr><tr><td class=\"has-text-align-center\" data-align=\"center\">P\u00f3s-Gradua\u00e7\u00e3o Stricto Sensu &#8211; Doutorado<\/td><td class=\"has-text-align-center\" data-align=\"center\">Diploma no qual conste \u00e0 comprova\u00e7\u00e3o da defesa e aprova\u00e7\u00e3o<br \/>da disserta\u00e7\u00e3o\/tese.<\/td><td class=\"has-text-align-center\" data-align=\"center\">30 pontos<\/td><\/tr><\/tbody><\/table><\/figure>\n\n\n\n<p>O Resultado Final deste Processo Seletivo Simplificado seria aferido pelo somat\u00f3rio dos pontos obtidos no Exerc\u00edcio Profissional e Qualifica\u00e7\u00e3o Profissional. A listagem de classifica\u00e7\u00e3o dos candidatos aprovados dar-se-ia na ordem decrescente do total de pontos obtidos.<\/p>\n\n\n\n<p>A convoca\u00e7\u00e3o dos candidatos classificados neste Processo Seletivo obedeceu a ordem de classifica\u00e7\u00e3o do Resultado Final e foi efetuada em Edital pr\u00f3prio, publicado no Di\u00e1rio Oficial do Munic\u00edpio, de acordo com a classifica\u00e7\u00e3o decrescente de pontua\u00e7\u00e3o dos candidatos.<\/p>\n\n\n\n<p>Caso tivesse empate na totaliza\u00e7\u00e3o dos pontos, o crit\u00e9rio de desempate a ser utilizado seria:  QUALIFICA\u00c7\u00c3O<br \/>PROFISSIONAL, seguido por MAIOR IDADE.<\/p>\n\n\n\n<h2 class=\"has-text-align-center wp-block-heading\" id=\"h-quer-saber-tudo-sobre-concursos-previstos-confira-nossos-artigos\">Quer saber tudo sobre concursos previstos?<br \/>Confira nossos artigos!<\/h2>\n\n\n\n<ul class=\"wp-block-list\"><li><a href=\"https:\/\/www.estrategiaconcursos.com.br\/blog\/concursos-abertos\/\" target=\"_blank\" rel=\"noreferrer noopener\">Concursos abertos<\/a><\/li><li><a href=\"https:\/\/www.estrategiaconcursos.com.br\/blog\/concursos-2022\/\" target=\"_blank\" rel=\"noreferrer noopener\">Concursos 2022<\/a><\/li><\/ul>\n\n\n\n<h2 class=\"has-text-align-center wp-block-heading\" id=\"curso\">Quer estudar para o processo seletivo?<\/h2>\n\n\n\n<p class=\"has-text-align-center\">Gostou desta oportunidade e deseja come\u00e7ar se preparar agora mesmo? Ent\u00e3o, confira os nossos cursos e comece a estudar para PSS SME Vit\u00f3ria ES:<\/p>\n\n\n\n<div class=\"col-sm\">\n      <div class=\"banner-estrategia\" id=\"box-assinatura\">\n        <h3 class=\"titulo-assinatura\">Cursos para PSS SME Vit\u00f3ria ES<\/h3>\n        <p class=\"subtitulo-assinatura\">Conhe\u00e7a os cursos<\/p>\n        <div class=\"box-botao\">\n          <a class=\"btn-assinatura\" target=\"_blank\" href=\"https:\/\/www.estrategiaconcursos.com.br\/cursos\/concurso\/\" role=\"button\" rel=\"noopener noreferrer\">Conhe\u00e7a mais<\/a>\n        <\/div>\n      <\/div>\n      <p class=\"texto-auxiliar\">Prepare-se com o melhor material e com quem mais aprova em Concursos P\u00fablicos em todo o pa\u00eds.<\/p>\n    <\/div>\n\n\n\n<div class=\"container\" id=\"boxes\">\n  <div class=\"row\">\n\n    <div class=\"col-sm\">\n      <div class=\"estrategia\" id=\"box-assinatura\">\n        <h3 class=\"titulo-assinatura\">Assinatura Concursos<\/h3>\n        <p class=\"subtitulo-assinatura\">Assinatura de 1 ano ou 2 anos<\/p>\n        <div class=\"box-botao\">\n          <a class=\"btn-assinatura\" target=\"_blank\" href=\"https:\/\/www.estrategiaconcursos.com.br\/assinaturas\/\" role=\"button\" rel=\"noopener noreferrer\">ASSINE AGORA<\/a>\n        <\/div>\n      <\/div>\n     \n    <\/div><\/div><\/div>\n\n\n\n<figure class=\"wp-block-image size-large is-resized\"><img loading=\"lazy\" decoding=\"async\" src=\"https:\/\/dhg1h5j42swfq.cloudfront.net\/2021\/04\/05171352\/ficha-tecnica-33-1024x632.png\" alt=\"\" class=\"wp-image-707823\" width=\"140\" height=\"86\" srcset=\"https:\/\/dhg1h5j42swfq.cloudfront.net\/2021\/04\/05171352\/ficha-tecnica-33-1024x632.png 1024w, https:\/\/dhg1h5j42swfq.cloudfront.net\/2021\/04\/05171352\/ficha-tecnica-33-300x185.png 300w, https:\/\/dhg1h5j42swfq.cloudfront.net\/2021\/04\/05171352\/ficha-tecnica-33-768x474.png 768w, https:\/\/dhg1h5j42swfq.cloudfront.net\/2021\/04\/05171352\/ficha-tecnica-33-1536x948.png 1536w, https:\/\/dhg1h5j42swfq.cloudfront.net\/2021\/04\/05171352\/ficha-tecnica-33-610x377.png 610w, https:\/\/dhg1h5j42swfq.cloudfront.net\/2021\/04\/05171352\/ficha-tecnica-33.png 1571w\" sizes=\"auto, (max-width: 140px) 100vw, 140px\" \/><\/figure>\n\n\n\n<h4 class=\"wp-block-heading\" id=\"ficha\">Informa\u00e7\u00f5es do PSS SME Vit\u00f3ria ES<\/h4>\n\n\n\n<p>\u25ba<strong>Data:<\/strong>&nbsp;16\/01\/2022<br \/>\u25ba<strong>Banca:<\/strong>&nbsp;<span style=\"font-size: revert; color: initial;\">FENAZ do Par\u00e1<\/span> <br \/>\u25ba<strong>Vagas:<\/strong> CR<br \/>\u25ba<strong>Escolaridade:<\/strong>&nbsp;n\u00edvel superior <br \/>\u25ba<strong>Edital: <a style=\"font-size: revert; background-color: rgb(255, 255, 255);\" href=\"https:\/\/dhg1h5j42swfq.cloudfront.net\/2021\/06\/20185241\/1-edital-pmv-es-1.pdf\" target=\"_blank\" rel=\"noreferrer noopener\">Edital PSS SME II 2021<\/a><\/strong>\/<a href=\"https:\/\/dhg1h5j42swfq.cloudfront.net\/2021\/06\/20185558\/2-cronograma-pmv-es-atualizado1-1.pdf\" target=\"_blank\" rel=\"noreferrer noopener nofollow\"><strong>Novo cronograma<\/strong><\/a> <\/p>\n\n\n\n<h4 class=\"wp-block-heading\" id=\"ficha\">Informa\u00e7\u00f5es do \u00faltimo PSS SME Vit\u00f3ria ES<\/h4>\n\n\n\n<p>\u25ba<strong>Banca:<\/strong>&nbsp;Munic\u00edpio de Vit\u00f3ria<br \/>\u25ba<strong>Vagas:<\/strong> 01 + CR<br \/>\u25ba<strong>Escolaridade:<\/strong>&nbsp;n\u00edvel superior <br \/>\u25ba<strong>Edital:<\/strong> <a href=\"https:\/\/dhg1h5j42swfq.cloudfront.net\/2021\/06\/18161905\/edital_pss_vitoria_es_2021.pdf\" target=\"_blank\" rel=\"noreferrer noopener nofollow\">Edital PSS SME I 2021<\/a><\/p>\n","protected":false},"excerpt":{"rendered":"<p>Foram divulgados no Di\u00e1rio Oficial do Munic\u00edpio de Vit\u00f3ria do dia 23 de mar\u00e7o de 2022 as novas convoca\u00e7\u00f5es de aprovados do processo seletivo simplificado do concurso PSS SME Vit\u00f3ria (Secret\u00e1rio Municipal de Gest\u00e3o e Planejamento). Os convocados precisam levar os documentos para a 2\u00aaetapa \u2013 da comprova\u00e7\u00e3o das informa\u00e7\u00f5es declaradas e documentos para admiss\u00e3o [&hellip;]<\/p>\n","protected":false},"author":1,"featured_media":770993,"comment_status":"open","ping_status":"closed","sticky":false,"template":"","format":"standard","meta":{"post_tipo":"news_page","footnotes":""},"categories":[3766],"tags":[],"tax_estado":[219971],"class_list":["post-770978","post","type-post","status-publish","format-standard","has-post-thumbnail","hentry","category-educacional","tax_estado-es"],"acf":[],"yoast_head":"<!-- This site is optimized with the Yoast SEO Premium plugin v27.2 (Yoast SEO v27.2) - https:\/\/yoast.com\/product\/yoast-seo-premium-wordpress\/ -->\n<title>PSS SME Vit\u00f3ria ES: dispon\u00edvel lista de convoca\u00e7\u00e3o de aprovados<\/title>\n<meta name=\"description\" content=\"PSS SME Vit\u00f3ria ES: lista de aprovados publicada! Sele\u00e7\u00e3o oferta vagas tempor\u00e1rias para a Secretaria de Educa\u00e7\u00e3o do Munic\u00edpio. Saiba mais!\" \/>\n<meta name=\"robots\" content=\"index, follow, max-snippet:-1, max-image-preview:large, max-video-preview:-1\" \/>\n<link rel=\"canonical\" href=\"https:\/\/www.estrategiaconcursos.com.br\/blog\/pss-sme-vitoria-es\/\" \/>\n<meta property=\"og:locale\" content=\"pt_BR\" \/>\n<meta property=\"og:type\" content=\"article\" \/>\n<meta property=\"og:title\" content=\"PSS SME Vit\u00f3ria ES: dispon\u00edvel lista de convoca\u00e7\u00e3o de aprovados\" \/>\n<meta property=\"og:description\" content=\"PSS SME Vit\u00f3ria ES: lista de aprovados publicada! Sele\u00e7\u00e3o oferta vagas tempor\u00e1rias para a Secretaria de Educa\u00e7\u00e3o do Munic\u00edpio. Saiba mais!\" \/>\n<meta property=\"og:url\" content=\"https:\/\/www.estrategiaconcursos.com.br\/blog\/pss-sme-vitoria-es\/\" \/>\n<meta property=\"og:site_name\" content=\"Estrat\u00e9gia Concursos\" \/>\n<meta property=\"article:author\" content=\"https:\/\/www.facebook.com\/EstrategiaConcursos\" \/>\n<meta property=\"article:published_time\" content=\"2022-03-24T14:23:00+00:00\" \/>\n<meta property=\"article:modified_time\" content=\"2022-03-24T16:33:57+00:00\" \/>\n<meta property=\"og:image\" content=\"https:\/\/dhg1h5j42swfq.cloudfront.net\/2021\/06\/18160530\/logo_pmv_twitter.png\" \/>\n\t<meta property=\"og:image:width\" content=\"300\" \/>\n\t<meta property=\"og:image:height\" content=\"160\" \/>\n\t<meta property=\"og:image:type\" content=\"image\/png\" \/>\n<meta name=\"author\" content=\"Coordena\u00e7\u00e3o\" \/>\n<meta name=\"twitter:card\" content=\"summary_large_image\" \/>\n<meta name=\"twitter:creator\" content=\"@EstratConcursos\" \/>\n<meta name=\"twitter:site\" content=\"@EstratConcursos\" \/>\n<meta name=\"twitter:label1\" content=\"Escrito por\" \/>\n\t<meta name=\"twitter:data1\" content=\"Coordena\u00e7\u00e3o\" \/>\n\t<meta name=\"twitter:label2\" content=\"Est. tempo de leitura\" \/>\n\t<meta name=\"twitter:data2\" content=\"11 minutos\" \/>\n<script type=\"application\/ld+json\" class=\"yoast-schema-graph\">{\"@context\":\"https:\/\/schema.org\",\"@graph\":[{\"@type\":\"NewsArticle\",\"@id\":\"https:\/\/www.estrategiaconcursos.com.br\/blog\/pss-sme-vitoria-es\/#article\",\"isPartOf\":{\"@id\":\"https:\/\/www.estrategiaconcursos.com.br\/blog\/pss-sme-vitoria-es\/\"},\"author\":{\"name\":\"Coordena\u00e7\u00e3o\",\"@id\":\"https:\/\/www.estrategiaconcursos.com.br\/blog\/#\/schema\/person\/b4a388c97673c5f483d72185668afa1f\"},\"headline\":\"PSS SME Vit\u00f3ria ES: dispon\u00edvel lista de convoca\u00e7\u00e3o de aprovados\",\"datePublished\":\"2022-03-24T14:23:00+00:00\",\"dateModified\":\"2022-03-24T16:33:57+00:00\",\"mainEntityOfPage\":{\"@id\":\"https:\/\/www.estrategiaconcursos.com.br\/blog\/pss-sme-vitoria-es\/\"},\"wordCount\":2239,\"commentCount\":0,\"publisher\":{\"@id\":\"https:\/\/www.estrategiaconcursos.com.br\/blog\/#organization\"},\"image\":{\"@id\":\"https:\/\/www.estrategiaconcursos.com.br\/blog\/pss-sme-vitoria-es\/#primaryimage\"},\"thumbnailUrl\":\"https:\/\/dhg1h5j42swfq.cloudfront.net\/2021\/06\/18160530\/logo_pmv_twitter.png\",\"articleSection\":[\"Educa\u00e7\u00e3o\"],\"inLanguage\":\"pt-BR\",\"potentialAction\":[{\"@type\":\"CommentAction\",\"name\":\"Comment\",\"target\":[\"https:\/\/www.estrategiaconcursos.com.br\/blog\/pss-sme-vitoria-es\/#respond\"]}],\"copyrightYear\":\"2022\",\"copyrightHolder\":{\"@id\":\"https:\/\/www.estrategiaconcursos.com.br\/blog\/#organization\"}},{\"@type\":\"WebPage\",\"@id\":\"https:\/\/www.estrategiaconcursos.com.br\/blog\/pss-sme-vitoria-es\/\",\"url\":\"https:\/\/www.estrategiaconcursos.com.br\/blog\/pss-sme-vitoria-es\/\",\"name\":\"PSS SME Vit\u00f3ria ES: dispon\u00edvel lista de convoca\u00e7\u00e3o de aprovados\",\"isPartOf\":{\"@id\":\"https:\/\/www.estrategiaconcursos.com.br\/blog\/#website\"},\"primaryImageOfPage\":{\"@id\":\"https:\/\/www.estrategiaconcursos.com.br\/blog\/pss-sme-vitoria-es\/#primaryimage\"},\"image\":{\"@id\":\"https:\/\/www.estrategiaconcursos.com.br\/blog\/pss-sme-vitoria-es\/#primaryimage\"},\"thumbnailUrl\":\"https:\/\/dhg1h5j42swfq.cloudfront.net\/2021\/06\/18160530\/logo_pmv_twitter.png\",\"datePublished\":\"2022-03-24T14:23:00+00:00\",\"dateModified\":\"2022-03-24T16:33:57+00:00\",\"description\":\"PSS SME Vit\u00f3ria ES: lista de aprovados publicada! Sele\u00e7\u00e3o oferta vagas tempor\u00e1rias para a Secretaria de Educa\u00e7\u00e3o do Munic\u00edpio. Saiba mais!\",\"breadcrumb\":{\"@id\":\"https:\/\/www.estrategiaconcursos.com.br\/blog\/pss-sme-vitoria-es\/#breadcrumb\"},\"inLanguage\":\"pt-BR\",\"potentialAction\":[{\"@type\":\"ReadAction\",\"target\":[\"https:\/\/www.estrategiaconcursos.com.br\/blog\/pss-sme-vitoria-es\/\"]}]},{\"@type\":\"ImageObject\",\"inLanguage\":\"pt-BR\",\"@id\":\"https:\/\/www.estrategiaconcursos.com.br\/blog\/pss-sme-vitoria-es\/#primaryimage\",\"url\":\"https:\/\/dhg1h5j42swfq.cloudfront.net\/2021\/06\/18160530\/logo_pmv_twitter.png\",\"contentUrl\":\"https:\/\/dhg1h5j42swfq.cloudfront.net\/2021\/06\/18160530\/logo_pmv_twitter.png\",\"width\":300,\"height\":160,\"caption\":\"PSS SME Vit\u00f3ria\"},{\"@type\":\"BreadcrumbList\",\"@id\":\"https:\/\/www.estrategiaconcursos.com.br\/blog\/pss-sme-vitoria-es\/#breadcrumb\",\"itemListElement\":[{\"@type\":\"ListItem\",\"position\":1,\"name\":\"In\u00edcio\",\"item\":\"https:\/\/www.estrategiaconcursos.com.br\/blog\/\"},{\"@type\":\"ListItem\",\"position\":2,\"name\":\"PSS SME Vit\u00f3ria ES: dispon\u00edvel lista de convoca\u00e7\u00e3o de aprovados\"}]},{\"@type\":\"WebSite\",\"@id\":\"https:\/\/www.estrategiaconcursos.com.br\/blog\/#website\",\"url\":\"https:\/\/www.estrategiaconcursos.com.br\/blog\/\",\"name\":\"Estrat\u00e9gia Concursos\",\"description\":\"O blog da Estrat\u00e9gia Concursos traz not\u00edcias sobre concursos e artigos de professores oferecendo cursos para concursos (pdf + videaulas) no site.\",\"publisher\":{\"@id\":\"https:\/\/www.estrategiaconcursos.com.br\/blog\/#organization\"},\"potentialAction\":[{\"@type\":\"SearchAction\",\"target\":{\"@type\":\"EntryPoint\",\"urlTemplate\":\"https:\/\/www.estrategiaconcursos.com.br\/blog\/?s={search_term_string}\"},\"query-input\":{\"@type\":\"PropertyValueSpecification\",\"valueRequired\":true,\"valueName\":\"search_term_string\"}}],\"inLanguage\":\"pt-BR\"},{\"@type\":\"Organization\",\"@id\":\"https:\/\/www.estrategiaconcursos.com.br\/blog\/#organization\",\"name\":\"Estrat\u00e9gia Concursos\",\"url\":\"https:\/\/www.estrategiaconcursos.com.br\/blog\/\",\"logo\":{\"@type\":\"ImageObject\",\"inLanguage\":\"pt-BR\",\"@id\":\"https:\/\/www.estrategiaconcursos.com.br\/blog\/#\/schema\/logo\/image\/\",\"url\":\"https:\/\/dhg1h5j42swfq.cloudfront.net\/2025\/06\/03203428\/logo_concursos-1.jpg\",\"contentUrl\":\"https:\/\/dhg1h5j42swfq.cloudfront.net\/2025\/06\/03203428\/logo_concursos-1.jpg\",\"width\":230,\"height\":60,\"caption\":\"Estrat\u00e9gia Concursos\"},\"image\":{\"@id\":\"https:\/\/www.estrategiaconcursos.com.br\/blog\/#\/schema\/logo\/image\/\"},\"sameAs\":[\"https:\/\/x.com\/EstratConcursos\"]},{\"@type\":\"Person\",\"@id\":\"https:\/\/www.estrategiaconcursos.com.br\/blog\/#\/schema\/person\/b4a388c97673c5f483d72185668afa1f\",\"name\":\"Coordena\u00e7\u00e3o\",\"image\":{\"@type\":\"ImageObject\",\"inLanguage\":\"pt-BR\",\"@id\":\"https:\/\/secure.gravatar.com\/avatar\/b720319e4c9a967eb58678d110f4fe35452fc5d5f97b202bac7b8acceb18c6ad?s=96&d=mm&r=g\",\"url\":\"https:\/\/secure.gravatar.com\/avatar\/b720319e4c9a967eb58678d110f4fe35452fc5d5f97b202bac7b8acceb18c6ad?s=96&d=mm&r=g\",\"contentUrl\":\"https:\/\/secure.gravatar.com\/avatar\/b720319e4c9a967eb58678d110f4fe35452fc5d5f97b202bac7b8acceb18c6ad?s=96&d=mm&r=g\",\"caption\":\"Coordena\u00e7\u00e3o\"},\"sameAs\":[\"https:\/\/www.facebook.com\/EstrategiaConcursos\",\"https:\/\/x.com\/EstratConcursos\"],\"url\":\"https:\/\/www.estrategiaconcursos.com.br\/blog\/author\/estrategia2013\/\"}]}<\/script>\n<!-- \/ Yoast SEO Premium plugin. -->","yoast_head_json":{"title":"PSS SME Vit\u00f3ria ES: dispon\u00edvel lista de convoca\u00e7\u00e3o de aprovados","description":"PSS SME Vit\u00f3ria ES: lista de aprovados publicada! Sele\u00e7\u00e3o oferta vagas tempor\u00e1rias para a Secretaria de Educa\u00e7\u00e3o do Munic\u00edpio. Saiba mais!","robots":{"index":"index","follow":"follow","max-snippet":"max-snippet:-1","max-image-preview":"max-image-preview:large","max-video-preview":"max-video-preview:-1"},"canonical":"https:\/\/www.estrategiaconcursos.com.br\/blog\/pss-sme-vitoria-es\/","og_locale":"pt_BR","og_type":"article","og_title":"PSS SME Vit\u00f3ria ES: dispon\u00edvel lista de convoca\u00e7\u00e3o de aprovados","og_description":"PSS SME Vit\u00f3ria ES: lista de aprovados publicada! Sele\u00e7\u00e3o oferta vagas tempor\u00e1rias para a Secretaria de Educa\u00e7\u00e3o do Munic\u00edpio. Saiba mais!","og_url":"https:\/\/www.estrategiaconcursos.com.br\/blog\/pss-sme-vitoria-es\/","og_site_name":"Estrat\u00e9gia Concursos","article_author":"https:\/\/www.facebook.com\/EstrategiaConcursos","article_published_time":"2022-03-24T14:23:00+00:00","article_modified_time":"2022-03-24T16:33:57+00:00","og_image":[{"width":300,"height":160,"url":"https:\/\/dhg1h5j42swfq.cloudfront.net\/2021\/06\/18160530\/logo_pmv_twitter.png","type":"image\/png"}],"author":"Coordena\u00e7\u00e3o","twitter_card":"summary_large_image","twitter_creator":"@EstratConcursos","twitter_site":"@EstratConcursos","twitter_misc":{"Escrito por":"Coordena\u00e7\u00e3o","Est. tempo de leitura":"11 minutos"},"schema":{"@context":"https:\/\/schema.org","@graph":[{"@type":"NewsArticle","@id":"https:\/\/www.estrategiaconcursos.com.br\/blog\/pss-sme-vitoria-es\/#article","isPartOf":{"@id":"https:\/\/www.estrategiaconcursos.com.br\/blog\/pss-sme-vitoria-es\/"},"author":{"name":"Coordena\u00e7\u00e3o","@id":"https:\/\/www.estrategiaconcursos.com.br\/blog\/#\/schema\/person\/b4a388c97673c5f483d72185668afa1f"},"headline":"PSS SME Vit\u00f3ria ES: dispon\u00edvel lista de convoca\u00e7\u00e3o de aprovados","datePublished":"2022-03-24T14:23:00+00:00","dateModified":"2022-03-24T16:33:57+00:00","mainEntityOfPage":{"@id":"https:\/\/www.estrategiaconcursos.com.br\/blog\/pss-sme-vitoria-es\/"},"wordCount":2239,"commentCount":0,"publisher":{"@id":"https:\/\/www.estrategiaconcursos.com.br\/blog\/#organization"},"image":{"@id":"https:\/\/www.estrategiaconcursos.com.br\/blog\/pss-sme-vitoria-es\/#primaryimage"},"thumbnailUrl":"https:\/\/dhg1h5j42swfq.cloudfront.net\/2021\/06\/18160530\/logo_pmv_twitter.png","articleSection":["Educa\u00e7\u00e3o"],"inLanguage":"pt-BR","potentialAction":[{"@type":"CommentAction","name":"Comment","target":["https:\/\/www.estrategiaconcursos.com.br\/blog\/pss-sme-vitoria-es\/#respond"]}],"copyrightYear":"2022","copyrightHolder":{"@id":"https:\/\/www.estrategiaconcursos.com.br\/blog\/#organization"}},{"@type":"WebPage","@id":"https:\/\/www.estrategiaconcursos.com.br\/blog\/pss-sme-vitoria-es\/","url":"https:\/\/www.estrategiaconcursos.com.br\/blog\/pss-sme-vitoria-es\/","name":"PSS SME Vit\u00f3ria ES: dispon\u00edvel lista de convoca\u00e7\u00e3o de aprovados","isPartOf":{"@id":"https:\/\/www.estrategiaconcursos.com.br\/blog\/#website"},"primaryImageOfPage":{"@id":"https:\/\/www.estrategiaconcursos.com.br\/blog\/pss-sme-vitoria-es\/#primaryimage"},"image":{"@id":"https:\/\/www.estrategiaconcursos.com.br\/blog\/pss-sme-vitoria-es\/#primaryimage"},"thumbnailUrl":"https:\/\/dhg1h5j42swfq.cloudfront.net\/2021\/06\/18160530\/logo_pmv_twitter.png","datePublished":"2022-03-24T14:23:00+00:00","dateModified":"2022-03-24T16:33:57+00:00","description":"PSS SME Vit\u00f3ria ES: lista de aprovados publicada! Sele\u00e7\u00e3o oferta vagas tempor\u00e1rias para a Secretaria de Educa\u00e7\u00e3o do Munic\u00edpio. Saiba mais!","breadcrumb":{"@id":"https:\/\/www.estrategiaconcursos.com.br\/blog\/pss-sme-vitoria-es\/#breadcrumb"},"inLanguage":"pt-BR","potentialAction":[{"@type":"ReadAction","target":["https:\/\/www.estrategiaconcursos.com.br\/blog\/pss-sme-vitoria-es\/"]}]},{"@type":"ImageObject","inLanguage":"pt-BR","@id":"https:\/\/www.estrategiaconcursos.com.br\/blog\/pss-sme-vitoria-es\/#primaryimage","url":"https:\/\/dhg1h5j42swfq.cloudfront.net\/2021\/06\/18160530\/logo_pmv_twitter.png","contentUrl":"https:\/\/dhg1h5j42swfq.cloudfront.net\/2021\/06\/18160530\/logo_pmv_twitter.png","width":300,"height":160,"caption":"PSS SME Vit\u00f3ria"},{"@type":"BreadcrumbList","@id":"https:\/\/www.estrategiaconcursos.com.br\/blog\/pss-sme-vitoria-es\/#breadcrumb","itemListElement":[{"@type":"ListItem","position":1,"name":"In\u00edcio","item":"https:\/\/www.estrategiaconcursos.com.br\/blog\/"},{"@type":"ListItem","position":2,"name":"PSS SME Vit\u00f3ria ES: dispon\u00edvel lista de convoca\u00e7\u00e3o de aprovados"}]},{"@type":"WebSite","@id":"https:\/\/www.estrategiaconcursos.com.br\/blog\/#website","url":"https:\/\/www.estrategiaconcursos.com.br\/blog\/","name":"Estrat\u00e9gia Concursos","description":"O blog da Estrat\u00e9gia Concursos traz not\u00edcias sobre concursos e artigos de professores oferecendo cursos para concursos (pdf + videaulas) no site.","publisher":{"@id":"https:\/\/www.estrategiaconcursos.com.br\/blog\/#organization"},"potentialAction":[{"@type":"SearchAction","target":{"@type":"EntryPoint","urlTemplate":"https:\/\/www.estrategiaconcursos.com.br\/blog\/?s={search_term_string}"},"query-input":{"@type":"PropertyValueSpecification","valueRequired":true,"valueName":"search_term_string"}}],"inLanguage":"pt-BR"},{"@type":"Organization","@id":"https:\/\/www.estrategiaconcursos.com.br\/blog\/#organization","name":"Estrat\u00e9gia Concursos","url":"https:\/\/www.estrategiaconcursos.com.br\/blog\/","logo":{"@type":"ImageObject","inLanguage":"pt-BR","@id":"https:\/\/www.estrategiaconcursos.com.br\/blog\/#\/schema\/logo\/image\/","url":"https:\/\/dhg1h5j42swfq.cloudfront.net\/2025\/06\/03203428\/logo_concursos-1.jpg","contentUrl":"https:\/\/dhg1h5j42swfq.cloudfront.net\/2025\/06\/03203428\/logo_concursos-1.jpg","width":230,"height":60,"caption":"Estrat\u00e9gia Concursos"},"image":{"@id":"https:\/\/www.estrategiaconcursos.com.br\/blog\/#\/schema\/logo\/image\/"},"sameAs":["https:\/\/x.com\/EstratConcursos"]},{"@type":"Person","@id":"https:\/\/www.estrategiaconcursos.com.br\/blog\/#\/schema\/person\/b4a388c97673c5f483d72185668afa1f","name":"Coordena\u00e7\u00e3o","image":{"@type":"ImageObject","inLanguage":"pt-BR","@id":"https:\/\/secure.gravatar.com\/avatar\/b720319e4c9a967eb58678d110f4fe35452fc5d5f97b202bac7b8acceb18c6ad?s=96&d=mm&r=g","url":"https:\/\/secure.gravatar.com\/avatar\/b720319e4c9a967eb58678d110f4fe35452fc5d5f97b202bac7b8acceb18c6ad?s=96&d=mm&r=g","contentUrl":"https:\/\/secure.gravatar.com\/avatar\/b720319e4c9a967eb58678d110f4fe35452fc5d5f97b202bac7b8acceb18c6ad?s=96&d=mm&r=g","caption":"Coordena\u00e7\u00e3o"},"sameAs":["https:\/\/www.facebook.com\/EstrategiaConcursos","https:\/\/x.com\/EstratConcursos"],"url":"https:\/\/www.estrategiaconcursos.com.br\/blog\/author\/estrategia2013\/"}]}},"_links":{"self":[{"href":"https:\/\/www.estrategiaconcursos.com.br\/blog\/wp-json\/wp\/v2\/posts\/770978","targetHints":{"allow":["GET"]}}],"collection":[{"href":"https:\/\/www.estrategiaconcursos.com.br\/blog\/wp-json\/wp\/v2\/posts"}],"about":[{"href":"https:\/\/www.estrategiaconcursos.com.br\/blog\/wp-json\/wp\/v2\/types\/post"}],"author":[{"embeddable":true,"href":"https:\/\/www.estrategiaconcursos.com.br\/blog\/wp-json\/wp\/v2\/users\/1"}],"replies":[{"embeddable":true,"href":"https:\/\/www.estrategiaconcursos.com.br\/blog\/wp-json\/wp\/v2\/comments?post=770978"}],"version-history":[{"count":51,"href":"https:\/\/www.estrategiaconcursos.com.br\/blog\/wp-json\/wp\/v2\/posts\/770978\/revisions"}],"predecessor-version":[{"id":1756479,"href":"https:\/\/www.estrategiaconcursos.com.br\/blog\/wp-json\/wp\/v2\/posts\/770978\/revisions\/1756479"}],"wp:featuredmedia":[{"embeddable":true,"href":"https:\/\/www.estrategiaconcursos.com.br\/blog\/wp-json\/wp\/v2\/media\/770993"}],"wp:attachment":[{"href":"https:\/\/www.estrategiaconcursos.com.br\/blog\/wp-json\/wp\/v2\/media?parent=770978"}],"wp:term":[{"taxonomy":"category","embeddable":true,"href":"https:\/\/www.estrategiaconcursos.com.br\/blog\/wp-json\/wp\/v2\/categories?post=770978"},{"taxonomy":"post_tag","embeddable":true,"href":"https:\/\/www.estrategiaconcursos.com.br\/blog\/wp-json\/wp\/v2\/tags?post=770978"},{"taxonomy":"tax_estado","embeddable":true,"href":"https:\/\/www.estrategiaconcursos.com.br\/blog\/wp-json\/wp\/v2\/tax_estado?post=770978"}],"curies":[{"name":"wp","href":"https:\/\/api.w.org\/{rel}","templated":true}]}}