{"id":76996,"date":"2017-06-08T15:19:36","date_gmt":"2017-06-08T18:19:36","guid":{"rendered":"https:\/\/www.estrategiaconcursos.com.br\/blog\/?p=76996"},"modified":"2018-11-19T14:53:27","modified_gmt":"2018-11-19T17:53:27","slug":"alteracao-nos-poderes-punitivos-da-cvm-e-do-bacen-medida-provisoria-78417","status":"publish","type":"post","link":"https:\/\/www.estrategiaconcursos.com.br\/blog\/alteracao-nos-poderes-punitivos-da-cvm-e-do-bacen-medida-provisoria-78417\/","title":{"rendered":"Altera\u00e7\u00e3o nos poderes punitivos da CVM e do Bacen &#8211; Medida Provis\u00f3ria 784\/17"},"content":{"rendered":"<p style=\"text-align: center\"><strong>Aviso: As opini\u00f5es contidas neste artigo s\u00e3o estritamente pessoais e n\u00e3o guardam nenhuma rela\u00e7\u00e3o com a Comiss\u00e3o de Valores Mobili\u00e1rios, institui\u00e7\u00e3o em que trabalho.<\/strong><\/p>\n<p>Ol\u00e1 pessoal, tudo bem?<\/p>\n<p>Neste artigo discutimos importante novidade aos interessados nos concursos da CVM e do Banco Central. Foi publicada nesta quinta-feira (8\/6\/2017) a Medida Provis\u00f3ria n\u00ba 784, que aprimora o processo administrativo sancionador na esfera de atua\u00e7\u00e3o do Banco Central do Brasil (Bacen) e da Comiss\u00e3o de Valores Mobili\u00e1rios (CVM).<\/p>\n<p>A Medida Provis\u00f3ria tem por objetivo garantir:<\/p>\n<ol style=\"list-style-type: lower-alpha\">\n<li>maior efetividade dos processos administrativos sancionadores conduzidos pelos \u00f3rg\u00e3os, aprimorando a sua utiliza\u00e7\u00e3o como um instrumento efetivo de orienta\u00e7\u00e3o aos destinat\u00e1rios da atividade regulat\u00f3ria.<\/li>\n<li>amplia\u00e7\u00e3o das alternativas de san\u00e7\u00f5es e instrumentos regulat\u00f3rios para lidar com os diversos tipos de irregularidades de maneira mais adequada e proporcional.<\/li>\n<li>cria\u00e7\u00e3o de condi\u00e7\u00f5es para que os \u00f3rg\u00e3os obtenham resultados mais c\u00e9leres e efetivos em suas a\u00e7\u00f5es de supervis\u00e3o, fortalecendo o seu papel de dissuadir a pr\u00e1tica de infra\u00e7\u00f5es.<\/li>\n<\/ol>\n<p>N\u00e3o \u00e9 novidade a ningu\u00e9m que, se bem utilizado, o sistema financeiro \u00e9 um importante instrumento na promo\u00e7\u00e3o de desenvolvimento. Como sua principal fun\u00e7\u00e3o \u00e9 canalizar recursos \u00e0queles que investem e promovem disp\u00eandios em geral na economia, o sistema financeiro funciona como um \u201ccatalisador\u201d em rela\u00e7\u00e3o \u00e0 expans\u00e3o da renda agregada ao financiar investimentos com perspectiva de retorno e gera\u00e7\u00e3o de produto e renda.<\/p>\n<p>Uma das formas de bem utilizar o sistema financeiro \u00e9 disciplinando as atividades dos participantes, atrav\u00e9s do fortalecimento dos \u00f3rg\u00e3os supervisores (CVM e Bacen). \u00c9 esse o objetivo da MP 784\/17.<\/p>\n<p>Um exemplo, para facilitar. At\u00e9 ontem, a CVM podia aplicar multas no valor m\u00e1ximo de R$ 500 mil, caso n\u00e3o fosse poss\u00edvel \u201cquantificar\u201d a irregularidade a ser sancionada. A partir de hoje esta multa \u00e9 de R$ 500 milh\u00f5es. Sim: o valor aumentou 100 vezes! Infringir as normas do sistema financeiro talvez j\u00e1 n\u00e3o seja uma boa ideia&#8230;<\/p>\n<p>Outro objetivo da norma \u00e9 alinhar procedimentos e penalidades entre Bacen e CVM. Em resumo, as duas autarquias disp\u00f5em de elementos similares para punir reguladores quem infrinjam as normas. A ideia \u00e9 evitar a chamada \u201carbitragem regulat\u00f3ria\u201d, ou seja, a migra\u00e7\u00e3o de \u201cmal intencionados\u201d de um mercado com maior possibilidade de puni\u00e7\u00e3o a outro com menor possibilidade.<\/p>\n<p>Neste sentido, o Bacen passa a dispor do Termo de Compromisso, instrumento bem utilizado pela CVM. O Termo de Compromisso suspende a tramita\u00e7\u00e3o do processo administrativo instaurado para a apura\u00e7\u00e3o de infra\u00e7\u00f5es e obriga o investigado a cessar a pr\u00e1tica de atividades ou atos considerados il\u00edcitos e corrigir as irregularidades apontadas, inclusive indenizando os preju\u00edzos. Por mais que o investigado n\u00e3o admita culpa pelos atos praticados, ele se obriga a cessar seus atos, corrigi-los e indenizados. \u00c9 uma forma r\u00e1pida e menos burocr\u00e1tica de resolver problemas na instancia administrativa.<\/p>\n<p>No que tange \u00e0 CVM, 3 grandes novidades foram implantadas.<\/p>\n<p>A primeira, e mais aguardada, refere-se ao valor da multas a serem aplicadas. A partir da edi\u00e7\u00e3o da Medida Provis\u00f3ria, a multa que poder\u00e1 ser aplicada pela CVM n\u00e3o exceder\u00e1 o maior dos seguintes valores:<\/p>\n<ol style=\"list-style-type: lower-alpha\">\n<li>at\u00e9 R$ 500.000.000,00;<\/li>\n<li>at\u00e9 o dobro do valor da emiss\u00e3o ou da opera\u00e7\u00e3o irregular;<\/li>\n<li>at\u00e9 tr\u00eas vezes o montante da vantagem econ\u00f4mica obtida ou da perda evitada em decorr\u00eancia do il\u00edcito; ou<\/li>\n<li>at\u00e9 20% do valor do faturamento total individual ou consolidado do grupo econ\u00f4mico, obtido no exerc\u00edcio anterior \u00e0 instaura\u00e7\u00e3o do processo administrativo sancionador, no caso de pessoa jur\u00eddica.<\/li>\n<\/ol>\n<p>Como j\u00e1 afirmado, o limite anterior era de modestos R$ 500 mil, um valor irris\u00f3rio se considerado os valores transacionados no mercado de capitais.<\/p>\n<p>A segunda novidade refere-se ao Fundo de Desenvolvimento do Mercado de Valores Mobili\u00e1rios, que ser\u00e1 administrado pela CVM e constitu\u00eddo por recursos recolhidos pela Autarquia em decorr\u00eancia da celebra\u00e7\u00e3o de termos de compromisso. O Fundo tem como objetivo promover o desenvolvimento do mercado mobili\u00e1rio e a inclus\u00e3o financeira, por meio de projetos da CVM.<\/p>\n<p>Trata-se, tamb\u00e9m, de medida aguardada, pois a CVM \u00e9 institui\u00e7\u00e3o historicamente superavit\u00e1ria, mas que sofre com escassez de recursos para desenvolver plenamente suas atividades e deveres. Para se ter uma ideia, as receitas da CVM em 2016 totalizaram R$ 706,1 milh\u00f5es, enquanto que as despesas, R$ 223 milh\u00f5es. \u00c9 mais de R$ 480 milh\u00f5es de super\u00e1vit n\u00e3o utilizado pela Autarquia, cuja compet\u00eancia t\u00e9cnica \u00e9 amplamente conhecida <a href=\"https:\/\/www.washingtonpost.com\/news\/monkey-cage\/wp\/2016\/06\/20\/can-you-measure-brazils-political-corruption-yes-and-it-explains-a-lot\/?utm_term=.b1e4ae390450\" target=\"_blank\" rel=\"noopener\">mundo afora<\/a>.<\/p>\n<p>E, terceira novidade, a MP 784\/17 autoriza CVM e Bacen a assinarem acordos de leni\u00eancia no \u00e2mbito de suas compet\u00eancias. Os acordos de leni\u00eancia podem ser celebrados com pessoas f\u00edsicas ou jur\u00eddicas que confessarem a pr\u00e1tica de infra\u00e7\u00e3o \u00e0s normas legais ou regulamentares cujo cumprimento caiba \u00e0 CVM e ao Bacen fiscalizar.<\/p>\n<p>Bom, penso que esses detalhes j\u00e1 conferem uma boa ideia sobre o aumento dos poderes destes dois \u00f3rg\u00e3os, que s\u00e3o centros de excel\u00eancia t\u00e9cnica no servi\u00e7o p\u00fablico brasileiro.<\/p>\n<p>Espero que o pr\u00f3ximo passo seja a aprova\u00e7\u00e3o de concurso p\u00fablico para ambos os \u00f3rg\u00e3os, cujos processos continuam em andamento no Minist\u00e9rio do Planejamento.<\/p>\n<p>S\u00f3 n\u00e3o d\u00e1 pra aguardar \u201csentado\u201d&#8230;.<\/p>\n<p>Estudem, caros (as).<\/p>\n<p>Abs!<\/p>\n<p>&nbsp;<\/p>\n","protected":false},"excerpt":{"rendered":"<p>Aviso: As opini\u00f5es contidas neste artigo s\u00e3o estritamente pessoais e n\u00e3o guardam nenhuma rela\u00e7\u00e3o com a Comiss\u00e3o de Valores Mobili\u00e1rios, institui\u00e7\u00e3o em que trabalho. Ol\u00e1 pessoal, tudo bem? Neste artigo discutimos importante novidade aos interessados nos concursos da CVM e do Banco Central. Foi publicada nesta quinta-feira (8\/6\/2017) a Medida Provis\u00f3ria n\u00ba 784, que aprimora [&hellip;]<\/p>\n","protected":false},"author":127,"featured_media":0,"comment_status":"open","ping_status":"open","sticky":false,"template":"","format":"standard","meta":{"post_tipo":"article","footnotes":""},"categories":[2313],"tags":[],"tax_estado":[],"class_list":["post-76996","post","type-post","status-publish","format-standard","hentry","category-carreiras-bancarias"],"acf":[],"yoast_head":"<!-- This site is optimized with the Yoast SEO Premium plugin v27.2 (Yoast SEO v27.2) - https:\/\/yoast.com\/product\/yoast-seo-premium-wordpress\/ -->\n<title>Altera\u00e7\u00e3o nos poderes punitivos da CVM e do Bacen - Medida Provis\u00f3ria 784\/17<\/title>\n<meta name=\"robots\" content=\"index, follow, max-snippet:-1, max-image-preview:large, max-video-preview:-1\" \/>\n<link rel=\"canonical\" href=\"https:\/\/www.estrategiaconcursos.com.br\/blog\/alteracao-nos-poderes-punitivos-da-cvm-e-do-bacen-medida-provisoria-78417\/\" \/>\n<meta property=\"og:locale\" content=\"pt_BR\" \/>\n<meta property=\"og:type\" content=\"article\" \/>\n<meta property=\"og:title\" content=\"Altera\u00e7\u00e3o nos poderes punitivos da CVM e do Bacen - Medida Provis\u00f3ria 784\/17\" \/>\n<meta property=\"og:description\" content=\"Aviso: As opini\u00f5es contidas neste artigo s\u00e3o estritamente pessoais e n\u00e3o guardam nenhuma rela\u00e7\u00e3o com a Comiss\u00e3o de Valores Mobili\u00e1rios, institui\u00e7\u00e3o em que trabalho. Ol\u00e1 pessoal, tudo bem? Neste artigo discutimos importante novidade aos interessados nos concursos da CVM e do Banco Central. Foi publicada nesta quinta-feira (8\/6\/2017) a Medida Provis\u00f3ria n\u00ba 784, que aprimora [&hellip;]\" \/>\n<meta property=\"og:url\" content=\"https:\/\/www.estrategiaconcursos.com.br\/blog\/alteracao-nos-poderes-punitivos-da-cvm-e-do-bacen-medida-provisoria-78417\/\" \/>\n<meta property=\"og:site_name\" content=\"Estrat\u00e9gia Concursos\" \/>\n<meta property=\"article:published_time\" content=\"2017-06-08T18:19:36+00:00\" \/>\n<meta property=\"article:modified_time\" content=\"2018-11-19T17:53:27+00:00\" \/>\n<meta name=\"author\" content=\"Vicente Camillo\" \/>\n<meta name=\"twitter:card\" content=\"summary_large_image\" \/>\n<meta name=\"twitter:creator\" content=\"@EstratConcursos\" \/>\n<meta name=\"twitter:site\" content=\"@EstratConcursos\" \/>\n<meta name=\"twitter:label1\" content=\"Escrito por\" \/>\n\t<meta name=\"twitter:data1\" content=\"Vicente Camillo\" \/>\n\t<meta name=\"twitter:label2\" content=\"Est. tempo de leitura\" \/>\n\t<meta name=\"twitter:data2\" content=\"4 minutos\" \/>\n<script type=\"application\/ld+json\" class=\"yoast-schema-graph\">{\"@context\":\"https:\/\/schema.org\",\"@graph\":[{\"@type\":\"NewsArticle\",\"@id\":\"https:\/\/www.estrategiaconcursos.com.br\/blog\/alteracao-nos-poderes-punitivos-da-cvm-e-do-bacen-medida-provisoria-78417\/#article\",\"isPartOf\":{\"@id\":\"https:\/\/www.estrategiaconcursos.com.br\/blog\/alteracao-nos-poderes-punitivos-da-cvm-e-do-bacen-medida-provisoria-78417\/\"},\"author\":{\"name\":\"Vicente Camillo\",\"@id\":\"https:\/\/www.estrategiaconcursos.com.br\/blog\/#\/schema\/person\/b8a108568861dcf9ea0bc08399a7923b\"},\"headline\":\"Altera\u00e7\u00e3o nos poderes punitivos da CVM e do Bacen &#8211; Medida Provis\u00f3ria 784\/17\",\"datePublished\":\"2017-06-08T18:19:36+00:00\",\"dateModified\":\"2018-11-19T17:53:27+00:00\",\"mainEntityOfPage\":{\"@id\":\"https:\/\/www.estrategiaconcursos.com.br\/blog\/alteracao-nos-poderes-punitivos-da-cvm-e-do-bacen-medida-provisoria-78417\/\"},\"wordCount\":910,\"commentCount\":0,\"publisher\":{\"@id\":\"https:\/\/www.estrategiaconcursos.com.br\/blog\/#organization\"},\"articleSection\":[\"Banc\u00e1ria (BB, CEF e Bancos Estaduais)\"],\"inLanguage\":\"pt-BR\",\"potentialAction\":[{\"@type\":\"CommentAction\",\"name\":\"Comment\",\"target\":[\"https:\/\/www.estrategiaconcursos.com.br\/blog\/alteracao-nos-poderes-punitivos-da-cvm-e-do-bacen-medida-provisoria-78417\/#respond\"]}],\"copyrightYear\":\"2017\",\"copyrightHolder\":{\"@id\":\"https:\/\/www.estrategiaconcursos.com.br\/blog\/#organization\"}},{\"@type\":\"WebPage\",\"@id\":\"https:\/\/www.estrategiaconcursos.com.br\/blog\/alteracao-nos-poderes-punitivos-da-cvm-e-do-bacen-medida-provisoria-78417\/\",\"url\":\"https:\/\/www.estrategiaconcursos.com.br\/blog\/alteracao-nos-poderes-punitivos-da-cvm-e-do-bacen-medida-provisoria-78417\/\",\"name\":\"Altera\u00e7\u00e3o nos poderes punitivos da CVM e do Bacen - Medida Provis\u00f3ria 784\/17\",\"isPartOf\":{\"@id\":\"https:\/\/www.estrategiaconcursos.com.br\/blog\/#website\"},\"datePublished\":\"2017-06-08T18:19:36+00:00\",\"dateModified\":\"2018-11-19T17:53:27+00:00\",\"breadcrumb\":{\"@id\":\"https:\/\/www.estrategiaconcursos.com.br\/blog\/alteracao-nos-poderes-punitivos-da-cvm-e-do-bacen-medida-provisoria-78417\/#breadcrumb\"},\"inLanguage\":\"pt-BR\",\"potentialAction\":[{\"@type\":\"ReadAction\",\"target\":[\"https:\/\/www.estrategiaconcursos.com.br\/blog\/alteracao-nos-poderes-punitivos-da-cvm-e-do-bacen-medida-provisoria-78417\/\"]}]},{\"@type\":\"BreadcrumbList\",\"@id\":\"https:\/\/www.estrategiaconcursos.com.br\/blog\/alteracao-nos-poderes-punitivos-da-cvm-e-do-bacen-medida-provisoria-78417\/#breadcrumb\",\"itemListElement\":[{\"@type\":\"ListItem\",\"position\":1,\"name\":\"In\u00edcio\",\"item\":\"https:\/\/www.estrategiaconcursos.com.br\/blog\/\"},{\"@type\":\"ListItem\",\"position\":2,\"name\":\"Altera\u00e7\u00e3o nos poderes punitivos da CVM e do Bacen &#8211; Medida Provis\u00f3ria 784\/17\"}]},{\"@type\":\"WebSite\",\"@id\":\"https:\/\/www.estrategiaconcursos.com.br\/blog\/#website\",\"url\":\"https:\/\/www.estrategiaconcursos.com.br\/blog\/\",\"name\":\"Estrat\u00e9gia Concursos\",\"description\":\"O blog da Estrat\u00e9gia Concursos traz not\u00edcias sobre concursos e artigos de professores oferecendo cursos para concursos (pdf + videaulas) no site.\",\"publisher\":{\"@id\":\"https:\/\/www.estrategiaconcursos.com.br\/blog\/#organization\"},\"potentialAction\":[{\"@type\":\"SearchAction\",\"target\":{\"@type\":\"EntryPoint\",\"urlTemplate\":\"https:\/\/www.estrategiaconcursos.com.br\/blog\/?s={search_term_string}\"},\"query-input\":{\"@type\":\"PropertyValueSpecification\",\"valueRequired\":true,\"valueName\":\"search_term_string\"}}],\"inLanguage\":\"pt-BR\"},{\"@type\":\"Organization\",\"@id\":\"https:\/\/www.estrategiaconcursos.com.br\/blog\/#organization\",\"name\":\"Estrat\u00e9gia Concursos\",\"url\":\"https:\/\/www.estrategiaconcursos.com.br\/blog\/\",\"logo\":{\"@type\":\"ImageObject\",\"inLanguage\":\"pt-BR\",\"@id\":\"https:\/\/www.estrategiaconcursos.com.br\/blog\/#\/schema\/logo\/image\/\",\"url\":\"https:\/\/dhg1h5j42swfq.cloudfront.net\/2025\/06\/03203428\/logo_concursos-1.jpg\",\"contentUrl\":\"https:\/\/dhg1h5j42swfq.cloudfront.net\/2025\/06\/03203428\/logo_concursos-1.jpg\",\"width\":230,\"height\":60,\"caption\":\"Estrat\u00e9gia Concursos\"},\"image\":{\"@id\":\"https:\/\/www.estrategiaconcursos.com.br\/blog\/#\/schema\/logo\/image\/\"},\"sameAs\":[\"https:\/\/x.com\/EstratConcursos\"]},{\"@type\":\"Person\",\"@id\":\"https:\/\/www.estrategiaconcursos.com.br\/blog\/#\/schema\/person\/b8a108568861dcf9ea0bc08399a7923b\",\"name\":\"Vicente Camillo\",\"image\":{\"@type\":\"ImageObject\",\"inLanguage\":\"pt-BR\",\"@id\":\"https:\/\/secure.gravatar.com\/avatar\/468a0239829de687ea87ca16fca161044431e49a078c185df9f7ebdca3918c68?s=96&d=mm&r=g\",\"url\":\"https:\/\/secure.gravatar.com\/avatar\/468a0239829de687ea87ca16fca161044431e49a078c185df9f7ebdca3918c68?s=96&d=mm&r=g\",\"contentUrl\":\"https:\/\/secure.gravatar.com\/avatar\/468a0239829de687ea87ca16fca161044431e49a078c185df9f7ebdca3918c68?s=96&d=mm&r=g\",\"caption\":\"Vicente Camillo\"},\"url\":\"https:\/\/www.estrategiaconcursos.com.br\/blog\/author\/vicentecamilloestrategiaconcursos-com-br\/\"}]}<\/script>\n<!-- \/ Yoast SEO Premium plugin. -->","yoast_head_json":{"title":"Altera\u00e7\u00e3o nos poderes punitivos da CVM e do Bacen - Medida Provis\u00f3ria 784\/17","robots":{"index":"index","follow":"follow","max-snippet":"max-snippet:-1","max-image-preview":"max-image-preview:large","max-video-preview":"max-video-preview:-1"},"canonical":"https:\/\/www.estrategiaconcursos.com.br\/blog\/alteracao-nos-poderes-punitivos-da-cvm-e-do-bacen-medida-provisoria-78417\/","og_locale":"pt_BR","og_type":"article","og_title":"Altera\u00e7\u00e3o nos poderes punitivos da CVM e do Bacen - Medida Provis\u00f3ria 784\/17","og_description":"Aviso: As opini\u00f5es contidas neste artigo s\u00e3o estritamente pessoais e n\u00e3o guardam nenhuma rela\u00e7\u00e3o com a Comiss\u00e3o de Valores Mobili\u00e1rios, institui\u00e7\u00e3o em que trabalho. Ol\u00e1 pessoal, tudo bem? Neste artigo discutimos importante novidade aos interessados nos concursos da CVM e do Banco Central. Foi publicada nesta quinta-feira (8\/6\/2017) a Medida Provis\u00f3ria n\u00ba 784, que aprimora [&hellip;]","og_url":"https:\/\/www.estrategiaconcursos.com.br\/blog\/alteracao-nos-poderes-punitivos-da-cvm-e-do-bacen-medida-provisoria-78417\/","og_site_name":"Estrat\u00e9gia Concursos","article_published_time":"2017-06-08T18:19:36+00:00","article_modified_time":"2018-11-19T17:53:27+00:00","author":"Vicente Camillo","twitter_card":"summary_large_image","twitter_creator":"@EstratConcursos","twitter_site":"@EstratConcursos","twitter_misc":{"Escrito por":"Vicente Camillo","Est. tempo de leitura":"4 minutos"},"schema":{"@context":"https:\/\/schema.org","@graph":[{"@type":"NewsArticle","@id":"https:\/\/www.estrategiaconcursos.com.br\/blog\/alteracao-nos-poderes-punitivos-da-cvm-e-do-bacen-medida-provisoria-78417\/#article","isPartOf":{"@id":"https:\/\/www.estrategiaconcursos.com.br\/blog\/alteracao-nos-poderes-punitivos-da-cvm-e-do-bacen-medida-provisoria-78417\/"},"author":{"name":"Vicente Camillo","@id":"https:\/\/www.estrategiaconcursos.com.br\/blog\/#\/schema\/person\/b8a108568861dcf9ea0bc08399a7923b"},"headline":"Altera\u00e7\u00e3o nos poderes punitivos da CVM e do Bacen &#8211; Medida Provis\u00f3ria 784\/17","datePublished":"2017-06-08T18:19:36+00:00","dateModified":"2018-11-19T17:53:27+00:00","mainEntityOfPage":{"@id":"https:\/\/www.estrategiaconcursos.com.br\/blog\/alteracao-nos-poderes-punitivos-da-cvm-e-do-bacen-medida-provisoria-78417\/"},"wordCount":910,"commentCount":0,"publisher":{"@id":"https:\/\/www.estrategiaconcursos.com.br\/blog\/#organization"},"articleSection":["Banc\u00e1ria (BB, CEF e Bancos Estaduais)"],"inLanguage":"pt-BR","potentialAction":[{"@type":"CommentAction","name":"Comment","target":["https:\/\/www.estrategiaconcursos.com.br\/blog\/alteracao-nos-poderes-punitivos-da-cvm-e-do-bacen-medida-provisoria-78417\/#respond"]}],"copyrightYear":"2017","copyrightHolder":{"@id":"https:\/\/www.estrategiaconcursos.com.br\/blog\/#organization"}},{"@type":"WebPage","@id":"https:\/\/www.estrategiaconcursos.com.br\/blog\/alteracao-nos-poderes-punitivos-da-cvm-e-do-bacen-medida-provisoria-78417\/","url":"https:\/\/www.estrategiaconcursos.com.br\/blog\/alteracao-nos-poderes-punitivos-da-cvm-e-do-bacen-medida-provisoria-78417\/","name":"Altera\u00e7\u00e3o nos poderes punitivos da CVM e do Bacen - Medida Provis\u00f3ria 784\/17","isPartOf":{"@id":"https:\/\/www.estrategiaconcursos.com.br\/blog\/#website"},"datePublished":"2017-06-08T18:19:36+00:00","dateModified":"2018-11-19T17:53:27+00:00","breadcrumb":{"@id":"https:\/\/www.estrategiaconcursos.com.br\/blog\/alteracao-nos-poderes-punitivos-da-cvm-e-do-bacen-medida-provisoria-78417\/#breadcrumb"},"inLanguage":"pt-BR","potentialAction":[{"@type":"ReadAction","target":["https:\/\/www.estrategiaconcursos.com.br\/blog\/alteracao-nos-poderes-punitivos-da-cvm-e-do-bacen-medida-provisoria-78417\/"]}]},{"@type":"BreadcrumbList","@id":"https:\/\/www.estrategiaconcursos.com.br\/blog\/alteracao-nos-poderes-punitivos-da-cvm-e-do-bacen-medida-provisoria-78417\/#breadcrumb","itemListElement":[{"@type":"ListItem","position":1,"name":"In\u00edcio","item":"https:\/\/www.estrategiaconcursos.com.br\/blog\/"},{"@type":"ListItem","position":2,"name":"Altera\u00e7\u00e3o nos poderes punitivos da CVM e do Bacen &#8211; Medida Provis\u00f3ria 784\/17"}]},{"@type":"WebSite","@id":"https:\/\/www.estrategiaconcursos.com.br\/blog\/#website","url":"https:\/\/www.estrategiaconcursos.com.br\/blog\/","name":"Estrat\u00e9gia Concursos","description":"O blog da Estrat\u00e9gia Concursos traz not\u00edcias sobre concursos e artigos de professores oferecendo cursos para concursos (pdf + videaulas) no site.","publisher":{"@id":"https:\/\/www.estrategiaconcursos.com.br\/blog\/#organization"},"potentialAction":[{"@type":"SearchAction","target":{"@type":"EntryPoint","urlTemplate":"https:\/\/www.estrategiaconcursos.com.br\/blog\/?s={search_term_string}"},"query-input":{"@type":"PropertyValueSpecification","valueRequired":true,"valueName":"search_term_string"}}],"inLanguage":"pt-BR"},{"@type":"Organization","@id":"https:\/\/www.estrategiaconcursos.com.br\/blog\/#organization","name":"Estrat\u00e9gia Concursos","url":"https:\/\/www.estrategiaconcursos.com.br\/blog\/","logo":{"@type":"ImageObject","inLanguage":"pt-BR","@id":"https:\/\/www.estrategiaconcursos.com.br\/blog\/#\/schema\/logo\/image\/","url":"https:\/\/dhg1h5j42swfq.cloudfront.net\/2025\/06\/03203428\/logo_concursos-1.jpg","contentUrl":"https:\/\/dhg1h5j42swfq.cloudfront.net\/2025\/06\/03203428\/logo_concursos-1.jpg","width":230,"height":60,"caption":"Estrat\u00e9gia Concursos"},"image":{"@id":"https:\/\/www.estrategiaconcursos.com.br\/blog\/#\/schema\/logo\/image\/"},"sameAs":["https:\/\/x.com\/EstratConcursos"]},{"@type":"Person","@id":"https:\/\/www.estrategiaconcursos.com.br\/blog\/#\/schema\/person\/b8a108568861dcf9ea0bc08399a7923b","name":"Vicente Camillo","image":{"@type":"ImageObject","inLanguage":"pt-BR","@id":"https:\/\/secure.gravatar.com\/avatar\/468a0239829de687ea87ca16fca161044431e49a078c185df9f7ebdca3918c68?s=96&d=mm&r=g","url":"https:\/\/secure.gravatar.com\/avatar\/468a0239829de687ea87ca16fca161044431e49a078c185df9f7ebdca3918c68?s=96&d=mm&r=g","contentUrl":"https:\/\/secure.gravatar.com\/avatar\/468a0239829de687ea87ca16fca161044431e49a078c185df9f7ebdca3918c68?s=96&d=mm&r=g","caption":"Vicente Camillo"},"url":"https:\/\/www.estrategiaconcursos.com.br\/blog\/author\/vicentecamilloestrategiaconcursos-com-br\/"}]}},"_links":{"self":[{"href":"https:\/\/www.estrategiaconcursos.com.br\/blog\/wp-json\/wp\/v2\/posts\/76996","targetHints":{"allow":["GET"]}}],"collection":[{"href":"https:\/\/www.estrategiaconcursos.com.br\/blog\/wp-json\/wp\/v2\/posts"}],"about":[{"href":"https:\/\/www.estrategiaconcursos.com.br\/blog\/wp-json\/wp\/v2\/types\/post"}],"author":[{"embeddable":true,"href":"https:\/\/www.estrategiaconcursos.com.br\/blog\/wp-json\/wp\/v2\/users\/127"}],"replies":[{"embeddable":true,"href":"https:\/\/www.estrategiaconcursos.com.br\/blog\/wp-json\/wp\/v2\/comments?post=76996"}],"version-history":[{"count":2,"href":"https:\/\/www.estrategiaconcursos.com.br\/blog\/wp-json\/wp\/v2\/posts\/76996\/revisions"}],"predecessor-version":[{"id":151816,"href":"https:\/\/www.estrategiaconcursos.com.br\/blog\/wp-json\/wp\/v2\/posts\/76996\/revisions\/151816"}],"wp:attachment":[{"href":"https:\/\/www.estrategiaconcursos.com.br\/blog\/wp-json\/wp\/v2\/media?parent=76996"}],"wp:term":[{"taxonomy":"category","embeddable":true,"href":"https:\/\/www.estrategiaconcursos.com.br\/blog\/wp-json\/wp\/v2\/categories?post=76996"},{"taxonomy":"post_tag","embeddable":true,"href":"https:\/\/www.estrategiaconcursos.com.br\/blog\/wp-json\/wp\/v2\/tags?post=76996"},{"taxonomy":"tax_estado","embeddable":true,"href":"https:\/\/www.estrategiaconcursos.com.br\/blog\/wp-json\/wp\/v2\/tax_estado?post=76996"}],"curies":[{"name":"wp","href":"https:\/\/api.w.org\/{rel}","templated":true}]}}