{"id":768035,"date":"2021-06-25T10:23:00","date_gmt":"2021-06-25T13:23:00","guid":{"rendered":"https:\/\/www.estrategiaconcursos.com.br\/blog\/?p=768035"},"modified":"2022-09-01T15:48:26","modified_gmt":"2022-09-01T18:48:26","slug":"exoneracao-e-outras-vacancias-de-cargos-publicos","status":"publish","type":"post","link":"https:\/\/www.estrategiaconcursos.com.br\/blog\/exoneracao-e-outras-vacancias-de-cargos-publicos\/","title":{"rendered":"Exonera\u00e7\u00e3o e outras vac\u00e2ncias de cargos p\u00fablicos"},"content":{"rendered":"\n<h2 class=\"wp-block-heading\" id=\"h-ideias-iniciais\"><strong>Ideias Iniciais<\/strong><\/h2>\n\n\n\n<p>Como est\u00e3o, caros estrategistas? Tudo em ordem? Espero que sim. O objetivo deste texto \u00e9 discorrer sobre a <strong>exonera\u00e7\u00e3o<\/strong> de cargo p\u00fablico, bem como as <strong>demais vac\u00e2ncias<\/strong> de cargos p\u00fablicos conhecidos no direito administrativo brasileiro.<\/p>\n\n\n\n<p>Quando se fala em <strong>vac\u00e2ncia<\/strong>, em servi\u00e7o p\u00fablico, se quer dizer: <strong>cargo vago<\/strong>, dispon\u00edvel, aguardando um pr\u00f3ximo ocupante. N\u00e3o \u00e9 poss\u00edvel um aprovado em concurso p\u00fablico ser nomeado e tomar posse <strong>sem <\/strong>que haja<strong> cargo p\u00fablico vago.<\/strong><\/p>\n\n\n\n<p>Ao se referir ao termo cargo p\u00fablico, \u00e9 preciso compreender que na m\u00e1quina p\u00fablica existem os cargos p\u00fablicos de provimento efetivo ou de carreira, que somente podem ser ocupados por servidores p\u00fablicos concursados. E existem cargos p\u00fablicos em comiss\u00e3o, que podem ser ocupados por qualquer pessoa nomeada por um agente pol\u00edtico (que pode ser um membro do poder executivo ou do poder legislativo), para ocupar fun\u00e7\u00f5es de chefia, dire\u00e7\u00e3o e assessoramento. Para estes cargos, a rela\u00e7\u00e3o de confian\u00e7a entre autoridade nomeante e nomeado substitui a necessidade do concurso p\u00fablico.<\/p>\n\n\n\n<p>A <a href=\"http:\/\/www.planalto.gov.br\/ccivil_03\/constituicao\/constituicao.htm\">Constitui\u00e7\u00e3o Federal de 1988 (CF\/88)<\/a> exp\u00f5e de forma sucinta estes pontos, em seu artigo 37: \u201cA administra\u00e7\u00e3o p\u00fablica direta e indireta de qualquer dos Poderes da Uni\u00e3o, dos Estados, do Distrito Federal e dos Munic\u00edpios obedecer\u00e1 aos princ\u00edpios de legalidade, impessoalidade, moralidade, publicidade e efici\u00eancia e, tamb\u00e9m, ao seguinte:<\/p>\n\n\n\n<p>I &#8211; os cargos, empregos e fun\u00e7\u00f5es p\u00fablicas s\u00e3o acess\u00edveis aos brasileiros que preencham os requisitos estabelecidos em lei, assim como aos estrangeiros, na forma da lei;<\/p>\n\n\n\n<p>II &#8211; a investidura em cargo ou emprego p\u00fablico depende de aprova\u00e7\u00e3o pr\u00e9via em concurso p\u00fablico de provas ou de provas e t\u00edtulos, de acordo com a natureza e a complexidade do cargo ou emprego, na forma prevista em lei, ressalvadas as nomea\u00e7\u00f5es para cargo em comiss\u00e3o declarado em lei de livre nomea\u00e7\u00e3o e exonera\u00e7\u00e3o;<\/p>\n\n\n\n<p>(&#8230;)<\/p>\n\n\n\n<p>V &#8211; os cargos em comiss\u00e3o e as fun\u00e7\u00f5es de confian\u00e7a ser\u00e3o exercidos, preferencialmente, por servidores ocupantes de cargo de carreira t\u00e9cnica ou profissional, nos casos e condi\u00e7\u00f5es previstos em lei;<\/p>\n\n\n\n<p>V &#8211; as fun\u00e7\u00f5es de confian\u00e7a, exercidas exclusivamente por servidores ocupantes de cargo efetivo, e os cargos em comiss\u00e3o, a serem preenchidos por servidores de carreira nos casos, condi\u00e7\u00f5es e percentuais m\u00ednimos previstos em lei, destinam-se apenas \u00e0s atribui\u00e7\u00f5es de dire\u00e7\u00e3o, chefia e assessoramento;\u201d<\/p>\n\n\n\n<figure class=\"wp-block-image size-large\"><img loading=\"lazy\" decoding=\"async\" width=\"1024\" height=\"433\" src=\"https:\/\/dhg1h5j42swfq.cloudfront.net\/2021\/06\/15202337\/vacancias-para-prover-cargos-1024x433.jpg\" alt=\"Para que haja cargo p\u00fablico dispon\u00edvel, ele tem que estar vago - tem que ter vac\u00e2ncia.\" class=\"wp-image-768090\" srcset=\"https:\/\/dhg1h5j42swfq.cloudfront.net\/2021\/06\/15202337\/vacancias-para-prover-cargos-1024x433.jpg 1024w, https:\/\/dhg1h5j42swfq.cloudfront.net\/2021\/06\/15202337\/vacancias-para-prover-cargos-300x127.jpg 300w, https:\/\/dhg1h5j42swfq.cloudfront.net\/2021\/06\/15202337\/vacancias-para-prover-cargos-768x325.jpg 768w, https:\/\/dhg1h5j42swfq.cloudfront.net\/2021\/06\/15202337\/vacancias-para-prover-cargos-1536x650.jpg 1536w, https:\/\/dhg1h5j42swfq.cloudfront.net\/2021\/06\/15202337\/vacancias-para-prover-cargos-2048x867.jpg 2048w, https:\/\/dhg1h5j42swfq.cloudfront.net\/2021\/06\/15202337\/vacancias-para-prover-cargos-610x258.jpg 610w\" sizes=\"auto, (max-width: 1024px) 100vw, 1024px\" \/><figcaption>Para que haja cargo p\u00fablico dispon\u00edvel, ele tem que estar vago &#8211; tem que ter vac\u00e2ncia.<\/figcaption><\/figure>\n\n\n\n<h2 class=\"wp-block-heading\" id=\"h-exoneracao-a-vacancia-mais-simples\"><strong>Exonera\u00e7\u00e3o<\/strong>: a vac\u00e2ncia mais simples<\/h2>\n\n\n\n<p>Para melhor explicarmos o que \u00e9 exonera\u00e7\u00e3o e outras vac\u00e2ncias, \u00e9 necess\u00e1rio antes entender os termos. Tais termos s\u00e3o explicitados pela legisla\u00e7\u00e3o federal que trata do servidor p\u00fablico de cargo de provimento efetivo ou de carreira, a lei federal <a href=\"http:\/\/www.planalto.gov.br\/ccivil_03\/leis\/l8112cons.htm\">n\u00ba 8112\/1990<\/a>.<\/p>\n\n\n\n<p>Vac\u00e2ncia \u00e9 situa\u00e7\u00e3o que atesta a exist\u00eancia de cargo p\u00fablico vago. E somente quando h\u00e1 um cargo p\u00fablico vago, que ele pode ser preenchido. A lei n\u00ba <a href=\"http:\/\/www.planalto.gov.br\/ccivil_03\/leis\/l8112cons.htm\">8112\/1990<\/a> previa nove causas de vac\u00e2ncia de cargo p\u00fablico. Entre as causas de vac\u00e2ncia originalmente previstas na lei, existiam as seguintes: <strong>exonera\u00e7\u00e3o, demiss\u00e3o, promo\u00e7\u00e3o, ascens\u00e3o e transfer\u00eancia<\/strong> (estas duas foram retiradas da lei), <strong>readapta\u00e7\u00e3o, aposentadoria, posse em outro cargo inacumul\u00e1vel<\/strong> e <strong>falecimento<\/strong>.<\/p>\n\n\n\n<p>A <strong>exonera\u00e7\u00e3o<\/strong> \u00e9 talvez a mais simples e comum das causas de vac\u00e2ncia de cargo p\u00fablico, tanto no caso do servidor de cargo p\u00fablico efetivo ou de carreira, como no caso do servidor de cargo em comiss\u00e3o. A vac\u00e2ncia oriunda da <strong>exonera\u00e7\u00e3o<\/strong> \u00e9 a <strong>dispensa<\/strong> do servidor, ou o <strong>pedido de sa\u00edda<\/strong> do servidor p\u00fablico. Ou seja, a exonera\u00e7\u00e3o se d\u00e1 quando o servidor n\u00e3o quer continuar o exerc\u00edcio de suas fun\u00e7\u00f5es, ou quando, em circunst\u00e2ncias espec\u00edficas, n\u00e3o atende a determinados requisitos de seu desempenho.<\/p>\n\n\n\n<p>\u00c9 importante lembrar que o servidor de <strong>cargo de provimento efetivo<\/strong> ou de carreira se diferencia do servidor de cargo em comiss\u00e3o, entre outras coisas, porque precisa se submeter a <strong>est\u00e1gio probat\u00f3rio<\/strong>, que compreende um per\u00edodo de <strong>3 anos<\/strong>, em que seu desempenho ser\u00e1 avaliado. Se <strong>aprovado<\/strong>, ele ser\u00e1 <strong>est\u00e1vel<\/strong> no cargo p\u00fablico ocupado, conforme explicitado no art. 41 da CF\/88: \u201cS\u00e3o est\u00e1veis ap\u00f3s tr\u00eas anos de efetivo exerc\u00edcio os servidores nomeados para cargo de provimento efetivo em virtude de concurso p\u00fablico<\/p>\n\n\n\n<p>\u00a7 1\u00ba O servidor p\u00fablico est\u00e1vel s\u00f3 perder\u00e1 o cargo<\/p>\n\n\n\n<p>I &#8211; em virtude de senten\u00e7a judicial transitada em julgado;<\/p>\n\n\n\n<p>II &#8211; mediante processo administrativo em que lhe seja assegurada ampla defesa<\/p>\n\n\n\n<p>III &#8211; mediante procedimento de avalia\u00e7\u00e3o peri\u00f3dica de desempenho, na forma de lei complementar, assegurada ampla defesa;\u201d<\/p>\n\n\n\n<p>Desta forma, \u00e9 poss\u00edvel depreender que o <strong>servidor p\u00fablico de carreira<\/strong> <strong>n\u00e3o \u00e9 exonerado<\/strong> de <strong>of\u00edcio<\/strong> depois de atingir a <strong>estabilidade<\/strong>. No caso do servidor de cargo de provimento efetivo ou de carreira a <strong>exonera\u00e7\u00e3o<\/strong> se d\u00e1 <strong>a pedido<\/strong>, ou <strong>de of\u00edcio<\/strong> pela administra\u00e7\u00e3o, de duas formas: quando <strong>n\u00e3o satisfeitas<\/strong> as <strong>condi\u00e7\u00f5es<\/strong> do <strong>est\u00e1gio probat\u00f3rio<\/strong>; ou, quando, tendo <strong>tomado posse<\/strong>, o servidor <strong>n\u00e3o entrar<\/strong> em <strong>exerc\u00edcio<\/strong> no <strong>prazo<\/strong> estabelecido.<\/p>\n\n\n\n<p>De maneira diferente, o servidor de <strong>cargo em comiss\u00e3o<\/strong> pode ter a sua <strong>exonera\u00e7\u00e3o<\/strong> de duas formas: <strong>a ju\u00edzo<\/strong> da <strong>pr\u00f3pria<\/strong> <strong>autoridade<\/strong> competente, ou a <strong>pedido<\/strong> do <strong>pr\u00f3prio servidor<\/strong>. E isso pode ocorrer a <strong>qualquer tempo<\/strong>. Como a rela\u00e7\u00e3o \u00e9 de <strong>confian\u00e7a<\/strong> entre autoridade <strong>nomeante<\/strong> e este tipo de <strong>servidor<\/strong>, a autoridade pode concluir que n\u00e3o vale mais a pena continuar com este servidor, e exoner\u00e1-lo <strong>quando bem quiser<\/strong>. Por esse motivo, estes cargos tamb\u00e9m s\u00e3o chamados de <strong>\u201clivre provimento\u201d<\/strong>: como a autoridade pode dispensar o servidor quando quiser, essa rela\u00e7\u00e3o entre nomeante e nomeado \u00e9 prec\u00e1ria, ef\u00eamera.<\/p>\n\n\n\n<figure class=\"wp-block-image size-large\"><img loading=\"lazy\" decoding=\"async\" width=\"1024\" height=\"349\" src=\"https:\/\/dhg1h5j42swfq.cloudfront.net\/2021\/06\/15202517\/chegou-a-hora-1024x349.jpg\" alt=\"Quando o servidor passa em outro concurso mais interessante e \u00e9 nomeado, pede-se exonera\u00e7\u00e3o.\" class=\"wp-image-768092\" srcset=\"https:\/\/dhg1h5j42swfq.cloudfront.net\/2021\/06\/15202517\/chegou-a-hora-1024x349.jpg 1024w, https:\/\/dhg1h5j42swfq.cloudfront.net\/2021\/06\/15202517\/chegou-a-hora-300x102.jpg 300w, https:\/\/dhg1h5j42swfq.cloudfront.net\/2021\/06\/15202517\/chegou-a-hora-768x262.jpg 768w, https:\/\/dhg1h5j42swfq.cloudfront.net\/2021\/06\/15202517\/chegou-a-hora-1536x524.jpg 1536w, https:\/\/dhg1h5j42swfq.cloudfront.net\/2021\/06\/15202517\/chegou-a-hora-2048x698.jpg 2048w, https:\/\/dhg1h5j42swfq.cloudfront.net\/2021\/06\/15202517\/chegou-a-hora-610x208.jpg 610w\" sizes=\"auto, (max-width: 1024px) 100vw, 1024px\" \/><figcaption>Quando o servidor passa em outro concurso mais interessante e \u00e9 nomeado, pede exonera\u00e7\u00e3o.<\/figcaption><\/figure>\n\n\n\n<h2 class=\"wp-block-heading\" id=\"h-outras-causas-de-vacancias-existentes-alem-da-exoneracao\"><strong><\/strong><strong>Outras causas de vac\u00e2ncias existentes<\/strong> al\u00e9m da exonera\u00e7\u00e3o<\/h2>\n\n\n\n<p>Falando de outras formas de vac\u00e2ncia, a <strong>demiss\u00e3o<\/strong> \u00e9 bastante diferente da exonera\u00e7\u00e3o: no setor privado, uma demiss\u00e3o pode soar analogamente \u00e0 uma exonera\u00e7\u00e3o \u2013 mas a vac\u00e2ncia da demiss\u00e3o carrega um vi\u00e9s de <strong>puni\u00e7\u00e3o<\/strong>. O servidor p\u00fablico de provimento efetivo somente \u00e9 demitido quando comete faltas disciplinares, contraven\u00e7\u00f5es ou at\u00e9 mesmo crimes, que ser\u00e3o investigadas por uma comiss\u00e3o de at\u00e9 3 servidores est\u00e1veis (seus pares), que investigam as circunst\u00e2ncias do caso que pode levar \u00e0 demiss\u00e3o. A <strong>demiss\u00e3o <\/strong>\u00e9 a <strong>puni\u00e7\u00e3o<\/strong> do <strong>servidor faltoso<\/strong>.<\/p>\n\n\n\n<p>S\u00f3 mais uma nota aqui: e se o servidor se <strong>aposentou<\/strong> <strong>antes<\/strong> que a administra\u00e7\u00e3o <strong>descubra<\/strong> alguma <strong>falta<\/strong> pun\u00edvel com a <strong>demiss\u00e3o<\/strong>, se estivesse na atividade? Bom, caso ainda n\u00e3o tenha ocorrido a prescri\u00e7\u00e3o do direito da administra\u00e7\u00e3o de investigar a situa\u00e7\u00e3o (prazo para a administra\u00e7\u00e3o investigar normalmente \u00e9 de 5 anos de quando os fatos s\u00e3o conhecidos pela administra\u00e7\u00e3o), e a conclus\u00e3o do processo termine com a <strong>condena\u00e7\u00e3o<\/strong> do <strong>servidor aposentado<\/strong>, ser\u00e1 promovida a <strong>cassa\u00e7\u00e3o da aposentadoria<\/strong>, que seria o equivalente \u00e0 <strong>demiss\u00e3o <\/strong>do servidor <strong>aposentado.<\/strong><\/p>\n\n\n\n<p>A <strong>promo\u00e7\u00e3o<\/strong> \u00e9 o crescimento profissional do servidor de cargo de provimento efetivo: indica que ele aumenta sua import\u00e2ncia, seja por assumir uma grada\u00e7\u00e3o no n\u00edvel do cargo em que est\u00e1, ou quando assume uma posi\u00e7\u00e3o hier\u00e1rquica superior \u00e0 que se encontra. A <strong>promo\u00e7\u00e3o <\/strong>tira o servidor de sua posi\u00e7\u00e3o, porque ele vai assumir outra mais importante.<\/p>\n\n\n\n<p>A <strong>readapta\u00e7\u00e3o<\/strong> pressup\u00f5e alguma circunst\u00e2ncia inesperada que tirou as condi\u00e7\u00f5es f\u00edsicas ou psicol\u00f3gicas sob as quais normalmente o servidor de cargo p\u00fablico est\u00e1vel exercia suas fun\u00e7\u00f5es. Por exemplo, o servidor em quest\u00e3o pode sofrer um acidente que retire parte de sua mobilidade; ou pode sofrer uma enfermidade que exija algum tratamento ou cirurgia que limite temporariamente ou permanentemente suas capacidades laborais. Pode haver, no ente em que o servidor est\u00e1 lotado, outro cargo equivalente em fun\u00e7\u00f5es e vencimentos em que ele possa ser realocado, ou <strong>readaptado<\/strong>, de forma a se manter produtivo.<\/p>\n\n\n\n<p>A <strong>aposentadoria<\/strong> \u00e9 o encerramento da carreira do servidor, que pode se dar de duas formas: a pedido, de forma volunt\u00e1ria, desde que adquiridas as condi\u00e7\u00f5es que possibilitem a aposentadoria (tempo de servi\u00e7o p\u00fablico e tempo de servi\u00e7o no cargo), ou de forma compuls\u00f3ria, aos 70 anos, ou aos 75 anos, na forma de Lei Complementar.<\/p>\n\n\n\n<figure class=\"wp-block-image size-large\"><img loading=\"lazy\" decoding=\"async\" width=\"1024\" height=\"796\" src=\"https:\/\/dhg1h5j42swfq.cloudfront.net\/2021\/06\/15202639\/retirement-4711057-1024x796.jpg\" alt=\"A aposentadoria tamb\u00e9m \u00e9 uma das causas de vac\u00e2ncia de cargo p\u00fablico - volunt\u00e1ria ou compuls\u00f3ria.\" class=\"wp-image-768094\" srcset=\"https:\/\/dhg1h5j42swfq.cloudfront.net\/2021\/06\/15202639\/retirement-4711057-1024x796.jpg 1024w, https:\/\/dhg1h5j42swfq.cloudfront.net\/2021\/06\/15202639\/retirement-4711057-300x233.jpg 300w, https:\/\/dhg1h5j42swfq.cloudfront.net\/2021\/06\/15202639\/retirement-4711057-768x597.jpg 768w, https:\/\/dhg1h5j42swfq.cloudfront.net\/2021\/06\/15202639\/retirement-4711057-1536x1194.jpg 1536w, https:\/\/dhg1h5j42swfq.cloudfront.net\/2021\/06\/15202639\/retirement-4711057-2048x1593.jpg 2048w, https:\/\/dhg1h5j42swfq.cloudfront.net\/2021\/06\/15202639\/retirement-4711057-610x474.jpg 610w\" sizes=\"auto, (max-width: 1024px) 100vw, 1024px\" \/><figcaption>A aposentadoria tamb\u00e9m \u00e9 uma das causas de vac\u00e2ncia de cargo p\u00fablico. Pode ser volunt\u00e1ria ou compuls\u00f3ria.<\/figcaption><\/figure>\n\n\n\n<p>A <strong>posse em outro cargo inacumul\u00e1vel<\/strong> se d\u00e1 quando o servidor, obviamente, ocupa dois cargos que ele n\u00e3o pode acumular. A CF\/88 e a lei n\u00ba 8112\/1990 em regra n\u00e3o permitem a acumula\u00e7\u00e3o de cargos, permitindo somente algumas exce\u00e7\u00f5es, se houver compatibilidade de hor\u00e1rios: a de dois cargos de professor; a de um cargo de professor com outro t\u00e9cnico ou cient\u00edfico; e a de dois cargos de profissionais privativos da \u00e1rea de sa\u00fade, devidamente regulamentados. Fora destas exce\u00e7\u00f5es admitidas na lei e na CF\/88, acumula\u00e7\u00e3o de cargos inacumul\u00e1veis pode levar a um processo administrativo que exigir\u00e1 do servidor de cargo de carreira que escolha o cargo em que permanecer\u00e1.<\/p>\n\n\n\n<p>Por derradeiro, h\u00e1 tamb\u00e9m o <strong>falecimento<\/strong>, que interrompe o v\u00ednculo de um servidor com a administra\u00e7\u00e3o p\u00fablica por motivo da morte dele. Em virtude deste acontecimento, fica vago o cargo p\u00fablico.<\/p>\n\n\n\n<h2 class=\"wp-block-heading\" id=\"h-outras-vacancias-extintas-diferentemente-da-exoneracao\"><strong>Outras vac\u00e2ncias extintas<\/strong>, diferentemente da exonera\u00e7\u00e3o<\/h2>\n\n\n\n<p>Na vers\u00e3o original da lei n\u00ba 8112\/1990 havia mais duas causas de vac\u00e2ncias: a <strong>ascens\u00e3o <\/strong>e a <strong>transfer\u00eancia<\/strong>. A <strong>ascens\u00e3o <\/strong>consistia em uma evolu\u00e7\u00e3o na carreira, que possibilitava a hip\u00f3tese de um servidor subir de cargo, assumindo at\u00e9 cargos que n\u00e3o estavam contidos em seu plano original de carreira, mas dentro do mesmo \u00f3rg\u00e3o ou pessoa jur\u00eddica. A <strong>ascens\u00e3o <\/strong>previa a exist\u00eancia de concursos internos dentro do \u00f3rg\u00e3o ou pessoa jur\u00eddica.&nbsp; J\u00e1 a <strong>transfer\u00eancia<\/strong> deixava aberta a possibilidade de o servidor assumir cargos diferentes, de carreiras diferentes, dentro da mesma pessoa jur\u00eddica ou \u00f3rg\u00e3o.<\/p>\n\n\n\n<p>Seria mais ou menos assim: no caso da <strong>ascens\u00e3o<\/strong>, em um departamento de um minist\u00e9rio da sa\u00fade, poderia existir um m\u00e9dico especialista, digamos, um ortopedista. E internamente ocorrer um processo interno para selecionar, entre estes m\u00e9dicos (poder\u00edamos falar em neurologistas, urologistas, ginecologistas, fisioterapeutas, etc.). Na <strong>ascens\u00e3o<\/strong>, um concurso interno poderia selecionar, em todos estes profissionais, qual seria o <strong>m\u00e9dico coordenador<\/strong> de todos esses m\u00e9dicos. A <strong>ascens\u00e3o <\/strong>seria uma mobilidade <strong>vertical<\/strong>, parecida com a <strong>promo\u00e7\u00e3o<\/strong>.<\/p>\n\n\n\n<p>Na <strong>transfer\u00eancia<\/strong>, por outro lado, esse mesmo m\u00e9dico <strong>ortopedista<\/strong>, caso tivesse uma especializa\u00e7\u00e3o tamb\u00e9m de <strong>cardiologista<\/strong>, poderia se candidatar a este cargo \u2013 tamb\u00e9m, \u00e9 claro, por um concurso interno. A <strong>transfer\u00eancia<\/strong> funcionaria como um <strong>aproveitamento<\/strong>, que permitiria que o servidor continuasse trabalhando dentro do mesmo \u00f3rg\u00e3o, em uma fun\u00e7\u00e3o diferente \u2013 uma mobilidade <strong>horizontal<\/strong>.<\/p>\n\n\n\n<p>Ambas estas previs\u00f5es de vac\u00e2ncia foram revogadas pela lei n\u00ba <a href=\"http:\/\/www.planalto.gov.br\/ccivil_03\/leis\/l9527.htm\">9.527\/1997<\/a>. Essa revoga\u00e7\u00e3o foi necess\u00e1ria por conta de a\u00e7\u00f5es judiciais questionando provimentos tanto de &nbsp;<strong>ascens\u00e3o<\/strong> como <strong>transfer\u00eancia<\/strong>. O problema central \u00e9 que ambas estas vac\u00e2ncias poderiam ser realizadas em <strong>detrimento<\/strong> dos concursos p\u00fablicos em geral, ofendendo a <strong>isonomia<\/strong> que \u00e9 uma caracter\u00edstica essencial dos concursos p\u00fablicos. As vac\u00e2ncias destas hip\u00f3teses permitiriam a exist\u00eancia dos famigerados \u201c<strong>trens da alegria<\/strong>\u201d \u2013 situa\u00e7\u00f5es em que servidores poderiam ser beneficiados a depender do chefe do executivo de ocasi\u00e3o, por meio de concursos internos, pr\u00e1tica muitas vezes realizada no passado, quase sem transpar\u00eancia alguma.<\/p>\n\n\n\n<figure class=\"wp-block-image size-large\"><img loading=\"lazy\" decoding=\"async\" width=\"1024\" height=\"683\" src=\"https:\/\/dhg1h5j42swfq.cloudfront.net\/2021\/06\/15203315\/resist-3343411-1024x683.jpg\" alt=\"A ascens\u00e3o e a transfer\u00eancia permitiam situa\u00e7\u00f5es que feriam a isonomia dos concursos.\" class=\"wp-image-768096\" srcset=\"https:\/\/dhg1h5j42swfq.cloudfront.net\/2021\/06\/15203315\/resist-3343411-1024x683.jpg 1024w, https:\/\/dhg1h5j42swfq.cloudfront.net\/2021\/06\/15203315\/resist-3343411-300x200.jpg 300w, https:\/\/dhg1h5j42swfq.cloudfront.net\/2021\/06\/15203315\/resist-3343411-768x512.jpg 768w, https:\/\/dhg1h5j42swfq.cloudfront.net\/2021\/06\/15203315\/resist-3343411-1536x1024.jpg 1536w, https:\/\/dhg1h5j42swfq.cloudfront.net\/2021\/06\/15203315\/resist-3343411-610x407.jpg 610w, https:\/\/dhg1h5j42swfq.cloudfront.net\/2021\/06\/15203315\/resist-3343411.jpg 1920w\" sizes=\"auto, (max-width: 1024px) 100vw, 1024px\" \/><figcaption>A ascens\u00e3o e a transfer\u00eancia permitiam situa\u00e7\u00f5es que feriam a isonomia dos concursos.<\/figcaption><\/figure>\n\n\n\n<p>Por esse motivo, o Supremo Tribunal Federal (STF) considera <strong>inconstitucional<\/strong> qualquer forma de provimento de cargo de carreira ou efetivo que <strong>n\u00e3o<\/strong> seja por meio de <strong>concurso p\u00fablico<\/strong> \u2013 pois dessa forma \u00e9 preservada a <strong>isonomia<\/strong>, condi\u00e7\u00e3o fundamental para uma competi\u00e7\u00e3o entre candidatos a qualquer cargo p\u00fablico de provimento efetivo.<\/p>\n\n\n\n<p>Ricardo Pereira de Oliveira<\/p>\n\n\n\n<h2 class=\"has-text-align-center wp-block-heading\" id=\"h-cursos-e-assinaturas\">Cursos e Assinaturas<\/h2>\n\n\n\n<div class=\"wp-block-columns is-layout-flex wp-container-core-columns-is-layout-28f84493 wp-block-columns-is-layout-flex\">\n<div class=\"wp-block-column is-layout-flow wp-block-column-is-layout-flow\" style=\"flex-basis:100%\">\n<div class=\"wp-block-group is-layout-flow wp-block-group-is-layout-flow\">\n<div class=\"wp-block-columns is-layout-flex wp-container-core-columns-is-layout-28f84493 wp-block-columns-is-layout-flex\">\n<div class=\"wp-block-column is-layout-flow wp-block-column-is-layout-flow\" style=\"flex-basis:100%\">\n<div class=\"container\" id=\"boxes\">\n  <div class=\"row\">\n\n    <div class=\"col-sm\">\n      <div class=\"banner-tribunal\" id=\"box-assinatura\">\n        <h3 class=\"titulo-assinatura\">Cursos para Carreiras Jur\u00eddicas<\/h3>\n        <p class=\"subtitulo-assinatura\">Conhe\u00e7a os cursos<\/p>\n        <div class=\"box-botao\">\n          <a class=\"btn-assinatura\" target=\"_blank\" href=\"https:\/\/www.estrategiaconcursos.com.br\/cursosPorConcurso\/assinaturas-carreira-juridica\/\" rel=\"noopener noreferrer\">Conhe\u00e7a mais<\/a>\n        <\/div>\n      <\/div>\n      <p class=\"texto-auxiliar\">Prepare-se com o melhor material e com quem mais aprova em Concursos P\u00fablicos em todo o pa\u00eds.<\/p>\n    <\/div>\n\n  <\/div>\n<\/div>\n<\/div>\n<\/div>\n<\/div>\n<\/div>\n<\/div>\n\n\n\n<div class=\"container\" id=\"boxes\">\n  <div class=\"row\">\n\n    <div class=\"col-sm\">\n      <div class=\"banner-ecj\" id=\"box-assinatura\">\n        <h3 class=\"titulo-assinatura\">Assinatura Jur\u00eddica <\/h3>\n        <p class=\"subtitulo-assinatura\">Conhe\u00e7a os planos<\/p>\n        <div class=\"box-botao\">\n          <a class=\"btn-assinatura\" target=\"_blank\" href=\"https:\/\/www.estrategiaconcursos.com.br\/assinaturas-ecj\/\" role=\"button\" rel=\"noopener noreferrer\">Conhe\u00e7a mais<\/a>\n        <\/div>\n      <\/div>\n      <p class=\"texto-auxiliar\">Prepare-se com o melhor material e com quem mais aprova em Concursos P\u00fablicos em todo o pa\u00eds. \n<\/p>\n    <\/div>\n\n  <\/div>\n<\/div>\n\n\n\n<p>At\u00e9 mais!!<\/p>\n","protected":false},"excerpt":{"rendered":"<p>Ideias Iniciais Como est\u00e3o, caros estrategistas? Tudo em ordem? Espero que sim. O objetivo deste texto \u00e9 discorrer sobre a exonera\u00e7\u00e3o de cargo p\u00fablico, bem como as demais vac\u00e2ncias de cargos p\u00fablicos conhecidos no direito administrativo brasileiro. Quando se fala em vac\u00e2ncia, em servi\u00e7o p\u00fablico, se quer dizer: cargo vago, dispon\u00edvel, aguardando um pr\u00f3ximo ocupante. [&hellip;]<\/p>\n","protected":false},"author":1979,"featured_media":768088,"comment_status":"open","ping_status":"closed","sticky":false,"template":"","format":"standard","meta":{"post_tipo":"article","footnotes":""},"categories":[220192,1,220180,164300,3766,214992,220181,1983,220182,220183,2185,220016,220193,220194,220195,220196,220197,2017,220188,1988,220189,220190,220186,220187,220191,1981,1984,214710],"tags":[],"tax_estado":[219964,219965,219966,219967,219968,219969,219963,219970,219971,219972,219973,219974,219975,219976,219977,219978,219979,219980,219981,219982,219983,219984,219985,219986,219987,219988,219989,219990],"class_list":["post-768035","post","type-post","status-publish","format-standard","has-post-thumbnail","hentry","category-anpad","category-cursos-e-concursos","category-controle-gestao","category-concurso-diplomacia","category-educacional","category-concursos-administrativos","category-area-financeira","category-fiscal-estadual","category-fiscal-federal","category-fiscal-municipal","category-carreiras-juridicas","category-cartorios","category-defensoria-publica","category-delegado","category-magistratura","category-procuradorias","category-promotor-de-justica","category-concursos-legislativos","category-policial-agente-penitenciario","category-policia","category-policial-guarda-civis","category-policial-peritos","category-policial-oficial","category-policial-pracas","category-previdenciaria","category-saude","category-tribunais","category-tribunais-de-contas","tax_estado-ac","tax_estado-al","tax_estado-am","tax_estado-ap","tax_estado-ba","tax_estado-ce","tax_estado-concursos-federais","tax_estado-df","tax_estado-es","tax_estado-go","tax_estado-ma","tax_estado-mg","tax_estado-ms","tax_estado-mt","tax_estado-pa","tax_estado-pb","tax_estado-pe","tax_estado-pi","tax_estado-pr","tax_estado-rj","tax_estado-rn","tax_estado-ro","tax_estado-rr","tax_estado-rs","tax_estado-sc","tax_estado-se","tax_estado-sp","tax_estado-to"],"acf":[],"yoast_head":"<!-- This site is optimized with the Yoast SEO Premium plugin v27.2 (Yoast SEO v27.2) - https:\/\/yoast.com\/product\/yoast-seo-premium-wordpress\/ -->\n<title>Exonera\u00e7\u00e3o e outras vac\u00e2ncias de cargos p\u00fablicos<\/title>\n<meta name=\"description\" content=\"O objetivo deste texto \u00e9 discorrer sobre a exonera\u00e7\u00e3o e as demais vac\u00e2ncias de cargos p\u00fablicos no direito administrativo brasileiro.\" \/>\n<meta name=\"robots\" content=\"index, follow, max-snippet:-1, max-image-preview:large, max-video-preview:-1\" \/>\n<link rel=\"canonical\" href=\"https:\/\/www.estrategiaconcursos.com.br\/blog\/exoneracao-e-outras-vacancias-de-cargos-publicos\/\" \/>\n<meta property=\"og:locale\" content=\"pt_BR\" \/>\n<meta property=\"og:type\" content=\"article\" \/>\n<meta property=\"og:title\" content=\"Exonera\u00e7\u00e3o e outras vac\u00e2ncias de cargos p\u00fablicos\" \/>\n<meta property=\"og:description\" content=\"O objetivo deste texto \u00e9 discorrer sobre a exonera\u00e7\u00e3o e as demais vac\u00e2ncias de cargos p\u00fablicos no direito administrativo brasileiro.\" \/>\n<meta property=\"og:url\" content=\"https:\/\/www.estrategiaconcursos.com.br\/blog\/exoneracao-e-outras-vacancias-de-cargos-publicos\/\" \/>\n<meta property=\"og:site_name\" content=\"Estrat\u00e9gia Concursos\" \/>\n<meta property=\"article:published_time\" content=\"2021-06-25T13:23:00+00:00\" \/>\n<meta property=\"article:modified_time\" content=\"2022-09-01T18:48:26+00:00\" \/>\n<meta property=\"og:image\" content=\"https:\/\/dhg1h5j42swfq.cloudfront.net\/2021\/06\/15201131\/hr-process-4783430.png\" \/>\n\t<meta property=\"og:image:width\" content=\"5836\" \/>\n\t<meta property=\"og:image:height\" content=\"3889\" \/>\n\t<meta property=\"og:image:type\" content=\"image\/png\" \/>\n<meta name=\"author\" content=\"Ricardo Pereira de Oliveira\" \/>\n<meta name=\"twitter:card\" content=\"summary_large_image\" \/>\n<meta name=\"twitter:creator\" content=\"@EstratConcursos\" \/>\n<meta name=\"twitter:site\" content=\"@EstratConcursos\" \/>\n<meta name=\"twitter:label1\" content=\"Escrito por\" \/>\n\t<meta name=\"twitter:data1\" content=\"Ricardo Pereira de Oliveira\" \/>\n\t<meta name=\"twitter:label2\" content=\"Est. tempo de leitura\" \/>\n\t<meta name=\"twitter:data2\" content=\"10 minutos\" \/>\n<script type=\"application\/ld+json\" class=\"yoast-schema-graph\">{\"@context\":\"https:\/\/schema.org\",\"@graph\":[{\"@type\":\"NewsArticle\",\"@id\":\"https:\/\/www.estrategiaconcursos.com.br\/blog\/exoneracao-e-outras-vacancias-de-cargos-publicos\/#article\",\"isPartOf\":{\"@id\":\"https:\/\/www.estrategiaconcursos.com.br\/blog\/exoneracao-e-outras-vacancias-de-cargos-publicos\/\"},\"author\":{\"name\":\"Ricardo Pereira de Oliveira\",\"@id\":\"https:\/\/www.estrategiaconcursos.com.br\/blog\/#\/schema\/person\/bddec4cfff57a846dbc506e0bc7a5b36\"},\"headline\":\"Exonera\u00e7\u00e3o e outras vac\u00e2ncias de cargos p\u00fablicos\",\"datePublished\":\"2021-06-25T13:23:00+00:00\",\"dateModified\":\"2022-09-01T18:48:26+00:00\",\"mainEntityOfPage\":{\"@id\":\"https:\/\/www.estrategiaconcursos.com.br\/blog\/exoneracao-e-outras-vacancias-de-cargos-publicos\/\"},\"wordCount\":2158,\"commentCount\":0,\"publisher\":{\"@id\":\"https:\/\/www.estrategiaconcursos.com.br\/blog\/#organization\"},\"image\":{\"@id\":\"https:\/\/www.estrategiaconcursos.com.br\/blog\/exoneracao-e-outras-vacancias-de-cargos-publicos\/#primaryimage\"},\"thumbnailUrl\":\"https:\/\/dhg1h5j42swfq.cloudfront.net\/2021\/06\/15201131\/hr-process-4783430.png\",\"articleSection\":[\"ANPAD\",\"Concursos P\u00fablicos\",\"Controladorias\/Gest\u00e3o (CGU, CGE, STN, EPPGG)\",\"Diplomacia (CACD)\",\"Educa\u00e7\u00e3o\",\"Executivo (Administrativa)\",\"Financeira (BACEN, CVM, SUSEP e BNDES)\",\"Fiscal - Estadual (ICMS)\",\"Fiscal - Federal (RFB e AFT)\",\"Fiscal - Municipal (ISS)\",\"Jur\u00eddico\",\"Jur\u00eddico - Cart\u00f3rios\",\"Jur\u00eddico - Defensoria P\u00fablica\",\"Jur\u00eddico - Delegado\",\"Jur\u00eddico - Magistratura\",\"Jur\u00eddico - Procuradorias\",\"Jur\u00eddico - Promotor de Justi\u00e7a\",\"Legislativo\",\"Policial (Agente Penitenci\u00e1rio)\",\"Policial (Agente, Escriv\u00e3o e Investigador)\",\"Policial (Guardas Civis)\",\"Policial (Peritos, Papiloscopistas)\",\"Policial (PM\/BM - Oficial)\",\"Policial (PM\/BM - Pra\u00e7as)\",\"Previdenci\u00e1ria (INSS, PREVIC)\",\"Sa\u00fade\",\"Tribunais\",\"Tribunais de Contas (TCU, TCE, TCM)\"],\"inLanguage\":\"pt-BR\",\"potentialAction\":[{\"@type\":\"CommentAction\",\"name\":\"Comment\",\"target\":[\"https:\/\/www.estrategiaconcursos.com.br\/blog\/exoneracao-e-outras-vacancias-de-cargos-publicos\/#respond\"]}],\"copyrightYear\":\"2021\",\"copyrightHolder\":{\"@id\":\"https:\/\/www.estrategiaconcursos.com.br\/blog\/#organization\"}},{\"@type\":\"WebPage\",\"@id\":\"https:\/\/www.estrategiaconcursos.com.br\/blog\/exoneracao-e-outras-vacancias-de-cargos-publicos\/\",\"url\":\"https:\/\/www.estrategiaconcursos.com.br\/blog\/exoneracao-e-outras-vacancias-de-cargos-publicos\/\",\"name\":\"Exonera\u00e7\u00e3o e outras vac\u00e2ncias de cargos p\u00fablicos\",\"isPartOf\":{\"@id\":\"https:\/\/www.estrategiaconcursos.com.br\/blog\/#website\"},\"primaryImageOfPage\":{\"@id\":\"https:\/\/www.estrategiaconcursos.com.br\/blog\/exoneracao-e-outras-vacancias-de-cargos-publicos\/#primaryimage\"},\"image\":{\"@id\":\"https:\/\/www.estrategiaconcursos.com.br\/blog\/exoneracao-e-outras-vacancias-de-cargos-publicos\/#primaryimage\"},\"thumbnailUrl\":\"https:\/\/dhg1h5j42swfq.cloudfront.net\/2021\/06\/15201131\/hr-process-4783430.png\",\"datePublished\":\"2021-06-25T13:23:00+00:00\",\"dateModified\":\"2022-09-01T18:48:26+00:00\",\"description\":\"O objetivo deste texto \u00e9 discorrer sobre a exonera\u00e7\u00e3o e as demais vac\u00e2ncias de cargos p\u00fablicos no direito administrativo brasileiro.\",\"breadcrumb\":{\"@id\":\"https:\/\/www.estrategiaconcursos.com.br\/blog\/exoneracao-e-outras-vacancias-de-cargos-publicos\/#breadcrumb\"},\"inLanguage\":\"pt-BR\",\"potentialAction\":[{\"@type\":\"ReadAction\",\"target\":[\"https:\/\/www.estrategiaconcursos.com.br\/blog\/exoneracao-e-outras-vacancias-de-cargos-publicos\/\"]}]},{\"@type\":\"ImageObject\",\"inLanguage\":\"pt-BR\",\"@id\":\"https:\/\/www.estrategiaconcursos.com.br\/blog\/exoneracao-e-outras-vacancias-de-cargos-publicos\/#primaryimage\",\"url\":\"https:\/\/dhg1h5j42swfq.cloudfront.net\/2021\/06\/15201131\/hr-process-4783430.png\",\"contentUrl\":\"https:\/\/dhg1h5j42swfq.cloudfront.net\/2021\/06\/15201131\/hr-process-4783430.png\",\"width\":5836,\"height\":3889},{\"@type\":\"BreadcrumbList\",\"@id\":\"https:\/\/www.estrategiaconcursos.com.br\/blog\/exoneracao-e-outras-vacancias-de-cargos-publicos\/#breadcrumb\",\"itemListElement\":[{\"@type\":\"ListItem\",\"position\":1,\"name\":\"In\u00edcio\",\"item\":\"https:\/\/www.estrategiaconcursos.com.br\/blog\/\"},{\"@type\":\"ListItem\",\"position\":2,\"name\":\"Exonera\u00e7\u00e3o e outras vac\u00e2ncias de cargos p\u00fablicos\"}]},{\"@type\":\"WebSite\",\"@id\":\"https:\/\/www.estrategiaconcursos.com.br\/blog\/#website\",\"url\":\"https:\/\/www.estrategiaconcursos.com.br\/blog\/\",\"name\":\"Estrat\u00e9gia Concursos\",\"description\":\"O blog da Estrat\u00e9gia Concursos traz not\u00edcias sobre concursos e artigos de professores oferecendo cursos para concursos (pdf + videaulas) no site.\",\"publisher\":{\"@id\":\"https:\/\/www.estrategiaconcursos.com.br\/blog\/#organization\"},\"potentialAction\":[{\"@type\":\"SearchAction\",\"target\":{\"@type\":\"EntryPoint\",\"urlTemplate\":\"https:\/\/www.estrategiaconcursos.com.br\/blog\/?s={search_term_string}\"},\"query-input\":{\"@type\":\"PropertyValueSpecification\",\"valueRequired\":true,\"valueName\":\"search_term_string\"}}],\"inLanguage\":\"pt-BR\"},{\"@type\":\"Organization\",\"@id\":\"https:\/\/www.estrategiaconcursos.com.br\/blog\/#organization\",\"name\":\"Estrat\u00e9gia Concursos\",\"url\":\"https:\/\/www.estrategiaconcursos.com.br\/blog\/\",\"logo\":{\"@type\":\"ImageObject\",\"inLanguage\":\"pt-BR\",\"@id\":\"https:\/\/www.estrategiaconcursos.com.br\/blog\/#\/schema\/logo\/image\/\",\"url\":\"https:\/\/dhg1h5j42swfq.cloudfront.net\/2025\/06\/03203428\/logo_concursos-1.jpg\",\"contentUrl\":\"https:\/\/dhg1h5j42swfq.cloudfront.net\/2025\/06\/03203428\/logo_concursos-1.jpg\",\"width\":230,\"height\":60,\"caption\":\"Estrat\u00e9gia Concursos\"},\"image\":{\"@id\":\"https:\/\/www.estrategiaconcursos.com.br\/blog\/#\/schema\/logo\/image\/\"},\"sameAs\":[\"https:\/\/x.com\/EstratConcursos\"]},{\"@type\":\"Person\",\"@id\":\"https:\/\/www.estrategiaconcursos.com.br\/blog\/#\/schema\/person\/bddec4cfff57a846dbc506e0bc7a5b36\",\"name\":\"Ricardo Pereira de Oliveira\",\"image\":{\"@type\":\"ImageObject\",\"inLanguage\":\"pt-BR\",\"@id\":\"https:\/\/secure.gravatar.com\/avatar\/a16d5759c3d4edc0896235928b70e4a79ec591848bb173a92801d67dcb8492b1?s=96&d=mm&r=g\",\"url\":\"https:\/\/secure.gravatar.com\/avatar\/a16d5759c3d4edc0896235928b70e4a79ec591848bb173a92801d67dcb8492b1?s=96&d=mm&r=g\",\"contentUrl\":\"https:\/\/secure.gravatar.com\/avatar\/a16d5759c3d4edc0896235928b70e4a79ec591848bb173a92801d67dcb8492b1?s=96&d=mm&r=g\",\"caption\":\"Ricardo Pereira de Oliveira\"},\"description\":\"Formado em Administra\u00e7\u00e3o de Empresas pelo Mackenzie, p\u00f3s-graduado em Marketing pela ESPM. Concurseiro desde 2014. Auditor Fiscal da Receita Municipal de Campo Grande\/MS Ex-Fiscal de Rendas de Tabo\u00e3o da Serra\/SP\",\"url\":\"https:\/\/www.estrategiaconcursos.com.br\/blog\/author\/ricperogmail-com\/\"}]}<\/script>\n<!-- \/ Yoast SEO Premium plugin. -->","yoast_head_json":{"title":"Exonera\u00e7\u00e3o e outras vac\u00e2ncias de cargos p\u00fablicos","description":"O objetivo deste texto \u00e9 discorrer sobre a exonera\u00e7\u00e3o e as demais vac\u00e2ncias de cargos p\u00fablicos no direito administrativo brasileiro.","robots":{"index":"index","follow":"follow","max-snippet":"max-snippet:-1","max-image-preview":"max-image-preview:large","max-video-preview":"max-video-preview:-1"},"canonical":"https:\/\/www.estrategiaconcursos.com.br\/blog\/exoneracao-e-outras-vacancias-de-cargos-publicos\/","og_locale":"pt_BR","og_type":"article","og_title":"Exonera\u00e7\u00e3o e outras vac\u00e2ncias de cargos p\u00fablicos","og_description":"O objetivo deste texto \u00e9 discorrer sobre a exonera\u00e7\u00e3o e as demais vac\u00e2ncias de cargos p\u00fablicos no direito administrativo brasileiro.","og_url":"https:\/\/www.estrategiaconcursos.com.br\/blog\/exoneracao-e-outras-vacancias-de-cargos-publicos\/","og_site_name":"Estrat\u00e9gia Concursos","article_published_time":"2021-06-25T13:23:00+00:00","article_modified_time":"2022-09-01T18:48:26+00:00","og_image":[{"width":5836,"height":3889,"url":"https:\/\/dhg1h5j42swfq.cloudfront.net\/2021\/06\/15201131\/hr-process-4783430.png","type":"image\/png"}],"author":"Ricardo Pereira de Oliveira","twitter_card":"summary_large_image","twitter_creator":"@EstratConcursos","twitter_site":"@EstratConcursos","twitter_misc":{"Escrito por":"Ricardo Pereira de Oliveira","Est. tempo de leitura":"10 minutos"},"schema":{"@context":"https:\/\/schema.org","@graph":[{"@type":"NewsArticle","@id":"https:\/\/www.estrategiaconcursos.com.br\/blog\/exoneracao-e-outras-vacancias-de-cargos-publicos\/#article","isPartOf":{"@id":"https:\/\/www.estrategiaconcursos.com.br\/blog\/exoneracao-e-outras-vacancias-de-cargos-publicos\/"},"author":{"name":"Ricardo Pereira de Oliveira","@id":"https:\/\/www.estrategiaconcursos.com.br\/blog\/#\/schema\/person\/bddec4cfff57a846dbc506e0bc7a5b36"},"headline":"Exonera\u00e7\u00e3o e outras vac\u00e2ncias de cargos p\u00fablicos","datePublished":"2021-06-25T13:23:00+00:00","dateModified":"2022-09-01T18:48:26+00:00","mainEntityOfPage":{"@id":"https:\/\/www.estrategiaconcursos.com.br\/blog\/exoneracao-e-outras-vacancias-de-cargos-publicos\/"},"wordCount":2158,"commentCount":0,"publisher":{"@id":"https:\/\/www.estrategiaconcursos.com.br\/blog\/#organization"},"image":{"@id":"https:\/\/www.estrategiaconcursos.com.br\/blog\/exoneracao-e-outras-vacancias-de-cargos-publicos\/#primaryimage"},"thumbnailUrl":"https:\/\/dhg1h5j42swfq.cloudfront.net\/2021\/06\/15201131\/hr-process-4783430.png","articleSection":["ANPAD","Concursos P\u00fablicos","Controladorias\/Gest\u00e3o (CGU, CGE, STN, EPPGG)","Diplomacia (CACD)","Educa\u00e7\u00e3o","Executivo (Administrativa)","Financeira (BACEN, CVM, SUSEP e BNDES)","Fiscal - Estadual (ICMS)","Fiscal - Federal (RFB e AFT)","Fiscal - Municipal (ISS)","Jur\u00eddico","Jur\u00eddico - Cart\u00f3rios","Jur\u00eddico - Defensoria P\u00fablica","Jur\u00eddico - Delegado","Jur\u00eddico - Magistratura","Jur\u00eddico - Procuradorias","Jur\u00eddico - Promotor de Justi\u00e7a","Legislativo","Policial (Agente Penitenci\u00e1rio)","Policial (Agente, Escriv\u00e3o e Investigador)","Policial (Guardas Civis)","Policial (Peritos, Papiloscopistas)","Policial (PM\/BM - Oficial)","Policial (PM\/BM - Pra\u00e7as)","Previdenci\u00e1ria (INSS, PREVIC)","Sa\u00fade","Tribunais","Tribunais de Contas (TCU, TCE, TCM)"],"inLanguage":"pt-BR","potentialAction":[{"@type":"CommentAction","name":"Comment","target":["https:\/\/www.estrategiaconcursos.com.br\/blog\/exoneracao-e-outras-vacancias-de-cargos-publicos\/#respond"]}],"copyrightYear":"2021","copyrightHolder":{"@id":"https:\/\/www.estrategiaconcursos.com.br\/blog\/#organization"}},{"@type":"WebPage","@id":"https:\/\/www.estrategiaconcursos.com.br\/blog\/exoneracao-e-outras-vacancias-de-cargos-publicos\/","url":"https:\/\/www.estrategiaconcursos.com.br\/blog\/exoneracao-e-outras-vacancias-de-cargos-publicos\/","name":"Exonera\u00e7\u00e3o e outras vac\u00e2ncias de cargos p\u00fablicos","isPartOf":{"@id":"https:\/\/www.estrategiaconcursos.com.br\/blog\/#website"},"primaryImageOfPage":{"@id":"https:\/\/www.estrategiaconcursos.com.br\/blog\/exoneracao-e-outras-vacancias-de-cargos-publicos\/#primaryimage"},"image":{"@id":"https:\/\/www.estrategiaconcursos.com.br\/blog\/exoneracao-e-outras-vacancias-de-cargos-publicos\/#primaryimage"},"thumbnailUrl":"https:\/\/dhg1h5j42swfq.cloudfront.net\/2021\/06\/15201131\/hr-process-4783430.png","datePublished":"2021-06-25T13:23:00+00:00","dateModified":"2022-09-01T18:48:26+00:00","description":"O objetivo deste texto \u00e9 discorrer sobre a exonera\u00e7\u00e3o e as demais vac\u00e2ncias de cargos p\u00fablicos no direito administrativo brasileiro.","breadcrumb":{"@id":"https:\/\/www.estrategiaconcursos.com.br\/blog\/exoneracao-e-outras-vacancias-de-cargos-publicos\/#breadcrumb"},"inLanguage":"pt-BR","potentialAction":[{"@type":"ReadAction","target":["https:\/\/www.estrategiaconcursos.com.br\/blog\/exoneracao-e-outras-vacancias-de-cargos-publicos\/"]}]},{"@type":"ImageObject","inLanguage":"pt-BR","@id":"https:\/\/www.estrategiaconcursos.com.br\/blog\/exoneracao-e-outras-vacancias-de-cargos-publicos\/#primaryimage","url":"https:\/\/dhg1h5j42swfq.cloudfront.net\/2021\/06\/15201131\/hr-process-4783430.png","contentUrl":"https:\/\/dhg1h5j42swfq.cloudfront.net\/2021\/06\/15201131\/hr-process-4783430.png","width":5836,"height":3889},{"@type":"BreadcrumbList","@id":"https:\/\/www.estrategiaconcursos.com.br\/blog\/exoneracao-e-outras-vacancias-de-cargos-publicos\/#breadcrumb","itemListElement":[{"@type":"ListItem","position":1,"name":"In\u00edcio","item":"https:\/\/www.estrategiaconcursos.com.br\/blog\/"},{"@type":"ListItem","position":2,"name":"Exonera\u00e7\u00e3o e outras vac\u00e2ncias de cargos p\u00fablicos"}]},{"@type":"WebSite","@id":"https:\/\/www.estrategiaconcursos.com.br\/blog\/#website","url":"https:\/\/www.estrategiaconcursos.com.br\/blog\/","name":"Estrat\u00e9gia Concursos","description":"O blog da Estrat\u00e9gia Concursos traz not\u00edcias sobre concursos e artigos de professores oferecendo cursos para concursos (pdf + videaulas) no site.","publisher":{"@id":"https:\/\/www.estrategiaconcursos.com.br\/blog\/#organization"},"potentialAction":[{"@type":"SearchAction","target":{"@type":"EntryPoint","urlTemplate":"https:\/\/www.estrategiaconcursos.com.br\/blog\/?s={search_term_string}"},"query-input":{"@type":"PropertyValueSpecification","valueRequired":true,"valueName":"search_term_string"}}],"inLanguage":"pt-BR"},{"@type":"Organization","@id":"https:\/\/www.estrategiaconcursos.com.br\/blog\/#organization","name":"Estrat\u00e9gia Concursos","url":"https:\/\/www.estrategiaconcursos.com.br\/blog\/","logo":{"@type":"ImageObject","inLanguage":"pt-BR","@id":"https:\/\/www.estrategiaconcursos.com.br\/blog\/#\/schema\/logo\/image\/","url":"https:\/\/dhg1h5j42swfq.cloudfront.net\/2025\/06\/03203428\/logo_concursos-1.jpg","contentUrl":"https:\/\/dhg1h5j42swfq.cloudfront.net\/2025\/06\/03203428\/logo_concursos-1.jpg","width":230,"height":60,"caption":"Estrat\u00e9gia Concursos"},"image":{"@id":"https:\/\/www.estrategiaconcursos.com.br\/blog\/#\/schema\/logo\/image\/"},"sameAs":["https:\/\/x.com\/EstratConcursos"]},{"@type":"Person","@id":"https:\/\/www.estrategiaconcursos.com.br\/blog\/#\/schema\/person\/bddec4cfff57a846dbc506e0bc7a5b36","name":"Ricardo Pereira de Oliveira","image":{"@type":"ImageObject","inLanguage":"pt-BR","@id":"https:\/\/secure.gravatar.com\/avatar\/a16d5759c3d4edc0896235928b70e4a79ec591848bb173a92801d67dcb8492b1?s=96&d=mm&r=g","url":"https:\/\/secure.gravatar.com\/avatar\/a16d5759c3d4edc0896235928b70e4a79ec591848bb173a92801d67dcb8492b1?s=96&d=mm&r=g","contentUrl":"https:\/\/secure.gravatar.com\/avatar\/a16d5759c3d4edc0896235928b70e4a79ec591848bb173a92801d67dcb8492b1?s=96&d=mm&r=g","caption":"Ricardo Pereira de Oliveira"},"description":"Formado em Administra\u00e7\u00e3o de Empresas pelo Mackenzie, p\u00f3s-graduado em Marketing pela ESPM. Concurseiro desde 2014. Auditor Fiscal da Receita Municipal de Campo Grande\/MS Ex-Fiscal de Rendas de Tabo\u00e3o da Serra\/SP","url":"https:\/\/www.estrategiaconcursos.com.br\/blog\/author\/ricperogmail-com\/"}]}},"_links":{"self":[{"href":"https:\/\/www.estrategiaconcursos.com.br\/blog\/wp-json\/wp\/v2\/posts\/768035","targetHints":{"allow":["GET"]}}],"collection":[{"href":"https:\/\/www.estrategiaconcursos.com.br\/blog\/wp-json\/wp\/v2\/posts"}],"about":[{"href":"https:\/\/www.estrategiaconcursos.com.br\/blog\/wp-json\/wp\/v2\/types\/post"}],"author":[{"embeddable":true,"href":"https:\/\/www.estrategiaconcursos.com.br\/blog\/wp-json\/wp\/v2\/users\/1979"}],"replies":[{"embeddable":true,"href":"https:\/\/www.estrategiaconcursos.com.br\/blog\/wp-json\/wp\/v2\/comments?post=768035"}],"version-history":[{"count":11,"href":"https:\/\/www.estrategiaconcursos.com.br\/blog\/wp-json\/wp\/v2\/posts\/768035\/revisions"}],"predecessor-version":[{"id":1087810,"href":"https:\/\/www.estrategiaconcursos.com.br\/blog\/wp-json\/wp\/v2\/posts\/768035\/revisions\/1087810"}],"wp:featuredmedia":[{"embeddable":true,"href":"https:\/\/www.estrategiaconcursos.com.br\/blog\/wp-json\/wp\/v2\/media\/768088"}],"wp:attachment":[{"href":"https:\/\/www.estrategiaconcursos.com.br\/blog\/wp-json\/wp\/v2\/media?parent=768035"}],"wp:term":[{"taxonomy":"category","embeddable":true,"href":"https:\/\/www.estrategiaconcursos.com.br\/blog\/wp-json\/wp\/v2\/categories?post=768035"},{"taxonomy":"post_tag","embeddable":true,"href":"https:\/\/www.estrategiaconcursos.com.br\/blog\/wp-json\/wp\/v2\/tags?post=768035"},{"taxonomy":"tax_estado","embeddable":true,"href":"https:\/\/www.estrategiaconcursos.com.br\/blog\/wp-json\/wp\/v2\/tax_estado?post=768035"}],"curies":[{"name":"wp","href":"https:\/\/api.w.org\/{rel}","templated":true}]}}