{"id":76606,"date":"2026-04-17T06:14:00","date_gmt":"2026-04-17T09:14:00","guid":{"rendered":"https:\/\/www.estrategiaconcursos.com.br\/blog\/?p=76606"},"modified":"2026-04-17T14:02:59","modified_gmt":"2026-04-17T17:02:59","slug":"concurso-sedes-df","status":"publish","type":"post","link":"https:\/\/www.estrategiaconcursos.com.br\/blog\/concurso-sedes-df\/","title":{"rendered":"Concurso SEDES DF: edital iminente, com 1,1 mil vagas!"},"content":{"rendered":"\n<p style=\"font-size:clamp(15.747px, 0.984rem + ((1vw - 3.2px) * 0.809), 24px);\"><em><strong>Secret\u00e1ria revela diversos detalhes do concurso SEDES DF, incluindo poss\u00edvel antecipa\u00e7\u00e3o do conte\u00fado program\u00e1tico e convoca\u00e7\u00e3o de aprovados em 2027!<\/strong><\/em><\/p>\n\n\n\n<center><a id=\"cta-icon\" href=\"https:\/\/sndflw.com\/i\/sedes-df-grupo\" target=\"_blank\" style=\"background:#29a61a; display:inline-flex; align-items:center; padding:10px 15px; border-radius:6px; color:#fff; text-decoration:none; font-weight:500; font-size:15px;\"><img decoding=\"async\" src=\"https:\/\/dhg1h5j42swfq.cloudfront.net\/2023\/12\/07154107\/whatsapp_13851.png\" alt=\"\" style=\"width:20px; height:20px; margin-right:8px;\"><span>Acesse agora o Grupo de Estudos para o Concurso SEDES DF<\/span><\/a><\/center>\n\n\n\n<div style=\"height:31px\" aria-hidden=\"true\" class=\"wp-block-spacer\"><\/div>\n\n\n\n<p>Estamos pr\u00f3ximos de ver um novo edital de concurso da <strong><a href=\"https:\/\/www.estrategiaconcursos.com.br\/cursosPorConcurso\/sedes-df\" target=\"_blank\" rel=\"noreferrer noopener\">Secretaria de Desenvolvimento Social do Distrito Federal<\/a><\/strong> (Sedes DF) publicado.<\/p>\n\n\n\n<p>Isso porque, ap\u00f3s defini\u00e7\u00e3o, o extrato de contrato com o <strong>Instituto Quadrix<\/strong> j\u00e1 foi publicado.<\/p>\n\n\n\n<p>Al\u00e9m disso, algo bastante in\u00e9dito poder\u00e1 ser feito no novo concurso da Sedes. <strong>Acontece que a GDF estuda divulgar o <a href=\"#adiantamento\" type=\"internal\" id=\"#adiantamento\">conte\u00fado program\u00e1tico<\/a> do certame antes do edital.<\/strong><\/p>\n\n\n\n<p>Lembrando que os futuros aprovados na sele\u00e7\u00e3o poder\u00e3o ser chamados j\u00e1 no in\u00edcio de 2027. Ao todo, ser\u00e3o <a href=\"https:\/\/www.estrategiaconcursos.com.br\/blog\/concurso-sedes-df-especialidades-vagas\/\" target=\"_blank\" rel=\"noreferrer noopener\">1.197 oportunidades<\/a>.<\/p>\n\n\n\n<p>Deste total, <strong>634 vagas <\/strong>ser\u00e3o para o cargo de Especialista em Assist\u00eancia Social (superior) e <strong>563 vagas <\/strong>para T\u00e9cnico em Assist\u00eancia Social (m\u00e9dio).<\/p>\n\n\n\n<ul id=\"block-ee678516-e9d1-48bd-b327-7b9acd55f0fd\" class=\"wp-block-list has-very-light-gray-to-cyan-bluish-gray-gradient-background has-background\">\n<li><strong>Secretaria de Desenvolvimento Social do Distrito Federal<\/strong><\/li>\n\n\n\n<li><strong>Status:<\/strong>&nbsp;banca contratada<\/li>\n\n\n\n<li><strong>Banca:<\/strong> Instituto Quadrix<\/li>\n\n\n\n<li><strong>Vagas:<\/strong> 1.197<\/li>\n\n\n\n<li><strong>Sal\u00e1rio inicial: (40h)<\/strong>&nbsp;R$ 6.350,63 a R$ 8.924,49<\/li>\n\n\n\n<li><strong>\u00daltimos editais:<\/strong> <a href=\"https:\/\/dhg1h5j42swfq.cloudfront.net\/2018\/11\/28103246\/SEDEST.pdf\" target=\"_blank\" rel=\"noreferrer noopener\">Edital Especialistas 1<\/a> | <a href=\"https:\/\/dhg1h5j42swfq.cloudfront.net\/2018\/11\/28104451\/Edital-Especialistas.pdf\" target=\"_blank\" rel=\"noreferrer noopener\">Edital Especialistas 2<\/a> | <a href=\"https:\/\/dhg1h5j42swfq.cloudfront.net\/2018\/11\/28104240\/Edital-Agente-e-Cuidador-Social.pdf\" target=\"_blank\" rel=\"noreferrer noopener\">Edital Agente e Cuidador Social<\/a> | <a href=\"https:\/\/dhg1h5j42swfq.cloudfront.net\/2018\/11\/28104335\/Edital-T%C3%A9cnico-Administrativo.pdf\" target=\"_blank\" rel=\"noreferrer noopener\">Edital T\u00e9cnico Administrativo<\/a><\/li>\n<\/ul>\n\n\n\n<p> A fim de te deixar sempre bem informado, elaboramos este artigo com as principais informa\u00e7\u00f5es e novidades sobre o concurso SEDES DF. Acompanhe os t\u00f3picos abaixo e n\u00e3o perca nenhum detalhe:<\/p>\n\n\n\n<ul id=\"indice\" class=\"wp-block-list\">\n<li><a href=\"#sobre\">Sobre<\/a><\/li>\n\n\n\n<li><a href=\"#linha\">Linha do tempo<\/a><\/li>\n\n\n\n<li><a href=\"#atual\" type=\"internal\" id=\"#atual\">Situa\u00e7\u00e3o atual<\/a>\n<ul class=\"wp-block-list\">\n<li><a href=\"#adiantamento\" type=\"internal\" id=\"#adiantamento\">Adiantamento do conte\u00fado program\u00e1tico<\/a><\/li>\n\n\n\n<li><a href=\"#especialidades\" type=\"internal\" id=\"#especialidades\">Especialidades dos cargos<\/a><\/li>\n\n\n\n<li><a href=\"#etapas\" type=\"internal\" id=\"#etapas\">Etapas de provas<\/a><\/li>\n\n\n\n<li><a href=\"#banca\" type=\"internal\" id=\"#banca\">Banca contratada<\/a><\/li>\n<\/ul>\n<\/li>\n\n\n\n<li><a href=\"#carreira\">Carreira<\/a>\n<ul class=\"wp-block-list\">\n<li><a href=\"#cargos-vagos\">Cargos vagos<\/a><\/li>\n\n\n\n<li><a href=\"#remuneracoes\">Remunera\u00e7\u00f5es<\/a><\/li>\n<\/ul>\n<\/li>\n\n\n\n<li><a href=\"#ultimo\">\u00daltimo concurso<\/a><\/li>\n\n\n\n<li><a href=\"#cursos-assinatura\" rel=\"sponsored nofollow\">Cursos e assinaturas<\/a><\/li>\n\n\n\n<li><a href=\"#ficha\">Ficha t\u00e9cnica<\/a><\/li>\n<\/ul>\n\n\n\n<div class=\"container\" id=\"boxes\">\n  <div class=\"row\">\n\n    <div class=\"col-sm\">\n      <div class=\"banner-estrat-corj\" id=\"box-assinatura\">\n        <h2 class=\"titulo-assinatura\" style=\"text-align: left;\">Cursos para Sedes DF<\/h2>\n        <p class=\"subtitulo-assinatura\" style=\"text-align: left;\">Conhe\u00e7a os cursos<\/p>\n        <div class=\"box-botao\" style=\"text-align: left;\">\n          <a class=\"btn-assinatura\" target=\"_blank\" href=\"https:\/\/www.estrategiaconcursos.com.br\/cursosPorConcurso\/sedes-df\/\" role=\"button\" rel=\"noopener noreferrer\">CLIQUE AQUI<\/a>\n        <\/div>\n      <\/div><\/div><\/div><\/div>\n\n\n\n<h2 class=\"wp-block-heading\" id=\"sobre\">Sobre a SEDES<\/h2>\n\n\n\n<p>A Sedes \u00e9 respons\u00e1vel pela execu\u00e7\u00e3o das pol\u00edticas de Assist\u00eancia Social, Transfer\u00eancia de Renda e de Seguran\u00e7a Alimentar e Nutricional, bem como pela gest\u00e3o do Sistema \u00danico de Assist\u00eancia Social (Suas) e do Sistema Nacional de Seguran\u00e7a Alimentar e Nutricional no DF, al\u00e9m da avalia\u00e7\u00e3o e gest\u00e3o da informa\u00e7\u00e3o, fomento de parcerias e articula\u00e7\u00f5es de rede.<\/p>\n\n\n\n<p>O objetivo primordial da secretaria \u00e9 garantir e efetivar o direito \u00e0 prote\u00e7\u00e3o social para a popula\u00e7\u00e3o em situa\u00e7\u00e3o de vulnerabilidade e risco social. <\/p>\n\n\n\n<p>Nesse sentido, a Sedes atua por meio da oferta de servi\u00e7os e benef\u00edcios que contribuam para o enfrentamento da pobreza, a garantia dos m\u00ednimos sociais, o provimento de condi\u00e7\u00f5es para atender conting\u00eancias sociais e a universaliza\u00e7\u00e3o dos direitos sociais, com o desenvolvimento de potencialidades e da autonomia, com o empoderamento das fam\u00edlias e com a amplia\u00e7\u00e3o de sua capacidade protetiva.<\/p>\n\n\n\n<h2 class=\"wp-block-heading\" id=\"linha\">Linha do tempo do concurso Sedes DF<\/h2>\n\n\n\n<ul class=\"wp-block-list\">\n<li><strong>07\/03\/2024: <\/strong><a href=\"https:\/\/www.estrategiaconcursos.com.br\/blog\/formado-grupo-de-trabalho-para-o-concurso-sedes-df\/\" target=\"_blank\" rel=\"noreferrer noopener\">grupo de trabalho \u00e9 formado<\/a>;<\/li>\n\n\n\n<li><strong>06\/05\/2024:<\/strong> secretaria confirma edital ainda para 2024;<\/li>\n\n\n\n<li><strong>05\/09\/2024: <\/strong><a href=\"https:\/\/www.estrategiaconcursos.com.br\/blog\/concurso-sedes-df-grupo-de-trabalho\/\" target=\"_blank\" rel=\"noreferrer noopener\">novo grupo formado<\/a>;<\/li>\n\n\n\n<li><strong>18\/09\/2024: <\/strong>novo grupo formado;<\/li>\n\n\n\n<li><strong>25\/10\/2024: <\/strong>prorrogado o prazo de estudos da comiss\u00e3o;<\/li>\n\n\n\n<li><strong>06\/01\/2026: <\/strong><a href=\"https:\/\/www.estrategiaconcursos.com.br\/blog\/concurso-sedes-df-autorizacao-primeiro-trimestre\/\" target=\"_blank\" rel=\"noreferrer noopener\">sindicato confirma autoriza\u00e7\u00e3o at\u00e9 mar\u00e7o de 2026<\/a>;<\/li>\n\n\n\n<li><strong>26\/01\/2026:<\/strong> sindicato anuncia assembleia para cobrar concurso;<\/li>\n\n\n\n<li><strong>28\/01\/2026:<\/strong> <a href=\"https:\/\/www.estrategiaconcursos.com.br\/blog\/concurso-sedes-df-edital-2026\/\" target=\"_blank\" rel=\"noreferrer noopener\">secret\u00e1ria confirma edital em 2026<\/a>;<\/li>\n\n\n\n<li><strong>02\/02\/2026: <\/strong><a href=\"https:\/\/www.estrategiaconcursos.com.br\/blog\/concurso-sedes-df-autorizado\/\" target=\"_blank\" rel=\"noreferrer noopener\">edital \u00e9 autorizado<\/a>;<\/li>\n\n\n\n<li><strong>03\/02\/2026:<\/strong> <a href=\"https:\/\/www.estrategiaconcursos.com.br\/blog\/concurso-sedes-df-2026-vagas-autorizadas\/\" target=\"_blank\" rel=\"noreferrer noopener\">autoriza\u00e7\u00e3o publicada no DOE<\/a>;<\/li>\n\n\n\n<li><strong>10\/02\/2026:<\/strong> <a href=\"https:\/\/www.estrategiaconcursos.com.br\/blog\/concurso-sedes-df-2026-designa-autoridade\/\" target=\"_blank\" rel=\"noreferrer noopener\">designada autoridade para coordenar concurso<\/a>;<\/li>\n\n\n\n<li><strong>11\/02\/2026: <\/strong><a href=\"https:\/\/www.estrategiaconcursos.com.br\/blog\/concurso-sedes-df-2026-comissao-formada\/\" target=\"_blank\" rel=\"noreferrer noopener\">comiss\u00e3o formada<\/a>;<\/li>\n\n\n\n<li><strong>19\/02\/2026: <\/strong><a href=\"https:\/\/www.estrategiaconcursos.com.br\/blog\/concurso-sedes-df-certame-avanca-nas-etapas-internas\/\" target=\"_blank\" rel=\"noreferrer noopener\">detalhadas as etapas preparat\u00f3rias do concurso nas redes sociais<\/a>;<\/li>\n\n\n\n<li><strong>05\/03\/2026: <\/strong><a href=\"https:\/\/www.estrategiaconcursos.com.br\/blog\/concurso-sedes-df-especialidades-vagas\/\" target=\"_blank\" rel=\"noreferrer noopener\">divulgadas as especialidades das vagas<\/a>;<\/li>\n\n\n\n<li><strong>18\/03\/2026:<\/strong> <a href=\"https:\/\/www.correiobraziliense.com.br\/cidades-df\/2026\/03\/7378605-concurso-da-sedes-tera-1-197-vagas-para-atuar-no-desenvolvimento-social.html\" target=\"_blank\" rel=\"noreferrer noopener\">secret\u00e1ria confirma edital at\u00e9 junho e nomea\u00e7\u00e3o em 2027<\/a>;<\/li>\n\n\n\n<li><strong>23\/03\/2026<\/strong>: <a href=\"https:\/\/www.agenciabrasilia.df.gov.br\/w\/gdf-estuda-meios-para-dar-mais-tempo-de-estudo-aos-candidatos-ao-concurso-da-carreira-de-desenvolvimento-e-assistencia-social-do-df?redirect=%2Fnoticias%2F\" target=\"_blank\" rel=\"noreferrer noopener\">GDF estuda meios para dar mais tempo de estudo aos candidatos. Poss\u00edvel antecipa\u00e7\u00e3o do conte\u00fado program\u00e1tico<\/a> e <a href=\"https:\/\/www.estrategiaconcursos.com.br\/blog\/concurso-sedes-df-banca\/\" target=\"_blank\" rel=\"noreferrer noopener\">banca oficialmente definida<\/a>;<\/li>\n\n\n\n<li><strong>10\/04\/2026: <\/strong><a href=\"https:\/\/www.estrategiaconcursos.com.br\/blog\/concurso-sedes-df-2026-autorizada-contratacao-banca\/\" target=\"_blank\" rel=\"noreferrer noopener\">autorizada a contrata\u00e7\u00e3o do Instituto Quadrix como banca.<\/a><\/li>\n\n\n\n<li><strong>17\/04\/2026: <\/strong><a href=\"https:\/\/www.estrategiaconcursos.com.br\/blog\/concurso-sedes-df-2026-extrato-de-contrato\/\" target=\"_blank\" rel=\"noreferrer noopener\">extrato de contrato com a banca<\/a>.<\/li>\n<\/ul>\n\n\n\n<h2 class=\"wp-block-heading\" id=\"atual\">Concurso SEDES DF: situa\u00e7\u00e3o atual<\/h2>\n\n\n\n<h3 class=\"wp-block-heading\" id=\"especialidades\">Adiantamento do conte\u00fado program\u00e1tico<\/h3>\n\n\n\n<p>No dia 20 de mar\u00e7o, o Governo do Distrito Federal publicou uma not\u00edcia em que confirma o interesse de <strong>adiantar o conte\u00fado program\u00e1tico<\/strong> atrav\u00e9s da publica\u00e7\u00e3o do regulamento do edital de abertura.<\/p>\n\n\n\n<p>Assim, os candidatos teriam maior tempo para estudar e, consequentemente, a SEDES DF contaria com aprovados mais preparados para suas respectivas fun\u00e7\u00f5es.<\/p>\n\n\n\n<p>\u201c<em>Por se tratar de um conte\u00fado denso e extenso, ter mais de 90 dias para estudar, seria de grande valia para os candidatos\u201d<\/em>, enfatizou Ana Paula Marra. <em>\u201cAl\u00e9m disso, certamente, traria profissionais ainda mais bem-preparados para fortalecer cada vez mais a pol\u00edtica socioassistencial do Distrito Federal.\u201d<\/em><\/p>\n\n\n\n<h3 class=\"wp-block-heading\" id=\"especialidades\">Especialidades<\/h3>\n\n\n\n<p>Conforme publica\u00e7\u00e3o nas redes sociais da secret\u00e1ria Ana Paula Marra, as <strong>1.197 vagas<\/strong> ser\u00e3o distribu\u00eddas entre as seguintes \u00e1reas espec\u00edficas:<\/p>\n\n\n\n<p><strong>N\u00edvel m\u00e9dio:<\/strong><\/p>\n\n\n\n<figure class=\"wp-block-table is-style-stripes\"><table class=\"has-fixed-layout\"><thead><tr><td class=\"has-text-align-center\" data-align=\"center\"><strong>Cargo \/ \u00c1rea<\/strong><\/td><td class=\"has-text-align-center\" data-align=\"center\"><strong>Vagas<\/strong><\/td><\/tr><\/thead><tbody><tr><td class=\"has-text-align-center\" data-align=\"center\">Cuidador Social<\/td><td class=\"has-text-align-center\" data-align=\"center\">32<\/td><\/tr><tr><td class=\"has-text-align-center\" data-align=\"center\">Agente Social<\/td><td class=\"has-text-align-center\" data-align=\"center\">133<\/td><\/tr><tr><td class=\"has-text-align-center\" data-align=\"center\">T\u00e9cnico Administrativo<\/td><td class=\"has-text-align-center\" data-align=\"center\">398<\/td><\/tr><\/tbody><tfoot><tr><td class=\"has-text-align-center\" data-align=\"center\"><strong>TOTAL<\/strong><\/td><td class=\"has-text-align-center\" data-align=\"center\"><strong>563<\/strong><\/td><\/tr><\/tfoot><\/table><\/figure>\n\n\n\n<p><strong>N\u00edvel superior:<\/strong><\/p>\n\n\n\n<figure class=\"wp-block-table is-style-stripes\"><table class=\"has-fixed-layout\"><thead><tr><td class=\"has-text-align-center\" data-align=\"center\"><strong>Cargo \/ \u00c1rea<\/strong><\/td><td class=\"has-text-align-center\" data-align=\"center\"><strong>Vagas<\/strong><\/td><\/tr><\/thead><tbody><tr><td class=\"has-text-align-center\" data-align=\"center\">Administra\u00e7\u00e3o<\/td><td class=\"has-text-align-center\" data-align=\"center\">47<\/td><\/tr><tr><td class=\"has-text-align-center\" data-align=\"center\">Ci\u00eancias Cont\u00e1beis<\/td><td class=\"has-text-align-center\" data-align=\"center\">42<\/td><\/tr><tr><td class=\"has-text-align-center\" data-align=\"center\">Comunica\u00e7\u00e3o Social<\/td><td class=\"has-text-align-center\" data-align=\"center\">14<\/td><\/tr><tr><td class=\"has-text-align-center\" data-align=\"center\">Direito<\/td><td class=\"has-text-align-center\" data-align=\"center\">115<\/td><\/tr><tr><td class=\"has-text-align-center\" data-align=\"center\">Economia<\/td><td class=\"has-text-align-center\" data-align=\"center\">9<\/td><\/tr><tr><td class=\"has-text-align-center\" data-align=\"center\">Educador Social<\/td><td class=\"has-text-align-center\" data-align=\"center\">32<\/td><\/tr><tr><td class=\"has-text-align-center\" data-align=\"center\">Estat\u00edstica<\/td><td class=\"has-text-align-center\" data-align=\"center\">10<\/td><\/tr><tr><td class=\"has-text-align-center\" data-align=\"center\">Nutricionista<\/td><td class=\"has-text-align-center\" data-align=\"center\">41<\/td><\/tr><tr><td class=\"has-text-align-center\" data-align=\"center\">Pedagogia<\/td><td class=\"has-text-align-center\" data-align=\"center\">121<\/td><\/tr><tr><td class=\"has-text-align-center\" data-align=\"center\">Psicologia<\/td><td class=\"has-text-align-center\" data-align=\"center\">75<\/td><\/tr><tr><td class=\"has-text-align-center\" data-align=\"center\">Sociologia<\/td><td class=\"has-text-align-center\" data-align=\"center\">3<\/td><\/tr><tr><td class=\"has-text-align-center\" data-align=\"center\">Servi\u00e7o Social<\/td><td class=\"has-text-align-center\" data-align=\"center\">125<\/td><\/tr><\/tbody><tfoot><tr><td class=\"has-text-align-center\" data-align=\"center\"><strong>TOTAL<\/strong><\/td><td class=\"has-text-align-center\" data-align=\"center\"><strong>634<\/strong><\/td><\/tr><\/tfoot><\/table><\/figure>\n\n\n\n<h3 class=\"wp-block-heading\" id=\"etapas\">Etapas de prova<\/h3>\n\n\n\n<p>Segundo a secret\u00e1ria Ana Paula Marra, no dia 5 de mar\u00e7o, o certame ser\u00e1 composta por <strong>provas objetivas, reda\u00e7\u00e3o e estudo de caso<\/strong>.<\/p>\n\n\n\n<p>Os exames objetivos consistir\u00e3o em <strong>60 quest\u00f5es de m\u00faltipla escolha<\/strong>, sendo 20 de conhecimentos b\u00e1sicos, comuns a todos os cargos, e 40 de conhecimentos espec\u00edficos.<\/p>\n\n\n\n<p>J\u00e1 a reda\u00e7\u00e3o ser\u00e1 aplicada exclusivamente para cargos de n\u00edvel m\u00e9dio, enquanto o estudo de caso avaliar\u00e1 apenas os candidatos dos cargos de n\u00edvel superior, conforme conhecimentos da especialidade escolhida.<\/p>\n\n\n\n<p>Vale lembrar que a secret\u00e1ria tamb\u00e9m havia antecipado que as provas ser\u00e3o realizadas em um \u00fanico dia, nos turnos da manh\u00e3 e tarde, possibilitando a inscri\u00e7\u00e3o em dois cargos.<\/p>\n\n\n\n<h3 class=\"wp-block-heading\" id=\"h-banca-contratada\">Banca contratada<\/h3>\n\n\n\n<p>O <strong>Instituto Quadrix <\/strong>foi contrato como banca organizadora do mais novo edital de Concurso SEDES DF.<\/p>\n\n\n\n<ul class=\"wp-block-list\">\n<li><strong><a href=\"https:\/\/dhg1h5j42swfq.cloudfront.net\/2026\/04\/17074821\/df-sedes-1.pdf\" target=\"_blank\" rel=\"noreferrer noopener nofollow\">Confira o extrato de contrato<\/a><\/strong><\/li>\n<\/ul>\n\n\n\n<h2 class=\"wp-block-heading\" id=\"carreira\">Carreira na SEDES DF<\/h2>\n\n\n\n<h3 class=\"wp-block-heading\" id=\"cargos-vagos\">Cargos vagos<\/h3>\n\n\n\n<p>Conforme refer\u00eancia em mar\u00e7o de 2026, os dois cargos, <strong>Especialista em Assist\u00eancia Social<\/strong> e <strong>T\u00e9cnico em Assist\u00eancia Social<\/strong> possuem os seguintes n\u00fameros de cargos vagos:<\/p>\n\n\n\n<figure class=\"wp-block-table is-style-stripes\"><table><thead><tr><th class=\"has-text-align-center\" data-align=\"center\">Cargos<\/th><th class=\"has-text-align-center\" data-align=\"center\">Ocupados<\/th><th class=\"has-text-align-center\" data-align=\"center\">Vagos<\/th><th class=\"has-text-align-center\" data-align=\"center\">Total<\/th><\/tr><\/thead><tbody><tr><td class=\"has-text-align-center\" data-align=\"center\">Especialista em Assist\u00eancia Social<\/td><td class=\"has-text-align-center\" data-align=\"center\">827<\/td><td class=\"has-text-align-center\" data-align=\"center\"><strong>1.173<\/strong><\/td><td class=\"has-text-align-center\" data-align=\"center\">2.000<\/td><\/tr><tr><td class=\"has-text-align-center\" data-align=\"center\">T\u00e9cnico em Assist\u00eancia Social<\/td><td class=\"has-text-align-center\" data-align=\"center\">976<\/td><td class=\"has-text-align-center\" data-align=\"center\"><strong>2.024<\/strong><\/td><td class=\"has-text-align-center\" data-align=\"center\">3.000<\/td><\/tr><\/tbody><\/table><figcaption class=\"wp-element-caption\">Quantitativo de cargos vagos e ocupados<\/figcaption><\/figure>\n\n\n\n<h3 class=\"wp-block-heading\" id=\"remuneracoes\">Remunera\u00e7\u00f5es<\/h3>\n\n\n\n<p><strong>Para Especialista em Assist\u00eancia Social<\/strong>:<\/p>\n\n\n\n<p>Os servidores recebem, inicialmente, <strong>R$ 6.693,38 (30h)<\/strong> ou <strong>R$ 8.924,49 (40h)<\/strong>, podendo chegar a R$ 14 mil ao final da carreira. Veja:<\/p>\n\n\n\n<figure class=\"wp-block-image aligncenter size-large\"><img loading=\"lazy\" decoding=\"async\" width=\"1024\" height=\"554\" src=\"https:\/\/dhg1h5j42swfq.cloudfront.net\/2026\/03\/24160257\/rem-sedes-df-esp-1024x554.jpg\" alt=\"Tabela remunerat\u00f3ria ao cargo de Especialista em Assist\u00eancia Social do concurso Sedes DF\" class=\"wp-image-1742448\" srcset=\"https:\/\/dhg1h5j42swfq.cloudfront.net\/2026\/03\/24160257\/rem-sedes-df-esp-1024x554.jpg 1024w, https:\/\/dhg1h5j42swfq.cloudfront.net\/2026\/03\/24160257\/rem-sedes-df-esp-300x162.jpg 300w, https:\/\/dhg1h5j42swfq.cloudfront.net\/2026\/03\/24160257\/rem-sedes-df-esp-768x415.jpg 768w, https:\/\/dhg1h5j42swfq.cloudfront.net\/2026\/03\/24160257\/rem-sedes-df-esp-150x81.jpg 150w, https:\/\/dhg1h5j42swfq.cloudfront.net\/2026\/03\/24160257\/rem-sedes-df-esp.jpg 1026w\" sizes=\"auto, (max-width: 1024px) 100vw, 1024px\" \/><\/figure>\n\n\n\n<p><strong>Para T\u00e9cnico em Assist\u00eancia Social:<\/strong><\/p>\n\n\n\n<p>Os servidores recebem, inicialmente, <strong>R$ 4.762,97 (30h) <\/strong>ou <strong>R$ 6.350,63 (40h)<\/strong>, podendo chegar a R$ 9,3 mil ao final da carreira. Veja:<\/p>\n\n\n\n<figure class=\"wp-block-image aligncenter size-large\"><img loading=\"lazy\" decoding=\"async\" width=\"1024\" height=\"561\" src=\"https:\/\/dhg1h5j42swfq.cloudfront.net\/2026\/03\/24160311\/rem-sedes-df-tec-1024x561.jpg\" alt=\"Tabela remunerat\u00f3ria ao cargo de T\u00e9cnico em Assist\u00eancia Social do concurso Sedes DF\" class=\"wp-image-1742449\" srcset=\"https:\/\/dhg1h5j42swfq.cloudfront.net\/2026\/03\/24160311\/rem-sedes-df-tec-1024x561.jpg 1024w, https:\/\/dhg1h5j42swfq.cloudfront.net\/2026\/03\/24160311\/rem-sedes-df-tec-300x164.jpg 300w, https:\/\/dhg1h5j42swfq.cloudfront.net\/2026\/03\/24160311\/rem-sedes-df-tec-768x421.jpg 768w, https:\/\/dhg1h5j42swfq.cloudfront.net\/2026\/03\/24160311\/rem-sedes-df-tec-150x82.jpg 150w, https:\/\/dhg1h5j42swfq.cloudfront.net\/2026\/03\/24160311\/rem-sedes-df-tec.jpg 1026w\" sizes=\"auto, (max-width: 1024px) 100vw, 1024px\" \/><\/figure>\n\n\n\n<p><strong>Exemplos de remunera\u00e7\u00e3o:<\/strong><\/p>\n\n\n\n<p>Em consulta ao Portal da Transpar\u00eancia poss\u00edvel encontrar servidores que recebem cerca de <strong>R$ 5.042,62<\/strong> para T\u00e9cnico e <strong>R$ 13.585,12<\/strong> para Especialista, ambos os valores j\u00e1 com os descontos obrigat\u00f3rios. Veja:<\/p>\n\n\n\n<figure class=\"wp-block-image aligncenter size-full\"><img loading=\"lazy\" decoding=\"async\" width=\"654\" height=\"409\" src=\"https:\/\/dhg1h5j42swfq.cloudfront.net\/2024\/03\/08202237\/image-217.png\" alt=\"Exemplo de remunera\u00e7\u00e3o real para T\u00e9cnico em Assist\u00eancia Social\" class=\"wp-image-1366273\" srcset=\"https:\/\/dhg1h5j42swfq.cloudfront.net\/2024\/03\/08202237\/image-217.png 654w, https:\/\/dhg1h5j42swfq.cloudfront.net\/2024\/03\/08202237\/image-217-300x188.png 300w, https:\/\/dhg1h5j42swfq.cloudfront.net\/2024\/03\/08202237\/image-217-610x381.png 610w, https:\/\/dhg1h5j42swfq.cloudfront.net\/2024\/03\/08202237\/image-217-150x94.png 150w\" sizes=\"auto, (max-width: 654px) 100vw, 654px\" \/><\/figure>\n\n\n\n<figure class=\"wp-block-image aligncenter size-full\"><img loading=\"lazy\" decoding=\"async\" width=\"685\" height=\"431\" src=\"https:\/\/dhg1h5j42swfq.cloudfront.net\/2024\/03\/08202250\/image-218.png\" alt=\"Exemplo de remunera\u00e7\u00e3o real para Especialista em Assist\u00eancia Social\" class=\"wp-image-1366274\" srcset=\"https:\/\/dhg1h5j42swfq.cloudfront.net\/2024\/03\/08202250\/image-218.png 685w, https:\/\/dhg1h5j42swfq.cloudfront.net\/2024\/03\/08202250\/image-218-300x189.png 300w, https:\/\/dhg1h5j42swfq.cloudfront.net\/2024\/03\/08202250\/image-218-610x384.png 610w, https:\/\/dhg1h5j42swfq.cloudfront.net\/2024\/03\/08202250\/image-218-150x94.png 150w\" sizes=\"auto, (max-width: 685px) 100vw, 685px\" \/><\/figure>\n\n\n\n<ul class=\"wp-block-list\">\n<li><strong><a href=\"https:\/\/www.transparencia.df.gov.br\/#\/servidores\/remuneracao\" target=\"_blank\" rel=\"noreferrer noopener\">Confira outros valores diretamente no Portal da Transpar\u00eancia do DF<\/a><\/strong><\/li>\n<\/ul>\n\n\n\n<h2 class=\"wp-block-heading\" id=\"ultimo\">\u00daltimo concurso SEDES DF<\/h2>\n\n\n\n<p>O \u00faltimo concurso do \u00f3rg\u00e3o teve edital lan\u00e7ado em <strong>novembro de 2018<\/strong>, com <strong>314 vagas imediatas e 1.570 oportunidades em cadastro reserva<\/strong>. <\/p>\n\n\n\n<p>Os cargos ofertados foram os de<strong> T\u00e9cnico em Assist\u00eancia Social, de n\u00edvel m\u00e9dio e Especialista em Assist\u00eancia Social<\/strong>, de n\u00edvel superior. As oportunidades foram distribu\u00eddas entre diversas especialidades.<\/p>\n\n\n\n<p>Os candidatos foram avaliados atrav\u00e9s de tr\u00eas etapas: <\/p>\n\n\n\n<ul class=\"wp-block-list\">\n<li><strong>1.\u00aa Etapa:&nbsp;<\/strong>Prova Objetiva e Prova Discursiva de conhecimentos gerais e espec\u00edficos, (eliminat\u00f3rio e classificat\u00f3rio);<\/li>\n\n\n\n<li><strong>2.\u00aa Etapa: <\/strong>Avalia\u00e7\u00e3o Psicol\u00f3gica (eliminat\u00f3rio);<\/li>\n\n\n\n<li><strong>3.\u00aa Etapa:&nbsp;<\/strong>Sindic\u00e2ncia de Vida Pregressa e Investiga\u00e7\u00e3o Social (eliminat\u00f3rio).<\/li>\n\n\n\n<li><strong>4.\u00aa Etapa<\/strong>: Curso de forma\u00e7\u00e3o<\/li>\n<\/ul>\n\n\n\n<h3 class=\"wp-block-heading\" id=\"h-prova-objetiva\">Prova objetiva<\/h3>\n\n\n\n<p>A prova objetiva foi composta por <strong>50 quest\u00f5es<\/strong> de m\u00faltipla escolha, contendo 5 alternativas cada. Os candidatos tiveram 4 horas e 30 minutos para realizar o exame. Veja as disciplinas:<\/p>\n\n\n\n<figure class=\"wp-block-image aligncenter size-full is-resized\"><img loading=\"lazy\" decoding=\"async\" width=\"812\" height=\"192\" src=\"https:\/\/dhg1h5j42swfq.cloudfront.net\/2024\/03\/08202403\/image-219.png\" alt=\"Detalhes da prova objetiva no \u00faltimo edital (2018)\" class=\"wp-image-1366275\" style=\"width:656px;height:auto\" srcset=\"https:\/\/dhg1h5j42swfq.cloudfront.net\/2024\/03\/08202403\/image-219.png 812w, https:\/\/dhg1h5j42swfq.cloudfront.net\/2024\/03\/08202403\/image-219-300x71.png 300w, https:\/\/dhg1h5j42swfq.cloudfront.net\/2024\/03\/08202403\/image-219-768x182.png 768w, https:\/\/dhg1h5j42swfq.cloudfront.net\/2024\/03\/08202403\/image-219-610x144.png 610w, https:\/\/dhg1h5j42swfq.cloudfront.net\/2024\/03\/08202403\/image-219-150x35.png 150w\" sizes=\"auto, (max-width: 812px) 100vw, 812px\" \/><\/figure>\n\n\n\n<h3 class=\"wp-block-heading\" id=\"h-prova-discursiva\">Prova discursiva<\/h3>\n\n\n\n<p>J\u00e1 a prova discursiva, exclusivamente para Especialista, consistiu em um texto dissertativo de at\u00e9 30 linhas, valendo de 0 a 100 pontos e aplicada junto \u00e0 prova objetiva.<\/p>\n\n\n\n<h3 class=\"wp-block-heading\" id=\"h-curso-de-formacao\">Curso de forma\u00e7\u00e3o<\/h3>\n\n\n\n<p>O Curso de Forma\u00e7\u00e3o Profissional foi de car\u00e1ter eliminat\u00f3rio e classificat\u00f3rio, sendo realizado pelo IBRAE, que definiu sua estrutura, forma e regulamenta\u00e7\u00e3o conforme o conte\u00fado program\u00e1tico indicado pela SEDESTMIDH. <\/p>\n\n\n\n<p>A carga hor\u00e1ria foi de 114 horas-aula e foi disciplinado em edital pr\u00f3prio. Foi considerado eliminado do curso e, consequentemente, do concurso p\u00fablico o candidato que: <\/p>\n\n\n\n<ul class=\"wp-block-list\">\n<li>Deixou de efetuar matr\u00edcula no per\u00edodo estipulado;<\/li>\n\n\n\n<li>Deixou de comparecer ou se afastou por qualquer motivo;<\/li>\n\n\n\n<li>Foi desligado por descumprimento de normas disciplinares;<\/li>\n\n\n\n<li>N\u00e3o atendeu aos requisitos legais, regulamentares, regimentais e edital\u00edcios; <\/li>\n\n\n\n<li>Obteve nota inferior a 60% na prova de verifica\u00e7\u00e3o de aprendizagem, ou foi reprovado no curso, o que implicou na elimina\u00e7\u00e3o do concurso. <\/li>\n<\/ul>\n\n\n\n<p>A pontua\u00e7\u00e3o final da prova de verifica\u00e7\u00e3o de aprendizagem foi de 100,00 pontos.<\/p>\n\n\n\n<hr class=\"wp-block-separator has-alpha-channel-opacity\"\/>\n\n\n\n<h2 class=\"wp-block-heading has-text-align-center\" id=\"cursos-assinatura\">Quer estudar para o concurso SEDES DF?<\/h2>\n\n\n\n<div class=\"container\" id=\"boxes\">\n  <div class=\"row\">\n\n    <div class=\"col-sm\">\n      <div class=\"banner-estrat-corj\" id=\"box-assinatura\">\n        <h2 class=\"titulo-assinatura\" style=\"text-align: left;\">Cursos para Sedes DF<\/h2>\n        <p class=\"subtitulo-assinatura\" style=\"text-align: left;\">Conhe\u00e7a os cursos<\/p>\n        <div class=\"box-botao\" style=\"text-align: left;\">\n          <a class=\"btn-assinatura\" target=\"_blank\" href=\"https:\/\/www.estrategiaconcursos.com.br\/cursosPorConcurso\/sedes-df\/\" role=\"button\" rel=\"noopener noreferrer\">CLIQUE AQUI<\/a>\n        <\/div>\n      <\/div><\/div><\/div><\/div>\n\n\n\n<div class=\"container\" id=\"boxes\">\n  <div class=\"row\">\n\n    <div class=\"col-sm\">\n      <div class=\"estrategia\" id=\"box-assinatura\">\n        <h3 class=\"titulo-assinatura\">Assinatura Concursos<\/h3>\n        <p class=\"subtitulo-assinatura\">Assinatura de 1 ano ou 2 anos<\/p>\n        <div class=\"box-botao\">\n          <a class=\"btn-assinatura\" target=\"_blank\" href=\"https:\/\/www.estrategiaconcursos.com.br\/assinaturas\/\" role=\"button\" rel=\"noopener noreferrer\">ASSINE AGORA<\/a>\n        <\/div>\n      <\/div><\/div><\/div><\/div>\n\n\n\n<h2 class=\"wp-block-heading has-text-align-center\" id=\"h-quer-saber-tudo-sobre-concursos-previstos-confira-nossos-artigos\">Quer saber tudo sobre concursos previstos?<br \/>Confira nossos artigos!<\/h2>\n\n\n\n<ul class=\"wp-block-list\">\n<li><a href=\"https:\/\/www.estrategiaconcursos.com.br\/blog\/concursos-abertos\/\" target=\"_blank\" rel=\"noreferrer noopener\">Concursos Abertos<\/a><\/li>\n\n\n\n<li><a href=\"https:\/\/www.estrategiaconcursos.com.br\/blog\/concursos-2026\/\" target=\"_blank\" rel=\"noreferrer noopener\">Concursos 2026<\/a><\/li>\n\n\n\n<li><a href=\"https:\/\/www.estrategiaconcursos.com.br\/blog\/concursos-df\/\" target=\"_blank\" rel=\"noreferrer noopener\">Concursos DF<\/a><\/li>\n<\/ul>\n\n\n\n<figure class=\"wp-block-image is-resized\"><img loading=\"lazy\" decoding=\"async\" width=\"1024\" height=\"632\" src=\"https:\/\/dhg1h5j42swfq.cloudfront.net\/2021\/08\/03075659\/ficha-tecnica-1-1024x632.png\" alt=\"ficha t\u00e9cnica sedes df\" class=\"wp-image-827472\" style=\"width:294px;height:181px\" srcset=\"https:\/\/dhg1h5j42swfq.cloudfront.net\/2021\/08\/03075659\/ficha-tecnica-1-1024x632.png 1024w, https:\/\/dhg1h5j42swfq.cloudfront.net\/2021\/08\/03075659\/ficha-tecnica-1-300x185.png 300w, https:\/\/dhg1h5j42swfq.cloudfront.net\/2021\/08\/03075659\/ficha-tecnica-1-768x474.png 768w, https:\/\/dhg1h5j42swfq.cloudfront.net\/2021\/08\/03075659\/ficha-tecnica-1-1536x948.png 1536w, https:\/\/dhg1h5j42swfq.cloudfront.net\/2021\/08\/03075659\/ficha-tecnica-1-610x377.png 610w, https:\/\/dhg1h5j42swfq.cloudfront.net\/2021\/08\/03075659\/ficha-tecnica-1.png 1571w\" sizes=\"auto, (max-width: 1024px) 100vw, 1024px\" \/><\/figure>\n\n\n\n<h3 class=\"wp-block-heading\" id=\"ficha\">Informa\u00e7\u00f5es do pr\u00f3ximo Concurso SEDES DF<\/h3>\n\n\n\n<ul class=\"wp-block-list\">\n<li><strong>Data prevista<\/strong>: 2026<\/li>\n\n\n\n<li><strong>Vagas<\/strong>: 1.197 <\/li>\n\n\n\n<li><strong>Cargos<\/strong>: Especialista e T\u00e9cnico<\/li>\n\n\n\n<li><strong>Banca<\/strong>: Instituto Quadrix<\/li>\n\n\n\n<li><strong>Escolaridade<\/strong>: n\u00edveis m\u00e9dio e superior<\/li>\n\n\n\n<li><strong>\u00daltimos editais:<\/strong> <a href=\"https:\/\/dhg1h5j42swfq.cloudfront.net\/2018\/11\/28103246\/SEDEST.pdf\" target=\"_blank\" rel=\"noreferrer noopener\">Edital Especialistas 1<\/a> | <a href=\"https:\/\/dhg1h5j42swfq.cloudfront.net\/2018\/11\/28104451\/Edital-Especialistas.pdf\" target=\"_blank\" rel=\"noreferrer noopener\">Edital Especialistas 2<\/a> | <a href=\"https:\/\/dhg1h5j42swfq.cloudfront.net\/2018\/11\/28104240\/Edital-Agente-e-Cuidador-Social.pdf\" target=\"_blank\" rel=\"noreferrer noopener\">Edital Agente e Cuidador Social<\/a> | <a href=\"https:\/\/dhg1h5j42swfq.cloudfront.net\/2018\/11\/28104335\/Edital-T%C3%A9cnico-Administrativo.pdf\" target=\"_blank\" rel=\"noreferrer noopener\">Edital T\u00e9cnico Administrativo<\/a><\/li>\n<\/ul>\n","protected":false},"excerpt":{"rendered":"<p>Secret\u00e1ria revela diversos detalhes do concurso SEDES DF, incluindo poss\u00edvel antecipa\u00e7\u00e3o do conte\u00fado program\u00e1tico e convoca\u00e7\u00e3o de aprovados em 2027! Estamos pr\u00f3ximos de ver um novo edital de concurso da Secretaria de Desenvolvimento Social do Distrito Federal (Sedes DF) publicado. Isso porque, ap\u00f3s defini\u00e7\u00e3o, o extrato de contrato com o Instituto Quadrix j\u00e1 foi publicado. [&hellip;]<\/p>\n","protected":false},"author":656,"featured_media":1394867,"comment_status":"open","ping_status":"open","sticky":false,"template":"","format":"standard","meta":{"post_tipo":"news_page","footnotes":""},"categories":[214992],"tags":[],"tax_estado":[219970],"class_list":["post-76606","post","type-post","status-publish","format-standard","has-post-thumbnail","hentry","category-concursos-administrativos","tax_estado-df"],"acf":[],"yoast_head":"<!-- This site is optimized with the Yoast SEO Premium plugin v27.2 (Yoast SEO v27.2) - https:\/\/yoast.com\/product\/yoast-seo-premium-wordpress\/ -->\n<title>Concurso SEDES DF: edital iminente, com 1,1 mil vagas!<\/title>\n<meta name=\"description\" content=\"SEDES DF avan\u00e7a nos preparativos do concurso, que prev\u00ea 1.197 oportunidades para cargos de T\u00e9cnico e Especialista. Saiba tudo aqui!\" \/>\n<meta name=\"robots\" content=\"index, follow, max-snippet:-1, max-image-preview:large, max-video-preview:-1\" \/>\n<link rel=\"canonical\" href=\"https:\/\/www.estrategiaconcursos.com.br\/blog\/concurso-sedes-df\/\" \/>\n<meta property=\"og:locale\" content=\"pt_BR\" \/>\n<meta property=\"og:type\" content=\"article\" \/>\n<meta property=\"og:title\" content=\"Concurso SEDES DF: edital iminente, com 1,1 mil vagas!\" \/>\n<meta property=\"og:description\" content=\"SEDES DF avan\u00e7a nos preparativos do concurso, que prev\u00ea 1.197 oportunidades para cargos de T\u00e9cnico e Especialista. Saiba tudo aqui!\" \/>\n<meta property=\"og:url\" content=\"https:\/\/www.estrategiaconcursos.com.br\/blog\/concurso-sedes-df\/\" \/>\n<meta property=\"og:site_name\" content=\"Estrat\u00e9gia Concursos\" \/>\n<meta property=\"article:published_time\" content=\"2026-04-17T09:14:00+00:00\" \/>\n<meta property=\"article:modified_time\" content=\"2026-04-17T17:02:59+00:00\" \/>\n<meta property=\"og:image\" content=\"https:\/\/dhg1h5j42swfq.cloudfront.net\/2024\/05\/06133335\/sedes-df.jpg\" \/>\n\t<meta property=\"og:image:width\" content=\"768\" \/>\n\t<meta property=\"og:image:height\" content=\"432\" \/>\n\t<meta property=\"og:image:type\" content=\"image\/jpeg\" \/>\n<meta name=\"author\" content=\"F\u00e1bio Scaldelai\" \/>\n<meta name=\"twitter:card\" content=\"summary_large_image\" \/>\n<meta name=\"twitter:creator\" content=\"@EstratConcursos\" \/>\n<meta name=\"twitter:site\" content=\"@EstratConcursos\" \/>\n<meta name=\"twitter:label1\" content=\"Escrito por\" \/>\n\t<meta name=\"twitter:data1\" content=\"F\u00e1bio Scaldelai\" \/>\n\t<meta name=\"twitter:label2\" content=\"Est. tempo de leitura\" \/>\n\t<meta name=\"twitter:data2\" content=\"7 minutos\" \/>\n<script type=\"application\/ld+json\" class=\"yoast-schema-graph\">{\"@context\":\"https:\/\/schema.org\",\"@graph\":[{\"@type\":\"NewsArticle\",\"@id\":\"https:\/\/www.estrategiaconcursos.com.br\/blog\/concurso-sedes-df\/#article\",\"isPartOf\":{\"@id\":\"https:\/\/www.estrategiaconcursos.com.br\/blog\/concurso-sedes-df\/\"},\"author\":{\"name\":\"F\u00e1bio Scaldelai\",\"@id\":\"https:\/\/www.estrategiaconcursos.com.br\/blog\/#\/schema\/person\/e3b6b7ce0192dd4ad270655969d61750\"},\"headline\":\"Concurso SEDES DF: edital iminente, com 1,1 mil vagas!\",\"datePublished\":\"2026-04-17T09:14:00+00:00\",\"dateModified\":\"2026-04-17T17:02:59+00:00\",\"mainEntityOfPage\":{\"@id\":\"https:\/\/www.estrategiaconcursos.com.br\/blog\/concurso-sedes-df\/\"},\"wordCount\":1476,\"commentCount\":16,\"publisher\":{\"@id\":\"https:\/\/www.estrategiaconcursos.com.br\/blog\/#organization\"},\"image\":{\"@id\":\"https:\/\/www.estrategiaconcursos.com.br\/blog\/concurso-sedes-df\/#primaryimage\"},\"thumbnailUrl\":\"https:\/\/dhg1h5j42swfq.cloudfront.net\/2024\/05\/06133335\/sedes-df.jpg\",\"articleSection\":[\"Executivo (Administrativa)\"],\"inLanguage\":\"pt-BR\",\"potentialAction\":[{\"@type\":\"CommentAction\",\"name\":\"Comment\",\"target\":[\"https:\/\/www.estrategiaconcursos.com.br\/blog\/concurso-sedes-df\/#respond\"]}],\"copyrightYear\":\"2026\",\"copyrightHolder\":{\"@id\":\"https:\/\/www.estrategiaconcursos.com.br\/blog\/#organization\"}},{\"@type\":\"WebPage\",\"@id\":\"https:\/\/www.estrategiaconcursos.com.br\/blog\/concurso-sedes-df\/\",\"url\":\"https:\/\/www.estrategiaconcursos.com.br\/blog\/concurso-sedes-df\/\",\"name\":\"Concurso SEDES DF: edital iminente, com 1,1 mil vagas!\",\"isPartOf\":{\"@id\":\"https:\/\/www.estrategiaconcursos.com.br\/blog\/#website\"},\"primaryImageOfPage\":{\"@id\":\"https:\/\/www.estrategiaconcursos.com.br\/blog\/concurso-sedes-df\/#primaryimage\"},\"image\":{\"@id\":\"https:\/\/www.estrategiaconcursos.com.br\/blog\/concurso-sedes-df\/#primaryimage\"},\"thumbnailUrl\":\"https:\/\/dhg1h5j42swfq.cloudfront.net\/2024\/05\/06133335\/sedes-df.jpg\",\"datePublished\":\"2026-04-17T09:14:00+00:00\",\"dateModified\":\"2026-04-17T17:02:59+00:00\",\"description\":\"SEDES DF avan\u00e7a nos preparativos do concurso, que prev\u00ea 1.197 oportunidades para cargos de T\u00e9cnico e Especialista. Saiba tudo aqui!\",\"breadcrumb\":{\"@id\":\"https:\/\/www.estrategiaconcursos.com.br\/blog\/concurso-sedes-df\/#breadcrumb\"},\"inLanguage\":\"pt-BR\",\"potentialAction\":[{\"@type\":\"ReadAction\",\"target\":[\"https:\/\/www.estrategiaconcursos.com.br\/blog\/concurso-sedes-df\/\"]}]},{\"@type\":\"ImageObject\",\"inLanguage\":\"pt-BR\",\"@id\":\"https:\/\/www.estrategiaconcursos.com.br\/blog\/concurso-sedes-df\/#primaryimage\",\"url\":\"https:\/\/dhg1h5j42swfq.cloudfront.net\/2024\/05\/06133335\/sedes-df.jpg\",\"contentUrl\":\"https:\/\/dhg1h5j42swfq.cloudfront.net\/2024\/05\/06133335\/sedes-df.jpg\",\"width\":768,\"height\":432,\"caption\":\"Concurso SEDES DF nomea\u00e7\u00e3o\"},{\"@type\":\"BreadcrumbList\",\"@id\":\"https:\/\/www.estrategiaconcursos.com.br\/blog\/concurso-sedes-df\/#breadcrumb\",\"itemListElement\":[{\"@type\":\"ListItem\",\"position\":1,\"name\":\"In\u00edcio\",\"item\":\"https:\/\/www.estrategiaconcursos.com.br\/blog\/\"},{\"@type\":\"ListItem\",\"position\":2,\"name\":\"Concurso SEDES DF: edital iminente, com 1,1 mil vagas!\"}]},{\"@type\":\"WebSite\",\"@id\":\"https:\/\/www.estrategiaconcursos.com.br\/blog\/#website\",\"url\":\"https:\/\/www.estrategiaconcursos.com.br\/blog\/\",\"name\":\"Estrat\u00e9gia Concursos\",\"description\":\"O blog da Estrat\u00e9gia Concursos traz not\u00edcias sobre concursos e artigos de professores oferecendo cursos para concursos (pdf + videaulas) no site.\",\"publisher\":{\"@id\":\"https:\/\/www.estrategiaconcursos.com.br\/blog\/#organization\"},\"potentialAction\":[{\"@type\":\"SearchAction\",\"target\":{\"@type\":\"EntryPoint\",\"urlTemplate\":\"https:\/\/www.estrategiaconcursos.com.br\/blog\/?s={search_term_string}\"},\"query-input\":{\"@type\":\"PropertyValueSpecification\",\"valueRequired\":true,\"valueName\":\"search_term_string\"}}],\"inLanguage\":\"pt-BR\"},{\"@type\":\"Organization\",\"@id\":\"https:\/\/www.estrategiaconcursos.com.br\/blog\/#organization\",\"name\":\"Estrat\u00e9gia Concursos\",\"url\":\"https:\/\/www.estrategiaconcursos.com.br\/blog\/\",\"logo\":{\"@type\":\"ImageObject\",\"inLanguage\":\"pt-BR\",\"@id\":\"https:\/\/www.estrategiaconcursos.com.br\/blog\/#\/schema\/logo\/image\/\",\"url\":\"https:\/\/dhg1h5j42swfq.cloudfront.net\/2025\/06\/03203428\/logo_concursos-1.jpg\",\"contentUrl\":\"https:\/\/dhg1h5j42swfq.cloudfront.net\/2025\/06\/03203428\/logo_concursos-1.jpg\",\"width\":230,\"height\":60,\"caption\":\"Estrat\u00e9gia Concursos\"},\"image\":{\"@id\":\"https:\/\/www.estrategiaconcursos.com.br\/blog\/#\/schema\/logo\/image\/\"},\"sameAs\":[\"https:\/\/x.com\/EstratConcursos\"]},{\"@type\":\"Person\",\"@id\":\"https:\/\/www.estrategiaconcursos.com.br\/blog\/#\/schema\/person\/e3b6b7ce0192dd4ad270655969d61750\",\"name\":\"F\u00e1bio Scaldelai\",\"image\":{\"@type\":\"ImageObject\",\"inLanguage\":\"pt-BR\",\"@id\":\"https:\/\/secure.gravatar.com\/avatar\/8ed7492c4d88d8495bc0cb24cda6847b8ae23eec459a919e08e77d0ca0fd79ec?s=96&d=mm&r=g\",\"url\":\"https:\/\/secure.gravatar.com\/avatar\/8ed7492c4d88d8495bc0cb24cda6847b8ae23eec459a919e08e77d0ca0fd79ec?s=96&d=mm&r=g\",\"contentUrl\":\"https:\/\/secure.gravatar.com\/avatar\/8ed7492c4d88d8495bc0cb24cda6847b8ae23eec459a919e08e77d0ca0fd79ec?s=96&d=mm&r=g\",\"caption\":\"F\u00e1bio Scaldelai\"},\"description\":\"Jornalista no Estrat\u00e9gia Concursos e Produtor de Televis\u00e3o, formado em Jornalismo, R\u00e1dio e TV pela Faculdade Integrada Rio Branco, com especializa\u00e7\u00f5es em Gest\u00e3o Empresarial e Marketing pelo M\u00f3dulo. Atuou como produtor no SBT, TV Bandeirantes e R\u00e1dio Band FM, al\u00e9m de acumular tr\u00eas anos de experi\u00eancia no setor de concursos p\u00fablicos pela LFG (Luiz Fl\u00e1vio Gomes). No Estrat\u00e9gia Concursos, atua na apura\u00e7\u00e3o de not\u00edcias da \u00e1rea fiscal, al\u00e9m de coberturas sobre concursos das \u00e1reas de controle (TCU, TCE, etc), concurso AFT, \u00e1rea de gest\u00e3o e administrativa, bem como dos \u00f3rg\u00e3os participantes do CNU. Tamb\u00e9m possui experi\u00eancia em link building e an\u00e1lise de m\u00eddia, adquirida durante sua atua\u00e7\u00e3o na ag\u00eancia SEO Marketing.\",\"url\":\"https:\/\/www.estrategiaconcursos.com.br\/blog\/author\/fabio-scaldelaiestrategiaconcursos-com-br\/\"}]}<\/script>\n<!-- \/ Yoast SEO Premium plugin. -->","yoast_head_json":{"title":"Concurso SEDES DF: edital iminente, com 1,1 mil vagas!","description":"SEDES DF avan\u00e7a nos preparativos do concurso, que prev\u00ea 1.197 oportunidades para cargos de T\u00e9cnico e Especialista. Saiba tudo aqui!","robots":{"index":"index","follow":"follow","max-snippet":"max-snippet:-1","max-image-preview":"max-image-preview:large","max-video-preview":"max-video-preview:-1"},"canonical":"https:\/\/www.estrategiaconcursos.com.br\/blog\/concurso-sedes-df\/","og_locale":"pt_BR","og_type":"article","og_title":"Concurso SEDES DF: edital iminente, com 1,1 mil vagas!","og_description":"SEDES DF avan\u00e7a nos preparativos do concurso, que prev\u00ea 1.197 oportunidades para cargos de T\u00e9cnico e Especialista. Saiba tudo aqui!","og_url":"https:\/\/www.estrategiaconcursos.com.br\/blog\/concurso-sedes-df\/","og_site_name":"Estrat\u00e9gia Concursos","article_published_time":"2026-04-17T09:14:00+00:00","article_modified_time":"2026-04-17T17:02:59+00:00","og_image":[{"width":768,"height":432,"url":"https:\/\/dhg1h5j42swfq.cloudfront.net\/2024\/05\/06133335\/sedes-df.jpg","type":"image\/jpeg"}],"author":"F\u00e1bio Scaldelai","twitter_card":"summary_large_image","twitter_creator":"@EstratConcursos","twitter_site":"@EstratConcursos","twitter_misc":{"Escrito por":"F\u00e1bio Scaldelai","Est. tempo de leitura":"7 minutos"},"schema":{"@context":"https:\/\/schema.org","@graph":[{"@type":"NewsArticle","@id":"https:\/\/www.estrategiaconcursos.com.br\/blog\/concurso-sedes-df\/#article","isPartOf":{"@id":"https:\/\/www.estrategiaconcursos.com.br\/blog\/concurso-sedes-df\/"},"author":{"name":"F\u00e1bio Scaldelai","@id":"https:\/\/www.estrategiaconcursos.com.br\/blog\/#\/schema\/person\/e3b6b7ce0192dd4ad270655969d61750"},"headline":"Concurso SEDES DF: edital iminente, com 1,1 mil vagas!","datePublished":"2026-04-17T09:14:00+00:00","dateModified":"2026-04-17T17:02:59+00:00","mainEntityOfPage":{"@id":"https:\/\/www.estrategiaconcursos.com.br\/blog\/concurso-sedes-df\/"},"wordCount":1476,"commentCount":16,"publisher":{"@id":"https:\/\/www.estrategiaconcursos.com.br\/blog\/#organization"},"image":{"@id":"https:\/\/www.estrategiaconcursos.com.br\/blog\/concurso-sedes-df\/#primaryimage"},"thumbnailUrl":"https:\/\/dhg1h5j42swfq.cloudfront.net\/2024\/05\/06133335\/sedes-df.jpg","articleSection":["Executivo (Administrativa)"],"inLanguage":"pt-BR","potentialAction":[{"@type":"CommentAction","name":"Comment","target":["https:\/\/www.estrategiaconcursos.com.br\/blog\/concurso-sedes-df\/#respond"]}],"copyrightYear":"2026","copyrightHolder":{"@id":"https:\/\/www.estrategiaconcursos.com.br\/blog\/#organization"}},{"@type":"WebPage","@id":"https:\/\/www.estrategiaconcursos.com.br\/blog\/concurso-sedes-df\/","url":"https:\/\/www.estrategiaconcursos.com.br\/blog\/concurso-sedes-df\/","name":"Concurso SEDES DF: edital iminente, com 1,1 mil vagas!","isPartOf":{"@id":"https:\/\/www.estrategiaconcursos.com.br\/blog\/#website"},"primaryImageOfPage":{"@id":"https:\/\/www.estrategiaconcursos.com.br\/blog\/concurso-sedes-df\/#primaryimage"},"image":{"@id":"https:\/\/www.estrategiaconcursos.com.br\/blog\/concurso-sedes-df\/#primaryimage"},"thumbnailUrl":"https:\/\/dhg1h5j42swfq.cloudfront.net\/2024\/05\/06133335\/sedes-df.jpg","datePublished":"2026-04-17T09:14:00+00:00","dateModified":"2026-04-17T17:02:59+00:00","description":"SEDES DF avan\u00e7a nos preparativos do concurso, que prev\u00ea 1.197 oportunidades para cargos de T\u00e9cnico e Especialista. Saiba tudo aqui!","breadcrumb":{"@id":"https:\/\/www.estrategiaconcursos.com.br\/blog\/concurso-sedes-df\/#breadcrumb"},"inLanguage":"pt-BR","potentialAction":[{"@type":"ReadAction","target":["https:\/\/www.estrategiaconcursos.com.br\/blog\/concurso-sedes-df\/"]}]},{"@type":"ImageObject","inLanguage":"pt-BR","@id":"https:\/\/www.estrategiaconcursos.com.br\/blog\/concurso-sedes-df\/#primaryimage","url":"https:\/\/dhg1h5j42swfq.cloudfront.net\/2024\/05\/06133335\/sedes-df.jpg","contentUrl":"https:\/\/dhg1h5j42swfq.cloudfront.net\/2024\/05\/06133335\/sedes-df.jpg","width":768,"height":432,"caption":"Concurso SEDES DF nomea\u00e7\u00e3o"},{"@type":"BreadcrumbList","@id":"https:\/\/www.estrategiaconcursos.com.br\/blog\/concurso-sedes-df\/#breadcrumb","itemListElement":[{"@type":"ListItem","position":1,"name":"In\u00edcio","item":"https:\/\/www.estrategiaconcursos.com.br\/blog\/"},{"@type":"ListItem","position":2,"name":"Concurso SEDES DF: edital iminente, com 1,1 mil vagas!"}]},{"@type":"WebSite","@id":"https:\/\/www.estrategiaconcursos.com.br\/blog\/#website","url":"https:\/\/www.estrategiaconcursos.com.br\/blog\/","name":"Estrat\u00e9gia Concursos","description":"O blog da Estrat\u00e9gia Concursos traz not\u00edcias sobre concursos e artigos de professores oferecendo cursos para concursos (pdf + videaulas) no site.","publisher":{"@id":"https:\/\/www.estrategiaconcursos.com.br\/blog\/#organization"},"potentialAction":[{"@type":"SearchAction","target":{"@type":"EntryPoint","urlTemplate":"https:\/\/www.estrategiaconcursos.com.br\/blog\/?s={search_term_string}"},"query-input":{"@type":"PropertyValueSpecification","valueRequired":true,"valueName":"search_term_string"}}],"inLanguage":"pt-BR"},{"@type":"Organization","@id":"https:\/\/www.estrategiaconcursos.com.br\/blog\/#organization","name":"Estrat\u00e9gia Concursos","url":"https:\/\/www.estrategiaconcursos.com.br\/blog\/","logo":{"@type":"ImageObject","inLanguage":"pt-BR","@id":"https:\/\/www.estrategiaconcursos.com.br\/blog\/#\/schema\/logo\/image\/","url":"https:\/\/dhg1h5j42swfq.cloudfront.net\/2025\/06\/03203428\/logo_concursos-1.jpg","contentUrl":"https:\/\/dhg1h5j42swfq.cloudfront.net\/2025\/06\/03203428\/logo_concursos-1.jpg","width":230,"height":60,"caption":"Estrat\u00e9gia Concursos"},"image":{"@id":"https:\/\/www.estrategiaconcursos.com.br\/blog\/#\/schema\/logo\/image\/"},"sameAs":["https:\/\/x.com\/EstratConcursos"]},{"@type":"Person","@id":"https:\/\/www.estrategiaconcursos.com.br\/blog\/#\/schema\/person\/e3b6b7ce0192dd4ad270655969d61750","name":"F\u00e1bio Scaldelai","image":{"@type":"ImageObject","inLanguage":"pt-BR","@id":"https:\/\/secure.gravatar.com\/avatar\/8ed7492c4d88d8495bc0cb24cda6847b8ae23eec459a919e08e77d0ca0fd79ec?s=96&d=mm&r=g","url":"https:\/\/secure.gravatar.com\/avatar\/8ed7492c4d88d8495bc0cb24cda6847b8ae23eec459a919e08e77d0ca0fd79ec?s=96&d=mm&r=g","contentUrl":"https:\/\/secure.gravatar.com\/avatar\/8ed7492c4d88d8495bc0cb24cda6847b8ae23eec459a919e08e77d0ca0fd79ec?s=96&d=mm&r=g","caption":"F\u00e1bio Scaldelai"},"description":"Jornalista no Estrat\u00e9gia Concursos e Produtor de Televis\u00e3o, formado em Jornalismo, R\u00e1dio e TV pela Faculdade Integrada Rio Branco, com especializa\u00e7\u00f5es em Gest\u00e3o Empresarial e Marketing pelo M\u00f3dulo. Atuou como produtor no SBT, TV Bandeirantes e R\u00e1dio Band FM, al\u00e9m de acumular tr\u00eas anos de experi\u00eancia no setor de concursos p\u00fablicos pela LFG (Luiz Fl\u00e1vio Gomes). No Estrat\u00e9gia Concursos, atua na apura\u00e7\u00e3o de not\u00edcias da \u00e1rea fiscal, al\u00e9m de coberturas sobre concursos das \u00e1reas de controle (TCU, TCE, etc), concurso AFT, \u00e1rea de gest\u00e3o e administrativa, bem como dos \u00f3rg\u00e3os participantes do CNU. Tamb\u00e9m possui experi\u00eancia em link building e an\u00e1lise de m\u00eddia, adquirida durante sua atua\u00e7\u00e3o na ag\u00eancia SEO Marketing.","url":"https:\/\/www.estrategiaconcursos.com.br\/blog\/author\/fabio-scaldelaiestrategiaconcursos-com-br\/"}]}},"_links":{"self":[{"href":"https:\/\/www.estrategiaconcursos.com.br\/blog\/wp-json\/wp\/v2\/posts\/76606","targetHints":{"allow":["GET"]}}],"collection":[{"href":"https:\/\/www.estrategiaconcursos.com.br\/blog\/wp-json\/wp\/v2\/posts"}],"about":[{"href":"https:\/\/www.estrategiaconcursos.com.br\/blog\/wp-json\/wp\/v2\/types\/post"}],"author":[{"embeddable":true,"href":"https:\/\/www.estrategiaconcursos.com.br\/blog\/wp-json\/wp\/v2\/users\/656"}],"replies":[{"embeddable":true,"href":"https:\/\/www.estrategiaconcursos.com.br\/blog\/wp-json\/wp\/v2\/comments?post=76606"}],"version-history":[{"count":139,"href":"https:\/\/www.estrategiaconcursos.com.br\/blog\/wp-json\/wp\/v2\/posts\/76606\/revisions"}],"predecessor-version":[{"id":1755278,"href":"https:\/\/www.estrategiaconcursos.com.br\/blog\/wp-json\/wp\/v2\/posts\/76606\/revisions\/1755278"}],"wp:featuredmedia":[{"embeddable":true,"href":"https:\/\/www.estrategiaconcursos.com.br\/blog\/wp-json\/wp\/v2\/media\/1394867"}],"wp:attachment":[{"href":"https:\/\/www.estrategiaconcursos.com.br\/blog\/wp-json\/wp\/v2\/media?parent=76606"}],"wp:term":[{"taxonomy":"category","embeddable":true,"href":"https:\/\/www.estrategiaconcursos.com.br\/blog\/wp-json\/wp\/v2\/categories?post=76606"},{"taxonomy":"post_tag","embeddable":true,"href":"https:\/\/www.estrategiaconcursos.com.br\/blog\/wp-json\/wp\/v2\/tags?post=76606"},{"taxonomy":"tax_estado","embeddable":true,"href":"https:\/\/www.estrategiaconcursos.com.br\/blog\/wp-json\/wp\/v2\/tax_estado?post=76606"}],"curies":[{"name":"wp","href":"https:\/\/api.w.org\/{rel}","templated":true}]}}