{"id":7650,"date":"2012-07-09T01:28:05","date_gmt":"2012-07-09T01:28:05","guid":{"rendered":"https:\/\/www.estrategiaconcursos.com.br\/blog\/dru-esta-nos-noticiarios-e-cai-na-prova-4\/"},"modified":"2016-09-27T11:53:38","modified_gmt":"2016-09-27T14:53:38","slug":"dru-esta-nos-noticiarios-e-cai-na-prova-4","status":"publish","type":"post","link":"https:\/\/www.estrategiaconcursos.com.br\/blog\/dru-esta-nos-noticiarios-e-cai-na-prova-4\/","title":{"rendered":"DRU &#8211; Est\u00e1 nos notici\u00e1rios e cai na prova"},"content":{"rendered":"<div style=\"text-align: justify;\">\n<p><span style=\"font-size: 12px;\"><span style=\"font-family: Arial;\">Nos \u00faltimos dias o notici\u00e1rio falou muito da <b>DRU &#8211; Desvincula\u00e7\u00e3o de Receitas da Uni\u00e3o<\/b>. V\u00e1rias discuss\u00f5es entre o Poder Executivo e o Legislativo sobre o prazo de nova vig\u00eancia desse mecanismo.<\/span><\/span><\/p>\n<p>Assista esse trecho de 35 segundos, apenas como exemplo, para ver como o assunto est\u00e1 na m\u00eddia: <a href=\"http:\/\/g1.globo.com\/jornal-nacional\/noticia\/2011\/11\/dilma-defende-prorrogacao-da-dru-ate-2015.html\"><span style=\"font-size: 12px;\"><span style=\"font-family: Arial;\">http:\/\/g1.globo.com\/jornal-nacional\/noticia\/2011\/11\/dilma-defende-prorrogacao-da-dru-ate-2015.html<\/span><\/span><\/a><\/p>\n<p><b>E voc\u00ea sabe o que \u00e9 DRU? E sabe que isso cai em prova?<\/b><\/p>\n<p>Algumas caracter\u00edsticas s\u00e3o t\u00edpicas do or\u00e7amento em nosso Pa\u00eds.\u00a0\u00a0Uma delas \u00e9 o excesso de vincula\u00e7\u00e3o de receitas.<br \/>\nApesar de a veda\u00e7\u00e3o \u00e0 vincula\u00e7\u00e3o de receitas abranger apenas os impostos, os demais tributos s\u00e3o vinculados pela sua pr\u00f3pria natureza. Mesmo em rela\u00e7\u00e3o aos impostos, h\u00e1 v\u00e1rias exce\u00e7\u00f5es constitucionais que acarretam em mais vincula\u00e7\u00f5es. H\u00e1, ainda, as despesas obrigat\u00f3rias, que tamb\u00e9m acabam por vincular o or\u00e7amento, porque n\u00e3o se pode deixar de execut\u00e1-las, como acontece com o pagamento de pessoal, por exemplo. Isso tudo diminui a capacidade de discricionariedade do gestor p\u00fablico, engessando o or\u00e7amento.<\/p>\n<p>O excesso de vincula\u00e7\u00f5es no Or\u00e7amento da Uni\u00e3o cresceu nos \u00faltimos anos, o que levou a Uni\u00e3o a se endividar no mercado para pagamento de despesas obrigat\u00f3rias quando dispunha de recursos sobrando em outros itens. Assim, o Poder Executivo prop\u00f4s ao Congresso Nacional em 1994 um projeto de emenda \u00e0 Constitui\u00e7\u00e3o que autorizava a desvincula\u00e7\u00e3o de 20% de todos os impostos e contribui\u00e7\u00f5es federais que formava uma fonte de recursos livre de carimbos. Foi criado o Fundo Social de Emerg\u00eancia, posteriormente denominado Fundo de Estabiliza\u00e7\u00e3o Fiscal que vigorou at\u00e9 31 de dezembro de 1999. A partir do ano 2000 foi reformulado e passou a se chamar DRU &#8211; Desvincula\u00e7\u00e3o de Recursos da Uni\u00e3o tendo sua prorroga\u00e7\u00e3o aprovada pelo Congresso Nacional at\u00e9 2007.<\/p>\n<p>Novamente, foi aprovada pelo Congresso Nacional sua prorroga\u00e7\u00e3o, at\u00e9 31 de dezembro de 2011, pela Emenda Constitucional\u00a0 n\u00ba 56, de 20 de dezembro de 2007.<br \/>\n<i>Art. 76. \u00c9 desvinculado de \u00f3rg\u00e3o, fundo ou despesa, <b>at\u00e9 31 de dezembro de 2011<\/b>, 20% (vinte por cento) da arrecada\u00e7\u00e3o da Uni\u00e3o de impostos, contribui\u00e7\u00f5es sociais e de interven\u00e7\u00e3o no dom\u00ednio econ\u00f4mico, j\u00e1 institu\u00eddos ou que vierem a ser criados at\u00e9 a referida data, seus adicionais e respectivos acr\u00e9scimos legais.<br \/>\n<\/i><br \/>\n<b>Repare que ela est\u00e1 acabando! Por isso o destaque para sua renova\u00e7\u00e3o.<br \/>\n<\/b><br \/>\nA DRU objetiva t\u00e3o somente dar uma maior flexibilidade \u00e0 aloca\u00e7\u00e3o dos recursos p\u00fablicos e n\u00e3o significa eleva\u00e7\u00e3o das receitas totais para o governo federal. O que diminui em 20% s\u00e3o as receitas vinculadas que passam a ser &#8220;receitas gerais&#8221;. Al\u00e9m disso, n\u00e3o afeta as transfer\u00eancias constitucionais para Estados e munic\u00edpios, cuja principal fonte de receita \u00e9 o IPI e o Imposto de Renda, uma vez que a desvincula\u00e7\u00e3o \u00e9 feita ap\u00f3s os c\u00e1lculos das transfer\u00eancias.<\/p>\n<p><b>Vamos ver como a DRU cai na prova?<br \/>\n<\/b><br \/>\n<b>1) (CESPE &#8211; Contador &#8211; UNIPAMPA &#8211; 2009) A Desvincula\u00e7\u00e3o das Receitas da Uni\u00e3o (DRU), pelo fato de n\u00e3o estar vinculada a qualquer fundo, ainda que somente cont\u00e1bil, impossibilita a distin\u00e7\u00e3o, na execu\u00e7\u00e3o or\u00e7ament\u00e1ria, de qual parcela de recursos \u00e9 origin\u00e1ria de impostos gerais e de qual \u00e9 referente \u00e0 desvincula\u00e7\u00e3o de recursos. Essa situa\u00e7\u00e3o fere os princ\u00edpios or\u00e7ament\u00e1rios da discrimina\u00e7\u00e3o e da clareza no or\u00e7amento p\u00fablico.<br \/>\n<\/b><br \/>\nH\u00e1 na LOA receitas vinculadas e de impostos gerais (n\u00e3o vinculadas). Quando usamos a DRU, retiramos das receitas vinculadas e passamos para as gerais. Quando fazemos isso, as receitas desvinculadas pela DRU se misturam com as gerais. Assim, olhando a LOA, n\u00e3o sabemos o que foi desvinculado e o que j\u00e1 era dos impostos gerais, ferindo os princ\u00edpios or\u00e7ament\u00e1rios da discrimina\u00e7\u00e3o (demonstra\u00e7\u00e3o da origem e da aplica\u00e7\u00e3o dos recursos)\u00a0e da clareza (forma clara, ordenada e completa)\u00a0no or\u00e7amento p\u00fablico.<br \/>\nResposta: Certa<\/p>\n<p><b>2) (CESPE &#8211; Contador &#8211; Minist\u00e9rio da Sa\u00fade &#8211; 2010) Com base nos artigos da CF que tratam da seguridade social, o Tribunal de Contas da Uni\u00e3o (TCU) elaborou a tabela a seguir, que compara os valores arrecadados por meio das receitas diretamente vinculadas \u00e0 seguridade social com as despesas empenhadas nessa esfera or\u00e7ament\u00e1ria em 2008.<br \/>\n<\/b><br \/>\n<b>Receitas e despesas da seguridade social*<br \/>\nValores em R$ milhares<br \/>\nItens\/exerc\u00edcio de 2008<br \/>\n1 receitas correntes** = 339.293.585,43<br \/>\n1.1 receita tribut\u00e1ria = 308.033,84<br \/>\n1.2 receita de contribui\u00e7\u00f5es 320.231.631,10<br \/>\n1.3 outras receitas correntes = 18.753.920,49<br \/>\n2 receitas de capital = 30.651,70<br \/>\n3 receita total da seguridade social (1+2) = 339.324.237,13<br \/>\n4 despesas da seguridade social ajustada = 371.035.614,10<br \/>\n5 resultado da seguridade social ajustado (3-4) = -31.711.376,97<br \/>\n6 desvincula\u00e7\u00e3o de receitas da Uni\u00e3o (DRU) = 39.580.914,00<br \/>\n7 resultado da seguridade social ajustado + DRU (5+6) = 7.869.537,03<\/b><\/p>\n<p>* Exclu\u00eddas as receitas e despesas intraor\u00e7ament\u00e1rias, exceto a receita com a contribui\u00e7\u00e3o patronal do servidor ativo.<br \/>\n** Receitas vinculadas \u00e0 seguridade social, exclu\u00eddos os valores deduzidos a t\u00edtulo de DRU.<br \/>\nTribunal de Contas da Uni\u00e3o (TCU). Relat\u00f3rio e pareceres pr\u00e9vios sobre as contas do governo da Rep\u00fablica \u2014 exerc\u00edcio de 2008, p. 149-50 (com adapta\u00e7\u00f5es).<\/p>\n<p>Considerando as informa\u00e7\u00f5es da tabela acima, julgue o item, acerca do or\u00e7amento da seguridade social na esfera federal:<br \/>\nApesar da exist\u00eancia de contribui\u00e7\u00f5es sociais sobre faturamento, lucro e receita das empresas destinadas para a seguridade social, esses recursos n\u00e3o s\u00e3o aplicados integralmente nas pol\u00edticas da seguridade social, devido \u00e0 exist\u00eancia da DRU. Ao considerar no c\u00e1lculo a devolu\u00e7\u00e3o dos recursos desvinculados pela DRU, o TCU mostra um resultado superavit\u00e1rio do or\u00e7amento da seguridade social, em 2008.<\/p>\n<p>Em suas auditorias o TCU, ao apurar o resultado com a seguridade social, efetua um primeiro c\u00e1lculo, desconsiderando a DRU, chegando a um resultado negativo (item 5). Desconsiderar a DRU, nesse caso, significa abater 20% das receitas vinculadas a seguridade social, ou seja, reduz em 20% as receitas dessa \u00e1rea.<br \/>\nNo entanto, para chegar a um valor real, o TCU considera no c\u00e1lculo a devolu\u00e7\u00e3o dos recursos desvinculados pela DRU, ou seja, retorna com 20% sobre os valores da receita vinculada.<br \/>\nDessa forma, no item 7, temos um resultado superavit\u00e1rio no Or\u00e7amento da Seguridade Social.<br \/>\nResposta: Certa<\/p>\n<p>Forte abra\u00e7o!<br \/>\nS\u00e9rgio Mendes<\/p>\n<p><b>Cursos online:<\/b> <a href=\"http:\/\/www.estrategiaconcursos.com.br\/professores\/3000\/cursos\"><span style=\"font-size: 12px;\"><span style=\"font-family: Arial;\">http:\/\/www.estrategiaconcursos.com.br\/professores\/3000\/cursos<\/span><\/span><\/a><span style=\"font-size: 12px;\"><span style=\"font-family: Arial;\"><br \/>\n<b>e-mail: <\/b>sergiomendes@estrategiaconcursos.com.br<br \/>\n<b>Twitter:<\/b> @sergiomendesafo<br \/>\n<\/span><\/span><span style=\"font-size: 12px;\"><span style=\"font-family: Arial;\"><br \/>\n<\/span><\/span><\/p>\n<\/div>\n","protected":false},"excerpt":{"rendered":"<p>Nos \u00faltimos dias o notici\u00e1rio falou muito da DRU &#8211; Desvincula\u00e7\u00e3o de Receitas da Uni\u00e3o. V\u00e1rias discuss\u00f5es entre o Poder Executivo e o Legislativo sobre o prazo de nova vig\u00eancia desse mecanismo. Assista esse trecho de 35 segundos, apenas como exemplo, para ver como o assunto est\u00e1 na m\u00eddia: http:\/\/g1.globo.com\/jornal-nacional\/noticia\/2011\/11\/dilma-defende-prorrogacao-da-dru-ate-2015.html E voc\u00ea sabe o que [&hellip;]<\/p>\n","protected":false},"author":29,"featured_media":0,"comment_status":"open","ping_status":"open","sticky":false,"template":"","format":"standard","meta":{"post_tipo":"article","footnotes":""},"categories":[1],"tags":[],"tax_estado":[],"class_list":["post-7650","post","type-post","status-publish","format-standard","hentry","category-cursos-e-concursos"],"acf":[],"yoast_head":"<!-- This site is optimized with the Yoast SEO Premium plugin v27.2 (Yoast SEO v27.2) - https:\/\/yoast.com\/product\/yoast-seo-premium-wordpress\/ -->\n<title>DRU - Est\u00e1 nos notici\u00e1rios e cai na prova<\/title>\n<meta name=\"robots\" content=\"index, follow, max-snippet:-1, max-image-preview:large, max-video-preview:-1\" \/>\n<link rel=\"canonical\" href=\"https:\/\/www.estrategiaconcursos.com.br\/blog\/dru-esta-nos-noticiarios-e-cai-na-prova-4\/\" \/>\n<meta property=\"og:locale\" content=\"pt_BR\" \/>\n<meta property=\"og:type\" content=\"article\" \/>\n<meta property=\"og:title\" content=\"DRU - Est\u00e1 nos notici\u00e1rios e cai na prova\" \/>\n<meta property=\"og:description\" content=\"Nos \u00faltimos dias o notici\u00e1rio falou muito da DRU &#8211; Desvincula\u00e7\u00e3o de Receitas da Uni\u00e3o. V\u00e1rias discuss\u00f5es entre o Poder Executivo e o Legislativo sobre o prazo de nova vig\u00eancia desse mecanismo. Assista esse trecho de 35 segundos, apenas como exemplo, para ver como o assunto est\u00e1 na m\u00eddia: http:\/\/g1.globo.com\/jornal-nacional\/noticia\/2011\/11\/dilma-defende-prorrogacao-da-dru-ate-2015.html E voc\u00ea sabe o que [&hellip;]\" \/>\n<meta property=\"og:url\" content=\"https:\/\/www.estrategiaconcursos.com.br\/blog\/dru-esta-nos-noticiarios-e-cai-na-prova-4\/\" \/>\n<meta property=\"og:site_name\" content=\"Estrat\u00e9gia Concursos\" \/>\n<meta property=\"article:author\" content=\"https:\/\/www.facebook.com\/profsergiomendes\" \/>\n<meta property=\"article:published_time\" content=\"2012-07-09T01:28:05+00:00\" \/>\n<meta property=\"article:modified_time\" content=\"2016-09-27T14:53:38+00:00\" \/>\n<meta name=\"author\" content=\"S\u00e9rgio Mendes\" \/>\n<meta name=\"twitter:card\" content=\"summary_large_image\" \/>\n<meta name=\"twitter:creator\" content=\"@EstratConcursos\" \/>\n<meta name=\"twitter:site\" content=\"@EstratConcursos\" \/>\n<meta name=\"twitter:label1\" content=\"Escrito por\" \/>\n\t<meta name=\"twitter:data1\" content=\"S\u00e9rgio Mendes\" \/>\n\t<meta name=\"twitter:label2\" content=\"Est. tempo de leitura\" \/>\n\t<meta name=\"twitter:data2\" content=\"5 minutos\" \/>\n<script type=\"application\/ld+json\" class=\"yoast-schema-graph\">{\"@context\":\"https:\/\/schema.org\",\"@graph\":[{\"@type\":\"NewsArticle\",\"@id\":\"https:\/\/www.estrategiaconcursos.com.br\/blog\/dru-esta-nos-noticiarios-e-cai-na-prova-4\/#article\",\"isPartOf\":{\"@id\":\"https:\/\/www.estrategiaconcursos.com.br\/blog\/dru-esta-nos-noticiarios-e-cai-na-prova-4\/\"},\"author\":{\"name\":\"S\u00e9rgio Mendes\",\"@id\":\"https:\/\/www.estrategiaconcursos.com.br\/blog\/#\/schema\/person\/4ddc4a162b4fdffa2ea9956dbf62f583\"},\"headline\":\"DRU &#8211; Est\u00e1 nos notici\u00e1rios e cai na prova\",\"datePublished\":\"2012-07-09T01:28:05+00:00\",\"dateModified\":\"2016-09-27T14:53:38+00:00\",\"mainEntityOfPage\":{\"@id\":\"https:\/\/www.estrategiaconcursos.com.br\/blog\/dru-esta-nos-noticiarios-e-cai-na-prova-4\/\"},\"wordCount\":1067,\"commentCount\":0,\"publisher\":{\"@id\":\"https:\/\/www.estrategiaconcursos.com.br\/blog\/#organization\"},\"articleSection\":[\"Concursos P\u00fablicos\"],\"inLanguage\":\"pt-BR\",\"potentialAction\":[{\"@type\":\"CommentAction\",\"name\":\"Comment\",\"target\":[\"https:\/\/www.estrategiaconcursos.com.br\/blog\/dru-esta-nos-noticiarios-e-cai-na-prova-4\/#respond\"]}],\"copyrightYear\":\"2012\",\"copyrightHolder\":{\"@id\":\"https:\/\/www.estrategiaconcursos.com.br\/blog\/#organization\"}},{\"@type\":\"WebPage\",\"@id\":\"https:\/\/www.estrategiaconcursos.com.br\/blog\/dru-esta-nos-noticiarios-e-cai-na-prova-4\/\",\"url\":\"https:\/\/www.estrategiaconcursos.com.br\/blog\/dru-esta-nos-noticiarios-e-cai-na-prova-4\/\",\"name\":\"DRU - Est\u00e1 nos notici\u00e1rios e cai na prova\",\"isPartOf\":{\"@id\":\"https:\/\/www.estrategiaconcursos.com.br\/blog\/#website\"},\"datePublished\":\"2012-07-09T01:28:05+00:00\",\"dateModified\":\"2016-09-27T14:53:38+00:00\",\"breadcrumb\":{\"@id\":\"https:\/\/www.estrategiaconcursos.com.br\/blog\/dru-esta-nos-noticiarios-e-cai-na-prova-4\/#breadcrumb\"},\"inLanguage\":\"pt-BR\",\"potentialAction\":[{\"@type\":\"ReadAction\",\"target\":[\"https:\/\/www.estrategiaconcursos.com.br\/blog\/dru-esta-nos-noticiarios-e-cai-na-prova-4\/\"]}]},{\"@type\":\"BreadcrumbList\",\"@id\":\"https:\/\/www.estrategiaconcursos.com.br\/blog\/dru-esta-nos-noticiarios-e-cai-na-prova-4\/#breadcrumb\",\"itemListElement\":[{\"@type\":\"ListItem\",\"position\":1,\"name\":\"In\u00edcio\",\"item\":\"https:\/\/www.estrategiaconcursos.com.br\/blog\/\"},{\"@type\":\"ListItem\",\"position\":2,\"name\":\"DRU &#8211; Est\u00e1 nos notici\u00e1rios e cai na prova\"}]},{\"@type\":\"WebSite\",\"@id\":\"https:\/\/www.estrategiaconcursos.com.br\/blog\/#website\",\"url\":\"https:\/\/www.estrategiaconcursos.com.br\/blog\/\",\"name\":\"Estrat\u00e9gia Concursos\",\"description\":\"O blog da Estrat\u00e9gia Concursos traz not\u00edcias sobre concursos e artigos de professores oferecendo cursos para concursos (pdf + videaulas) no site.\",\"publisher\":{\"@id\":\"https:\/\/www.estrategiaconcursos.com.br\/blog\/#organization\"},\"potentialAction\":[{\"@type\":\"SearchAction\",\"target\":{\"@type\":\"EntryPoint\",\"urlTemplate\":\"https:\/\/www.estrategiaconcursos.com.br\/blog\/?s={search_term_string}\"},\"query-input\":{\"@type\":\"PropertyValueSpecification\",\"valueRequired\":true,\"valueName\":\"search_term_string\"}}],\"inLanguage\":\"pt-BR\"},{\"@type\":\"Organization\",\"@id\":\"https:\/\/www.estrategiaconcursos.com.br\/blog\/#organization\",\"name\":\"Estrat\u00e9gia Concursos\",\"url\":\"https:\/\/www.estrategiaconcursos.com.br\/blog\/\",\"logo\":{\"@type\":\"ImageObject\",\"inLanguage\":\"pt-BR\",\"@id\":\"https:\/\/www.estrategiaconcursos.com.br\/blog\/#\/schema\/logo\/image\/\",\"url\":\"https:\/\/dhg1h5j42swfq.cloudfront.net\/2025\/06\/03203428\/logo_concursos-1.jpg\",\"contentUrl\":\"https:\/\/dhg1h5j42swfq.cloudfront.net\/2025\/06\/03203428\/logo_concursos-1.jpg\",\"width\":230,\"height\":60,\"caption\":\"Estrat\u00e9gia Concursos\"},\"image\":{\"@id\":\"https:\/\/www.estrategiaconcursos.com.br\/blog\/#\/schema\/logo\/image\/\"},\"sameAs\":[\"https:\/\/x.com\/EstratConcursos\"]},{\"@type\":\"Person\",\"@id\":\"https:\/\/www.estrategiaconcursos.com.br\/blog\/#\/schema\/person\/4ddc4a162b4fdffa2ea9956dbf62f583\",\"name\":\"S\u00e9rgio Mendes\",\"image\":{\"@type\":\"ImageObject\",\"inLanguage\":\"pt-BR\",\"@id\":\"https:\/\/secure.gravatar.com\/avatar\/4eb4b562c33f40d6f7f76579da7e07350c69579df7db305d32a69ed32ecfd5ce?s=96&d=mm&r=g\",\"url\":\"https:\/\/secure.gravatar.com\/avatar\/4eb4b562c33f40d6f7f76579da7e07350c69579df7db305d32a69ed32ecfd5ce?s=96&d=mm&r=g\",\"contentUrl\":\"https:\/\/secure.gravatar.com\/avatar\/4eb4b562c33f40d6f7f76579da7e07350c69579df7db305d32a69ed32ecfd5ce?s=96&d=mm&r=g\",\"caption\":\"S\u00e9rgio Mendes\"},\"sameAs\":[\"https:\/\/www.facebook.com\/profsergiomendes\"],\"url\":\"https:\/\/www.estrategiaconcursos.com.br\/blog\/author\/sergiomendesestrategiaconcursos-com-br\/\"}]}<\/script>\n<!-- \/ Yoast SEO Premium plugin. -->","yoast_head_json":{"title":"DRU - Est\u00e1 nos notici\u00e1rios e cai na prova","robots":{"index":"index","follow":"follow","max-snippet":"max-snippet:-1","max-image-preview":"max-image-preview:large","max-video-preview":"max-video-preview:-1"},"canonical":"https:\/\/www.estrategiaconcursos.com.br\/blog\/dru-esta-nos-noticiarios-e-cai-na-prova-4\/","og_locale":"pt_BR","og_type":"article","og_title":"DRU - Est\u00e1 nos notici\u00e1rios e cai na prova","og_description":"Nos \u00faltimos dias o notici\u00e1rio falou muito da DRU &#8211; Desvincula\u00e7\u00e3o de Receitas da Uni\u00e3o. V\u00e1rias discuss\u00f5es entre o Poder Executivo e o Legislativo sobre o prazo de nova vig\u00eancia desse mecanismo. Assista esse trecho de 35 segundos, apenas como exemplo, para ver como o assunto est\u00e1 na m\u00eddia: http:\/\/g1.globo.com\/jornal-nacional\/noticia\/2011\/11\/dilma-defende-prorrogacao-da-dru-ate-2015.html E voc\u00ea sabe o que [&hellip;]","og_url":"https:\/\/www.estrategiaconcursos.com.br\/blog\/dru-esta-nos-noticiarios-e-cai-na-prova-4\/","og_site_name":"Estrat\u00e9gia Concursos","article_author":"https:\/\/www.facebook.com\/profsergiomendes","article_published_time":"2012-07-09T01:28:05+00:00","article_modified_time":"2016-09-27T14:53:38+00:00","author":"S\u00e9rgio Mendes","twitter_card":"summary_large_image","twitter_creator":"@EstratConcursos","twitter_site":"@EstratConcursos","twitter_misc":{"Escrito por":"S\u00e9rgio Mendes","Est. tempo de leitura":"5 minutos"},"schema":{"@context":"https:\/\/schema.org","@graph":[{"@type":"NewsArticle","@id":"https:\/\/www.estrategiaconcursos.com.br\/blog\/dru-esta-nos-noticiarios-e-cai-na-prova-4\/#article","isPartOf":{"@id":"https:\/\/www.estrategiaconcursos.com.br\/blog\/dru-esta-nos-noticiarios-e-cai-na-prova-4\/"},"author":{"name":"S\u00e9rgio Mendes","@id":"https:\/\/www.estrategiaconcursos.com.br\/blog\/#\/schema\/person\/4ddc4a162b4fdffa2ea9956dbf62f583"},"headline":"DRU &#8211; Est\u00e1 nos notici\u00e1rios e cai na prova","datePublished":"2012-07-09T01:28:05+00:00","dateModified":"2016-09-27T14:53:38+00:00","mainEntityOfPage":{"@id":"https:\/\/www.estrategiaconcursos.com.br\/blog\/dru-esta-nos-noticiarios-e-cai-na-prova-4\/"},"wordCount":1067,"commentCount":0,"publisher":{"@id":"https:\/\/www.estrategiaconcursos.com.br\/blog\/#organization"},"articleSection":["Concursos P\u00fablicos"],"inLanguage":"pt-BR","potentialAction":[{"@type":"CommentAction","name":"Comment","target":["https:\/\/www.estrategiaconcursos.com.br\/blog\/dru-esta-nos-noticiarios-e-cai-na-prova-4\/#respond"]}],"copyrightYear":"2012","copyrightHolder":{"@id":"https:\/\/www.estrategiaconcursos.com.br\/blog\/#organization"}},{"@type":"WebPage","@id":"https:\/\/www.estrategiaconcursos.com.br\/blog\/dru-esta-nos-noticiarios-e-cai-na-prova-4\/","url":"https:\/\/www.estrategiaconcursos.com.br\/blog\/dru-esta-nos-noticiarios-e-cai-na-prova-4\/","name":"DRU - Est\u00e1 nos notici\u00e1rios e cai na prova","isPartOf":{"@id":"https:\/\/www.estrategiaconcursos.com.br\/blog\/#website"},"datePublished":"2012-07-09T01:28:05+00:00","dateModified":"2016-09-27T14:53:38+00:00","breadcrumb":{"@id":"https:\/\/www.estrategiaconcursos.com.br\/blog\/dru-esta-nos-noticiarios-e-cai-na-prova-4\/#breadcrumb"},"inLanguage":"pt-BR","potentialAction":[{"@type":"ReadAction","target":["https:\/\/www.estrategiaconcursos.com.br\/blog\/dru-esta-nos-noticiarios-e-cai-na-prova-4\/"]}]},{"@type":"BreadcrumbList","@id":"https:\/\/www.estrategiaconcursos.com.br\/blog\/dru-esta-nos-noticiarios-e-cai-na-prova-4\/#breadcrumb","itemListElement":[{"@type":"ListItem","position":1,"name":"In\u00edcio","item":"https:\/\/www.estrategiaconcursos.com.br\/blog\/"},{"@type":"ListItem","position":2,"name":"DRU &#8211; Est\u00e1 nos notici\u00e1rios e cai na prova"}]},{"@type":"WebSite","@id":"https:\/\/www.estrategiaconcursos.com.br\/blog\/#website","url":"https:\/\/www.estrategiaconcursos.com.br\/blog\/","name":"Estrat\u00e9gia Concursos","description":"O blog da Estrat\u00e9gia Concursos traz not\u00edcias sobre concursos e artigos de professores oferecendo cursos para concursos (pdf + videaulas) no site.","publisher":{"@id":"https:\/\/www.estrategiaconcursos.com.br\/blog\/#organization"},"potentialAction":[{"@type":"SearchAction","target":{"@type":"EntryPoint","urlTemplate":"https:\/\/www.estrategiaconcursos.com.br\/blog\/?s={search_term_string}"},"query-input":{"@type":"PropertyValueSpecification","valueRequired":true,"valueName":"search_term_string"}}],"inLanguage":"pt-BR"},{"@type":"Organization","@id":"https:\/\/www.estrategiaconcursos.com.br\/blog\/#organization","name":"Estrat\u00e9gia Concursos","url":"https:\/\/www.estrategiaconcursos.com.br\/blog\/","logo":{"@type":"ImageObject","inLanguage":"pt-BR","@id":"https:\/\/www.estrategiaconcursos.com.br\/blog\/#\/schema\/logo\/image\/","url":"https:\/\/dhg1h5j42swfq.cloudfront.net\/2025\/06\/03203428\/logo_concursos-1.jpg","contentUrl":"https:\/\/dhg1h5j42swfq.cloudfront.net\/2025\/06\/03203428\/logo_concursos-1.jpg","width":230,"height":60,"caption":"Estrat\u00e9gia Concursos"},"image":{"@id":"https:\/\/www.estrategiaconcursos.com.br\/blog\/#\/schema\/logo\/image\/"},"sameAs":["https:\/\/x.com\/EstratConcursos"]},{"@type":"Person","@id":"https:\/\/www.estrategiaconcursos.com.br\/blog\/#\/schema\/person\/4ddc4a162b4fdffa2ea9956dbf62f583","name":"S\u00e9rgio Mendes","image":{"@type":"ImageObject","inLanguage":"pt-BR","@id":"https:\/\/secure.gravatar.com\/avatar\/4eb4b562c33f40d6f7f76579da7e07350c69579df7db305d32a69ed32ecfd5ce?s=96&d=mm&r=g","url":"https:\/\/secure.gravatar.com\/avatar\/4eb4b562c33f40d6f7f76579da7e07350c69579df7db305d32a69ed32ecfd5ce?s=96&d=mm&r=g","contentUrl":"https:\/\/secure.gravatar.com\/avatar\/4eb4b562c33f40d6f7f76579da7e07350c69579df7db305d32a69ed32ecfd5ce?s=96&d=mm&r=g","caption":"S\u00e9rgio Mendes"},"sameAs":["https:\/\/www.facebook.com\/profsergiomendes"],"url":"https:\/\/www.estrategiaconcursos.com.br\/blog\/author\/sergiomendesestrategiaconcursos-com-br\/"}]}},"_links":{"self":[{"href":"https:\/\/www.estrategiaconcursos.com.br\/blog\/wp-json\/wp\/v2\/posts\/7650","targetHints":{"allow":["GET"]}}],"collection":[{"href":"https:\/\/www.estrategiaconcursos.com.br\/blog\/wp-json\/wp\/v2\/posts"}],"about":[{"href":"https:\/\/www.estrategiaconcursos.com.br\/blog\/wp-json\/wp\/v2\/types\/post"}],"author":[{"embeddable":true,"href":"https:\/\/www.estrategiaconcursos.com.br\/blog\/wp-json\/wp\/v2\/users\/29"}],"replies":[{"embeddable":true,"href":"https:\/\/www.estrategiaconcursos.com.br\/blog\/wp-json\/wp\/v2\/comments?post=7650"}],"version-history":[{"count":1,"href":"https:\/\/www.estrategiaconcursos.com.br\/blog\/wp-json\/wp\/v2\/posts\/7650\/revisions"}],"predecessor-version":[{"id":50825,"href":"https:\/\/www.estrategiaconcursos.com.br\/blog\/wp-json\/wp\/v2\/posts\/7650\/revisions\/50825"}],"wp:attachment":[{"href":"https:\/\/www.estrategiaconcursos.com.br\/blog\/wp-json\/wp\/v2\/media?parent=7650"}],"wp:term":[{"taxonomy":"category","embeddable":true,"href":"https:\/\/www.estrategiaconcursos.com.br\/blog\/wp-json\/wp\/v2\/categories?post=7650"},{"taxonomy":"post_tag","embeddable":true,"href":"https:\/\/www.estrategiaconcursos.com.br\/blog\/wp-json\/wp\/v2\/tags?post=7650"},{"taxonomy":"tax_estado","embeddable":true,"href":"https:\/\/www.estrategiaconcursos.com.br\/blog\/wp-json\/wp\/v2\/tax_estado?post=7650"}],"curies":[{"name":"wp","href":"https:\/\/api.w.org\/{rel}","templated":true}]}}