{"id":7648,"date":"2012-07-09T01:28:05","date_gmt":"2012-07-09T01:28:05","guid":{"rendered":"https:\/\/www.estrategiaconcursos.com.br\/blog\/perito-da-pcdf-comentarios-sobre-o-edital-4\/"},"modified":"2016-10-06T14:32:48","modified_gmt":"2016-10-06T17:32:48","slug":"perito-da-pcdf-comentarios-sobre-o-edital-4","status":"publish","type":"post","link":"https:\/\/www.estrategiaconcursos.com.br\/blog\/perito-da-pcdf-comentarios-sobre-o-edital-4\/","title":{"rendered":"Perito da PCDF &#8211; Coment\u00e1rios sobre o Edital."},"content":{"rendered":"<p>Ol\u00e1 concurseiros de plant\u00e3o,<\/p>\n<p>At\u00e9 que enfim, saiu o edital para perito criminal da PCDF e n\u00e3o para minha surpresa, tivemos j\u00e1 inicialmente a supress\u00e3o de algumas mat\u00e9rias que pereciam inicialmente claras que seriam cobradas, como direito penal e processual penal. :-o.<\/p>\n<p>A banca, como j\u00e1 sabiam anteriormente, \u00e9 a Funiversa que inclusive foi quem realizou a \u00faltima prova para Agente e Escriv\u00e3o da PCDF, bem como a de Perito Criminal do Goi\u00e1s. Ela se apresenta como uma banca j\u00e1 com certa experi\u00eancia em provas de concursos p\u00fablicos realizadas no Centro-Oeste na \u00e1rea de biol\u00f3gicas e seguran\u00e7a-p\u00fablica e suas provas se caracterizam por trabalhar com textos e enunciados extensos e nos quais, para l\u00edngua portuguesa principalmente, os candidatos acabam tendo de utilizar o texto para resolver aproximadamente 40% das quest\u00f5es, ou seja, j\u00e1 v\u00e3o se adaptando no decorrer da resolu\u00e7\u00e3o de exerc\u00edcios a trabalharem com leituras extensas e interpreta\u00e7\u00e3o de textos viu. Suas provas dissertativas se apresentam extremamente t\u00e9cnicas, se adaptem a trabalhar desta forma e observem que se trata de uma prova de 50 linhas, n\u00e3o \u00e9 de 30 linhas como os senhores est\u00e3o acostumados a fazer normalmente n\u00e3o viu.<\/p>\n<p>Uma caracter\u00edstica que muito me chamou a aten\u00e7\u00e3o foi o fato de termos neste concurso a divis\u00e3o das provas por \u00e1reas de forma\u00e7\u00e3o, claro, privilegiando assim a \u00e1rea espec\u00edfica de cada um e j\u00e1 trazendo para dentro da corpora\u00e7\u00e3o especialistas peritos em cada \u00e1rea necess\u00e1ria, mas que n\u00e3o obrigatoriamente estar\u00e3o trabalhando nela, pois reparem bem que estamos falando de 58 vagas de ampla concorr\u00eancia entre todas as sete \u00e1reas (destas, 14 s\u00e3o para contrata\u00e7\u00e3o imediata e pelo que sei de informa\u00e7\u00f5es internas a necessidade da PCDF seria de no m\u00ednimo 150 peritos atualmente).<\/p>\n<p>Segue abaixo as \u00e1reas de forma\u00e7\u00e3o exigidas que ser\u00e3o trabalhadas no certame (claro, para a galerinha da TI, a que importa \u00e9 a \u00faltima n\u00e9 gente, e n\u00e3o adianta, vou puxar a sardinha para a TI :-)):<\/p>\n<p>1. Ci\u00eancias Cont\u00e1beis.<br \/>\n2. Geologia e Mineralogia.<br \/>\n3. Odontologia.<br \/>\n4. F\u00edsica.<br \/>\n5. Engenharia.<br \/>\n6. Ci\u00eancias Biol\u00f3gicas, Qu\u00edmica, Farm\u00e1cia e Bioqu\u00edmica.<br \/>\n7. Ci\u00eancia da Computa\u00e7\u00e3o e Inform\u00e1tica.<\/p>\n<p>Outro ponto de aten\u00e7\u00e3o, diz respeito \u00e0 prova de capacidade f\u00edsica, gente, para quem realmente quer passar, vamos l\u00e1, treinem, pois eu mesmo j\u00e1 reprovei em TAF e n\u00e3o existe coisa mais triste que &#8220;nadar para morrer na praia&#8221; em um concurso p\u00fablico viu, procurem um profissional de Educa\u00e7\u00e3o F\u00edsica (se quiserem, nas proximidades de Bras\u00edlia eu conhe\u00e7o v\u00e1rios que poderiam te ajudar), quem estiver fora de forma, vamos l\u00e1, nutricionista tamb\u00e9m para ajudar a perder peso e s\u00f3 para come\u00e7ar, tentem correr 2.400 mt em 12 minutos, voc\u00eas v\u00e3o ver que n\u00e3o \u00e9 nada trivial, ou ent\u00e3o, tentem fazer 3 barras completas (claro que n\u00e3o estou falando de quem j\u00e1 \u00e9 desportista ou atleta). Para o TAF teremos as seguintes provas:<\/p>\n<p>1. Teste de Barra Fixa.<br \/>\n2. Teste de meio-sugado.<br \/>\n3. Teste de impuls\u00e3o-horizontal.<br \/>\n4. Corrida de ir e vir.<br \/>\n5. Teste de corrida.<\/p>\n<p>Outro ponto senhores, atentem-se aos exames biom\u00e9tricos, toxicol\u00f3gicos e \u00e0 sindic\u00e2ncia de vida pregressa, isso tamb\u00e9m derruba gente e n\u00e3o brinquem com isso, pois agora os senhores estar\u00e3o entrando para a seguran\u00e7a p\u00fablica e representando interesses desta \u00e1rea, bem como respostas a serem dadas por suas atitudes e responsabilidades mediante a sociedade. (olha o professor dando bronca&#8230; hehehe).<\/p>\n<p>As inscri\u00e7\u00f5es v\u00e3o de 16 de novembro de 2011 a 19 de dezembro de 2011 e conforme j\u00e1 citado antes s\u00e3o 58 vagas sendo 14 imediatas e 44 para cadastro de reserva e as provas aconteceram no dia 5 de fevereiro.<\/p>\n<p>Para as provas objetiva e discursiva, considerem as seguintes mat\u00e9rias:<\/p>\n<p>Gerais.<\/p>\n<p>L\u00edngua Portuguesa.<br \/>\nRacioc\u00ednio L\u00f3gico.<br \/>\nAtualidades.<br \/>\nNo\u00e7\u00f5es de Administra\u00e7\u00e3o e Estat\u00edstica.<br \/>\nMatem\u00e1tica.<br \/>\nLODF.<br \/>\nOrganiza\u00e7\u00e3o e manuten\u00e7\u00e3o da Pol\u00edcia Civil do Distrito Federal.<\/p>\n<p>Espec\u00edficas:<\/p>\n<p>Fundamentos de Computa\u00e7\u00e3o.<br \/>\nBanco de Dados.<br \/>\nReengenharia de Sistemas.<br \/>\nLinguagem de programa\u00e7\u00e3o.<br \/>\nRedes de comunica\u00e7\u00e3o de dados.<br \/>\nSeguran\u00e7a da Informa\u00e7\u00e3o.<br \/>\nCriptografia.<br \/>\nSistemas Operacionais.<\/p>\n<p>Ent\u00e3o, era isso que tinha para publicar e comentar sobre o edital publicado, para quem vai encarar a &#8220;pedreira&#8221; j\u00e1 passou da hora de montar seu planejamento e come\u00e7ar a execut\u00e1-lo (consultem meus artigos sobre Planejamento de Estudos, pois poder\u00e3o ajudar bastante). Periodicamente estarei publicando um artigo ou outro sobre as mat\u00e9rias tratadas com o objetivo de sempre mant\u00ea-los antenados no concurso.<\/p>\n<p>Lembre-se sempre, seu maior advers\u00e1rio \u00e9 voc\u00ea!!!<\/p>\n<p>Professor Gabriel Pacheco<\/p>\n","protected":false},"excerpt":{"rendered":"<p>Ol\u00e1 concurseiros de plant\u00e3o, At\u00e9 que enfim, saiu o edital para perito criminal da PCDF e n\u00e3o para minha surpresa, tivemos j\u00e1 inicialmente a supress\u00e3o de algumas mat\u00e9rias que pereciam inicialmente claras que seriam cobradas, como direito penal e processual penal. :-o. A banca, como j\u00e1 sabiam anteriormente, \u00e9 a Funiversa que inclusive foi quem [&hellip;]<\/p>\n","protected":false},"author":40,"featured_media":0,"comment_status":"open","ping_status":"open","sticky":false,"template":"","format":"standard","meta":{"post_tipo":"article","footnotes":""},"categories":[1],"tags":[],"tax_estado":[],"class_list":["post-7648","post","type-post","status-publish","format-standard","hentry","category-cursos-e-concursos"],"acf":[],"yoast_head":"<!-- This site is optimized with the Yoast SEO Premium plugin v27.2 (Yoast SEO v27.2) - https:\/\/yoast.com\/product\/yoast-seo-premium-wordpress\/ -->\n<title>Perito da PCDF - Coment\u00e1rios sobre o Edital.<\/title>\n<meta name=\"robots\" content=\"index, follow, max-snippet:-1, max-image-preview:large, max-video-preview:-1\" \/>\n<link rel=\"canonical\" href=\"https:\/\/www.estrategiaconcursos.com.br\/blog\/perito-da-pcdf-comentarios-sobre-o-edital-4\/\" \/>\n<meta property=\"og:locale\" content=\"pt_BR\" \/>\n<meta property=\"og:type\" content=\"article\" \/>\n<meta property=\"og:title\" content=\"Perito da PCDF - Coment\u00e1rios sobre o Edital.\" \/>\n<meta property=\"og:description\" content=\"Ol\u00e1 concurseiros de plant\u00e3o, At\u00e9 que enfim, saiu o edital para perito criminal da PCDF e n\u00e3o para minha surpresa, tivemos j\u00e1 inicialmente a supress\u00e3o de algumas mat\u00e9rias que pereciam inicialmente claras que seriam cobradas, como direito penal e processual penal. :-o. A banca, como j\u00e1 sabiam anteriormente, \u00e9 a Funiversa que inclusive foi quem [&hellip;]\" \/>\n<meta property=\"og:url\" content=\"https:\/\/www.estrategiaconcursos.com.br\/blog\/perito-da-pcdf-comentarios-sobre-o-edital-4\/\" \/>\n<meta property=\"og:site_name\" content=\"Estrat\u00e9gia Concursos\" \/>\n<meta property=\"article:published_time\" content=\"2012-07-09T01:28:05+00:00\" \/>\n<meta property=\"article:modified_time\" content=\"2016-10-06T17:32:48+00:00\" \/>\n<meta name=\"author\" content=\"Gabriel Pacheco\" \/>\n<meta name=\"twitter:card\" content=\"summary_large_image\" \/>\n<meta name=\"twitter:creator\" content=\"@EstratConcursos\" \/>\n<meta name=\"twitter:site\" content=\"@EstratConcursos\" \/>\n<meta name=\"twitter:label1\" content=\"Escrito por\" \/>\n\t<meta name=\"twitter:data1\" content=\"Gabriel Pacheco\" \/>\n\t<meta name=\"twitter:label2\" content=\"Est. tempo de leitura\" \/>\n\t<meta name=\"twitter:data2\" content=\"4 minutos\" \/>\n<script type=\"application\/ld+json\" class=\"yoast-schema-graph\">{\"@context\":\"https:\/\/schema.org\",\"@graph\":[{\"@type\":\"NewsArticle\",\"@id\":\"https:\/\/www.estrategiaconcursos.com.br\/blog\/perito-da-pcdf-comentarios-sobre-o-edital-4\/#article\",\"isPartOf\":{\"@id\":\"https:\/\/www.estrategiaconcursos.com.br\/blog\/perito-da-pcdf-comentarios-sobre-o-edital-4\/\"},\"author\":{\"name\":\"Gabriel Pacheco\",\"@id\":\"https:\/\/www.estrategiaconcursos.com.br\/blog\/#\/schema\/person\/b5b28585a2bd4d4489d254fd4101186a\"},\"headline\":\"Perito da PCDF &#8211; Coment\u00e1rios sobre o Edital.\",\"datePublished\":\"2012-07-09T01:28:05+00:00\",\"dateModified\":\"2016-10-06T17:32:48+00:00\",\"mainEntityOfPage\":{\"@id\":\"https:\/\/www.estrategiaconcursos.com.br\/blog\/perito-da-pcdf-comentarios-sobre-o-edital-4\/\"},\"wordCount\":792,\"commentCount\":0,\"publisher\":{\"@id\":\"https:\/\/www.estrategiaconcursos.com.br\/blog\/#organization\"},\"articleSection\":[\"Concursos P\u00fablicos\"],\"inLanguage\":\"pt-BR\",\"potentialAction\":[{\"@type\":\"CommentAction\",\"name\":\"Comment\",\"target\":[\"https:\/\/www.estrategiaconcursos.com.br\/blog\/perito-da-pcdf-comentarios-sobre-o-edital-4\/#respond\"]}],\"copyrightYear\":\"2012\",\"copyrightHolder\":{\"@id\":\"https:\/\/www.estrategiaconcursos.com.br\/blog\/#organization\"}},{\"@type\":\"WebPage\",\"@id\":\"https:\/\/www.estrategiaconcursos.com.br\/blog\/perito-da-pcdf-comentarios-sobre-o-edital-4\/\",\"url\":\"https:\/\/www.estrategiaconcursos.com.br\/blog\/perito-da-pcdf-comentarios-sobre-o-edital-4\/\",\"name\":\"Perito da PCDF - Coment\u00e1rios sobre o Edital.\",\"isPartOf\":{\"@id\":\"https:\/\/www.estrategiaconcursos.com.br\/blog\/#website\"},\"datePublished\":\"2012-07-09T01:28:05+00:00\",\"dateModified\":\"2016-10-06T17:32:48+00:00\",\"breadcrumb\":{\"@id\":\"https:\/\/www.estrategiaconcursos.com.br\/blog\/perito-da-pcdf-comentarios-sobre-o-edital-4\/#breadcrumb\"},\"inLanguage\":\"pt-BR\",\"potentialAction\":[{\"@type\":\"ReadAction\",\"target\":[\"https:\/\/www.estrategiaconcursos.com.br\/blog\/perito-da-pcdf-comentarios-sobre-o-edital-4\/\"]}]},{\"@type\":\"BreadcrumbList\",\"@id\":\"https:\/\/www.estrategiaconcursos.com.br\/blog\/perito-da-pcdf-comentarios-sobre-o-edital-4\/#breadcrumb\",\"itemListElement\":[{\"@type\":\"ListItem\",\"position\":1,\"name\":\"In\u00edcio\",\"item\":\"https:\/\/www.estrategiaconcursos.com.br\/blog\/\"},{\"@type\":\"ListItem\",\"position\":2,\"name\":\"Perito da PCDF &#8211; Coment\u00e1rios sobre o Edital.\"}]},{\"@type\":\"WebSite\",\"@id\":\"https:\/\/www.estrategiaconcursos.com.br\/blog\/#website\",\"url\":\"https:\/\/www.estrategiaconcursos.com.br\/blog\/\",\"name\":\"Estrat\u00e9gia Concursos\",\"description\":\"O blog da Estrat\u00e9gia Concursos traz not\u00edcias sobre concursos e artigos de professores oferecendo cursos para concursos (pdf + videaulas) no site.\",\"publisher\":{\"@id\":\"https:\/\/www.estrategiaconcursos.com.br\/blog\/#organization\"},\"potentialAction\":[{\"@type\":\"SearchAction\",\"target\":{\"@type\":\"EntryPoint\",\"urlTemplate\":\"https:\/\/www.estrategiaconcursos.com.br\/blog\/?s={search_term_string}\"},\"query-input\":{\"@type\":\"PropertyValueSpecification\",\"valueRequired\":true,\"valueName\":\"search_term_string\"}}],\"inLanguage\":\"pt-BR\"},{\"@type\":\"Organization\",\"@id\":\"https:\/\/www.estrategiaconcursos.com.br\/blog\/#organization\",\"name\":\"Estrat\u00e9gia Concursos\",\"url\":\"https:\/\/www.estrategiaconcursos.com.br\/blog\/\",\"logo\":{\"@type\":\"ImageObject\",\"inLanguage\":\"pt-BR\",\"@id\":\"https:\/\/www.estrategiaconcursos.com.br\/blog\/#\/schema\/logo\/image\/\",\"url\":\"https:\/\/dhg1h5j42swfq.cloudfront.net\/2025\/06\/03203428\/logo_concursos-1.jpg\",\"contentUrl\":\"https:\/\/dhg1h5j42swfq.cloudfront.net\/2025\/06\/03203428\/logo_concursos-1.jpg\",\"width\":230,\"height\":60,\"caption\":\"Estrat\u00e9gia Concursos\"},\"image\":{\"@id\":\"https:\/\/www.estrategiaconcursos.com.br\/blog\/#\/schema\/logo\/image\/\"},\"sameAs\":[\"https:\/\/x.com\/EstratConcursos\"]},{\"@type\":\"Person\",\"@id\":\"https:\/\/www.estrategiaconcursos.com.br\/blog\/#\/schema\/person\/b5b28585a2bd4d4489d254fd4101186a\",\"name\":\"Gabriel Pacheco\",\"image\":{\"@type\":\"ImageObject\",\"inLanguage\":\"pt-BR\",\"@id\":\"https:\/\/secure.gravatar.com\/avatar\/23a35c73a06c7ef0272c9c54e33dd776696b8cc8a305407636b9399e3e77b0ef?s=96&d=mm&r=g\",\"url\":\"https:\/\/secure.gravatar.com\/avatar\/23a35c73a06c7ef0272c9c54e33dd776696b8cc8a305407636b9399e3e77b0ef?s=96&d=mm&r=g\",\"contentUrl\":\"https:\/\/secure.gravatar.com\/avatar\/23a35c73a06c7ef0272c9c54e33dd776696b8cc8a305407636b9399e3e77b0ef?s=96&d=mm&r=g\",\"caption\":\"Gabriel Pacheco\"},\"url\":\"https:\/\/www.estrategiaconcursos.com.br\/blog\/author\/gabrielpachecoestrategiaconcursos-com-br\/\"}]}<\/script>\n<!-- \/ Yoast SEO Premium plugin. -->","yoast_head_json":{"title":"Perito da PCDF - Coment\u00e1rios sobre o Edital.","robots":{"index":"index","follow":"follow","max-snippet":"max-snippet:-1","max-image-preview":"max-image-preview:large","max-video-preview":"max-video-preview:-1"},"canonical":"https:\/\/www.estrategiaconcursos.com.br\/blog\/perito-da-pcdf-comentarios-sobre-o-edital-4\/","og_locale":"pt_BR","og_type":"article","og_title":"Perito da PCDF - Coment\u00e1rios sobre o Edital.","og_description":"Ol\u00e1 concurseiros de plant\u00e3o, At\u00e9 que enfim, saiu o edital para perito criminal da PCDF e n\u00e3o para minha surpresa, tivemos j\u00e1 inicialmente a supress\u00e3o de algumas mat\u00e9rias que pereciam inicialmente claras que seriam cobradas, como direito penal e processual penal. :-o. A banca, como j\u00e1 sabiam anteriormente, \u00e9 a Funiversa que inclusive foi quem [&hellip;]","og_url":"https:\/\/www.estrategiaconcursos.com.br\/blog\/perito-da-pcdf-comentarios-sobre-o-edital-4\/","og_site_name":"Estrat\u00e9gia Concursos","article_published_time":"2012-07-09T01:28:05+00:00","article_modified_time":"2016-10-06T17:32:48+00:00","author":"Gabriel Pacheco","twitter_card":"summary_large_image","twitter_creator":"@EstratConcursos","twitter_site":"@EstratConcursos","twitter_misc":{"Escrito por":"Gabriel Pacheco","Est. tempo de leitura":"4 minutos"},"schema":{"@context":"https:\/\/schema.org","@graph":[{"@type":"NewsArticle","@id":"https:\/\/www.estrategiaconcursos.com.br\/blog\/perito-da-pcdf-comentarios-sobre-o-edital-4\/#article","isPartOf":{"@id":"https:\/\/www.estrategiaconcursos.com.br\/blog\/perito-da-pcdf-comentarios-sobre-o-edital-4\/"},"author":{"name":"Gabriel Pacheco","@id":"https:\/\/www.estrategiaconcursos.com.br\/blog\/#\/schema\/person\/b5b28585a2bd4d4489d254fd4101186a"},"headline":"Perito da PCDF &#8211; Coment\u00e1rios sobre o Edital.","datePublished":"2012-07-09T01:28:05+00:00","dateModified":"2016-10-06T17:32:48+00:00","mainEntityOfPage":{"@id":"https:\/\/www.estrategiaconcursos.com.br\/blog\/perito-da-pcdf-comentarios-sobre-o-edital-4\/"},"wordCount":792,"commentCount":0,"publisher":{"@id":"https:\/\/www.estrategiaconcursos.com.br\/blog\/#organization"},"articleSection":["Concursos P\u00fablicos"],"inLanguage":"pt-BR","potentialAction":[{"@type":"CommentAction","name":"Comment","target":["https:\/\/www.estrategiaconcursos.com.br\/blog\/perito-da-pcdf-comentarios-sobre-o-edital-4\/#respond"]}],"copyrightYear":"2012","copyrightHolder":{"@id":"https:\/\/www.estrategiaconcursos.com.br\/blog\/#organization"}},{"@type":"WebPage","@id":"https:\/\/www.estrategiaconcursos.com.br\/blog\/perito-da-pcdf-comentarios-sobre-o-edital-4\/","url":"https:\/\/www.estrategiaconcursos.com.br\/blog\/perito-da-pcdf-comentarios-sobre-o-edital-4\/","name":"Perito da PCDF - Coment\u00e1rios sobre o Edital.","isPartOf":{"@id":"https:\/\/www.estrategiaconcursos.com.br\/blog\/#website"},"datePublished":"2012-07-09T01:28:05+00:00","dateModified":"2016-10-06T17:32:48+00:00","breadcrumb":{"@id":"https:\/\/www.estrategiaconcursos.com.br\/blog\/perito-da-pcdf-comentarios-sobre-o-edital-4\/#breadcrumb"},"inLanguage":"pt-BR","potentialAction":[{"@type":"ReadAction","target":["https:\/\/www.estrategiaconcursos.com.br\/blog\/perito-da-pcdf-comentarios-sobre-o-edital-4\/"]}]},{"@type":"BreadcrumbList","@id":"https:\/\/www.estrategiaconcursos.com.br\/blog\/perito-da-pcdf-comentarios-sobre-o-edital-4\/#breadcrumb","itemListElement":[{"@type":"ListItem","position":1,"name":"In\u00edcio","item":"https:\/\/www.estrategiaconcursos.com.br\/blog\/"},{"@type":"ListItem","position":2,"name":"Perito da PCDF &#8211; Coment\u00e1rios sobre o Edital."}]},{"@type":"WebSite","@id":"https:\/\/www.estrategiaconcursos.com.br\/blog\/#website","url":"https:\/\/www.estrategiaconcursos.com.br\/blog\/","name":"Estrat\u00e9gia Concursos","description":"O blog da Estrat\u00e9gia Concursos traz not\u00edcias sobre concursos e artigos de professores oferecendo cursos para concursos (pdf + videaulas) no site.","publisher":{"@id":"https:\/\/www.estrategiaconcursos.com.br\/blog\/#organization"},"potentialAction":[{"@type":"SearchAction","target":{"@type":"EntryPoint","urlTemplate":"https:\/\/www.estrategiaconcursos.com.br\/blog\/?s={search_term_string}"},"query-input":{"@type":"PropertyValueSpecification","valueRequired":true,"valueName":"search_term_string"}}],"inLanguage":"pt-BR"},{"@type":"Organization","@id":"https:\/\/www.estrategiaconcursos.com.br\/blog\/#organization","name":"Estrat\u00e9gia Concursos","url":"https:\/\/www.estrategiaconcursos.com.br\/blog\/","logo":{"@type":"ImageObject","inLanguage":"pt-BR","@id":"https:\/\/www.estrategiaconcursos.com.br\/blog\/#\/schema\/logo\/image\/","url":"https:\/\/dhg1h5j42swfq.cloudfront.net\/2025\/06\/03203428\/logo_concursos-1.jpg","contentUrl":"https:\/\/dhg1h5j42swfq.cloudfront.net\/2025\/06\/03203428\/logo_concursos-1.jpg","width":230,"height":60,"caption":"Estrat\u00e9gia Concursos"},"image":{"@id":"https:\/\/www.estrategiaconcursos.com.br\/blog\/#\/schema\/logo\/image\/"},"sameAs":["https:\/\/x.com\/EstratConcursos"]},{"@type":"Person","@id":"https:\/\/www.estrategiaconcursos.com.br\/blog\/#\/schema\/person\/b5b28585a2bd4d4489d254fd4101186a","name":"Gabriel Pacheco","image":{"@type":"ImageObject","inLanguage":"pt-BR","@id":"https:\/\/secure.gravatar.com\/avatar\/23a35c73a06c7ef0272c9c54e33dd776696b8cc8a305407636b9399e3e77b0ef?s=96&d=mm&r=g","url":"https:\/\/secure.gravatar.com\/avatar\/23a35c73a06c7ef0272c9c54e33dd776696b8cc8a305407636b9399e3e77b0ef?s=96&d=mm&r=g","contentUrl":"https:\/\/secure.gravatar.com\/avatar\/23a35c73a06c7ef0272c9c54e33dd776696b8cc8a305407636b9399e3e77b0ef?s=96&d=mm&r=g","caption":"Gabriel Pacheco"},"url":"https:\/\/www.estrategiaconcursos.com.br\/blog\/author\/gabrielpachecoestrategiaconcursos-com-br\/"}]}},"_links":{"self":[{"href":"https:\/\/www.estrategiaconcursos.com.br\/blog\/wp-json\/wp\/v2\/posts\/7648","targetHints":{"allow":["GET"]}}],"collection":[{"href":"https:\/\/www.estrategiaconcursos.com.br\/blog\/wp-json\/wp\/v2\/posts"}],"about":[{"href":"https:\/\/www.estrategiaconcursos.com.br\/blog\/wp-json\/wp\/v2\/types\/post"}],"author":[{"embeddable":true,"href":"https:\/\/www.estrategiaconcursos.com.br\/blog\/wp-json\/wp\/v2\/users\/40"}],"replies":[{"embeddable":true,"href":"https:\/\/www.estrategiaconcursos.com.br\/blog\/wp-json\/wp\/v2\/comments?post=7648"}],"version-history":[{"count":2,"href":"https:\/\/www.estrategiaconcursos.com.br\/blog\/wp-json\/wp\/v2\/posts\/7648\/revisions"}],"predecessor-version":[{"id":51662,"href":"https:\/\/www.estrategiaconcursos.com.br\/blog\/wp-json\/wp\/v2\/posts\/7648\/revisions\/51662"}],"wp:attachment":[{"href":"https:\/\/www.estrategiaconcursos.com.br\/blog\/wp-json\/wp\/v2\/media?parent=7648"}],"wp:term":[{"taxonomy":"category","embeddable":true,"href":"https:\/\/www.estrategiaconcursos.com.br\/blog\/wp-json\/wp\/v2\/categories?post=7648"},{"taxonomy":"post_tag","embeddable":true,"href":"https:\/\/www.estrategiaconcursos.com.br\/blog\/wp-json\/wp\/v2\/tags?post=7648"},{"taxonomy":"tax_estado","embeddable":true,"href":"https:\/\/www.estrategiaconcursos.com.br\/blog\/wp-json\/wp\/v2\/tax_estado?post=7648"}],"curies":[{"name":"wp","href":"https:\/\/api.w.org\/{rel}","templated":true}]}}