{"id":763240,"date":"2021-07-22T07:00:00","date_gmt":"2021-07-22T10:00:00","guid":{"rendered":"https:\/\/www.estrategiaconcursos.com.br\/blog\/?p=763240"},"modified":"2021-07-22T10:03:39","modified_gmt":"2021-07-22T13:03:39","slug":"edital-core-al","status":"publish","type":"post","link":"https:\/\/www.estrategiaconcursos.com.br\/blog\/edital-core-al\/","title":{"rendered":"Edital CORE AL: inscri\u00e7\u00f5es prorrogadas e nova data de prova!"},"content":{"rendered":"\n<p>Est\u00e3o prorrogadas at\u00e9 o dia 28 de setembro de 2021, as inscri\u00e7\u00f5es para o Edital CORE AL. Os candidatos devem pagar uma taxa fixada em <em><strong><em>R$55,00 para n\u00edvel m\u00e9dio e R$65,00 para superior<\/em><\/strong><\/em>. A prova est\u00e1 remarcada para o dia 07\/11\/2021. <\/p>\n\n\n\n<p>Sob organiza\u00e7\u00e3o da RHS Consult, o <a href=\"https:\/\/www.estrategiaconcursos.com.br\/cursosPorConcurso\/conselho-regional-dos-representantes-comerciais-de-alagoas-core-al\/\" target=\"_blank\" rel=\"noreferrer noopener\">edital Core AL<\/a>, do Conselho Regional dos Representantes Comerciais no Estado de Alagoas oferta 4 vagas para cargos de n\u00edvel m\u00e9dio e superior. <\/p>\n\n\n\n<p class=\"has-text-align-center has-pale-pink-background-color has-background has-medium-font-size\"><a href=\"https:\/\/dhg1h5j42swfq.cloudfront.net\/2021\/07\/22095724\/cronograma-core-al.pdf\" target=\"_blank\" rel=\"noreferrer noopener nofollow\"><strong>Confira o Novo Cronograma CORE AL <\/strong><\/a><\/p>\n\n\n\n<h2 class=\"wp-block-heading\" id=\"h-principais-datas-do-edital-core-al\">Principais datas do edital CORE AL<\/h2>\n\n\n\n<p class=\"has-very-light-gray-background-color has-background\"><em><strong><em><strong>Inscri\u00e7\u00f5es:<\/strong> 14\/06 a 28\/09\/2021 &#8211; prorrogadas<br \/><strong>Taxas: <\/strong>R$55,00 &#8211; m\u00e9dio e R$65,00 &#8211; superior<strong><br \/>Provas:<\/strong> 07\/11\/ 2021<\/em><\/strong><\/em><\/p>\n\n\n\n<h2 class=\"wp-block-heading\" id=\"h-cargos-vagas-e-remunera-es-do-concurso-core-al\">Cargos\/vagas e remunera\u00e7\u00f5es do concurso CORE AL<\/h2>\n\n\n\n<figure class=\"wp-block-table is-style-stripes\"><table class=\"has-subtle-pale-green-background-color has-background\"><tbody><tr><td class=\"has-text-align-center\" data-align=\"center\">CARGOS<\/td><td class=\"has-text-align-center\" data-align=\"center\">VAGAS IMEDIATAS<\/td><td class=\"has-text-align-center\" data-align=\"center\">ESCOLARIDADE<\/td><td class=\"has-text-align-center\" data-align=\"center\">REMUNERA\u00c7\u00d5ES<\/td><\/tr><tr><td class=\"has-text-align-center\" data-align=\"center\">Auxiliar Administrativo<\/td><td class=\"has-text-align-center\" data-align=\"center\">2 <\/td><td class=\"has-text-align-center\" data-align=\"center\">N\u00edvel M\u00e9dio<\/td><td class=\"has-text-align-center\" data-align=\"center\"> R$ 1.514,00<\/td><\/tr><tr><td class=\"has-text-align-center\" data-align=\"center\">Fiscal<\/td><td class=\"has-text-align-center\" data-align=\"center\">1<\/td><td class=\"has-text-align-center\" data-align=\"center\"> N\u00edvel M\u00e9dio<\/td><td class=\"has-text-align-center\" data-align=\"center\"> R$ 1.699,00<\/td><\/tr><tr><td class=\"has-text-align-center\" data-align=\"center\">Contador<\/td><td class=\"has-text-align-center\" data-align=\"center\">1<\/td><td class=\"has-text-align-center\" data-align=\"center\">N\u00edvel Superior<\/td><td class=\"has-text-align-center\" data-align=\"center\">R$ 2.535,00<\/td><\/tr><\/tbody><\/table><figcaption><strong>Tabela de cargos, vagas, remunera\u00e7\u00e3o e escolaridade<\/strong><\/figcaption><\/figure>\n\n\n\n<h2 class=\"wp-block-heading\" id=\"h-etapas-de-provas-do-edital-core-al\">Etapas de provas do edital CORE AL <\/h2>\n\n\n\n<p>O certame contar\u00e1 com prova objetiva(ambos os cargos) e de discursiva (somente para n\u00edvel superior). Ser\u00e3o 50 quest\u00f5es de m\u00faltipla escolha, dentre conhecimentos b\u00e1sicos e espec\u00edficos, que totalizar\u00e3o 100 pontos.<\/p>\n\n\n\n<p><strong>N\u00edvel M\u00e9dio<\/strong><\/p>\n\n\n\n<figure class=\"wp-block-table is-style-stripes\"><table class=\"has-subtle-pale-green-background-color has-background\"><tbody><tr><td class=\"has-text-align-center\" data-align=\"center\"><strong>\u00c1rea de Conhecimento<\/strong><\/td><td class=\"has-text-align-center\" data-align=\"center\"><strong>Disciplina<\/strong><\/td><td class=\"has-text-align-center\" data-align=\"center\"><strong>Quest\u00f5es<\/strong><\/td><td class=\"has-text-align-center\" data-align=\"center\"><strong>Peso<\/strong><\/td><td class=\"has-text-align-center\" data-align=\"center\"><strong>Pontua\u00e7\u00e3o<\/strong><\/td><\/tr><tr><td class=\"has-text-align-center\" data-align=\"center\">Conhecimentos B\u00e1sicos<\/td><td class=\"has-text-align-center\" data-align=\"center\">Portugu\u00eas<br \/>Inform\u00e1tica<br \/>RLM<br \/> <\/td><td class=\"has-text-align-center\" data-align=\"center\">10<br \/>05<br \/>05<br \/><\/td><td class=\"has-text-align-center\" data-align=\"center\">2<br \/>2<br \/>2<br \/><\/td><td class=\"has-text-align-center\" data-align=\"center\">20<br \/>10<br \/>10<br \/><\/td><\/tr><tr><td class=\"has-text-align-center\" data-align=\"center\">Conhecimentos Espec\u00edficos<\/td><td class=\"has-text-align-center\" data-align=\"center\">Conhecimentos Espec\u00edficos<\/td><td class=\"has-text-align-center\" data-align=\"center\">20<\/td><td class=\"has-text-align-center\" data-align=\"center\">3<\/td><td class=\"has-text-align-center\" data-align=\"center\">60<\/td><\/tr><\/tbody><\/table><figcaption><strong>Tabela de quest\u00f5es e disciplinas<\/strong><\/figcaption><\/figure>\n\n\n\n<p><\/p>\n\n\n\n<p><strong>N\u00edvel Superior<\/strong><\/p>\n\n\n\n<figure class=\"wp-block-table is-style-stripes\"><table class=\"has-subtle-pale-blue-background-color has-background\"><tbody><tr><td class=\"has-text-align-center\" data-align=\"center\"><strong>\u00c1rea de Conhecimento<\/strong><\/td><td class=\"has-text-align-center\" data-align=\"center\"><strong>Disciplina<\/strong><\/td><td class=\"has-text-align-center\" data-align=\"center\"><strong>Quest\u00f5es<\/strong><\/td><td class=\"has-text-align-center\" data-align=\"center\"><strong>Peso<\/strong><\/td><td class=\"has-text-align-center\" data-align=\"center\"><strong>Pontua\u00e7\u00e3o<\/strong><\/td><\/tr><tr><td class=\"has-text-align-center\" data-align=\"center\">Conhecimentos B\u00e1sicos<\/td><td class=\"has-text-align-center\" data-align=\"center\">Portugu\u00eas<br \/>Inform\u00e1tica <\/td><td class=\"has-text-align-center\" data-align=\"center\">10<br \/>10<\/td><td class=\"has-text-align-center\" data-align=\"center\">2<br \/>2<\/td><td class=\"has-text-align-center\" data-align=\"center\">20<br \/>20<\/td><\/tr><tr><td class=\"has-text-align-center\" data-align=\"center\">Conhecimentos Espec\u00edficos<\/td><td class=\"has-text-align-center\" data-align=\"center\">Conhecimentos Espec\u00edficos<\/td><td class=\"has-text-align-center\" data-align=\"center\">30<\/td><td class=\"has-text-align-center\" data-align=\"center\">2<\/td><td class=\"has-text-align-center\" data-align=\"center\">60<\/td><\/tr><\/tbody><\/table><figcaption><strong>Tabela de quest\u00f5es e disciplinas<\/strong><\/figcaption><\/figure>\n\n\n\n<p>Ser\u00e1 aprovado na Prova Objetiva o candidato que atender CUMULATIVAMENTE, \u00e0s seguintes condi\u00e7\u00f5es:<\/p>\n\n\n\n<p>a) n\u00e3o zerar nenhuma disciplina da grade de provas;<br \/>b) obter nota igual ou maior a 50 (cinquenta) pontos em cada disciplina, ou seja, se a disciplina vale 20 pontos, obter no m\u00ednimo 10 pontos nesta disciplina e assim em todas as disciplinas que contemplam sua grade de prova.<br \/>c) obter nota igual ou maior a 50 (cinquenta) pontos do total.Para o Cargo de N\u00edvel superior a prova objetiva valer\u00e1 80% do total da nota, ou seja, se o candidato acertar todas as quest\u00f5es e<br \/>gabaritar a prova objetiva, o mesmo obter\u00e1 80 pontos, ou seja, 100% do total de pontos da prova objetiva.<\/p>\n\n\n\n<h3 class=\"wp-block-heading\" id=\"h-discursiva\">Discursiva <\/h3>\n\n\n\n<p>Para o Cargo de N\u00edvel superior, ter\u00e1 01 (uma) quest\u00e3o discursiva, que valer\u00e1 at\u00e9 20 pontos.Para o Cargo de N\u00edvel Superior ser\u00e1 somado a Prova Objetiva + a Prova Dissertativa, totalizando assim 100% da nota total<\/p>\n\n\n\n<p>A Prova dissertativa para o cargo de Contador consistir\u00e1 na elabora\u00e7\u00e3o de um texto dissertativo, com base em uma situa\u00e7\u00e3o problema ou um tema formulado pela banca examinadora. O tema abordado na prova<\/p>\n\n\n\n<h2 class=\"has-text-align-center wp-block-heading\" id=\"curso\">CURSOS do Edital CORE AL<\/h2>\n\n\n\n<div class=\"col-sm\">\n      <div class=\"banner-estrategia\" id=\"box-assinatura\">\n        <h3 class=\"titulo-assinatura\">Cursos para CORE AL<\/h3>\n        <p class=\"subtitulo-assinatura\">Conhe\u00e7a os cursos<\/p>\n        <div class=\"box-botao\">\n          <a class=\"btn-assinatura\" target=\"_blank\" href=\"https:\/\/www.estrategiaconcursos.com.br\/cursosPorConcurso\/conselho-regional-dos-representantes-comerciais-de-alagoas-core-al\/\" role=\"button\" rel=\"noopener noreferrer\">Conhe\u00e7a mais<\/a>\n        <\/div>\n      <\/div>\n      <p class=\"texto-auxiliar\">Prepare-se com o melhor material e com quem mais aprova em Concursos P\u00fablicos em todo o pa\u00eds.<\/p>\n    <\/div>\n\n\n\n<div class=\"container\" id=\"boxes\">\n  <div class=\"row\">\n\n    <div class=\"col-sm\">\n      <div class=\"estrategia\" id=\"box-assinatura\">\n        <h3 class=\"titulo-assinatura\">Assinatura Concursos<\/h3>\n        <p class=\"subtitulo-assinatura\">Assinatura de 1 ano ou 2 anos<\/p>\n        <div class=\"box-botao\">\n          <a class=\"btn-assinatura\" target=\"_blank\" href=\"https:\/\/www.estrategiaconcursos.com.br\/assinaturas\/\" role=\"button\" rel=\"noopener noreferrer\">ASSINE AGORA<\/a>\n        <\/div>\n      <\/div>\n     \n    <\/div><\/div><\/div>\n\n\n\n<div class=\"container\" id=\"boxes\">\n  <div class=\"row\">\n\n    <div class=\"col-sm\" id=\"boxes-concursos\">\n      <div style=\"background-color: #005DAD;\" class=\"conteudo-concursos\" id=\"box-concursos\">\n        <h3 class=\"titulo-assinatura\">Concursos Abertos<\/h3>\n        <p class=\"subtitulo-assinatura\">Os editais publicados<\/p>\n        <div class=\"box-botao\">\n          <a class=\"btn-assinatura\" target=\"_blank\" href=\"https:\/\/www.estrategiaconcursos.com.br\/blog\/concursos-abertos\/\" role=\"button\" rel=\"noopener noreferrer\">Conhe\u00e7a Agora<\/a>\n        <\/div>\n      <\/div>\n    <\/div>\n\n    <div class=\"col-sm\" id=\"boxes-concursos\">\n      <div style=\"background-color: #1A7ED5;\" class=\"conteudo-concursos\" id=\"box-concursos\">\n        <h3 class=\"titulo-assinatura\">Concursos 2021<\/h3>\n        <p class=\"subtitulo-assinatura\">As oportunidades previstas<\/p>\n        <div class=\"box-botao\">\n          <a class=\"btn-assinatura\" target=\"_blank\" href=\"https:\/\/www.estrategiaconcursos.com.br\/blog\/concursos-2021\/\" role=\"button\" rel=\"noopener noreferrer\">Conhe\u00e7a Agora<\/a>\n        <\/div>\n      <\/div>\n    <\/div>\n\n    <div class=\"col-sm\" id=\"boxes-concursos\">\n      <div style=\"background-color: #419FF0;\" class=\"conteudo-concursos\" id=\"box-concursos\">\n        <h3 class=\"titulo-assinatura\">Concursos 2022<\/h3>\n        <p class=\"subtitulo-assinatura\">Vagas para o pr\u00f3ximo ano<\/p>\n        <div class=\"box-botao\">\n          <a class=\"btn-assinatura\" target=\"_blank\" href=\"https:\/\/www.estrategiaconcursos.com.br\/blog\/concursos-2022\/\" role=\"button\" rel=\"noopener noreferrer\">Conhe\u00e7a Agora<\/a>\n        <\/div>\n      <\/div>\n    <\/div>\n\n  <\/div>\n<\/div>\n\n\n\n<figure class=\"wp-block-image size-large is-resized\"><img loading=\"lazy\" decoding=\"async\" src=\"https:\/\/dhg1h5j42swfq.cloudfront.net\/2021\/04\/05164033\/ficha-tecnica-25-1024x632.png\" alt=\"\" class=\"wp-image-707764\" width=\"140\" height=\"86\" srcset=\"https:\/\/dhg1h5j42swfq.cloudfront.net\/2021\/04\/05164033\/ficha-tecnica-25-1024x632.png 1024w, https:\/\/dhg1h5j42swfq.cloudfront.net\/2021\/04\/05164033\/ficha-tecnica-25-300x185.png 300w, https:\/\/dhg1h5j42swfq.cloudfront.net\/2021\/04\/05164033\/ficha-tecnica-25-768x474.png 768w, https:\/\/dhg1h5j42swfq.cloudfront.net\/2021\/04\/05164033\/ficha-tecnica-25-1536x948.png 1536w, https:\/\/dhg1h5j42swfq.cloudfront.net\/2021\/04\/05164033\/ficha-tecnica-25-610x377.png 610w, https:\/\/dhg1h5j42swfq.cloudfront.net\/2021\/04\/05164033\/ficha-tecnica-25.png 1571w\" sizes=\"auto, (max-width: 140px) 100vw, 140px\" \/><\/figure>\n\n\n\n<h3 class=\"wp-block-heading\" id=\"ficha\"><strong>Informa\u00e7\u00f5es do Edital Core AL<\/strong><\/h3>\n\n\n\n<p>\u25ba<strong>Data prevista<\/strong>\u00a0<strong>da prova:\u00a0<\/strong>07\/11\/2021<br \/>\u25ba<strong>Vagas<\/strong>: 4<br \/>\u25ba<strong>Banca<\/strong>: RHS Consult<br \/>\u25ba<strong>Cargos:<\/strong> Fiscal &#8211; Auxiliar Administrativo &#8211; Contador<br \/>\u25ba<strong>Escolaridade<\/strong>: m\u00e9dio e superior<br \/>\u25ba<a href=\"https:\/\/dhg1h5j42swfq.cloudfront.net\/2021\/06\/09155426\/edital-core-al.pdf\" target=\"_blank\" rel=\"noreferrer noopener nofollow\">Edital 2021 <\/a><br \/>\u25ba<strong>Projeto B\u00e1sico<\/strong>: <a href=\"https:\/\/d66db187-5978-472e-ae4e-cae39239806f.filesusr.com\/ugd\/72b691_edd876ebc5644e2bab5873bb06d76b15.pdf?index=true\" target=\"_blank\" rel=\"noreferrer noopener nofollow\"><strong>PROJETO B\u00c1SICO<\/strong><\/a><\/p>\n","protected":false},"excerpt":{"rendered":"<p>Est\u00e3o prorrogadas at\u00e9 o dia 28 de setembro de 2021, as inscri\u00e7\u00f5es para o Edital CORE AL. Os candidatos devem pagar uma taxa fixada em R$55,00 para n\u00edvel m\u00e9dio e R$65,00 para superior. A prova est\u00e1 remarcada para o dia 07\/11\/2021. Sob organiza\u00e7\u00e3o da RHS Consult, o edital Core AL, do Conselho Regional dos Representantes [&hellip;]<\/p>\n","protected":false},"author":1,"featured_media":700273,"comment_status":"open","ping_status":"closed","sticky":false,"template":"","format":"standard","meta":{"post_tipo":"news","footnotes":""},"categories":[1],"tags":[],"tax_estado":[219965],"class_list":["post-763240","post","type-post","status-publish","format-standard","has-post-thumbnail","hentry","category-cursos-e-concursos","tax_estado-al"],"acf":[],"yoast_head":"<!-- This site is optimized with the Yoast SEO Premium plugin v27.2 (Yoast SEO v27.2) - https:\/\/yoast.com\/product\/yoast-seo-premium-wordpress\/ -->\n<title>Edital CORE AL: Novo cronograma e inscri\u00e7\u00f5es prorrogadas!<\/title>\n<meta name=\"description\" content=\"Edital CORE AL: inscri\u00e7\u00f5es prorrogadas e novas datas de prova! 4 vagas para cargos de n\u00edvel m\u00e9dio e superior. Confira AQUI!\" \/>\n<meta name=\"robots\" content=\"index, follow, max-snippet:-1, max-image-preview:large, max-video-preview:-1\" \/>\n<link rel=\"canonical\" href=\"https:\/\/www.estrategiaconcursos.com.br\/blog\/edital-core-al\/\" \/>\n<meta property=\"og:locale\" content=\"pt_BR\" \/>\n<meta property=\"og:type\" content=\"article\" \/>\n<meta property=\"og:title\" content=\"Edital CORE AL: inscri\u00e7\u00f5es prorrogadas e nova data de prova!\" \/>\n<meta property=\"og:description\" content=\"Edital CORE AL: inscri\u00e7\u00f5es prorrogadas e novas datas de prova! 4 vagas para cargos de n\u00edvel m\u00e9dio e superior. Confira AQUI!\" \/>\n<meta property=\"og:url\" content=\"https:\/\/www.estrategiaconcursos.com.br\/blog\/edital-core-al\/\" \/>\n<meta property=\"og:site_name\" content=\"Estrat\u00e9gia Concursos\" \/>\n<meta property=\"article:author\" content=\"https:\/\/www.facebook.com\/EstrategiaConcursos\" \/>\n<meta property=\"article:published_time\" content=\"2021-07-22T10:00:00+00:00\" \/>\n<meta property=\"article:modified_time\" content=\"2021-07-22T13:03:39+00:00\" \/>\n<meta property=\"og:image\" content=\"https:\/\/dhg1h5j42swfq.cloudfront.net\/2021\/03\/24132100\/saiu-edital.jpg\" \/>\n\t<meta property=\"og:image:width\" content=\"1200\" \/>\n\t<meta property=\"og:image:height\" content=\"628\" \/>\n\t<meta property=\"og:image:type\" content=\"image\/jpeg\" \/>\n<meta name=\"author\" content=\"Coordena\u00e7\u00e3o\" \/>\n<meta name=\"twitter:card\" content=\"summary_large_image\" \/>\n<meta name=\"twitter:creator\" content=\"@EstratConcursos\" \/>\n<meta name=\"twitter:site\" content=\"@EstratConcursos\" \/>\n<meta name=\"twitter:label1\" content=\"Escrito por\" \/>\n\t<meta name=\"twitter:data1\" content=\"Coordena\u00e7\u00e3o\" \/>\n\t<meta name=\"twitter:label2\" content=\"Est. tempo de leitura\" \/>\n\t<meta name=\"twitter:data2\" content=\"3 minutos\" \/>\n<script type=\"application\/ld+json\" class=\"yoast-schema-graph\">{\"@context\":\"https:\/\/schema.org\",\"@graph\":[{\"@type\":\"NewsArticle\",\"@id\":\"https:\/\/www.estrategiaconcursos.com.br\/blog\/edital-core-al\/#article\",\"isPartOf\":{\"@id\":\"https:\/\/www.estrategiaconcursos.com.br\/blog\/edital-core-al\/\"},\"author\":{\"name\":\"Coordena\u00e7\u00e3o\",\"@id\":\"https:\/\/www.estrategiaconcursos.com.br\/blog\/#\/schema\/person\/b4a388c97673c5f483d72185668afa1f\"},\"headline\":\"Edital CORE AL: inscri\u00e7\u00f5es prorrogadas e nova data de prova!\",\"datePublished\":\"2021-07-22T10:00:00+00:00\",\"dateModified\":\"2021-07-22T13:03:39+00:00\",\"mainEntityOfPage\":{\"@id\":\"https:\/\/www.estrategiaconcursos.com.br\/blog\/edital-core-al\/\"},\"wordCount\":545,\"commentCount\":0,\"publisher\":{\"@id\":\"https:\/\/www.estrategiaconcursos.com.br\/blog\/#organization\"},\"image\":{\"@id\":\"https:\/\/www.estrategiaconcursos.com.br\/blog\/edital-core-al\/#primaryimage\"},\"thumbnailUrl\":\"https:\/\/dhg1h5j42swfq.cloudfront.net\/2021\/03\/24132100\/saiu-edital.jpg\",\"articleSection\":[\"Concursos P\u00fablicos\"],\"inLanguage\":\"pt-BR\",\"potentialAction\":[{\"@type\":\"CommentAction\",\"name\":\"Comment\",\"target\":[\"https:\/\/www.estrategiaconcursos.com.br\/blog\/edital-core-al\/#respond\"]}],\"copyrightYear\":\"2021\",\"copyrightHolder\":{\"@id\":\"https:\/\/www.estrategiaconcursos.com.br\/blog\/#organization\"}},{\"@type\":\"WebPage\",\"@id\":\"https:\/\/www.estrategiaconcursos.com.br\/blog\/edital-core-al\/\",\"url\":\"https:\/\/www.estrategiaconcursos.com.br\/blog\/edital-core-al\/\",\"name\":\"Edital CORE AL: Novo cronograma e inscri\u00e7\u00f5es prorrogadas!\",\"isPartOf\":{\"@id\":\"https:\/\/www.estrategiaconcursos.com.br\/blog\/#website\"},\"primaryImageOfPage\":{\"@id\":\"https:\/\/www.estrategiaconcursos.com.br\/blog\/edital-core-al\/#primaryimage\"},\"image\":{\"@id\":\"https:\/\/www.estrategiaconcursos.com.br\/blog\/edital-core-al\/#primaryimage\"},\"thumbnailUrl\":\"https:\/\/dhg1h5j42swfq.cloudfront.net\/2021\/03\/24132100\/saiu-edital.jpg\",\"datePublished\":\"2021-07-22T10:00:00+00:00\",\"dateModified\":\"2021-07-22T13:03:39+00:00\",\"description\":\"Edital CORE AL: inscri\u00e7\u00f5es prorrogadas e novas datas de prova! 4 vagas para cargos de n\u00edvel m\u00e9dio e superior. Confira AQUI!\",\"breadcrumb\":{\"@id\":\"https:\/\/www.estrategiaconcursos.com.br\/blog\/edital-core-al\/#breadcrumb\"},\"inLanguage\":\"pt-BR\",\"potentialAction\":[{\"@type\":\"ReadAction\",\"target\":[\"https:\/\/www.estrategiaconcursos.com.br\/blog\/edital-core-al\/\"]}]},{\"@type\":\"ImageObject\",\"inLanguage\":\"pt-BR\",\"@id\":\"https:\/\/www.estrategiaconcursos.com.br\/blog\/edital-core-al\/#primaryimage\",\"url\":\"https:\/\/dhg1h5j42swfq.cloudfront.net\/2021\/03\/24132100\/saiu-edital.jpg\",\"contentUrl\":\"https:\/\/dhg1h5j42swfq.cloudfront.net\/2021\/03\/24132100\/saiu-edital.jpg\",\"width\":1200,\"height\":628,\"caption\":\"C\u00e2mara de Embu gua\u00e7u sp\"},{\"@type\":\"BreadcrumbList\",\"@id\":\"https:\/\/www.estrategiaconcursos.com.br\/blog\/edital-core-al\/#breadcrumb\",\"itemListElement\":[{\"@type\":\"ListItem\",\"position\":1,\"name\":\"In\u00edcio\",\"item\":\"https:\/\/www.estrategiaconcursos.com.br\/blog\/\"},{\"@type\":\"ListItem\",\"position\":2,\"name\":\"Edital CORE AL: inscri\u00e7\u00f5es prorrogadas e nova data de prova!\"}]},{\"@type\":\"WebSite\",\"@id\":\"https:\/\/www.estrategiaconcursos.com.br\/blog\/#website\",\"url\":\"https:\/\/www.estrategiaconcursos.com.br\/blog\/\",\"name\":\"Estrat\u00e9gia Concursos\",\"description\":\"O blog da Estrat\u00e9gia Concursos traz not\u00edcias sobre concursos e artigos de professores oferecendo cursos para concursos (pdf + videaulas) no site.\",\"publisher\":{\"@id\":\"https:\/\/www.estrategiaconcursos.com.br\/blog\/#organization\"},\"potentialAction\":[{\"@type\":\"SearchAction\",\"target\":{\"@type\":\"EntryPoint\",\"urlTemplate\":\"https:\/\/www.estrategiaconcursos.com.br\/blog\/?s={search_term_string}\"},\"query-input\":{\"@type\":\"PropertyValueSpecification\",\"valueRequired\":true,\"valueName\":\"search_term_string\"}}],\"inLanguage\":\"pt-BR\"},{\"@type\":\"Organization\",\"@id\":\"https:\/\/www.estrategiaconcursos.com.br\/blog\/#organization\",\"name\":\"Estrat\u00e9gia Concursos\",\"url\":\"https:\/\/www.estrategiaconcursos.com.br\/blog\/\",\"logo\":{\"@type\":\"ImageObject\",\"inLanguage\":\"pt-BR\",\"@id\":\"https:\/\/www.estrategiaconcursos.com.br\/blog\/#\/schema\/logo\/image\/\",\"url\":\"https:\/\/dhg1h5j42swfq.cloudfront.net\/2025\/06\/03203428\/logo_concursos-1.jpg\",\"contentUrl\":\"https:\/\/dhg1h5j42swfq.cloudfront.net\/2025\/06\/03203428\/logo_concursos-1.jpg\",\"width\":230,\"height\":60,\"caption\":\"Estrat\u00e9gia Concursos\"},\"image\":{\"@id\":\"https:\/\/www.estrategiaconcursos.com.br\/blog\/#\/schema\/logo\/image\/\"},\"sameAs\":[\"https:\/\/x.com\/EstratConcursos\"]},{\"@type\":\"Person\",\"@id\":\"https:\/\/www.estrategiaconcursos.com.br\/blog\/#\/schema\/person\/b4a388c97673c5f483d72185668afa1f\",\"name\":\"Coordena\u00e7\u00e3o\",\"image\":{\"@type\":\"ImageObject\",\"inLanguage\":\"pt-BR\",\"@id\":\"https:\/\/secure.gravatar.com\/avatar\/b720319e4c9a967eb58678d110f4fe35452fc5d5f97b202bac7b8acceb18c6ad?s=96&d=mm&r=g\",\"url\":\"https:\/\/secure.gravatar.com\/avatar\/b720319e4c9a967eb58678d110f4fe35452fc5d5f97b202bac7b8acceb18c6ad?s=96&d=mm&r=g\",\"contentUrl\":\"https:\/\/secure.gravatar.com\/avatar\/b720319e4c9a967eb58678d110f4fe35452fc5d5f97b202bac7b8acceb18c6ad?s=96&d=mm&r=g\",\"caption\":\"Coordena\u00e7\u00e3o\"},\"sameAs\":[\"https:\/\/www.facebook.com\/EstrategiaConcursos\",\"https:\/\/x.com\/EstratConcursos\"],\"url\":\"https:\/\/www.estrategiaconcursos.com.br\/blog\/author\/estrategia2013\/\"}]}<\/script>\n<!-- \/ Yoast SEO Premium plugin. -->","yoast_head_json":{"title":"Edital CORE AL: Novo cronograma e inscri\u00e7\u00f5es prorrogadas!","description":"Edital CORE AL: inscri\u00e7\u00f5es prorrogadas e novas datas de prova! 4 vagas para cargos de n\u00edvel m\u00e9dio e superior. Confira AQUI!","robots":{"index":"index","follow":"follow","max-snippet":"max-snippet:-1","max-image-preview":"max-image-preview:large","max-video-preview":"max-video-preview:-1"},"canonical":"https:\/\/www.estrategiaconcursos.com.br\/blog\/edital-core-al\/","og_locale":"pt_BR","og_type":"article","og_title":"Edital CORE AL: inscri\u00e7\u00f5es prorrogadas e nova data de prova!","og_description":"Edital CORE AL: inscri\u00e7\u00f5es prorrogadas e novas datas de prova! 4 vagas para cargos de n\u00edvel m\u00e9dio e superior. Confira AQUI!","og_url":"https:\/\/www.estrategiaconcursos.com.br\/blog\/edital-core-al\/","og_site_name":"Estrat\u00e9gia Concursos","article_author":"https:\/\/www.facebook.com\/EstrategiaConcursos","article_published_time":"2021-07-22T10:00:00+00:00","article_modified_time":"2021-07-22T13:03:39+00:00","og_image":[{"width":1200,"height":628,"url":"https:\/\/dhg1h5j42swfq.cloudfront.net\/2021\/03\/24132100\/saiu-edital.jpg","type":"image\/jpeg"}],"author":"Coordena\u00e7\u00e3o","twitter_card":"summary_large_image","twitter_creator":"@EstratConcursos","twitter_site":"@EstratConcursos","twitter_misc":{"Escrito por":"Coordena\u00e7\u00e3o","Est. tempo de leitura":"3 minutos"},"schema":{"@context":"https:\/\/schema.org","@graph":[{"@type":"NewsArticle","@id":"https:\/\/www.estrategiaconcursos.com.br\/blog\/edital-core-al\/#article","isPartOf":{"@id":"https:\/\/www.estrategiaconcursos.com.br\/blog\/edital-core-al\/"},"author":{"name":"Coordena\u00e7\u00e3o","@id":"https:\/\/www.estrategiaconcursos.com.br\/blog\/#\/schema\/person\/b4a388c97673c5f483d72185668afa1f"},"headline":"Edital CORE AL: inscri\u00e7\u00f5es prorrogadas e nova data de prova!","datePublished":"2021-07-22T10:00:00+00:00","dateModified":"2021-07-22T13:03:39+00:00","mainEntityOfPage":{"@id":"https:\/\/www.estrategiaconcursos.com.br\/blog\/edital-core-al\/"},"wordCount":545,"commentCount":0,"publisher":{"@id":"https:\/\/www.estrategiaconcursos.com.br\/blog\/#organization"},"image":{"@id":"https:\/\/www.estrategiaconcursos.com.br\/blog\/edital-core-al\/#primaryimage"},"thumbnailUrl":"https:\/\/dhg1h5j42swfq.cloudfront.net\/2021\/03\/24132100\/saiu-edital.jpg","articleSection":["Concursos P\u00fablicos"],"inLanguage":"pt-BR","potentialAction":[{"@type":"CommentAction","name":"Comment","target":["https:\/\/www.estrategiaconcursos.com.br\/blog\/edital-core-al\/#respond"]}],"copyrightYear":"2021","copyrightHolder":{"@id":"https:\/\/www.estrategiaconcursos.com.br\/blog\/#organization"}},{"@type":"WebPage","@id":"https:\/\/www.estrategiaconcursos.com.br\/blog\/edital-core-al\/","url":"https:\/\/www.estrategiaconcursos.com.br\/blog\/edital-core-al\/","name":"Edital CORE AL: Novo cronograma e inscri\u00e7\u00f5es prorrogadas!","isPartOf":{"@id":"https:\/\/www.estrategiaconcursos.com.br\/blog\/#website"},"primaryImageOfPage":{"@id":"https:\/\/www.estrategiaconcursos.com.br\/blog\/edital-core-al\/#primaryimage"},"image":{"@id":"https:\/\/www.estrategiaconcursos.com.br\/blog\/edital-core-al\/#primaryimage"},"thumbnailUrl":"https:\/\/dhg1h5j42swfq.cloudfront.net\/2021\/03\/24132100\/saiu-edital.jpg","datePublished":"2021-07-22T10:00:00+00:00","dateModified":"2021-07-22T13:03:39+00:00","description":"Edital CORE AL: inscri\u00e7\u00f5es prorrogadas e novas datas de prova! 4 vagas para cargos de n\u00edvel m\u00e9dio e superior. Confira AQUI!","breadcrumb":{"@id":"https:\/\/www.estrategiaconcursos.com.br\/blog\/edital-core-al\/#breadcrumb"},"inLanguage":"pt-BR","potentialAction":[{"@type":"ReadAction","target":["https:\/\/www.estrategiaconcursos.com.br\/blog\/edital-core-al\/"]}]},{"@type":"ImageObject","inLanguage":"pt-BR","@id":"https:\/\/www.estrategiaconcursos.com.br\/blog\/edital-core-al\/#primaryimage","url":"https:\/\/dhg1h5j42swfq.cloudfront.net\/2021\/03\/24132100\/saiu-edital.jpg","contentUrl":"https:\/\/dhg1h5j42swfq.cloudfront.net\/2021\/03\/24132100\/saiu-edital.jpg","width":1200,"height":628,"caption":"C\u00e2mara de Embu gua\u00e7u sp"},{"@type":"BreadcrumbList","@id":"https:\/\/www.estrategiaconcursos.com.br\/blog\/edital-core-al\/#breadcrumb","itemListElement":[{"@type":"ListItem","position":1,"name":"In\u00edcio","item":"https:\/\/www.estrategiaconcursos.com.br\/blog\/"},{"@type":"ListItem","position":2,"name":"Edital CORE AL: inscri\u00e7\u00f5es prorrogadas e nova data de prova!"}]},{"@type":"WebSite","@id":"https:\/\/www.estrategiaconcursos.com.br\/blog\/#website","url":"https:\/\/www.estrategiaconcursos.com.br\/blog\/","name":"Estrat\u00e9gia Concursos","description":"O blog da Estrat\u00e9gia Concursos traz not\u00edcias sobre concursos e artigos de professores oferecendo cursos para concursos (pdf + videaulas) no site.","publisher":{"@id":"https:\/\/www.estrategiaconcursos.com.br\/blog\/#organization"},"potentialAction":[{"@type":"SearchAction","target":{"@type":"EntryPoint","urlTemplate":"https:\/\/www.estrategiaconcursos.com.br\/blog\/?s={search_term_string}"},"query-input":{"@type":"PropertyValueSpecification","valueRequired":true,"valueName":"search_term_string"}}],"inLanguage":"pt-BR"},{"@type":"Organization","@id":"https:\/\/www.estrategiaconcursos.com.br\/blog\/#organization","name":"Estrat\u00e9gia Concursos","url":"https:\/\/www.estrategiaconcursos.com.br\/blog\/","logo":{"@type":"ImageObject","inLanguage":"pt-BR","@id":"https:\/\/www.estrategiaconcursos.com.br\/blog\/#\/schema\/logo\/image\/","url":"https:\/\/dhg1h5j42swfq.cloudfront.net\/2025\/06\/03203428\/logo_concursos-1.jpg","contentUrl":"https:\/\/dhg1h5j42swfq.cloudfront.net\/2025\/06\/03203428\/logo_concursos-1.jpg","width":230,"height":60,"caption":"Estrat\u00e9gia Concursos"},"image":{"@id":"https:\/\/www.estrategiaconcursos.com.br\/blog\/#\/schema\/logo\/image\/"},"sameAs":["https:\/\/x.com\/EstratConcursos"]},{"@type":"Person","@id":"https:\/\/www.estrategiaconcursos.com.br\/blog\/#\/schema\/person\/b4a388c97673c5f483d72185668afa1f","name":"Coordena\u00e7\u00e3o","image":{"@type":"ImageObject","inLanguage":"pt-BR","@id":"https:\/\/secure.gravatar.com\/avatar\/b720319e4c9a967eb58678d110f4fe35452fc5d5f97b202bac7b8acceb18c6ad?s=96&d=mm&r=g","url":"https:\/\/secure.gravatar.com\/avatar\/b720319e4c9a967eb58678d110f4fe35452fc5d5f97b202bac7b8acceb18c6ad?s=96&d=mm&r=g","contentUrl":"https:\/\/secure.gravatar.com\/avatar\/b720319e4c9a967eb58678d110f4fe35452fc5d5f97b202bac7b8acceb18c6ad?s=96&d=mm&r=g","caption":"Coordena\u00e7\u00e3o"},"sameAs":["https:\/\/www.facebook.com\/EstrategiaConcursos","https:\/\/x.com\/EstratConcursos"],"url":"https:\/\/www.estrategiaconcursos.com.br\/blog\/author\/estrategia2013\/"}]}},"_links":{"self":[{"href":"https:\/\/www.estrategiaconcursos.com.br\/blog\/wp-json\/wp\/v2\/posts\/763240","targetHints":{"allow":["GET"]}}],"collection":[{"href":"https:\/\/www.estrategiaconcursos.com.br\/blog\/wp-json\/wp\/v2\/posts"}],"about":[{"href":"https:\/\/www.estrategiaconcursos.com.br\/blog\/wp-json\/wp\/v2\/types\/post"}],"author":[{"embeddable":true,"href":"https:\/\/www.estrategiaconcursos.com.br\/blog\/wp-json\/wp\/v2\/users\/1"}],"replies":[{"embeddable":true,"href":"https:\/\/www.estrategiaconcursos.com.br\/blog\/wp-json\/wp\/v2\/comments?post=763240"}],"version-history":[{"count":9,"href":"https:\/\/www.estrategiaconcursos.com.br\/blog\/wp-json\/wp\/v2\/posts\/763240\/revisions"}],"predecessor-version":[{"id":801243,"href":"https:\/\/www.estrategiaconcursos.com.br\/blog\/wp-json\/wp\/v2\/posts\/763240\/revisions\/801243"}],"wp:featuredmedia":[{"embeddable":true,"href":"https:\/\/www.estrategiaconcursos.com.br\/blog\/wp-json\/wp\/v2\/media\/700273"}],"wp:attachment":[{"href":"https:\/\/www.estrategiaconcursos.com.br\/blog\/wp-json\/wp\/v2\/media?parent=763240"}],"wp:term":[{"taxonomy":"category","embeddable":true,"href":"https:\/\/www.estrategiaconcursos.com.br\/blog\/wp-json\/wp\/v2\/categories?post=763240"},{"taxonomy":"post_tag","embeddable":true,"href":"https:\/\/www.estrategiaconcursos.com.br\/blog\/wp-json\/wp\/v2\/tags?post=763240"},{"taxonomy":"tax_estado","embeddable":true,"href":"https:\/\/www.estrategiaconcursos.com.br\/blog\/wp-json\/wp\/v2\/tax_estado?post=763240"}],"curies":[{"name":"wp","href":"https:\/\/api.w.org\/{rel}","templated":true}]}}