{"id":762614,"date":"2021-06-09T07:30:00","date_gmt":"2021-06-09T10:30:00","guid":{"rendered":"https:\/\/www.estrategiaconcursos.com.br\/blog\/?p=762614"},"modified":"2021-06-11T15:20:01","modified_gmt":"2021-06-11T18:20:01","slug":"sefaz-es-secretario-comenta","status":"publish","type":"post","link":"https:\/\/www.estrategiaconcursos.com.br\/blog\/sefaz-es-secretario-comenta\/","title":{"rendered":"Sefaz ES: secret\u00e1rio comenta sal\u00e1rios e nomea\u00e7\u00f5es em live"},"content":{"rendered":"\n<p>Aten\u00e7\u00e3o, concurseiros! O secret\u00e1rio da <strong>Secretaria de Estado da Fazenda do Esp\u00edrito Santo<\/strong> <strong>(SEFAZ ES<\/strong>), Rogelio Pegoretti, comentou alguns pontos importantes sobre o novo concurso do \u00f3rg\u00e3o durante transmiss\u00e3o ao vivo no Instagram. Inclusive, tranquilizou os candidatos a respeito da seguran\u00e7a durante a realiza\u00e7\u00e3o das provas. \u201c<em>Estamos preparando toda a seguran\u00e7a para a realiza\u00e7\u00e3o das prova<\/em>\u201c. garantiu.<\/p>\n\n\n\n<p>Pegoretti tamb\u00e9m reafirmou que as provas&nbsp;podem&nbsp;ser aplicadas em outras cidades. Inicialmente, seriam realizadas na capital, Vit\u00f3ria, mas por conta da pandemia, podem ser realizadas em outros munic\u00edpios, tais como Vila Velha e Serra. Ainda disse que 30 dias antes da aplica\u00e7\u00e3o das Provas, o \u00f3rg\u00e3o ir\u00e1 emitir uma confirma\u00e7\u00e3o das datas.<\/p>\n\n\n\n<div class=\"wp-block-image\"><figure class=\"aligncenter size-large\"><a href=\"https:\/\/www.instagram.com\/tv\/CP4He7rgAHU\/?utm_source=ig_web_copy_link\" target=\"_blank\" rel=\"noopener\"><img loading=\"lazy\" decoding=\"async\" width=\"339\" height=\"329\" src=\"https:\/\/dhg1h5j42swfq.cloudfront.net\/2021\/06\/11135142\/image-226.png\" alt=\"\" class=\"wp-image-764866\" srcset=\"https:\/\/dhg1h5j42swfq.cloudfront.net\/2021\/06\/11135142\/image-226.png 339w, https:\/\/dhg1h5j42swfq.cloudfront.net\/2021\/06\/11135142\/image-226-300x291.png 300w\" sizes=\"auto, (max-width: 339px) 100vw, 339px\" \/><\/a><figcaption>Live realizada no Instagram dia 08 de junho de 2021 (@rogeliopegoretti)<\/figcaption><\/figure><\/div>\n\n\n\n<p>Rogelio tamb\u00e9m esclareceu alguns pontos sobre a carreira de Auditor Fiscal. Em sua fala, explicou que o sal\u00e1rio da Sefaz ES \u00e9 por subs\u00eddio. Ou seja, o valor total a ser recebido \u00e9 de R$12.492,19. Contudo, existe o acr\u00e9scimo de R$ 300 para aux\u00edlio alimenta\u00e7\u00e3o.<\/p>\n\n\n\n<p>Inclusive, o secret\u00e1rio reiterou que \u00e9 uma remunera\u00e7\u00e3o com plano de carreira, ent\u00e3o, a cada dois anos, h\u00e1 uma progress\u00e3o. Al\u00e9m disso, informou que h\u00e1 uma bonifica\u00e7\u00e3o semestral em que, se for atingida a m\u00e9dia, servidores recebem um pagamento de R$ 7 mil.<\/p>\n\n\n\n<p>A respeito da primeira lota\u00e7\u00e3o dos aprovados, no quesito funcional, ser\u00e1 para fiscaliza\u00e7\u00e3o de mercadorias e tr\u00e2nsito de mercadorias. De acordo com ele, esta \u00e9 a maior demanda atual dentro da Sefaz ES. \u201c<em>Boa parte dos aprovados ter\u00e1 como fun\u00e7\u00e3o principal trabalhar na fiscaliza\u00e7\u00e3o de mercadorias, no tr\u00e2nsito de mercadorias<\/em>\u201d, elucidou.<\/p>\n\n\n\n<p>Al\u00e9m disso, Pegoretti confirmou que o \u00f3rg\u00e3o pretende chamar todos os candidatos do cadastro de reserva. \u201c<em>Nossa inten\u00e7\u00e3o \u00e9 chamar o Cadastro de Reserva inteiro nesse concurso<\/em>\u201d, declarou. Segundo ele, terminando o primeiro Curso de Forma\u00e7\u00e3o e, se assim tiverem condi\u00e7\u00f5es, a inten\u00e7\u00e3o \u00e9 nomear mais pessoas.<\/p>\n\n\n\n<p>Vale lembrar que o edital do concurso oferta<strong>&nbsp;50 vagas imediatas, al\u00e9m de 100 oportunidades para forma\u00e7\u00e3o de cadastro reserva<\/strong>, para o cargo de Auditor Fiscal da Receita Estadual e est\u00e1 com inscri\u00e7\u00f5es abertas at\u00e9 o dia 05 de julho.<\/p>\n\n\n\n<p class=\"has-text-align-center\"><em>Para mais detalhes do concurso Sefaz ES, cujo secret\u00e1rio comentou pontos cruciais sobre o certame, acesse o link abaixo. Preparamos um artigo completo, separado por t\u00f3picos, para que facilite a sua compreens\u00e3o:<\/em><\/p>\n\n\n\n<p class=\"has-text-align-center has-luminous-vivid-amber-background-color has-background\" style=\"font-size:clamp(14.082px, 0.88rem + ((1vw - 3.2px) * 0.678), 21px);px\"><strong>Saiba mais: <a href=\"https:\/\/www.estrategiaconcursos.com.br\/blog\/concurso-sefaz-es\/\" target=\"_blank\" rel=\"noreferrer noopener\">concurso Sefaz ES<\/a><\/strong><\/p>\n\n\n\n<hr class=\"wp-block-separator\"\/>\n\n\n\n<h2 class=\"has-text-align-center wp-block-heading\" id=\"cursos-assinatura\">Quer estudar para o concurso Sefaz ES?<\/h2>\n\n\n\n<div class=\"container\" id=\"boxes\">\n  <div class=\"row\">\n\n    <div class=\"col-sm\">\n      <div class=\"banner-fiscal-01\" id=\"box-assinatura\">\n        <h3 class=\"titulo-assinatura\">Concurso Sefaz ES<\/h3>\n        <p class=\"subtitulo-assinatura\">Estude conosco<\/p>\n        <div class=\"box-botao\">\n          <a class=\"btn-assinatura\" target=\"_blank\" href=\"https:\/\/www.estrategiaconcursos.com.br\/cursosPorConcurso\/sefaz-es-sec-de-fazenda-do-espirito-santo-189\/\" role=\"button\" rel=\"noopener noreferrer\">Conhe\u00e7a os cursos<\/a>\n        <\/div>\n      <\/div>\n   \n    <\/div>\n\n  <\/div>\n<\/div>\n\n\n\n<div class=\"container\" id=\"boxes\">\n  <div class=\"row\">\n\n    <div class=\"col-sm\">\n      <div class=\"estrategia\" id=\"box-assinatura\">\n        <h3 class=\"titulo-assinatura\">Assinatura de Concursos<\/h3>\n        <p class=\"subtitulo-assinatura\">Assinatura de 1 ano ou 2 anos<\/p>\n        <div class=\"box-botao\">\n          <a class=\"btn-assinatura\" target=\"_blank\" href=\"https:\/\/www.estrategiaconcursos.com.br\/assinaturas\/\" role=\"button\" rel=\"noopener noreferrer\">ASSINE AGORA<\/a>\n        <\/div>\n      <\/div>\n     \n    <\/div>\n\n    <div class=\"col-sm\">\n      <div class=\"questoes\" id=\"box-assinatura\">\n        <h3 class=\"titulo-assinatura\">Sistema de Quest\u00f5es<\/h3>\n        <p class=\"subtitulo-assinatura\">Assinatura de 1 ano ou 2 anos\n<\/p>\n        <div class=\"box-botao\">\n          <a class=\"btn-assinatura\" target=\"_blank\" href=\"https:\/\/questoes.estrategiaconcursos.com.br\/\" role=\"button\" rel=\"noopener noreferrer\">ASSINE AGORA<\/a>\n        <\/div>\n      <\/div>\n    \n    <\/div>\n  <\/div>\n<\/div>\n\n\n\n<div class=\"container\" id=\"boxes\">\n  <div class=\"row\">\n\n    <div class=\"col-sm\" id=\"boxes-concursos\">\n      <div style=\"background-color: #005DAD;\" class=\"conteudo-concursos\" id=\"box-concursos\">\n        <h3 class=\"titulo-assinatura\">Concursos Abertos<\/h3>\n        <p class=\"subtitulo-assinatura\">Confira os editais publicados<\/p>\n        <div class=\"box-botao\">\n          <a class=\"btn-assinatura\" target=\"_blank\" href=\"https:\/\/www.estrategiaconcursos.com.br\/blog\/concursos-abertos\/\" role=\"button\" rel=\"noopener noreferrer\">Conhe\u00e7a Agora<\/a>\n        <\/div>\n      <\/div>\n    <\/div>\n\n    <div class=\"col-sm\" id=\"boxes-concursos\">\n      <div style=\"background-color: #1A7ED5;\" class=\"conteudo-concursos\" id=\"box-concursos\">\n        <h3 class=\"titulo-assinatura\">Concursos 2021<\/h3>\n        <p class=\"subtitulo-assinatura\">As oportunidades previstas<\/p>\n        <div class=\"box-botao\">\n          <a class=\"btn-assinatura\" target=\"_blank\" href=\"https:\/\/www.estrategiaconcursos.com.br\/blog\/concursos-2021\/\" role=\"button\" rel=\"noopener noreferrer\">Conhe\u00e7a Agora<\/a>\n        <\/div>\n      <\/div>\n    <\/div>\n\n    <div class=\"col-sm\" id=\"boxes-concursos\">\n      <div style=\"background-color: #419FF0;\" class=\"conteudo-concursos\" id=\"box-concursos\">\n        <h3 class=\"titulo-assinatura\">Concursos 2022<\/h3>\n        <p class=\"subtitulo-assinatura\">Vagas para o pr\u00f3ximo ano<\/p>\n        <div class=\"box-botao\">\n          <a class=\"btn-assinatura\" target=\"_blank\" href=\"https:\/\/www.estrategiaconcursos.com.br\/blog\/concursos-2022\/\" role=\"button\" rel=\"noopener noreferrer\">Conhe\u00e7a Agora<\/a>\n        <\/div>\n      <\/div>\n    <\/div>\n\n  <\/div>\n<\/div>\n\n\n\n<p class=\"has-text-align-center\"><strong><\/strong><strong>Quer ficar atualizado DIARIAMENTE sobre as not\u00edcias do mundo dos concursos? Entre no nosso Telegram<\/strong>&nbsp;<strong>abaixo!<\/strong><\/p>\n\n\n\n<div class=\"wp-block-image\"><figure class=\"aligncenter size-large\"><a href=\"https:\/\/t.me\/estrategianews\" target=\"_blank\" rel=\"noopener\"><img loading=\"lazy\" decoding=\"async\" width=\"899\" height=\"193\" src=\"https:\/\/dhg1h5j42swfq.cloudfront.net\/2021\/05\/03180511\/news-1-1.jpg\" alt=\"Concurso Sefaz ES\" class=\"wp-image-730150\" srcset=\"https:\/\/dhg1h5j42swfq.cloudfront.net\/2021\/05\/03180511\/news-1-1.jpg 899w, https:\/\/dhg1h5j42swfq.cloudfront.net\/2021\/05\/03180511\/news-1-1-300x64.jpg 300w, https:\/\/dhg1h5j42swfq.cloudfront.net\/2021\/05\/03180511\/news-1-1-768x165.jpg 768w, https:\/\/dhg1h5j42swfq.cloudfront.net\/2021\/05\/03180511\/news-1-1-610x131.jpg 610w\" sizes=\"auto, (max-width: 899px) 100vw, 899px\" \/><\/a><\/figure><\/div>\n","protected":false},"excerpt":{"rendered":"<p>Aten\u00e7\u00e3o, concurseiros! O secret\u00e1rio da Secretaria de Estado da Fazenda do Esp\u00edrito Santo (SEFAZ ES), Rogelio Pegoretti, comentou alguns pontos importantes sobre o novo concurso do \u00f3rg\u00e3o durante transmiss\u00e3o ao vivo no Instagram. Inclusive, tranquilizou os candidatos a respeito da seguran\u00e7a durante a realiza\u00e7\u00e3o das provas. \u201cEstamos preparando toda a seguran\u00e7a para a realiza\u00e7\u00e3o das [&hellip;]<\/p>\n","protected":false},"author":48,"featured_media":698522,"comment_status":"open","ping_status":"closed","sticky":false,"template":"","format":"standard","meta":{"post_tipo":"news","footnotes":""},"categories":[1983],"tags":[],"tax_estado":[219971],"class_list":["post-762614","post","type-post","status-publish","format-standard","has-post-thumbnail","hentry","category-fiscal-estadual","tax_estado-es"],"acf":[],"yoast_head":"<!-- This site is optimized with the Yoast SEO Premium plugin v27.2 (Yoast SEO v27.2) - https:\/\/yoast.com\/product\/yoast-seo-premium-wordpress\/ -->\n<title>Sefaz ES: secret\u00e1rio comenta sal\u00e1rios e nomea\u00e7\u00f5es em live<\/title>\n<meta name=\"description\" content=\"Concurso Sefaz ES: secret\u00e1rio Rogelio Pegoretti comentou pontos cruciais a respeito do certame, que est\u00e1 com inscri\u00e7\u00f5es abertas at\u00e9 05\/07!\" \/>\n<meta name=\"robots\" content=\"index, follow, max-snippet:-1, max-image-preview:large, max-video-preview:-1\" \/>\n<link rel=\"canonical\" href=\"https:\/\/www.estrategiaconcursos.com.br\/blog\/sefaz-es-secretario-comenta\/\" \/>\n<meta property=\"og:locale\" content=\"pt_BR\" \/>\n<meta property=\"og:type\" content=\"article\" \/>\n<meta property=\"og:title\" content=\"Sefaz ES: secret\u00e1rio comenta sal\u00e1rios e nomea\u00e7\u00f5es em live\" \/>\n<meta property=\"og:description\" content=\"Concurso Sefaz ES: secret\u00e1rio Rogelio Pegoretti comentou pontos cruciais a respeito do certame, que est\u00e1 com inscri\u00e7\u00f5es abertas at\u00e9 05\/07!\" \/>\n<meta property=\"og:url\" content=\"https:\/\/www.estrategiaconcursos.com.br\/blog\/sefaz-es-secretario-comenta\/\" \/>\n<meta property=\"og:site_name\" content=\"Estrat\u00e9gia Concursos\" \/>\n<meta property=\"article:published_time\" content=\"2021-06-09T10:30:00+00:00\" \/>\n<meta property=\"article:modified_time\" content=\"2021-06-11T18:20:01+00:00\" \/>\n<meta property=\"og:image\" content=\"https:\/\/dhg1h5j42swfq.cloudfront.net\/2021\/03\/22154842\/sefaz-es.jpg\" \/>\n\t<meta property=\"og:image:width\" content=\"1200\" \/>\n\t<meta property=\"og:image:height\" content=\"628\" \/>\n\t<meta property=\"og:image:type\" content=\"image\/jpeg\" \/>\n<meta name=\"author\" content=\"Coordena\u00e7\u00e3o\" \/>\n<meta name=\"twitter:card\" content=\"summary_large_image\" \/>\n<meta name=\"twitter:creator\" content=\"@EstratConcursos\" \/>\n<meta name=\"twitter:site\" content=\"@EstratConcursos\" \/>\n<meta name=\"twitter:label1\" content=\"Escrito por\" \/>\n\t<meta name=\"twitter:data1\" content=\"Coordena\u00e7\u00e3o\" \/>\n\t<meta name=\"twitter:label2\" content=\"Est. tempo de leitura\" \/>\n\t<meta name=\"twitter:data2\" content=\"3 minutos\" \/>\n<script type=\"application\/ld+json\" class=\"yoast-schema-graph\">{\"@context\":\"https:\/\/schema.org\",\"@graph\":[{\"@type\":\"NewsArticle\",\"@id\":\"https:\/\/www.estrategiaconcursos.com.br\/blog\/sefaz-es-secretario-comenta\/#article\",\"isPartOf\":{\"@id\":\"https:\/\/www.estrategiaconcursos.com.br\/blog\/sefaz-es-secretario-comenta\/\"},\"author\":{\"name\":\"Coordena\u00e7\u00e3o\",\"@id\":\"https:\/\/www.estrategiaconcursos.com.br\/blog\/#\/schema\/person\/cdad40b5818eb228a838461fcd656da7\"},\"headline\":\"Sefaz ES: secret\u00e1rio comenta sal\u00e1rios e nomea\u00e7\u00f5es em live\",\"datePublished\":\"2021-06-09T10:30:00+00:00\",\"dateModified\":\"2021-06-11T18:20:01+00:00\",\"mainEntityOfPage\":{\"@id\":\"https:\/\/www.estrategiaconcursos.com.br\/blog\/sefaz-es-secretario-comenta\/\"},\"wordCount\":512,\"commentCount\":0,\"publisher\":{\"@id\":\"https:\/\/www.estrategiaconcursos.com.br\/blog\/#organization\"},\"image\":{\"@id\":\"https:\/\/www.estrategiaconcursos.com.br\/blog\/sefaz-es-secretario-comenta\/#primaryimage\"},\"thumbnailUrl\":\"https:\/\/dhg1h5j42swfq.cloudfront.net\/2021\/03\/22154842\/sefaz-es.jpg\",\"articleSection\":[\"Fiscal - Estadual (ICMS)\"],\"inLanguage\":\"pt-BR\",\"potentialAction\":[{\"@type\":\"CommentAction\",\"name\":\"Comment\",\"target\":[\"https:\/\/www.estrategiaconcursos.com.br\/blog\/sefaz-es-secretario-comenta\/#respond\"]}],\"copyrightYear\":\"2021\",\"copyrightHolder\":{\"@id\":\"https:\/\/www.estrategiaconcursos.com.br\/blog\/#organization\"}},{\"@type\":\"WebPage\",\"@id\":\"https:\/\/www.estrategiaconcursos.com.br\/blog\/sefaz-es-secretario-comenta\/\",\"url\":\"https:\/\/www.estrategiaconcursos.com.br\/blog\/sefaz-es-secretario-comenta\/\",\"name\":\"Sefaz ES: secret\u00e1rio comenta sal\u00e1rios e nomea\u00e7\u00f5es em live\",\"isPartOf\":{\"@id\":\"https:\/\/www.estrategiaconcursos.com.br\/blog\/#website\"},\"primaryImageOfPage\":{\"@id\":\"https:\/\/www.estrategiaconcursos.com.br\/blog\/sefaz-es-secretario-comenta\/#primaryimage\"},\"image\":{\"@id\":\"https:\/\/www.estrategiaconcursos.com.br\/blog\/sefaz-es-secretario-comenta\/#primaryimage\"},\"thumbnailUrl\":\"https:\/\/dhg1h5j42swfq.cloudfront.net\/2021\/03\/22154842\/sefaz-es.jpg\",\"datePublished\":\"2021-06-09T10:30:00+00:00\",\"dateModified\":\"2021-06-11T18:20:01+00:00\",\"description\":\"Concurso Sefaz ES: secret\u00e1rio Rogelio Pegoretti comentou pontos cruciais a respeito do certame, que est\u00e1 com inscri\u00e7\u00f5es abertas at\u00e9 05\/07!\",\"breadcrumb\":{\"@id\":\"https:\/\/www.estrategiaconcursos.com.br\/blog\/sefaz-es-secretario-comenta\/#breadcrumb\"},\"inLanguage\":\"pt-BR\",\"potentialAction\":[{\"@type\":\"ReadAction\",\"target\":[\"https:\/\/www.estrategiaconcursos.com.br\/blog\/sefaz-es-secretario-comenta\/\"]}]},{\"@type\":\"ImageObject\",\"inLanguage\":\"pt-BR\",\"@id\":\"https:\/\/www.estrategiaconcursos.com.br\/blog\/sefaz-es-secretario-comenta\/#primaryimage\",\"url\":\"https:\/\/dhg1h5j42swfq.cloudfront.net\/2021\/03\/22154842\/sefaz-es.jpg\",\"contentUrl\":\"https:\/\/dhg1h5j42swfq.cloudfront.net\/2021\/03\/22154842\/sefaz-es.jpg\",\"width\":1200,\"height\":628,\"caption\":\"Secretaria de Estado da Fazenda do Esp\u00edrito Santo - SEFAZ-ES\"},{\"@type\":\"BreadcrumbList\",\"@id\":\"https:\/\/www.estrategiaconcursos.com.br\/blog\/sefaz-es-secretario-comenta\/#breadcrumb\",\"itemListElement\":[{\"@type\":\"ListItem\",\"position\":1,\"name\":\"In\u00edcio\",\"item\":\"https:\/\/www.estrategiaconcursos.com.br\/blog\/\"},{\"@type\":\"ListItem\",\"position\":2,\"name\":\"Sefaz ES: secret\u00e1rio comenta sal\u00e1rios e nomea\u00e7\u00f5es em live\"}]},{\"@type\":\"WebSite\",\"@id\":\"https:\/\/www.estrategiaconcursos.com.br\/blog\/#website\",\"url\":\"https:\/\/www.estrategiaconcursos.com.br\/blog\/\",\"name\":\"Estrat\u00e9gia Concursos\",\"description\":\"O blog da Estrat\u00e9gia Concursos traz not\u00edcias sobre concursos e artigos de professores oferecendo cursos para concursos (pdf + videaulas) no site.\",\"publisher\":{\"@id\":\"https:\/\/www.estrategiaconcursos.com.br\/blog\/#organization\"},\"potentialAction\":[{\"@type\":\"SearchAction\",\"target\":{\"@type\":\"EntryPoint\",\"urlTemplate\":\"https:\/\/www.estrategiaconcursos.com.br\/blog\/?s={search_term_string}\"},\"query-input\":{\"@type\":\"PropertyValueSpecification\",\"valueRequired\":true,\"valueName\":\"search_term_string\"}}],\"inLanguage\":\"pt-BR\"},{\"@type\":\"Organization\",\"@id\":\"https:\/\/www.estrategiaconcursos.com.br\/blog\/#organization\",\"name\":\"Estrat\u00e9gia Concursos\",\"url\":\"https:\/\/www.estrategiaconcursos.com.br\/blog\/\",\"logo\":{\"@type\":\"ImageObject\",\"inLanguage\":\"pt-BR\",\"@id\":\"https:\/\/www.estrategiaconcursos.com.br\/blog\/#\/schema\/logo\/image\/\",\"url\":\"https:\/\/dhg1h5j42swfq.cloudfront.net\/2025\/06\/03203428\/logo_concursos-1.jpg\",\"contentUrl\":\"https:\/\/dhg1h5j42swfq.cloudfront.net\/2025\/06\/03203428\/logo_concursos-1.jpg\",\"width\":230,\"height\":60,\"caption\":\"Estrat\u00e9gia Concursos\"},\"image\":{\"@id\":\"https:\/\/www.estrategiaconcursos.com.br\/blog\/#\/schema\/logo\/image\/\"},\"sameAs\":[\"https:\/\/x.com\/EstratConcursos\"]},{\"@type\":\"Person\",\"@id\":\"https:\/\/www.estrategiaconcursos.com.br\/blog\/#\/schema\/person\/cdad40b5818eb228a838461fcd656da7\",\"name\":\"Coordena\u00e7\u00e3o\",\"image\":{\"@type\":\"ImageObject\",\"inLanguage\":\"pt-BR\",\"@id\":\"https:\/\/secure.gravatar.com\/avatar\/a413b22da0f5009c634f6c4586a2dbe5207074fd5becd88db5183b8069ef25e4?s=96&d=mm&r=g\",\"url\":\"https:\/\/secure.gravatar.com\/avatar\/a413b22da0f5009c634f6c4586a2dbe5207074fd5becd88db5183b8069ef25e4?s=96&d=mm&r=g\",\"contentUrl\":\"https:\/\/secure.gravatar.com\/avatar\/a413b22da0f5009c634f6c4586a2dbe5207074fd5becd88db5183b8069ef25e4?s=96&d=mm&r=g\",\"caption\":\"Coordena\u00e7\u00e3o\"},\"url\":\"https:\/\/www.estrategiaconcursos.com.br\/blog\/author\/contatoestrategiaconcursos-com-br\/\"}]}<\/script>\n<!-- \/ Yoast SEO Premium plugin. -->","yoast_head_json":{"title":"Sefaz ES: secret\u00e1rio comenta sal\u00e1rios e nomea\u00e7\u00f5es em live","description":"Concurso Sefaz ES: secret\u00e1rio Rogelio Pegoretti comentou pontos cruciais a respeito do certame, que est\u00e1 com inscri\u00e7\u00f5es abertas at\u00e9 05\/07!","robots":{"index":"index","follow":"follow","max-snippet":"max-snippet:-1","max-image-preview":"max-image-preview:large","max-video-preview":"max-video-preview:-1"},"canonical":"https:\/\/www.estrategiaconcursos.com.br\/blog\/sefaz-es-secretario-comenta\/","og_locale":"pt_BR","og_type":"article","og_title":"Sefaz ES: secret\u00e1rio comenta sal\u00e1rios e nomea\u00e7\u00f5es em live","og_description":"Concurso Sefaz ES: secret\u00e1rio Rogelio Pegoretti comentou pontos cruciais a respeito do certame, que est\u00e1 com inscri\u00e7\u00f5es abertas at\u00e9 05\/07!","og_url":"https:\/\/www.estrategiaconcursos.com.br\/blog\/sefaz-es-secretario-comenta\/","og_site_name":"Estrat\u00e9gia Concursos","article_published_time":"2021-06-09T10:30:00+00:00","article_modified_time":"2021-06-11T18:20:01+00:00","og_image":[{"width":1200,"height":628,"url":"https:\/\/dhg1h5j42swfq.cloudfront.net\/2021\/03\/22154842\/sefaz-es.jpg","type":"image\/jpeg"}],"author":"Coordena\u00e7\u00e3o","twitter_card":"summary_large_image","twitter_creator":"@EstratConcursos","twitter_site":"@EstratConcursos","twitter_misc":{"Escrito por":"Coordena\u00e7\u00e3o","Est. tempo de leitura":"3 minutos"},"schema":{"@context":"https:\/\/schema.org","@graph":[{"@type":"NewsArticle","@id":"https:\/\/www.estrategiaconcursos.com.br\/blog\/sefaz-es-secretario-comenta\/#article","isPartOf":{"@id":"https:\/\/www.estrategiaconcursos.com.br\/blog\/sefaz-es-secretario-comenta\/"},"author":{"name":"Coordena\u00e7\u00e3o","@id":"https:\/\/www.estrategiaconcursos.com.br\/blog\/#\/schema\/person\/cdad40b5818eb228a838461fcd656da7"},"headline":"Sefaz ES: secret\u00e1rio comenta sal\u00e1rios e nomea\u00e7\u00f5es em live","datePublished":"2021-06-09T10:30:00+00:00","dateModified":"2021-06-11T18:20:01+00:00","mainEntityOfPage":{"@id":"https:\/\/www.estrategiaconcursos.com.br\/blog\/sefaz-es-secretario-comenta\/"},"wordCount":512,"commentCount":0,"publisher":{"@id":"https:\/\/www.estrategiaconcursos.com.br\/blog\/#organization"},"image":{"@id":"https:\/\/www.estrategiaconcursos.com.br\/blog\/sefaz-es-secretario-comenta\/#primaryimage"},"thumbnailUrl":"https:\/\/dhg1h5j42swfq.cloudfront.net\/2021\/03\/22154842\/sefaz-es.jpg","articleSection":["Fiscal - Estadual (ICMS)"],"inLanguage":"pt-BR","potentialAction":[{"@type":"CommentAction","name":"Comment","target":["https:\/\/www.estrategiaconcursos.com.br\/blog\/sefaz-es-secretario-comenta\/#respond"]}],"copyrightYear":"2021","copyrightHolder":{"@id":"https:\/\/www.estrategiaconcursos.com.br\/blog\/#organization"}},{"@type":"WebPage","@id":"https:\/\/www.estrategiaconcursos.com.br\/blog\/sefaz-es-secretario-comenta\/","url":"https:\/\/www.estrategiaconcursos.com.br\/blog\/sefaz-es-secretario-comenta\/","name":"Sefaz ES: secret\u00e1rio comenta sal\u00e1rios e nomea\u00e7\u00f5es em live","isPartOf":{"@id":"https:\/\/www.estrategiaconcursos.com.br\/blog\/#website"},"primaryImageOfPage":{"@id":"https:\/\/www.estrategiaconcursos.com.br\/blog\/sefaz-es-secretario-comenta\/#primaryimage"},"image":{"@id":"https:\/\/www.estrategiaconcursos.com.br\/blog\/sefaz-es-secretario-comenta\/#primaryimage"},"thumbnailUrl":"https:\/\/dhg1h5j42swfq.cloudfront.net\/2021\/03\/22154842\/sefaz-es.jpg","datePublished":"2021-06-09T10:30:00+00:00","dateModified":"2021-06-11T18:20:01+00:00","description":"Concurso Sefaz ES: secret\u00e1rio Rogelio Pegoretti comentou pontos cruciais a respeito do certame, que est\u00e1 com inscri\u00e7\u00f5es abertas at\u00e9 05\/07!","breadcrumb":{"@id":"https:\/\/www.estrategiaconcursos.com.br\/blog\/sefaz-es-secretario-comenta\/#breadcrumb"},"inLanguage":"pt-BR","potentialAction":[{"@type":"ReadAction","target":["https:\/\/www.estrategiaconcursos.com.br\/blog\/sefaz-es-secretario-comenta\/"]}]},{"@type":"ImageObject","inLanguage":"pt-BR","@id":"https:\/\/www.estrategiaconcursos.com.br\/blog\/sefaz-es-secretario-comenta\/#primaryimage","url":"https:\/\/dhg1h5j42swfq.cloudfront.net\/2021\/03\/22154842\/sefaz-es.jpg","contentUrl":"https:\/\/dhg1h5j42swfq.cloudfront.net\/2021\/03\/22154842\/sefaz-es.jpg","width":1200,"height":628,"caption":"Secretaria de Estado da Fazenda do Esp\u00edrito Santo - SEFAZ-ES"},{"@type":"BreadcrumbList","@id":"https:\/\/www.estrategiaconcursos.com.br\/blog\/sefaz-es-secretario-comenta\/#breadcrumb","itemListElement":[{"@type":"ListItem","position":1,"name":"In\u00edcio","item":"https:\/\/www.estrategiaconcursos.com.br\/blog\/"},{"@type":"ListItem","position":2,"name":"Sefaz ES: secret\u00e1rio comenta sal\u00e1rios e nomea\u00e7\u00f5es em live"}]},{"@type":"WebSite","@id":"https:\/\/www.estrategiaconcursos.com.br\/blog\/#website","url":"https:\/\/www.estrategiaconcursos.com.br\/blog\/","name":"Estrat\u00e9gia Concursos","description":"O blog da Estrat\u00e9gia Concursos traz not\u00edcias sobre concursos e artigos de professores oferecendo cursos para concursos (pdf + videaulas) no site.","publisher":{"@id":"https:\/\/www.estrategiaconcursos.com.br\/blog\/#organization"},"potentialAction":[{"@type":"SearchAction","target":{"@type":"EntryPoint","urlTemplate":"https:\/\/www.estrategiaconcursos.com.br\/blog\/?s={search_term_string}"},"query-input":{"@type":"PropertyValueSpecification","valueRequired":true,"valueName":"search_term_string"}}],"inLanguage":"pt-BR"},{"@type":"Organization","@id":"https:\/\/www.estrategiaconcursos.com.br\/blog\/#organization","name":"Estrat\u00e9gia Concursos","url":"https:\/\/www.estrategiaconcursos.com.br\/blog\/","logo":{"@type":"ImageObject","inLanguage":"pt-BR","@id":"https:\/\/www.estrategiaconcursos.com.br\/blog\/#\/schema\/logo\/image\/","url":"https:\/\/dhg1h5j42swfq.cloudfront.net\/2025\/06\/03203428\/logo_concursos-1.jpg","contentUrl":"https:\/\/dhg1h5j42swfq.cloudfront.net\/2025\/06\/03203428\/logo_concursos-1.jpg","width":230,"height":60,"caption":"Estrat\u00e9gia Concursos"},"image":{"@id":"https:\/\/www.estrategiaconcursos.com.br\/blog\/#\/schema\/logo\/image\/"},"sameAs":["https:\/\/x.com\/EstratConcursos"]},{"@type":"Person","@id":"https:\/\/www.estrategiaconcursos.com.br\/blog\/#\/schema\/person\/cdad40b5818eb228a838461fcd656da7","name":"Coordena\u00e7\u00e3o","image":{"@type":"ImageObject","inLanguage":"pt-BR","@id":"https:\/\/secure.gravatar.com\/avatar\/a413b22da0f5009c634f6c4586a2dbe5207074fd5becd88db5183b8069ef25e4?s=96&d=mm&r=g","url":"https:\/\/secure.gravatar.com\/avatar\/a413b22da0f5009c634f6c4586a2dbe5207074fd5becd88db5183b8069ef25e4?s=96&d=mm&r=g","contentUrl":"https:\/\/secure.gravatar.com\/avatar\/a413b22da0f5009c634f6c4586a2dbe5207074fd5becd88db5183b8069ef25e4?s=96&d=mm&r=g","caption":"Coordena\u00e7\u00e3o"},"url":"https:\/\/www.estrategiaconcursos.com.br\/blog\/author\/contatoestrategiaconcursos-com-br\/"}]}},"_links":{"self":[{"href":"https:\/\/www.estrategiaconcursos.com.br\/blog\/wp-json\/wp\/v2\/posts\/762614","targetHints":{"allow":["GET"]}}],"collection":[{"href":"https:\/\/www.estrategiaconcursos.com.br\/blog\/wp-json\/wp\/v2\/posts"}],"about":[{"href":"https:\/\/www.estrategiaconcursos.com.br\/blog\/wp-json\/wp\/v2\/types\/post"}],"author":[{"embeddable":true,"href":"https:\/\/www.estrategiaconcursos.com.br\/blog\/wp-json\/wp\/v2\/users\/48"}],"replies":[{"embeddable":true,"href":"https:\/\/www.estrategiaconcursos.com.br\/blog\/wp-json\/wp\/v2\/comments?post=762614"}],"version-history":[{"count":11,"href":"https:\/\/www.estrategiaconcursos.com.br\/blog\/wp-json\/wp\/v2\/posts\/762614\/revisions"}],"predecessor-version":[{"id":764957,"href":"https:\/\/www.estrategiaconcursos.com.br\/blog\/wp-json\/wp\/v2\/posts\/762614\/revisions\/764957"}],"wp:featuredmedia":[{"embeddable":true,"href":"https:\/\/www.estrategiaconcursos.com.br\/blog\/wp-json\/wp\/v2\/media\/698522"}],"wp:attachment":[{"href":"https:\/\/www.estrategiaconcursos.com.br\/blog\/wp-json\/wp\/v2\/media?parent=762614"}],"wp:term":[{"taxonomy":"category","embeddable":true,"href":"https:\/\/www.estrategiaconcursos.com.br\/blog\/wp-json\/wp\/v2\/categories?post=762614"},{"taxonomy":"post_tag","embeddable":true,"href":"https:\/\/www.estrategiaconcursos.com.br\/blog\/wp-json\/wp\/v2\/tags?post=762614"},{"taxonomy":"tax_estado","embeddable":true,"href":"https:\/\/www.estrategiaconcursos.com.br\/blog\/wp-json\/wp\/v2\/tax_estado?post=762614"}],"curies":[{"name":"wp","href":"https:\/\/api.w.org\/{rel}","templated":true}]}}