{"id":76205,"date":"2017-06-01T19:54:28","date_gmt":"2017-06-01T22:54:28","guid":{"rendered":"https:\/\/www.estrategiaconcursos.com.br\/blog\/?p=76205"},"modified":"2017-06-02T13:51:42","modified_gmt":"2017-06-02T16:51:42","slug":"entrevista-em-video-carolina-dias-1a-colocada-no-concurso-trf-2-ajaa","status":"publish","type":"post","link":"https:\/\/www.estrategiaconcursos.com.br\/blog\/entrevista-em-video-carolina-dias-1a-colocada-no-concurso-trf-2-ajaa\/","title":{"rendered":"ENTREVISTA EM V\u00cdDEO: Carolina Dias &#8211; 1\u00aa colocada no concurso TRF 2 (AJAA)"},"content":{"rendered":"<p style=\"text-align: center;\">\n\t<strong><em><span style=\"color:#000000;\">&quot;A mensagem que quero deixar &eacute; uma mensagem de esperan&ccedil;a, de boas energias! Quando estamos sentados ali, todos os dias, estudando, sabemos&nbsp;que n&atilde;o ser&aacute;&nbsp;f&aacute;cil. Mas a cada dia que passa a gente fica mais pertinho da nossa aprova&ccedil;&atilde;o. Acho que faltava algu&eacute;m dizer isso pra mim, que cada dia era um degrauzinho que eu estava subindo. Com dedica&ccedil;&atilde;o, com seu esfor&ccedil;o verdadeiro, o dia da sua aprova&ccedil;&atilde;o tamb&eacute;m vai chegar!&quot;<\/span><\/em><\/strong>\n<\/p>\n<p style=\"text-align: justify;\">\n\t<span style=\"color:#000000;\">Na &uacute;ltima quarta-feira, dia 31 de maio, a convite do Estrat&eacute;gia Concursos, a aluna&nbsp;Carolina Gon&ccedil;alves Dias veio at&eacute; Bras&iacute;lia para conhecer nossa&nbsp;sede. E eu, &eacute; claro, n&atilde;o poderia deixar de aproveitar a oportunidade para entrevista-la. Uma mineirinha simples, humilde e super simp&aacute;tica, com um sorriso capaz de contagiar todos que est&atilde;o em volta. Uma pessoa que com seu esfor&ccedil;o e muita dedica&ccedil;&atilde;o, conseguiu ser aprovada em primeiro lugar no concurso do Tribunal Regional Federal da 2&ordf; Regi&atilde;o, para o cargo de Analista Judici&aacute;rio\/&Aacute;rea Administrativa.<\/span>\n<\/p>\n<p style=\"text-align: justify;\">\n\t<span style=\"color:#000000;\">Formada em Biomedicina e com apenas 25 anos, Carolina viu nos concursos&nbsp;a oportunidade de conseguir estabilidade e uma boa remunera&ccedil;&atilde;o. Mas conhecendo melhor as carreiras, acabou se apaixonando pela ideia&nbsp;de se tornar uma&nbsp;servidora&nbsp;p&uacute;blica. E, mesmo tendo garantido sua vaga em um Tribunal, deseja seguir em frente estudando at&eacute; se tornar uma Auditora Fiscal do Trabalho.&nbsp;<\/span>\n<\/p>\n<p style=\"text-align: justify;\">\n\t<span style=\"color:#000000;\">Confira nossa entrevista:<\/span>\n<\/p>\n<p style=\"text-align: justify;\">\n\t<div class=\"lyte-wrapper\" style=\"width:853px;max-width:100%;margin:5px;\"><div class=\"lyMe\" id=\"WYL_MrQX9Xis59I\"><div id=\"lyte_MrQX9Xis59I\" data-src=\"\/\/i.ytimg.com\/vi\/MrQX9Xis59I\/hqdefault.jpg\" class=\"pL\"><div class=\"tC\"><div class=\"tT\"><\/div><\/div><div class=\"play\"><\/div><div class=\"ctrl\"><div class=\"Lctrl\"><\/div><div class=\"Rctrl\"><\/div><\/div><\/div><noscript><a href=\"https:\/\/youtu.be\/MrQX9Xis59I\" rel=\"nofollow\"><img loading=\"lazy\" decoding=\"async\" src=\"https:\/\/i.ytimg.com\/vi\/MrQX9Xis59I\/0.jpg\" alt=\"YouTube video thumbnail\" width=\"853\" height=\"460\" \/><br \/>Assista a este v\u00eddeo no YouTube<\/a><\/noscript><\/div><\/div><div class=\"lL\" style=\"max-width:100%;width:853px;margin:5px;\"><\/div>\n<\/p>\n<p style=\"text-align: justify;\">\n\t<span style=\"color:#000000;\">Outras entrevistas em:<\/span>\n<\/p>\n<p>\n\t<a href=\"https:\/\/www.estrategiaconcursos.com.br\/depoimentos\/\" target=\"_blank\">Depoimentos de Aprovados<\/a><br \/>\n\t<a href=\"https:\/\/www.estrategiaconcursos.com.br\/cursos\/concurso\" target=\"_blank\">Cursos Online para Concursos<\/a>\n<\/p>\n<p>\n\t<span style=\"color:#000000;\">Tha&iacute;s Mendes<\/span>\n<\/p>\n<p>\n\t<span style=\"color:#000000;\">comunicacao@estrategiaconcursos.com.br<\/span><\/p>\n","protected":false},"excerpt":{"rendered":"<p>&quot;A mensagem que quero deixar &eacute; uma mensagem de esperan&ccedil;a, de boas energias! Quando estamos sentados ali, todos os dias, estudando, sabemos&nbsp;que n&atilde;o ser&aacute;&nbsp;f&aacute;cil. Mas a cada dia que passa a gente fica mais pertinho da nossa aprova&ccedil;&atilde;o. Acho que faltava algu&eacute;m dizer isso pra mim, que cada dia era um degrauzinho que eu estava [&hellip;]<\/p>\n","protected":false},"author":1,"featured_media":76207,"comment_status":"open","ping_status":"open","sticky":false,"template":"","format":"standard","meta":{"post_tipo":"news","footnotes":""},"categories":[1],"tags":[2289,1294],"tax_estado":[],"class_list":["post-76205","post","type-post","status-publish","format-standard","has-post-thumbnail","hentry","category-cursos-e-concursos","tag-entrevista-com-aprovado","tag-trf-2"],"acf":[],"yoast_head":"<!-- This site is optimized with the Yoast SEO Premium plugin v27.2 (Yoast SEO v27.2) - https:\/\/yoast.com\/product\/yoast-seo-premium-wordpress\/ -->\n<title>Entrevista: Carolina Dias - 1\u00aa colocada no concurso TRF 2 (AJAA)<\/title>\n<meta name=\"description\" content=\"Confira nossa entrevista com Carolina Gon\u00e7alves Dias, aprovada em primeiro lugar no concurso do Tribunal Regional Federal da 2 Regi\u00e3o - AJAA\" \/>\n<meta name=\"robots\" content=\"index, follow, max-snippet:-1, max-image-preview:large, max-video-preview:-1\" \/>\n<link rel=\"canonical\" href=\"https:\/\/www.estrategiaconcursos.com.br\/blog\/entrevista-em-video-carolina-dias-1a-colocada-no-concurso-trf-2-ajaa\/\" \/>\n<meta property=\"og:locale\" content=\"pt_BR\" \/>\n<meta property=\"og:type\" content=\"article\" \/>\n<meta property=\"og:title\" content=\"ENTREVISTA EM V\u00cdDEO: Carolina Dias - 1\u00aa colocada no concurso TRF 2 (AJAA)\" \/>\n<meta property=\"og:description\" content=\"Confira nossa entrevista com Carolina Gon\u00e7alves Dias, aprovada em primeiro lugar no concurso do Tribunal Regional Federal da 2 Regi\u00e3o - AJAA\" \/>\n<meta property=\"og:url\" content=\"https:\/\/www.estrategiaconcursos.com.br\/blog\/entrevista-em-video-carolina-dias-1a-colocada-no-concurso-trf-2-ajaa\/\" \/>\n<meta property=\"og:site_name\" content=\"Estrat\u00e9gia Concursos\" \/>\n<meta property=\"article:author\" content=\"https:\/\/www.facebook.com\/EstrategiaConcursos\" \/>\n<meta property=\"article:published_time\" content=\"2017-06-01T22:54:28+00:00\" \/>\n<meta property=\"article:modified_time\" content=\"2017-06-02T16:51:42+00:00\" \/>\n<meta property=\"og:image\" content=\"https:\/\/dhg1h5j42swfq.cloudfront.net\/2017\/06\/01192028\/Entrevista-aprovada-TRF-2.jpg\" \/>\n\t<meta property=\"og:image:width\" content=\"642\" \/>\n\t<meta property=\"og:image:height\" content=\"364\" \/>\n\t<meta property=\"og:image:type\" content=\"image\/jpeg\" \/>\n<meta name=\"author\" content=\"Coordena\u00e7\u00e3o\" \/>\n<meta name=\"twitter:card\" content=\"summary_large_image\" \/>\n<meta name=\"twitter:creator\" content=\"@EstratConcursos\" \/>\n<meta name=\"twitter:site\" content=\"@EstratConcursos\" \/>\n<meta name=\"twitter:label1\" content=\"Escrito por\" \/>\n\t<meta name=\"twitter:data1\" content=\"Coordena\u00e7\u00e3o\" \/>\n\t<meta name=\"twitter:label2\" content=\"Est. tempo de leitura\" \/>\n\t<meta name=\"twitter:data2\" content=\"2 minutos\" \/>\n<script type=\"application\/ld+json\" class=\"yoast-schema-graph\">{\"@context\":\"https:\/\/schema.org\",\"@graph\":[{\"@type\":\"NewsArticle\",\"@id\":\"https:\/\/www.estrategiaconcursos.com.br\/blog\/entrevista-em-video-carolina-dias-1a-colocada-no-concurso-trf-2-ajaa\/#article\",\"isPartOf\":{\"@id\":\"https:\/\/www.estrategiaconcursos.com.br\/blog\/entrevista-em-video-carolina-dias-1a-colocada-no-concurso-trf-2-ajaa\/\"},\"author\":{\"name\":\"Coordena\u00e7\u00e3o\",\"@id\":\"https:\/\/www.estrategiaconcursos.com.br\/blog\/#\/schema\/person\/b4a388c97673c5f483d72185668afa1f\"},\"headline\":\"ENTREVISTA EM V\u00cdDEO: Carolina Dias &#8211; 1\u00aa colocada no concurso TRF 2 (AJAA)\",\"datePublished\":\"2017-06-01T22:54:28+00:00\",\"dateModified\":\"2017-06-02T16:51:42+00:00\",\"mainEntityOfPage\":{\"@id\":\"https:\/\/www.estrategiaconcursos.com.br\/blog\/entrevista-em-video-carolina-dias-1a-colocada-no-concurso-trf-2-ajaa\/\"},\"wordCount\":321,\"commentCount\":4,\"publisher\":{\"@id\":\"https:\/\/www.estrategiaconcursos.com.br\/blog\/#organization\"},\"image\":{\"@id\":\"https:\/\/www.estrategiaconcursos.com.br\/blog\/entrevista-em-video-carolina-dias-1a-colocada-no-concurso-trf-2-ajaa\/#primaryimage\"},\"thumbnailUrl\":\"https:\/\/dhg1h5j42swfq.cloudfront.net\/2017\/06\/01192028\/Entrevista-aprovada-TRF-2.jpg\",\"keywords\":[\"Entrevista com aprovado\",\"TRF 2\"],\"articleSection\":[\"Concursos P\u00fablicos\"],\"inLanguage\":\"pt-BR\",\"potentialAction\":[{\"@type\":\"CommentAction\",\"name\":\"Comment\",\"target\":[\"https:\/\/www.estrategiaconcursos.com.br\/blog\/entrevista-em-video-carolina-dias-1a-colocada-no-concurso-trf-2-ajaa\/#respond\"]}],\"copyrightYear\":\"2017\",\"copyrightHolder\":{\"@id\":\"https:\/\/www.estrategiaconcursos.com.br\/blog\/#organization\"}},{\"@type\":\"WebPage\",\"@id\":\"https:\/\/www.estrategiaconcursos.com.br\/blog\/entrevista-em-video-carolina-dias-1a-colocada-no-concurso-trf-2-ajaa\/\",\"url\":\"https:\/\/www.estrategiaconcursos.com.br\/blog\/entrevista-em-video-carolina-dias-1a-colocada-no-concurso-trf-2-ajaa\/\",\"name\":\"Entrevista: Carolina Dias - 1\u00aa colocada no concurso TRF 2 (AJAA)\",\"isPartOf\":{\"@id\":\"https:\/\/www.estrategiaconcursos.com.br\/blog\/#website\"},\"primaryImageOfPage\":{\"@id\":\"https:\/\/www.estrategiaconcursos.com.br\/blog\/entrevista-em-video-carolina-dias-1a-colocada-no-concurso-trf-2-ajaa\/#primaryimage\"},\"image\":{\"@id\":\"https:\/\/www.estrategiaconcursos.com.br\/blog\/entrevista-em-video-carolina-dias-1a-colocada-no-concurso-trf-2-ajaa\/#primaryimage\"},\"thumbnailUrl\":\"https:\/\/dhg1h5j42swfq.cloudfront.net\/2017\/06\/01192028\/Entrevista-aprovada-TRF-2.jpg\",\"datePublished\":\"2017-06-01T22:54:28+00:00\",\"dateModified\":\"2017-06-02T16:51:42+00:00\",\"description\":\"Confira nossa entrevista com Carolina Gon\u00e7alves Dias, aprovada em primeiro lugar no concurso do Tribunal Regional Federal da 2 Regi\u00e3o - AJAA\",\"breadcrumb\":{\"@id\":\"https:\/\/www.estrategiaconcursos.com.br\/blog\/entrevista-em-video-carolina-dias-1a-colocada-no-concurso-trf-2-ajaa\/#breadcrumb\"},\"inLanguage\":\"pt-BR\",\"potentialAction\":[{\"@type\":\"ReadAction\",\"target\":[\"https:\/\/www.estrategiaconcursos.com.br\/blog\/entrevista-em-video-carolina-dias-1a-colocada-no-concurso-trf-2-ajaa\/\"]}]},{\"@type\":\"ImageObject\",\"inLanguage\":\"pt-BR\",\"@id\":\"https:\/\/www.estrategiaconcursos.com.br\/blog\/entrevista-em-video-carolina-dias-1a-colocada-no-concurso-trf-2-ajaa\/#primaryimage\",\"url\":\"https:\/\/dhg1h5j42swfq.cloudfront.net\/2017\/06\/01192028\/Entrevista-aprovada-TRF-2.jpg\",\"contentUrl\":\"https:\/\/dhg1h5j42swfq.cloudfront.net\/2017\/06\/01192028\/Entrevista-aprovada-TRF-2.jpg\",\"width\":642,\"height\":364},{\"@type\":\"BreadcrumbList\",\"@id\":\"https:\/\/www.estrategiaconcursos.com.br\/blog\/entrevista-em-video-carolina-dias-1a-colocada-no-concurso-trf-2-ajaa\/#breadcrumb\",\"itemListElement\":[{\"@type\":\"ListItem\",\"position\":1,\"name\":\"In\u00edcio\",\"item\":\"https:\/\/www.estrategiaconcursos.com.br\/blog\/\"},{\"@type\":\"ListItem\",\"position\":2,\"name\":\"ENTREVISTA EM V\u00cdDEO: Carolina Dias &#8211; 1\u00aa colocada no concurso TRF 2 (AJAA)\"}]},{\"@type\":\"WebSite\",\"@id\":\"https:\/\/www.estrategiaconcursos.com.br\/blog\/#website\",\"url\":\"https:\/\/www.estrategiaconcursos.com.br\/blog\/\",\"name\":\"Estrat\u00e9gia Concursos\",\"description\":\"O blog da Estrat\u00e9gia Concursos traz not\u00edcias sobre concursos e artigos de professores oferecendo cursos para concursos (pdf + videaulas) no site.\",\"publisher\":{\"@id\":\"https:\/\/www.estrategiaconcursos.com.br\/blog\/#organization\"},\"potentialAction\":[{\"@type\":\"SearchAction\",\"target\":{\"@type\":\"EntryPoint\",\"urlTemplate\":\"https:\/\/www.estrategiaconcursos.com.br\/blog\/?s={search_term_string}\"},\"query-input\":{\"@type\":\"PropertyValueSpecification\",\"valueRequired\":true,\"valueName\":\"search_term_string\"}}],\"inLanguage\":\"pt-BR\"},{\"@type\":\"Organization\",\"@id\":\"https:\/\/www.estrategiaconcursos.com.br\/blog\/#organization\",\"name\":\"Estrat\u00e9gia Concursos\",\"url\":\"https:\/\/www.estrategiaconcursos.com.br\/blog\/\",\"logo\":{\"@type\":\"ImageObject\",\"inLanguage\":\"pt-BR\",\"@id\":\"https:\/\/www.estrategiaconcursos.com.br\/blog\/#\/schema\/logo\/image\/\",\"url\":\"https:\/\/dhg1h5j42swfq.cloudfront.net\/2025\/06\/03203428\/logo_concursos-1.jpg\",\"contentUrl\":\"https:\/\/dhg1h5j42swfq.cloudfront.net\/2025\/06\/03203428\/logo_concursos-1.jpg\",\"width\":230,\"height\":60,\"caption\":\"Estrat\u00e9gia Concursos\"},\"image\":{\"@id\":\"https:\/\/www.estrategiaconcursos.com.br\/blog\/#\/schema\/logo\/image\/\"},\"sameAs\":[\"https:\/\/x.com\/EstratConcursos\"]},{\"@type\":\"Person\",\"@id\":\"https:\/\/www.estrategiaconcursos.com.br\/blog\/#\/schema\/person\/b4a388c97673c5f483d72185668afa1f\",\"name\":\"Coordena\u00e7\u00e3o\",\"image\":{\"@type\":\"ImageObject\",\"inLanguage\":\"pt-BR\",\"@id\":\"https:\/\/secure.gravatar.com\/avatar\/b720319e4c9a967eb58678d110f4fe35452fc5d5f97b202bac7b8acceb18c6ad?s=96&d=mm&r=g\",\"url\":\"https:\/\/secure.gravatar.com\/avatar\/b720319e4c9a967eb58678d110f4fe35452fc5d5f97b202bac7b8acceb18c6ad?s=96&d=mm&r=g\",\"contentUrl\":\"https:\/\/secure.gravatar.com\/avatar\/b720319e4c9a967eb58678d110f4fe35452fc5d5f97b202bac7b8acceb18c6ad?s=96&d=mm&r=g\",\"caption\":\"Coordena\u00e7\u00e3o\"},\"sameAs\":[\"https:\/\/www.facebook.com\/EstrategiaConcursos\",\"https:\/\/x.com\/EstratConcursos\"],\"url\":\"https:\/\/www.estrategiaconcursos.com.br\/blog\/author\/estrategia2013\/\"}]}<\/script>\n<!-- \/ Yoast SEO Premium plugin. -->","yoast_head_json":{"title":"Entrevista: Carolina Dias - 1\u00aa colocada no concurso TRF 2 (AJAA)","description":"Confira nossa entrevista com Carolina Gon\u00e7alves Dias, aprovada em primeiro lugar no concurso do Tribunal Regional Federal da 2 Regi\u00e3o - AJAA","robots":{"index":"index","follow":"follow","max-snippet":"max-snippet:-1","max-image-preview":"max-image-preview:large","max-video-preview":"max-video-preview:-1"},"canonical":"https:\/\/www.estrategiaconcursos.com.br\/blog\/entrevista-em-video-carolina-dias-1a-colocada-no-concurso-trf-2-ajaa\/","og_locale":"pt_BR","og_type":"article","og_title":"ENTREVISTA EM V\u00cdDEO: Carolina Dias - 1\u00aa colocada no concurso TRF 2 (AJAA)","og_description":"Confira nossa entrevista com Carolina Gon\u00e7alves Dias, aprovada em primeiro lugar no concurso do Tribunal Regional Federal da 2 Regi\u00e3o - AJAA","og_url":"https:\/\/www.estrategiaconcursos.com.br\/blog\/entrevista-em-video-carolina-dias-1a-colocada-no-concurso-trf-2-ajaa\/","og_site_name":"Estrat\u00e9gia Concursos","article_author":"https:\/\/www.facebook.com\/EstrategiaConcursos","article_published_time":"2017-06-01T22:54:28+00:00","article_modified_time":"2017-06-02T16:51:42+00:00","og_image":[{"width":642,"height":364,"url":"https:\/\/dhg1h5j42swfq.cloudfront.net\/2017\/06\/01192028\/Entrevista-aprovada-TRF-2.jpg","type":"image\/jpeg"}],"author":"Coordena\u00e7\u00e3o","twitter_card":"summary_large_image","twitter_creator":"@EstratConcursos","twitter_site":"@EstratConcursos","twitter_misc":{"Escrito por":"Coordena\u00e7\u00e3o","Est. tempo de leitura":"2 minutos"},"schema":{"@context":"https:\/\/schema.org","@graph":[{"@type":"NewsArticle","@id":"https:\/\/www.estrategiaconcursos.com.br\/blog\/entrevista-em-video-carolina-dias-1a-colocada-no-concurso-trf-2-ajaa\/#article","isPartOf":{"@id":"https:\/\/www.estrategiaconcursos.com.br\/blog\/entrevista-em-video-carolina-dias-1a-colocada-no-concurso-trf-2-ajaa\/"},"author":{"name":"Coordena\u00e7\u00e3o","@id":"https:\/\/www.estrategiaconcursos.com.br\/blog\/#\/schema\/person\/b4a388c97673c5f483d72185668afa1f"},"headline":"ENTREVISTA EM V\u00cdDEO: Carolina Dias &#8211; 1\u00aa colocada no concurso TRF 2 (AJAA)","datePublished":"2017-06-01T22:54:28+00:00","dateModified":"2017-06-02T16:51:42+00:00","mainEntityOfPage":{"@id":"https:\/\/www.estrategiaconcursos.com.br\/blog\/entrevista-em-video-carolina-dias-1a-colocada-no-concurso-trf-2-ajaa\/"},"wordCount":321,"commentCount":4,"publisher":{"@id":"https:\/\/www.estrategiaconcursos.com.br\/blog\/#organization"},"image":{"@id":"https:\/\/www.estrategiaconcursos.com.br\/blog\/entrevista-em-video-carolina-dias-1a-colocada-no-concurso-trf-2-ajaa\/#primaryimage"},"thumbnailUrl":"https:\/\/dhg1h5j42swfq.cloudfront.net\/2017\/06\/01192028\/Entrevista-aprovada-TRF-2.jpg","keywords":["Entrevista com aprovado","TRF 2"],"articleSection":["Concursos P\u00fablicos"],"inLanguage":"pt-BR","potentialAction":[{"@type":"CommentAction","name":"Comment","target":["https:\/\/www.estrategiaconcursos.com.br\/blog\/entrevista-em-video-carolina-dias-1a-colocada-no-concurso-trf-2-ajaa\/#respond"]}],"copyrightYear":"2017","copyrightHolder":{"@id":"https:\/\/www.estrategiaconcursos.com.br\/blog\/#organization"}},{"@type":"WebPage","@id":"https:\/\/www.estrategiaconcursos.com.br\/blog\/entrevista-em-video-carolina-dias-1a-colocada-no-concurso-trf-2-ajaa\/","url":"https:\/\/www.estrategiaconcursos.com.br\/blog\/entrevista-em-video-carolina-dias-1a-colocada-no-concurso-trf-2-ajaa\/","name":"Entrevista: Carolina Dias - 1\u00aa colocada no concurso TRF 2 (AJAA)","isPartOf":{"@id":"https:\/\/www.estrategiaconcursos.com.br\/blog\/#website"},"primaryImageOfPage":{"@id":"https:\/\/www.estrategiaconcursos.com.br\/blog\/entrevista-em-video-carolina-dias-1a-colocada-no-concurso-trf-2-ajaa\/#primaryimage"},"image":{"@id":"https:\/\/www.estrategiaconcursos.com.br\/blog\/entrevista-em-video-carolina-dias-1a-colocada-no-concurso-trf-2-ajaa\/#primaryimage"},"thumbnailUrl":"https:\/\/dhg1h5j42swfq.cloudfront.net\/2017\/06\/01192028\/Entrevista-aprovada-TRF-2.jpg","datePublished":"2017-06-01T22:54:28+00:00","dateModified":"2017-06-02T16:51:42+00:00","description":"Confira nossa entrevista com Carolina Gon\u00e7alves Dias, aprovada em primeiro lugar no concurso do Tribunal Regional Federal da 2 Regi\u00e3o - AJAA","breadcrumb":{"@id":"https:\/\/www.estrategiaconcursos.com.br\/blog\/entrevista-em-video-carolina-dias-1a-colocada-no-concurso-trf-2-ajaa\/#breadcrumb"},"inLanguage":"pt-BR","potentialAction":[{"@type":"ReadAction","target":["https:\/\/www.estrategiaconcursos.com.br\/blog\/entrevista-em-video-carolina-dias-1a-colocada-no-concurso-trf-2-ajaa\/"]}]},{"@type":"ImageObject","inLanguage":"pt-BR","@id":"https:\/\/www.estrategiaconcursos.com.br\/blog\/entrevista-em-video-carolina-dias-1a-colocada-no-concurso-trf-2-ajaa\/#primaryimage","url":"https:\/\/dhg1h5j42swfq.cloudfront.net\/2017\/06\/01192028\/Entrevista-aprovada-TRF-2.jpg","contentUrl":"https:\/\/dhg1h5j42swfq.cloudfront.net\/2017\/06\/01192028\/Entrevista-aprovada-TRF-2.jpg","width":642,"height":364},{"@type":"BreadcrumbList","@id":"https:\/\/www.estrategiaconcursos.com.br\/blog\/entrevista-em-video-carolina-dias-1a-colocada-no-concurso-trf-2-ajaa\/#breadcrumb","itemListElement":[{"@type":"ListItem","position":1,"name":"In\u00edcio","item":"https:\/\/www.estrategiaconcursos.com.br\/blog\/"},{"@type":"ListItem","position":2,"name":"ENTREVISTA EM V\u00cdDEO: Carolina Dias &#8211; 1\u00aa colocada no concurso TRF 2 (AJAA)"}]},{"@type":"WebSite","@id":"https:\/\/www.estrategiaconcursos.com.br\/blog\/#website","url":"https:\/\/www.estrategiaconcursos.com.br\/blog\/","name":"Estrat\u00e9gia Concursos","description":"O blog da Estrat\u00e9gia Concursos traz not\u00edcias sobre concursos e artigos de professores oferecendo cursos para concursos (pdf + videaulas) no site.","publisher":{"@id":"https:\/\/www.estrategiaconcursos.com.br\/blog\/#organization"},"potentialAction":[{"@type":"SearchAction","target":{"@type":"EntryPoint","urlTemplate":"https:\/\/www.estrategiaconcursos.com.br\/blog\/?s={search_term_string}"},"query-input":{"@type":"PropertyValueSpecification","valueRequired":true,"valueName":"search_term_string"}}],"inLanguage":"pt-BR"},{"@type":"Organization","@id":"https:\/\/www.estrategiaconcursos.com.br\/blog\/#organization","name":"Estrat\u00e9gia Concursos","url":"https:\/\/www.estrategiaconcursos.com.br\/blog\/","logo":{"@type":"ImageObject","inLanguage":"pt-BR","@id":"https:\/\/www.estrategiaconcursos.com.br\/blog\/#\/schema\/logo\/image\/","url":"https:\/\/dhg1h5j42swfq.cloudfront.net\/2025\/06\/03203428\/logo_concursos-1.jpg","contentUrl":"https:\/\/dhg1h5j42swfq.cloudfront.net\/2025\/06\/03203428\/logo_concursos-1.jpg","width":230,"height":60,"caption":"Estrat\u00e9gia Concursos"},"image":{"@id":"https:\/\/www.estrategiaconcursos.com.br\/blog\/#\/schema\/logo\/image\/"},"sameAs":["https:\/\/x.com\/EstratConcursos"]},{"@type":"Person","@id":"https:\/\/www.estrategiaconcursos.com.br\/blog\/#\/schema\/person\/b4a388c97673c5f483d72185668afa1f","name":"Coordena\u00e7\u00e3o","image":{"@type":"ImageObject","inLanguage":"pt-BR","@id":"https:\/\/secure.gravatar.com\/avatar\/b720319e4c9a967eb58678d110f4fe35452fc5d5f97b202bac7b8acceb18c6ad?s=96&d=mm&r=g","url":"https:\/\/secure.gravatar.com\/avatar\/b720319e4c9a967eb58678d110f4fe35452fc5d5f97b202bac7b8acceb18c6ad?s=96&d=mm&r=g","contentUrl":"https:\/\/secure.gravatar.com\/avatar\/b720319e4c9a967eb58678d110f4fe35452fc5d5f97b202bac7b8acceb18c6ad?s=96&d=mm&r=g","caption":"Coordena\u00e7\u00e3o"},"sameAs":["https:\/\/www.facebook.com\/EstrategiaConcursos","https:\/\/x.com\/EstratConcursos"],"url":"https:\/\/www.estrategiaconcursos.com.br\/blog\/author\/estrategia2013\/"}]}},"_links":{"self":[{"href":"https:\/\/www.estrategiaconcursos.com.br\/blog\/wp-json\/wp\/v2\/posts\/76205","targetHints":{"allow":["GET"]}}],"collection":[{"href":"https:\/\/www.estrategiaconcursos.com.br\/blog\/wp-json\/wp\/v2\/posts"}],"about":[{"href":"https:\/\/www.estrategiaconcursos.com.br\/blog\/wp-json\/wp\/v2\/types\/post"}],"author":[{"embeddable":true,"href":"https:\/\/www.estrategiaconcursos.com.br\/blog\/wp-json\/wp\/v2\/users\/1"}],"replies":[{"embeddable":true,"href":"https:\/\/www.estrategiaconcursos.com.br\/blog\/wp-json\/wp\/v2\/comments?post=76205"}],"version-history":[{"count":5,"href":"https:\/\/www.estrategiaconcursos.com.br\/blog\/wp-json\/wp\/v2\/posts\/76205\/revisions"}],"predecessor-version":[{"id":76216,"href":"https:\/\/www.estrategiaconcursos.com.br\/blog\/wp-json\/wp\/v2\/posts\/76205\/revisions\/76216"}],"wp:featuredmedia":[{"embeddable":true,"href":"https:\/\/www.estrategiaconcursos.com.br\/blog\/wp-json\/wp\/v2\/media\/76207"}],"wp:attachment":[{"href":"https:\/\/www.estrategiaconcursos.com.br\/blog\/wp-json\/wp\/v2\/media?parent=76205"}],"wp:term":[{"taxonomy":"category","embeddable":true,"href":"https:\/\/www.estrategiaconcursos.com.br\/blog\/wp-json\/wp\/v2\/categories?post=76205"},{"taxonomy":"post_tag","embeddable":true,"href":"https:\/\/www.estrategiaconcursos.com.br\/blog\/wp-json\/wp\/v2\/tags?post=76205"},{"taxonomy":"tax_estado","embeddable":true,"href":"https:\/\/www.estrategiaconcursos.com.br\/blog\/wp-json\/wp\/v2\/tax_estado?post=76205"}],"curies":[{"name":"wp","href":"https:\/\/api.w.org\/{rel}","templated":true}]}}