{"id":758267,"date":"2021-06-09T13:15:00","date_gmt":"2021-06-09T16:15:00","guid":{"rendered":"https:\/\/www.estrategiaconcursos.com.br\/blog\/?p=758267"},"modified":"2021-06-07T14:30:13","modified_gmt":"2021-06-07T17:30:13","slug":"decreto-1-353-r-2004-para-sefaz-es","status":"publish","type":"post","link":"https:\/\/www.estrategiaconcursos.com.br\/blog\/decreto-1-353-r-2004-para-sefaz-es\/","title":{"rendered":"Decreto 1.353-R\/2004 para SEFAZ ES \u2013 Do Conselho"},"content":{"rendered":"\n<p>Ol\u00e1, pessoal. Tudo certo? No artigo de hoje veremos o resumo do Decreto 1.353-R\/2004 para SEFAZ ES.<\/p>\n\n\n\n<p>Basicamente o Decreto instituiu o Regimento Interno do Conselho Estadual de Recursos Fiscais (CERF) da <a href=\"https:\/\/sefaz.es.gov.br\/\">Secretaria de Estado da Fazenda<\/a>.<\/p>\n\n\n\n<div class=\"wp-block-image\"><figure class=\"aligncenter size-large\"><img loading=\"lazy\" decoding=\"async\" width=\"336\" height=\"130\" src=\"https:\/\/dhg1h5j42swfq.cloudfront.net\/2021\/06\/02161702\/image-48.png\" alt=\"Decreto 1.353-R\/2004 para SEFAZ ES \u2013 Do Conselho\" class=\"wp-image-758303\" srcset=\"https:\/\/dhg1h5j42swfq.cloudfront.net\/2021\/06\/02161702\/image-48.png 336w, https:\/\/dhg1h5j42swfq.cloudfront.net\/2021\/06\/02161702\/image-48-300x116.png 300w\" sizes=\"auto, (max-width: 336px) 100vw, 336px\" \/><figcaption>Decreto 1.353-R\/2004 para SEFAZ ES \u2013 Do Conselho<\/figcaption><\/figure><\/div>\n\n\n\n<p>Trata-se de um decreto relativamente grande, assim no artigo de hoje veremos as disposi\u00e7\u00f5es sobre o Conselho.<\/p>\n\n\n\n<p>Vamos l\u00e1.<\/p>\n\n\n\n<h2 class=\"wp-block-heading\">Disposi\u00e7\u00f5es Gerais do Conselho<\/h2>\n\n\n\n<p>Algumas informa\u00e7\u00f5es importantes sobre o <strong><span class=\"has-inline-color has-vivid-cyan-blue-color\">Conselho Estadual de Recursos Fiscais<\/span><span class=\"has-inline-color has-vivid-green-cyan-color\"> <\/span><\/strong>(Art. 1)<\/p>\n\n\n\n<ul class=\"wp-block-list\"><li>\u00d3rg\u00e3o de delibera\u00e7\u00e3o coletiva<\/li><li>N\u00edvel de dire\u00e7\u00e3o superior da estrutura organizacional da SEFAZ<\/li><li>Sede na Capital<\/li><li>Jurisdi\u00e7\u00e3o em todo o territ\u00f3rio do Estado<\/li><\/ul>\n\n\n\n<p>Al\u00e9m disso, conhe\u00e7amos algumas das compet\u00eancias do Conselho.<\/p>\n\n\n\n<p><strong><span class=\"has-inline-color has-vivid-cyan-blue-color\">Compet\u00eancias do Conselho:<\/span><\/strong><\/p>\n\n\n\n<ul class=\"wp-block-list\"><li>I &#8211; julgar em<span class=\"has-inline-color has-vivid-green-cyan-color\"> <strong>\u00faltima inst\u00e2ncia administrativa<\/strong> <\/span>recursos das decis\u00f5es sobre lan\u00e7amento de tributos e penalidades por infra\u00e7\u00e3o \u00e0 legisla\u00e7\u00e3o tribut\u00e1ria;<\/li><li>II &#8211; <strong><span class=\"has-inline-color has-vivid-green-cyan-color\">julgar da peremp\u00e7\u00e3o dos recursos<\/span><\/strong>;<\/li><li>III &#8211; <strong>elaborar o seu<span class=\"has-inline-color has-vivid-green-cyan-color\"> Regimento Interno<\/span><\/strong>, \u201c<strong>ad referendum\u201d do Secret\u00e1rio<\/strong> de Estado da Fazenda, que o <strong>submeter\u00e1<\/strong> ao <strong>Governador<\/strong> do Estado;<\/li><li>VI &#8211; <strong><span class=\"has-inline-color has-vivid-green-cyan-color\">aprovar s\u00famulas<\/span><\/strong>.<\/li><\/ul>\n\n\n\n<p>Apesar de suas compet\u00eancias, \u00e9 <strong><span class=\"has-inline-color has-vivid-purple-color\">vedado ao Conselho deixar de aplicar ato normativo<\/span><\/strong>, <span style=\"text-decoration: underline;\">ainda que sob alega\u00e7\u00e3o de sua ilegalidade ou inconstitucionalidade<\/span> (\u00a74\u00ba).<\/p>\n\n\n\n<h3 class=\"wp-block-heading\">Composi\u00e7\u00e3o e Organiza\u00e7\u00e3o<\/h3>\n\n\n\n<p>Vejamos agora a composi\u00e7\u00e3o e as principais disposi\u00e7\u00f5es da organiza\u00e7\u00e3o do Conselho.<\/p>\n\n\n\n<p><strong><span class=\"has-inline-color has-vivid-cyan-blue-color\">Composi\u00e7\u00e3o do Conselho<\/span><\/strong> (Art. 2):<\/p>\n\n\n\n<ul class=\"wp-block-list\"><li>I &#8211; um <strong><span class=\"has-inline-color has-vivid-green-cyan-color\">presidente<\/span><\/strong>;<\/li><\/ul>\n\n\n\n<ul class=\"wp-block-list\"><li>II &#8211; <span class=\"has-inline-color has-vivid-green-cyan-color\"><strong>12 conselheiros<\/strong> <strong>titulares<\/strong><\/span>, que ser\u00e3o <strong>divididos em duas C\u00e2maras <\/strong>(1\u00aa e 2\u00aa C\u00e2mara), <strong>composta cada uma por:<\/strong><\/li><\/ul>\n\n\n\n<p>a) <strong><span class=\"has-inline-color has-vivid-purple-color\">3 <\/span><\/strong>titulares <span class=\"has-inline-color has-vivid-purple-color\"><strong>representantes<\/strong> <\/span>da Secretaria de Estado da <strong><span class=\"has-inline-color has-vivid-purple-color\">Fazenda<\/span><\/strong>;<br \/>b) <strong><span class=\"has-inline-color has-vivid-purple-color\">3<\/span><\/strong> titulares <span class=\"has-inline-color has-vivid-purple-color\"><strong>representantes<\/strong> <\/span>das entidades de representa\u00e7\u00e3o dos <strong><span class=\"has-inline-color has-vivid-purple-color\">contribuintes<\/span><\/strong>.<\/p>\n\n\n\n<ul class=\"wp-block-list\"><li>III &#8211; <span class=\"has-inline-color has-vivid-green-cyan-color\"><strong>6<\/strong> <strong>conselheiros<\/strong> <strong>suplentes<\/strong><\/span>, que atuar\u00e3o na forma prevista neste Regimento, inclusive <strong>substituindo<\/strong> os conselheiros <strong>titulares<\/strong> de suas representa\u00e7\u00f5es em <strong>qualquer das C\u00e2maras<\/strong>.<\/li><\/ul>\n\n\n\n<p><strong><span class=\"has-inline-color has-vivid-purple-color\">Presidente e os Conselheiros Representantes da Fazenda<\/span><\/strong> (Art. 2, \u00a71\u00ba):<\/p>\n\n\n\n<ul class=\"wp-block-list\"><li>Nomeados pelo Governador<\/li><li><strong>Escolhidos<\/strong>, por proposta do Secret\u00e1rio da Fazenda, dentre os <strong>servidores ativos e <span class=\"has-inline-color has-vivid-red-color\">inativos <\/span>da Pasta<\/strong><\/li><li>Necess\u00e1rio cargo de n\u00edvel superior e versado em assuntos jur\u00eddico-tribut\u00e1rios.<\/li><\/ul>\n\n\n\n<p><strong><span class=\"has-inline-color has-vivid-purple-color\">Conselheiros Representantes dos Contribuintes <\/span><\/strong>(Art. 2, \u00a72\u00ba):<\/p>\n\n\n\n<ul class=\"wp-block-list\"><li>Nomeados pelo Governador do Estado,<\/li><li><strong>Indicados em lista tr\u00edplice pelas Federa\u00e7\u00f5es da Agricultura, do Com\u00e9rcio e da Ind\u00fastria<\/strong><\/li><li>Portadores de t\u00edtulo universit\u00e1rio e versados em assuntos jur\u00eddico-tribut\u00e1rios.<\/li><\/ul>\n\n\n\n<p>Ainda, a<span class=\"has-inline-color has-vivid-green-cyan-color\"> <strong>Fazenda P\u00fablica ser\u00e1 representada<\/strong><\/span> no Conselho por <strong>2 procuradores<\/strong>, e igual n\u00famero de suplentes, integrantes da carreira de Procurador do Estado e designados pelo Procurador Geral do Estado (Art. 3).<\/p>\n\n\n\n<h4 class=\"wp-block-heading\">Do mandato<\/h4>\n\n\n\n<p>Agora, observemos as disposi\u00e7\u00f5es sobre mandato dos conselheiros.<\/p>\n\n\n\n<p><strong><span class=\"has-inline-color has-vivid-cyan-blue-color\">Mandato dos conselheiros<\/span><\/strong> (Art. 2, \u00a73\u00ba): <strong>2 anos<\/strong>, vedada a recondu\u00e7\u00e3o por mais de <strong>3<\/strong> <strong>per\u00edodos<\/strong><\/p>\n\n\n\n<p><strong><span class=\"has-inline-color has-vivid-green-cyan-color\">Suspens\u00e3o por 3 meses<\/span><\/strong> (Art. 5): conselheiro que, na <strong>condi\u00e7\u00e3o de relator<\/strong>, <strong>retiver processo al\u00e9m dos prazos<\/strong> previstos neste Regimento, <strong>salvo<\/strong>:<\/p>\n\n\n\n<p>I &#8211; por <strong><span class=\"has-inline-color has-vivid-purple-color\">motivo de doen\u00e7a<\/span><\/strong>;<br \/>II &#8211; no<span class=\"has-inline-color has-vivid-purple-color\"> <strong>caso de prorroga\u00e7\u00e3o<\/strong> <\/span>do prazo, nos termos do art. 30, par\u00e1grafo \u00fanico.<\/p>\n\n\n\n<p><strong><span class=\"has-inline-color has-luminous-vivid-amber-color\">Obs.:<\/span><\/strong> No <strong>caso de reincid\u00eancia<\/strong>, o conselheiro ser\u00e1 <strong>automaticamente destitu\u00eddo<\/strong> do mandato (Art. 5, \u00a72\u00ba)<\/p>\n\n\n\n<p><span class=\"has-inline-color has-vivid-green-cyan-color\"><strong>Hip\u00f3teses de perda de mandato<\/strong> <\/span>(Art. 6)<\/p>\n\n\n\n<ul class=\"wp-block-list\"><li>I &#8211; <span class=\"has-inline-color has-vivid-purple-color\"><strong>n\u00e3o tomar posse<\/strong> <\/span>no prazo de <strong>30 dias<\/strong>, contados da data da publica\u00e7\u00e3o de sua nomea\u00e7\u00e3o;<\/li><li>II &#8211; <strong><span class=\"has-inline-color has-vivid-purple-color\">renunciar<\/span><\/strong>;<\/li><li>III <span class=\"has-inline-color has-vivid-purple-color\">&#8211; <strong>deixar de comparecer<\/strong><\/span><strong> a 3 sess\u00f5es ordin\u00e1rias consecutivas<\/strong>, ou a<strong> 5 intercaladas<\/strong>, no mesmo exerc\u00edcio, sem motivo justificado;<\/li><li>IV &#8211; <strong>usar<\/strong>, de qualquer forma,<span class=\"has-inline-color has-vivid-purple-color\"> <strong>meios il\u00edcitos para procrastinar o julgamento de processos<\/strong><\/span>, ou que, no exerc\u00edcio do mandato, praticar quaisquer atos de favorecimento;<\/li><li>V &#8211; <strong><span class=\"has-inline-color has-vivid-purple-color\">perder a qualidade de servidor<\/span><\/strong>;<\/li><li>VI &#8211; for <span class=\"has-inline-color has-vivid-purple-color\"><strong>condenado<\/strong> <\/span>\u00e0 pena <strong>administrativa ou judicial.<\/strong><\/li><\/ul>\n\n\n\n<h3 class=\"wp-block-heading\">Da compet\u00eancia do pleno<\/h3>\n\n\n\n<p><strong><span class=\"has-inline-color has-vivid-cyan-blue-color\">Compet\u00eancia do Pleno<\/span><\/strong> (Art. 8)<\/p>\n\n\n\n<ul class=\"wp-block-list\"><li>I &#8211; os <strong><span class=\"has-inline-color has-vivid-green-cyan-color\">recursos volunt\u00e1rios<\/span><\/strong> interpostos contra decis\u00e3o de C\u00e2mara de Julgamento <span style=\"text-decoration: underline;\">que der provimento a recurso de of\u00edcio <\/span>e os <strong><span class=\"has-inline-color has-vivid-green-cyan-color\">recursos de revista<\/span><\/strong>;<\/li><li>II &#8211; <strong><span class=\"has-inline-color has-vivid-green-cyan-color\">aprovar s\u00famulas<\/span><\/strong>.<\/li><\/ul>\n\n\n\n<h3 class=\"wp-block-heading\">Da compet\u00eancia das C\u00e2maras<\/h3>\n\n\n\n<p>Quanto \u00e0 compet\u00eancia das C\u00e2maras, temos que:<\/p>\n\n\n\n<p><strong><span class=\"has-inline-color has-vivid-cyan-blue-color\">Compet\u00eancia das C\u00e2maras<\/span><\/strong> (Art. 9):<\/p>\n\n\n\n<ul class=\"wp-block-list\"><li><strong>julgar<\/strong> os <strong><span class=\"has-inline-color has-vivid-green-cyan-color\">recursos volunt\u00e1rios<\/span><\/strong> interpostos contra decis\u00e3o de 1\u00aa inst\u00e2ncia<\/li><li><strong>julgar <\/strong>os <strong><span class=\"has-inline-color has-vivid-green-cyan-color\">recursos de of\u00edcio<\/span><\/strong><\/li><\/ul>\n\n\n\n<h2 class=\"wp-block-heading\">Atribui\u00e7\u00f5es<\/h2>\n\n\n\n<p>Agora entraremos nas disposi\u00e7\u00f5es sobre as atribui\u00e7\u00f5es.<\/p>\n\n\n\n<ul class=\"wp-block-list\"><li>Do Presidente<\/li><li>Do Vice-Presidente<\/li><li>Dos Conselheiros<\/li><li>Dos Suplentes<\/li><li>Dos Representantes da Fazenda P\u00fablica<\/li><\/ul>\n\n\n\n<h3 class=\"wp-block-heading\">Do Presidente<\/h3>\n\n\n\n<p>Pessoal, o rol de compet\u00eancias do presidente \u00e9 bem extensa, entretanto v\u00e1rias s\u00e3o bem tranquilas, afinal \u00e9 de se esperar que o Presidente presida as sess\u00f5es, represente os conselhos, distribua os processos, requisite dilig\u00eancias entre outras.<\/p>\n\n\n\n<p>Nesse sentido, vejamos algumas que podem causar alguma confus\u00e3o, mas salientamos a import\u00e2ncia da leitura das demais hip\u00f3teses.<\/p>\n\n\n\n<p><strong><span class=\"has-inline-color has-vivid-cyan-blue-color\">Compet\u00eancia do Presidente<\/span><\/strong> (Art. 10)<\/p>\n\n\n\n<ul class=\"wp-block-list\"><li>IX &#8211; <strong><span class=\"has-inline-color has-vivid-green-cyan-color\">convocar os conselheiros e os representantes da Fazenda<\/span><\/strong> P\u00fablica para as sess\u00f5es; <span class=\"has-inline-color has-vivid-purple-color\">-&gt; Da fazenda e n\u00e3o do contribuinte<\/span><\/li><li>XIV &#8211; <strong><span class=\"has-inline-color has-vivid-green-cyan-color\">apreciar pedidos de prefer\u00eancia por julgamento<\/span><\/strong> e requisitar processos quando estiverem na primeira inst\u00e2ncia;<\/li><li>XX <span class=\"has-inline-color has-vivid-green-cyan-color\">&#8211; <strong>designar redator \u201cad hoc\u201d de ac\u00f3rd\u00e3os<\/strong><\/span>, <strong>cujo relator seja voto vencido<\/strong>;<\/li><li>XXV &#8211; <strong><span class=\"has-inline-color has-vivid-green-cyan-color\">expedir instru\u00e7\u00f5es normativas<\/span><\/strong> ou de servi\u00e7o;<\/li><li>XXVIII &#8211;<span class=\"has-inline-color has-vivid-green-cyan-color\"> <strong>dar posse aos conselheiros<\/strong><\/span> e presidir a respectiva cerim\u00f4nia; <span class=\"has-inline-color has-vivid-purple-color\">-&gt; Nomeado pelo Governador e posse pelo presidente<\/span><\/li><li>XXXV &#8211; <strong>proferir<span class=\"has-inline-color has-vivid-green-cyan-color\"> voto de <\/span><span class=\"has-inline-color has-vivid-red-color\">desempate<\/span><\/strong>;<\/li><li>XXXVII &#8211; <span class=\"has-inline-color has-vivid-green-cyan-color\"><strong>baixar os autos \u00e0 primeira inst\u00e2ncia<\/strong> <\/span>quando houver <strong>necessidade de nova decis\u00e3o, intima\u00e7\u00e3o ou ato processual a ser cumprido<span class=\"has-inline-color has-vivid-purple-color\"> <\/span><\/strong><span class=\"has-inline-color has-vivid-purple-color\">-&gt; independe de cientifica\u00e7\u00e3o formal ao sujeito passivo (\u00a74\u00ba)<\/span><\/li><li>XXXVIII &#8211; <strong>determinar o <span class=\"has-inline-color has-vivid-green-cyan-color\">arquivamento do processo<\/span><\/strong> quando reconhecida a <span class=\"has-inline-color has-vivid-purple-color\"><strong>decad\u00eancia<\/strong> <\/span><span style=\"text-decoration: underline;\">ou<\/span> quando a <strong><span class=\"has-inline-color has-vivid-purple-color\">decis\u00e3o <\/span><\/strong><span class=\"has-inline-color has-vivid-red-color\"><strong>definitiva<\/strong> <\/span>tenha sido <span class=\"has-inline-color has-vivid-purple-color\"><strong>inteiramente favor\u00e1vel ao sujeito passivo<\/strong>;<\/span><\/li><li>XXXIX &#8211;<strong><span class=\"has-inline-color has-vivid-green-cyan-color\"> designar os conselheiros e os procuradores<\/span><\/strong> para <strong>comporem <\/strong>as <strong>C\u00e2maras de Julgamento<\/strong>;<\/li><li>XL &#8211; <strong>exercer as <span class=\"has-inline-color has-vivid-green-cyan-color\">demais fun\u00e7\u00f5es<\/span><\/strong> decorrentes das disposi\u00e7\u00f5es legais. <span class=\"has-inline-color has-vivid-purple-color\">-&gt; Rol taxativo<\/span><\/li><\/ul>\n\n\n\n<p>Ainda, quando o representante da Fazenda P\u00fablica for o respons\u00e1vel pelo n\u00e3o cumprimento dos prazos, o fato deve ser comunicado ao Procurador Geral do Estado (Art. 10, \u00a73\u00ba)<\/p>\n\n\n\n<h3 class=\"wp-block-heading\">Do Vice-Presidente<\/h3>\n\n\n\n<p>Sobre o<span class=\"has-inline-color has-vivid-cyan-blue-color\"> <strong>Vice-Presidente<\/strong><\/span><strong> <\/strong>(Art. 11), temos que:<\/p>\n\n\n\n<ul class=\"wp-block-list\"><li><strong><span class=\"has-inline-color has-vivid-green-cyan-color\">Escolha<\/span><\/strong>: eleito pela <strong>maioria simples dos votos dos conselheiros<\/strong>, entre titulares e suplentes, em <strong>escrut\u00ednio secreto.<\/strong><\/li><\/ul>\n\n\n\n<p><strong><span class=\"has-inline-color has-vivid-purple-color\">Empate na vota\u00e7\u00e3o:<\/span> segundo escrut\u00ednio<\/strong> e caso de <strong><span class=\"has-inline-color has-luminous-vivid-amber-color\">novo empate<\/span>, <\/strong>a escolha ser\u00e1 por <strong>sorteio<\/strong>.<\/p>\n\n\n\n<ul class=\"wp-block-list\"><li><strong><span class=\"has-inline-color has-vivid-green-cyan-color\">Mandato<\/span>: <\/strong>Mesmo prazo do conselheiro eleito<\/li><\/ul>\n\n\n\n<p><strong><span class=\"has-inline-color has-cyan-bluish-gray-color\">N\u00e3o confunda:<\/span><\/strong><\/p>\n\n\n\n<ul class=\"wp-block-list\"><li><span class=\"has-inline-color has-vivid-purple-color\"><strong>Presidente<\/strong> <\/span>-&gt; <strong>Escolhido<\/strong>, por proposta do Secret\u00e1rio da Fazenda, dentre os servidores ativos e inativos da Pasta<\/li><li><span class=\"has-inline-color has-vivid-purple-color\"><strong>Vice<\/strong> <\/span>-&gt; <strong>Eleito <\/strong>pelos conselheiros<\/li><\/ul>\n\n\n\n<p>Agora, conhe\u00e7amos as compet\u00eancias do vice-presidente<\/p>\n\n\n\n<p><strong><span class=\"has-inline-color has-vivid-cyan-blue-color\">Compet\u00eancia do vice-presidente<\/span><\/strong> (Art. 12):&nbsp;<\/p>\n\n\n\n<ul class=\"wp-block-list\"><li>I &#8211; <strong>assumir<\/strong> a presid\u00eancia em caso de <strong>vac\u00e2ncia<\/strong> do cargo de <strong>presidente<\/strong>;<\/li><li>II &#8211; <strong>substituir<\/strong> o <strong>presidente<\/strong> em suas <strong>faltas ocasionais<\/strong>, em f\u00e9rias, licen\u00e7a ou impedimentos, exercendo todas as suas fun\u00e7\u00f5es e atribui\u00e7\u00f5es;<\/li><li>III <span class=\"has-inline-color has-vivid-green-cyan-color\">&#8211; <strong>relatar suspei\u00e7\u00e3o oposta ao presidente<\/strong><\/span>.<\/li><\/ul>\n\n\n\n<p>Vimos basicamente que o Vice substituir\u00e1 o Presidente no caso de alguma aus\u00eancia. Entretanto, o que ocorrer\u00e1 se ambos estiverem ausentes?<\/p>\n\n\n\n<p><strong><span class=\"has-inline-color has-vivid-purple-color\">Faltas ou impedimentos concomitantes do presidente e do vice <\/span><\/strong>(Art. 12, \u00a71\u00ba): A <strong>presid\u00eancia ser\u00e1 exercida<\/strong>, em car\u00e1ter de substitui\u00e7\u00e3o, pelo <strong>conselheiro mais antigo<\/strong>, assim considerado aquele que <span style=\"text-decoration: underline;\">tenha mais tempo de posse no Conselho,<\/span> e, entre os de igual antiguidade, pelo mais idoso.<\/p>\n\n\n\n<p>Percebe-se que o vice \u00e9 um dos conselhos, nesse sentido o exerc\u00edcio da presid\u00eancia <strong>n\u00e3o impede que o conselheiro seja contemplado na distribui\u00e7\u00e3o de processos<\/strong> (Art. 12, \u00a72\u00ba), mas ficar\u00e1 <strong>impedido de proferir voto nos julgamentos<\/strong>, exceto o de desempate (Art. 12, \u00a73\u00ba),<\/p>\n\n\n\n<h3 class=\"wp-block-heading\">Dos Conselheiros<\/h3>\n\n\n\n<p>Agora, adentremos em algumas das compet\u00eancias do conselheiro.<\/p>\n\n\n\n<p><strong><span class=\"has-inline-color has-vivid-cyan-blue-color\">Compet\u00eancia do conselheiro<\/span><\/strong> (Art. 13):<\/p>\n\n\n\n<ul class=\"wp-block-list\"><li>I &#8211; <strong><span class=\"has-inline-color has-vivid-green-cyan-color\">relatar os processos<\/span><\/strong> que lhes forem distribu\u00eddos na forma do art. 32;<\/li><li>II &#8211; <strong><span class=\"has-inline-color has-vivid-green-cyan-color\">proferir voto<\/span><\/strong> nos julgamentos;<\/li><li>IV &#8211; <strong><span class=\"has-inline-color has-vivid-green-cyan-color\">solicitar vista de processos<\/span><\/strong>, <strong>com<\/strong> <strong>adiamento do julgamento<\/strong> para exame e apresenta\u00e7\u00e3o de voto em separado<span class=\"has-inline-color has-vivid-purple-color\"> -&gt; Quem determina o prosseguimento do julgamento dos processos objeto de pedido de vista \u00e9 o Presidente (Art. 10, XVII)<\/span><\/li><li>VI &#8211; <strong><span class=\"has-inline-color has-vivid-green-cyan-color\">comunicar <\/span>ao presidente<\/strong>, com <strong>anteced\u00eancia<\/strong> m\u00ednima de <strong>24 horas<\/strong>, a <span class=\"has-inline-color has-vivid-green-cyan-color\"><strong>impossibilidade de comparecimento<\/strong> <\/span>\u00e0s sess\u00f5es;<\/li><\/ul>\n\n\n\n<p>Ainda, temos a figura do relator, que al\u00e9m das atribui\u00e7\u00f5es normais de conselheiro, det\u00e9m algumas compet\u00eancias espec\u00edficas.<\/p>\n\n\n\n<p><strong><span class=\"has-inline-color has-vivid-cyan-blue-color\">Compet\u00eancia do Relator<\/span><\/strong> (Art. 14):<\/p>\n\n\n\n<ul class=\"wp-block-list\"><li>I <span class=\"has-inline-color has-vivid-green-cyan-color\">&#8211; <strong>requerer dilig\u00eancias <\/strong><\/span><strong><span class=\"has-inline-color has-vivid-red-color\">indispens\u00e1veis <\/span><\/strong><span class=\"has-inline-color has-vivid-green-cyan-color\"><strong>\u00e0 instru\u00e7\u00e3o<\/strong><\/span> do processo ou ao seu convencimento; <span class=\"has-inline-color has-vivid-purple-color\">-&gt; Enquanto o relator \u00e9 respons\u00e1vel em requerer, o Presidente requisitar\u00e1 (Art. 10, X).<\/span><\/li><li>II &#8211; <span class=\"has-inline-color has-vivid-green-cyan-color\"><strong>redigir ac\u00f3rd\u00e3o<\/strong>, <strong>se vencedor o seu voto<\/strong><\/span>; <span class=\"has-inline-color has-vivid-purple-color\">-&gt; caso n\u00e3o seja, o presidente designar\u00e1 redator \u201cad hoc\u201d entre os conselheiros (Art. 10, XX e Art. 13, V)<\/span><\/li><li>III <span class=\"has-inline-color has-vivid-green-cyan-color\">&#8211; <strong>requerer prefer\u00eancia para julgamento de recurso<\/strong><\/span>, quando lhe parecer urgente, ou conveniente, nas hip\u00f3teses previstas neste Regimento; <span class=\"has-inline-color has-vivid-purple-color\">-&gt; E o presente ir\u00e1 apreciar pedidos de prefer\u00eancia (Art. 10, XIV)<\/span><\/li><li>IV &#8211; <span class=\"has-inline-color has-vivid-green-cyan-color\"><strong>justificar seu voto<\/strong> <strong>em ata<\/strong><\/span> sempre que <strong>houver modifica\u00e7\u00e3o no seu convencimento<\/strong>.<\/li><\/ul>\n\n\n\n<h3 class=\"wp-block-heading\">Dos Suplentes<\/h3>\n\n\n\n<p>\u00c9 intuitivo dizer que os <span class=\"has-inline-color has-vivid-cyan-blue-color\"><strong>suplentes<\/strong> <\/span><strong>substituir\u00e3o os conselheiros titulares<\/strong> nos casos de impedimento, desde que regularmente convocados na ordem de suas indica\u00e7\u00f5es (Art. 15).<\/p>\n\n\n\n<p>Assim, comparecendo o suplente, este <strong><span class=\"has-inline-color has-vivid-green-cyan-color\">receber\u00e1 o processo no estado em que se encontra<\/span><\/strong>, <strong>mesmo que j\u00e1 relatado<\/strong> e nele <strong>prosseguir\u00e1 at\u00e9 o final<\/strong> ou <strong>enquanto perdurar o afastamento do titular<\/strong> (Art. 16).<\/p>\n\n\n\n<p><strong><span class=\"has-inline-color has-vivid-green-cyan-color\">Relator substituto<\/span><\/strong><\/p>\n\n\n\n<ul class=\"wp-block-list\"><li><strong><span class=\"has-inline-color has-vivid-purple-color\">Na aus\u00eancia do relator origin\u00e1rio<\/span><\/strong> (Art. 17, \u00a73\u00ba): dar\u00e1 prosseguimento ao julgamento, podendo proferir voto diverso daquele, desde que justificado em ata, \u00e0 exce\u00e7\u00e3o do voto de vista que dever\u00e1 ser proferido na forma original.<\/li><\/ul>\n\n\n\n<ul class=\"wp-block-list\"><li><strong><span class=\"has-inline-color has-vivid-purple-color\">Na volta do conselheiro titular<\/span><\/strong> (Art. 17, \u00a7 1\u00ba): <strong>receber\u00e1 o processo<\/strong> <strong>no estado em que se encontra, mesmo j\u00e1 relatado<\/strong>, e nele prosseguir\u00e1 at\u00e9 o final do julgamento<\/li><\/ul>\n\n\n\n<h3 class=\"wp-block-heading\">Dos Representantes da Fazenda P\u00fablica<\/h3>\n\n\n\n<p>Para finalizar o resumo do Decreto 1.353-R\/2004 para SEFAZ ES, conhe\u00e7amos as disposi\u00e7\u00f5es sobre os representantes da Fazenda.<\/p>\n\n\n\n<p>Os<span class=\"has-inline-color has-vivid-cyan-blue-color\"> <strong>representantes da Fazenda P\u00fablica<\/strong><\/span> t\u00eam a atribui\u00e7\u00e3o de <strong>zelar pela correta aplica\u00e7\u00e3o da legisla\u00e7\u00e3o <\/strong>e ter\u00e3o os<strong> mesmos<\/strong> <span class=\"has-inline-color has-vivid-green-cyan-color\"><strong>direitos e prerrogativas<\/strong> <\/span>dos <strong>conselheiros<\/strong>, <span class=\"has-inline-color has-vivid-red-color\"><strong><u>exceto<\/u><\/strong> <\/span>o direito de <span class=\"has-inline-color has-vivid-red-color\"><strong>voto <\/strong><\/span>nos julgamentos (Art. 18)<\/p>\n\n\n\n<p>Agora, vejamos algumas das compet\u00eancias.<\/p>\n\n\n\n<p><strong><span class=\"has-inline-color has-vivid-cyan-blue-color\">Compet\u00eancia dos representantes da Fazenda P\u00fablica<\/span> <\/strong>(Art. 19):<\/p>\n\n\n\n<ul class=\"wp-block-list\"><li>I &#8211; <strong><span class=\"has-inline-color has-vivid-green-cyan-color\">emitir parecer nos processos j\u00e1 relatados<\/span><\/strong>, sempre que os autos lhe forem distribu\u00eddos, ou oralmente, fazendo constar manifesta\u00e7\u00e3o em ata;<\/li><li>III &#8211; <span class=\"has-inline-color has-vivid-green-cyan-color\"><strong>requerer dilig\u00eancias ao presidente<\/strong> <\/span>ou <strong>prop\u00f4-las<\/strong> quando entend\u00ea-las imprescind\u00edveis \u00e0 instru\u00e7\u00e3o do processo;<\/li><li>IV &#8211; <strong>participar das sess\u00f5es<\/strong> de julgamento e <span class=\"has-inline-color has-vivid-green-cyan-color\"><strong>fazer manifesta\u00e7\u00e3o oral<\/strong>;<\/span><\/li><li>V &#8211; <strong><span class=\"has-inline-color has-vivid-green-cyan-color\">interpor recursos<\/span><\/strong> nas hip\u00f3teses previstas neste Regimento;<\/li><li>VI &#8211; <strong>solicitar<\/strong>, motivadamente, <strong><span class=\"has-inline-color has-vivid-green-cyan-color\">prefer\u00eancia para julgamento<\/span><\/strong> de processos;<\/li><\/ul>\n\n\n\n<p>Atente-se que o<span class=\"has-inline-color has-vivid-purple-color\"> <strong>n\u00e3o comparecimento do representante<\/strong><\/span> da Fazenda P\u00fablica \u00e0s sess\u00f5es <strong>n\u00e3o \u00e9 obst\u00e1culo para que o Conselho delibere sobre os processos<\/strong> em pauta, <span style=\"text-decoration: underline;\">desde que j\u00e1 analisados pelo procurador ao qual fora distribu\u00eddo, ou em caso de processo devolvido.<\/span><\/p>\n\n\n\n<h2 class=\"wp-block-heading\">Considera\u00e7\u00f5es Finais<\/h2>\n\n\n\n<p>Pessoal, chegamos ao final do Resumo do Decreto 1.353-R\/2004 para SEFAZ ES. Espero que tenham gostado.<\/p>\n\n\n\n<p>Continue acompanhando o blog para a continua\u00e7\u00e3o do Resumo do Decreto 1.353-R\/2004 para SEFAZ ES.<\/p>\n\n\n\n<p>Al\u00e9m disso, salientamos que os artigos s\u00e3o resumidos da lei, para o completo aprofundamento, n\u00e3o deixe conferir nossas aulas.<\/p>\n\n\n\n<p class=\"has-text-align-center\"><a href=\"https:\/\/www.estrategiaconcursos.com.br\/curso\/sefaz-es-auditor-fiscal-pacote-completo-2021-pos-edital\/\">Estrat\u00e9gia \u2013 SEFAZ ES<\/a><\/p>\n\n\n\n<h2 class=\"has-text-align-center wp-block-heading\" id=\"h-cursos-e-assinaturas\">Cursos e Assinaturas<\/h2>\n\n\n\n<div class=\"container\" id=\"boxes\">\n  <div class=\"row\">\n\n    <div class=\"col-sm\">\n      <div class=\"banner-tribunal\" id=\"box-assinatura\">\n        <h3 class=\"titulo-assinatura\">Cursos para Carreiras Jur\u00eddicas<\/h3>\n        <p class=\"subtitulo-assinatura\">Conhe\u00e7a os cursos<\/p>\n        <div class=\"box-botao\">\n          <a class=\"btn-assinatura\" target=\"_blank\" href=\"https:\/\/www.estrategiaconcursos.com.br\/cursosPorConcurso\/assinaturas-carreira-juridica\/\" rel=\"noopener noreferrer\">Conhe\u00e7a mais<\/a>\n        <\/div>\n      <\/div>\n      <p class=\"texto-auxiliar\">Prepare-se com o melhor material e com quem mais aprova em Concursos P\u00fablicos em todo o pa\u00eds.<\/p>\n    <\/div>\n\n  <\/div>\n<\/div>\n\n\n\n<div class=\"container\" id=\"boxes\">\n  <div class=\"row\">\n\n    <div class=\"col-sm\">\n      <div class=\"banner-ecj\" id=\"box-assinatura\">\n        <h3 class=\"titulo-assinatura\">Assinatura Jur\u00eddica <\/h3>\n        <p class=\"subtitulo-assinatura\">Conhe\u00e7a os planos<\/p>\n        <div class=\"box-botao\">\n          <a class=\"btn-assinatura\" target=\"_blank\" href=\"https:\/\/www.estrategiaconcursos.com.br\/assinaturas-ecj\/\" role=\"button\" rel=\"noopener noreferrer\">Conhe\u00e7a mais<\/a>\n        <\/div>\n      <\/div>\n      <p class=\"texto-auxiliar\">Prepare-se com o melhor material e com quem mais aprova em Concursos P\u00fablicos em todo o pa\u00eds. \n<\/p>\n    <\/div>\n\n  <\/div>\n<\/div>\n\n\n\n<div class=\"container\" id=\"boxes\">\n  <div class=\"row\">\n\n    <div class=\"col-sm\" id=\"boxes-concursos\">\n      <div style=\"background-color: #005DAD;\" class=\"conteudo-concursos\" id=\"box-concursos\">\n        <h3 class=\"titulo-assinatura\">Concursos Abertos<\/h3>\n        <p class=\"subtitulo-assinatura\">mais de 15 mil vagas<\/p>\n        <div class=\"box-botao\">\n          <a class=\"btn-assinatura\" target=\"_blank\" href=\"https:\/\/www.estrategiaconcursos.com.br\/blog\/concursos-abertos\/\" role=\"button\" rel=\"noopener noreferrer\">Conhe\u00e7a Agora<\/a>\n        <\/div>\n      <\/div>\n    <\/div>\n\n  \n    <div class=\"col-sm\" id=\"boxes-concursos\">\n      <div style=\"background-color: #419FF0;\" class=\"conteudo-concursos\" id=\"box-concursos\">\n        <h3 class=\"titulo-assinatura\">Concursos 2021<\/h3>\n        <p class=\"subtitulo-assinatura\">mais de 17 mil vagas<\/p>\n        <div class=\"box-botao\">\n          <a class=\"btn-assinatura\" target=\"_blank\" href=\"https:\/\/www.estrategiaconcursos.com.br\/blog\/concursos-2021\/\" role=\"button\" rel=\"noopener noreferrer\">Conhe\u00e7a Agora<\/a>\n        <\/div>\n      <\/div>\n    <\/div>\n\n  <\/div>\n<\/div>\n\n\n\n<p>At\u00e9 mais e bons estudos!<\/p>\n","protected":false},"excerpt":{"rendered":"<p>Ol\u00e1, pessoal. Tudo certo? No artigo de hoje veremos o resumo do Decreto 1.353-R\/2004 para SEFAZ ES. Basicamente o Decreto instituiu o Regimento Interno do Conselho Estadual de Recursos Fiscais (CERF) da Secretaria de Estado da Fazenda. Trata-se de um decreto relativamente grande, assim no artigo de hoje veremos as disposi\u00e7\u00f5es sobre o Conselho. Vamos [&hellip;]<\/p>\n","protected":false},"author":1763,"featured_media":428576,"comment_status":"open","ping_status":"closed","sticky":false,"template":"","format":"standard","meta":{"post_tipo":"article","footnotes":""},"categories":[1983],"tags":[],"tax_estado":[219971],"class_list":["post-758267","post","type-post","status-publish","format-standard","has-post-thumbnail","hentry","category-fiscal-estadual","tax_estado-es"],"acf":[],"yoast_head":"<!-- This site is optimized with the Yoast SEO Premium plugin v27.2 (Yoast SEO v27.2) - https:\/\/yoast.com\/product\/yoast-seo-premium-wordpress\/ -->\n<title>Decreto 1.353-R\/2004 para SEFAZ ES \u2013 Do Conselho<\/title>\n<meta name=\"description\" content=\"Veja neste artigo o resumo do Decreto 1.353-R\/2004 para SEFAZ ES, focando nas disposi\u00e7\u00f5es sobre o Conselho, tais como composi\u00e7\u00e3o e atribui\u00e7\u00f5es\" \/>\n<meta name=\"robots\" content=\"index, follow, max-snippet:-1, max-image-preview:large, max-video-preview:-1\" \/>\n<link rel=\"canonical\" href=\"https:\/\/www.estrategiaconcursos.com.br\/blog\/decreto-1-353-r-2004-para-sefaz-es\/\" \/>\n<meta property=\"og:locale\" content=\"pt_BR\" \/>\n<meta property=\"og:type\" content=\"article\" \/>\n<meta property=\"og:title\" content=\"Decreto 1.353-R\/2004 para SEFAZ ES \u2013 Do Conselho\" \/>\n<meta property=\"og:description\" content=\"Veja neste artigo o resumo do Decreto 1.353-R\/2004 para SEFAZ ES, focando nas disposi\u00e7\u00f5es sobre o Conselho, tais como composi\u00e7\u00e3o e atribui\u00e7\u00f5es\" \/>\n<meta property=\"og:url\" content=\"https:\/\/www.estrategiaconcursos.com.br\/blog\/decreto-1-353-r-2004-para-sefaz-es\/\" \/>\n<meta property=\"og:site_name\" content=\"Estrat\u00e9gia Concursos\" \/>\n<meta property=\"article:published_time\" content=\"2021-06-09T16:15:00+00:00\" \/>\n<meta property=\"og:image\" content=\"https:\/\/dhg1h5j42swfq.cloudfront.net\/2019\/10\/01111919\/SEFAZ-ES.jpg\" \/>\n\t<meta property=\"og:image:width\" content=\"1200\" \/>\n\t<meta property=\"og:image:height\" content=\"628\" \/>\n\t<meta property=\"og:image:type\" content=\"image\/jpeg\" \/>\n<meta name=\"author\" content=\"Leonardo Menezes Passarin\" \/>\n<meta name=\"twitter:card\" content=\"summary_large_image\" \/>\n<meta name=\"twitter:creator\" content=\"@EstratConcursos\" \/>\n<meta name=\"twitter:site\" content=\"@EstratConcursos\" \/>\n<meta name=\"twitter:label1\" content=\"Escrito por\" \/>\n\t<meta name=\"twitter:data1\" content=\"Leonardo Menezes Passarin\" \/>\n\t<meta name=\"twitter:label2\" content=\"Est. tempo de leitura\" \/>\n\t<meta name=\"twitter:data2\" content=\"8 minutos\" \/>\n<script type=\"application\/ld+json\" class=\"yoast-schema-graph\">{\"@context\":\"https:\/\/schema.org\",\"@graph\":[{\"@type\":\"NewsArticle\",\"@id\":\"https:\/\/www.estrategiaconcursos.com.br\/blog\/decreto-1-353-r-2004-para-sefaz-es\/#article\",\"isPartOf\":{\"@id\":\"https:\/\/www.estrategiaconcursos.com.br\/blog\/decreto-1-353-r-2004-para-sefaz-es\/\"},\"author\":{\"name\":\"Leonardo Menezes Passarin\",\"@id\":\"https:\/\/www.estrategiaconcursos.com.br\/blog\/#\/schema\/person\/245b44e43eb13f0dbd04a7a078cd0d0d\"},\"headline\":\"Decreto 1.353-R\/2004 para SEFAZ ES \u2013 Do Conselho\",\"datePublished\":\"2021-06-09T16:15:00+00:00\",\"mainEntityOfPage\":{\"@id\":\"https:\/\/www.estrategiaconcursos.com.br\/blog\/decreto-1-353-r-2004-para-sefaz-es\/\"},\"wordCount\":1933,\"commentCount\":0,\"publisher\":{\"@id\":\"https:\/\/www.estrategiaconcursos.com.br\/blog\/#organization\"},\"image\":{\"@id\":\"https:\/\/www.estrategiaconcursos.com.br\/blog\/decreto-1-353-r-2004-para-sefaz-es\/#primaryimage\"},\"thumbnailUrl\":\"https:\/\/dhg1h5j42swfq.cloudfront.net\/2019\/10\/01111919\/SEFAZ-ES.jpg\",\"articleSection\":[\"Fiscal - Estadual (ICMS)\"],\"inLanguage\":\"pt-BR\",\"potentialAction\":[{\"@type\":\"CommentAction\",\"name\":\"Comment\",\"target\":[\"https:\/\/www.estrategiaconcursos.com.br\/blog\/decreto-1-353-r-2004-para-sefaz-es\/#respond\"]}],\"copyrightYear\":\"2021\",\"copyrightHolder\":{\"@id\":\"https:\/\/www.estrategiaconcursos.com.br\/blog\/#organization\"}},{\"@type\":\"WebPage\",\"@id\":\"https:\/\/www.estrategiaconcursos.com.br\/blog\/decreto-1-353-r-2004-para-sefaz-es\/\",\"url\":\"https:\/\/www.estrategiaconcursos.com.br\/blog\/decreto-1-353-r-2004-para-sefaz-es\/\",\"name\":\"Decreto 1.353-R\/2004 para SEFAZ ES \u2013 Do Conselho\",\"isPartOf\":{\"@id\":\"https:\/\/www.estrategiaconcursos.com.br\/blog\/#website\"},\"primaryImageOfPage\":{\"@id\":\"https:\/\/www.estrategiaconcursos.com.br\/blog\/decreto-1-353-r-2004-para-sefaz-es\/#primaryimage\"},\"image\":{\"@id\":\"https:\/\/www.estrategiaconcursos.com.br\/blog\/decreto-1-353-r-2004-para-sefaz-es\/#primaryimage\"},\"thumbnailUrl\":\"https:\/\/dhg1h5j42swfq.cloudfront.net\/2019\/10\/01111919\/SEFAZ-ES.jpg\",\"datePublished\":\"2021-06-09T16:15:00+00:00\",\"description\":\"Veja neste artigo o resumo do Decreto 1.353-R\/2004 para SEFAZ ES, focando nas disposi\u00e7\u00f5es sobre o Conselho, tais como composi\u00e7\u00e3o e atribui\u00e7\u00f5es\",\"breadcrumb\":{\"@id\":\"https:\/\/www.estrategiaconcursos.com.br\/blog\/decreto-1-353-r-2004-para-sefaz-es\/#breadcrumb\"},\"inLanguage\":\"pt-BR\",\"potentialAction\":[{\"@type\":\"ReadAction\",\"target\":[\"https:\/\/www.estrategiaconcursos.com.br\/blog\/decreto-1-353-r-2004-para-sefaz-es\/\"]}]},{\"@type\":\"ImageObject\",\"inLanguage\":\"pt-BR\",\"@id\":\"https:\/\/www.estrategiaconcursos.com.br\/blog\/decreto-1-353-r-2004-para-sefaz-es\/#primaryimage\",\"url\":\"https:\/\/dhg1h5j42swfq.cloudfront.net\/2019\/10\/01111919\/SEFAZ-ES.jpg\",\"contentUrl\":\"https:\/\/dhg1h5j42swfq.cloudfront.net\/2019\/10\/01111919\/SEFAZ-ES.jpg\",\"width\":1200,\"height\":628,\"caption\":\"Sefaz ES Esp\u00edrito Santo\"},{\"@type\":\"BreadcrumbList\",\"@id\":\"https:\/\/www.estrategiaconcursos.com.br\/blog\/decreto-1-353-r-2004-para-sefaz-es\/#breadcrumb\",\"itemListElement\":[{\"@type\":\"ListItem\",\"position\":1,\"name\":\"In\u00edcio\",\"item\":\"https:\/\/www.estrategiaconcursos.com.br\/blog\/\"},{\"@type\":\"ListItem\",\"position\":2,\"name\":\"Decreto 1.353-R\/2004 para SEFAZ ES \u2013 Do Conselho\"}]},{\"@type\":\"WebSite\",\"@id\":\"https:\/\/www.estrategiaconcursos.com.br\/blog\/#website\",\"url\":\"https:\/\/www.estrategiaconcursos.com.br\/blog\/\",\"name\":\"Estrat\u00e9gia Concursos\",\"description\":\"O blog da Estrat\u00e9gia Concursos traz not\u00edcias sobre concursos e artigos de professores oferecendo cursos para concursos (pdf + videaulas) no site.\",\"publisher\":{\"@id\":\"https:\/\/www.estrategiaconcursos.com.br\/blog\/#organization\"},\"potentialAction\":[{\"@type\":\"SearchAction\",\"target\":{\"@type\":\"EntryPoint\",\"urlTemplate\":\"https:\/\/www.estrategiaconcursos.com.br\/blog\/?s={search_term_string}\"},\"query-input\":{\"@type\":\"PropertyValueSpecification\",\"valueRequired\":true,\"valueName\":\"search_term_string\"}}],\"inLanguage\":\"pt-BR\"},{\"@type\":\"Organization\",\"@id\":\"https:\/\/www.estrategiaconcursos.com.br\/blog\/#organization\",\"name\":\"Estrat\u00e9gia Concursos\",\"url\":\"https:\/\/www.estrategiaconcursos.com.br\/blog\/\",\"logo\":{\"@type\":\"ImageObject\",\"inLanguage\":\"pt-BR\",\"@id\":\"https:\/\/www.estrategiaconcursos.com.br\/blog\/#\/schema\/logo\/image\/\",\"url\":\"https:\/\/dhg1h5j42swfq.cloudfront.net\/2025\/06\/03203428\/logo_concursos-1.jpg\",\"contentUrl\":\"https:\/\/dhg1h5j42swfq.cloudfront.net\/2025\/06\/03203428\/logo_concursos-1.jpg\",\"width\":230,\"height\":60,\"caption\":\"Estrat\u00e9gia Concursos\"},\"image\":{\"@id\":\"https:\/\/www.estrategiaconcursos.com.br\/blog\/#\/schema\/logo\/image\/\"},\"sameAs\":[\"https:\/\/x.com\/EstratConcursos\"]},{\"@type\":\"Person\",\"@id\":\"https:\/\/www.estrategiaconcursos.com.br\/blog\/#\/schema\/person\/245b44e43eb13f0dbd04a7a078cd0d0d\",\"name\":\"Leonardo Menezes Passarin\",\"image\":{\"@type\":\"ImageObject\",\"inLanguage\":\"pt-BR\",\"@id\":\"https:\/\/secure.gravatar.com\/avatar\/fc0e5714ceaa97f24e6e6a30eab74ba8a701c2b62f8cab100ffdb22c6d8f42c3?s=96&d=mm&r=g\",\"url\":\"https:\/\/secure.gravatar.com\/avatar\/fc0e5714ceaa97f24e6e6a30eab74ba8a701c2b62f8cab100ffdb22c6d8f42c3?s=96&d=mm&r=g\",\"contentUrl\":\"https:\/\/secure.gravatar.com\/avatar\/fc0e5714ceaa97f24e6e6a30eab74ba8a701c2b62f8cab100ffdb22c6d8f42c3?s=96&d=mm&r=g\",\"caption\":\"Leonardo Menezes Passarin\"},\"url\":\"https:\/\/www.estrategiaconcursos.com.br\/blog\/author\/passarin-leonardohotmail-com\/\"}]}<\/script>\n<!-- \/ Yoast SEO Premium plugin. -->","yoast_head_json":{"title":"Decreto 1.353-R\/2004 para SEFAZ ES \u2013 Do Conselho","description":"Veja neste artigo o resumo do Decreto 1.353-R\/2004 para SEFAZ ES, focando nas disposi\u00e7\u00f5es sobre o Conselho, tais como composi\u00e7\u00e3o e atribui\u00e7\u00f5es","robots":{"index":"index","follow":"follow","max-snippet":"max-snippet:-1","max-image-preview":"max-image-preview:large","max-video-preview":"max-video-preview:-1"},"canonical":"https:\/\/www.estrategiaconcursos.com.br\/blog\/decreto-1-353-r-2004-para-sefaz-es\/","og_locale":"pt_BR","og_type":"article","og_title":"Decreto 1.353-R\/2004 para SEFAZ ES \u2013 Do Conselho","og_description":"Veja neste artigo o resumo do Decreto 1.353-R\/2004 para SEFAZ ES, focando nas disposi\u00e7\u00f5es sobre o Conselho, tais como composi\u00e7\u00e3o e atribui\u00e7\u00f5es","og_url":"https:\/\/www.estrategiaconcursos.com.br\/blog\/decreto-1-353-r-2004-para-sefaz-es\/","og_site_name":"Estrat\u00e9gia Concursos","article_published_time":"2021-06-09T16:15:00+00:00","og_image":[{"width":1200,"height":628,"url":"https:\/\/dhg1h5j42swfq.cloudfront.net\/2019\/10\/01111919\/SEFAZ-ES.jpg","type":"image\/jpeg"}],"author":"Leonardo Menezes Passarin","twitter_card":"summary_large_image","twitter_creator":"@EstratConcursos","twitter_site":"@EstratConcursos","twitter_misc":{"Escrito por":"Leonardo Menezes Passarin","Est. tempo de leitura":"8 minutos"},"schema":{"@context":"https:\/\/schema.org","@graph":[{"@type":"NewsArticle","@id":"https:\/\/www.estrategiaconcursos.com.br\/blog\/decreto-1-353-r-2004-para-sefaz-es\/#article","isPartOf":{"@id":"https:\/\/www.estrategiaconcursos.com.br\/blog\/decreto-1-353-r-2004-para-sefaz-es\/"},"author":{"name":"Leonardo Menezes Passarin","@id":"https:\/\/www.estrategiaconcursos.com.br\/blog\/#\/schema\/person\/245b44e43eb13f0dbd04a7a078cd0d0d"},"headline":"Decreto 1.353-R\/2004 para SEFAZ ES \u2013 Do Conselho","datePublished":"2021-06-09T16:15:00+00:00","mainEntityOfPage":{"@id":"https:\/\/www.estrategiaconcursos.com.br\/blog\/decreto-1-353-r-2004-para-sefaz-es\/"},"wordCount":1933,"commentCount":0,"publisher":{"@id":"https:\/\/www.estrategiaconcursos.com.br\/blog\/#organization"},"image":{"@id":"https:\/\/www.estrategiaconcursos.com.br\/blog\/decreto-1-353-r-2004-para-sefaz-es\/#primaryimage"},"thumbnailUrl":"https:\/\/dhg1h5j42swfq.cloudfront.net\/2019\/10\/01111919\/SEFAZ-ES.jpg","articleSection":["Fiscal - Estadual (ICMS)"],"inLanguage":"pt-BR","potentialAction":[{"@type":"CommentAction","name":"Comment","target":["https:\/\/www.estrategiaconcursos.com.br\/blog\/decreto-1-353-r-2004-para-sefaz-es\/#respond"]}],"copyrightYear":"2021","copyrightHolder":{"@id":"https:\/\/www.estrategiaconcursos.com.br\/blog\/#organization"}},{"@type":"WebPage","@id":"https:\/\/www.estrategiaconcursos.com.br\/blog\/decreto-1-353-r-2004-para-sefaz-es\/","url":"https:\/\/www.estrategiaconcursos.com.br\/blog\/decreto-1-353-r-2004-para-sefaz-es\/","name":"Decreto 1.353-R\/2004 para SEFAZ ES \u2013 Do Conselho","isPartOf":{"@id":"https:\/\/www.estrategiaconcursos.com.br\/blog\/#website"},"primaryImageOfPage":{"@id":"https:\/\/www.estrategiaconcursos.com.br\/blog\/decreto-1-353-r-2004-para-sefaz-es\/#primaryimage"},"image":{"@id":"https:\/\/www.estrategiaconcursos.com.br\/blog\/decreto-1-353-r-2004-para-sefaz-es\/#primaryimage"},"thumbnailUrl":"https:\/\/dhg1h5j42swfq.cloudfront.net\/2019\/10\/01111919\/SEFAZ-ES.jpg","datePublished":"2021-06-09T16:15:00+00:00","description":"Veja neste artigo o resumo do Decreto 1.353-R\/2004 para SEFAZ ES, focando nas disposi\u00e7\u00f5es sobre o Conselho, tais como composi\u00e7\u00e3o e atribui\u00e7\u00f5es","breadcrumb":{"@id":"https:\/\/www.estrategiaconcursos.com.br\/blog\/decreto-1-353-r-2004-para-sefaz-es\/#breadcrumb"},"inLanguage":"pt-BR","potentialAction":[{"@type":"ReadAction","target":["https:\/\/www.estrategiaconcursos.com.br\/blog\/decreto-1-353-r-2004-para-sefaz-es\/"]}]},{"@type":"ImageObject","inLanguage":"pt-BR","@id":"https:\/\/www.estrategiaconcursos.com.br\/blog\/decreto-1-353-r-2004-para-sefaz-es\/#primaryimage","url":"https:\/\/dhg1h5j42swfq.cloudfront.net\/2019\/10\/01111919\/SEFAZ-ES.jpg","contentUrl":"https:\/\/dhg1h5j42swfq.cloudfront.net\/2019\/10\/01111919\/SEFAZ-ES.jpg","width":1200,"height":628,"caption":"Sefaz ES Esp\u00edrito Santo"},{"@type":"BreadcrumbList","@id":"https:\/\/www.estrategiaconcursos.com.br\/blog\/decreto-1-353-r-2004-para-sefaz-es\/#breadcrumb","itemListElement":[{"@type":"ListItem","position":1,"name":"In\u00edcio","item":"https:\/\/www.estrategiaconcursos.com.br\/blog\/"},{"@type":"ListItem","position":2,"name":"Decreto 1.353-R\/2004 para SEFAZ ES \u2013 Do Conselho"}]},{"@type":"WebSite","@id":"https:\/\/www.estrategiaconcursos.com.br\/blog\/#website","url":"https:\/\/www.estrategiaconcursos.com.br\/blog\/","name":"Estrat\u00e9gia Concursos","description":"O blog da Estrat\u00e9gia Concursos traz not\u00edcias sobre concursos e artigos de professores oferecendo cursos para concursos (pdf + videaulas) no site.","publisher":{"@id":"https:\/\/www.estrategiaconcursos.com.br\/blog\/#organization"},"potentialAction":[{"@type":"SearchAction","target":{"@type":"EntryPoint","urlTemplate":"https:\/\/www.estrategiaconcursos.com.br\/blog\/?s={search_term_string}"},"query-input":{"@type":"PropertyValueSpecification","valueRequired":true,"valueName":"search_term_string"}}],"inLanguage":"pt-BR"},{"@type":"Organization","@id":"https:\/\/www.estrategiaconcursos.com.br\/blog\/#organization","name":"Estrat\u00e9gia Concursos","url":"https:\/\/www.estrategiaconcursos.com.br\/blog\/","logo":{"@type":"ImageObject","inLanguage":"pt-BR","@id":"https:\/\/www.estrategiaconcursos.com.br\/blog\/#\/schema\/logo\/image\/","url":"https:\/\/dhg1h5j42swfq.cloudfront.net\/2025\/06\/03203428\/logo_concursos-1.jpg","contentUrl":"https:\/\/dhg1h5j42swfq.cloudfront.net\/2025\/06\/03203428\/logo_concursos-1.jpg","width":230,"height":60,"caption":"Estrat\u00e9gia Concursos"},"image":{"@id":"https:\/\/www.estrategiaconcursos.com.br\/blog\/#\/schema\/logo\/image\/"},"sameAs":["https:\/\/x.com\/EstratConcursos"]},{"@type":"Person","@id":"https:\/\/www.estrategiaconcursos.com.br\/blog\/#\/schema\/person\/245b44e43eb13f0dbd04a7a078cd0d0d","name":"Leonardo Menezes Passarin","image":{"@type":"ImageObject","inLanguage":"pt-BR","@id":"https:\/\/secure.gravatar.com\/avatar\/fc0e5714ceaa97f24e6e6a30eab74ba8a701c2b62f8cab100ffdb22c6d8f42c3?s=96&d=mm&r=g","url":"https:\/\/secure.gravatar.com\/avatar\/fc0e5714ceaa97f24e6e6a30eab74ba8a701c2b62f8cab100ffdb22c6d8f42c3?s=96&d=mm&r=g","contentUrl":"https:\/\/secure.gravatar.com\/avatar\/fc0e5714ceaa97f24e6e6a30eab74ba8a701c2b62f8cab100ffdb22c6d8f42c3?s=96&d=mm&r=g","caption":"Leonardo Menezes Passarin"},"url":"https:\/\/www.estrategiaconcursos.com.br\/blog\/author\/passarin-leonardohotmail-com\/"}]}},"_links":{"self":[{"href":"https:\/\/www.estrategiaconcursos.com.br\/blog\/wp-json\/wp\/v2\/posts\/758267","targetHints":{"allow":["GET"]}}],"collection":[{"href":"https:\/\/www.estrategiaconcursos.com.br\/blog\/wp-json\/wp\/v2\/posts"}],"about":[{"href":"https:\/\/www.estrategiaconcursos.com.br\/blog\/wp-json\/wp\/v2\/types\/post"}],"author":[{"embeddable":true,"href":"https:\/\/www.estrategiaconcursos.com.br\/blog\/wp-json\/wp\/v2\/users\/1763"}],"replies":[{"embeddable":true,"href":"https:\/\/www.estrategiaconcursos.com.br\/blog\/wp-json\/wp\/v2\/comments?post=758267"}],"version-history":[{"count":5,"href":"https:\/\/www.estrategiaconcursos.com.br\/blog\/wp-json\/wp\/v2\/posts\/758267\/revisions"}],"predecessor-version":[{"id":761158,"href":"https:\/\/www.estrategiaconcursos.com.br\/blog\/wp-json\/wp\/v2\/posts\/758267\/revisions\/761158"}],"wp:featuredmedia":[{"embeddable":true,"href":"https:\/\/www.estrategiaconcursos.com.br\/blog\/wp-json\/wp\/v2\/media\/428576"}],"wp:attachment":[{"href":"https:\/\/www.estrategiaconcursos.com.br\/blog\/wp-json\/wp\/v2\/media?parent=758267"}],"wp:term":[{"taxonomy":"category","embeddable":true,"href":"https:\/\/www.estrategiaconcursos.com.br\/blog\/wp-json\/wp\/v2\/categories?post=758267"},{"taxonomy":"post_tag","embeddable":true,"href":"https:\/\/www.estrategiaconcursos.com.br\/blog\/wp-json\/wp\/v2\/tags?post=758267"},{"taxonomy":"tax_estado","embeddable":true,"href":"https:\/\/www.estrategiaconcursos.com.br\/blog\/wp-json\/wp\/v2\/tax_estado?post=758267"}],"curies":[{"name":"wp","href":"https:\/\/api.w.org\/{rel}","templated":true}]}}