{"id":751051,"date":"2021-05-25T17:21:38","date_gmt":"2021-05-25T20:21:38","guid":{"rendered":"https:\/\/www.estrategiaconcursos.com.br\/blog\/?p=751051"},"modified":"2021-05-25T17:21:39","modified_gmt":"2021-05-25T20:21:39","slug":"informativo-stf-1016-comentado","status":"publish","type":"post","link":"https:\/\/www.estrategiaconcursos.com.br\/blog\/informativo-stf-1016-comentado\/","title":{"rendered":"Informativo STF 1016 Comentado"},"content":{"rendered":"\n<p>Informativo n\u00ba 1016 do STF <strong>COMENTADO<\/strong> pintando na telinha (do seu computador, notebook, tablet, celular&#8230;) para quem est\u00e1 ligado aqui conosco no Estrat\u00e9gia Carreiras Jur\u00eddicas!<\/p>\n\n\n\n<p class=\"has-text-align-center\"><strong><a href=\"https:\/\/dhg1h5j42swfq.cloudfront.net\/2021\/05\/25172045\/stf-1016.pdf\">DOWNLOAD do PDF AQUI!<\/a><\/strong><\/p>\n\n\n<figure class=\"wp-block-embed-youtube wp-block-embed is-type-video is-provider-youtube wp-embed-aspect-16-9 wp-has-aspect-ratio\"><div class=\"lyte-wrapper\" style=\"width:853px;max-width:100%;margin:5px;\"><div class=\"lyMe\" id=\"WYL_QgS1bC9Dx-c\"><div id=\"lyte_QgS1bC9Dx-c\" data-src=\"\/\/i.ytimg.com\/vi\/QgS1bC9Dx-c\/hqdefault.jpg\" class=\"pL\"><div class=\"tC\"><div class=\"tT\"><\/div><\/div><div class=\"play\"><\/div><div class=\"ctrl\"><div class=\"Lctrl\"><\/div><div class=\"Rctrl\"><\/div><\/div><\/div><noscript><a href=\"https:\/\/youtu.be\/QgS1bC9Dx-c\" rel=\"nofollow\"><img loading=\"lazy\" decoding=\"async\" src=\"https:\/\/i.ytimg.com\/vi\/QgS1bC9Dx-c\/0.jpg\" alt=\"YouTube video thumbnail\" width=\"853\" height=\"460\" \/><br \/>Assista a este v\u00eddeo no YouTube<\/a><\/noscript><\/div><\/div><div class=\"lL\" style=\"max-width:100%;width:853px;margin:5px;\"><\/div><figcaption><\/figcaption><\/figure>\n\n\n<h1 class=\"wp-block-heading\" id=\"h-direito-constitucional\"><a>DIREITO CONSTITUCIONAL<\/a><\/h1>\n\n\n\n<h2 class=\"wp-block-heading\" id=\"h-1-compet-ncia-da-uni-o-para-legislar-sobre-energia-e-postos-de-combust-veis\"><a>1.&nbsp;&nbsp;&nbsp;&nbsp;&nbsp; Compet\u00eancia da Uni\u00e3o para legislar sobre energia e postos de combust\u00edveis<\/a><\/h2>\n\n\n\n<p><strong>A\u00c7\u00c3O DIRETA DE INCONSTITUCIONALIDADE<\/strong><\/p>\n\n\n\n<p>\u00c9 inconstitucional norma estadual que vede ao consumidor, pessoa f\u00edsica, o abastecimento de ve\u00edculos em local diverso do posto de combust\u00edvel.<\/p>\n\n\n\n<p>ADI 6580\/RJ, relatora Min. C\u00e1rmen L\u00facia, julgamento virtual finalizado em 11.5.2021(Info 1016)<\/p>\n\n\n\n<h3 class=\"wp-block-heading\" id=\"h-1-1-situa-o-f-tica\"><a>1.1. Situa\u00e7\u00e3o F\u00c1TICA.<\/a><\/h3>\n\n\n\n<p>O Partido Liberal (PL) ajuizou no STF uma A\u00e7\u00e3o Direta de Inconstitucionalidade (ADI 6580), com pedido de liminar, contra lei do Estado do Rio de Janeiro que veda a presta\u00e7\u00e3o do servi\u00e7o de abastecimento de ve\u00edculos fora dos postos de gasolina. Em caso de descumprimento, a Lei estadual 9.023\/2020 prev\u00ea a aplica\u00e7\u00e3o de multas e o cancelamento da inscri\u00e7\u00e3o estadual do infrator, \u00e0 exce\u00e7\u00e3o das pessoas jur\u00eddicas que tenham licen\u00e7a para abastecimento da pr\u00f3pria frota e para os casos de pane seca.<\/p>\n\n\n\n<p>Na a\u00e7\u00e3o, o partido argumenta que o legislador estadual invadiu a compet\u00eancia legislativa atribu\u00edda \u00e0 Uni\u00e3o (artigo 22, inciso IV, da CF) para legislar sobre energia, o que s\u00f3 poderia ocorrer se houvesse autoriza\u00e7\u00e3o por lei complementar. Tamb\u00e9m ressaltou a invas\u00e3o da compet\u00eancia da Uni\u00e3o para estabelecer normas gerais, pois, como a forma de execu\u00e7\u00e3o do abastecimento dos ve\u00edculos \u00e9 mat\u00e9ria de interesse geral (e n\u00e3o apenas estadual ou local), deve ser tratada de modo uniforme em todo o territ\u00f3rio nacional.<\/p>\n\n\n\n<h3 class=\"wp-block-heading\" id=\"h-1-2-an-lise-estrat-gica\"><a>1.2. An\u00e1lise ESTRAT\u00c9GICA.<\/a><\/h3>\n\n\n\n<h4 class=\"wp-block-heading\" id=\"h-1-2-1-quest-o-jur-dica\">1.2.1.&nbsp; Quest\u00e3o JUR\u00cdDICA.<\/h4>\n\n\n\n<p>CF:<\/p>\n\n\n\n<p>Art. 22. Compete privativamente \u00e0 Uni\u00e3o legislar sobre:<\/p>\n\n\n\n<p>IV &#8211; \u00e1guas, energia, inform\u00e1tica, telecomunica\u00e7\u00f5es e radiodifus\u00e3o<\/p>\n\n\n\n<p>Art. 238. A lei ordenar\u00e1 a venda e revenda de combust\u00edveis de petr\u00f3leo, \u00e1lcool carburante e outros combust\u00edveis derivados de mat\u00e9rias-primas renov\u00e1veis, respeitados os princ\u00edpios desta Constitui\u00e7\u00e3o.<\/p>\n\n\n\n<p>Lei 9.478\/1997:<\/p>\n\n\n\n<p>Art. 9\u00ba Al\u00e9m das atribui\u00e7\u00f5es que lhe s\u00e3o conferidas no artigo anterior, caber\u00e1 \u00e0 ANP exercer, a partir de sua implanta\u00e7\u00e3o, as atribui\u00e7\u00f5es do Departamento Nacional de Combust\u00edveis &#8211; DNC, relacionadas com as atividades de distribui\u00e7\u00e3o e revenda de derivados de petr\u00f3leo e \u00e1lcool, observado o disposto no art. 78.<\/p>\n\n\n\n<p>Resolu\u00e7\u00e3o 41\/2003 da ANP:<\/p>\n\n\n\n<p>Art. 21. \u00c9 vedado ao revendedor varejista de combust\u00edveis automotivos:<\/p>\n\n\n\n<p>VII &#8211; comercializar e entregar combust\u00edvel automotivo em local diverso do estabelecimento da revenda varejista e, para o caso de posto revendedor flutuante ou mar\u00edtimo, em local diverso das \u00e1reas adjacentes ao estabelecimento da revenda varejista<\/p>\n\n\n\n<h4 class=\"wp-block-heading\" id=\"h-1-2-2-liberado-o-delivery-de-gasolina\">1.2.2.&nbsp;&nbsp;&nbsp;&nbsp; Liberado o delivery de gasolina?<\/h4>\n\n\n\n<p><strong><em><u>R:<\/u><\/em><\/strong> <strong>Yeap!!<\/strong><\/p>\n\n\n\n<p><strong>H\u00e1 invas\u00e3o \u00e0 compet\u00eancia privativa da Uni\u00e3o, estabelecida no art. 22, IV, da CF, para dispor sobre energia<\/strong>. Com fundamento nesse dispositivo, o legislador ordin\u00e1rio federal editou a Lei 9.478\/1997, por meio da qual definiram-se normas gerais sobre a pol\u00edtica energ\u00e9tica nacional, atividades referentes ao monop\u00f3lio do petr\u00f3leo, e instituiu o Conselho Nacional de Pol\u00edtica Energ\u00e9tica e a Ag\u00eancia Nacional do Petr\u00f3leo, G\u00e1s Natural e Biocombust\u00edveis (ANP).<\/p>\n\n\n\n<p>No art. 9\u00ba da Lei 9.478\/1997 e no art. 21, VII, da Resolu\u00e7\u00e3o 41\/2013 da ANP h\u00e1 disciplina regulat\u00f3ria exaustiva da mat\u00e9ria e, ainda, no que tange \u00e0 regulamenta\u00e7\u00e3o federal da mat\u00e9ria, entende-se que o art. 238 da CF, ao delegar \u00e0 lei ordena\u00e7\u00e3o do setor de energia, em especial, de venda e revenda de combust\u00edveis de petr\u00f3leo, refere-se \u00e0 lei de car\u00e1ter nacional.<\/p>\n\n\n\n<p>Al\u00e9m disso, a jurisprud\u00eancia do STF consolidou-se no sentido de ser compet\u00eancia legislativa e administrativa da Uni\u00e3o tema que envolva predomin\u00e2ncia de interesse nacional.<\/p>\n\n\n\n<p>Logo,<strong> n\u00e3o havendo qualquer peculiaridade que exija tratamento diverso<\/strong>, a lei estadual, ao pretender regular mat\u00e9ria j\u00e1 disciplinada em lei federal e em regramento editado pela ANP, imiscuiu-se na compet\u00eancia legislativa da Uni\u00e3o, em invas\u00e3o do campo constitucionalmente reservado ao ente central da Federa\u00e7\u00e3o.<\/p>\n\n\n\n<h4 class=\"wp-block-heading\" id=\"h-1-2-3-resultado-final\">1.2.3.&nbsp; Resultado final.<\/h4>\n\n\n\n<p>Com base nesse entendimento, o Plen\u00e1rio, por maioria, julgou procedente o pedido formulado em a\u00e7\u00e3o direta para declarar a inconstitucionalidade da Lei 9.023\/2020 do estado do Rio de Janeiro.<\/p>\n\n\n\n<h2 class=\"wp-block-heading\" id=\"h-2-prote-o-a-aposentados-e-pensionistas-e-restri-o-publicidade\"><a>2.&nbsp;&nbsp;&nbsp;&nbsp;&nbsp; Prote\u00e7\u00e3o a aposentados e pensionistas e restri\u00e7\u00e3o \u00e0 publicidade<\/a><\/h2>\n\n\n\n<p><strong>A\u00c7\u00c3O DIRETA DE INCONSTITUCIONALIDADE<\/strong><\/p>\n\n\n\n<p>\u00c9 constitucional a proibi\u00e7\u00e3o \u2014 por lei estadual \u2014 de que institui\u00e7\u00f5es financeiras, correspondentes banc\u00e1rios e sociedades de arrendamento mercantil fa\u00e7am telemarketing, oferta comercial, proposta, publicidade ou qualquer tipo de atividade tendente a convencer aposentados e pensionistas a celebrarem contratos de empr\u00e9stimo.<\/p>\n\n\n\n<p>ADI 6727\/PR, relatora Min. C\u00e1rmen L\u00facia, julgamento virtual finalizado em 11.5.2021(Info 1016)<\/p>\n\n\n\n<h3 class=\"wp-block-heading\" id=\"h-2-1-situa-o-f-tica\"><a>2.1. Situa\u00e7\u00e3o F\u00c1TICA.<\/a><\/h3>\n\n\n\n<p>A Lei estadual 20.276\/2020 do Estado do Paran\u00e1 pro\u00edbe institui\u00e7\u00f5es financeiras, correspondentes banc\u00e1rios e sociedades de arrendamento mercantil de fazerem publicidade dirigida a aposentados e pensionistas e estabelece que a contrata\u00e7\u00e3o de empr\u00e9stimos somente pode ser realizada ap\u00f3s solicita\u00e7\u00e3o expressa do aposentado ou do pensionista.<\/p>\n\n\n\n<p>Inconformada, a Confedera\u00e7\u00e3o Nacional do Sistema Financeiro (Consif) ajuizou a ADI 6727 na qual sustentou que teria sido usurpada a compet\u00eancia legislativa da Uni\u00e3o para a disciplina sobre propaganda comercial, direito civil e pol\u00edtica de cr\u00e9dito. A norma tamb\u00e9m seria contr\u00e1ria aos princ\u00edpios da proporcionalidade e da livre iniciativa.<\/p>\n\n\n\n<h3 class=\"wp-block-heading\" id=\"h-2-2-an-lise-estrat-gica\"><a>2.2. An\u00e1lise ESTRAT\u00c9GICA.<\/a><\/h3>\n\n\n\n<h4 class=\"wp-block-heading\" id=\"h-2-2-1-a-norma-constitucional\">2.2.1.&nbsp;&nbsp;&nbsp;&nbsp; A norma \u00e9 constitucional?<\/h4>\n\n\n\n<p><strong><em><u>R:<\/u><\/em><\/strong> <strong>SIM!!!<\/strong><\/p>\n\n\n\n<p>A norma, segundo a qual bancos e intermedi\u00e1rios n\u00e3o devem realizar publicidade a aposentados e pensionistas para contrata\u00e7\u00e3o de empr\u00e9stimos, que somente podem ser concretizados por solicita\u00e7\u00e3o expressa, versa estritamente sobre prote\u00e7\u00e3o do consumidor e do idoso, n\u00e3o invadindo a compet\u00eancia privativa da Uni\u00e3o para legislar sobre direito civil, pol\u00edtica de cr\u00e9dito ou propaganda comercial. Ademais, observado o princ\u00edpio da PROPORCIONALIDADE (art. 5\u00ba, LIV, da CF), pois <strong>n\u00e3o se interferiu na liberdade econ\u00f4mica das partes ou se subtraiu do consumidor a possibilidade de solicitar contrata\u00e7\u00e3o<\/strong>.<\/p>\n\n\n\n<h4 class=\"wp-block-heading\" id=\"h-2-2-2-resultado-final\">2.2.2.&nbsp; Resultado final.<\/h4>\n\n\n\n<p>Com base nesse entendimento, o Plen\u00e1rio julgou improcedente o pedido formulado em a\u00e7\u00e3o direta para declarar a constitucionalidade da Lei 20.276\/2020 do estado do Paran\u00e1.<\/p>\n\n\n\n<h2 class=\"wp-block-heading\" id=\"h-3-emenda-constitui-o-estadual-e-v-cio-de-iniciativa-no-processo-legislativo\"><a>3.&nbsp;&nbsp;&nbsp;&nbsp;&nbsp; Emenda \u00e0 Constitui\u00e7\u00e3o estadual e v\u00edcio de iniciativa no processo legislativo<\/a><\/h2>\n\n\n\n<p><strong>A\u00c7\u00c3O DIRETA DE INCONSTITUCIONALIDADE<\/strong><\/p>\n\n\n\n<p>\u00c9 inconstitucional emenda \u00e0 Constitui\u00e7\u00e3o estadual que cuida tanto de normas gerais para a organiza\u00e7\u00e3o do Minist\u00e9rio P\u00fablico dos Estados quanto de atribui\u00e7\u00f5es dos \u00f3rg\u00e3os e membros do Parquet estadual.<\/p>\n\n\n\n<p>ADI 5281\/RO, relatora Min. C\u00e1rmen L\u00facia, julgamento virtual finalizado em 11.5.2021 e ADI 5324\/RO, relatora Min. C\u00e1rmen L\u00facia, julgamento virtual finalizado em 11.5.2021 (Info 1016)<\/p>\n\n\n\n<h3 class=\"wp-block-heading\" id=\"h-3-1-situa-o-f-tica\"><a>3.1. Situa\u00e7\u00e3o F\u00c1TICA.<\/a><\/h3>\n\n\n\n<p>A Associa\u00e7\u00e3o Nacional dos Membros do Minist\u00e9rio P\u00fablico (Conamp) ajuizou a ADI 5281 na qual questionou a constitucionalidade da norma do Estado de Rond\u00f4nia que acrescentou par\u00e1grafo \u00fanico ao artigo 99 da Constitui\u00e7\u00e3o Estadual e estabeleceu compet\u00eancia exclusiva ao procurador-geral de Justi\u00e7a \u201cpara promover o inqu\u00e9rito civil p\u00fablico e a a\u00e7\u00e3o civil p\u00fablica para a prote\u00e7\u00e3o do patrim\u00f4nio p\u00fablico e social, do meio ambiente e de outros interesse difusos e coletivos quando praticados pelo Governador do Estado, pelos Membros do Legislativo, Judici\u00e1rio, Tribunal de Contas , Minist\u00e9rio P\u00fablico e Defensoria P\u00fablica.<\/p>\n\n\n\n<h3 class=\"wp-block-heading\" id=\"h-3-2-an-lise-estrat-gica\"><a>3.2. An\u00e1lise ESTRAT\u00c9GICA.<\/a><\/h3>\n\n\n\n<h4 class=\"wp-block-heading\" id=\"h-3-2-1-quest-o-jur-dica\">3.2.1.&nbsp; Quest\u00e3o JUR\u00cdDICA.<\/h4>\n\n\n\n<p>CF:<\/p>\n\n\n\n<p>Art. 61. A iniciativa das leis complementares e ordin\u00e1rias cabe a qualquer membro ou Comiss\u00e3o da C\u00e2mara dos Deputados, do Senado Federal ou do Congresso Nacional, ao Presidente da Rep\u00fablica, ao Supremo Tribunal Federal, aos Tribunais Superiores, ao Procurador-Geral da Rep\u00fablica e aos cidad\u00e3os, na forma e nos casos previstos nesta Constitui\u00e7\u00e3o.<\/p>\n\n\n\n<p>\u00a7 1\u00ba S\u00e3o de iniciativa privativa do Presidente da Rep\u00fablica as leis que:<\/p>\n\n\n\n<p>II &#8211; disponham sobre:<\/p>\n\n\n\n<p>d) organiza\u00e7\u00e3o do Minist\u00e9rio P\u00fablico e da Defensoria P\u00fablica da Uni\u00e3o, bem como normas gerais para a organiza\u00e7\u00e3o do Minist\u00e9rio P\u00fablico e da Defensoria P\u00fablica dos Estados, do Distrito Federal e dos Territ\u00f3rios.<\/p>\n\n\n\n<p>Art. 128. O Minist\u00e9rio P\u00fablico abrange:<\/p>\n\n\n\n<p>\u00a7 5\u00ba Leis complementares da Uni\u00e3o e dos Estados, cuja iniciativa \u00e9 facultada aos respectivos Procuradores-gerais, estabelecer\u00e3o a organiza\u00e7\u00e3o, as atribui\u00e7\u00f5es e o estatuto de cada Minist\u00e9rio P\u00fablico, observadas, relativamente a seus membros:<\/p>\n\n\n\n<h4 class=\"wp-block-heading\" id=\"h-3-2-2-a-assembleia-legislativa-invadiu-compet-ncia-do-pr\">3.2.2.&nbsp;&nbsp;&nbsp;&nbsp; A Assembleia Legislativa invadiu compet\u00eancia do PR?<\/h4>\n\n\n\n<p><strong><em><u>R:<\/u><\/em><\/strong> <strong>Sim e n\u00e3o foi pouco!!!<\/strong><\/p>\n\n\n\n<p>A Emenda 94\/2015 \u00e0 Constitui\u00e7\u00e3o do estado de Rond\u00f4nia, que acrescentou o par\u00e1grafo \u00fanico ao art. 99 daquela Constitui\u00e7\u00e3o estadual, usurpou a iniciativa reservada pela CF ao Presidente da Rep\u00fablica para tratar sobre normas gerais para a organiza\u00e7\u00e3o do Minist\u00e9rio P\u00fablico. A referida norma tamb\u00e9m<strong> subtraiu do Procurador-Geral de Justi\u00e7a a iniciativa para deflagrar o processo legislativo<\/strong> das leis complementares estaduais, pelas quais se estabelecem a organiza\u00e7\u00e3o, as atribui\u00e7\u00f5es e o estatuto dos Minist\u00e9rios P\u00fablicos estaduais.<\/p>\n\n\n\n<h4 class=\"wp-block-heading\" id=\"h-3-2-3-resultado-final\">3.2.3.&nbsp; Resultado final.<\/h4>\n\n\n\n<p>Com base nesse entendimento, o Plen\u00e1rio, por unanimidade, julgou procedentes os pedidos formulados em duas a\u00e7\u00f5es diretas, analisadas em conjunto, para declarar a inconstitucionalidade da Emenda 94\/2015 \u00e0 Constitui\u00e7\u00e3o do estado de Rond\u00f4nia.<\/p>\n\n\n\n<h1 class=\"wp-block-heading\" id=\"h-direito-tribut-rio\"><a>DIREITO TRIBUT\u00c1RIO<\/a><\/h1>\n\n\n\n<h2 class=\"wp-block-heading\" id=\"h-4-embalagens-para-acondicionamento-de-gua-mineral-e-al-quota-de-ipi\"><a>4.&nbsp;&nbsp;&nbsp;&nbsp;&nbsp; Embalagens para acondicionamento de \u00e1gua mineral e al\u00edquota de IPI<\/a><\/h2>\n\n\n\n<p><strong>RECURSO EXTRAORDIN\u00c1RIO<\/strong><\/p>\n\n\n\n<p>\u00c9 constitucional a fixa\u00e7\u00e3o de al\u00edquotas de IPI superiores a zero sobre garraf\u00f5es, garrafas e tampas pl\u00e1sticas, ainda que utilizados para o acondicionamento de produtos essenciais.<\/p>\n\n\n\n<p>RE 606314\/PE, relator Min. Roberto Barroso, julgamento virtual finalizado em 11.5.2021(Info 1016)<\/p>\n\n\n\n<h3 class=\"wp-block-heading\" id=\"h-4-1-situa-o-f-tica\"><a>4.1. Situa\u00e7\u00e3o F\u00c1TICA.<\/a><\/h3>\n\n\n\n<p>Uma empresa do ramo de bebidas industrializa recipientes para acondicionamento de \u00e1gua mineral que antes eram tributadas sob \u201cal\u00edquota zero\u201d por serem consideradas embalagens para alimentos, conforme classifica\u00e7\u00e3o da tabela de incid\u00eancia do IPI (TIPI), anexa ao Decreto 2.092\/96. Com o advento do Decreto 3.777\/01, os produtos como \u201cgarraf\u00f5es, garrafas, frascos e artigos semelhantes\u201d, passaram a ser tributados com al\u00edquota de 15%.<\/p>\n\n\n\n<p>O TRF considerou tal reclassifica\u00e7\u00e3o como ilegal. Para o tribunal, \u201ca \u00e1gua mineral \u00e9 produto obviamente essencial \u00e0 vida humana\u201d. O IPI, segundo aquela Corte, deve ser seletivo em fun\u00e7\u00e3o da essencialidade do produto, ou seja, do conte\u00fado, e n\u00e3o das embalagens.<\/p>\n\n\n\n<p>A Fazenda Nacional interp\u00f4s RE no qual sustentou que o ato questionado violou o princ\u00edpio da seletividade, na medida em que a empresa de embalagens estaria a receber benef\u00edcio destinado t\u00e3o-somente \u00e0s ind\u00fastrias aliment\u00edcias.<\/p>\n\n\n\n<h3 class=\"wp-block-heading\" id=\"h-4-2-an-lise-estrat-gica\"><a>4.2. An\u00e1lise ESTRAT\u00c9GICA.<\/a><\/h3>\n\n\n\n<h4 class=\"wp-block-heading\" id=\"h-4-2-1-quest-o-jur-dica\">4.2.1.&nbsp; Quest\u00e3o JUR\u00cdDICA.<\/h4>\n\n\n\n<p>CF\/1988:<\/p>\n\n\n\n<p>Art. 153. Compete \u00e0 Uni\u00e3o instituir impostos sobre:<\/p>\n\n\n\n<p>IV &#8211; produtos industrializados;<\/p>\n\n\n\n<p>\u00a7 3\u00ba O imposto previsto no inciso IV:<\/p>\n\n\n\n<p>I &#8211; ser\u00e1 seletivo, em fun\u00e7\u00e3o da essencialidade do produto;<\/p>\n\n\n\n<h4 class=\"wp-block-heading\" id=\"h-4-2-2-a-gua-essencial-e-as-garrafas-n-o\">4.2.2.&nbsp;&nbsp;&nbsp;&nbsp; A \u00e1gua \u00e9 essencial e as garrafas n\u00e3o?<\/h4>\n\n\n\n<p><strong><em><u>R:<\/u><\/em><\/strong> <strong>\u00c9 por a\u00ed&#8230;<\/strong><\/p>\n\n\n\n<p>Em se tratando de embalagens, o que deve ser considerado para fins de seletividade (art. 153, \u00a7 3\u00ba, I, da CF) \u00e9 o grau de essencialidade do produto a ser acondicionado e n\u00e3o da embalagem propriamente considerada.<\/p>\n\n\n\n<p>Com efeito, a CF imp\u00f5e que o Imposto sobre Produtos Industrializados (IPI) seja <strong>seletivo em raz\u00e3o da essencialidade do produto<\/strong>, ou seja, a al\u00edquota do imposto levar\u00e1 em considera\u00e7\u00e3o a import\u00e2ncia e necessidade do bem para o consumidor e para a coletividade. Entretanto, a observ\u00e2ncia \u00e0 seletividade e a atribui\u00e7\u00e3o de al\u00edquota zero aos produtos essenciais s\u00e3o fen\u00f4menos que n\u00e3o se confundem. \u00c9 poss\u00edvel que o Poder Executivo, de acordo com as balizas impostas pelo legislador, estabele\u00e7a al\u00edquotas reduzidas, superiores a zero, a produtos considerados essenciais, sem que isso afronte o princ\u00edpio da seletividade. Dessa forma, a essencialidade do produto n\u00e3o \u00e9 apenas atendida quando a ele for atribu\u00edda a al\u00edquota zero, podendo haver uma GRADA\u00c7\u00c3O RAZO\u00c1VEL nas al\u00edquotas e, ainda assim, respeitar-se a seletividade.<\/p>\n\n\n\n<h4 class=\"wp-block-heading\" id=\"h-4-2-3-resultado-final\">4.2.3.&nbsp; Resultado final.<\/h4>\n\n\n\n<p>Com base nesse entendimento, ao apreciar o Tema 501 da repercuss\u00e3o geral, o Plen\u00e1rio deu provimento ao recurso extraordin\u00e1rio. Os ministros Alexandre de Moraes e Nunes Marques acompanharam o voto do relator com ressalvas.<\/p>\n\n\n\n<h1 class=\"wp-block-heading\" id=\"h-direito-processual-penal\"><a>DIREITO PROCESSUAL PENAL<\/a><\/h1>\n\n\n\n<h2 class=\"wp-block-heading\" id=\"h-5-direito-ao-sil-ncio-e-condena-o-com-base-em-interrogat-rio-informal\"><a>5.&nbsp;&nbsp;&nbsp;&nbsp;&nbsp; Direito ao sil\u00eancio e condena\u00e7\u00e3o com base em \u201cinterrogat\u00f3rio informal\u201d<\/a><\/h2>\n\n\n\n<p><strong>RECURSO EM HABEAS CORPUS<\/strong><\/p>\n\n\n\n<p><a>N\u00e3o se admite condena\u00e7\u00e3o baseada exclusivamente em declara\u00e7\u00f5es informais prestadas a policiais no momento da pris\u00e3o em flagrante.<\/a><\/p>\n\n\n\n<p>RHC 170843 AgR\/SP, relator Min. Gilmar Mendes, julgamento em 4.5.2021(Info 1016)<\/p>\n\n\n\n<h3 class=\"wp-block-heading\" id=\"h-5-1-situa-o-f-tica\"><a>5.1. Situa\u00e7\u00e3o F\u00c1TICA.<\/a><\/h3>\n\n\n\n<p>Uma mulher foi abordada em via p\u00fablica portando um papelote de coca\u00edna e, posteriormente, terem sido encontrados em seu carro e em sua resid\u00eancia mais tr\u00eas papelotes e R$ 200, a mulher teria confessado aos policiais o tr\u00e1fico.<\/p>\n\n\n\n<p>Denunciada, ela teve sua a\u00e7\u00e3o penal julgada parcialmente procedente pelo ju\u00edzo de primeiro grau, que desclassificou de tr\u00e1fico de drogas para o de posse para uso pr\u00f3prio, diante da aus\u00eancia de provas. O Tribunal de Justi\u00e7a local, em apela\u00e7\u00e3o do Minist\u00e9rio P\u00fablico, tomou como prova, para legitimar a condena\u00e7\u00e3o por tr\u00e1fico, a suposta declara\u00e7\u00e3o da mulher, perante policiais militares no momento da abordagem, de que a droga se destinaria ao com\u00e9rcio.<\/p>\n\n\n\n<h3 class=\"wp-block-heading\" id=\"h-5-2-an-lise-estrat-gica\"><a>5.2. An\u00e1lise ESTRAT\u00c9GICA.<\/a><\/h3>\n\n\n\n<h4 class=\"wp-block-heading\" id=\"h-5-2-1-quest-o-jur-dica\">5.2.1.&nbsp; Quest\u00e3o JUR\u00cdDICA.<\/h4>\n\n\n\n<p>CF:<\/p>\n\n\n\n<p>Art. 5\u00ba Todos s\u00e3o iguais perante a lei, sem distin\u00e7\u00e3o de qualquer natureza, garantindo-se aos brasileiros e aos estrangeiros residentes no Pa\u00eds a inviolabilidade do direito \u00e0 vida, \u00e0 liberdade, \u00e0 igualdade, \u00e0 seguran\u00e7a e \u00e0 propriedade, nos termos seguintes:<\/p>\n\n\n\n<p>LXIII &#8211; o preso ser\u00e1 informado de seus direitos, entre os quais o de permanecer calado, sendo-lhe assegurada a assist\u00eancia da fam\u00edlia e de advogado;<\/p>\n\n\n\n<h4 class=\"wp-block-heading\" id=\"h-5-2-2-as-declara-es-s-o-admiss-veis-como-prova-apta-a-condenar\">5.2.2.&nbsp;&nbsp;&nbsp;&nbsp; As declara\u00e7\u00f5es s\u00e3o admiss\u00edveis como prova apta a condenar?<\/h4>\n\n\n\n<p><strong><em><u>R:<\/u><\/em><\/strong> <strong>Nooops!!<\/strong><\/p>\n\n\n\n<p>A CF imp\u00f5e ao Estado a OBRIGA\u00c7\u00c3O <strong>de informar ao preso seu direito ao sil\u00eancio n\u00e3o apenas no interrogat\u00f3rio formal, mas logo no momento da abordagem<\/strong>, quando recebe voz de pris\u00e3o por policial, em situa\u00e7\u00e3o de flagrante delito.<\/p>\n\n\n\n<p>Ademais, na linha de precedentes da Corte, a falta da advert\u00eancia ao direito ao sil\u00eancio, no momento em que o dever de informa\u00e7\u00e3o se imp\u00f5e, torna il\u00edcita a prova. Isso porque o privil\u00e9gio contra a auto-incrimina\u00e7\u00e3o (<em>nemo tenetur se detegere<\/em>), erigido em garantia fundamental pela Constitui\u00e7\u00e3o, importou compelir o inquiridor, na pol\u00edcia ou em ju\u00edzo, ao DEVER de advertir o interrogado acerca da possibilidade de permanecer calado.<\/p>\n\n\n\n<p>Dessa forma, qualquer suposta confiss\u00e3o firmada, no momento da abordagem, sem observa\u00e7\u00e3o ao direito ao sil\u00eancio, \u00e9 inteiramente imprest\u00e1vel para fins de condena\u00e7\u00e3o e, ainda, invalida demais provas obtidas atrav\u00e9s de tal interrogat\u00f3rio.<\/p>\n\n\n\n<h4 class=\"wp-block-heading\" id=\"h-5-2-3-resultado-final\">5.2.3.&nbsp; Resultado final.<\/h4>\n\n\n\n<p>Com base nesse entendimento, a Segunda Turma, por maioria, negou provimento ao agravo regimental para restabelecer a senten\u00e7a de primeiro grau. Vencido o ministro Nunes Marques.<\/p>\n\n\n\n<div class=\"wp-block-file\"><a href=\"https:\/\/dhg1h5j42swfq.cloudfront.net\/2021\/05\/25172045\/stf-1016.pdf\">stf-1016<\/a><a href=\"https:\/\/dhg1h5j42swfq.cloudfront.net\/2021\/05\/25172045\/stf-1016.pdf\" class=\"wp-block-file__button\" download>Baixar<\/a><\/div>\n","protected":false},"excerpt":{"rendered":"<p>Informativo n\u00ba 1016 do STF COMENTADO pintando na telinha (do seu computador, notebook, tablet, celular&#8230;) para quem est\u00e1 ligado aqui conosco no Estrat\u00e9gia Carreiras Jur\u00eddicas! DOWNLOAD do PDF AQUI! DIREITO CONSTITUCIONAL 1.&nbsp;&nbsp;&nbsp;&nbsp;&nbsp; Compet\u00eancia da Uni\u00e3o para legislar sobre energia e postos de combust\u00edveis A\u00c7\u00c3O DIRETA DE INCONSTITUCIONALIDADE \u00c9 inconstitucional norma estadual que vede ao consumidor, [&hellip;]<\/p>\n","protected":false},"author":833,"featured_media":0,"comment_status":"open","ping_status":"closed","sticky":false,"template":"","format":"standard","meta":{"post_tipo":"article","footnotes":""},"categories":[1],"tags":[],"tax_estado":[],"class_list":["post-751051","post","type-post","status-publish","format-standard","hentry","category-cursos-e-concursos"],"acf":[],"yoast_head":"<!-- This site is optimized with the Yoast SEO Premium plugin v27.2 (Yoast SEO v27.2) - https:\/\/yoast.com\/product\/yoast-seo-premium-wordpress\/ -->\n<title>Informativo STF 1016 Comentado<\/title>\n<meta name=\"robots\" content=\"index, follow, max-snippet:-1, max-image-preview:large, max-video-preview:-1\" \/>\n<link rel=\"canonical\" href=\"https:\/\/www.estrategiaconcursos.com.br\/blog\/informativo-stf-1016-comentado\/\" \/>\n<meta property=\"og:locale\" content=\"pt_BR\" \/>\n<meta property=\"og:type\" content=\"article\" \/>\n<meta property=\"og:title\" content=\"Informativo STF 1016 Comentado\" \/>\n<meta property=\"og:description\" content=\"Informativo n\u00ba 1016 do STF COMENTADO pintando na telinha (do seu computador, notebook, tablet, celular&#8230;) para quem est\u00e1 ligado aqui conosco no Estrat\u00e9gia Carreiras Jur\u00eddicas! DOWNLOAD do PDF AQUI! DIREITO CONSTITUCIONAL 1.&nbsp;&nbsp;&nbsp;&nbsp;&nbsp; Compet\u00eancia da Uni\u00e3o para legislar sobre energia e postos de combust\u00edveis A\u00c7\u00c3O DIRETA DE INCONSTITUCIONALIDADE \u00c9 inconstitucional norma estadual que vede ao consumidor, [&hellip;]\" \/>\n<meta property=\"og:url\" content=\"https:\/\/www.estrategiaconcursos.com.br\/blog\/informativo-stf-1016-comentado\/\" \/>\n<meta property=\"og:site_name\" content=\"Estrat\u00e9gia Concursos\" \/>\n<meta property=\"article:published_time\" content=\"2021-05-25T20:21:38+00:00\" \/>\n<meta property=\"article:modified_time\" content=\"2021-05-25T20:21:39+00:00\" \/>\n<meta name=\"author\" content=\"Jean Vilbert\" \/>\n<meta name=\"twitter:card\" content=\"summary_large_image\" \/>\n<meta name=\"twitter:creator\" content=\"@EstratConcursos\" \/>\n<meta name=\"twitter:site\" content=\"@EstratConcursos\" \/>\n<meta name=\"twitter:label1\" content=\"Escrito por\" \/>\n\t<meta name=\"twitter:data1\" content=\"Jean Vilbert\" \/>\n\t<meta name=\"twitter:label2\" content=\"Est. tempo de leitura\" \/>\n\t<meta name=\"twitter:data2\" content=\"10 minutos\" \/>\n<script type=\"application\/ld+json\" class=\"yoast-schema-graph\">{\"@context\":\"https:\/\/schema.org\",\"@graph\":[{\"@type\":\"NewsArticle\",\"@id\":\"https:\/\/www.estrategiaconcursos.com.br\/blog\/informativo-stf-1016-comentado\/#article\",\"isPartOf\":{\"@id\":\"https:\/\/www.estrategiaconcursos.com.br\/blog\/informativo-stf-1016-comentado\/\"},\"author\":{\"name\":\"Jean Vilbert\",\"@id\":\"https:\/\/www.estrategiaconcursos.com.br\/blog\/#\/schema\/person\/475a0922f10cff0d1bc8bfecde05f999\"},\"headline\":\"Informativo STF 1016 Comentado\",\"datePublished\":\"2021-05-25T20:21:38+00:00\",\"dateModified\":\"2021-05-25T20:21:39+00:00\",\"mainEntityOfPage\":{\"@id\":\"https:\/\/www.estrategiaconcursos.com.br\/blog\/informativo-stf-1016-comentado\/\"},\"wordCount\":2513,\"commentCount\":0,\"publisher\":{\"@id\":\"https:\/\/www.estrategiaconcursos.com.br\/blog\/#organization\"},\"articleSection\":[\"Concursos P\u00fablicos\"],\"inLanguage\":\"pt-BR\",\"potentialAction\":[{\"@type\":\"CommentAction\",\"name\":\"Comment\",\"target\":[\"https:\/\/www.estrategiaconcursos.com.br\/blog\/informativo-stf-1016-comentado\/#respond\"]}],\"copyrightYear\":\"2021\",\"copyrightHolder\":{\"@id\":\"https:\/\/www.estrategiaconcursos.com.br\/blog\/#organization\"}},{\"@type\":\"WebPage\",\"@id\":\"https:\/\/www.estrategiaconcursos.com.br\/blog\/informativo-stf-1016-comentado\/\",\"url\":\"https:\/\/www.estrategiaconcursos.com.br\/blog\/informativo-stf-1016-comentado\/\",\"name\":\"Informativo STF 1016 Comentado\",\"isPartOf\":{\"@id\":\"https:\/\/www.estrategiaconcursos.com.br\/blog\/#website\"},\"datePublished\":\"2021-05-25T20:21:38+00:00\",\"dateModified\":\"2021-05-25T20:21:39+00:00\",\"breadcrumb\":{\"@id\":\"https:\/\/www.estrategiaconcursos.com.br\/blog\/informativo-stf-1016-comentado\/#breadcrumb\"},\"inLanguage\":\"pt-BR\",\"potentialAction\":[{\"@type\":\"ReadAction\",\"target\":[\"https:\/\/www.estrategiaconcursos.com.br\/blog\/informativo-stf-1016-comentado\/\"]}]},{\"@type\":\"BreadcrumbList\",\"@id\":\"https:\/\/www.estrategiaconcursos.com.br\/blog\/informativo-stf-1016-comentado\/#breadcrumb\",\"itemListElement\":[{\"@type\":\"ListItem\",\"position\":1,\"name\":\"In\u00edcio\",\"item\":\"https:\/\/www.estrategiaconcursos.com.br\/blog\/\"},{\"@type\":\"ListItem\",\"position\":2,\"name\":\"Informativo STF 1016 Comentado\"}]},{\"@type\":\"WebSite\",\"@id\":\"https:\/\/www.estrategiaconcursos.com.br\/blog\/#website\",\"url\":\"https:\/\/www.estrategiaconcursos.com.br\/blog\/\",\"name\":\"Estrat\u00e9gia Concursos\",\"description\":\"O blog da Estrat\u00e9gia Concursos traz not\u00edcias sobre concursos e artigos de professores oferecendo cursos para concursos (pdf + videaulas) no site.\",\"publisher\":{\"@id\":\"https:\/\/www.estrategiaconcursos.com.br\/blog\/#organization\"},\"potentialAction\":[{\"@type\":\"SearchAction\",\"target\":{\"@type\":\"EntryPoint\",\"urlTemplate\":\"https:\/\/www.estrategiaconcursos.com.br\/blog\/?s={search_term_string}\"},\"query-input\":{\"@type\":\"PropertyValueSpecification\",\"valueRequired\":true,\"valueName\":\"search_term_string\"}}],\"inLanguage\":\"pt-BR\"},{\"@type\":\"Organization\",\"@id\":\"https:\/\/www.estrategiaconcursos.com.br\/blog\/#organization\",\"name\":\"Estrat\u00e9gia Concursos\",\"url\":\"https:\/\/www.estrategiaconcursos.com.br\/blog\/\",\"logo\":{\"@type\":\"ImageObject\",\"inLanguage\":\"pt-BR\",\"@id\":\"https:\/\/www.estrategiaconcursos.com.br\/blog\/#\/schema\/logo\/image\/\",\"url\":\"https:\/\/dhg1h5j42swfq.cloudfront.net\/2025\/06\/03203428\/logo_concursos-1.jpg\",\"contentUrl\":\"https:\/\/dhg1h5j42swfq.cloudfront.net\/2025\/06\/03203428\/logo_concursos-1.jpg\",\"width\":230,\"height\":60,\"caption\":\"Estrat\u00e9gia Concursos\"},\"image\":{\"@id\":\"https:\/\/www.estrategiaconcursos.com.br\/blog\/#\/schema\/logo\/image\/\"},\"sameAs\":[\"https:\/\/x.com\/EstratConcursos\"]},{\"@type\":\"Person\",\"@id\":\"https:\/\/www.estrategiaconcursos.com.br\/blog\/#\/schema\/person\/475a0922f10cff0d1bc8bfecde05f999\",\"name\":\"Jean Vilbert\",\"image\":{\"@type\":\"ImageObject\",\"inLanguage\":\"pt-BR\",\"@id\":\"https:\/\/secure.gravatar.com\/avatar\/1667694e4ebdd32feeac9ea2794de3f0470b5c55c6198181ab0b0c333b121921?s=96&d=mm&r=g\",\"url\":\"https:\/\/secure.gravatar.com\/avatar\/1667694e4ebdd32feeac9ea2794de3f0470b5c55c6198181ab0b0c333b121921?s=96&d=mm&r=g\",\"contentUrl\":\"https:\/\/secure.gravatar.com\/avatar\/1667694e4ebdd32feeac9ea2794de3f0470b5c55c6198181ab0b0c333b121921?s=96&d=mm&r=g\",\"caption\":\"Jean Vilbert\"},\"url\":\"https:\/\/www.estrategiaconcursos.com.br\/blog\/author\/jeanvilbertgmail-com\/\"}]}<\/script>\n<!-- \/ Yoast SEO Premium plugin. -->","yoast_head_json":{"title":"Informativo STF 1016 Comentado","robots":{"index":"index","follow":"follow","max-snippet":"max-snippet:-1","max-image-preview":"max-image-preview:large","max-video-preview":"max-video-preview:-1"},"canonical":"https:\/\/www.estrategiaconcursos.com.br\/blog\/informativo-stf-1016-comentado\/","og_locale":"pt_BR","og_type":"article","og_title":"Informativo STF 1016 Comentado","og_description":"Informativo n\u00ba 1016 do STF COMENTADO pintando na telinha (do seu computador, notebook, tablet, celular&#8230;) para quem est\u00e1 ligado aqui conosco no Estrat\u00e9gia Carreiras Jur\u00eddicas! DOWNLOAD do PDF AQUI! DIREITO CONSTITUCIONAL 1.&nbsp;&nbsp;&nbsp;&nbsp;&nbsp; Compet\u00eancia da Uni\u00e3o para legislar sobre energia e postos de combust\u00edveis A\u00c7\u00c3O DIRETA DE INCONSTITUCIONALIDADE \u00c9 inconstitucional norma estadual que vede ao consumidor, [&hellip;]","og_url":"https:\/\/www.estrategiaconcursos.com.br\/blog\/informativo-stf-1016-comentado\/","og_site_name":"Estrat\u00e9gia Concursos","article_published_time":"2021-05-25T20:21:38+00:00","article_modified_time":"2021-05-25T20:21:39+00:00","author":"Jean Vilbert","twitter_card":"summary_large_image","twitter_creator":"@EstratConcursos","twitter_site":"@EstratConcursos","twitter_misc":{"Escrito por":"Jean Vilbert","Est. tempo de leitura":"10 minutos"},"schema":{"@context":"https:\/\/schema.org","@graph":[{"@type":"NewsArticle","@id":"https:\/\/www.estrategiaconcursos.com.br\/blog\/informativo-stf-1016-comentado\/#article","isPartOf":{"@id":"https:\/\/www.estrategiaconcursos.com.br\/blog\/informativo-stf-1016-comentado\/"},"author":{"name":"Jean Vilbert","@id":"https:\/\/www.estrategiaconcursos.com.br\/blog\/#\/schema\/person\/475a0922f10cff0d1bc8bfecde05f999"},"headline":"Informativo STF 1016 Comentado","datePublished":"2021-05-25T20:21:38+00:00","dateModified":"2021-05-25T20:21:39+00:00","mainEntityOfPage":{"@id":"https:\/\/www.estrategiaconcursos.com.br\/blog\/informativo-stf-1016-comentado\/"},"wordCount":2513,"commentCount":0,"publisher":{"@id":"https:\/\/www.estrategiaconcursos.com.br\/blog\/#organization"},"articleSection":["Concursos P\u00fablicos"],"inLanguage":"pt-BR","potentialAction":[{"@type":"CommentAction","name":"Comment","target":["https:\/\/www.estrategiaconcursos.com.br\/blog\/informativo-stf-1016-comentado\/#respond"]}],"copyrightYear":"2021","copyrightHolder":{"@id":"https:\/\/www.estrategiaconcursos.com.br\/blog\/#organization"}},{"@type":"WebPage","@id":"https:\/\/www.estrategiaconcursos.com.br\/blog\/informativo-stf-1016-comentado\/","url":"https:\/\/www.estrategiaconcursos.com.br\/blog\/informativo-stf-1016-comentado\/","name":"Informativo STF 1016 Comentado","isPartOf":{"@id":"https:\/\/www.estrategiaconcursos.com.br\/blog\/#website"},"datePublished":"2021-05-25T20:21:38+00:00","dateModified":"2021-05-25T20:21:39+00:00","breadcrumb":{"@id":"https:\/\/www.estrategiaconcursos.com.br\/blog\/informativo-stf-1016-comentado\/#breadcrumb"},"inLanguage":"pt-BR","potentialAction":[{"@type":"ReadAction","target":["https:\/\/www.estrategiaconcursos.com.br\/blog\/informativo-stf-1016-comentado\/"]}]},{"@type":"BreadcrumbList","@id":"https:\/\/www.estrategiaconcursos.com.br\/blog\/informativo-stf-1016-comentado\/#breadcrumb","itemListElement":[{"@type":"ListItem","position":1,"name":"In\u00edcio","item":"https:\/\/www.estrategiaconcursos.com.br\/blog\/"},{"@type":"ListItem","position":2,"name":"Informativo STF 1016 Comentado"}]},{"@type":"WebSite","@id":"https:\/\/www.estrategiaconcursos.com.br\/blog\/#website","url":"https:\/\/www.estrategiaconcursos.com.br\/blog\/","name":"Estrat\u00e9gia Concursos","description":"O blog da Estrat\u00e9gia Concursos traz not\u00edcias sobre concursos e artigos de professores oferecendo cursos para concursos (pdf + videaulas) no site.","publisher":{"@id":"https:\/\/www.estrategiaconcursos.com.br\/blog\/#organization"},"potentialAction":[{"@type":"SearchAction","target":{"@type":"EntryPoint","urlTemplate":"https:\/\/www.estrategiaconcursos.com.br\/blog\/?s={search_term_string}"},"query-input":{"@type":"PropertyValueSpecification","valueRequired":true,"valueName":"search_term_string"}}],"inLanguage":"pt-BR"},{"@type":"Organization","@id":"https:\/\/www.estrategiaconcursos.com.br\/blog\/#organization","name":"Estrat\u00e9gia Concursos","url":"https:\/\/www.estrategiaconcursos.com.br\/blog\/","logo":{"@type":"ImageObject","inLanguage":"pt-BR","@id":"https:\/\/www.estrategiaconcursos.com.br\/blog\/#\/schema\/logo\/image\/","url":"https:\/\/dhg1h5j42swfq.cloudfront.net\/2025\/06\/03203428\/logo_concursos-1.jpg","contentUrl":"https:\/\/dhg1h5j42swfq.cloudfront.net\/2025\/06\/03203428\/logo_concursos-1.jpg","width":230,"height":60,"caption":"Estrat\u00e9gia Concursos"},"image":{"@id":"https:\/\/www.estrategiaconcursos.com.br\/blog\/#\/schema\/logo\/image\/"},"sameAs":["https:\/\/x.com\/EstratConcursos"]},{"@type":"Person","@id":"https:\/\/www.estrategiaconcursos.com.br\/blog\/#\/schema\/person\/475a0922f10cff0d1bc8bfecde05f999","name":"Jean Vilbert","image":{"@type":"ImageObject","inLanguage":"pt-BR","@id":"https:\/\/secure.gravatar.com\/avatar\/1667694e4ebdd32feeac9ea2794de3f0470b5c55c6198181ab0b0c333b121921?s=96&d=mm&r=g","url":"https:\/\/secure.gravatar.com\/avatar\/1667694e4ebdd32feeac9ea2794de3f0470b5c55c6198181ab0b0c333b121921?s=96&d=mm&r=g","contentUrl":"https:\/\/secure.gravatar.com\/avatar\/1667694e4ebdd32feeac9ea2794de3f0470b5c55c6198181ab0b0c333b121921?s=96&d=mm&r=g","caption":"Jean Vilbert"},"url":"https:\/\/www.estrategiaconcursos.com.br\/blog\/author\/jeanvilbertgmail-com\/"}]}},"_links":{"self":[{"href":"https:\/\/www.estrategiaconcursos.com.br\/blog\/wp-json\/wp\/v2\/posts\/751051","targetHints":{"allow":["GET"]}}],"collection":[{"href":"https:\/\/www.estrategiaconcursos.com.br\/blog\/wp-json\/wp\/v2\/posts"}],"about":[{"href":"https:\/\/www.estrategiaconcursos.com.br\/blog\/wp-json\/wp\/v2\/types\/post"}],"author":[{"embeddable":true,"href":"https:\/\/www.estrategiaconcursos.com.br\/blog\/wp-json\/wp\/v2\/users\/833"}],"replies":[{"embeddable":true,"href":"https:\/\/www.estrategiaconcursos.com.br\/blog\/wp-json\/wp\/v2\/comments?post=751051"}],"version-history":[{"count":1,"href":"https:\/\/www.estrategiaconcursos.com.br\/blog\/wp-json\/wp\/v2\/posts\/751051\/revisions"}],"predecessor-version":[{"id":751057,"href":"https:\/\/www.estrategiaconcursos.com.br\/blog\/wp-json\/wp\/v2\/posts\/751051\/revisions\/751057"}],"wp:attachment":[{"href":"https:\/\/www.estrategiaconcursos.com.br\/blog\/wp-json\/wp\/v2\/media?parent=751051"}],"wp:term":[{"taxonomy":"category","embeddable":true,"href":"https:\/\/www.estrategiaconcursos.com.br\/blog\/wp-json\/wp\/v2\/categories?post=751051"},{"taxonomy":"post_tag","embeddable":true,"href":"https:\/\/www.estrategiaconcursos.com.br\/blog\/wp-json\/wp\/v2\/tags?post=751051"},{"taxonomy":"tax_estado","embeddable":true,"href":"https:\/\/www.estrategiaconcursos.com.br\/blog\/wp-json\/wp\/v2\/tax_estado?post=751051"}],"curies":[{"name":"wp","href":"https:\/\/api.w.org\/{rel}","templated":true}]}}