{"id":74879,"date":"2017-05-24T11:37:03","date_gmt":"2017-05-24T14:37:03","guid":{"rendered":"https:\/\/www.estrategiaconcursos.com.br\/blog\/?p=74879"},"modified":"2017-05-24T11:36:03","modified_gmt":"2017-05-24T14:36:03","slug":"novo-regime-de-recuperacao-fiscal-dos-estados-como-ficam-os-concursos-estaduais-agora","status":"publish","type":"post","link":"https:\/\/www.estrategiaconcursos.com.br\/blog\/novo-regime-de-recuperacao-fiscal-dos-estados-como-ficam-os-concursos-estaduais-agora\/","title":{"rendered":"Novo Regime de Recupera\u00e7\u00e3o Fiscal dos Estados! Como ficam os concursos estaduais agora?"},"content":{"rendered":"<p style=\"text-align: justify;\">\n\tOl&aacute; pessoal, tudo bem? Sou o Prof. Vin&iacute;cius Nascimento, professor&nbsp;de Planejamento Governamental e Or&ccedil;amento P&uacute;blico do Estrat&eacute;gia Concursos, atuando junto ao Prof. S&eacute;rgio Mendes.\n<\/p>\n<p style=\"text-align: justify;\">\n\tHoje, dia 22 de maio de 2017, tivemos a publica&ccedil;&atilde;o no Di&aacute;rio Oficial da Uni&atilde;o a Lei Complementar n&ordm; 159, mais conhecida como Regime de Recupera&ccedil;&atilde;o Fiscal dos Estados e Distrito Federal. Essa lei trouxe importantes regras sobre a negocia&ccedil;&atilde;o da d&iacute;vida que os Estados e o Distrito Federal possuem com a Uni&atilde;o. Minha proposta &eacute; comentar o conte&uacute;do dessa lei, e apresentar o impacto dela no mundo dos concursos e na disciplina de Or&ccedil;amento P&uacute;blico. Quem vem comigo?\n<\/p>\n<p>\n\t<span style=\"color:#0000FF;\"><strong>ORIGEM DA D&Iacute;VIDA DOS ESTADOS E DISTRITO FEDERAL COM A UNI&Atilde;O<\/strong><\/span>\n<\/p>\n<p>\n\t<img loading=\"lazy\" decoding=\"async\" alt=\"\" class=\"aligncenter size-full wp-image-74883\" height=\"159\" src=\"https:\/\/dhg1h5j42swfq.cloudfront.net\/2017\/05\/22153009\/D%C3%ADvida-P%C3%BAblica.jpg\" width=\"318\" srcset=\"https:\/\/dhg1h5j42swfq.cloudfront.net\/2017\/05\/22153009\/D%C3%ADvida-P%C3%BAblica.jpg 318w, https:\/\/dhg1h5j42swfq.cloudfront.net\/2017\/05\/22153009\/D%C3%ADvida-P%C3%BAblica.jpg 300w\" sizes=\"auto, (max-width: 318px) 100vw, 318px\" \/>\n<\/p>\n<p style=\"text-align: justify;\">\n\tNa d&eacute;cada de 70, durante o governo militar, a gest&atilde;o dos tributos era bastante centralizada, ou seja, basicamente a arrecada&ccedil;&atilde;o era efetuada pela Uni&atilde;o, afetando a capacidade de gera&ccedil;&atilde;o de receita para os demais entes federativos. Diante dessa situa&ccedil;&atilde;o, os Estados acabaram por recorrer ao cr&eacute;dito externo, empr&eacute;stimos com bancos internacionais, o que aumentou, de forma significativa, a d&iacute;vida desses entes.\n<\/p>\n<p style=\"text-align: justify;\">\n\tNa d&eacute;cada de 80, a principal fonte de financiamento dos Estados foram os &oacute;rg&atilde;os de governo &ndash; Caixa Econ&ocirc;mica e as chamadas obriga&ccedil;&otilde;es do Tesouro Nacional. Al&eacute;m disso, os Estados emitiram t&iacute;tulos da d&iacute;vida para o financiamento de gastos p&uacute;blicos. Nessa &eacute;poca, n&atilde;o havia a regra que vedava a contrata&ccedil;&atilde;o de opera&ccedil;&atilde;o de cr&eacute;dito entre entes federativos como temos hoje no art. 35 da LRF!!\n<\/p>\n<blockquote>\n<p style=\"margin-left: 35.4pt; text-align: justify;\">\n\t\t<em>Art. 35.&nbsp;<strong>&Eacute; vedada a realiza&ccedil;&atilde;o de opera&ccedil;&atilde;o de cr&eacute;dito entre um ente da Federa&ccedil;&atilde;o<\/strong>, diretamente ou por interm&eacute;dio de fundo, autarquia, funda&ccedil;&atilde;o ou empresa estatal dependente, <strong>e outro<\/strong>, inclusive suas entidades da administra&ccedil;&atilde;o indireta, ainda que sob a forma de nova&ccedil;&atilde;o, refinanciamento ou posterga&ccedil;&atilde;o de d&iacute;vida contra&iacute;da anteriormente.<\/em>\n\t<\/p>\n<\/blockquote>\n<p style=\"text-align: justify;\">\n\tAl&eacute;m dessas opera&ccedil;&otilde;es de cr&eacute;dito interna, muitos dos empr&eacute;stimos externos foram avalizados pela Uni&atilde;o, ou seja, caso os Estados n&atilde;o fizessem o pagamento, a Uni&atilde;o, com poder de pagamento bem superior aos Estados, assumia essas obriga&ccedil;&otilde;es e cobrava dos Estados.\n<\/p>\n<p style=\"text-align: justify;\">\n\tOutro fator que contribuiu para o endividamento dos Estados com a Uni&atilde;o foi a &ldquo;quebradeira&rdquo; de diversos bancos p&uacute;blicos estaduais. &Agrave; medida que esses bancos foram emitindo t&iacute;tulos da d&iacute;vida, por&eacute;m, sem condi&ccedil;&otilde;es de resgat&aacute;-los. Com esses bancos quebrados, a Uni&atilde;o passou a assumir os passivos dessas entidades e passou a exigir o pagamento dos Estados.\n<\/p>\n<p style=\"text-align: justify;\">\n\t<span style=\"color:#0000FF;\"><strong>PRIMEIRA TENTATIVA DE ACORDO DE PAGAMENTO<\/strong><\/span>\n<\/p>\n<p style=\"text-align: justify;\">\n\tEm 1997 foi feito o acordo de refinanciamento com os Estados. Nesse acordo, os Estados se comprometeram a quitar suas d&iacute;vidas com a Uni&atilde;o em 30 anos. Os valores da d&iacute;vida seriam ajustados com base em uma taxa pr&eacute;-fixada somada ao &Iacute;ndice Geral de Pre&ccedil;os (IGP-DI). Al&eacute;m disso, os bancos estaduais foram privatizados e os Estados ficariam proibidos de emitir novos t&iacute;tulos da d&iacute;vida. Foi ent&atilde;o que, em 2000, foi editada a nossa conhecida Lei de Responsabilidade Fiscal.\n<\/p>\n<p style=\"text-align: justify;\">\n\tO &iacute;ndice de corre&ccedil;&atilde;o, que no in&iacute;cio se mostrou um bom neg&oacute;cio, virou motivo de descontentamento por parte dos Estados, que buscaram um novo acordo de pagamento, dessa vez com uma taxa de corre&ccedil;&atilde;o menor, o que foi acertado que seria com base na SELIC ou IPCA (infla&ccedil;&atilde;o), dos dois o menor. Mesmo com a nova taxa, os Estados n&atilde;o ficaram satisfeitos. Houve nova tentativa de acordo: dessa vez trocar juros compostos por juros simples.\n<\/p>\n<p style=\"text-align: justify;\">\n\tO governo federal, na &eacute;poca chefiado pela Dilma Roussef, ofereceu uma contrapartida: aumentar o prazo por mais 20 anos e modificar o indexador da d&iacute;vida.\n<\/p>\n<p style=\"text-align: justify;\">\n\t<span style=\"color:#0000FF;\"><strong>PUBLICA&Ccedil;&Atilde;O DA LEI COMPLEMENTAR N&ordm; 159\/2017<\/strong><\/span>\n<\/p>\n<p style=\"text-align: justify;\">\n\tAp&oacute;s essa proposta, finalmente foi aprovada e sancionada o Regime de Recupera&ccedil;&atilde;o Fiscal dos Estados, atrav&eacute;s da Lei Complementar 156\/17.\n<\/p>\n<p style=\"text-align: justify;\">\n\tA partir de agora, vamos comentar os pontos mais importantes da referida lei, e entender como ela causa impacto na gest&atilde;o p&uacute;blica dos Estados e nos concursos p&uacute;blicos.\n<\/p>\n<p style=\"margin-left: 35.4pt; text-align: justify;\">\n\t<em>Art. 2&ordm; O Plano de Recupera&ccedil;&atilde;o ser&aacute; formado por lei ou por conjunto de leis do Estado que desejar aderir ao Regime de Recupera&ccedil;&atilde;o Fiscal, por diagn&oacute;stico em que se reconhece a situa&ccedil;&atilde;o de desequil&iacute;brio financeiro e pelo detalhamento das medidas de ajuste, com os impactos esperados e os prazos para a sua ado&ccedil;&atilde;o.<\/em>\n<\/p>\n<p style=\"text-align: justify;\">\n\tOs estados devem formalizar a ades&atilde;o a esse plano de recupera&ccedil;&atilde;o fiscal <strong>atrav&eacute;s de lei<\/strong>, sendo imprescind&iacute;vel o reconhecimento da situa&ccedil;&atilde;o de desequil&iacute;brio fiscal e financeiro, bem como reconhecer as medidas que dever&atilde;o ser tomadas pelos Estados.\n<\/p>\n<p style=\"margin-left: 35.4pt; text-align: justify;\">\n\t<em>&sect; 1&ordm; A lei ou o conjunto de leis de que trata o caput deste artigo dever&aacute; implementar as seguintes medidas: <\/em>\n<\/p>\n<p style=\"margin-left: 35.4pt; text-align: justify;\">\n\t<em>I &#8211; a autoriza&ccedil;&atilde;o de privatiza&ccedil;&atilde;o de empresas dos setores financeiro, de energia, de saneamento e outros, na forma do inciso II do &sect; 1&ordm; do art. 4&ordm;, com vistas &agrave; utiliza&ccedil;&atilde;o dos recursos para quita&ccedil;&atilde;o de passivos; <\/em>\n<\/p>\n<p style=\"margin-left: 35.4pt; text-align: justify;\">\n\t<em>II &#8211; a ado&ccedil;&atilde;o pelo Regime Pr&oacute;prio de Previd&ecirc;ncia Social mantido pelo Estado, no que couber, das regras previdenci&aacute;rias disciplinadas pela Lei n&ordm; 13.135, de 17 de junho de 2015; <\/em>\n<\/p>\n<p style=\"margin-left: 35.4pt; text-align: justify;\">\n\t<em>III &#8211; a redu&ccedil;&atilde;o dos incentivos ou benef&iacute;cios de natureza tribut&aacute;ria dos quais decorram ren&uacute;ncias de receitas institu&iacute;dos por lei estadual ou distrital, de, no m&iacute;nimo, 10% a.a. (dez por cento ao ano), ressalvados aqueles concedidos por prazo certo e em fun&ccedil;&atilde;o de determinadas condi&ccedil;&otilde;es e aqueles institu&iacute;dos na forma estabelecida pela al&iacute;nea &quot;g&quot; do inciso XII do &sect; 2o do art. 155 da Constitui&ccedil;&atilde;o Federal; <\/em>\n<\/p>\n<p style=\"margin-left: 35.4pt; text-align: justify;\">\n\t<em>IV &#8211; a revis&atilde;o do regime jur&iacute;dico &uacute;nico dos servidores estaduais da administra&ccedil;&atilde;o p&uacute;blica direta, aut&aacute;rquica e fundacional para suprimir benef&iacute;cios ou vantagens n&atilde;o previstos no regime jur&iacute;dico &uacute;nico dos servidores p&uacute;blicos da Uni&atilde;o; <\/em>\n<\/p>\n<p style=\"margin-left: 35.4pt; text-align: justify;\">\n\t<em>V &#8211; a institui&ccedil;&atilde;o, se cab&iacute;vel, do regime de previd&ecirc;ncia complementar a que se referem os &sect;&sect; 14, 15 e 16 do art. 40 da Constitui&ccedil;&atilde;o Federal; <\/em>\n<\/p>\n<p style=\"margin-left: 35.4pt; text-align: justify;\">\n\t<em>VI &#8211; a proibi&ccedil;&atilde;o de realizar saques em contas de dep&oacute;sitos judiciais, ressalvados aqueles permitidos pela Lei Complementar no 151, de 5 agosto de 2015, enquanto n&atilde;o houver a recomposi&ccedil;&atilde;o do saldo m&iacute;nimo do fundo de reserva, de modo a assegurar o exato cumprimento do disposto na referida Lei Complementar; <\/em>\n<\/p>\n<p style=\"margin-left: 35.4pt; text-align: justify;\">\n\t<em>VII &#8211; a autoriza&ccedil;&atilde;o para realizar leil&otilde;es de pagamento, nos quais ser&aacute; adotado o crit&eacute;rio de julgamento por maior desconto, para fins de prioridade na quita&ccedil;&atilde;o de obriga&ccedil;&otilde;es inscritas em restos a pagar ou inadimplidas.<\/em>\n<\/p>\n<p style=\"text-align: justify;\">\n\tAqui temos uma s&eacute;rie de medidas impostas aos Estados para que possam adotar o regime estabelecido pela lei complementar:\n<\/p>\n<ol>\n<li style=\"text-align: justify;\">\n\t\tAutorizar a <span style=\"color:#FF0000;\"><strong>privatiza&ccedil;&atilde;o de empresas estatais<\/strong><\/span> dos setores de financeiro, de energia, de saneamento e outros, na forma do inciso II do &sect; 1&ordm; do art. 4&ordm; (gerar recursos para pagamento de obriga&ccedil;&otilde;es);\n\t<\/li>\n<li style=\"text-align: justify;\">\n\t\tAdotar o <span style=\"color:#FF0000;\"><strong>regime pr&oacute;prio de previd&ecirc;ncia nos moldes do Governo Federal<\/strong><\/span>;\n\t<\/li>\n<li style=\"text-align: justify;\">\n\t\t<strong><span style=\"color:#FF0000;\">Redu&ccedil;&atilde;o de incentivos fiscais que cause ren&uacute;ncia de receita no m&iacute;nimo em 10%<\/span><\/strong>, ressalvado alguns casos espec&iacute;ficos;\n\t<\/li>\n<li style=\"text-align: justify;\">\n\t\tRevis&atilde;o do regime jur&iacute;dico dos servidores estaduais, <strong><span style=\"color:#FF0000;\">retirando direitos que n&atilde;o estejam previstos na Lei 8.112\/90<\/span><\/strong>;\n\t<\/li>\n<li style=\"text-align: justify;\">\n\t\tRegime de <span style=\"color:#FF0000;\"><strong>Previd&ecirc;ncia Complementar<\/strong><\/span>;\n\t<\/li>\n<li style=\"text-align: justify;\">\n\t\tProibi&ccedil;&atilde;o de saques de dep&oacute;sitos judiciais; e\n\t<\/li>\n<li style=\"text-align: justify;\">\n\t\tAutorizar leil&otilde;es de pagamento, adotando o crit&eacute;rio maior desconto, para pagamento de despesas inscritas em restos a pagar ou inadimplidas.\n\t<\/li>\n<\/ol>\n<p style=\"text-align: justify;\">\n\tDessas obriga&ccedil;&otilde;es dos Estados, eu gostaria de destacas as n&ordm; 4 e 5.\n<\/p>\n<p style=\"text-align: justify;\">\n\t<strong>Muitos estatutos estaduais possuem benef&iacute;cios como anu&ecirc;nio (1% ao ano de servi&ccedil;o), licen&ccedil;a pr&ecirc;mio (3 meses de folga com remunera&ccedil;&atilde;o a cada 5 anos de servi&ccedil;o), abono de ponto (se n&atilde;o tiver falta injustificada no ano, concede 5 dias de folga), e etc.<\/strong> Os Estados que aderirem o novo regime para pagamento de suas d&iacute;vidas, <strong><span style=\"color:#FF0000;\">dever&atilde;o cortar tais benef&iacute;cios<\/span><\/strong>, ou seja, vai haver muita discuss&atilde;o ainda!!!\n<\/p>\n<p style=\"text-align: justify;\">\n\tO outro ponto importante &eacute; o regime complementar. Nele, caso o servidor entre no servi&ccedil;o p&uacute;blico estadual ap&oacute;s a entrada em vigor, deve optar por aderir ou n&atilde;o o regime complementar de previd&ecirc;ncia. Caso n&atilde;o fa&ccedil;a a op&ccedil;&atilde;o, ir&aacute; se aposentar pelo teto do INSS. Caso opte, dever&aacute; realizar uma contribui&ccedil;&atilde;o de modo a custear os valores pagos acima do teto. Vamos continuar!!\n<\/p>\n<p style=\"margin-left: 35.4pt; text-align: justify;\">\n\t<em>&sect; 2&ordm; O prazo de vig&ecirc;ncia do Plano de Recupera&ccedil;&atilde;o ser&aacute; fixado na lei que o instituir, conforme estimativa recomendada pelo Conselho de Supervis&atilde;o, e ser&aacute; limitado a 36 (trinta e seis) meses, admitida 1 (uma) prorroga&ccedil;&atilde;o, se necess&aacute;rio, por per&iacute;odo n&atilde;o superior &agrave;quele originalmente fixado.<\/em>\n<\/p>\n<p style=\"text-align: justify;\">\n\tOs Estados que desejarem aderir ao novo Regime, dever&atilde;o estabelecer o prazo de recupera&ccedil;&atilde;o, ou seja, que as medidas previstas nessa lei devem ser adotadas. Esse prazo &eacute; de 36 meses, admitida a prorroga&ccedil;&atilde;o pelo mesmo per&iacute;odo, ou seja, no m&aacute;ximo em 6 anos os Estados devem implantar todas as medidas citadas.\n<\/p>\n<p style=\"margin-left: 35.4pt; text-align: justify;\">\n\t<em>Art. 8&ordm; S&atilde;o vedados ao Estado durante a vig&ecirc;ncia do Regime de Recupera&ccedil;&atilde;o Fiscal: <\/em>\n<\/p>\n<p style=\"margin-left: 35.4pt; text-align: justify;\">\n\t<em>I &#8211; a concess&atilde;o, a qualquer t&iacute;tulo, de vantagem, aumento, reajuste ou adequa&ccedil;&atilde;o de remunera&ccedil;&atilde;o de membros dos Poderes ou de &oacute;rg&atilde;os, de servidores e empregados p&uacute;blicos e de militares, exceto aqueles provenientes de senten&ccedil;a judicial transitada em julgado, ressalvado o disposto no inciso X do caput do art. 37 da Constitui&ccedil;&atilde;o Federal; <\/em>\n<\/p>\n<p style=\"margin-left: 35.4pt; text-align: justify;\">\n\t<em>II &#8211; a cria&ccedil;&atilde;o de cargo, emprego ou fun&ccedil;&atilde;o que implique aumento de despesa; <\/em>\n<\/p>\n<p style=\"margin-left: 35.4pt; text-align: justify;\">\n\t<em>III &#8211; a altera&ccedil;&atilde;o de estrutura de carreira que implique aumento de despesa; <\/em>\n<\/p>\n<p style=\"margin-left: 35.4pt; text-align: justify;\">\n\t<em>IV &#8211; a admiss&atilde;o ou a contrata&ccedil;&atilde;o de pessoal, a qualquer t&iacute;tulo, ressalvadas as reposi&ccedil;&otilde;es de cargos de chefia e de dire&ccedil;&atilde;o que n&atilde;o acarretem aumento de despesa e aquelas decorrentes de vac&acirc;ncia de cargo efetivo ou vital&iacute;cio; <\/em>\n<\/p>\n<p style=\"margin-left: 35.4pt; text-align: justify;\">\n\t<em>V &#8211; a realiza&ccedil;&atilde;o de concurso p&uacute;blico, ressalvadas as hip&oacute;teses de reposi&ccedil;&atilde;o de vac&acirc;ncia; <\/em>\n<\/p>\n<p style=\"margin-left: 35.4pt; text-align: justify;\">\n\t<em>VI &#8211; a cria&ccedil;&atilde;o ou a majora&ccedil;&atilde;o de aux&iacute;lios, vantagens, b&ocirc;nus, abonos, verbas de representa&ccedil;&atilde;o ou benef&iacute;cios de qualquer natureza em favor de membros dos Poderes, do Minist&eacute;rio P&uacute;blico ou da Defensoria P&uacute;blica, de servidores e empregados p&uacute;blicos e de militares; <\/em>\n<\/p>\n<p style=\"margin-left: 35.4pt; text-align: justify;\">\n\t<em>VII &#8211; a cria&ccedil;&atilde;o de despesa obrigat&oacute;ria de car&aacute;ter continuado; <\/em>\n<\/p>\n<p style=\"margin-left: 35.4pt; text-align: justify;\">\n\t<em>VIII &#8211; a ado&ccedil;&atilde;o de medida que implique reajuste de despesa obrigat&oacute;ria acima da varia&ccedil;&atilde;o anual do &Iacute;ndice Nacional de Pre&ccedil;os ao Consumidor Amplo (IPCA), ou de outro que vier a substitu&iacute;-lo, ou da varia&ccedil;&atilde;o anual da receita corrente l&iacute;quida apurada na forma do inciso IV do caput do art. 2&ordm;&nbsp;da Lei Complementar no 101, de 4 de maio de 2000, o que for menor; <\/em>\n<\/p>\n<p style=\"margin-left: 35.4pt; text-align: justify;\">\n\t<em>IX &#8211; a concess&atilde;o ou a amplia&ccedil;&atilde;o de incentivo ou benef&iacute;cio de natureza tribut&aacute;ria da qual decorra ren&uacute;ncia de receita, ressalvados os concedidos nos termos da al&iacute;nea &quot;g&quot; do inciso XII do &sect; 2&ordm; do art. 155 da Constitui&ccedil;&atilde;o Federal; <\/em>\n<\/p>\n<p style=\"margin-left: 35.4pt; text-align: justify;\">\n\t<em>X &#8211; o empenho ou a contrata&ccedil;&atilde;o de despesas com publicidade e propaganda, exceto para as &aacute;reas de sa&uacute;de, seguran&ccedil;a, educa&ccedil;&atilde;o no tr&acirc;nsito e outras de demonstrada utilidade p&uacute;blica; <\/em>\n<\/p>\n<p style=\"margin-left: 35.4pt; text-align: justify;\">\n\t<em>XI &#8211; a celebra&ccedil;&atilde;o de conv&ecirc;nio, acordo, ajuste ou outros tipos de instrumentos que envolvam a transfer&ecirc;ncia de recursos para outros entes federativos ou para organiza&ccedil;&otilde;es da sociedade civil, ressalvados: <\/em>\n<\/p>\n<p style=\"margin-left: 35.4pt; text-align: justify;\">\n\t<em>a) aqueles necess&aacute;rios para a efetiva recupera&ccedil;&atilde;o fiscal; <\/em>\n<\/p>\n<p style=\"margin-left: 35.4pt; text-align: justify;\">\n\t<em>b) as renova&ccedil;&otilde;es de instrumentos j&aacute; vigentes no momento da ades&atilde;o ao Regime de Recupera&ccedil;&atilde;o Fiscal; <\/em>\n<\/p>\n<p style=\"margin-left: 35.4pt; text-align: justify;\">\n\t<em>c) aqueles decorrentes de parcerias com organiza&ccedil;&otilde;es sociais e que impliquem redu&ccedil;&atilde;o de despesa, comprovada pelo Conselho de Supervis&atilde;o de que trata o art. 6&ordm;; <\/em>\n<\/p>\n<p style=\"margin-left: 35.4pt; text-align: justify;\">\n\t<em>d) aqueles destinados a servi&ccedil;os essenciais, a situa&ccedil;&otilde;es emergenciais, a atividades de assist&ecirc;ncia social relativas a a&ccedil;&otilde;es voltadas para pessoas com defici&ecirc;ncia, idosos e mulheres jovens em situa&ccedil;&atilde;o de risco e, suplementarmente, ao cumprimento de limites constitucionais; <\/em>\n<\/p>\n<p style=\"margin-left: 35.4pt; text-align: justify;\">\n\t<em>XII &#8211; a contrata&ccedil;&atilde;o de opera&ccedil;&otilde;es de cr&eacute;dito e o recebimento ou a concess&atilde;o de garantia, ressalvadas aquelas autorizadas no &acirc;mbito do Regime de Recupera&ccedil;&atilde;o Fiscal, na forma estabelecida pelo art. 11. <\/em>\n<\/p>\n<p style=\"margin-left: 35.4pt; text-align: justify;\">\n\t<em>Par&aacute;grafo &uacute;nico. O Regime de Recupera&ccedil;&atilde;o Fiscal imp&otilde;e as restri&ccedil;&otilde;es de que trata o caput deste artigo a todos os Poderes, aos &oacute;rg&atilde;os, &agrave;s entidades e aos fundos do Estado.<\/em>\n<\/p>\n<p style=\"text-align: justify;\">\n\t<strong>&Eacute; aqui que temos os pontos mais &ldquo;duros&rdquo; da lei.<\/strong> <span style=\"color:#FF0000;\"><u><strong>Caso os Estados fa&ccedil;a a ades&atilde;o ao plano de recupera&ccedil;&atilde;o<\/strong><\/u><\/span> estar&atilde;o <u><strong><span style=\"color:#FF0000;\">proibidos<\/span><\/strong><\/u> de uma s&eacute;rie de atos, os quais eu destaco:\n<\/p>\n<ol>\n<li style=\"text-align: justify;\">\n\t\t<span style=\"color:#FF0000;\"><strong>Aumentar remunera&ccedil;&atilde;o ou conceder reajuste<\/strong><\/span>, exceto a revis&atilde;o geral anual prevista no art. 37, X da CF\/88 e a ado&ccedil;&atilde;o de medida que implique <strong><u><span style=\"color:#FF0000;\">reajuste de despesa obrigat&oacute;ria acima da varia&ccedil;&atilde;o anual do &Iacute;ndice Nacional de Pre&ccedil;os ao Consumidor Amplo (IPCA)<\/span><\/u><\/strong>.\n\t<\/li>\n<\/ol>\n<p style=\"text-align: justify;\">\n\tEnquanto viger o plano, n&atilde;o poder&aacute; ter aumento salarial, somente reajusta geral, sem distin&ccedil;&atilde;o de &iacute;ndice. Portanto, n&atilde;o haver&aacute; aumento diferenciado nos cargos desses entes e n&atilde;o poder&aacute; ser acima da infla&ccedil;&atilde;o.\n<\/p>\n<ol>\n<li style=\"text-align: justify;\" value=\"2\">\n\t\t<span style=\"color:#FF0000;\"><strong>Cria&ccedil;&atilde;o de cargo, emprego ou fun&ccedil;&atilde;o ou altera&ccedil;&atilde;o de estrutura de carreira que implique aumento de despesa.<\/strong><\/span>\n\t<\/li>\n<\/ol>\n<p style=\"text-align: justify;\">\n\tN&atilde;o poder&aacute; haver aumento de despesa de pessoal enquanto durar a recupera&ccedil;&atilde;o.\n<\/p>\n<ol>\n<li style=\"text-align: justify;\" value=\"3\">\n\t\tA<span style=\"color:#FF0000;\"><strong> admiss&atilde;o ou a contrata&ccedil;&atilde;o de pessoal, a qualquer t&iacute;tulo, ressalvadas as reposi&ccedil;&otilde;es <\/strong><\/span>de cargos de chefia e de dire&ccedil;&atilde;o que <span style=\"color:#FF0000;\"><strong>n&atilde;o acarretem aumento de despesa e aquelas decorrentes de vac&acirc;ncia de cargo efetivo ou vital&iacute;cio<\/strong><\/span> <span style=\"color:#FF0000;\"><strong>e realiza&ccedil;&atilde;o de concurso p&uacute;blico, ressalvadas as hip&oacute;teses de reposi&ccedil;&atilde;o de vac&acirc;ncia.<\/strong><\/span>\n\t<\/li>\n<\/ol>\n<p style=\"text-align: justify;\">\n\tAqui surge a d&uacute;vida:<strong><span style=\"color:#0000FF;\"> os concursos v&atilde;o acabar? A resposta &eacute; um sonoro N&Atilde;O!!!<\/span><\/strong> <u><strong><span style=\"color:#0000FF;\">O que a lei est&aacute; querendo vedar &eacute; aumentar o gasto com pessoal, ou seja, criar mais cargos e fazer mais concursos.<\/span><\/strong><\/u> Nesse caso, os concursos ficar&atilde;o limitados apenas &agrave; reposi&ccedil;&atilde;o dos cargos que estejam vagos. Portanto n&atilde;o vai acabar concurso, mas vai diminuir, com certeza!!\n<\/p>\n<ol>\n<li style=\"text-align: justify;\" value=\"4\">\n\t\tCria&ccedil;&atilde;o de despesa obrigat&oacute;ria de car&aacute;ter continuado\n\t<\/li>\n<\/ol>\n<p style=\"text-align: justify;\">\n\tOutro ponto importante. Despesa obrigat&oacute;ria de car&aacute;ter continuado &eacute; a despesa derivada de lei, medida provis&oacute;ria ou ato administrativo normativo que fixem para o ente a obriga&ccedil;&atilde;o legal de sua execu&ccedil;&atilde;o por um per&iacute;odo superior a dois exerc&iacute;cios. Portanto, isso n&atilde;o ser&aacute; mais poss&iacute;vel, uma vez que compromete o or&ccedil;amento dos exerc&iacute;cios seguintes.\n<\/p>\n<p style=\"text-align: justify;\">\n\tEsses pontos s&atilde;o cruciais para n&oacute;s concurseiros, pois vai afetar o n&uacute;mero de vagas consideravelmente.\n<\/p>\n<p style=\"text-align: justify;\">\n\t<span style=\"color:#0000FF;\"><strong>ALTERA&Ccedil;&Otilde;ES NA LEI DE RESPONSABILIDADE FISCAL<\/strong><\/span>\n<\/p>\n<p>\n\t<img loading=\"lazy\" decoding=\"async\" alt=\"\" class=\"aligncenter size-full wp-image-74921\" height=\"180\" src=\"https:\/\/dhg1h5j42swfq.cloudfront.net\/2017\/05\/22163100\/LRF.jpg\" width=\"280\" \/>\n<\/p>\n<p style=\"text-align: justify;\">\n\tSegundo o art. 10 da Lei Complementar 159\/17, <span style=\"color:#0000FF;\"><strong>durante a vig&ecirc;ncia do Regime de Recupera&ccedil;&atilde;o Fiscal<\/strong><\/span>, <span style=\"color:#0000FF;\"><strong>fica suspensa a aplica&ccedil;&atilde;o dos seguintes dispositivos da Lei Complementar n&ordm; 101, de 4 de maio de 2000:<\/strong><\/span>\n<\/p>\n<p style=\"margin-left: 35.4pt; text-align: justify;\">\n\t<em>Art. 23.&nbsp;Se a despesa total com pessoal, do Poder ou &oacute;rg&atilde;o referido no art. 20, ultrapassar os limites definidos no mesmo artigo, sem preju&iacute;zo das medidas previstas no art. 22, o percentual excedente ter&aacute; de ser eliminado nos dois quadrimestres seguintes, sendo pelo menos um ter&ccedil;o no primeiro, adotando-se, entre outras, as provid&ecirc;ncias previstas nos&nbsp;&sect;&sect; 3&ordm;&nbsp;e&nbsp;4&ordm;&nbsp;do art. 169 da Constitui&ccedil;&atilde;o.<\/em>\n<\/p>\n<p style=\"margin-left: 35.4pt; text-align: justify;\">\n\t<em>&sect; 1&ordm;&nbsp;No caso do&nbsp;inciso I do &sect; 3&ordm; do art. 169 da Constitui&ccedil;&atilde;o, o objetivo poder&aacute; ser alcan&ccedil;ado tanto pela extin&ccedil;&atilde;o de cargos e fun&ccedil;&otilde;es quanto pela redu&ccedil;&atilde;o dos valores a eles atribu&iacute;dos.&nbsp;<\/em>\n<\/p>\n<p style=\"margin-left: 35.4pt; text-align: justify;\">\n\t<em>&sect; 2&ordm;&nbsp;&Eacute; facultada a redu&ccedil;&atilde;o tempor&aacute;ria da jornada de trabalho com adequa&ccedil;&atilde;o dos vencimentos &agrave; nova carga hor&aacute;ria.&nbsp;<\/em>\n<\/p>\n<p style=\"margin-left: 35.4pt; text-align: justify;\">\n\t<em>&sect; 3&ordm;&nbsp;N&atilde;o alcan&ccedil;ada a redu&ccedil;&atilde;o no prazo estabelecido, e enquanto perdurar o excesso, o ente n&atilde;o poder&aacute;:<\/em>\n<\/p>\n<p style=\"margin-left: 35.4pt; text-align: justify;\">\n\t<em>I &#8211; receber transfer&ecirc;ncias volunt&aacute;rias;<\/em>\n<\/p>\n<p style=\"margin-left: 35.4pt; text-align: justify;\">\n\t<em>II &#8211; obter garantia, direta ou indireta, de outro ente;<\/em>\n<\/p>\n<p style=\"margin-left: 35.4pt; text-align: justify;\">\n\t<em>III &#8211; contratar opera&ccedil;&otilde;es de cr&eacute;dito, ressalvadas as destinadas ao refinanciamento da d&iacute;vida mobili&aacute;ria e as que visem &agrave; redu&ccedil;&atilde;o das despesas com pessoal.<\/em>\n<\/p>\n<p style=\"margin-left: 35.4pt; text-align: justify;\">\n\t<em>&sect; 4&ordm;&nbsp;As restri&ccedil;&otilde;es do &sect; 3&ordm;&nbsp;aplicam-se imediatamente se a despesa total com pessoal exceder o limite no primeiro quadrimestre do &uacute;ltimo ano do mandato dos titulares de Poder ou &oacute;rg&atilde;o referidos no art. 20.<\/em>\n<\/p>\n<p style=\"text-align: justify;\">\n\tSomente o &sect; 3&ordm; inciso I (receber transfer&ecirc;ncias volunt&aacute;rias) n&atilde;o est&aacute; suspenso. Outro dispositivo da LRF que est&aacute; suspenso &eacute; o seguinte:\n<\/p>\n<p style=\"margin-left: 35.4pt; text-align: justify;\">\n\t<em>Al&iacute;neas &quot;a&quot; e &quot;c&quot; do inciso IV do &sect; 1&ordm; do art. 25, ressalvada a observ&acirc;ncia ao disposto no &sect; 3&ordm; do art. 195 da Constitui&ccedil;&atilde;o Federal;<\/em>\n<\/p>\n<p style=\"text-align: justify;\">\n\tAqui temos regras sobre a transfer&ecirc;ncia volunt&aacute;rias de recursos. Para que o ente possa receber, dever&aacute; comprova que existe dota&ccedil;&atilde;o or&ccedil;ament&aacute;ria, n&atilde;o ser para pagamento de pessoal, comprovar que est&aacute; em dia quanto ao pagamento de tributos, empr&eacute;stimos e financiamentos ao ente transferidor, estar cumprindo os limites m&iacute;nimos de gasto com sa&uacute;de e educa&ccedil;&atilde;o, estar cumprindo o limite de d&iacute;vida, restos a pagar e despesa com pessoal e ter previs&atilde;o or&ccedil;ament&aacute;ria como contrapartida. As al&iacute;neas &ldquo;a&rdquo; e &ldquo;c&rdquo; tratam, respectivamente, do pagamento de tributos empr&eacute;stimos e financiamento e limites de endividamento, restos a pagar e despesa de pessoa. <span style=\"color:#0000FF;\"><strong>Isso quer dizer que o ente poder&aacute; receber transfer&ecirc;ncia volunt&aacute;ria de recursos, mesmo que n&atilde;o esteja em dias com essas obriga&ccedil;&otilde;es mencionadas.<\/strong><\/span>\n<\/p>\n<p style=\"text-align: justify;\">\n\tOutro item importante que possui efic&aacute;cia suspensa durante a vig&ecirc;ncia do plano de recupera&ccedil;&atilde;o &eacute;:\n<\/p>\n<p style=\"margin-left: 35.4pt; text-align: justify;\">\n\t<em>Art. 31.&nbsp;Se a d&iacute;vida consolidada de um ente da Federa&ccedil;&atilde;o ultrapassar o respectivo limite ao final de um quadrimestre, dever&aacute; ser a ele reconduzida at&eacute; o t&eacute;rmino dos tr&ecirc;s subsequentes, reduzindo o excedente em pelo menos 25% (vinte e cinco por cento) no primeiro.<\/em>\n<\/p>\n<p style=\"margin-left: 35.4pt; text-align: justify;\">\n\t<em>&sect; 1&ordm;&nbsp;Enquanto perdurar o excesso, o ente que nele houver incorrido:<\/em>\n<\/p>\n<p style=\"margin-left: 35.4pt; text-align: justify;\">\n\t<em>I &#8211; estar&aacute; proibido de realizar opera&ccedil;&atilde;o de cr&eacute;dito interna ou externa, inclusive por antecipa&ccedil;&atilde;o de receita, ressalvado o refinanciamento do principal atualizado da d&iacute;vida mobili&aacute;ria;<\/em>\n<\/p>\n<p style=\"margin-left: 35.4pt; text-align: justify;\">\n\t<em>II &#8211; obter&aacute; resultado prim&aacute;rio necess&aacute;rio &agrave; recondu&ccedil;&atilde;o da d&iacute;vida ao limite, promovendo, entre outras medidas, limita&ccedil;&atilde;o de empenho, na forma do art. 9&ordm;.<\/em>\n<\/p>\n<p style=\"margin-left: 35.4pt; text-align: justify;\">\n\t<em>&sect; 2&ordm;&nbsp;Vencido o prazo para retorno da d&iacute;vida ao limite, e enquanto perdurar o excesso, o ente ficar&aacute; tamb&eacute;m impedido de receber transfer&ecirc;ncias volunt&aacute;rias da Uni&atilde;o ou do Estado.<\/em>\n<\/p>\n<p style=\"margin-left: 35.4pt; text-align: justify;\">\n\t<em>&sect; 3&ordm;&nbsp;As restri&ccedil;&otilde;es do &sect; 1&ordm;&nbsp;aplicam-se imediatamente se o montante da d&iacute;vida exceder o limite no primeiro quadrimestre do &uacute;ltimo ano do mandato do Chefe do Poder Executivo.<\/em>\n<\/p>\n<p style=\"margin-left: 35.4pt; text-align: justify;\">\n\t<em>&sect; 4&ordm;&nbsp;O Minist&eacute;rio da Fazenda divulgar&aacute;, mensalmente, a rela&ccedil;&atilde;o dos entes que tenham ultrapassado os limites das d&iacute;vidas consolidada e mobili&aacute;ria.<\/em>\n<\/p>\n<p style=\"margin-left: 35.4pt; text-align: justify;\">\n\t<em>&nbsp;&sect; 5&ordm;&nbsp;As normas deste artigo ser&atilde;o observadas nos casos de descumprimento dos limites da d&iacute;vida mobili&aacute;ria e das opera&ccedil;&otilde;es de cr&eacute;dito internas e externas.<\/em>\n<\/p>\n<p style=\"text-align: justify;\">\n\t<span style=\"color:#0000FF;\"><strong>Todo esse artigo se encontra&nbsp;suspenso<\/strong><\/span>, ou seja, essas obriga&ccedil;&otilde;es decorrentes da ultrapassagem do limite de endividamento n&atilde;o ser&atilde;o aplicadas aos entes que aderirem ao plano de recupera&ccedil;&atilde;o.\n<\/p>\n<p style=\"text-align: justify;\">\n\tPor &uacute;ltimo n&atilde;o menos importante &eacute; que <span style=\"color:#0000FF;\"><strong>o prazo previsto no art. 23<\/strong><\/span> (o percentual excedente de despesa de pessoal ter&aacute; de ser eliminado nos dois quadrimestres seguintes, sendo pelo menos um ter&ccedil;o no primeiro) <strong><span style=\"color:#0000FF;\">n&atilde;o se aplica, devendo ser aplicado o que for pactuado pelo plano de recupera&ccedil;&atilde;o.<\/span><\/strong>\n<\/p>\n<p style=\"text-align: justify;\">\n\t<strong>CONSIDERA&Ccedil;&Otilde;ES FINAIS<\/strong>\n<\/p>\n<p style=\"text-align: justify;\">\n\tPessoal, eu estou aqui para apresentar informa&ccedil;&otilde;es reais, sem o intuito de enganar ou criar expectativas. A Administra&ccedil;&atilde;o P&uacute;blica <span style=\"color:#0000FF;\"><strong>DEVE<\/strong><\/span> preencher seus cargos mediante concurso p&uacute;blico. Essa &eacute; uma regra constitucional. <u><strong><span style=\"color:#0000FF;\">Esse regime vai trazer uma redu&ccedil;&atilde;o no n&uacute;mero de vagas, MAS ISSO N&Atilde;O QUER DIZER QUE V&Atilde;O ACABAR OS CONCURSO, COMO DIZEM POR A&Iacute;!<\/span><\/strong><\/u>\n<\/p>\n<p style=\"text-align: justify;\">\n\tVoc&ecirc; deve estudar bastante e com mais &ldquo;carinho&rdquo;, pois a concorr&ecirc;ncia, que j&aacute; n&atilde;o &eacute; pouca, vai aumentar e se qualificar beleza!\n<\/p>\n<p style=\"text-align: justify;\">\n\tEspero que voc&ecirc; tenha gostado desse artigo e possa entender a real situa&ccedil;&atilde;o de muitos Estados que n&atilde;o possuem recursos nem para pagar os servidores e custear servi&ccedil;os p&uacute;blicos j&aacute; existentes, ainda mais aumentar tais despesas ok?\n<\/p>\n<p style=\"text-align: justify;\">\n\tForte abra&ccedil;o e bons estudos!\n<\/p>\n<p style=\"text-align: justify;\">\n\t<a href=\"https:\/\/dhg1h5j42swfq.cloudfront.net\/2016\/06\/13152730\/Prof-Vin%C3%ADcius-escura1.png\" rel=\"attachment wp-att-41270\"><img loading=\"lazy\" decoding=\"async\" alt=\"Prof Vin\u00edcius escura\" height=\"129\" src=\"https:\/\/dhg1h5j42swfq.cloudfront.net\/2016\/06\/13152730\/Prof-Vin%C3%ADcius-escura1.png\" width=\"300\" \/><\/a><\/p>\n","protected":false},"excerpt":{"rendered":"<p>Ol&aacute; pessoal, tudo bem? Sou o Prof. Vin&iacute;cius Nascimento, professor&nbsp;de Planejamento Governamental e Or&ccedil;amento P&uacute;blico do Estrat&eacute;gia Concursos, atuando junto ao Prof. S&eacute;rgio Mendes. Hoje, dia 22 de maio de 2017, tivemos a publica&ccedil;&atilde;o no Di&aacute;rio Oficial da Uni&atilde;o a Lei Complementar n&ordm; 159, mais conhecida como Regime de Recupera&ccedil;&atilde;o Fiscal dos Estados e Distrito [&hellip;]<\/p>\n","protected":false},"author":212,"featured_media":0,"comment_status":"open","ping_status":"open","sticky":false,"template":"","format":"standard","meta":{"post_tipo":"article","footnotes":""},"categories":[1,1983],"tags":[],"tax_estado":[],"class_list":["post-74879","post","type-post","status-publish","format-standard","hentry","category-cursos-e-concursos","category-fiscal-estadual"],"acf":[],"yoast_head":"<!-- This site is optimized with the Yoast SEO Premium plugin v27.2 (Yoast SEO v27.2) - https:\/\/yoast.com\/product\/yoast-seo-premium-wordpress\/ -->\n<title>Novo Regime de Recupera\u00e7\u00e3o Fiscal dos Estados! Como ficam os concursos estaduais agora?<\/title>\n<meta name=\"robots\" content=\"index, follow, max-snippet:-1, max-image-preview:large, max-video-preview:-1\" \/>\n<link rel=\"canonical\" href=\"https:\/\/www.estrategiaconcursos.com.br\/blog\/novo-regime-de-recuperacao-fiscal-dos-estados-como-ficam-os-concursos-estaduais-agora\/\" \/>\n<meta property=\"og:locale\" content=\"pt_BR\" \/>\n<meta property=\"og:type\" content=\"article\" \/>\n<meta property=\"og:title\" content=\"Novo Regime de Recupera\u00e7\u00e3o Fiscal dos Estados! Como ficam os concursos estaduais agora?\" \/>\n<meta property=\"og:description\" content=\"Ol&aacute; pessoal, tudo bem? Sou o Prof. Vin&iacute;cius Nascimento, professor&nbsp;de Planejamento Governamental e Or&ccedil;amento P&uacute;blico do Estrat&eacute;gia Concursos, atuando junto ao Prof. S&eacute;rgio Mendes. Hoje, dia 22 de maio de 2017, tivemos a publica&ccedil;&atilde;o no Di&aacute;rio Oficial da Uni&atilde;o a Lei Complementar n&ordm; 159, mais conhecida como Regime de Recupera&ccedil;&atilde;o Fiscal dos Estados e Distrito [&hellip;]\" \/>\n<meta property=\"og:url\" content=\"https:\/\/www.estrategiaconcursos.com.br\/blog\/novo-regime-de-recuperacao-fiscal-dos-estados-como-ficam-os-concursos-estaduais-agora\/\" \/>\n<meta property=\"og:site_name\" content=\"Estrat\u00e9gia Concursos\" \/>\n<meta property=\"article:published_time\" content=\"2017-05-24T14:37:03+00:00\" \/>\n<meta property=\"og:image\" content=\"https:\/\/www.estrategiaconcursos.com.br\/blog\/wp-content\/uploads\/2017\/05\/LRF.jpg\" \/>\n<meta name=\"author\" content=\"Equipe AFO e Direito Financeiro Estrat\u00e9gia Concursos\" \/>\n<meta name=\"twitter:card\" content=\"summary_large_image\" \/>\n<meta name=\"twitter:creator\" content=\"@EstratConcursos\" \/>\n<meta name=\"twitter:site\" content=\"@EstratConcursos\" \/>\n<meta name=\"twitter:label1\" content=\"Escrito por\" \/>\n\t<meta name=\"twitter:data1\" content=\"Equipe AFO e Direito Financeiro Estrat\u00e9gia Concursos\" \/>\n\t<meta name=\"twitter:label2\" content=\"Est. tempo de leitura\" \/>\n\t<meta name=\"twitter:data2\" content=\"21 minutos\" \/>\n<script type=\"application\/ld+json\" class=\"yoast-schema-graph\">{\"@context\":\"https:\/\/schema.org\",\"@graph\":[{\"@type\":\"NewsArticle\",\"@id\":\"https:\/\/www.estrategiaconcursos.com.br\/blog\/novo-regime-de-recuperacao-fiscal-dos-estados-como-ficam-os-concursos-estaduais-agora\/#article\",\"isPartOf\":{\"@id\":\"https:\/\/www.estrategiaconcursos.com.br\/blog\/novo-regime-de-recuperacao-fiscal-dos-estados-como-ficam-os-concursos-estaduais-agora\/\"},\"author\":{\"name\":\"Equipe AFO e Direito Financeiro Estrat\u00e9gia Concursos\",\"@id\":\"https:\/\/www.estrategiaconcursos.com.br\/blog\/#\/schema\/person\/77a2892ad782f0107fe53568a4b21468\"},\"headline\":\"Novo Regime de Recupera\u00e7\u00e3o Fiscal dos Estados! Como ficam os concursos estaduais agora?\",\"datePublished\":\"2017-05-24T14:37:03+00:00\",\"mainEntityOfPage\":{\"@id\":\"https:\/\/www.estrategiaconcursos.com.br\/blog\/novo-regime-de-recuperacao-fiscal-dos-estados-como-ficam-os-concursos-estaduais-agora\/\"},\"wordCount\":4180,\"commentCount\":12,\"publisher\":{\"@id\":\"https:\/\/www.estrategiaconcursos.com.br\/blog\/#organization\"},\"image\":{\"@id\":\"https:\/\/www.estrategiaconcursos.com.br\/blog\/novo-regime-de-recuperacao-fiscal-dos-estados-como-ficam-os-concursos-estaduais-agora\/#primaryimage\"},\"thumbnailUrl\":\"https:\/\/www.estrategiaconcursos.com.br\/blog\/wp-content\/uploads\/2017\/05\/LRF.jpg\",\"articleSection\":[\"Concursos P\u00fablicos\",\"Fiscal - Estadual (ICMS)\"],\"inLanguage\":\"pt-BR\",\"potentialAction\":[{\"@type\":\"CommentAction\",\"name\":\"Comment\",\"target\":[\"https:\/\/www.estrategiaconcursos.com.br\/blog\/novo-regime-de-recuperacao-fiscal-dos-estados-como-ficam-os-concursos-estaduais-agora\/#respond\"]}],\"copyrightYear\":\"2017\",\"copyrightHolder\":{\"@id\":\"https:\/\/www.estrategiaconcursos.com.br\/blog\/#organization\"}},{\"@type\":\"WebPage\",\"@id\":\"https:\/\/www.estrategiaconcursos.com.br\/blog\/novo-regime-de-recuperacao-fiscal-dos-estados-como-ficam-os-concursos-estaduais-agora\/\",\"url\":\"https:\/\/www.estrategiaconcursos.com.br\/blog\/novo-regime-de-recuperacao-fiscal-dos-estados-como-ficam-os-concursos-estaduais-agora\/\",\"name\":\"Novo Regime de Recupera\u00e7\u00e3o Fiscal dos Estados! Como ficam os concursos estaduais agora?\",\"isPartOf\":{\"@id\":\"https:\/\/www.estrategiaconcursos.com.br\/blog\/#website\"},\"primaryImageOfPage\":{\"@id\":\"https:\/\/www.estrategiaconcursos.com.br\/blog\/novo-regime-de-recuperacao-fiscal-dos-estados-como-ficam-os-concursos-estaduais-agora\/#primaryimage\"},\"image\":{\"@id\":\"https:\/\/www.estrategiaconcursos.com.br\/blog\/novo-regime-de-recuperacao-fiscal-dos-estados-como-ficam-os-concursos-estaduais-agora\/#primaryimage\"},\"thumbnailUrl\":\"https:\/\/www.estrategiaconcursos.com.br\/blog\/wp-content\/uploads\/2017\/05\/LRF.jpg\",\"datePublished\":\"2017-05-24T14:37:03+00:00\",\"breadcrumb\":{\"@id\":\"https:\/\/www.estrategiaconcursos.com.br\/blog\/novo-regime-de-recuperacao-fiscal-dos-estados-como-ficam-os-concursos-estaduais-agora\/#breadcrumb\"},\"inLanguage\":\"pt-BR\",\"potentialAction\":[{\"@type\":\"ReadAction\",\"target\":[\"https:\/\/www.estrategiaconcursos.com.br\/blog\/novo-regime-de-recuperacao-fiscal-dos-estados-como-ficam-os-concursos-estaduais-agora\/\"]}]},{\"@type\":\"ImageObject\",\"inLanguage\":\"pt-BR\",\"@id\":\"https:\/\/www.estrategiaconcursos.com.br\/blog\/novo-regime-de-recuperacao-fiscal-dos-estados-como-ficam-os-concursos-estaduais-agora\/#primaryimage\",\"url\":\"https:\/\/dhg1h5j42swfq.cloudfront.net\/2017\/05\/22163100\/LRF.jpg\",\"contentUrl\":\"https:\/\/dhg1h5j42swfq.cloudfront.net\/2017\/05\/22163100\/LRF.jpg\",\"width\":280,\"height\":180,\"caption\":\"Princ\u00edpios e Objetivos da LRF\"},{\"@type\":\"BreadcrumbList\",\"@id\":\"https:\/\/www.estrategiaconcursos.com.br\/blog\/novo-regime-de-recuperacao-fiscal-dos-estados-como-ficam-os-concursos-estaduais-agora\/#breadcrumb\",\"itemListElement\":[{\"@type\":\"ListItem\",\"position\":1,\"name\":\"In\u00edcio\",\"item\":\"https:\/\/www.estrategiaconcursos.com.br\/blog\/\"},{\"@type\":\"ListItem\",\"position\":2,\"name\":\"Novo Regime de Recupera\u00e7\u00e3o Fiscal dos Estados! Como ficam os concursos estaduais agora?\"}]},{\"@type\":\"WebSite\",\"@id\":\"https:\/\/www.estrategiaconcursos.com.br\/blog\/#website\",\"url\":\"https:\/\/www.estrategiaconcursos.com.br\/blog\/\",\"name\":\"Estrat\u00e9gia Concursos\",\"description\":\"O blog da Estrat\u00e9gia Concursos traz not\u00edcias sobre concursos e artigos de professores oferecendo cursos para concursos (pdf + videaulas) no site.\",\"publisher\":{\"@id\":\"https:\/\/www.estrategiaconcursos.com.br\/blog\/#organization\"},\"potentialAction\":[{\"@type\":\"SearchAction\",\"target\":{\"@type\":\"EntryPoint\",\"urlTemplate\":\"https:\/\/www.estrategiaconcursos.com.br\/blog\/?s={search_term_string}\"},\"query-input\":{\"@type\":\"PropertyValueSpecification\",\"valueRequired\":true,\"valueName\":\"search_term_string\"}}],\"inLanguage\":\"pt-BR\"},{\"@type\":\"Organization\",\"@id\":\"https:\/\/www.estrategiaconcursos.com.br\/blog\/#organization\",\"name\":\"Estrat\u00e9gia Concursos\",\"url\":\"https:\/\/www.estrategiaconcursos.com.br\/blog\/\",\"logo\":{\"@type\":\"ImageObject\",\"inLanguage\":\"pt-BR\",\"@id\":\"https:\/\/www.estrategiaconcursos.com.br\/blog\/#\/schema\/logo\/image\/\",\"url\":\"https:\/\/dhg1h5j42swfq.cloudfront.net\/2025\/06\/03203428\/logo_concursos-1.jpg\",\"contentUrl\":\"https:\/\/dhg1h5j42swfq.cloudfront.net\/2025\/06\/03203428\/logo_concursos-1.jpg\",\"width\":230,\"height\":60,\"caption\":\"Estrat\u00e9gia Concursos\"},\"image\":{\"@id\":\"https:\/\/www.estrategiaconcursos.com.br\/blog\/#\/schema\/logo\/image\/\"},\"sameAs\":[\"https:\/\/x.com\/EstratConcursos\"]},{\"@type\":\"Person\",\"@id\":\"https:\/\/www.estrategiaconcursos.com.br\/blog\/#\/schema\/person\/77a2892ad782f0107fe53568a4b21468\",\"name\":\"Equipe AFO e Direito Financeiro Estrat\u00e9gia Concursos\",\"image\":{\"@type\":\"ImageObject\",\"inLanguage\":\"pt-BR\",\"@id\":\"https:\/\/secure.gravatar.com\/avatar\/d41138c46db8615c04f3f4bacb65c20fd12675ce069a35a91c19fb13ad0747b7?s=96&d=mm&r=g\",\"url\":\"https:\/\/secure.gravatar.com\/avatar\/d41138c46db8615c04f3f4bacb65c20fd12675ce069a35a91c19fb13ad0747b7?s=96&d=mm&r=g\",\"contentUrl\":\"https:\/\/secure.gravatar.com\/avatar\/d41138c46db8615c04f3f4bacb65c20fd12675ce069a35a91c19fb13ad0747b7?s=96&d=mm&r=g\",\"caption\":\"Equipe AFO e Direito Financeiro Estrat\u00e9gia Concursos\"},\"url\":\"https:\/\/www.estrategiaconcursos.com.br\/blog\/author\/vinicius_nascimento1987hotmail-com\/\"}]}<\/script>\n<!-- \/ Yoast SEO Premium plugin. -->","yoast_head_json":{"title":"Novo Regime de Recupera\u00e7\u00e3o Fiscal dos Estados! Como ficam os concursos estaduais agora?","robots":{"index":"index","follow":"follow","max-snippet":"max-snippet:-1","max-image-preview":"max-image-preview:large","max-video-preview":"max-video-preview:-1"},"canonical":"https:\/\/www.estrategiaconcursos.com.br\/blog\/novo-regime-de-recuperacao-fiscal-dos-estados-como-ficam-os-concursos-estaduais-agora\/","og_locale":"pt_BR","og_type":"article","og_title":"Novo Regime de Recupera\u00e7\u00e3o Fiscal dos Estados! Como ficam os concursos estaduais agora?","og_description":"Ol&aacute; pessoal, tudo bem? Sou o Prof. Vin&iacute;cius Nascimento, professor&nbsp;de Planejamento Governamental e Or&ccedil;amento P&uacute;blico do Estrat&eacute;gia Concursos, atuando junto ao Prof. S&eacute;rgio Mendes. Hoje, dia 22 de maio de 2017, tivemos a publica&ccedil;&atilde;o no Di&aacute;rio Oficial da Uni&atilde;o a Lei Complementar n&ordm; 159, mais conhecida como Regime de Recupera&ccedil;&atilde;o Fiscal dos Estados e Distrito [&hellip;]","og_url":"https:\/\/www.estrategiaconcursos.com.br\/blog\/novo-regime-de-recuperacao-fiscal-dos-estados-como-ficam-os-concursos-estaduais-agora\/","og_site_name":"Estrat\u00e9gia Concursos","article_published_time":"2017-05-24T14:37:03+00:00","og_image":[{"url":"https:\/\/www.estrategiaconcursos.com.br\/blog\/wp-content\/uploads\/2017\/05\/LRF.jpg","type":"","width":"","height":""}],"author":"Equipe AFO e Direito Financeiro Estrat\u00e9gia Concursos","twitter_card":"summary_large_image","twitter_creator":"@EstratConcursos","twitter_site":"@EstratConcursos","twitter_misc":{"Escrito por":"Equipe AFO e Direito Financeiro Estrat\u00e9gia Concursos","Est. tempo de leitura":"21 minutos"},"schema":{"@context":"https:\/\/schema.org","@graph":[{"@type":"NewsArticle","@id":"https:\/\/www.estrategiaconcursos.com.br\/blog\/novo-regime-de-recuperacao-fiscal-dos-estados-como-ficam-os-concursos-estaduais-agora\/#article","isPartOf":{"@id":"https:\/\/www.estrategiaconcursos.com.br\/blog\/novo-regime-de-recuperacao-fiscal-dos-estados-como-ficam-os-concursos-estaduais-agora\/"},"author":{"name":"Equipe AFO e Direito Financeiro Estrat\u00e9gia Concursos","@id":"https:\/\/www.estrategiaconcursos.com.br\/blog\/#\/schema\/person\/77a2892ad782f0107fe53568a4b21468"},"headline":"Novo Regime de Recupera\u00e7\u00e3o Fiscal dos Estados! Como ficam os concursos estaduais agora?","datePublished":"2017-05-24T14:37:03+00:00","mainEntityOfPage":{"@id":"https:\/\/www.estrategiaconcursos.com.br\/blog\/novo-regime-de-recuperacao-fiscal-dos-estados-como-ficam-os-concursos-estaduais-agora\/"},"wordCount":4180,"commentCount":12,"publisher":{"@id":"https:\/\/www.estrategiaconcursos.com.br\/blog\/#organization"},"image":{"@id":"https:\/\/www.estrategiaconcursos.com.br\/blog\/novo-regime-de-recuperacao-fiscal-dos-estados-como-ficam-os-concursos-estaduais-agora\/#primaryimage"},"thumbnailUrl":"https:\/\/www.estrategiaconcursos.com.br\/blog\/wp-content\/uploads\/2017\/05\/LRF.jpg","articleSection":["Concursos P\u00fablicos","Fiscal - Estadual (ICMS)"],"inLanguage":"pt-BR","potentialAction":[{"@type":"CommentAction","name":"Comment","target":["https:\/\/www.estrategiaconcursos.com.br\/blog\/novo-regime-de-recuperacao-fiscal-dos-estados-como-ficam-os-concursos-estaduais-agora\/#respond"]}],"copyrightYear":"2017","copyrightHolder":{"@id":"https:\/\/www.estrategiaconcursos.com.br\/blog\/#organization"}},{"@type":"WebPage","@id":"https:\/\/www.estrategiaconcursos.com.br\/blog\/novo-regime-de-recuperacao-fiscal-dos-estados-como-ficam-os-concursos-estaduais-agora\/","url":"https:\/\/www.estrategiaconcursos.com.br\/blog\/novo-regime-de-recuperacao-fiscal-dos-estados-como-ficam-os-concursos-estaduais-agora\/","name":"Novo Regime de Recupera\u00e7\u00e3o Fiscal dos Estados! Como ficam os concursos estaduais agora?","isPartOf":{"@id":"https:\/\/www.estrategiaconcursos.com.br\/blog\/#website"},"primaryImageOfPage":{"@id":"https:\/\/www.estrategiaconcursos.com.br\/blog\/novo-regime-de-recuperacao-fiscal-dos-estados-como-ficam-os-concursos-estaduais-agora\/#primaryimage"},"image":{"@id":"https:\/\/www.estrategiaconcursos.com.br\/blog\/novo-regime-de-recuperacao-fiscal-dos-estados-como-ficam-os-concursos-estaduais-agora\/#primaryimage"},"thumbnailUrl":"https:\/\/www.estrategiaconcursos.com.br\/blog\/wp-content\/uploads\/2017\/05\/LRF.jpg","datePublished":"2017-05-24T14:37:03+00:00","breadcrumb":{"@id":"https:\/\/www.estrategiaconcursos.com.br\/blog\/novo-regime-de-recuperacao-fiscal-dos-estados-como-ficam-os-concursos-estaduais-agora\/#breadcrumb"},"inLanguage":"pt-BR","potentialAction":[{"@type":"ReadAction","target":["https:\/\/www.estrategiaconcursos.com.br\/blog\/novo-regime-de-recuperacao-fiscal-dos-estados-como-ficam-os-concursos-estaduais-agora\/"]}]},{"@type":"ImageObject","inLanguage":"pt-BR","@id":"https:\/\/www.estrategiaconcursos.com.br\/blog\/novo-regime-de-recuperacao-fiscal-dos-estados-como-ficam-os-concursos-estaduais-agora\/#primaryimage","url":"https:\/\/dhg1h5j42swfq.cloudfront.net\/2017\/05\/22163100\/LRF.jpg","contentUrl":"https:\/\/dhg1h5j42swfq.cloudfront.net\/2017\/05\/22163100\/LRF.jpg","width":280,"height":180,"caption":"Princ\u00edpios e Objetivos da LRF"},{"@type":"BreadcrumbList","@id":"https:\/\/www.estrategiaconcursos.com.br\/blog\/novo-regime-de-recuperacao-fiscal-dos-estados-como-ficam-os-concursos-estaduais-agora\/#breadcrumb","itemListElement":[{"@type":"ListItem","position":1,"name":"In\u00edcio","item":"https:\/\/www.estrategiaconcursos.com.br\/blog\/"},{"@type":"ListItem","position":2,"name":"Novo Regime de Recupera\u00e7\u00e3o Fiscal dos Estados! Como ficam os concursos estaduais agora?"}]},{"@type":"WebSite","@id":"https:\/\/www.estrategiaconcursos.com.br\/blog\/#website","url":"https:\/\/www.estrategiaconcursos.com.br\/blog\/","name":"Estrat\u00e9gia Concursos","description":"O blog da Estrat\u00e9gia Concursos traz not\u00edcias sobre concursos e artigos de professores oferecendo cursos para concursos (pdf + videaulas) no site.","publisher":{"@id":"https:\/\/www.estrategiaconcursos.com.br\/blog\/#organization"},"potentialAction":[{"@type":"SearchAction","target":{"@type":"EntryPoint","urlTemplate":"https:\/\/www.estrategiaconcursos.com.br\/blog\/?s={search_term_string}"},"query-input":{"@type":"PropertyValueSpecification","valueRequired":true,"valueName":"search_term_string"}}],"inLanguage":"pt-BR"},{"@type":"Organization","@id":"https:\/\/www.estrategiaconcursos.com.br\/blog\/#organization","name":"Estrat\u00e9gia Concursos","url":"https:\/\/www.estrategiaconcursos.com.br\/blog\/","logo":{"@type":"ImageObject","inLanguage":"pt-BR","@id":"https:\/\/www.estrategiaconcursos.com.br\/blog\/#\/schema\/logo\/image\/","url":"https:\/\/dhg1h5j42swfq.cloudfront.net\/2025\/06\/03203428\/logo_concursos-1.jpg","contentUrl":"https:\/\/dhg1h5j42swfq.cloudfront.net\/2025\/06\/03203428\/logo_concursos-1.jpg","width":230,"height":60,"caption":"Estrat\u00e9gia Concursos"},"image":{"@id":"https:\/\/www.estrategiaconcursos.com.br\/blog\/#\/schema\/logo\/image\/"},"sameAs":["https:\/\/x.com\/EstratConcursos"]},{"@type":"Person","@id":"https:\/\/www.estrategiaconcursos.com.br\/blog\/#\/schema\/person\/77a2892ad782f0107fe53568a4b21468","name":"Equipe AFO e Direito Financeiro Estrat\u00e9gia Concursos","image":{"@type":"ImageObject","inLanguage":"pt-BR","@id":"https:\/\/secure.gravatar.com\/avatar\/d41138c46db8615c04f3f4bacb65c20fd12675ce069a35a91c19fb13ad0747b7?s=96&d=mm&r=g","url":"https:\/\/secure.gravatar.com\/avatar\/d41138c46db8615c04f3f4bacb65c20fd12675ce069a35a91c19fb13ad0747b7?s=96&d=mm&r=g","contentUrl":"https:\/\/secure.gravatar.com\/avatar\/d41138c46db8615c04f3f4bacb65c20fd12675ce069a35a91c19fb13ad0747b7?s=96&d=mm&r=g","caption":"Equipe AFO e Direito Financeiro Estrat\u00e9gia Concursos"},"url":"https:\/\/www.estrategiaconcursos.com.br\/blog\/author\/vinicius_nascimento1987hotmail-com\/"}]}},"_links":{"self":[{"href":"https:\/\/www.estrategiaconcursos.com.br\/blog\/wp-json\/wp\/v2\/posts\/74879","targetHints":{"allow":["GET"]}}],"collection":[{"href":"https:\/\/www.estrategiaconcursos.com.br\/blog\/wp-json\/wp\/v2\/posts"}],"about":[{"href":"https:\/\/www.estrategiaconcursos.com.br\/blog\/wp-json\/wp\/v2\/types\/post"}],"author":[{"embeddable":true,"href":"https:\/\/www.estrategiaconcursos.com.br\/blog\/wp-json\/wp\/v2\/users\/212"}],"replies":[{"embeddable":true,"href":"https:\/\/www.estrategiaconcursos.com.br\/blog\/wp-json\/wp\/v2\/comments?post=74879"}],"version-history":[{"count":9,"href":"https:\/\/www.estrategiaconcursos.com.br\/blog\/wp-json\/wp\/v2\/posts\/74879\/revisions"}],"predecessor-version":[{"id":75189,"href":"https:\/\/www.estrategiaconcursos.com.br\/blog\/wp-json\/wp\/v2\/posts\/74879\/revisions\/75189"}],"wp:attachment":[{"href":"https:\/\/www.estrategiaconcursos.com.br\/blog\/wp-json\/wp\/v2\/media?parent=74879"}],"wp:term":[{"taxonomy":"category","embeddable":true,"href":"https:\/\/www.estrategiaconcursos.com.br\/blog\/wp-json\/wp\/v2\/categories?post=74879"},{"taxonomy":"post_tag","embeddable":true,"href":"https:\/\/www.estrategiaconcursos.com.br\/blog\/wp-json\/wp\/v2\/tags?post=74879"},{"taxonomy":"tax_estado","embeddable":true,"href":"https:\/\/www.estrategiaconcursos.com.br\/blog\/wp-json\/wp\/v2\/tax_estado?post=74879"}],"curies":[{"name":"wp","href":"https:\/\/api.w.org\/{rel}","templated":true}]}}