{"id":748771,"date":"2021-05-23T23:53:27","date_gmt":"2021-05-24T02:53:27","guid":{"rendered":"https:\/\/www.estrategiaconcursos.com.br\/blog\/?p=748771"},"modified":"2021-05-24T15:01:58","modified_gmt":"2021-05-24T18:01:58","slug":"gabarito-extraoficial-pf-fisica","status":"publish","type":"post","link":"https:\/\/www.estrategiaconcursos.com.br\/blog\/gabarito-extraoficial-pf-fisica\/","title":{"rendered":"Gabarito PF F\u00edsica: TEM RECURSO! Duas poss\u00edveis ANULA\u00c7\u00d5ES"},"content":{"rendered":"\n<p>Fala, pessoal. <strong>Prof. Vin\u00edcius Silva<\/strong> trazendo aqui para voc\u00eas o gabarito extraoficial e a corre\u00e7\u00e3o da prova de F\u00edsica, cargo de Papiloscopista da Pol\u00edcia Federal.<\/p>\n\n\n\n<p>A prova de F\u00edsica veio em alt\u00edssimo n\u00edvel, realmente muito dif\u00edcil! Logo de antem\u00e3o, j\u00e1 antecipo que <strong><span class=\"has-inline-color has-vivid-red-color\">DUAS QUEST\u00d5ES S\u00c3O PASS\u00cdVEIS DE ANULA\u00c7\u00c3O<\/span>, cabendo recurso (quest\u00f5es 109 e 112 da prova abaixo). <\/strong><\/p>\n\n\n\n<p>Vamos l\u00e1?<\/p>\n\n\n\n<p class=\"has-pale-pink-background-color has-background\"><strong>CORRE\u00c7\u00c3O F\u00cdSICA &#8211; PAPILOSCOPISTA<\/strong><\/p>\n\n\n\n<div class=\"wp-block-image\"><figure class=\"aligncenter size-large is-resized\"><img loading=\"lazy\" decoding=\"async\" src=\"https:\/\/dhg1h5j42swfq.cloudfront.net\/2021\/05\/23233530\/image-553.png\" alt=\"\" class=\"wp-image-748776\" width=\"569\" height=\"374\" srcset=\"https:\/\/dhg1h5j42swfq.cloudfront.net\/2021\/05\/23233530\/image-553.png 430w, https:\/\/dhg1h5j42swfq.cloudfront.net\/2021\/05\/23233530\/image-553-300x197.png 300w\" sizes=\"auto, (max-width: 569px) 100vw, 569px\" \/><\/figure><\/div>\n\n\n\n<ol class=\"wp-block-list\" start=\"105\"><li><strong>Gabarito: correto.<\/strong><br \/>Coment\u00e1rio:<br \/>Nesse caso, para que o princ\u00edpio da superposi\u00e7\u00e3o seja v\u00e1lido as ondas devem ser lineares e a solu\u00e7\u00e3o deve ser decorrente da sua combina\u00e7\u00e3o linear tamb\u00e9m, como condi\u00e7\u00e3o para que se tenha o princ\u00edpio da superposi\u00e7\u00e3o adotado.<\/li><li><strong>Gabarito: incorreto.<\/strong><br \/>Coment\u00e1rio:<br \/>Nenhum tipo de onda transporta mat\u00e9ria, ainda que seja onda mec\u00e2nica, ondas s\u00f3 transportam energia.<\/li><\/ol>\n\n\n\n<div class=\"wp-block-image\"><figure class=\"aligncenter size-large is-resized\"><img loading=\"lazy\" decoding=\"async\" src=\"https:\/\/dhg1h5j42swfq.cloudfront.net\/2021\/05\/23234827\/image-578.png\" alt=\"\" class=\"wp-image-748804\" width=\"546\" height=\"373\" srcset=\"https:\/\/dhg1h5j42swfq.cloudfront.net\/2021\/05\/23234827\/image-578.png 429w, https:\/\/dhg1h5j42swfq.cloudfront.net\/2021\/05\/23234827\/image-578-300x205.png 300w\" sizes=\"auto, (max-width: 546px) 100vw, 546px\" \/><\/figure><\/div>\n\n\n\n<p><strong>107.<\/strong> <strong>Gabarito: incorreto.<\/strong><br \/>Coment\u00e1rio:<br \/>Ao fazer a raz\u00e3o entre a carga e o volume e igualando com o que foi dado na quest\u00e3o, tem-se:<\/p>\n\n\n\n<div class=\"wp-block-image\"><figure class=\"aligncenter size-large\"><img loading=\"lazy\" decoding=\"async\" width=\"382\" height=\"150\" src=\"https:\/\/dhg1h5j42swfq.cloudfront.net\/2021\/05\/23233924\/image-556.png\" alt=\"\" class=\"wp-image-748781\" srcset=\"https:\/\/dhg1h5j42swfq.cloudfront.net\/2021\/05\/23233924\/image-556.png 382w, https:\/\/dhg1h5j42swfq.cloudfront.net\/2021\/05\/23233924\/image-556-300x118.png 300w\" sizes=\"auto, (max-width: 382px) 100vw, 382px\" \/><\/figure><\/div>\n\n\n\n<p>Portanto, a carga ser\u00e1 proporcional \u00e0 quarta pot\u00eancia de r.<\/p>\n\n\n\n<p><strong>108. Gabarito: correto.<\/strong><br \/>Coment\u00e1rio:<br \/>Pela simetria da esfera, todos os pontos da sua superf\u00edcie estar\u00e3o a uma mesma dist\u00e2ncia do centro, o que leva ao fato de que todos eles apresentam o mesmo potencial el\u00e9trico, resultando em uma superf\u00edcie equipotencial<\/p>\n\n\n\n<p><strong>109. Gabarito: correto.<\/strong><br \/>Coment\u00e1rio:<br \/>Se tivermos uma carga no infinito, para que ela seja colocada no interior da esfera, \u00e9 necess\u00e1rio um trabalho maior do que traz\u00ea-la para a superf\u00edcie, justamente por conta do fato de que na superf\u00edcie estamos mais distantes do centro, o que leva a conclus\u00e3o de que o potencial no interior \u00e9 maior que na superf\u00edcie. Por\u00e9m, essa conclus\u00e3o s\u00f3 \u00e9 poss\u00edvel se considerarmos que a constante C \u00e9 positiva. Abaixo, demonstramos o valor do potencial calculando e estabelecendo um gr\u00e1fico para a situa\u00e7\u00e3o, com os cr\u00e9ditos para o Prof. Falconi, do Estrat\u00e9gia Militares.<\/p>\n\n\n\n<p>Antes de calcular o potencial, devemos calcular o campo el\u00e9trico em fun\u00e7\u00e3o do raio. Para isso usaremos o conceito da lei de Gauss.<\/p>\n\n\n\n<div class=\"wp-block-image\"><figure class=\"aligncenter size-large\"><img loading=\"lazy\" decoding=\"async\" width=\"795\" height=\"637\" src=\"https:\/\/dhg1h5j42swfq.cloudfront.net\/2021\/05\/24144142\/image-644.png\" alt=\"\" class=\"wp-image-749485\" srcset=\"https:\/\/dhg1h5j42swfq.cloudfront.net\/2021\/05\/24144142\/image-644.png 795w, https:\/\/dhg1h5j42swfq.cloudfront.net\/2021\/05\/24144142\/image-644-300x240.png 300w, https:\/\/dhg1h5j42swfq.cloudfront.net\/2021\/05\/24144142\/image-644-768x615.png 768w, https:\/\/dhg1h5j42swfq.cloudfront.net\/2021\/05\/24144142\/image-644-610x489.png 610w\" sizes=\"auto, (max-width: 795px) 100vw, 795px\" \/><\/figure><\/div>\n\n\n\n<div class=\"wp-block-image\"><figure class=\"aligncenter size-large\"><img loading=\"lazy\" decoding=\"async\" width=\"792\" height=\"542\" src=\"https:\/\/dhg1h5j42swfq.cloudfront.net\/2021\/05\/24144341\/image-646.png\" alt=\"\" class=\"wp-image-749493\" srcset=\"https:\/\/dhg1h5j42swfq.cloudfront.net\/2021\/05\/24144341\/image-646.png 792w, https:\/\/dhg1h5j42swfq.cloudfront.net\/2021\/05\/24144341\/image-646-300x205.png 300w, https:\/\/dhg1h5j42swfq.cloudfront.net\/2021\/05\/24144341\/image-646-768x526.png 768w, https:\/\/dhg1h5j42swfq.cloudfront.net\/2021\/05\/24144341\/image-646-610x417.png 610w\" sizes=\"auto, (max-width: 792px) 100vw, 792px\" \/><\/figure><\/div>\n\n\n\n<p>No enunciado, a banca menciona uma constante C.<strong><span class=\"has-inline-color has-vivid-red-color\"> Ele n\u00e3o menciona o sinal dessa constante<\/span><\/strong> e, portanto, faremos a an\u00e1lise para os dois casos.<\/p>\n\n\n\n<div class=\"wp-block-image\"><figure class=\"aligncenter size-large is-resized\"><img loading=\"lazy\" decoding=\"async\" src=\"https:\/\/dhg1h5j42swfq.cloudfront.net\/2021\/05\/24144418\/image-647.png\" alt=\"\" class=\"wp-image-749494\" width=\"773\" height=\"550\" srcset=\"https:\/\/dhg1h5j42swfq.cloudfront.net\/2021\/05\/24144418\/image-647.png 773w, https:\/\/dhg1h5j42swfq.cloudfront.net\/2021\/05\/24144418\/image-647-300x213.png 300w, https:\/\/dhg1h5j42swfq.cloudfront.net\/2021\/05\/24144418\/image-647-768x546.png 768w, https:\/\/dhg1h5j42swfq.cloudfront.net\/2021\/05\/24144418\/image-647-610x434.png 610w\" sizes=\"auto, (max-width: 773px) 100vw, 773px\" \/><\/figure><\/div>\n\n\n\n<ul class=\"wp-block-list\"><li><strong>Pontos internos:<\/strong><\/li><\/ul>\n\n\n\n<p>Para calcular o potencial em um ponto interno qualquer da esfera que dista r do centro, devemos efetuar o c\u00e1lculo das \u00e1reas hachuradas abaixo:<\/p>\n\n\n\n<div class=\"wp-block-image\"><figure class=\"aligncenter size-large\"><img loading=\"lazy\" decoding=\"async\" width=\"422\" height=\"216\" src=\"https:\/\/dhg1h5j42swfq.cloudfront.net\/2021\/05\/24144508\/image-649.png\" alt=\"\" class=\"wp-image-749496\" srcset=\"https:\/\/dhg1h5j42swfq.cloudfront.net\/2021\/05\/24144508\/image-649.png 422w, https:\/\/dhg1h5j42swfq.cloudfront.net\/2021\/05\/24144508\/image-649-300x154.png 300w\" sizes=\"auto, (max-width: 422px) 100vw, 422px\" \/><\/figure><\/div>\n\n\n\n<ul class=\"wp-block-list\"><li><strong>Pontos externos:<\/strong><\/li><\/ul>\n\n\n\n<p>Para calcular o potencial em um ponto externa, basta calcular para um valor r at\u00e9 o infinito<\/p>\n\n\n\n<div class=\"wp-block-image\"><figure class=\"aligncenter size-large\"><img loading=\"lazy\" decoding=\"async\" width=\"411\" height=\"153\" src=\"https:\/\/dhg1h5j42swfq.cloudfront.net\/2021\/05\/24144612\/image-651.png\" alt=\"\" class=\"wp-image-749498\" srcset=\"https:\/\/dhg1h5j42swfq.cloudfront.net\/2021\/05\/24144612\/image-651.png 411w, https:\/\/dhg1h5j42swfq.cloudfront.net\/2021\/05\/24144612\/image-651-300x112.png 300w\" sizes=\"auto, (max-width: 411px) 100vw, 411px\" \/><\/figure><\/div>\n\n\n\n<p>Fazendo o gr\u00e1fico, temos:<\/p>\n\n\n\n<div class=\"wp-block-image\"><figure class=\"aligncenter size-large\"><img loading=\"lazy\" decoding=\"async\" width=\"567\" height=\"218\" src=\"https:\/\/dhg1h5j42swfq.cloudfront.net\/2021\/05\/24144632\/image-653.png\" alt=\"\" class=\"wp-image-749500\" srcset=\"https:\/\/dhg1h5j42swfq.cloudfront.net\/2021\/05\/24144632\/image-653.png 567w, https:\/\/dhg1h5j42swfq.cloudfront.net\/2021\/05\/24144632\/image-653-300x115.png 300w\" sizes=\"auto, (max-width: 567px) 100vw, 567px\" \/><\/figure><\/div>\n\n\n\n<p>Portanto, para a constante C positiva, temos que para pontos internos o potencial \u00e9 maior que para na superf\u00edcie.<\/p>\n\n\n\n<p>Dessa maneira, para essa constante a resposta seria <strong>correta.<\/strong><\/p>\n\n\n\n<div class=\"wp-block-image\"><figure class=\"aligncenter size-large\"><img loading=\"lazy\" decoding=\"async\" width=\"586\" height=\"168\" src=\"https:\/\/dhg1h5j42swfq.cloudfront.net\/2021\/05\/24150048\/image-664.png\" alt=\"\" class=\"wp-image-749558\" srcset=\"https:\/\/dhg1h5j42swfq.cloudfront.net\/2021\/05\/24150048\/image-664.png 586w, https:\/\/dhg1h5j42swfq.cloudfront.net\/2021\/05\/24150048\/image-664-300x86.png 300w\" sizes=\"auto, (max-width: 586px) 100vw, 586px\" \/><\/figure><\/div>\n\n\n\n<p>Para calcular o potencial em um ponto interno qualquer da esfera que dista r do centro, devemos efetuar o c\u00e1lculo das \u00e1reas hachuradas abaixo:<\/p>\n\n\n\n<div class=\"wp-block-image\"><figure class=\"aligncenter size-large is-resized\"><img loading=\"lazy\" decoding=\"async\" src=\"https:\/\/dhg1h5j42swfq.cloudfront.net\/2021\/05\/24144811\/image-656.png\" alt=\"\" class=\"wp-image-749508\" width=\"438\" height=\"214\" srcset=\"https:\/\/dhg1h5j42swfq.cloudfront.net\/2021\/05\/24144811\/image-656.png 438w, https:\/\/dhg1h5j42swfq.cloudfront.net\/2021\/05\/24144811\/image-656-300x147.png 300w\" sizes=\"auto, (max-width: 438px) 100vw, 438px\" \/><\/figure><\/div>\n\n\n\n<ul class=\"wp-block-list\"><li><strong>Pontos externos:<\/strong><\/li><\/ul>\n\n\n\n<p>Para calcular o potencial em um ponto externa, basta calcular para um valor r at\u00e9 o infinito<\/p>\n\n\n\n<div class=\"wp-block-image\"><figure class=\"aligncenter size-large\"><img loading=\"lazy\" decoding=\"async\" width=\"380\" height=\"163\" src=\"https:\/\/dhg1h5j42swfq.cloudfront.net\/2021\/05\/24144916\/image-658.png\" alt=\"\" class=\"wp-image-749511\" srcset=\"https:\/\/dhg1h5j42swfq.cloudfront.net\/2021\/05\/24144916\/image-658.png 380w, https:\/\/dhg1h5j42swfq.cloudfront.net\/2021\/05\/24144916\/image-658-300x129.png 300w\" sizes=\"auto, (max-width: 380px) 100vw, 380px\" \/><\/figure><\/div>\n\n\n\n<p>Fazendo o gr\u00e1fico, temos:<\/p>\n\n\n\n<div class=\"wp-block-image\"><figure class=\"aligncenter size-large\"><img loading=\"lazy\" decoding=\"async\" width=\"566\" height=\"277\" src=\"https:\/\/dhg1h5j42swfq.cloudfront.net\/2021\/05\/24144936\/image-660.png\" alt=\"\" class=\"wp-image-749513\" srcset=\"https:\/\/dhg1h5j42swfq.cloudfront.net\/2021\/05\/24144936\/image-660.png 566w, https:\/\/dhg1h5j42swfq.cloudfront.net\/2021\/05\/24144936\/image-660-300x147.png 300w\" sizes=\"auto, (max-width: 566px) 100vw, 566px\" \/><\/figure><\/div>\n\n\n\n<p>Portanto, para a constante C negativa, temos que para pontos internos o potencial \u00e9 menor que para na superf\u00edcie.<\/p>\n\n\n\n<p>Dessa maneira, para essa constante a resposta seria<strong> errada<\/strong>.<\/p>\n\n\n\n<p><strong><span class=\"has-inline-color has-vivid-red-color\">CONCLUS\u00c3O:<\/span><\/strong><\/p>\n\n\n\n<p class=\"has-light-green-cyan-background-color has-background\"><strong>Como o valor da constante C pode modificar o gabarito, sugerimos que a quest\u00e3o 109 seja <span class=\"has-inline-color has-vivid-red-color\">ANULADA<\/span>.<\/strong><\/p>\n\n\n\n<p>110. <strong>Gabarito: Incorreto.<\/strong><\/p>\n\n\n\n<p>\u00c9 poss\u00edvel provar, por meio da lei de Gauss e com algumas integrais que <span class=\"has-inline-color has-vivid-red-color\"><strong>o campo \u00e9 proporcional ao quadrado de r,<\/strong><\/span> e n\u00e3o \u00e0 r, esta \u00faltima situa\u00e7\u00e3o s\u00f3 ocorre caso a distribui\u00e7\u00e3o fosse uniforme, o que o enunciado garantiu que n\u00e3o era.<\/p>\n\n\n\n<p>Veja a demonstra\u00e7\u00e3o do campo el\u00e9trico.<\/p>\n\n\n\n<div class=\"wp-block-image\"><figure class=\"aligncenter size-large\"><img loading=\"lazy\" decoding=\"async\" width=\"797\" height=\"423\" src=\"https:\/\/dhg1h5j42swfq.cloudfront.net\/2021\/05\/24145249\/image-661.png\" alt=\"\" class=\"wp-image-749528\" srcset=\"https:\/\/dhg1h5j42swfq.cloudfront.net\/2021\/05\/24145249\/image-661.png 797w, https:\/\/dhg1h5j42swfq.cloudfront.net\/2021\/05\/24145249\/image-661-300x159.png 300w, https:\/\/dhg1h5j42swfq.cloudfront.net\/2021\/05\/24145249\/image-661-768x408.png 768w, https:\/\/dhg1h5j42swfq.cloudfront.net\/2021\/05\/24145249\/image-661-610x324.png 610w\" sizes=\"auto, (max-width: 797px) 100vw, 797px\" \/><\/figure><\/div>\n\n\n\n<p>Substituindo, temos:<\/p>\n\n\n\n<div class=\"wp-block-image\"><figure class=\"aligncenter size-large\"><img loading=\"lazy\" decoding=\"async\" width=\"232\" height=\"168\" src=\"https:\/\/dhg1h5j42swfq.cloudfront.net\/2021\/05\/24145341\/image-662.png\" alt=\"\" class=\"wp-image-749530\"\/><\/figure><\/div>\n\n\n\n<p><strong>O campo varia com o quadrado do raio.<\/strong><\/p>\n\n\n\n<div class=\"wp-block-image\"><figure class=\"aligncenter size-large is-resized\"><img loading=\"lazy\" decoding=\"async\" src=\"https:\/\/dhg1h5j42swfq.cloudfront.net\/2021\/05\/23234655\/image-572.png\" alt=\"\" class=\"wp-image-748798\" width=\"510\" height=\"582\" srcset=\"https:\/\/dhg1h5j42swfq.cloudfront.net\/2021\/05\/23234655\/image-572.png 451w, https:\/\/dhg1h5j42swfq.cloudfront.net\/2021\/05\/23234655\/image-572-263x300.png 263w\" sizes=\"auto, (max-width: 510px) 100vw, 510px\" \/><\/figure><\/div>\n\n\n\n<div class=\"wp-block-image\"><figure class=\"aligncenter size-large is-resized\"><img loading=\"lazy\" decoding=\"async\" src=\"https:\/\/dhg1h5j42swfq.cloudfront.net\/2021\/05\/23234644\/image-571.png\" alt=\"\" class=\"wp-image-748797\" width=\"563\" height=\"474\" srcset=\"https:\/\/dhg1h5j42swfq.cloudfront.net\/2021\/05\/23234644\/image-571.png 455w, https:\/\/dhg1h5j42swfq.cloudfront.net\/2021\/05\/23234644\/image-571-300x253.png 300w\" sizes=\"auto, (max-width: 563px) 100vw, 563px\" \/><\/figure><\/div>\n\n\n\n<p><strong>111. Gabarito: correto.<\/strong><br \/>Coment\u00e1rio:<br \/>Aplicando a equa\u00e7\u00e3o dos pontos conjugados:<\/p>\n\n\n\n<figure class=\"wp-block-image size-large\"><img loading=\"lazy\" decoding=\"async\" width=\"534\" height=\"490\" src=\"https:\/\/dhg1h5j42swfq.cloudfront.net\/2021\/05\/23234321\/image-561.png\" alt=\"\" class=\"wp-image-748787\" srcset=\"https:\/\/dhg1h5j42swfq.cloudfront.net\/2021\/05\/23234321\/image-561.png 534w, https:\/\/dhg1h5j42swfq.cloudfront.net\/2021\/05\/23234321\/image-561-300x275.png 300w\" sizes=\"auto, (max-width: 534px) 100vw, 534px\" \/><\/figure>\n\n\n\n<p><strong>112. Gabarito: incorreto.<\/strong><br \/>Coment\u00e1rio:<br \/>Admitindo que o nvidro \u00e9 maior que o nf:<\/p>\n\n\n\n<figure class=\"wp-block-image size-large\"><img loading=\"lazy\" decoding=\"async\" width=\"894\" height=\"253\" src=\"https:\/\/dhg1h5j42swfq.cloudfront.net\/2021\/05\/23234558\/image-568.png\" alt=\"\" class=\"wp-image-748794\" srcset=\"https:\/\/dhg1h5j42swfq.cloudfront.net\/2021\/05\/23234558\/image-568.png 894w, https:\/\/dhg1h5j42swfq.cloudfront.net\/2021\/05\/23234558\/image-568-300x85.png 300w, https:\/\/dhg1h5j42swfq.cloudfront.net\/2021\/05\/23234558\/image-568-768x217.png 768w, https:\/\/dhg1h5j42swfq.cloudfront.net\/2021\/05\/23234558\/image-568-610x173.png 610w\" sizes=\"auto, (max-width: 894px) 100vw, 894px\" \/><\/figure>\n\n\n\n<p>Admitindo que o nvidro \u00e9 menor queo nf:<\/p>\n\n\n\n<figure class=\"wp-block-image size-large\"><img loading=\"lazy\" decoding=\"async\" width=\"878\" height=\"235\" src=\"https:\/\/dhg1h5j42swfq.cloudfront.net\/2021\/05\/23234616\/image-569.png\" alt=\"\" class=\"wp-image-748795\" srcset=\"https:\/\/dhg1h5j42swfq.cloudfront.net\/2021\/05\/23234616\/image-569.png 878w, https:\/\/dhg1h5j42swfq.cloudfront.net\/2021\/05\/23234616\/image-569-300x80.png 300w, https:\/\/dhg1h5j42swfq.cloudfront.net\/2021\/05\/23234616\/image-569-768x206.png 768w, https:\/\/dhg1h5j42swfq.cloudfront.net\/2021\/05\/23234616\/image-569-610x163.png 610w\" sizes=\"auto, (max-width: 878px) 100vw, 878px\" \/><\/figure>\n\n\n\n<p>Assim, para que o gabarito seja correto, ele deveria ter dito que o \u00edndice de refra\u00e7\u00e3o do vidro era menor que o do filme, para que os raios a interferirem sejam defasados e com isso a destrutiva ocorre apenas com o N par.<br \/><strong><span class=\"has-inline-color has-vivid-red-color\">Resumindo, cabe recurso sim, pois essa informa\u00e7\u00e3o define se a quest\u00e3o est\u00e1 certa ou errada.<\/span><\/strong><\/p>\n\n\n\n<p>Abra\u00e7os!<\/p>\n","protected":false},"excerpt":{"rendered":"<p>Fala, pessoal. Prof. Vin\u00edcius Silva trazendo aqui para voc\u00eas o gabarito extraoficial e a corre\u00e7\u00e3o da prova de F\u00edsica, cargo de Papiloscopista da Pol\u00edcia Federal. A prova de F\u00edsica veio em alt\u00edssimo n\u00edvel, realmente muito dif\u00edcil! Logo de antem\u00e3o, j\u00e1 antecipo que DUAS QUEST\u00d5ES S\u00c3O PASS\u00cdVEIS DE ANULA\u00c7\u00c3O, cabendo recurso (quest\u00f5es 109 e 112 da [&hellip;]<\/p>\n","protected":false},"author":93,"featured_media":0,"comment_status":"open","ping_status":"closed","sticky":false,"template":"","format":"standard","meta":{"post_tipo":"article","footnotes":""},"categories":[1988],"tags":[],"tax_estado":[219963],"class_list":["post-748771","post","type-post","status-publish","format-standard","hentry","category-policia","tax_estado-concursos-federais"],"acf":[],"yoast_head":"<!-- This site is optimized with the Yoast SEO Premium plugin v27.2 (Yoast SEO v27.2) - https:\/\/yoast.com\/product\/yoast-seo-premium-wordpress\/ -->\n<title>Gabarito PF F\u00edsica: TEM RECURSO! Duas poss\u00edveis ANULA\u00c7\u00d5ES<\/title>\n<meta name=\"description\" content=\"Confira aqui o nosso gabarito extraoficial e a corre\u00e7\u00e3o da prova de F\u00edsica da PF, para o cargo de Papiloscopista.\" \/>\n<meta name=\"robots\" content=\"index, follow, max-snippet:-1, max-image-preview:large, max-video-preview:-1\" \/>\n<link rel=\"canonical\" href=\"https:\/\/www.estrategiaconcursos.com.br\/blog\/gabarito-extraoficial-pf-fisica\/\" \/>\n<meta property=\"og:locale\" content=\"pt_BR\" \/>\n<meta property=\"og:type\" content=\"article\" \/>\n<meta property=\"og:title\" content=\"Gabarito PF F\u00edsica: TEM RECURSO! Duas poss\u00edveis ANULA\u00c7\u00d5ES\" \/>\n<meta property=\"og:description\" content=\"Confira aqui o nosso gabarito extraoficial e a corre\u00e7\u00e3o da prova de F\u00edsica da PF, para o cargo de Papiloscopista.\" \/>\n<meta property=\"og:url\" content=\"https:\/\/www.estrategiaconcursos.com.br\/blog\/gabarito-extraoficial-pf-fisica\/\" \/>\n<meta property=\"og:site_name\" content=\"Estrat\u00e9gia Concursos\" \/>\n<meta property=\"article:published_time\" content=\"2021-05-24T02:53:27+00:00\" \/>\n<meta property=\"article:modified_time\" content=\"2021-05-24T18:01:58+00:00\" \/>\n<meta property=\"og:image\" content=\"https:\/\/www.estrategiaconcursos.com.br\/blog\/wp-content\/uploads\/2021\/05\/image-553.png\" \/>\n<meta name=\"author\" content=\"Vinicius Silva\" \/>\n<meta name=\"twitter:card\" content=\"summary_large_image\" \/>\n<meta name=\"twitter:creator\" content=\"@EstratConcursos\" \/>\n<meta name=\"twitter:site\" content=\"@EstratConcursos\" \/>\n<meta name=\"twitter:label1\" content=\"Escrito por\" \/>\n\t<meta name=\"twitter:data1\" content=\"Vinicius Silva\" \/>\n\t<meta name=\"twitter:label2\" content=\"Est. tempo de leitura\" \/>\n\t<meta name=\"twitter:data2\" content=\"7 minutos\" \/>\n<script type=\"application\/ld+json\" class=\"yoast-schema-graph\">{\"@context\":\"https:\/\/schema.org\",\"@graph\":[{\"@type\":\"NewsArticle\",\"@id\":\"https:\/\/www.estrategiaconcursos.com.br\/blog\/gabarito-extraoficial-pf-fisica\/#article\",\"isPartOf\":{\"@id\":\"https:\/\/www.estrategiaconcursos.com.br\/blog\/gabarito-extraoficial-pf-fisica\/\"},\"author\":{\"name\":\"Vinicius Silva\",\"@id\":\"https:\/\/www.estrategiaconcursos.com.br\/blog\/#\/schema\/person\/20030622a981f9a942ad6b3561fe4ca4\"},\"headline\":\"Gabarito PF F\u00edsica: TEM RECURSO! Duas poss\u00edveis ANULA\u00c7\u00d5ES\",\"datePublished\":\"2021-05-24T02:53:27+00:00\",\"dateModified\":\"2021-05-24T18:01:58+00:00\",\"mainEntityOfPage\":{\"@id\":\"https:\/\/www.estrategiaconcursos.com.br\/blog\/gabarito-extraoficial-pf-fisica\/\"},\"wordCount\":733,\"commentCount\":0,\"publisher\":{\"@id\":\"https:\/\/www.estrategiaconcursos.com.br\/blog\/#organization\"},\"image\":{\"@id\":\"https:\/\/www.estrategiaconcursos.com.br\/blog\/gabarito-extraoficial-pf-fisica\/#primaryimage\"},\"thumbnailUrl\":\"https:\/\/www.estrategiaconcursos.com.br\/blog\/wp-content\/uploads\/2021\/05\/image-553.png\",\"articleSection\":[\"Policial (Agente, Escriv\u00e3o e Investigador)\"],\"inLanguage\":\"pt-BR\",\"potentialAction\":[{\"@type\":\"CommentAction\",\"name\":\"Comment\",\"target\":[\"https:\/\/www.estrategiaconcursos.com.br\/blog\/gabarito-extraoficial-pf-fisica\/#respond\"]}],\"copyrightYear\":\"2021\",\"copyrightHolder\":{\"@id\":\"https:\/\/www.estrategiaconcursos.com.br\/blog\/#organization\"}},{\"@type\":\"WebPage\",\"@id\":\"https:\/\/www.estrategiaconcursos.com.br\/blog\/gabarito-extraoficial-pf-fisica\/\",\"url\":\"https:\/\/www.estrategiaconcursos.com.br\/blog\/gabarito-extraoficial-pf-fisica\/\",\"name\":\"Gabarito PF F\u00edsica: TEM RECURSO! Duas poss\u00edveis ANULA\u00c7\u00d5ES\",\"isPartOf\":{\"@id\":\"https:\/\/www.estrategiaconcursos.com.br\/blog\/#website\"},\"primaryImageOfPage\":{\"@id\":\"https:\/\/www.estrategiaconcursos.com.br\/blog\/gabarito-extraoficial-pf-fisica\/#primaryimage\"},\"image\":{\"@id\":\"https:\/\/www.estrategiaconcursos.com.br\/blog\/gabarito-extraoficial-pf-fisica\/#primaryimage\"},\"thumbnailUrl\":\"https:\/\/www.estrategiaconcursos.com.br\/blog\/wp-content\/uploads\/2021\/05\/image-553.png\",\"datePublished\":\"2021-05-24T02:53:27+00:00\",\"dateModified\":\"2021-05-24T18:01:58+00:00\",\"description\":\"Confira aqui o nosso gabarito extraoficial e a corre\u00e7\u00e3o da prova de F\u00edsica da PF, para o cargo de Papiloscopista.\",\"breadcrumb\":{\"@id\":\"https:\/\/www.estrategiaconcursos.com.br\/blog\/gabarito-extraoficial-pf-fisica\/#breadcrumb\"},\"inLanguage\":\"pt-BR\",\"potentialAction\":[{\"@type\":\"ReadAction\",\"target\":[\"https:\/\/www.estrategiaconcursos.com.br\/blog\/gabarito-extraoficial-pf-fisica\/\"]}]},{\"@type\":\"ImageObject\",\"inLanguage\":\"pt-BR\",\"@id\":\"https:\/\/www.estrategiaconcursos.com.br\/blog\/gabarito-extraoficial-pf-fisica\/#primaryimage\",\"url\":\"https:\/\/dhg1h5j42swfq.cloudfront.net\/2021\/05\/23233530\/image-553.png\",\"contentUrl\":\"https:\/\/dhg1h5j42swfq.cloudfront.net\/2021\/05\/23233530\/image-553.png\",\"width\":430,\"height\":283},{\"@type\":\"BreadcrumbList\",\"@id\":\"https:\/\/www.estrategiaconcursos.com.br\/blog\/gabarito-extraoficial-pf-fisica\/#breadcrumb\",\"itemListElement\":[{\"@type\":\"ListItem\",\"position\":1,\"name\":\"In\u00edcio\",\"item\":\"https:\/\/www.estrategiaconcursos.com.br\/blog\/\"},{\"@type\":\"ListItem\",\"position\":2,\"name\":\"Gabarito PF F\u00edsica: TEM RECURSO! Duas poss\u00edveis ANULA\u00c7\u00d5ES\"}]},{\"@type\":\"WebSite\",\"@id\":\"https:\/\/www.estrategiaconcursos.com.br\/blog\/#website\",\"url\":\"https:\/\/www.estrategiaconcursos.com.br\/blog\/\",\"name\":\"Estrat\u00e9gia Concursos\",\"description\":\"O blog da Estrat\u00e9gia Concursos traz not\u00edcias sobre concursos e artigos de professores oferecendo cursos para concursos (pdf + videaulas) no site.\",\"publisher\":{\"@id\":\"https:\/\/www.estrategiaconcursos.com.br\/blog\/#organization\"},\"potentialAction\":[{\"@type\":\"SearchAction\",\"target\":{\"@type\":\"EntryPoint\",\"urlTemplate\":\"https:\/\/www.estrategiaconcursos.com.br\/blog\/?s={search_term_string}\"},\"query-input\":{\"@type\":\"PropertyValueSpecification\",\"valueRequired\":true,\"valueName\":\"search_term_string\"}}],\"inLanguage\":\"pt-BR\"},{\"@type\":\"Organization\",\"@id\":\"https:\/\/www.estrategiaconcursos.com.br\/blog\/#organization\",\"name\":\"Estrat\u00e9gia Concursos\",\"url\":\"https:\/\/www.estrategiaconcursos.com.br\/blog\/\",\"logo\":{\"@type\":\"ImageObject\",\"inLanguage\":\"pt-BR\",\"@id\":\"https:\/\/www.estrategiaconcursos.com.br\/blog\/#\/schema\/logo\/image\/\",\"url\":\"https:\/\/dhg1h5j42swfq.cloudfront.net\/2025\/06\/03203428\/logo_concursos-1.jpg\",\"contentUrl\":\"https:\/\/dhg1h5j42swfq.cloudfront.net\/2025\/06\/03203428\/logo_concursos-1.jpg\",\"width\":230,\"height\":60,\"caption\":\"Estrat\u00e9gia Concursos\"},\"image\":{\"@id\":\"https:\/\/www.estrategiaconcursos.com.br\/blog\/#\/schema\/logo\/image\/\"},\"sameAs\":[\"https:\/\/x.com\/EstratConcursos\"]},{\"@type\":\"Person\",\"@id\":\"https:\/\/www.estrategiaconcursos.com.br\/blog\/#\/schema\/person\/20030622a981f9a942ad6b3561fe4ca4\",\"name\":\"Vinicius Silva\",\"image\":{\"@type\":\"ImageObject\",\"inLanguage\":\"pt-BR\",\"@id\":\"https:\/\/secure.gravatar.com\/avatar\/604d9670a4c7eea71feaa4381f3ae97e148292ac402671c5944aa67a3d127663?s=96&d=mm&r=g\",\"url\":\"https:\/\/secure.gravatar.com\/avatar\/604d9670a4c7eea71feaa4381f3ae97e148292ac402671c5944aa67a3d127663?s=96&d=mm&r=g\",\"contentUrl\":\"https:\/\/secure.gravatar.com\/avatar\/604d9670a4c7eea71feaa4381f3ae97e148292ac402671c5944aa67a3d127663?s=96&d=mm&r=g\",\"caption\":\"Vinicius Silva\"},\"url\":\"https:\/\/www.estrategiaconcursos.com.br\/blog\/author\/viniciussilvaestrategiaconcursos-com-br\/\"}]}<\/script>\n<!-- \/ Yoast SEO Premium plugin. -->","yoast_head_json":{"title":"Gabarito PF F\u00edsica: TEM RECURSO! Duas poss\u00edveis ANULA\u00c7\u00d5ES","description":"Confira aqui o nosso gabarito extraoficial e a corre\u00e7\u00e3o da prova de F\u00edsica da PF, para o cargo de Papiloscopista.","robots":{"index":"index","follow":"follow","max-snippet":"max-snippet:-1","max-image-preview":"max-image-preview:large","max-video-preview":"max-video-preview:-1"},"canonical":"https:\/\/www.estrategiaconcursos.com.br\/blog\/gabarito-extraoficial-pf-fisica\/","og_locale":"pt_BR","og_type":"article","og_title":"Gabarito PF F\u00edsica: TEM RECURSO! Duas poss\u00edveis ANULA\u00c7\u00d5ES","og_description":"Confira aqui o nosso gabarito extraoficial e a corre\u00e7\u00e3o da prova de F\u00edsica da PF, para o cargo de Papiloscopista.","og_url":"https:\/\/www.estrategiaconcursos.com.br\/blog\/gabarito-extraoficial-pf-fisica\/","og_site_name":"Estrat\u00e9gia Concursos","article_published_time":"2021-05-24T02:53:27+00:00","article_modified_time":"2021-05-24T18:01:58+00:00","og_image":[{"url":"https:\/\/www.estrategiaconcursos.com.br\/blog\/wp-content\/uploads\/2021\/05\/image-553.png","type":"","width":"","height":""}],"author":"Vinicius Silva","twitter_card":"summary_large_image","twitter_creator":"@EstratConcursos","twitter_site":"@EstratConcursos","twitter_misc":{"Escrito por":"Vinicius Silva","Est. tempo de leitura":"7 minutos"},"schema":{"@context":"https:\/\/schema.org","@graph":[{"@type":"NewsArticle","@id":"https:\/\/www.estrategiaconcursos.com.br\/blog\/gabarito-extraoficial-pf-fisica\/#article","isPartOf":{"@id":"https:\/\/www.estrategiaconcursos.com.br\/blog\/gabarito-extraoficial-pf-fisica\/"},"author":{"name":"Vinicius Silva","@id":"https:\/\/www.estrategiaconcursos.com.br\/blog\/#\/schema\/person\/20030622a981f9a942ad6b3561fe4ca4"},"headline":"Gabarito PF F\u00edsica: TEM RECURSO! Duas poss\u00edveis ANULA\u00c7\u00d5ES","datePublished":"2021-05-24T02:53:27+00:00","dateModified":"2021-05-24T18:01:58+00:00","mainEntityOfPage":{"@id":"https:\/\/www.estrategiaconcursos.com.br\/blog\/gabarito-extraoficial-pf-fisica\/"},"wordCount":733,"commentCount":0,"publisher":{"@id":"https:\/\/www.estrategiaconcursos.com.br\/blog\/#organization"},"image":{"@id":"https:\/\/www.estrategiaconcursos.com.br\/blog\/gabarito-extraoficial-pf-fisica\/#primaryimage"},"thumbnailUrl":"https:\/\/www.estrategiaconcursos.com.br\/blog\/wp-content\/uploads\/2021\/05\/image-553.png","articleSection":["Policial (Agente, Escriv\u00e3o e Investigador)"],"inLanguage":"pt-BR","potentialAction":[{"@type":"CommentAction","name":"Comment","target":["https:\/\/www.estrategiaconcursos.com.br\/blog\/gabarito-extraoficial-pf-fisica\/#respond"]}],"copyrightYear":"2021","copyrightHolder":{"@id":"https:\/\/www.estrategiaconcursos.com.br\/blog\/#organization"}},{"@type":"WebPage","@id":"https:\/\/www.estrategiaconcursos.com.br\/blog\/gabarito-extraoficial-pf-fisica\/","url":"https:\/\/www.estrategiaconcursos.com.br\/blog\/gabarito-extraoficial-pf-fisica\/","name":"Gabarito PF F\u00edsica: TEM RECURSO! Duas poss\u00edveis ANULA\u00c7\u00d5ES","isPartOf":{"@id":"https:\/\/www.estrategiaconcursos.com.br\/blog\/#website"},"primaryImageOfPage":{"@id":"https:\/\/www.estrategiaconcursos.com.br\/blog\/gabarito-extraoficial-pf-fisica\/#primaryimage"},"image":{"@id":"https:\/\/www.estrategiaconcursos.com.br\/blog\/gabarito-extraoficial-pf-fisica\/#primaryimage"},"thumbnailUrl":"https:\/\/www.estrategiaconcursos.com.br\/blog\/wp-content\/uploads\/2021\/05\/image-553.png","datePublished":"2021-05-24T02:53:27+00:00","dateModified":"2021-05-24T18:01:58+00:00","description":"Confira aqui o nosso gabarito extraoficial e a corre\u00e7\u00e3o da prova de F\u00edsica da PF, para o cargo de Papiloscopista.","breadcrumb":{"@id":"https:\/\/www.estrategiaconcursos.com.br\/blog\/gabarito-extraoficial-pf-fisica\/#breadcrumb"},"inLanguage":"pt-BR","potentialAction":[{"@type":"ReadAction","target":["https:\/\/www.estrategiaconcursos.com.br\/blog\/gabarito-extraoficial-pf-fisica\/"]}]},{"@type":"ImageObject","inLanguage":"pt-BR","@id":"https:\/\/www.estrategiaconcursos.com.br\/blog\/gabarito-extraoficial-pf-fisica\/#primaryimage","url":"https:\/\/dhg1h5j42swfq.cloudfront.net\/2021\/05\/23233530\/image-553.png","contentUrl":"https:\/\/dhg1h5j42swfq.cloudfront.net\/2021\/05\/23233530\/image-553.png","width":430,"height":283},{"@type":"BreadcrumbList","@id":"https:\/\/www.estrategiaconcursos.com.br\/blog\/gabarito-extraoficial-pf-fisica\/#breadcrumb","itemListElement":[{"@type":"ListItem","position":1,"name":"In\u00edcio","item":"https:\/\/www.estrategiaconcursos.com.br\/blog\/"},{"@type":"ListItem","position":2,"name":"Gabarito PF F\u00edsica: TEM RECURSO! Duas poss\u00edveis ANULA\u00c7\u00d5ES"}]},{"@type":"WebSite","@id":"https:\/\/www.estrategiaconcursos.com.br\/blog\/#website","url":"https:\/\/www.estrategiaconcursos.com.br\/blog\/","name":"Estrat\u00e9gia Concursos","description":"O blog da Estrat\u00e9gia Concursos traz not\u00edcias sobre concursos e artigos de professores oferecendo cursos para concursos (pdf + videaulas) no site.","publisher":{"@id":"https:\/\/www.estrategiaconcursos.com.br\/blog\/#organization"},"potentialAction":[{"@type":"SearchAction","target":{"@type":"EntryPoint","urlTemplate":"https:\/\/www.estrategiaconcursos.com.br\/blog\/?s={search_term_string}"},"query-input":{"@type":"PropertyValueSpecification","valueRequired":true,"valueName":"search_term_string"}}],"inLanguage":"pt-BR"},{"@type":"Organization","@id":"https:\/\/www.estrategiaconcursos.com.br\/blog\/#organization","name":"Estrat\u00e9gia Concursos","url":"https:\/\/www.estrategiaconcursos.com.br\/blog\/","logo":{"@type":"ImageObject","inLanguage":"pt-BR","@id":"https:\/\/www.estrategiaconcursos.com.br\/blog\/#\/schema\/logo\/image\/","url":"https:\/\/dhg1h5j42swfq.cloudfront.net\/2025\/06\/03203428\/logo_concursos-1.jpg","contentUrl":"https:\/\/dhg1h5j42swfq.cloudfront.net\/2025\/06\/03203428\/logo_concursos-1.jpg","width":230,"height":60,"caption":"Estrat\u00e9gia Concursos"},"image":{"@id":"https:\/\/www.estrategiaconcursos.com.br\/blog\/#\/schema\/logo\/image\/"},"sameAs":["https:\/\/x.com\/EstratConcursos"]},{"@type":"Person","@id":"https:\/\/www.estrategiaconcursos.com.br\/blog\/#\/schema\/person\/20030622a981f9a942ad6b3561fe4ca4","name":"Vinicius Silva","image":{"@type":"ImageObject","inLanguage":"pt-BR","@id":"https:\/\/secure.gravatar.com\/avatar\/604d9670a4c7eea71feaa4381f3ae97e148292ac402671c5944aa67a3d127663?s=96&d=mm&r=g","url":"https:\/\/secure.gravatar.com\/avatar\/604d9670a4c7eea71feaa4381f3ae97e148292ac402671c5944aa67a3d127663?s=96&d=mm&r=g","contentUrl":"https:\/\/secure.gravatar.com\/avatar\/604d9670a4c7eea71feaa4381f3ae97e148292ac402671c5944aa67a3d127663?s=96&d=mm&r=g","caption":"Vinicius Silva"},"url":"https:\/\/www.estrategiaconcursos.com.br\/blog\/author\/viniciussilvaestrategiaconcursos-com-br\/"}]}},"_links":{"self":[{"href":"https:\/\/www.estrategiaconcursos.com.br\/blog\/wp-json\/wp\/v2\/posts\/748771","targetHints":{"allow":["GET"]}}],"collection":[{"href":"https:\/\/www.estrategiaconcursos.com.br\/blog\/wp-json\/wp\/v2\/posts"}],"about":[{"href":"https:\/\/www.estrategiaconcursos.com.br\/blog\/wp-json\/wp\/v2\/types\/post"}],"author":[{"embeddable":true,"href":"https:\/\/www.estrategiaconcursos.com.br\/blog\/wp-json\/wp\/v2\/users\/93"}],"replies":[{"embeddable":true,"href":"https:\/\/www.estrategiaconcursos.com.br\/blog\/wp-json\/wp\/v2\/comments?post=748771"}],"version-history":[{"count":9,"href":"https:\/\/www.estrategiaconcursos.com.br\/blog\/wp-json\/wp\/v2\/posts\/748771\/revisions"}],"predecessor-version":[{"id":749563,"href":"https:\/\/www.estrategiaconcursos.com.br\/blog\/wp-json\/wp\/v2\/posts\/748771\/revisions\/749563"}],"wp:attachment":[{"href":"https:\/\/www.estrategiaconcursos.com.br\/blog\/wp-json\/wp\/v2\/media?parent=748771"}],"wp:term":[{"taxonomy":"category","embeddable":true,"href":"https:\/\/www.estrategiaconcursos.com.br\/blog\/wp-json\/wp\/v2\/categories?post=748771"},{"taxonomy":"post_tag","embeddable":true,"href":"https:\/\/www.estrategiaconcursos.com.br\/blog\/wp-json\/wp\/v2\/tags?post=748771"},{"taxonomy":"tax_estado","embeddable":true,"href":"https:\/\/www.estrategiaconcursos.com.br\/blog\/wp-json\/wp\/v2\/tax_estado?post=748771"}],"curies":[{"name":"wp","href":"https:\/\/api.w.org\/{rel}","templated":true}]}}